{"id":13173,"date":"2023-10-13T09:00:35","date_gmt":"2023-10-13T07:00:35","guid":{"rendered":"http:\/\/reiseblog.mb2812.de\/?p=13173"},"modified":"2024-11-24T15:06:33","modified_gmt":"2024-11-24T13:06:33","slug":"mailand","status":"publish","type":"post","link":"https:\/\/mb2812.de\/?p=13173","title":{"rendered":"Mailand"},"content":{"rendered":"\n<p>Lange hatte ich \u00fcberlegt, ob wir im Urlaub einen Ausflug nach Mailand machen sollten. Daf\u00fcr spricht, das es ziemlich einfach ist, der Zug f\u00e4hrt umsteigefrei st\u00fcndlich bis Milano Centrale. Dagegen spricht, das man nur einen halben Tag Zeit dort hat, und das ist f\u00fcr eine Millionenstadt ziemlich wenig. Lange unentschieden, hie\u00df es zum Schluss \u201eMachen wir\u2019s!\u201c, und an unserem letzten Tag im Tessin geht es uns nun auf nach Mailand. Klar war aber, das es ein &#8222;kein Stress&#8220; Ausflug wird. Wir wollten uns ein bisschen umschauen, alles was der Reisef\u00fchrer so anbietet, abzuhaken, war nicht unser Ziel.<\/p>\n\n\n\n<p>Es geht damit schon bei der Anreise ganz gem\u00fctlich los, Fr\u00fcher wie \u00fcblich aufstehen wollten wir nicht, und der Fahrplan passte jetzt nicht so zu unseren Gewohnheiten. Der Zug nach Mailand f\u00e4hrt jeweils zur Minute 25 ab Locarno, 55 w\u00e4re uns lieber gewesen. Da geht es jedoch nur bis Chiasso ohne Anschluss. Also warten wir erstmal eine halbe Stunde bevor es los geht. Um 10:25 Uhr p\u00fcnktlich losgefahren, kommen wir gut zwei Stunden sp\u00e4ter nicht mehr ganz so p\u00fcnktlich in Milano Centrale an. Und verglichen mit dem Hauptbahnhof einer italienischen Millionenstadt ist es in Locarno und Umgebung doch eher beschaulich. Wir werden in den freit\u00e4glichen Trubel hineingeworfen und brauchen etwas Zeit um uns zu orientieren.<\/p>\n\n\n\n<figure class=\"wp-block-image aligncenter size-large is-resized\"><a href=\"https:\/\/mb2812.de\/wp-content\/uploads\/2023\/10\/IMG_5877.jpg\" target=\"_blank\" rel=\" noreferrer noopener\"><img loading=\"lazy\" decoding=\"async\" width=\"768\" height=\"1024\" src=\"https:\/\/mb2812.de\/wp-content\/uploads\/2023\/10\/IMG_5877-768x1024.jpg\" alt=\"\" class=\"wp-image-13562\" style=\"width:600px\" srcset=\"https:\/\/mb2812.de\/wp-content\/uploads\/2023\/10\/IMG_5877-768x1024.jpg 768w, https:\/\/mb2812.de\/wp-content\/uploads\/2023\/10\/IMG_5877-225x300.jpg 225w, https:\/\/mb2812.de\/wp-content\/uploads\/2023\/10\/IMG_5877-1152x1536.jpg 1152w, https:\/\/mb2812.de\/wp-content\/uploads\/2023\/10\/IMG_5877-668x891.jpg 668w, https:\/\/mb2812.de\/wp-content\/uploads\/2023\/10\/IMG_5877.jpg 1440w\" sizes=\"auto, (max-width: 768px) 100vw, 768px\" \/><\/a><figcaption class=\"wp-element-caption\"><em>Viel los im Bahnhof<\/em><\/figcaption><\/figure>\n\n\n\n<!--more-->\n\n\n\n<figure class=\"wp-block-image aligncenter size-large is-resized\"><a href=\"https:\/\/mb2812.de\/wp-content\/uploads\/2023\/10\/IMG_5882.jpg\" target=\"_blank\" rel=\" noreferrer noopener\"><img loading=\"lazy\" decoding=\"async\" width=\"1024\" height=\"819\" src=\"https:\/\/mb2812.de\/wp-content\/uploads\/2023\/10\/IMG_5882-1024x819.jpg\" alt=\"\" class=\"wp-image-13385\" style=\"width:800px\" srcset=\"https:\/\/mb2812.de\/wp-content\/uploads\/2023\/10\/IMG_5882-1024x819.jpg 1024w, https:\/\/mb2812.de\/wp-content\/uploads\/2023\/10\/IMG_5882-300x240.jpg 300w, https:\/\/mb2812.de\/wp-content\/uploads\/2023\/10\/IMG_5882-768x614.jpg 768w, https:\/\/mb2812.de\/wp-content\/uploads\/2023\/10\/IMG_5882-1536x1229.jpg 1536w, https:\/\/mb2812.de\/wp-content\/uploads\/2023\/10\/IMG_5882-668x534.jpg 668w, https:\/\/mb2812.de\/wp-content\/uploads\/2023\/10\/IMG_5882.jpg 1920w\" sizes=\"auto, (max-width: 1024px) 100vw, 1024px\" \/><\/a><figcaption class=\"wp-element-caption\"><em>Wir sind draussen auf dem Vorplatz, Blick auf die Fassade<\/em><\/figcaption><\/figure>\n\n\n\n<figure class=\"wp-block-image aligncenter size-large is-resized\"><a href=\"https:\/\/mb2812.de\/wp-content\/uploads\/2023\/10\/IMG_5881-1114.jpg\" target=\"_blank\" rel=\" noreferrer noopener\"><img loading=\"lazy\" decoding=\"async\" width=\"1024\" height=\"819\" src=\"https:\/\/mb2812.de\/wp-content\/uploads\/2023\/10\/IMG_5881-1114-1024x819.jpg\" alt=\"\" class=\"wp-image-13404\" style=\"width:800px\" srcset=\"https:\/\/mb2812.de\/wp-content\/uploads\/2023\/10\/IMG_5881-1114-1024x819.jpg 1024w, https:\/\/mb2812.de\/wp-content\/uploads\/2023\/10\/IMG_5881-1114-300x240.jpg 300w, https:\/\/mb2812.de\/wp-content\/uploads\/2023\/10\/IMG_5881-1114-768x614.jpg 768w, https:\/\/mb2812.de\/wp-content\/uploads\/2023\/10\/IMG_5881-1114-1536x1229.jpg 1536w, https:\/\/mb2812.de\/wp-content\/uploads\/2023\/10\/IMG_5881-1114-668x534.jpg 668w, https:\/\/mb2812.de\/wp-content\/uploads\/2023\/10\/IMG_5881-1114.jpg 1920w\" sizes=\"auto, (max-width: 1024px) 100vw, 1024px\" \/><\/a><figcaption class=\"wp-element-caption\"><em>1931 wurde der Bahnhof fertiggestellt<\/em><\/figcaption><\/figure>\n\n\n\n<p>Die zentralen Hauptsehensw\u00fcrdigkeiten Mailands wollen wir uns ansehen, Nummer Eins ist sicher der Dom. Als zweiten Punkt hatte ich mir das Castello Sforzesco &#8222;ganz in der N\u00e4he&#8220; vorgenommen. Wir machen uns vom Bahnhof zu Fu\u00df auf in Richtung Dom.<\/p>\n\n\n\n<figure class=\"wp-block-image aligncenter size-large is-resized\"><a href=\"https:\/\/mb2812.de\/wp-content\/uploads\/2023\/10\/IMG_5554-1.jpg\" target=\"_blank\" rel=\" noreferrer noopener\"><img loading=\"lazy\" decoding=\"async\" width=\"1024\" height=\"819\" src=\"https:\/\/mb2812.de\/wp-content\/uploads\/2023\/10\/IMG_5554-1-1024x819.jpg\" alt=\"\" class=\"wp-image-13478\" style=\"width:800px\" srcset=\"https:\/\/mb2812.de\/wp-content\/uploads\/2023\/10\/IMG_5554-1-1024x819.jpg 1024w, https:\/\/mb2812.de\/wp-content\/uploads\/2023\/10\/IMG_5554-1-300x240.jpg 300w, https:\/\/mb2812.de\/wp-content\/uploads\/2023\/10\/IMG_5554-1-768x614.jpg 768w, https:\/\/mb2812.de\/wp-content\/uploads\/2023\/10\/IMG_5554-1-1536x1229.jpg 1536w, https:\/\/mb2812.de\/wp-content\/uploads\/2023\/10\/IMG_5554-1-668x534.jpg 668w, https:\/\/mb2812.de\/wp-content\/uploads\/2023\/10\/IMG_5554-1.jpg 1920w\" sizes=\"auto, (max-width: 1024px) 100vw, 1024px\" \/><\/a><figcaption class=\"wp-element-caption\"><em>Dies ist dann unser Weg durch Mailand: Vom Bahnhof zum Dom zum Castello Sforzesco und noch etwas weiter bis zur Stra\u00dfenbahn (Karte \u00a9 Openstreetmap-Mitwirkende)<\/em><\/figcaption><\/figure>\n\n\n\n<p>Zu Fu\u00df zum Bahnhof zum Dom zu laufen, ist nicht das Allersinnvollste. Insbesondere am Anfang ist es ziemlich uninteressant, es gibt breite Verkehrsschneisen mit entsprechendem L\u00e4rm und gesichtslosen Hochh\u00e4usern rechts und links. Besser f\u00e4hrt man die Strecke mit der U-Bahn. Wenn man in die Innenstadt, in die N\u00e4he des Doms, kommt, \u00e4ndert sich das nat\u00fcrlich. Ein paar Fotos von unserem Marsch:<\/p>\n\n\n\n<figure class=\"wp-block-image aligncenter size-large is-resized\"><a href=\"https:\/\/mb2812.de\/wp-content\/uploads\/2023\/10\/IMG_5884.jpg\" target=\"_blank\" rel=\" noreferrer noopener\"><img loading=\"lazy\" decoding=\"async\" width=\"1024\" height=\"819\" src=\"https:\/\/mb2812.de\/wp-content\/uploads\/2023\/10\/IMG_5884-1024x819.jpg\" alt=\"\" class=\"wp-image-13386\" style=\"width:800px\" srcset=\"https:\/\/mb2812.de\/wp-content\/uploads\/2023\/10\/IMG_5884-1024x819.jpg 1024w, https:\/\/mb2812.de\/wp-content\/uploads\/2023\/10\/IMG_5884-300x240.jpg 300w, https:\/\/mb2812.de\/wp-content\/uploads\/2023\/10\/IMG_5884-768x614.jpg 768w, https:\/\/mb2812.de\/wp-content\/uploads\/2023\/10\/IMG_5884-1536x1229.jpg 1536w, https:\/\/mb2812.de\/wp-content\/uploads\/2023\/10\/IMG_5884-668x534.jpg 668w, https:\/\/mb2812.de\/wp-content\/uploads\/2023\/10\/IMG_5884.jpg 1920w\" sizes=\"auto, (max-width: 1024px) 100vw, 1024px\" \/><\/a><figcaption class=\"wp-element-caption\"><em>Vor dem Bahnhof begnen wir gleich einer der alten Mail\u00e4nder Stra\u00dfenbahnen. &nbsp;Mit Baujahr ab 1928 sind diese Wagen die \u00e4ltesten planm\u00e4\u00dfig eingesetzten Stra\u00dfenbahnwagen in Europa<\/em><\/figcaption><\/figure>\n\n\n\n<figure class=\"wp-block-image aligncenter size-large is-resized\"><a href=\"https:\/\/mb2812.de\/wp-content\/uploads\/2023\/10\/IMG_5885.jpg\" target=\"_blank\" rel=\" noreferrer noopener\"><img loading=\"lazy\" decoding=\"async\" width=\"1024\" height=\"819\" src=\"https:\/\/mb2812.de\/wp-content\/uploads\/2023\/10\/IMG_5885-1024x819.jpg\" alt=\"\" class=\"wp-image-13387\" style=\"width:800px\" srcset=\"https:\/\/mb2812.de\/wp-content\/uploads\/2023\/10\/IMG_5885-1024x819.jpg 1024w, https:\/\/mb2812.de\/wp-content\/uploads\/2023\/10\/IMG_5885-300x240.jpg 300w, https:\/\/mb2812.de\/wp-content\/uploads\/2023\/10\/IMG_5885-768x614.jpg 768w, https:\/\/mb2812.de\/wp-content\/uploads\/2023\/10\/IMG_5885-1536x1229.jpg 1536w, https:\/\/mb2812.de\/wp-content\/uploads\/2023\/10\/IMG_5885-668x534.jpg 668w, https:\/\/mb2812.de\/wp-content\/uploads\/2023\/10\/IMG_5885.jpg 1920w\" sizes=\"auto, (max-width: 1024px) 100vw, 1024px\" \/><\/a><figcaption class=\"wp-element-caption\"><em>Eine der querenden Nebenstra\u00dfen: Via S. Gregorio<\/em><\/figcaption><\/figure>\n\n\n\n<figure class=\"wp-block-image aligncenter size-large is-resized\"><a href=\"https:\/\/mb2812.de\/wp-content\/uploads\/2023\/10\/IMG_5887.jpg\" target=\"_blank\" rel=\" noreferrer noopener\"><img loading=\"lazy\" decoding=\"async\" width=\"768\" height=\"1024\" src=\"https:\/\/mb2812.de\/wp-content\/uploads\/2023\/10\/IMG_5887-768x1024.jpg\" alt=\"\" class=\"wp-image-13405\" style=\"width:600px\" srcset=\"https:\/\/mb2812.de\/wp-content\/uploads\/2023\/10\/IMG_5887-768x1024.jpg 768w, https:\/\/mb2812.de\/wp-content\/uploads\/2023\/10\/IMG_5887-225x300.jpg 225w, https:\/\/mb2812.de\/wp-content\/uploads\/2023\/10\/IMG_5887-1152x1536.jpg 1152w, https:\/\/mb2812.de\/wp-content\/uploads\/2023\/10\/IMG_5887-668x891.jpg 668w, https:\/\/mb2812.de\/wp-content\/uploads\/2023\/10\/IMG_5887.jpg 1440w\" sizes=\"auto, (max-width: 768px) 100vw, 768px\" \/><\/a><figcaption class=\"wp-element-caption\"><em>In der Ferne sehen wir Porta Nuova, das f\u00fcr seine moderne Architektur bekannten Viertel (Blick entlang der &#8218;Viale della Liberazione&#8216;)<\/em><\/figcaption><\/figure>\n\n\n\n<figure class=\"wp-block-image aligncenter size-large is-resized\"><a href=\"https:\/\/mb2812.de\/wp-content\/uploads\/2023\/10\/IMG_5890-1212.jpg\" target=\"_blank\" rel=\" noreferrer noopener\"><img loading=\"lazy\" decoding=\"async\" width=\"1024\" height=\"819\" src=\"https:\/\/mb2812.de\/wp-content\/uploads\/2023\/10\/IMG_5890-1212-1024x819.jpg\" alt=\"\" class=\"wp-image-13380\" style=\"width:800px\" srcset=\"https:\/\/mb2812.de\/wp-content\/uploads\/2023\/10\/IMG_5890-1212-1024x819.jpg 1024w, https:\/\/mb2812.de\/wp-content\/uploads\/2023\/10\/IMG_5890-1212-300x240.jpg 300w, https:\/\/mb2812.de\/wp-content\/uploads\/2023\/10\/IMG_5890-1212-768x614.jpg 768w, https:\/\/mb2812.de\/wp-content\/uploads\/2023\/10\/IMG_5890-1212-1536x1229.jpg 1536w, https:\/\/mb2812.de\/wp-content\/uploads\/2023\/10\/IMG_5890-1212-668x534.jpg 668w, https:\/\/mb2812.de\/wp-content\/uploads\/2023\/10\/IMG_5890-1212.jpg 1920w\" sizes=\"auto, (max-width: 1024px) 100vw, 1024px\" \/><\/a><figcaption class=\"wp-element-caption\"><em>Das &#8218;Grand Hotel et de Milan&#8216; im neo-gotischen Stil wurde 1863 er\u00f6ffnet und ist eines der luxuri\u00f6sesten H\u00e4user in der Stadt. Recht nah an der Scala gelegen, wohnte und lebte Guiseppe Verdi hier einige Jahre<\/em><\/figcaption><\/figure>\n\n\n\n<figure class=\"wp-block-image aligncenter size-large is-resized\"><a href=\"https:\/\/mb2812.de\/wp-content\/uploads\/2023\/10\/IMG_5891.jpg\" target=\"_blank\" rel=\" noreferrer noopener\"><img loading=\"lazy\" decoding=\"async\" width=\"768\" height=\"1024\" src=\"https:\/\/mb2812.de\/wp-content\/uploads\/2023\/10\/IMG_5891-768x1024.jpg\" alt=\"\" class=\"wp-image-13406\" style=\"width:600px\" srcset=\"https:\/\/mb2812.de\/wp-content\/uploads\/2023\/10\/IMG_5891-768x1024.jpg 768w, https:\/\/mb2812.de\/wp-content\/uploads\/2023\/10\/IMG_5891-225x300.jpg 225w, https:\/\/mb2812.de\/wp-content\/uploads\/2023\/10\/IMG_5891-1152x1536.jpg 1152w, https:\/\/mb2812.de\/wp-content\/uploads\/2023\/10\/IMG_5891-668x891.jpg 668w, https:\/\/mb2812.de\/wp-content\/uploads\/2023\/10\/IMG_5891.jpg 1440w\" sizes=\"auto, (max-width: 768px) 100vw, 768px\" \/><\/a><figcaption class=\"wp-element-caption\"><em>Kosequenterweise zeigt das n\u00e4chste Foto das gerade 300 Meter entfernte Opernhaus, &#8218;Teatro alla Scala&#8216;, 1778 er\u00f6ffnet.<\/em><\/figcaption><\/figure>\n\n\n\n<figure class=\"wp-block-image aligncenter size-large is-resized\"><a href=\"https:\/\/mb2812.de\/wp-content\/uploads\/2023\/10\/IMG_5895.jpg\" target=\"_blank\" rel=\" noreferrer noopener\"><img loading=\"lazy\" decoding=\"async\" width=\"768\" height=\"1024\" src=\"https:\/\/mb2812.de\/wp-content\/uploads\/2023\/10\/IMG_5895-768x1024.jpg\" alt=\"\" class=\"wp-image-13407\" style=\"width:600px\" srcset=\"https:\/\/mb2812.de\/wp-content\/uploads\/2023\/10\/IMG_5895-768x1024.jpg 768w, https:\/\/mb2812.de\/wp-content\/uploads\/2023\/10\/IMG_5895-225x300.jpg 225w, https:\/\/mb2812.de\/wp-content\/uploads\/2023\/10\/IMG_5895-1152x1536.jpg 1152w, https:\/\/mb2812.de\/wp-content\/uploads\/2023\/10\/IMG_5895-668x891.jpg 668w, https:\/\/mb2812.de\/wp-content\/uploads\/2023\/10\/IMG_5895.jpg 1440w\" sizes=\"auto, (max-width: 768px) 100vw, 768px\" \/><\/a><figcaption class=\"wp-element-caption\"><em>Gegen\u00fcber, auf der Piazza della Scala, eine Statue von Leonardo da Vinci<\/em><\/figcaption><\/figure>\n\n\n\n<figure class=\"wp-block-image aligncenter size-large is-resized\"><a href=\"https:\/\/mb2812.de\/wp-content\/uploads\/2023\/10\/IMG_5899-1111.jpg\" target=\"_blank\" rel=\" noreferrer noopener\"><img loading=\"lazy\" decoding=\"async\" width=\"768\" height=\"1024\" src=\"https:\/\/mb2812.de\/wp-content\/uploads\/2023\/10\/IMG_5899-1111-768x1024.jpg\" alt=\"\" class=\"wp-image-13388\" style=\"width:600px\" srcset=\"https:\/\/mb2812.de\/wp-content\/uploads\/2023\/10\/IMG_5899-1111-768x1024.jpg 768w, https:\/\/mb2812.de\/wp-content\/uploads\/2023\/10\/IMG_5899-1111-225x300.jpg 225w, https:\/\/mb2812.de\/wp-content\/uploads\/2023\/10\/IMG_5899-1111-1152x1536.jpg 1152w, https:\/\/mb2812.de\/wp-content\/uploads\/2023\/10\/IMG_5899-1111-668x891.jpg 668w, https:\/\/mb2812.de\/wp-content\/uploads\/2023\/10\/IMG_5899-1111.jpg 1440w\" sizes=\"auto, (max-width: 768px) 100vw, 768px\" \/><\/a><figcaption class=\"wp-element-caption\"><em>Am Platz befindet sich der Palazzo Marino, heute Rathaus von Mailand und Repr\u00e4sentationsbau der Stadtverwaltung. Errichtet wurde er ab 1558 von Tommaso Marino, einem Kaufmann aus Genua<\/em><\/figcaption><\/figure>\n\n\n\n<p>Zwischen der Piazza della Scala und der Piazza del Duomo liegt dann die Galleria Vittorio Emanuele II. Sie wird als Italiens \u00e4lteste Shopping Mall bezeichnet. Benannt ist sie nach Victor Emanuel II, dem ersten K\u00f6nig des K\u00f6nigreiches Italien. Gebaut wurde sie von 1865 bis 1877 durch den Architekten Guiseppe Mengoni. In der Galerie befinden sich vor allem hochpreisige Gesch\u00e4fte und Restaurants. Ein paar Eindr\u00fccke:<\/p>\n\n\n\n<figure class=\"wp-block-image aligncenter size-large is-resized\"><a href=\"https:\/\/mb2812.de\/wp-content\/uploads\/2023\/10\/IMG_3541.jpg\" target=\"_blank\" rel=\" noreferrer noopener\"><img loading=\"lazy\" decoding=\"async\" width=\"768\" height=\"1024\" src=\"https:\/\/mb2812.de\/wp-content\/uploads\/2023\/10\/IMG_3541-768x1024.jpg\" alt=\"\" class=\"wp-image-13397\" style=\"width:600px\" srcset=\"https:\/\/mb2812.de\/wp-content\/uploads\/2023\/10\/IMG_3541-768x1024.jpg 768w, https:\/\/mb2812.de\/wp-content\/uploads\/2023\/10\/IMG_3541-225x300.jpg 225w, https:\/\/mb2812.de\/wp-content\/uploads\/2023\/10\/IMG_3541-1152x1536.jpg 1152w, https:\/\/mb2812.de\/wp-content\/uploads\/2023\/10\/IMG_3541-668x891.jpg 668w, https:\/\/mb2812.de\/wp-content\/uploads\/2023\/10\/IMG_3541.jpg 1440w\" sizes=\"auto, (max-width: 768px) 100vw, 768px\" \/><\/a><\/figure>\n\n\n\n<p><\/p>\n\n\n\n<figure class=\"wp-block-image aligncenter size-large is-resized\"><a href=\"https:\/\/mb2812.de\/wp-content\/uploads\/2023\/10\/IMG_5913.jpg\" target=\"_blank\" rel=\" noreferrer noopener\"><img loading=\"lazy\" decoding=\"async\" width=\"768\" height=\"1024\" src=\"https:\/\/mb2812.de\/wp-content\/uploads\/2023\/10\/IMG_5913-768x1024.jpg\" alt=\"\" class=\"wp-image-13389\" style=\"width:600px\" srcset=\"https:\/\/mb2812.de\/wp-content\/uploads\/2023\/10\/IMG_5913-768x1024.jpg 768w, https:\/\/mb2812.de\/wp-content\/uploads\/2023\/10\/IMG_5913-225x300.jpg 225w, https:\/\/mb2812.de\/wp-content\/uploads\/2023\/10\/IMG_5913-1152x1536.jpg 1152w, https:\/\/mb2812.de\/wp-content\/uploads\/2023\/10\/IMG_5913-668x891.jpg 668w, https:\/\/mb2812.de\/wp-content\/uploads\/2023\/10\/IMG_5913.jpg 1440w\" sizes=\"auto, (max-width: 768px) 100vw, 768px\" \/><\/a><\/figure>\n\n\n\n<p><\/p>\n\n\n\n<figure class=\"wp-block-image aligncenter size-large is-resized\"><a href=\"https:\/\/mb2812.de\/wp-content\/uploads\/2023\/10\/IMG_5909.jpg\" target=\"_blank\" rel=\" noreferrer noopener\"><img loading=\"lazy\" decoding=\"async\" width=\"1024\" height=\"819\" src=\"https:\/\/mb2812.de\/wp-content\/uploads\/2023\/10\/IMG_5909-1024x819.jpg\" alt=\"\" class=\"wp-image-13408\" style=\"width:800px\" srcset=\"https:\/\/mb2812.de\/wp-content\/uploads\/2023\/10\/IMG_5909-1024x819.jpg 1024w, https:\/\/mb2812.de\/wp-content\/uploads\/2023\/10\/IMG_5909-300x240.jpg 300w, https:\/\/mb2812.de\/wp-content\/uploads\/2023\/10\/IMG_5909-768x614.jpg 768w, https:\/\/mb2812.de\/wp-content\/uploads\/2023\/10\/IMG_5909-1536x1229.jpg 1536w, https:\/\/mb2812.de\/wp-content\/uploads\/2023\/10\/IMG_5909-668x534.jpg 668w, https:\/\/mb2812.de\/wp-content\/uploads\/2023\/10\/IMG_5909.jpg 1920w\" sizes=\"auto, (max-width: 1024px) 100vw, 1024px\" \/><\/a><\/figure>\n\n\n\n<p><\/p>\n\n\n\n<p>Und dann sind wir auf der Piazza del Duomo und stehen vor eben jenem, offiziell Cattedrale Metropolitana della Nativit\u00e0 della Beata Vergine Maria genannt. 1386 wurde der Bau begonnen, 1572 geweiht &#8211; da war er aber immer noch nicht fertig. Erst unter Napoleon wurde er 1813 vollendet.<\/p>\n\n\n\n<figure class=\"wp-block-image aligncenter size-large is-resized\"><a href=\"https:\/\/mb2812.de\/wp-content\/uploads\/2023\/10\/IMG_5918-1112.jpg\" target=\"_blank\" rel=\" noreferrer noopener\"><img loading=\"lazy\" decoding=\"async\" width=\"1024\" height=\"819\" src=\"https:\/\/mb2812.de\/wp-content\/uploads\/2023\/10\/IMG_5918-1112-1024x819.jpg\" alt=\"\" class=\"wp-image-13180\" style=\"width:800px\" srcset=\"https:\/\/mb2812.de\/wp-content\/uploads\/2023\/10\/IMG_5918-1112-1024x819.jpg 1024w, https:\/\/mb2812.de\/wp-content\/uploads\/2023\/10\/IMG_5918-1112-300x240.jpg 300w, https:\/\/mb2812.de\/wp-content\/uploads\/2023\/10\/IMG_5918-1112-768x614.jpg 768w, https:\/\/mb2812.de\/wp-content\/uploads\/2023\/10\/IMG_5918-1112-1536x1229.jpg 1536w, https:\/\/mb2812.de\/wp-content\/uploads\/2023\/10\/IMG_5918-1112-668x534.jpg 668w, https:\/\/mb2812.de\/wp-content\/uploads\/2023\/10\/IMG_5918-1112.jpg 1920w\" sizes=\"auto, (max-width: 1024px) 100vw, 1024px\" \/><\/a><\/figure>\n\n\n\n<p><\/p>\n\n\n\n<figure class=\"wp-block-image aligncenter size-large is-resized\"><a href=\"https:\/\/mb2812.de\/wp-content\/uploads\/2023\/10\/IMG_5919.jpg\" target=\"_blank\" rel=\" noreferrer noopener\"><img loading=\"lazy\" decoding=\"async\" width=\"683\" height=\"1024\" src=\"https:\/\/mb2812.de\/wp-content\/uploads\/2023\/10\/IMG_5919-683x1024.jpg\" alt=\"\" class=\"wp-image-13564\" style=\"width:535px\" srcset=\"https:\/\/mb2812.de\/wp-content\/uploads\/2023\/10\/IMG_5919-683x1024.jpg 683w, https:\/\/mb2812.de\/wp-content\/uploads\/2023\/10\/IMG_5919-200x300.jpg 200w, https:\/\/mb2812.de\/wp-content\/uploads\/2023\/10\/IMG_5919-768x1152.jpg 768w, https:\/\/mb2812.de\/wp-content\/uploads\/2023\/10\/IMG_5919-1024x1536.jpg 1024w, https:\/\/mb2812.de\/wp-content\/uploads\/2023\/10\/IMG_5919-668x1002.jpg 668w, https:\/\/mb2812.de\/wp-content\/uploads\/2023\/10\/IMG_5919.jpg 1280w\" sizes=\"auto, (max-width: 683px) 100vw, 683px\" \/><\/a><\/figure>\n\n\n\n<p><\/p>\n\n\n\n<figure class=\"wp-block-image aligncenter size-large is-resized\"><a href=\"https:\/\/mb2812.de\/wp-content\/uploads\/2023\/10\/IMG_5927-1210-1211.jpg\" target=\"_blank\" rel=\" noreferrer noopener\"><img loading=\"lazy\" decoding=\"async\" width=\"768\" height=\"1024\" src=\"https:\/\/mb2812.de\/wp-content\/uploads\/2023\/10\/IMG_5927-1210-1211-768x1024.jpg\" alt=\"\" class=\"wp-image-13390\" style=\"width:600px\" srcset=\"https:\/\/mb2812.de\/wp-content\/uploads\/2023\/10\/IMG_5927-1210-1211-768x1024.jpg 768w, https:\/\/mb2812.de\/wp-content\/uploads\/2023\/10\/IMG_5927-1210-1211-225x300.jpg 225w, https:\/\/mb2812.de\/wp-content\/uploads\/2023\/10\/IMG_5927-1210-1211-1152x1536.jpg 1152w, https:\/\/mb2812.de\/wp-content\/uploads\/2023\/10\/IMG_5927-1210-1211-668x891.jpg 668w, https:\/\/mb2812.de\/wp-content\/uploads\/2023\/10\/IMG_5927-1210-1211.jpg 1440w\" sizes=\"auto, (max-width: 768px) 100vw, 768px\" \/><\/a><\/figure>\n\n\n\n<p><\/p>\n\n\n\n<figure class=\"wp-block-image aligncenter size-large is-resized\"><a href=\"https:\/\/mb2812.de\/wp-content\/uploads\/2023\/10\/IMG_3561.jpg\" target=\"_blank\" rel=\" noreferrer noopener\"><img loading=\"lazy\" decoding=\"async\" width=\"768\" height=\"1024\" src=\"https:\/\/mb2812.de\/wp-content\/uploads\/2023\/10\/IMG_3561-768x1024.jpg\" alt=\"\" class=\"wp-image-13398\" style=\"width:600px\" srcset=\"https:\/\/mb2812.de\/wp-content\/uploads\/2023\/10\/IMG_3561-768x1024.jpg 768w, https:\/\/mb2812.de\/wp-content\/uploads\/2023\/10\/IMG_3561-225x300.jpg 225w, https:\/\/mb2812.de\/wp-content\/uploads\/2023\/10\/IMG_3561-1152x1536.jpg 1152w, https:\/\/mb2812.de\/wp-content\/uploads\/2023\/10\/IMG_3561-668x891.jpg 668w, https:\/\/mb2812.de\/wp-content\/uploads\/2023\/10\/IMG_3561.jpg 1440w\" sizes=\"auto, (max-width: 768px) 100vw, 768px\" \/><\/a><\/figure>\n\n\n\n<p><\/p>\n\n\n\n<p>F\u00fcr den Besuch des Doms braucht man Eintrittskarten und die gibt es im &#8222;Central Ticket Office&#8220;, das muss man erstmal finden. Wir entscheiden uns f\u00fcr das g\u00fcnstigste Ticket, 8 Euro kostet es und beinhaltet neben dem Eintritt in den Dom den Besuch des Museums.<\/p>\n\n\n\n<figure class=\"wp-block-image aligncenter size-large is-resized\"><a href=\"https:\/\/mb2812.de\/wp-content\/uploads\/2023\/10\/IMG_3576-1215.jpg\" target=\"_blank\" rel=\" noreferrer noopener\"><img loading=\"lazy\" decoding=\"async\" width=\"768\" height=\"1024\" src=\"https:\/\/mb2812.de\/wp-content\/uploads\/2023\/10\/IMG_3576-1215-768x1024.jpg\" alt=\"\" class=\"wp-image-13381\" style=\"width:600px\" srcset=\"https:\/\/mb2812.de\/wp-content\/uploads\/2023\/10\/IMG_3576-1215-768x1024.jpg 768w, https:\/\/mb2812.de\/wp-content\/uploads\/2023\/10\/IMG_3576-1215-225x300.jpg 225w, https:\/\/mb2812.de\/wp-content\/uploads\/2023\/10\/IMG_3576-1215-1152x1536.jpg 1152w, https:\/\/mb2812.de\/wp-content\/uploads\/2023\/10\/IMG_3576-1215-668x891.jpg 668w, https:\/\/mb2812.de\/wp-content\/uploads\/2023\/10\/IMG_3576-1215.jpg 1440w\" sizes=\"auto, (max-width: 768px) 100vw, 768px\" \/><\/a><figcaption class=\"wp-element-caption\"><em>Innen im Dom<\/em><\/figcaption><\/figure>\n\n\n\n<figure class=\"wp-block-image aligncenter size-large is-resized\"><a href=\"https:\/\/mb2812.de\/wp-content\/uploads\/2023\/10\/IMG_5931.jpg\" target=\"_blank\" rel=\" noreferrer noopener\"><img loading=\"lazy\" decoding=\"async\" width=\"768\" height=\"1024\" src=\"https:\/\/mb2812.de\/wp-content\/uploads\/2023\/10\/IMG_5931-768x1024.jpg\" alt=\"\" class=\"wp-image-13411\" style=\"width:600px\" srcset=\"https:\/\/mb2812.de\/wp-content\/uploads\/2023\/10\/IMG_5931-768x1024.jpg 768w, https:\/\/mb2812.de\/wp-content\/uploads\/2023\/10\/IMG_5931-225x300.jpg 225w, https:\/\/mb2812.de\/wp-content\/uploads\/2023\/10\/IMG_5931-1152x1536.jpg 1152w, https:\/\/mb2812.de\/wp-content\/uploads\/2023\/10\/IMG_5931-668x891.jpg 668w, https:\/\/mb2812.de\/wp-content\/uploads\/2023\/10\/IMG_5931.jpg 1440w\" sizes=\"auto, (max-width: 768px) 100vw, 768px\" \/><\/a><figcaption class=\"wp-element-caption\"><em>Der Altarraum<\/em><\/figcaption><\/figure>\n\n\n\n<figure class=\"wp-block-image aligncenter size-large is-resized\"><a href=\"https:\/\/mb2812.de\/wp-content\/uploads\/2023\/10\/IMG_5940.jpg\" target=\"_blank\" rel=\" noreferrer noopener\"><img loading=\"lazy\" decoding=\"async\" width=\"1024\" height=\"819\" src=\"https:\/\/mb2812.de\/wp-content\/uploads\/2023\/10\/IMG_5940-1024x819.jpg\" alt=\"\" class=\"wp-image-13412\" style=\"width:800px\" srcset=\"https:\/\/mb2812.de\/wp-content\/uploads\/2023\/10\/IMG_5940-1024x819.jpg 1024w, https:\/\/mb2812.de\/wp-content\/uploads\/2023\/10\/IMG_5940-300x240.jpg 300w, https:\/\/mb2812.de\/wp-content\/uploads\/2023\/10\/IMG_5940-768x614.jpg 768w, https:\/\/mb2812.de\/wp-content\/uploads\/2023\/10\/IMG_5940-1536x1229.jpg 1536w, https:\/\/mb2812.de\/wp-content\/uploads\/2023\/10\/IMG_5940-668x534.jpg 668w, https:\/\/mb2812.de\/wp-content\/uploads\/2023\/10\/IMG_5940.jpg 1920w\" sizes=\"auto, (max-width: 1024px) 100vw, 1024px\" \/><\/a><figcaption class=\"wp-element-caption\"><em>Orgeln im Mail\u00e4nder Dom<\/em><\/figcaption><\/figure>\n\n\n\n<p>Das Dom Museum liegt gegen\u00fcber des Doms im k\u00f6niglichen Palast und enth\u00e4lt so ziemlich alles, was an Kunst am und im Dom vorhanden ist. F\u00fcr uns ist das ein bisschen erschlagend.<\/p>\n\n\n\n<figure class=\"wp-block-image aligncenter size-large is-resized\"><a href=\"https:\/\/mb2812.de\/wp-content\/uploads\/2023\/10\/IMG_3566.jpg\" target=\"_blank\" rel=\" noreferrer noopener\"><img loading=\"lazy\" decoding=\"async\" width=\"1024\" height=\"819\" src=\"https:\/\/mb2812.de\/wp-content\/uploads\/2023\/10\/IMG_3566-1024x819.jpg\" alt=\"\" class=\"wp-image-13399\" style=\"width:800px\" srcset=\"https:\/\/mb2812.de\/wp-content\/uploads\/2023\/10\/IMG_3566-1024x819.jpg 1024w, https:\/\/mb2812.de\/wp-content\/uploads\/2023\/10\/IMG_3566-300x240.jpg 300w, https:\/\/mb2812.de\/wp-content\/uploads\/2023\/10\/IMG_3566-768x614.jpg 768w, https:\/\/mb2812.de\/wp-content\/uploads\/2023\/10\/IMG_3566-1536x1229.jpg 1536w, https:\/\/mb2812.de\/wp-content\/uploads\/2023\/10\/IMG_3566-668x534.jpg 668w, https:\/\/mb2812.de\/wp-content\/uploads\/2023\/10\/IMG_3566.jpg 1920w\" sizes=\"auto, (max-width: 1024px) 100vw, 1024px\" \/><\/a><figcaption class=\"wp-element-caption\"><em>Auf dem Weg dahin blicken wir \u00fcber die Piazze del Duomo mit dem &nbsp;Reiterstandbild von Vittorio Emanuel II.<\/em><\/figcaption><\/figure>\n\n\n\n<figure class=\"wp-block-image aligncenter size-large is-resized\"><a href=\"https:\/\/mb2812.de\/wp-content\/uploads\/2023\/10\/IMG_3619.jpg\" target=\"_blank\" rel=\" noreferrer noopener\"><img loading=\"lazy\" decoding=\"async\" width=\"768\" height=\"1024\" src=\"https:\/\/mb2812.de\/wp-content\/uploads\/2023\/10\/IMG_3619-768x1024.jpg\" alt=\"\" class=\"wp-image-13400\" style=\"width:600px\" srcset=\"https:\/\/mb2812.de\/wp-content\/uploads\/2023\/10\/IMG_3619-768x1024.jpg 768w, https:\/\/mb2812.de\/wp-content\/uploads\/2023\/10\/IMG_3619-225x300.jpg 225w, https:\/\/mb2812.de\/wp-content\/uploads\/2023\/10\/IMG_3619-1152x1536.jpg 1152w, https:\/\/mb2812.de\/wp-content\/uploads\/2023\/10\/IMG_3619-668x891.jpg 668w, https:\/\/mb2812.de\/wp-content\/uploads\/2023\/10\/IMG_3619.jpg 1440w\" sizes=\"auto, (max-width: 768px) 100vw, 768px\" \/><\/a><figcaption class=\"wp-element-caption\"><em>Im Dom Museum<\/em><\/figcaption><\/figure>\n\n\n\n<p>Jetzt ist aber wirklich Zeit f\u00fcr eine Mittagspause. Nur Wohin? Rund um den Dom ist nicht nur alles touristisch, sondern auch \u00fcberf\u00fcllt. Wir wandern ein wenig umher und landen in einem kleinen Caf\u00e9 an der Via Speronari.<\/p>\n\n\n\n<figure class=\"wp-block-image aligncenter size-large is-resized\"><a href=\"https:\/\/mb2812.de\/wp-content\/uploads\/2023\/10\/IMG_3653-1221.jpg\" target=\"_blank\" rel=\" noreferrer noopener\"><img loading=\"lazy\" decoding=\"async\" width=\"768\" height=\"1024\" src=\"https:\/\/mb2812.de\/wp-content\/uploads\/2023\/10\/IMG_3653-1221-768x1024.jpg\" alt=\"\" class=\"wp-image-13382\" style=\"width:600px\" srcset=\"https:\/\/mb2812.de\/wp-content\/uploads\/2023\/10\/IMG_3653-1221-768x1024.jpg 768w, https:\/\/mb2812.de\/wp-content\/uploads\/2023\/10\/IMG_3653-1221-225x300.jpg 225w, https:\/\/mb2812.de\/wp-content\/uploads\/2023\/10\/IMG_3653-1221-1152x1536.jpg 1152w, https:\/\/mb2812.de\/wp-content\/uploads\/2023\/10\/IMG_3653-1221-668x891.jpg 668w, https:\/\/mb2812.de\/wp-content\/uploads\/2023\/10\/IMG_3653-1221.jpg 1440w\" sizes=\"auto, (max-width: 768px) 100vw, 768px\" \/><\/a><figcaption class=\"wp-element-caption\"><em>Via Speronari<\/em><\/figcaption><\/figure>\n\n\n\n<figure class=\"wp-block-image aligncenter size-large is-resized\"><a href=\"https:\/\/mb2812.de\/wp-content\/uploads\/2023\/10\/IMG_5953-1216.jpg\" target=\"_blank\" rel=\" noreferrer noopener\"><img loading=\"lazy\" decoding=\"async\" width=\"1024\" height=\"819\" src=\"https:\/\/mb2812.de\/wp-content\/uploads\/2023\/10\/IMG_5953-1216-1024x819.jpg\" alt=\"\" class=\"wp-image-13413\" style=\"width:800px\" srcset=\"https:\/\/mb2812.de\/wp-content\/uploads\/2023\/10\/IMG_5953-1216-1024x819.jpg 1024w, https:\/\/mb2812.de\/wp-content\/uploads\/2023\/10\/IMG_5953-1216-300x240.jpg 300w, https:\/\/mb2812.de\/wp-content\/uploads\/2023\/10\/IMG_5953-1216-768x614.jpg 768w, https:\/\/mb2812.de\/wp-content\/uploads\/2023\/10\/IMG_5953-1216-1536x1229.jpg 1536w, https:\/\/mb2812.de\/wp-content\/uploads\/2023\/10\/IMG_5953-1216-668x534.jpg 668w, https:\/\/mb2812.de\/wp-content\/uploads\/2023\/10\/IMG_5953-1216.jpg 1920w\" sizes=\"auto, (max-width: 1024px) 100vw, 1024px\" \/><\/a><figcaption class=\"wp-element-caption\"><em>Endlich Pause<\/em><\/figcaption><\/figure>\n\n\n\n<p>Und dann geht es wie angedacht weiter in Richtung Castello Sforzesco durch prachtvolle Gech\u00e4fts- und Einkaufsstra\u00dfen und anschliessend noch weiter durch den Simplonpark (Parco Sempione) bis zum Friedensbogen (Arco della Pace).<\/p>\n\n\n\n<figure class=\"wp-block-image aligncenter size-large is-resized\"><a href=\"https:\/\/mb2812.de\/wp-content\/uploads\/2023\/10\/IMG_3665-1220.jpg\" target=\"_blank\" rel=\" noreferrer noopener\"><img loading=\"lazy\" decoding=\"async\" width=\"768\" height=\"1024\" src=\"https:\/\/mb2812.de\/wp-content\/uploads\/2023\/10\/IMG_3665-1220-768x1024.jpg\" alt=\"\" class=\"wp-image-13383\" style=\"width:600px\" srcset=\"https:\/\/mb2812.de\/wp-content\/uploads\/2023\/10\/IMG_3665-1220-768x1024.jpg 768w, https:\/\/mb2812.de\/wp-content\/uploads\/2023\/10\/IMG_3665-1220-225x300.jpg 225w, https:\/\/mb2812.de\/wp-content\/uploads\/2023\/10\/IMG_3665-1220-1152x1536.jpg 1152w, https:\/\/mb2812.de\/wp-content\/uploads\/2023\/10\/IMG_3665-1220-668x891.jpg 668w, https:\/\/mb2812.de\/wp-content\/uploads\/2023\/10\/IMG_3665-1220.jpg 1440w\" sizes=\"auto, (max-width: 768px) 100vw, 768px\" \/><\/a><figcaption class=\"wp-element-caption\"><em>Blick in die Via Meravigli<\/em><\/figcaption><\/figure>\n\n\n\n<figure class=\"wp-block-image aligncenter size-large is-resized\"><a href=\"https:\/\/mb2812.de\/wp-content\/uploads\/2023\/10\/IMG_5956-1219.jpg\" target=\"_blank\" rel=\" noreferrer noopener\"><img loading=\"lazy\" decoding=\"async\" width=\"768\" height=\"1024\" src=\"https:\/\/mb2812.de\/wp-content\/uploads\/2023\/10\/IMG_5956-1219-768x1024.jpg\" alt=\"\" class=\"wp-image-13414\" style=\"width:600px\" srcset=\"https:\/\/mb2812.de\/wp-content\/uploads\/2023\/10\/IMG_5956-1219-768x1024.jpg 768w, https:\/\/mb2812.de\/wp-content\/uploads\/2023\/10\/IMG_5956-1219-225x300.jpg 225w, https:\/\/mb2812.de\/wp-content\/uploads\/2023\/10\/IMG_5956-1219-1152x1536.jpg 1152w, https:\/\/mb2812.de\/wp-content\/uploads\/2023\/10\/IMG_5956-1219-668x891.jpg 668w, https:\/\/mb2812.de\/wp-content\/uploads\/2023\/10\/IMG_5956-1219.jpg 1440w\" sizes=\"auto, (max-width: 768px) 100vw, 768px\" \/><\/a><figcaption class=\"wp-element-caption\"><em>Via Dante<\/em><\/figcaption><\/figure>\n\n\n\n<figure class=\"wp-block-image aligncenter size-large is-resized\"><a href=\"https:\/\/mb2812.de\/wp-content\/uploads\/2023\/10\/IMG_3679.jpg\" target=\"_blank\" rel=\" noreferrer noopener\"><img loading=\"lazy\" decoding=\"async\" width=\"1024\" height=\"819\" src=\"https:\/\/mb2812.de\/wp-content\/uploads\/2023\/10\/IMG_3679-1024x819.jpg\" alt=\"\" class=\"wp-image-13384\" style=\"width:800px\" srcset=\"https:\/\/mb2812.de\/wp-content\/uploads\/2023\/10\/IMG_3679-1024x819.jpg 1024w, https:\/\/mb2812.de\/wp-content\/uploads\/2023\/10\/IMG_3679-300x240.jpg 300w, https:\/\/mb2812.de\/wp-content\/uploads\/2023\/10\/IMG_3679-768x614.jpg 768w, https:\/\/mb2812.de\/wp-content\/uploads\/2023\/10\/IMG_3679-1536x1229.jpg 1536w, https:\/\/mb2812.de\/wp-content\/uploads\/2023\/10\/IMG_3679-668x534.jpg 668w, https:\/\/mb2812.de\/wp-content\/uploads\/2023\/10\/IMG_3679.jpg 1920w\" sizes=\"auto, (max-width: 1024px) 100vw, 1024px\" \/><\/a><figcaption class=\"wp-element-caption\"><em>Geb\u00e4ude am &#8218;Cairoli&#8216; Kreisverkehr<\/em><\/figcaption><\/figure>\n\n\n\n<figure class=\"wp-block-image aligncenter size-large is-resized\"><a href=\"https:\/\/mb2812.de\/wp-content\/uploads\/2023\/10\/IMG_5959-1218.jpg\" target=\"_blank\" rel=\" noreferrer noopener\"><img loading=\"lazy\" decoding=\"async\" width=\"768\" height=\"1024\" src=\"https:\/\/mb2812.de\/wp-content\/uploads\/2023\/10\/IMG_5959-1218-768x1024.jpg\" alt=\"\" class=\"wp-image-13392\" style=\"width:600px\" srcset=\"https:\/\/mb2812.de\/wp-content\/uploads\/2023\/10\/IMG_5959-1218-768x1024.jpg 768w, https:\/\/mb2812.de\/wp-content\/uploads\/2023\/10\/IMG_5959-1218-225x300.jpg 225w, https:\/\/mb2812.de\/wp-content\/uploads\/2023\/10\/IMG_5959-1218-1152x1536.jpg 1152w, https:\/\/mb2812.de\/wp-content\/uploads\/2023\/10\/IMG_5959-1218-668x891.jpg 668w, https:\/\/mb2812.de\/wp-content\/uploads\/2023\/10\/IMG_5959-1218.jpg 1440w\" sizes=\"auto, (max-width: 768px) 100vw, 768px\" \/><\/a><figcaption class=\"wp-element-caption\"><em>Der Turm des Castello Sforzesco hinter dem Brunnen an der Piazza Castello<\/em><\/figcaption><\/figure>\n\n\n\n<figure class=\"wp-block-image aligncenter size-large is-resized\"><a href=\"https:\/\/mb2812.de\/wp-content\/uploads\/2023\/10\/IMG_5964.jpg\" target=\"_blank\" rel=\" noreferrer noopener\"><img loading=\"lazy\" decoding=\"async\" width=\"1024\" height=\"819\" src=\"https:\/\/mb2812.de\/wp-content\/uploads\/2023\/10\/IMG_5964-1024x819.jpg\" alt=\"\" class=\"wp-image-13415\" style=\"width:800px\" srcset=\"https:\/\/mb2812.de\/wp-content\/uploads\/2023\/10\/IMG_5964-1024x819.jpg 1024w, https:\/\/mb2812.de\/wp-content\/uploads\/2023\/10\/IMG_5964-300x240.jpg 300w, https:\/\/mb2812.de\/wp-content\/uploads\/2023\/10\/IMG_5964-768x614.jpg 768w, https:\/\/mb2812.de\/wp-content\/uploads\/2023\/10\/IMG_5964-1536x1229.jpg 1536w, https:\/\/mb2812.de\/wp-content\/uploads\/2023\/10\/IMG_5964-668x534.jpg 668w, https:\/\/mb2812.de\/wp-content\/uploads\/2023\/10\/IMG_5964.jpg 1920w\" sizes=\"auto, (max-width: 1024px) 100vw, 1024px\" \/><\/a><figcaption class=\"wp-element-caption\"><em>Im Innenhof des Castello Sforzesco<\/em><\/figcaption><\/figure>\n\n\n\n<figure class=\"wp-block-image aligncenter size-large is-resized\"><a href=\"https:\/\/mb2812.de\/wp-content\/uploads\/2023\/10\/IMG_3695.jpg\" target=\"_blank\" rel=\" noreferrer noopener\"><img loading=\"lazy\" decoding=\"async\" width=\"768\" height=\"1024\" src=\"https:\/\/mb2812.de\/wp-content\/uploads\/2023\/10\/IMG_3695-768x1024.jpg\" alt=\"\" class=\"wp-image-13401\" style=\"width:600px\" srcset=\"https:\/\/mb2812.de\/wp-content\/uploads\/2023\/10\/IMG_3695-768x1024.jpg 768w, https:\/\/mb2812.de\/wp-content\/uploads\/2023\/10\/IMG_3695-225x300.jpg 225w, https:\/\/mb2812.de\/wp-content\/uploads\/2023\/10\/IMG_3695-1152x1536.jpg 1152w, https:\/\/mb2812.de\/wp-content\/uploads\/2023\/10\/IMG_3695-668x891.jpg 668w, https:\/\/mb2812.de\/wp-content\/uploads\/2023\/10\/IMG_3695.jpg 1440w\" sizes=\"auto, (max-width: 768px) 100vw, 768px\" \/><\/a><figcaption class=\"wp-element-caption\"><em>Blick \u00fcber den Parco Sempione zum Arco delle Pace<\/em><\/figcaption><\/figure>\n\n\n\n<figure class=\"wp-block-image aligncenter size-large is-resized\"><a href=\"https:\/\/mb2812.de\/wp-content\/uploads\/2023\/10\/IMG_5971-1217.jpg\" target=\"_blank\" rel=\" noreferrer noopener\"><img loading=\"lazy\" decoding=\"async\" width=\"1024\" height=\"819\" src=\"https:\/\/mb2812.de\/wp-content\/uploads\/2023\/10\/IMG_5971-1217-1024x819.jpg\" alt=\"\" class=\"wp-image-13393\" style=\"width:800px\" srcset=\"https:\/\/mb2812.de\/wp-content\/uploads\/2023\/10\/IMG_5971-1217-1024x819.jpg 1024w, https:\/\/mb2812.de\/wp-content\/uploads\/2023\/10\/IMG_5971-1217-300x240.jpg 300w, https:\/\/mb2812.de\/wp-content\/uploads\/2023\/10\/IMG_5971-1217-768x614.jpg 768w, https:\/\/mb2812.de\/wp-content\/uploads\/2023\/10\/IMG_5971-1217-1536x1229.jpg 1536w, https:\/\/mb2812.de\/wp-content\/uploads\/2023\/10\/IMG_5971-1217-668x534.jpg 668w, https:\/\/mb2812.de\/wp-content\/uploads\/2023\/10\/IMG_5971-1217.jpg 1920w\" sizes=\"auto, (max-width: 1024px) 100vw, 1024px\" \/><\/a><figcaption class=\"wp-element-caption\"><em>Blick zur\u00fcck \u00fcber den Park auf das Kastell<\/em><\/figcaption><\/figure>\n\n\n\n<p>Hinter dem Park soll es dann eine Stra\u00dfenbahnhaltestelle geben und laut Google Maps fahren die Stra\u00dfenbahnlinien von dort zur Station Centrale, wir k\u00f6nnten also so langsam die R\u00fcckreise antreten, denn um 17:49 Uhr wollen wir ab Centrale wieder nach Locarno zur\u00fcckfahren. Die Haltestelle ist auch da, aber dann beginnt unser Pech. Es kommt n\u00e4mlich keine Stra\u00dfenbahn, Google hat wohl nur die Soll Zeiten und keine aktuelle Informationen. Ob es nur eine Betriebsst\u00f6rung ist (der Stra\u00dfenverkehr in Mailand ist ja recht chaotisch) oder die Strecke wegen Bauarbeiten \u00fcberhaupt nicht befahren wird, ist aus den Aush\u00e4ngen und Anzeigen nicht ersichtlich (Es stellt sich heraus, beides ist richtig). Irgendwann entschlie\u00dfen wir uns, noch einen Kilometer weiter zu laufen zur n\u00e4chsten Metrostation und mit dieser zu fahren. W\u00e4hrend des weiteren Marsches kommt uns dann doch eine Bahn der Linie 1 entgegen und wir laufen schnell zur n\u00e4chsten Haltestelle. So ganz einfach ist es aber nicht, der Fahrer will niemanden mehr mitnehmen und f\u00e4ngt an, die in der Bahn sitzenden Fahrg\u00e4ste herauszukomplimentieren. Aufgrund der Bauarbeiten f\u00e4hrt die Linie n\u00e4mlich nicht am Dom vorbei und er geht wohl (zu Recht) davon aus, das dies das Ziel aller Touristen in der Bahn ist. Nachdem wir ihm begreiflich gemacht haben, das wir zum Bahnhof wolllen, d\u00fcrfen wir dann mitfahren. An der Haltestelle Republicca verlassen wir die Stra\u00dfenbahn und laufen den letzten Kilometer zu Fu\u00df.<\/p>\n\n\n\n<figure class=\"wp-block-image aligncenter size-large is-resized\"><a href=\"https:\/\/mb2812.de\/wp-content\/uploads\/2023\/10\/IMG_5972-1110.jpg\" target=\"_blank\" rel=\" noreferrer noopener\"><img loading=\"lazy\" decoding=\"async\" width=\"1024\" height=\"819\" src=\"https:\/\/mb2812.de\/wp-content\/uploads\/2023\/10\/IMG_5972-1110-1024x819.jpg\" alt=\"\" class=\"wp-image-13416\" style=\"width:800px\" srcset=\"https:\/\/mb2812.de\/wp-content\/uploads\/2023\/10\/IMG_5972-1110-1024x819.jpg 1024w, https:\/\/mb2812.de\/wp-content\/uploads\/2023\/10\/IMG_5972-1110-300x240.jpg 300w, https:\/\/mb2812.de\/wp-content\/uploads\/2023\/10\/IMG_5972-1110-768x614.jpg 768w, https:\/\/mb2812.de\/wp-content\/uploads\/2023\/10\/IMG_5972-1110-1536x1229.jpg 1536w, https:\/\/mb2812.de\/wp-content\/uploads\/2023\/10\/IMG_5972-1110-668x534.jpg 668w, https:\/\/mb2812.de\/wp-content\/uploads\/2023\/10\/IMG_5972-1110.jpg 1920w\" sizes=\"auto, (max-width: 1024px) 100vw, 1024px\" \/><\/a><figcaption class=\"wp-element-caption\"><em>Eine andere Bahn der Linie 1 an der Haltestelle Republicca<\/em><\/figcaption><\/figure>\n\n\n\n<p>Am Bahnhof angekommen, geht es lustig weiter. Bei unserem Zug steht ein kein Gleis angegeben, sondern stattdessen &#8222;cancelado&#8220;. Ohne weitere Begr\u00fcndung wissen wir nicht warum der Zug ausf\u00e4llt und \u00fcberlegen uns Alternativen. Ab Centrale f\u00e4hrt nur noch der Eurocity Richtung Lugano, der soll zwar verkehren, aber den k\u00f6nnen wir mit unserem Nahverkehrsfahrschein nicht nutzen. Als Fahrplan haben wir erstmal nur die SBB Webseite, und die SBB hat keine Ahnung was im Ausland passiert. Dort steht der Zug ohne jede Anmerkung als verkehrend drin, und insofern sind wir etwas skeptisch, ob der Zug eine Stunde sp\u00e4ter wirklich verkehren w\u00fcrde &#8211; sehr voll w\u00fcrde er wohl auf jeden Fall.<\/p>\n\n\n\n<p>Es wird etwas hektisch, denn wir entscheiden uns f\u00fcr eine Alternativverbindung mit der S11 ab Porte Garibaldi. Dahin geht es mit der U-Bahn. Eine Viertelstunde vorher waren wir dort noch mit der Stra\u00dfenbahn vorbeigefahren, die Hektik und das Rumgelaufe am Bahnhof Centrale h\u00e4tten wir uns sparen k\u00f6nnen h\u00e4tten wir schon vorher von dem Ausfall gewusst. Zeitlich gelohnt hat sich es sowieso nicht, denn die S-Bahn h\u00e4lt an allen Stationen und braucht bis Como 30 Minuten l\u00e4nger wie der Eilzug.<\/p>\n\n\n\n<figure class=\"wp-block-image aligncenter size-large is-resized\"><a href=\"https:\/\/mb2812.de\/wp-content\/uploads\/2023\/10\/IMG_5973.jpg\" target=\"_blank\" rel=\" noreferrer noopener\"><img loading=\"lazy\" decoding=\"async\" width=\"768\" height=\"1024\" src=\"https:\/\/mb2812.de\/wp-content\/uploads\/2023\/10\/IMG_5973-768x1024.jpg\" alt=\"\" class=\"wp-image-13417\" style=\"width:600px\" srcset=\"https:\/\/mb2812.de\/wp-content\/uploads\/2023\/10\/IMG_5973-768x1024.jpg 768w, https:\/\/mb2812.de\/wp-content\/uploads\/2023\/10\/IMG_5973-225x300.jpg 225w, https:\/\/mb2812.de\/wp-content\/uploads\/2023\/10\/IMG_5973-1152x1536.jpg 1152w, https:\/\/mb2812.de\/wp-content\/uploads\/2023\/10\/IMG_5973-668x891.jpg 668w, https:\/\/mb2812.de\/wp-content\/uploads\/2023\/10\/IMG_5973.jpg 1170w\" sizes=\"auto, (max-width: 768px) 100vw, 768px\" \/><\/a><figcaption class=\"wp-element-caption\"><em>Beim Warten im Bahnhof Porte Garibaldi bekomme ich dann auch die Website von Trenord zum Laufen. Unter &#8222;Aktuelles&#8220; stand der Ausfall dort schon l\u00e4nger<\/em><\/figcaption><\/figure>\n\n\n\n<figure class=\"wp-block-image aligncenter size-large is-resized\"><a href=\"https:\/\/mb2812.de\/wp-content\/uploads\/2023\/10\/IMG_3164.jpg\" target=\"_blank\" rel=\" noreferrer noopener\"><img loading=\"lazy\" decoding=\"async\" width=\"1024\" height=\"819\" src=\"https:\/\/mb2812.de\/wp-content\/uploads\/2023\/10\/IMG_3164-1024x819.jpg\" alt=\"\" class=\"wp-image-13394\" style=\"width:800px\" srcset=\"https:\/\/mb2812.de\/wp-content\/uploads\/2023\/10\/IMG_3164-1024x819.jpg 1024w, https:\/\/mb2812.de\/wp-content\/uploads\/2023\/10\/IMG_3164-300x240.jpg 300w, https:\/\/mb2812.de\/wp-content\/uploads\/2023\/10\/IMG_3164-768x614.jpg 768w, https:\/\/mb2812.de\/wp-content\/uploads\/2023\/10\/IMG_3164-1536x1229.jpg 1536w, https:\/\/mb2812.de\/wp-content\/uploads\/2023\/10\/IMG_3164-668x534.jpg 668w, https:\/\/mb2812.de\/wp-content\/uploads\/2023\/10\/IMG_3164.jpg 1920w\" sizes=\"auto, (max-width: 1024px) 100vw, 1024px\" \/><\/a><figcaption class=\"wp-element-caption\"><em>Auf diesen &#8222;Verst\u00e4rker&#8220;kursen der &nbsp;S11 werden die modernsten Z\u00fcge des Mail\u00e4nder S-Bahnnetzes eingesetzt, Doppelstock Triebwagen ETR 521 &#8218;Caravaggio&#8216;. Hier zwei Tage vorher ein solcher nach der Ankunft in Como. Nach der Schmiererei auf der Front zu urteilen, sind wir sogar mit diesem Zug gefahren.<\/em><\/figcaption><\/figure>\n\n\n\n<p>Angekommen in Como, kommt zun\u00e4chst mit einer guten halben Stunde Versp\u00e4tung der EC aus Mailand, den wir vorbeifahren lassen, und dann unser RE80 nach Locarno, auch gut 10 Minuten versp\u00e4tet (Die SBB zeigen den EC f\u00fcr Chiasso \u00fcbrigens als p\u00fcnktlich an, obwohl die dortige Abfahrtzeit l\u00e4ngst vorbei ist). Der RE80 leert sich in Como recht gut und wir haben kein Problem einen Sitzplatz zu finden. Viel &#8222;Luft&#8220; im Fahrplan sorgt daf\u00fcr, das wir ab Lugano p\u00fcnktlich sind, und eine Stunde sp\u00e4ter als geplant treffen wir um 20:35 Uhr in Locarno ein.<\/p>\n\n\n\n<p>W\u00e4hrend der Zugfahrt war dann Gelegenheit, \u00fcbers Abendessen nachzudenken, und wir sind auf dem Weg zum Hotel gleich nach Ankunft ins &#8222;Mama Mia&#8220;, wo wir am ersten Abend bereits gewesen waren.<\/p>\n","protected":false},"excerpt":{"rendered":"<p>Wir entschlie\u00dfen uns doch zu einem Ausflug nach Mailand. Der Dom und das Castello Sforzesco sind die Eckpunkte des Aufenthaltes. Die R\u00fcckfahrt ist Dank eines ausgefallenen Zuges leicht chaotisch<\/p>\n","protected":false},"author":1,"featured_media":13180,"comment_status":"closed","ping_status":"closed","sticky":false,"template":"","format":"standard","meta":{"footnotes":""},"categories":[302],"tags":[40,180,181,48,60],"class_list":["post-13173","post","type-post","status-publish","format-standard","has-post-thumbnail","hentry","category-schweiz-2023","tag-40","tag-italien","tag-mailand","tag-schweiz","tag-tessin"],"_links":{"self":[{"href":"https:\/\/mb2812.de\/index.php?rest_route=\/wp\/v2\/posts\/13173","targetHints":{"allow":["GET"]}}],"collection":[{"href":"https:\/\/mb2812.de\/index.php?rest_route=\/wp\/v2\/posts"}],"about":[{"href":"https:\/\/mb2812.de\/index.php?rest_route=\/wp\/v2\/types\/post"}],"author":[{"embeddable":true,"href":"https:\/\/mb2812.de\/index.php?rest_route=\/wp\/v2\/users\/1"}],"replies":[{"embeddable":true,"href":"https:\/\/mb2812.de\/index.php?rest_route=%2Fwp%2Fv2%2Fcomments&post=13173"}],"version-history":[{"count":29,"href":"https:\/\/mb2812.de\/index.php?rest_route=\/wp\/v2\/posts\/13173\/revisions"}],"predecessor-version":[{"id":15235,"href":"https:\/\/mb2812.de\/index.php?rest_route=\/wp\/v2\/posts\/13173\/revisions\/15235"}],"wp:featuredmedia":[{"embeddable":true,"href":"https:\/\/mb2812.de\/index.php?rest_route=\/wp\/v2\/media\/13180"}],"wp:attachment":[{"href":"https:\/\/mb2812.de\/index.php?rest_route=%2Fwp%2Fv2%2Fmedia&parent=13173"}],"wp:term":[{"taxonomy":"category","embeddable":true,"href":"https:\/\/mb2812.de\/index.php?rest_route=%2Fwp%2Fv2%2Fcategories&post=13173"},{"taxonomy":"post_tag","embeddable":true,"href":"https:\/\/mb2812.de\/index.php?rest_route=%2Fwp%2Fv2%2Ftags&post=13173"}],"curies":[{"name":"wp","href":"https:\/\/api.w.org\/{rel}","templated":true}]}}