{"id":13171,"date":"2023-10-12T09:00:41","date_gmt":"2023-10-12T07:00:41","guid":{"rendered":"http:\/\/reiseblog.mb2812.de\/?p=13171"},"modified":"2024-11-24T15:06:13","modified_gmt":"2024-11-24T13:06:13","slug":"lugano-2","status":"publish","type":"post","link":"https:\/\/mb2812.de\/?p=13171","title":{"rendered":"Lugano"},"content":{"rendered":"\n<p>Mit Lugano steht heute ein Ort auf dem Programm, den wir auch im letzten Jahr schon ausf\u00fchrlich besucht hatten. Es gab aber noch genug Neues.<\/p>\n\n\n\n<p>Als Erstes mal die Fahrt dahin. Normalerweise geht es mit dem Zug direkt durch Monte Ceneri Basistunnel, heute fahren wir mal die &#8222;alte&#8220; Strecke \u00fcber den Berg. Wir nehmen also ab Locarno eine Bahn in Richtung Bellinzona, und steigen in Guibiasco um. Ab dort f\u00e4hrt halbst\u00fcndlich eine S90 \u00fcber den Berg, sie braucht 27 Minuten, durch den Tunnel geht es in 12 Minuten.<\/p>\n\n\n\n<p>In Lugano angekommen, nehmen wir diesmal die Standseilbahn vom Bahnhof in die Innenstadt. Unten angekommen, gehen wir \u00fcber die Piazzetta Emilio Maraini zur Piazza Riforma, die wir letztes Jahr beim Rundgang irgendwie ausgelassen haben:<\/p>\n\n\n\n<figure class=\"wp-block-image aligncenter size-large is-resized\"><a href=\"https:\/\/mb2812.de\/wp-content\/uploads\/2023\/10\/IMG_3180-1206.jpg\" target=\"_blank\" rel=\" noreferrer noopener\"><img loading=\"lazy\" decoding=\"async\" width=\"1024\" height=\"819\" src=\"https:\/\/mb2812.de\/wp-content\/uploads\/2023\/10\/IMG_3180-1206-1024x819.jpg\" alt=\"\" class=\"wp-image-13431\" style=\"width:800px\" srcset=\"https:\/\/mb2812.de\/wp-content\/uploads\/2023\/10\/IMG_3180-1206-1024x819.jpg 1024w, https:\/\/mb2812.de\/wp-content\/uploads\/2023\/10\/IMG_3180-1206-300x240.jpg 300w, https:\/\/mb2812.de\/wp-content\/uploads\/2023\/10\/IMG_3180-1206-768x614.jpg 768w, https:\/\/mb2812.de\/wp-content\/uploads\/2023\/10\/IMG_3180-1206-1536x1229.jpg 1536w, https:\/\/mb2812.de\/wp-content\/uploads\/2023\/10\/IMG_3180-1206-668x534.jpg 668w, https:\/\/mb2812.de\/wp-content\/uploads\/2023\/10\/IMG_3180-1206.jpg 1920w\" sizes=\"auto, (max-width: 1024px) 100vw, 1024px\" \/><\/a><figcaption class=\"wp-element-caption\"><em>Piazzetta Emilio Maraini, Blick zur Via Nassa<\/em><\/figcaption><\/figure>\n\n\n\n<!--more-->\n\n\n\n<figure class=\"wp-block-image aligncenter size-large is-resized\"><a href=\"https:\/\/mb2812.de\/wp-content\/uploads\/2023\/10\/IMG_5756-1205.jpg\" target=\"_blank\" rel=\" noreferrer noopener\"><img loading=\"lazy\" decoding=\"async\" width=\"768\" height=\"1024\" src=\"https:\/\/mb2812.de\/wp-content\/uploads\/2023\/10\/IMG_5756-1205-768x1024.jpg\" alt=\"\" class=\"wp-image-13438\" style=\"width:600px\" srcset=\"https:\/\/mb2812.de\/wp-content\/uploads\/2023\/10\/IMG_5756-1205-768x1024.jpg 768w, https:\/\/mb2812.de\/wp-content\/uploads\/2023\/10\/IMG_5756-1205-225x300.jpg 225w, https:\/\/mb2812.de\/wp-content\/uploads\/2023\/10\/IMG_5756-1205-1152x1536.jpg 1152w, https:\/\/mb2812.de\/wp-content\/uploads\/2023\/10\/IMG_5756-1205-668x891.jpg 668w, https:\/\/mb2812.de\/wp-content\/uploads\/2023\/10\/IMG_5756-1205.jpg 1440w\" sizes=\"auto, (max-width: 768px) 100vw, 768px\" \/><\/a><figcaption class=\"wp-element-caption\"><em>Am Rande des Platzes, Blick entlang der Via Nassa<\/em><\/figcaption><\/figure>\n\n\n\n<figure class=\"wp-block-image aligncenter size-large is-resized\"><a href=\"https:\/\/mb2812.de\/wp-content\/uploads\/2023\/10\/IMG_5759.jpg\" target=\"_blank\" rel=\" noreferrer noopener\"><img loading=\"lazy\" decoding=\"async\" width=\"768\" height=\"1024\" src=\"https:\/\/mb2812.de\/wp-content\/uploads\/2023\/10\/IMG_5759-768x1024.jpg\" alt=\"\" class=\"wp-image-13447\" style=\"width:600px\" srcset=\"https:\/\/mb2812.de\/wp-content\/uploads\/2023\/10\/IMG_5759-768x1024.jpg 768w, https:\/\/mb2812.de\/wp-content\/uploads\/2023\/10\/IMG_5759-225x300.jpg 225w, https:\/\/mb2812.de\/wp-content\/uploads\/2023\/10\/IMG_5759-1152x1536.jpg 1152w, https:\/\/mb2812.de\/wp-content\/uploads\/2023\/10\/IMG_5759-668x891.jpg 668w, https:\/\/mb2812.de\/wp-content\/uploads\/2023\/10\/IMG_5759.jpg 1440w\" sizes=\"auto, (max-width: 768px) 100vw, 768px\" \/><\/a><figcaption class=\"wp-element-caption\"><em>Beherrschendes Geb\u00e4ude auf der Piazza Riforma ist das 1843-44 errichtete Rathaus, ein monumentaler klassizistischer Rechteckbau<\/em><\/figcaption><\/figure>\n\n\n\n<figure class=\"wp-block-image aligncenter size-large is-resized\"><a href=\"https:\/\/mb2812.de\/wp-content\/uploads\/2023\/10\/IMG_5762-1228-1229.jpg\"><img loading=\"lazy\" decoding=\"async\" width=\"1024\" height=\"819\" src=\"https:\/\/mb2812.de\/wp-content\/uploads\/2023\/10\/IMG_5762-1228-1229-1024x819.jpg\" alt=\"\" class=\"wp-image-13428\" style=\"width:800px\" srcset=\"https:\/\/mb2812.de\/wp-content\/uploads\/2023\/10\/IMG_5762-1228-1229-1024x819.jpg 1024w, https:\/\/mb2812.de\/wp-content\/uploads\/2023\/10\/IMG_5762-1228-1229-300x240.jpg 300w, https:\/\/mb2812.de\/wp-content\/uploads\/2023\/10\/IMG_5762-1228-1229-768x614.jpg 768w, https:\/\/mb2812.de\/wp-content\/uploads\/2023\/10\/IMG_5762-1228-1229-1536x1229.jpg 1536w, https:\/\/mb2812.de\/wp-content\/uploads\/2023\/10\/IMG_5762-1228-1229-668x534.jpg 668w, https:\/\/mb2812.de\/wp-content\/uploads\/2023\/10\/IMG_5762-1228-1229.jpg 1920w\" sizes=\"auto, (max-width: 1024px) 100vw, 1024px\" \/><\/a><figcaption class=\"wp-element-caption\"><em>Details des Rathauses Lugano<\/em><\/figcaption><\/figure>\n\n\n\n<figure class=\"wp-block-image aligncenter size-large is-resized\"><a href=\"https:\/\/mb2812.de\/wp-content\/uploads\/2023\/10\/IMG_5764.jpg\" target=\"_blank\" rel=\" noreferrer noopener\"><img loading=\"lazy\" decoding=\"async\" width=\"768\" height=\"1024\" src=\"https:\/\/mb2812.de\/wp-content\/uploads\/2023\/10\/IMG_5764-768x1024.jpg\" alt=\"\" class=\"wp-image-13448\" style=\"width:600px\" srcset=\"https:\/\/mb2812.de\/wp-content\/uploads\/2023\/10\/IMG_5764-768x1024.jpg 768w, https:\/\/mb2812.de\/wp-content\/uploads\/2023\/10\/IMG_5764-225x300.jpg 225w, https:\/\/mb2812.de\/wp-content\/uploads\/2023\/10\/IMG_5764-1152x1536.jpg 1152w, https:\/\/mb2812.de\/wp-content\/uploads\/2023\/10\/IMG_5764-668x891.jpg 668w, https:\/\/mb2812.de\/wp-content\/uploads\/2023\/10\/IMG_5764.jpg 1440w\" sizes=\"auto, (max-width: 768px) 100vw, 768px\" \/><\/a><figcaption class=\"wp-element-caption\"><em>Blick in die Via Francesco Petrarca<\/em><\/figcaption><\/figure>\n\n\n\n<p>Und dann sind wir sehr schnell am Seeufer. Ein Schiff liegt dort abfahrbereit am Anleger, und es geht nach Porto Ceresio, also ins S\u00fcdbecken des Luganer Sees. Da ist die Entscheidung schnell getroffen, wir kaufen Tickets und gehen an Bord.<\/p>\n\n\n\n<p>Und das muss ich hier nun einschieben, auch in der Schweiz gibt es schlechten Service, zum Beispiel die Gastronomie an Bord dieses Schiffes. Eigentlich w\u00e4re es f\u00fcrs Personal ganz einfach gewesen, den Gang entlang zu gehen und die an der Seite sitzenden Leute nach ihren W\u00fcnschen zu fragen, die Bedienungen hier gingen jedoch so chaotisch zu Werke, das wir sowohl auf der Hinfahrt wie auf der R\u00fcckfahrt komplett &#8222;\u00fcbersehen&#8220; wurden.<\/p>\n\n\n\n<figure class=\"wp-block-image aligncenter size-large is-resized\"><a href=\"https:\/\/mb2812.de\/wp-content\/uploads\/2023\/10\/IMG_5768.jpg\" target=\"_blank\" rel=\" noreferrer noopener\"><img loading=\"lazy\" decoding=\"async\" width=\"1024\" height=\"819\" src=\"https:\/\/mb2812.de\/wp-content\/uploads\/2023\/10\/IMG_5768-1024x819.jpg\" alt=\"\" class=\"wp-image-13439\" style=\"width:800px\" srcset=\"https:\/\/mb2812.de\/wp-content\/uploads\/2023\/10\/IMG_5768-1024x819.jpg 1024w, https:\/\/mb2812.de\/wp-content\/uploads\/2023\/10\/IMG_5768-300x240.jpg 300w, https:\/\/mb2812.de\/wp-content\/uploads\/2023\/10\/IMG_5768-768x614.jpg 768w, https:\/\/mb2812.de\/wp-content\/uploads\/2023\/10\/IMG_5768-1536x1229.jpg 1536w, https:\/\/mb2812.de\/wp-content\/uploads\/2023\/10\/IMG_5768-668x534.jpg 668w, https:\/\/mb2812.de\/wp-content\/uploads\/2023\/10\/IMG_5768.jpg 1920w\" sizes=\"auto, (max-width: 1024px) 100vw, 1024px\" \/><\/a><figcaption class=\"wp-element-caption\"><em>Wir sind mal auf dem Schiff und warten auf die Abfahrt. Nebenan liegt die &#8222;Ceresio&#8220;, Baujahr 1931, weiter entlang der Seepromenade die Luxus Immobilie &#8222;Palazzo Gargantini&#8220; und im Hintergrund der Monte Br\u00e9<\/em><\/figcaption><\/figure>\n\n\n\n<figure class=\"wp-block-image aligncenter size-large is-resized\"><a href=\"https:\/\/mb2812.de\/wp-content\/uploads\/2023\/10\/IMG_5778.jpg\" target=\"_blank\" rel=\" noreferrer noopener\"><img loading=\"lazy\" decoding=\"async\" width=\"1024\" height=\"819\" src=\"https:\/\/mb2812.de\/wp-content\/uploads\/2023\/10\/IMG_5778-1024x819.jpg\" alt=\"\" class=\"wp-image-13460\" style=\"width:800px\" srcset=\"https:\/\/mb2812.de\/wp-content\/uploads\/2023\/10\/IMG_5778-1024x819.jpg 1024w, https:\/\/mb2812.de\/wp-content\/uploads\/2023\/10\/IMG_5778-300x240.jpg 300w, https:\/\/mb2812.de\/wp-content\/uploads\/2023\/10\/IMG_5778-768x614.jpg 768w, https:\/\/mb2812.de\/wp-content\/uploads\/2023\/10\/IMG_5778-1536x1229.jpg 1536w, https:\/\/mb2812.de\/wp-content\/uploads\/2023\/10\/IMG_5778-668x534.jpg 668w, https:\/\/mb2812.de\/wp-content\/uploads\/2023\/10\/IMG_5778.jpg 1920w\" sizes=\"auto, (max-width: 1024px) 100vw, 1024px\" \/><\/a><figcaption class=\"wp-element-caption\"><em>Erste Station ist Paradiso, hier die dortige Seepromenade<\/em><\/figcaption><\/figure>\n\n\n\n<figure class=\"wp-block-image aligncenter size-large is-resized\"><a href=\"https:\/\/mb2812.de\/wp-content\/uploads\/2023\/10\/IMG_5782.jpg\" target=\"_blank\" rel=\" noreferrer noopener\"><img loading=\"lazy\" decoding=\"async\" width=\"1024\" height=\"819\" src=\"https:\/\/mb2812.de\/wp-content\/uploads\/2023\/10\/IMG_5782-1024x819.jpg\" alt=\"\" class=\"wp-image-13469\" style=\"width:800px\" srcset=\"https:\/\/mb2812.de\/wp-content\/uploads\/2023\/10\/IMG_5782-1024x819.jpg 1024w, https:\/\/mb2812.de\/wp-content\/uploads\/2023\/10\/IMG_5782-300x240.jpg 300w, https:\/\/mb2812.de\/wp-content\/uploads\/2023\/10\/IMG_5782-768x614.jpg 768w, https:\/\/mb2812.de\/wp-content\/uploads\/2023\/10\/IMG_5782-1536x1229.jpg 1536w, https:\/\/mb2812.de\/wp-content\/uploads\/2023\/10\/IMG_5782-668x534.jpg 668w, https:\/\/mb2812.de\/wp-content\/uploads\/2023\/10\/IMG_5782.jpg 1920w\" sizes=\"auto, (max-width: 1024px) 100vw, 1024px\" \/><\/a><figcaption class=\"wp-element-caption\"><em>Von Paradiso aus hat man einen Panoramablick aufs Seeufer Lugano<\/em><\/figcaption><\/figure>\n\n\n\n<figure class=\"wp-block-image aligncenter size-large is-resized\"><a href=\"https:\/\/mb2812.de\/wp-content\/uploads\/2023\/10\/IMG_3207.jpg\" target=\"_blank\" rel=\" noreferrer noopener\"><img loading=\"lazy\" decoding=\"async\" width=\"1024\" height=\"819\" src=\"https:\/\/mb2812.de\/wp-content\/uploads\/2023\/10\/IMG_3207-1024x819.jpg\" alt=\"\" class=\"wp-image-13432\" style=\"width:800px\" srcset=\"https:\/\/mb2812.de\/wp-content\/uploads\/2023\/10\/IMG_3207-1024x819.jpg 1024w, https:\/\/mb2812.de\/wp-content\/uploads\/2023\/10\/IMG_3207-300x240.jpg 300w, https:\/\/mb2812.de\/wp-content\/uploads\/2023\/10\/IMG_3207-768x614.jpg 768w, https:\/\/mb2812.de\/wp-content\/uploads\/2023\/10\/IMG_3207-1536x1229.jpg 1536w, https:\/\/mb2812.de\/wp-content\/uploads\/2023\/10\/IMG_3207-668x534.jpg 668w, https:\/\/mb2812.de\/wp-content\/uploads\/2023\/10\/IMG_3207.jpg 1920w\" sizes=\"auto, (max-width: 1024px) 100vw, 1024px\" \/><\/a><figcaption class=\"wp-element-caption\"><em>Der zentrale Teil Luganos mit dem Turm der Kathedrale San Lorenzo<\/em><\/figcaption><\/figure>\n\n\n\n<figure class=\"wp-block-image aligncenter size-large is-resized\"><a href=\"https:\/\/mb2812.de\/wp-content\/uploads\/2023\/10\/IMG_5784.jpg\" target=\"_blank\" rel=\" noreferrer noopener\"><img loading=\"lazy\" decoding=\"async\" width=\"1024\" height=\"819\" src=\"https:\/\/mb2812.de\/wp-content\/uploads\/2023\/10\/IMG_5784-1024x819.jpg\" alt=\"\" class=\"wp-image-13468\" style=\"width:800px\" srcset=\"https:\/\/mb2812.de\/wp-content\/uploads\/2023\/10\/IMG_5784-1024x819.jpg 1024w, https:\/\/mb2812.de\/wp-content\/uploads\/2023\/10\/IMG_5784-300x240.jpg 300w, https:\/\/mb2812.de\/wp-content\/uploads\/2023\/10\/IMG_5784-768x614.jpg 768w, https:\/\/mb2812.de\/wp-content\/uploads\/2023\/10\/IMG_5784-1536x1229.jpg 1536w, https:\/\/mb2812.de\/wp-content\/uploads\/2023\/10\/IMG_5784-668x534.jpg 668w, https:\/\/mb2812.de\/wp-content\/uploads\/2023\/10\/IMG_5784.jpg 1920w\" sizes=\"auto, (max-width: 1024px) 100vw, 1024px\" \/><\/a><figcaption class=\"wp-element-caption\"><em>Wir fahren nach S\u00fcden vorbei am nord\u00f6stlichen Arm des Luganer Sees, der nach Porlezza f\u00fchrt. Unsere Tour im letzten Jahr ging dort hinein bis zum schweizerischen Grenzort Gandria. Das Schiff davor ist die &#8222;San Gottardo&#8220;, 2001 gebaut<\/em><\/figcaption><\/figure>\n\n\n\n<figure class=\"wp-block-image aligncenter size-large is-resized\"><a href=\"https:\/\/mb2812.de\/wp-content\/uploads\/2023\/10\/IMG_3220.jpg\" target=\"_blank\" rel=\" noreferrer noopener\"><img loading=\"lazy\" decoding=\"async\" width=\"768\" height=\"1024\" src=\"https:\/\/mb2812.de\/wp-content\/uploads\/2023\/10\/IMG_3220-768x1024.jpg\" alt=\"\" class=\"wp-image-13433\" style=\"width:600px\" srcset=\"https:\/\/mb2812.de\/wp-content\/uploads\/2023\/10\/IMG_3220-768x1024.jpg 768w, https:\/\/mb2812.de\/wp-content\/uploads\/2023\/10\/IMG_3220-225x300.jpg 225w, https:\/\/mb2812.de\/wp-content\/uploads\/2023\/10\/IMG_3220-1152x1536.jpg 1152w, https:\/\/mb2812.de\/wp-content\/uploads\/2023\/10\/IMG_3220-668x891.jpg 668w, https:\/\/mb2812.de\/wp-content\/uploads\/2023\/10\/IMG_3220.jpg 1440w\" sizes=\"auto, (max-width: 768px) 100vw, 768px\" \/><\/a><figcaption class=\"wp-element-caption\"><em>Weiter Richtung S\u00fcden kommen wir am zweiten Hausberg Luganos vorbei, dem Monte San Salvatore<\/em><\/figcaption><\/figure>\n\n\n\n<figure class=\"wp-block-image aligncenter size-large is-resized\"><a href=\"https:\/\/mb2812.de\/wp-content\/uploads\/2023\/10\/IMG_3224.jpg\" target=\"_blank\" rel=\" noreferrer noopener\"><img loading=\"lazy\" decoding=\"async\" width=\"1024\" height=\"819\" src=\"https:\/\/mb2812.de\/wp-content\/uploads\/2023\/10\/IMG_3224-1024x819.jpg\" alt=\"\" class=\"wp-image-13434\" style=\"width:800px\" srcset=\"https:\/\/mb2812.de\/wp-content\/uploads\/2023\/10\/IMG_3224-1024x819.jpg 1024w, https:\/\/mb2812.de\/wp-content\/uploads\/2023\/10\/IMG_3224-300x240.jpg 300w, https:\/\/mb2812.de\/wp-content\/uploads\/2023\/10\/IMG_3224-768x614.jpg 768w, https:\/\/mb2812.de\/wp-content\/uploads\/2023\/10\/IMG_3224-1536x1229.jpg 1536w, https:\/\/mb2812.de\/wp-content\/uploads\/2023\/10\/IMG_3224-668x534.jpg 668w, https:\/\/mb2812.de\/wp-content\/uploads\/2023\/10\/IMG_3224.jpg 1920w\" sizes=\"auto, (max-width: 1024px) 100vw, 1024px\" \/><\/a><figcaption class=\"wp-element-caption\"><em>Und dann kommen wir mal wieder nach Italien. Campione d&#8217;Italia ist eine Italienische Exklave am Ufer des Luganer Sees, der Ort wird dominiert vom 2007 fertiggestellten neuen Casino Geb\u00e4ude<\/em><\/figcaption><\/figure>\n\n\n\n<figure class=\"wp-block-image aligncenter size-large is-resized\"><a href=\"https:\/\/mb2812.de\/wp-content\/uploads\/2023\/10\/IMG_5785.jpg\" target=\"_blank\" rel=\" noreferrer noopener\"><img loading=\"lazy\" decoding=\"async\" width=\"1024\" height=\"819\" src=\"https:\/\/mb2812.de\/wp-content\/uploads\/2023\/10\/IMG_5785-1024x819.jpg\" alt=\"\" class=\"wp-image-13461\" style=\"width:800px\" srcset=\"https:\/\/mb2812.de\/wp-content\/uploads\/2023\/10\/IMG_5785-1024x819.jpg 1024w, https:\/\/mb2812.de\/wp-content\/uploads\/2023\/10\/IMG_5785-300x240.jpg 300w, https:\/\/mb2812.de\/wp-content\/uploads\/2023\/10\/IMG_5785-768x614.jpg 768w, https:\/\/mb2812.de\/wp-content\/uploads\/2023\/10\/IMG_5785-1536x1229.jpg 1536w, https:\/\/mb2812.de\/wp-content\/uploads\/2023\/10\/IMG_5785-668x534.jpg 668w, https:\/\/mb2812.de\/wp-content\/uploads\/2023\/10\/IMG_5785.jpg 1920w\" sizes=\"auto, (max-width: 1024px) 100vw, 1024px\" \/><\/a><figcaption class=\"wp-element-caption\"><em>Hier das Casino Geb\u00e4ude formatf\u00fcllend. Es war das gr\u00f6\u00dfte Spielcasino Europas, ging aber 2018 Bankrott. Dies f\u00fchrte zu starken wirtschaftlichen Ersch\u00fctterungen in Campione d&#8217;Italia. Nach drei Jahren ist es seita Anfang 2022 wieder ge\u00f6ffnet.<\/em><\/figcaption><\/figure>\n\n\n\n<figure class=\"wp-block-image aligncenter size-large is-resized\"><a href=\"https:\/\/mb2812.de\/wp-content\/uploads\/2023\/10\/IMG_3238.jpg\" target=\"_blank\" rel=\" noreferrer noopener\"><img loading=\"lazy\" decoding=\"async\" width=\"1024\" height=\"819\" src=\"https:\/\/mb2812.de\/wp-content\/uploads\/2023\/10\/IMG_3238-1024x819.jpg\" alt=\"\" class=\"wp-image-13435\" style=\"width:800px\" srcset=\"https:\/\/mb2812.de\/wp-content\/uploads\/2023\/10\/IMG_3238-1024x819.jpg 1024w, https:\/\/mb2812.de\/wp-content\/uploads\/2023\/10\/IMG_3238-300x240.jpg 300w, https:\/\/mb2812.de\/wp-content\/uploads\/2023\/10\/IMG_3238-768x614.jpg 768w, https:\/\/mb2812.de\/wp-content\/uploads\/2023\/10\/IMG_3238-1536x1229.jpg 1536w, https:\/\/mb2812.de\/wp-content\/uploads\/2023\/10\/IMG_3238-668x534.jpg 668w, https:\/\/mb2812.de\/wp-content\/uploads\/2023\/10\/IMG_3238.jpg 1920w\" sizes=\"auto, (max-width: 1024px) 100vw, 1024px\" \/><\/a><figcaption class=\"wp-element-caption\"><em>Hinter dem Damm bei Melide teilt sich der See nochmals, der linke Arm geht nach Mendrisio, rechts geht es nach Porto Ceresio und Ponte Tresa<\/em><\/figcaption><\/figure>\n\n\n\n<figure class=\"wp-block-image aligncenter size-large is-resized\"><a href=\"https:\/\/mb2812.de\/wp-content\/uploads\/2023\/10\/IMG_5791.jpg\" target=\"_blank\" rel=\" noreferrer noopener\"><img loading=\"lazy\" decoding=\"async\" width=\"1024\" height=\"819\" src=\"https:\/\/mb2812.de\/wp-content\/uploads\/2023\/10\/IMG_5791-1024x819.jpg\" alt=\"\" class=\"wp-image-13449\" style=\"width:800px\" srcset=\"https:\/\/mb2812.de\/wp-content\/uploads\/2023\/10\/IMG_5791-1024x819.jpg 1024w, https:\/\/mb2812.de\/wp-content\/uploads\/2023\/10\/IMG_5791-300x240.jpg 300w, https:\/\/mb2812.de\/wp-content\/uploads\/2023\/10\/IMG_5791-768x614.jpg 768w, https:\/\/mb2812.de\/wp-content\/uploads\/2023\/10\/IMG_5791-1536x1229.jpg 1536w, https:\/\/mb2812.de\/wp-content\/uploads\/2023\/10\/IMG_5791-668x534.jpg 668w, https:\/\/mb2812.de\/wp-content\/uploads\/2023\/10\/IMG_5791.jpg 1920w\" sizes=\"auto, (max-width: 1024px) 100vw, 1024px\" \/><\/a><figcaption class=\"wp-element-caption\"><em>Brusino ist die n\u00e4chste Station<\/em><\/figcaption><\/figure>\n\n\n\n<figure class=\"wp-block-image aligncenter size-large is-resized\"><a href=\"https:\/\/mb2812.de\/wp-content\/uploads\/2023\/10\/IMG_5794.jpg\" target=\"_blank\" rel=\" noreferrer noopener\"><img loading=\"lazy\" decoding=\"async\" width=\"1024\" height=\"819\" src=\"https:\/\/mb2812.de\/wp-content\/uploads\/2023\/10\/IMG_5794-1024x819.jpg\" alt=\"\" class=\"wp-image-13462\" style=\"width:800px\" srcset=\"https:\/\/mb2812.de\/wp-content\/uploads\/2023\/10\/IMG_5794-1024x819.jpg 1024w, https:\/\/mb2812.de\/wp-content\/uploads\/2023\/10\/IMG_5794-300x240.jpg 300w, https:\/\/mb2812.de\/wp-content\/uploads\/2023\/10\/IMG_5794-768x614.jpg 768w, https:\/\/mb2812.de\/wp-content\/uploads\/2023\/10\/IMG_5794-1536x1229.jpg 1536w, https:\/\/mb2812.de\/wp-content\/uploads\/2023\/10\/IMG_5794-668x534.jpg 668w, https:\/\/mb2812.de\/wp-content\/uploads\/2023\/10\/IMG_5794.jpg 1920w\" sizes=\"auto, (max-width: 1024px) 100vw, 1024px\" \/><\/a><figcaption class=\"wp-element-caption\"><em>Und dann kommen wir nach Morcote, das sich als h\u00fcbsches St\u00e4dtchen darstellt und einen eigenen Ausflug wert zu sein scheint.<\/em><\/figcaption><\/figure>\n\n\n\n<figure class=\"wp-block-image aligncenter size-large is-resized\"><a href=\"https:\/\/mb2812.de\/wp-content\/uploads\/2023\/10\/IMG_5795.jpg\" target=\"_blank\" rel=\" noreferrer noopener\"><img loading=\"lazy\" decoding=\"async\" width=\"768\" height=\"1024\" src=\"https:\/\/mb2812.de\/wp-content\/uploads\/2023\/10\/IMG_5795-768x1024.jpg\" alt=\"\" class=\"wp-image-13440\" style=\"width:600px\" srcset=\"https:\/\/mb2812.de\/wp-content\/uploads\/2023\/10\/IMG_5795-768x1024.jpg 768w, https:\/\/mb2812.de\/wp-content\/uploads\/2023\/10\/IMG_5795-225x300.jpg 225w, https:\/\/mb2812.de\/wp-content\/uploads\/2023\/10\/IMG_5795-1152x1536.jpg 1152w, https:\/\/mb2812.de\/wp-content\/uploads\/2023\/10\/IMG_5795-668x891.jpg 668w, https:\/\/mb2812.de\/wp-content\/uploads\/2023\/10\/IMG_5795.jpg 1440w\" sizes=\"auto, (max-width: 768px) 100vw, 768px\" \/><\/a><figcaption class=\"wp-element-caption\"><em>Am Anleger, \u00fcber dem Ort die Kirche Santa Maria del Sasso<\/em><\/figcaption><\/figure>\n\n\n\n<figure class=\"wp-block-image aligncenter size-large is-resized\"><a href=\"https:\/\/mb2812.de\/wp-content\/uploads\/2023\/10\/IMG_5801.jpg\" target=\"_blank\" rel=\" noreferrer noopener\"><img loading=\"lazy\" decoding=\"async\" width=\"1024\" height=\"819\" src=\"https:\/\/mb2812.de\/wp-content\/uploads\/2023\/10\/IMG_5801-1024x819.jpg\" alt=\"\" class=\"wp-image-13450\" style=\"width:800px\" srcset=\"https:\/\/mb2812.de\/wp-content\/uploads\/2023\/10\/IMG_5801-1024x819.jpg 1024w, https:\/\/mb2812.de\/wp-content\/uploads\/2023\/10\/IMG_5801-300x240.jpg 300w, https:\/\/mb2812.de\/wp-content\/uploads\/2023\/10\/IMG_5801-768x614.jpg 768w, https:\/\/mb2812.de\/wp-content\/uploads\/2023\/10\/IMG_5801-1536x1229.jpg 1536w, https:\/\/mb2812.de\/wp-content\/uploads\/2023\/10\/IMG_5801-668x534.jpg 668w, https:\/\/mb2812.de\/wp-content\/uploads\/2023\/10\/IMG_5801.jpg 1920w\" sizes=\"auto, (max-width: 1024px) 100vw, 1024px\" \/><\/a><figcaption class=\"wp-element-caption\"><em>Blick auf die Kirche<\/em><\/figcaption><\/figure>\n\n\n\n<figure class=\"wp-block-image aligncenter size-large is-resized\"><a href=\"https:\/\/mb2812.de\/wp-content\/uploads\/2023\/10\/IMG_5806.jpg\" target=\"_blank\" rel=\" noreferrer noopener\"><img loading=\"lazy\" decoding=\"async\" width=\"1024\" height=\"819\" src=\"https:\/\/mb2812.de\/wp-content\/uploads\/2023\/10\/IMG_5806-1024x819.jpg\" alt=\"\" class=\"wp-image-13463\" style=\"width:800px\" srcset=\"https:\/\/mb2812.de\/wp-content\/uploads\/2023\/10\/IMG_5806-1024x819.jpg 1024w, https:\/\/mb2812.de\/wp-content\/uploads\/2023\/10\/IMG_5806-300x240.jpg 300w, https:\/\/mb2812.de\/wp-content\/uploads\/2023\/10\/IMG_5806-768x614.jpg 768w, https:\/\/mb2812.de\/wp-content\/uploads\/2023\/10\/IMG_5806-1536x1229.jpg 1536w, https:\/\/mb2812.de\/wp-content\/uploads\/2023\/10\/IMG_5806-668x534.jpg 668w, https:\/\/mb2812.de\/wp-content\/uploads\/2023\/10\/IMG_5806.jpg 1920w\" sizes=\"auto, (max-width: 1024px) 100vw, 1024px\" \/><\/a><figcaption class=\"wp-element-caption\"><em>Wir verlassen Morcote, zum Endpunkt der Fahrt geht es noch einmal quer \u00fcber den See<\/em><\/figcaption><\/figure>\n\n\n\n<figure class=\"wp-block-image aligncenter size-large is-resized\"><a href=\"https:\/\/mb2812.de\/wp-content\/uploads\/2023\/10\/IMG_3277.jpg\" target=\"_blank\" rel=\" noreferrer noopener\"><img loading=\"lazy\" decoding=\"async\" width=\"1024\" height=\"819\" src=\"https:\/\/mb2812.de\/wp-content\/uploads\/2023\/10\/IMG_3277-1024x819.jpg\" alt=\"\" class=\"wp-image-13442\" style=\"width:800px\" srcset=\"https:\/\/mb2812.de\/wp-content\/uploads\/2023\/10\/IMG_3277-1024x819.jpg 1024w, https:\/\/mb2812.de\/wp-content\/uploads\/2023\/10\/IMG_3277-300x240.jpg 300w, https:\/\/mb2812.de\/wp-content\/uploads\/2023\/10\/IMG_3277-768x614.jpg 768w, https:\/\/mb2812.de\/wp-content\/uploads\/2023\/10\/IMG_3277-1536x1229.jpg 1536w, https:\/\/mb2812.de\/wp-content\/uploads\/2023\/10\/IMG_3277-668x534.jpg 668w, https:\/\/mb2812.de\/wp-content\/uploads\/2023\/10\/IMG_3277.jpg 1920w\" sizes=\"auto, (max-width: 1024px) 100vw, 1024px\" \/><\/a><figcaption class=\"wp-element-caption\"><em>Und dies ist der Endpunkt unserer Fahrt, Porto Ceresio, und damit sind wir wieder in Italien<\/em><\/figcaption><\/figure>\n\n\n\n<figure class=\"wp-block-image aligncenter size-large is-resized\"><a href=\"https:\/\/mb2812.de\/wp-content\/uploads\/2023\/10\/IMG_5818-1232.jpg\"><img loading=\"lazy\" decoding=\"async\" width=\"1024\" height=\"819\" src=\"https:\/\/mb2812.de\/wp-content\/uploads\/2023\/10\/IMG_5818-1232-1024x819.jpg\" alt=\"\" class=\"wp-image-13441\" style=\"width:800px\" srcset=\"https:\/\/mb2812.de\/wp-content\/uploads\/2023\/10\/IMG_5818-1232-1024x819.jpg 1024w, https:\/\/mb2812.de\/wp-content\/uploads\/2023\/10\/IMG_5818-1232-300x240.jpg 300w, https:\/\/mb2812.de\/wp-content\/uploads\/2023\/10\/IMG_5818-1232-768x614.jpg 768w, https:\/\/mb2812.de\/wp-content\/uploads\/2023\/10\/IMG_5818-1232-1536x1229.jpg 1536w, https:\/\/mb2812.de\/wp-content\/uploads\/2023\/10\/IMG_5818-1232-668x534.jpg 668w, https:\/\/mb2812.de\/wp-content\/uploads\/2023\/10\/IMG_5818-1232.jpg 1920w\" sizes=\"auto, (max-width: 1024px) 100vw, 1024px\" \/><\/a><figcaption class=\"wp-element-caption\"><em>Uns reicht ein Foto vor dem Anleger, italienischen Boden betreten wir heute nicht, es geht gleich wieder zur\u00fcck<\/em><\/figcaption><\/figure>\n\n\n\n<figure class=\"wp-block-image aligncenter size-large is-resized\"><a href=\"https:\/\/mb2812.de\/wp-content\/uploads\/2023\/10\/IMG_3291.jpg\" target=\"_blank\" rel=\" noreferrer noopener\"><img loading=\"lazy\" decoding=\"async\" width=\"1024\" height=\"819\" src=\"https:\/\/mb2812.de\/wp-content\/uploads\/2023\/10\/IMG_3291-1024x819.jpg\" alt=\"\" class=\"wp-image-13453\" style=\"width:800px\" srcset=\"https:\/\/mb2812.de\/wp-content\/uploads\/2023\/10\/IMG_3291-1024x819.jpg 1024w, https:\/\/mb2812.de\/wp-content\/uploads\/2023\/10\/IMG_3291-300x240.jpg 300w, https:\/\/mb2812.de\/wp-content\/uploads\/2023\/10\/IMG_3291-768x614.jpg 768w, https:\/\/mb2812.de\/wp-content\/uploads\/2023\/10\/IMG_3291-1536x1229.jpg 1536w, https:\/\/mb2812.de\/wp-content\/uploads\/2023\/10\/IMG_3291-668x534.jpg 668w, https:\/\/mb2812.de\/wp-content\/uploads\/2023\/10\/IMG_3291.jpg 1920w\" sizes=\"auto, (max-width: 1024px) 100vw, 1024px\" \/><\/a><figcaption class=\"wp-element-caption\"><em>Auf der R\u00fcckfahrt kommen wir gleich wieder nach Morcote<\/em><\/figcaption><\/figure>\n\n\n\n<figure class=\"wp-block-image aligncenter size-large is-resized\"><a href=\"https:\/\/mb2812.de\/wp-content\/uploads\/2023\/10\/IMG_3321-1234.jpg\" target=\"_blank\" rel=\" noreferrer noopener\"><img loading=\"lazy\" decoding=\"async\" width=\"1024\" height=\"819\" src=\"https:\/\/mb2812.de\/wp-content\/uploads\/2023\/10\/IMG_3321-1234-1024x819.jpg\" alt=\"\" class=\"wp-image-13455\" style=\"width:800px\" srcset=\"https:\/\/mb2812.de\/wp-content\/uploads\/2023\/10\/IMG_3321-1234-1024x819.jpg 1024w, https:\/\/mb2812.de\/wp-content\/uploads\/2023\/10\/IMG_3321-1234-300x240.jpg 300w, https:\/\/mb2812.de\/wp-content\/uploads\/2023\/10\/IMG_3321-1234-768x614.jpg 768w, https:\/\/mb2812.de\/wp-content\/uploads\/2023\/10\/IMG_3321-1234-1536x1229.jpg 1536w, https:\/\/mb2812.de\/wp-content\/uploads\/2023\/10\/IMG_3321-1234-668x534.jpg 668w, https:\/\/mb2812.de\/wp-content\/uploads\/2023\/10\/IMG_3321-1234.jpg 1920w\" sizes=\"auto, (max-width: 1024px) 100vw, 1024px\" \/><\/a><figcaption class=\"wp-element-caption\"><em>Wir verlassen Morcote zur\u00fcck in Richtung Lugano<\/em><\/figcaption><\/figure>\n\n\n\n<figure class=\"wp-block-image aligncenter size-large is-resized\"><a href=\"https:\/\/mb2812.de\/wp-content\/uploads\/2023\/10\/IMG_3335.jpg\" target=\"_blank\" rel=\" noreferrer noopener\"><img loading=\"lazy\" decoding=\"async\" width=\"1024\" height=\"819\" src=\"https:\/\/mb2812.de\/wp-content\/uploads\/2023\/10\/IMG_3335-1024x819.jpg\" alt=\"\" class=\"wp-image-13443\" style=\"width:800px\" srcset=\"https:\/\/mb2812.de\/wp-content\/uploads\/2023\/10\/IMG_3335-1024x819.jpg 1024w, https:\/\/mb2812.de\/wp-content\/uploads\/2023\/10\/IMG_3335-300x240.jpg 300w, https:\/\/mb2812.de\/wp-content\/uploads\/2023\/10\/IMG_3335-768x614.jpg 768w, https:\/\/mb2812.de\/wp-content\/uploads\/2023\/10\/IMG_3335-1536x1229.jpg 1536w, https:\/\/mb2812.de\/wp-content\/uploads\/2023\/10\/IMG_3335-668x534.jpg 668w, https:\/\/mb2812.de\/wp-content\/uploads\/2023\/10\/IMG_3335.jpg 1920w\" sizes=\"auto, (max-width: 1024px) 100vw, 1024px\" \/><\/a><figcaption class=\"wp-element-caption\"><em>Der Ort Melide vor dem Monte San Salvatore<\/em><\/figcaption><\/figure>\n\n\n\n<p>Am Monte San Salvatore sind wir mit dem Schiff auf Hin- und R\u00fcckfahrt vorbeigefahren, auf den Berg f\u00fchrt wie auf den Monte Br\u00e9 eine Standseilbahn. Eine Fahrt damit steht jetzt auf dem Programm. Wir drehen nochmal eine Runde \u00fcber die Piazza Riforma und besichtigen dabei den Innenhof des Luganer Rathauses, dann laufen wir entlang des Seeufers zur Talstation der Bahn in Paradiso.<\/p>\n\n\n\n<figure class=\"wp-block-image aligncenter size-large is-resized\"><a href=\"https:\/\/mb2812.de\/wp-content\/uploads\/2023\/10\/IMG_3366.jpg\" target=\"_blank\" rel=\" noreferrer noopener\"><img loading=\"lazy\" decoding=\"async\" width=\"768\" height=\"1024\" src=\"https:\/\/mb2812.de\/wp-content\/uploads\/2023\/10\/IMG_3366-768x1024.jpg\" alt=\"\" class=\"wp-image-13456\" style=\"width:600px\" srcset=\"https:\/\/mb2812.de\/wp-content\/uploads\/2023\/10\/IMG_3366-768x1024.jpg 768w, https:\/\/mb2812.de\/wp-content\/uploads\/2023\/10\/IMG_3366-225x300.jpg 225w, https:\/\/mb2812.de\/wp-content\/uploads\/2023\/10\/IMG_3366-1152x1536.jpg 1152w, https:\/\/mb2812.de\/wp-content\/uploads\/2023\/10\/IMG_3366-668x891.jpg 668w, https:\/\/mb2812.de\/wp-content\/uploads\/2023\/10\/IMG_3366.jpg 1440w\" sizes=\"auto, (max-width: 768px) 100vw, 768px\" \/><\/a><figcaption class=\"wp-element-caption\"><em>Im Innenhof des Luganer Rathauses<\/em><\/figcaption><\/figure>\n\n\n\n<figure class=\"wp-block-image aligncenter size-large is-resized\"><a href=\"https:\/\/mb2812.de\/wp-content\/uploads\/2023\/10\/IMG_3365-1233.jpg\" target=\"_blank\" rel=\" noreferrer noopener\"><img loading=\"lazy\" decoding=\"async\" width=\"759\" height=\"1024\" src=\"https:\/\/mb2812.de\/wp-content\/uploads\/2023\/10\/IMG_3365-1233-759x1024.jpg\" alt=\"\" class=\"wp-image-13436\" style=\"width:600px\" srcset=\"https:\/\/mb2812.de\/wp-content\/uploads\/2023\/10\/IMG_3365-1233-759x1024.jpg 759w, https:\/\/mb2812.de\/wp-content\/uploads\/2023\/10\/IMG_3365-1233-222x300.jpg 222w, https:\/\/mb2812.de\/wp-content\/uploads\/2023\/10\/IMG_3365-1233-768x1036.jpg 768w, https:\/\/mb2812.de\/wp-content\/uploads\/2023\/10\/IMG_3365-1233-1138x1536.jpg 1138w, https:\/\/mb2812.de\/wp-content\/uploads\/2023\/10\/IMG_3365-1233-668x901.jpg 668w, https:\/\/mb2812.de\/wp-content\/uploads\/2023\/10\/IMG_3365-1233.jpg 1423w\" sizes=\"auto, (max-width: 759px) 100vw, 759px\" \/><\/a><figcaption class=\"wp-element-caption\"><em>Dort steht &#8222;Spartacus&#8220;, ein Werk des Tessiner Bildhauers Vincenzo Vela<\/em><\/figcaption><\/figure>\n\n\n\n<figure class=\"wp-block-image aligncenter size-large is-resized\"><a href=\"https:\/\/mb2812.de\/wp-content\/uploads\/2023\/10\/IMG_3368-1207.jpg\" target=\"_blank\" rel=\" noreferrer noopener\"><img loading=\"lazy\" decoding=\"async\" width=\"768\" height=\"1024\" src=\"https:\/\/mb2812.de\/wp-content\/uploads\/2023\/10\/IMG_3368-1207-768x1024.jpg\" alt=\"\" class=\"wp-image-13429\" style=\"width:600px\" srcset=\"https:\/\/mb2812.de\/wp-content\/uploads\/2023\/10\/IMG_3368-1207-768x1024.jpg 768w, https:\/\/mb2812.de\/wp-content\/uploads\/2023\/10\/IMG_3368-1207-225x300.jpg 225w, https:\/\/mb2812.de\/wp-content\/uploads\/2023\/10\/IMG_3368-1207-1152x1536.jpg 1152w, https:\/\/mb2812.de\/wp-content\/uploads\/2023\/10\/IMG_3368-1207-668x891.jpg 668w, https:\/\/mb2812.de\/wp-content\/uploads\/2023\/10\/IMG_3368-1207.jpg 1440w\" sizes=\"auto, (max-width: 768px) 100vw, 768px\" \/><\/a><figcaption class=\"wp-element-caption\"><em>Vorbei geht es am &nbsp;Brunnen Antonio Bossi<\/em><\/figcaption><\/figure>\n\n\n\n<p>Da man uns auf dem Schiff ja Verhungern und Verdursten lassen wollte, machen wir unterwegs Mittagspause, am &#8222;Boat Center Lugano&#8220; gibt es eine kleine Restauration und damit f\u00fcr uns etwas zu Essen und zu Trinken.<\/p>\n\n\n\n<figure class=\"wp-block-image aligncenter size-large is-resized\"><a href=\"https:\/\/mb2812.de\/wp-content\/uploads\/2023\/10\/IMG_5853-1208.jpg\" target=\"_blank\" rel=\" noreferrer noopener\"><img loading=\"lazy\" decoding=\"async\" width=\"1024\" height=\"819\" src=\"https:\/\/mb2812.de\/wp-content\/uploads\/2023\/10\/IMG_5853-1208-1024x819.jpg\" alt=\"\" class=\"wp-image-13464\" style=\"width:800px\" srcset=\"https:\/\/mb2812.de\/wp-content\/uploads\/2023\/10\/IMG_5853-1208-1024x819.jpg 1024w, https:\/\/mb2812.de\/wp-content\/uploads\/2023\/10\/IMG_5853-1208-300x240.jpg 300w, https:\/\/mb2812.de\/wp-content\/uploads\/2023\/10\/IMG_5853-1208-768x614.jpg 768w, https:\/\/mb2812.de\/wp-content\/uploads\/2023\/10\/IMG_5853-1208-1536x1229.jpg 1536w, https:\/\/mb2812.de\/wp-content\/uploads\/2023\/10\/IMG_5853-1208-668x534.jpg 668w, https:\/\/mb2812.de\/wp-content\/uploads\/2023\/10\/IMG_5853-1208.jpg 1920w\" sizes=\"auto, (max-width: 1024px) 100vw, 1024px\" \/><\/a><figcaption class=\"wp-element-caption\"><em>Und wir kommen am Kunst- und Kulturzentrum &#8222;Lugano Arte e Cultura&#8220; vorbei<\/em><\/figcaption><\/figure>\n\n\n\n<p>Die Talstation der Seibahn ist schnell gefunden und auch die Fahrkarten sind schnell gekauft. Die Bahn funktioniert etwas anders als \u00fcblich, beide Wagen h\u00e4ngen zwar an einem Seil, aber in der Mitte gibt es keine Ausweiche, man muss umsteigen.<\/p>\n\n\n\n<figure class=\"wp-block-image aligncenter size-large is-resized\"><a href=\"https:\/\/mb2812.de\/wp-content\/uploads\/2023\/10\/IMG_3401-1209.jpg\" target=\"_blank\" rel=\" noreferrer noopener\"><img loading=\"lazy\" decoding=\"async\" width=\"1024\" height=\"819\" src=\"https:\/\/mb2812.de\/wp-content\/uploads\/2023\/10\/IMG_3401-1209-1024x819.jpg\" alt=\"\" class=\"wp-image-13437\" style=\"width:800px\" srcset=\"https:\/\/mb2812.de\/wp-content\/uploads\/2023\/10\/IMG_3401-1209-1024x819.jpg 1024w, https:\/\/mb2812.de\/wp-content\/uploads\/2023\/10\/IMG_3401-1209-300x240.jpg 300w, https:\/\/mb2812.de\/wp-content\/uploads\/2023\/10\/IMG_3401-1209-768x614.jpg 768w, https:\/\/mb2812.de\/wp-content\/uploads\/2023\/10\/IMG_3401-1209-1536x1229.jpg 1536w, https:\/\/mb2812.de\/wp-content\/uploads\/2023\/10\/IMG_3401-1209-668x534.jpg 668w, https:\/\/mb2812.de\/wp-content\/uploads\/2023\/10\/IMG_3401-1209.jpg 1920w\" sizes=\"auto, (max-width: 1024px) 100vw, 1024px\" \/><\/a><figcaption class=\"wp-element-caption\"><em>Und da sind wir oben auf der Aussichtsterasse des Monte San Salvatore, hinter uns der Luganer See<\/em><\/figcaption><\/figure>\n\n\n\n<figure class=\"wp-block-image aligncenter size-large is-resized\"><a href=\"https:\/\/mb2812.de\/wp-content\/uploads\/2023\/10\/IMG_5854.jpg\" target=\"_blank\" rel=\" noreferrer noopener\"><img loading=\"lazy\" decoding=\"async\" width=\"1024\" height=\"819\" src=\"https:\/\/mb2812.de\/wp-content\/uploads\/2023\/10\/IMG_5854-1024x819.jpg\" alt=\"\" class=\"wp-image-13465\" style=\"width:800px\" srcset=\"https:\/\/mb2812.de\/wp-content\/uploads\/2023\/10\/IMG_5854-1024x819.jpg 1024w, https:\/\/mb2812.de\/wp-content\/uploads\/2023\/10\/IMG_5854-300x240.jpg 300w, https:\/\/mb2812.de\/wp-content\/uploads\/2023\/10\/IMG_5854-768x614.jpg 768w, https:\/\/mb2812.de\/wp-content\/uploads\/2023\/10\/IMG_5854-1536x1229.jpg 1536w, https:\/\/mb2812.de\/wp-content\/uploads\/2023\/10\/IMG_5854-668x534.jpg 668w, https:\/\/mb2812.de\/wp-content\/uploads\/2023\/10\/IMG_5854.jpg 1920w\" sizes=\"auto, (max-width: 1024px) 100vw, 1024px\" \/><\/a><figcaption class=\"wp-element-caption\"><em>Und dies ist der Blick nach S\u00fcden \u00fcber den Luganer See mit dem Damm von Melide in der Mitte<\/em><\/figcaption><\/figure>\n\n\n\n<figure class=\"wp-block-image aligncenter size-large is-resized\"><a href=\"https:\/\/mb2812.de\/wp-content\/uploads\/2023\/10\/IMG_3406.jpg\" target=\"_blank\" rel=\" noreferrer noopener\"><img loading=\"lazy\" decoding=\"async\" width=\"1024\" height=\"819\" src=\"https:\/\/mb2812.de\/wp-content\/uploads\/2023\/10\/IMG_3406-1024x819.jpg\" alt=\"\" class=\"wp-image-13444\" style=\"width:800px\" srcset=\"https:\/\/mb2812.de\/wp-content\/uploads\/2023\/10\/IMG_3406-1024x819.jpg 1024w, https:\/\/mb2812.de\/wp-content\/uploads\/2023\/10\/IMG_3406-300x240.jpg 300w, https:\/\/mb2812.de\/wp-content\/uploads\/2023\/10\/IMG_3406-768x614.jpg 768w, https:\/\/mb2812.de\/wp-content\/uploads\/2023\/10\/IMG_3406-1536x1229.jpg 1536w, https:\/\/mb2812.de\/wp-content\/uploads\/2023\/10\/IMG_3406-668x534.jpg 668w, https:\/\/mb2812.de\/wp-content\/uploads\/2023\/10\/IMG_3406.jpg 1920w\" sizes=\"auto, (max-width: 1024px) 100vw, 1024px\" \/><\/a><figcaption class=\"wp-element-caption\"><em>Nach Norden liegt Lugano links, und gegen\u00fcber der Monte Br\u00e9<\/em><\/figcaption><\/figure>\n\n\n\n<figure class=\"wp-block-image aligncenter size-large is-resized\"><a href=\"https:\/\/mb2812.de\/wp-content\/uploads\/2023\/10\/IMG_5855.jpg\" target=\"_blank\" rel=\" noreferrer noopener\"><img loading=\"lazy\" decoding=\"async\" width=\"1024\" height=\"819\" src=\"https:\/\/mb2812.de\/wp-content\/uploads\/2023\/10\/IMG_5855-1024x819.jpg\" alt=\"\" class=\"wp-image-13451\" style=\"width:800px\" srcset=\"https:\/\/mb2812.de\/wp-content\/uploads\/2023\/10\/IMG_5855-1024x819.jpg 1024w, https:\/\/mb2812.de\/wp-content\/uploads\/2023\/10\/IMG_5855-300x240.jpg 300w, https:\/\/mb2812.de\/wp-content\/uploads\/2023\/10\/IMG_5855-768x614.jpg 768w, https:\/\/mb2812.de\/wp-content\/uploads\/2023\/10\/IMG_5855-1536x1229.jpg 1536w, https:\/\/mb2812.de\/wp-content\/uploads\/2023\/10\/IMG_5855-668x534.jpg 668w, https:\/\/mb2812.de\/wp-content\/uploads\/2023\/10\/IMG_5855.jpg 1920w\" sizes=\"auto, (max-width: 1024px) 100vw, 1024px\" \/><\/a><figcaption class=\"wp-element-caption\"><em>Die Innenstadt Luganos entzieht sich etwas dem Blick, ein H\u00fcgel verbirgt die Seepromenade<\/em><\/figcaption><\/figure>\n\n\n\n<figure class=\"wp-block-image aligncenter size-large is-resized\"><a href=\"https:\/\/mb2812.de\/wp-content\/uploads\/2023\/10\/IMG_3425-1223-1224.jpg\" target=\"_blank\" rel=\" noreferrer noopener\"><img loading=\"lazy\" decoding=\"async\" width=\"1024\" height=\"931\" src=\"https:\/\/mb2812.de\/wp-content\/uploads\/2023\/10\/IMG_3425-1223-1224-1024x931.jpg\" alt=\"\" class=\"wp-image-13445\" style=\"width:700px\" srcset=\"https:\/\/mb2812.de\/wp-content\/uploads\/2023\/10\/IMG_3425-1223-1224-1024x931.jpg 1024w, https:\/\/mb2812.de\/wp-content\/uploads\/2023\/10\/IMG_3425-1223-1224-300x273.jpg 300w, https:\/\/mb2812.de\/wp-content\/uploads\/2023\/10\/IMG_3425-1223-1224-768x698.jpg 768w, https:\/\/mb2812.de\/wp-content\/uploads\/2023\/10\/IMG_3425-1223-1224-1536x1397.jpg 1536w, https:\/\/mb2812.de\/wp-content\/uploads\/2023\/10\/IMG_3425-1223-1224-668x607.jpg 668w, https:\/\/mb2812.de\/wp-content\/uploads\/2023\/10\/IMG_3425-1223-1224.jpg 1920w\" sizes=\"auto, (max-width: 1024px) 100vw, 1024px\" \/><\/a><figcaption class=\"wp-element-caption\"><em>Eine Kapelle auf dem Berg gibt es seit dem 13. Jahrhundert, die derzeitige Kirche stammt aus dem Jahre 1718<\/em><\/figcaption><\/figure>\n\n\n\n<figure class=\"wp-block-image aligncenter size-large is-resized\"><a href=\"https:\/\/mb2812.de\/wp-content\/uploads\/2023\/10\/IMG_3429-1225.jpg\" target=\"_blank\" rel=\" noreferrer noopener\"><img loading=\"lazy\" decoding=\"async\" width=\"768\" height=\"1024\" src=\"https:\/\/mb2812.de\/wp-content\/uploads\/2023\/10\/IMG_3429-1225-768x1024.jpg\" alt=\"\" class=\"wp-image-13457\" style=\"width:600px\" srcset=\"https:\/\/mb2812.de\/wp-content\/uploads\/2023\/10\/IMG_3429-1225-768x1024.jpg 768w, https:\/\/mb2812.de\/wp-content\/uploads\/2023\/10\/IMG_3429-1225-225x300.jpg 225w, https:\/\/mb2812.de\/wp-content\/uploads\/2023\/10\/IMG_3429-1225-1152x1536.jpg 1152w, https:\/\/mb2812.de\/wp-content\/uploads\/2023\/10\/IMG_3429-1225-668x891.jpg 668w, https:\/\/mb2812.de\/wp-content\/uploads\/2023\/10\/IMG_3429-1225.jpg 1440w\" sizes=\"auto, (max-width: 768px) 100vw, 768px\" \/><\/a><figcaption class=\"wp-element-caption\"><em>Innen in der Kirche<\/em><\/figcaption><\/figure>\n\n\n\n<figure class=\"wp-block-image aligncenter size-large is-resized\"><a href=\"https:\/\/mb2812.de\/wp-content\/uploads\/2023\/10\/IMG_5863-1227.jpg\" target=\"_blank\" rel=\" noreferrer noopener\"><img loading=\"lazy\" decoding=\"async\" width=\"1024\" height=\"819\" src=\"https:\/\/mb2812.de\/wp-content\/uploads\/2023\/10\/IMG_5863-1227-1024x819.jpg\" alt=\"\" class=\"wp-image-13466\" style=\"width:800px\" srcset=\"https:\/\/mb2812.de\/wp-content\/uploads\/2023\/10\/IMG_5863-1227-1024x819.jpg 1024w, https:\/\/mb2812.de\/wp-content\/uploads\/2023\/10\/IMG_5863-1227-300x240.jpg 300w, https:\/\/mb2812.de\/wp-content\/uploads\/2023\/10\/IMG_5863-1227-768x614.jpg 768w, https:\/\/mb2812.de\/wp-content\/uploads\/2023\/10\/IMG_5863-1227-1536x1229.jpg 1536w, https:\/\/mb2812.de\/wp-content\/uploads\/2023\/10\/IMG_5863-1227-668x534.jpg 668w, https:\/\/mb2812.de\/wp-content\/uploads\/2023\/10\/IMG_5863-1227.jpg 1920w\" sizes=\"auto, (max-width: 1024px) 100vw, 1024px\" \/><\/a><figcaption class=\"wp-element-caption\"><em>Auf der Kirche gibt es eine Aussichtsplatform, die paar zus\u00e4tzlichen H\u00f6henmeter verbessern den Blick auf die Stadt etwas<\/em><\/figcaption><\/figure>\n\n\n\n<p>Eine kurze Pause machen wir noch im Restaurant an der Bergstation und dann geht es wieder abw\u00e4rts. Die Bahnstrecke \u00fcberquert die Seilbahntrasse kurz hinter der Talstation, und dort liegt auch der Haltepunkt Paradiso, von dem aus wir direkt nach Locarno zur\u00fcckfahren k\u00f6nnen. Da kommen wir nochmal ins Schwitzen, denn es sind zwar nur 20 H\u00f6henmeter von der Talstation bis zum Bahnsteig, aber die Steigung hat es in sich.<\/p>\n\n\n\n<figure class=\"wp-block-image aligncenter size-large is-resized\"><a href=\"https:\/\/mb2812.de\/wp-content\/uploads\/2023\/10\/IMG_3445-1226.jpg\" target=\"_blank\" rel=\" noreferrer noopener\"><img loading=\"lazy\" decoding=\"async\" width=\"1024\" height=\"819\" src=\"https:\/\/mb2812.de\/wp-content\/uploads\/2023\/10\/IMG_3445-1226-1024x819.jpg\" alt=\"\" class=\"wp-image-13467\" style=\"width:800px\" srcset=\"https:\/\/mb2812.de\/wp-content\/uploads\/2023\/10\/IMG_3445-1226-1024x819.jpg 1024w, https:\/\/mb2812.de\/wp-content\/uploads\/2023\/10\/IMG_3445-1226-300x240.jpg 300w, https:\/\/mb2812.de\/wp-content\/uploads\/2023\/10\/IMG_3445-1226-768x614.jpg 768w, https:\/\/mb2812.de\/wp-content\/uploads\/2023\/10\/IMG_3445-1226-1536x1229.jpg 1536w, https:\/\/mb2812.de\/wp-content\/uploads\/2023\/10\/IMG_3445-1226-668x534.jpg 668w, https:\/\/mb2812.de\/wp-content\/uploads\/2023\/10\/IMG_3445-1226.jpg 1920w\" sizes=\"auto, (max-width: 1024px) 100vw, 1024px\" \/><\/a><figcaption class=\"wp-element-caption\"><em>Die Seilbahn in der Bergstation<\/em><\/figcaption><\/figure>\n\n\n\n<figure class=\"wp-block-image aligncenter size-large is-resized\"><a href=\"https:\/\/mb2812.de\/wp-content\/uploads\/2023\/10\/IMG_5869.jpg\" target=\"_blank\" rel=\" noreferrer noopener\"><img loading=\"lazy\" decoding=\"async\" width=\"1024\" height=\"819\" src=\"https:\/\/mb2812.de\/wp-content\/uploads\/2023\/10\/IMG_5869-1024x819.jpg\" alt=\"\" class=\"wp-image-13430\" style=\"width:800px\" srcset=\"https:\/\/mb2812.de\/wp-content\/uploads\/2023\/10\/IMG_5869-1024x819.jpg 1024w, https:\/\/mb2812.de\/wp-content\/uploads\/2023\/10\/IMG_5869-300x240.jpg 300w, https:\/\/mb2812.de\/wp-content\/uploads\/2023\/10\/IMG_5869-768x614.jpg 768w, https:\/\/mb2812.de\/wp-content\/uploads\/2023\/10\/IMG_5869-1536x1229.jpg 1536w, https:\/\/mb2812.de\/wp-content\/uploads\/2023\/10\/IMG_5869-668x534.jpg 668w, https:\/\/mb2812.de\/wp-content\/uploads\/2023\/10\/IMG_5869.jpg 1920w\" sizes=\"auto, (max-width: 1024px) 100vw, 1024px\" \/><\/a><figcaption class=\"wp-element-caption\"><em>Umsteigen in Lugano Paradiso. Hier ein Zug in Richtung S\u00fcden<\/em><\/figcaption><\/figure>\n\n\n\n<p>Zur\u00fcck in Locarno h\u00f6ren wir Musik, als wir in die Viale Verbano einbiegen. Unser Hotel veranstaltet einen Weinverkauf auf der Terasse &nbsp;dazu spielt ein Jazz Trio. Wir h\u00f6ren der Musik vom Balkon aus zu, machen uns dann aber auf zum Abendessen.<\/p>\n\n\n\n<figure class=\"wp-block-image aligncenter size-large is-resized\"><a href=\"https:\/\/mb2812.de\/wp-content\/uploads\/2023\/10\/IMG_3457.jpg\" target=\"_blank\" rel=\" noreferrer noopener\"><img loading=\"lazy\" decoding=\"async\" width=\"1024\" height=\"819\" src=\"https:\/\/mb2812.de\/wp-content\/uploads\/2023\/10\/IMG_3457-1024x819.jpg\" alt=\"\" class=\"wp-image-13458\" style=\"width:800px\" srcset=\"https:\/\/mb2812.de\/wp-content\/uploads\/2023\/10\/IMG_3457-1024x819.jpg 1024w, https:\/\/mb2812.de\/wp-content\/uploads\/2023\/10\/IMG_3457-300x240.jpg 300w, https:\/\/mb2812.de\/wp-content\/uploads\/2023\/10\/IMG_3457-768x614.jpg 768w, https:\/\/mb2812.de\/wp-content\/uploads\/2023\/10\/IMG_3457-1536x1229.jpg 1536w, https:\/\/mb2812.de\/wp-content\/uploads\/2023\/10\/IMG_3457-668x534.jpg 668w, https:\/\/mb2812.de\/wp-content\/uploads\/2023\/10\/IMG_3457.jpg 1920w\" sizes=\"auto, (max-width: 1024px) 100vw, 1024px\" \/><\/a><figcaption class=\"wp-element-caption\"><em>Von unserem Balkon sehen wir hinter Sonnenschirm und Balkonbr\u00fcstung zwei Drittel des Jazz Trios<\/em><\/figcaption><\/figure>\n\n\n\n<figure class=\"wp-block-image aligncenter size-large is-resized\"><a href=\"https:\/\/mb2812.de\/wp-content\/uploads\/2023\/10\/IMG_3467-1214.jpg\" target=\"_blank\" rel=\" noreferrer noopener\"><img loading=\"lazy\" decoding=\"async\" width=\"1024\" height=\"819\" src=\"https:\/\/mb2812.de\/wp-content\/uploads\/2023\/10\/IMG_3467-1214-1024x819.jpg\" alt=\"\" class=\"wp-image-13396\" style=\"width:800px\" srcset=\"https:\/\/mb2812.de\/wp-content\/uploads\/2023\/10\/IMG_3467-1214-1024x819.jpg 1024w, https:\/\/mb2812.de\/wp-content\/uploads\/2023\/10\/IMG_3467-1214-300x240.jpg 300w, https:\/\/mb2812.de\/wp-content\/uploads\/2023\/10\/IMG_3467-1214-768x614.jpg 768w, https:\/\/mb2812.de\/wp-content\/uploads\/2023\/10\/IMG_3467-1214-1536x1229.jpg 1536w, https:\/\/mb2812.de\/wp-content\/uploads\/2023\/10\/IMG_3467-1214-668x534.jpg 668w, https:\/\/mb2812.de\/wp-content\/uploads\/2023\/10\/IMG_3467-1214.jpg 1920w\" sizes=\"auto, (max-width: 1024px) 100vw, 1024px\" \/><\/a><figcaption class=\"wp-element-caption\"><em>Ausgesucht haben wir uns die Pizzeria Napul\u00e9. Der Inhaber ist laut seiner Websitedreifacher Pizza-Weltmeister und tats\u00e4chlich, besser schmeckende Pizzen haben wir noch nicht gegessen.<\/em><\/figcaption><\/figure>\n\n\n\n<figure class=\"wp-block-image aligncenter size-large is-resized\"><a href=\"https:\/\/mb2812.de\/wp-content\/uploads\/2023\/10\/IMG_5876.jpg\" target=\"_blank\" rel=\" noreferrer noopener\"><img loading=\"lazy\" decoding=\"async\" width=\"1024\" height=\"819\" src=\"https:\/\/mb2812.de\/wp-content\/uploads\/2023\/10\/IMG_5876-1024x819.jpg\" alt=\"\" class=\"wp-image-13402\" style=\"width:800px\" srcset=\"https:\/\/mb2812.de\/wp-content\/uploads\/2023\/10\/IMG_5876-1024x819.jpg 1024w, https:\/\/mb2812.de\/wp-content\/uploads\/2023\/10\/IMG_5876-300x240.jpg 300w, https:\/\/mb2812.de\/wp-content\/uploads\/2023\/10\/IMG_5876-768x614.jpg 768w, https:\/\/mb2812.de\/wp-content\/uploads\/2023\/10\/IMG_5876-1536x1229.jpg 1536w, https:\/\/mb2812.de\/wp-content\/uploads\/2023\/10\/IMG_5876-668x534.jpg 668w, https:\/\/mb2812.de\/wp-content\/uploads\/2023\/10\/IMG_5876.jpg 1920w\" sizes=\"auto, (max-width: 1024px) 100vw, 1024px\" \/><\/a><figcaption class=\"wp-element-caption\"><em>Napul\u00e9 Pizzeria<\/em><\/figcaption><\/figure>\n\n\n\n<p>Bei unserer R\u00fcckkehr zum Hotel spielt die Band immer noch, wir setzen uns daher noch auf die Hotelterasse f\u00fcr einen Drink.<\/p>\n","protected":false},"excerpt":{"rendered":"<p>Wir fahren nach Lugano, diesmal \u00fcber die Bergstrecke. In Lugano laufen wir durch die Stadt zum Anleger und erwischen ein Boot nach Morcoto und Porto Ceresio. Nach der Bootsfahrt laufen wir bis Paradiso und fahren noch mit der Seilbahn auf den San Salvatore.<\/p>\n","protected":false},"author":1,"featured_media":13432,"comment_status":"closed","ping_status":"closed","sticky":false,"template":"","format":"standard","meta":{"footnotes":""},"categories":[302],"tags":[40,64,48,60],"class_list":["post-13171","post","type-post","status-publish","format-standard","has-post-thumbnail","hentry","category-schweiz-2023","tag-40","tag-lugano","tag-schweiz","tag-tessin"],"_links":{"self":[{"href":"https:\/\/mb2812.de\/index.php?rest_route=\/wp\/v2\/posts\/13171","targetHints":{"allow":["GET"]}}],"collection":[{"href":"https:\/\/mb2812.de\/index.php?rest_route=\/wp\/v2\/posts"}],"about":[{"href":"https:\/\/mb2812.de\/index.php?rest_route=\/wp\/v2\/types\/post"}],"author":[{"embeddable":true,"href":"https:\/\/mb2812.de\/index.php?rest_route=\/wp\/v2\/users\/1"}],"replies":[{"embeddable":true,"href":"https:\/\/mb2812.de\/index.php?rest_route=%2Fwp%2Fv2%2Fcomments&post=13171"}],"version-history":[{"count":25,"href":"https:\/\/mb2812.de\/index.php?rest_route=\/wp\/v2\/posts\/13171\/revisions"}],"predecessor-version":[{"id":15247,"href":"https:\/\/mb2812.de\/index.php?rest_route=\/wp\/v2\/posts\/13171\/revisions\/15247"}],"wp:featuredmedia":[{"embeddable":true,"href":"https:\/\/mb2812.de\/index.php?rest_route=\/wp\/v2\/media\/13432"}],"wp:attachment":[{"href":"https:\/\/mb2812.de\/index.php?rest_route=%2Fwp%2Fv2%2Fmedia&parent=13171"}],"wp:term":[{"taxonomy":"category","embeddable":true,"href":"https:\/\/mb2812.de\/index.php?rest_route=%2Fwp%2Fv2%2Fcategories&post=13171"},{"taxonomy":"post_tag","embeddable":true,"href":"https:\/\/mb2812.de\/index.php?rest_route=%2Fwp%2Fv2%2Ftags&post=13171"}],"curies":[{"name":"wp","href":"https:\/\/api.w.org\/{rel}","templated":true}]}}