{"id":13169,"date":"2023-10-11T09:00:16","date_gmt":"2023-10-11T07:00:16","guid":{"rendered":"http:\/\/reiseblog.mb2812.de\/?p=13169"},"modified":"2024-11-27T14:18:21","modified_gmt":"2024-11-27T12:18:21","slug":"como","status":"publish","type":"post","link":"https:\/\/mb2812.de\/?p=13169","title":{"rendered":"Como"},"content":{"rendered":"\n<p>Ich hatte beim letztj\u00e4hrigen Urlaub ja schon erw\u00e4hnt, das der Tessinaufenthalt auf der urspr\u00fcnglichen Idee, am Comer See Urlaub zu machen, basierte. Nicht mal zu einem Tagesausflug nach Como hatte es allerdings gereicht. Heute wird das korrigier und wir fahren nach Como. Von Locarno nach Italien zu kommen, ist recht einfach. Einmal die Stunde f\u00e4hrt ein \u201eRE80\u201c Eilzug ab Locarno in knapp 2 Stunden nach Mailand und kommt auf dem Weg auch durch Como. Wir sind recht fr\u00fch mit dem Fr\u00fchst\u00fcck fertig und wollen nicht warten, daher nehmen wir den n\u00e4chstbesten Zug, der endet allerdings in Chiasso. Dort gibt es Anschluss nach Como.<\/p>\n\n\n\n<p>In Chiasso kaufen wir erstmal Tickets f\u00fcr die Weiterfahrt Fahrt nach Como, denn das Ticino-Ticket gilt dort nicht mehr. 1,50 Euro kostet es pro Person. Dann gehen wir zum Gleis 11, wo der Zug bereits steht und erleben einen kleinen Kulturschock. Was wir da sehen erwarten wir eher in Neapel. \u201eUralte\u201c Personenwagen, ohne Klimaanlage, daf\u00fcr mit offenen \u00dcbersetzfenstern und Plumpsklo, \u00fcber und \u00fcber mit Graffiti beschmiert, warten auf uns. Wie Google nach l\u00e4ngerer Suche herausr\u00fcckt, handelt es sich um Wagen vom Typ MDVC, gebaut in den 80er Jahren.<\/p>\n\n\n\n<figure class=\"wp-block-image aligncenter size-large is-resized\"><a href=\"https:\/\/mb2812.de\/wp-content\/uploads\/2023\/01\/IMG_2872-1104.jpg\" target=\"_blank\" rel=\" noreferrer noopener\"><img loading=\"lazy\" decoding=\"async\" width=\"1024\" height=\"819\" src=\"https:\/\/mb2812.de\/wp-content\/uploads\/2023\/01\/IMG_2872-1104-1024x819.jpg\" alt=\"\" class=\"wp-image-13340\" style=\"width:800px\" srcset=\"https:\/\/mb2812.de\/wp-content\/uploads\/2023\/01\/IMG_2872-1104-1024x819.jpg 1024w, https:\/\/mb2812.de\/wp-content\/uploads\/2023\/01\/IMG_2872-1104-300x240.jpg 300w, https:\/\/mb2812.de\/wp-content\/uploads\/2023\/01\/IMG_2872-1104-768x614.jpg 768w, https:\/\/mb2812.de\/wp-content\/uploads\/2023\/01\/IMG_2872-1104-1536x1229.jpg 1536w, https:\/\/mb2812.de\/wp-content\/uploads\/2023\/01\/IMG_2872-1104-668x534.jpg 668w, https:\/\/mb2812.de\/wp-content\/uploads\/2023\/01\/IMG_2872-1104.jpg 1920w\" sizes=\"auto, (max-width: 1024px) 100vw, 1024px\" \/><\/a><figcaption class=\"wp-element-caption\"><em>Ein Zug der Mail\u00e4nder S-Bahnlinie 11 in Chiasso<\/em><\/figcaption><\/figure>\n\n\n\n<!--more-->\n\n\n\n<figure class=\"wp-block-image aligncenter size-large is-resized\"><a href=\"https:\/\/mb2812.de\/wp-content\/uploads\/2023\/01\/IMG_2876-1181.jpg\" target=\"_blank\" rel=\" noreferrer noopener\"><img loading=\"lazy\" decoding=\"async\" width=\"1024\" height=\"819\" src=\"https:\/\/mb2812.de\/wp-content\/uploads\/2023\/01\/IMG_2876-1181-1024x819.jpg\" alt=\"\" class=\"wp-image-13336\" style=\"width:800px\" srcset=\"https:\/\/mb2812.de\/wp-content\/uploads\/2023\/01\/IMG_2876-1181-1024x819.jpg 1024w, https:\/\/mb2812.de\/wp-content\/uploads\/2023\/01\/IMG_2876-1181-300x240.jpg 300w, https:\/\/mb2812.de\/wp-content\/uploads\/2023\/01\/IMG_2876-1181-768x614.jpg 768w, https:\/\/mb2812.de\/wp-content\/uploads\/2023\/01\/IMG_2876-1181-1536x1229.jpg 1536w, https:\/\/mb2812.de\/wp-content\/uploads\/2023\/01\/IMG_2876-1181-668x534.jpg 668w, https:\/\/mb2812.de\/wp-content\/uploads\/2023\/01\/IMG_2876-1181.jpg 1920w\" sizes=\"auto, (max-width: 1024px) 100vw, 1024px\" \/><\/a><figcaption class=\"wp-element-caption\"><em>Ich kann mich mal wieder aus dem Fenster herauslehnen<\/em><\/figcaption><\/figure>\n\n\n\n<p>Immerhin, p\u00fcnktlich rumpelt die Fuhre los und nach nicht mal 10 Minuten ist die Fahrt auch schon wieder zu Ende, wir sind in Como San Giovanni und steigen aus. Irgendwoher ist ein anderer Zug mit vielen Touristen fast gleichzeitig angekommen, in einer riesigen Menschenmenge wandern wir vom Bahnhof in Richtung Stadt. Im Prinzip geht es immer geradeaus, so kommen wir zur Piazza Allesandro Volta, einem der zentralen Pl\u00e4tze in der Stadt.<\/p>\n\n\n\n<figure class=\"wp-block-image aligncenter size-large is-resized\"><a href=\"https:\/\/mb2812.de\/wp-content\/uploads\/2023\/01\/IMG_2891.jpg\" target=\"_blank\" rel=\" noreferrer noopener\"><img loading=\"lazy\" decoding=\"async\" width=\"768\" height=\"1024\" src=\"https:\/\/mb2812.de\/wp-content\/uploads\/2023\/01\/IMG_2891-768x1024.jpg\" alt=\"\" class=\"wp-image-13356\" style=\"width:600px\" srcset=\"https:\/\/mb2812.de\/wp-content\/uploads\/2023\/01\/IMG_2891-768x1024.jpg 768w, https:\/\/mb2812.de\/wp-content\/uploads\/2023\/01\/IMG_2891-225x300.jpg 225w, https:\/\/mb2812.de\/wp-content\/uploads\/2023\/01\/IMG_2891-1152x1536.jpg 1152w, https:\/\/mb2812.de\/wp-content\/uploads\/2023\/01\/IMG_2891-668x891.jpg 668w, https:\/\/mb2812.de\/wp-content\/uploads\/2023\/01\/IMG_2891.jpg 1440w\" sizes=\"auto, (max-width: 768px) 100vw, 768px\" \/><\/a><figcaption class=\"wp-element-caption\"><em>Das Monument \u201eLe Mani\u201c am Zugang zum Bahnhof, geschaffen von Massimo Clerici und Doriam Battaglia<\/em><\/figcaption><\/figure>\n\n\n\n<figure class=\"wp-block-image aligncenter size-large is-resized\"><a href=\"https:\/\/mb2812.de\/wp-content\/uploads\/2023\/01\/IMG_5658-1109.jpg\" target=\"_blank\" rel=\" noreferrer noopener\"><img loading=\"lazy\" decoding=\"async\" width=\"768\" height=\"1024\" src=\"https:\/\/mb2812.de\/wp-content\/uploads\/2023\/01\/IMG_5658-1109-768x1024.jpg\" alt=\"\" class=\"wp-image-13364\" style=\"width:600px\" srcset=\"https:\/\/mb2812.de\/wp-content\/uploads\/2023\/01\/IMG_5658-1109-768x1024.jpg 768w, https:\/\/mb2812.de\/wp-content\/uploads\/2023\/01\/IMG_5658-1109-225x300.jpg 225w, https:\/\/mb2812.de\/wp-content\/uploads\/2023\/01\/IMG_5658-1109-1152x1536.jpg 1152w, https:\/\/mb2812.de\/wp-content\/uploads\/2023\/01\/IMG_5658-1109-668x891.jpg 668w, https:\/\/mb2812.de\/wp-content\/uploads\/2023\/01\/IMG_5658-1109.jpg 1440w\" sizes=\"auto, (max-width: 768px) 100vw, 768px\" \/><\/a><figcaption class=\"wp-element-caption\"><em>Das Collegio Gallio ist eine katholische Bildungsst\u00e4tte, 1583 von Kardinal Ptolomeus Gallius gegr\u00fcndet<\/em><\/figcaption><\/figure>\n\n\n\n<figure class=\"wp-block-image aligncenter size-large is-resized\"><a href=\"https:\/\/mb2812.de\/wp-content\/uploads\/2023\/01\/IMG_5662.jpg\" target=\"_blank\" rel=\" noreferrer noopener\"><img loading=\"lazy\" decoding=\"async\" width=\"768\" height=\"1024\" src=\"https:\/\/mb2812.de\/wp-content\/uploads\/2023\/01\/IMG_5662-768x1024.jpg\" alt=\"\" class=\"wp-image-13332\" style=\"width:600px\" srcset=\"https:\/\/mb2812.de\/wp-content\/uploads\/2023\/01\/IMG_5662-768x1024.jpg 768w, https:\/\/mb2812.de\/wp-content\/uploads\/2023\/01\/IMG_5662-225x300.jpg 225w, https:\/\/mb2812.de\/wp-content\/uploads\/2023\/01\/IMG_5662-1152x1536.jpg 1152w, https:\/\/mb2812.de\/wp-content\/uploads\/2023\/01\/IMG_5662-668x891.jpg 668w, https:\/\/mb2812.de\/wp-content\/uploads\/2023\/01\/IMG_5662.jpg 1440w\" sizes=\"auto, (max-width: 768px) 100vw, 768px\" \/><\/a><figcaption class=\"wp-element-caption\"><em>Zeitungsstand auf der Piazza Cacciatori delle Alpi<\/em><\/figcaption><\/figure>\n\n\n\n<figure class=\"wp-block-image aligncenter size-large is-resized\"><a href=\"https:\/\/mb2812.de\/wp-content\/uploads\/2023\/01\/IMG_2896.jpg\" target=\"_blank\" rel=\" noreferrer noopener\"><img loading=\"lazy\" decoding=\"async\" width=\"768\" height=\"1024\" src=\"https:\/\/mb2812.de\/wp-content\/uploads\/2023\/01\/IMG_2896-768x1024.jpg\" alt=\"\" class=\"wp-image-13374\" style=\"width:600px\" srcset=\"https:\/\/mb2812.de\/wp-content\/uploads\/2023\/01\/IMG_2896-768x1024.jpg 768w, https:\/\/mb2812.de\/wp-content\/uploads\/2023\/01\/IMG_2896-225x300.jpg 225w, https:\/\/mb2812.de\/wp-content\/uploads\/2023\/01\/IMG_2896-1152x1536.jpg 1152w, https:\/\/mb2812.de\/wp-content\/uploads\/2023\/01\/IMG_2896-668x891.jpg 668w, https:\/\/mb2812.de\/wp-content\/uploads\/2023\/01\/IMG_2896.jpg 1440w\" sizes=\"auto, (max-width: 768px) 100vw, 768px\" \/><\/a><figcaption class=\"wp-element-caption\"><em>Chiesa di Santa Maria di Loreto, 1749 &#8211; 1754 erbaut<\/em><\/figcaption><\/figure>\n\n\n\n<figure class=\"wp-block-image aligncenter size-large is-resized\"><a href=\"https:\/\/mb2812.de\/wp-content\/uploads\/2023\/01\/IMG_2901-1189.jpg\" target=\"_blank\" rel=\" noreferrer noopener\"><img loading=\"lazy\" decoding=\"async\" width=\"768\" height=\"1024\" src=\"https:\/\/mb2812.de\/wp-content\/uploads\/2023\/01\/IMG_2901-1189-768x1024.jpg\" alt=\"\" class=\"wp-image-13341\" style=\"width:600px\" srcset=\"https:\/\/mb2812.de\/wp-content\/uploads\/2023\/01\/IMG_2901-1189-768x1024.jpg 768w, https:\/\/mb2812.de\/wp-content\/uploads\/2023\/01\/IMG_2901-1189-225x300.jpg 225w, https:\/\/mb2812.de\/wp-content\/uploads\/2023\/01\/IMG_2901-1189-1152x1536.jpg 1152w, https:\/\/mb2812.de\/wp-content\/uploads\/2023\/01\/IMG_2901-1189-668x891.jpg 668w, https:\/\/mb2812.de\/wp-content\/uploads\/2023\/01\/IMG_2901-1189.jpg 1440w\" sizes=\"auto, (max-width: 768px) 100vw, 768px\" \/><\/a><figcaption class=\"wp-element-caption\"><em>Via Guiseppe Garibaldi<\/em><\/figcaption><\/figure>\n\n\n\n<figure class=\"wp-block-image aligncenter size-large is-resized\"><a href=\"https:\/\/mb2812.de\/wp-content\/uploads\/2023\/01\/IMG_5664-1182.jpg\" target=\"_blank\" rel=\" noreferrer noopener\"><img loading=\"lazy\" decoding=\"async\" width=\"768\" height=\"1024\" src=\"https:\/\/mb2812.de\/wp-content\/uploads\/2023\/01\/IMG_5664-1182-768x1024.jpg\" alt=\"\" class=\"wp-image-13348\" style=\"width:600px\" srcset=\"https:\/\/mb2812.de\/wp-content\/uploads\/2023\/01\/IMG_5664-1182-768x1024.jpg 768w, https:\/\/mb2812.de\/wp-content\/uploads\/2023\/01\/IMG_5664-1182-225x300.jpg 225w, https:\/\/mb2812.de\/wp-content\/uploads\/2023\/01\/IMG_5664-1182-1152x1536.jpg 1152w, https:\/\/mb2812.de\/wp-content\/uploads\/2023\/01\/IMG_5664-1182-668x891.jpg 668w, https:\/\/mb2812.de\/wp-content\/uploads\/2023\/01\/IMG_5664-1182.jpg 1440w\" sizes=\"auto, (max-width: 768px) 100vw, 768px\" \/><\/a><figcaption class=\"wp-element-caption\"><em>Via Guiseppe Garibaldi<\/em><\/figcaption><\/figure>\n\n\n\n<figure class=\"wp-block-image aligncenter size-large is-resized\"><a href=\"https:\/\/mb2812.de\/wp-content\/uploads\/2023\/01\/IMG_5666-1183.jpg\" target=\"_blank\" rel=\" noreferrer noopener\"><img loading=\"lazy\" decoding=\"async\" width=\"1024\" height=\"819\" src=\"https:\/\/mb2812.de\/wp-content\/uploads\/2023\/01\/IMG_5666-1183-1024x819.jpg\" alt=\"\" class=\"wp-image-13333\" style=\"width:800px\" srcset=\"https:\/\/mb2812.de\/wp-content\/uploads\/2023\/01\/IMG_5666-1183-1024x819.jpg 1024w, https:\/\/mb2812.de\/wp-content\/uploads\/2023\/01\/IMG_5666-1183-300x240.jpg 300w, https:\/\/mb2812.de\/wp-content\/uploads\/2023\/01\/IMG_5666-1183-768x614.jpg 768w, https:\/\/mb2812.de\/wp-content\/uploads\/2023\/01\/IMG_5666-1183-1536x1229.jpg 1536w, https:\/\/mb2812.de\/wp-content\/uploads\/2023\/01\/IMG_5666-1183-668x534.jpg 668w, https:\/\/mb2812.de\/wp-content\/uploads\/2023\/01\/IMG_5666-1183.jpg 1920w\" sizes=\"auto, (max-width: 1024px) 100vw, 1024px\" \/><\/a><figcaption class=\"wp-element-caption\"><em>Die Piazza Alessandro Volta mit dem Blick zur\u00fcck zur Via Guiseppe Garibaldi, die wir gerade entlanggelaufen sind<\/em><\/figcaption><\/figure>\n\n\n\n<figure class=\"wp-block-image aligncenter size-large is-resized\"><a href=\"https:\/\/mb2812.de\/wp-content\/uploads\/2023\/01\/IMG_2907.jpg\" target=\"_blank\" rel=\" noreferrer noopener\"><img loading=\"lazy\" decoding=\"async\" width=\"768\" height=\"1024\" src=\"https:\/\/mb2812.de\/wp-content\/uploads\/2023\/01\/IMG_2907-768x1024.jpg\" alt=\"\" class=\"wp-image-13342\" style=\"width:600px\" srcset=\"https:\/\/mb2812.de\/wp-content\/uploads\/2023\/01\/IMG_2907-768x1024.jpg 768w, https:\/\/mb2812.de\/wp-content\/uploads\/2023\/01\/IMG_2907-225x300.jpg 225w, https:\/\/mb2812.de\/wp-content\/uploads\/2023\/01\/IMG_2907-1152x1536.jpg 1152w, https:\/\/mb2812.de\/wp-content\/uploads\/2023\/01\/IMG_2907-668x891.jpg 668w, https:\/\/mb2812.de\/wp-content\/uploads\/2023\/01\/IMG_2907.jpg 1440w\" sizes=\"auto, (max-width: 768px) 100vw, 768px\" \/><\/a><figcaption class=\"wp-element-caption\"><em>Auf dem Platz steht eine Statue des 1745 in Como geborenen Pysikers<\/em><\/figcaption><\/figure>\n\n\n\n<p>Wenige Schritte nach links, und wir kommen zum Ufer des Comer Sees, es ist jetzt so ungef\u00e4hr 12:00 Uhr. Hier ist auch die Anlegestelle f\u00fcr die auf dem See verkehrenden Schiffe. Das Ganze ist jetzt recht italienisch, ziemlich un\u00fcbersichtlich und chaotisch. Baustellen und Absperrungen sorgen f\u00fcr zus\u00e4tzliche Verwirrung. Am Anleger liegt ein gro\u00dfes Schiff, das wohl in K\u00fcrze ablegt, au\u00dferdem gibt es ein Geb\u00e4ude mit Fahrkartenschaltern und davor eine riesige Schlange. Wir schaffen es, dies etwas zu sortieren. Das gro\u00dfe Schiff soll um 12:00 Uhr ablegen und bis Bellano etwa in der Mitte des Sees fahren; die meisten Leute in der Schlange warten auf das Tragfl\u00fcgelboot, das danach um 12:15 Uhr fahren soll. Vor den eigentlichen Schaltern stehen nur wenige Leute. Im Fahrplan finden wir ein weiteres Schiff um 12:15 Uhr, das nur den nahen Teil des Sees bedient und um 14:45 Uhr wieder zur\u00fcck sein soll. Eine Rundfahrt damit k\u00e4me f\u00fcr uns in Frage. Leider ist die Schlange vor den Schaltern lang genug, um einen rechtzeitigen Ticketerwerb in Frage zu stellen. Wir besch\u00e4ftigen uns daher mit dem Online Shop der Reederei, der auch nicht ganz ohne Fallen ist, &nbsp;schaffen es aber rechtzeitig ein Online-Ticket zu buchen. Um 12:10 Uhr geht es am Anleger 2 in ein kleines B\u00f6\u00f6tchen und wenige Minuten sp\u00e4ter sind wir unterwegs.<\/p>\n\n\n\n<figure class=\"wp-block-image aligncenter size-large is-resized\"><a href=\"https:\/\/mb2812.de\/wp-content\/uploads\/2023\/01\/IMG_5670-1184.jpg\" target=\"_blank\" rel=\" noreferrer noopener\"><img loading=\"lazy\" decoding=\"async\" width=\"1024\" height=\"819\" src=\"https:\/\/mb2812.de\/wp-content\/uploads\/2023\/01\/IMG_5670-1184-1024x819.jpg\" alt=\"\" class=\"wp-image-13366\" style=\"width:800px\" srcset=\"https:\/\/mb2812.de\/wp-content\/uploads\/2023\/01\/IMG_5670-1184-1024x819.jpg 1024w, https:\/\/mb2812.de\/wp-content\/uploads\/2023\/01\/IMG_5670-1184-300x240.jpg 300w, https:\/\/mb2812.de\/wp-content\/uploads\/2023\/01\/IMG_5670-1184-768x614.jpg 768w, https:\/\/mb2812.de\/wp-content\/uploads\/2023\/01\/IMG_5670-1184-1536x1229.jpg 1536w, https:\/\/mb2812.de\/wp-content\/uploads\/2023\/01\/IMG_5670-1184-668x534.jpg 668w, https:\/\/mb2812.de\/wp-content\/uploads\/2023\/01\/IMG_5670-1184.jpg 1920w\" sizes=\"auto, (max-width: 1024px) 100vw, 1024px\" \/><\/a><figcaption class=\"wp-element-caption\"><em>Wir sitzen im Boot am Anleger 2 und warten auf die Abfahrt, vor uns am Hang die Trasse der Seilbahn ins \u00d6rtchen Brunate<\/em><\/figcaption><\/figure>\n\n\n\n<p>Die Sitzposition ganz vorne im Bug zeigt recht schnell erste Nachteile, bei Wellengang kommt Spritzwasser \u00fcber Bord und feuchtet uns ein wenig an. Wir halten durch, hier sind die Fotos von der Tour:<\/p>\n\n\n\n<figure class=\"wp-block-image aligncenter size-large is-resized\"><a href=\"https:\/\/mb2812.de\/wp-content\/uploads\/2023\/01\/IMG_5677.jpg\" target=\"_blank\" rel=\" noreferrer noopener\"><img loading=\"lazy\" decoding=\"async\" width=\"1024\" height=\"819\" src=\"https:\/\/mb2812.de\/wp-content\/uploads\/2023\/01\/IMG_5677-1024x819.jpg\" alt=\"\" class=\"wp-image-13338\" style=\"width:800px\" srcset=\"https:\/\/mb2812.de\/wp-content\/uploads\/2023\/01\/IMG_5677-1024x819.jpg 1024w, https:\/\/mb2812.de\/wp-content\/uploads\/2023\/01\/IMG_5677-300x240.jpg 300w, https:\/\/mb2812.de\/wp-content\/uploads\/2023\/01\/IMG_5677-768x614.jpg 768w, https:\/\/mb2812.de\/wp-content\/uploads\/2023\/01\/IMG_5677-1536x1229.jpg 1536w, https:\/\/mb2812.de\/wp-content\/uploads\/2023\/01\/IMG_5677-668x534.jpg 668w, https:\/\/mb2812.de\/wp-content\/uploads\/2023\/01\/IMG_5677.jpg 1920w\" sizes=\"auto, (max-width: 1024px) 100vw, 1024px\" \/><\/a><figcaption class=\"wp-element-caption\"><em>Villa Geno mit der Font\u00e4ne<\/em><\/figcaption><\/figure>\n\n\n\n<figure class=\"wp-block-image aligncenter size-large is-resized\"><a href=\"https:\/\/mb2812.de\/wp-content\/uploads\/2023\/01\/IMG_5679.jpg\" target=\"_blank\" rel=\" noreferrer noopener\"><img loading=\"lazy\" decoding=\"async\" width=\"1024\" height=\"819\" src=\"https:\/\/mb2812.de\/wp-content\/uploads\/2023\/01\/IMG_5679-1024x819.jpg\" alt=\"\" class=\"wp-image-13367\" style=\"width:800px\" srcset=\"https:\/\/mb2812.de\/wp-content\/uploads\/2023\/01\/IMG_5679-1024x819.jpg 1024w, https:\/\/mb2812.de\/wp-content\/uploads\/2023\/01\/IMG_5679-300x240.jpg 300w, https:\/\/mb2812.de\/wp-content\/uploads\/2023\/01\/IMG_5679-768x614.jpg 768w, https:\/\/mb2812.de\/wp-content\/uploads\/2023\/01\/IMG_5679-1536x1229.jpg 1536w, https:\/\/mb2812.de\/wp-content\/uploads\/2023\/01\/IMG_5679-668x534.jpg 668w, https:\/\/mb2812.de\/wp-content\/uploads\/2023\/01\/IMG_5679.jpg 1920w\" sizes=\"auto, (max-width: 1024px) 100vw, 1024px\" \/><\/a><figcaption class=\"wp-element-caption\"><em>Ein weiteres der kleineren Boote kommt uns entgegen, die Grifone aus der &#8222;Cormorano&#8220; Klasse mit 88 Sitzen, 2009 gebaut. Unser Boot war noch kleiner, aus der 1950 konstruierten \u201cRondine\u201d Klasse mit gerade mal 53 Sitzen<\/em><\/figcaption><\/figure>\n\n\n\n<figure class=\"wp-block-image aligncenter size-large is-resized\"><a href=\"https:\/\/mb2812.de\/wp-content\/uploads\/2023\/01\/IMG_5682.jpg\" target=\"_blank\" rel=\" noreferrer noopener\"><img loading=\"lazy\" decoding=\"async\" width=\"1024\" height=\"819\" src=\"https:\/\/mb2812.de\/wp-content\/uploads\/2023\/01\/IMG_5682-1024x819.jpg\" alt=\"\" class=\"wp-image-13349\" style=\"width:800px\" srcset=\"https:\/\/mb2812.de\/wp-content\/uploads\/2023\/01\/IMG_5682-1024x819.jpg 1024w, https:\/\/mb2812.de\/wp-content\/uploads\/2023\/01\/IMG_5682-300x240.jpg 300w, https:\/\/mb2812.de\/wp-content\/uploads\/2023\/01\/IMG_5682-768x614.jpg 768w, https:\/\/mb2812.de\/wp-content\/uploads\/2023\/01\/IMG_5682-1536x1229.jpg 1536w, https:\/\/mb2812.de\/wp-content\/uploads\/2023\/01\/IMG_5682-668x534.jpg 668w, https:\/\/mb2812.de\/wp-content\/uploads\/2023\/01\/IMG_5682.jpg 1920w\" sizes=\"auto, (max-width: 1024px) 100vw, 1024px\" \/><\/a><figcaption class=\"wp-element-caption\"><em>Cernobbio, links in der Ortsmitte der Turm der Chiesa di San Vincenzo, rechts unten das weisse Haus ist das Luxushotel &#8222;Villa d&#8217;Este&#8220;.<\/em><\/figcaption><\/figure>\n\n\n\n<figure class=\"wp-block-image aligncenter size-large is-resized\"><a href=\"https:\/\/mb2812.de\/wp-content\/uploads\/2023\/01\/IMG_2950.jpg\" target=\"_blank\" rel=\" noreferrer noopener\"><img loading=\"lazy\" decoding=\"async\" width=\"768\" height=\"1024\" src=\"https:\/\/mb2812.de\/wp-content\/uploads\/2023\/01\/IMG_2950-768x1024.jpg\" alt=\"\" class=\"wp-image-13358\" style=\"width:600px\" srcset=\"https:\/\/mb2812.de\/wp-content\/uploads\/2023\/01\/IMG_2950-768x1024.jpg 768w, https:\/\/mb2812.de\/wp-content\/uploads\/2023\/01\/IMG_2950-225x300.jpg 225w, https:\/\/mb2812.de\/wp-content\/uploads\/2023\/01\/IMG_2950-1152x1536.jpg 1152w, https:\/\/mb2812.de\/wp-content\/uploads\/2023\/01\/IMG_2950-668x891.jpg 668w, https:\/\/mb2812.de\/wp-content\/uploads\/2023\/01\/IMG_2950.jpg 1440w\" sizes=\"auto, (max-width: 768px) 100vw, 768px\" \/><\/a><figcaption class=\"wp-element-caption\"><em>Links nochmal die Villa d&#8217;Este, rechts dar\u00fcber am Hang der Ort Rovenna<\/em><\/figcaption><\/figure>\n\n\n\n<figure class=\"wp-block-image aligncenter size-large is-resized\"><a href=\"https:\/\/mb2812.de\/wp-content\/uploads\/2023\/01\/IMG_5684-1191.jpg\" target=\"_blank\" rel=\" noreferrer noopener\"><img loading=\"lazy\" decoding=\"async\" width=\"768\" height=\"1024\" src=\"https:\/\/mb2812.de\/wp-content\/uploads\/2023\/01\/IMG_5684-1191-768x1024.jpg\" alt=\"\" class=\"wp-image-13350\" style=\"width:600px\" srcset=\"https:\/\/mb2812.de\/wp-content\/uploads\/2023\/01\/IMG_5684-1191-768x1024.jpg 768w, https:\/\/mb2812.de\/wp-content\/uploads\/2023\/01\/IMG_5684-1191-225x300.jpg 225w, https:\/\/mb2812.de\/wp-content\/uploads\/2023\/01\/IMG_5684-1191-1152x1536.jpg 1152w, https:\/\/mb2812.de\/wp-content\/uploads\/2023\/01\/IMG_5684-1191-668x891.jpg 668w, https:\/\/mb2812.de\/wp-content\/uploads\/2023\/01\/IMG_5684-1191.jpg 1440w\" sizes=\"auto, (max-width: 768px) 100vw, 768px\" \/><\/a><figcaption class=\"wp-element-caption\"><em>Blevio mit der Chiesa dei Santi Gordiano ed Epimaco<\/em><\/figcaption><\/figure>\n\n\n\n<figure class=\"wp-block-image aligncenter size-large is-resized\"><a href=\"https:\/\/mb2812.de\/wp-content\/uploads\/2023\/01\/IMG_2979.jpg\" target=\"_blank\" rel=\" noreferrer noopener\"><img loading=\"lazy\" decoding=\"async\" width=\"1024\" height=\"819\" src=\"https:\/\/mb2812.de\/wp-content\/uploads\/2023\/01\/IMG_2979-1024x819.jpg\" alt=\"\" class=\"wp-image-13343\" style=\"width:800px\" srcset=\"https:\/\/mb2812.de\/wp-content\/uploads\/2023\/01\/IMG_2979-1024x819.jpg 1024w, https:\/\/mb2812.de\/wp-content\/uploads\/2023\/01\/IMG_2979-300x240.jpg 300w, https:\/\/mb2812.de\/wp-content\/uploads\/2023\/01\/IMG_2979-768x614.jpg 768w, https:\/\/mb2812.de\/wp-content\/uploads\/2023\/01\/IMG_2979-1536x1229.jpg 1536w, https:\/\/mb2812.de\/wp-content\/uploads\/2023\/01\/IMG_2979-668x534.jpg 668w, https:\/\/mb2812.de\/wp-content\/uploads\/2023\/01\/IMG_2979.jpg 1920w\" sizes=\"auto, (max-width: 1024px) 100vw, 1024px\" \/><\/a><figcaption class=\"wp-element-caption\"><em>Wir kommen nach Tornio, dies ist allerdings das gegen\u00fcberliegende Ufer mit Moltrasio<\/em><\/figcaption><\/figure>\n\n\n\n<figure class=\"wp-block-image aligncenter size-large is-resized\"><a href=\"https:\/\/mb2812.de\/wp-content\/uploads\/2023\/01\/IMG_2988.jpg\" target=\"_blank\" rel=\" noreferrer noopener\"><img loading=\"lazy\" decoding=\"async\" width=\"1024\" height=\"819\" src=\"https:\/\/mb2812.de\/wp-content\/uploads\/2023\/01\/IMG_2988-1024x819.jpg\" alt=\"\" class=\"wp-image-13344\" style=\"width:800px\" srcset=\"https:\/\/mb2812.de\/wp-content\/uploads\/2023\/01\/IMG_2988-1024x819.jpg 1024w, https:\/\/mb2812.de\/wp-content\/uploads\/2023\/01\/IMG_2988-300x240.jpg 300w, https:\/\/mb2812.de\/wp-content\/uploads\/2023\/01\/IMG_2988-768x614.jpg 768w, https:\/\/mb2812.de\/wp-content\/uploads\/2023\/01\/IMG_2988-1536x1229.jpg 1536w, https:\/\/mb2812.de\/wp-content\/uploads\/2023\/01\/IMG_2988-668x534.jpg 668w, https:\/\/mb2812.de\/wp-content\/uploads\/2023\/01\/IMG_2988.jpg 1920w\" sizes=\"auto, (max-width: 1024px) 100vw, 1024px\" \/><\/a><figcaption class=\"wp-element-caption\"><em>Urio &#8211; links schaut das Castello de Urio hinter den B\u00e4umen hervor, rechts die Chiesa di San Quirico e Giulitta<\/em><\/figcaption><\/figure>\n\n\n\n<figure class=\"wp-block-image aligncenter size-large is-resized\"><a href=\"https:\/\/mb2812.de\/wp-content\/uploads\/2023\/01\/IMG_5699.jpg\" target=\"_blank\" rel=\" noreferrer noopener\"><img loading=\"lazy\" decoding=\"async\" width=\"768\" height=\"1024\" src=\"https:\/\/mb2812.de\/wp-content\/uploads\/2023\/01\/IMG_5699-768x1024.jpg\" alt=\"\" class=\"wp-image-13376\" style=\"width:600px\" srcset=\"https:\/\/mb2812.de\/wp-content\/uploads\/2023\/01\/IMG_5699-768x1024.jpg 768w, https:\/\/mb2812.de\/wp-content\/uploads\/2023\/01\/IMG_5699-225x300.jpg 225w, https:\/\/mb2812.de\/wp-content\/uploads\/2023\/01\/IMG_5699-1152x1536.jpg 1152w, https:\/\/mb2812.de\/wp-content\/uploads\/2023\/01\/IMG_5699-668x891.jpg 668w, https:\/\/mb2812.de\/wp-content\/uploads\/2023\/01\/IMG_5699.jpg 1440w\" sizes=\"auto, (max-width: 768px) 100vw, 768px\" \/><\/a><figcaption class=\"wp-element-caption\"><em>Pognana Lario<\/em><\/figcaption><\/figure>\n\n\n\n<figure class=\"wp-block-image aligncenter size-large is-resized\"><a href=\"https:\/\/mb2812.de\/wp-content\/uploads\/2023\/01\/IMG_3017.jpg\" target=\"_blank\" rel=\" noreferrer noopener\"><img loading=\"lazy\" decoding=\"async\" width=\"1024\" height=\"819\" src=\"https:\/\/mb2812.de\/wp-content\/uploads\/2023\/01\/IMG_3017-1024x819.jpg\" alt=\"\" class=\"wp-image-13345\" style=\"width:800px\" srcset=\"https:\/\/mb2812.de\/wp-content\/uploads\/2023\/01\/IMG_3017-1024x819.jpg 1024w, https:\/\/mb2812.de\/wp-content\/uploads\/2023\/01\/IMG_3017-300x240.jpg 300w, https:\/\/mb2812.de\/wp-content\/uploads\/2023\/01\/IMG_3017-768x614.jpg 768w, https:\/\/mb2812.de\/wp-content\/uploads\/2023\/01\/IMG_3017-1536x1229.jpg 1536w, https:\/\/mb2812.de\/wp-content\/uploads\/2023\/01\/IMG_3017-668x534.jpg 668w, https:\/\/mb2812.de\/wp-content\/uploads\/2023\/01\/IMG_3017.jpg 1920w\" sizes=\"auto, (max-width: 1024px) 100vw, 1024px\" \/><\/a><figcaption class=\"wp-element-caption\"><em>Careno<\/em><\/figcaption><\/figure>\n\n\n\n<figure class=\"wp-block-image aligncenter size-large is-resized\"><a href=\"https:\/\/mb2812.de\/wp-content\/uploads\/2023\/01\/IMG_5711.jpg\" target=\"_blank\" rel=\" noreferrer noopener\"><img loading=\"lazy\" decoding=\"async\" width=\"1024\" height=\"819\" src=\"https:\/\/mb2812.de\/wp-content\/uploads\/2023\/01\/IMG_5711-1024x819.jpg\" alt=\"\" class=\"wp-image-13369\" style=\"width:800px\" srcset=\"https:\/\/mb2812.de\/wp-content\/uploads\/2023\/01\/IMG_5711-1024x819.jpg 1024w, https:\/\/mb2812.de\/wp-content\/uploads\/2023\/01\/IMG_5711-300x240.jpg 300w, https:\/\/mb2812.de\/wp-content\/uploads\/2023\/01\/IMG_5711-768x614.jpg 768w, https:\/\/mb2812.de\/wp-content\/uploads\/2023\/01\/IMG_5711-1536x1229.jpg 1536w, https:\/\/mb2812.de\/wp-content\/uploads\/2023\/01\/IMG_5711-668x534.jpg 668w, https:\/\/mb2812.de\/wp-content\/uploads\/2023\/01\/IMG_5711.jpg 1920w\" sizes=\"auto, (max-width: 1024px) 100vw, 1024px\" \/><\/a><figcaption class=\"wp-element-caption\"><em>Kommen wir zum Umkehrpunkt der Fahrt &#8211; Nesso<\/em><\/figcaption><\/figure>\n\n\n\n<figure class=\"wp-block-image aligncenter size-large is-resized\"><a href=\"https:\/\/mb2812.de\/wp-content\/uploads\/2023\/01\/IMG_5713.jpg\" target=\"_blank\" rel=\" noreferrer noopener\"><img loading=\"lazy\" decoding=\"async\" width=\"768\" height=\"1024\" src=\"https:\/\/mb2812.de\/wp-content\/uploads\/2023\/01\/IMG_5713-768x1024.jpg\" alt=\"\" class=\"wp-image-13334\" style=\"width:600px\" srcset=\"https:\/\/mb2812.de\/wp-content\/uploads\/2023\/01\/IMG_5713-768x1024.jpg 768w, https:\/\/mb2812.de\/wp-content\/uploads\/2023\/01\/IMG_5713-225x300.jpg 225w, https:\/\/mb2812.de\/wp-content\/uploads\/2023\/01\/IMG_5713-1152x1536.jpg 1152w, https:\/\/mb2812.de\/wp-content\/uploads\/2023\/01\/IMG_5713-668x891.jpg 668w, https:\/\/mb2812.de\/wp-content\/uploads\/2023\/01\/IMG_5713.jpg 1440w\" sizes=\"auto, (max-width: 768px) 100vw, 768px\" \/><\/a><figcaption class=\"wp-element-caption\"><em>Mitten in Nesso ist die Schlucht &#8218;Orrido di Nesso&#8216;, an der M\u00fcndung in den See die mittelalterliche Civera-Br\u00fccke<\/em><\/figcaption><\/figure>\n\n\n\n<figure class=\"wp-block-image aligncenter size-large is-resized\"><a href=\"https:\/\/mb2812.de\/wp-content\/uploads\/2023\/01\/IMG_5714-1202.jpg\" target=\"_blank\" rel=\" noreferrer noopener\"><img loading=\"lazy\" decoding=\"async\" width=\"1024\" height=\"819\" src=\"https:\/\/mb2812.de\/wp-content\/uploads\/2023\/01\/IMG_5714-1202-1024x819.jpg\" alt=\"\" class=\"wp-image-13370\" style=\"width:800px\" srcset=\"https:\/\/mb2812.de\/wp-content\/uploads\/2023\/01\/IMG_5714-1202-1024x819.jpg 1024w, https:\/\/mb2812.de\/wp-content\/uploads\/2023\/01\/IMG_5714-1202-300x240.jpg 300w, https:\/\/mb2812.de\/wp-content\/uploads\/2023\/01\/IMG_5714-1202-768x614.jpg 768w, https:\/\/mb2812.de\/wp-content\/uploads\/2023\/01\/IMG_5714-1202-1536x1229.jpg 1536w, https:\/\/mb2812.de\/wp-content\/uploads\/2023\/01\/IMG_5714-1202-668x534.jpg 668w, https:\/\/mb2812.de\/wp-content\/uploads\/2023\/01\/IMG_5714-1202.jpg 1920w\" sizes=\"auto, (max-width: 1024px) 100vw, 1024px\" \/><\/a><figcaption class=\"wp-element-caption\"><em>Der Anleger in Nesso, jetzt geht es zur\u00fcck<\/em><\/figcaption><\/figure>\n\n\n\n<figure class=\"wp-block-image aligncenter size-large is-resized\"><a href=\"https:\/\/mb2812.de\/wp-content\/uploads\/2023\/01\/IMG_5715.jpg\" target=\"_blank\" rel=\" noreferrer noopener\"><img loading=\"lazy\" decoding=\"async\" width=\"1024\" height=\"819\" src=\"https:\/\/mb2812.de\/wp-content\/uploads\/2023\/01\/IMG_5715-1024x819.jpg\" alt=\"\" class=\"wp-image-13377\" style=\"width:800px\" srcset=\"https:\/\/mb2812.de\/wp-content\/uploads\/2023\/01\/IMG_5715-1024x819.jpg 1024w, https:\/\/mb2812.de\/wp-content\/uploads\/2023\/01\/IMG_5715-300x240.jpg 300w, https:\/\/mb2812.de\/wp-content\/uploads\/2023\/01\/IMG_5715-768x614.jpg 768w, https:\/\/mb2812.de\/wp-content\/uploads\/2023\/01\/IMG_5715-1536x1229.jpg 1536w, https:\/\/mb2812.de\/wp-content\/uploads\/2023\/01\/IMG_5715-668x534.jpg 668w, https:\/\/mb2812.de\/wp-content\/uploads\/2023\/01\/IMG_5715.jpg 1920w\" sizes=\"auto, (max-width: 1024px) 100vw, 1024px\" \/><\/a><figcaption class=\"wp-element-caption\"><em>Blick weiter den See entlang nach Norden<\/em><\/figcaption><\/figure>\n\n\n\n<figure class=\"wp-block-image aligncenter size-large is-resized\"><a href=\"https:\/\/mb2812.de\/wp-content\/uploads\/2023\/01\/IMG_3038.jpg\" target=\"_blank\" rel=\" noreferrer noopener\"><img loading=\"lazy\" decoding=\"async\" width=\"768\" height=\"1024\" src=\"https:\/\/mb2812.de\/wp-content\/uploads\/2023\/01\/IMG_3038-768x1024.jpg\" alt=\"\" class=\"wp-image-13375\" style=\"width:600px\" srcset=\"https:\/\/mb2812.de\/wp-content\/uploads\/2023\/01\/IMG_3038-768x1024.jpg 768w, https:\/\/mb2812.de\/wp-content\/uploads\/2023\/01\/IMG_3038-225x300.jpg 225w, https:\/\/mb2812.de\/wp-content\/uploads\/2023\/01\/IMG_3038-1152x1536.jpg 1152w, https:\/\/mb2812.de\/wp-content\/uploads\/2023\/01\/IMG_3038-668x891.jpg 668w, https:\/\/mb2812.de\/wp-content\/uploads\/2023\/01\/IMG_3038.jpg 1440w\" sizes=\"auto, (max-width: 768px) 100vw, 768px\" \/><\/a><figcaption class=\"wp-element-caption\"><em>Auf dem R\u00fcckweg kurz vor Pognana Lario<\/em><\/figcaption><\/figure>\n\n\n\n<figure class=\"wp-block-image aligncenter size-large is-resized\"><a href=\"https:\/\/mb2812.de\/wp-content\/uploads\/2023\/01\/IMG_5723.jpg\" target=\"_blank\" rel=\" noreferrer noopener\"><img loading=\"lazy\" decoding=\"async\" width=\"1024\" height=\"819\" src=\"https:\/\/mb2812.de\/wp-content\/uploads\/2023\/01\/IMG_5723-1024x819.jpg\" alt=\"\" class=\"wp-image-13371\" style=\"width:800px\" srcset=\"https:\/\/mb2812.de\/wp-content\/uploads\/2023\/01\/IMG_5723-1024x819.jpg 1024w, https:\/\/mb2812.de\/wp-content\/uploads\/2023\/01\/IMG_5723-300x240.jpg 300w, https:\/\/mb2812.de\/wp-content\/uploads\/2023\/01\/IMG_5723-768x614.jpg 768w, https:\/\/mb2812.de\/wp-content\/uploads\/2023\/01\/IMG_5723-1536x1229.jpg 1536w, https:\/\/mb2812.de\/wp-content\/uploads\/2023\/01\/IMG_5723-668x534.jpg 668w, https:\/\/mb2812.de\/wp-content\/uploads\/2023\/01\/IMG_5723.jpg 1920w\" sizes=\"auto, (max-width: 1024px) 100vw, 1024px\" \/><\/a><figcaption class=\"wp-element-caption\"><em>Bei Cernobbio begegnet uns eine von der Werft kommende Autof\u00e4hre<\/em><\/figcaption><\/figure>\n\n\n\n<p>Nach der R\u00fcckkehr nach Como gibt es jetzt als erstes &#8222;Mittagspause&#8220;. Direkt am Ufer sieht alles recht touristisch und voll aus, wir landen in der Bar\/Caf\u00e9 Touring und bestellen uns eine Vorspeisenplatte f\u00fcr zwei Personen.<\/p>\n\n\n\n<figure class=\"wp-block-image aligncenter size-large is-resized\"><a href=\"https:\/\/mb2812.de\/wp-content\/uploads\/2023\/01\/IMG_3075-1185.jpg\" target=\"_blank\" rel=\" noreferrer noopener\"><img loading=\"lazy\" decoding=\"async\" width=\"768\" height=\"1024\" src=\"https:\/\/mb2812.de\/wp-content\/uploads\/2023\/01\/IMG_3075-1185-768x1024.jpg\" alt=\"\" class=\"wp-image-13346\" style=\"width:600px\" srcset=\"https:\/\/mb2812.de\/wp-content\/uploads\/2023\/01\/IMG_3075-1185-768x1024.jpg 768w, https:\/\/mb2812.de\/wp-content\/uploads\/2023\/01\/IMG_3075-1185-225x300.jpg 225w, https:\/\/mb2812.de\/wp-content\/uploads\/2023\/01\/IMG_3075-1185-1152x1536.jpg 1152w, https:\/\/mb2812.de\/wp-content\/uploads\/2023\/01\/IMG_3075-1185-668x891.jpg 668w, https:\/\/mb2812.de\/wp-content\/uploads\/2023\/01\/IMG_3075-1185.jpg 1440w\" sizes=\"auto, (max-width: 768px) 100vw, 768px\" \/><\/a><figcaption class=\"wp-element-caption\"><em>Das Restaurant der Mittagspause auf der Piazza Cavour<\/em><\/figcaption><\/figure>\n\n\n\n<p>Danach machen wir dann noch einen Rundgang durch den Ort, zun\u00e4chst zum Dom. Das sind auch nur wenige hundert Meter.<\/p>\n\n\n\n<figure class=\"wp-block-image aligncenter size-large is-resized\"><a href=\"https:\/\/mb2812.de\/wp-content\/uploads\/2023\/01\/IMG_5724-1192.jpg\" target=\"_blank\" rel=\" noreferrer noopener\"><img loading=\"lazy\" decoding=\"async\" width=\"768\" height=\"1024\" src=\"https:\/\/mb2812.de\/wp-content\/uploads\/2023\/01\/IMG_5724-1192-768x1024.jpg\" alt=\"\" class=\"wp-image-13372\" style=\"width:600px\" srcset=\"https:\/\/mb2812.de\/wp-content\/uploads\/2023\/01\/IMG_5724-1192-768x1024.jpg 768w, https:\/\/mb2812.de\/wp-content\/uploads\/2023\/01\/IMG_5724-1192-225x300.jpg 225w, https:\/\/mb2812.de\/wp-content\/uploads\/2023\/01\/IMG_5724-1192-1152x1536.jpg 1152w, https:\/\/mb2812.de\/wp-content\/uploads\/2023\/01\/IMG_5724-1192-668x891.jpg 668w, https:\/\/mb2812.de\/wp-content\/uploads\/2023\/01\/IMG_5724-1192.jpg 1440w\" sizes=\"auto, (max-width: 768px) 100vw, 768px\" \/><\/a><figcaption class=\"wp-element-caption\"><em>Vorne das mittelalterliche Rathaus (Broletto), dahinter dann der Dom in Como (Cattedrale di Santa Maria Assunta), dessen Bau 1396 begonnen wurde<\/em><\/figcaption><\/figure>\n\n\n\n<figure class=\"wp-block-image aligncenter size-large is-resized\"><a href=\"https:\/\/mb2812.de\/wp-content\/uploads\/2023\/01\/IMG_5741-1200.jpg\" target=\"_blank\" rel=\" noreferrer noopener\"><img loading=\"lazy\" decoding=\"async\" width=\"1024\" height=\"819\" src=\"https:\/\/mb2812.de\/wp-content\/uploads\/2023\/01\/IMG_5741-1200-1024x819.jpg\" alt=\"\" class=\"wp-image-13335\" style=\"width:800px\" srcset=\"https:\/\/mb2812.de\/wp-content\/uploads\/2023\/01\/IMG_5741-1200-1024x819.jpg 1024w, https:\/\/mb2812.de\/wp-content\/uploads\/2023\/01\/IMG_5741-1200-300x240.jpg 300w, https:\/\/mb2812.de\/wp-content\/uploads\/2023\/01\/IMG_5741-1200-768x614.jpg 768w, https:\/\/mb2812.de\/wp-content\/uploads\/2023\/01\/IMG_5741-1200-1536x1229.jpg 1536w, https:\/\/mb2812.de\/wp-content\/uploads\/2023\/01\/IMG_5741-1200-668x534.jpg 668w, https:\/\/mb2812.de\/wp-content\/uploads\/2023\/01\/IMG_5741-1200.jpg 1920w\" sizes=\"auto, (max-width: 1024px) 100vw, 1024px\" \/><\/a><figcaption class=\"wp-element-caption\"><em>Die Kuppel des Domes<\/em><\/figcaption><\/figure>\n\n\n\n<figure class=\"wp-block-image aligncenter size-large is-resized\"><a href=\"https:\/\/mb2812.de\/wp-content\/uploads\/2023\/01\/IMG_5736-1193.jpg\" target=\"_blank\" rel=\" noreferrer noopener\"><img loading=\"lazy\" decoding=\"async\" width=\"768\" height=\"1024\" src=\"https:\/\/mb2812.de\/wp-content\/uploads\/2023\/01\/IMG_5736-1193-768x1024.jpg\" alt=\"\" class=\"wp-image-13352\" style=\"width:600px\" srcset=\"https:\/\/mb2812.de\/wp-content\/uploads\/2023\/01\/IMG_5736-1193-768x1024.jpg 768w, https:\/\/mb2812.de\/wp-content\/uploads\/2023\/01\/IMG_5736-1193-225x300.jpg 225w, https:\/\/mb2812.de\/wp-content\/uploads\/2023\/01\/IMG_5736-1193-1152x1536.jpg 1152w, https:\/\/mb2812.de\/wp-content\/uploads\/2023\/01\/IMG_5736-1193-668x891.jpg 668w, https:\/\/mb2812.de\/wp-content\/uploads\/2023\/01\/IMG_5736-1193.jpg 1440w\" sizes=\"auto, (max-width: 768px) 100vw, 768px\" \/><\/a><figcaption class=\"wp-element-caption\"><em>Figuren oberhalb des Portals<\/em><\/figcaption><\/figure>\n\n\n\n<figure class=\"wp-block-image aligncenter size-large is-resized\"><a href=\"https:\/\/mb2812.de\/wp-content\/uploads\/2023\/01\/IMG_3103-1203.jpg\" target=\"_blank\" rel=\" noreferrer noopener\"><img loading=\"lazy\" decoding=\"async\" width=\"1024\" height=\"819\" src=\"https:\/\/mb2812.de\/wp-content\/uploads\/2023\/01\/IMG_3103-1203-1024x819.jpg\" alt=\"\" class=\"wp-image-13361\" style=\"width:800px\" srcset=\"https:\/\/mb2812.de\/wp-content\/uploads\/2023\/01\/IMG_3103-1203-1024x819.jpg 1024w, https:\/\/mb2812.de\/wp-content\/uploads\/2023\/01\/IMG_3103-1203-300x240.jpg 300w, https:\/\/mb2812.de\/wp-content\/uploads\/2023\/01\/IMG_3103-1203-768x614.jpg 768w, https:\/\/mb2812.de\/wp-content\/uploads\/2023\/01\/IMG_3103-1203-1536x1229.jpg 1536w, https:\/\/mb2812.de\/wp-content\/uploads\/2023\/01\/IMG_3103-1203-668x534.jpg 668w, https:\/\/mb2812.de\/wp-content\/uploads\/2023\/01\/IMG_3103-1203.jpg 1920w\" sizes=\"auto, (max-width: 1024px) 100vw, 1024px\" \/><\/a><figcaption class=\"wp-element-caption\"><em>Einer der Wandteppiche aus dem ausgehenden 16.\/17. Jahrhundert<\/em><\/figcaption><\/figure>\n\n\n\n<figure class=\"wp-block-image aligncenter size-large is-resized\"><a href=\"https:\/\/mb2812.de\/wp-content\/uploads\/2023\/01\/IMG_5740-1198.jpg\" target=\"_blank\" rel=\" noreferrer noopener\"><img loading=\"lazy\" decoding=\"async\" width=\"768\" height=\"1024\" src=\"https:\/\/mb2812.de\/wp-content\/uploads\/2023\/01\/IMG_5740-1198-768x1024.jpg\" alt=\"\" class=\"wp-image-13353\" style=\"width:600px\" srcset=\"https:\/\/mb2812.de\/wp-content\/uploads\/2023\/01\/IMG_5740-1198-768x1024.jpg 768w, https:\/\/mb2812.de\/wp-content\/uploads\/2023\/01\/IMG_5740-1198-225x300.jpg 225w, https:\/\/mb2812.de\/wp-content\/uploads\/2023\/01\/IMG_5740-1198-1152x1536.jpg 1152w, https:\/\/mb2812.de\/wp-content\/uploads\/2023\/01\/IMG_5740-1198-668x891.jpg 668w, https:\/\/mb2812.de\/wp-content\/uploads\/2023\/01\/IMG_5740-1198.jpg 1440w\" sizes=\"auto, (max-width: 768px) 100vw, 768px\" \/><\/a><figcaption class=\"wp-element-caption\"><em>Die Orgel wurde im Jahre 1932 von Balbiani Vegezzi-Bossi erbaut<\/em><\/figcaption><\/figure>\n\n\n\n<figure class=\"wp-block-image aligncenter size-large is-resized\"><a href=\"https:\/\/mb2812.de\/wp-content\/uploads\/2023\/01\/IMG_3085-1201.jpg\" target=\"_blank\" rel=\" noreferrer noopener\"><img loading=\"lazy\" decoding=\"async\" width=\"1024\" height=\"819\" src=\"https:\/\/mb2812.de\/wp-content\/uploads\/2023\/01\/IMG_3085-1201-1024x819.jpg\" alt=\"\" class=\"wp-image-13360\" style=\"width:800px\" srcset=\"https:\/\/mb2812.de\/wp-content\/uploads\/2023\/01\/IMG_3085-1201-1024x819.jpg 1024w, https:\/\/mb2812.de\/wp-content\/uploads\/2023\/01\/IMG_3085-1201-300x240.jpg 300w, https:\/\/mb2812.de\/wp-content\/uploads\/2023\/01\/IMG_3085-1201-768x614.jpg 768w, https:\/\/mb2812.de\/wp-content\/uploads\/2023\/01\/IMG_3085-1201-1536x1229.jpg 1536w, https:\/\/mb2812.de\/wp-content\/uploads\/2023\/01\/IMG_3085-1201-668x534.jpg 668w, https:\/\/mb2812.de\/wp-content\/uploads\/2023\/01\/IMG_3085-1201.jpg 1920w\" sizes=\"auto, (max-width: 1024px) 100vw, 1024px\" \/><\/a><figcaption class=\"wp-element-caption\"><em>Die dem Dom gegen\u00fcberliegende Seite der Piazza del Duomo<\/em><\/figcaption><\/figure>\n\n\n\n<figure class=\"wp-block-image aligncenter size-large is-resized\"><a href=\"https:\/\/mb2812.de\/wp-content\/uploads\/2023\/01\/IMG_5729.jpg\" target=\"_blank\" rel=\" noreferrer noopener\"><img loading=\"lazy\" decoding=\"async\" width=\"1024\" height=\"819\" src=\"https:\/\/mb2812.de\/wp-content\/uploads\/2023\/01\/IMG_5729-1024x819.jpg\" alt=\"\" class=\"wp-image-13339\" style=\"width:800px\" srcset=\"https:\/\/mb2812.de\/wp-content\/uploads\/2023\/01\/IMG_5729-1024x819.jpg 1024w, https:\/\/mb2812.de\/wp-content\/uploads\/2023\/01\/IMG_5729-300x240.jpg 300w, https:\/\/mb2812.de\/wp-content\/uploads\/2023\/01\/IMG_5729-768x614.jpg 768w, https:\/\/mb2812.de\/wp-content\/uploads\/2023\/01\/IMG_5729-1536x1229.jpg 1536w, https:\/\/mb2812.de\/wp-content\/uploads\/2023\/01\/IMG_5729-668x534.jpg 668w, https:\/\/mb2812.de\/wp-content\/uploads\/2023\/01\/IMG_5729.jpg 1920w\" sizes=\"auto, (max-width: 1024px) 100vw, 1024px\" \/><\/a><figcaption class=\"wp-element-caption\"><em>Piazza del Duomo<\/em><\/figcaption><\/figure>\n\n\n\n<p>Wir gehen weiter und kommen dabei auch an der R\u00fcckseite der zweiten gro\u00dfen Kirche in Como, der Basilica San Fedele, vorbei. Um zum Eingang zu gelangen, m\u00fcssen wir allerdings einen Umweg laufen. Die Via Vittorio Emanuele II gehen wir weiter bis zur Via Giovio.<\/p>\n\n\n\n<figure class=\"wp-block-image aligncenter size-large is-resized\"><a href=\"https:\/\/mb2812.de\/wp-content\/uploads\/2023\/01\/IMG_3132-1188.jpg\" target=\"_blank\" rel=\" noreferrer noopener\"><img loading=\"lazy\" decoding=\"async\" width=\"768\" height=\"1024\" src=\"https:\/\/mb2812.de\/wp-content\/uploads\/2023\/01\/IMG_3132-1188-768x1024.jpg\" alt=\"\" class=\"wp-image-13337\" style=\"width:600px\" srcset=\"https:\/\/mb2812.de\/wp-content\/uploads\/2023\/01\/IMG_3132-1188-768x1024.jpg 768w, https:\/\/mb2812.de\/wp-content\/uploads\/2023\/01\/IMG_3132-1188-225x300.jpg 225w, https:\/\/mb2812.de\/wp-content\/uploads\/2023\/01\/IMG_3132-1188-1152x1536.jpg 1152w, https:\/\/mb2812.de\/wp-content\/uploads\/2023\/01\/IMG_3132-1188-668x891.jpg 668w, https:\/\/mb2812.de\/wp-content\/uploads\/2023\/01\/IMG_3132-1188.jpg 1440w\" sizes=\"auto, (max-width: 768px) 100vw, 768px\" \/><\/a><figcaption class=\"wp-element-caption\"><em>Dabei kommen wir am Palazzo Cernezzi, zwischen dem sechzehnten und siebzehnten Jahrhundert auf bereits bestehenden mittelalterlichen Geb\u00e4uden erbaut, vorbei. Er wurde 1853 von der Stadt gekauft, in ihm findet man heutzutage \u00c4mter der Stadtverwaltung<\/em><\/figcaption><\/figure>\n\n\n\n<p>Vorbei am Palazzo Giovio mit dem arch\u00e4ologischen Museum und dem im Palazzo Olginati untergebrachten Garibaldi Museum biegen wir auf die Via Giovio ein und dann gehen wir auf der Via Odescalci wieder zur\u00fcck.<\/p>\n\n\n\n<figure class=\"wp-block-image aligncenter size-large is-resized\"><a href=\"https:\/\/mb2812.de\/wp-content\/uploads\/2023\/01\/IMG_3142.jpg\" target=\"_blank\" rel=\" noreferrer noopener\"><img loading=\"lazy\" decoding=\"async\" width=\"768\" height=\"1024\" src=\"https:\/\/mb2812.de\/wp-content\/uploads\/2023\/01\/IMG_3142-768x1024.jpg\" alt=\"\" class=\"wp-image-13362\" style=\"width:600px\" srcset=\"https:\/\/mb2812.de\/wp-content\/uploads\/2023\/01\/IMG_3142-768x1024.jpg 768w, https:\/\/mb2812.de\/wp-content\/uploads\/2023\/01\/IMG_3142-225x300.jpg 225w, https:\/\/mb2812.de\/wp-content\/uploads\/2023\/01\/IMG_3142-1152x1536.jpg 1152w, https:\/\/mb2812.de\/wp-content\/uploads\/2023\/01\/IMG_3142-668x891.jpg 668w, https:\/\/mb2812.de\/wp-content\/uploads\/2023\/01\/IMG_3142.jpg 1440w\" sizes=\"auto, (max-width: 768px) 100vw, 768px\" \/><\/a><figcaption class=\"wp-element-caption\"><em>Via Giovio<\/em><\/figcaption><\/figure>\n\n\n\n<figure class=\"wp-block-image aligncenter size-large is-resized\"><a href=\"https:\/\/mb2812.de\/wp-content\/uploads\/2023\/01\/IMG_5752-1194-1195.jpg\" target=\"_blank\" rel=\" noreferrer noopener\"><img loading=\"lazy\" decoding=\"async\" width=\"683\" height=\"1024\" src=\"https:\/\/mb2812.de\/wp-content\/uploads\/2023\/01\/IMG_5752-1194-1195-683x1024.jpg\" alt=\"\" class=\"wp-image-13355\" style=\"width:535px\" srcset=\"https:\/\/mb2812.de\/wp-content\/uploads\/2023\/01\/IMG_5752-1194-1195-683x1024.jpg 683w, https:\/\/mb2812.de\/wp-content\/uploads\/2023\/01\/IMG_5752-1194-1195-200x300.jpg 200w, https:\/\/mb2812.de\/wp-content\/uploads\/2023\/01\/IMG_5752-1194-1195-768x1152.jpg 768w, https:\/\/mb2812.de\/wp-content\/uploads\/2023\/01\/IMG_5752-1194-1195-1024x1536.jpg 1024w, https:\/\/mb2812.de\/wp-content\/uploads\/2023\/01\/IMG_5752-1194-1195-668x1002.jpg 668w, https:\/\/mb2812.de\/wp-content\/uploads\/2023\/01\/IMG_5752-1194-1195.jpg 1280w\" sizes=\"auto, (max-width: 683px) 100vw, 683px\" \/><\/a><figcaption class=\"wp-element-caption\"><em>Eingang der Basilika San Fedele, im 12. Jahrhundert erbaut<\/em><\/figcaption><\/figure>\n\n\n\n<figure class=\"wp-block-image aligncenter size-large is-resized\"><a href=\"https:\/\/mb2812.de\/wp-content\/uploads\/2023\/01\/IMG_5747-1196-1197.jpg\" target=\"_blank\" rel=\" noreferrer noopener\"><img loading=\"lazy\" decoding=\"async\" width=\"683\" height=\"1024\" src=\"https:\/\/mb2812.de\/wp-content\/uploads\/2023\/01\/IMG_5747-1196-1197-683x1024.jpg\" alt=\"\" class=\"wp-image-13354\" style=\"width:535px;height:auto\" srcset=\"https:\/\/mb2812.de\/wp-content\/uploads\/2023\/01\/IMG_5747-1196-1197-683x1024.jpg 683w, https:\/\/mb2812.de\/wp-content\/uploads\/2023\/01\/IMG_5747-1196-1197-200x300.jpg 200w, https:\/\/mb2812.de\/wp-content\/uploads\/2023\/01\/IMG_5747-1196-1197-768x1152.jpg 768w, https:\/\/mb2812.de\/wp-content\/uploads\/2023\/01\/IMG_5747-1196-1197-1024x1536.jpg 1024w, https:\/\/mb2812.de\/wp-content\/uploads\/2023\/01\/IMG_5747-1196-1197-668x1002.jpg 668w, https:\/\/mb2812.de\/wp-content\/uploads\/2023\/01\/IMG_5747-1196-1197.jpg 1280w\" sizes=\"auto, (max-width: 683px) 100vw, 683px\" \/><\/a><figcaption class=\"wp-element-caption\"><em>Innen in der Basilika<\/em><\/figcaption><\/figure>\n\n\n\n<figure class=\"wp-block-image aligncenter size-large is-resized\"><a href=\"https:\/\/mb2812.de\/wp-content\/uploads\/2023\/01\/IMG_3161.jpg\" target=\"_blank\" rel=\" noreferrer noopener\"><img loading=\"lazy\" decoding=\"async\" width=\"768\" height=\"1024\" src=\"https:\/\/mb2812.de\/wp-content\/uploads\/2023\/01\/IMG_3161-768x1024.jpg\" alt=\"\" class=\"wp-image-13363\" style=\"width:600px\" srcset=\"https:\/\/mb2812.de\/wp-content\/uploads\/2023\/01\/IMG_3161-768x1024.jpg 768w, https:\/\/mb2812.de\/wp-content\/uploads\/2023\/01\/IMG_3161-225x300.jpg 225w, https:\/\/mb2812.de\/wp-content\/uploads\/2023\/01\/IMG_3161-1152x1536.jpg 1152w, https:\/\/mb2812.de\/wp-content\/uploads\/2023\/01\/IMG_3161-668x891.jpg 668w, https:\/\/mb2812.de\/wp-content\/uploads\/2023\/01\/IMG_3161.jpg 1440w\" sizes=\"auto, (max-width: 768px) 100vw, 768px\" \/><\/a><figcaption class=\"wp-element-caption\"><em>Via Cinque Giornate<\/em><\/figcaption><\/figure>\n\n\n\n<p>Kurz nach 17:00 Uhr sind wir wieder am Bahnhof und nehmen den Zug um 17:23 nach Locarno, wo wir um 18:35 Uhr ankommen. Da wir vom sp\u00e4ten Mittagessen noch satt sind, gibt es kein Abendessen mehr. Den Abend verbringen wir auf der Terrasse unseres Hotels und f\u00fcr den kleinen Hunger gibt es dort noch ein Sandwich.<\/p>\n","protected":false},"excerpt":{"rendered":"<p>Seit Jahren geplant, geht es endlich nach Como. Eine Rundfahrt auf dem Comer See und eine kurze Stadtbesichtigung standen auf dem Programm<\/p>\n","protected":false},"author":1,"featured_media":13338,"comment_status":"closed","ping_status":"closed","sticky":false,"template":"","format":"standard","meta":{"footnotes":""},"categories":[302],"tags":[40,186,184,180,48,60],"class_list":["post-13169","post","type-post","status-publish","format-standard","has-post-thumbnail","hentry","category-schweiz-2023","tag-40","tag-comer-see","tag-como","tag-italien","tag-schweiz","tag-tessin"],"_links":{"self":[{"href":"https:\/\/mb2812.de\/index.php?rest_route=\/wp\/v2\/posts\/13169","targetHints":{"allow":["GET"]}}],"collection":[{"href":"https:\/\/mb2812.de\/index.php?rest_route=\/wp\/v2\/posts"}],"about":[{"href":"https:\/\/mb2812.de\/index.php?rest_route=\/wp\/v2\/types\/post"}],"author":[{"embeddable":true,"href":"https:\/\/mb2812.de\/index.php?rest_route=\/wp\/v2\/users\/1"}],"replies":[{"embeddable":true,"href":"https:\/\/mb2812.de\/index.php?rest_route=%2Fwp%2Fv2%2Fcomments&post=13169"}],"version-history":[{"count":24,"href":"https:\/\/mb2812.de\/index.php?rest_route=\/wp\/v2\/posts\/13169\/revisions"}],"predecessor-version":[{"id":15306,"href":"https:\/\/mb2812.de\/index.php?rest_route=\/wp\/v2\/posts\/13169\/revisions\/15306"}],"wp:featuredmedia":[{"embeddable":true,"href":"https:\/\/mb2812.de\/index.php?rest_route=\/wp\/v2\/media\/13338"}],"wp:attachment":[{"href":"https:\/\/mb2812.de\/index.php?rest_route=%2Fwp%2Fv2%2Fmedia&parent=13169"}],"wp:term":[{"taxonomy":"category","embeddable":true,"href":"https:\/\/mb2812.de\/index.php?rest_route=%2Fwp%2Fv2%2Fcategories&post=13169"},{"taxonomy":"post_tag","embeddable":true,"href":"https:\/\/mb2812.de\/index.php?rest_route=%2Fwp%2Fv2%2Ftags&post=13169"}],"curies":[{"name":"wp","href":"https:\/\/api.w.org\/{rel}","templated":true}]}}