{"id":13167,"date":"2023-10-10T09:00:58","date_gmt":"2023-10-10T07:00:58","guid":{"rendered":"http:\/\/reiseblog.mb2812.de\/?p=13167"},"modified":"2024-11-24T15:02:14","modified_gmt":"2024-11-24T13:02:14","slug":"in-die-berge-sonogno","status":"publish","type":"post","link":"https:\/\/mb2812.de\/?p=13167","title":{"rendered":"Valle Verzasca"},"content":{"rendered":"\n<p>Was wir im letzten Jahr nie gemacht hatten, war vom Hotel aus &#8222;nach links&#8220; zu gehen, in Richtung Minusio. Immer ging es in Richtung des Zentrums Locarnos. Also steht heute der Weg am Seeufer entlang nach Tenero auf dem Programm. Im Prinzip ist dies die Seeuferpromenade von Minusio, Insgesamt ein gut 3 Kilometer langer, einfacher Spazierweg bis Minusio Mappo.<\/p>\n\n\n\n<p>Ein paar Eindr\u00fccke:<\/p>\n\n\n\n<figure class=\"wp-block-image aligncenter size-large is-resized\"><a href=\"https:\/\/mb2812.de\/wp-content\/uploads\/2023\/10\/IMG_2639.jpg\" target=\"_blank\" rel=\" noreferrer noopener\"><img loading=\"lazy\" decoding=\"async\" width=\"1024\" height=\"819\" src=\"https:\/\/mb2812.de\/wp-content\/uploads\/2023\/10\/IMG_2639-1024x819.jpg\" alt=\"\" class=\"wp-image-13291\" style=\"width:800px\" srcset=\"https:\/\/mb2812.de\/wp-content\/uploads\/2023\/10\/IMG_2639-1024x819.jpg 1024w, https:\/\/mb2812.de\/wp-content\/uploads\/2023\/10\/IMG_2639-300x240.jpg 300w, https:\/\/mb2812.de\/wp-content\/uploads\/2023\/10\/IMG_2639-768x614.jpg 768w, https:\/\/mb2812.de\/wp-content\/uploads\/2023\/10\/IMG_2639-1536x1229.jpg 1536w, https:\/\/mb2812.de\/wp-content\/uploads\/2023\/10\/IMG_2639-668x534.jpg 668w, https:\/\/mb2812.de\/wp-content\/uploads\/2023\/10\/IMG_2639.jpg 1920w\" sizes=\"auto, (max-width: 1024px) 100vw, 1024px\" \/><\/a><\/figure>\n\n\n\n<!--more-->\n\n\n\n<figure class=\"wp-block-image aligncenter size-large is-resized\"><a href=\"https:\/\/mb2812.de\/wp-content\/uploads\/2023\/10\/IMG_5582.jpg\" target=\"_blank\" rel=\" noreferrer noopener\"><img loading=\"lazy\" decoding=\"async\" width=\"1024\" height=\"819\" src=\"https:\/\/mb2812.de\/wp-content\/uploads\/2023\/10\/IMG_5582-1024x819.jpg\" alt=\"\" class=\"wp-image-13295\" style=\"width:800px\" srcset=\"https:\/\/mb2812.de\/wp-content\/uploads\/2023\/10\/IMG_5582-1024x819.jpg 1024w, https:\/\/mb2812.de\/wp-content\/uploads\/2023\/10\/IMG_5582-300x240.jpg 300w, https:\/\/mb2812.de\/wp-content\/uploads\/2023\/10\/IMG_5582-768x614.jpg 768w, https:\/\/mb2812.de\/wp-content\/uploads\/2023\/10\/IMG_5582-1536x1229.jpg 1536w, https:\/\/mb2812.de\/wp-content\/uploads\/2023\/10\/IMG_5582-668x534.jpg 668w, https:\/\/mb2812.de\/wp-content\/uploads\/2023\/10\/IMG_5582.jpg 1920w\" sizes=\"auto, (max-width: 1024px) 100vw, 1024px\" \/><\/a><\/figure>\n\n\n\n<p><\/p>\n\n\n\n<figure class=\"wp-block-image aligncenter size-large is-resized\"><a href=\"https:\/\/mb2812.de\/wp-content\/uploads\/2023\/10\/IMG_5583-1174.jpg\" target=\"_blank\" rel=\" noreferrer noopener\"><img loading=\"lazy\" decoding=\"async\" width=\"768\" height=\"1024\" src=\"https:\/\/mb2812.de\/wp-content\/uploads\/2023\/10\/IMG_5583-1174-768x1024.jpg\" alt=\"\" class=\"wp-image-13286\" style=\"width:600px\" srcset=\"https:\/\/mb2812.de\/wp-content\/uploads\/2023\/10\/IMG_5583-1174-768x1024.jpg 768w, https:\/\/mb2812.de\/wp-content\/uploads\/2023\/10\/IMG_5583-1174-225x300.jpg 225w, https:\/\/mb2812.de\/wp-content\/uploads\/2023\/10\/IMG_5583-1174-1152x1536.jpg 1152w, https:\/\/mb2812.de\/wp-content\/uploads\/2023\/10\/IMG_5583-1174-668x891.jpg 668w, https:\/\/mb2812.de\/wp-content\/uploads\/2023\/10\/IMG_5583-1174.jpg 1440w\" sizes=\"auto, (max-width: 768px) 100vw, 768px\" \/><\/a><\/figure>\n\n\n\n<p>Nach gut der H\u00e4lfte der Strecke taucht links ein gro\u00dfes, schlossartiges Geb\u00e4ude auf. Es ist das &#8222;C\u00e1 di Ferro\u201c und wurde 1558 vom Urner Peter von Pro als Kaserne f\u00fcr seine S\u00f6ldner und als Warenhaus erbaut.<\/p>\n\n\n\n<figure class=\"wp-block-image aligncenter size-large is-resized\"><a href=\"https:\/\/mb2812.de\/wp-content\/uploads\/2023\/10\/IMG_5585.jpg\" target=\"_blank\" rel=\" noreferrer noopener\"><img loading=\"lazy\" decoding=\"async\" width=\"1024\" height=\"819\" src=\"https:\/\/mb2812.de\/wp-content\/uploads\/2023\/10\/IMG_5585-1024x819.jpg\" alt=\"\" class=\"wp-image-13296\" style=\"width:800px\" srcset=\"https:\/\/mb2812.de\/wp-content\/uploads\/2023\/10\/IMG_5585-1024x819.jpg 1024w, https:\/\/mb2812.de\/wp-content\/uploads\/2023\/10\/IMG_5585-300x240.jpg 300w, https:\/\/mb2812.de\/wp-content\/uploads\/2023\/10\/IMG_5585-768x614.jpg 768w, https:\/\/mb2812.de\/wp-content\/uploads\/2023\/10\/IMG_5585-1536x1229.jpg 1536w, https:\/\/mb2812.de\/wp-content\/uploads\/2023\/10\/IMG_5585-668x534.jpg 668w, https:\/\/mb2812.de\/wp-content\/uploads\/2023\/10\/IMG_5585.jpg 1920w\" sizes=\"auto, (max-width: 1024px) 100vw, 1024px\" \/><\/a><figcaption class=\"wp-element-caption\"><em>C\u00e1 di ferr<\/em>o<\/figcaption><\/figure>\n\n\n\n<figure class=\"wp-block-image aligncenter size-large is-resized\"><a href=\"https:\/\/mb2812.de\/wp-content\/uploads\/2023\/10\/IMG_2649-1175-1176.jpg\" target=\"_blank\" rel=\" noreferrer noopener\"><img loading=\"lazy\" decoding=\"async\" width=\"1024\" height=\"819\" src=\"https:\/\/mb2812.de\/wp-content\/uploads\/2023\/10\/IMG_2649-1175-1176-1024x819.jpg\" alt=\"\" class=\"wp-image-13292\" style=\"width:800px\" srcset=\"https:\/\/mb2812.de\/wp-content\/uploads\/2023\/10\/IMG_2649-1175-1176-1024x819.jpg 1024w, https:\/\/mb2812.de\/wp-content\/uploads\/2023\/10\/IMG_2649-1175-1176-300x240.jpg 300w, https:\/\/mb2812.de\/wp-content\/uploads\/2023\/10\/IMG_2649-1175-1176-768x614.jpg 768w, https:\/\/mb2812.de\/wp-content\/uploads\/2023\/10\/IMG_2649-1175-1176-1536x1229.jpg 1536w, https:\/\/mb2812.de\/wp-content\/uploads\/2023\/10\/IMG_2649-1175-1176-668x534.jpg 668w, https:\/\/mb2812.de\/wp-content\/uploads\/2023\/10\/IMG_2649-1175-1176.jpg 1920w\" sizes=\"auto, (max-width: 1024px) 100vw, 1024px\" \/><\/a><figcaption class=\"wp-element-caption\"><em>Blick \u00fcber die Hecke, die Kapelle links wurde 1629\/30 erbaut<\/em><\/figcaption><\/figure>\n\n\n\n<figure class=\"wp-block-image aligncenter size-large is-resized\"><a href=\"https:\/\/mb2812.de\/wp-content\/uploads\/2023\/10\/IMG_5589.jpg\" target=\"_blank\" rel=\" noreferrer noopener\"><img loading=\"lazy\" decoding=\"async\" width=\"768\" height=\"1024\" src=\"https:\/\/mb2812.de\/wp-content\/uploads\/2023\/10\/IMG_5589-768x1024.jpg\" alt=\"\" class=\"wp-image-13512\" style=\"width:600px\" srcset=\"https:\/\/mb2812.de\/wp-content\/uploads\/2023\/10\/IMG_5589-768x1024.jpg 768w, https:\/\/mb2812.de\/wp-content\/uploads\/2023\/10\/IMG_5589-225x300.jpg 225w, https:\/\/mb2812.de\/wp-content\/uploads\/2023\/10\/IMG_5589-1152x1536.jpg 1152w, https:\/\/mb2812.de\/wp-content\/uploads\/2023\/10\/IMG_5589-668x891.jpg 668w, https:\/\/mb2812.de\/wp-content\/uploads\/2023\/10\/IMG_5589.jpg 1440w\" sizes=\"auto, (max-width: 768px) 100vw, 768px\" \/><\/a><figcaption class=\"wp-element-caption\"><em>C\u00e1 di ferro jetzt von der anderen Seite mit dem Turm im Vordergrund<\/em><\/figcaption><\/figure>\n\n\n\n<figure class=\"wp-block-image aligncenter size-large is-resized\"><a href=\"https:\/\/mb2812.de\/wp-content\/uploads\/2023\/10\/IMG_2656.jpg\" target=\"_blank\" rel=\" noreferrer noopener\"><img loading=\"lazy\" decoding=\"async\" width=\"1024\" height=\"819\" src=\"https:\/\/mb2812.de\/wp-content\/uploads\/2023\/10\/IMG_2656-1024x819.jpg\" alt=\"\" class=\"wp-image-13269\" style=\"width:800px\" srcset=\"https:\/\/mb2812.de\/wp-content\/uploads\/2023\/10\/IMG_2656-1024x819.jpg 1024w, https:\/\/mb2812.de\/wp-content\/uploads\/2023\/10\/IMG_2656-300x240.jpg 300w, https:\/\/mb2812.de\/wp-content\/uploads\/2023\/10\/IMG_2656-768x614.jpg 768w, https:\/\/mb2812.de\/wp-content\/uploads\/2023\/10\/IMG_2656-1536x1229.jpg 1536w, https:\/\/mb2812.de\/wp-content\/uploads\/2023\/10\/IMG_2656-668x534.jpg 668w, https:\/\/mb2812.de\/wp-content\/uploads\/2023\/10\/IMG_2656.jpg 1920w\" sizes=\"auto, (max-width: 1024px) 100vw, 1024px\" \/><\/a><figcaption class=\"wp-element-caption\"><em>Zunm Schluss hat man kurz vor Mappo einen sch\u00f6nen Blick \u00fcber den See Richtung Locarno und das Maggia Delta<\/em><\/figcaption><\/figure>\n\n\n\n<p>In &nbsp;Mappo und Tenero kommt die Autobahn recht nahe ans Ufer, und es gibt jetzt Jachth\u00e4fen, Sportpl\u00e4tze und Campingpl\u00e4tze am Ufer, der gem\u00fctliche Spaziergang am Ufer entlang endet hier.<\/p>\n\n\n\n<p>Und deshalb gibt es jetzt einen Szenenwechsel.<\/p>\n\n\n\n<p>Was wir nach dem Spaziergang machen wollten, war ein bisschen offen. Am liebsten w\u00e4re ich in eines der Tessiner Bergt\u00e4ler gefahren, und das in Tenero beginnende Valle Verzasca bietet sich da an, vom Ende unseres Spaziergangs am See entlang ist es nur noch einen Kilometer bis dorthin. Ab dem Bahnhof in Tenero f\u00fchrt eine.  Eine Postauto Linie ab Tenero f\u00fchrt in das sich etwa 25 Kilometer nach Norden erstreckende Tal. Nur hat diese Linie einen recht merkw\u00fcrdigem Fahrplan, gerade Mittags ist eine lange Pause. Nach dem Bus um 11:30 Uhr f\u00e4hrt der N\u00e4chste erst wieder um 13:45 Uhr. Und ob &nbsp;wir den 11:30 Uhr Bus erreichen k\u00f6nnten war nicht ganz sicher, aber es hat funktioniert. Einen Alternativplan f\u00fcr den Nachmittag brauchte ich mir nicht \u00fcberlegen. Den Kilometer vom Jachthafen in Mappo bis zum Bahnhof bew\u00e4ltigen wir schnellen Schrittes in etwa 10 Minuten und kommen so um 11:20 Uhr an der Haltestelle an. Dort sehen wir sehr erstaunt eine riesige Menschenmenge von etwa 100 Personen, die alle auf den Bus warten. Gl\u00fccklicherweise denkt die Schweizer Post (ein wenig) mit, und es kamen zwei Busse gleichzeitig, die dann bis auf den letzten Stehplatz gef\u00fcllt die Fahrt ins Bergtal antraten. Die Strecke ist recht sch\u00f6n, vorbei am Stausee Lago di Vorgono und durch Lavertezzo mit der im 17. Jahrhundert gebauten &#8218;Ponte dei Salti&#8216; Steinbogenbr\u00fccke. Nach einer Stunde endet die Fahrt und wir verlassen den Bus auf dem Parkplatz in Sonogno.<\/p>\n\n\n\n<figure class=\"wp-block-image aligncenter size-large is-resized\"><a href=\"https:\/\/mb2812.de\/wp-content\/uploads\/2023\/10\/IMG_5594.jpg\" target=\"_blank\" rel=\" noreferrer noopener\"><img loading=\"lazy\" decoding=\"async\" width=\"768\" height=\"1024\" src=\"https:\/\/mb2812.de\/wp-content\/uploads\/2023\/10\/IMG_5594-768x1024.jpg\" alt=\"\" class=\"wp-image-13287\" style=\"width:600px\" srcset=\"https:\/\/mb2812.de\/wp-content\/uploads\/2023\/10\/IMG_5594-768x1024.jpg 768w, https:\/\/mb2812.de\/wp-content\/uploads\/2023\/10\/IMG_5594-225x300.jpg 225w, https:\/\/mb2812.de\/wp-content\/uploads\/2023\/10\/IMG_5594-1152x1536.jpg 1152w, https:\/\/mb2812.de\/wp-content\/uploads\/2023\/10\/IMG_5594-668x891.jpg 668w, https:\/\/mb2812.de\/wp-content\/uploads\/2023\/10\/IMG_5594.jpg 1440w\" sizes=\"auto, (max-width: 768px) 100vw, 768px\" \/><\/a><figcaption class=\"wp-element-caption\"><em>Das Dorf Sonogno mit der Kirche Santa Maria Lauretana von 1854<\/em><\/figcaption><\/figure>\n\n\n\n<p>Der Ort ist nun ganz nett, aber mehr wie eine halbe Stunde braucht man nicht, um ihn sich anzusehen und so beschliesse ich, das wir eine kleine Wanderung zu den &#8218;Caccata delle Froda&#8216; Wasserf\u00e4llen unternehmen. Vorher gibt es aber erst eine Mittagspause in der &#8218;Enoteca Redorta&#8216;.<\/p>\n\n\n\n<p>Zun\u00e4chst mal ein paar Fotos aus dem Ort:<\/p>\n\n\n\n<figure class=\"wp-block-image aligncenter size-large is-resized\"><a href=\"https:\/\/mb2812.de\/wp-content\/uploads\/2023\/10\/IMG_2672.jpg\" target=\"_blank\" rel=\" noreferrer noopener\"><img loading=\"lazy\" decoding=\"async\" width=\"768\" height=\"1024\" src=\"https:\/\/mb2812.de\/wp-content\/uploads\/2023\/10\/IMG_2672-768x1024.jpg\" alt=\"\" class=\"wp-image-13272\" style=\"width:600px\" srcset=\"https:\/\/mb2812.de\/wp-content\/uploads\/2023\/10\/IMG_2672-768x1024.jpg 768w, https:\/\/mb2812.de\/wp-content\/uploads\/2023\/10\/IMG_2672-225x300.jpg 225w, https:\/\/mb2812.de\/wp-content\/uploads\/2023\/10\/IMG_2672-1152x1536.jpg 1152w, https:\/\/mb2812.de\/wp-content\/uploads\/2023\/10\/IMG_2672-668x891.jpg 668w, https:\/\/mb2812.de\/wp-content\/uploads\/2023\/10\/IMG_2672.jpg 1440w\" sizes=\"auto, (max-width: 768px) 100vw, 768px\" \/><\/a><\/figure>\n\n\n\n<div style=\"height:10px\" aria-hidden=\"true\" class=\"wp-block-spacer\"><\/div>\n\n\n\n<figure class=\"wp-block-image aligncenter size-large is-resized\"><a href=\"https:\/\/mb2812.de\/wp-content\/uploads\/2023\/10\/IMG_2677.jpg\" target=\"_blank\" rel=\" noreferrer noopener\"><img loading=\"lazy\" decoding=\"async\" width=\"768\" height=\"1024\" src=\"https:\/\/mb2812.de\/wp-content\/uploads\/2023\/10\/IMG_2677-768x1024.jpg\" alt=\"\" class=\"wp-image-13280\" style=\"width:600px\" srcset=\"https:\/\/mb2812.de\/wp-content\/uploads\/2023\/10\/IMG_2677-768x1024.jpg 768w, https:\/\/mb2812.de\/wp-content\/uploads\/2023\/10\/IMG_2677-225x300.jpg 225w, https:\/\/mb2812.de\/wp-content\/uploads\/2023\/10\/IMG_2677-1152x1536.jpg 1152w, https:\/\/mb2812.de\/wp-content\/uploads\/2023\/10\/IMG_2677-668x891.jpg 668w, https:\/\/mb2812.de\/wp-content\/uploads\/2023\/10\/IMG_2677.jpg 1440w\" sizes=\"auto, (max-width: 768px) 100vw, 768px\" \/><\/a><\/figure>\n\n\n\n<div style=\"height:10px\" aria-hidden=\"true\" class=\"wp-block-spacer\"><\/div>\n\n\n\n<figure class=\"wp-block-image aligncenter size-large is-resized\"><a href=\"https:\/\/mb2812.de\/wp-content\/uploads\/2023\/10\/IMG_5597.jpg\" target=\"_blank\" rel=\" noreferrer noopener\"><img loading=\"lazy\" decoding=\"async\" width=\"1024\" height=\"819\" src=\"https:\/\/mb2812.de\/wp-content\/uploads\/2023\/10\/IMG_5597-1024x819.jpg\" alt=\"\" class=\"wp-image-13275\" style=\"width:800px\" srcset=\"https:\/\/mb2812.de\/wp-content\/uploads\/2023\/10\/IMG_5597-1024x819.jpg 1024w, https:\/\/mb2812.de\/wp-content\/uploads\/2023\/10\/IMG_5597-300x240.jpg 300w, https:\/\/mb2812.de\/wp-content\/uploads\/2023\/10\/IMG_5597-768x614.jpg 768w, https:\/\/mb2812.de\/wp-content\/uploads\/2023\/10\/IMG_5597-1536x1229.jpg 1536w, https:\/\/mb2812.de\/wp-content\/uploads\/2023\/10\/IMG_5597-668x534.jpg 668w, https:\/\/mb2812.de\/wp-content\/uploads\/2023\/10\/IMG_5597.jpg 1920w\" sizes=\"auto, (max-width: 1024px) 100vw, 1024px\" \/><\/a><\/figure>\n\n\n\n<div style=\"height:10px\" aria-hidden=\"true\" class=\"wp-block-spacer\"><\/div>\n\n\n\n<figure class=\"wp-block-image aligncenter size-large is-resized\"><a href=\"https:\/\/mb2812.de\/wp-content\/uploads\/2023\/10\/IMG_5599.jpg\" target=\"_blank\" rel=\" noreferrer noopener\"><img loading=\"lazy\" decoding=\"async\" width=\"768\" height=\"1024\" src=\"https:\/\/mb2812.de\/wp-content\/uploads\/2023\/10\/IMG_5599-768x1024.jpg\" alt=\"\" class=\"wp-image-13288\" style=\"width:600px\" srcset=\"https:\/\/mb2812.de\/wp-content\/uploads\/2023\/10\/IMG_5599-768x1024.jpg 768w, https:\/\/mb2812.de\/wp-content\/uploads\/2023\/10\/IMG_5599-225x300.jpg 225w, https:\/\/mb2812.de\/wp-content\/uploads\/2023\/10\/IMG_5599-1152x1536.jpg 1152w, https:\/\/mb2812.de\/wp-content\/uploads\/2023\/10\/IMG_5599-668x891.jpg 668w, https:\/\/mb2812.de\/wp-content\/uploads\/2023\/10\/IMG_5599.jpg 1440w\" sizes=\"auto, (max-width: 768px) 100vw, 768px\" \/><\/a><\/figure>\n\n\n\n<div style=\"height:10px\" aria-hidden=\"true\" class=\"wp-block-spacer\"><\/div>\n\n\n\n<p>Dann geht es auf den f\u00fcr Autos gesperrten Weg ins Redorta Tal hinein. Bis zu den Wasserf\u00e4llen ist man eine gute Viertelstunde unterwegs:<\/p>\n\n\n\n<figure class=\"wp-block-image aligncenter size-large is-resized\"><a href=\"https:\/\/mb2812.de\/wp-content\/uploads\/2023\/10\/IMG_5602.jpg\" target=\"_blank\" rel=\" noreferrer noopener\"><img loading=\"lazy\" decoding=\"async\" width=\"768\" height=\"1024\" src=\"https:\/\/mb2812.de\/wp-content\/uploads\/2023\/10\/IMG_5602-768x1024.jpg\" alt=\"\" class=\"wp-image-13270\" style=\"width:600px\" srcset=\"https:\/\/mb2812.de\/wp-content\/uploads\/2023\/10\/IMG_5602-768x1024.jpg 768w, https:\/\/mb2812.de\/wp-content\/uploads\/2023\/10\/IMG_5602-225x300.jpg 225w, https:\/\/mb2812.de\/wp-content\/uploads\/2023\/10\/IMG_5602-1152x1536.jpg 1152w, https:\/\/mb2812.de\/wp-content\/uploads\/2023\/10\/IMG_5602-668x891.jpg 668w, https:\/\/mb2812.de\/wp-content\/uploads\/2023\/10\/IMG_5602.jpg 1440w\" sizes=\"auto, (max-width: 768px) 100vw, 768px\" \/><\/a><figcaption class=\"wp-element-caption\"><em>Und da sehen wir schon die etwa 80 Meter hohen Wasserf\u00e4lle<\/em><\/figcaption><\/figure>\n\n\n\n<figure class=\"wp-block-image aligncenter size-large is-resized\"><a href=\"https:\/\/mb2812.de\/wp-content\/uploads\/2023\/10\/IMG_5604.jpg\" target=\"_blank\" rel=\" noreferrer noopener\"><img loading=\"lazy\" decoding=\"async\" width=\"1024\" height=\"819\" src=\"https:\/\/mb2812.de\/wp-content\/uploads\/2023\/10\/IMG_5604-1024x819.jpg\" alt=\"\" class=\"wp-image-13297\" style=\"width:800px\" srcset=\"https:\/\/mb2812.de\/wp-content\/uploads\/2023\/10\/IMG_5604-1024x819.jpg 1024w, https:\/\/mb2812.de\/wp-content\/uploads\/2023\/10\/IMG_5604-300x240.jpg 300w, https:\/\/mb2812.de\/wp-content\/uploads\/2023\/10\/IMG_5604-768x614.jpg 768w, https:\/\/mb2812.de\/wp-content\/uploads\/2023\/10\/IMG_5604-1536x1229.jpg 1536w, https:\/\/mb2812.de\/wp-content\/uploads\/2023\/10\/IMG_5604-668x534.jpg 668w, https:\/\/mb2812.de\/wp-content\/uploads\/2023\/10\/IMG_5604.jpg 1920w\" sizes=\"auto, (max-width: 1024px) 100vw, 1024px\" \/><\/a><figcaption class=\"wp-element-caption\"><em>Ein Haus rechts neben dem Weg<\/em><\/figcaption><\/figure>\n\n\n\n<figure class=\"wp-block-image aligncenter size-large is-resized\"><a href=\"https:\/\/mb2812.de\/wp-content\/uploads\/2023\/10\/IMG_5605.jpg\" target=\"_blank\" rel=\" noreferrer noopener\"><img loading=\"lazy\" decoding=\"async\" width=\"768\" height=\"1024\" src=\"https:\/\/mb2812.de\/wp-content\/uploads\/2023\/10\/IMG_5605-768x1024.jpg\" alt=\"\" class=\"wp-image-13298\" style=\"width:600px\" srcset=\"https:\/\/mb2812.de\/wp-content\/uploads\/2023\/10\/IMG_5605-768x1024.jpg 768w, https:\/\/mb2812.de\/wp-content\/uploads\/2023\/10\/IMG_5605-225x300.jpg 225w, https:\/\/mb2812.de\/wp-content\/uploads\/2023\/10\/IMG_5605-1152x1536.jpg 1152w, https:\/\/mb2812.de\/wp-content\/uploads\/2023\/10\/IMG_5605-668x891.jpg 668w, https:\/\/mb2812.de\/wp-content\/uploads\/2023\/10\/IMG_5605.jpg 1440w\" sizes=\"auto, (max-width: 768px) 100vw, 768px\" \/><\/a><figcaption class=\"wp-element-caption\"><em>Der Weg zu den Wasserf\u00e4llen zweigt dann von der Stra\u00dfe ab und man\u00fcberquert das Fl\u00fcsschen Redorta auf einer Br\u00fccke. Dort hat man einen sch\u00f6nen Blick weiter das Tal hinauf auf die Alm P\u00fcscen Negro<\/em><\/figcaption><\/figure>\n\n\n\n<figure class=\"wp-block-image aligncenter size-large is-resized\"><a href=\"https:\/\/mb2812.de\/wp-content\/uploads\/2023\/10\/IMG_5610-1179.jpg\" target=\"_blank\" rel=\" noreferrer noopener\"><img loading=\"lazy\" decoding=\"async\" width=\"1024\" height=\"768\" src=\"https:\/\/mb2812.de\/wp-content\/uploads\/2023\/10\/IMG_5610-1179-1024x768.jpg\" alt=\"\" class=\"wp-image-13276\" style=\"width:800px\" srcset=\"https:\/\/mb2812.de\/wp-content\/uploads\/2023\/10\/IMG_5610-1179-1024x768.jpg 1024w, https:\/\/mb2812.de\/wp-content\/uploads\/2023\/10\/IMG_5610-1179-300x225.jpg 300w, https:\/\/mb2812.de\/wp-content\/uploads\/2023\/10\/IMG_5610-1179-768x576.jpg 768w, https:\/\/mb2812.de\/wp-content\/uploads\/2023\/10\/IMG_5610-1179-1536x1152.jpg 1536w, https:\/\/mb2812.de\/wp-content\/uploads\/2023\/10\/IMG_5610-1179-668x501.jpg 668w, https:\/\/mb2812.de\/wp-content\/uploads\/2023\/10\/IMG_5610-1179.jpg 1920w\" sizes=\"auto, (max-width: 1024px) 100vw, 1024px\" \/><\/a><figcaption class=\"wp-element-caption\"><em>Und dies ist der Blick flussabw\u00e4rts Richtung Sonogno mit dem von den F\u00e4llen kommenden Wasserlauf<\/em><\/figcaption><\/figure>\n\n\n\n<figure class=\"wp-block-image aligncenter size-large is-resized\"><a href=\"https:\/\/mb2812.de\/wp-content\/uploads\/2023\/10\/IMG_2736-1173.jpg\" target=\"_blank\" rel=\" noreferrer noopener\"><img loading=\"lazy\" decoding=\"async\" width=\"768\" height=\"1024\" src=\"https:\/\/mb2812.de\/wp-content\/uploads\/2023\/10\/IMG_2736-1173-768x1024.jpg\" alt=\"\" class=\"wp-image-13281\" style=\"width:600px\" srcset=\"https:\/\/mb2812.de\/wp-content\/uploads\/2023\/10\/IMG_2736-1173-768x1024.jpg 768w, https:\/\/mb2812.de\/wp-content\/uploads\/2023\/10\/IMG_2736-1173-225x300.jpg 225w, https:\/\/mb2812.de\/wp-content\/uploads\/2023\/10\/IMG_2736-1173-1152x1536.jpg 1152w, https:\/\/mb2812.de\/wp-content\/uploads\/2023\/10\/IMG_2736-1173-668x891.jpg 668w, https:\/\/mb2812.de\/wp-content\/uploads\/2023\/10\/IMG_2736-1173.jpg 1440w\" sizes=\"auto, (max-width: 768px) 100vw, 768px\" \/><\/a><figcaption class=\"wp-element-caption\"><em>Noch eine Br\u00fccke gibt es auf dem Weg zum Fu\u00df der Wasserf\u00e4lle<\/em><\/figcaption><\/figure>\n\n\n\n<figure class=\"wp-block-image aligncenter size-large is-resized\"><a href=\"https:\/\/mb2812.de\/wp-content\/uploads\/2023\/10\/IMG_5612-1177.jpg\" target=\"_blank\" rel=\" noreferrer noopener\"><img loading=\"lazy\" decoding=\"async\" width=\"768\" height=\"1024\" src=\"https:\/\/mb2812.de\/wp-content\/uploads\/2023\/10\/IMG_5612-1177-768x1024.jpg\" alt=\"\" class=\"wp-image-13277\" style=\"width:600px\" srcset=\"https:\/\/mb2812.de\/wp-content\/uploads\/2023\/10\/IMG_5612-1177-768x1024.jpg 768w, https:\/\/mb2812.de\/wp-content\/uploads\/2023\/10\/IMG_5612-1177-225x300.jpg 225w, https:\/\/mb2812.de\/wp-content\/uploads\/2023\/10\/IMG_5612-1177-1152x1536.jpg 1152w, https:\/\/mb2812.de\/wp-content\/uploads\/2023\/10\/IMG_5612-1177-668x891.jpg 668w, https:\/\/mb2812.de\/wp-content\/uploads\/2023\/10\/IMG_5612-1177.jpg 1440w\" sizes=\"auto, (max-width: 768px) 100vw, 768px\" \/><\/a><figcaption class=\"wp-element-caption\"><em>Die Wasserf\u00e4lle<\/em><\/figcaption><\/figure>\n\n\n\n<figure class=\"wp-block-image aligncenter size-large is-resized\"><a href=\"https:\/\/mb2812.de\/wp-content\/uploads\/2023\/10\/IMG_5618.jpg\" target=\"_blank\" rel=\" noreferrer noopener\"><img loading=\"lazy\" decoding=\"async\" width=\"768\" height=\"1024\" src=\"https:\/\/mb2812.de\/wp-content\/uploads\/2023\/10\/IMG_5618-768x1024.jpg\" alt=\"\" class=\"wp-image-13186\" style=\"width:600px\" srcset=\"https:\/\/mb2812.de\/wp-content\/uploads\/2023\/10\/IMG_5618-768x1024.jpg 768w, https:\/\/mb2812.de\/wp-content\/uploads\/2023\/10\/IMG_5618-225x300.jpg 225w, https:\/\/mb2812.de\/wp-content\/uploads\/2023\/10\/IMG_5618-1152x1536.jpg 1152w, https:\/\/mb2812.de\/wp-content\/uploads\/2023\/10\/IMG_5618-668x891.jpg 668w, https:\/\/mb2812.de\/wp-content\/uploads\/2023\/10\/IMG_5618.jpg 1440w\" sizes=\"auto, (max-width: 768px) 100vw, 768px\" \/><\/a><figcaption class=\"wp-element-caption\"><em>Und jetzt sind wir direkt an den Wasserf\u00e4llen und dem kleinen Teich direkt vor ihnen<\/em><\/figcaption><\/figure>\n\n\n\n<figure class=\"wp-block-image aligncenter size-large is-resized\"><a href=\"https:\/\/mb2812.de\/wp-content\/uploads\/2023\/10\/IMG_5629.jpg\"><img loading=\"lazy\" decoding=\"async\" width=\"1024\" height=\"819\" src=\"https:\/\/mb2812.de\/wp-content\/uploads\/2023\/10\/IMG_5629-1024x819.jpg\" alt=\"\" class=\"wp-image-13299\" style=\"width:800px\" srcset=\"https:\/\/mb2812.de\/wp-content\/uploads\/2023\/10\/IMG_5629-1024x819.jpg 1024w, https:\/\/mb2812.de\/wp-content\/uploads\/2023\/10\/IMG_5629-300x240.jpg 300w, https:\/\/mb2812.de\/wp-content\/uploads\/2023\/10\/IMG_5629-768x614.jpg 768w, https:\/\/mb2812.de\/wp-content\/uploads\/2023\/10\/IMG_5629-1536x1229.jpg 1536w, https:\/\/mb2812.de\/wp-content\/uploads\/2023\/10\/IMG_5629-668x534.jpg 668w, https:\/\/mb2812.de\/wp-content\/uploads\/2023\/10\/IMG_5629.jpg 1920w\" sizes=\"auto, (max-width: 1024px) 100vw, 1024px\" \/><\/a><\/figure>\n\n\n\n<div style=\"height:10px\" aria-hidden=\"true\" class=\"wp-block-spacer\"><\/div>\n\n\n\n<p>Nach kurzem Aufenthalt gehen wir dann den gleichen Weg wieder Zur\u00fcck.<\/p>\n\n\n\n<figure class=\"wp-block-image aligncenter size-large is-resized\"><a href=\"https:\/\/mb2812.de\/wp-content\/uploads\/2023\/10\/IMG_2768.jpg\" target=\"_blank\" rel=\" noreferrer noopener\"><img loading=\"lazy\" decoding=\"async\" width=\"768\" height=\"1024\" src=\"https:\/\/mb2812.de\/wp-content\/uploads\/2023\/10\/IMG_2768-768x1024.jpg\" alt=\"\" class=\"wp-image-13284\" style=\"width:600px\" srcset=\"https:\/\/mb2812.de\/wp-content\/uploads\/2023\/10\/IMG_2768-768x1024.jpg 768w, https:\/\/mb2812.de\/wp-content\/uploads\/2023\/10\/IMG_2768-225x300.jpg 225w, https:\/\/mb2812.de\/wp-content\/uploads\/2023\/10\/IMG_2768-1152x1536.jpg 1152w, https:\/\/mb2812.de\/wp-content\/uploads\/2023\/10\/IMG_2768-668x891.jpg 668w, https:\/\/mb2812.de\/wp-content\/uploads\/2023\/10\/IMG_2768.jpg 1440w\" sizes=\"auto, (max-width: 768px) 100vw, 768px\" \/><\/a><figcaption class=\"wp-element-caption\"><em>H\u00e4user im Redorta Tal oberhalb Sonogno<\/em><\/figcaption><\/figure>\n\n\n\n<figure class=\"wp-block-image aligncenter size-large is-resized\"><a href=\"https:\/\/mb2812.de\/wp-content\/uploads\/2023\/10\/IMG_2771.jpg\" target=\"_blank\" rel=\" noreferrer noopener\"><img loading=\"lazy\" decoding=\"async\" width=\"1024\" height=\"819\" src=\"https:\/\/mb2812.de\/wp-content\/uploads\/2023\/10\/IMG_2771-1024x819.jpg\" alt=\"\" class=\"wp-image-13293\" style=\"width:800px\" srcset=\"https:\/\/mb2812.de\/wp-content\/uploads\/2023\/10\/IMG_2771-1024x819.jpg 1024w, https:\/\/mb2812.de\/wp-content\/uploads\/2023\/10\/IMG_2771-300x240.jpg 300w, https:\/\/mb2812.de\/wp-content\/uploads\/2023\/10\/IMG_2771-768x614.jpg 768w, https:\/\/mb2812.de\/wp-content\/uploads\/2023\/10\/IMG_2771-1536x1229.jpg 1536w, https:\/\/mb2812.de\/wp-content\/uploads\/2023\/10\/IMG_2771-668x534.jpg 668w, https:\/\/mb2812.de\/wp-content\/uploads\/2023\/10\/IMG_2771.jpg 1920w\" sizes=\"auto, (max-width: 1024px) 100vw, 1024px\" \/><\/a><figcaption class=\"wp-element-caption\"><em>Die Bergwelt bei Sonogno<\/em><\/figcaption><\/figure>\n\n\n\n<p>Im Ort schauen wir uns diesmal die Kirche an:<\/p>\n\n\n\n<figure class=\"wp-block-image aligncenter size-large is-resized\"><a href=\"https:\/\/mb2812.de\/wp-content\/uploads\/2023\/10\/IMG_5640-1170-1171.jpg\" target=\"_blank\" rel=\" noreferrer noopener\"><img loading=\"lazy\" decoding=\"async\" width=\"768\" height=\"1024\" src=\"https:\/\/mb2812.de\/wp-content\/uploads\/2023\/10\/IMG_5640-1170-1171-768x1024.jpg\" alt=\"\" class=\"wp-image-13279\" style=\"width:600px\" srcset=\"https:\/\/mb2812.de\/wp-content\/uploads\/2023\/10\/IMG_5640-1170-1171-768x1024.jpg 768w, https:\/\/mb2812.de\/wp-content\/uploads\/2023\/10\/IMG_5640-1170-1171-225x300.jpg 225w, https:\/\/mb2812.de\/wp-content\/uploads\/2023\/10\/IMG_5640-1170-1171-1152x1536.jpg 1152w, https:\/\/mb2812.de\/wp-content\/uploads\/2023\/10\/IMG_5640-1170-1171-668x891.jpg 668w, https:\/\/mb2812.de\/wp-content\/uploads\/2023\/10\/IMG_5640-1170-1171.jpg 1440w\" sizes=\"auto, (max-width: 768px) 100vw, 768px\" \/><\/a><\/figure>\n\n\n\n<p><\/p>\n\n\n\n<figure class=\"wp-block-image aligncenter size-large is-resized\"><a href=\"https:\/\/mb2812.de\/wp-content\/uploads\/2023\/10\/IMG_2784.jpg\" target=\"_blank\" rel=\" noreferrer noopener\"><img loading=\"lazy\" decoding=\"async\" width=\"768\" height=\"1024\" src=\"https:\/\/mb2812.de\/wp-content\/uploads\/2023\/10\/IMG_2784-768x1024.jpg\" alt=\"\" class=\"wp-image-13285\" style=\"width:600px\" srcset=\"https:\/\/mb2812.de\/wp-content\/uploads\/2023\/10\/IMG_2784-768x1024.jpg 768w, https:\/\/mb2812.de\/wp-content\/uploads\/2023\/10\/IMG_2784-225x300.jpg 225w, https:\/\/mb2812.de\/wp-content\/uploads\/2023\/10\/IMG_2784-1152x1536.jpg 1152w, https:\/\/mb2812.de\/wp-content\/uploads\/2023\/10\/IMG_2784-668x891.jpg 668w, https:\/\/mb2812.de\/wp-content\/uploads\/2023\/10\/IMG_2784.jpg 1440w\" sizes=\"auto, (max-width: 768px) 100vw, 768px\" \/><\/a><\/figure>\n\n\n\n<p><\/p>\n\n\n\n<p>Wir gehen gleich durch bis zum Parkplatz. Die Mittagspause ist jetzt auch f\u00fcr die Postbusse rum, bis zur n\u00e4chsten Abfahrt um 14:45 Uhr ist es nicht mehr lange:<\/p>\n\n\n\n<figure class=\"wp-block-image aligncenter size-large is-resized\"><a href=\"https:\/\/mb2812.de\/wp-content\/uploads\/2023\/10\/IMG_5643.jpg\" target=\"_blank\" rel=\" noreferrer noopener\"><img loading=\"lazy\" decoding=\"async\" width=\"1024\" height=\"819\" src=\"https:\/\/mb2812.de\/wp-content\/uploads\/2023\/10\/IMG_5643-1024x819.jpg\" alt=\"\" class=\"wp-image-13290\" style=\"width:800px\" srcset=\"https:\/\/mb2812.de\/wp-content\/uploads\/2023\/10\/IMG_5643-1024x819.jpg 1024w, https:\/\/mb2812.de\/wp-content\/uploads\/2023\/10\/IMG_5643-300x240.jpg 300w, https:\/\/mb2812.de\/wp-content\/uploads\/2023\/10\/IMG_5643-768x614.jpg 768w, https:\/\/mb2812.de\/wp-content\/uploads\/2023\/10\/IMG_5643-1536x1229.jpg 1536w, https:\/\/mb2812.de\/wp-content\/uploads\/2023\/10\/IMG_5643-668x534.jpg 668w, https:\/\/mb2812.de\/wp-content\/uploads\/2023\/10\/IMG_5643.jpg 1920w\" sizes=\"auto, (max-width: 1024px) 100vw, 1024px\" \/><\/a><figcaption class=\"wp-element-caption\"><em>Bereitstehende Postbusse in Sonogno<\/em><\/figcaption><\/figure>\n\n\n\n<figure class=\"wp-block-image aligncenter size-large is-resized\"><a href=\"https:\/\/mb2812.de\/wp-content\/uploads\/2023\/10\/IMG_5647-1167.jpg\" target=\"_blank\" rel=\" noreferrer noopener\"><img loading=\"lazy\" decoding=\"async\" width=\"1024\" height=\"819\" src=\"https:\/\/mb2812.de\/wp-content\/uploads\/2023\/10\/IMG_5647-1167-1024x819.jpg\" alt=\"\" class=\"wp-image-13271\" style=\"width:800px\" srcset=\"https:\/\/mb2812.de\/wp-content\/uploads\/2023\/10\/IMG_5647-1167-1024x819.jpg 1024w, https:\/\/mb2812.de\/wp-content\/uploads\/2023\/10\/IMG_5647-1167-300x240.jpg 300w, https:\/\/mb2812.de\/wp-content\/uploads\/2023\/10\/IMG_5647-1167-768x614.jpg 768w, https:\/\/mb2812.de\/wp-content\/uploads\/2023\/10\/IMG_5647-1167-1536x1229.jpg 1536w, https:\/\/mb2812.de\/wp-content\/uploads\/2023\/10\/IMG_5647-1167-668x534.jpg 668w, https:\/\/mb2812.de\/wp-content\/uploads\/2023\/10\/IMG_5647-1167.jpg 1920w\" sizes=\"auto, (max-width: 1024px) 100vw, 1024px\" \/><\/a><figcaption class=\"wp-element-caption\"><em>Wir erwischen einen Sitzplatz in der letzten Reihe<\/em><\/figcaption><\/figure>\n\n\n\n<p>Insgesamt f\u00fcnf vollbesetzte Busse fahren hintereinander das Tal herunter zum Bahnhof in Tenero. Ab da sind es dann noch 5 Minuten mit dem Zug bis Locarno.<\/p>\n\n\n\n<p>F\u00fcrs Abendessen nutzen wir die Erkenntnisse des vormitt\u00e4glichen Spaziergangs und w\u00e4hlen ein Restaurant &#8218;links&#8216; des Hotel, das Ristorante &#8218;La Tegola&#8216;:<\/p>\n\n\n\n<figure class=\"wp-block-image aligncenter size-large is-resized\"><a href=\"https:\/\/mb2812.de\/wp-content\/uploads\/2023\/10\/IMG_2848.jpg\" target=\"_blank\" rel=\" noreferrer noopener\"><img loading=\"lazy\" decoding=\"async\" width=\"1024\" height=\"819\" src=\"https:\/\/mb2812.de\/wp-content\/uploads\/2023\/10\/IMG_2848-1024x819.jpg\" alt=\"\" class=\"wp-image-13273\" style=\"width:800px\" srcset=\"https:\/\/mb2812.de\/wp-content\/uploads\/2023\/10\/IMG_2848-1024x819.jpg 1024w, https:\/\/mb2812.de\/wp-content\/uploads\/2023\/10\/IMG_2848-300x240.jpg 300w, https:\/\/mb2812.de\/wp-content\/uploads\/2023\/10\/IMG_2848-768x614.jpg 768w, https:\/\/mb2812.de\/wp-content\/uploads\/2023\/10\/IMG_2848-1536x1229.jpg 1536w, https:\/\/mb2812.de\/wp-content\/uploads\/2023\/10\/IMG_2848-668x534.jpg 668w, https:\/\/mb2812.de\/wp-content\/uploads\/2023\/10\/IMG_2848.jpg 1920w\" sizes=\"auto, (max-width: 1024px) 100vw, 1024px\" \/><\/a><figcaption class=\"wp-element-caption\"><em>Ristorante La Tegola<\/em><\/figcaption><\/figure>\n\n\n\n<p>Und noch zwei Fotos vom Verdauungsspaziergang zur\u00fcck zum Hotel:<\/p>\n\n\n\n<figure class=\"wp-block-image aligncenter size-large is-resized\"><a href=\"https:\/\/mb2812.de\/wp-content\/uploads\/2023\/10\/IMG_2855.jpg\" target=\"_blank\" rel=\" noreferrer noopener\"><img loading=\"lazy\" decoding=\"async\" width=\"1024\" height=\"819\" src=\"https:\/\/mb2812.de\/wp-content\/uploads\/2023\/10\/IMG_2855-1024x819.jpg\" alt=\"\" class=\"wp-image-13274\" style=\"width:800px\" srcset=\"https:\/\/mb2812.de\/wp-content\/uploads\/2023\/10\/IMG_2855-1024x819.jpg 1024w, https:\/\/mb2812.de\/wp-content\/uploads\/2023\/10\/IMG_2855-300x240.jpg 300w, https:\/\/mb2812.de\/wp-content\/uploads\/2023\/10\/IMG_2855-768x614.jpg 768w, https:\/\/mb2812.de\/wp-content\/uploads\/2023\/10\/IMG_2855-1536x1229.jpg 1536w, https:\/\/mb2812.de\/wp-content\/uploads\/2023\/10\/IMG_2855-668x534.jpg 668w, https:\/\/mb2812.de\/wp-content\/uploads\/2023\/10\/IMG_2855.jpg 1920w\" sizes=\"auto, (max-width: 1024px) 100vw, 1024px\" \/><\/a><\/figure>\n\n\n\n<p><\/p>\n\n\n\n<figure class=\"wp-block-image aligncenter size-large is-resized\"><a href=\"https:\/\/mb2812.de\/wp-content\/uploads\/2023\/10\/IMG_2859.jpg\" target=\"_blank\" rel=\" noreferrer noopener\"><img loading=\"lazy\" decoding=\"async\" width=\"1024\" height=\"819\" src=\"https:\/\/mb2812.de\/wp-content\/uploads\/2023\/10\/IMG_2859-1024x819.jpg\" alt=\"\" class=\"wp-image-13294\" style=\"width:800px\" srcset=\"https:\/\/mb2812.de\/wp-content\/uploads\/2023\/10\/IMG_2859-1024x819.jpg 1024w, https:\/\/mb2812.de\/wp-content\/uploads\/2023\/10\/IMG_2859-300x240.jpg 300w, https:\/\/mb2812.de\/wp-content\/uploads\/2023\/10\/IMG_2859-768x614.jpg 768w, https:\/\/mb2812.de\/wp-content\/uploads\/2023\/10\/IMG_2859-1536x1229.jpg 1536w, https:\/\/mb2812.de\/wp-content\/uploads\/2023\/10\/IMG_2859-668x534.jpg 668w, https:\/\/mb2812.de\/wp-content\/uploads\/2023\/10\/IMG_2859.jpg 1920w\" sizes=\"auto, (max-width: 1024px) 100vw, 1024px\" \/><\/a><\/figure>\n","protected":false},"excerpt":{"rendered":"<p>Zun\u00e4chst machen wir einen Spaziergang entlang der Seepromenade durch Minusio. Dann geht es mit dem Postbus ins Valle Verzasca nach Sonogno.<\/p>\n","protected":false},"author":1,"featured_media":13299,"comment_status":"closed","ping_status":"closed","sticky":false,"template":"","format":"standard","meta":{"footnotes":""},"categories":[302],"tags":[40,61,48,60,183],"class_list":["post-13167","post","type-post","status-publish","format-standard","has-post-thumbnail","hentry","category-schweiz-2023","tag-40","tag-locarno","tag-schweiz","tag-tessin","tag-valle-verzasca"],"_links":{"self":[{"href":"https:\/\/mb2812.de\/index.php?rest_route=\/wp\/v2\/posts\/13167","targetHints":{"allow":["GET"]}}],"collection":[{"href":"https:\/\/mb2812.de\/index.php?rest_route=\/wp\/v2\/posts"}],"about":[{"href":"https:\/\/mb2812.de\/index.php?rest_route=\/wp\/v2\/types\/post"}],"author":[{"embeddable":true,"href":"https:\/\/mb2812.de\/index.php?rest_route=\/wp\/v2\/users\/1"}],"replies":[{"embeddable":true,"href":"https:\/\/mb2812.de\/index.php?rest_route=%2Fwp%2Fv2%2Fcomments&post=13167"}],"version-history":[{"count":16,"href":"https:\/\/mb2812.de\/index.php?rest_route=\/wp\/v2\/posts\/13167\/revisions"}],"predecessor-version":[{"id":15288,"href":"https:\/\/mb2812.de\/index.php?rest_route=\/wp\/v2\/posts\/13167\/revisions\/15288"}],"wp:featuredmedia":[{"embeddable":true,"href":"https:\/\/mb2812.de\/index.php?rest_route=\/wp\/v2\/media\/13299"}],"wp:attachment":[{"href":"https:\/\/mb2812.de\/index.php?rest_route=%2Fwp%2Fv2%2Fmedia&parent=13167"}],"wp:term":[{"taxonomy":"category","embeddable":true,"href":"https:\/\/mb2812.de\/index.php?rest_route=%2Fwp%2Fv2%2Fcategories&post=13167"},{"taxonomy":"post_tag","embeddable":true,"href":"https:\/\/mb2812.de\/index.php?rest_route=%2Fwp%2Fv2%2Ftags&post=13167"}],"curies":[{"name":"wp","href":"https:\/\/api.w.org\/{rel}","templated":true}]}}