{"id":13163,"date":"2023-10-08T09:00:19","date_gmt":"2023-10-08T07:00:19","guid":{"rendered":"http:\/\/reiseblog.mb2812.de\/?p=13163"},"modified":"2024-11-27T19:17:16","modified_gmt":"2024-11-27T17:17:16","slug":"anreise-nach-locarno","status":"publish","type":"post","link":"https:\/\/mb2812.de\/?p=13163","title":{"rendered":"Anreise nach Locarno"},"content":{"rendered":"\n<p>Gl\u00fccklicherweise fiel die Vereinsveranstaltung am Samstag aus, so das wir tats\u00e4chlich einen Tag hatten, uns gem\u00fctlich auf den Urlaub vorzubereiten. Und damit wir m\u00f6glichst viel vom Urlaub hatten, gab es keinen Stop in B\u00f6blingen, sondern es ging gleich durch bis Locarno. Mit der Bahn sind das gute 10 Stunden Fahrt ab K\u00f6ln, und da wir fast an der n\u00f6rdlichen Stadtgrenze wohnen, kommt noch eine knappe Stunde mit Bus und Bahn f\u00fcr die Anreise zum Hauptbahnhof hinzu.<\/p>\n\n\n\n<p>Der Wecker klingelte also f\u00fcrchterlich fr\u00fch, und es war noch nicht einmal richtig hell, als wir an der Bushaltestelle die Fahrt begannen.<\/p>\n\n\n\n<figure class=\"wp-block-image aligncenter size-large is-resized\"><a href=\"https:\/\/mb2812.de\/wp-content\/uploads\/2023\/01\/IMG_5492.jpg\" target=\"_blank\" rel=\" noreferrer noopener\"><img loading=\"lazy\" decoding=\"async\" width=\"1024\" height=\"819\" src=\"https:\/\/mb2812.de\/wp-content\/uploads\/2023\/01\/IMG_5492-1024x819.jpg\" alt=\"\" class=\"wp-image-13158\" style=\"width:800px\" srcset=\"https:\/\/mb2812.de\/wp-content\/uploads\/2023\/01\/IMG_5492-1024x819.jpg 1024w, https:\/\/mb2812.de\/wp-content\/uploads\/2023\/01\/IMG_5492-300x240.jpg 300w, https:\/\/mb2812.de\/wp-content\/uploads\/2023\/01\/IMG_5492-768x614.jpg 768w, https:\/\/mb2812.de\/wp-content\/uploads\/2023\/01\/IMG_5492-1536x1229.jpg 1536w, https:\/\/mb2812.de\/wp-content\/uploads\/2023\/01\/IMG_5492-668x534.jpg 668w, https:\/\/mb2812.de\/wp-content\/uploads\/2023\/01\/IMG_5492.jpg 1920w\" sizes=\"auto, (max-width: 1024px) 100vw, 1024px\" \/><\/a><figcaption class=\"wp-element-caption\"><em>Auf zu neuen Abenteuern: Noch vor Sonnenaufgang stehen wir an der heimischen Bushaltestelle<\/em><\/figcaption><\/figure>\n\n\n\n<p>Als Fans ausreichender Umsteigezeiten haben wir nach der Bus und Stadtbahnfahrt am K\u00f6lner Hauptbahnhof eine Stunde Zeit, ehe es mit dem ICE in 3 1\/2 Stunden nach Basel weiter geht. Dort sind es 1 1\/2 Stunden Umsteigezeit, die wir f\u00fcr den Kauf von Proviant im Migros nutzen.<\/p>\n\n\n\n<!--more-->\n\n\n\n<figure class=\"wp-block-image aligncenter size-large is-resized\"><a href=\"https:\/\/mb2812.de\/wp-content\/uploads\/2023\/10\/IMG_5495.jpg\" target=\"_blank\" rel=\" noreferrer noopener\"><img loading=\"lazy\" decoding=\"async\" width=\"1024\" height=\"819\" src=\"https:\/\/mb2812.de\/wp-content\/uploads\/2023\/10\/IMG_5495-1024x819.jpg\" alt=\"\" class=\"wp-image-13216\" style=\"width:800px\" srcset=\"https:\/\/mb2812.de\/wp-content\/uploads\/2023\/10\/IMG_5495-1024x819.jpg 1024w, https:\/\/mb2812.de\/wp-content\/uploads\/2023\/10\/IMG_5495-300x240.jpg 300w, https:\/\/mb2812.de\/wp-content\/uploads\/2023\/10\/IMG_5495-768x614.jpg 768w, https:\/\/mb2812.de\/wp-content\/uploads\/2023\/10\/IMG_5495-1536x1229.jpg 1536w, https:\/\/mb2812.de\/wp-content\/uploads\/2023\/10\/IMG_5495-668x534.jpg 668w, https:\/\/mb2812.de\/wp-content\/uploads\/2023\/10\/IMG_5495.jpg 1920w\" sizes=\"auto, (max-width: 1024px) 100vw, 1024px\" \/><\/a><figcaption class=\"wp-element-caption\"><em>Weiter geht\u2019s: Den gerade aus Locarno eingetroffenen Zug fotografieren wir, bevor wir einsteigen und er 5 Minuten sp\u00e4ter mit uns wieder dorthin f\u00e4hrt.<\/em><\/figcaption><\/figure>\n\n\n\n<figure class=\"wp-block-image aligncenter size-large is-resized\"><a href=\"https:\/\/mb2812.de\/wp-content\/uploads\/2023\/10\/IMG_2368.jpg\" target=\"_blank\" rel=\" noreferrer noopener\"><img loading=\"lazy\" decoding=\"async\" width=\"1024\" height=\"819\" src=\"https:\/\/mb2812.de\/wp-content\/uploads\/2023\/10\/IMG_2368-1024x819.jpg\" alt=\"\" class=\"wp-image-13217\" style=\"width:800px\" srcset=\"https:\/\/mb2812.de\/wp-content\/uploads\/2023\/10\/IMG_2368-1024x819.jpg 1024w, https:\/\/mb2812.de\/wp-content\/uploads\/2023\/10\/IMG_2368-300x240.jpg 300w, https:\/\/mb2812.de\/wp-content\/uploads\/2023\/10\/IMG_2368-768x614.jpg 768w, https:\/\/mb2812.de\/wp-content\/uploads\/2023\/10\/IMG_2368-1536x1229.jpg 1536w, https:\/\/mb2812.de\/wp-content\/uploads\/2023\/10\/IMG_2368-668x534.jpg 668w, https:\/\/mb2812.de\/wp-content\/uploads\/2023\/10\/IMG_2368.jpg 1920w\" sizes=\"auto, (max-width: 1024px) 100vw, 1024px\" \/><\/a><figcaption class=\"wp-element-caption\"><em>Viereinhalb Stunden dauert die Fahrt von Nord nach S\u00fcd durch die Schweiz. Hier die Gebirgswelt am Vierwaldst\u00e4ttersee bei Brunnen<\/em><\/figcaption><\/figure>\n\n\n\n<figure class=\"wp-block-image aligncenter size-large is-resized\"><a href=\"https:\/\/mb2812.de\/wp-content\/uploads\/2023\/10\/IMG_2387-1123-1.jpg\" target=\"_blank\" rel=\" noreferrer noopener\"><img loading=\"lazy\" decoding=\"async\" width=\"1024\" height=\"791\" src=\"https:\/\/mb2812.de\/wp-content\/uploads\/2023\/10\/IMG_2387-1123-1-1024x791.jpg\" alt=\"\" class=\"wp-image-13218\" style=\"width:800px\" srcset=\"https:\/\/mb2812.de\/wp-content\/uploads\/2023\/10\/IMG_2387-1123-1-1024x791.jpg 1024w, https:\/\/mb2812.de\/wp-content\/uploads\/2023\/10\/IMG_2387-1123-1-300x232.jpg 300w, https:\/\/mb2812.de\/wp-content\/uploads\/2023\/10\/IMG_2387-1123-1-768x594.jpg 768w, https:\/\/mb2812.de\/wp-content\/uploads\/2023\/10\/IMG_2387-1123-1-1536x1187.jpg 1536w, https:\/\/mb2812.de\/wp-content\/uploads\/2023\/10\/IMG_2387-1123-1-668x516.jpg 668w, https:\/\/mb2812.de\/wp-content\/uploads\/2023\/10\/IMG_2387-1123-1.jpg 1920w\" sizes=\"auto, (max-width: 1024px) 100vw, 1024px\" \/><\/a><figcaption class=\"wp-element-caption\"><em>Unterwegs auf der Gotthardstrecke bei Erstfeld<\/em><\/figcaption><\/figure>\n\n\n\n<figure class=\"wp-block-image aligncenter size-large is-resized\"><a href=\"https:\/\/mb2812.de\/wp-content\/uploads\/2023\/10\/IMG_2420-1149.jpg\" target=\"_blank\" rel=\" noreferrer noopener\"><img loading=\"lazy\" decoding=\"async\" width=\"1024\" height=\"819\" src=\"https:\/\/mb2812.de\/wp-content\/uploads\/2023\/10\/IMG_2420-1149-1024x819.jpg\" alt=\"\" class=\"wp-image-13219\" style=\"width:800px\" srcset=\"https:\/\/mb2812.de\/wp-content\/uploads\/2023\/10\/IMG_2420-1149-1024x819.jpg 1024w, https:\/\/mb2812.de\/wp-content\/uploads\/2023\/10\/IMG_2420-1149-300x240.jpg 300w, https:\/\/mb2812.de\/wp-content\/uploads\/2023\/10\/IMG_2420-1149-768x614.jpg 768w, https:\/\/mb2812.de\/wp-content\/uploads\/2023\/10\/IMG_2420-1149-1536x1229.jpg 1536w, https:\/\/mb2812.de\/wp-content\/uploads\/2023\/10\/IMG_2420-1149-668x534.jpg 668w, https:\/\/mb2812.de\/wp-content\/uploads\/2023\/10\/IMG_2420-1149.jpg 1920w\" sizes=\"auto, (max-width: 1024px) 100vw, 1024px\" \/><\/a><figcaption class=\"wp-element-caption\"><em>Und dann sind wir endlich am Ziel. Zum Sonnenuntergang gegen 19 Uhr stehen wir auf dem Balkon vor dem Lago Maggiore<\/em><\/figcaption><\/figure>\n\n\n\n<figure class=\"wp-block-image aligncenter size-large is-resized\"><a href=\"https:\/\/mb2812.de\/wp-content\/uploads\/2023\/10\/IMG_5511.jpg\" target=\"_blank\" rel=\" noreferrer noopener\"><img loading=\"lazy\" decoding=\"async\" width=\"1024\" height=\"819\" src=\"https:\/\/mb2812.de\/wp-content\/uploads\/2023\/10\/IMG_5511-1024x819.jpg\" alt=\"\" class=\"wp-image-13224\" style=\"width:800px\" srcset=\"https:\/\/mb2812.de\/wp-content\/uploads\/2023\/10\/IMG_5511-1024x819.jpg 1024w, https:\/\/mb2812.de\/wp-content\/uploads\/2023\/10\/IMG_5511-300x240.jpg 300w, https:\/\/mb2812.de\/wp-content\/uploads\/2023\/10\/IMG_5511-768x614.jpg 768w, https:\/\/mb2812.de\/wp-content\/uploads\/2023\/10\/IMG_5511-1536x1229.jpg 1536w, https:\/\/mb2812.de\/wp-content\/uploads\/2023\/10\/IMG_5511-668x534.jpg 668w, https:\/\/mb2812.de\/wp-content\/uploads\/2023\/10\/IMG_5511.jpg 1920w\" sizes=\"auto, (max-width: 1024px) 100vw, 1024px\" \/><\/a><figcaption class=\"wp-element-caption\"><em>Recht schnell machen wir uns auf zum Abendessen, ins &#8218;Mama Mia&#8216; nur wenige Meter vom Hotel entfernt. Da es w\u00e4rmer ist als letztes Jahr, haben wir kein Problem, drau\u00dfen zu sitzen. Bis auf ein kleines Service Problem am Anfang ist das Restaurant sehr gut.<\/em><\/figcaption><\/figure>\n\n\n\n<p>Nach dem Abendessen gab es noch einen kleinen Rundgang entlang der Seepromenade:<\/p>\n\n\n\n<figure class=\"wp-block-image aligncenter size-large is-resized\"><a href=\"https:\/\/mb2812.de\/wp-content\/uploads\/2023\/10\/IMG_2446-1154.jpg\" target=\"_blank\" rel=\" noreferrer noopener\"><img loading=\"lazy\" decoding=\"async\" width=\"1024\" height=\"819\" src=\"https:\/\/mb2812.de\/wp-content\/uploads\/2023\/10\/IMG_2446-1154-1024x819.jpg\" alt=\"\" class=\"wp-image-13221\" style=\"width:800px\" srcset=\"https:\/\/mb2812.de\/wp-content\/uploads\/2023\/10\/IMG_2446-1154-1024x819.jpg 1024w, https:\/\/mb2812.de\/wp-content\/uploads\/2023\/10\/IMG_2446-1154-300x240.jpg 300w, https:\/\/mb2812.de\/wp-content\/uploads\/2023\/10\/IMG_2446-1154-768x614.jpg 768w, https:\/\/mb2812.de\/wp-content\/uploads\/2023\/10\/IMG_2446-1154-1536x1229.jpg 1536w, https:\/\/mb2812.de\/wp-content\/uploads\/2023\/10\/IMG_2446-1154-668x534.jpg 668w, https:\/\/mb2812.de\/wp-content\/uploads\/2023\/10\/IMG_2446-1154.jpg 1920w\" sizes=\"auto, (max-width: 1024px) 100vw, 1024px\" \/><\/a><figcaption class=\"wp-element-caption\"><em>Am Schiffsanleger ist Nachtruhe.<\/em><\/figcaption><\/figure>\n\n\n\n<figure class=\"wp-block-image aligncenter size-large is-resized\"><a href=\"https:\/\/mb2812.de\/wp-content\/uploads\/2023\/10\/IMG_2454.jpg\" target=\"_blank\" rel=\" noreferrer noopener\"><img loading=\"lazy\" decoding=\"async\" width=\"1024\" height=\"819\" src=\"https:\/\/mb2812.de\/wp-content\/uploads\/2023\/10\/IMG_2454-1024x819.jpg\" alt=\"\" class=\"wp-image-13222\" style=\"width:800px\" srcset=\"https:\/\/mb2812.de\/wp-content\/uploads\/2023\/10\/IMG_2454-1024x819.jpg 1024w, https:\/\/mb2812.de\/wp-content\/uploads\/2023\/10\/IMG_2454-300x240.jpg 300w, https:\/\/mb2812.de\/wp-content\/uploads\/2023\/10\/IMG_2454-768x614.jpg 768w, https:\/\/mb2812.de\/wp-content\/uploads\/2023\/10\/IMG_2454-1536x1229.jpg 1536w, https:\/\/mb2812.de\/wp-content\/uploads\/2023\/10\/IMG_2454-668x534.jpg 668w, https:\/\/mb2812.de\/wp-content\/uploads\/2023\/10\/IMG_2454.jpg 1920w\" sizes=\"auto, (max-width: 1024px) 100vw, 1024px\" \/><\/a><figcaption class=\"wp-element-caption\"><em>Blick auf den Lago Maggiore<\/em><\/figcaption><\/figure>\n\n\n\n<figure class=\"wp-block-image aligncenter size-large is-resized\"><a href=\"https:\/\/mb2812.de\/wp-content\/uploads\/2023\/10\/IMG_5514.jpg\" target=\"_blank\" rel=\" noreferrer noopener\"><img loading=\"lazy\" decoding=\"async\" width=\"1024\" height=\"819\" src=\"https:\/\/mb2812.de\/wp-content\/uploads\/2023\/10\/IMG_5514-1024x819.jpg\" alt=\"\" class=\"wp-image-13225\" style=\"width:800px\" srcset=\"https:\/\/mb2812.de\/wp-content\/uploads\/2023\/10\/IMG_5514-1024x819.jpg 1024w, https:\/\/mb2812.de\/wp-content\/uploads\/2023\/10\/IMG_5514-300x240.jpg 300w, https:\/\/mb2812.de\/wp-content\/uploads\/2023\/10\/IMG_5514-768x614.jpg 768w, https:\/\/mb2812.de\/wp-content\/uploads\/2023\/10\/IMG_5514-1536x1229.jpg 1536w, https:\/\/mb2812.de\/wp-content\/uploads\/2023\/10\/IMG_5514-668x534.jpg 668w, https:\/\/mb2812.de\/wp-content\/uploads\/2023\/10\/IMG_5514.jpg 1920w\" sizes=\"auto, (max-width: 1024px) 100vw, 1024px\" \/><\/a><figcaption class=\"wp-element-caption\"><em>Unser Hotel von der Promenade aus<\/em><\/figcaption><\/figure>\n\n\n\n<figure class=\"wp-block-image aligncenter size-large is-resized\"><a href=\"https:\/\/mb2812.de\/wp-content\/uploads\/2023\/10\/IMG_5520-1156.jpg\" target=\"_blank\" rel=\" noreferrer noopener\"><img loading=\"lazy\" decoding=\"async\" width=\"768\" height=\"1024\" src=\"https:\/\/mb2812.de\/wp-content\/uploads\/2023\/10\/IMG_5520-1156-768x1024.jpg\" alt=\"\" class=\"wp-image-13226\" style=\"width:600px\" srcset=\"https:\/\/mb2812.de\/wp-content\/uploads\/2023\/10\/IMG_5520-1156-768x1024.jpg 768w, https:\/\/mb2812.de\/wp-content\/uploads\/2023\/10\/IMG_5520-1156-225x300.jpg 225w, https:\/\/mb2812.de\/wp-content\/uploads\/2023\/10\/IMG_5520-1156-1152x1536.jpg 1152w, https:\/\/mb2812.de\/wp-content\/uploads\/2023\/10\/IMG_5520-1156-668x891.jpg 668w, https:\/\/mb2812.de\/wp-content\/uploads\/2023\/10\/IMG_5520-1156.jpg 1440w\" sizes=\"auto, (max-width: 768px) 100vw, 768px\" \/><\/a><figcaption class=\"wp-element-caption\"><em>Eingangsbereich des Hotels<\/em><\/figcaption><\/figure>\n","protected":false},"excerpt":{"rendered":"<p>Mit Bus, Stadtbahn und dann der \u201eechten\u201c Bahn dauert es 11 Stunden vom Zuhause in K\u00f6ln nach Locarno am Lago Maggiore. Danach stand nur noch Abendessen auf dem Prgeamm.<\/p>\n","protected":false},"author":1,"featured_media":15290,"comment_status":"closed","ping_status":"closed","sticky":false,"template":"","format":"standard","meta":{"footnotes":""},"categories":[302],"tags":[40,198,61,48,60],"class_list":["post-13163","post","type-post","status-publish","format-standard","has-post-thumbnail","hentry","category-schweiz-2023","tag-40","tag-bahn","tag-locarno","tag-schweiz","tag-tessin"],"_links":{"self":[{"href":"https:\/\/mb2812.de\/index.php?rest_route=\/wp\/v2\/posts\/13163","targetHints":{"allow":["GET"]}}],"collection":[{"href":"https:\/\/mb2812.de\/index.php?rest_route=\/wp\/v2\/posts"}],"about":[{"href":"https:\/\/mb2812.de\/index.php?rest_route=\/wp\/v2\/types\/post"}],"author":[{"embeddable":true,"href":"https:\/\/mb2812.de\/index.php?rest_route=\/wp\/v2\/users\/1"}],"replies":[{"embeddable":true,"href":"https:\/\/mb2812.de\/index.php?rest_route=%2Fwp%2Fv2%2Fcomments&post=13163"}],"version-history":[{"count":18,"href":"https:\/\/mb2812.de\/index.php?rest_route=\/wp\/v2\/posts\/13163\/revisions"}],"predecessor-version":[{"id":15275,"href":"https:\/\/mb2812.de\/index.php?rest_route=\/wp\/v2\/posts\/13163\/revisions\/15275"}],"wp:featuredmedia":[{"embeddable":true,"href":"https:\/\/mb2812.de\/index.php?rest_route=\/wp\/v2\/media\/15290"}],"wp:attachment":[{"href":"https:\/\/mb2812.de\/index.php?rest_route=%2Fwp%2Fv2%2Fmedia&parent=13163"}],"wp:term":[{"taxonomy":"category","embeddable":true,"href":"https:\/\/mb2812.de\/index.php?rest_route=%2Fwp%2Fv2%2Fcategories&post=13163"},{"taxonomy":"post_tag","embeddable":true,"href":"https:\/\/mb2812.de\/index.php?rest_route=%2Fwp%2Fv2%2Ftags&post=13163"}],"curies":[{"name":"wp","href":"https:\/\/api.w.org\/{rel}","templated":true}]}}