{"id":12975,"date":"2023-07-26T09:00:47","date_gmt":"2023-07-26T07:00:47","guid":{"rendered":"http:\/\/reiseblog.mb2812.de\/?p=12975"},"modified":"2024-12-14T16:40:51","modified_gmt":"2024-12-14T14:40:51","slug":"wallenstein","status":"publish","type":"post","link":"https:\/\/mb2812.de\/?p=12975","title":{"rendered":"Kassel I"},"content":{"rendered":"\n<p>Und so haben Stephan und ich dann von K\u00f6ln nach B\u00f6blingen den Umweg \u00fcber Kassel genommen und uns f\u00fcr zwei Tage dort im &#8222;FischerS&#8220; Hotel in Wilhelmsh\u00f6he einquartiert. Ich wollte nochmal den Bergpark Wilhelmsh\u00f6he besichtigen, und auf der Fahrt von Kassel nach B\u00f6blingen war dann ein Stop in Wallenstein geplant.<\/p>\n\n\n\n<p>Kassel erreichten wir ziemlich fr\u00fch um 12:30 Uhr, viel zu fr\u00fch um im Hotel einzuchecken. Wir parkten trotzdem dort in der N\u00e4he, und entschieden uns f\u00fcr einen Spaziergang in die Innenstadt. Dabei kamen wir erstmal am Hotel vorbei, dann ging es weiter entlang der Wilhelmsh\u00f6her Allee bzw. Goethestra\u00dfe.<\/p>\n\n\n\n<figure class=\"wp-block-image aligncenter size-large is-resized\"><a href=\"https:\/\/mb2812.de\/wp-content\/uploads\/2023\/09\/IMG_0497.jpg\" target=\"_blank\" rel=\" noreferrer noopener\"><img loading=\"lazy\" decoding=\"async\" width=\"1024\" height=\"819\" src=\"https:\/\/mb2812.de\/wp-content\/uploads\/2023\/09\/IMG_0497-1024x819.jpg\" alt=\"\" class=\"wp-image-12992\" style=\"width:800px\" srcset=\"https:\/\/mb2812.de\/wp-content\/uploads\/2023\/09\/IMG_0497-1024x819.jpg 1024w, https:\/\/mb2812.de\/wp-content\/uploads\/2023\/09\/IMG_0497-300x240.jpg 300w, https:\/\/mb2812.de\/wp-content\/uploads\/2023\/09\/IMG_0497-768x614.jpg 768w, https:\/\/mb2812.de\/wp-content\/uploads\/2023\/09\/IMG_0497-1536x1229.jpg 1536w, https:\/\/mb2812.de\/wp-content\/uploads\/2023\/09\/IMG_0497-668x534.jpg 668w, https:\/\/mb2812.de\/wp-content\/uploads\/2023\/09\/IMG_0497.jpg 1920w\" sizes=\"auto, (max-width: 1024px) 100vw, 1024px\" \/><\/a><figcaption class=\"wp-element-caption\"><em>Das Hotel FischerS<\/em><\/figcaption><\/figure>\n\n\n\n<!--more-->\n\n\n\n<figure class=\"wp-block-image aligncenter size-large is-resized\"><a href=\"https:\/\/mb2812.de\/wp-content\/uploads\/2023\/09\/IMG_5046.jpg\" target=\"_blank\" rel=\" noreferrer noopener\"><img loading=\"lazy\" decoding=\"async\" width=\"1024\" height=\"819\" src=\"https:\/\/mb2812.de\/wp-content\/uploads\/2023\/09\/IMG_5046-1024x819.jpg\" alt=\"\" class=\"wp-image-13004\" style=\"width:800px\" srcset=\"https:\/\/mb2812.de\/wp-content\/uploads\/2023\/09\/IMG_5046-1024x819.jpg 1024w, https:\/\/mb2812.de\/wp-content\/uploads\/2023\/09\/IMG_5046-300x240.jpg 300w, https:\/\/mb2812.de\/wp-content\/uploads\/2023\/09\/IMG_5046-768x614.jpg 768w, https:\/\/mb2812.de\/wp-content\/uploads\/2023\/09\/IMG_5046-1536x1229.jpg 1536w, https:\/\/mb2812.de\/wp-content\/uploads\/2023\/09\/IMG_5046-668x534.jpg 668w, https:\/\/mb2812.de\/wp-content\/uploads\/2023\/09\/IMG_5046.jpg 1920w\" sizes=\"auto, (max-width: 1024px) 100vw, 1024px\" \/><\/a><figcaption class=\"wp-element-caption\"><em>Als ich das letze Mal in Kassel war, gab es ihn in dieser Form noch nicht. Der Bahnhof Wilhelmsh\u00f6he wandelte sich von einer Vorortstation zum Verkn\u00fcpfungspunkt mit dem Hochgeschwindigkeitsnetz<\/em><\/figcaption><\/figure>\n\n\n\n<figure class=\"wp-block-image aligncenter size-large is-resized\"><a href=\"https:\/\/mb2812.de\/wp-content\/uploads\/2023\/09\/IMG_5045-1016.jpg\" target=\"_blank\" rel=\" noreferrer noopener\"><img loading=\"lazy\" decoding=\"async\" width=\"1024\" height=\"819\" src=\"https:\/\/mb2812.de\/wp-content\/uploads\/2023\/09\/IMG_5045-1016-1024x819.jpg\" alt=\"\" class=\"wp-image-13003\" style=\"width:800px\" srcset=\"https:\/\/mb2812.de\/wp-content\/uploads\/2023\/09\/IMG_5045-1016-1024x819.jpg 1024w, https:\/\/mb2812.de\/wp-content\/uploads\/2023\/09\/IMG_5045-1016-300x240.jpg 300w, https:\/\/mb2812.de\/wp-content\/uploads\/2023\/09\/IMG_5045-1016-768x614.jpg 768w, https:\/\/mb2812.de\/wp-content\/uploads\/2023\/09\/IMG_5045-1016-1536x1229.jpg 1536w, https:\/\/mb2812.de\/wp-content\/uploads\/2023\/09\/IMG_5045-1016-668x534.jpg 668w, https:\/\/mb2812.de\/wp-content\/uploads\/2023\/09\/IMG_5045-1016.jpg 1920w\" sizes=\"auto, (max-width: 1024px) 100vw, 1024px\" \/><\/a><figcaption class=\"wp-element-caption\"><em>Vor dem Empfangsgeb\u00e4ude<\/em><\/figcaption><\/figure>\n\n\n\n<figure class=\"wp-block-image aligncenter size-large is-resized\"><a href=\"https:\/\/mb2812.de\/wp-content\/uploads\/2023\/09\/IMG_5049.jpg\" target=\"_blank\" rel=\" noreferrer noopener\"><img loading=\"lazy\" decoding=\"async\" width=\"1024\" height=\"819\" src=\"https:\/\/mb2812.de\/wp-content\/uploads\/2023\/09\/IMG_5049-1024x819.jpg\" alt=\"\" class=\"wp-image-12985\" style=\"width:800px\" srcset=\"https:\/\/mb2812.de\/wp-content\/uploads\/2023\/09\/IMG_5049-1024x819.jpg 1024w, https:\/\/mb2812.de\/wp-content\/uploads\/2023\/09\/IMG_5049-300x240.jpg 300w, https:\/\/mb2812.de\/wp-content\/uploads\/2023\/09\/IMG_5049-768x614.jpg 768w, https:\/\/mb2812.de\/wp-content\/uploads\/2023\/09\/IMG_5049-1536x1229.jpg 1536w, https:\/\/mb2812.de\/wp-content\/uploads\/2023\/09\/IMG_5049-668x534.jpg 668w, https:\/\/mb2812.de\/wp-content\/uploads\/2023\/09\/IMG_5049.jpg 1920w\" sizes=\"auto, (max-width: 1024px) 100vw, 1024px\" \/><\/a><figcaption class=\"wp-element-caption\"><em>Als n\u00e4chstes kommen wir am Bundessozialgericht vorbei. Das Geb\u00e4ude wurde 1935 bis 1938 als Kommando- und Verwaltungsgeb\u00e4ude der Wehrmacht gebaut, es ist im typischen monumentalisierenden Stil \u00a0der NS-Architektur.<\/em><\/figcaption><\/figure>\n\n\n\n<figure class=\"wp-block-image aligncenter size-large is-resized\"><a href=\"https:\/\/mb2812.de\/wp-content\/uploads\/2023\/09\/IMG_5056.jpg\" target=\"_blank\" rel=\" noreferrer noopener\"><img loading=\"lazy\" decoding=\"async\" width=\"1024\" height=\"819\" src=\"https:\/\/mb2812.de\/wp-content\/uploads\/2023\/09\/IMG_5056-1024x819.jpg\" alt=\"\" class=\"wp-image-12986\" style=\"width:800px\" srcset=\"https:\/\/mb2812.de\/wp-content\/uploads\/2023\/09\/IMG_5056-1024x819.jpg 1024w, https:\/\/mb2812.de\/wp-content\/uploads\/2023\/09\/IMG_5056-300x240.jpg 300w, https:\/\/mb2812.de\/wp-content\/uploads\/2023\/09\/IMG_5056-768x614.jpg 768w, https:\/\/mb2812.de\/wp-content\/uploads\/2023\/09\/IMG_5056-1536x1229.jpg 1536w, https:\/\/mb2812.de\/wp-content\/uploads\/2023\/09\/IMG_5056-668x534.jpg 668w, https:\/\/mb2812.de\/wp-content\/uploads\/2023\/09\/IMG_5056.jpg 1920w\" sizes=\"auto, (max-width: 1024px) 100vw, 1024px\" \/><\/a><figcaption class=\"wp-element-caption\"><em>Der ostseitige Eingang mit einer der beiden &#8218;Rosseb\u00e4ndiger&#8216; Skulpturen. Entworfen vom M\u00fcnchener Bildhauer Prof. Joseph Wackerle, wurden sie im Herbst 1938 aufgestellt.<\/em><\/figcaption><\/figure>\n\n\n\n<figure class=\"wp-block-image aligncenter size-large is-resized\"><a href=\"https:\/\/mb2812.de\/wp-content\/uploads\/2023\/09\/IMG_0523.jpg\" target=\"_blank\" rel=\" noreferrer noopener\"><img loading=\"lazy\" decoding=\"async\" width=\"1024\" height=\"819\" src=\"https:\/\/mb2812.de\/wp-content\/uploads\/2023\/09\/IMG_0523-1024x819.jpg\" alt=\"\" class=\"wp-image-12980\" style=\"width:800px\" srcset=\"https:\/\/mb2812.de\/wp-content\/uploads\/2023\/09\/IMG_0523-1024x819.jpg 1024w, https:\/\/mb2812.de\/wp-content\/uploads\/2023\/09\/IMG_0523-300x240.jpg 300w, https:\/\/mb2812.de\/wp-content\/uploads\/2023\/09\/IMG_0523-768x614.jpg 768w, https:\/\/mb2812.de\/wp-content\/uploads\/2023\/09\/IMG_0523-1536x1229.jpg 1536w, https:\/\/mb2812.de\/wp-content\/uploads\/2023\/09\/IMG_0523-668x534.jpg 668w, https:\/\/mb2812.de\/wp-content\/uploads\/2023\/09\/IMG_0523.jpg 1920w\" sizes=\"auto, (max-width: 1024px) 100vw, 1024px\" \/><\/a><figcaption class=\"wp-element-caption\"><em>Sp\u00e4tes Mittagessen bei Peter Pane an der K\u00f6nigstra\u00dfe<\/em><\/figcaption><\/figure>\n\n\n\n<p>Nach dem Essen f\u00fchrte der Spaziergang weiter \u00fcber den Friedrichsplatz zur Orangerie in der Karlsaue und ein bisschen durch die Karlsaue:<\/p>\n\n\n\n<figure class=\"wp-block-image aligncenter size-large is-resized\"><a href=\"https:\/\/mb2812.de\/wp-content\/uploads\/2023\/09\/IMG_0527-1059.jpg\" target=\"_blank\" rel=\" noreferrer noopener\"><img loading=\"lazy\" decoding=\"async\" width=\"1024\" height=\"819\" src=\"https:\/\/mb2812.de\/wp-content\/uploads\/2023\/09\/IMG_0527-1059-1024x819.jpg\" alt=\"\" class=\"wp-image-12981\" style=\"width:800px\" srcset=\"https:\/\/mb2812.de\/wp-content\/uploads\/2023\/09\/IMG_0527-1059-1024x819.jpg 1024w, https:\/\/mb2812.de\/wp-content\/uploads\/2023\/09\/IMG_0527-1059-300x240.jpg 300w, https:\/\/mb2812.de\/wp-content\/uploads\/2023\/09\/IMG_0527-1059-768x614.jpg 768w, https:\/\/mb2812.de\/wp-content\/uploads\/2023\/09\/IMG_0527-1059-1536x1229.jpg 1536w, https:\/\/mb2812.de\/wp-content\/uploads\/2023\/09\/IMG_0527-1059-668x534.jpg 668w, https:\/\/mb2812.de\/wp-content\/uploads\/2023\/09\/IMG_0527-1059.jpg 1920w\" sizes=\"auto, (max-width: 1024px) 100vw, 1024px\" \/><\/a><figcaption class=\"wp-element-caption\"><em>Der Friedrichsplatz macht einen etwas kahlen Eindruck<\/em><\/figcaption><\/figure>\n\n\n\n<figure class=\"wp-block-image aligncenter size-large is-resized\"><a href=\"https:\/\/mb2812.de\/wp-content\/uploads\/2023\/09\/IMG_5066-1017.jpg\" target=\"_blank\" rel=\" noreferrer noopener\"><img loading=\"lazy\" decoding=\"async\" width=\"1024\" height=\"819\" src=\"https:\/\/mb2812.de\/wp-content\/uploads\/2023\/09\/IMG_5066-1017-1024x819.jpg\" alt=\"\" class=\"wp-image-12987\" style=\"width:800px\" srcset=\"https:\/\/mb2812.de\/wp-content\/uploads\/2023\/09\/IMG_5066-1017-1024x819.jpg 1024w, https:\/\/mb2812.de\/wp-content\/uploads\/2023\/09\/IMG_5066-1017-300x240.jpg 300w, https:\/\/mb2812.de\/wp-content\/uploads\/2023\/09\/IMG_5066-1017-768x614.jpg 768w, https:\/\/mb2812.de\/wp-content\/uploads\/2023\/09\/IMG_5066-1017-1536x1229.jpg 1536w, https:\/\/mb2812.de\/wp-content\/uploads\/2023\/09\/IMG_5066-1017-668x534.jpg 668w, https:\/\/mb2812.de\/wp-content\/uploads\/2023\/09\/IMG_5066-1017.jpg 1920w\" sizes=\"auto, (max-width: 1024px) 100vw, 1024px\" \/><\/a><figcaption class=\"wp-element-caption\"><em>Auf dem Weg zur Orangerie kommen wir an der Installation &#8222;Rahmenbau&#8220; vorbei. Diese ist ein Kunst\u00adwerk der ehe\u00adma\u00adli\u00adgen Architekten- und K\u00fcnst\u00adler\u00adgruppe Haus-Rucker-Co. und wurde 1977 zur Documenta 6 aufgestellt.<\/em><\/figcaption><\/figure>\n\n\n\n<p>Ein paar Fotos von der Orangerie:<\/p>\n\n\n\n<figure class=\"wp-block-image aligncenter size-large is-resized\"><a href=\"https:\/\/mb2812.de\/wp-content\/uploads\/2023\/09\/IMG_5071.jpg\" target=\"_blank\" rel=\" noreferrer noopener\"><img loading=\"lazy\" decoding=\"async\" width=\"1024\" height=\"819\" src=\"https:\/\/mb2812.de\/wp-content\/uploads\/2023\/09\/IMG_5071-1024x819.jpg\" alt=\"\" class=\"wp-image-12988\" style=\"width:766px\" srcset=\"https:\/\/mb2812.de\/wp-content\/uploads\/2023\/09\/IMG_5071-1024x819.jpg 1024w, https:\/\/mb2812.de\/wp-content\/uploads\/2023\/09\/IMG_5071-300x240.jpg 300w, https:\/\/mb2812.de\/wp-content\/uploads\/2023\/09\/IMG_5071-768x614.jpg 768w, https:\/\/mb2812.de\/wp-content\/uploads\/2023\/09\/IMG_5071-1536x1229.jpg 1536w, https:\/\/mb2812.de\/wp-content\/uploads\/2023\/09\/IMG_5071-668x534.jpg 668w, https:\/\/mb2812.de\/wp-content\/uploads\/2023\/09\/IMG_5071.jpg 1920w\" sizes=\"auto, (max-width: 1024px) 100vw, 1024px\" \/><\/a><\/figure>\n\n\n\n<p><\/p>\n\n\n\n<figure class=\"wp-block-image aligncenter size-large is-resized\"><a href=\"https:\/\/mb2812.de\/wp-content\/uploads\/2023\/09\/IMG_5073.jpg\" target=\"_blank\" rel=\" noreferrer noopener\"><img loading=\"lazy\" decoding=\"async\" width=\"768\" height=\"1024\" src=\"https:\/\/mb2812.de\/wp-content\/uploads\/2023\/09\/IMG_5073-768x1024.jpg\" alt=\"\" class=\"wp-image-13005\" style=\"width:600px\" srcset=\"https:\/\/mb2812.de\/wp-content\/uploads\/2023\/09\/IMG_5073-768x1024.jpg 768w, https:\/\/mb2812.de\/wp-content\/uploads\/2023\/09\/IMG_5073-225x300.jpg 225w, https:\/\/mb2812.de\/wp-content\/uploads\/2023\/09\/IMG_5073-1152x1536.jpg 1152w, https:\/\/mb2812.de\/wp-content\/uploads\/2023\/09\/IMG_5073-668x891.jpg 668w, https:\/\/mb2812.de\/wp-content\/uploads\/2023\/09\/IMG_5073.jpg 1440w\" sizes=\"auto, (max-width: 768px) 100vw, 768px\" \/><\/a><\/figure>\n\n\n\n<p><\/p>\n\n\n\n<figure class=\"wp-block-image aligncenter size-large is-resized\"><a href=\"https:\/\/mb2812.de\/wp-content\/uploads\/2023\/09\/IMG_5074.jpg\" target=\"_blank\" rel=\" noreferrer noopener\"><img loading=\"lazy\" decoding=\"async\" width=\"1024\" height=\"819\" src=\"https:\/\/mb2812.de\/wp-content\/uploads\/2023\/09\/IMG_5074-1024x819.jpg\" alt=\"\" class=\"wp-image-12989\" style=\"width:800px\" srcset=\"https:\/\/mb2812.de\/wp-content\/uploads\/2023\/09\/IMG_5074-1024x819.jpg 1024w, https:\/\/mb2812.de\/wp-content\/uploads\/2023\/09\/IMG_5074-300x240.jpg 300w, https:\/\/mb2812.de\/wp-content\/uploads\/2023\/09\/IMG_5074-768x614.jpg 768w, https:\/\/mb2812.de\/wp-content\/uploads\/2023\/09\/IMG_5074-1536x1229.jpg 1536w, https:\/\/mb2812.de\/wp-content\/uploads\/2023\/09\/IMG_5074-668x534.jpg 668w, https:\/\/mb2812.de\/wp-content\/uploads\/2023\/09\/IMG_5074.jpg 1920w\" sizes=\"auto, (max-width: 1024px) 100vw, 1024px\" \/><\/a><\/figure>\n\n\n\n<p><\/p>\n\n\n\n<figure class=\"wp-block-image aligncenter size-large is-resized\"><a href=\"https:\/\/mb2812.de\/wp-content\/uploads\/2023\/09\/IMG_0567.jpg\" target=\"_blank\" rel=\" noreferrer noopener\"><img loading=\"lazy\" decoding=\"async\" width=\"1024\" height=\"819\" src=\"https:\/\/mb2812.de\/wp-content\/uploads\/2023\/09\/IMG_0567-1024x819.jpg\" alt=\"\" class=\"wp-image-12982\" style=\"width:800px\" srcset=\"https:\/\/mb2812.de\/wp-content\/uploads\/2023\/09\/IMG_0567-1024x819.jpg 1024w, https:\/\/mb2812.de\/wp-content\/uploads\/2023\/09\/IMG_0567-300x240.jpg 300w, https:\/\/mb2812.de\/wp-content\/uploads\/2023\/09\/IMG_0567-768x614.jpg 768w, https:\/\/mb2812.de\/wp-content\/uploads\/2023\/09\/IMG_0567-1536x1229.jpg 1536w, https:\/\/mb2812.de\/wp-content\/uploads\/2023\/09\/IMG_0567-668x534.jpg 668w, https:\/\/mb2812.de\/wp-content\/uploads\/2023\/09\/IMG_0567.jpg 1920w\" sizes=\"auto, (max-width: 1024px) 100vw, 1024px\" \/><\/a><figcaption class=\"wp-element-caption\"><em>Der Hirschgraben in der Karlsaue<\/em><\/figcaption><\/figure>\n\n\n\n<figure class=\"wp-block-image aligncenter size-large is-resized\"><a href=\"https:\/\/mb2812.de\/wp-content\/uploads\/2023\/09\/IMG_5076-1046.jpg\" target=\"_blank\" rel=\" noreferrer noopener\"><img loading=\"lazy\" decoding=\"async\" width=\"1024\" height=\"819\" src=\"https:\/\/mb2812.de\/wp-content\/uploads\/2023\/09\/IMG_5076-1046-1024x819.jpg\" alt=\"\" class=\"wp-image-12976\" style=\"width:800px\" srcset=\"https:\/\/mb2812.de\/wp-content\/uploads\/2023\/09\/IMG_5076-1046-1024x819.jpg 1024w, https:\/\/mb2812.de\/wp-content\/uploads\/2023\/09\/IMG_5076-1046-300x240.jpg 300w, https:\/\/mb2812.de\/wp-content\/uploads\/2023\/09\/IMG_5076-1046-768x614.jpg 768w, https:\/\/mb2812.de\/wp-content\/uploads\/2023\/09\/IMG_5076-1046-1536x1229.jpg 1536w, https:\/\/mb2812.de\/wp-content\/uploads\/2023\/09\/IMG_5076-1046-668x534.jpg 668w, https:\/\/mb2812.de\/wp-content\/uploads\/2023\/09\/IMG_5076-1046.jpg 1920w\" sizes=\"auto, (max-width: 1024px) 100vw, 1024px\" \/><\/a><figcaption class=\"wp-element-caption\"><em>Skulpturen in der Karlsaue<\/em><\/figcaption><\/figure>\n\n\n\n<figure class=\"wp-block-image aligncenter size-large is-resized\"><a href=\"https:\/\/mb2812.de\/wp-content\/uploads\/2023\/09\/IMG_0588.jpg\" target=\"_blank\" rel=\" noreferrer noopener\"><img loading=\"lazy\" decoding=\"async\" width=\"1024\" height=\"819\" src=\"https:\/\/mb2812.de\/wp-content\/uploads\/2023\/09\/IMG_0588-1024x819.jpg\" alt=\"\" class=\"wp-image-12993\" style=\"width:800px\" srcset=\"https:\/\/mb2812.de\/wp-content\/uploads\/2023\/09\/IMG_0588-1024x819.jpg 1024w, https:\/\/mb2812.de\/wp-content\/uploads\/2023\/09\/IMG_0588-300x240.jpg 300w, https:\/\/mb2812.de\/wp-content\/uploads\/2023\/09\/IMG_0588-768x614.jpg 768w, https:\/\/mb2812.de\/wp-content\/uploads\/2023\/09\/IMG_0588-1536x1229.jpg 1536w, https:\/\/mb2812.de\/wp-content\/uploads\/2023\/09\/IMG_0588-668x534.jpg 668w, https:\/\/mb2812.de\/wp-content\/uploads\/2023\/09\/IMG_0588.jpg 1920w\" sizes=\"auto, (max-width: 1024px) 100vw, 1024px\" \/><\/a><figcaption class=\"wp-element-caption\"><em>Zur\u00fcck in der Fu\u00dfg\u00e4ngerzone begegnet uns klassische Nachkriegsarchitektur<\/em><\/figcaption><\/figure>\n\n\n\n<p>Mit der Stra\u00dfenbahn ging es zur\u00fcck zum Hotel, wo wir dann eincheckten. Noch kurz Getr\u00e4nke einkaufen in einem nahen Edeka, und dann war &#8222;Feierabend&#8220;. Den verbrachten wir zun\u00e4chst auf der Terasse des Hotel Restaurants und als es zu kalt wurde dann drinnen. Nach dem sp\u00e4ten Mittagessen hatten nur noch wenig Hunger und begn\u00fcgten uns dann mit einer Suppe pro Person und einem geteilten Vorspeisenteller.<\/p>\n\n\n\n<figure class=\"wp-block-image aligncenter size-large is-resized\"><a href=\"https:\/\/mb2812.de\/wp-content\/uploads\/2023\/09\/IMG_0593-1047.jpg\"><img loading=\"lazy\" decoding=\"async\" width=\"1024\" height=\"819\" src=\"https:\/\/mb2812.de\/wp-content\/uploads\/2023\/09\/IMG_0593-1047-1024x819.jpg\" alt=\"\" class=\"wp-image-12983\" style=\"width:800px\" srcset=\"https:\/\/mb2812.de\/wp-content\/uploads\/2023\/09\/IMG_0593-1047-1024x819.jpg 1024w, https:\/\/mb2812.de\/wp-content\/uploads\/2023\/09\/IMG_0593-1047-300x240.jpg 300w, https:\/\/mb2812.de\/wp-content\/uploads\/2023\/09\/IMG_0593-1047-768x614.jpg 768w, https:\/\/mb2812.de\/wp-content\/uploads\/2023\/09\/IMG_0593-1047-1536x1229.jpg 1536w, https:\/\/mb2812.de\/wp-content\/uploads\/2023\/09\/IMG_0593-1047-668x534.jpg 668w, https:\/\/mb2812.de\/wp-content\/uploads\/2023\/09\/IMG_0593-1047.jpg 1920w\" sizes=\"auto, (max-width: 1024px) 100vw, 1024px\" \/><\/a><figcaption class=\"wp-element-caption\"><em>Unser Zimmer im Hotel<\/em><\/figcaption><\/figure>\n","protected":false},"excerpt":{"rendered":"<p>Wallenstein im Kn\u00fcllgebirge besuchten wir auf einer Fahrt von K\u00f6ln nach B\u00f6blingen, bei der wir einen Stop in Kassel einlegten. Heute fahren wir von K\u00f6ln bis Kassel und schauen uns ein wenig in der Stadt um.<\/p>\n","protected":false},"author":1,"featured_media":12987,"comment_status":"closed","ping_status":"closed","sticky":false,"template":"","format":"standard","meta":{"footnotes":""},"categories":[13],"tags":[40,117,176,177],"class_list":["post-12975","post","type-post","status-publish","format-standard","has-post-thumbnail","hentry","category-ausfluege","tag-40","tag-ausfluege","tag-hessen","tag-kassel"],"_links":{"self":[{"href":"https:\/\/mb2812.de\/index.php?rest_route=\/wp\/v2\/posts\/12975","targetHints":{"allow":["GET"]}}],"collection":[{"href":"https:\/\/mb2812.de\/index.php?rest_route=\/wp\/v2\/posts"}],"about":[{"href":"https:\/\/mb2812.de\/index.php?rest_route=\/wp\/v2\/types\/post"}],"author":[{"embeddable":true,"href":"https:\/\/mb2812.de\/index.php?rest_route=\/wp\/v2\/users\/1"}],"replies":[{"embeddable":true,"href":"https:\/\/mb2812.de\/index.php?rest_route=%2Fwp%2Fv2%2Fcomments&post=12975"}],"version-history":[{"count":17,"href":"https:\/\/mb2812.de\/index.php?rest_route=\/wp\/v2\/posts\/12975\/revisions"}],"predecessor-version":[{"id":15272,"href":"https:\/\/mb2812.de\/index.php?rest_route=\/wp\/v2\/posts\/12975\/revisions\/15272"}],"wp:featuredmedia":[{"embeddable":true,"href":"https:\/\/mb2812.de\/index.php?rest_route=\/wp\/v2\/media\/12987"}],"wp:attachment":[{"href":"https:\/\/mb2812.de\/index.php?rest_route=%2Fwp%2Fv2%2Fmedia&parent=12975"}],"wp:term":[{"taxonomy":"category","embeddable":true,"href":"https:\/\/mb2812.de\/index.php?rest_route=%2Fwp%2Fv2%2Fcategories&post=12975"},{"taxonomy":"post_tag","embeddable":true,"href":"https:\/\/mb2812.de\/index.php?rest_route=%2Fwp%2Fv2%2Ftags&post=12975"}],"curies":[{"name":"wp","href":"https:\/\/api.w.org\/{rel}","templated":true}]}}