{"id":12670,"date":"2023-06-10T09:00:33","date_gmt":"2023-06-10T07:00:33","guid":{"rendered":"http:\/\/reiseblog.mb2812.de\/?p=12670"},"modified":"2024-11-27T20:30:19","modified_gmt":"2024-11-27T18:30:19","slug":"unterwegs-auf-dem-rhein","status":"publish","type":"post","link":"https:\/\/mb2812.de\/?p=12670","title":{"rendered":"Unterwegs auf dem Rhein"},"content":{"rendered":"\n<p>Wir wollten ein bisschen raus und meine Idee war \u201eSchiff fahren auf dem Rhein\u201c. Das ist in K\u00f6ln nicht mehr ganz so einfach, direkt ab K\u00f6ln gibt es eigentlich nur noch einst\u00fcndige Rundfahrten nach Rodenkirchen. In Bonn ist es etwas anders, dort beginnt das Siebengebirge und das Angebot ist entsprechend h\u00f6her.<\/p>\n\n\n\n<p>Also wurde das Auto angeschmissen und die etwa 40 Kilometer dorthin recht schnell \u00fcberwunden. Wir parkten in Beuel auf der rechten Rheinseite und marschierten dann \u00fcber die Kennedybr\u00fccke zur Anlegestelle \u201eAlter Zoll\u201c am Opernhaus.<\/p>\n\n\n\n<p>Vier Stunden dauert die Tour nach Linz und zur\u00fcck an Bord der \u201ePoseidon\u201c, hier ein paar Bilder davon:<\/p>\n\n\n\n<figure class=\"wp-block-image aligncenter size-large is-resized\"><a href=\"https:\/\/mb2812.de\/wp-content\/uploads\/2023\/06\/IMG_9861.jpg\" target=\"_blank\" rel=\" noreferrer noopener\"><img loading=\"lazy\" decoding=\"async\" width=\"1024\" height=\"819\" src=\"https:\/\/mb2812.de\/wp-content\/uploads\/2023\/06\/IMG_9861-1024x819.jpg\" alt=\"\" class=\"wp-image-12684\" style=\"width:800px\" srcset=\"https:\/\/mb2812.de\/wp-content\/uploads\/2023\/06\/IMG_9861-1024x819.jpg 1024w, https:\/\/mb2812.de\/wp-content\/uploads\/2023\/06\/IMG_9861-300x240.jpg 300w, https:\/\/mb2812.de\/wp-content\/uploads\/2023\/06\/IMG_9861-768x614.jpg 768w, https:\/\/mb2812.de\/wp-content\/uploads\/2023\/06\/IMG_9861-1536x1229.jpg 1536w, https:\/\/mb2812.de\/wp-content\/uploads\/2023\/06\/IMG_9861-668x534.jpg 668w, https:\/\/mb2812.de\/wp-content\/uploads\/2023\/06\/IMG_9861.jpg 1920w\" sizes=\"auto, (max-width: 1024px) 100vw, 1024px\" \/><\/a><figcaption class=\"wp-element-caption\"><em>Da sind wir auf dem Schiff und warten schwitzend auf die Abfahrzeit<\/em><\/figcaption><\/figure>\n\n\n\n<!--more-->\n\n\n\n<figure class=\"wp-block-image aligncenter size-large is-resized\"><a href=\"https:\/\/mb2812.de\/wp-content\/uploads\/2023\/06\/IMG_4899.jpg\" target=\"_blank\" rel=\" noreferrer noopener\"><img loading=\"lazy\" decoding=\"async\" width=\"1024\" height=\"819\" src=\"https:\/\/mb2812.de\/wp-content\/uploads\/2023\/06\/IMG_4899-1024x819.jpg\" alt=\"\" class=\"wp-image-12677\" style=\"width:800px\" srcset=\"https:\/\/mb2812.de\/wp-content\/uploads\/2023\/06\/IMG_4899-1024x819.jpg 1024w, https:\/\/mb2812.de\/wp-content\/uploads\/2023\/06\/IMG_4899-300x240.jpg 300w, https:\/\/mb2812.de\/wp-content\/uploads\/2023\/06\/IMG_4899-768x614.jpg 768w, https:\/\/mb2812.de\/wp-content\/uploads\/2023\/06\/IMG_4899-1536x1229.jpg 1536w, https:\/\/mb2812.de\/wp-content\/uploads\/2023\/06\/IMG_4899-668x534.jpg 668w, https:\/\/mb2812.de\/wp-content\/uploads\/2023\/06\/IMG_4899.jpg 1920w\" sizes=\"auto, (max-width: 1024px) 100vw, 1024px\" \/><\/a><figcaption class=\"wp-element-caption\"><em>Beuel mit der St. Josefs Kirche<\/em><\/figcaption><\/figure>\n\n\n\n<figure class=\"wp-block-image aligncenter size-large is-resized\"><a href=\"https:\/\/mb2812.de\/wp-content\/uploads\/2023\/06\/IMG_4900.jpg\" target=\"_blank\" rel=\" noreferrer noopener\"><img loading=\"lazy\" decoding=\"async\" width=\"1024\" height=\"819\" src=\"https:\/\/mb2812.de\/wp-content\/uploads\/2023\/06\/IMG_4900-1024x819.jpg\" alt=\"\" class=\"wp-image-12678\" style=\"width:800px\" srcset=\"https:\/\/mb2812.de\/wp-content\/uploads\/2023\/06\/IMG_4900-1024x819.jpg 1024w, https:\/\/mb2812.de\/wp-content\/uploads\/2023\/06\/IMG_4900-300x240.jpg 300w, https:\/\/mb2812.de\/wp-content\/uploads\/2023\/06\/IMG_4900-768x614.jpg 768w, https:\/\/mb2812.de\/wp-content\/uploads\/2023\/06\/IMG_4900-1536x1229.jpg 1536w, https:\/\/mb2812.de\/wp-content\/uploads\/2023\/06\/IMG_4900-668x534.jpg 668w, https:\/\/mb2812.de\/wp-content\/uploads\/2023\/06\/IMG_4900.jpg 1920w\" sizes=\"auto, (max-width: 1024px) 100vw, 1024px\" \/><\/a><figcaption class=\"wp-element-caption\"><em>Da geht es hin: Der Blick stromaufw\u00e4rts mit der Silhouette des Siebengebirges im (immer noch) Morgendunst sowie Post Tower und \u201eLanger Eugen\u201c rechts.<\/em><\/figcaption><\/figure>\n\n\n\n<figure class=\"wp-block-image aligncenter size-large is-resized\"><a href=\"https:\/\/mb2812.de\/wp-content\/uploads\/2023\/06\/IMG_4903.jpg\" target=\"_blank\" rel=\" noreferrer noopener\"><img loading=\"lazy\" decoding=\"async\" width=\"1024\" height=\"819\" src=\"https:\/\/mb2812.de\/wp-content\/uploads\/2023\/06\/IMG_4903-1024x819.jpg\" alt=\"\" class=\"wp-image-12671\" style=\"width:800px\" srcset=\"https:\/\/mb2812.de\/wp-content\/uploads\/2023\/06\/IMG_4903-1024x819.jpg 1024w, https:\/\/mb2812.de\/wp-content\/uploads\/2023\/06\/IMG_4903-300x240.jpg 300w, https:\/\/mb2812.de\/wp-content\/uploads\/2023\/06\/IMG_4903-768x614.jpg 768w, https:\/\/mb2812.de\/wp-content\/uploads\/2023\/06\/IMG_4903-1536x1229.jpg 1536w, https:\/\/mb2812.de\/wp-content\/uploads\/2023\/06\/IMG_4903-668x534.jpg 668w, https:\/\/mb2812.de\/wp-content\/uploads\/2023\/06\/IMG_4903.jpg 1920w\" sizes=\"auto, (max-width: 1024px) 100vw, 1024px\" \/><\/a><figcaption class=\"wp-element-caption\"><em>Eine Br\u00fccke unterqueren wir. Die Konrad-Adenauer-Br\u00fccke f\u00fchrt in H\u00f6he des Rheinaue Parks \u00fcber den Rhein<\/em><\/figcaption><\/figure>\n\n\n\n<figure class=\"wp-block-image aligncenter size-large is-resized\"><a href=\"https:\/\/mb2812.de\/wp-content\/uploads\/2023\/06\/IMG_4901.jpg\" target=\"_blank\" rel=\" noreferrer noopener\"><img loading=\"lazy\" decoding=\"async\" width=\"1024\" height=\"819\" src=\"https:\/\/mb2812.de\/wp-content\/uploads\/2023\/06\/IMG_4901-1024x819.jpg\" alt=\"\" class=\"wp-image-12679\" style=\"width:800px\" srcset=\"https:\/\/mb2812.de\/wp-content\/uploads\/2023\/06\/IMG_4901-1024x819.jpg 1024w, https:\/\/mb2812.de\/wp-content\/uploads\/2023\/06\/IMG_4901-300x240.jpg 300w, https:\/\/mb2812.de\/wp-content\/uploads\/2023\/06\/IMG_4901-768x614.jpg 768w, https:\/\/mb2812.de\/wp-content\/uploads\/2023\/06\/IMG_4901-1536x1229.jpg 1536w, https:\/\/mb2812.de\/wp-content\/uploads\/2023\/06\/IMG_4901-668x534.jpg 668w, https:\/\/mb2812.de\/wp-content\/uploads\/2023\/06\/IMG_4901.jpg 1920w\" sizes=\"auto, (max-width: 1024px) 100vw, 1024px\" \/><\/a><figcaption class=\"wp-element-caption\"><em>So sieht hier das typische Rheinufer aus<\/em><\/figcaption><\/figure>\n\n\n\n<figure class=\"wp-block-image aligncenter size-large is-resized\"><a href=\"https:\/\/mb2812.de\/wp-content\/uploads\/2023\/06\/IMG_9902.jpg\" target=\"_blank\" rel=\" noreferrer noopener\"><img loading=\"lazy\" decoding=\"async\" width=\"1024\" height=\"819\" src=\"https:\/\/mb2812.de\/wp-content\/uploads\/2023\/06\/IMG_9902-1024x819.jpg\" alt=\"\" class=\"wp-image-12685\" style=\"width:800px\" srcset=\"https:\/\/mb2812.de\/wp-content\/uploads\/2023\/06\/IMG_9902-1024x819.jpg 1024w, https:\/\/mb2812.de\/wp-content\/uploads\/2023\/06\/IMG_9902-300x240.jpg 300w, https:\/\/mb2812.de\/wp-content\/uploads\/2023\/06\/IMG_9902-768x614.jpg 768w, https:\/\/mb2812.de\/wp-content\/uploads\/2023\/06\/IMG_9902-1536x1229.jpg 1536w, https:\/\/mb2812.de\/wp-content\/uploads\/2023\/06\/IMG_9902-668x534.jpg 668w, https:\/\/mb2812.de\/wp-content\/uploads\/2023\/06\/IMG_9902.jpg 1920w\" sizes=\"auto, (max-width: 1024px) 100vw, 1024px\" \/><\/a><figcaption class=\"wp-element-caption\"><em>In tauchen die H\u00fcgel des Siebengebirges auf, als erster der 335,9 Meter hohe Petersberg. F\u00fcr die \u00dcberquerung des Rheins sind jetzt F\u00e4hren zust\u00e4ndig.<\/em><\/figcaption><\/figure>\n\n\n\n<figure class=\"wp-block-image aligncenter size-large is-resized\"><a href=\"https:\/\/mb2812.de\/wp-content\/uploads\/2023\/06\/IMG_4910.jpg\"><img loading=\"lazy\" decoding=\"async\" width=\"1024\" height=\"819\" src=\"https:\/\/mb2812.de\/wp-content\/uploads\/2023\/06\/IMG_4910-1024x819.jpg\" alt=\"\" class=\"wp-image-12681\" style=\"width:800px\" srcset=\"https:\/\/mb2812.de\/wp-content\/uploads\/2023\/06\/IMG_4910-1024x819.jpg 1024w, https:\/\/mb2812.de\/wp-content\/uploads\/2023\/06\/IMG_4910-300x240.jpg 300w, https:\/\/mb2812.de\/wp-content\/uploads\/2023\/06\/IMG_4910-768x614.jpg 768w, https:\/\/mb2812.de\/wp-content\/uploads\/2023\/06\/IMG_4910-1536x1229.jpg 1536w, https:\/\/mb2812.de\/wp-content\/uploads\/2023\/06\/IMG_4910-668x534.jpg 668w, https:\/\/mb2812.de\/wp-content\/uploads\/2023\/06\/IMG_4910.jpg 1920w\" sizes=\"auto, (max-width: 1024px) 100vw, 1024px\" \/><\/a><figcaption class=\"wp-element-caption\"><em>Als n\u00e4chstes bei K\u00f6nigswinter der Drachenfels, 321 Meter hoch<\/em><\/figcaption><\/figure>\n\n\n\n<figure class=\"wp-block-image aligncenter size-large is-resized\"><a href=\"https:\/\/mb2812.de\/wp-content\/uploads\/2023\/06\/IMG_4915.jpg\" target=\"_blank\" rel=\" noreferrer noopener\"><img loading=\"lazy\" decoding=\"async\" width=\"1024\" height=\"819\" src=\"https:\/\/mb2812.de\/wp-content\/uploads\/2023\/06\/IMG_4915-1024x819.jpg\" alt=\"\" class=\"wp-image-12672\" style=\"width:800px\" srcset=\"https:\/\/mb2812.de\/wp-content\/uploads\/2023\/06\/IMG_4915-1024x819.jpg 1024w, https:\/\/mb2812.de\/wp-content\/uploads\/2023\/06\/IMG_4915-300x240.jpg 300w, https:\/\/mb2812.de\/wp-content\/uploads\/2023\/06\/IMG_4915-768x614.jpg 768w, https:\/\/mb2812.de\/wp-content\/uploads\/2023\/06\/IMG_4915-1536x1229.jpg 1536w, https:\/\/mb2812.de\/wp-content\/uploads\/2023\/06\/IMG_4915-668x534.jpg 668w, https:\/\/mb2812.de\/wp-content\/uploads\/2023\/06\/IMG_4915.jpg 1920w\" sizes=\"auto, (max-width: 1024px) 100vw, 1024px\" \/><\/a><figcaption class=\"wp-element-caption\"><em>Noch ein Foto vom Drachenfels, ein paar Kilometer weiter Richtung Rh\u00f6ndorf aufgenommen.<\/em><\/figcaption><\/figure>\n\n\n\n<figure class=\"wp-block-image aligncenter size-large is-resized\"><a href=\"https:\/\/mb2812.de\/wp-content\/uploads\/2023\/06\/IMG_4917.jpg\"><img loading=\"lazy\" decoding=\"async\" width=\"768\" height=\"1024\" src=\"https:\/\/mb2812.de\/wp-content\/uploads\/2023\/06\/IMG_4917-768x1024.jpg\" alt=\"\" class=\"wp-image-12682\" style=\"width:600px\" srcset=\"https:\/\/mb2812.de\/wp-content\/uploads\/2023\/06\/IMG_4917-768x1024.jpg 768w, https:\/\/mb2812.de\/wp-content\/uploads\/2023\/06\/IMG_4917-225x300.jpg 225w, https:\/\/mb2812.de\/wp-content\/uploads\/2023\/06\/IMG_4917-1152x1536.jpg 1152w, https:\/\/mb2812.de\/wp-content\/uploads\/2023\/06\/IMG_4917-668x891.jpg 668w, https:\/\/mb2812.de\/wp-content\/uploads\/2023\/06\/IMG_4917.jpg 1440w\" sizes=\"auto, (max-width: 768px) 100vw, 768px\" \/><\/a><figcaption class=\"wp-element-caption\"><em>An einer zweiten Br\u00fccke kommen wir vorbei. Es ist die ber\u00fchmte Br\u00fccke von Remagen (Ludendorff-Br\u00fccke), von der allerdings nur noch die T\u00fcrme an den beiden Seiten existieren. Hier die T\u00fcrme auf der Erpeler Seite<\/em><\/figcaption><\/figure>\n\n\n\n<figure class=\"wp-block-image aligncenter size-large is-resized\"><a href=\"https:\/\/mb2812.de\/wp-content\/uploads\/2023\/06\/IMG_0017-999.jpg\" target=\"_blank\" rel=\" noreferrer noopener\"><img loading=\"lazy\" decoding=\"async\" width=\"1024\" height=\"819\" src=\"https:\/\/mb2812.de\/wp-content\/uploads\/2023\/06\/IMG_0017-999-1024x819.jpg\" alt=\"\" class=\"wp-image-12686\" style=\"width:800px\" srcset=\"https:\/\/mb2812.de\/wp-content\/uploads\/2023\/06\/IMG_0017-999-1024x819.jpg 1024w, https:\/\/mb2812.de\/wp-content\/uploads\/2023\/06\/IMG_0017-999-300x240.jpg 300w, https:\/\/mb2812.de\/wp-content\/uploads\/2023\/06\/IMG_0017-999-768x614.jpg 768w, https:\/\/mb2812.de\/wp-content\/uploads\/2023\/06\/IMG_0017-999-1536x1229.jpg 1536w, https:\/\/mb2812.de\/wp-content\/uploads\/2023\/06\/IMG_0017-999-668x534.jpg 668w, https:\/\/mb2812.de\/wp-content\/uploads\/2023\/06\/IMG_0017-999.jpg 1920w\" sizes=\"auto, (max-width: 1024px) 100vw, 1024px\" \/><\/a><figcaption class=\"wp-element-caption\"><em>Endstation ist in Linz. Wir bleiben sitzen und fahren gleich wieder zur\u00fcck.<\/em><\/figcaption><\/figure>\n\n\n\n<figure class=\"wp-block-image aligncenter size-large is-resized\"><a href=\"https:\/\/mb2812.de\/wp-content\/uploads\/2023\/06\/IMG_4921.jpg\"><img loading=\"lazy\" decoding=\"async\" width=\"1024\" height=\"819\" src=\"https:\/\/mb2812.de\/wp-content\/uploads\/2023\/06\/IMG_4921-1024x819.jpg\" alt=\"\" class=\"wp-image-12683\" style=\"width:800px\" srcset=\"https:\/\/mb2812.de\/wp-content\/uploads\/2023\/06\/IMG_4921-1024x819.jpg 1024w, https:\/\/mb2812.de\/wp-content\/uploads\/2023\/06\/IMG_4921-300x240.jpg 300w, https:\/\/mb2812.de\/wp-content\/uploads\/2023\/06\/IMG_4921-768x614.jpg 768w, https:\/\/mb2812.de\/wp-content\/uploads\/2023\/06\/IMG_4921-1536x1229.jpg 1536w, https:\/\/mb2812.de\/wp-content\/uploads\/2023\/06\/IMG_4921-668x534.jpg 668w, https:\/\/mb2812.de\/wp-content\/uploads\/2023\/06\/IMG_4921.jpg 1920w\" sizes=\"auto, (max-width: 1024px) 100vw, 1024px\" \/><\/a><figcaption class=\"wp-element-caption\"><em>Und damit sind wir wieder an der Br\u00fccke von Remagen, diesmal auf der Remagener Seite. In den T\u00fcrmen hier ist das Friedensmuseum untergebracht<\/em><\/figcaption><\/figure>\n\n\n\n<figure class=\"wp-block-image aligncenter size-large is-resized\"><a href=\"https:\/\/mb2812.de\/wp-content\/uploads\/2023\/06\/IMG_4927.jpg\" target=\"_blank\" rel=\" noreferrer noopener\"><img loading=\"lazy\" decoding=\"async\" width=\"1024\" height=\"819\" src=\"https:\/\/mb2812.de\/wp-content\/uploads\/2023\/06\/IMG_4927-1024x819.jpg\" alt=\"\" class=\"wp-image-12688\" style=\"width:800px\" srcset=\"https:\/\/mb2812.de\/wp-content\/uploads\/2023\/06\/IMG_4927-1024x819.jpg 1024w, https:\/\/mb2812.de\/wp-content\/uploads\/2023\/06\/IMG_4927-300x240.jpg 300w, https:\/\/mb2812.de\/wp-content\/uploads\/2023\/06\/IMG_4927-768x614.jpg 768w, https:\/\/mb2812.de\/wp-content\/uploads\/2023\/06\/IMG_4927-1536x1229.jpg 1536w, https:\/\/mb2812.de\/wp-content\/uploads\/2023\/06\/IMG_4927-668x534.jpg 668w, https:\/\/mb2812.de\/wp-content\/uploads\/2023\/06\/IMG_4927.jpg 1920w\" sizes=\"auto, (max-width: 1024px) 100vw, 1024px\" \/><\/a><figcaption class=\"wp-element-caption\"><em>Es folgt Rolandseck mit dem imposanten Bahnhofsgeb\u00e4ude. Darin und in dem dar\u00fcber sichtbaren Neubau des Architekten Richard Meier befindet sich das Arp-Museum<\/em><\/figcaption><\/figure>\n\n\n\n<figure class=\"wp-block-image aligncenter size-large is-resized\"><a href=\"https:\/\/mb2812.de\/wp-content\/uploads\/2023\/06\/IMG_0057.jpg\" target=\"_blank\" rel=\" noreferrer noopener\"><img loading=\"lazy\" decoding=\"async\" width=\"1024\" height=\"819\" src=\"https:\/\/mb2812.de\/wp-content\/uploads\/2023\/06\/IMG_0057-1024x819.jpg\" alt=\"\" class=\"wp-image-12675\" style=\"width:800px\" srcset=\"https:\/\/mb2812.de\/wp-content\/uploads\/2023\/06\/IMG_0057-1024x819.jpg 1024w, https:\/\/mb2812.de\/wp-content\/uploads\/2023\/06\/IMG_0057-300x240.jpg 300w, https:\/\/mb2812.de\/wp-content\/uploads\/2023\/06\/IMG_0057-768x614.jpg 768w, https:\/\/mb2812.de\/wp-content\/uploads\/2023\/06\/IMG_0057-1536x1229.jpg 1536w, https:\/\/mb2812.de\/wp-content\/uploads\/2023\/06\/IMG_0057-668x534.jpg 668w, https:\/\/mb2812.de\/wp-content\/uploads\/2023\/06\/IMG_0057.jpg 1920w\" sizes=\"auto, (max-width: 1024px) 100vw, 1024px\" \/><\/a><figcaption class=\"wp-element-caption\"><em>Kurz danach im Remagener Ortsteil Rolandswerth der Rolandsbogen, Letzter \u00dcberrest der Burg Rolandseck<\/em><\/figcaption><\/figure>\n\n\n\n<figure class=\"wp-block-image aligncenter size-large is-resized\"><a href=\"https:\/\/mb2812.de\/wp-content\/uploads\/2023\/06\/IMG_4931.jpg\" target=\"_blank\" rel=\" noreferrer noopener\"><img loading=\"lazy\" decoding=\"async\" width=\"1024\" height=\"819\" src=\"https:\/\/mb2812.de\/wp-content\/uploads\/2023\/06\/IMG_4931-1024x819.jpg\" alt=\"\" class=\"wp-image-12689\" style=\"width:800px\" srcset=\"https:\/\/mb2812.de\/wp-content\/uploads\/2023\/06\/IMG_4931-1024x819.jpg 1024w, https:\/\/mb2812.de\/wp-content\/uploads\/2023\/06\/IMG_4931-300x240.jpg 300w, https:\/\/mb2812.de\/wp-content\/uploads\/2023\/06\/IMG_4931-768x614.jpg 768w, https:\/\/mb2812.de\/wp-content\/uploads\/2023\/06\/IMG_4931-1536x1229.jpg 1536w, https:\/\/mb2812.de\/wp-content\/uploads\/2023\/06\/IMG_4931-668x534.jpg 668w, https:\/\/mb2812.de\/wp-content\/uploads\/2023\/06\/IMG_4931.jpg 1920w\" sizes=\"auto, (max-width: 1024px) 100vw, 1024px\" \/><\/a><figcaption class=\"wp-element-caption\"><em>Es geht an der Insel Nonnenwerth vorbei<\/em><\/figcaption><\/figure>\n\n\n\n<figure class=\"wp-block-image aligncenter size-large is-resized\"><a href=\"https:\/\/mb2812.de\/wp-content\/uploads\/2023\/06\/IMG_0082-997.jpg\" target=\"_blank\" rel=\" noreferrer noopener\"><img loading=\"lazy\" decoding=\"async\" width=\"1024\" height=\"819\" src=\"https:\/\/mb2812.de\/wp-content\/uploads\/2023\/06\/IMG_0082-997-1024x819.jpg\" alt=\"\" class=\"wp-image-12676\" style=\"width:800px\" srcset=\"https:\/\/mb2812.de\/wp-content\/uploads\/2023\/06\/IMG_0082-997-1024x819.jpg 1024w, https:\/\/mb2812.de\/wp-content\/uploads\/2023\/06\/IMG_0082-997-300x240.jpg 300w, https:\/\/mb2812.de\/wp-content\/uploads\/2023\/06\/IMG_0082-997-768x614.jpg 768w, https:\/\/mb2812.de\/wp-content\/uploads\/2023\/06\/IMG_0082-997-1536x1229.jpg 1536w, https:\/\/mb2812.de\/wp-content\/uploads\/2023\/06\/IMG_0082-997-668x534.jpg 668w, https:\/\/mb2812.de\/wp-content\/uploads\/2023\/06\/IMG_0082-997.jpg 1920w\" sizes=\"auto, (max-width: 1024px) 100vw, 1024px\" \/><\/a><figcaption class=\"wp-element-caption\"><em>Zur\u00fcck in Bonn auf dem Weg zum Parkplatz noch ein Abschiedsfoto von der Br\u00fccke mit dem Schiff am Anleger<\/em><\/figcaption><\/figure>\n","protected":false},"excerpt":{"rendered":"<p>Einfach mal weg! Das war die Idee. Geworden ist es eine Schifffahrt von Bonn zum Siebengebirge und zur\u00fcck<\/p>\n","protected":false},"author":1,"featured_media":12681,"comment_status":"closed","ping_status":"closed","sticky":false,"template":"","format":"standard","meta":{"footnotes":""},"categories":[13,28],"tags":[40,117,287,83,99,102],"class_list":["post-12670","post","type-post","status-publish","format-standard","has-post-thumbnail","hentry","category-ausfluege","category-hier-und-da-2023","tag-40","tag-ausfluege","tag-bonn","tag-rhein","tag-rheinland","tag-siebengebirge"],"_links":{"self":[{"href":"https:\/\/mb2812.de\/index.php?rest_route=\/wp\/v2\/posts\/12670","targetHints":{"allow":["GET"]}}],"collection":[{"href":"https:\/\/mb2812.de\/index.php?rest_route=\/wp\/v2\/posts"}],"about":[{"href":"https:\/\/mb2812.de\/index.php?rest_route=\/wp\/v2\/types\/post"}],"author":[{"embeddable":true,"href":"https:\/\/mb2812.de\/index.php?rest_route=\/wp\/v2\/users\/1"}],"replies":[{"embeddable":true,"href":"https:\/\/mb2812.de\/index.php?rest_route=%2Fwp%2Fv2%2Fcomments&post=12670"}],"version-history":[{"count":11,"href":"https:\/\/mb2812.de\/index.php?rest_route=\/wp\/v2\/posts\/12670\/revisions"}],"predecessor-version":[{"id":15383,"href":"https:\/\/mb2812.de\/index.php?rest_route=\/wp\/v2\/posts\/12670\/revisions\/15383"}],"wp:featuredmedia":[{"embeddable":true,"href":"https:\/\/mb2812.de\/index.php?rest_route=\/wp\/v2\/media\/12681"}],"wp:attachment":[{"href":"https:\/\/mb2812.de\/index.php?rest_route=%2Fwp%2Fv2%2Fmedia&parent=12670"}],"wp:term":[{"taxonomy":"category","embeddable":true,"href":"https:\/\/mb2812.de\/index.php?rest_route=%2Fwp%2Fv2%2Fcategories&post=12670"},{"taxonomy":"post_tag","embeddable":true,"href":"https:\/\/mb2812.de\/index.php?rest_route=%2Fwp%2Fv2%2Ftags&post=12670"}],"curies":[{"name":"wp","href":"https:\/\/api.w.org\/{rel}","templated":true}]}}