{"id":12643,"date":"2023-01-01T09:00:23","date_gmt":"2023-01-01T07:00:23","guid":{"rendered":"http:\/\/reiseblog.mb2812.de\/?p=12643"},"modified":"2025-06-22T11:59:22","modified_gmt":"2025-06-22T09:59:22","slug":"2023-ohne-titel","status":"publish","type":"post","link":"https:\/\/mb2812.de\/?p=12643","title":{"rendered":"2023 &#8211; &#8222;Nordsee&#8220; (und mehr)"},"content":{"rendered":"\n<p>Tja, 2023 entwickelt sich nicht so gut. Aus pers\u00f6nlichen und famili\u00e4ren Gr\u00fcnden sieht es so aus, als w\u00e4ren l\u00e4ngere und gr\u00f6\u00dfere Reisen unm\u00f6glich. Ein paar Auszeiten k\u00f6nnen wir uns allerdings g\u00f6nnen.<\/p>\n\n\n\n<p>In der ersten Jahresh\u00e4lfte ging es dabei nach Norden, an die Nordseek\u00fcste. Als erstes &nbsp;im April ein langes Wochenende in den Niederlanden. Nicht in unserem (irgendwie) Lieblingsort Zandvoort, sondern ein paar Kilometer weiter n\u00f6rdlich in IJmuiden. Das besondere war dabei die \u00dcbernachtung. Seit 2018 baut man dort an einem &#8222;Eco Resort&#8220; mit inzwischen gut 30 Tiny Houses. Und da Tiny Houses seit einiger Zeit \u00fcberall gehypt werden, waren wir etwas neugierig geworden und wollten wir diesen \u00dcbernachtungsstil mal ausprobieren. Es ist ja auf jeden Fall eine Abwechslung von den doch immer gleichen (mal etwas besseren, mal etwas schlechteren) Hotelzimmern.<\/p>\n\n\n\n<ul class=\"wp-block-list\">\n<li><a href=\"http:\/\/reiseblog.mb2812.de\/?p=12418\" target=\"_blank\" rel=\"noopener\">Ein Wochenende in IJmuiden<\/a><\/li>\n<\/ul>\n\n\n\n<p>Wir bleiben an der Nordsee, Im Mai ging f\u00fcr ein weiteres langes Wochenende wieder dahin, aber diesmal an die deutsche Nordseek\u00fcste. Wie es dazu kam ist eine f\u00fcrchterlich lange Story, die im Prinzip Anfang 2020 begann, und damit niemand beim Lesen einschl\u00e4ft erz\u00e4hle ich sie besser nicht. Jedenfalls waren wir hier nicht alleine, insgesamt waren wir mit sechs Personen unterwegs, zum Teil Freunde Stephans aus seiner Bundeswehrzeit bei der Marine, und darum ging es dann auch im Wesentlichen bei dieser Fahrt.<\/p>\n\n\n\n<ul class=\"wp-block-list\">\n<li><a href=\"http:\/\/reiseblog.mb2812.de\/?p=12491\" target=\"_blank\" rel=\"noopener\">Wilhelmshaven und Helgoland&nbsp;<\/a><\/li>\n<\/ul>\n\n\n\n<p><strong>Und, gibt\u2018s noch mehr Urlaub dieses Jahr?<\/strong><\/p>\n\n\n\n<p>Ja klar doch. Der hat mit Nordsee allerdings nichts mehr zu tun. Zwei Wochen hatten wir Ende Juli\/Anfang August. Was daraus geworden ist? Zwei Tage Zwischenstopp in der Mitte Deutschlands, auf dem Weg von K\u00f6ln nach B\u00f6blingen in Kassel und dann noch ein paar Ausfl\u00fcge ab B\u00f6blingen. Das Ganze l\u00e4uft unter dem Titel <strong>&#8222;Wallenstein&#8220;<\/strong>. Um die deutsche Geschichte (den Feldherrn des 30j\u00e4hrigen Krieges) oder hohe Literatur (u.a. Schillers Trilogie \u00fcber ihn) geht es hier nicht, gemeint ist der kleine Ort im Kn\u00fcllwald s\u00fcdlich Kassel, der fr\u00fcher mal (als man in Pensionen, deren Zimmer mit &#8222;fl. k. W.&#8220; angepriesen wurden, \u00fcbernachtete) eine Hochburg des Kleinb\u00fcrgertourismus war.<\/p>\n\n\n\n<figure class=\"wp-block-image aligncenter size-large is-resized\"><a href=\"https:\/\/mb2812.de\/wp-content\/uploads\/2023\/09\/IMG_5027.jpg\" target=\"_blank\" rel=\" noreferrer noopener\"><img loading=\"lazy\" decoding=\"async\" width=\"768\" height=\"1024\" src=\"https:\/\/mb2812.de\/wp-content\/uploads\/2023\/09\/IMG_5027-768x1024.jpg\" alt=\"\" class=\"wp-image-12984\" style=\"width:600px\" srcset=\"https:\/\/mb2812.de\/wp-content\/uploads\/2023\/09\/IMG_5027-768x1024.jpg 768w, https:\/\/mb2812.de\/wp-content\/uploads\/2023\/09\/IMG_5027-225x300.jpg 225w, https:\/\/mb2812.de\/wp-content\/uploads\/2023\/09\/IMG_5027-1152x1536.jpg 1152w, https:\/\/mb2812.de\/wp-content\/uploads\/2023\/09\/IMG_5027-668x891.jpg 668w, https:\/\/mb2812.de\/wp-content\/uploads\/2023\/09\/IMG_5027.jpg 1440w\" sizes=\"auto, (max-width: 768px) 100vw, 768px\" \/><\/a><figcaption class=\"wp-element-caption\"><em>Das &#8222;r&#8220; hat die Jahrzehnte nicht \u00fcberlebt &#8211; sowas kaufte man damals als Souvenir.<\/em><\/figcaption><\/figure>\n\n\n\n<p>Wie komm ich ausgerechnet auf dieses Kaff? Es k\u00f6nnte sein, das dort noch Verwandte von mir leben. Der Kontakt ist jedenfalls bereits vor Jahrzehnten abgebrochen. Aber aus der Kindheit ist mir in Erinnerung, das meine Gro\u00dfmutter jedes Jahr im Sommer mehrere Monate dorthin verschwand, um bei der Bewirtung der Urlaubsg\u00e4sten zu helfen. Und noch fr\u00fcher war meine Mutter w\u00e4hrend des Krieges zeitweise dort und erz\u00e4hlt noch immer davon. Auch ich wurde wohl in den 60er Jahren dorthin mitgenommen, an die gr\u00f6\u00dfte Attraktion des Ortes, das Freibad, kann ich mich noch erinnern. Die Autobahn f\u00fchrt nun ziemlich nahe am Ort vorbei, und auf einer Fahrt von Stuttgart nach Hannover kam mir an der Ausfahrt Homberg\/Efze die Idee &#8222;Hier m\u00fcsste ich mal vorbeischauen, vielleicht erkenne ich irgendwas wieder&#8220;. Und das haben ich und Stephan nun umgesetzt.<\/p>\n\n\n\n<ul class=\"wp-block-list\">\n<li><a href=\"http:\/\/reiseblog.mb2812.de\/?p=12975\">Wallenstein<\/a><\/li>\n<\/ul>\n\n\n\n<p><strong>&#8222;Gro\u00dfer&#8220; Urlaub im Herbst<\/strong><\/p>\n\n\n\n<p>Tja, und (etwas) gr\u00f6\u00dferen Urlaub gab es dann doch noch im Oktober. Eine Woche Urlaub konnten wir uns freimachen, und es geht nicht nach Norden, sondern in die entgegengesetzte Richtung &#8211; mal wieder in die Schweiz. Standort war, wie im  letzten Jahr, Locarno und auch das Hotel war dasselbe, n\u00e4mlich das \u201aHotel und Lounge Lago Maggiore\u2018.<\/p>\n\n\n\n<ul class=\"wp-block-list\">\n<li><a href=\"https:\/\/mb2812.de\/?p=15289\" data-type=\"post\" data-id=\"15289\">Schweiz (Tessin)<\/a><\/li>\n<\/ul>\n\n\n\n<p><\/p>\n","protected":false},"excerpt":{"rendered":"<p>2023 gab es nur k\u00fcrzere Urlaube in der N\u00e4he. Die ersten f\u00fchrten an die Nordess, und zwar ein Wochenende in den Niederlanden in IJmuiden, ein weiteres Wochenende in Wilhemshaven und Helgoland. Danach kamen  ein paar Tage in Kassel sowie B\u00f6blingen und Umgebung. <\/p>\n","protected":false},"author":1,"featured_media":12616,"comment_status":"closed","ping_status":"closed","sticky":true,"template":"","format":"standard","meta":{"footnotes":""},"categories":[28],"tags":[40,39,44,38,271],"class_list":["post-12643","post","type-post","status-publish","format-standard","has-post-thumbnail","hentry","category-hier-und-da-2023","tag-40","tag-deutschland","tag-niederlande","tag-nordseekueste","tag-urlaub"],"_links":{"self":[{"href":"https:\/\/mb2812.de\/index.php?rest_route=\/wp\/v2\/posts\/12643","targetHints":{"allow":["GET"]}}],"collection":[{"href":"https:\/\/mb2812.de\/index.php?rest_route=\/wp\/v2\/posts"}],"about":[{"href":"https:\/\/mb2812.de\/index.php?rest_route=\/wp\/v2\/types\/post"}],"author":[{"embeddable":true,"href":"https:\/\/mb2812.de\/index.php?rest_route=\/wp\/v2\/users\/1"}],"replies":[{"embeddable":true,"href":"https:\/\/mb2812.de\/index.php?rest_route=%2Fwp%2Fv2%2Fcomments&post=12643"}],"version-history":[{"count":30,"href":"https:\/\/mb2812.de\/index.php?rest_route=\/wp\/v2\/posts\/12643\/revisions"}],"predecessor-version":[{"id":17599,"href":"https:\/\/mb2812.de\/index.php?rest_route=\/wp\/v2\/posts\/12643\/revisions\/17599"}],"wp:featuredmedia":[{"embeddable":true,"href":"https:\/\/mb2812.de\/index.php?rest_route=\/wp\/v2\/media\/12616"}],"wp:attachment":[{"href":"https:\/\/mb2812.de\/index.php?rest_route=%2Fwp%2Fv2%2Fmedia&parent=12643"}],"wp:term":[{"taxonomy":"category","embeddable":true,"href":"https:\/\/mb2812.de\/index.php?rest_route=%2Fwp%2Fv2%2Fcategories&post=12643"},{"taxonomy":"post_tag","embeddable":true,"href":"https:\/\/mb2812.de\/index.php?rest_route=%2Fwp%2Fv2%2Ftags&post=12643"}],"curies":[{"name":"wp","href":"https:\/\/api.w.org\/{rel}","templated":true}]}}