{"id":12629,"date":"2023-05-09T09:00:29","date_gmt":"2023-05-09T07:00:29","guid":{"rendered":"http:\/\/reiseblog.mb2812.de\/?p=12629"},"modified":"2024-11-27T14:21:54","modified_gmt":"2024-11-27T12:21:54","slug":"und-wieder-zurueck","status":"publish","type":"post","link":"https:\/\/mb2812.de\/?p=12629","title":{"rendered":"Und wieder zur\u00fcck"},"content":{"rendered":"\n<p>Am letzten Tag steht noch der Versuch einer weiteren Hafenrundfahrt auf dem Programm. &#8222;Versuch&#8220; deshalb, weil es ein bisschen unwahrscheinlich erscheint, das die Fahrt stattfindet. Neben den Rundfahrten auf dem Jadebusen mit der &#8222;Harle Kurier&#8220; gibt es einen weiteren Anbieter, der mit einer Hamburger Hafenbarkasse Fahrten durch den Innenhafen verspricht. Allerdings ist wohl noch Winterpause. Etwas deutlicher h\u00e4tte man das im Schaukasten an der Abfahrtstelle schon kenntlich machen k\u00f6nnen.<\/p>\n\n\n\n<p>Es gibt daher noch einmal eine Teepause auf der S\u00fcdstrandpromenade und um 13:30 Uhr geht es ab auf die Autobahn Richtung S\u00fcden. Die Fahrt verl\u00e4uft problemlos und um 17:00 Uhr ist K\u00f6ln wieder erreicht.<\/p>\n\n\n\n<p>Noch ein paar Fotos:<\/p>\n\n\n\n<figure class=\"wp-block-image aligncenter size-large is-resized\"><a href=\"https:\/\/mb2812.de\/wp-content\/uploads\/2023\/05\/IMG_4810-994.jpg\" target=\"_blank\" rel=\" noreferrer noopener\"><img loading=\"lazy\" decoding=\"async\" width=\"768\" height=\"1024\" src=\"https:\/\/mb2812.de\/wp-content\/uploads\/2023\/05\/IMG_4810-994-768x1024.jpg\" alt=\"\" class=\"wp-image-12598\" style=\"width:600px\" srcset=\"https:\/\/mb2812.de\/wp-content\/uploads\/2023\/05\/IMG_4810-994-768x1024.jpg 768w, https:\/\/mb2812.de\/wp-content\/uploads\/2023\/05\/IMG_4810-994-225x300.jpg 225w, https:\/\/mb2812.de\/wp-content\/uploads\/2023\/05\/IMG_4810-994-1152x1536.jpg 1152w, https:\/\/mb2812.de\/wp-content\/uploads\/2023\/05\/IMG_4810-994-668x891.jpg 668w, https:\/\/mb2812.de\/wp-content\/uploads\/2023\/05\/IMG_4810-994.jpg 1440w\" sizes=\"auto, (max-width: 768px) 100vw, 768px\" \/><\/a><figcaption class=\"wp-element-caption\"><em>Diverse Wasserst\u00e4nde und Deichh\u00f6hen sind hier am Parkplatz veranschaulicht<\/em><\/figcaption><\/figure>\n\n\n\n<!--more-->\n\n\n\n<figure class=\"wp-block-image aligncenter size-large is-resized\"><a href=\"https:\/\/mb2812.de\/wp-content\/uploads\/2023\/05\/IMG_4812-995.jpg\" target=\"_blank\" rel=\" noreferrer noopener\"><img loading=\"lazy\" decoding=\"async\" width=\"1024\" height=\"819\" src=\"https:\/\/mb2812.de\/wp-content\/uploads\/2023\/05\/IMG_4812-995-1024x819.jpg\" alt=\"\" class=\"wp-image-12599\" style=\"width:800px\" srcset=\"https:\/\/mb2812.de\/wp-content\/uploads\/2023\/05\/IMG_4812-995-1024x819.jpg 1024w, https:\/\/mb2812.de\/wp-content\/uploads\/2023\/05\/IMG_4812-995-300x240.jpg 300w, https:\/\/mb2812.de\/wp-content\/uploads\/2023\/05\/IMG_4812-995-768x614.jpg 768w, https:\/\/mb2812.de\/wp-content\/uploads\/2023\/05\/IMG_4812-995-1536x1229.jpg 1536w, https:\/\/mb2812.de\/wp-content\/uploads\/2023\/05\/IMG_4812-995-668x534.jpg 668w, https:\/\/mb2812.de\/wp-content\/uploads\/2023\/05\/IMG_4812-995.jpg 1920w\" sizes=\"auto, (max-width: 1024px) 100vw, 1024px\" \/><\/a><figcaption class=\"wp-element-caption\"><em>Noch ein bisschen Kunst: &#8222;Windw\u00e4chter&#8220; heisst diese Installation von Klaus Evenburg, seit dem Jahr 2000 steht sie am Fliegerdeich am S\u00fcdstrand.<\/em><\/figcaption><\/figure>\n\n\n\n<figure class=\"wp-block-image aligncenter size-large is-resized\"><a href=\"https:\/\/mb2812.de\/wp-content\/uploads\/2023\/05\/IMG_9703.jpg\" target=\"_blank\" rel=\" noreferrer noopener\"><img loading=\"lazy\" decoding=\"async\" width=\"1024\" height=\"819\" src=\"https:\/\/mb2812.de\/wp-content\/uploads\/2023\/05\/IMG_9703-1024x819.jpg\" alt=\"\" class=\"wp-image-12619\" style=\"width:800px\" srcset=\"https:\/\/mb2812.de\/wp-content\/uploads\/2023\/05\/IMG_9703-1024x819.jpg 1024w, https:\/\/mb2812.de\/wp-content\/uploads\/2023\/05\/IMG_9703-300x240.jpg 300w, https:\/\/mb2812.de\/wp-content\/uploads\/2023\/05\/IMG_9703-768x614.jpg 768w, https:\/\/mb2812.de\/wp-content\/uploads\/2023\/05\/IMG_9703-1536x1229.jpg 1536w, https:\/\/mb2812.de\/wp-content\/uploads\/2023\/05\/IMG_9703-668x534.jpg 668w, https:\/\/mb2812.de\/wp-content\/uploads\/2023\/05\/IMG_9703.jpg 1920w\" sizes=\"auto, (max-width: 1024px) 100vw, 1024px\" \/><\/a><figcaption class=\"wp-element-caption\"><em>Auf dem S\u00fcdstrand wehen derweil die Flaggen der Bundesl\u00e4nder im Wind (hier: Mecklenburg-Vorpommern, Hessen, Hamburg, Bremen)<\/em><\/figcaption><\/figure>\n","protected":false},"excerpt":{"rendered":"<p>Noch ein Spaziergang auf der S\u00fcdstrand Promenade und dann auf der Autobahn zur\u00fcck nach K\u00f6ln<\/p>\n","protected":false},"author":1,"featured_media":12599,"comment_status":"closed","ping_status":"closed","sticky":false,"template":"","format":"standard","meta":{"footnotes":""},"categories":[28],"tags":[40,38,84],"class_list":["post-12629","post","type-post","status-publish","format-standard","has-post-thumbnail","hentry","category-hier-und-da-2023","tag-40","tag-nordseekueste","tag-wilhelmshaven"],"_links":{"self":[{"href":"https:\/\/mb2812.de\/index.php?rest_route=\/wp\/v2\/posts\/12629","targetHints":{"allow":["GET"]}}],"collection":[{"href":"https:\/\/mb2812.de\/index.php?rest_route=\/wp\/v2\/posts"}],"about":[{"href":"https:\/\/mb2812.de\/index.php?rest_route=\/wp\/v2\/types\/post"}],"author":[{"embeddable":true,"href":"https:\/\/mb2812.de\/index.php?rest_route=\/wp\/v2\/users\/1"}],"replies":[{"embeddable":true,"href":"https:\/\/mb2812.de\/index.php?rest_route=%2Fwp%2Fv2%2Fcomments&post=12629"}],"version-history":[{"count":9,"href":"https:\/\/mb2812.de\/index.php?rest_route=\/wp\/v2\/posts\/12629\/revisions"}],"predecessor-version":[{"id":15326,"href":"https:\/\/mb2812.de\/index.php?rest_route=\/wp\/v2\/posts\/12629\/revisions\/15326"}],"wp:featuredmedia":[{"embeddable":true,"href":"https:\/\/mb2812.de\/index.php?rest_route=\/wp\/v2\/media\/12599"}],"wp:attachment":[{"href":"https:\/\/mb2812.de\/index.php?rest_route=%2Fwp%2Fv2%2Fmedia&parent=12629"}],"wp:term":[{"taxonomy":"category","embeddable":true,"href":"https:\/\/mb2812.de\/index.php?rest_route=%2Fwp%2Fv2%2Fcategories&post=12629"},{"taxonomy":"post_tag","embeddable":true,"href":"https:\/\/mb2812.de\/index.php?rest_route=%2Fwp%2Fv2%2Ftags&post=12629"}],"curies":[{"name":"wp","href":"https:\/\/api.w.org\/{rel}","templated":true}]}}