{"id":12534,"date":"2023-05-07T09:00:04","date_gmt":"2023-05-07T07:00:04","guid":{"rendered":"http:\/\/reiseblog.mb2812.de\/?p=12534"},"modified":"2024-11-28T19:43:03","modified_gmt":"2024-11-28T17:43:03","slug":"wilhelmshaven","status":"publish","type":"post","link":"https:\/\/mb2812.de\/?p=12534","title":{"rendered":"Wilhelmshaven zu Wasser und zu Lande"},"content":{"rendered":"\n<p>In Wilhelmshaven gibt es nat\u00fcrlich mehr Marine als nur das Museum, im Prinzip verdankt die Stadt ihre Existenz der Marine.&nbsp;1869 wurde sie als preu\u00dfischer Kriegshafen eingeweiht und auf den Namen Wilhelmshaven getauft.<\/p>\n\n\n\n<p>Heute findet sich dort der gr\u00f6\u00dfte deutsche Marinest\u00fctzpunkt. Der ist jetzt nat\u00fcrlich nicht so einfach zu besichtigen, die Hafenrundfahrten mit der &#8222;Harle Kurier&#8220; f\u00fchren aber durch den Vorhafen an der vierten Einfahrt vor der Seeschleuse, dort liegen die gro\u00dfen Kriegsschiffe.<\/p>\n\n\n\n<p>Eine Hafenrundfahrt stand daher auch auf dem Programm unserer Gruppe, gestern hatte es nicht mehr geklappt, die erste Abfahrt um 11 Uhr wollten wir heute nun nutzen.<\/p>\n\n\n\n<p>Da die Schiffe gestern nachmittag bei sch\u00f6nstem Sonnenschein recht voll waren, waren wir \u00e4u\u00dferst p\u00fcnktlich bereits Viertel nach 10 am Fahrkartenschalter und mussten erfahren, das wir die Ersten waren und das Schiff nur bei mindestens 20 Passagieren ablegt.<\/p>\n\n\n\n<p>So viele (und noch ein paar mehr) trudelten dann aber doch noch ein und es ging los. Das Wetter war heute morgen wieder nicht so sch\u00f6n, bew\u00f6lkt, eher kalt und ich glaube ein paar Regentropfen gab es auch:<\/p>\n\n\n\n<figure class=\"wp-block-image aligncenter size-large is-resized\"><a href=\"https:\/\/mb2812.de\/wp-content\/uploads\/2023\/05\/DSC_0285-NEF_DxO_DeepPRIME.jpg\" target=\"_blank\" rel=\" noreferrer noopener\"><img loading=\"lazy\" decoding=\"async\" width=\"1024\" height=\"819\" src=\"https:\/\/mb2812.de\/wp-content\/uploads\/2023\/05\/DSC_0285-NEF_DxO_DeepPRIME-1024x819.jpg\" alt=\"\" class=\"wp-image-12535\" style=\"width:800px\" srcset=\"https:\/\/mb2812.de\/wp-content\/uploads\/2023\/05\/DSC_0285-NEF_DxO_DeepPRIME-1024x819.jpg 1024w, https:\/\/mb2812.de\/wp-content\/uploads\/2023\/05\/DSC_0285-NEF_DxO_DeepPRIME-300x240.jpg 300w, https:\/\/mb2812.de\/wp-content\/uploads\/2023\/05\/DSC_0285-NEF_DxO_DeepPRIME-768x614.jpg 768w, https:\/\/mb2812.de\/wp-content\/uploads\/2023\/05\/DSC_0285-NEF_DxO_DeepPRIME-1536x1229.jpg 1536w, https:\/\/mb2812.de\/wp-content\/uploads\/2023\/05\/DSC_0285-NEF_DxO_DeepPRIME-668x534.jpg 668w, https:\/\/mb2812.de\/wp-content\/uploads\/2023\/05\/DSC_0285-NEF_DxO_DeepPRIME.jpg 1920w\" sizes=\"auto, (max-width: 1024px) 100vw, 1024px\" \/><\/a><figcaption class=\"wp-element-caption\"><em>Unterwegs: An der Kaiser Wilhelm Br\u00fccke blicken wir wieder auf das Hafenbecken des Marinemuseums &nbsp;mit dem Zerst\u00f6rer &#8222;M\u00f6lders&#8220; <\/em><\/figcaption><\/figure>\n\n\n\n<!--more-->\n\n\n\n<p>Die Wartezeit bis zur Abfahrt vertrieben wir uns mit einem kleinen Spaziergang \u00fcber die heute sehr leere S\u00fcdstrandpromenade:<\/p>\n\n\n\n<figure class=\"wp-block-image aligncenter size-large is-resized\"><a href=\"https:\/\/mb2812.de\/wp-content\/uploads\/2023\/05\/DSC_0288-NEF_DxO_DeepPRIME.jpg\" target=\"_blank\" rel=\" noreferrer noopener\"><img loading=\"lazy\" decoding=\"async\" width=\"1024\" height=\"819\" src=\"https:\/\/mb2812.de\/wp-content\/uploads\/2023\/05\/DSC_0288-NEF_DxO_DeepPRIME-1024x819.jpg\" alt=\"\" class=\"wp-image-12554\" style=\"width:800px\" srcset=\"https:\/\/mb2812.de\/wp-content\/uploads\/2023\/05\/DSC_0288-NEF_DxO_DeepPRIME-1024x819.jpg 1024w, https:\/\/mb2812.de\/wp-content\/uploads\/2023\/05\/DSC_0288-NEF_DxO_DeepPRIME-300x240.jpg 300w, https:\/\/mb2812.de\/wp-content\/uploads\/2023\/05\/DSC_0288-NEF_DxO_DeepPRIME-768x614.jpg 768w, https:\/\/mb2812.de\/wp-content\/uploads\/2023\/05\/DSC_0288-NEF_DxO_DeepPRIME-1536x1229.jpg 1536w, https:\/\/mb2812.de\/wp-content\/uploads\/2023\/05\/DSC_0288-NEF_DxO_DeepPRIME-668x534.jpg 668w, https:\/\/mb2812.de\/wp-content\/uploads\/2023\/05\/DSC_0288-NEF_DxO_DeepPRIME.jpg 1920w\" sizes=\"auto, (max-width: 1024px) 100vw, 1024px\" \/><\/a><figcaption class=\"wp-element-caption\"><em>Blick \u00fcber den Jadebusen<\/em><\/figcaption><\/figure>\n\n\n\n<figure class=\"wp-block-image aligncenter size-large is-resized\"><a href=\"https:\/\/mb2812.de\/wp-content\/uploads\/2023\/05\/DSC_0289-NEF_DxO_DeepPRIME.jpg\" target=\"_blank\" rel=\" noreferrer noopener\"><img loading=\"lazy\" decoding=\"async\" width=\"1024\" height=\"819\" src=\"https:\/\/mb2812.de\/wp-content\/uploads\/2023\/05\/DSC_0289-NEF_DxO_DeepPRIME-1024x819.jpg\" alt=\"\" class=\"wp-image-12555\" style=\"width:800px\" srcset=\"https:\/\/mb2812.de\/wp-content\/uploads\/2023\/05\/DSC_0289-NEF_DxO_DeepPRIME-1024x819.jpg 1024w, https:\/\/mb2812.de\/wp-content\/uploads\/2023\/05\/DSC_0289-NEF_DxO_DeepPRIME-300x240.jpg 300w, https:\/\/mb2812.de\/wp-content\/uploads\/2023\/05\/DSC_0289-NEF_DxO_DeepPRIME-768x614.jpg 768w, https:\/\/mb2812.de\/wp-content\/uploads\/2023\/05\/DSC_0289-NEF_DxO_DeepPRIME-1536x1229.jpg 1536w, https:\/\/mb2812.de\/wp-content\/uploads\/2023\/05\/DSC_0289-NEF_DxO_DeepPRIME-668x534.jpg 668w, https:\/\/mb2812.de\/wp-content\/uploads\/2023\/05\/DSC_0289-NEF_DxO_DeepPRIME.jpg 1920w\" sizes=\"auto, (max-width: 1024px) 100vw, 1024px\" \/><\/a><figcaption class=\"wp-element-caption\"><em>Das Teleobjektiv macht den Leuchtturm Arngast sichtbar<\/em><\/figcaption><\/figure>\n\n\n\n<figure class=\"wp-block-image aligncenter size-large is-resized\"><a href=\"https:\/\/mb2812.de\/wp-content\/uploads\/2023\/05\/DSC_0292-NEF_DxO_DeepPRIME-977.jpg\" target=\"_blank\" rel=\" noreferrer noopener\"><img loading=\"lazy\" decoding=\"async\" width=\"1024\" height=\"819\" src=\"https:\/\/mb2812.de\/wp-content\/uploads\/2023\/05\/DSC_0292-NEF_DxO_DeepPRIME-977-1024x819.jpg\" alt=\"\" class=\"wp-image-12556\" style=\"width:800px\" srcset=\"https:\/\/mb2812.de\/wp-content\/uploads\/2023\/05\/DSC_0292-NEF_DxO_DeepPRIME-977-1024x819.jpg 1024w, https:\/\/mb2812.de\/wp-content\/uploads\/2023\/05\/DSC_0292-NEF_DxO_DeepPRIME-977-300x240.jpg 300w, https:\/\/mb2812.de\/wp-content\/uploads\/2023\/05\/DSC_0292-NEF_DxO_DeepPRIME-977-768x614.jpg 768w, https:\/\/mb2812.de\/wp-content\/uploads\/2023\/05\/DSC_0292-NEF_DxO_DeepPRIME-977-1536x1229.jpg 1536w, https:\/\/mb2812.de\/wp-content\/uploads\/2023\/05\/DSC_0292-NEF_DxO_DeepPRIME-977-668x534.jpg 668w, https:\/\/mb2812.de\/wp-content\/uploads\/2023\/05\/DSC_0292-NEF_DxO_DeepPRIME-977.jpg 1920w\" sizes=\"auto, (max-width: 1024px) 100vw, 1024px\" \/><\/a><figcaption class=\"wp-element-caption\"><em>Eines der Hotels\/Restaurants auf der Promenade<\/em><\/figcaption><\/figure>\n\n\n\n<figure class=\"wp-block-image aligncenter size-large is-resized\"><a href=\"https:\/\/mb2812.de\/wp-content\/uploads\/2023\/05\/DSC_0298-NEF_DxO_DeepPRIME.jpg\" target=\"_blank\" rel=\" noreferrer noopener\"><img loading=\"lazy\" decoding=\"async\" width=\"1024\" height=\"819\" src=\"https:\/\/mb2812.de\/wp-content\/uploads\/2023\/05\/DSC_0298-NEF_DxO_DeepPRIME-1024x819.jpg\" alt=\"\" class=\"wp-image-12557\" style=\"width:800px\" srcset=\"https:\/\/mb2812.de\/wp-content\/uploads\/2023\/05\/DSC_0298-NEF_DxO_DeepPRIME-1024x819.jpg 1024w, https:\/\/mb2812.de\/wp-content\/uploads\/2023\/05\/DSC_0298-NEF_DxO_DeepPRIME-300x240.jpg 300w, https:\/\/mb2812.de\/wp-content\/uploads\/2023\/05\/DSC_0298-NEF_DxO_DeepPRIME-768x614.jpg 768w, https:\/\/mb2812.de\/wp-content\/uploads\/2023\/05\/DSC_0298-NEF_DxO_DeepPRIME-1536x1229.jpg 1536w, https:\/\/mb2812.de\/wp-content\/uploads\/2023\/05\/DSC_0298-NEF_DxO_DeepPRIME-668x534.jpg 668w, https:\/\/mb2812.de\/wp-content\/uploads\/2023\/05\/DSC_0298-NEF_DxO_DeepPRIME.jpg 1920w\" sizes=\"auto, (max-width: 1024px) 100vw, 1024px\" \/><\/a><figcaption class=\"wp-element-caption\"><em>Und jetzt sind wir unterwegs: Vom Schiff aus der klassische Blick auf den S\u00fcdstrand mit dem Aquarium rechts, sogar ein bisschen Sand gibt es bei Ebbe zu sehen<\/em><\/figcaption><\/figure>\n\n\n\n<p>Die Hafenrundfahrt f\u00fchrt zum Jade-Weser Port mit seinem Containerterminal, auf dem R\u00fcckweg geht es dann auch durch den Vorhafen.<\/p>\n\n\n\n<figure class=\"wp-block-image aligncenter size-large is-resized\"><a href=\"https:\/\/mb2812.de\/wp-content\/uploads\/2023\/05\/DSC_0303-NEF_DxO_DeepPRIME.jpg\" target=\"_blank\" rel=\" noreferrer noopener\"><img loading=\"lazy\" decoding=\"async\" width=\"1024\" height=\"819\" src=\"https:\/\/mb2812.de\/wp-content\/uploads\/2023\/05\/DSC_0303-NEF_DxO_DeepPRIME-1024x819.jpg\" alt=\"\" class=\"wp-image-12537\" style=\"width:800px\" srcset=\"https:\/\/mb2812.de\/wp-content\/uploads\/2023\/05\/DSC_0303-NEF_DxO_DeepPRIME-1024x819.jpg 1024w, https:\/\/mb2812.de\/wp-content\/uploads\/2023\/05\/DSC_0303-NEF_DxO_DeepPRIME-300x240.jpg 300w, https:\/\/mb2812.de\/wp-content\/uploads\/2023\/05\/DSC_0303-NEF_DxO_DeepPRIME-768x614.jpg 768w, https:\/\/mb2812.de\/wp-content\/uploads\/2023\/05\/DSC_0303-NEF_DxO_DeepPRIME-1536x1229.jpg 1536w, https:\/\/mb2812.de\/wp-content\/uploads\/2023\/05\/DSC_0303-NEF_DxO_DeepPRIME-668x534.jpg 668w, https:\/\/mb2812.de\/wp-content\/uploads\/2023\/05\/DSC_0303-NEF_DxO_DeepPRIME.jpg 1920w\" sizes=\"auto, (max-width: 1024px) 100vw, 1024px\" \/><\/a><figcaption class=\"wp-element-caption\"><em>Vorbei an der Einfahrt des Nassauhafens mit den beiden Geb\u00e4uden des ehemaligen Minenlagers<\/em><\/figcaption><\/figure>\n\n\n\n<figure class=\"wp-block-image aligncenter size-large is-resized\"><a href=\"https:\/\/mb2812.de\/wp-content\/uploads\/2023\/05\/DSC_0307-NEF_DxO_DeepPRIME-979.jpg\" target=\"_blank\" rel=\" noreferrer noopener\"><img loading=\"lazy\" decoding=\"async\" width=\"1024\" height=\"819\" src=\"https:\/\/mb2812.de\/wp-content\/uploads\/2023\/05\/DSC_0307-NEF_DxO_DeepPRIME-979-1024x819.jpg\" alt=\"\" class=\"wp-image-12559\" style=\"width:800px\" srcset=\"https:\/\/mb2812.de\/wp-content\/uploads\/2023\/05\/DSC_0307-NEF_DxO_DeepPRIME-979-1024x819.jpg 1024w, https:\/\/mb2812.de\/wp-content\/uploads\/2023\/05\/DSC_0307-NEF_DxO_DeepPRIME-979-300x240.jpg 300w, https:\/\/mb2812.de\/wp-content\/uploads\/2023\/05\/DSC_0307-NEF_DxO_DeepPRIME-979-768x614.jpg 768w, https:\/\/mb2812.de\/wp-content\/uploads\/2023\/05\/DSC_0307-NEF_DxO_DeepPRIME-979-1536x1229.jpg 1536w, https:\/\/mb2812.de\/wp-content\/uploads\/2023\/05\/DSC_0307-NEF_DxO_DeepPRIME-979-668x534.jpg 668w, https:\/\/mb2812.de\/wp-content\/uploads\/2023\/05\/DSC_0307-NEF_DxO_DeepPRIME-979.jpg 1920w\" sizes=\"auto, (max-width: 1024px) 100vw, 1024px\" \/><\/a><figcaption class=\"wp-element-caption\"><em>Voraus die dritte und vierte Einfahrt<\/em><\/figcaption><\/figure>\n\n\n\n<figure class=\"wp-block-image aligncenter size-large is-resized\"><a href=\"https:\/\/mb2812.de\/wp-content\/uploads\/2023\/05\/DSC_0313-NEF_DxO_DeepPRIME.jpg\" target=\"_blank\" rel=\" noreferrer noopener\"><img loading=\"lazy\" decoding=\"async\" width=\"1024\" height=\"819\" src=\"https:\/\/mb2812.de\/wp-content\/uploads\/2023\/05\/DSC_0313-NEF_DxO_DeepPRIME-1024x819.jpg\" alt=\"\" class=\"wp-image-12538\" style=\"width:800px\" srcset=\"https:\/\/mb2812.de\/wp-content\/uploads\/2023\/05\/DSC_0313-NEF_DxO_DeepPRIME-1024x819.jpg 1024w, https:\/\/mb2812.de\/wp-content\/uploads\/2023\/05\/DSC_0313-NEF_DxO_DeepPRIME-300x240.jpg 300w, https:\/\/mb2812.de\/wp-content\/uploads\/2023\/05\/DSC_0313-NEF_DxO_DeepPRIME-768x614.jpg 768w, https:\/\/mb2812.de\/wp-content\/uploads\/2023\/05\/DSC_0313-NEF_DxO_DeepPRIME-1536x1229.jpg 1536w, https:\/\/mb2812.de\/wp-content\/uploads\/2023\/05\/DSC_0313-NEF_DxO_DeepPRIME-668x534.jpg 668w, https:\/\/mb2812.de\/wp-content\/uploads\/2023\/05\/DSC_0313-NEF_DxO_DeepPRIME.jpg 1920w\" sizes=\"auto, (max-width: 1024px) 100vw, 1024px\" \/><\/a><figcaption class=\"wp-element-caption\"><em>Eckwardeh\u00f6rn am gegen\u00fcberliegenden Ufer des Jadebusens<\/em><\/figcaption><\/figure>\n\n\n\n<figure class=\"wp-block-image aligncenter size-large is-resized\"><a href=\"https:\/\/mb2812.de\/wp-content\/uploads\/2023\/05\/DSC_0316-NEF_DxO_DeepPRIME.jpg\" target=\"_blank\" rel=\" noreferrer noopener\"><img loading=\"lazy\" decoding=\"async\" width=\"1024\" height=\"819\" src=\"https:\/\/mb2812.de\/wp-content\/uploads\/2023\/05\/DSC_0316-NEF_DxO_DeepPRIME-1024x819.jpg\" alt=\"\" class=\"wp-image-12539\" style=\"width:800px\" srcset=\"https:\/\/mb2812.de\/wp-content\/uploads\/2023\/05\/DSC_0316-NEF_DxO_DeepPRIME-1024x819.jpg 1024w, https:\/\/mb2812.de\/wp-content\/uploads\/2023\/05\/DSC_0316-NEF_DxO_DeepPRIME-300x240.jpg 300w, https:\/\/mb2812.de\/wp-content\/uploads\/2023\/05\/DSC_0316-NEF_DxO_DeepPRIME-768x614.jpg 768w, https:\/\/mb2812.de\/wp-content\/uploads\/2023\/05\/DSC_0316-NEF_DxO_DeepPRIME-1536x1229.jpg 1536w, https:\/\/mb2812.de\/wp-content\/uploads\/2023\/05\/DSC_0316-NEF_DxO_DeepPRIME-668x534.jpg 668w, https:\/\/mb2812.de\/wp-content\/uploads\/2023\/05\/DSC_0316-NEF_DxO_DeepPRIME.jpg 1920w\" sizes=\"auto, (max-width: 1024px) 100vw, 1024px\" \/><\/a><figcaption class=\"wp-element-caption\"><em>Es kommt dann der \u00d6lhafen, hier der Blick auf die Tankerl\u00f6schbr\u00fccke. Heute allerdings ohne Tanker. Pipelines f\u00fchren von hier nach Wesseling bei K\u00f6ln und nach Hamburg<\/em><\/figcaption><\/figure>\n\n\n\n<figure class=\"wp-block-image aligncenter size-large is-resized\"><a href=\"https:\/\/mb2812.de\/wp-content\/uploads\/2023\/05\/DSC_0330-NEF_DxO_DeepPRIME.jpg\" target=\"_blank\" rel=\" noreferrer noopener\"><img loading=\"lazy\" decoding=\"async\" width=\"1024\" height=\"819\" src=\"https:\/\/mb2812.de\/wp-content\/uploads\/2023\/05\/DSC_0330-NEF_DxO_DeepPRIME-1024x819.jpg\" alt=\"\" class=\"wp-image-12540\" style=\"width:800px\" srcset=\"https:\/\/mb2812.de\/wp-content\/uploads\/2023\/05\/DSC_0330-NEF_DxO_DeepPRIME-1024x819.jpg 1024w, https:\/\/mb2812.de\/wp-content\/uploads\/2023\/05\/DSC_0330-NEF_DxO_DeepPRIME-300x240.jpg 300w, https:\/\/mb2812.de\/wp-content\/uploads\/2023\/05\/DSC_0330-NEF_DxO_DeepPRIME-768x614.jpg 768w, https:\/\/mb2812.de\/wp-content\/uploads\/2023\/05\/DSC_0330-NEF_DxO_DeepPRIME-1536x1229.jpg 1536w, https:\/\/mb2812.de\/wp-content\/uploads\/2023\/05\/DSC_0330-NEF_DxO_DeepPRIME-668x534.jpg 668w, https:\/\/mb2812.de\/wp-content\/uploads\/2023\/05\/DSC_0330-NEF_DxO_DeepPRIME.jpg 1920w\" sizes=\"auto, (max-width: 1024px) 100vw, 1024px\" \/><\/a><figcaption class=\"wp-element-caption\"><em>Links die &#8222;Niedersachsenbr\u00fccke&#8220;, rechts das Containerterminal. An der Niedersachsenbr\u00fccke wird Kohle umgeschlagen<\/em><\/figcaption><\/figure>\n\n\n\n<figure class=\"wp-block-image aligncenter size-large is-resized\"><a href=\"https:\/\/mb2812.de\/wp-content\/uploads\/2023\/05\/DSC_0332-NEF_DxO_DeepPRIME-980.jpg\" target=\"_blank\" rel=\" noreferrer noopener\"><img loading=\"lazy\" decoding=\"async\" width=\"1024\" height=\"819\" src=\"https:\/\/mb2812.de\/wp-content\/uploads\/2023\/05\/DSC_0332-NEF_DxO_DeepPRIME-980-1024x819.jpg\" alt=\"\" class=\"wp-image-12576\" style=\"width:800px\" srcset=\"https:\/\/mb2812.de\/wp-content\/uploads\/2023\/05\/DSC_0332-NEF_DxO_DeepPRIME-980-1024x819.jpg 1024w, https:\/\/mb2812.de\/wp-content\/uploads\/2023\/05\/DSC_0332-NEF_DxO_DeepPRIME-980-300x240.jpg 300w, https:\/\/mb2812.de\/wp-content\/uploads\/2023\/05\/DSC_0332-NEF_DxO_DeepPRIME-980-768x614.jpg 768w, https:\/\/mb2812.de\/wp-content\/uploads\/2023\/05\/DSC_0332-NEF_DxO_DeepPRIME-980-1536x1229.jpg 1536w, https:\/\/mb2812.de\/wp-content\/uploads\/2023\/05\/DSC_0332-NEF_DxO_DeepPRIME-980-668x534.jpg 668w, https:\/\/mb2812.de\/wp-content\/uploads\/2023\/05\/DSC_0332-NEF_DxO_DeepPRIME-980.jpg 1920w\" sizes=\"auto, (max-width: 1024px) 100vw, 1024px\" \/><\/a><figcaption class=\"wp-element-caption\"><em>Eines der beiden Kraftwerke, die die hier angelandete Kohle gleich verarbeiten<\/em><\/figcaption><\/figure>\n\n\n\n<figure class=\"wp-block-image aligncenter size-large is-resized\"><a href=\"https:\/\/mb2812.de\/wp-content\/uploads\/2023\/05\/DSC_0334-NEF_DxO_DeepPRIME.jpg\" target=\"_blank\" rel=\" noreferrer noopener\"><img loading=\"lazy\" decoding=\"async\" width=\"1024\" height=\"819\" src=\"https:\/\/mb2812.de\/wp-content\/uploads\/2023\/05\/DSC_0334-NEF_DxO_DeepPRIME-1024x819.jpg\" alt=\"\" class=\"wp-image-12560\" style=\"width:800px\" srcset=\"https:\/\/mb2812.de\/wp-content\/uploads\/2023\/05\/DSC_0334-NEF_DxO_DeepPRIME-1024x819.jpg 1024w, https:\/\/mb2812.de\/wp-content\/uploads\/2023\/05\/DSC_0334-NEF_DxO_DeepPRIME-300x240.jpg 300w, https:\/\/mb2812.de\/wp-content\/uploads\/2023\/05\/DSC_0334-NEF_DxO_DeepPRIME-768x614.jpg 768w, https:\/\/mb2812.de\/wp-content\/uploads\/2023\/05\/DSC_0334-NEF_DxO_DeepPRIME-1536x1229.jpg 1536w, https:\/\/mb2812.de\/wp-content\/uploads\/2023\/05\/DSC_0334-NEF_DxO_DeepPRIME-668x534.jpg 668w, https:\/\/mb2812.de\/wp-content\/uploads\/2023\/05\/DSC_0334-NEF_DxO_DeepPRIME.jpg 1920w\" sizes=\"auto, (max-width: 1024px) 100vw, 1024px\" \/><\/a><figcaption class=\"wp-element-caption\"><em>Am Containerterminal liegt tat\u00e4schlich ein Schiff und wird entladen<\/em><\/figcaption><\/figure>\n\n\n\n<figure class=\"wp-block-image aligncenter size-large is-resized\"><a href=\"https:\/\/mb2812.de\/wp-content\/uploads\/2023\/05\/DSC_0338-NEF_DxO_DeepPRIME.jpg\" target=\"_blank\" rel=\" noreferrer noopener\"><img loading=\"lazy\" decoding=\"async\" width=\"1024\" height=\"683\" src=\"https:\/\/mb2812.de\/wp-content\/uploads\/2023\/05\/DSC_0338-NEF_DxO_DeepPRIME-1024x683.jpg\" alt=\"\" class=\"wp-image-12561\" style=\"width:800px\" srcset=\"https:\/\/mb2812.de\/wp-content\/uploads\/2023\/05\/DSC_0338-NEF_DxO_DeepPRIME-1024x683.jpg 1024w, https:\/\/mb2812.de\/wp-content\/uploads\/2023\/05\/DSC_0338-NEF_DxO_DeepPRIME-300x200.jpg 300w, https:\/\/mb2812.de\/wp-content\/uploads\/2023\/05\/DSC_0338-NEF_DxO_DeepPRIME-768x512.jpg 768w, https:\/\/mb2812.de\/wp-content\/uploads\/2023\/05\/DSC_0338-NEF_DxO_DeepPRIME-1536x1024.jpg 1536w, https:\/\/mb2812.de\/wp-content\/uploads\/2023\/05\/DSC_0338-NEF_DxO_DeepPRIME-668x445.jpg 668w, https:\/\/mb2812.de\/wp-content\/uploads\/2023\/05\/DSC_0338-NEF_DxO_DeepPRIME.jpg 1920w\" sizes=\"auto, (max-width: 1024px) 100vw, 1024px\" \/><\/a><figcaption class=\"wp-element-caption\"><em>Nur in der Ferne sichtbar ist die Rettung der deutschen Energieversorgung; das neue LNG Terminal<\/em><\/figcaption><\/figure>\n\n\n\n<figure class=\"wp-block-image aligncenter size-large is-resized\"><a href=\"https:\/\/mb2812.de\/wp-content\/uploads\/2023\/05\/DSC_0352-NEF_DxO_DeepPRIME-987.jpg\" target=\"_blank\" rel=\" noreferrer noopener\"><img loading=\"lazy\" decoding=\"async\" width=\"1024\" height=\"819\" src=\"https:\/\/mb2812.de\/wp-content\/uploads\/2023\/05\/DSC_0352-NEF_DxO_DeepPRIME-987-1024x819.jpg\" alt=\"\" class=\"wp-image-12562\" style=\"width:800px\" srcset=\"https:\/\/mb2812.de\/wp-content\/uploads\/2023\/05\/DSC_0352-NEF_DxO_DeepPRIME-987-1024x819.jpg 1024w, https:\/\/mb2812.de\/wp-content\/uploads\/2023\/05\/DSC_0352-NEF_DxO_DeepPRIME-987-300x240.jpg 300w, https:\/\/mb2812.de\/wp-content\/uploads\/2023\/05\/DSC_0352-NEF_DxO_DeepPRIME-987-768x614.jpg 768w, https:\/\/mb2812.de\/wp-content\/uploads\/2023\/05\/DSC_0352-NEF_DxO_DeepPRIME-987-1536x1229.jpg 1536w, https:\/\/mb2812.de\/wp-content\/uploads\/2023\/05\/DSC_0352-NEF_DxO_DeepPRIME-987-668x534.jpg 668w, https:\/\/mb2812.de\/wp-content\/uploads\/2023\/05\/DSC_0352-NEF_DxO_DeepPRIME-987.jpg 1920w\" sizes=\"auto, (max-width: 1024px) 100vw, 1024px\" \/><\/a><figcaption class=\"wp-element-caption\"><em>Und schon drehen wir um, und zur\u00fcck geht es zun\u00e4chst wieder vorbei am Containerterminal<\/em><\/figcaption><\/figure>\n\n\n\n<figure class=\"wp-block-image aligncenter size-large is-resized\"><a href=\"https:\/\/mb2812.de\/wp-content\/uploads\/2023\/05\/IMG_4769-988.jpg\" target=\"_blank\" rel=\" noreferrer noopener\"><img loading=\"lazy\" decoding=\"async\" width=\"1024\" height=\"819\" src=\"https:\/\/mb2812.de\/wp-content\/uploads\/2023\/05\/IMG_4769-988-1024x819.jpg\" alt=\"\" class=\"wp-image-12572\" style=\"width:800px\" srcset=\"https:\/\/mb2812.de\/wp-content\/uploads\/2023\/05\/IMG_4769-988-1024x819.jpg 1024w, https:\/\/mb2812.de\/wp-content\/uploads\/2023\/05\/IMG_4769-988-300x240.jpg 300w, https:\/\/mb2812.de\/wp-content\/uploads\/2023\/05\/IMG_4769-988-768x614.jpg 768w, https:\/\/mb2812.de\/wp-content\/uploads\/2023\/05\/IMG_4769-988-1536x1229.jpg 1536w, https:\/\/mb2812.de\/wp-content\/uploads\/2023\/05\/IMG_4769-988-668x534.jpg 668w, https:\/\/mb2812.de\/wp-content\/uploads\/2023\/05\/IMG_4769-988.jpg 1920w\" sizes=\"auto, (max-width: 1024px) 100vw, 1024px\" \/><\/a><figcaption class=\"wp-element-caption\"><em>Ich verkrieche mich zum Aufw\u00e4rmen unter Deck<\/em><\/figcaption><\/figure>\n\n\n\n<figure class=\"wp-block-image aligncenter size-large is-resized\"><a href=\"https:\/\/mb2812.de\/wp-content\/uploads\/2023\/05\/DSC_0360-NEF_DxO_DeepPRIME.jpg\" target=\"_blank\" rel=\" noreferrer noopener\"><img loading=\"lazy\" decoding=\"async\" width=\"1024\" height=\"819\" src=\"https:\/\/mb2812.de\/wp-content\/uploads\/2023\/05\/DSC_0360-NEF_DxO_DeepPRIME-1024x819.jpg\" alt=\"\" class=\"wp-image-12541\" style=\"width:800px\" srcset=\"https:\/\/mb2812.de\/wp-content\/uploads\/2023\/05\/DSC_0360-NEF_DxO_DeepPRIME-1024x819.jpg 1024w, https:\/\/mb2812.de\/wp-content\/uploads\/2023\/05\/DSC_0360-NEF_DxO_DeepPRIME-300x240.jpg 300w, https:\/\/mb2812.de\/wp-content\/uploads\/2023\/05\/DSC_0360-NEF_DxO_DeepPRIME-768x614.jpg 768w, https:\/\/mb2812.de\/wp-content\/uploads\/2023\/05\/DSC_0360-NEF_DxO_DeepPRIME-1536x1229.jpg 1536w, https:\/\/mb2812.de\/wp-content\/uploads\/2023\/05\/DSC_0360-NEF_DxO_DeepPRIME-668x534.jpg 668w, https:\/\/mb2812.de\/wp-content\/uploads\/2023\/05\/DSC_0360-NEF_DxO_DeepPRIME.jpg 1920w\" sizes=\"auto, (max-width: 1024px) 100vw, 1024px\" \/><\/a><figcaption class=\"wp-element-caption\"><em>Jetzt geht es in den Vorhafen hinen<\/em><\/figcaption><\/figure>\n\n\n\n<figure class=\"wp-block-image aligncenter size-large is-resized\"><a href=\"https:\/\/mb2812.de\/wp-content\/uploads\/2023\/05\/DSC_0362-NEF_DxO_DeepPRIME.jpg\" target=\"_blank\" rel=\" noreferrer noopener\"><img loading=\"lazy\" decoding=\"async\" width=\"1024\" height=\"819\" src=\"https:\/\/mb2812.de\/wp-content\/uploads\/2023\/05\/DSC_0362-NEF_DxO_DeepPRIME-1024x819.jpg\" alt=\"\" class=\"wp-image-12542\" style=\"width:800px\" srcset=\"https:\/\/mb2812.de\/wp-content\/uploads\/2023\/05\/DSC_0362-NEF_DxO_DeepPRIME-1024x819.jpg 1024w, https:\/\/mb2812.de\/wp-content\/uploads\/2023\/05\/DSC_0362-NEF_DxO_DeepPRIME-300x240.jpg 300w, https:\/\/mb2812.de\/wp-content\/uploads\/2023\/05\/DSC_0362-NEF_DxO_DeepPRIME-768x614.jpg 768w, https:\/\/mb2812.de\/wp-content\/uploads\/2023\/05\/DSC_0362-NEF_DxO_DeepPRIME-1536x1229.jpg 1536w, https:\/\/mb2812.de\/wp-content\/uploads\/2023\/05\/DSC_0362-NEF_DxO_DeepPRIME-668x534.jpg 668w, https:\/\/mb2812.de\/wp-content\/uploads\/2023\/05\/DSC_0362-NEF_DxO_DeepPRIME.jpg 1920w\" sizes=\"auto, (max-width: 1024px) 100vw, 1024px\" \/><\/a><figcaption class=\"wp-element-caption\"><em>Die Fregatte &#8222;Brandenburg&#8220;, links ist das Vesorgungsschiff &#8222;Rh\u00f6n&#8220; (A1443)<\/em><\/figcaption><\/figure>\n\n\n\n<figure class=\"wp-block-image aligncenter size-large is-resized\"><a href=\"https:\/\/mb2812.de\/wp-content\/uploads\/2023\/05\/DSC_0363-NEF_DxO_DeepPRIME.jpg\" target=\"_blank\" rel=\" noreferrer noopener\"><img loading=\"lazy\" decoding=\"async\" width=\"1024\" height=\"819\" src=\"https:\/\/mb2812.de\/wp-content\/uploads\/2023\/05\/DSC_0363-NEF_DxO_DeepPRIME-1024x819.jpg\" alt=\"\" class=\"wp-image-12543\" style=\"width:800px\" srcset=\"https:\/\/mb2812.de\/wp-content\/uploads\/2023\/05\/DSC_0363-NEF_DxO_DeepPRIME-1024x819.jpg 1024w, https:\/\/mb2812.de\/wp-content\/uploads\/2023\/05\/DSC_0363-NEF_DxO_DeepPRIME-300x240.jpg 300w, https:\/\/mb2812.de\/wp-content\/uploads\/2023\/05\/DSC_0363-NEF_DxO_DeepPRIME-768x614.jpg 768w, https:\/\/mb2812.de\/wp-content\/uploads\/2023\/05\/DSC_0363-NEF_DxO_DeepPRIME-1536x1229.jpg 1536w, https:\/\/mb2812.de\/wp-content\/uploads\/2023\/05\/DSC_0363-NEF_DxO_DeepPRIME-668x534.jpg 668w, https:\/\/mb2812.de\/wp-content\/uploads\/2023\/05\/DSC_0363-NEF_DxO_DeepPRIME.jpg 1920w\" sizes=\"auto, (max-width: 1024px) 100vw, 1024px\" \/><\/a><figcaption class=\"wp-element-caption\"><em>Noch eine Fregatte, die &#8222;W\u00fcrttemberg&#8220;<\/em><\/figcaption><\/figure>\n\n\n\n<figure class=\"wp-block-image aligncenter size-large is-resized\"><a href=\"https:\/\/mb2812.de\/wp-content\/uploads\/2023\/05\/DSC_0376-NEF_DxO_DeepPRIME-1003.jpg\" target=\"_blank\" rel=\" noreferrer noopener\"><img loading=\"lazy\" decoding=\"async\" width=\"1024\" height=\"819\" src=\"https:\/\/mb2812.de\/wp-content\/uploads\/2023\/05\/DSC_0376-NEF_DxO_DeepPRIME-1003-1024x819.jpg\" alt=\"\" class=\"wp-image-12906\" style=\"width:800px\" srcset=\"https:\/\/mb2812.de\/wp-content\/uploads\/2023\/05\/DSC_0376-NEF_DxO_DeepPRIME-1003-1024x819.jpg 1024w, https:\/\/mb2812.de\/wp-content\/uploads\/2023\/05\/DSC_0376-NEF_DxO_DeepPRIME-1003-300x240.jpg 300w, https:\/\/mb2812.de\/wp-content\/uploads\/2023\/05\/DSC_0376-NEF_DxO_DeepPRIME-1003-768x614.jpg 768w, https:\/\/mb2812.de\/wp-content\/uploads\/2023\/05\/DSC_0376-NEF_DxO_DeepPRIME-1003-1536x1229.jpg 1536w, https:\/\/mb2812.de\/wp-content\/uploads\/2023\/05\/DSC_0376-NEF_DxO_DeepPRIME-1003-668x534.jpg 668w, https:\/\/mb2812.de\/wp-content\/uploads\/2023\/05\/DSC_0376-NEF_DxO_DeepPRIME-1003.jpg 1920w\" sizes=\"auto, (max-width: 1024px) 100vw, 1024px\" \/><\/a><figcaption class=\"wp-element-caption\"><em>Und dies ist das Ende des Vorhafens, rechts eine der Kammern der Seeschleuse<\/em><\/figcaption><\/figure>\n\n\n\n<p>Das wars dann f\u00fcrs Erste mit Seefahrt, wir w\u00e4rmen uns auf der Promenade im &#8222;kleinen Teehaus&#8220; auf, danach geht es dann auf zu einem Stadtrundgang durch Wilhelmshaven. Das Wetter bessert sich jetzt zusehend.<\/p>\n\n\n\n<figure class=\"wp-block-image aligncenter size-large is-resized\"><a href=\"https:\/\/mb2812.de\/wp-content\/uploads\/2023\/05\/DSC_0379-NEF_DxO_DeepPRIME-986.jpg\" target=\"_blank\" rel=\" noreferrer noopener\"><img loading=\"lazy\" decoding=\"async\" width=\"1024\" height=\"819\" src=\"https:\/\/mb2812.de\/wp-content\/uploads\/2023\/05\/DSC_0379-NEF_DxO_DeepPRIME-986-1024x819.jpg\" alt=\"\" class=\"wp-image-12563\" style=\"width:800px\" srcset=\"https:\/\/mb2812.de\/wp-content\/uploads\/2023\/05\/DSC_0379-NEF_DxO_DeepPRIME-986-1024x819.jpg 1024w, https:\/\/mb2812.de\/wp-content\/uploads\/2023\/05\/DSC_0379-NEF_DxO_DeepPRIME-986-300x240.jpg 300w, https:\/\/mb2812.de\/wp-content\/uploads\/2023\/05\/DSC_0379-NEF_DxO_DeepPRIME-986-768x614.jpg 768w, https:\/\/mb2812.de\/wp-content\/uploads\/2023\/05\/DSC_0379-NEF_DxO_DeepPRIME-986-1536x1229.jpg 1536w, https:\/\/mb2812.de\/wp-content\/uploads\/2023\/05\/DSC_0379-NEF_DxO_DeepPRIME-986-668x534.jpg 668w, https:\/\/mb2812.de\/wp-content\/uploads\/2023\/05\/DSC_0379-NEF_DxO_DeepPRIME-986.jpg 1920w\" sizes=\"auto, (max-width: 1024px) 100vw, 1024px\" \/><\/a><figcaption class=\"wp-element-caption\"><em>Wir laufen \u00fcber die Kaiser-Wilhelm-Br\u00fccke. Blick auf den &#8222;Gro\u00dfen Hafen&#8220;, links der S\u00fcdstrand, im wei\u00dfen Geb\u00e4ude hinten befindet sich unser Hotel<\/em><\/figcaption><\/figure>\n\n\n\n<figure class=\"wp-block-image aligncenter size-large is-resized\"><a href=\"https:\/\/mb2812.de\/wp-content\/uploads\/2023\/05\/DSC_0384-NEF_DxO_DeepPRIME-975.jpg\" target=\"_blank\" rel=\" noreferrer noopener\"><img loading=\"lazy\" decoding=\"async\" width=\"1024\" height=\"819\" src=\"https:\/\/mb2812.de\/wp-content\/uploads\/2023\/05\/DSC_0384-NEF_DxO_DeepPRIME-975-1024x819.jpg\" alt=\"\" class=\"wp-image-12564\" style=\"width:800px\" srcset=\"https:\/\/mb2812.de\/wp-content\/uploads\/2023\/05\/DSC_0384-NEF_DxO_DeepPRIME-975-1024x819.jpg 1024w, https:\/\/mb2812.de\/wp-content\/uploads\/2023\/05\/DSC_0384-NEF_DxO_DeepPRIME-975-300x240.jpg 300w, https:\/\/mb2812.de\/wp-content\/uploads\/2023\/05\/DSC_0384-NEF_DxO_DeepPRIME-975-768x614.jpg 768w, https:\/\/mb2812.de\/wp-content\/uploads\/2023\/05\/DSC_0384-NEF_DxO_DeepPRIME-975-1536x1229.jpg 1536w, https:\/\/mb2812.de\/wp-content\/uploads\/2023\/05\/DSC_0384-NEF_DxO_DeepPRIME-975-668x534.jpg 668w, https:\/\/mb2812.de\/wp-content\/uploads\/2023\/05\/DSC_0384-NEF_DxO_DeepPRIME-975.jpg 1920w\" sizes=\"auto, (max-width: 1024px) 100vw, 1024px\" \/><\/a><figcaption class=\"wp-element-caption\"><em>Dies ist die Kaiser-Wilhelm-Br\u00fccke von der Landseite aus<\/em><\/figcaption><\/figure>\n\n\n\n<figure class=\"wp-block-image aligncenter size-large is-resized\"><a href=\"https:\/\/mb2812.de\/wp-content\/uploads\/2023\/05\/DSC_0385-NEF_DxO_DeepPRIME.jpg\" target=\"_blank\" rel=\" noreferrer noopener\"><img loading=\"lazy\" decoding=\"async\" width=\"1024\" height=\"819\" src=\"https:\/\/mb2812.de\/wp-content\/uploads\/2023\/05\/DSC_0385-NEF_DxO_DeepPRIME-1024x819.jpg\" alt=\"\" class=\"wp-image-12565\" style=\"width:800px\" srcset=\"https:\/\/mb2812.de\/wp-content\/uploads\/2023\/05\/DSC_0385-NEF_DxO_DeepPRIME-1024x819.jpg 1024w, https:\/\/mb2812.de\/wp-content\/uploads\/2023\/05\/DSC_0385-NEF_DxO_DeepPRIME-300x240.jpg 300w, https:\/\/mb2812.de\/wp-content\/uploads\/2023\/05\/DSC_0385-NEF_DxO_DeepPRIME-768x614.jpg 768w, https:\/\/mb2812.de\/wp-content\/uploads\/2023\/05\/DSC_0385-NEF_DxO_DeepPRIME-1536x1229.jpg 1536w, https:\/\/mb2812.de\/wp-content\/uploads\/2023\/05\/DSC_0385-NEF_DxO_DeepPRIME-668x534.jpg 668w, https:\/\/mb2812.de\/wp-content\/uploads\/2023\/05\/DSC_0385-NEF_DxO_DeepPRIME.jpg 1920w\" sizes=\"auto, (max-width: 1024px) 100vw, 1024px\" \/><\/a><figcaption class=\"wp-element-caption\"><em>Auch hier ist die Marine zun\u00e4chst omnipr\u00e4sent, dies ist die 1. Torpedokaserne<\/em><\/figcaption><\/figure>\n\n\n\n<figure class=\"wp-block-image aligncenter size-large is-resized\"><a href=\"https:\/\/mb2812.de\/wp-content\/uploads\/2023\/05\/DSC_0386-NEF_DxO_DeepPRIME-981.jpg\" target=\"_blank\" rel=\" noreferrer noopener\"><img loading=\"lazy\" decoding=\"async\" width=\"1024\" height=\"819\" src=\"https:\/\/mb2812.de\/wp-content\/uploads\/2023\/05\/DSC_0386-NEF_DxO_DeepPRIME-981-1024x819.jpg\" alt=\"\" class=\"wp-image-12566\" style=\"width:800px\" srcset=\"https:\/\/mb2812.de\/wp-content\/uploads\/2023\/05\/DSC_0386-NEF_DxO_DeepPRIME-981-1024x819.jpg 1024w, https:\/\/mb2812.de\/wp-content\/uploads\/2023\/05\/DSC_0386-NEF_DxO_DeepPRIME-981-300x240.jpg 300w, https:\/\/mb2812.de\/wp-content\/uploads\/2023\/05\/DSC_0386-NEF_DxO_DeepPRIME-981-768x614.jpg 768w, https:\/\/mb2812.de\/wp-content\/uploads\/2023\/05\/DSC_0386-NEF_DxO_DeepPRIME-981-1536x1229.jpg 1536w, https:\/\/mb2812.de\/wp-content\/uploads\/2023\/05\/DSC_0386-NEF_DxO_DeepPRIME-981-668x534.jpg 668w, https:\/\/mb2812.de\/wp-content\/uploads\/2023\/05\/DSC_0386-NEF_DxO_DeepPRIME-981.jpg 1920w\" sizes=\"auto, (max-width: 1024px) 100vw, 1024px\" \/><\/a><figcaption class=\"wp-element-caption\"><em>Der Bunker an der Ebertstra\u00dfe<\/em><\/figcaption><\/figure>\n\n\n\n<figure class=\"wp-block-image aligncenter size-large is-resized\"><a href=\"https:\/\/mb2812.de\/wp-content\/uploads\/2023\/05\/IMG_9304.jpg\" target=\"_blank\" rel=\" noreferrer noopener\"><img loading=\"lazy\" decoding=\"async\" width=\"1024\" height=\"768\" src=\"https:\/\/mb2812.de\/wp-content\/uploads\/2023\/05\/IMG_9304-1024x768.jpg\" alt=\"\" class=\"wp-image-12552\" style=\"width:800px\" srcset=\"https:\/\/mb2812.de\/wp-content\/uploads\/2023\/05\/IMG_9304-1024x768.jpg 1024w, https:\/\/mb2812.de\/wp-content\/uploads\/2023\/05\/IMG_9304-300x225.jpg 300w, https:\/\/mb2812.de\/wp-content\/uploads\/2023\/05\/IMG_9304-768x576.jpg 768w, https:\/\/mb2812.de\/wp-content\/uploads\/2023\/05\/IMG_9304-1536x1152.jpg 1536w, https:\/\/mb2812.de\/wp-content\/uploads\/2023\/05\/IMG_9304-668x501.jpg 668w, https:\/\/mb2812.de\/wp-content\/uploads\/2023\/05\/IMG_9304.jpg 1920w\" sizes=\"auto, (max-width: 1024px) 100vw, 1024px\" \/><\/a><figcaption class=\"wp-element-caption\"><em>Der historische Wasserturm von 1870\/71 an der G\u00f6kerstra\u00dfe<\/em><\/figcaption><\/figure>\n\n\n\n<figure class=\"wp-block-image aligncenter size-large is-resized\"><a href=\"https:\/\/mb2812.de\/wp-content\/uploads\/2023\/05\/DSC_0398-NEF_DxO_DeepPRIME.jpg\" target=\"_blank\" rel=\" noreferrer noopener\"><img loading=\"lazy\" decoding=\"async\" width=\"768\" height=\"1024\" src=\"https:\/\/mb2812.de\/wp-content\/uploads\/2023\/05\/DSC_0398-NEF_DxO_DeepPRIME-768x1024.jpg\" alt=\"\" class=\"wp-image-12577\" style=\"width:600px\" srcset=\"https:\/\/mb2812.de\/wp-content\/uploads\/2023\/05\/DSC_0398-NEF_DxO_DeepPRIME-768x1024.jpg 768w, https:\/\/mb2812.de\/wp-content\/uploads\/2023\/05\/DSC_0398-NEF_DxO_DeepPRIME-225x300.jpg 225w, https:\/\/mb2812.de\/wp-content\/uploads\/2023\/05\/DSC_0398-NEF_DxO_DeepPRIME-1152x1536.jpg 1152w, https:\/\/mb2812.de\/wp-content\/uploads\/2023\/05\/DSC_0398-NEF_DxO_DeepPRIME-668x891.jpg 668w, https:\/\/mb2812.de\/wp-content\/uploads\/2023\/05\/DSC_0398-NEF_DxO_DeepPRIME.jpg 1440w\" sizes=\"auto, (max-width: 768px) 100vw, 768px\" \/><\/a><figcaption class=\"wp-element-caption\">Im Prinzip sind wir die ganze Zeit auf der Ebertstra\u00dfe am Marinearsenal entlang gelaufen. Jetzt kommen wir zum Tor 1, darauf wird auch deutlich hingewiesen<\/figcaption><\/figure>\n\n\n\n<figure class=\"wp-block-image aligncenter size-large is-resized\"><a href=\"https:\/\/mb2812.de\/wp-content\/uploads\/2023\/05\/DSC_0397-NEF_DxO_DeepPRIME-982.jpg\" target=\"_blank\" rel=\" noreferrer noopener\"><img loading=\"lazy\" decoding=\"async\" width=\"1024\" height=\"819\" src=\"https:\/\/mb2812.de\/wp-content\/uploads\/2023\/05\/DSC_0397-NEF_DxO_DeepPRIME-982-1024x819.jpg\" alt=\"\" class=\"wp-image-12544\" style=\"width:800px\" srcset=\"https:\/\/mb2812.de\/wp-content\/uploads\/2023\/05\/DSC_0397-NEF_DxO_DeepPRIME-982-1024x819.jpg 1024w, https:\/\/mb2812.de\/wp-content\/uploads\/2023\/05\/DSC_0397-NEF_DxO_DeepPRIME-982-300x240.jpg 300w, https:\/\/mb2812.de\/wp-content\/uploads\/2023\/05\/DSC_0397-NEF_DxO_DeepPRIME-982-768x614.jpg 768w, https:\/\/mb2812.de\/wp-content\/uploads\/2023\/05\/DSC_0397-NEF_DxO_DeepPRIME-982-1536x1229.jpg 1536w, https:\/\/mb2812.de\/wp-content\/uploads\/2023\/05\/DSC_0397-NEF_DxO_DeepPRIME-982-668x534.jpg 668w, https:\/\/mb2812.de\/wp-content\/uploads\/2023\/05\/DSC_0397-NEF_DxO_DeepPRIME-982.jpg 1920w\" sizes=\"auto, (max-width: 1024px) 100vw, 1024px\" \/><\/a><figcaption class=\"wp-element-caption\">Hier ist Tor 1<\/figcaption><\/figure>\n\n\n\n<figure class=\"wp-block-image aligncenter size-large is-resized\"><a href=\"https:\/\/mb2812.de\/wp-content\/uploads\/2023\/05\/DSC_0399-NEF_DxO_DeepPRIME.jpg\" target=\"_blank\" rel=\" noreferrer noopener\"><img loading=\"lazy\" decoding=\"async\" width=\"1024\" height=\"819\" src=\"https:\/\/mb2812.de\/wp-content\/uploads\/2023\/05\/DSC_0399-NEF_DxO_DeepPRIME-1024x819.jpg\" alt=\"\" class=\"wp-image-12545\" style=\"width:800px\" srcset=\"https:\/\/mb2812.de\/wp-content\/uploads\/2023\/05\/DSC_0399-NEF_DxO_DeepPRIME-1024x819.jpg 1024w, https:\/\/mb2812.de\/wp-content\/uploads\/2023\/05\/DSC_0399-NEF_DxO_DeepPRIME-300x240.jpg 300w, https:\/\/mb2812.de\/wp-content\/uploads\/2023\/05\/DSC_0399-NEF_DxO_DeepPRIME-768x614.jpg 768w, https:\/\/mb2812.de\/wp-content\/uploads\/2023\/05\/DSC_0399-NEF_DxO_DeepPRIME-1536x1229.jpg 1536w, https:\/\/mb2812.de\/wp-content\/uploads\/2023\/05\/DSC_0399-NEF_DxO_DeepPRIME-668x534.jpg 668w, https:\/\/mb2812.de\/wp-content\/uploads\/2023\/05\/DSC_0399-NEF_DxO_DeepPRIME.jpg 1920w\" sizes=\"auto, (max-width: 1024px) 100vw, 1024px\" \/><\/a><figcaption class=\"wp-element-caption\"><em>Der Friedrich-Wilhelm-Platz, eher ein kleiner Park<\/em><\/figcaption><\/figure>\n\n\n\n<figure class=\"wp-block-image aligncenter size-large is-resized\"><a href=\"https:\/\/mb2812.de\/wp-content\/uploads\/2023\/05\/DSC_0401-NEF_DxO_DeepPRIME-985.jpg\" target=\"_blank\" rel=\" noreferrer noopener\"><img loading=\"lazy\" decoding=\"async\" width=\"1024\" height=\"791\" src=\"https:\/\/mb2812.de\/wp-content\/uploads\/2023\/05\/DSC_0401-NEF_DxO_DeepPRIME-985-1024x791.jpg\" alt=\"\" class=\"wp-image-12546\" style=\"width:800px\" srcset=\"https:\/\/mb2812.de\/wp-content\/uploads\/2023\/05\/DSC_0401-NEF_DxO_DeepPRIME-985-1024x791.jpg 1024w, https:\/\/mb2812.de\/wp-content\/uploads\/2023\/05\/DSC_0401-NEF_DxO_DeepPRIME-985-300x232.jpg 300w, https:\/\/mb2812.de\/wp-content\/uploads\/2023\/05\/DSC_0401-NEF_DxO_DeepPRIME-985-768x594.jpg 768w, https:\/\/mb2812.de\/wp-content\/uploads\/2023\/05\/DSC_0401-NEF_DxO_DeepPRIME-985-1536x1187.jpg 1536w, https:\/\/mb2812.de\/wp-content\/uploads\/2023\/05\/DSC_0401-NEF_DxO_DeepPRIME-985-668x516.jpg 668w, https:\/\/mb2812.de\/wp-content\/uploads\/2023\/05\/DSC_0401-NEF_DxO_DeepPRIME-985.jpg 1920w\" sizes=\"auto, (max-width: 1024px) 100vw, 1024px\" \/><\/a><figcaption class=\"wp-element-caption\"><em>Die Adalbertstra\u00dfe mit dem Denkmal des Prinzen Adalbert von Preussen, der sich um die Gestaltung dieser Stra\u00dfe pers\u00f6nlich bem\u00fcht hatte<\/em><\/figcaption><\/figure>\n\n\n\n<figure class=\"wp-block-image aligncenter size-large is-resized\"><a href=\"https:\/\/mb2812.de\/wp-content\/uploads\/2023\/05\/DSC_0409-NEF_DxO_DeepPRIME.jpg\" target=\"_blank\" rel=\" noreferrer noopener\"><img loading=\"lazy\" decoding=\"async\" width=\"1024\" height=\"819\" src=\"https:\/\/mb2812.de\/wp-content\/uploads\/2023\/05\/DSC_0409-NEF_DxO_DeepPRIME-1024x819.jpg\" alt=\"\" class=\"wp-image-12547\" style=\"width:800px\" srcset=\"https:\/\/mb2812.de\/wp-content\/uploads\/2023\/05\/DSC_0409-NEF_DxO_DeepPRIME-1024x819.jpg 1024w, https:\/\/mb2812.de\/wp-content\/uploads\/2023\/05\/DSC_0409-NEF_DxO_DeepPRIME-300x240.jpg 300w, https:\/\/mb2812.de\/wp-content\/uploads\/2023\/05\/DSC_0409-NEF_DxO_DeepPRIME-768x614.jpg 768w, https:\/\/mb2812.de\/wp-content\/uploads\/2023\/05\/DSC_0409-NEF_DxO_DeepPRIME-1536x1229.jpg 1536w, https:\/\/mb2812.de\/wp-content\/uploads\/2023\/05\/DSC_0409-NEF_DxO_DeepPRIME-668x534.jpg 668w, https:\/\/mb2812.de\/wp-content\/uploads\/2023\/05\/DSC_0409-NEF_DxO_DeepPRIME.jpg 1920w\" sizes=\"auto, (max-width: 1024px) 100vw, 1024px\" \/><\/a><figcaption class=\"wp-element-caption\"><em>An der Adalbertstra\u00dfe befindet sich die Wilhelmshavener Kunsthalle<\/em><\/figcaption><\/figure>\n\n\n\n<figure class=\"wp-block-image aligncenter size-large is-resized\"><a href=\"https:\/\/mb2812.de\/wp-content\/uploads\/2023\/05\/DSC_0412-NEF_DxO_DeepPRIME-974.jpg\" target=\"_blank\" rel=\" noreferrer noopener\"><img loading=\"lazy\" decoding=\"async\" width=\"768\" height=\"1024\" src=\"https:\/\/mb2812.de\/wp-content\/uploads\/2023\/05\/DSC_0412-NEF_DxO_DeepPRIME-974-768x1024.jpg\" alt=\"\" class=\"wp-image-12567\" style=\"width:600px\" srcset=\"https:\/\/mb2812.de\/wp-content\/uploads\/2023\/05\/DSC_0412-NEF_DxO_DeepPRIME-974-768x1024.jpg 768w, https:\/\/mb2812.de\/wp-content\/uploads\/2023\/05\/DSC_0412-NEF_DxO_DeepPRIME-974-225x300.jpg 225w, https:\/\/mb2812.de\/wp-content\/uploads\/2023\/05\/DSC_0412-NEF_DxO_DeepPRIME-974-1152x1536.jpg 1152w, https:\/\/mb2812.de\/wp-content\/uploads\/2023\/05\/DSC_0412-NEF_DxO_DeepPRIME-974-668x891.jpg 668w, https:\/\/mb2812.de\/wp-content\/uploads\/2023\/05\/DSC_0412-NEF_DxO_DeepPRIME-974.jpg 1440w\" sizes=\"auto, (max-width: 768px) 100vw, 768px\" \/><\/a><figcaption class=\"wp-element-caption\"><em>Die Kunsthalle ist nicht weit, daher steht hier auch eine Skulptur. Es ist ein Werk des Berliner K\u00fcnstlers Klaus Duschat und hei\u00dft &#8222;Tor 3&#8220; und steht seit 1991 dort. Die Form ist eine leicht geneigte r\u00f6mische Drei (III)<\/em><\/figcaption><\/figure>\n\n\n\n<figure class=\"wp-block-image aligncenter size-large is-resized\"><a href=\"https:\/\/mb2812.de\/wp-content\/uploads\/2023\/05\/DSC_0410-NEF_DxO_DeepPRIME.jpg\" target=\"_blank\" rel=\" noreferrer noopener\"><img loading=\"lazy\" decoding=\"async\" width=\"768\" height=\"1024\" src=\"https:\/\/mb2812.de\/wp-content\/uploads\/2023\/05\/DSC_0410-NEF_DxO_DeepPRIME-768x1024.jpg\" alt=\"\" class=\"wp-image-12548\" style=\"width:600px\" srcset=\"https:\/\/mb2812.de\/wp-content\/uploads\/2023\/05\/DSC_0410-NEF_DxO_DeepPRIME-768x1024.jpg 768w, https:\/\/mb2812.de\/wp-content\/uploads\/2023\/05\/DSC_0410-NEF_DxO_DeepPRIME-225x300.jpg 225w, https:\/\/mb2812.de\/wp-content\/uploads\/2023\/05\/DSC_0410-NEF_DxO_DeepPRIME-1152x1536.jpg 1152w, https:\/\/mb2812.de\/wp-content\/uploads\/2023\/05\/DSC_0410-NEF_DxO_DeepPRIME-668x891.jpg 668w, https:\/\/mb2812.de\/wp-content\/uploads\/2023\/05\/DSC_0410-NEF_DxO_DeepPRIME.jpg 1440w\" sizes=\"auto, (max-width: 768px) 100vw, 768px\" \/><\/a><figcaption class=\"wp-element-caption\"><em>Eine der gr\u00fcnen Pyramiden auf der Adalbertstra\u00dfe tanzt etwas aus der Reihe<\/em><\/figcaption><\/figure>\n\n\n\n<figure class=\"wp-block-image aligncenter size-large is-resized\"><a href=\"https:\/\/mb2812.de\/wp-content\/uploads\/2023\/05\/DSC_0413-NEF_DxO_DeepPRIME.jpg\" target=\"_blank\" rel=\" noreferrer noopener\"><img loading=\"lazy\" decoding=\"async\" width=\"1024\" height=\"819\" src=\"https:\/\/mb2812.de\/wp-content\/uploads\/2023\/05\/DSC_0413-NEF_DxO_DeepPRIME-1024x819.jpg\" alt=\"\" class=\"wp-image-12568\" style=\"width:800px\" srcset=\"https:\/\/mb2812.de\/wp-content\/uploads\/2023\/05\/DSC_0413-NEF_DxO_DeepPRIME-1024x819.jpg 1024w, https:\/\/mb2812.de\/wp-content\/uploads\/2023\/05\/DSC_0413-NEF_DxO_DeepPRIME-300x240.jpg 300w, https:\/\/mb2812.de\/wp-content\/uploads\/2023\/05\/DSC_0413-NEF_DxO_DeepPRIME-768x614.jpg 768w, https:\/\/mb2812.de\/wp-content\/uploads\/2023\/05\/DSC_0413-NEF_DxO_DeepPRIME-1536x1229.jpg 1536w, https:\/\/mb2812.de\/wp-content\/uploads\/2023\/05\/DSC_0413-NEF_DxO_DeepPRIME-668x534.jpg 668w, https:\/\/mb2812.de\/wp-content\/uploads\/2023\/05\/DSC_0413-NEF_DxO_DeepPRIME.jpg 1920w\" sizes=\"auto, (max-width: 1024px) 100vw, 1024px\" \/><\/a><figcaption class=\"wp-element-caption\"><em>N\u00f6rdlich kommen wir dann zum Kurpark. Standesgem\u00e4\u00df ist er mit einer Kurmuschel ausgestattet<\/em><\/figcaption><\/figure>\n\n\n\n<figure class=\"wp-block-image aligncenter size-large is-resized\"><a href=\"https:\/\/mb2812.de\/wp-content\/uploads\/2023\/05\/DSC_0415-NEF_DxO_DeepPRIME.jpg\" target=\"_blank\" rel=\" noreferrer noopener\"><img loading=\"lazy\" decoding=\"async\" width=\"1024\" height=\"819\" src=\"https:\/\/mb2812.de\/wp-content\/uploads\/2023\/05\/DSC_0415-NEF_DxO_DeepPRIME-1024x819.jpg\" alt=\"\" class=\"wp-image-12549\" style=\"width:826px\" srcset=\"https:\/\/mb2812.de\/wp-content\/uploads\/2023\/05\/DSC_0415-NEF_DxO_DeepPRIME-1024x819.jpg 1024w, https:\/\/mb2812.de\/wp-content\/uploads\/2023\/05\/DSC_0415-NEF_DxO_DeepPRIME-300x240.jpg 300w, https:\/\/mb2812.de\/wp-content\/uploads\/2023\/05\/DSC_0415-NEF_DxO_DeepPRIME-768x614.jpg 768w, https:\/\/mb2812.de\/wp-content\/uploads\/2023\/05\/DSC_0415-NEF_DxO_DeepPRIME-1536x1229.jpg 1536w, https:\/\/mb2812.de\/wp-content\/uploads\/2023\/05\/DSC_0415-NEF_DxO_DeepPRIME-668x534.jpg 668w, https:\/\/mb2812.de\/wp-content\/uploads\/2023\/05\/DSC_0415-NEF_DxO_DeepPRIME.jpg 1920w\" sizes=\"auto, (max-width: 1024px) 100vw, 1024px\" \/><\/a><figcaption class=\"wp-element-caption\"><em>Der Springbrunnen im Kurpark, im Hintergrund der Turm der St. Willehad Kirche<\/em><\/figcaption><\/figure>\n\n\n\n<figure class=\"wp-block-image aligncenter size-large is-resized\"><a href=\"https:\/\/mb2812.de\/wp-content\/uploads\/2023\/05\/IMG_4773-983.jpg\" target=\"_blank\" rel=\" noreferrer noopener\"><img loading=\"lazy\" decoding=\"async\" width=\"1024\" height=\"819\" src=\"https:\/\/mb2812.de\/wp-content\/uploads\/2023\/05\/IMG_4773-983-1024x819.jpg\" alt=\"\" class=\"wp-image-12573\" style=\"width:800px\" srcset=\"https:\/\/mb2812.de\/wp-content\/uploads\/2023\/05\/IMG_4773-983-1024x819.jpg 1024w, https:\/\/mb2812.de\/wp-content\/uploads\/2023\/05\/IMG_4773-983-300x240.jpg 300w, https:\/\/mb2812.de\/wp-content\/uploads\/2023\/05\/IMG_4773-983-768x614.jpg 768w, https:\/\/mb2812.de\/wp-content\/uploads\/2023\/05\/IMG_4773-983-1536x1229.jpg 1536w, https:\/\/mb2812.de\/wp-content\/uploads\/2023\/05\/IMG_4773-983-668x534.jpg 668w, https:\/\/mb2812.de\/wp-content\/uploads\/2023\/05\/IMG_4773-983.jpg 1920w\" sizes=\"auto, (max-width: 1024px) 100vw, 1024px\" \/><\/a><figcaption class=\"wp-element-caption\"><em>Wir gehen die Parkstra\u00dfe zur\u00fcck und kommen dabei am Synagogenplatz vorbei, hier stand bis zur Reichsprogromnacht 1938 die j\u00fcdische Synagoge<\/em><\/figcaption><\/figure>\n\n\n\n<figure class=\"wp-block-image aligncenter size-large is-resized\"><a href=\"https:\/\/mb2812.de\/wp-content\/uploads\/2023\/05\/DSC_0421-NEF_DxO_DeepPRIME.jpg\" target=\"_blank\" rel=\" noreferrer noopener\"><img loading=\"lazy\" decoding=\"async\" width=\"1024\" height=\"819\" src=\"https:\/\/mb2812.de\/wp-content\/uploads\/2023\/05\/DSC_0421-NEF_DxO_DeepPRIME-1024x819.jpg\" alt=\"\" class=\"wp-image-12570\" style=\"width:800px\" srcset=\"https:\/\/mb2812.de\/wp-content\/uploads\/2023\/05\/DSC_0421-NEF_DxO_DeepPRIME-1024x819.jpg 1024w, https:\/\/mb2812.de\/wp-content\/uploads\/2023\/05\/DSC_0421-NEF_DxO_DeepPRIME-300x240.jpg 300w, https:\/\/mb2812.de\/wp-content\/uploads\/2023\/05\/DSC_0421-NEF_DxO_DeepPRIME-768x614.jpg 768w, https:\/\/mb2812.de\/wp-content\/uploads\/2023\/05\/DSC_0421-NEF_DxO_DeepPRIME-1536x1229.jpg 1536w, https:\/\/mb2812.de\/wp-content\/uploads\/2023\/05\/DSC_0421-NEF_DxO_DeepPRIME-668x534.jpg 668w, https:\/\/mb2812.de\/wp-content\/uploads\/2023\/05\/DSC_0421-NEF_DxO_DeepPRIME.jpg 1920w\" sizes=\"auto, (max-width: 1024px) 100vw, 1024px\" \/><\/a><figcaption class=\"wp-element-caption\"><em>Auf der Suche nach einem Eiscaf\u00e9 laufen wir die Fu\u00dfg\u00e4ngerzone entlang: Kreuzung Marktstr.\/Kieler Stra\u00dfe<\/em><\/figcaption><\/figure>\n\n\n\n<figure class=\"wp-block-image aligncenter size-large is-resized\"><a href=\"https:\/\/mb2812.de\/wp-content\/uploads\/2023\/05\/DSC_0422-NEF_DxO_DeepPRIME-970.jpg\" target=\"_blank\" rel=\" noreferrer noopener\"><img loading=\"lazy\" decoding=\"async\" width=\"768\" height=\"1024\" src=\"https:\/\/mb2812.de\/wp-content\/uploads\/2023\/05\/DSC_0422-NEF_DxO_DeepPRIME-970-768x1024.jpg\" alt=\"\" class=\"wp-image-12550\" style=\"width:600px\" srcset=\"https:\/\/mb2812.de\/wp-content\/uploads\/2023\/05\/DSC_0422-NEF_DxO_DeepPRIME-970-768x1024.jpg 768w, https:\/\/mb2812.de\/wp-content\/uploads\/2023\/05\/DSC_0422-NEF_DxO_DeepPRIME-970-225x300.jpg 225w, https:\/\/mb2812.de\/wp-content\/uploads\/2023\/05\/DSC_0422-NEF_DxO_DeepPRIME-970-1152x1536.jpg 1152w, https:\/\/mb2812.de\/wp-content\/uploads\/2023\/05\/DSC_0422-NEF_DxO_DeepPRIME-970-668x891.jpg 668w, https:\/\/mb2812.de\/wp-content\/uploads\/2023\/05\/DSC_0422-NEF_DxO_DeepPRIME-970.jpg 1440w\" sizes=\"auto, (max-width: 768px) 100vw, 768px\" \/><\/a><figcaption class=\"wp-element-caption\"><em>Die Pagel S\u00e4ule auf der Kreuzung Marktstra\u00dfe\/Grenzstra\u00dfe<\/em><\/figcaption><\/figure>\n\n\n\n<p>Wir haben dann doch noch ein Eiscaf\u00e9 gefunden und nach der Pause ging es zur\u00fcck zum Hotel. Nicht so ganz einfach, da die Deichbr\u00fccke an der Jadeallee renoviert wird und zur Zeit komplett demontiert ist. Den nicht so gut ausgeschilderten Weg \u00fcber die Ersatzbr\u00fccke haben wir aber auch gefunden.<\/p>\n\n\n\n<figure class=\"wp-block-image aligncenter size-large is-resized\"><a href=\"https:\/\/mb2812.de\/wp-content\/uploads\/2023\/05\/IMG_9342.jpg\" target=\"_blank\" rel=\" noreferrer noopener\"><img loading=\"lazy\" decoding=\"async\" width=\"1024\" height=\"819\" src=\"https:\/\/mb2812.de\/wp-content\/uploads\/2023\/05\/IMG_9342-1024x819.jpg\" alt=\"\" class=\"wp-image-12553\" style=\"width:800px\" srcset=\"https:\/\/mb2812.de\/wp-content\/uploads\/2023\/05\/IMG_9342-1024x819.jpg 1024w, https:\/\/mb2812.de\/wp-content\/uploads\/2023\/05\/IMG_9342-300x240.jpg 300w, https:\/\/mb2812.de\/wp-content\/uploads\/2023\/05\/IMG_9342-768x614.jpg 768w, https:\/\/mb2812.de\/wp-content\/uploads\/2023\/05\/IMG_9342-1536x1229.jpg 1536w, https:\/\/mb2812.de\/wp-content\/uploads\/2023\/05\/IMG_9342-668x534.jpg 668w, https:\/\/mb2812.de\/wp-content\/uploads\/2023\/05\/IMG_9342.jpg 1920w\" sizes=\"auto, (max-width: 1024px) 100vw, 1024px\" \/><\/a><figcaption class=\"wp-element-caption\"><em>Blick von der Ersatzbr\u00fccke auf den Jade-Weser-Kanals<\/em><\/figcaption><\/figure>\n\n\n\n<p>Das wars dann, wir waren zur\u00fcck an unserem Hotel. Zum Abendessen mussten wir nat\u00fcrlich noch mal rausgehen, heute hatten wir im Restaurant &#8222;Fliegerdeich&#8220; am S\u00fcdstrand reserviert.<\/p>\n\n\n\n<figure class=\"wp-block-image aligncenter size-large is-resized\"><a href=\"https:\/\/mb2812.de\/wp-content\/uploads\/2023\/05\/IMG_4794-973.jpg\" target=\"_blank\" rel=\" noreferrer noopener\"><img loading=\"lazy\" decoding=\"async\" width=\"1024\" height=\"819\" src=\"https:\/\/mb2812.de\/wp-content\/uploads\/2023\/05\/IMG_4794-973-1024x819.jpg\" alt=\"\" class=\"wp-image-12574\" style=\"width:800px\" srcset=\"https:\/\/mb2812.de\/wp-content\/uploads\/2023\/05\/IMG_4794-973-1024x819.jpg 1024w, https:\/\/mb2812.de\/wp-content\/uploads\/2023\/05\/IMG_4794-973-300x240.jpg 300w, https:\/\/mb2812.de\/wp-content\/uploads\/2023\/05\/IMG_4794-973-768x614.jpg 768w, https:\/\/mb2812.de\/wp-content\/uploads\/2023\/05\/IMG_4794-973-1536x1229.jpg 1536w, https:\/\/mb2812.de\/wp-content\/uploads\/2023\/05\/IMG_4794-973-668x534.jpg 668w, https:\/\/mb2812.de\/wp-content\/uploads\/2023\/05\/IMG_4794-973.jpg 1920w\" sizes=\"auto, (max-width: 1024px) 100vw, 1024px\" \/><\/a><figcaption class=\"wp-element-caption\"><em>Abendstimmung am Jadebusen<\/em><\/figcaption><\/figure>\n","protected":false},"excerpt":{"rendered":"<p>Morgens gibt es eine Hafenrundfahrt, die uns den aktiven Schiffen im Marinest\u00fctzpunkt etwas n\u00e4her bringt. Dann wandern wir auf Umwegen und durch dieIInnenstadt WIlhelmshavens zur\u00fcck zum Hotel<\/p>\n","protected":false},"author":1,"featured_media":12550,"comment_status":"closed","ping_status":"closed","sticky":false,"template":"","format":"standard","meta":{"footnotes":""},"categories":[28],"tags":[40,117,38,84],"class_list":["post-12534","post","type-post","status-publish","format-standard","has-post-thumbnail","hentry","category-hier-und-da-2023","tag-40","tag-ausfluege","tag-nordseekueste","tag-wilhelmshaven"],"_links":{"self":[{"href":"https:\/\/mb2812.de\/index.php?rest_route=\/wp\/v2\/posts\/12534","targetHints":{"allow":["GET"]}}],"collection":[{"href":"https:\/\/mb2812.de\/index.php?rest_route=\/wp\/v2\/posts"}],"about":[{"href":"https:\/\/mb2812.de\/index.php?rest_route=\/wp\/v2\/types\/post"}],"author":[{"embeddable":true,"href":"https:\/\/mb2812.de\/index.php?rest_route=\/wp\/v2\/users\/1"}],"replies":[{"embeddable":true,"href":"https:\/\/mb2812.de\/index.php?rest_route=%2Fwp%2Fv2%2Fcomments&post=12534"}],"version-history":[{"count":16,"href":"https:\/\/mb2812.de\/index.php?rest_route=\/wp\/v2\/posts\/12534\/revisions"}],"predecessor-version":[{"id":15418,"href":"https:\/\/mb2812.de\/index.php?rest_route=\/wp\/v2\/posts\/12534\/revisions\/15418"}],"wp:featuredmedia":[{"embeddable":true,"href":"https:\/\/mb2812.de\/index.php?rest_route=\/wp\/v2\/media\/12550"}],"wp:attachment":[{"href":"https:\/\/mb2812.de\/index.php?rest_route=%2Fwp%2Fv2%2Fmedia&parent=12534"}],"wp:term":[{"taxonomy":"category","embeddable":true,"href":"https:\/\/mb2812.de\/index.php?rest_route=%2Fwp%2Fv2%2Fcategories&post=12534"},{"taxonomy":"post_tag","embeddable":true,"href":"https:\/\/mb2812.de\/index.php?rest_route=%2Fwp%2Fv2%2Ftags&post=12534"}],"curies":[{"name":"wp","href":"https:\/\/api.w.org\/{rel}","templated":true}]}}