{"id":12418,"date":"2023-04-13T09:00:08","date_gmt":"2023-04-13T07:00:08","guid":{"rendered":"http:\/\/reiseblog.mb2812.de\/?p=12418"},"modified":"2024-11-27T14:24:38","modified_gmt":"2024-11-27T12:24:38","slug":"ein-wochenende-in-ijmuiden","status":"publish","type":"post","link":"https:\/\/mb2812.de\/?p=12418","title":{"rendered":"Ein Wochenende in IJmuiden"},"content":{"rendered":"\n<p>Da wir uns gerade vier Tage freigeschaufelt haben soll es nicht allzu weit gehen, um nicht zu viel Zeit mit Fahren zu verbringen. Schnell fiel die Wahl auf die niederl\u00e4ndische Nordseek\u00fcste, seit 2018 hatten wir es nicht mehr dorthin geschafft. Zandvoort, \u00fcblicherweise unser erstes Ziel f\u00fcr einen schnellen Urlaub dort, wurde es jedoch nicht, bei der Hotelsuche stie\u00df ich auf das \u201eBase Camp\u201c in IJmuiden, ein &#8218;Eco Resort&#8216;, &nbsp;in dem man in Tiny Houses n\u00e4chtigen kann. Der ganze Hype um Tiny Houses hatte uns neugierig gemacht und es sah nach Abwechslung vom \u00fcblichen Hotelaufenthalt aus und wurde daher schnell gebucht.<\/p>\n\n\n\n<p>Check-in dort ist ab 15 Uhr vorgesehen, unsere Planung war m\u00f6glichst fr\u00fch loszufahren und zun\u00e4chst schon mal eine Strand- oder D\u00fcnenwanderung vor dem Einchecken zu machen. Es kam etwas anders, es ging schon auf 12 Uhr zu als wir endlich aufbrachen&nbsp;und die Strecke zog sich etwas mehr in die L\u00e4nge als wir in Erinnerung hatten, es war daher 14 Uhr als wir ankamen und wir entschieden uns gleich das Resort abzuchecken.<\/p>\n\n\n\n<figure class=\"wp-block-image aligncenter size-large is-resized\"><a href=\"https:\/\/mb2812.de\/wp-content\/uploads\/2023\/04\/IMG_8447-926.jpg\" target=\"_blank\" rel=\" noreferrer noopener\"><img loading=\"lazy\" decoding=\"async\" width=\"768\" height=\"1024\" src=\"https:\/\/mb2812.de\/wp-content\/uploads\/2023\/04\/IMG_8447-926-768x1024.jpg\" alt=\"\" class=\"wp-image-12438\" style=\"width:600px\" srcset=\"https:\/\/mb2812.de\/wp-content\/uploads\/2023\/04\/IMG_8447-926-768x1024.jpg 768w, https:\/\/mb2812.de\/wp-content\/uploads\/2023\/04\/IMG_8447-926-225x300.jpg 225w, https:\/\/mb2812.de\/wp-content\/uploads\/2023\/04\/IMG_8447-926-1152x1536.jpg 1152w, https:\/\/mb2812.de\/wp-content\/uploads\/2023\/04\/IMG_8447-926-668x891.jpg 668w, https:\/\/mb2812.de\/wp-content\/uploads\/2023\/04\/IMG_8447-926.jpg 1440w\" sizes=\"auto, (max-width: 768px) 100vw, 768px\" \/><\/a><figcaption class=\"wp-element-caption\"><em>Kunst im Basecamp gibt es auch, vorwiegend Objekte des K\u00fcnstlerkollektivs Atelier van Lieshout Dieses Objekt\/Geb\u00e4ude namens &#8218;Domestikator&#8216; wurde h\u00e4ufig kontrovers diskutiert. Aus dieser Perpektive ist es nicht so gut erkennbar, \u00a0aber viele sehen darin eine menschliche Figur, die Sex mit einem Tier hat. Nach Ansicht des K\u00fcnstlers Joep van Lieshout symbolisiert die Skulptur jedoch die Macht des Menschen \u00fcber die Natur.<\/em><\/figcaption><\/figure>\n\n\n\n<!--more-->\n\n\n\n<p>Interaktion mit Mitarbeitern ist dort eigentlich kaum vorgesehen, wir hatten schon einige e-Mails zum Online Check-in erhalten und als wir das nicht taten wurde uns trotzdem der Code f\u00fcr die Schl\u00fcsselbox zugesandt. N\u00f6tig ist allerdings das G\u00fcltigschreiben des Parktickets f\u00fcr wiederholte Ein-\/Ausfahrten, und auch da wir eine Stunde zu fr\u00fch waren, gingen wir erstmal zur B\u00fcro-H\u00fctte. Als wir auf deren Stufen ankamen, verlies eine junge Dame diese ziemlich fluchtartig ohne unsere Existenz weiter zu w\u00fcrdigen, innen fanden wir nur einen auf dem Fu\u00dfboden liegenden Hund vor. Naja, wir haben dann eine kleine Erkundung durchgef\u00fchrt, schonmal unser Haus gesucht und durchs Fenster geschaut und ein bisschen das restliche Resort durchstreift. Gerade als \u00a0wir das Warten leid waren und und mittels des bereits erhaltenen Zugangscode unser Haus beziehen wollten, kam die Dame dann doch zur\u00fcck und checkte uns ein \u00a0(und bearbeitete das Parkticket). So kann man die Kommunikation mit den Mitarbeitern dort generell beschreiben. Wenn man sie traf waren sie recht freundlich, aber sie waren eben schwer erreichbar (Gerade wegen der Parkplatzkarte hatten wir dann bei der Abreise noch mal Kontakt mit den Mitarbeitern, und da war es genauso, wir mussten nochmal lange warten).<\/p>\n\n\n\n<p>Unser Haus war nun ein echtes &#8222;Tiny House&#8220;, vermutlich das kleinste im ganzen Resort, und so 100% positiv sehen wir das Haus jetzt auch nicht. Die anderen sind in der Regel gr\u00f6\u00dfer und entsprechen mehr den Vorstellungen von einem Ferienhaus.<\/p>\n\n\n\n<figure class=\"wp-block-image aligncenter size-large is-resized\"><a href=\"https:\/\/mb2812.de\/wp-content\/uploads\/2023\/04\/IMG_4608.jpg\" target=\"_blank\" rel=\" noreferrer noopener\"><img loading=\"lazy\" decoding=\"async\" width=\"1024\" height=\"819\" src=\"https:\/\/mb2812.de\/wp-content\/uploads\/2023\/04\/IMG_4608-1024x819.jpg\" alt=\"\" class=\"wp-image-12421\" style=\"width:800px\" srcset=\"https:\/\/mb2812.de\/wp-content\/uploads\/2023\/04\/IMG_4608-1024x819.jpg 1024w, https:\/\/mb2812.de\/wp-content\/uploads\/2023\/04\/IMG_4608-300x240.jpg 300w, https:\/\/mb2812.de\/wp-content\/uploads\/2023\/04\/IMG_4608-768x614.jpg 768w, https:\/\/mb2812.de\/wp-content\/uploads\/2023\/04\/IMG_4608-1536x1229.jpg 1536w, https:\/\/mb2812.de\/wp-content\/uploads\/2023\/04\/IMG_4608-668x534.jpg 668w, https:\/\/mb2812.de\/wp-content\/uploads\/2023\/04\/IMG_4608.jpg 1920w\" sizes=\"auto, (max-width: 1024px) 100vw, 1024px\" \/><\/a><figcaption class=\"wp-element-caption\"><em>Und da sind wir an unserem \u00a0Tiny House vom Typ &#8222;Mill Home Nomad&#8220;, es ist wohl das kleinste im gesamten Basecamp. Stephan steht auf der Terasse vor dem Haus<\/em><\/figcaption><\/figure>\n\n\n\n<figure class=\"wp-block-image aligncenter size-large is-resized\"><a href=\"https:\/\/mb2812.de\/wp-content\/uploads\/2023\/04\/IMG_8445.jpg\"><img loading=\"lazy\" decoding=\"async\" width=\"1024\" height=\"819\" src=\"https:\/\/mb2812.de\/wp-content\/uploads\/2023\/04\/IMG_8445-1024x819.jpg\" alt=\"\" class=\"wp-image-12428\" style=\"width:800px\" srcset=\"https:\/\/mb2812.de\/wp-content\/uploads\/2023\/04\/IMG_8445-1024x819.jpg 1024w, https:\/\/mb2812.de\/wp-content\/uploads\/2023\/04\/IMG_8445-300x240.jpg 300w, https:\/\/mb2812.de\/wp-content\/uploads\/2023\/04\/IMG_8445-768x614.jpg 768w, https:\/\/mb2812.de\/wp-content\/uploads\/2023\/04\/IMG_8445-1536x1229.jpg 1536w, https:\/\/mb2812.de\/wp-content\/uploads\/2023\/04\/IMG_8445-668x534.jpg 668w, https:\/\/mb2812.de\/wp-content\/uploads\/2023\/04\/IMG_8445.jpg 1920w\" sizes=\"auto, (max-width: 1024px) 100vw, 1024px\" \/><\/a><figcaption class=\"wp-element-caption\"><em>Deutlicher wird die Gr\u00f6\u00dfe &#8211; oder das Gegenteil davon &#8211; auf diesem Foto von der anderen Seite<\/em><\/figcaption><\/figure>\n\n\n\n<figure class=\"wp-block-image aligncenter size-large is-resized\"><a href=\"https:\/\/mb2812.de\/wp-content\/uploads\/2023\/04\/IMG_4614-937.jpg\" target=\"_blank\" rel=\" noreferrer noopener\"><img loading=\"lazy\" decoding=\"async\" width=\"1024\" height=\"819\" src=\"https:\/\/mb2812.de\/wp-content\/uploads\/2023\/04\/IMG_4614-937-1024x819.jpg\" alt=\"\" class=\"wp-image-12435\" style=\"width:800px\" srcset=\"https:\/\/mb2812.de\/wp-content\/uploads\/2023\/04\/IMG_4614-937-1024x819.jpg 1024w, https:\/\/mb2812.de\/wp-content\/uploads\/2023\/04\/IMG_4614-937-300x240.jpg 300w, https:\/\/mb2812.de\/wp-content\/uploads\/2023\/04\/IMG_4614-937-768x614.jpg 768w, https:\/\/mb2812.de\/wp-content\/uploads\/2023\/04\/IMG_4614-937-1536x1229.jpg 1536w, https:\/\/mb2812.de\/wp-content\/uploads\/2023\/04\/IMG_4614-937-668x534.jpg 668w, https:\/\/mb2812.de\/wp-content\/uploads\/2023\/04\/IMG_4614-937.jpg 1920w\" sizes=\"auto, (max-width: 1024px) 100vw, 1024px\" \/><\/a><figcaption class=\"wp-element-caption\"><em>Innen im Haus. Unsere Kritik richtet sich mehr an die aktuelle Einrichtung, alles in allem fanden wir die &#8218;unpraktisch&#8216;. Hinten ist das Badezimmer (rechts Toilette, links Dusche, kein Waschbecken &#8211; Z\u00e4hneputzen an der K\u00fcchensp\u00fcle direkt vorm Fenster ist mal eine neue Erfahrung). Im Hauptraum rechts die K\u00fcchenzeile. Links unter der Treppe sollte Platz f\u00fcrs Gep\u00e4ck sein, allerdings hat irgendjemand die riesige Mikrowelle von der K\u00fcchenplatte heruntergeholt und dort abgestellt, unser Gep\u00e4ck mussten wir daher vor der Treppe im Wohnbereich abstellen. Selbst die Kleiderb\u00fcgel konnten wir nicht sinnvoll nutzen. Stephan steht oben vor dem Bett.<\/em><\/figcaption><\/figure>\n\n\n\n<figure class=\"wp-block-image aligncenter size-large is-resized\"><a href=\"https:\/\/mb2812.de\/wp-content\/uploads\/2023\/04\/IMG_8452.jpg\" target=\"_blank\" rel=\" noreferrer noopener\"><img loading=\"lazy\" decoding=\"async\" width=\"1024\" height=\"819\" src=\"https:\/\/mb2812.de\/wp-content\/uploads\/2023\/04\/IMG_8452-1024x819.jpg\" alt=\"\" class=\"wp-image-12430\" style=\"width:800px\" srcset=\"https:\/\/mb2812.de\/wp-content\/uploads\/2023\/04\/IMG_8452-1024x819.jpg 1024w, https:\/\/mb2812.de\/wp-content\/uploads\/2023\/04\/IMG_8452-300x240.jpg 300w, https:\/\/mb2812.de\/wp-content\/uploads\/2023\/04\/IMG_8452-768x614.jpg 768w, https:\/\/mb2812.de\/wp-content\/uploads\/2023\/04\/IMG_8452-1536x1229.jpg 1536w, https:\/\/mb2812.de\/wp-content\/uploads\/2023\/04\/IMG_8452-668x534.jpg 668w, https:\/\/mb2812.de\/wp-content\/uploads\/2023\/04\/IMG_8452.jpg 1920w\" sizes=\"auto, (max-width: 1024px) 100vw, 1024px\" \/><\/a><figcaption class=\"wp-element-caption\"><em>Und so sieht das Bett aus. Ob zwischen Kissen und Decke ein Kopf passt, haben wir nicht ausprobiert und uns andersherum hingelegt, f\u00fcr die F\u00fcsse reichte der Platz jedenfalls. Da sich die Matratze sich ca. einen Meter \u00fcber dem Boden befand, war das Hereinklettern und Umdrehen nicht so einfach.<\/em><\/figcaption><\/figure>\n\n\n\n<figure class=\"wp-block-image aligncenter size-large is-resized\"><a href=\"https:\/\/mb2812.de\/wp-content\/uploads\/2023\/04\/IMG_8450-932.jpg\" target=\"_blank\" rel=\" noreferrer noopener\"><img loading=\"lazy\" decoding=\"async\" width=\"1024\" height=\"819\" src=\"https:\/\/mb2812.de\/wp-content\/uploads\/2023\/04\/IMG_8450-932-1024x819.jpg\" alt=\"\" class=\"wp-image-12429\" style=\"width:800px\" srcset=\"https:\/\/mb2812.de\/wp-content\/uploads\/2023\/04\/IMG_8450-932-1024x819.jpg 1024w, https:\/\/mb2812.de\/wp-content\/uploads\/2023\/04\/IMG_8450-932-300x240.jpg 300w, https:\/\/mb2812.de\/wp-content\/uploads\/2023\/04\/IMG_8450-932-768x614.jpg 768w, https:\/\/mb2812.de\/wp-content\/uploads\/2023\/04\/IMG_8450-932-1536x1229.jpg 1536w, https:\/\/mb2812.de\/wp-content\/uploads\/2023\/04\/IMG_8450-932-668x534.jpg 668w, https:\/\/mb2812.de\/wp-content\/uploads\/2023\/04\/IMG_8450-932.jpg 1920w\" sizes=\"auto, (max-width: 1024px) 100vw, 1024px\" \/><\/a><figcaption class=\"wp-element-caption\"><em>Von Oben nach Unten der Blick auf den Wohnbereich. Hier gibt es riesig viel Platz, denn dort steht neben einem arg durchgesessenen Sofa nor noch ein kleiner Tisch. Auf Werbefotos sieht man dort auch den jetzt als Untersatz der Mikrowelle verwendeten Beistelltisch.<\/em><\/figcaption><\/figure>\n\n\n\n<p>Nach einem Rundgang durchs &#8222;Camp&#8220; machen wir uns auf zum Strand zwecks Mittagsimbiss<\/p>\n\n\n\n<figure class=\"wp-block-image aligncenter size-large is-resized\"><a href=\"https:\/\/mb2812.de\/wp-content\/uploads\/2023\/04\/IMG_4616.jpg\" target=\"_blank\" rel=\" noreferrer noopener\"><img loading=\"lazy\" decoding=\"async\" width=\"1024\" height=\"819\" src=\"https:\/\/mb2812.de\/wp-content\/uploads\/2023\/04\/IMG_4616-1024x819.jpg\" alt=\"\" class=\"wp-image-12423\" style=\"width:800px\" srcset=\"https:\/\/mb2812.de\/wp-content\/uploads\/2023\/04\/IMG_4616-1024x819.jpg 1024w, https:\/\/mb2812.de\/wp-content\/uploads\/2023\/04\/IMG_4616-300x240.jpg 300w, https:\/\/mb2812.de\/wp-content\/uploads\/2023\/04\/IMG_4616-768x614.jpg 768w, https:\/\/mb2812.de\/wp-content\/uploads\/2023\/04\/IMG_4616-1536x1229.jpg 1536w, https:\/\/mb2812.de\/wp-content\/uploads\/2023\/04\/IMG_4616-668x534.jpg 668w, https:\/\/mb2812.de\/wp-content\/uploads\/2023\/04\/IMG_4616.jpg 1920w\" sizes=\"auto, (max-width: 1024px) 100vw, 1024px\" \/><\/a><figcaption class=\"wp-element-caption\"><em>Auf Erkundungstour. Andere H\u00e4user im Camp, dahinter das Leonardo Hotel<\/em><\/figcaption><\/figure>\n\n\n\n<figure class=\"wp-block-image aligncenter size-large is-resized\"><a href=\"https:\/\/mb2812.de\/wp-content\/uploads\/2023\/04\/IMG_8463-927.jpg\" target=\"_blank\" rel=\" noreferrer noopener\"><img loading=\"lazy\" decoding=\"async\" width=\"1024\" height=\"819\" src=\"https:\/\/mb2812.de\/wp-content\/uploads\/2023\/04\/IMG_8463-927-1024x819.jpg\" alt=\"\" class=\"wp-image-12431\" style=\"width:800px\" srcset=\"https:\/\/mb2812.de\/wp-content\/uploads\/2023\/04\/IMG_8463-927-1024x819.jpg 1024w, https:\/\/mb2812.de\/wp-content\/uploads\/2023\/04\/IMG_8463-927-300x240.jpg 300w, https:\/\/mb2812.de\/wp-content\/uploads\/2023\/04\/IMG_8463-927-768x614.jpg 768w, https:\/\/mb2812.de\/wp-content\/uploads\/2023\/04\/IMG_8463-927-1536x1229.jpg 1536w, https:\/\/mb2812.de\/wp-content\/uploads\/2023\/04\/IMG_8463-927-668x534.jpg 668w, https:\/\/mb2812.de\/wp-content\/uploads\/2023\/04\/IMG_8463-927.jpg 1920w\" sizes=\"auto, (max-width: 1024px) 100vw, 1024px\" \/><\/a><figcaption class=\"wp-element-caption\"><em>Das Hotel Leonardo vom Parkplatz aus<\/em><\/figcaption><\/figure>\n\n\n\n<figure class=\"wp-block-image aligncenter size-large is-resized\"><a href=\"https:\/\/mb2812.de\/wp-content\/uploads\/2023\/04\/IMG_4617.jpg\" target=\"_blank\" rel=\" noreferrer noopener\"><img loading=\"lazy\" decoding=\"async\" width=\"1024\" height=\"819\" src=\"https:\/\/mb2812.de\/wp-content\/uploads\/2023\/04\/IMG_4617-1024x819.jpg\" alt=\"\" class=\"wp-image-12424\" style=\"width:800px\" srcset=\"https:\/\/mb2812.de\/wp-content\/uploads\/2023\/04\/IMG_4617-1024x819.jpg 1024w, https:\/\/mb2812.de\/wp-content\/uploads\/2023\/04\/IMG_4617-300x240.jpg 300w, https:\/\/mb2812.de\/wp-content\/uploads\/2023\/04\/IMG_4617-768x614.jpg 768w, https:\/\/mb2812.de\/wp-content\/uploads\/2023\/04\/IMG_4617-1536x1229.jpg 1536w, https:\/\/mb2812.de\/wp-content\/uploads\/2023\/04\/IMG_4617-668x534.jpg 668w, https:\/\/mb2812.de\/wp-content\/uploads\/2023\/04\/IMG_4617.jpg 1920w\" sizes=\"auto, (max-width: 1024px) 100vw, 1024px\" \/><\/a><figcaption class=\"wp-element-caption\"><em>Und jetzt sind wir am Strandzugang, dies hier ist von den D\u00fcnen aus zur\u00fcck gesehen der Kennemerboulevard in voller L\u00e4nge, links das Hotel Leonardo. IJmuiden hat nun ja seit l\u00e4ngerem ein Tourismusproblem, es zieht aus vielerlei Gr\u00fcnden weniger Menschen an wie die anderen K\u00fcstenorte. Corona hat dies weiter verst\u00e4rkt, auf dem Boulevard sah es schon recht trostlos aus, die meisten Ladenlokale und Restaurants standen leer.<\/em><\/figcaption><\/figure>\n\n\n\n<figure class=\"wp-block-image aligncenter size-large is-resized\"><a href=\"https:\/\/mb2812.de\/wp-content\/uploads\/2023\/04\/IMG_8469-938.jpg\" target=\"_blank\" rel=\" noreferrer noopener\"><img loading=\"lazy\" decoding=\"async\" width=\"1024\" height=\"819\" src=\"https:\/\/mb2812.de\/wp-content\/uploads\/2023\/04\/IMG_8469-938-1024x819.jpg\" alt=\"\" class=\"wp-image-12432\" style=\"width:800px\" srcset=\"https:\/\/mb2812.de\/wp-content\/uploads\/2023\/04\/IMG_8469-938-1024x819.jpg 1024w, https:\/\/mb2812.de\/wp-content\/uploads\/2023\/04\/IMG_8469-938-300x240.jpg 300w, https:\/\/mb2812.de\/wp-content\/uploads\/2023\/04\/IMG_8469-938-768x614.jpg 768w, https:\/\/mb2812.de\/wp-content\/uploads\/2023\/04\/IMG_8469-938-1536x1229.jpg 1536w, https:\/\/mb2812.de\/wp-content\/uploads\/2023\/04\/IMG_8469-938-668x534.jpg 668w, https:\/\/mb2812.de\/wp-content\/uploads\/2023\/04\/IMG_8469-938.jpg 1920w\" sizes=\"auto, (max-width: 1024px) 100vw, 1024px\" \/><\/a><figcaption class=\"wp-element-caption\"><em>IJmuiden macht Reklame mit dem breitesten Strand der Niederlande, der sch\u00f6nste ist es definitiv nicht. Die Nordsee vom Strandzugang aus<\/em><\/figcaption><\/figure>\n\n\n\n<figure class=\"wp-block-image aligncenter size-large is-resized\"><a href=\"https:\/\/mb2812.de\/wp-content\/uploads\/2023\/04\/IMG_4618.jpg\" target=\"_blank\" rel=\" noreferrer noopener\"><img loading=\"lazy\" decoding=\"async\" width=\"1024\" height=\"819\" src=\"https:\/\/mb2812.de\/wp-content\/uploads\/2023\/04\/IMG_4618-1024x819.jpg\" alt=\"\" class=\"wp-image-12425\" style=\"width:800px\" srcset=\"https:\/\/mb2812.de\/wp-content\/uploads\/2023\/04\/IMG_4618-1024x819.jpg 1024w, https:\/\/mb2812.de\/wp-content\/uploads\/2023\/04\/IMG_4618-300x240.jpg 300w, https:\/\/mb2812.de\/wp-content\/uploads\/2023\/04\/IMG_4618-768x614.jpg 768w, https:\/\/mb2812.de\/wp-content\/uploads\/2023\/04\/IMG_4618-1536x1229.jpg 1536w, https:\/\/mb2812.de\/wp-content\/uploads\/2023\/04\/IMG_4618-668x534.jpg 668w, https:\/\/mb2812.de\/wp-content\/uploads\/2023\/04\/IMG_4618.jpg 1920w\" sizes=\"auto, (max-width: 1024px) 100vw, 1024px\" \/><\/a><figcaption class=\"wp-element-caption\"><em>Nach einigem Hin- und Her entschieden wir uns zur Mittagspause f\u00fcr den Pavillon &#8222;Nordzee&#8220;, wir hatten beide Nachos<\/em><\/figcaption><\/figure>\n\n\n\n<figure class=\"wp-block-image aligncenter size-large is-resized\"><a href=\"https:\/\/mb2812.de\/wp-content\/uploads\/2023\/04\/IMG_4620-928.jpg\" target=\"_blank\" rel=\" noreferrer noopener\"><img loading=\"lazy\" decoding=\"async\" width=\"1024\" height=\"819\" src=\"https:\/\/mb2812.de\/wp-content\/uploads\/2023\/04\/IMG_4620-928-1024x819.jpg\" alt=\"\" class=\"wp-image-12426\" style=\"width:800px\" srcset=\"https:\/\/mb2812.de\/wp-content\/uploads\/2023\/04\/IMG_4620-928-1024x819.jpg 1024w, https:\/\/mb2812.de\/wp-content\/uploads\/2023\/04\/IMG_4620-928-300x240.jpg 300w, https:\/\/mb2812.de\/wp-content\/uploads\/2023\/04\/IMG_4620-928-768x614.jpg 768w, https:\/\/mb2812.de\/wp-content\/uploads\/2023\/04\/IMG_4620-928-1536x1229.jpg 1536w, https:\/\/mb2812.de\/wp-content\/uploads\/2023\/04\/IMG_4620-928-668x534.jpg 668w, https:\/\/mb2812.de\/wp-content\/uploads\/2023\/04\/IMG_4620-928.jpg 1920w\" sizes=\"auto, (max-width: 1024px) 100vw, 1024px\" \/><\/a><figcaption class=\"wp-element-caption\"><em>Wir sind unterwegs die paar Meter zum Nordseekanal. Ein Tanker verl\u00e4sst den Kanal und f\u00e4hrt auf die offene Nordsee<\/em><\/figcaption><\/figure>\n\n\n\n<figure class=\"wp-block-image aligncenter size-large is-resized\"><a href=\"https:\/\/mb2812.de\/wp-content\/uploads\/2023\/04\/IMG_8492.jpg\" target=\"_blank\" rel=\" noreferrer noopener\"><img loading=\"lazy\" decoding=\"async\" width=\"1024\" height=\"819\" src=\"https:\/\/mb2812.de\/wp-content\/uploads\/2023\/04\/IMG_8492-1024x819.jpg\" alt=\"\" class=\"wp-image-12419\" style=\"width:800px\" srcset=\"https:\/\/mb2812.de\/wp-content\/uploads\/2023\/04\/IMG_8492-1024x819.jpg 1024w, https:\/\/mb2812.de\/wp-content\/uploads\/2023\/04\/IMG_8492-300x240.jpg 300w, https:\/\/mb2812.de\/wp-content\/uploads\/2023\/04\/IMG_8492-768x614.jpg 768w, https:\/\/mb2812.de\/wp-content\/uploads\/2023\/04\/IMG_8492-1536x1229.jpg 1536w, https:\/\/mb2812.de\/wp-content\/uploads\/2023\/04\/IMG_8492-668x534.jpg 668w, https:\/\/mb2812.de\/wp-content\/uploads\/2023\/04\/IMG_8492.jpg 1920w\" sizes=\"auto, (max-width: 1024px) 100vw, 1024px\" \/><\/a><figcaption class=\"wp-element-caption\"><em>Und ein Blick aufs Meer<\/em><\/figcaption><\/figure>\n\n\n\n<figure class=\"wp-block-image aligncenter size-large is-resized\"><a href=\"https:\/\/mb2812.de\/wp-content\/uploads\/2023\/04\/IMG_8507-939.jpg\" target=\"_blank\" rel=\" noreferrer noopener\"><img loading=\"lazy\" decoding=\"async\" width=\"1024\" height=\"819\" src=\"https:\/\/mb2812.de\/wp-content\/uploads\/2023\/04\/IMG_8507-939-1024x819.jpg\" alt=\"\" class=\"wp-image-12420\" style=\"width:800px\" srcset=\"https:\/\/mb2812.de\/wp-content\/uploads\/2023\/04\/IMG_8507-939-1024x819.jpg 1024w, https:\/\/mb2812.de\/wp-content\/uploads\/2023\/04\/IMG_8507-939-300x240.jpg 300w, https:\/\/mb2812.de\/wp-content\/uploads\/2023\/04\/IMG_8507-939-768x614.jpg 768w, https:\/\/mb2812.de\/wp-content\/uploads\/2023\/04\/IMG_8507-939-1536x1229.jpg 1536w, https:\/\/mb2812.de\/wp-content\/uploads\/2023\/04\/IMG_8507-939-668x534.jpg 668w, https:\/\/mb2812.de\/wp-content\/uploads\/2023\/04\/IMG_8507-939.jpg 1920w\" sizes=\"auto, (max-width: 1024px) 100vw, 1024px\" \/><\/a><figcaption class=\"wp-element-caption\"><em>Die &#8222;Zuidpier&#8220;, \u00fcber die man fast 3 km ins Meer hinaus laufen kann bis zum Leuchtturm, war leider verschlossen. F\u00fcr uns sah das Wetter jetzt nicht so gef\u00e4hrlich aus. Deswegen war unsere Runde auch sehr kurz. Hier der Blick \u00fcber den Nordseekanal zur Nordseite mit den Stahlwerken<\/em><\/figcaption><\/figure>\n\n\n\n<figure class=\"wp-block-image aligncenter size-large is-resized\"><a href=\"https:\/\/mb2812.de\/wp-content\/uploads\/2023\/04\/IMG_4623.jpg\" target=\"_blank\" rel=\" noreferrer noopener\"><img loading=\"lazy\" decoding=\"async\" width=\"1024\" height=\"819\" src=\"https:\/\/mb2812.de\/wp-content\/uploads\/2023\/04\/IMG_4623-1024x819.jpg\" alt=\"\" class=\"wp-image-12427\" style=\"width:800px\" srcset=\"https:\/\/mb2812.de\/wp-content\/uploads\/2023\/04\/IMG_4623-1024x819.jpg 1024w, https:\/\/mb2812.de\/wp-content\/uploads\/2023\/04\/IMG_4623-300x240.jpg 300w, https:\/\/mb2812.de\/wp-content\/uploads\/2023\/04\/IMG_4623-768x614.jpg 768w, https:\/\/mb2812.de\/wp-content\/uploads\/2023\/04\/IMG_4623-1536x1229.jpg 1536w, https:\/\/mb2812.de\/wp-content\/uploads\/2023\/04\/IMG_4623-668x534.jpg 668w, https:\/\/mb2812.de\/wp-content\/uploads\/2023\/04\/IMG_4623.jpg 1920w\" sizes=\"auto, (max-width: 1024px) 100vw, 1024px\" \/><\/a><figcaption class=\"wp-element-caption\"><em>Der Jachthafen am Kennemerboulevard<\/em><\/figcaption><\/figure>\n\n\n\n<p>Damit sind wir schon zur\u00fcck im &#8222;Camp&#8220; und es ist Kaffeepause angesagt, wir sitzen im Sonnenschein vor unserem H\u00e4uschen:<\/p>\n\n\n\n<figure class=\"wp-block-image aligncenter size-large is-resized\"><a href=\"https:\/\/mb2812.de\/wp-content\/uploads\/2023\/04\/IMG_4626.jpg\" target=\"_blank\" rel=\" noreferrer noopener\"><img loading=\"lazy\" decoding=\"async\" width=\"1024\" height=\"819\" src=\"https:\/\/mb2812.de\/wp-content\/uploads\/2023\/04\/IMG_4626-1024x819.jpg\" alt=\"\" class=\"wp-image-12436\" style=\"width:800px\" srcset=\"https:\/\/mb2812.de\/wp-content\/uploads\/2023\/04\/IMG_4626-1024x819.jpg 1024w, https:\/\/mb2812.de\/wp-content\/uploads\/2023\/04\/IMG_4626-300x240.jpg 300w, https:\/\/mb2812.de\/wp-content\/uploads\/2023\/04\/IMG_4626-768x614.jpg 768w, https:\/\/mb2812.de\/wp-content\/uploads\/2023\/04\/IMG_4626-1536x1229.jpg 1536w, https:\/\/mb2812.de\/wp-content\/uploads\/2023\/04\/IMG_4626-668x534.jpg 668w, https:\/\/mb2812.de\/wp-content\/uploads\/2023\/04\/IMG_4626.jpg 1920w\" sizes=\"auto, (max-width: 1024px) 100vw, 1024px\" \/><\/a><\/figure>\n\n\n\n<div style=\"height:10px\" aria-hidden=\"true\" class=\"wp-block-spacer\"><\/div>\n\n\n\n<figure class=\"wp-block-image aligncenter size-large is-resized\"><a href=\"https:\/\/mb2812.de\/wp-content\/uploads\/2023\/04\/IMG_8525.jpg\" target=\"_blank\" rel=\" noreferrer noopener\"><img loading=\"lazy\" decoding=\"async\" width=\"1024\" height=\"819\" src=\"https:\/\/mb2812.de\/wp-content\/uploads\/2023\/04\/IMG_8525-1024x819.jpg\" alt=\"\" class=\"wp-image-12433\" style=\"width:800px\" srcset=\"https:\/\/mb2812.de\/wp-content\/uploads\/2023\/04\/IMG_8525-1024x819.jpg 1024w, https:\/\/mb2812.de\/wp-content\/uploads\/2023\/04\/IMG_8525-300x240.jpg 300w, https:\/\/mb2812.de\/wp-content\/uploads\/2023\/04\/IMG_8525-768x614.jpg 768w, https:\/\/mb2812.de\/wp-content\/uploads\/2023\/04\/IMG_8525-1536x1229.jpg 1536w, https:\/\/mb2812.de\/wp-content\/uploads\/2023\/04\/IMG_8525-668x534.jpg 668w, https:\/\/mb2812.de\/wp-content\/uploads\/2023\/04\/IMG_8525.jpg 1920w\" sizes=\"auto, (max-width: 1024px) 100vw, 1024px\" \/><\/a><\/figure>\n\n\n\n<p>Da wir eine K\u00fcche und auch Geschirr im H\u00e4uschen haben, entscheiden wir uns beim Abendessen gegen einen Restaurantbesuch und fahren mit dem Auto in die Innenstadt IJmuidens. Unser Ziel ist der dortige Albert Heijn Supermarkt, dort kaufen wir unser Abendessen (und Br\u00f6tchen f\u00fcrs Fr\u00fchst\u00fcck am n\u00e4chsten Morgen) ein. Gekocht wird trotzdem nicht, es gibt Tapas.<\/p>\n\n\n\n<figure class=\"wp-block-image aligncenter size-large is-resized\"><a href=\"https:\/\/mb2812.de\/wp-content\/uploads\/2023\/04\/IMG_4630.jpg\" target=\"_blank\" rel=\" noreferrer noopener\"><img loading=\"lazy\" decoding=\"async\" width=\"1024\" height=\"819\" src=\"https:\/\/mb2812.de\/wp-content\/uploads\/2023\/04\/IMG_4630-1024x819.jpg\" alt=\"\" class=\"wp-image-12437\" style=\"width:800px\" srcset=\"https:\/\/mb2812.de\/wp-content\/uploads\/2023\/04\/IMG_4630-1024x819.jpg 1024w, https:\/\/mb2812.de\/wp-content\/uploads\/2023\/04\/IMG_4630-300x240.jpg 300w, https:\/\/mb2812.de\/wp-content\/uploads\/2023\/04\/IMG_4630-768x614.jpg 768w, https:\/\/mb2812.de\/wp-content\/uploads\/2023\/04\/IMG_4630-1536x1229.jpg 1536w, https:\/\/mb2812.de\/wp-content\/uploads\/2023\/04\/IMG_4630-668x534.jpg 668w, https:\/\/mb2812.de\/wp-content\/uploads\/2023\/04\/IMG_4630.jpg 1920w\" sizes=\"auto, (max-width: 1024px) 100vw, 1024px\" \/><\/a><figcaption class=\"wp-element-caption\"><em>Die Beute aus dem Supermarkt angerichtet auf dem kleinen Esstisch<\/em><\/figcaption><\/figure>\n\n\n\n<figure class=\"wp-block-image aligncenter size-large is-resized\"><a href=\"https:\/\/mb2812.de\/wp-content\/uploads\/2023\/04\/IMG_8556.jpg\" target=\"_blank\" rel=\" noreferrer noopener\"><img loading=\"lazy\" decoding=\"async\" width=\"1024\" height=\"819\" src=\"https:\/\/mb2812.de\/wp-content\/uploads\/2023\/04\/IMG_8556-1024x819.jpg\" alt=\"\" class=\"wp-image-12434\" style=\"width:800px\" srcset=\"https:\/\/mb2812.de\/wp-content\/uploads\/2023\/04\/IMG_8556-1024x819.jpg 1024w, https:\/\/mb2812.de\/wp-content\/uploads\/2023\/04\/IMG_8556-300x240.jpg 300w, https:\/\/mb2812.de\/wp-content\/uploads\/2023\/04\/IMG_8556-768x614.jpg 768w, https:\/\/mb2812.de\/wp-content\/uploads\/2023\/04\/IMG_8556-1536x1229.jpg 1536w, https:\/\/mb2812.de\/wp-content\/uploads\/2023\/04\/IMG_8556-668x534.jpg 668w, https:\/\/mb2812.de\/wp-content\/uploads\/2023\/04\/IMG_8556.jpg 1920w\" sizes=\"auto, (max-width: 1024px) 100vw, 1024px\" \/><\/a><figcaption class=\"wp-element-caption\"><em>Und noch ein bisschen Romantik. Durchs Fenster unseres H\u00e4uschen blicken wir auf diesen alten amerikanischen &#8222;Airstream&#8220; Wohnwage<\/em>n<\/figcaption><\/figure>\n","protected":false},"excerpt":{"rendered":"<p>Wir verbrachten ein Wochenende in IJmuiden in einem Tiny House Resort. Am ersten Tag gab es nur einen kleinen Rundgang durchs Resort und \u00fcber den Strand<\/p>\n","protected":false},"author":1,"featured_media":15151,"comment_status":"closed","ping_status":"closed","sticky":false,"template":"","format":"standard","meta":{"footnotes":""},"categories":[28],"tags":[40,117,46,44,38],"class_list":["post-12418","post","type-post","status-publish","format-standard","has-post-thumbnail","hentry","category-hier-und-da-2023","tag-40","tag-ausfluege","tag-ijmuiden","tag-niederlande","tag-nordseekueste"],"_links":{"self":[{"href":"https:\/\/mb2812.de\/index.php?rest_route=\/wp\/v2\/posts\/12418","targetHints":{"allow":["GET"]}}],"collection":[{"href":"https:\/\/mb2812.de\/index.php?rest_route=\/wp\/v2\/posts"}],"about":[{"href":"https:\/\/mb2812.de\/index.php?rest_route=\/wp\/v2\/types\/post"}],"author":[{"embeddable":true,"href":"https:\/\/mb2812.de\/index.php?rest_route=\/wp\/v2\/users\/1"}],"replies":[{"embeddable":true,"href":"https:\/\/mb2812.de\/index.php?rest_route=%2Fwp%2Fv2%2Fcomments&post=12418"}],"version-history":[{"count":13,"href":"https:\/\/mb2812.de\/index.php?rest_route=\/wp\/v2\/posts\/12418\/revisions"}],"predecessor-version":[{"id":15152,"href":"https:\/\/mb2812.de\/index.php?rest_route=\/wp\/v2\/posts\/12418\/revisions\/15152"}],"wp:featuredmedia":[{"embeddable":true,"href":"https:\/\/mb2812.de\/index.php?rest_route=\/wp\/v2\/media\/15151"}],"wp:attachment":[{"href":"https:\/\/mb2812.de\/index.php?rest_route=%2Fwp%2Fv2%2Fmedia&parent=12418"}],"wp:term":[{"taxonomy":"category","embeddable":true,"href":"https:\/\/mb2812.de\/index.php?rest_route=%2Fwp%2Fv2%2Fcategories&post=12418"},{"taxonomy":"post_tag","embeddable":true,"href":"https:\/\/mb2812.de\/index.php?rest_route=%2Fwp%2Fv2%2Ftags&post=12418"}],"curies":[{"name":"wp","href":"https:\/\/api.w.org\/{rel}","templated":true}]}}