{"id":12313,"date":"2022-10-14T09:00:30","date_gmt":"2022-10-14T07:00:30","guid":{"rendered":"http:\/\/reiseblog.mb2812.de\/?p=12313"},"modified":"2025-01-01T20:39:48","modified_gmt":"2025-01-01T18:39:48","slug":"bellinzona","status":"publish","type":"post","link":"https:\/\/mb2812.de\/?p=12313","title":{"rendered":"Bellinzona"},"content":{"rendered":"\n<p>Zun\u00e4chst mal eine unn\u00f6tige und lange Story, um zu erkl\u00e4ren, warum wir \u00fcberhaupt im Tessin gelandet sind. Stephan hatte fr\u00fcher mal am Gardasee, einem weiteren der oberitalienischen Seen, Urlaub gemacht. Daraus entwickelte ich die Idee, mal einen Kurzurlaub am Comer See (Lago di Como), direkt s\u00fcdlich der Schweizer Grenze, zu machen. Tats\u00e4chlich haben wir nun ein paar Tage Tessin am Lago Maggiore in unseren Schweizurlaub eingebaut, die Idee eines Besuchs am Comer See hielt sich allerdings, das w\u00e4re als bequemer Tagesausflug ab Locarno zu erledigen gewesen.  Aaaber &#8211;  irgendwie hatten wir auch heute keine Lust darauf und sind stattdessen in die entgegengesetzte Richtung &#8211; eben nach Bellinzona &#8211; gefahren.<\/p>\n\n\n\n<p>Viel hatte ich noch nicht von Bellinzona geh\u00f6rt. Der Reisef\u00fchrer wei\u00df, das es die zweitgr\u00f6\u00dfte Stadt des Tessin ist und seit 1878 Sitz der Kantonsregierung. Bereits weit vorher war der Ort als Schl\u00fcssel zu mehreren Alpenp\u00e4ssen von gro\u00dfer strategischer Bedeutung und deswegen finden sich insgesamt drei Burganlagen im Ort, die heutzutage die gr\u00f6\u00dften Sehensw\u00fcdigkeiten dort sind. Wir sind also mal hingefahren, um das Ganze abzuchecken, wie man so sagt.<\/p>\n\n\n\n<p>Das Hinfahren war wieder f\u00fcrchterlich einfach, alle halbe Stunde f\u00e4hrt die zweite in Locarno startende S-Bahn-Linie dorthin und braucht keine 30 Minuten f\u00fcr die Strecke.<\/p>\n\n\n\n<p>Angekommen, \u00e4rgert uns ein wenig der Schweizer Taktfahrplan. Der Bus 4 zur h\u00f6chsten Burg fuhr n\u00e4mlich direkt im Anschluss an den Zug, und da wir noch mit der Orientierung im und am Bahnhof besch\u00e4ftigt waren, liessen wir ihn fahren. Damit fiel die Besichtigung dieser Burg dann f\u00fcr uns aus.<\/p>\n\n\n\n<p>Stattdessem machten wir uns auf zur gr\u00f6\u00dften Burg, dem Castel Grande. Dahin ging es s\u00fcdw\u00e4rts entlang der Hauptgesch\u00e4ftsstra\u00dfe, der Viale Stazione, bis zum Piazza Sole.<\/p>\n\n\n\n<figure class=\"wp-block-image aligncenter size-large is-resized\"><a href=\"https:\/\/mb2812.de\/wp-content\/uploads\/2022\/12\/DSC_0077-NEF_DxO_DeepPRIME.jpg\" target=\"_blank\" rel=\" noreferrer noopener\"><img loading=\"lazy\" decoding=\"async\" width=\"1024\" height=\"819\" src=\"https:\/\/mb2812.de\/wp-content\/uploads\/2022\/12\/DSC_0077-NEF_DxO_DeepPRIME-1024x819.jpg\" alt=\"\" class=\"wp-image-12314\" style=\"width:800px\" srcset=\"https:\/\/mb2812.de\/wp-content\/uploads\/2022\/12\/DSC_0077-NEF_DxO_DeepPRIME-1024x819.jpg 1024w, https:\/\/mb2812.de\/wp-content\/uploads\/2022\/12\/DSC_0077-NEF_DxO_DeepPRIME-300x240.jpg 300w, https:\/\/mb2812.de\/wp-content\/uploads\/2022\/12\/DSC_0077-NEF_DxO_DeepPRIME-768x614.jpg 768w, https:\/\/mb2812.de\/wp-content\/uploads\/2022\/12\/DSC_0077-NEF_DxO_DeepPRIME-1536x1229.jpg 1536w, https:\/\/mb2812.de\/wp-content\/uploads\/2022\/12\/DSC_0077-NEF_DxO_DeepPRIME-668x534.jpg 668w, https:\/\/mb2812.de\/wp-content\/uploads\/2022\/12\/DSC_0077-NEF_DxO_DeepPRIME.jpg 1920w\" sizes=\"auto, (max-width: 1024px) 100vw, 1024px\" \/><\/a><figcaption class=\"wp-element-caption\"><em>Die Viale Stazione<\/em><\/figcaption><\/figure>\n\n\n\n<!--more-->\n\n\n\n<figure class=\"wp-block-image aligncenter size-large is-resized\"><a href=\"https:\/\/mb2812.de\/wp-content\/uploads\/2022\/12\/DSC_0078-NEF_DxO_DeepPRIME.jpg\" target=\"_blank\" rel=\" noreferrer noopener\"><img loading=\"lazy\" decoding=\"async\" width=\"768\" height=\"1024\" src=\"https:\/\/mb2812.de\/wp-content\/uploads\/2022\/12\/DSC_0078-NEF_DxO_DeepPRIME-768x1024.jpg\" alt=\"\" class=\"wp-image-12315\" style=\"width:600px\" srcset=\"https:\/\/mb2812.de\/wp-content\/uploads\/2022\/12\/DSC_0078-NEF_DxO_DeepPRIME-768x1024.jpg 768w, https:\/\/mb2812.de\/wp-content\/uploads\/2022\/12\/DSC_0078-NEF_DxO_DeepPRIME-225x300.jpg 225w, https:\/\/mb2812.de\/wp-content\/uploads\/2022\/12\/DSC_0078-NEF_DxO_DeepPRIME-1152x1536.jpg 1152w, https:\/\/mb2812.de\/wp-content\/uploads\/2022\/12\/DSC_0078-NEF_DxO_DeepPRIME-668x891.jpg 668w, https:\/\/mb2812.de\/wp-content\/uploads\/2022\/12\/DSC_0078-NEF_DxO_DeepPRIME.jpg 1440w\" sizes=\"auto, (max-width: 768px) 100vw, 768px\" \/><\/a><figcaption class=\"wp-element-caption\"><em>Die Burg thront auf einem Felsen 40 Meter \u00fcber der Stadt<\/em><\/figcaption><\/figure>\n\n\n\n<p>Zur Burg hoch zu kommen ist sehr einfach. Ein kostenloser Aufzug ab dem Piazza Sole \u00fcberwindet die H\u00f6hendifferenz.<\/p>\n\n\n\n<figure class=\"wp-block-image aligncenter size-large is-resized\"><a href=\"https:\/\/mb2812.de\/wp-content\/uploads\/2022\/12\/DSC_0084-NEF_DxO_DeepPRIME.jpg\" target=\"_blank\" rel=\" noreferrer noopener\"><img loading=\"lazy\" decoding=\"async\" width=\"768\" height=\"1024\" src=\"https:\/\/mb2812.de\/wp-content\/uploads\/2022\/12\/DSC_0084-NEF_DxO_DeepPRIME-768x1024.jpg\" alt=\"\" class=\"wp-image-12323\" style=\"width:600px\" srcset=\"https:\/\/mb2812.de\/wp-content\/uploads\/2022\/12\/DSC_0084-NEF_DxO_DeepPRIME-768x1024.jpg 768w, https:\/\/mb2812.de\/wp-content\/uploads\/2022\/12\/DSC_0084-NEF_DxO_DeepPRIME-225x300.jpg 225w, https:\/\/mb2812.de\/wp-content\/uploads\/2022\/12\/DSC_0084-NEF_DxO_DeepPRIME-1152x1536.jpg 1152w, https:\/\/mb2812.de\/wp-content\/uploads\/2022\/12\/DSC_0084-NEF_DxO_DeepPRIME-668x891.jpg 668w, https:\/\/mb2812.de\/wp-content\/uploads\/2022\/12\/DSC_0084-NEF_DxO_DeepPRIME.jpg 1440w\" sizes=\"auto, (max-width: 768px) 100vw, 768px\" \/><\/a><figcaption class=\"wp-element-caption\"><em>Vom Aufzug zum gro\u00dfen Hof geht es diesen Weg entlang<\/em><\/figcaption><\/figure>\n\n\n\n<figure class=\"wp-block-image aligncenter size-large is-resized\"><a href=\"https:\/\/mb2812.de\/wp-content\/uploads\/2022\/12\/DSC_0085-NEF_DxO_DeepPRIME.jpg\" target=\"_blank\" rel=\" noreferrer noopener\"><img loading=\"lazy\" decoding=\"async\" width=\"1024\" height=\"819\" src=\"https:\/\/mb2812.de\/wp-content\/uploads\/2022\/12\/DSC_0085-NEF_DxO_DeepPRIME-1024x819.jpg\" alt=\"\" class=\"wp-image-12316\" style=\"width:800px\" srcset=\"https:\/\/mb2812.de\/wp-content\/uploads\/2022\/12\/DSC_0085-NEF_DxO_DeepPRIME-1024x819.jpg 1024w, https:\/\/mb2812.de\/wp-content\/uploads\/2022\/12\/DSC_0085-NEF_DxO_DeepPRIME-300x240.jpg 300w, https:\/\/mb2812.de\/wp-content\/uploads\/2022\/12\/DSC_0085-NEF_DxO_DeepPRIME-768x614.jpg 768w, https:\/\/mb2812.de\/wp-content\/uploads\/2022\/12\/DSC_0085-NEF_DxO_DeepPRIME-1536x1229.jpg 1536w, https:\/\/mb2812.de\/wp-content\/uploads\/2022\/12\/DSC_0085-NEF_DxO_DeepPRIME-668x534.jpg 668w, https:\/\/mb2812.de\/wp-content\/uploads\/2022\/12\/DSC_0085-NEF_DxO_DeepPRIME.jpg 1920w\" sizes=\"auto, (max-width: 1024px) 100vw, 1024px\" \/><\/a><figcaption class=\"wp-element-caption\"><em>Der Wei\u00dfe Turm, vom gro\u00dfen Hof aus<\/em><\/figcaption><\/figure>\n\n\n\n<figure class=\"wp-block-image aligncenter size-large is-resized\"><a href=\"https:\/\/mb2812.de\/wp-content\/uploads\/2022\/12\/DSC_0095-NEF_DxO_DeepPRIME-813.jpg\" target=\"_blank\" rel=\" noreferrer noopener\"><img loading=\"lazy\" decoding=\"async\" width=\"1024\" height=\"819\" src=\"https:\/\/mb2812.de\/wp-content\/uploads\/2022\/12\/DSC_0095-NEF_DxO_DeepPRIME-813-1024x819.jpg\" alt=\"\" class=\"wp-image-12318\" style=\"width:800px\" srcset=\"https:\/\/mb2812.de\/wp-content\/uploads\/2022\/12\/DSC_0095-NEF_DxO_DeepPRIME-813-1024x819.jpg 1024w, https:\/\/mb2812.de\/wp-content\/uploads\/2022\/12\/DSC_0095-NEF_DxO_DeepPRIME-813-300x240.jpg 300w, https:\/\/mb2812.de\/wp-content\/uploads\/2022\/12\/DSC_0095-NEF_DxO_DeepPRIME-813-768x614.jpg 768w, https:\/\/mb2812.de\/wp-content\/uploads\/2022\/12\/DSC_0095-NEF_DxO_DeepPRIME-813-1536x1229.jpg 1536w, https:\/\/mb2812.de\/wp-content\/uploads\/2022\/12\/DSC_0095-NEF_DxO_DeepPRIME-813-668x534.jpg 668w, https:\/\/mb2812.de\/wp-content\/uploads\/2022\/12\/DSC_0095-NEF_DxO_DeepPRIME-813.jpg 1920w\" sizes=\"auto, (max-width: 1024px) 100vw, 1024px\" \/><\/a><figcaption class=\"wp-element-caption\"><em>Der Schwarze Turm (links) und der Wei\u00dfe Turm (rechts)<\/em><\/figcaption><\/figure>\n\n\n\n<figure class=\"wp-block-image aligncenter size-large is-resized\"><a href=\"https:\/\/mb2812.de\/wp-content\/uploads\/2022\/12\/DSC_0092-NEF_DxO_DeepPRIME.jpg\" target=\"_blank\" rel=\" noreferrer noopener\"><img loading=\"lazy\" decoding=\"async\" width=\"1024\" height=\"819\" src=\"https:\/\/mb2812.de\/wp-content\/uploads\/2022\/12\/DSC_0092-NEF_DxO_DeepPRIME-1024x819.jpg\" alt=\"\" class=\"wp-image-12317\" style=\"width:800px\" srcset=\"https:\/\/mb2812.de\/wp-content\/uploads\/2022\/12\/DSC_0092-NEF_DxO_DeepPRIME-1024x819.jpg 1024w, https:\/\/mb2812.de\/wp-content\/uploads\/2022\/12\/DSC_0092-NEF_DxO_DeepPRIME-300x240.jpg 300w, https:\/\/mb2812.de\/wp-content\/uploads\/2022\/12\/DSC_0092-NEF_DxO_DeepPRIME-768x614.jpg 768w, https:\/\/mb2812.de\/wp-content\/uploads\/2022\/12\/DSC_0092-NEF_DxO_DeepPRIME-1536x1229.jpg 1536w, https:\/\/mb2812.de\/wp-content\/uploads\/2022\/12\/DSC_0092-NEF_DxO_DeepPRIME-668x534.jpg 668w, https:\/\/mb2812.de\/wp-content\/uploads\/2022\/12\/DSC_0092-NEF_DxO_DeepPRIME.jpg 1920w\" sizes=\"auto, (max-width: 1024px) 100vw, 1024px\" \/><\/a><figcaption class=\"wp-element-caption\"><em>Blick \u00fcber die Mauern ins Tal in Richtung S\u00fcden<\/em><\/figcaption><\/figure>\n\n\n\n<figure class=\"wp-block-image aligncenter size-large is-resized\"><a href=\"https:\/\/mb2812.de\/wp-content\/uploads\/2022\/12\/DSC_0110-NEF_DxO_DeepPRIME.jpg\" target=\"_blank\" rel=\" noreferrer noopener\"><img loading=\"lazy\" decoding=\"async\" width=\"1024\" height=\"791\" src=\"https:\/\/mb2812.de\/wp-content\/uploads\/2022\/12\/DSC_0110-NEF_DxO_DeepPRIME-1024x791.jpg\" alt=\"\" class=\"wp-image-12319\" style=\"width:800px\" srcset=\"https:\/\/mb2812.de\/wp-content\/uploads\/2022\/12\/DSC_0110-NEF_DxO_DeepPRIME-1024x791.jpg 1024w, https:\/\/mb2812.de\/wp-content\/uploads\/2022\/12\/DSC_0110-NEF_DxO_DeepPRIME-300x232.jpg 300w, https:\/\/mb2812.de\/wp-content\/uploads\/2022\/12\/DSC_0110-NEF_DxO_DeepPRIME-768x594.jpg 768w, https:\/\/mb2812.de\/wp-content\/uploads\/2022\/12\/DSC_0110-NEF_DxO_DeepPRIME-1536x1187.jpg 1536w, https:\/\/mb2812.de\/wp-content\/uploads\/2022\/12\/DSC_0110-NEF_DxO_DeepPRIME-668x516.jpg 668w, https:\/\/mb2812.de\/wp-content\/uploads\/2022\/12\/DSC_0110-NEF_DxO_DeepPRIME.jpg 1920w\" sizes=\"auto, (max-width: 1024px) 100vw, 1024px\" \/><\/a><figcaption class=\"wp-element-caption\"><em>Auf der anderen Talseite die weiteren Burgen, Castello di Montebello und Castello di Sasso Corbaro (oben), davor das Zentrum Bellinzonas mit der Kirche Santi Pietro, Paolo e Stefano<\/em><\/figcaption><\/figure>\n\n\n\n<p>Eine Stunde dauert unser Rundgang \u00fcbers Burggel\u00e4nde, dann nehmen wir wieder den Aufzug nach unten und setzen den Spaziergang s\u00fcdw\u00e4rts fort, Piazza Collegiata hei\u00dft der zentrale Platz, an der die Stiftskirche Chiesa collegiata dei Santi Pietro, Paolo e Stefano steht.<\/p>\n\n\n\n<figure class=\"wp-block-image aligncenter size-large is-resized\"><a href=\"https:\/\/mb2812.de\/wp-content\/uploads\/2022\/12\/DSC_0115-NEF_DxO_DeepPRIME-810-811.jpg\" target=\"_blank\" rel=\" noreferrer noopener\"><img loading=\"lazy\" decoding=\"async\" width=\"768\" height=\"1024\" src=\"https:\/\/mb2812.de\/wp-content\/uploads\/2022\/12\/DSC_0115-NEF_DxO_DeepPRIME-810-811-768x1024.jpg\" alt=\"\" class=\"wp-image-12324\" style=\"width:600px\" srcset=\"https:\/\/mb2812.de\/wp-content\/uploads\/2022\/12\/DSC_0115-NEF_DxO_DeepPRIME-810-811-768x1024.jpg 768w, https:\/\/mb2812.de\/wp-content\/uploads\/2022\/12\/DSC_0115-NEF_DxO_DeepPRIME-810-811-225x300.jpg 225w, https:\/\/mb2812.de\/wp-content\/uploads\/2022\/12\/DSC_0115-NEF_DxO_DeepPRIME-810-811-1152x1536.jpg 1152w, https:\/\/mb2812.de\/wp-content\/uploads\/2022\/12\/DSC_0115-NEF_DxO_DeepPRIME-810-811-668x891.jpg 668w, https:\/\/mb2812.de\/wp-content\/uploads\/2022\/12\/DSC_0115-NEF_DxO_DeepPRIME-810-811.jpg 1440w\" sizes=\"auto, (max-width: 768px) 100vw, 768px\" \/><\/a><figcaption class=\"wp-element-caption\"><em>Das Portal der Kirche<\/em><\/figcaption><\/figure>\n\n\n\n<figure class=\"wp-block-image aligncenter size-large is-resized\"><a href=\"https:\/\/mb2812.de\/wp-content\/uploads\/2022\/10\/IMG_7348-815.jpg\" target=\"_blank\" rel=\" noreferrer noopener\"><img loading=\"lazy\" decoding=\"async\" width=\"1024\" height=\"819\" src=\"https:\/\/mb2812.de\/wp-content\/uploads\/2022\/10\/IMG_7348-815-1024x819.jpg\" alt=\"\" class=\"wp-image-12340\" style=\"width:800px\" srcset=\"https:\/\/mb2812.de\/wp-content\/uploads\/2022\/10\/IMG_7348-815-1024x819.jpg 1024w, https:\/\/mb2812.de\/wp-content\/uploads\/2022\/10\/IMG_7348-815-300x240.jpg 300w, https:\/\/mb2812.de\/wp-content\/uploads\/2022\/10\/IMG_7348-815-768x614.jpg 768w, https:\/\/mb2812.de\/wp-content\/uploads\/2022\/10\/IMG_7348-815-1536x1229.jpg 1536w, https:\/\/mb2812.de\/wp-content\/uploads\/2022\/10\/IMG_7348-815-668x534.jpg 668w, https:\/\/mb2812.de\/wp-content\/uploads\/2022\/10\/IMG_7348-815.jpg 1920w\" sizes=\"auto, (max-width: 1024px) 100vw, 1024px\" \/><\/a><figcaption class=\"wp-element-caption\"><em>Innen in der Kirche<\/em><\/figcaption><\/figure>\n\n\n\n<figure class=\"wp-block-image aligncenter size-large is-resized\"><a href=\"https:\/\/mb2812.de\/wp-content\/uploads\/2022\/12\/DSC_0119-NEF_DxO_DeepPRIME.jpg\"><img loading=\"lazy\" decoding=\"async\" width=\"1024\" height=\"819\" src=\"https:\/\/mb2812.de\/wp-content\/uploads\/2022\/12\/DSC_0119-NEF_DxO_DeepPRIME-1024x819.jpg\" alt=\"\" class=\"wp-image-12326\" style=\"width:800px\" srcset=\"https:\/\/mb2812.de\/wp-content\/uploads\/2022\/12\/DSC_0119-NEF_DxO_DeepPRIME-1024x819.jpg 1024w, https:\/\/mb2812.de\/wp-content\/uploads\/2022\/12\/DSC_0119-NEF_DxO_DeepPRIME-300x240.jpg 300w, https:\/\/mb2812.de\/wp-content\/uploads\/2022\/12\/DSC_0119-NEF_DxO_DeepPRIME-768x614.jpg 768w, https:\/\/mb2812.de\/wp-content\/uploads\/2022\/12\/DSC_0119-NEF_DxO_DeepPRIME-1536x1229.jpg 1536w, https:\/\/mb2812.de\/wp-content\/uploads\/2022\/12\/DSC_0119-NEF_DxO_DeepPRIME-668x534.jpg 668w, https:\/\/mb2812.de\/wp-content\/uploads\/2022\/12\/DSC_0119-NEF_DxO_DeepPRIME.jpg 1920w\" sizes=\"auto, (max-width: 1024px) 100vw, 1024px\" \/><\/a><figcaption class=\"wp-element-caption\"><em>Blick vom Vorplatz der Kirche die Viale Statione hinauf<\/em><\/figcaption><\/figure>\n\n\n\n<figure class=\"wp-block-image aligncenter size-large is-resized\"><a href=\"https:\/\/mb2812.de\/wp-content\/uploads\/2022\/12\/DSC_0118-NEF_DxO_DeepPRIME.jpg\" target=\"_blank\" rel=\" noreferrer noopener\"><img loading=\"lazy\" decoding=\"async\" width=\"1024\" height=\"819\" src=\"https:\/\/mb2812.de\/wp-content\/uploads\/2022\/12\/DSC_0118-NEF_DxO_DeepPRIME-1024x819.jpg\" alt=\"\" class=\"wp-image-12325\" style=\"width:800px\" srcset=\"https:\/\/mb2812.de\/wp-content\/uploads\/2022\/12\/DSC_0118-NEF_DxO_DeepPRIME-1024x819.jpg 1024w, https:\/\/mb2812.de\/wp-content\/uploads\/2022\/12\/DSC_0118-NEF_DxO_DeepPRIME-300x240.jpg 300w, https:\/\/mb2812.de\/wp-content\/uploads\/2022\/12\/DSC_0118-NEF_DxO_DeepPRIME-768x614.jpg 768w, https:\/\/mb2812.de\/wp-content\/uploads\/2022\/12\/DSC_0118-NEF_DxO_DeepPRIME-1536x1229.jpg 1536w, https:\/\/mb2812.de\/wp-content\/uploads\/2022\/12\/DSC_0118-NEF_DxO_DeepPRIME-668x534.jpg 668w, https:\/\/mb2812.de\/wp-content\/uploads\/2022\/12\/DSC_0118-NEF_DxO_DeepPRIME.jpg 1920w\" sizes=\"auto, (max-width: 1024px) 100vw, 1024px\" \/><\/a><figcaption class=\"wp-element-caption\"><em>Dies ist die Piazza Collegiata, dar\u00fcber das Castel Grande. in einem der Caf\u00e9s dort machen wir dann Pause<\/em><\/figcaption><\/figure>\n\n\n\n<figure class=\"wp-block-image aligncenter size-large is-resized\"><a href=\"https:\/\/mb2812.de\/wp-content\/uploads\/2022\/12\/DSC_0125-NEF_DxO_DeepPRIME.jpg\" target=\"_blank\" rel=\" noreferrer noopener\"><img loading=\"lazy\" decoding=\"async\" width=\"1024\" height=\"819\" src=\"https:\/\/mb2812.de\/wp-content\/uploads\/2022\/12\/DSC_0125-NEF_DxO_DeepPRIME-1024x819.jpg\" alt=\"\" class=\"wp-image-12320\" style=\"width:800px\" srcset=\"https:\/\/mb2812.de\/wp-content\/uploads\/2022\/12\/DSC_0125-NEF_DxO_DeepPRIME-1024x819.jpg 1024w, https:\/\/mb2812.de\/wp-content\/uploads\/2022\/12\/DSC_0125-NEF_DxO_DeepPRIME-300x240.jpg 300w, https:\/\/mb2812.de\/wp-content\/uploads\/2022\/12\/DSC_0125-NEF_DxO_DeepPRIME-768x614.jpg 768w, https:\/\/mb2812.de\/wp-content\/uploads\/2022\/12\/DSC_0125-NEF_DxO_DeepPRIME-1536x1229.jpg 1536w, https:\/\/mb2812.de\/wp-content\/uploads\/2022\/12\/DSC_0125-NEF_DxO_DeepPRIME-668x534.jpg 668w, https:\/\/mb2812.de\/wp-content\/uploads\/2022\/12\/DSC_0125-NEF_DxO_DeepPRIME.jpg 1920w\" sizes=\"auto, (max-width: 1024px) 100vw, 1024px\" \/><\/a><figcaption class=\"wp-element-caption\"><em>Arkaden an der Piazza Nosetto<\/em><\/figcaption><\/figure>\n\n\n\n<figure class=\"wp-block-image aligncenter size-large is-resized\"><a href=\"https:\/\/mb2812.de\/wp-content\/uploads\/2022\/12\/DSC_0129-NEF_DxO_DeepPRIME-812.jpg\" target=\"_blank\" rel=\" noreferrer noopener\"><img loading=\"lazy\" decoding=\"async\" width=\"768\" height=\"1024\" src=\"https:\/\/mb2812.de\/wp-content\/uploads\/2022\/12\/DSC_0129-NEF_DxO_DeepPRIME-812-768x1024.jpg\" alt=\"\" class=\"wp-image-12327\" style=\"width:600px\" srcset=\"https:\/\/mb2812.de\/wp-content\/uploads\/2022\/12\/DSC_0129-NEF_DxO_DeepPRIME-812-768x1024.jpg 768w, https:\/\/mb2812.de\/wp-content\/uploads\/2022\/12\/DSC_0129-NEF_DxO_DeepPRIME-812-225x300.jpg 225w, https:\/\/mb2812.de\/wp-content\/uploads\/2022\/12\/DSC_0129-NEF_DxO_DeepPRIME-812-1152x1536.jpg 1152w, https:\/\/mb2812.de\/wp-content\/uploads\/2022\/12\/DSC_0129-NEF_DxO_DeepPRIME-812-668x891.jpg 668w, https:\/\/mb2812.de\/wp-content\/uploads\/2022\/12\/DSC_0129-NEF_DxO_DeepPRIME-812.jpg 1440w\" sizes=\"auto, (max-width: 768px) 100vw, 768px\" \/><\/a><figcaption class=\"wp-element-caption\"><em>Im Innenhof des Rathauses (Palazzo comunale) von Bellinzona. Es wurde 1924-26 erbaut. Es hat als Vorbild die mittelalterlichen \u201eBroletto&#8220; &#8211; die \u00f6ffentlichen Geb\u00e4udes der freien Gemeinden Italiens und insbesondere der Lombardei<\/em><\/figcaption><\/figure>\n\n\n\n<figure class=\"wp-block-image aligncenter size-large is-resized\"><a href=\"https:\/\/mb2812.de\/wp-content\/uploads\/2022\/10\/DSC_0131-NEF_DxO_DeepPRIME-816.jpg\" target=\"_blank\" rel=\" noreferrer noopener\"><img loading=\"lazy\" decoding=\"async\" width=\"768\" height=\"1024\" src=\"https:\/\/mb2812.de\/wp-content\/uploads\/2022\/10\/DSC_0131-NEF_DxO_DeepPRIME-816-768x1024.jpg\" alt=\"\" class=\"wp-image-12337\" style=\"width:600px\" srcset=\"https:\/\/mb2812.de\/wp-content\/uploads\/2022\/10\/DSC_0131-NEF_DxO_DeepPRIME-816-768x1024.jpg 768w, https:\/\/mb2812.de\/wp-content\/uploads\/2022\/10\/DSC_0131-NEF_DxO_DeepPRIME-816-225x300.jpg 225w, https:\/\/mb2812.de\/wp-content\/uploads\/2022\/10\/DSC_0131-NEF_DxO_DeepPRIME-816-1152x1536.jpg 1152w, https:\/\/mb2812.de\/wp-content\/uploads\/2022\/10\/DSC_0131-NEF_DxO_DeepPRIME-816-668x891.jpg 668w, https:\/\/mb2812.de\/wp-content\/uploads\/2022\/10\/DSC_0131-NEF_DxO_DeepPRIME-816.jpg 1440w\" sizes=\"auto, (max-width: 768px) 100vw, 768px\" \/><\/a><figcaption class=\"wp-element-caption\"><em>Gekommen sind wir bis zur Piazza Inpendenza mit dem 1903 anl\u00e4sslich des 100j\u00e4hrigen Jubil\u00e4ums der Kantonsgr\u00fcndung errichteten Obelisk. Dahinter die Kirche San Rocco<\/em><\/figcaption><\/figure>\n\n\n\n<p>Und dann hab ich mich entschieden, das wir uns mal ein bisschen anstrengen k\u00f6nnten. Wir versuchten uns also am Aufstieg zur zweiten Burg, dem Castello de Montebello. Es liegt 80 Meter \u00fcber der Stadt, gro\u00dfe Teile des Weges bestehen aus Treppen.<\/p>\n\n\n\n<figure class=\"wp-block-image aligncenter size-large is-resized\"><a href=\"https:\/\/mb2812.de\/wp-content\/uploads\/2022\/10\/IMG_7384.jpg\" target=\"_blank\" rel=\" noreferrer noopener\"><img loading=\"lazy\" decoding=\"async\" width=\"768\" height=\"1024\" src=\"https:\/\/mb2812.de\/wp-content\/uploads\/2022\/10\/IMG_7384-768x1024.jpg\" alt=\"\" class=\"wp-image-12336\" style=\"width:600px\" srcset=\"https:\/\/mb2812.de\/wp-content\/uploads\/2022\/10\/IMG_7384-768x1024.jpg 768w, https:\/\/mb2812.de\/wp-content\/uploads\/2022\/10\/IMG_7384-225x300.jpg 225w, https:\/\/mb2812.de\/wp-content\/uploads\/2022\/10\/IMG_7384-1152x1536.jpg 1152w, https:\/\/mb2812.de\/wp-content\/uploads\/2022\/10\/IMG_7384-668x891.jpg 668w, https:\/\/mb2812.de\/wp-content\/uploads\/2022\/10\/IMG_7384.jpg 1440w\" sizes=\"auto, (max-width: 768px) 100vw, 768px\" \/><\/a><figcaption class=\"wp-element-caption\"><em>Auf dem Weg nach oben<\/em><\/figcaption><\/figure>\n\n\n\n<figure class=\"wp-block-image aligncenter size-large is-resized\"><a href=\"https:\/\/mb2812.de\/wp-content\/uploads\/2022\/12\/DSC_0133-NEF_DxO_DeepPRIME.jpg\" target=\"_blank\" rel=\" noreferrer noopener\"><img loading=\"lazy\" decoding=\"async\" width=\"1024\" height=\"819\" src=\"https:\/\/mb2812.de\/wp-content\/uploads\/2022\/12\/DSC_0133-NEF_DxO_DeepPRIME-1024x819.jpg\" alt=\"\" class=\"wp-image-12321\" style=\"width:800px\" srcset=\"https:\/\/mb2812.de\/wp-content\/uploads\/2022\/12\/DSC_0133-NEF_DxO_DeepPRIME-1024x819.jpg 1024w, https:\/\/mb2812.de\/wp-content\/uploads\/2022\/12\/DSC_0133-NEF_DxO_DeepPRIME-300x240.jpg 300w, https:\/\/mb2812.de\/wp-content\/uploads\/2022\/12\/DSC_0133-NEF_DxO_DeepPRIME-768x614.jpg 768w, https:\/\/mb2812.de\/wp-content\/uploads\/2022\/12\/DSC_0133-NEF_DxO_DeepPRIME-1536x1229.jpg 1536w, https:\/\/mb2812.de\/wp-content\/uploads\/2022\/12\/DSC_0133-NEF_DxO_DeepPRIME-668x534.jpg 668w, https:\/\/mb2812.de\/wp-content\/uploads\/2022\/12\/DSC_0133-NEF_DxO_DeepPRIME.jpg 1920w\" sizes=\"auto, (max-width: 1024px) 100vw, 1024px\" \/><\/a><figcaption class=\"wp-element-caption\"><em>Unterwegs, und auch vom Castello aus, hat man immer andere Blicke auf die Stadt und das gegen\u00fcberliegende Castel Grande. Hier die Stiftskirche und Burg<\/em><\/figcaption><\/figure>\n\n\n\n<figure class=\"wp-block-image aligncenter size-large is-resized\"><a href=\"https:\/\/mb2812.de\/wp-content\/uploads\/2022\/10\/DSC_0135-NEF_DxO_DeepPRIME.jpg\" target=\"_blank\" rel=\" noreferrer noopener\"><img loading=\"lazy\" decoding=\"async\" width=\"1024\" height=\"819\" src=\"https:\/\/mb2812.de\/wp-content\/uploads\/2022\/10\/DSC_0135-NEF_DxO_DeepPRIME-1024x819.jpg\" alt=\"\" class=\"wp-image-12383\" style=\"width:800px\" srcset=\"https:\/\/mb2812.de\/wp-content\/uploads\/2022\/10\/DSC_0135-NEF_DxO_DeepPRIME-1024x819.jpg 1024w, https:\/\/mb2812.de\/wp-content\/uploads\/2022\/10\/DSC_0135-NEF_DxO_DeepPRIME-300x240.jpg 300w, https:\/\/mb2812.de\/wp-content\/uploads\/2022\/10\/DSC_0135-NEF_DxO_DeepPRIME-768x614.jpg 768w, https:\/\/mb2812.de\/wp-content\/uploads\/2022\/10\/DSC_0135-NEF_DxO_DeepPRIME-1536x1229.jpg 1536w, https:\/\/mb2812.de\/wp-content\/uploads\/2022\/10\/DSC_0135-NEF_DxO_DeepPRIME-668x534.jpg 668w, https:\/\/mb2812.de\/wp-content\/uploads\/2022\/10\/DSC_0135-NEF_DxO_DeepPRIME.jpg 1920w\" sizes=\"auto, (max-width: 1024px) 100vw, 1024px\" \/><\/a><figcaption class=\"wp-element-caption\"><em>Hier formatf\u00fcllend die Burg<\/em><\/figcaption><\/figure>\n\n\n\n<figure class=\"wp-block-image aligncenter size-large is-resized\"><a href=\"https:\/\/mb2812.de\/wp-content\/uploads\/2022\/12\/DSC_0137-NEF_DxO_DeepPRIME-814.jpg\" target=\"_blank\" rel=\" noreferrer noopener\"><img loading=\"lazy\" decoding=\"async\" width=\"1024\" height=\"819\" src=\"https:\/\/mb2812.de\/wp-content\/uploads\/2022\/12\/DSC_0137-NEF_DxO_DeepPRIME-814-1024x819.jpg\" alt=\"\" class=\"wp-image-12322\" style=\"width:800px\" srcset=\"https:\/\/mb2812.de\/wp-content\/uploads\/2022\/12\/DSC_0137-NEF_DxO_DeepPRIME-814-1024x819.jpg 1024w, https:\/\/mb2812.de\/wp-content\/uploads\/2022\/12\/DSC_0137-NEF_DxO_DeepPRIME-814-300x240.jpg 300w, https:\/\/mb2812.de\/wp-content\/uploads\/2022\/12\/DSC_0137-NEF_DxO_DeepPRIME-814-768x614.jpg 768w, https:\/\/mb2812.de\/wp-content\/uploads\/2022\/12\/DSC_0137-NEF_DxO_DeepPRIME-814-1536x1229.jpg 1536w, https:\/\/mb2812.de\/wp-content\/uploads\/2022\/12\/DSC_0137-NEF_DxO_DeepPRIME-814-668x534.jpg 668w, https:\/\/mb2812.de\/wp-content\/uploads\/2022\/12\/DSC_0137-NEF_DxO_DeepPRIME-814.jpg 1920w\" sizes=\"auto, (max-width: 1024px) 100vw, 1024px\" \/><\/a><figcaption class=\"wp-element-caption\"><em>Fast geschafft! Blick auf die Burg<\/em><\/figcaption><\/figure>\n\n\n\n<figure class=\"wp-block-image aligncenter size-large is-resized\"><a href=\"https:\/\/mb2812.de\/wp-content\/uploads\/2022\/10\/DSC_0141-NEF_DxO_DeepPRIME.jpg\" target=\"_blank\" rel=\" noreferrer noopener\"><img loading=\"lazy\" decoding=\"async\" width=\"1024\" height=\"819\" src=\"https:\/\/mb2812.de\/wp-content\/uploads\/2022\/10\/DSC_0141-NEF_DxO_DeepPRIME-1024x819.jpg\" alt=\"\" class=\"wp-image-12333\" style=\"width:800px\" srcset=\"https:\/\/mb2812.de\/wp-content\/uploads\/2022\/10\/DSC_0141-NEF_DxO_DeepPRIME-1024x819.jpg 1024w, https:\/\/mb2812.de\/wp-content\/uploads\/2022\/10\/DSC_0141-NEF_DxO_DeepPRIME-300x240.jpg 300w, https:\/\/mb2812.de\/wp-content\/uploads\/2022\/10\/DSC_0141-NEF_DxO_DeepPRIME-768x614.jpg 768w, https:\/\/mb2812.de\/wp-content\/uploads\/2022\/10\/DSC_0141-NEF_DxO_DeepPRIME-1536x1229.jpg 1536w, https:\/\/mb2812.de\/wp-content\/uploads\/2022\/10\/DSC_0141-NEF_DxO_DeepPRIME-668x534.jpg 668w, https:\/\/mb2812.de\/wp-content\/uploads\/2022\/10\/DSC_0141-NEF_DxO_DeepPRIME.jpg 1920w\" sizes=\"auto, (max-width: 1024px) 100vw, 1024px\" \/><\/a><figcaption class=\"wp-element-caption\"><em>Stephan auf den letzten Metern entlang der Mauern<\/em><\/figcaption><\/figure>\n\n\n\n<p>Ein paar Fotos aus dem Burghof:<\/p>\n\n\n\n<figure class=\"wp-block-image aligncenter size-large is-resized\"><a href=\"https:\/\/mb2812.de\/wp-content\/uploads\/2022\/10\/DSC_0142-NEF_DxO_DeepPRIME-817.jpg\" target=\"_blank\" rel=\" noreferrer noopener\"><img loading=\"lazy\" decoding=\"async\" width=\"1024\" height=\"819\" src=\"https:\/\/mb2812.de\/wp-content\/uploads\/2022\/10\/DSC_0142-NEF_DxO_DeepPRIME-817-1024x819.jpg\" alt=\"\" class=\"wp-image-12338\" style=\"width:800px\" srcset=\"https:\/\/mb2812.de\/wp-content\/uploads\/2022\/10\/DSC_0142-NEF_DxO_DeepPRIME-817-1024x819.jpg 1024w, https:\/\/mb2812.de\/wp-content\/uploads\/2022\/10\/DSC_0142-NEF_DxO_DeepPRIME-817-300x240.jpg 300w, https:\/\/mb2812.de\/wp-content\/uploads\/2022\/10\/DSC_0142-NEF_DxO_DeepPRIME-817-768x614.jpg 768w, https:\/\/mb2812.de\/wp-content\/uploads\/2022\/10\/DSC_0142-NEF_DxO_DeepPRIME-817-1536x1229.jpg 1536w, https:\/\/mb2812.de\/wp-content\/uploads\/2022\/10\/DSC_0142-NEF_DxO_DeepPRIME-817-668x534.jpg 668w, https:\/\/mb2812.de\/wp-content\/uploads\/2022\/10\/DSC_0142-NEF_DxO_DeepPRIME-817.jpg 1920w\" sizes=\"auto, (max-width: 1024px) 100vw, 1024px\" \/><\/a><\/figure>\n\n\n\n<p><\/p>\n\n\n\n<figure class=\"wp-block-image aligncenter size-large is-resized\"><a href=\"https:\/\/mb2812.de\/wp-content\/uploads\/2022\/10\/DSC_0145-NEF_DxO_DeepPRIME.jpg\" target=\"_blank\" rel=\" noreferrer noopener\"><img loading=\"lazy\" decoding=\"async\" width=\"683\" height=\"1024\" src=\"https:\/\/mb2812.de\/wp-content\/uploads\/2022\/10\/DSC_0145-NEF_DxO_DeepPRIME-683x1024.jpg\" alt=\"\" class=\"wp-image-12334\" style=\"width:535px\" srcset=\"https:\/\/mb2812.de\/wp-content\/uploads\/2022\/10\/DSC_0145-NEF_DxO_DeepPRIME-683x1024.jpg 683w, https:\/\/mb2812.de\/wp-content\/uploads\/2022\/10\/DSC_0145-NEF_DxO_DeepPRIME-200x300.jpg 200w, https:\/\/mb2812.de\/wp-content\/uploads\/2022\/10\/DSC_0145-NEF_DxO_DeepPRIME-768x1152.jpg 768w, https:\/\/mb2812.de\/wp-content\/uploads\/2022\/10\/DSC_0145-NEF_DxO_DeepPRIME-1024x1536.jpg 1024w, https:\/\/mb2812.de\/wp-content\/uploads\/2022\/10\/DSC_0145-NEF_DxO_DeepPRIME-668x1002.jpg 668w, https:\/\/mb2812.de\/wp-content\/uploads\/2022\/10\/DSC_0145-NEF_DxO_DeepPRIME.jpg 1280w\" sizes=\"auto, (max-width: 683px) 100vw, 683px\" \/><\/a><\/figure>\n\n\n\n<p><\/p>\n\n\n\n<figure class=\"wp-block-image aligncenter size-large is-resized\"><a href=\"https:\/\/mb2812.de\/wp-content\/uploads\/2022\/10\/DSC_0150-NEF_DxO_DeepPRIME.jpg\" target=\"_blank\" rel=\" noreferrer noopener\"><img loading=\"lazy\" decoding=\"async\" width=\"1024\" height=\"819\" src=\"https:\/\/mb2812.de\/wp-content\/uploads\/2022\/10\/DSC_0150-NEF_DxO_DeepPRIME-1024x819.jpg\" alt=\"\" class=\"wp-image-12339\" style=\"width:800px\" srcset=\"https:\/\/mb2812.de\/wp-content\/uploads\/2022\/10\/DSC_0150-NEF_DxO_DeepPRIME-1024x819.jpg 1024w, https:\/\/mb2812.de\/wp-content\/uploads\/2022\/10\/DSC_0150-NEF_DxO_DeepPRIME-300x240.jpg 300w, https:\/\/mb2812.de\/wp-content\/uploads\/2022\/10\/DSC_0150-NEF_DxO_DeepPRIME-768x614.jpg 768w, https:\/\/mb2812.de\/wp-content\/uploads\/2022\/10\/DSC_0150-NEF_DxO_DeepPRIME-1536x1229.jpg 1536w, https:\/\/mb2812.de\/wp-content\/uploads\/2022\/10\/DSC_0150-NEF_DxO_DeepPRIME-668x534.jpg 668w, https:\/\/mb2812.de\/wp-content\/uploads\/2022\/10\/DSC_0150-NEF_DxO_DeepPRIME.jpg 1920w\" sizes=\"auto, (max-width: 1024px) 100vw, 1024px\" \/><\/a><\/figure>\n\n\n\n<p><\/p>\n\n\n\n<figure class=\"wp-block-image aligncenter size-large is-resized\"><a href=\"https:\/\/mb2812.de\/wp-content\/uploads\/2022\/10\/DSC_0155-NEF_DxO_DeepPRIME-705.jpg\" target=\"_blank\" rel=\" noreferrer noopener\"><img loading=\"lazy\" decoding=\"async\" width=\"1024\" height=\"819\" src=\"https:\/\/mb2812.de\/wp-content\/uploads\/2022\/10\/DSC_0155-NEF_DxO_DeepPRIME-705-1024x819.jpg\" alt=\"\" class=\"wp-image-12335\" style=\"width:800px\" srcset=\"https:\/\/mb2812.de\/wp-content\/uploads\/2022\/10\/DSC_0155-NEF_DxO_DeepPRIME-705-1024x819.jpg 1024w, https:\/\/mb2812.de\/wp-content\/uploads\/2022\/10\/DSC_0155-NEF_DxO_DeepPRIME-705-300x240.jpg 300w, https:\/\/mb2812.de\/wp-content\/uploads\/2022\/10\/DSC_0155-NEF_DxO_DeepPRIME-705-768x614.jpg 768w, https:\/\/mb2812.de\/wp-content\/uploads\/2022\/10\/DSC_0155-NEF_DxO_DeepPRIME-705-1536x1229.jpg 1536w, https:\/\/mb2812.de\/wp-content\/uploads\/2022\/10\/DSC_0155-NEF_DxO_DeepPRIME-705-668x534.jpg 668w, https:\/\/mb2812.de\/wp-content\/uploads\/2022\/10\/DSC_0155-NEF_DxO_DeepPRIME-705.jpg 1920w\" sizes=\"auto, (max-width: 1024px) 100vw, 1024px\" \/><\/a><figcaption class=\"wp-element-caption\"><em>Und wir sind wieder auf dem Weg nach unten und blicken nochmal auf die gesamte &nbsp;Burganlage zur\u00fcck<\/em><\/figcaption><\/figure>\n\n\n\n<p>Zur\u00fcck ging es auf dem gleichen Weg, abw\u00e4rts waren die Treppen nicht so schwei\u00dftreibend. Die Bahnlinie nach S\u00fcden f\u00fchrt in einem kurzen Tunnel unter der Burganlage her so dass wir beim Abstieg einen Zug der S-Bahn beobachten konnten, der einen etwas l\u00e4ngeren Halt vor einem Signal einlegte.<\/p>\n\n\n\n<figure class=\"wp-block-image aligncenter size-large is-resized\"><a href=\"https:\/\/mb2812.de\/wp-content\/uploads\/2022\/10\/DSC_0164-NEF_DxO_DeepPRIME.jpg\" target=\"_blank\" rel=\" noreferrer noopener\"><img loading=\"lazy\" decoding=\"async\" width=\"768\" height=\"1024\" src=\"https:\/\/mb2812.de\/wp-content\/uploads\/2022\/10\/DSC_0164-NEF_DxO_DeepPRIME-768x1024.jpg\" alt=\"\" class=\"wp-image-12332\" style=\"width:600px\" srcset=\"https:\/\/mb2812.de\/wp-content\/uploads\/2022\/10\/DSC_0164-NEF_DxO_DeepPRIME-768x1024.jpg 768w, https:\/\/mb2812.de\/wp-content\/uploads\/2022\/10\/DSC_0164-NEF_DxO_DeepPRIME-225x300.jpg 225w, https:\/\/mb2812.de\/wp-content\/uploads\/2022\/10\/DSC_0164-NEF_DxO_DeepPRIME-1152x1536.jpg 1152w, https:\/\/mb2812.de\/wp-content\/uploads\/2022\/10\/DSC_0164-NEF_DxO_DeepPRIME-668x891.jpg 668w, https:\/\/mb2812.de\/wp-content\/uploads\/2022\/10\/DSC_0164-NEF_DxO_DeepPRIME.jpg 1440w\" sizes=\"auto, (max-width: 768px) 100vw, 768px\" \/><\/a><figcaption class=\"wp-element-caption\"><em>Ein Zug der S-Bahn von Bellinzona nach Locarno. In der n\u00e4chsten Bahn 30 Minuten sp\u00e4ter sa\u00dfen dann wir<\/em><\/figcaption><\/figure>\n\n\n\n<p>Wir fanden, das wir von Bellinzona genug gesehen hatten und gingen daher direkt zum Bahnhof und mit dem n\u00e4chsten Zug ging es nach Locarno zur\u00fcck.<\/p>\n\n\n\n<p>Ziemlich fr\u00fch, um 14:30 Uhr, waren wir damit zur\u00fcck am Hotel. Ans Abendessen habe ich aber schon gedacht. Die Pizzerien am See gefielen mir ja nicht so, vor allem weil \u201einnen\u201c kaum ein Platz zu bekommen war, und nach kurzem \u00dcberlegen reservierten wir im Restaurant des Hotels f\u00fcr den Abend. In den Tagen bisher war das Hotelrestaurant merkw\u00fcrdigerweise immer sehr leer gewesen.<\/p>\n\n\n\n<p>Der Ausklang des Urlaubs war dann zun\u00e4chst ein fauler Nachmittag auf unserem sonnenbeschienen Balkon. Und als wir dann um 19:00 Uhr im Restaurant auftauchten, waren wir gl\u00fccklich die Reservierung gemacht zu haben, denn es war fast vollst\u00e4ndig belegt. &nbsp;Wir erhielten einen Tisch am Fenster und konnten dann bei&nbsp;live Klaviermusik das sehr gute Essen genie\u00dfen.<\/p>\n\n\n\n<p>Damit ging dann der letzte eigentliche Urlaubstag zu Ende.<\/p>\n","protected":false},"excerpt":{"rendered":"<p>Wir fahren nach Bellinzona und besichtigen zwei der drei Burgen in der Stadt<\/p>\n","protected":false},"author":1,"featured_media":12316,"comment_status":"closed","ping_status":"closed","sticky":false,"template":"","format":"standard","meta":{"footnotes":""},"categories":[379],"tags":[47,65,61,48,60],"class_list":["post-12313","post","type-post","status-publish","format-standard","has-post-thumbnail","hentry","category-schweiz-2022","tag-47","tag-bellinzona","tag-locarno","tag-schweiz","tag-tessin"],"_links":{"self":[{"href":"https:\/\/mb2812.de\/index.php?rest_route=\/wp\/v2\/posts\/12313","targetHints":{"allow":["GET"]}}],"collection":[{"href":"https:\/\/mb2812.de\/index.php?rest_route=\/wp\/v2\/posts"}],"about":[{"href":"https:\/\/mb2812.de\/index.php?rest_route=\/wp\/v2\/types\/post"}],"author":[{"embeddable":true,"href":"https:\/\/mb2812.de\/index.php?rest_route=\/wp\/v2\/users\/1"}],"replies":[{"embeddable":true,"href":"https:\/\/mb2812.de\/index.php?rest_route=%2Fwp%2Fv2%2Fcomments&post=12313"}],"version-history":[{"count":22,"href":"https:\/\/mb2812.de\/index.php?rest_route=\/wp\/v2\/posts\/12313\/revisions"}],"predecessor-version":[{"id":16010,"href":"https:\/\/mb2812.de\/index.php?rest_route=\/wp\/v2\/posts\/12313\/revisions\/16010"}],"wp:featuredmedia":[{"embeddable":true,"href":"https:\/\/mb2812.de\/index.php?rest_route=\/wp\/v2\/media\/12316"}],"wp:attachment":[{"href":"https:\/\/mb2812.de\/index.php?rest_route=%2Fwp%2Fv2%2Fmedia&parent=12313"}],"wp:term":[{"taxonomy":"category","embeddable":true,"href":"https:\/\/mb2812.de\/index.php?rest_route=%2Fwp%2Fv2%2Fcategories&post=12313"},{"taxonomy":"post_tag","embeddable":true,"href":"https:\/\/mb2812.de\/index.php?rest_route=%2Fwp%2Fv2%2Ftags&post=12313"}],"curies":[{"name":"wp","href":"https:\/\/api.w.org\/{rel}","templated":true}]}}