{"id":12220,"date":"2022-10-12T09:00:06","date_gmt":"2022-10-12T07:00:06","guid":{"rendered":"http:\/\/reiseblog.mb2812.de\/?p=12220"},"modified":"2025-02-28T20:14:25","modified_gmt":"2025-02-28T18:14:25","slug":"cardada-und-lago-maggiore","status":"publish","type":"post","link":"https:\/\/mb2812.de\/?p=12220","title":{"rendered":"Cardada und Lago Maggiore"},"content":{"rendered":"\n<p>Von Locarno aus kommt man auch mittels Seilbahnen ein bisschen in die Tessiner Bergwelt hinein und ein solcher Ausflug stand heute morgen auf dem Programm. Direkt ab Locarno gibt es die 1906 er\u00f6ffnete Standseilbahn nach Orselina, wo sich die Wallfahrtskirche Madonna der Sasso befindet. Die Talstation ist 202 Meter hoch gelegen, die Bergstation 378 Meter. Seit 1952 gibt es die anschlie\u00dfende Seilbahn weiter nach Cardada, deren Berstation ist dann auf 1340 Meter. Mit beiden wollten wir fahren. 1954 wurde dann noch ein Sessellift bis Cimetta (1670 Meter) er\u00f6ffnet, den haben wir uns allerdings gespart.<\/p>\n\n\n\n<p>Nach dem Fr\u00fchst\u00fcck machen wir uns auf. Die Standseilbahn beginnt neben dem Bahnhof und ist damit schnell erreicht.<\/p>\n\n\n\n<p>Die Bahn ist etwas altert\u00fcmlich mit 1958 gebauten Fahrzeugen. Auch die Betriebsweise: Es gibt Fahrscheine vom Block, und nur Barzahlung ist m\u00f6glich.<\/p>\n\n\n\n<figure class=\"wp-block-image aligncenter size-full is-resized\"><a href=\"https:\/\/mb2812.de\/wp-content\/uploads\/2022\/10\/Seilbahn.jpg\" target=\"_blank\" rel=\" noreferrer noopener\"><img loading=\"lazy\" decoding=\"async\" width=\"909\" height=\"405\" src=\"https:\/\/mb2812.de\/wp-content\/uploads\/2022\/10\/Seilbahn.jpg\" alt=\"\" class=\"wp-image-12259\" style=\"width:450px\" srcset=\"https:\/\/mb2812.de\/wp-content\/uploads\/2022\/10\/Seilbahn.jpg 909w, https:\/\/mb2812.de\/wp-content\/uploads\/2022\/10\/Seilbahn-300x134.jpg 300w, https:\/\/mb2812.de\/wp-content\/uploads\/2022\/10\/Seilbahn-768x342.jpg 768w, https:\/\/mb2812.de\/wp-content\/uploads\/2022\/10\/Seilbahn-668x298.jpg 668w\" sizes=\"auto, (max-width: 909px) 100vw, 909px\" \/><\/a><figcaption class=\"wp-element-caption\"><em>Es gibt sie noch &#8211; Abreissfahrscheine vom Block<\/em><\/figcaption><\/figure>\n\n\n\n<figure class=\"wp-block-image aligncenter size-large is-resized\"><a href=\"https:\/\/mb2812.de\/wp-content\/uploads\/2022\/11\/IMG_6522.jpg\" target=\"_blank\" rel=\" noreferrer noopener\"><img loading=\"lazy\" decoding=\"async\" width=\"768\" height=\"1024\" src=\"https:\/\/mb2812.de\/wp-content\/uploads\/2022\/11\/IMG_6522-768x1024.jpg\" alt=\"\" class=\"wp-image-12239\" style=\"width:600px\" srcset=\"https:\/\/mb2812.de\/wp-content\/uploads\/2022\/11\/IMG_6522-768x1024.jpg 768w, https:\/\/mb2812.de\/wp-content\/uploads\/2022\/11\/IMG_6522-225x300.jpg 225w, https:\/\/mb2812.de\/wp-content\/uploads\/2022\/11\/IMG_6522-1152x1536.jpg 1152w, https:\/\/mb2812.de\/wp-content\/uploads\/2022\/11\/IMG_6522-668x891.jpg 668w, https:\/\/mb2812.de\/wp-content\/uploads\/2022\/11\/IMG_6522.jpg 1440w\" sizes=\"auto, (max-width: 768px) 100vw, 768px\" \/><\/a><figcaption class=\"wp-element-caption\"><em>mit der altert\u00fcmlichen, aber k\u00fcrzlich top renovierten Seilbahn geht es bergauf<\/em><\/figcaption><\/figure>\n\n\n\n<!--more-->\n\n\n\n<p>oben in Orselina angekommen werfen wir einen ersten Blick auf die malerisch auf einem Felsen \u00fcber dem See gelegene Kirche, entschlie\u00dfen uns aber, erst nach Cardada weiter zu fahren und die Kirche auf dem R\u00fcckweg zu besichtigen.<\/p>\n\n\n\n<figure class=\"wp-block-image aligncenter size-large is-resized\"><a href=\"https:\/\/mb2812.de\/wp-content\/uploads\/2022\/11\/DSC_9858-NEF_DxO_DeepPRIME.jpg\" target=\"_blank\" rel=\" noreferrer noopener\"><img loading=\"lazy\" decoding=\"async\" width=\"1024\" height=\"819\" src=\"https:\/\/mb2812.de\/wp-content\/uploads\/2022\/11\/DSC_9858-NEF_DxO_DeepPRIME-1024x819.jpg\" alt=\"\" class=\"wp-image-12221\" style=\"width:800px\" srcset=\"https:\/\/mb2812.de\/wp-content\/uploads\/2022\/11\/DSC_9858-NEF_DxO_DeepPRIME-1024x819.jpg 1024w, https:\/\/mb2812.de\/wp-content\/uploads\/2022\/11\/DSC_9858-NEF_DxO_DeepPRIME-300x240.jpg 300w, https:\/\/mb2812.de\/wp-content\/uploads\/2022\/11\/DSC_9858-NEF_DxO_DeepPRIME-768x614.jpg 768w, https:\/\/mb2812.de\/wp-content\/uploads\/2022\/11\/DSC_9858-NEF_DxO_DeepPRIME-1536x1229.jpg 1536w, https:\/\/mb2812.de\/wp-content\/uploads\/2022\/11\/DSC_9858-NEF_DxO_DeepPRIME-668x534.jpg 668w, https:\/\/mb2812.de\/wp-content\/uploads\/2022\/11\/DSC_9858-NEF_DxO_DeepPRIME.jpg 1920w\" sizes=\"auto, (max-width: 1024px) 100vw, 1024px\" \/><\/a><figcaption class=\"wp-element-caption\"><em>Die Wallfahrtskirche Madonna del Sasso auf dem Felsen \u00fcber dem Lago Magiore<\/em><\/figcaption><\/figure>\n\n\n\n<p>In Cardada angekommen laufen wir zun\u00e4chst die paar Meter zur \u201ePanorama-Passerelle\u201c, wie man eine \u00fcber den Berghang heraush\u00e4ngende Aussichtsplattform nennt. Die Aussicht ist im Prinzip grandios, wird aber durch das Gegenlicht und den starken Dunst, der uns auch in den n\u00e4chsten Tagen \u00e4rgert, etwas behindert.<\/p>\n\n\n\n<figure class=\"wp-block-image aligncenter size-large is-resized\"><a href=\"https:\/\/mb2812.de\/wp-content\/uploads\/2022\/10\/DSC_9862-NEF_DxO_DeepPRIMEa.jpg\" target=\"_blank\" rel=\" noreferrer noopener\"><img loading=\"lazy\" decoding=\"async\" width=\"768\" height=\"1024\" src=\"https:\/\/mb2812.de\/wp-content\/uploads\/2022\/10\/DSC_9862-NEF_DxO_DeepPRIMEa-768x1024.jpg\" alt=\"\" class=\"wp-image-12253\" style=\"width:600px\" srcset=\"https:\/\/mb2812.de\/wp-content\/uploads\/2022\/10\/DSC_9862-NEF_DxO_DeepPRIMEa-768x1024.jpg 768w, https:\/\/mb2812.de\/wp-content\/uploads\/2022\/10\/DSC_9862-NEF_DxO_DeepPRIMEa-225x300.jpg 225w, https:\/\/mb2812.de\/wp-content\/uploads\/2022\/10\/DSC_9862-NEF_DxO_DeepPRIMEa-1152x1536.jpg 1152w, https:\/\/mb2812.de\/wp-content\/uploads\/2022\/10\/DSC_9862-NEF_DxO_DeepPRIMEa-668x891.jpg 668w, https:\/\/mb2812.de\/wp-content\/uploads\/2022\/10\/DSC_9862-NEF_DxO_DeepPRIMEa.jpg 1440w\" sizes=\"auto, (max-width: 768px) 100vw, 768px\" \/><\/a><figcaption class=\"wp-element-caption\"><em>der Steg zur Aussichtsplattform<\/em><\/figcaption><\/figure>\n\n\n\n<figure class=\"wp-block-image aligncenter size-large is-resized\"><a href=\"https:\/\/mb2812.de\/wp-content\/uploads\/2022\/11\/IMG_6567.jpg\" target=\"_blank\" rel=\" noreferrer noopener\"><img loading=\"lazy\" decoding=\"async\" width=\"1024\" height=\"819\" src=\"https:\/\/mb2812.de\/wp-content\/uploads\/2022\/11\/IMG_6567-1024x819.jpg\" alt=\"\" class=\"wp-image-12247\" style=\"width:800px\" srcset=\"https:\/\/mb2812.de\/wp-content\/uploads\/2022\/11\/IMG_6567-1024x819.jpg 1024w, https:\/\/mb2812.de\/wp-content\/uploads\/2022\/11\/IMG_6567-300x240.jpg 300w, https:\/\/mb2812.de\/wp-content\/uploads\/2022\/11\/IMG_6567-768x614.jpg 768w, https:\/\/mb2812.de\/wp-content\/uploads\/2022\/11\/IMG_6567-1536x1229.jpg 1536w, https:\/\/mb2812.de\/wp-content\/uploads\/2022\/11\/IMG_6567-668x534.jpg 668w, https:\/\/mb2812.de\/wp-content\/uploads\/2022\/11\/IMG_6567.jpg 1920w\" sizes=\"auto, (max-width: 1024px) 100vw, 1024px\" \/><\/a><figcaption class=\"wp-element-caption\"><em>Auf der Plattform vor der Bergwelt<\/em><\/figcaption><\/figure>\n\n\n\n<figure class=\"wp-block-image aligncenter size-large is-resized\"><a href=\"https:\/\/mb2812.de\/wp-content\/uploads\/2022\/11\/DSC_9865-NEF_DxO_DeepPRIME.jpg\" target=\"_blank\" rel=\" noreferrer noopener\"><img loading=\"lazy\" decoding=\"async\" width=\"1024\" height=\"819\" src=\"https:\/\/mb2812.de\/wp-content\/uploads\/2022\/11\/DSC_9865-NEF_DxO_DeepPRIME-1024x819.jpg\" alt=\"\" class=\"wp-image-12245\" style=\"width:800px\" srcset=\"https:\/\/mb2812.de\/wp-content\/uploads\/2022\/11\/DSC_9865-NEF_DxO_DeepPRIME-1024x819.jpg 1024w, https:\/\/mb2812.de\/wp-content\/uploads\/2022\/11\/DSC_9865-NEF_DxO_DeepPRIME-300x240.jpg 300w, https:\/\/mb2812.de\/wp-content\/uploads\/2022\/11\/DSC_9865-NEF_DxO_DeepPRIME-768x614.jpg 768w, https:\/\/mb2812.de\/wp-content\/uploads\/2022\/11\/DSC_9865-NEF_DxO_DeepPRIME-1536x1229.jpg 1536w, https:\/\/mb2812.de\/wp-content\/uploads\/2022\/11\/DSC_9865-NEF_DxO_DeepPRIME-668x534.jpg 668w, https:\/\/mb2812.de\/wp-content\/uploads\/2022\/11\/DSC_9865-NEF_DxO_DeepPRIME.jpg 1920w\" sizes=\"auto, (max-width: 1024px) 100vw, 1024px\" \/><\/a><figcaption class=\"wp-element-caption\"><em>Blick auf den Lago Maggiore mit den \u201aIsole de Brissago\u2018 (Brissago Inseln), die uns am Nachmittag in gewisser Weise besch\u00e4ftigten. Kurz dahinter ist die italienische Grenze<\/em><\/figcaption><\/figure>\n\n\n\n<figure class=\"wp-block-image aligncenter size-large is-resized\"><a href=\"https:\/\/mb2812.de\/wp-content\/uploads\/2022\/11\/DSC_9864-NEF_DxO_DeepPRIME.jpg\" target=\"_blank\" rel=\" noreferrer noopener\"><img loading=\"lazy\" decoding=\"async\" width=\"1024\" height=\"819\" src=\"https:\/\/mb2812.de\/wp-content\/uploads\/2022\/11\/DSC_9864-NEF_DxO_DeepPRIME-1024x819.jpg\" alt=\"\" class=\"wp-image-12222\" style=\"width:800px\" srcset=\"https:\/\/mb2812.de\/wp-content\/uploads\/2022\/11\/DSC_9864-NEF_DxO_DeepPRIME-1024x819.jpg 1024w, https:\/\/mb2812.de\/wp-content\/uploads\/2022\/11\/DSC_9864-NEF_DxO_DeepPRIME-300x240.jpg 300w, https:\/\/mb2812.de\/wp-content\/uploads\/2022\/11\/DSC_9864-NEF_DxO_DeepPRIME-768x614.jpg 768w, https:\/\/mb2812.de\/wp-content\/uploads\/2022\/11\/DSC_9864-NEF_DxO_DeepPRIME-1536x1229.jpg 1536w, https:\/\/mb2812.de\/wp-content\/uploads\/2022\/11\/DSC_9864-NEF_DxO_DeepPRIME-668x534.jpg 668w, https:\/\/mb2812.de\/wp-content\/uploads\/2022\/11\/DSC_9864-NEF_DxO_DeepPRIME.jpg 1920w\" sizes=\"auto, (max-width: 1024px) 100vw, 1024px\" \/><\/a><figcaption class=\"wp-element-caption\"><em>Komplett vernachl\u00e4ssigt haben wir in diesem Urlaub die Tessiner Bergt\u00e4ler. Hier der Blick aufs Centovalli Tal, das am Ort Intragna (etwa in der Bildmitte) beginnt. In Intragna steht auch der h\u00f6chste Campanile (freistehender Kirchturm) der Schweiz<\/em><\/figcaption><\/figure>\n\n\n\n<p>Wir laufen noch zur Talstation des Sessellift und versuchen uns an einem Rundwanderweg. Waldarbeiter haben den aber etwa auf der H\u00e4lfte der Strecke gesperrt, es wir daher eine \u201eHin- und R\u00fcck Wanderung\u201c.<\/p>\n\n\n\n<figure class=\"wp-block-image aligncenter size-large is-resized\"><a href=\"https:\/\/mb2812.de\/wp-content\/uploads\/2022\/11\/IMG_6597-799.jpg\" target=\"_blank\" rel=\" noreferrer noopener\"><img loading=\"lazy\" decoding=\"async\" width=\"768\" height=\"1024\" src=\"https:\/\/mb2812.de\/wp-content\/uploads\/2022\/11\/IMG_6597-799-768x1024.jpg\" alt=\"\" class=\"wp-image-12240\" style=\"width:600px\" srcset=\"https:\/\/mb2812.de\/wp-content\/uploads\/2022\/11\/IMG_6597-799-768x1024.jpg 768w, https:\/\/mb2812.de\/wp-content\/uploads\/2022\/11\/IMG_6597-799-225x300.jpg 225w, https:\/\/mb2812.de\/wp-content\/uploads\/2022\/11\/IMG_6597-799-1152x1536.jpg 1152w, https:\/\/mb2812.de\/wp-content\/uploads\/2022\/11\/IMG_6597-799-668x891.jpg 668w, https:\/\/mb2812.de\/wp-content\/uploads\/2022\/11\/IMG_6597-799.jpg 1440w\" sizes=\"auto, (max-width: 768px) 100vw, 768px\" \/><\/a><figcaption class=\"wp-element-caption\"><em>Und wieder abw\u00e4rts<\/em><\/figcaption><\/figure>\n\n\n\n<p>Jetzt steht die Besichtigung der Wallfahrtskirche auf dem Programm. Das Ganze ist mal wieder mit ordentlich H\u00f6hendifferenz verbunden, liegt die Kirche, und insbesondere der Beginn (oder das Ende?) des Kreuzweges doch ein gutes St\u00fcck tiefer wie die Stationen der Seilbahnen. Wir haben aber alle Steigungen und Treppen \u00fcberwunden:<\/p>\n\n\n\n<figure class=\"wp-block-image aligncenter size-large is-resized\"><a href=\"https:\/\/mb2812.de\/wp-content\/uploads\/2022\/11\/DSC_9870-NEF_DxO_DeepPRIME.jpg\" target=\"_blank\" rel=\" noreferrer noopener\"><img loading=\"lazy\" decoding=\"async\" width=\"1024\" height=\"819\" src=\"https:\/\/mb2812.de\/wp-content\/uploads\/2022\/11\/DSC_9870-NEF_DxO_DeepPRIME-1024x819.jpg\" alt=\"\" class=\"wp-image-12223\" style=\"width:800px\" srcset=\"https:\/\/mb2812.de\/wp-content\/uploads\/2022\/11\/DSC_9870-NEF_DxO_DeepPRIME-1024x819.jpg 1024w, https:\/\/mb2812.de\/wp-content\/uploads\/2022\/11\/DSC_9870-NEF_DxO_DeepPRIME-300x240.jpg 300w, https:\/\/mb2812.de\/wp-content\/uploads\/2022\/11\/DSC_9870-NEF_DxO_DeepPRIME-768x614.jpg 768w, https:\/\/mb2812.de\/wp-content\/uploads\/2022\/11\/DSC_9870-NEF_DxO_DeepPRIME-1536x1229.jpg 1536w, https:\/\/mb2812.de\/wp-content\/uploads\/2022\/11\/DSC_9870-NEF_DxO_DeepPRIME-668x534.jpg 668w, https:\/\/mb2812.de\/wp-content\/uploads\/2022\/11\/DSC_9870-NEF_DxO_DeepPRIME.jpg 1920w\" sizes=\"auto, (max-width: 1024px) 100vw, 1024px\" \/><\/a><figcaption class=\"wp-element-caption\"><em>Die Wallfahrtskirche Madonne del Sasso und das Kloster<\/em><\/figcaption><\/figure>\n\n\n\n<figure class=\"wp-block-image aligncenter size-large is-resized\"><a href=\"https:\/\/mb2812.de\/wp-content\/uploads\/2022\/11\/DSC_9878-NEF_DxO_DeepPRIME-800.jpg\" target=\"_blank\" rel=\" noreferrer noopener\"><img loading=\"lazy\" decoding=\"async\" width=\"1024\" height=\"683\" src=\"https:\/\/mb2812.de\/wp-content\/uploads\/2022\/11\/DSC_9878-NEF_DxO_DeepPRIME-800-1024x683.jpg\" alt=\"\" class=\"wp-image-12224\" style=\"width:800px\" srcset=\"https:\/\/mb2812.de\/wp-content\/uploads\/2022\/11\/DSC_9878-NEF_DxO_DeepPRIME-800-1024x683.jpg 1024w, https:\/\/mb2812.de\/wp-content\/uploads\/2022\/11\/DSC_9878-NEF_DxO_DeepPRIME-800-300x200.jpg 300w, https:\/\/mb2812.de\/wp-content\/uploads\/2022\/11\/DSC_9878-NEF_DxO_DeepPRIME-800-768x512.jpg 768w, https:\/\/mb2812.de\/wp-content\/uploads\/2022\/11\/DSC_9878-NEF_DxO_DeepPRIME-800-1536x1024.jpg 1536w, https:\/\/mb2812.de\/wp-content\/uploads\/2022\/11\/DSC_9878-NEF_DxO_DeepPRIME-800-668x445.jpg 668w, https:\/\/mb2812.de\/wp-content\/uploads\/2022\/11\/DSC_9878-NEF_DxO_DeepPRIME-800.jpg 1920w\" sizes=\"auto, (max-width: 1024px) 100vw, 1024px\" \/><\/a><figcaption class=\"wp-element-caption\"><em>Innenhof des Klosters<\/em><\/figcaption><\/figure>\n\n\n\n<figure class=\"wp-block-image aligncenter size-large is-resized\"><a href=\"https:\/\/mb2812.de\/wp-content\/uploads\/2022\/11\/DSC_9883-NEF_DxO_DeepPRIME.jpg\" target=\"_blank\" rel=\" noreferrer noopener\"><img loading=\"lazy\" decoding=\"async\" width=\"1024\" height=\"819\" src=\"https:\/\/mb2812.de\/wp-content\/uploads\/2022\/11\/DSC_9883-NEF_DxO_DeepPRIME-1024x819.jpg\" alt=\"\" class=\"wp-image-12225\" style=\"width:800px\" srcset=\"https:\/\/mb2812.de\/wp-content\/uploads\/2022\/11\/DSC_9883-NEF_DxO_DeepPRIME-1024x819.jpg 1024w, https:\/\/mb2812.de\/wp-content\/uploads\/2022\/11\/DSC_9883-NEF_DxO_DeepPRIME-300x240.jpg 300w, https:\/\/mb2812.de\/wp-content\/uploads\/2022\/11\/DSC_9883-NEF_DxO_DeepPRIME-768x614.jpg 768w, https:\/\/mb2812.de\/wp-content\/uploads\/2022\/11\/DSC_9883-NEF_DxO_DeepPRIME-1536x1229.jpg 1536w, https:\/\/mb2812.de\/wp-content\/uploads\/2022\/11\/DSC_9883-NEF_DxO_DeepPRIME-668x534.jpg 668w, https:\/\/mb2812.de\/wp-content\/uploads\/2022\/11\/DSC_9883-NEF_DxO_DeepPRIME.jpg 1920w\" sizes=\"auto, (max-width: 1024px) 100vw, 1024px\" \/><\/a><figcaption class=\"wp-element-caption\"><em>Portal<\/em><\/figcaption><\/figure>\n\n\n\n<figure class=\"wp-block-image aligncenter size-large\"><a href=\"https:\/\/mb2812.de\/wp-content\/uploads\/2022\/11\/DSC_9892-NEF_DxO_DeepPRIME.jpg\" target=\"_blank\" rel=\" noreferrer noopener\"><img loading=\"lazy\" decoding=\"async\" width=\"1024\" height=\"819\" src=\"https:\/\/mb2812.de\/wp-content\/uploads\/2022\/11\/DSC_9892-NEF_DxO_DeepPRIME-1024x819.jpg\" alt=\"\" class=\"wp-image-12226\" srcset=\"https:\/\/mb2812.de\/wp-content\/uploads\/2022\/11\/DSC_9892-NEF_DxO_DeepPRIME-1024x819.jpg 1024w, https:\/\/mb2812.de\/wp-content\/uploads\/2022\/11\/DSC_9892-NEF_DxO_DeepPRIME-300x240.jpg 300w, https:\/\/mb2812.de\/wp-content\/uploads\/2022\/11\/DSC_9892-NEF_DxO_DeepPRIME-768x614.jpg 768w, https:\/\/mb2812.de\/wp-content\/uploads\/2022\/11\/DSC_9892-NEF_DxO_DeepPRIME-1536x1229.jpg 1536w, https:\/\/mb2812.de\/wp-content\/uploads\/2022\/11\/DSC_9892-NEF_DxO_DeepPRIME-668x534.jpg 668w, https:\/\/mb2812.de\/wp-content\/uploads\/2022\/11\/DSC_9892-NEF_DxO_DeepPRIME.jpg 1920w\" sizes=\"auto, (max-width: 1024px) 100vw, 1024px\" \/><\/a><figcaption class=\"wp-element-caption\"><em>Innen in der Kirche<\/em><\/figcaption><\/figure>\n\n\n\n<p>Eigentlich w\u00e4re ja eine Kaffeepause angesagt, aber hier oben will Stephan nicht. Mit der Standseilbahn geht es runter nach Locarno und wir laufen dann zur Schiffsstation, denn es ist noch fr\u00fch am Nachmittag und eine Rundfahrt bis Brissago sollte noch m\u00f6glich sein. Es ist allerdings bl\u00f6d, das das n\u00e4chste Schiff recht bald abf\u00e4hrt, f\u00fcr Kaffee und Imbiss an Land bleibt jetzt keine Zeit mehr. Und der Schiffsfahrplan macht auch Probleme. Der Kurs geht n\u00e4mlich nicht direkt durch nach Brissago. Die \u201eIsole de Brissago\u201c im See mit ihrem Botanischem Garten sind wohl die gr\u00f6\u00dfte Attraktion dort und deswegen dreht das Schiff eine Ehrenrunde. Erst geht es \u00fcber Ascona zu den Inseln, dann wieder zur\u00fcck nach Ascona, und dann weiter nach Brissago, selbstverst\u00e4ndlich mit einem weiteren Stop an den Inseln. Die Ehrenrunde d\u00fcrfen wir mit unserer einfachen R\u00fcckfahrkarte nicht mitmachen, wir unterbrechen daher in Ascona f\u00fcr eine knappe Stunde die Fahrt.<\/p>\n\n\n\n<figure class=\"wp-block-image aligncenter size-large is-resized\"><a href=\"https:\/\/mb2812.de\/wp-content\/uploads\/2022\/11\/DSC_9911-NEF_DxO_DeepPRIME.jpg\" target=\"_blank\" rel=\" noreferrer noopener\"><img loading=\"lazy\" decoding=\"async\" width=\"1024\" height=\"819\" src=\"https:\/\/mb2812.de\/wp-content\/uploads\/2022\/11\/DSC_9911-NEF_DxO_DeepPRIME-1024x819.jpg\" alt=\"\" class=\"wp-image-12227\" style=\"width:800px\" srcset=\"https:\/\/mb2812.de\/wp-content\/uploads\/2022\/11\/DSC_9911-NEF_DxO_DeepPRIME-1024x819.jpg 1024w, https:\/\/mb2812.de\/wp-content\/uploads\/2022\/11\/DSC_9911-NEF_DxO_DeepPRIME-300x240.jpg 300w, https:\/\/mb2812.de\/wp-content\/uploads\/2022\/11\/DSC_9911-NEF_DxO_DeepPRIME-768x614.jpg 768w, https:\/\/mb2812.de\/wp-content\/uploads\/2022\/11\/DSC_9911-NEF_DxO_DeepPRIME-1536x1229.jpg 1536w, https:\/\/mb2812.de\/wp-content\/uploads\/2022\/11\/DSC_9911-NEF_DxO_DeepPRIME-668x534.jpg 668w, https:\/\/mb2812.de\/wp-content\/uploads\/2022\/11\/DSC_9911-NEF_DxO_DeepPRIME.jpg 1920w\" sizes=\"auto, (max-width: 1024px) 100vw, 1024px\" \/><\/a><figcaption class=\"wp-element-caption\"><em>Wir sind unterwegs und blicken zur\u00fcck auf Locarno und die Berge dahinter<\/em><\/figcaption><\/figure>\n\n\n\n<figure class=\"wp-block-image aligncenter size-large is-resized\"><a href=\"https:\/\/mb2812.de\/wp-content\/uploads\/2022\/11\/DSC_9916-NEF_DxO_DeepPRIME.jpg\" target=\"_blank\" rel=\" noreferrer noopener\"><img loading=\"lazy\" decoding=\"async\" width=\"1024\" height=\"819\" src=\"https:\/\/mb2812.de\/wp-content\/uploads\/2022\/11\/DSC_9916-NEF_DxO_DeepPRIME-1024x819.jpg\" alt=\"\" class=\"wp-image-12246\" style=\"width:800px\" srcset=\"https:\/\/mb2812.de\/wp-content\/uploads\/2022\/11\/DSC_9916-NEF_DxO_DeepPRIME-1024x819.jpg 1024w, https:\/\/mb2812.de\/wp-content\/uploads\/2022\/11\/DSC_9916-NEF_DxO_DeepPRIME-300x240.jpg 300w, https:\/\/mb2812.de\/wp-content\/uploads\/2022\/11\/DSC_9916-NEF_DxO_DeepPRIME-768x614.jpg 768w, https:\/\/mb2812.de\/wp-content\/uploads\/2022\/11\/DSC_9916-NEF_DxO_DeepPRIME-1536x1229.jpg 1536w, https:\/\/mb2812.de\/wp-content\/uploads\/2022\/11\/DSC_9916-NEF_DxO_DeepPRIME-668x534.jpg 668w, https:\/\/mb2812.de\/wp-content\/uploads\/2022\/11\/DSC_9916-NEF_DxO_DeepPRIME.jpg 1920w\" sizes=\"auto, (max-width: 1024px) 100vw, 1024px\" \/><\/a><figcaption class=\"wp-element-caption\"><em>Ankunft in Ascona<\/em><\/figcaption><\/figure>\n\n\n\n<p>Wie man sieht wurde das Wetter am Nachmittag schlechter. Auf dem Schiff gab es mal wieder keinerlei Service, und wir wissen nicht ob die Zeit f\u00fcr einen Besuch in einem der Restaurants an der Promenade in Ascona reicht, daher gehen wir durch die verwinkelten Gassen zum Rande der Innenstadt, hier landen wir in der modernen Welt und im Migros kaufen wir Getr\u00e4nke und K\u00e4sew\u00fcrfel, die wir dann beim Warten auf die R\u00fcckkunft des Schiffes von seiner Ehrenrunde verzehren. Immerhin gewinnen wir so einen kleinen Eindruck von Ascona.<\/p>\n\n\n\n<figure class=\"wp-block-image aligncenter size-large is-resized\"><a href=\"https:\/\/mb2812.de\/wp-content\/uploads\/2022\/11\/DSC_9920-NEF_DxO_DeepPRIME.jpg\" target=\"_blank\" rel=\" noreferrer noopener\"><img loading=\"lazy\" decoding=\"async\" width=\"1024\" height=\"819\" src=\"https:\/\/mb2812.de\/wp-content\/uploads\/2022\/11\/DSC_9920-NEF_DxO_DeepPRIME-1024x819.jpg\" alt=\"\" class=\"wp-image-12228\" style=\"width:800px\" srcset=\"https:\/\/mb2812.de\/wp-content\/uploads\/2022\/11\/DSC_9920-NEF_DxO_DeepPRIME-1024x819.jpg 1024w, https:\/\/mb2812.de\/wp-content\/uploads\/2022\/11\/DSC_9920-NEF_DxO_DeepPRIME-300x240.jpg 300w, https:\/\/mb2812.de\/wp-content\/uploads\/2022\/11\/DSC_9920-NEF_DxO_DeepPRIME-768x614.jpg 768w, https:\/\/mb2812.de\/wp-content\/uploads\/2022\/11\/DSC_9920-NEF_DxO_DeepPRIME-1536x1229.jpg 1536w, https:\/\/mb2812.de\/wp-content\/uploads\/2022\/11\/DSC_9920-NEF_DxO_DeepPRIME-668x534.jpg 668w, https:\/\/mb2812.de\/wp-content\/uploads\/2022\/11\/DSC_9920-NEF_DxO_DeepPRIME.jpg 1920w\" sizes=\"auto, (max-width: 1024px) 100vw, 1024px\" \/><\/a><figcaption class=\"wp-element-caption\"><em>An der Promenade in Ascona gibt es ein Restaurant neben den anderen<\/em><\/figcaption><\/figure>\n\n\n\n<figure class=\"wp-block-image aligncenter size-large is-resized\"><a href=\"https:\/\/mb2812.de\/wp-content\/uploads\/2022\/11\/DSC_9921-NEF_DxO_DeepPRIME.jpg\" target=\"_blank\" rel=\" noreferrer noopener\"><img loading=\"lazy\" decoding=\"async\" width=\"768\" height=\"1024\" src=\"https:\/\/mb2812.de\/wp-content\/uploads\/2022\/11\/DSC_9921-NEF_DxO_DeepPRIME-768x1024.jpg\" alt=\"\" class=\"wp-image-12229\" style=\"width:600px\" srcset=\"https:\/\/mb2812.de\/wp-content\/uploads\/2022\/11\/DSC_9921-NEF_DxO_DeepPRIME-768x1024.jpg 768w, https:\/\/mb2812.de\/wp-content\/uploads\/2022\/11\/DSC_9921-NEF_DxO_DeepPRIME-225x300.jpg 225w, https:\/\/mb2812.de\/wp-content\/uploads\/2022\/11\/DSC_9921-NEF_DxO_DeepPRIME-1152x1536.jpg 1152w, https:\/\/mb2812.de\/wp-content\/uploads\/2022\/11\/DSC_9921-NEF_DxO_DeepPRIME-668x891.jpg 668w, https:\/\/mb2812.de\/wp-content\/uploads\/2022\/11\/DSC_9921-NEF_DxO_DeepPRIME.jpg 1440w\" sizes=\"auto, (max-width: 768px) 100vw, 768px\" \/><\/a><figcaption class=\"wp-element-caption\"><em>In den Gassen der Altstadt (Via S Sebastiano\/Via Sant&#8217;Omobono)<\/em><\/figcaption><\/figure>\n\n\n\n<figure class=\"wp-block-image aligncenter size-large is-resized\"><a href=\"https:\/\/mb2812.de\/wp-content\/uploads\/2022\/11\/DSC_9928-801.jpg\" target=\"_blank\" rel=\" noreferrer noopener\"><img loading=\"lazy\" decoding=\"async\" width=\"768\" height=\"1024\" src=\"https:\/\/mb2812.de\/wp-content\/uploads\/2022\/11\/DSC_9928-801-768x1024.jpg\" alt=\"\" class=\"wp-image-12230\" style=\"width:600px\" srcset=\"https:\/\/mb2812.de\/wp-content\/uploads\/2022\/11\/DSC_9928-801-768x1024.jpg 768w, https:\/\/mb2812.de\/wp-content\/uploads\/2022\/11\/DSC_9928-801-225x300.jpg 225w, https:\/\/mb2812.de\/wp-content\/uploads\/2022\/11\/DSC_9928-801-1152x1536.jpg 1152w, https:\/\/mb2812.de\/wp-content\/uploads\/2022\/11\/DSC_9928-801-668x891.jpg 668w, https:\/\/mb2812.de\/wp-content\/uploads\/2022\/11\/DSC_9928-801.jpg 1440w\" sizes=\"auto, (max-width: 768px) 100vw, 768px\" \/><\/a><figcaption class=\"wp-element-caption\"><em>Der Turm der Pfarrkirche St. Peter und Paul, die 1264 erstmals erw\u00e4hnt wurde, ist durch die schmalen Gassen sichtbar<\/em><\/figcaption><\/figure>\n\n\n\n<figure class=\"wp-block-image aligncenter size-large is-resized\"><a href=\"https:\/\/mb2812.de\/wp-content\/uploads\/2022\/11\/DSC_9932-NEF_DxO_DeepPRIME.jpg\" target=\"_blank\" rel=\" noreferrer noopener\"><img loading=\"lazy\" decoding=\"async\" width=\"768\" height=\"1024\" src=\"https:\/\/mb2812.de\/wp-content\/uploads\/2022\/11\/DSC_9932-NEF_DxO_DeepPRIME-768x1024.jpg\" alt=\"\" class=\"wp-image-12231\" style=\"width:600px\" srcset=\"https:\/\/mb2812.de\/wp-content\/uploads\/2022\/11\/DSC_9932-NEF_DxO_DeepPRIME-768x1024.jpg 768w, https:\/\/mb2812.de\/wp-content\/uploads\/2022\/11\/DSC_9932-NEF_DxO_DeepPRIME-225x300.jpg 225w, https:\/\/mb2812.de\/wp-content\/uploads\/2022\/11\/DSC_9932-NEF_DxO_DeepPRIME-1152x1536.jpg 1152w, https:\/\/mb2812.de\/wp-content\/uploads\/2022\/11\/DSC_9932-NEF_DxO_DeepPRIME-668x891.jpg 668w, https:\/\/mb2812.de\/wp-content\/uploads\/2022\/11\/DSC_9932-NEF_DxO_DeepPRIME.jpg 1440w\" sizes=\"auto, (max-width: 768px) 100vw, 768px\" \/><\/a><figcaption class=\"wp-element-caption\"><em>Es geht weiter. Die Fahrgastinformation ist hier noch nicht digitalisiert<\/em><\/figcaption><\/figure>\n\n\n\n<figure class=\"wp-block-image aligncenter size-large is-resized\"><a href=\"https:\/\/mb2812.de\/wp-content\/uploads\/2022\/11\/DSC_9936-NEF_DxO_DeepPRIME.jpg\" target=\"_blank\" rel=\" noreferrer noopener\"><img loading=\"lazy\" decoding=\"async\" width=\"1024\" height=\"819\" src=\"https:\/\/mb2812.de\/wp-content\/uploads\/2022\/11\/DSC_9936-NEF_DxO_DeepPRIME-1024x819.jpg\" alt=\"\" class=\"wp-image-12232\" style=\"width:800px\" srcset=\"https:\/\/mb2812.de\/wp-content\/uploads\/2022\/11\/DSC_9936-NEF_DxO_DeepPRIME-1024x819.jpg 1024w, https:\/\/mb2812.de\/wp-content\/uploads\/2022\/11\/DSC_9936-NEF_DxO_DeepPRIME-300x240.jpg 300w, https:\/\/mb2812.de\/wp-content\/uploads\/2022\/11\/DSC_9936-NEF_DxO_DeepPRIME-768x614.jpg 768w, https:\/\/mb2812.de\/wp-content\/uploads\/2022\/11\/DSC_9936-NEF_DxO_DeepPRIME-1536x1229.jpg 1536w, https:\/\/mb2812.de\/wp-content\/uploads\/2022\/11\/DSC_9936-NEF_DxO_DeepPRIME-668x534.jpg 668w, https:\/\/mb2812.de\/wp-content\/uploads\/2022\/11\/DSC_9936-NEF_DxO_DeepPRIME.jpg 1920w\" sizes=\"auto, (max-width: 1024px) 100vw, 1024px\" \/><\/a><figcaption class=\"wp-element-caption\"><em>Unser Schiff, die Capriolo, kommt vollbesetzt von der Ehrenrunde zu den Isole de Brissago zur\u00fcck<\/em><\/figcaption><\/figure>\n\n\n\n<figure class=\"wp-block-image aligncenter size-large is-resized\"><a href=\"https:\/\/mb2812.de\/wp-content\/uploads\/2022\/11\/DSC_9942-NEF_DxO_DeepPRIME.jpg\" target=\"_blank\" rel=\" noreferrer noopener\"><img loading=\"lazy\" decoding=\"async\" width=\"1024\" height=\"819\" src=\"https:\/\/mb2812.de\/wp-content\/uploads\/2022\/11\/DSC_9942-NEF_DxO_DeepPRIME-1024x819.jpg\" alt=\"\" class=\"wp-image-12233\" style=\"width:800px\" srcset=\"https:\/\/mb2812.de\/wp-content\/uploads\/2022\/11\/DSC_9942-NEF_DxO_DeepPRIME-1024x819.jpg 1024w, https:\/\/mb2812.de\/wp-content\/uploads\/2022\/11\/DSC_9942-NEF_DxO_DeepPRIME-300x240.jpg 300w, https:\/\/mb2812.de\/wp-content\/uploads\/2022\/11\/DSC_9942-NEF_DxO_DeepPRIME-768x614.jpg 768w, https:\/\/mb2812.de\/wp-content\/uploads\/2022\/11\/DSC_9942-NEF_DxO_DeepPRIME-1536x1229.jpg 1536w, https:\/\/mb2812.de\/wp-content\/uploads\/2022\/11\/DSC_9942-NEF_DxO_DeepPRIME-668x534.jpg 668w, https:\/\/mb2812.de\/wp-content\/uploads\/2022\/11\/DSC_9942-NEF_DxO_DeepPRIME.jpg 1920w\" sizes=\"auto, (max-width: 1024px) 100vw, 1024px\" \/><\/a><figcaption class=\"wp-element-caption\"><em>Und jetzt kommen wir zu den Inseln<\/em><\/figcaption><\/figure>\n\n\n\n<figure class=\"wp-block-image aligncenter size-large is-resized\"><a href=\"https:\/\/mb2812.de\/wp-content\/uploads\/2022\/11\/DSC_9951-NEF_DxO_DeepPRIME.jpg\" target=\"_blank\" rel=\" noreferrer noopener\"><img loading=\"lazy\" decoding=\"async\" width=\"1024\" height=\"819\" src=\"https:\/\/mb2812.de\/wp-content\/uploads\/2022\/11\/DSC_9951-NEF_DxO_DeepPRIME-1024x819.jpg\" alt=\"\" class=\"wp-image-12234\" style=\"width:800px\" srcset=\"https:\/\/mb2812.de\/wp-content\/uploads\/2022\/11\/DSC_9951-NEF_DxO_DeepPRIME-1024x819.jpg 1024w, https:\/\/mb2812.de\/wp-content\/uploads\/2022\/11\/DSC_9951-NEF_DxO_DeepPRIME-300x240.jpg 300w, https:\/\/mb2812.de\/wp-content\/uploads\/2022\/11\/DSC_9951-NEF_DxO_DeepPRIME-768x614.jpg 768w, https:\/\/mb2812.de\/wp-content\/uploads\/2022\/11\/DSC_9951-NEF_DxO_DeepPRIME-1536x1229.jpg 1536w, https:\/\/mb2812.de\/wp-content\/uploads\/2022\/11\/DSC_9951-NEF_DxO_DeepPRIME-668x534.jpg 668w, https:\/\/mb2812.de\/wp-content\/uploads\/2022\/11\/DSC_9951-NEF_DxO_DeepPRIME.jpg 1920w\" sizes=\"auto, (max-width: 1024px) 100vw, 1024px\" \/><\/a><figcaption class=\"wp-element-caption\"><em>Am Endpunkt der Fahrt, dem Ort Brissago, geht der Blick weiter auf den italienischen Teil des Sees<\/em><\/figcaption><\/figure>\n\n\n\n<figure class=\"wp-block-image aligncenter size-large is-resized\"><a href=\"https:\/\/mb2812.de\/wp-content\/uploads\/2022\/11\/IMG_6828.jpg\" target=\"_blank\" rel=\" noreferrer noopener\"><img loading=\"lazy\" decoding=\"async\" width=\"1024\" height=\"819\" src=\"https:\/\/mb2812.de\/wp-content\/uploads\/2022\/11\/IMG_6828-1024x819.jpg\" alt=\"\" class=\"wp-image-12241\" style=\"width:800px\" srcset=\"https:\/\/mb2812.de\/wp-content\/uploads\/2022\/11\/IMG_6828-1024x819.jpg 1024w, https:\/\/mb2812.de\/wp-content\/uploads\/2022\/11\/IMG_6828-300x240.jpg 300w, https:\/\/mb2812.de\/wp-content\/uploads\/2022\/11\/IMG_6828-768x614.jpg 768w, https:\/\/mb2812.de\/wp-content\/uploads\/2022\/11\/IMG_6828-1536x1229.jpg 1536w, https:\/\/mb2812.de\/wp-content\/uploads\/2022\/11\/IMG_6828-668x534.jpg 668w, https:\/\/mb2812.de\/wp-content\/uploads\/2022\/11\/IMG_6828.jpg 1920w\" sizes=\"auto, (max-width: 1024px) 100vw, 1024px\" \/><\/a><figcaption class=\"wp-element-caption\"><em>Auf der R\u00fcckfahrt: Wir verlassen Ronco<\/em><\/figcaption><\/figure>\n\n\n\n<figure class=\"wp-block-image aligncenter size-large is-resized\"><a href=\"https:\/\/mb2812.de\/wp-content\/uploads\/2022\/11\/DSC_9955-NEF_DxO_DeepPRIME.jpg\" target=\"_blank\" rel=\" noreferrer noopener\"><img loading=\"lazy\" decoding=\"async\" width=\"1024\" height=\"819\" src=\"https:\/\/mb2812.de\/wp-content\/uploads\/2022\/11\/DSC_9955-NEF_DxO_DeepPRIME-1024x819.jpg\" alt=\"\" class=\"wp-image-12235\" style=\"width:800px\" srcset=\"https:\/\/mb2812.de\/wp-content\/uploads\/2022\/11\/DSC_9955-NEF_DxO_DeepPRIME-1024x819.jpg 1024w, https:\/\/mb2812.de\/wp-content\/uploads\/2022\/11\/DSC_9955-NEF_DxO_DeepPRIME-300x240.jpg 300w, https:\/\/mb2812.de\/wp-content\/uploads\/2022\/11\/DSC_9955-NEF_DxO_DeepPRIME-768x614.jpg 768w, https:\/\/mb2812.de\/wp-content\/uploads\/2022\/11\/DSC_9955-NEF_DxO_DeepPRIME-1536x1229.jpg 1536w, https:\/\/mb2812.de\/wp-content\/uploads\/2022\/11\/DSC_9955-NEF_DxO_DeepPRIME-668x534.jpg 668w, https:\/\/mb2812.de\/wp-content\/uploads\/2022\/11\/DSC_9955-NEF_DxO_DeepPRIME.jpg 1920w\" sizes=\"auto, (max-width: 1024px) 100vw, 1024px\" \/><\/a><figcaption class=\"wp-element-caption\"><em>Und wieder ein Stop an den Inseln<\/em><\/figcaption><\/figure>\n\n\n\n<figure class=\"wp-block-image aligncenter size-large is-resized\"><a href=\"https:\/\/mb2812.de\/wp-content\/uploads\/2022\/11\/DSC_9961-NEF_DxO_DeepPRIME.jpg\" target=\"_blank\" rel=\" noreferrer noopener\"><img loading=\"lazy\" decoding=\"async\" width=\"1024\" height=\"819\" src=\"https:\/\/mb2812.de\/wp-content\/uploads\/2022\/11\/DSC_9961-NEF_DxO_DeepPRIME-1024x819.jpg\" alt=\"\" class=\"wp-image-12236\" style=\"width:800px\" srcset=\"https:\/\/mb2812.de\/wp-content\/uploads\/2022\/11\/DSC_9961-NEF_DxO_DeepPRIME-1024x819.jpg 1024w, https:\/\/mb2812.de\/wp-content\/uploads\/2022\/11\/DSC_9961-NEF_DxO_DeepPRIME-300x240.jpg 300w, https:\/\/mb2812.de\/wp-content\/uploads\/2022\/11\/DSC_9961-NEF_DxO_DeepPRIME-768x614.jpg 768w, https:\/\/mb2812.de\/wp-content\/uploads\/2022\/11\/DSC_9961-NEF_DxO_DeepPRIME-1536x1229.jpg 1536w, https:\/\/mb2812.de\/wp-content\/uploads\/2022\/11\/DSC_9961-NEF_DxO_DeepPRIME-668x534.jpg 668w, https:\/\/mb2812.de\/wp-content\/uploads\/2022\/11\/DSC_9961-NEF_DxO_DeepPRIME.jpg 1920w\" sizes=\"auto, (max-width: 1024px) 100vw, 1024px\" \/><\/a><figcaption class=\"wp-element-caption\"><em>Der deutsche Kaufmann Max Emden besa\u00df ab 1927 die Inseln und liess diese Villa erbauen<\/em><\/figcaption><\/figure>\n\n\n\n<figure class=\"wp-block-image aligncenter size-large is-resized\"><a href=\"https:\/\/mb2812.de\/wp-content\/uploads\/2022\/11\/DSC_9991-NEF_DxO_DeepPRIME.jpg\" target=\"_blank\" rel=\" noreferrer noopener\"><img loading=\"lazy\" decoding=\"async\" width=\"1024\" height=\"819\" src=\"https:\/\/mb2812.de\/wp-content\/uploads\/2022\/11\/DSC_9991-NEF_DxO_DeepPRIME-1024x819.jpg\" alt=\"\" class=\"wp-image-12237\" style=\"width:800px\" srcset=\"https:\/\/mb2812.de\/wp-content\/uploads\/2022\/11\/DSC_9991-NEF_DxO_DeepPRIME-1024x819.jpg 1024w, https:\/\/mb2812.de\/wp-content\/uploads\/2022\/11\/DSC_9991-NEF_DxO_DeepPRIME-300x240.jpg 300w, https:\/\/mb2812.de\/wp-content\/uploads\/2022\/11\/DSC_9991-NEF_DxO_DeepPRIME-768x614.jpg 768w, https:\/\/mb2812.de\/wp-content\/uploads\/2022\/11\/DSC_9991-NEF_DxO_DeepPRIME-1536x1229.jpg 1536w, https:\/\/mb2812.de\/wp-content\/uploads\/2022\/11\/DSC_9991-NEF_DxO_DeepPRIME-668x534.jpg 668w, https:\/\/mb2812.de\/wp-content\/uploads\/2022\/11\/DSC_9991-NEF_DxO_DeepPRIME.jpg 1920w\" sizes=\"auto, (max-width: 1024px) 100vw, 1024px\" \/><\/a><figcaption class=\"wp-element-caption\"><em>San Nazarro mit einem Zug der Linie Cadenazzo &#8211; Luino<\/em><\/figcaption><\/figure>\n\n\n\n<p>Wir h\u00e4tten ja in Brissago eine Stunde Pause machen k\u00f6nnen, aber so toll sah der Ort vom Wasser aus nicht aus, wir sind sofort zur\u00fcckgefahren.<\/p>\n\n\n\n<p>F\u00fcrs Abendessen hatten wir uns einen \u201eTrick\u201c ausgedacht. Wir kommen als Erste, dann wird wohl noch etwas frei sein. Fehlanzeige. Als wir um 17:45 aufkreuzen, gibt es das \u00fcbliche \u201eSorry, reserviert\u201c. Im \u201eal Torchio\u201c erhalten wir noch einen Platz im Wintergarten am Hauptdurchgang. Der Service ist diesmal ok, wir bestellen mal wieder Cordon Bleu, und die fallen im Vergleich zu Kriens doch stark ab (Na gut, sind auch 10 Franken billiger).<\/p>\n\n\n\n<p>Da wir vor 19:00 Uhr schon mit dem Essen fertig sind, machen wir einen Verdauungsspaziergang durchs St\u00e4dtchen bei Sonnenuntergang.<\/p>\n\n\n\n<figure class=\"wp-block-image aligncenter size-large is-resized\"><a href=\"https:\/\/mb2812.de\/wp-content\/uploads\/2022\/11\/IMG_6877.jpg\" target=\"_blank\" rel=\" noreferrer noopener\"><img loading=\"lazy\" decoding=\"async\" width=\"1024\" height=\"819\" src=\"https:\/\/mb2812.de\/wp-content\/uploads\/2022\/11\/IMG_6877-1024x819.jpg\" alt=\"\" class=\"wp-image-12248\" style=\"width:800px\" srcset=\"https:\/\/mb2812.de\/wp-content\/uploads\/2022\/11\/IMG_6877-1024x819.jpg 1024w, https:\/\/mb2812.de\/wp-content\/uploads\/2022\/11\/IMG_6877-300x240.jpg 300w, https:\/\/mb2812.de\/wp-content\/uploads\/2022\/11\/IMG_6877-768x614.jpg 768w, https:\/\/mb2812.de\/wp-content\/uploads\/2022\/11\/IMG_6877-1536x1229.jpg 1536w, https:\/\/mb2812.de\/wp-content\/uploads\/2022\/11\/IMG_6877-668x534.jpg 668w, https:\/\/mb2812.de\/wp-content\/uploads\/2022\/11\/IMG_6877.jpg 1920w\" sizes=\"auto, (max-width: 1024px) 100vw, 1024px\" \/><\/a><figcaption class=\"wp-element-caption\"><em>Das Denkmal f\u00fcr Guiseppe Cattori (1866 &#8211; 1932), einem Tessiner Politiker, an der Promenade in Locarno<\/em><\/figcaption><\/figure>\n\n\n\n<figure class=\"wp-block-image aligncenter size-large is-resized\"><a href=\"https:\/\/mb2812.de\/wp-content\/uploads\/2022\/11\/IMG_6882-803.jpg\" target=\"_blank\" rel=\" noreferrer noopener\"><img loading=\"lazy\" decoding=\"async\" width=\"1024\" height=\"819\" src=\"https:\/\/mb2812.de\/wp-content\/uploads\/2022\/11\/IMG_6882-803-1024x819.jpg\" alt=\"\" class=\"wp-image-12242\" style=\"width:800px\" srcset=\"https:\/\/mb2812.de\/wp-content\/uploads\/2022\/11\/IMG_6882-803-1024x819.jpg 1024w, https:\/\/mb2812.de\/wp-content\/uploads\/2022\/11\/IMG_6882-803-300x240.jpg 300w, https:\/\/mb2812.de\/wp-content\/uploads\/2022\/11\/IMG_6882-803-768x614.jpg 768w, https:\/\/mb2812.de\/wp-content\/uploads\/2022\/11\/IMG_6882-803-1536x1229.jpg 1536w, https:\/\/mb2812.de\/wp-content\/uploads\/2022\/11\/IMG_6882-803-668x534.jpg 668w, https:\/\/mb2812.de\/wp-content\/uploads\/2022\/11\/IMG_6882-803.jpg 1920w\" sizes=\"auto, (max-width: 1024px) 100vw, 1024px\" \/><\/a><figcaption class=\"wp-element-caption\"><em>Shopping in Locarno (Largo Franco Zorzi). Globus schlie\u00dft sein Kaufhaus \u00fcbrigens, dort fand nur noch ein Ausverkauf statt<\/em><\/figcaption><\/figure>\n\n\n\n<figure class=\"wp-block-image aligncenter size-large is-resized\"><a href=\"https:\/\/mb2812.de\/wp-content\/uploads\/2022\/11\/IMG_6888.jpg\" target=\"_blank\" rel=\" noreferrer noopener\"><img loading=\"lazy\" decoding=\"async\" width=\"768\" height=\"1024\" src=\"https:\/\/mb2812.de\/wp-content\/uploads\/2022\/11\/IMG_6888-768x1024.jpg\" alt=\"\" class=\"wp-image-12243\" style=\"width:600px\" srcset=\"https:\/\/mb2812.de\/wp-content\/uploads\/2022\/11\/IMG_6888-768x1024.jpg 768w, https:\/\/mb2812.de\/wp-content\/uploads\/2022\/11\/IMG_6888-225x300.jpg 225w, https:\/\/mb2812.de\/wp-content\/uploads\/2022\/11\/IMG_6888-1152x1536.jpg 1152w, https:\/\/mb2812.de\/wp-content\/uploads\/2022\/11\/IMG_6888-668x891.jpg 668w, https:\/\/mb2812.de\/wp-content\/uploads\/2022\/11\/IMG_6888.jpg 1440w\" sizes=\"auto, (max-width: 768px) 100vw, 768px\" \/><\/a><figcaption class=\"wp-element-caption\"><em>Via Torretta<\/em><\/figcaption><\/figure>\n\n\n\n<figure class=\"wp-block-image aligncenter size-large is-resized\"><a href=\"https:\/\/mb2812.de\/wp-content\/uploads\/2022\/11\/IMG_6893-804.jpg\" target=\"_blank\" rel=\" noreferrer noopener\"><img loading=\"lazy\" decoding=\"async\" width=\"1024\" height=\"819\" src=\"https:\/\/mb2812.de\/wp-content\/uploads\/2022\/11\/IMG_6893-804-1024x819.jpg\" alt=\"\" class=\"wp-image-12249\" style=\"width:800px\" srcset=\"https:\/\/mb2812.de\/wp-content\/uploads\/2022\/11\/IMG_6893-804-1024x819.jpg 1024w, https:\/\/mb2812.de\/wp-content\/uploads\/2022\/11\/IMG_6893-804-300x240.jpg 300w, https:\/\/mb2812.de\/wp-content\/uploads\/2022\/11\/IMG_6893-804-768x614.jpg 768w, https:\/\/mb2812.de\/wp-content\/uploads\/2022\/11\/IMG_6893-804-1536x1229.jpg 1536w, https:\/\/mb2812.de\/wp-content\/uploads\/2022\/11\/IMG_6893-804-668x534.jpg 668w, https:\/\/mb2812.de\/wp-content\/uploads\/2022\/11\/IMG_6893-804.jpg 1920w\" sizes=\"auto, (max-width: 1024px) 100vw, 1024px\" \/><\/a><figcaption class=\"wp-element-caption\"><em>Auf dem Piazza Grande<\/em><\/figcaption><\/figure>\n\n\n\n<figure class=\"wp-block-image aligncenter size-large is-resized\"><a href=\"https:\/\/mb2812.de\/wp-content\/uploads\/2022\/11\/IMG_6905-802.jpg\" target=\"_blank\" rel=\" noreferrer noopener\"><img loading=\"lazy\" decoding=\"async\" width=\"1024\" height=\"819\" src=\"https:\/\/mb2812.de\/wp-content\/uploads\/2022\/11\/IMG_6905-802-1024x819.jpg\" alt=\"\" class=\"wp-image-12250\" style=\"width:800px\" srcset=\"https:\/\/mb2812.de\/wp-content\/uploads\/2022\/11\/IMG_6905-802-1024x819.jpg 1024w, https:\/\/mb2812.de\/wp-content\/uploads\/2022\/11\/IMG_6905-802-300x240.jpg 300w, https:\/\/mb2812.de\/wp-content\/uploads\/2022\/11\/IMG_6905-802-768x614.jpg 768w, https:\/\/mb2812.de\/wp-content\/uploads\/2022\/11\/IMG_6905-802-1536x1229.jpg 1536w, https:\/\/mb2812.de\/wp-content\/uploads\/2022\/11\/IMG_6905-802-668x534.jpg 668w, https:\/\/mb2812.de\/wp-content\/uploads\/2022\/11\/IMG_6905-802.jpg 1920w\" sizes=\"auto, (max-width: 1024px) 100vw, 1024px\" \/><\/a><figcaption class=\"wp-element-caption\"><em>Auf dem Piazza Grande<\/em><\/figcaption><\/figure>\n\n\n\n<figure class=\"wp-block-image aligncenter size-large is-resized\"><a href=\"https:\/\/mb2812.de\/wp-content\/uploads\/2022\/11\/IMG_4045.jpg\" target=\"_blank\" rel=\" noreferrer noopener\"><img loading=\"lazy\" decoding=\"async\" width=\"1024\" height=\"819\" src=\"https:\/\/mb2812.de\/wp-content\/uploads\/2022\/11\/IMG_4045-1024x819.jpg\" alt=\"\" class=\"wp-image-12238\" style=\"width:800px\" srcset=\"https:\/\/mb2812.de\/wp-content\/uploads\/2022\/11\/IMG_4045-1024x819.jpg 1024w, https:\/\/mb2812.de\/wp-content\/uploads\/2022\/11\/IMG_4045-300x240.jpg 300w, https:\/\/mb2812.de\/wp-content\/uploads\/2022\/11\/IMG_4045-768x614.jpg 768w, https:\/\/mb2812.de\/wp-content\/uploads\/2022\/11\/IMG_4045-1536x1229.jpg 1536w, https:\/\/mb2812.de\/wp-content\/uploads\/2022\/11\/IMG_4045-668x534.jpg 668w, https:\/\/mb2812.de\/wp-content\/uploads\/2022\/11\/IMG_4045.jpg 1920w\" sizes=\"auto, (max-width: 1024px) 100vw, 1024px\" \/><\/a><figcaption class=\"wp-element-caption\"><em>Wieder zur\u00fcck am Largo Franco Zorzi kommen wir noch am Casino vorbei<\/em><\/figcaption><\/figure>\n\n\n\n<p>Bei dem Gang durch die schmalen Gassen hinter der Piazza Grande kommen wir an einigen \u201ebesseren\u201c Restaurants vorbei, der spontane Versuch, in einem f\u00fcr Freitag zu reservieren, misslingt, auch hier ist alles reserviert.<\/p>\n\n\n\n<p>Nach dem Spazergang geht der Tag dann wie \u00fcblich mit einem Drink in der Hotellounge zu Ende.<\/p>\n","protected":false},"excerpt":{"rendered":"<p>Mit Standseilbahn und Luftseilbahn fahren wir auf 1340 Meter H\u00f6he in die Bergwelt. Wieder unten, gibt es nachmittags noch eine Bootsfahrt auf dem Lago Maggiore <\/p>\n","protected":false},"author":1,"featured_media":12231,"comment_status":"closed","ping_status":"closed","sticky":false,"template":"","format":"standard","meta":{"footnotes":""},"categories":[379],"tags":[47,390,63,61,48,60],"class_list":["post-12220","post","type-post","status-publish","format-standard","has-post-thumbnail","hentry","category-schweiz-2022","tag-47","tag-cardada","tag-lago-maggiore","tag-locarno","tag-schweiz","tag-tessin"],"_links":{"self":[{"href":"https:\/\/mb2812.de\/index.php?rest_route=\/wp\/v2\/posts\/12220","targetHints":{"allow":["GET"]}}],"collection":[{"href":"https:\/\/mb2812.de\/index.php?rest_route=\/wp\/v2\/posts"}],"about":[{"href":"https:\/\/mb2812.de\/index.php?rest_route=\/wp\/v2\/types\/post"}],"author":[{"embeddable":true,"href":"https:\/\/mb2812.de\/index.php?rest_route=\/wp\/v2\/users\/1"}],"replies":[{"embeddable":true,"href":"https:\/\/mb2812.de\/index.php?rest_route=%2Fwp%2Fv2%2Fcomments&post=12220"}],"version-history":[{"count":26,"href":"https:\/\/mb2812.de\/index.php?rest_route=\/wp\/v2\/posts\/12220\/revisions"}],"predecessor-version":[{"id":16483,"href":"https:\/\/mb2812.de\/index.php?rest_route=\/wp\/v2\/posts\/12220\/revisions\/16483"}],"wp:featuredmedia":[{"embeddable":true,"href":"https:\/\/mb2812.de\/index.php?rest_route=\/wp\/v2\/media\/12231"}],"wp:attachment":[{"href":"https:\/\/mb2812.de\/index.php?rest_route=%2Fwp%2Fv2%2Fmedia&parent=12220"}],"wp:term":[{"taxonomy":"category","embeddable":true,"href":"https:\/\/mb2812.de\/index.php?rest_route=%2Fwp%2Fv2%2Fcategories&post=12220"},{"taxonomy":"post_tag","embeddable":true,"href":"https:\/\/mb2812.de\/index.php?rest_route=%2Fwp%2Fv2%2Ftags&post=12220"}],"curies":[{"name":"wp","href":"https:\/\/api.w.org\/{rel}","templated":true}]}}