{"id":12181,"date":"2022-10-11T09:00:01","date_gmt":"2022-10-11T07:00:01","guid":{"rendered":"http:\/\/reiseblog.mb2812.de\/?p=12181"},"modified":"2025-03-07T12:16:03","modified_gmt":"2025-03-07T10:16:03","slug":"gotthardbahn-nach-locarno","status":"publish","type":"post","link":"https:\/\/mb2812.de\/?p=12181","title":{"rendered":"Gotthardbahn nach Locarno"},"content":{"rendered":"\n<p>Wir m\u00fcssen uns mal wieder von einem Hotel verabschieden, heute ist der Wechsel zum dritten und letzten Urlaubsort. Es geht auf die Alpens\u00fcdseite ins sonnige Tessin nach Locarno am Lago Maggiore.<\/p>\n\n\n\n<p>Nach dem Check Out in Kriens gehrt es erst mit der S-Bahn nach Luzern. F\u00fcrs Umsteigen auf den Interregio \u00fcber die alte Gotthardstrecke haben wir uns ziemlich lange Zeit genommen, denn als erstes steht das Schweizer Bankensystem auf dem Programm. Ein alter Hundert-Franken-Schein muss umgetauscht werden. Wie lange das dauert und welche B\u00fcrokratie daf\u00fcr n\u00f6tig ist, davon haben wir keine Ahnung. Wir laufen also die paar Meter vom Bahnhof zur Kantonalbank. Und dann dauert es vielleicht 30 Sekunden. Ein paar unbesch\u00e4ftigte Angestellte sitzen hinter den Schaltern, nachdem ich meinen Wunsch vorgetragen habe wird der alte Schein kommentarlos entgegengenommen und ein neuer liegt Sekunden sp\u00e4ter auf dem Tisch. Fast eine Stunde sitzen wir noch auf dem Bahnsteig in Luzern, bis unser Zug aus Basel ankommt und wir einsteigen k\u00f6nnen.<\/p>\n\n\n\n<figure class=\"wp-block-image aligncenter size-large is-resized\"><a href=\"https:\/\/mb2812.de\/wp-content\/uploads\/2022\/10\/IMG_6339.jpg\" target=\"_blank\" rel=\" noreferrer noopener\"><img loading=\"lazy\" decoding=\"async\" width=\"1024\" height=\"819\" src=\"https:\/\/mb2812.de\/wp-content\/uploads\/2022\/10\/IMG_6339-1024x819.jpg\" alt=\"\" class=\"wp-image-12204\" style=\"width:800px\" srcset=\"https:\/\/mb2812.de\/wp-content\/uploads\/2022\/10\/IMG_6339-1024x819.jpg 1024w, https:\/\/mb2812.de\/wp-content\/uploads\/2022\/10\/IMG_6339-300x240.jpg 300w, https:\/\/mb2812.de\/wp-content\/uploads\/2022\/10\/IMG_6339-768x614.jpg 768w, https:\/\/mb2812.de\/wp-content\/uploads\/2022\/10\/IMG_6339-1536x1229.jpg 1536w, https:\/\/mb2812.de\/wp-content\/uploads\/2022\/10\/IMG_6339-668x534.jpg 668w, https:\/\/mb2812.de\/wp-content\/uploads\/2022\/10\/IMG_6339.jpg 1920w\" sizes=\"auto, (max-width: 1024px) 100vw, 1024px\" \/><\/a><figcaption class=\"wp-element-caption\"><em>Zwischen den Taktknoten ist es im Luzerner Hauptbahnhof leer<\/em><\/figcaption><\/figure>\n\n\n\n<!--more-->\n\n\n\n<figure class=\"wp-block-image aligncenter size-large is-resized\"><a href=\"https:\/\/mb2812.de\/wp-content\/uploads\/2022\/10\/IMG_6341.jpg\" target=\"_blank\" rel=\" noreferrer noopener\"><img loading=\"lazy\" decoding=\"async\" width=\"1024\" height=\"819\" src=\"https:\/\/mb2812.de\/wp-content\/uploads\/2022\/10\/IMG_6341-1024x819.jpg\" alt=\"\" class=\"wp-image-12193\" style=\"width:800px\" srcset=\"https:\/\/mb2812.de\/wp-content\/uploads\/2022\/10\/IMG_6341-1024x819.jpg 1024w, https:\/\/mb2812.de\/wp-content\/uploads\/2022\/10\/IMG_6341-300x240.jpg 300w, https:\/\/mb2812.de\/wp-content\/uploads\/2022\/10\/IMG_6341-768x614.jpg 768w, https:\/\/mb2812.de\/wp-content\/uploads\/2022\/10\/IMG_6341-1536x1229.jpg 1536w, https:\/\/mb2812.de\/wp-content\/uploads\/2022\/10\/IMG_6341-668x534.jpg 668w, https:\/\/mb2812.de\/wp-content\/uploads\/2022\/10\/IMG_6341.jpg 1920w\" sizes=\"auto, (max-width: 1024px) 100vw, 1024px\" \/><\/a><figcaption class=\"wp-element-caption\"><em>Fahrplancheck vor der Abfahrt<\/em><\/figcaption><\/figure>\n\n\n\n<p>Die Fahrt selber dauert dreieinhalb Stunden und ist sehr angenehm. Zun\u00e4chst geht es entlang des Zuger Sees und dann bis zum S\u00fcdende des Vierwaldst\u00e4ttersees bei Fl\u00fcelen. Anschlie\u00dfend \u00fcber die Gotthard-Bergstrecke und durch den alten Gotthardtunnel. Im Gegensatz zu den Stationen um Spiez und Luzern (und auch im Tessin, wie wir sp\u00e4ter sehen) pr\u00e4sentiert sich diese Strecke in einem weitgehend unmodernisierten Zustand.<\/p>\n\n\n\n<figure class=\"wp-block-image aligncenter size-large is-resized\"><a href=\"https:\/\/mb2812.de\/wp-content\/uploads\/2022\/10\/IMG_6353.jpg\" target=\"_blank\" rel=\" noreferrer noopener\"><img loading=\"lazy\" decoding=\"async\" width=\"1024\" height=\"768\" src=\"https:\/\/mb2812.de\/wp-content\/uploads\/2022\/10\/IMG_6353-1024x768.jpg\" alt=\"\" class=\"wp-image-12194\" style=\"width:800px\" srcset=\"https:\/\/mb2812.de\/wp-content\/uploads\/2022\/10\/IMG_6353-1024x768.jpg 1024w, https:\/\/mb2812.de\/wp-content\/uploads\/2022\/10\/IMG_6353-300x225.jpg 300w, https:\/\/mb2812.de\/wp-content\/uploads\/2022\/10\/IMG_6353-768x576.jpg 768w, https:\/\/mb2812.de\/wp-content\/uploads\/2022\/10\/IMG_6353-1536x1152.jpg 1536w, https:\/\/mb2812.de\/wp-content\/uploads\/2022\/10\/IMG_6353-668x501.jpg 668w, https:\/\/mb2812.de\/wp-content\/uploads\/2022\/10\/IMG_6353.jpg 1920w\" sizes=\"auto, (max-width: 1024px) 100vw, 1024px\" \/><\/a><figcaption class=\"wp-element-caption\"><em>Wir genie\u00dfen die Aussicht. Hier entlang des Zuger Sees<\/em><\/figcaption><\/figure>\n\n\n\n<figure class=\"wp-block-image aligncenter size-large is-resized\"><a href=\"https:\/\/mb2812.de\/wp-content\/uploads\/2022\/10\/IMG_6388-786.jpg\" target=\"_blank\" rel=\" noreferrer noopener\"><img loading=\"lazy\" decoding=\"async\" width=\"1024\" height=\"819\" src=\"https:\/\/mb2812.de\/wp-content\/uploads\/2022\/10\/IMG_6388-786-1024x819.jpg\" alt=\"\" class=\"wp-image-12195\" style=\"width:800px\" srcset=\"https:\/\/mb2812.de\/wp-content\/uploads\/2022\/10\/IMG_6388-786-1024x819.jpg 1024w, https:\/\/mb2812.de\/wp-content\/uploads\/2022\/10\/IMG_6388-786-300x240.jpg 300w, https:\/\/mb2812.de\/wp-content\/uploads\/2022\/10\/IMG_6388-786-768x614.jpg 768w, https:\/\/mb2812.de\/wp-content\/uploads\/2022\/10\/IMG_6388-786-1536x1229.jpg 1536w, https:\/\/mb2812.de\/wp-content\/uploads\/2022\/10\/IMG_6388-786-668x534.jpg 668w, https:\/\/mb2812.de\/wp-content\/uploads\/2022\/10\/IMG_6388-786.jpg 1920w\" sizes=\"auto, (max-width: 1024px) 100vw, 1024px\" \/><\/a><figcaption class=\"wp-element-caption\"><em>Und dies ist eines der ber\u00fchmten Motive auf der Gotthard Bergstrecke: Die Kirche von Wassen. Insgesamt drei mal f\u00e4hrt der Zug an ihr vorbei. Auch in der Schweiz stehen entlang der Gleise immer mehr L\u00e4rmschutzw\u00e4nde, diese hier lassen allerdings noch etwas Sicht auf die Landschaft zu<\/em><\/figcaption><\/figure>\n\n\n\n<p>P\u00fcnktlich gegen 14:30 Uhr kommen wir in Locarno an und es ist wirklich nicht weit bis zum Hotel, wo wir dann einchecken. Und wir freuen uns \u00fcbers Klima, hier s\u00fcdlich der Alpen ist fast noch Sommer, die Sonne scheint auf unseren Balkon und wir haben einen herrlichen Blick auf See und Berge. Anschlie\u00dfend machen wir es uns im T-Shirt auf der Terasse gem\u00fctlich und genie\u00dfen ein Eis.<\/p>\n\n\n\n<figure class=\"wp-block-image aligncenter size-large is-resized\"><a href=\"https:\/\/mb2812.de\/wp-content\/uploads\/2022\/10\/IMG_6410.jpg\" target=\"_blank\" rel=\" noreferrer noopener\"><img loading=\"lazy\" decoding=\"async\" width=\"1024\" height=\"819\" src=\"https:\/\/mb2812.de\/wp-content\/uploads\/2022\/10\/IMG_6410-1024x819.jpg\" alt=\"\" class=\"wp-image-12215\" style=\"width:800px\" srcset=\"https:\/\/mb2812.de\/wp-content\/uploads\/2022\/10\/IMG_6410-1024x819.jpg 1024w, https:\/\/mb2812.de\/wp-content\/uploads\/2022\/10\/IMG_6410-300x240.jpg 300w, https:\/\/mb2812.de\/wp-content\/uploads\/2022\/10\/IMG_6410-768x614.jpg 768w, https:\/\/mb2812.de\/wp-content\/uploads\/2022\/10\/IMG_6410-1536x1229.jpg 1536w, https:\/\/mb2812.de\/wp-content\/uploads\/2022\/10\/IMG_6410-668x534.jpg 668w, https:\/\/mb2812.de\/wp-content\/uploads\/2022\/10\/IMG_6410.jpg 1920w\" sizes=\"auto, (max-width: 1024px) 100vw, 1024px\" \/><\/a><figcaption class=\"wp-element-caption\"><em>Da sind wir gl\u00fccklich auf dem Balkon vor der Kulisse des Lago Maggiore<\/em><\/figcaption><\/figure>\n\n\n\n<figure class=\"wp-block-image aligncenter size-large is-resized\"><a href=\"https:\/\/mb2812.de\/wp-content\/uploads\/2022\/10\/IMG_4002-787.jpg\" target=\"_blank\" rel=\" noreferrer noopener\"><img loading=\"lazy\" decoding=\"async\" width=\"1024\" height=\"819\" src=\"https:\/\/mb2812.de\/wp-content\/uploads\/2022\/10\/IMG_4002-787-1024x819.jpg\" alt=\"\" class=\"wp-image-12184\" style=\"width:800px\" srcset=\"https:\/\/mb2812.de\/wp-content\/uploads\/2022\/10\/IMG_4002-787-1024x819.jpg 1024w, https:\/\/mb2812.de\/wp-content\/uploads\/2022\/10\/IMG_4002-787-300x240.jpg 300w, https:\/\/mb2812.de\/wp-content\/uploads\/2022\/10\/IMG_4002-787-768x614.jpg 768w, https:\/\/mb2812.de\/wp-content\/uploads\/2022\/10\/IMG_4002-787-1536x1229.jpg 1536w, https:\/\/mb2812.de\/wp-content\/uploads\/2022\/10\/IMG_4002-787-668x534.jpg 668w, https:\/\/mb2812.de\/wp-content\/uploads\/2022\/10\/IMG_4002-787.jpg 1920w\" sizes=\"auto, (max-width: 1024px) 100vw, 1024px\" \/><\/a><figcaption class=\"wp-element-caption\"><em>Die Terrasse unseres Hotels<\/em><\/figcaption><\/figure>\n\n\n\n<p>Sp\u00e4ter am Nachmittag geht es dann auf eine kleine Erkundungstour entlang des Ses und durch die Stadt, unter anderem an der Schiffsstation vorbei, denn eine Bootsfahrt auf dem See soll wieder aufs Programm. Wie wir feststellen, gibt es seit dem 1. Oktober keine Fahrten nach Italien mehr, wir werden uns mit einer Rundfahrt auf dem Schweizer Teil des Sees begn\u00fcgen m\u00fcssen.<\/p>\n\n\n\n<p>Erstmal f\u00fchrt unser Weg entlang des Ufers:<\/p>\n\n\n\n<figure class=\"wp-block-image aligncenter size-large is-resized\"><a href=\"https:\/\/mb2812.de\/wp-content\/uploads\/2022\/10\/IMG_4006.jpg\" target=\"_blank\" rel=\" noreferrer noopener\"><img loading=\"lazy\" decoding=\"async\" width=\"1024\" height=\"819\" src=\"https:\/\/mb2812.de\/wp-content\/uploads\/2022\/10\/IMG_4006-1024x819.jpg\" alt=\"\" class=\"wp-image-12185\" style=\"width:800px\" srcset=\"https:\/\/mb2812.de\/wp-content\/uploads\/2022\/10\/IMG_4006-1024x819.jpg 1024w, https:\/\/mb2812.de\/wp-content\/uploads\/2022\/10\/IMG_4006-300x240.jpg 300w, https:\/\/mb2812.de\/wp-content\/uploads\/2022\/10\/IMG_4006-768x614.jpg 768w, https:\/\/mb2812.de\/wp-content\/uploads\/2022\/10\/IMG_4006-1536x1229.jpg 1536w, https:\/\/mb2812.de\/wp-content\/uploads\/2022\/10\/IMG_4006-668x534.jpg 668w, https:\/\/mb2812.de\/wp-content\/uploads\/2022\/10\/IMG_4006.jpg 1920w\" sizes=\"auto, (max-width: 1024px) 100vw, 1024px\" \/><\/a><figcaption class=\"wp-element-caption\"><em>Blick \u00fcber den Lago Maggiore<\/em><\/figcaption><\/figure>\n\n\n\n<figure class=\"wp-block-image aligncenter size-large is-resized\"><a href=\"https:\/\/mb2812.de\/wp-content\/uploads\/2022\/10\/IMG_4008-788.jpg\" target=\"_blank\" rel=\" noreferrer noopener\"><img loading=\"lazy\" decoding=\"async\" width=\"1024\" height=\"819\" src=\"https:\/\/mb2812.de\/wp-content\/uploads\/2022\/10\/IMG_4008-788-1024x819.jpg\" alt=\"\" class=\"wp-image-12186\" style=\"width:800px\" srcset=\"https:\/\/mb2812.de\/wp-content\/uploads\/2022\/10\/IMG_4008-788-1024x819.jpg 1024w, https:\/\/mb2812.de\/wp-content\/uploads\/2022\/10\/IMG_4008-788-300x240.jpg 300w, https:\/\/mb2812.de\/wp-content\/uploads\/2022\/10\/IMG_4008-788-768x614.jpg 768w, https:\/\/mb2812.de\/wp-content\/uploads\/2022\/10\/IMG_4008-788-1536x1229.jpg 1536w, https:\/\/mb2812.de\/wp-content\/uploads\/2022\/10\/IMG_4008-788-668x534.jpg 668w, https:\/\/mb2812.de\/wp-content\/uploads\/2022\/10\/IMG_4008-788.jpg 1920w\" sizes=\"auto, (max-width: 1024px) 100vw, 1024px\" \/><\/a><figcaption class=\"wp-element-caption\"><em>Am Ufer<\/em><\/figcaption><\/figure>\n\n\n\n<figure class=\"wp-block-image aligncenter size-large is-resized\"><a href=\"https:\/\/mb2812.de\/wp-content\/uploads\/2022\/10\/IMG_4012.jpg\" target=\"_blank\" rel=\" noreferrer noopener\"><img loading=\"lazy\" decoding=\"async\" width=\"1024\" height=\"819\" src=\"https:\/\/mb2812.de\/wp-content\/uploads\/2022\/10\/IMG_4012-1024x819.jpg\" alt=\"\" class=\"wp-image-12187\" style=\"width:800px\" srcset=\"https:\/\/mb2812.de\/wp-content\/uploads\/2022\/10\/IMG_4012-1024x819.jpg 1024w, https:\/\/mb2812.de\/wp-content\/uploads\/2022\/10\/IMG_4012-300x240.jpg 300w, https:\/\/mb2812.de\/wp-content\/uploads\/2022\/10\/IMG_4012-768x614.jpg 768w, https:\/\/mb2812.de\/wp-content\/uploads\/2022\/10\/IMG_4012-1536x1229.jpg 1536w, https:\/\/mb2812.de\/wp-content\/uploads\/2022\/10\/IMG_4012-668x534.jpg 668w, https:\/\/mb2812.de\/wp-content\/uploads\/2022\/10\/IMG_4012.jpg 1920w\" sizes=\"auto, (max-width: 1024px) 100vw, 1024px\" \/><\/a><figcaption class=\"wp-element-caption\"><em>An der Schiffsstation in Locarno<\/em><\/figcaption><\/figure>\n\n\n\n<p>Dann gehen wir in die Stadt zur ber\u00fchmten Piazza Grande:<\/p>\n\n\n\n<figure class=\"wp-block-image aligncenter size-large is-resized\"><a href=\"https:\/\/mb2812.de\/wp-content\/uploads\/2022\/10\/IMG_4017.jpg\" target=\"_blank\" rel=\" noreferrer noopener\"><img loading=\"lazy\" decoding=\"async\" width=\"768\" height=\"1024\" src=\"https:\/\/mb2812.de\/wp-content\/uploads\/2022\/10\/IMG_4017-768x1024.jpg\" alt=\"\" class=\"wp-image-12188\" style=\"width:600px\" srcset=\"https:\/\/mb2812.de\/wp-content\/uploads\/2022\/10\/IMG_4017-768x1024.jpg 768w, https:\/\/mb2812.de\/wp-content\/uploads\/2022\/10\/IMG_4017-225x300.jpg 225w, https:\/\/mb2812.de\/wp-content\/uploads\/2022\/10\/IMG_4017-1152x1536.jpg 1152w, https:\/\/mb2812.de\/wp-content\/uploads\/2022\/10\/IMG_4017-668x891.jpg 668w, https:\/\/mb2812.de\/wp-content\/uploads\/2022\/10\/IMG_4017.jpg 1440w\" sizes=\"auto, (max-width: 768px) 100vw, 768px\" \/><\/a><figcaption class=\"wp-element-caption\"><em>Pedrazzinibrunnen<\/em><\/figcaption><\/figure>\n\n\n\n<figure class=\"wp-block-image aligncenter size-large is-resized\"><a href=\"https:\/\/mb2812.de\/wp-content\/uploads\/2022\/10\/IMG_4020.jpg\" target=\"_blank\" rel=\" noreferrer noopener\"><img loading=\"lazy\" decoding=\"async\" width=\"768\" height=\"1024\" src=\"https:\/\/mb2812.de\/wp-content\/uploads\/2022\/10\/IMG_4020-768x1024.jpg\" alt=\"\" class=\"wp-image-12190\" style=\"width:600px\" srcset=\"https:\/\/mb2812.de\/wp-content\/uploads\/2022\/10\/IMG_4020-768x1024.jpg 768w, https:\/\/mb2812.de\/wp-content\/uploads\/2022\/10\/IMG_4020-225x300.jpg 225w, https:\/\/mb2812.de\/wp-content\/uploads\/2022\/10\/IMG_4020-1152x1536.jpg 1152w, https:\/\/mb2812.de\/wp-content\/uploads\/2022\/10\/IMG_4020-668x891.jpg 668w, https:\/\/mb2812.de\/wp-content\/uploads\/2022\/10\/IMG_4020.jpg 1440w\" sizes=\"auto, (max-width: 768px) 100vw, 768px\" \/><\/a><figcaption class=\"wp-element-caption\"><em>An der Piazza Grande<\/em><\/figcaption><\/figure>\n\n\n\n<figure class=\"wp-block-image aligncenter size-large is-resized\"><a href=\"https:\/\/mb2812.de\/wp-content\/uploads\/2022\/10\/IMG_6455.jpg\" target=\"_blank\" rel=\" noreferrer noopener\"><img loading=\"lazy\" decoding=\"async\" width=\"1024\" height=\"819\" src=\"https:\/\/mb2812.de\/wp-content\/uploads\/2022\/10\/IMG_6455-1024x819.jpg\" alt=\"\" class=\"wp-image-12196\" style=\"width:800px\" srcset=\"https:\/\/mb2812.de\/wp-content\/uploads\/2022\/10\/IMG_6455-1024x819.jpg 1024w, https:\/\/mb2812.de\/wp-content\/uploads\/2022\/10\/IMG_6455-300x240.jpg 300w, https:\/\/mb2812.de\/wp-content\/uploads\/2022\/10\/IMG_6455-768x614.jpg 768w, https:\/\/mb2812.de\/wp-content\/uploads\/2022\/10\/IMG_6455-1536x1229.jpg 1536w, https:\/\/mb2812.de\/wp-content\/uploads\/2022\/10\/IMG_6455-668x534.jpg 668w, https:\/\/mb2812.de\/wp-content\/uploads\/2022\/10\/IMG_6455.jpg 1920w\" sizes=\"auto, (max-width: 1024px) 100vw, 1024px\" \/><\/a><figcaption class=\"wp-element-caption\"><em>An der Piazza Grande<\/em><\/figcaption><\/figure>\n\n\n\n<figure class=\"wp-block-image aligncenter size-large is-resized\"><a href=\"https:\/\/mb2812.de\/wp-content\/uploads\/2022\/10\/IMG_4018.jpg\" target=\"_blank\" rel=\" noreferrer noopener\"><img loading=\"lazy\" decoding=\"async\" width=\"768\" height=\"1024\" src=\"https:\/\/mb2812.de\/wp-content\/uploads\/2022\/10\/IMG_4018-768x1024.jpg\" alt=\"\" class=\"wp-image-12189\" style=\"width:600px\" srcset=\"https:\/\/mb2812.de\/wp-content\/uploads\/2022\/10\/IMG_4018-768x1024.jpg 768w, https:\/\/mb2812.de\/wp-content\/uploads\/2022\/10\/IMG_4018-225x300.jpg 225w, https:\/\/mb2812.de\/wp-content\/uploads\/2022\/10\/IMG_4018-1152x1536.jpg 1152w, https:\/\/mb2812.de\/wp-content\/uploads\/2022\/10\/IMG_4018-668x891.jpg 668w, https:\/\/mb2812.de\/wp-content\/uploads\/2022\/10\/IMG_4018.jpg 1440w\" sizes=\"auto, (max-width: 768px) 100vw, 768px\" \/><\/a><figcaption class=\"wp-element-caption\"><em>Blick von der Piazza Grande zum Kloster und zur Kirche Santa Caterina<\/em><\/figcaption><\/figure>\n\n\n\n<figure class=\"wp-block-image aligncenter size-large is-resized\"><a href=\"https:\/\/mb2812.de\/wp-content\/uploads\/2022\/10\/IMG_6457.jpg\" target=\"_blank\" rel=\" noreferrer noopener\"><img loading=\"lazy\" decoding=\"async\" width=\"1024\" height=\"819\" src=\"https:\/\/mb2812.de\/wp-content\/uploads\/2022\/10\/IMG_6457-1024x819.jpg\" alt=\"\" class=\"wp-image-12197\" style=\"width:800px\" srcset=\"https:\/\/mb2812.de\/wp-content\/uploads\/2022\/10\/IMG_6457-1024x819.jpg 1024w, https:\/\/mb2812.de\/wp-content\/uploads\/2022\/10\/IMG_6457-300x240.jpg 300w, https:\/\/mb2812.de\/wp-content\/uploads\/2022\/10\/IMG_6457-768x614.jpg 768w, https:\/\/mb2812.de\/wp-content\/uploads\/2022\/10\/IMG_6457-1536x1229.jpg 1536w, https:\/\/mb2812.de\/wp-content\/uploads\/2022\/10\/IMG_6457-668x534.jpg 668w, https:\/\/mb2812.de\/wp-content\/uploads\/2022\/10\/IMG_6457.jpg 1920w\" sizes=\"auto, (max-width: 1024px) 100vw, 1024px\" \/><\/a><figcaption class=\"wp-element-caption\"><em>Mitten auf der Piazza Grande<\/em><\/figcaption><\/figure>\n\n\n\n<p>Die Via Maccari laufen wir dann den Berg hoch bis zur Via Cappuccini, die laufen wir ein wenig nach Osten um schon mal die Seilbahn zu besichtigen.<\/p>\n\n\n\n<figure class=\"wp-block-image aligncenter size-large is-resized\"><a href=\"https:\/\/mb2812.de\/wp-content\/uploads\/2022\/10\/IMG_6461.jpg\" target=\"_blank\" rel=\" noreferrer noopener\"><img loading=\"lazy\" decoding=\"async\" width=\"768\" height=\"1024\" src=\"https:\/\/mb2812.de\/wp-content\/uploads\/2022\/10\/IMG_6461-768x1024.jpg\" alt=\"\" class=\"wp-image-12198\" style=\"width:600px\" srcset=\"https:\/\/mb2812.de\/wp-content\/uploads\/2022\/10\/IMG_6461-768x1024.jpg 768w, https:\/\/mb2812.de\/wp-content\/uploads\/2022\/10\/IMG_6461-225x300.jpg 225w, https:\/\/mb2812.de\/wp-content\/uploads\/2022\/10\/IMG_6461-1152x1536.jpg 1152w, https:\/\/mb2812.de\/wp-content\/uploads\/2022\/10\/IMG_6461-668x891.jpg 668w, https:\/\/mb2812.de\/wp-content\/uploads\/2022\/10\/IMG_6461.jpg 1440w\" sizes=\"auto, (max-width: 768px) 100vw, 768px\" \/><\/a><figcaption class=\"wp-element-caption\"><em>Via Marcacci<\/em><\/figcaption><\/figure>\n\n\n\n<figure class=\"wp-block-image aligncenter size-large is-resized\"><a href=\"https:\/\/mb2812.de\/wp-content\/uploads\/2022\/10\/IMG_4025-793.jpg\" target=\"_blank\" rel=\" noreferrer noopener\"><img loading=\"lazy\" decoding=\"async\" width=\"768\" height=\"1024\" src=\"https:\/\/mb2812.de\/wp-content\/uploads\/2022\/10\/IMG_4025-793-768x1024.jpg\" alt=\"\" class=\"wp-image-12191\" style=\"width:600px\" srcset=\"https:\/\/mb2812.de\/wp-content\/uploads\/2022\/10\/IMG_4025-793-768x1024.jpg 768w, https:\/\/mb2812.de\/wp-content\/uploads\/2022\/10\/IMG_4025-793-225x300.jpg 225w, https:\/\/mb2812.de\/wp-content\/uploads\/2022\/10\/IMG_4025-793-1152x1536.jpg 1152w, https:\/\/mb2812.de\/wp-content\/uploads\/2022\/10\/IMG_4025-793-668x891.jpg 668w, https:\/\/mb2812.de\/wp-content\/uploads\/2022\/10\/IMG_4025-793.jpg 1440w\" sizes=\"auto, (max-width: 768px) 100vw, 768px\" \/><\/a><figcaption class=\"wp-element-caption\"><em>&#8222;Oben&#8220;, an der Kreuzung Via Cappuccini\/Via Marcacci<\/em><\/figcaption><\/figure>\n\n\n\n<figure class=\"wp-block-image aligncenter size-large is-resized\"><a href=\"https:\/\/mb2812.de\/wp-content\/uploads\/2022\/10\/IMG_4026-796-798.jpg\" target=\"_blank\" rel=\" noreferrer noopener\"><img loading=\"lazy\" decoding=\"async\" width=\"768\" height=\"1024\" src=\"https:\/\/mb2812.de\/wp-content\/uploads\/2022\/10\/IMG_4026-796-798-768x1024.jpg\" alt=\"\" class=\"wp-image-12217\" style=\"width:600px\" srcset=\"https:\/\/mb2812.de\/wp-content\/uploads\/2022\/10\/IMG_4026-796-798-768x1024.jpg 768w, https:\/\/mb2812.de\/wp-content\/uploads\/2022\/10\/IMG_4026-796-798-225x300.jpg 225w, https:\/\/mb2812.de\/wp-content\/uploads\/2022\/10\/IMG_4026-796-798-1152x1536.jpg 1152w, https:\/\/mb2812.de\/wp-content\/uploads\/2022\/10\/IMG_4026-796-798-668x891.jpg 668w, https:\/\/mb2812.de\/wp-content\/uploads\/2022\/10\/IMG_4026-796-798.jpg 1440w\" sizes=\"auto, (max-width: 768px) 100vw, 768px\" \/><\/a><figcaption class=\"wp-element-caption\"><em>Entlang der Via Cappuccini: Diese kleine Kirche\/Kapelle geh\u00f6rt vermutlich zum Istituto Sant&#8217;Eugenio, einer fr\u00fcher von katholischen Nonnen gef\u00fchrten Geh\u00f6rlosenschule<\/em><\/figcaption><\/figure>\n\n\n\n<figure class=\"wp-block-image aligncenter size-large is-resized\"><a href=\"https:\/\/mb2812.de\/wp-content\/uploads\/2022\/10\/IMG_6469.jpg\"><img loading=\"lazy\" decoding=\"async\" width=\"1024\" height=\"819\" src=\"https:\/\/mb2812.de\/wp-content\/uploads\/2022\/10\/IMG_6469-1024x819.jpg\" alt=\"\" class=\"wp-image-12199\" style=\"width:800px\" srcset=\"https:\/\/mb2812.de\/wp-content\/uploads\/2022\/10\/IMG_6469-1024x819.jpg 1024w, https:\/\/mb2812.de\/wp-content\/uploads\/2022\/10\/IMG_6469-300x240.jpg 300w, https:\/\/mb2812.de\/wp-content\/uploads\/2022\/10\/IMG_6469-768x614.jpg 768w, https:\/\/mb2812.de\/wp-content\/uploads\/2022\/10\/IMG_6469-1536x1229.jpg 1536w, https:\/\/mb2812.de\/wp-content\/uploads\/2022\/10\/IMG_6469-668x534.jpg 668w, https:\/\/mb2812.de\/wp-content\/uploads\/2022\/10\/IMG_6469.jpg 1920w\" sizes=\"auto, (max-width: 1024px) 100vw, 1024px\" \/><\/a><figcaption class=\"wp-element-caption\"><em>Etwas weiter findet sich in diesem pr\u00e4chtigen Geb\u00e4ude das \u201eCentro professionale commerciale di Locarno\u201c, also die Berufsschule<\/em><\/figcaption><\/figure>\n\n\n\n<figure class=\"wp-block-image aligncenter size-large is-resized\"><a href=\"https:\/\/mb2812.de\/wp-content\/uploads\/2022\/10\/IMG_6501.jpg\" target=\"_blank\" rel=\" noreferrer noopener\"><img loading=\"lazy\" decoding=\"async\" width=\"1024\" height=\"819\" src=\"https:\/\/mb2812.de\/wp-content\/uploads\/2022\/10\/IMG_6501-1024x819.jpg\" alt=\"\" class=\"wp-image-12200\" style=\"width:800px\" srcset=\"https:\/\/mb2812.de\/wp-content\/uploads\/2022\/10\/IMG_6501-1024x819.jpg 1024w, https:\/\/mb2812.de\/wp-content\/uploads\/2022\/10\/IMG_6501-300x240.jpg 300w, https:\/\/mb2812.de\/wp-content\/uploads\/2022\/10\/IMG_6501-768x614.jpg 768w, https:\/\/mb2812.de\/wp-content\/uploads\/2022\/10\/IMG_6501-1536x1229.jpg 1536w, https:\/\/mb2812.de\/wp-content\/uploads\/2022\/10\/IMG_6501-668x534.jpg 668w, https:\/\/mb2812.de\/wp-content\/uploads\/2022\/10\/IMG_6501.jpg 1920w\" sizes=\"auto, (max-width: 1024px) 100vw, 1024px\" \/><\/a><figcaption class=\"wp-element-caption\"><em>Schlussendlich kommen wir zur Br\u00fccke \u00fcber die Trasse der Standseilbahn zur Wallfahrtskirche Madonna del Sasso<\/em><\/figcaption><\/figure>\n\n\n\n<p>Entlang der &nbsp;Via Delle Monache gehen wir wieder hinunter zum See.<\/p>\n\n\n\n<figure class=\"wp-block-image aligncenter size-large is-resized\"><a href=\"https:\/\/mb2812.de\/wp-content\/uploads\/2022\/10\/IMG_6502.jpg\" target=\"_blank\" rel=\" noreferrer noopener\"><img loading=\"lazy\" decoding=\"async\" width=\"768\" height=\"1024\" src=\"https:\/\/mb2812.de\/wp-content\/uploads\/2022\/10\/IMG_6502-768x1024.jpg\" alt=\"\" class=\"wp-image-12201\" style=\"width:600px\" srcset=\"https:\/\/mb2812.de\/wp-content\/uploads\/2022\/10\/IMG_6502-768x1024.jpg 768w, https:\/\/mb2812.de\/wp-content\/uploads\/2022\/10\/IMG_6502-225x300.jpg 225w, https:\/\/mb2812.de\/wp-content\/uploads\/2022\/10\/IMG_6502-1152x1536.jpg 1152w, https:\/\/mb2812.de\/wp-content\/uploads\/2022\/10\/IMG_6502-668x891.jpg 668w, https:\/\/mb2812.de\/wp-content\/uploads\/2022\/10\/IMG_6502.jpg 1440w\" sizes=\"auto, (max-width: 768px) 100vw, 768px\" \/><\/a><figcaption class=\"wp-element-caption\"><em>Abw\u00e4rts geht es \u00fcber die Via Delle Monache<\/em><\/figcaption><\/figure>\n\n\n\n<figure class=\"wp-block-image aligncenter size-large is-resized\"><a href=\"https:\/\/mb2812.de\/wp-content\/uploads\/2022\/10\/IMG_6505.jpg\" target=\"_blank\" rel=\" noreferrer noopener\"><img loading=\"lazy\" decoding=\"async\" width=\"768\" height=\"1024\" src=\"https:\/\/mb2812.de\/wp-content\/uploads\/2022\/10\/IMG_6505-768x1024.jpg\" alt=\"\" class=\"wp-image-12202\" style=\"width:600px\" srcset=\"https:\/\/mb2812.de\/wp-content\/uploads\/2022\/10\/IMG_6505-768x1024.jpg 768w, https:\/\/mb2812.de\/wp-content\/uploads\/2022\/10\/IMG_6505-225x300.jpg 225w, https:\/\/mb2812.de\/wp-content\/uploads\/2022\/10\/IMG_6505-1152x1536.jpg 1152w, https:\/\/mb2812.de\/wp-content\/uploads\/2022\/10\/IMG_6505-668x891.jpg 668w, https:\/\/mb2812.de\/wp-content\/uploads\/2022\/10\/IMG_6505.jpg 1440w\" sizes=\"auto, (max-width: 768px) 100vw, 768px\" \/><\/a><figcaption class=\"wp-element-caption\"><em>An ihr liegen Kirche und Kloster Santa Catarina, den Turm hatten wir schon von der Piazza Grande aus gesehen. Hier das Portal an der Stra\u00dfe<\/em><\/figcaption><\/figure>\n\n\n\n<p>Wir machen eine kurze Pause am Hotel und entdecken noch die Dachterrasse, dann geht es zum Abendessen. Und das erweist sich in Locarno als Problem. So sehr Sommer ist am Abend nicht mehr, wir w\u00fcrden gerne drinnen sitzen und nicht drau\u00dfen. Es gibt zwar jede Menge Pizzerien entlang des Sees und auch auf Der Piazza Grande, aber in fast allen sind die Innenpl\u00e4tze &nbsp;besetzt oder reserviert und die Laufkundschaft wird auf die Terrasse verwiesen. Im Ristorante Oldrati ist noch Platz f\u00fcr uns, aber das Service Erlebnis nicht so gut. Es dauert sehr lange, bis unsere Bestellungen aufgenommen werden und auch bis das Essen serviert wird. Die Pizza selber ist nicht schlecht.<\/p>\n\n\n\n<figure class=\"wp-block-image aligncenter size-large is-resized\"><a href=\"https:\/\/mb2812.de\/wp-content\/uploads\/2022\/10\/IMG_6510-789.jpg\" target=\"_blank\" rel=\" noreferrer noopener\"><img loading=\"lazy\" decoding=\"async\" width=\"1024\" height=\"819\" src=\"https:\/\/mb2812.de\/wp-content\/uploads\/2022\/10\/IMG_6510-789-1024x819.jpg\" alt=\"\" class=\"wp-image-12203\" style=\"width:800px\" srcset=\"https:\/\/mb2812.de\/wp-content\/uploads\/2022\/10\/IMG_6510-789-1024x819.jpg 1024w, https:\/\/mb2812.de\/wp-content\/uploads\/2022\/10\/IMG_6510-789-300x240.jpg 300w, https:\/\/mb2812.de\/wp-content\/uploads\/2022\/10\/IMG_6510-789-768x614.jpg 768w, https:\/\/mb2812.de\/wp-content\/uploads\/2022\/10\/IMG_6510-789-1536x1229.jpg 1536w, https:\/\/mb2812.de\/wp-content\/uploads\/2022\/10\/IMG_6510-789-668x534.jpg 668w, https:\/\/mb2812.de\/wp-content\/uploads\/2022\/10\/IMG_6510-789.jpg 1920w\" sizes=\"auto, (max-width: 1024px) 100vw, 1024px\" \/><\/a><figcaption class=\"wp-element-caption\"><em>Auf der Dachterrasse unseres Hotels<\/em><\/figcaption><\/figure>\n\n\n\n<figure class=\"wp-block-image aligncenter size-large is-resized\"><a href=\"https:\/\/mb2812.de\/wp-content\/uploads\/2022\/10\/IMG_6515.jpg\" target=\"_blank\" rel=\" noreferrer noopener\"><img loading=\"lazy\" decoding=\"async\" width=\"768\" height=\"1024\" src=\"https:\/\/mb2812.de\/wp-content\/uploads\/2022\/10\/IMG_6515-768x1024.jpg\" alt=\"\" class=\"wp-image-12206\" style=\"width:600px\" srcset=\"https:\/\/mb2812.de\/wp-content\/uploads\/2022\/10\/IMG_6515-768x1024.jpg 768w, https:\/\/mb2812.de\/wp-content\/uploads\/2022\/10\/IMG_6515-225x300.jpg 225w, https:\/\/mb2812.de\/wp-content\/uploads\/2022\/10\/IMG_6515-1152x1536.jpg 1152w, https:\/\/mb2812.de\/wp-content\/uploads\/2022\/10\/IMG_6515-668x891.jpg 668w, https:\/\/mb2812.de\/wp-content\/uploads\/2022\/10\/IMG_6515.jpg 1440w\" sizes=\"auto, (max-width: 768px) 100vw, 768px\" \/><\/a><figcaption class=\"wp-element-caption\"><em>Wie \u00fcblich gibt es nach dem Abendessen noch einen Drink in der Lounge des Hotels<\/em><\/figcaption><\/figure>\n","protected":false},"excerpt":{"rendered":"<p>Wir fahren mit der Gotthardbahn \u00fcber die Bergstrecke ins Tessin nach Locarno, wo uns warmes Wetter mit Sonnenschein erwartet. Am Nachmittag reicht es noch f\u00fcr einen ausf\u00fchrichen ersten Rundgang durch die Stadt.<\/p>\n","protected":false},"author":1,"featured_media":12195,"comment_status":"closed","ping_status":"closed","sticky":false,"template":"","format":"standard","meta":{"footnotes":""},"categories":[379],"tags":[47,62,61,55,48,60],"class_list":["post-12181","post","type-post","status-publish","format-standard","has-post-thumbnail","hentry","category-schweiz-2022","tag-47","tag-gotthard","tag-locarno","tag-luzern","tag-schweiz","tag-tessin"],"_links":{"self":[{"href":"https:\/\/mb2812.de\/index.php?rest_route=\/wp\/v2\/posts\/12181","targetHints":{"allow":["GET"]}}],"collection":[{"href":"https:\/\/mb2812.de\/index.php?rest_route=\/wp\/v2\/posts"}],"about":[{"href":"https:\/\/mb2812.de\/index.php?rest_route=\/wp\/v2\/types\/post"}],"author":[{"embeddable":true,"href":"https:\/\/mb2812.de\/index.php?rest_route=\/wp\/v2\/users\/1"}],"replies":[{"embeddable":true,"href":"https:\/\/mb2812.de\/index.php?rest_route=%2Fwp%2Fv2%2Fcomments&post=12181"}],"version-history":[{"count":20,"href":"https:\/\/mb2812.de\/index.php?rest_route=\/wp\/v2\/posts\/12181\/revisions"}],"predecessor-version":[{"id":16533,"href":"https:\/\/mb2812.de\/index.php?rest_route=\/wp\/v2\/posts\/12181\/revisions\/16533"}],"wp:featuredmedia":[{"embeddable":true,"href":"https:\/\/mb2812.de\/index.php?rest_route=\/wp\/v2\/media\/12195"}],"wp:attachment":[{"href":"https:\/\/mb2812.de\/index.php?rest_route=%2Fwp%2Fv2%2Fmedia&parent=12181"}],"wp:term":[{"taxonomy":"category","embeddable":true,"href":"https:\/\/mb2812.de\/index.php?rest_route=%2Fwp%2Fv2%2Fcategories&post=12181"},{"taxonomy":"post_tag","embeddable":true,"href":"https:\/\/mb2812.de\/index.php?rest_route=%2Fwp%2Fv2%2Ftags&post=12181"}],"curies":[{"name":"wp","href":"https:\/\/api.w.org\/{rel}","templated":true}]}}