{"id":12149,"date":"2022-10-10T09:00:39","date_gmt":"2022-10-10T07:00:39","guid":{"rendered":"http:\/\/reiseblog.mb2812.de\/?p=12149"},"modified":"2025-03-02T16:42:06","modified_gmt":"2025-03-02T14:42:06","slug":"pilatus","status":"publish","type":"post","link":"https:\/\/mb2812.de\/?p=12149","title":{"rendered":"Pilatus"},"content":{"rendered":"\n<p>Nach dem Aufstehen zeigte der Blick durchs Fenster zwar Grau, aber die Webcam vom Pilatusgipfel zeigte klare Sicht. Also wagen wir es, den Ausflug dorthin zu starten.<\/p>\n\n\n\n<p>Nach dem Fr\u00fchst\u00fcck geht es los, und am Bahnhof gab es eine kurze Wartezeit, die ich f\u00fcr einige Fotos nutzte.<\/p>\n\n\n\n<figure class=\"wp-block-image aligncenter size-large is-resized\"><a href=\"https:\/\/mb2812.de\/wp-content\/uploads\/2022\/11\/DSC_9793-NEF_DxO_DeepPRIME.jpg\" target=\"_blank\" rel=\" noreferrer noopener\"><img loading=\"lazy\" decoding=\"async\" width=\"1024\" height=\"819\" src=\"https:\/\/mb2812.de\/wp-content\/uploads\/2022\/11\/DSC_9793-NEF_DxO_DeepPRIME-1024x819.jpg\" alt=\"\" class=\"wp-image-12162\" style=\"width:800px\" srcset=\"https:\/\/mb2812.de\/wp-content\/uploads\/2022\/11\/DSC_9793-NEF_DxO_DeepPRIME-1024x819.jpg 1024w, https:\/\/mb2812.de\/wp-content\/uploads\/2022\/11\/DSC_9793-NEF_DxO_DeepPRIME-300x240.jpg 300w, https:\/\/mb2812.de\/wp-content\/uploads\/2022\/11\/DSC_9793-NEF_DxO_DeepPRIME-768x614.jpg 768w, https:\/\/mb2812.de\/wp-content\/uploads\/2022\/11\/DSC_9793-NEF_DxO_DeepPRIME-1536x1229.jpg 1536w, https:\/\/mb2812.de\/wp-content\/uploads\/2022\/11\/DSC_9793-NEF_DxO_DeepPRIME-668x534.jpg 668w, https:\/\/mb2812.de\/wp-content\/uploads\/2022\/11\/DSC_9793-NEF_DxO_DeepPRIME.jpg 1920w\" sizes=\"auto, (max-width: 1024px) 100vw, 1024px\" \/><\/a><figcaption class=\"wp-element-caption\"><em>Ein &#8222;SPATZ&#8220; (Schmalspur Panorama Triebzug) f\u00e4hrt Richtung Luzern<\/em><\/figcaption><\/figure>\n\n\n\n<!--more-->\n\n\n\n<p>In Alpnachstad verlassen wir die S-Bahn. Nur wenige Meter entfernt findet sich die Talstation der Pilatus Zahnradbahn, und wie bereits an der Schynigen Platte gibt die Infrastruktur keinen 30 Minuten Takt her, so das wir das Umsteigen wieder sehr gem\u00fctlich angehen k\u00f6nnen. Unsere elektronischen Tickets, die ich inzwischen in der SBB App kaufe, tauschen uns zwei Damen um in mit Barcode versehene Papptickets, damit \u00f6ffnen sich dann die Sperren an den Bahnsteigzug\u00e4ngen f\u00fcr uns. Wir werden in einem der nagelneuen Triebwagen den Berg hochgefahren.<\/p>\n\n\n\n<figure class=\"wp-block-image aligncenter size-large is-resized\"><a href=\"https:\/\/mb2812.de\/wp-content\/uploads\/2022\/11\/IMG_6082.jpg\" target=\"_blank\" rel=\" noreferrer noopener\"><img loading=\"lazy\" decoding=\"async\" width=\"1024\" height=\"819\" src=\"https:\/\/mb2812.de\/wp-content\/uploads\/2022\/11\/IMG_6082-1024x819.jpg\" alt=\"\" class=\"wp-image-12165\" style=\"width:800px\" srcset=\"https:\/\/mb2812.de\/wp-content\/uploads\/2022\/11\/IMG_6082-1024x819.jpg 1024w, https:\/\/mb2812.de\/wp-content\/uploads\/2022\/11\/IMG_6082-300x240.jpg 300w, https:\/\/mb2812.de\/wp-content\/uploads\/2022\/11\/IMG_6082-768x614.jpg 768w, https:\/\/mb2812.de\/wp-content\/uploads\/2022\/11\/IMG_6082-1536x1229.jpg 1536w, https:\/\/mb2812.de\/wp-content\/uploads\/2022\/11\/IMG_6082-668x534.jpg 668w, https:\/\/mb2812.de\/wp-content\/uploads\/2022\/11\/IMG_6082.jpg 1920w\" sizes=\"auto, (max-width: 1024px) 100vw, 1024px\" \/><\/a><figcaption class=\"wp-element-caption\"><em>Ausblick auf den Vierwaldst\u00e4ttersee unterwegs<\/em><\/figcaption><\/figure>\n\n\n\n<p>Oben angekommen, machen wir uns z\u00fcgig auf zur Aussichtsterrasse, und das ist auch gut so. Innerhalb weniger Minuten verschwindet der Sonnenschein und der Fernblick und wir befinden uns innerhalb der Wolken.<\/p>\n\n\n\n<figure class=\"wp-block-image aligncenter size-large is-resized\"><a href=\"https:\/\/mb2812.de\/wp-content\/uploads\/2022\/11\/DSC_9805-NEF_DxO_DeepPRIME.jpg\" target=\"_blank\" rel=\" noreferrer noopener\"><img loading=\"lazy\" decoding=\"async\" width=\"1024\" height=\"819\" src=\"https:\/\/mb2812.de\/wp-content\/uploads\/2022\/11\/DSC_9805-NEF_DxO_DeepPRIME-1024x819.jpg\" alt=\"\" class=\"wp-image-12170\" style=\"width:800px\" srcset=\"https:\/\/mb2812.de\/wp-content\/uploads\/2022\/11\/DSC_9805-NEF_DxO_DeepPRIME-1024x819.jpg 1024w, https:\/\/mb2812.de\/wp-content\/uploads\/2022\/11\/DSC_9805-NEF_DxO_DeepPRIME-300x240.jpg 300w, https:\/\/mb2812.de\/wp-content\/uploads\/2022\/11\/DSC_9805-NEF_DxO_DeepPRIME-768x614.jpg 768w, https:\/\/mb2812.de\/wp-content\/uploads\/2022\/11\/DSC_9805-NEF_DxO_DeepPRIME-1536x1229.jpg 1536w, https:\/\/mb2812.de\/wp-content\/uploads\/2022\/11\/DSC_9805-NEF_DxO_DeepPRIME-668x534.jpg 668w, https:\/\/mb2812.de\/wp-content\/uploads\/2022\/11\/DSC_9805-NEF_DxO_DeepPRIME.jpg 1920w\" sizes=\"auto, (max-width: 1024px) 100vw, 1024px\" \/><\/a><figcaption class=\"wp-element-caption\"><em>Bei Sch\u00f6nwetter gibt es einen fantastischen Ausblick \u00fcber Luzern und das Voralpenland<\/em><\/figcaption><\/figure>\n\n\n\n<figure class=\"wp-block-image aligncenter size-large is-resized\"><a href=\"https:\/\/mb2812.de\/wp-content\/uploads\/2022\/11\/DSC_9808-NEF_DxO_DeepPRIME.jpg\" target=\"_blank\" rel=\" noreferrer noopener\"><img loading=\"lazy\" decoding=\"async\" width=\"1024\" height=\"819\" src=\"https:\/\/mb2812.de\/wp-content\/uploads\/2022\/11\/DSC_9808-NEF_DxO_DeepPRIME-1024x819.jpg\" alt=\"\" class=\"wp-image-12154\" style=\"width:800px\" srcset=\"https:\/\/mb2812.de\/wp-content\/uploads\/2022\/11\/DSC_9808-NEF_DxO_DeepPRIME-1024x819.jpg 1024w, https:\/\/mb2812.de\/wp-content\/uploads\/2022\/11\/DSC_9808-NEF_DxO_DeepPRIME-300x240.jpg 300w, https:\/\/mb2812.de\/wp-content\/uploads\/2022\/11\/DSC_9808-NEF_DxO_DeepPRIME-768x614.jpg 768w, https:\/\/mb2812.de\/wp-content\/uploads\/2022\/11\/DSC_9808-NEF_DxO_DeepPRIME-1536x1229.jpg 1536w, https:\/\/mb2812.de\/wp-content\/uploads\/2022\/11\/DSC_9808-NEF_DxO_DeepPRIME-668x534.jpg 668w, https:\/\/mb2812.de\/wp-content\/uploads\/2022\/11\/DSC_9808-NEF_DxO_DeepPRIME.jpg 1920w\" sizes=\"auto, (max-width: 1024px) 100vw, 1024px\" \/><\/a><figcaption class=\"wp-element-caption\"><em>Die ersten Nebelschwaden lassen das historische Hotel im Dunst verschwinden<\/em><\/figcaption><\/figure>\n\n\n\n<figure class=\"wp-block-image aligncenter size-large is-resized\"><a href=\"https:\/\/mb2812.de\/wp-content\/uploads\/2022\/11\/DSC_9806-NEF_DxO_DeepPRIME.jpg\" target=\"_blank\" rel=\" noreferrer noopener\"><img loading=\"lazy\" decoding=\"async\" width=\"1024\" height=\"819\" src=\"https:\/\/mb2812.de\/wp-content\/uploads\/2022\/11\/DSC_9806-NEF_DxO_DeepPRIME-1024x819.jpg\" alt=\"\" class=\"wp-image-12155\" style=\"width:800px\" srcset=\"https:\/\/mb2812.de\/wp-content\/uploads\/2022\/11\/DSC_9806-NEF_DxO_DeepPRIME-1024x819.jpg 1024w, https:\/\/mb2812.de\/wp-content\/uploads\/2022\/11\/DSC_9806-NEF_DxO_DeepPRIME-300x240.jpg 300w, https:\/\/mb2812.de\/wp-content\/uploads\/2022\/11\/DSC_9806-NEF_DxO_DeepPRIME-768x614.jpg 768w, https:\/\/mb2812.de\/wp-content\/uploads\/2022\/11\/DSC_9806-NEF_DxO_DeepPRIME-1536x1229.jpg 1536w, https:\/\/mb2812.de\/wp-content\/uploads\/2022\/11\/DSC_9806-NEF_DxO_DeepPRIME-668x534.jpg 668w, https:\/\/mb2812.de\/wp-content\/uploads\/2022\/11\/DSC_9806-NEF_DxO_DeepPRIME.jpg 1920w\" sizes=\"auto, (max-width: 1024px) 100vw, 1024px\" \/><\/a><figcaption class=\"wp-element-caption\"><em>Und so sah es die meiste Zeit unseres Aufenthalts aus. Wir waren meist ganz knapp unterhalb der Wolken und manchmal auch mittendrin<\/em><\/figcaption><\/figure>\n\n\n\n<figure class=\"wp-block-image aligncenter size-large is-resized\"><a href=\"https:\/\/mb2812.de\/wp-content\/uploads\/2022\/11\/DSC_9809-NEF_DxO_DeepPRIME.jpg\" target=\"_blank\" rel=\" noreferrer noopener\"><img loading=\"lazy\" decoding=\"async\" width=\"1024\" height=\"819\" src=\"https:\/\/mb2812.de\/wp-content\/uploads\/2022\/11\/DSC_9809-NEF_DxO_DeepPRIME-1024x819.jpg\" alt=\"\" class=\"wp-image-12151\" style=\"width:800px\" srcset=\"https:\/\/mb2812.de\/wp-content\/uploads\/2022\/11\/DSC_9809-NEF_DxO_DeepPRIME-1024x819.jpg 1024w, https:\/\/mb2812.de\/wp-content\/uploads\/2022\/11\/DSC_9809-NEF_DxO_DeepPRIME-300x240.jpg 300w, https:\/\/mb2812.de\/wp-content\/uploads\/2022\/11\/DSC_9809-NEF_DxO_DeepPRIME-768x614.jpg 768w, https:\/\/mb2812.de\/wp-content\/uploads\/2022\/11\/DSC_9809-NEF_DxO_DeepPRIME-1536x1229.jpg 1536w, https:\/\/mb2812.de\/wp-content\/uploads\/2022\/11\/DSC_9809-NEF_DxO_DeepPRIME-668x534.jpg 668w, https:\/\/mb2812.de\/wp-content\/uploads\/2022\/11\/DSC_9809-NEF_DxO_DeepPRIME.jpg 1920w\" sizes=\"auto, (max-width: 1024px) 100vw, 1024px\" \/><\/a><figcaption class=\"wp-element-caption\"><em>Zun\u00e4chst warten wir die wieder talw\u00e4rts fahrenden Z\u00fcge ab. Als erster der &#8222;alte&#8220; Triebwagen<\/em><\/figcaption><\/figure>\n\n\n\n<figure class=\"wp-block-image aligncenter size-large\"><a href=\"https:\/\/mb2812.de\/wp-content\/uploads\/2022\/11\/DSC_9812.jpg\" target=\"_blank\" rel=\" noreferrer noopener\"><img loading=\"lazy\" decoding=\"async\" width=\"1024\" height=\"819\" src=\"https:\/\/mb2812.de\/wp-content\/uploads\/2022\/11\/DSC_9812-1024x819.jpg\" alt=\"\" class=\"wp-image-12167\" srcset=\"https:\/\/mb2812.de\/wp-content\/uploads\/2022\/11\/DSC_9812-1024x819.jpg 1024w, https:\/\/mb2812.de\/wp-content\/uploads\/2022\/11\/DSC_9812-300x240.jpg 300w, https:\/\/mb2812.de\/wp-content\/uploads\/2022\/11\/DSC_9812-768x614.jpg 768w, https:\/\/mb2812.de\/wp-content\/uploads\/2022\/11\/DSC_9812-1536x1229.jpg 1536w, https:\/\/mb2812.de\/wp-content\/uploads\/2022\/11\/DSC_9812-668x534.jpg 668w, https:\/\/mb2812.de\/wp-content\/uploads\/2022\/11\/DSC_9812.jpg 1920w\" sizes=\"auto, (max-width: 1024px) 100vw, 1024px\" \/><\/a><figcaption class=\"wp-element-caption\"><em>Und dann der &#8222;Neue&#8220;. Ab 2023 werden diese Triebwagen ausschliesslich unterwegs sein<\/em><\/figcaption><\/figure>\n\n\n\n<p>Wir werden dann zu Gipfelst\u00fcrmern und machen uns an den Aufstieg zum Oberhaupt, 2106 Meter hoch. Das ist nicht weiter schwierig, sind es gerade mal 30 H\u00f6henmeter von der Aussichtsterrasse \u00fcber gut ausgebaute Treppenwege.<\/p>\n\n\n\n<figure class=\"wp-block-image aligncenter size-large is-resized\"><a href=\"https:\/\/mb2812.de\/wp-content\/uploads\/2022\/11\/IMG_6128.jpg\" target=\"_blank\" rel=\" noreferrer noopener\"><img loading=\"lazy\" decoding=\"async\" width=\"1024\" height=\"819\" src=\"https:\/\/mb2812.de\/wp-content\/uploads\/2022\/11\/IMG_6128-1024x819.jpg\" alt=\"\" class=\"wp-image-12166\" style=\"width:800px\" srcset=\"https:\/\/mb2812.de\/wp-content\/uploads\/2022\/11\/IMG_6128-1024x819.jpg 1024w, https:\/\/mb2812.de\/wp-content\/uploads\/2022\/11\/IMG_6128-300x240.jpg 300w, https:\/\/mb2812.de\/wp-content\/uploads\/2022\/11\/IMG_6128-768x614.jpg 768w, https:\/\/mb2812.de\/wp-content\/uploads\/2022\/11\/IMG_6128-1536x1229.jpg 1536w, https:\/\/mb2812.de\/wp-content\/uploads\/2022\/11\/IMG_6128-668x534.jpg 668w, https:\/\/mb2812.de\/wp-content\/uploads\/2022\/11\/IMG_6128.jpg 1920w\" sizes=\"auto, (max-width: 1024px) 100vw, 1024px\" \/><\/a><figcaption class=\"wp-element-caption\"><em>Blick zur\u00fcck auf die Bergstation mit Seilbahn links und Zahnradbahn rechts, im Dunst dahinter der &#8222;Esel&#8220;, 2118 Meter hoch. In der Mitte das zweite Hotel auf dem Gipfel, Bellevue<\/em><\/figcaption><\/figure>\n\n\n\n<figure class=\"wp-block-image aligncenter size-large is-resized\"><a href=\"https:\/\/mb2812.de\/wp-content\/uploads\/2022\/11\/IMG_3993-784.jpg\" target=\"_blank\" rel=\" noreferrer noopener\"><img loading=\"lazy\" decoding=\"async\" width=\"768\" height=\"1024\" src=\"https:\/\/mb2812.de\/wp-content\/uploads\/2022\/11\/IMG_3993-784-768x1024.jpg\" alt=\"\" class=\"wp-image-12150\" style=\"width:600px\" srcset=\"https:\/\/mb2812.de\/wp-content\/uploads\/2022\/11\/IMG_3993-784-768x1024.jpg 768w, https:\/\/mb2812.de\/wp-content\/uploads\/2022\/11\/IMG_3993-784-225x300.jpg 225w, https:\/\/mb2812.de\/wp-content\/uploads\/2022\/11\/IMG_3993-784-1152x1536.jpg 1152w, https:\/\/mb2812.de\/wp-content\/uploads\/2022\/11\/IMG_3993-784-668x891.jpg 668w, https:\/\/mb2812.de\/wp-content\/uploads\/2022\/11\/IMG_3993-784.jpg 1440w\" sizes=\"auto, (max-width: 768px) 100vw, 768px\" \/><\/a><figcaption class=\"wp-element-caption\"><em>Da sind wir vor dem Gipfelkreuz<\/em><\/figcaption><\/figure>\n\n\n\n<figure class=\"wp-block-image aligncenter size-large is-resized\"><a href=\"https:\/\/mb2812.de\/wp-content\/uploads\/2022\/11\/IMG_6138.jpg\" target=\"_blank\" rel=\" noreferrer noopener\"><img loading=\"lazy\" decoding=\"async\" width=\"768\" height=\"1024\" src=\"https:\/\/mb2812.de\/wp-content\/uploads\/2022\/11\/IMG_6138-768x1024.jpg\" alt=\"\" class=\"wp-image-12152\" style=\"width:600px\" srcset=\"https:\/\/mb2812.de\/wp-content\/uploads\/2022\/11\/IMG_6138-768x1024.jpg 768w, https:\/\/mb2812.de\/wp-content\/uploads\/2022\/11\/IMG_6138-225x300.jpg 225w, https:\/\/mb2812.de\/wp-content\/uploads\/2022\/11\/IMG_6138-1152x1536.jpg 1152w, https:\/\/mb2812.de\/wp-content\/uploads\/2022\/11\/IMG_6138-668x891.jpg 668w, https:\/\/mb2812.de\/wp-content\/uploads\/2022\/11\/IMG_6138.jpg 1440w\" sizes=\"auto, (max-width: 768px) 100vw, 768px\" \/><\/a><figcaption class=\"wp-element-caption\"><em>Ausblick auf die Klimsenkapelle, 1861 eingeweiht<\/em><\/figcaption><\/figure>\n\n\n\n<figure class=\"wp-block-image aligncenter size-large is-resized\"><a href=\"https:\/\/mb2812.de\/wp-content\/uploads\/2022\/11\/DSC_9818-NEF_DxO_DeepPRIME.jpg\" target=\"_blank\" rel=\" noreferrer noopener\"><img loading=\"lazy\" decoding=\"async\" width=\"768\" height=\"1024\" src=\"https:\/\/mb2812.de\/wp-content\/uploads\/2022\/11\/DSC_9818-NEF_DxO_DeepPRIME-768x1024.jpg\" alt=\"\" class=\"wp-image-12164\" style=\"width:600px\" srcset=\"https:\/\/mb2812.de\/wp-content\/uploads\/2022\/11\/DSC_9818-NEF_DxO_DeepPRIME-768x1024.jpg 768w, https:\/\/mb2812.de\/wp-content\/uploads\/2022\/11\/DSC_9818-NEF_DxO_DeepPRIME-225x300.jpg 225w, https:\/\/mb2812.de\/wp-content\/uploads\/2022\/11\/DSC_9818-NEF_DxO_DeepPRIME-1152x1536.jpg 1152w, https:\/\/mb2812.de\/wp-content\/uploads\/2022\/11\/DSC_9818-NEF_DxO_DeepPRIME-668x891.jpg 668w, https:\/\/mb2812.de\/wp-content\/uploads\/2022\/11\/DSC_9818-NEF_DxO_DeepPRIME.jpg 1440w\" sizes=\"auto, (max-width: 768px) 100vw, 768px\" \/><\/a><figcaption class=\"wp-element-caption\"><em>Wir kommen wieder am Kulm Hotel vorbei, auf der Terrasse mag niemand sitzen<\/em><\/figcaption><\/figure>\n\n\n\n<figure class=\"wp-block-image aligncenter size-large is-resized\"><a href=\"https:\/\/mb2812.de\/wp-content\/uploads\/2022\/11\/DSC_9821-NEF_DxO_DeepPRIME.jpg\" target=\"_blank\" rel=\" noreferrer noopener\"><img loading=\"lazy\" decoding=\"async\" width=\"1024\" height=\"819\" src=\"https:\/\/mb2812.de\/wp-content\/uploads\/2022\/11\/DSC_9821-NEF_DxO_DeepPRIME-1024x819.jpg\" alt=\"\" class=\"wp-image-12159\" style=\"width:800px\" srcset=\"https:\/\/mb2812.de\/wp-content\/uploads\/2022\/11\/DSC_9821-NEF_DxO_DeepPRIME-1024x819.jpg 1024w, https:\/\/mb2812.de\/wp-content\/uploads\/2022\/11\/DSC_9821-NEF_DxO_DeepPRIME-300x240.jpg 300w, https:\/\/mb2812.de\/wp-content\/uploads\/2022\/11\/DSC_9821-NEF_DxO_DeepPRIME-768x614.jpg 768w, https:\/\/mb2812.de\/wp-content\/uploads\/2022\/11\/DSC_9821-NEF_DxO_DeepPRIME-1536x1229.jpg 1536w, https:\/\/mb2812.de\/wp-content\/uploads\/2022\/11\/DSC_9821-NEF_DxO_DeepPRIME-668x534.jpg 668w, https:\/\/mb2812.de\/wp-content\/uploads\/2022\/11\/DSC_9821-NEF_DxO_DeepPRIME.jpg 1920w\" sizes=\"auto, (max-width: 1024px) 100vw, 1024px\" \/><\/a><figcaption class=\"wp-element-caption\"><em>Es klart etwas auf, und wir laufen einen der Wanderwege entlang in Richtung T\u00f6mlishorn<\/em><\/figcaption><\/figure>\n\n\n\n<figure class=\"wp-block-image aligncenter size-large is-resized\"><a href=\"https:\/\/mb2812.de\/wp-content\/uploads\/2022\/11\/IMG_6167.jpg\" target=\"_blank\" rel=\" noreferrer noopener\"><img loading=\"lazy\" decoding=\"async\" width=\"768\" height=\"1024\" src=\"https:\/\/mb2812.de\/wp-content\/uploads\/2022\/11\/IMG_6167-768x1024.jpg\" alt=\"\" class=\"wp-image-12168\" style=\"width:600px\" srcset=\"https:\/\/mb2812.de\/wp-content\/uploads\/2022\/11\/IMG_6167-768x1024.jpg 768w, https:\/\/mb2812.de\/wp-content\/uploads\/2022\/11\/IMG_6167-225x300.jpg 225w, https:\/\/mb2812.de\/wp-content\/uploads\/2022\/11\/IMG_6167-1152x1536.jpg 1152w, https:\/\/mb2812.de\/wp-content\/uploads\/2022\/11\/IMG_6167-668x891.jpg 668w, https:\/\/mb2812.de\/wp-content\/uploads\/2022\/11\/IMG_6167.jpg 1440w\" sizes=\"auto, (max-width: 768px) 100vw, 768px\" \/><\/a><figcaption class=\"wp-element-caption\"><em>Der Weg ist jetzt auch f\u00fcr Gro\u00dfst\u00e4dter in Turnschuhen kein Problem<\/em><\/figcaption><\/figure>\n\n\n\n<p>Der auch als &#8222;Blumenweg&#8220; bezeichnete Weg ist praktisch eben und v\u00f6llig problemlos zu laufen. Etwa einen Kilometer laufen wir Richtung T\u00f6mlishorn, dann drehen wir um.<\/p>\n\n\n\n<figure class=\"wp-block-image aligncenter size-large is-resized\"><a href=\"https:\/\/mb2812.de\/wp-content\/uploads\/2022\/11\/DSC_9827-NEF_DxO_DeepPRIME.jpg\" target=\"_blank\" rel=\" noreferrer noopener\"><img loading=\"lazy\" decoding=\"async\" width=\"1024\" height=\"819\" src=\"https:\/\/mb2812.de\/wp-content\/uploads\/2022\/11\/DSC_9827-NEF_DxO_DeepPRIME-1024x819.jpg\" alt=\"\" class=\"wp-image-12156\" style=\"width:800px\" srcset=\"https:\/\/mb2812.de\/wp-content\/uploads\/2022\/11\/DSC_9827-NEF_DxO_DeepPRIME-1024x819.jpg 1024w, https:\/\/mb2812.de\/wp-content\/uploads\/2022\/11\/DSC_9827-NEF_DxO_DeepPRIME-300x240.jpg 300w, https:\/\/mb2812.de\/wp-content\/uploads\/2022\/11\/DSC_9827-NEF_DxO_DeepPRIME-768x614.jpg 768w, https:\/\/mb2812.de\/wp-content\/uploads\/2022\/11\/DSC_9827-NEF_DxO_DeepPRIME-1536x1229.jpg 1536w, https:\/\/mb2812.de\/wp-content\/uploads\/2022\/11\/DSC_9827-NEF_DxO_DeepPRIME-668x534.jpg 668w, https:\/\/mb2812.de\/wp-content\/uploads\/2022\/11\/DSC_9827-NEF_DxO_DeepPRIME.jpg 1920w\" sizes=\"auto, (max-width: 1024px) 100vw, 1024px\" \/><\/a><figcaption class=\"wp-element-caption\"><em>Dann und wann gibt der Nebel Teile der Bergwelt frei<\/em><\/figcaption><\/figure>\n\n\n\n<p>Auf dem R\u00fcckweg biegen wir ab und gehen entlang des in den Felsen gehauenen Drachenweges. Dabei gibt es dann und wann einen Blick durch die Wolken aufs Voralpenland<\/p>\n\n\n\n<figure class=\"wp-block-image aligncenter size-large is-resized\"><a href=\"https:\/\/mb2812.de\/wp-content\/uploads\/2022\/11\/IMG_6227.jpg\" target=\"_blank\" rel=\" noreferrer noopener\"><img loading=\"lazy\" decoding=\"async\" width=\"1024\" height=\"819\" src=\"https:\/\/mb2812.de\/wp-content\/uploads\/2022\/11\/IMG_6227-1024x819.jpg\" alt=\"\" class=\"wp-image-12161\" style=\"width:800px\" srcset=\"https:\/\/mb2812.de\/wp-content\/uploads\/2022\/11\/IMG_6227-1024x819.jpg 1024w, https:\/\/mb2812.de\/wp-content\/uploads\/2022\/11\/IMG_6227-300x240.jpg 300w, https:\/\/mb2812.de\/wp-content\/uploads\/2022\/11\/IMG_6227-768x614.jpg 768w, https:\/\/mb2812.de\/wp-content\/uploads\/2022\/11\/IMG_6227-1536x1229.jpg 1536w, https:\/\/mb2812.de\/wp-content\/uploads\/2022\/11\/IMG_6227-668x534.jpg 668w, https:\/\/mb2812.de\/wp-content\/uploads\/2022\/11\/IMG_6227.jpg 1920w\" sizes=\"auto, (max-width: 1024px) 100vw, 1024px\" \/><\/a><figcaption class=\"wp-element-caption\"><em>Von Wolkenfetzen umgeben: die Klimsenkapelle<\/em><\/figcaption><\/figure>\n\n\n\n<figure class=\"wp-block-image aligncenter size-large\"><a href=\"https:\/\/mb2812.de\/wp-content\/uploads\/2022\/11\/DSC_9839-NEF_DxO_DeepPRIME.jpg\" target=\"_blank\" rel=\" noreferrer noopener\"><img loading=\"lazy\" decoding=\"async\" width=\"1024\" height=\"819\" src=\"https:\/\/mb2812.de\/wp-content\/uploads\/2022\/11\/DSC_9839-NEF_DxO_DeepPRIME-1024x819.jpg\" alt=\"\" class=\"wp-image-12160\" srcset=\"https:\/\/mb2812.de\/wp-content\/uploads\/2022\/11\/DSC_9839-NEF_DxO_DeepPRIME-1024x819.jpg 1024w, https:\/\/mb2812.de\/wp-content\/uploads\/2022\/11\/DSC_9839-NEF_DxO_DeepPRIME-300x240.jpg 300w, https:\/\/mb2812.de\/wp-content\/uploads\/2022\/11\/DSC_9839-NEF_DxO_DeepPRIME-768x614.jpg 768w, https:\/\/mb2812.de\/wp-content\/uploads\/2022\/11\/DSC_9839-NEF_DxO_DeepPRIME-1536x1229.jpg 1536w, https:\/\/mb2812.de\/wp-content\/uploads\/2022\/11\/DSC_9839-NEF_DxO_DeepPRIME-668x534.jpg 668w, https:\/\/mb2812.de\/wp-content\/uploads\/2022\/11\/DSC_9839-NEF_DxO_DeepPRIME.jpg 1920w\" sizes=\"auto, (max-width: 1024px) 100vw, 1024px\" \/><\/a><figcaption class=\"wp-element-caption\"><em>Auch haben wir nochmal einen Blick auf die Bergstation und dahinter den Esel<\/em><\/figcaption><\/figure>\n\n\n\n<p>Der &nbsp;Drachenweg endet direkt an der Bergstation, damit ist f\u00fcr uns Zeit f\u00fcr die Kaffeepause. Danach machen wir uns noch an den beschwerlichsten Teil unseres Besuches, wir steigen hoch zum Esel. Mit Aussicht ist dort leider nichts.<\/p>\n\n\n\n<figure class=\"wp-block-image aligncenter size-large is-resized\"><a href=\"https:\/\/mb2812.de\/wp-content\/uploads\/2022\/11\/IMG_6240.jpg\" target=\"_blank\" rel=\" noreferrer noopener\"><img loading=\"lazy\" decoding=\"async\" width=\"768\" height=\"1024\" src=\"https:\/\/mb2812.de\/wp-content\/uploads\/2022\/11\/IMG_6240-768x1024.jpg\" alt=\"\" class=\"wp-image-12158\" style=\"width:600px\" srcset=\"https:\/\/mb2812.de\/wp-content\/uploads\/2022\/11\/IMG_6240-768x1024.jpg 768w, https:\/\/mb2812.de\/wp-content\/uploads\/2022\/11\/IMG_6240-225x300.jpg 225w, https:\/\/mb2812.de\/wp-content\/uploads\/2022\/11\/IMG_6240-1152x1536.jpg 1152w, https:\/\/mb2812.de\/wp-content\/uploads\/2022\/11\/IMG_6240-668x891.jpg 668w, https:\/\/mb2812.de\/wp-content\/uploads\/2022\/11\/IMG_6240.jpg 1440w\" sizes=\"auto, (max-width: 768px) 100vw, 768px\" \/><\/a><figcaption class=\"wp-element-caption\"><em>Auf den Treppen zum Esel vor dem Hotel Bellevue<\/em><\/figcaption><\/figure>\n\n\n\n<figure class=\"wp-block-image aligncenter size-large is-resized\"><a href=\"https:\/\/mb2812.de\/wp-content\/uploads\/2022\/11\/IMG_6262.jpg\" target=\"_blank\" rel=\" noreferrer noopener\"><img loading=\"lazy\" decoding=\"async\" width=\"768\" height=\"1024\" src=\"https:\/\/mb2812.de\/wp-content\/uploads\/2022\/11\/IMG_6262-768x1024.jpg\" alt=\"\" class=\"wp-image-12171\" style=\"width:600px\" srcset=\"https:\/\/mb2812.de\/wp-content\/uploads\/2022\/11\/IMG_6262-768x1024.jpg 768w, https:\/\/mb2812.de\/wp-content\/uploads\/2022\/11\/IMG_6262-225x300.jpg 225w, https:\/\/mb2812.de\/wp-content\/uploads\/2022\/11\/IMG_6262-1152x1536.jpg 1152w, https:\/\/mb2812.de\/wp-content\/uploads\/2022\/11\/IMG_6262-668x891.jpg 668w, https:\/\/mb2812.de\/wp-content\/uploads\/2022\/11\/IMG_6262.jpg 1440w\" sizes=\"auto, (max-width: 768px) 100vw, 768px\" \/><\/a><figcaption class=\"wp-element-caption\"><em>Und das ist der Gipfel<\/em><\/figcaption><\/figure>\n\n\n\n<p>Damit beenden wir unseren Besuch und wollen wieder mit der Zahnradbahn nach Alpnachstad fahren. Es ist gerade wieder eine L\u00fccke im Fahrplan und wir sitzen etwa 30 Minuten auf einer Bank in der Station ohne Sicht nach drau\u00dfen. Und als es dann los geht und der Triebwagen ins Freie kommt, wundern wir uns: Die Wolken sind weg, wir haben wieder freie Aussicht.<\/p>\n\n\n\n<p>Zwei Fotos von der Talfahrt:<\/p>\n\n\n\n<figure class=\"wp-block-image aligncenter size-large is-resized\"><a href=\"https:\/\/mb2812.de\/wp-content\/uploads\/2022\/11\/DSC_9843-NEF_DxO_DeepPRIME.jpg\" target=\"_blank\" rel=\" noreferrer noopener\"><img loading=\"lazy\" decoding=\"async\" width=\"1024\" height=\"819\" src=\"https:\/\/mb2812.de\/wp-content\/uploads\/2022\/11\/DSC_9843-NEF_DxO_DeepPRIME-1024x819.jpg\" alt=\"\" class=\"wp-image-12153\" style=\"width:800px\" srcset=\"https:\/\/mb2812.de\/wp-content\/uploads\/2022\/11\/DSC_9843-NEF_DxO_DeepPRIME-1024x819.jpg 1024w, https:\/\/mb2812.de\/wp-content\/uploads\/2022\/11\/DSC_9843-NEF_DxO_DeepPRIME-300x240.jpg 300w, https:\/\/mb2812.de\/wp-content\/uploads\/2022\/11\/DSC_9843-NEF_DxO_DeepPRIME-768x614.jpg 768w, https:\/\/mb2812.de\/wp-content\/uploads\/2022\/11\/DSC_9843-NEF_DxO_DeepPRIME-1536x1229.jpg 1536w, https:\/\/mb2812.de\/wp-content\/uploads\/2022\/11\/DSC_9843-NEF_DxO_DeepPRIME-668x534.jpg 668w, https:\/\/mb2812.de\/wp-content\/uploads\/2022\/11\/DSC_9843-NEF_DxO_DeepPRIME.jpg 1920w\" sizes=\"auto, (max-width: 1024px) 100vw, 1024px\" \/><\/a><\/figure>\n\n\n\n<div style=\"height:15px\" aria-hidden=\"true\" class=\"wp-block-spacer\"><\/div>\n\n\n\n<figure class=\"wp-block-image aligncenter size-large is-resized\"><a href=\"https:\/\/mb2812.de\/wp-content\/uploads\/2022\/11\/DSC_9850-NEF_DxO_DeepPRIME.jpg\" target=\"_blank\" rel=\" noreferrer noopener\"><img loading=\"lazy\" decoding=\"async\" width=\"768\" height=\"1024\" src=\"https:\/\/mb2812.de\/wp-content\/uploads\/2022\/11\/DSC_9850-NEF_DxO_DeepPRIME-768x1024.jpg\" alt=\"\" class=\"wp-image-12163\" style=\"width:600px\" srcset=\"https:\/\/mb2812.de\/wp-content\/uploads\/2022\/11\/DSC_9850-NEF_DxO_DeepPRIME-768x1024.jpg 768w, https:\/\/mb2812.de\/wp-content\/uploads\/2022\/11\/DSC_9850-NEF_DxO_DeepPRIME-225x300.jpg 225w, https:\/\/mb2812.de\/wp-content\/uploads\/2022\/11\/DSC_9850-NEF_DxO_DeepPRIME-1152x1536.jpg 1152w, https:\/\/mb2812.de\/wp-content\/uploads\/2022\/11\/DSC_9850-NEF_DxO_DeepPRIME-668x891.jpg 668w, https:\/\/mb2812.de\/wp-content\/uploads\/2022\/11\/DSC_9850-NEF_DxO_DeepPRIME.jpg 1440w\" sizes=\"auto, (max-width: 768px) 100vw, 768px\" \/><\/a><\/figure>\n\n\n\n<div style=\"height:15px\" aria-hidden=\"true\" class=\"wp-block-spacer\"><\/div>\n\n\n\n<p>Unten angekommen, haben wir wieder etwas Zeit beim Umsteigen und laufen noch kurz zum Ufer des Vierwaldst\u00e4ttersees.<\/p>\n\n\n\n<figure class=\"wp-block-image aligncenter size-large is-resized\"><a href=\"https:\/\/mb2812.de\/wp-content\/uploads\/2022\/11\/DSC_9854-NEF_DxO_DeepPRIME.jpg\" target=\"_blank\" rel=\" noreferrer noopener\"><img loading=\"lazy\" decoding=\"async\" width=\"1024\" height=\"819\" src=\"https:\/\/mb2812.de\/wp-content\/uploads\/2022\/11\/DSC_9854-NEF_DxO_DeepPRIME-1024x819.jpg\" alt=\"\" class=\"wp-image-12157\" style=\"width:800px\" srcset=\"https:\/\/mb2812.de\/wp-content\/uploads\/2022\/11\/DSC_9854-NEF_DxO_DeepPRIME-1024x819.jpg 1024w, https:\/\/mb2812.de\/wp-content\/uploads\/2022\/11\/DSC_9854-NEF_DxO_DeepPRIME-300x240.jpg 300w, https:\/\/mb2812.de\/wp-content\/uploads\/2022\/11\/DSC_9854-NEF_DxO_DeepPRIME-768x614.jpg 768w, https:\/\/mb2812.de\/wp-content\/uploads\/2022\/11\/DSC_9854-NEF_DxO_DeepPRIME-1536x1229.jpg 1536w, https:\/\/mb2812.de\/wp-content\/uploads\/2022\/11\/DSC_9854-NEF_DxO_DeepPRIME-668x534.jpg 668w, https:\/\/mb2812.de\/wp-content\/uploads\/2022\/11\/DSC_9854-NEF_DxO_DeepPRIME.jpg 1920w\" sizes=\"auto, (max-width: 1024px) 100vw, 1024px\" \/><\/a><figcaption class=\"wp-element-caption\"><em>Blick \u00fcber den Vierwaldst\u00e4ttersee nach Stansstad<\/em><\/figcaption><\/figure>\n\n\n\n<figure class=\"wp-block-image aligncenter size-large is-resized\"><a href=\"https:\/\/mb2812.de\/wp-content\/uploads\/2022\/11\/DSC_9857-NEF_DxO_DeepPRIME.jpg\" target=\"_blank\" rel=\" noreferrer noopener\"><img loading=\"lazy\" decoding=\"async\" width=\"1024\" height=\"819\" src=\"https:\/\/mb2812.de\/wp-content\/uploads\/2022\/11\/DSC_9857-NEF_DxO_DeepPRIME-1024x819.jpg\" alt=\"\" class=\"wp-image-12169\" style=\"width:800px\" srcset=\"https:\/\/mb2812.de\/wp-content\/uploads\/2022\/11\/DSC_9857-NEF_DxO_DeepPRIME-1024x819.jpg 1024w, https:\/\/mb2812.de\/wp-content\/uploads\/2022\/11\/DSC_9857-NEF_DxO_DeepPRIME-300x240.jpg 300w, https:\/\/mb2812.de\/wp-content\/uploads\/2022\/11\/DSC_9857-NEF_DxO_DeepPRIME-768x614.jpg 768w, https:\/\/mb2812.de\/wp-content\/uploads\/2022\/11\/DSC_9857-NEF_DxO_DeepPRIME-1536x1229.jpg 1536w, https:\/\/mb2812.de\/wp-content\/uploads\/2022\/11\/DSC_9857-NEF_DxO_DeepPRIME-668x534.jpg 668w, https:\/\/mb2812.de\/wp-content\/uploads\/2022\/11\/DSC_9857-NEF_DxO_DeepPRIME.jpg 1920w\" sizes=\"auto, (max-width: 1024px) 100vw, 1024px\" \/><\/a><figcaption class=\"wp-element-caption\"><em>Noch ein Blick auf die Talstation der Pilatusbahn<\/em><\/figcaption><\/figure>\n\n\n\n<p>Dann geht es aber mit der S-Bahn zur\u00fcck nach Kriens zu unserem Hotel. Zum Abendessen wollten wir zun\u00e4chst zum Asiaten direkt nebenan, aber bei dem ist &#8222;All You Can Eat Sushi&#8220;-Tag und dementsprechend voll und Sushi ist jetzt auch nicht so unsere Sache, also laufen wir nochmal in Steakhouse Kuonimatt. Das Cordon Bleu dort war sehr gut und ist mehr unsere Sache.<\/p>\n","protected":false},"excerpt":{"rendered":"<p>Der Hausbergs Luzerns, der 2128 Meter hohe Pilatus, steht heute auf dem Programm. Hin- und zur\u00fcck ben\u00fctzen wir die Zahnradbahn<\/p>\n","protected":false},"author":1,"featured_media":12160,"comment_status":"closed","ping_status":"closed","sticky":false,"template":"","format":"standard","meta":{"footnotes":""},"categories":[379],"tags":[47,55,59,48,49],"class_list":["post-12149","post","type-post","status-publish","format-standard","has-post-thumbnail","hentry","category-schweiz-2022","tag-47","tag-luzern","tag-pilatus","tag-schweiz","tag-zentralschweiz"],"_links":{"self":[{"href":"https:\/\/mb2812.de\/index.php?rest_route=\/wp\/v2\/posts\/12149","targetHints":{"allow":["GET"]}}],"collection":[{"href":"https:\/\/mb2812.de\/index.php?rest_route=\/wp\/v2\/posts"}],"about":[{"href":"https:\/\/mb2812.de\/index.php?rest_route=\/wp\/v2\/types\/post"}],"author":[{"embeddable":true,"href":"https:\/\/mb2812.de\/index.php?rest_route=\/wp\/v2\/users\/1"}],"replies":[{"embeddable":true,"href":"https:\/\/mb2812.de\/index.php?rest_route=%2Fwp%2Fv2%2Fcomments&post=12149"}],"version-history":[{"count":12,"href":"https:\/\/mb2812.de\/index.php?rest_route=\/wp\/v2\/posts\/12149\/revisions"}],"predecessor-version":[{"id":16510,"href":"https:\/\/mb2812.de\/index.php?rest_route=\/wp\/v2\/posts\/12149\/revisions\/16510"}],"wp:featuredmedia":[{"embeddable":true,"href":"https:\/\/mb2812.de\/index.php?rest_route=\/wp\/v2\/media\/12160"}],"wp:attachment":[{"href":"https:\/\/mb2812.de\/index.php?rest_route=%2Fwp%2Fv2%2Fmedia&parent=12149"}],"wp:term":[{"taxonomy":"category","embeddable":true,"href":"https:\/\/mb2812.de\/index.php?rest_route=%2Fwp%2Fv2%2Fcategories&post=12149"},{"taxonomy":"post_tag","embeddable":true,"href":"https:\/\/mb2812.de\/index.php?rest_route=%2Fwp%2Fv2%2Ftags&post=12149"}],"curies":[{"name":"wp","href":"https:\/\/api.w.org\/{rel}","templated":true}]}}