{"id":12096,"date":"2022-10-09T09:00:38","date_gmt":"2022-10-09T07:00:38","guid":{"rendered":"http:\/\/reiseblog.mb2812.de\/?p=12096"},"modified":"2025-03-02T16:21:29","modified_gmt":"2025-03-02T14:21:29","slug":"luzern-und-zuerich","status":"publish","type":"post","link":"https:\/\/mb2812.de\/?p=12096","title":{"rendered":"Luzern und Z\u00fcrich"},"content":{"rendered":"\n<p>Wie &nbsp;uns irgendwann mal auffiel, waren wir in diesem Urlaub ungef\u00e4hrt jeden zweiten Tag nicht so gut drauf, und Heute war wohl der schlechteste Tag von Allen. War der gestrige Tag \u00fcberhaupt kein Problem gewesen, vom Kofferschleppen bergauf in Spiez bis zum sp\u00e4ten Abendessen auf dem B\u00fcrgenstock, sah es heute total anders aus. Ich f\u00fchlte mich am Morgen total unlustig und ausgepowert. Das besserte sich ab Mittag, aber dann schw\u00e4chelte Stephan. Vielleicht lag es am Wetter. Wir hatten den ganzen Tag tiefh\u00e4ngende graue Wolken, die mit Regen drohten und warm war es auch nicht. Sowas ist nun mal nicht stimmungsf\u00f6rdernd.<\/p>\n\n\n\n<p>F\u00fcr den Aufenthalt in Luzern stand eine Fahrt mit der Zahnradbahn auf den Pilatus dem Programm, aber der Blick auf die &nbsp;Gipfel-Webcam zeigte nur graue Nebelsuppe, damit war die Fahrt heute gestrichen. Stattdessen sind wir nach Luzern gefahren und begannen dort mit einem Stadtrundgang.<\/p>\n\n\n\n<p>Zun\u00e4chst mal entlang der Pilatusstra\u00dfe zur Luzerner Kantonalbank. Ich hatte noch einen alten 100 Franken Schein und musste erfahren. das der nur bei der Schweizer Nationalbank oder einer ihrer Agenturen umgetauscht werden konnte. Und die Luzerner Kantonalbank war so ziemlich die einzige Agentur, an der wir die an einem Werktag vorbeikommen konnten &#8211; \u00fcbermorgen, beim Umsteigen auf dem Weg ins Tessin. Also hab ich heute schon mal Eingang und \u00d6ffnungszeiten abgecheckt. Danach gingen wir dann in die schmalen Gassen hinein bis zur Reuss und dort am Ufer nordw\u00e4rts.<\/p>\n\n\n\n<figure class=\"wp-block-image aligncenter size-large is-resized\"><a href=\"https:\/\/mb2812.de\/wp-content\/uploads\/2022\/11\/IMG_3928-770.jpg\" target=\"_blank\" rel=\" noreferrer noopener\"><img loading=\"lazy\" decoding=\"async\" width=\"768\" height=\"1024\" src=\"https:\/\/mb2812.de\/wp-content\/uploads\/2022\/11\/IMG_3928-770-768x1024.jpg\" alt=\"\" class=\"wp-image-12097\" style=\"width:600px\" srcset=\"https:\/\/mb2812.de\/wp-content\/uploads\/2022\/11\/IMG_3928-770-768x1024.jpg 768w, https:\/\/mb2812.de\/wp-content\/uploads\/2022\/11\/IMG_3928-770-225x300.jpg 225w, https:\/\/mb2812.de\/wp-content\/uploads\/2022\/11\/IMG_3928-770-1152x1536.jpg 1152w, https:\/\/mb2812.de\/wp-content\/uploads\/2022\/11\/IMG_3928-770-668x891.jpg 668w, https:\/\/mb2812.de\/wp-content\/uploads\/2022\/11\/IMG_3928-770.jpg 1440w\" sizes=\"auto, (max-width: 768px) 100vw, 768px\" \/><\/a><figcaption class=\"wp-element-caption\"><em>Wir kamen an der Jesuitenkirche vorbei. So aus der N\u00e4he ist sie kaum vern\u00fcnftig in voller Gr\u00f6\u00dfe zu fotografieren &#8211; hier das Einfangsportal<\/em><\/figcaption><\/figure>\n\n\n\n<!--more-->\n\n\n\n<figure class=\"wp-block-image aligncenter size-large is-resized\"><a href=\"https:\/\/mb2812.de\/wp-content\/uploads\/2022\/11\/IMG_3931-771.jpg\" target=\"_blank\" rel=\" noreferrer noopener\"><img loading=\"lazy\" decoding=\"async\" width=\"1024\" height=\"819\" src=\"https:\/\/mb2812.de\/wp-content\/uploads\/2022\/11\/IMG_3931-771-1024x819.jpg\" alt=\"\" class=\"wp-image-12106\" style=\"width:800px\" srcset=\"https:\/\/mb2812.de\/wp-content\/uploads\/2022\/11\/IMG_3931-771-1024x819.jpg 1024w, https:\/\/mb2812.de\/wp-content\/uploads\/2022\/11\/IMG_3931-771-300x240.jpg 300w, https:\/\/mb2812.de\/wp-content\/uploads\/2022\/11\/IMG_3931-771-768x614.jpg 768w, https:\/\/mb2812.de\/wp-content\/uploads\/2022\/11\/IMG_3931-771-1536x1229.jpg 1536w, https:\/\/mb2812.de\/wp-content\/uploads\/2022\/11\/IMG_3931-771-668x534.jpg 668w, https:\/\/mb2812.de\/wp-content\/uploads\/2022\/11\/IMG_3931-771.jpg 1920w\" sizes=\"auto, (max-width: 1024px) 100vw, 1024px\" \/><\/a><figcaption class=\"wp-element-caption\"><em>Reussabw\u00e4rts der Rathaussteg und oben am Hang das Ch\u00e2teau G\u00fctsch<\/em><\/figcaption><\/figure>\n\n\n\n<figure class=\"wp-block-image aligncenter size-large is-resized\"><a href=\"https:\/\/mb2812.de\/wp-content\/uploads\/2022\/11\/IMG_5875-773.jpg\" target=\"_blank\" rel=\" noreferrer noopener\"><img loading=\"lazy\" decoding=\"async\" width=\"1024\" height=\"819\" src=\"https:\/\/mb2812.de\/wp-content\/uploads\/2022\/11\/IMG_5875-773-1024x819.jpg\" alt=\"\" class=\"wp-image-12111\" style=\"width:800px\" srcset=\"https:\/\/mb2812.de\/wp-content\/uploads\/2022\/11\/IMG_5875-773-1024x819.jpg 1024w, https:\/\/mb2812.de\/wp-content\/uploads\/2022\/11\/IMG_5875-773-300x240.jpg 300w, https:\/\/mb2812.de\/wp-content\/uploads\/2022\/11\/IMG_5875-773-768x614.jpg 768w, https:\/\/mb2812.de\/wp-content\/uploads\/2022\/11\/IMG_5875-773-1536x1229.jpg 1536w, https:\/\/mb2812.de\/wp-content\/uploads\/2022\/11\/IMG_5875-773-668x534.jpg 668w, https:\/\/mb2812.de\/wp-content\/uploads\/2022\/11\/IMG_5875-773.jpg 1920w\" sizes=\"auto, (max-width: 1024px) 100vw, 1024px\" \/><\/a><figcaption class=\"wp-element-caption\"><em>Zum See hin nat\u00fcrlich die Kapellbr\u00fccke, etwas verdeckt vom Rathaussteg, und links das Rathaus mit seinem Turm<\/em><\/figcaption><\/figure>\n\n\n\n<figure class=\"wp-block-image aligncenter size-large is-resized\"><a href=\"https:\/\/mb2812.de\/wp-content\/uploads\/2022\/11\/IMG_3936.jpg\" target=\"_blank\" rel=\" noreferrer noopener\"><img loading=\"lazy\" decoding=\"async\" width=\"1024\" height=\"819\" src=\"https:\/\/mb2812.de\/wp-content\/uploads\/2022\/11\/IMG_3936-1024x819.jpg\" alt=\"\" class=\"wp-image-12107\" style=\"width:800px\" srcset=\"https:\/\/mb2812.de\/wp-content\/uploads\/2022\/11\/IMG_3936-1024x819.jpg 1024w, https:\/\/mb2812.de\/wp-content\/uploads\/2022\/11\/IMG_3936-300x240.jpg 300w, https:\/\/mb2812.de\/wp-content\/uploads\/2022\/11\/IMG_3936-768x614.jpg 768w, https:\/\/mb2812.de\/wp-content\/uploads\/2022\/11\/IMG_3936-1536x1229.jpg 1536w, https:\/\/mb2812.de\/wp-content\/uploads\/2022\/11\/IMG_3936-668x534.jpg 668w, https:\/\/mb2812.de\/wp-content\/uploads\/2022\/11\/IMG_3936.jpg 1920w\" sizes=\"auto, (max-width: 1024px) 100vw, 1024px\" \/><\/a><figcaption class=\"wp-element-caption\"><em>Hinter den Geb\u00e4uden am M\u00fchlenplatz ragen die T\u00fcrme der Museggmauer auf, diese wurden jetzt unser n\u00e4chstes Ziel<\/em><\/figcaption><\/figure>\n\n\n\n<figure class=\"wp-block-image aligncenter size-large is-resized\"><a href=\"https:\/\/mb2812.de\/wp-content\/uploads\/2022\/11\/IMG_5896.jpg\" target=\"_blank\" rel=\" noreferrer noopener\"><img loading=\"lazy\" decoding=\"async\" width=\"768\" height=\"1024\" src=\"https:\/\/mb2812.de\/wp-content\/uploads\/2022\/11\/IMG_5896-768x1024.jpg\" alt=\"\" class=\"wp-image-12103\" style=\"width:600px\" srcset=\"https:\/\/mb2812.de\/wp-content\/uploads\/2022\/11\/IMG_5896-768x1024.jpg 768w, https:\/\/mb2812.de\/wp-content\/uploads\/2022\/11\/IMG_5896-225x300.jpg 225w, https:\/\/mb2812.de\/wp-content\/uploads\/2022\/11\/IMG_5896-1152x1536.jpg 1152w, https:\/\/mb2812.de\/wp-content\/uploads\/2022\/11\/IMG_5896-668x891.jpg 668w, https:\/\/mb2812.de\/wp-content\/uploads\/2022\/11\/IMG_5896.jpg 1440w\" sizes=\"auto, (max-width: 768px) 100vw, 768px\" \/><\/a><figcaption class=\"wp-element-caption\"><em>Wir gehen \u00fcber die Spreuerbr\u00fccke auf die andere Reussseite<\/em><\/figcaption><\/figure>\n\n\n\n<figure class=\"wp-block-image aligncenter size-large is-resized\"><a href=\"https:\/\/mb2812.de\/wp-content\/uploads\/2022\/11\/IMG_3944.jpg\" target=\"_blank\" rel=\" noreferrer noopener\"><img loading=\"lazy\" decoding=\"async\" width=\"1024\" height=\"819\" src=\"https:\/\/mb2812.de\/wp-content\/uploads\/2022\/11\/IMG_3944-1024x819.jpg\" alt=\"\" class=\"wp-image-12098\" style=\"width:800px\" srcset=\"https:\/\/mb2812.de\/wp-content\/uploads\/2022\/11\/IMG_3944-1024x819.jpg 1024w, https:\/\/mb2812.de\/wp-content\/uploads\/2022\/11\/IMG_3944-300x240.jpg 300w, https:\/\/mb2812.de\/wp-content\/uploads\/2022\/11\/IMG_3944-768x614.jpg 768w, https:\/\/mb2812.de\/wp-content\/uploads\/2022\/11\/IMG_3944-1536x1229.jpg 1536w, https:\/\/mb2812.de\/wp-content\/uploads\/2022\/11\/IMG_3944-668x534.jpg 668w, https:\/\/mb2812.de\/wp-content\/uploads\/2022\/11\/IMG_3944.jpg 1920w\" sizes=\"auto, (max-width: 1024px) 100vw, 1024px\" \/><\/a><figcaption class=\"wp-element-caption\"><em>Richtung See sehen wir das Nadelwehr und auch die Jesuitenkirche in voller Gr\u00f6\u00dfe<\/em><\/figcaption><\/figure>\n\n\n\n<figure class=\"wp-block-image aligncenter size-large is-resized\"><a href=\"https:\/\/mb2812.de\/wp-content\/uploads\/2022\/11\/IMG_5907-774.jpg\" target=\"_blank\" rel=\" noreferrer noopener\"><img loading=\"lazy\" decoding=\"async\" width=\"768\" height=\"1024\" src=\"https:\/\/mb2812.de\/wp-content\/uploads\/2022\/11\/IMG_5907-774-768x1024.jpg\" alt=\"\" class=\"wp-image-12104\" style=\"width:600px\" srcset=\"https:\/\/mb2812.de\/wp-content\/uploads\/2022\/11\/IMG_5907-774-768x1024.jpg 768w, https:\/\/mb2812.de\/wp-content\/uploads\/2022\/11\/IMG_5907-774-225x300.jpg 225w, https:\/\/mb2812.de\/wp-content\/uploads\/2022\/11\/IMG_5907-774-1152x1536.jpg 1152w, https:\/\/mb2812.de\/wp-content\/uploads\/2022\/11\/IMG_5907-774-668x891.jpg 668w, https:\/\/mb2812.de\/wp-content\/uploads\/2022\/11\/IMG_5907-774.jpg 1440w\" sizes=\"auto, (max-width: 768px) 100vw, 768px\" \/><\/a><figcaption class=\"wp-element-caption\"><em>Der erste Turm ist der N\u00f6lliturm am Flussufer<\/em><\/figcaption><\/figure>\n\n\n\n<figure class=\"wp-block-image aligncenter size-large is-resized\"><a href=\"https:\/\/mb2812.de\/wp-content\/uploads\/2022\/11\/IMG_3952.jpg\" target=\"_blank\" rel=\" noreferrer noopener\"><img loading=\"lazy\" decoding=\"async\" width=\"768\" height=\"1024\" src=\"https:\/\/mb2812.de\/wp-content\/uploads\/2022\/11\/IMG_3952-768x1024.jpg\" alt=\"\" class=\"wp-image-12099\" style=\"width:600px\" srcset=\"https:\/\/mb2812.de\/wp-content\/uploads\/2022\/11\/IMG_3952-768x1024.jpg 768w, https:\/\/mb2812.de\/wp-content\/uploads\/2022\/11\/IMG_3952-225x300.jpg 225w, https:\/\/mb2812.de\/wp-content\/uploads\/2022\/11\/IMG_3952-1152x1536.jpg 1152w, https:\/\/mb2812.de\/wp-content\/uploads\/2022\/11\/IMG_3952-668x891.jpg 668w, https:\/\/mb2812.de\/wp-content\/uploads\/2022\/11\/IMG_3952.jpg 1440w\" sizes=\"auto, (max-width: 768px) 100vw, 768px\" \/><\/a><figcaption class=\"wp-element-caption\"><em>Wir qu\u00e4len uns den H\u00fcgel hoch zum M\u00e4nnliturm<\/em><\/figcaption><\/figure>\n\n\n\n<figure class=\"wp-block-image aligncenter size-large is-resized\"><a href=\"https:\/\/mb2812.de\/wp-content\/uploads\/2022\/11\/IMG_5918-775.jpg\" target=\"_blank\" rel=\" noreferrer noopener\"><img loading=\"lazy\" decoding=\"async\" width=\"1024\" height=\"819\" src=\"https:\/\/mb2812.de\/wp-content\/uploads\/2022\/11\/IMG_5918-775-1024x819.jpg\" alt=\"\" class=\"wp-image-12112\" style=\"width:800px\" srcset=\"https:\/\/mb2812.de\/wp-content\/uploads\/2022\/11\/IMG_5918-775-1024x819.jpg 1024w, https:\/\/mb2812.de\/wp-content\/uploads\/2022\/11\/IMG_5918-775-300x240.jpg 300w, https:\/\/mb2812.de\/wp-content\/uploads\/2022\/11\/IMG_5918-775-768x614.jpg 768w, https:\/\/mb2812.de\/wp-content\/uploads\/2022\/11\/IMG_5918-775-1536x1229.jpg 1536w, https:\/\/mb2812.de\/wp-content\/uploads\/2022\/11\/IMG_5918-775-668x534.jpg 668w, https:\/\/mb2812.de\/wp-content\/uploads\/2022\/11\/IMG_5918-775.jpg 1920w\" sizes=\"auto, (max-width: 1024px) 100vw, 1024px\" \/><\/a><figcaption class=\"wp-element-caption\"><em>Lueginslandturm<\/em><\/figcaption><\/figure>\n\n\n\n<figure class=\"wp-block-image aligncenter size-large is-resized\"><a href=\"https:\/\/mb2812.de\/wp-content\/uploads\/2022\/11\/IMG_3956-769.jpg\" target=\"_blank\" rel=\" noreferrer noopener\"><img loading=\"lazy\" decoding=\"async\" width=\"768\" height=\"1024\" src=\"https:\/\/mb2812.de\/wp-content\/uploads\/2022\/11\/IMG_3956-769-768x1024.jpg\" alt=\"\" class=\"wp-image-12100\" style=\"width:600px\" srcset=\"https:\/\/mb2812.de\/wp-content\/uploads\/2022\/11\/IMG_3956-769-768x1024.jpg 768w, https:\/\/mb2812.de\/wp-content\/uploads\/2022\/11\/IMG_3956-769-225x300.jpg 225w, https:\/\/mb2812.de\/wp-content\/uploads\/2022\/11\/IMG_3956-769-1152x1536.jpg 1152w, https:\/\/mb2812.de\/wp-content\/uploads\/2022\/11\/IMG_3956-769-668x891.jpg 668w, https:\/\/mb2812.de\/wp-content\/uploads\/2022\/11\/IMG_3956-769.jpg 1440w\" sizes=\"auto, (max-width: 768px) 100vw, 768px\" \/><\/a><figcaption class=\"wp-element-caption\"><em>Wacht- oder Heuturm<\/em><\/figcaption><\/figure>\n\n\n\n<figure class=\"wp-block-image aligncenter size-large is-resized\"><a href=\"https:\/\/mb2812.de\/wp-content\/uploads\/2022\/11\/IMG_3958.jpg\" target=\"_blank\" rel=\" noreferrer noopener\"><img loading=\"lazy\" decoding=\"async\" width=\"768\" height=\"1024\" src=\"https:\/\/mb2812.de\/wp-content\/uploads\/2022\/11\/IMG_3958-768x1024.jpg\" alt=\"\" class=\"wp-image-12108\" style=\"width:600px\" srcset=\"https:\/\/mb2812.de\/wp-content\/uploads\/2022\/11\/IMG_3958-768x1024.jpg 768w, https:\/\/mb2812.de\/wp-content\/uploads\/2022\/11\/IMG_3958-225x300.jpg 225w, https:\/\/mb2812.de\/wp-content\/uploads\/2022\/11\/IMG_3958-1152x1536.jpg 1152w, https:\/\/mb2812.de\/wp-content\/uploads\/2022\/11\/IMG_3958-668x891.jpg 668w, https:\/\/mb2812.de\/wp-content\/uploads\/2022\/11\/IMG_3958.jpg 1440w\" sizes=\"auto, (max-width: 768px) 100vw, 768px\" \/><\/a><figcaption class=\"wp-element-caption\"><em>Blick auf die Stadt<\/em><\/figcaption><\/figure>\n\n\n\n<figure class=\"wp-block-image size-large is-resized\"><a href=\"https:\/\/mb2812.de\/wp-content\/uploads\/2022\/11\/IMG_5926-776.jpg\" target=\"_blank\" rel=\" noreferrer noopener\"><img loading=\"lazy\" decoding=\"async\" width=\"1024\" height=\"819\" src=\"https:\/\/mb2812.de\/wp-content\/uploads\/2022\/11\/IMG_5926-776-1024x819.jpg\" alt=\"\" class=\"wp-image-12105\" style=\"width:800px\" srcset=\"https:\/\/mb2812.de\/wp-content\/uploads\/2022\/11\/IMG_5926-776-1024x819.jpg 1024w, https:\/\/mb2812.de\/wp-content\/uploads\/2022\/11\/IMG_5926-776-300x240.jpg 300w, https:\/\/mb2812.de\/wp-content\/uploads\/2022\/11\/IMG_5926-776-768x614.jpg 768w, https:\/\/mb2812.de\/wp-content\/uploads\/2022\/11\/IMG_5926-776-1536x1229.jpg 1536w, https:\/\/mb2812.de\/wp-content\/uploads\/2022\/11\/IMG_5926-776-668x534.jpg 668w, https:\/\/mb2812.de\/wp-content\/uploads\/2022\/11\/IMG_5926-776.jpg 1920w\" sizes=\"auto, (max-width: 1024px) 100vw, 1024px\" \/><\/a><figcaption class=\"wp-element-caption\"><em>Auch die Verkehrsdrehscheibe Hauptbahnhof mitsamt dem Vierwaldst\u00e4ttersee ist gut sichtbar. Der B\u00fcrgenstock ist mal wieder in den Wolken<\/em><\/figcaption><\/figure>\n\n\n\n<figure class=\"wp-block-image aligncenter size-large is-resized\"><a href=\"https:\/\/mb2812.de\/wp-content\/uploads\/2022\/11\/IMG_3962.jpg\" target=\"_blank\" rel=\" noreferrer noopener\"><img loading=\"lazy\" decoding=\"async\" width=\"768\" height=\"1024\" src=\"https:\/\/mb2812.de\/wp-content\/uploads\/2022\/11\/IMG_3962-768x1024.jpg\" alt=\"\" class=\"wp-image-12101\" style=\"width:600px\" srcset=\"https:\/\/mb2812.de\/wp-content\/uploads\/2022\/11\/IMG_3962-768x1024.jpg 768w, https:\/\/mb2812.de\/wp-content\/uploads\/2022\/11\/IMG_3962-225x300.jpg 225w, https:\/\/mb2812.de\/wp-content\/uploads\/2022\/11\/IMG_3962-1152x1536.jpg 1152w, https:\/\/mb2812.de\/wp-content\/uploads\/2022\/11\/IMG_3962-668x891.jpg 668w, https:\/\/mb2812.de\/wp-content\/uploads\/2022\/11\/IMG_3962.jpg 1440w\" sizes=\"auto, (max-width: 768px) 100vw, 768px\" \/><\/a><figcaption class=\"wp-element-caption\"><em><em>Der n\u00e4chste Turm ist der Zytturm. Innen gibt es eine sehenswerte Ausstellung alter Uhren, Stephan hat sie sich angeschaut. Ich traute mir die Treppen im Turm nicht zu und blieb unten<\/em><\/em><\/figcaption><\/figure>\n\n\n\n<p>Es gibt noch ein paar weitere T\u00fcrme (insgesamt 9). Bis zum n\u00e4chsten, dem Schirmerturm, sind wir gelaufen und dann haben wir uns an den Abstieg zur Stadt gemacht. Wir landeten am Schwanenplatz am See und sind dann die Promenade entlang bis zum Verkehrshaus gelaufen.<\/p>\n\n\n\n<figure class=\"wp-block-image aligncenter size-large is-resized\"><a href=\"https:\/\/mb2812.de\/wp-content\/uploads\/2022\/11\/IMG_3965.jpg\" target=\"_blank\" rel=\" noreferrer noopener\"><img loading=\"lazy\" decoding=\"async\" width=\"1024\" height=\"819\" src=\"https:\/\/mb2812.de\/wp-content\/uploads\/2022\/11\/IMG_3965-1024x819.jpg\" alt=\"\" class=\"wp-image-12109\" style=\"width:800px\" srcset=\"https:\/\/mb2812.de\/wp-content\/uploads\/2022\/11\/IMG_3965-1024x819.jpg 1024w, https:\/\/mb2812.de\/wp-content\/uploads\/2022\/11\/IMG_3965-300x240.jpg 300w, https:\/\/mb2812.de\/wp-content\/uploads\/2022\/11\/IMG_3965-768x614.jpg 768w, https:\/\/mb2812.de\/wp-content\/uploads\/2022\/11\/IMG_3965-1536x1229.jpg 1536w, https:\/\/mb2812.de\/wp-content\/uploads\/2022\/11\/IMG_3965-668x534.jpg 668w, https:\/\/mb2812.de\/wp-content\/uploads\/2022\/11\/IMG_3965.jpg 1920w\" sizes=\"auto, (max-width: 1024px) 100vw, 1024px\" \/><\/a><figcaption class=\"wp-element-caption\"><em>Dies ist der Kurplatz, hier gibt es sogar eine Kurmuschel, offiziall Pavillon am Nationalquai genannt<\/em><\/figcaption><\/figure>\n\n\n\n<figure class=\"wp-block-image aligncenter size-large is-resized\"><a href=\"https:\/\/mb2812.de\/wp-content\/uploads\/2022\/11\/IMG_3968-778.jpg\" target=\"_blank\" rel=\" noreferrer noopener\"><img loading=\"lazy\" decoding=\"async\" width=\"1024\" height=\"819\" src=\"https:\/\/mb2812.de\/wp-content\/uploads\/2022\/11\/IMG_3968-778-1024x819.jpg\" alt=\"\" class=\"wp-image-12102\" style=\"width:800px\" srcset=\"https:\/\/mb2812.de\/wp-content\/uploads\/2022\/11\/IMG_3968-778-1024x819.jpg 1024w, https:\/\/mb2812.de\/wp-content\/uploads\/2022\/11\/IMG_3968-778-300x240.jpg 300w, https:\/\/mb2812.de\/wp-content\/uploads\/2022\/11\/IMG_3968-778-768x614.jpg 768w, https:\/\/mb2812.de\/wp-content\/uploads\/2022\/11\/IMG_3968-778-1536x1229.jpg 1536w, https:\/\/mb2812.de\/wp-content\/uploads\/2022\/11\/IMG_3968-778-668x534.jpg 668w, https:\/\/mb2812.de\/wp-content\/uploads\/2022\/11\/IMG_3968-778.jpg 1920w\" sizes=\"auto, (max-width: 1024px) 100vw, 1024px\" \/><\/a><figcaption class=\"wp-element-caption\"><em>Das Hotel National an der Promenade<\/em><\/figcaption><\/figure>\n\n\n\n<figure class=\"wp-block-image aligncenter size-large is-resized\"><a href=\"https:\/\/mb2812.de\/wp-content\/uploads\/2022\/11\/IMG_5977.jpg\" target=\"_blank\" rel=\" noreferrer noopener\"><img loading=\"lazy\" decoding=\"async\" width=\"768\" height=\"1024\" src=\"https:\/\/mb2812.de\/wp-content\/uploads\/2022\/11\/IMG_5977-768x1024.jpg\" alt=\"\" class=\"wp-image-12113\" style=\"width:600px\" srcset=\"https:\/\/mb2812.de\/wp-content\/uploads\/2022\/11\/IMG_5977-768x1024.jpg 768w, https:\/\/mb2812.de\/wp-content\/uploads\/2022\/11\/IMG_5977-225x300.jpg 225w, https:\/\/mb2812.de\/wp-content\/uploads\/2022\/11\/IMG_5977-1152x1536.jpg 1152w, https:\/\/mb2812.de\/wp-content\/uploads\/2022\/11\/IMG_5977-668x891.jpg 668w, https:\/\/mb2812.de\/wp-content\/uploads\/2022\/11\/IMG_5977.jpg 1440w\" sizes=\"auto, (max-width: 768px) 100vw, 768px\" \/><\/a><figcaption class=\"wp-element-caption\"><em>Skulptur vor dem Hotel (Sitting Man von Julian Voss-Andreae <em>(2019)<\/em>)<\/em><\/figcaption><\/figure>\n\n\n\n<figure class=\"wp-block-image aligncenter size-large is-resized\"><a href=\"https:\/\/mb2812.de\/wp-content\/uploads\/2022\/11\/IMG_3972-779.jpg\" target=\"_blank\" rel=\" noreferrer noopener\"><img loading=\"lazy\" decoding=\"async\" width=\"768\" height=\"1024\" src=\"https:\/\/mb2812.de\/wp-content\/uploads\/2022\/11\/IMG_3972-779-768x1024.jpg\" alt=\"\" class=\"wp-image-12110\" style=\"width:600px\" srcset=\"https:\/\/mb2812.de\/wp-content\/uploads\/2022\/11\/IMG_3972-779-768x1024.jpg 768w, https:\/\/mb2812.de\/wp-content\/uploads\/2022\/11\/IMG_3972-779-225x300.jpg 225w, https:\/\/mb2812.de\/wp-content\/uploads\/2022\/11\/IMG_3972-779-1152x1536.jpg 1152w, https:\/\/mb2812.de\/wp-content\/uploads\/2022\/11\/IMG_3972-779-668x891.jpg 668w, https:\/\/mb2812.de\/wp-content\/uploads\/2022\/11\/IMG_3972-779.jpg 1440w\" sizes=\"auto, (max-width: 768px) 100vw, 768px\" \/><\/a><figcaption class=\"wp-element-caption\"><em>Und dann gibt es noch den Kursaal &#8211; darin befindet sich das Casino<\/em><\/figcaption><\/figure>\n\n\n\n<p>Das Verkehrshaus besichtigen wir nicht, aber das Caf\u00e9 dort kommt uns sehr gelegen f\u00fcr eine Pause mit Kaffee und Kuchen. Es ist noch ziemlich fr\u00fch (gerade mal 12:30 Uhr) und so kommt die Frage auf, was wir am Nachmittag machen. Stephan kennt Z\u00fcrich noch nicht, und so entscheiden wir uns f\u00fcr einen kurzen Ausflug dorthin, um einen kleinen Rundgang durch die Stadt zu machen. Der Trolleybus bringt uns zur\u00fcck zum Bahnhof und die SBB weiter nach Z\u00fcrich. Angedacht ist ein Rundgang links und rechts der Limmat, vom Bahnhof entlang der Bahnhofstra\u00dfe bis zum See und durchs Niederdorf zur\u00fcck. So machen wir es auch.<\/p>\n\n\n\n<p>Um es kurz zu machen: Stephan gef\u00e4llt die Stadt jetzt gar nicht. Tats\u00e4chlich sieht die Bahnhofstra\u00dfe am Sonntag bei geschlossenen Gesch\u00e4ften und dem tr\u00fcbem, kaltem Wetter nicht sehr glamour\u00f6s aus. Wenn ich mir die Fotos im nachhinein so anschaue, muss ich allerdings sagen: Bei Sonnenschein und 20 oder mehr Grad w\u00e4re es ein sch\u00f6ner Spaziergang durch eine sch\u00f6ne Stadt gewesen.<\/p>\n\n\n\n<figure class=\"wp-block-image aligncenter size-large is-resized\"><a href=\"https:\/\/mb2812.de\/wp-content\/uploads\/2022\/10\/IMG_5985.jpg\" target=\"_blank\" rel=\" noreferrer noopener\"><img loading=\"lazy\" decoding=\"async\" width=\"1024\" height=\"819\" src=\"https:\/\/mb2812.de\/wp-content\/uploads\/2022\/10\/IMG_5985-1024x819.jpg\" alt=\"\" class=\"wp-image-12134\" style=\"width:800px\" srcset=\"https:\/\/mb2812.de\/wp-content\/uploads\/2022\/10\/IMG_5985-1024x819.jpg 1024w, https:\/\/mb2812.de\/wp-content\/uploads\/2022\/10\/IMG_5985-300x240.jpg 300w, https:\/\/mb2812.de\/wp-content\/uploads\/2022\/10\/IMG_5985-768x614.jpg 768w, https:\/\/mb2812.de\/wp-content\/uploads\/2022\/10\/IMG_5985-1536x1229.jpg 1536w, https:\/\/mb2812.de\/wp-content\/uploads\/2022\/10\/IMG_5985-668x534.jpg 668w, https:\/\/mb2812.de\/wp-content\/uploads\/2022\/10\/IMG_5985.jpg 1920w\" sizes=\"auto, (max-width: 1024px) 100vw, 1024px\" \/><\/a><figcaption class=\"wp-element-caption\"><em>Die Bahnhofstra\u00dfe<\/em><\/figcaption><\/figure>\n\n\n\n<figure class=\"wp-block-image aligncenter size-large is-resized\"><a href=\"https:\/\/mb2812.de\/wp-content\/uploads\/2022\/10\/IMG_5992.jpg\" target=\"_blank\" rel=\" noreferrer noopener\"><img loading=\"lazy\" decoding=\"async\" width=\"768\" height=\"1024\" src=\"https:\/\/mb2812.de\/wp-content\/uploads\/2022\/10\/IMG_5992-768x1024.jpg\" alt=\"\" class=\"wp-image-12126\" style=\"width:600px\" srcset=\"https:\/\/mb2812.de\/wp-content\/uploads\/2022\/10\/IMG_5992-768x1024.jpg 768w, https:\/\/mb2812.de\/wp-content\/uploads\/2022\/10\/IMG_5992-225x300.jpg 225w, https:\/\/mb2812.de\/wp-content\/uploads\/2022\/10\/IMG_5992-1152x1536.jpg 1152w, https:\/\/mb2812.de\/wp-content\/uploads\/2022\/10\/IMG_5992-668x891.jpg 668w, https:\/\/mb2812.de\/wp-content\/uploads\/2022\/10\/IMG_5992.jpg 1440w\" sizes=\"auto, (max-width: 768px) 100vw, 768px\" \/><\/a><figcaption class=\"wp-element-caption\"><em>Wir biegen in den Rennweg ein in Richtung Lindenhof und kommen an diesem Brunnen vorbei<\/em><\/figcaption><\/figure>\n\n\n\n<figure class=\"wp-block-image aligncenter size-large is-resized\"><a href=\"https:\/\/mb2812.de\/wp-content\/uploads\/2022\/10\/IMG_3979-780.jpg\" target=\"_blank\" rel=\" noreferrer noopener\"><img loading=\"lazy\" decoding=\"async\" width=\"768\" height=\"1024\" src=\"https:\/\/mb2812.de\/wp-content\/uploads\/2022\/10\/IMG_3979-780-768x1024.jpg\" alt=\"\" class=\"wp-image-12124\" style=\"width:600px\" srcset=\"https:\/\/mb2812.de\/wp-content\/uploads\/2022\/10\/IMG_3979-780-768x1024.jpg 768w, https:\/\/mb2812.de\/wp-content\/uploads\/2022\/10\/IMG_3979-780-225x300.jpg 225w, https:\/\/mb2812.de\/wp-content\/uploads\/2022\/10\/IMG_3979-780-1152x1536.jpg 1152w, https:\/\/mb2812.de\/wp-content\/uploads\/2022\/10\/IMG_3979-780-668x891.jpg 668w, https:\/\/mb2812.de\/wp-content\/uploads\/2022\/10\/IMG_3979-780.jpg 1440w\" sizes=\"auto, (max-width: 768px) 100vw, 768px\" \/><\/a><figcaption class=\"wp-element-caption\"><em>Strehlgasse<\/em><\/figcaption><\/figure>\n\n\n\n<figure class=\"wp-block-image aligncenter size-large is-resized\"><a href=\"https:\/\/mb2812.de\/wp-content\/uploads\/2022\/10\/IMG_6001-781.jpg\" target=\"_blank\" rel=\" noreferrer noopener\"><img loading=\"lazy\" decoding=\"async\" width=\"768\" height=\"1024\" src=\"https:\/\/mb2812.de\/wp-content\/uploads\/2022\/10\/IMG_6001-781-768x1024.jpg\" alt=\"\" class=\"wp-image-12123\" style=\"width:600px\" srcset=\"https:\/\/mb2812.de\/wp-content\/uploads\/2022\/10\/IMG_6001-781-768x1024.jpg 768w, https:\/\/mb2812.de\/wp-content\/uploads\/2022\/10\/IMG_6001-781-225x300.jpg 225w, https:\/\/mb2812.de\/wp-content\/uploads\/2022\/10\/IMG_6001-781-1152x1536.jpg 1152w, https:\/\/mb2812.de\/wp-content\/uploads\/2022\/10\/IMG_6001-781-668x891.jpg 668w, https:\/\/mb2812.de\/wp-content\/uploads\/2022\/10\/IMG_6001-781.jpg 1440w\" sizes=\"auto, (max-width: 768px) 100vw, 768px\" \/><\/a><figcaption class=\"wp-element-caption\"><em>Der Turm von St. Peter durch die Schl\u00fcsselgasse gesehen<\/em><\/figcaption><\/figure>\n\n\n\n<figure class=\"wp-block-image aligncenter size-large is-resized\"><a href=\"https:\/\/mb2812.de\/wp-content\/uploads\/2022\/10\/IMG_3980.jpg\" target=\"_blank\" rel=\" noreferrer noopener\"><img loading=\"lazy\" decoding=\"async\" width=\"1024\" height=\"819\" src=\"https:\/\/mb2812.de\/wp-content\/uploads\/2022\/10\/IMG_3980-1024x819.jpg\" alt=\"\" class=\"wp-image-12127\" style=\"width:800px\" srcset=\"https:\/\/mb2812.de\/wp-content\/uploads\/2022\/10\/IMG_3980-1024x819.jpg 1024w, https:\/\/mb2812.de\/wp-content\/uploads\/2022\/10\/IMG_3980-300x240.jpg 300w, https:\/\/mb2812.de\/wp-content\/uploads\/2022\/10\/IMG_3980-768x614.jpg 768w, https:\/\/mb2812.de\/wp-content\/uploads\/2022\/10\/IMG_3980-1536x1229.jpg 1536w, https:\/\/mb2812.de\/wp-content\/uploads\/2022\/10\/IMG_3980-668x534.jpg 668w, https:\/\/mb2812.de\/wp-content\/uploads\/2022\/10\/IMG_3980.jpg 1920w\" sizes=\"auto, (max-width: 1024px) 100vw, 1024px\" \/><\/a><figcaption class=\"wp-element-caption\"><em>Damit sind wir am Limmatufer und blicken \u00fcber den Fluss u.a. auf das Haus zum R\u00fcden und das Grossm\u00fcnster<\/em><\/figcaption><\/figure>\n\n\n\n<figure class=\"wp-block-image aligncenter size-large is-resized\"><a href=\"https:\/\/mb2812.de\/wp-content\/uploads\/2022\/10\/IMG_3981-783.jpg\" target=\"_blank\" rel=\" noreferrer noopener\"><img loading=\"lazy\" decoding=\"async\" width=\"1024\" height=\"819\" src=\"https:\/\/mb2812.de\/wp-content\/uploads\/2022\/10\/IMG_3981-783-1024x819.jpg\" alt=\"\" class=\"wp-image-12128\" style=\"width:800px\" srcset=\"https:\/\/mb2812.de\/wp-content\/uploads\/2022\/10\/IMG_3981-783-1024x819.jpg 1024w, https:\/\/mb2812.de\/wp-content\/uploads\/2022\/10\/IMG_3981-783-300x240.jpg 300w, https:\/\/mb2812.de\/wp-content\/uploads\/2022\/10\/IMG_3981-783-768x614.jpg 768w, https:\/\/mb2812.de\/wp-content\/uploads\/2022\/10\/IMG_3981-783-1536x1229.jpg 1536w, https:\/\/mb2812.de\/wp-content\/uploads\/2022\/10\/IMG_3981-783-668x534.jpg 668w, https:\/\/mb2812.de\/wp-content\/uploads\/2022\/10\/IMG_3981-783.jpg 1920w\" sizes=\"auto, (max-width: 1024px) 100vw, 1024px\" \/><\/a><figcaption class=\"wp-element-caption\"><em>Das Rathaus<\/em><\/figcaption><\/figure>\n\n\n\n<p>\u00dcber den M\u00fcnsterhof, vorbei an der Fraum\u00fcnster Kirche, kommen wir zum Paradeplatz und zur Bahnhofstra\u00dfe zur\u00fcck. Dieser &nbsp;folgen wir wieder bis zum See. Tja, eine kleine Seerundfahrt ist in wenigen Minuten angek\u00fcndigt, und ich denke, das ist eine gute M\u00f6glichkeit sich etwas auszuruhen und aufzuw\u00e4rmen. Der Automat verwirrt mich aber so sehr, dass ich tats\u00e4chlich die Fahrkarten ohne Halbpreisrabatt kaufe. Pech eben. Die Rundfahrt gef\u00e4llt uns jetzt nicht so sehr, aber das soll man am heutigen Tag nicht so ernst nehmen. Sie dauert eine Stunde und f\u00fchrt \u00fcber den stadtnahen Seeteil zu einigen Anlegestellen.<\/p>\n\n\n\n<figure class=\"wp-block-image aligncenter size-large is-resized\"><a href=\"https:\/\/mb2812.de\/wp-content\/uploads\/2022\/10\/IMG_3984.jpg\"><img loading=\"lazy\" decoding=\"async\" width=\"1024\" height=\"819\" src=\"https:\/\/mb2812.de\/wp-content\/uploads\/2022\/10\/IMG_3984-1024x819.jpg\" alt=\"\" class=\"wp-image-12125\" style=\"width:800px\" srcset=\"https:\/\/mb2812.de\/wp-content\/uploads\/2022\/10\/IMG_3984-1024x819.jpg 1024w, https:\/\/mb2812.de\/wp-content\/uploads\/2022\/10\/IMG_3984-300x240.jpg 300w, https:\/\/mb2812.de\/wp-content\/uploads\/2022\/10\/IMG_3984-768x614.jpg 768w, https:\/\/mb2812.de\/wp-content\/uploads\/2022\/10\/IMG_3984-1536x1229.jpg 1536w, https:\/\/mb2812.de\/wp-content\/uploads\/2022\/10\/IMG_3984-668x534.jpg 668w, https:\/\/mb2812.de\/wp-content\/uploads\/2022\/10\/IMG_3984.jpg 1920w\" sizes=\"auto, (max-width: 1024px) 100vw, 1024px\" \/><\/a><figcaption class=\"wp-element-caption\"><em>Die Ganymed Skulptur am B\u00fcrkliplatz, am Anleger unser Boot, die MS Zimmerberg<\/em><\/figcaption><\/figure>\n\n\n\n<figure class=\"wp-block-image aligncenter size-large is-resized\"><a href=\"https:\/\/mb2812.de\/wp-content\/uploads\/2022\/10\/IMG_3983.jpg\" target=\"_blank\" rel=\" noreferrer noopener\"><img loading=\"lazy\" decoding=\"async\" width=\"1024\" height=\"819\" src=\"https:\/\/mb2812.de\/wp-content\/uploads\/2022\/10\/IMG_3983-1024x819.jpg\" alt=\"\" class=\"wp-image-12131\" style=\"width:800px\" srcset=\"https:\/\/mb2812.de\/wp-content\/uploads\/2022\/10\/IMG_3983-1024x819.jpg 1024w, https:\/\/mb2812.de\/wp-content\/uploads\/2022\/10\/IMG_3983-300x240.jpg 300w, https:\/\/mb2812.de\/wp-content\/uploads\/2022\/10\/IMG_3983-768x614.jpg 768w, https:\/\/mb2812.de\/wp-content\/uploads\/2022\/10\/IMG_3983-1536x1229.jpg 1536w, https:\/\/mb2812.de\/wp-content\/uploads\/2022\/10\/IMG_3983-668x534.jpg 668w, https:\/\/mb2812.de\/wp-content\/uploads\/2022\/10\/IMG_3983.jpg 1920w\" sizes=\"auto, (max-width: 1024px) 100vw, 1024px\" \/><\/a><figcaption class=\"wp-element-caption\"><em>Ich sitze im Warmen und mache Selfies<\/em> &#8230;<\/figcaption><\/figure>\n\n\n\n<figure class=\"wp-block-image aligncenter size-large\"><a href=\"https:\/\/mb2812.de\/wp-content\/uploads\/2022\/10\/IMG_6025.jpg\" target=\"_blank\" rel=\" noreferrer noopener\"><img loading=\"lazy\" decoding=\"async\" width=\"1024\" height=\"819\" src=\"https:\/\/mb2812.de\/wp-content\/uploads\/2022\/10\/IMG_6025-1024x819.jpg\" alt=\"\" class=\"wp-image-12133\" srcset=\"https:\/\/mb2812.de\/wp-content\/uploads\/2022\/10\/IMG_6025-1024x819.jpg 1024w, https:\/\/mb2812.de\/wp-content\/uploads\/2022\/10\/IMG_6025-300x240.jpg 300w, https:\/\/mb2812.de\/wp-content\/uploads\/2022\/10\/IMG_6025-768x614.jpg 768w, https:\/\/mb2812.de\/wp-content\/uploads\/2022\/10\/IMG_6025-1536x1229.jpg 1536w, https:\/\/mb2812.de\/wp-content\/uploads\/2022\/10\/IMG_6025-668x534.jpg 668w, https:\/\/mb2812.de\/wp-content\/uploads\/2022\/10\/IMG_6025.jpg 1920w\" sizes=\"auto, (max-width: 1024px) 100vw, 1024px\" \/><\/a><figcaption class=\"wp-element-caption\"><em>&#8230; w\u00e4hrend Stephan pflichtbewusst ist und fotografiert<\/em><\/figcaption><\/figure>\n\n\n\n<p>Nicht mal einen Kaffeeautomaten hatte man an Bord des Bootes. Und die Caf\u00e9s entlang des R\u00fcckweges sind nicht unbedingt einladend (jedenfalls wenn es noch freie Pl\u00e4tze drin gibt). Der R\u00fcckweg f\u00fchrt uns durch Ober- und Niederdorf rechts der Limmat zum Central und dann zum Bahnhof. Wir laufen den Limmatquai entlang, die schmalen Gassen dahinter zu erkunden haben wir schon keine Lust mehr.<\/p>\n\n\n\n<figure class=\"wp-block-image aligncenter size-large is-resized\"><a href=\"https:\/\/mb2812.de\/wp-content\/uploads\/2022\/10\/IMG_6038-782.jpg\" target=\"_blank\" rel=\" noreferrer noopener\"><img loading=\"lazy\" decoding=\"async\" width=\"768\" height=\"1024\" src=\"https:\/\/mb2812.de\/wp-content\/uploads\/2022\/10\/IMG_6038-782-768x1024.jpg\" alt=\"\" class=\"wp-image-12129\" style=\"width:600px\" srcset=\"https:\/\/mb2812.de\/wp-content\/uploads\/2022\/10\/IMG_6038-782-768x1024.jpg 768w, https:\/\/mb2812.de\/wp-content\/uploads\/2022\/10\/IMG_6038-782-225x300.jpg 225w, https:\/\/mb2812.de\/wp-content\/uploads\/2022\/10\/IMG_6038-782-1152x1536.jpg 1152w, https:\/\/mb2812.de\/wp-content\/uploads\/2022\/10\/IMG_6038-782-668x891.jpg 668w, https:\/\/mb2812.de\/wp-content\/uploads\/2022\/10\/IMG_6038-782.jpg 1440w\" sizes=\"auto, (max-width: 768px) 100vw, 768px\" \/><\/a><figcaption class=\"wp-element-caption\"><em>Nochmal das Gro\u00dfm\u00fcnster aus der N\u00e4he<\/em><\/figcaption><\/figure>\n\n\n\n<figure class=\"wp-block-image aligncenter size-large is-resized\"><a href=\"https:\/\/mb2812.de\/wp-content\/uploads\/2022\/10\/IMG_3990.jpg\" target=\"_blank\" rel=\" noreferrer noopener\"><img loading=\"lazy\" decoding=\"async\" width=\"1024\" height=\"819\" src=\"https:\/\/mb2812.de\/wp-content\/uploads\/2022\/10\/IMG_3990-1024x819.jpg\" alt=\"\" class=\"wp-image-12132\" style=\"width:800px\" srcset=\"https:\/\/mb2812.de\/wp-content\/uploads\/2022\/10\/IMG_3990-1024x819.jpg 1024w, https:\/\/mb2812.de\/wp-content\/uploads\/2022\/10\/IMG_3990-300x240.jpg 300w, https:\/\/mb2812.de\/wp-content\/uploads\/2022\/10\/IMG_3990-768x614.jpg 768w, https:\/\/mb2812.de\/wp-content\/uploads\/2022\/10\/IMG_3990-1536x1229.jpg 1536w, https:\/\/mb2812.de\/wp-content\/uploads\/2022\/10\/IMG_3990-668x534.jpg 668w, https:\/\/mb2812.de\/wp-content\/uploads\/2022\/10\/IMG_3990.jpg 1920w\" sizes=\"auto, (max-width: 1024px) 100vw, 1024px\" \/><\/a><figcaption class=\"wp-element-caption\"><em>An der M\u00fcnsterbr\u00fccke blicken wir aufs linke Limmatufer mit den T\u00fcrmen des Fraum\u00fcnsters und von St. Peter<\/em><\/figcaption><\/figure>\n\n\n\n<figure class=\"wp-block-image aligncenter size-large is-resized\"><a href=\"https:\/\/mb2812.de\/wp-content\/uploads\/2022\/10\/IMG_6039.jpg\" target=\"_blank\" rel=\" noreferrer noopener\"><img loading=\"lazy\" decoding=\"async\" width=\"1024\" height=\"819\" src=\"https:\/\/mb2812.de\/wp-content\/uploads\/2022\/10\/IMG_6039-1024x819.jpg\" alt=\"\" class=\"wp-image-12130\" style=\"width:800px\" srcset=\"https:\/\/mb2812.de\/wp-content\/uploads\/2022\/10\/IMG_6039-1024x819.jpg 1024w, https:\/\/mb2812.de\/wp-content\/uploads\/2022\/10\/IMG_6039-300x240.jpg 300w, https:\/\/mb2812.de\/wp-content\/uploads\/2022\/10\/IMG_6039-768x614.jpg 768w, https:\/\/mb2812.de\/wp-content\/uploads\/2022\/10\/IMG_6039-1536x1229.jpg 1536w, https:\/\/mb2812.de\/wp-content\/uploads\/2022\/10\/IMG_6039-668x534.jpg 668w, https:\/\/mb2812.de\/wp-content\/uploads\/2022\/10\/IMG_6039.jpg 1920w\" sizes=\"auto, (max-width: 1024px) 100vw, 1024px\" \/><\/a><figcaption class=\"wp-element-caption\"><em>historische H\u00e4user am Limmatquai gegen\u00fcber des Rathauses<\/em><\/figcaption><\/figure>\n\n\n\n<p>Zur\u00fcck am Bahnhof gibt es f\u00fcr Stephan eine Bratwurst, die seine Stimmung etwas hebt, und mit dem n\u00e4chsten Zug geht es zur\u00fcck nach Luzern. Da wir entsetzlich m\u00fcde sind, stellt sich die Frage, wie wir ohne weit zu laufen\/fahren ans Abendessen kommen. Ich reserviere schlu\u00dfendlich im &#8222;Steakhaus Kuonimatt&#8220;, ein paar Hundert Meter vom Hotel entfernt. Nach einer kurzen Pause im Hotel schaffen wir den Weg dahin tats\u00e4chlich, und das Essen dort m\u00fcssen wir loben. Auf dem R\u00fcckweg machen wir sogar den Umweg \u00fcber die Tankstelle gegen\u00fcber des Hotels f\u00fcr eine Dose Bier, statt unten an der Bar zu sitzen trinke ich die dann im Zimmer als &#8222;Gute-Nacht-Trunk&#8220;.<\/p>\n","protected":false},"excerpt":{"rendered":"<p>So ganz wohl f\u00fchlen wir uns heute nicht. Morgens laufen wir durch Luzern, nachmittags fahren wir nach Z\u00fcrich f\u00fcr einen kleinen Spaziergang durch die Stadt<\/p>\n","protected":false},"author":1,"featured_media":12127,"comment_status":"closed","ping_status":"closed","sticky":false,"template":"","format":"standard","meta":{"footnotes":""},"categories":[379],"tags":[47,55,48,49,58],"class_list":["post-12096","post","type-post","status-publish","format-standard","has-post-thumbnail","hentry","category-schweiz-2022","tag-47","tag-luzern","tag-schweiz","tag-zentralschweiz","tag-zuerich"],"_links":{"self":[{"href":"https:\/\/mb2812.de\/index.php?rest_route=\/wp\/v2\/posts\/12096","targetHints":{"allow":["GET"]}}],"collection":[{"href":"https:\/\/mb2812.de\/index.php?rest_route=\/wp\/v2\/posts"}],"about":[{"href":"https:\/\/mb2812.de\/index.php?rest_route=\/wp\/v2\/types\/post"}],"author":[{"embeddable":true,"href":"https:\/\/mb2812.de\/index.php?rest_route=\/wp\/v2\/users\/1"}],"replies":[{"embeddable":true,"href":"https:\/\/mb2812.de\/index.php?rest_route=%2Fwp%2Fv2%2Fcomments&post=12096"}],"version-history":[{"count":21,"href":"https:\/\/mb2812.de\/index.php?rest_route=\/wp\/v2\/posts\/12096\/revisions"}],"predecessor-version":[{"id":16506,"href":"https:\/\/mb2812.de\/index.php?rest_route=\/wp\/v2\/posts\/12096\/revisions\/16506"}],"wp:featuredmedia":[{"embeddable":true,"href":"https:\/\/mb2812.de\/index.php?rest_route=\/wp\/v2\/media\/12127"}],"wp:attachment":[{"href":"https:\/\/mb2812.de\/index.php?rest_route=%2Fwp%2Fv2%2Fmedia&parent=12096"}],"wp:term":[{"taxonomy":"category","embeddable":true,"href":"https:\/\/mb2812.de\/index.php?rest_route=%2Fwp%2Fv2%2Fcategories&post=12096"},{"taxonomy":"post_tag","embeddable":true,"href":"https:\/\/mb2812.de\/index.php?rest_route=%2Fwp%2Fv2%2Ftags&post=12096"}],"curies":[{"name":"wp","href":"https:\/\/api.w.org\/{rel}","templated":true}]}}