{"id":12066,"date":"2022-10-08T09:00:23","date_gmt":"2022-10-08T07:00:23","guid":{"rendered":"http:\/\/reiseblog.mb2812.de\/?p=12066"},"modified":"2025-03-02T12:20:42","modified_gmt":"2025-03-02T10:20:42","slug":"weiter-nach-luzern","status":"publish","type":"post","link":"https:\/\/mb2812.de\/?p=12066","title":{"rendered":"Weiter nach Luzern"},"content":{"rendered":"\n<p>Nach vier Tagen in Spiez steht nun der erste Ortswechsel an. Wir bleiben n\u00f6rdlich der Alpen, es geht nach Luzern in die Zentralschweiz. Der Weg f\u00fchrt zun\u00e4chst wieder nach Interlaken und dann mit der Br\u00fcniglinie der \u201eZentralbahn\u201c zun\u00e4chst entlang des Brienzersee und der Aare bis Meiringen, dann mit Zahnradantrieb \u00fcber den namensgebenden Br\u00fcnigpass und auf der Ostseite hinunter vorbei an Lungerner- und Saarnersee nach Luzern.<\/p>\n\n\n\n<p>F\u00fcr den heutigen Tag war schlechtes Wetter vorhergesagt, tats\u00e4chlich war es der einzige Urlaubstag mit Regen. Als wir um 10 Uhr aufbrachen war es noch trocken, so dass wir zu Fu\u00df unser Koffer vom Hotel zum Bahnhof zerren konnten, das klappte &nbsp;besser als erwartet. Als Kunden der Deutschen Bahn haben wir eine gewisse Abneigung gegen kurze Umsteigezeiten, also planten wir in Interlaken eine halbe Stunde Aufenthalt ein.<\/p>\n\n\n\n<figure class=\"wp-block-image aligncenter size-large\"><a href=\"https:\/\/mb2812.de\/wp-content\/uploads\/2022\/11\/IMG_3894.jpg\" target=\"_blank\" rel=\" noreferrer noopener\"><img loading=\"lazy\" decoding=\"async\" width=\"1024\" height=\"819\" src=\"https:\/\/mb2812.de\/wp-content\/uploads\/2022\/11\/IMG_3894-1024x819.jpg\" alt=\"\" class=\"wp-image-12073\" srcset=\"https:\/\/mb2812.de\/wp-content\/uploads\/2022\/11\/IMG_3894-1024x819.jpg 1024w, https:\/\/mb2812.de\/wp-content\/uploads\/2022\/11\/IMG_3894-300x240.jpg 300w, https:\/\/mb2812.de\/wp-content\/uploads\/2022\/11\/IMG_3894-768x614.jpg 768w, https:\/\/mb2812.de\/wp-content\/uploads\/2022\/11\/IMG_3894-1536x1229.jpg 1536w, https:\/\/mb2812.de\/wp-content\/uploads\/2022\/11\/IMG_3894-668x534.jpg 668w, https:\/\/mb2812.de\/wp-content\/uploads\/2022\/11\/IMG_3894.jpg 1920w\" sizes=\"auto, (max-width: 1024px) 100vw, 1024px\" \/><\/a><figcaption class=\"wp-element-caption\"><em>In Interlaken. Rechts am Bahnsteig noch ein Regionalzug der Talstrecke bis Meiringen, links ein Zug der BOB Richtung Grindelwald\/Lauterbrunnen, mit einem solchen Zug waren wir auf dem Weg zur Schynigen Platte gefahren<\/em><\/figcaption><\/figure>\n\n\n\n<!--more-->\n\n\n\n<p>Fotografieren aus den klimatisierten Zug heraus ist kaum m\u00f6glich, also genie\u00dfen wir die Landschaft. Hinter Meiringen f\u00e4ngt dann auch der Regen an. Eineinhalb Stunden dauert die Fahrt bis Sarnen. Dort m\u00fcssen wir aussteigen und auf die nachfolgende S-Bahn warten, denn unser Hotel liegt an der Station \u201eKriens Mattenhof\u201c etwa 4 km vor Luzern und der durchgehende Interregio h\u00e4lt dort nicht.<\/p>\n\n\n\n<figure class=\"wp-block-image aligncenter size-large is-resized\"><a href=\"https:\/\/mb2812.de\/wp-content\/uploads\/2022\/11\/IMG_5624-764.jpg\" target=\"_blank\" rel=\" noreferrer noopener\"><img loading=\"lazy\" decoding=\"async\" width=\"1024\" height=\"819\" src=\"https:\/\/mb2812.de\/wp-content\/uploads\/2022\/11\/IMG_5624-764-1024x819.jpg\" alt=\"\" class=\"wp-image-12081\" style=\"width:800px\" srcset=\"https:\/\/mb2812.de\/wp-content\/uploads\/2022\/11\/IMG_5624-764-1024x819.jpg 1024w, https:\/\/mb2812.de\/wp-content\/uploads\/2022\/11\/IMG_5624-764-300x240.jpg 300w, https:\/\/mb2812.de\/wp-content\/uploads\/2022\/11\/IMG_5624-764-768x614.jpg 768w, https:\/\/mb2812.de\/wp-content\/uploads\/2022\/11\/IMG_5624-764-1536x1229.jpg 1536w, https:\/\/mb2812.de\/wp-content\/uploads\/2022\/11\/IMG_5624-764-668x534.jpg 668w, https:\/\/mb2812.de\/wp-content\/uploads\/2022\/11\/IMG_5624-764.jpg 1920w\" sizes=\"auto, (max-width: 1024px) 100vw, 1024px\" \/><\/a><figcaption class=\"wp-element-caption\"><em>Unterwegs<\/em><\/figcaption><\/figure>\n\n\n\n<p>Aufgrund des Regens waren wir dann sehr gl\u00fccklich, dass es keine 300 Meter von der Station bis zum Hotel waren. Ca. 14:15 Uhr waren wir bereits da und konnten auch schon unser Zimmer beziehen. Danach gab es dann einen kleinen Rundgang mit Kaffeepause in der B\u00e4ckerei am Bahnhof.<\/p>\n\n\n\n<p>Und dann war es auch schon Zeit f\u00fcr den zweiten Punkt des Tages: Abendessen. Das war heute etwas anders, wir hatten in einem der Restaurants des Luxus Resorts auf dem B\u00fcrgenstock, einem Berg direkt am Vierwaldst\u00e4ttersee, reserviert. Die Anreise dahin sollte mit Schiff ab Luzern nach Kehrsiten-B\u00fcrgenstock und dann mit der Seilbahn auf den Berg hinauf erfolgen. Reserviert war um 18:00 Uhr, wir wollten aber etwas eher dort sein, um uns das Resort einmal anzuschauen. Ganz so hat es aufgrund des Wetters nicht funktioniert. Um 15:00 Uhr fuhren wir jedenfalls von unserem Hotel nach Luzern, und bis zur Schiffsabfahrt um 16:00 Uhr reichte die Zeit, die bekannteste Luzerner Sehensw\u00fcrdigkeit, die Kapellbr\u00fccke, zu besichtigen.<\/p>\n\n\n\n<figure class=\"wp-block-image aligncenter size-large is-resized\"><a href=\"https:\/\/mb2812.de\/wp-content\/uploads\/2022\/11\/IMG_3897.jpg\" target=\"_blank\" rel=\" noreferrer noopener\"><img loading=\"lazy\" decoding=\"async\" width=\"1024\" height=\"819\" src=\"https:\/\/mb2812.de\/wp-content\/uploads\/2022\/11\/IMG_3897-1024x819.jpg\" alt=\"\" class=\"wp-image-12067\" style=\"width:800px\" srcset=\"https:\/\/mb2812.de\/wp-content\/uploads\/2022\/11\/IMG_3897-1024x819.jpg 1024w, https:\/\/mb2812.de\/wp-content\/uploads\/2022\/11\/IMG_3897-300x240.jpg 300w, https:\/\/mb2812.de\/wp-content\/uploads\/2022\/11\/IMG_3897-768x614.jpg 768w, https:\/\/mb2812.de\/wp-content\/uploads\/2022\/11\/IMG_3897-1536x1229.jpg 1536w, https:\/\/mb2812.de\/wp-content\/uploads\/2022\/11\/IMG_3897-668x534.jpg 668w, https:\/\/mb2812.de\/wp-content\/uploads\/2022\/11\/IMG_3897.jpg 1920w\" sizes=\"auto, (max-width: 1024px) 100vw, 1024px\" \/><\/a><figcaption class=\"wp-element-caption\"><em>Die Kapellbr\u00fccke \u00fcber die Reuss, rechts der Rathausturm<\/em><\/figcaption><\/figure>\n\n\n\n<figure class=\"wp-block-image aligncenter size-large is-resized\"><a href=\"https:\/\/mb2812.de\/wp-content\/uploads\/2022\/11\/IMG_3902.jpg\" target=\"_blank\" rel=\" noreferrer noopener\"><img loading=\"lazy\" decoding=\"async\" width=\"1024\" height=\"819\" src=\"https:\/\/mb2812.de\/wp-content\/uploads\/2022\/11\/IMG_3902-1024x819.jpg\" alt=\"\" class=\"wp-image-12074\" style=\"width:800px\" srcset=\"https:\/\/mb2812.de\/wp-content\/uploads\/2022\/11\/IMG_3902-1024x819.jpg 1024w, https:\/\/mb2812.de\/wp-content\/uploads\/2022\/11\/IMG_3902-300x240.jpg 300w, https:\/\/mb2812.de\/wp-content\/uploads\/2022\/11\/IMG_3902-768x614.jpg 768w, https:\/\/mb2812.de\/wp-content\/uploads\/2022\/11\/IMG_3902-1536x1229.jpg 1536w, https:\/\/mb2812.de\/wp-content\/uploads\/2022\/11\/IMG_3902-668x534.jpg 668w, https:\/\/mb2812.de\/wp-content\/uploads\/2022\/11\/IMG_3902.jpg 1920w\" sizes=\"auto, (max-width: 1024px) 100vw, 1024px\" \/><\/a><figcaption class=\"wp-element-caption\"><em>Blick \u00fcber die Reuss mit Kapellbr\u00fccke links und der modernen Seebr\u00fccke rechts<\/em><\/figcaption><\/figure>\n\n\n\n<figure class=\"wp-block-image aligncenter size-large is-resized\"><a href=\"https:\/\/mb2812.de\/wp-content\/uploads\/2022\/11\/IMG_3907-766.jpg\" target=\"_blank\" rel=\" noreferrer noopener\"><img loading=\"lazy\" decoding=\"async\" width=\"1024\" height=\"819\" src=\"https:\/\/mb2812.de\/wp-content\/uploads\/2022\/11\/IMG_3907-766-1024x819.jpg\" alt=\"\" class=\"wp-image-12075\" style=\"width:800px\" srcset=\"https:\/\/mb2812.de\/wp-content\/uploads\/2022\/11\/IMG_3907-766-1024x819.jpg 1024w, https:\/\/mb2812.de\/wp-content\/uploads\/2022\/11\/IMG_3907-766-300x240.jpg 300w, https:\/\/mb2812.de\/wp-content\/uploads\/2022\/11\/IMG_3907-766-768x614.jpg 768w, https:\/\/mb2812.de\/wp-content\/uploads\/2022\/11\/IMG_3907-766-1536x1229.jpg 1536w, https:\/\/mb2812.de\/wp-content\/uploads\/2022\/11\/IMG_3907-766-668x534.jpg 668w, https:\/\/mb2812.de\/wp-content\/uploads\/2022\/11\/IMG_3907-766.jpg 1920w\" sizes=\"auto, (max-width: 1024px) 100vw, 1024px\" \/><\/a><figcaption class=\"wp-element-caption\"><em>Blick Reussabw\u00e4rts, links die Jesuitenkirche<\/em><\/figcaption><\/figure>\n\n\n\n<p>Dann geht\u2018s zum Anleger f\u00fcr die Fahrt zum B\u00fcrgenstock. Extra f\u00fcr diese Fahrten wurde 2018 der futuristisch aussehende Katamaran MS B\u00fcrgenstock mit Hybridantrieb in Dienst gestellt, der im Luzerner Hafenbecken elektrisch f\u00e4hrt, danach wird dann allerdings der Diesel angeschmissen.<\/p>\n\n\n\n<figure class=\"wp-block-image aligncenter size-large is-resized\"><a href=\"https:\/\/mb2812.de\/wp-content\/uploads\/2022\/11\/IMG_3914.jpg\" target=\"_blank\" rel=\" noreferrer noopener\"><img loading=\"lazy\" decoding=\"async\" width=\"1024\" height=\"819\" src=\"https:\/\/mb2812.de\/wp-content\/uploads\/2022\/11\/IMG_3914-1024x819.jpg\" alt=\"\" class=\"wp-image-12076\" style=\"width:800px\" srcset=\"https:\/\/mb2812.de\/wp-content\/uploads\/2022\/11\/IMG_3914-1024x819.jpg 1024w, https:\/\/mb2812.de\/wp-content\/uploads\/2022\/11\/IMG_3914-300x240.jpg 300w, https:\/\/mb2812.de\/wp-content\/uploads\/2022\/11\/IMG_3914-768x614.jpg 768w, https:\/\/mb2812.de\/wp-content\/uploads\/2022\/11\/IMG_3914-1536x1229.jpg 1536w, https:\/\/mb2812.de\/wp-content\/uploads\/2022\/11\/IMG_3914-668x534.jpg 668w, https:\/\/mb2812.de\/wp-content\/uploads\/2022\/11\/IMG_3914.jpg 1920w\" sizes=\"auto, (max-width: 1024px) 100vw, 1024px\" \/><\/a><figcaption class=\"wp-element-caption\"><em>Schwer zu erkennen vor der Kulisse der gro\u00dfen Hotels am Schweizerhofquai: die MS B\u00fcrgenstock kommt<\/em><\/figcaption><\/figure>\n\n\n\n<figure class=\"wp-block-image aligncenter size-large is-resized\"><a href=\"https:\/\/mb2812.de\/wp-content\/uploads\/2022\/11\/IMG_3916.jpg\" target=\"_blank\" rel=\" noreferrer noopener\"><img loading=\"lazy\" decoding=\"async\" width=\"1024\" height=\"819\" src=\"https:\/\/mb2812.de\/wp-content\/uploads\/2022\/11\/IMG_3916-1024x819.jpg\" alt=\"\" class=\"wp-image-12077\" style=\"width:800px\" srcset=\"https:\/\/mb2812.de\/wp-content\/uploads\/2022\/11\/IMG_3916-1024x819.jpg 1024w, https:\/\/mb2812.de\/wp-content\/uploads\/2022\/11\/IMG_3916-300x240.jpg 300w, https:\/\/mb2812.de\/wp-content\/uploads\/2022\/11\/IMG_3916-768x614.jpg 768w, https:\/\/mb2812.de\/wp-content\/uploads\/2022\/11\/IMG_3916-1536x1229.jpg 1536w, https:\/\/mb2812.de\/wp-content\/uploads\/2022\/11\/IMG_3916-668x534.jpg 668w, https:\/\/mb2812.de\/wp-content\/uploads\/2022\/11\/IMG_3916.jpg 1920w\" sizes=\"auto, (max-width: 1024px) 100vw, 1024px\" \/><\/a><figcaption class=\"wp-element-caption\"><em>24 Minuten dauert die Fahrt auf dem Vierwaldst\u00e4ttersee<\/em><\/figcaption><\/figure>\n\n\n\n<p>Dann sind es es noch wenige Minuten mit der Seilbahn und wir sind oben auf dem B\u00fcrgenstock. Mit der geplanten Erkundung des Resortareals oder einem kleinen Spaziergang wird es allerdings nichts, wir befinden uns mitten in den Wolken mit nur wenigen Metern Sichtweite.<\/p>\n\n\n\n<figure class=\"wp-block-image aligncenter size-large is-resized\"><a href=\"https:\/\/mb2812.de\/wp-content\/uploads\/2022\/11\/IMG_5809.jpg\" target=\"_blank\" rel=\" noreferrer noopener\"><img loading=\"lazy\" decoding=\"async\" width=\"1024\" height=\"819\" src=\"https:\/\/mb2812.de\/wp-content\/uploads\/2022\/11\/IMG_5809-1024x819.jpg\" alt=\"\" class=\"wp-image-12083\" style=\"width:800px\" srcset=\"https:\/\/mb2812.de\/wp-content\/uploads\/2022\/11\/IMG_5809-1024x819.jpg 1024w, https:\/\/mb2812.de\/wp-content\/uploads\/2022\/11\/IMG_5809-300x240.jpg 300w, https:\/\/mb2812.de\/wp-content\/uploads\/2022\/11\/IMG_5809-768x614.jpg 768w, https:\/\/mb2812.de\/wp-content\/uploads\/2022\/11\/IMG_5809-1536x1229.jpg 1536w, https:\/\/mb2812.de\/wp-content\/uploads\/2022\/11\/IMG_5809-668x534.jpg 668w, https:\/\/mb2812.de\/wp-content\/uploads\/2022\/11\/IMG_5809.jpg 1920w\" sizes=\"auto, (max-width: 1024px) 100vw, 1024px\" \/><\/a><figcaption class=\"wp-element-caption\"><em>Vor dem Resort. Links der Zugang zur Seilbahn, hinter mir der Eingang zum Restaurant<\/em><\/figcaption><\/figure>\n\n\n\n<p>Das Restaurant ist nat\u00fcrlich noch geschlossen, und so viel zu sehen gibt es im Hotel jetzt nicht. Wir schmeicheln uns in die Lounge ein (Zutritt eigentlich nur f\u00fcr Hotelg\u00e4ste) und machen es uns da f\u00fcr eine knappe Stunde gem\u00fctlich.<\/p>\n\n\n\n<figure class=\"wp-block-image aligncenter size-large is-resized\"><a href=\"https:\/\/mb2812.de\/wp-content\/uploads\/2022\/11\/IMG_3917-762.jpg\" target=\"_blank\" rel=\" noreferrer noopener\"><img loading=\"lazy\" decoding=\"async\" width=\"1024\" height=\"819\" src=\"https:\/\/mb2812.de\/wp-content\/uploads\/2022\/11\/IMG_3917-762-1024x819.jpg\" alt=\"\" class=\"wp-image-12078\" style=\"width:800px\" srcset=\"https:\/\/mb2812.de\/wp-content\/uploads\/2022\/11\/IMG_3917-762-1024x819.jpg 1024w, https:\/\/mb2812.de\/wp-content\/uploads\/2022\/11\/IMG_3917-762-300x240.jpg 300w, https:\/\/mb2812.de\/wp-content\/uploads\/2022\/11\/IMG_3917-762-768x614.jpg 768w, https:\/\/mb2812.de\/wp-content\/uploads\/2022\/11\/IMG_3917-762-1536x1229.jpg 1536w, https:\/\/mb2812.de\/wp-content\/uploads\/2022\/11\/IMG_3917-762-668x534.jpg 668w, https:\/\/mb2812.de\/wp-content\/uploads\/2022\/11\/IMG_3917-762.jpg 1920w\" sizes=\"auto, (max-width: 1024px) 100vw, 1024px\" \/><\/a><figcaption class=\"wp-element-caption\"><em>Im Restaurant ist es noch ruhig. Eigentlich hat man durch die Fenster einen sagenhaften Ausblick bis nach Luzern<\/em><\/figcaption><\/figure>\n\n\n\n<figure class=\"wp-block-image aligncenter size-large is-resized\"><a href=\"https:\/\/mb2812.de\/wp-content\/uploads\/2022\/11\/IMG_5812-746.jpg\" target=\"_blank\" rel=\" noreferrer noopener\"><img loading=\"lazy\" decoding=\"async\" width=\"1024\" height=\"768\" src=\"https:\/\/mb2812.de\/wp-content\/uploads\/2022\/11\/IMG_5812-746-1024x768.jpg\" alt=\"\" class=\"wp-image-12070\" style=\"width:800px\" srcset=\"https:\/\/mb2812.de\/wp-content\/uploads\/2022\/11\/IMG_5812-746-1024x768.jpg 1024w, https:\/\/mb2812.de\/wp-content\/uploads\/2022\/11\/IMG_5812-746-300x225.jpg 300w, https:\/\/mb2812.de\/wp-content\/uploads\/2022\/11\/IMG_5812-746-768x576.jpg 768w, https:\/\/mb2812.de\/wp-content\/uploads\/2022\/11\/IMG_5812-746-1536x1152.jpg 1536w, https:\/\/mb2812.de\/wp-content\/uploads\/2022\/11\/IMG_5812-746-668x501.jpg 668w, https:\/\/mb2812.de\/wp-content\/uploads\/2022\/11\/IMG_5812-746.jpg 1920w\" sizes=\"auto, (max-width: 1024px) 100vw, 1024px\" \/><\/a><figcaption class=\"wp-element-caption\"><em>Und dies ist die \u201eLakeview Lounge\u201c<\/em><\/figcaption><\/figure>\n\n\n\n<figure class=\"wp-block-image aligncenter size-large is-resized\"><a href=\"https:\/\/mb2812.de\/wp-content\/uploads\/2022\/11\/IMG_3918-765.jpg\" target=\"_blank\" rel=\" noreferrer noopener\"><img loading=\"lazy\" decoding=\"async\" width=\"1024\" height=\"819\" src=\"https:\/\/mb2812.de\/wp-content\/uploads\/2022\/11\/IMG_3918-765-1024x819.jpg\" alt=\"\" class=\"wp-image-12068\" style=\"width:800px\" srcset=\"https:\/\/mb2812.de\/wp-content\/uploads\/2022\/11\/IMG_3918-765-1024x819.jpg 1024w, https:\/\/mb2812.de\/wp-content\/uploads\/2022\/11\/IMG_3918-765-300x240.jpg 300w, https:\/\/mb2812.de\/wp-content\/uploads\/2022\/11\/IMG_3918-765-768x614.jpg 768w, https:\/\/mb2812.de\/wp-content\/uploads\/2022\/11\/IMG_3918-765-1536x1229.jpg 1536w, https:\/\/mb2812.de\/wp-content\/uploads\/2022\/11\/IMG_3918-765-668x534.jpg 668w, https:\/\/mb2812.de\/wp-content\/uploads\/2022\/11\/IMG_3918-765.jpg 1920w\" sizes=\"auto, (max-width: 1024px) 100vw, 1024px\" \/><\/a><figcaption class=\"wp-element-caption\"><em>Ein Bier und eine heisse Schokolade, macht zusammen 22 Franken. Lustig: eine gro\u00dfe Version der Biergl\u00e4ser habe ich Zuhause als Weizenbiergl\u00e4ser<\/em><\/figcaption><\/figure>\n\n\n\n<figure class=\"wp-block-image aligncenter size-large is-resized\"><a href=\"https:\/\/mb2812.de\/wp-content\/uploads\/2022\/11\/IMG_3919.jpg\" target=\"_blank\" rel=\" noreferrer noopener\"><img loading=\"lazy\" decoding=\"async\" width=\"1024\" height=\"819\" src=\"https:\/\/mb2812.de\/wp-content\/uploads\/2022\/11\/IMG_3919-1024x819.jpg\" alt=\"\" class=\"wp-image-12079\" style=\"width:800px\" srcset=\"https:\/\/mb2812.de\/wp-content\/uploads\/2022\/11\/IMG_3919-1024x819.jpg 1024w, https:\/\/mb2812.de\/wp-content\/uploads\/2022\/11\/IMG_3919-300x240.jpg 300w, https:\/\/mb2812.de\/wp-content\/uploads\/2022\/11\/IMG_3919-768x614.jpg 768w, https:\/\/mb2812.de\/wp-content\/uploads\/2022\/11\/IMG_3919-1536x1229.jpg 1536w, https:\/\/mb2812.de\/wp-content\/uploads\/2022\/11\/IMG_3919-668x534.jpg 668w, https:\/\/mb2812.de\/wp-content\/uploads\/2022\/11\/IMG_3919.jpg 1920w\" sizes=\"auto, (max-width: 1024px) 100vw, 1024px\" \/><\/a><figcaption class=\"wp-element-caption\"><em>Immerhin gibt es Live Klaviermusik<\/em><\/figcaption><\/figure>\n\n\n\n<figure class=\"wp-block-image aligncenter size-large is-resized\"><a href=\"https:\/\/mb2812.de\/wp-content\/uploads\/2022\/11\/IMG_3920-716.jpg\" target=\"_blank\" rel=\" noreferrer noopener\"><img loading=\"lazy\" decoding=\"async\" width=\"1024\" height=\"819\" src=\"https:\/\/mb2812.de\/wp-content\/uploads\/2022\/11\/IMG_3920-716-1024x819.jpg\" alt=\"\" class=\"wp-image-12069\" style=\"width:800px\" srcset=\"https:\/\/mb2812.de\/wp-content\/uploads\/2022\/11\/IMG_3920-716-1024x819.jpg 1024w, https:\/\/mb2812.de\/wp-content\/uploads\/2022\/11\/IMG_3920-716-300x240.jpg 300w, https:\/\/mb2812.de\/wp-content\/uploads\/2022\/11\/IMG_3920-716-768x614.jpg 768w, https:\/\/mb2812.de\/wp-content\/uploads\/2022\/11\/IMG_3920-716-1536x1229.jpg 1536w, https:\/\/mb2812.de\/wp-content\/uploads\/2022\/11\/IMG_3920-716-668x534.jpg 668w, https:\/\/mb2812.de\/wp-content\/uploads\/2022\/11\/IMG_3920-716.jpg 1920w\" sizes=\"auto, (max-width: 1024px) 100vw, 1024px\" \/><\/a><figcaption class=\"wp-element-caption\"><em>Und da sind wir im Restaurant. Wir bekamen tats\u00e4chlich einen Tisch direkt am Fenster. Sp\u00e4ter verschwand der Nebel und wir konnten die Aussicht genie\u00dfen<\/em><\/figcaption><\/figure>\n\n\n\n<p>Das Essen ist \u00fcbrigens sehr gut und unter Ber\u00fccksichtigung des Schweizer Preisniveaus auch nicht \u00fcberteuert. Der Servicei st gut und effizient.<\/p>\n\n\n\n<p>Es gibt zwei Sitzungen f\u00fcrs Essen, um 18:00 und 21:00 Uhr, insofern geht es etwas schneller zu wie in einem klassischen Sterne-Restaurant. Eigentlich dachten wir, um 21:20 Uhr die R\u00fcckfahrt antreten zu k\u00f6nnen, tats\u00e4chlich sind wir um kurz nach Acht mit dem Essen fertig und \u201eschaffen\u201c die Bahn eine Stunde eher. Es bleibt sogar noch Zeit f\u00fcr einen kurzen Besuch auf der Terasse:<\/p>\n\n\n\n<figure class=\"wp-block-image aligncenter size-large is-resized\"><a href=\"https:\/\/mb2812.de\/wp-content\/uploads\/2022\/11\/IMG_5830-748.jpg\" target=\"_blank\" rel=\" noreferrer noopener\"><img loading=\"lazy\" decoding=\"async\" width=\"1024\" height=\"819\" src=\"https:\/\/mb2812.de\/wp-content\/uploads\/2022\/11\/IMG_5830-748-1024x819.jpg\" alt=\"\" class=\"wp-image-12071\" style=\"width:800px\" srcset=\"https:\/\/mb2812.de\/wp-content\/uploads\/2022\/11\/IMG_5830-748-1024x819.jpg 1024w, https:\/\/mb2812.de\/wp-content\/uploads\/2022\/11\/IMG_5830-748-300x240.jpg 300w, https:\/\/mb2812.de\/wp-content\/uploads\/2022\/11\/IMG_5830-748-768x614.jpg 768w, https:\/\/mb2812.de\/wp-content\/uploads\/2022\/11\/IMG_5830-748-1536x1229.jpg 1536w, https:\/\/mb2812.de\/wp-content\/uploads\/2022\/11\/IMG_5830-748-668x534.jpg 668w, https:\/\/mb2812.de\/wp-content\/uploads\/2022\/11\/IMG_5830-748.jpg 1920w\" sizes=\"auto, (max-width: 1024px) 100vw, 1024px\" \/><\/a><figcaption class=\"wp-element-caption\"><em>Blick auf Hotel und Restaurant. Rechts unten die Station der Seilbahn<\/em><\/figcaption><\/figure>\n\n\n\n<figure class=\"wp-block-image aligncenter size-large is-resized\"><a href=\"https:\/\/mb2812.de\/wp-content\/uploads\/2022\/11\/IMG_3925.jpg\" target=\"_blank\" rel=\" noreferrer noopener\"><img loading=\"lazy\" decoding=\"async\" width=\"1024\" height=\"819\" src=\"https:\/\/mb2812.de\/wp-content\/uploads\/2022\/11\/IMG_3925-1024x819.jpg\" alt=\"\" class=\"wp-image-12080\" style=\"width:800px\" srcset=\"https:\/\/mb2812.de\/wp-content\/uploads\/2022\/11\/IMG_3925-1024x819.jpg 1024w, https:\/\/mb2812.de\/wp-content\/uploads\/2022\/11\/IMG_3925-300x240.jpg 300w, https:\/\/mb2812.de\/wp-content\/uploads\/2022\/11\/IMG_3925-768x614.jpg 768w, https:\/\/mb2812.de\/wp-content\/uploads\/2022\/11\/IMG_3925-1536x1229.jpg 1536w, https:\/\/mb2812.de\/wp-content\/uploads\/2022\/11\/IMG_3925-668x534.jpg 668w, https:\/\/mb2812.de\/wp-content\/uploads\/2022\/11\/IMG_3925.jpg 1920w\" sizes=\"auto, (max-width: 1024px) 100vw, 1024px\" \/><\/a><figcaption class=\"wp-element-caption\"><em>Und dies ist er, der ber\u00fchmte Blick auf Vierwaldst\u00e4ttersee und Luzern<\/em><\/figcaption><\/figure>\n\n\n\n<figure class=\"wp-block-image aligncenter size-large is-resized\"><a href=\"https:\/\/mb2812.de\/wp-content\/uploads\/2022\/11\/IMG_5848-761.jpg\" target=\"_blank\" rel=\" noreferrer noopener\"><img loading=\"lazy\" decoding=\"async\" width=\"1024\" height=\"819\" src=\"https:\/\/mb2812.de\/wp-content\/uploads\/2022\/11\/IMG_5848-761-1024x819.jpg\" alt=\"\" class=\"wp-image-12072\" style=\"width:800px\" srcset=\"https:\/\/mb2812.de\/wp-content\/uploads\/2022\/11\/IMG_5848-761-1024x819.jpg 1024w, https:\/\/mb2812.de\/wp-content\/uploads\/2022\/11\/IMG_5848-761-300x240.jpg 300w, https:\/\/mb2812.de\/wp-content\/uploads\/2022\/11\/IMG_5848-761-768x614.jpg 768w, https:\/\/mb2812.de\/wp-content\/uploads\/2022\/11\/IMG_5848-761-1536x1229.jpg 1536w, https:\/\/mb2812.de\/wp-content\/uploads\/2022\/11\/IMG_5848-761-668x534.jpg 668w, https:\/\/mb2812.de\/wp-content\/uploads\/2022\/11\/IMG_5848-761.jpg 1920w\" sizes=\"auto, (max-width: 1024px) 100vw, 1024px\" \/><\/a><figcaption class=\"wp-element-caption\"><em>Von der Bahn selber haben wir kein Foto, nur von diesem Relief. Es zeigt links unten die Schiffsstation und  oben die Geb\u00e4ude des Resort<\/em><\/figcaption><\/figure>\n\n\n\n<figure class=\"wp-block-image aligncenter size-large is-resized\"><a href=\"https:\/\/mb2812.de\/wp-content\/uploads\/2022\/11\/IMG_5864.jpg\" target=\"_blank\" rel=\" noreferrer noopener\"><img loading=\"lazy\" decoding=\"async\" width=\"768\" height=\"1024\" src=\"https:\/\/mb2812.de\/wp-content\/uploads\/2022\/11\/IMG_5864-768x1024.jpg\" alt=\"\" class=\"wp-image-12082\" style=\"width:600px\" srcset=\"https:\/\/mb2812.de\/wp-content\/uploads\/2022\/11\/IMG_5864-768x1024.jpg 768w, https:\/\/mb2812.de\/wp-content\/uploads\/2022\/11\/IMG_5864-225x300.jpg 225w, https:\/\/mb2812.de\/wp-content\/uploads\/2022\/11\/IMG_5864-1152x1536.jpg 1152w, https:\/\/mb2812.de\/wp-content\/uploads\/2022\/11\/IMG_5864-668x891.jpg 668w, https:\/\/mb2812.de\/wp-content\/uploads\/2022\/11\/IMG_5864.jpg 1440w\" sizes=\"auto, (max-width: 768px) 100vw, 768px\" \/><\/a><figcaption class=\"wp-element-caption\"><em>Im Rahmen der \u201eLoz\u00e4rner M\u00e4\u00e4s\u201c ist am Bahnhof ein Luna-Park mit Fahrgesch\u00e4ften aufgebaut<\/em><\/figcaption><\/figure>\n\n\n\n<p>Mit der S-Bahn geht es zur\u00fcck zum Hotel und dort gibt es an der jetzt nicht so gem\u00fctlichen Bar noch einen Drink, bevor der Tag zu Ende ist.<\/p>\n","protected":false},"excerpt":{"rendered":"<p>Wir wechseln das Hotel, f\u00fcr die n\u00e4chsten Tage sind wir in Luzern. Nach einem kurzen Rundgang durch Luzern fahren wir zum Abendessen, das haben wir im Luxusresort auf dem B\u00fcrgenstock gebucht.<\/p>\n","protected":false},"author":1,"featured_media":12074,"comment_status":"closed","ping_status":"closed","sticky":false,"template":"","format":"standard","meta":{"footnotes":""},"categories":[379],"tags":[47,147,55,48,50,148,49],"class_list":["post-12066","post","type-post","status-publish","format-standard","has-post-thumbnail","hentry","category-schweiz-2022","tag-47","tag-berner-oberland","tag-luzern","tag-schweiz","tag-spiez","tag-vierwaldstaetter-see","tag-zentralschweiz"],"_links":{"self":[{"href":"https:\/\/mb2812.de\/index.php?rest_route=\/wp\/v2\/posts\/12066","targetHints":{"allow":["GET"]}}],"collection":[{"href":"https:\/\/mb2812.de\/index.php?rest_route=\/wp\/v2\/posts"}],"about":[{"href":"https:\/\/mb2812.de\/index.php?rest_route=\/wp\/v2\/types\/post"}],"author":[{"embeddable":true,"href":"https:\/\/mb2812.de\/index.php?rest_route=\/wp\/v2\/users\/1"}],"replies":[{"embeddable":true,"href":"https:\/\/mb2812.de\/index.php?rest_route=%2Fwp%2Fv2%2Fcomments&post=12066"}],"version-history":[{"count":15,"href":"https:\/\/mb2812.de\/index.php?rest_route=\/wp\/v2\/posts\/12066\/revisions"}],"predecessor-version":[{"id":16487,"href":"https:\/\/mb2812.de\/index.php?rest_route=\/wp\/v2\/posts\/12066\/revisions\/16487"}],"wp:featuredmedia":[{"embeddable":true,"href":"https:\/\/mb2812.de\/index.php?rest_route=\/wp\/v2\/media\/12074"}],"wp:attachment":[{"href":"https:\/\/mb2812.de\/index.php?rest_route=%2Fwp%2Fv2%2Fmedia&parent=12066"}],"wp:term":[{"taxonomy":"category","embeddable":true,"href":"https:\/\/mb2812.de\/index.php?rest_route=%2Fwp%2Fv2%2Fcategories&post=12066"},{"taxonomy":"post_tag","embeddable":true,"href":"https:\/\/mb2812.de\/index.php?rest_route=%2Fwp%2Fv2%2Ftags&post=12066"}],"curies":[{"name":"wp","href":"https:\/\/api.w.org\/{rel}","templated":true}]}}