{"id":11960,"date":"2022-10-06T09:00:44","date_gmt":"2022-10-06T07:00:44","guid":{"rendered":"http:\/\/reiseblog.mb2812.de\/?p=11960"},"modified":"2025-02-04T12:24:49","modified_gmt":"2025-02-04T10:24:49","slug":"schynige-platte","status":"publish","type":"post","link":"https:\/\/mb2812.de\/?p=11960","title":{"rendered":"Schynige Platte"},"content":{"rendered":"\n<p>Heute wurden wir zu Gipfelst\u00fcrmern. Nat\u00fcrlich nicht zu Fu\u00df, sondern mit einer Bergbahn. Davon hat man hier mehr als genug zur Auswahl, ich hatte mich f\u00fcr eine Fahrt auf die Schynige Platte entschieden. Der Weg von Spiez dahin ist recht einfach mit zweimal Umsteigen. Zun\u00e4chst nach Interlaken, dann mit der Berner Oberland Bahn eine Station weit nach Wilderswil. Dort startet dann die Schynige Platte Bahn, eine\u00a07,3 Kilometer lange Zahnradstrecke. Die braucht ca. 1 Stunde bis zur Bergstation auf 1967 Meter H\u00f6he. Die Bahn wird als Nostalgiebahn vermarktet, tats\u00e4chlich stammen die Loks alle aus der Zeit der Elektrifizierung ab 1911, die meisten Personenwagen sind allerdings Neuaufbauten (im historischen Design) auf alten Untergestellen.<\/p>\n\n\n\n<p>Die Fahrkarten kaufen wir nach dem gestrigen Erlebnis mit der Internetbuchung ganz klassisch am Schalter im Bahnhof, und dann geht es mit dem ellenlangen Intercity nach Interlaken Ost. Wir finden einen bequemen Platz vorne im Verst\u00e4rkermodul. In Interlaken wird die BOB von Menschenmassen gest\u00fcrmt, aber wir k\u00f6nnen einen Sitzplatz ergattern. N\u00f6tig war das nicht, denn nach nur f\u00fcnf Minuten Fahrt sind wir in WIlderswil und m\u00fcssen schon wieder aussteigen. Hier haben wir etwas Zeit, die Schynige Platte Bahn schafft nur einen 40 Minuten Takt und deshalb passen die Anschl\u00fcsse nicht immer.<\/p>\n\n\n\n<figure class=\"wp-block-image aligncenter size-large is-resized\"><a href=\"https:\/\/mb2812.de\/wp-content\/uploads\/2022\/10\/IMG_4974-724.jpg\" target=\"_blank\" rel=\" noreferrer noopener\"><img loading=\"lazy\" decoding=\"async\" width=\"1024\" height=\"819\" src=\"https:\/\/mb2812.de\/wp-content\/uploads\/2022\/10\/IMG_4974-724-1024x819.jpg\" alt=\"\" class=\"wp-image-11970\" style=\"width:800px\" srcset=\"https:\/\/mb2812.de\/wp-content\/uploads\/2022\/10\/IMG_4974-724-1024x819.jpg 1024w, https:\/\/mb2812.de\/wp-content\/uploads\/2022\/10\/IMG_4974-724-300x240.jpg 300w, https:\/\/mb2812.de\/wp-content\/uploads\/2022\/10\/IMG_4974-724-768x614.jpg 768w, https:\/\/mb2812.de\/wp-content\/uploads\/2022\/10\/IMG_4974-724-1536x1229.jpg 1536w, https:\/\/mb2812.de\/wp-content\/uploads\/2022\/10\/IMG_4974-724-668x534.jpg 668w, https:\/\/mb2812.de\/wp-content\/uploads\/2022\/10\/IMG_4974-724.jpg 1920w\" sizes=\"auto, (max-width: 1024px) 100vw, 1024px\" \/><\/a><figcaption class=\"wp-element-caption\"><em>Wir k\u00f6nnen unseren Sitzplatz noch aussuchen. Der Zug aus E-Lok 63 von 1912 und Wagen 41 vor dem modernen Werkstattgeb\u00e4ude<\/em><\/figcaption><\/figure>\n\n\n\n<!--more-->\n\n\n\n<p>Auf geht es, den Berg hoch, unterwegs gibt es jede Menge Aussicht auf Thuner- und Brienzersee, das L\u00fctschinental und auch das Jungfraumassiv.<\/p>\n\n\n\n<figure class=\"wp-block-image aligncenter size-large is-resized\"><a href=\"https:\/\/mb2812.de\/wp-content\/uploads\/2022\/10\/DSC_9602-NEF_DxO_DeepPRIME.jpg\" target=\"_blank\" rel=\" noreferrer noopener\"><img loading=\"lazy\" decoding=\"async\" width=\"768\" height=\"1024\" src=\"https:\/\/mb2812.de\/wp-content\/uploads\/2022\/10\/DSC_9602-NEF_DxO_DeepPRIME-768x1024.jpg\" alt=\"\" class=\"wp-image-11980\" style=\"width:600px\" srcset=\"https:\/\/mb2812.de\/wp-content\/uploads\/2022\/10\/DSC_9602-NEF_DxO_DeepPRIME-768x1024.jpg 768w, https:\/\/mb2812.de\/wp-content\/uploads\/2022\/10\/DSC_9602-NEF_DxO_DeepPRIME-225x300.jpg 225w, https:\/\/mb2812.de\/wp-content\/uploads\/2022\/10\/DSC_9602-NEF_DxO_DeepPRIME-1152x1536.jpg 1152w, https:\/\/mb2812.de\/wp-content\/uploads\/2022\/10\/DSC_9602-NEF_DxO_DeepPRIME-668x891.jpg 668w, https:\/\/mb2812.de\/wp-content\/uploads\/2022\/10\/DSC_9602-NEF_DxO_DeepPRIME.jpg 1440w\" sizes=\"auto, (max-width: 768px) 100vw, 768px\" \/><\/a><figcaption class=\"wp-element-caption\"><em>Brienzersee<\/em><\/figcaption><\/figure>\n\n\n\n<figure class=\"wp-block-image aligncenter size-large is-resized\"><a href=\"https:\/\/mb2812.de\/wp-content\/uploads\/2022\/10\/DSC_9609-NEF_DxO_DeepPRIME.jpg\" target=\"_blank\" rel=\" noreferrer noopener\"><img loading=\"lazy\" decoding=\"async\" width=\"1024\" height=\"819\" src=\"https:\/\/mb2812.de\/wp-content\/uploads\/2022\/10\/DSC_9609-NEF_DxO_DeepPRIME-1024x819.jpg\" alt=\"\" class=\"wp-image-11965\" style=\"width:800px\" srcset=\"https:\/\/mb2812.de\/wp-content\/uploads\/2022\/10\/DSC_9609-NEF_DxO_DeepPRIME-1024x819.jpg 1024w, https:\/\/mb2812.de\/wp-content\/uploads\/2022\/10\/DSC_9609-NEF_DxO_DeepPRIME-300x240.jpg 300w, https:\/\/mb2812.de\/wp-content\/uploads\/2022\/10\/DSC_9609-NEF_DxO_DeepPRIME-768x614.jpg 768w, https:\/\/mb2812.de\/wp-content\/uploads\/2022\/10\/DSC_9609-NEF_DxO_DeepPRIME-1536x1229.jpg 1536w, https:\/\/mb2812.de\/wp-content\/uploads\/2022\/10\/DSC_9609-NEF_DxO_DeepPRIME-668x534.jpg 668w, https:\/\/mb2812.de\/wp-content\/uploads\/2022\/10\/DSC_9609-NEF_DxO_DeepPRIME.jpg 1920w\" sizes=\"auto, (max-width: 1024px) 100vw, 1024px\" \/><\/a><figcaption class=\"wp-element-caption\"><em>Interlaken<\/em><\/figcaption><\/figure>\n\n\n\n<figure class=\"wp-block-image aligncenter size-large is-resized\"><a href=\"https:\/\/mb2812.de\/wp-content\/uploads\/2022\/10\/IMG_5026-725.jpg\" target=\"_blank\" rel=\" noreferrer noopener\"><img loading=\"lazy\" decoding=\"async\" width=\"1024\" height=\"819\" src=\"https:\/\/mb2812.de\/wp-content\/uploads\/2022\/10\/IMG_5026-725-1024x819.jpg\" alt=\"\" class=\"wp-image-11978\" style=\"width:800px\" srcset=\"https:\/\/mb2812.de\/wp-content\/uploads\/2022\/10\/IMG_5026-725-1024x819.jpg 1024w, https:\/\/mb2812.de\/wp-content\/uploads\/2022\/10\/IMG_5026-725-300x240.jpg 300w, https:\/\/mb2812.de\/wp-content\/uploads\/2022\/10\/IMG_5026-725-768x614.jpg 768w, https:\/\/mb2812.de\/wp-content\/uploads\/2022\/10\/IMG_5026-725-1536x1229.jpg 1536w, https:\/\/mb2812.de\/wp-content\/uploads\/2022\/10\/IMG_5026-725-668x534.jpg 668w, https:\/\/mb2812.de\/wp-content\/uploads\/2022\/10\/IMG_5026-725.jpg 1920w\" sizes=\"auto, (max-width: 1024px) 100vw, 1024px\" \/><\/a><figcaption class=\"wp-element-caption\"><em>F\u00fcr den Blick auf den Thunersee sitzen wir auf der falschen Seite<\/em><\/figcaption><\/figure>\n\n\n\n<figure class=\"wp-block-image aligncenter size-large is-resized\"><a href=\"https:\/\/mb2812.de\/wp-content\/uploads\/2022\/10\/DSC_9614-NEF_DxO_DeepPRIME-856.jpg\" target=\"_blank\" rel=\" noreferrer noopener\"><img loading=\"lazy\" decoding=\"async\" width=\"1024\" height=\"819\" src=\"https:\/\/mb2812.de\/wp-content\/uploads\/2022\/10\/DSC_9614-NEF_DxO_DeepPRIME-856-1024x819.jpg\" alt=\"\" class=\"wp-image-12408\" style=\"width:800px\" srcset=\"https:\/\/mb2812.de\/wp-content\/uploads\/2022\/10\/DSC_9614-NEF_DxO_DeepPRIME-856-1024x819.jpg 1024w, https:\/\/mb2812.de\/wp-content\/uploads\/2022\/10\/DSC_9614-NEF_DxO_DeepPRIME-856-300x240.jpg 300w, https:\/\/mb2812.de\/wp-content\/uploads\/2022\/10\/DSC_9614-NEF_DxO_DeepPRIME-856-768x614.jpg 768w, https:\/\/mb2812.de\/wp-content\/uploads\/2022\/10\/DSC_9614-NEF_DxO_DeepPRIME-856-1536x1229.jpg 1536w, https:\/\/mb2812.de\/wp-content\/uploads\/2022\/10\/DSC_9614-NEF_DxO_DeepPRIME-856-668x534.jpg 668w, https:\/\/mb2812.de\/wp-content\/uploads\/2022\/10\/DSC_9614-NEF_DxO_DeepPRIME-856.jpg 1920w\" sizes=\"auto, (max-width: 1024px) 100vw, 1024px\" \/><\/a><figcaption class=\"wp-element-caption\"><em>Angekommen. Die Bergstation<\/em><\/figcaption><\/figure>\n\n\n\n<figure class=\"wp-block-image aligncenter size-large is-resized\"><a href=\"https:\/\/mb2812.de\/wp-content\/uploads\/2022\/10\/DSC_9643-NEF_DxO_DeepPRIME-1.jpg\"><img loading=\"lazy\" decoding=\"async\" width=\"1024\" height=\"819\" src=\"https:\/\/mb2812.de\/wp-content\/uploads\/2022\/10\/DSC_9643-NEF_DxO_DeepPRIME-1-1024x819.jpg\" alt=\"\" class=\"wp-image-12400\" style=\"width:800px\" srcset=\"https:\/\/mb2812.de\/wp-content\/uploads\/2022\/10\/DSC_9643-NEF_DxO_DeepPRIME-1-1024x819.jpg 1024w, https:\/\/mb2812.de\/wp-content\/uploads\/2022\/10\/DSC_9643-NEF_DxO_DeepPRIME-1-300x240.jpg 300w, https:\/\/mb2812.de\/wp-content\/uploads\/2022\/10\/DSC_9643-NEF_DxO_DeepPRIME-1-768x614.jpg 768w, https:\/\/mb2812.de\/wp-content\/uploads\/2022\/10\/DSC_9643-NEF_DxO_DeepPRIME-1-1536x1229.jpg 1536w, https:\/\/mb2812.de\/wp-content\/uploads\/2022\/10\/DSC_9643-NEF_DxO_DeepPRIME-1-668x534.jpg 668w, https:\/\/mb2812.de\/wp-content\/uploads\/2022\/10\/DSC_9643-NEF_DxO_DeepPRIME-1.jpg 1920w\" sizes=\"auto, (max-width: 1024px) 100vw, 1024px\" \/><\/a><figcaption class=\"wp-element-caption\"><em>Abgestellter Zug<\/em><\/figcaption><\/figure>\n\n\n\n<p>Ber\u00fchmt ist die Schynige Platte f\u00fcr die Aussicht auf das &#8222;Dreigestirn&#8220; aus Eiger, M\u00f6nch und Jungfrau. Leider geht der Blick dabei nach S\u00fcden, also tags\u00fcber ins Gegenlicht, das macht das Fotografieren nicht so einfach. Und ich hab nat\u00fcrlich keine Ahnung mehr, welcher Gipfel welchen Namen tr\u00e4gt.<\/p>\n\n\n\n<p>Kurzum, hier zwei Schnappsch\u00fcsse von Alpengipfeln mit Schnee:<\/p>\n\n\n\n<figure class=\"wp-block-image aligncenter size-large is-resized\"><a href=\"https:\/\/mb2812.de\/wp-content\/uploads\/2022\/10\/DSC_9620-1.jpg\" target=\"_blank\" rel=\" noreferrer noopener\"><img loading=\"lazy\" decoding=\"async\" width=\"1024\" height=\"819\" src=\"https:\/\/mb2812.de\/wp-content\/uploads\/2022\/10\/DSC_9620-1-1024x819.jpg\" alt=\"\" class=\"wp-image-11987\" style=\"width:800px\" srcset=\"https:\/\/mb2812.de\/wp-content\/uploads\/2022\/10\/DSC_9620-1-1024x819.jpg 1024w, https:\/\/mb2812.de\/wp-content\/uploads\/2022\/10\/DSC_9620-1-300x240.jpg 300w, https:\/\/mb2812.de\/wp-content\/uploads\/2022\/10\/DSC_9620-1-768x614.jpg 768w, https:\/\/mb2812.de\/wp-content\/uploads\/2022\/10\/DSC_9620-1-1536x1229.jpg 1536w, https:\/\/mb2812.de\/wp-content\/uploads\/2022\/10\/DSC_9620-1-668x534.jpg 668w, https:\/\/mb2812.de\/wp-content\/uploads\/2022\/10\/DSC_9620-1.jpg 1920w\" sizes=\"auto, (max-width: 1024px) 100vw, 1024px\" \/><\/a><\/figure>\n\n\n\n<p><\/p>\n\n\n\n<figure class=\"wp-block-image aligncenter size-large is-resized\"><a href=\"https:\/\/mb2812.de\/wp-content\/uploads\/2022\/10\/DSC_9622-NEF_DxO_DeepPRIME.jpg\" target=\"_blank\" rel=\" noreferrer noopener\"><img loading=\"lazy\" decoding=\"async\" width=\"1024\" height=\"819\" src=\"https:\/\/mb2812.de\/wp-content\/uploads\/2022\/10\/DSC_9622-NEF_DxO_DeepPRIME-1024x819.jpg\" alt=\"\" class=\"wp-image-11974\" style=\"width:800px\" srcset=\"https:\/\/mb2812.de\/wp-content\/uploads\/2022\/10\/DSC_9622-NEF_DxO_DeepPRIME-1024x819.jpg 1024w, https:\/\/mb2812.de\/wp-content\/uploads\/2022\/10\/DSC_9622-NEF_DxO_DeepPRIME-300x240.jpg 300w, https:\/\/mb2812.de\/wp-content\/uploads\/2022\/10\/DSC_9622-NEF_DxO_DeepPRIME-768x614.jpg 768w, https:\/\/mb2812.de\/wp-content\/uploads\/2022\/10\/DSC_9622-NEF_DxO_DeepPRIME-1536x1229.jpg 1536w, https:\/\/mb2812.de\/wp-content\/uploads\/2022\/10\/DSC_9622-NEF_DxO_DeepPRIME-668x534.jpg 668w, https:\/\/mb2812.de\/wp-content\/uploads\/2022\/10\/DSC_9622-NEF_DxO_DeepPRIME.jpg 1920w\" sizes=\"auto, (max-width: 1024px) 100vw, 1024px\" \/><\/a><\/figure>\n\n\n\n<p><\/p>\n\n\n\n<p>In der anderen Richtung kann man \u00fcber den Thuner See blicken.<\/p>\n\n\n\n<figure class=\"wp-block-image aligncenter size-large is-resized\"><a href=\"https:\/\/mb2812.de\/wp-content\/uploads\/2022\/10\/DSC_9619-NEF_DxO_DeepPRIME.jpg\" target=\"_blank\" rel=\" noreferrer noopener\"><img loading=\"lazy\" decoding=\"async\" width=\"1024\" height=\"819\" src=\"https:\/\/mb2812.de\/wp-content\/uploads\/2022\/10\/DSC_9619-NEF_DxO_DeepPRIME-1024x819.jpg\" alt=\"\" class=\"wp-image-11973\" style=\"width:800px\" srcset=\"https:\/\/mb2812.de\/wp-content\/uploads\/2022\/10\/DSC_9619-NEF_DxO_DeepPRIME-1024x819.jpg 1024w, https:\/\/mb2812.de\/wp-content\/uploads\/2022\/10\/DSC_9619-NEF_DxO_DeepPRIME-300x240.jpg 300w, https:\/\/mb2812.de\/wp-content\/uploads\/2022\/10\/DSC_9619-NEF_DxO_DeepPRIME-768x614.jpg 768w, https:\/\/mb2812.de\/wp-content\/uploads\/2022\/10\/DSC_9619-NEF_DxO_DeepPRIME-1536x1229.jpg 1536w, https:\/\/mb2812.de\/wp-content\/uploads\/2022\/10\/DSC_9619-NEF_DxO_DeepPRIME-668x534.jpg 668w, https:\/\/mb2812.de\/wp-content\/uploads\/2022\/10\/DSC_9619-NEF_DxO_DeepPRIME.jpg 1920w\" sizes=\"auto, (max-width: 1024px) 100vw, 1024px\" \/><\/a><figcaption class=\"wp-element-caption\"><em>Hier blicken wir auf unser Hotel. In der Bildmitte ist die Spiezer Bucht zu sehen, das Schloss Spiez kann man erahnen. Mit gen\u00fcgend &#8222;Zoom&#8220; erkennt man auch unser Hotel<\/em><\/figcaption><\/figure>\n\n\n\n<figure class=\"wp-block-image aligncenter size-full is-resized\"><a href=\"https:\/\/mb2812.de\/wp-content\/uploads\/2022\/10\/DSC_9619-NEF_DxO_DeepPRIME-749.jpg\" target=\"_blank\" rel=\" noreferrer noopener\"><img loading=\"lazy\" decoding=\"async\" width=\"551\" height=\"551\" src=\"https:\/\/mb2812.de\/wp-content\/uploads\/2022\/10\/DSC_9619-NEF_DxO_DeepPRIME-749.jpg\" alt=\"\" class=\"wp-image-12023\" style=\"width:551px\" srcset=\"https:\/\/mb2812.de\/wp-content\/uploads\/2022\/10\/DSC_9619-NEF_DxO_DeepPRIME-749.jpg 551w, https:\/\/mb2812.de\/wp-content\/uploads\/2022\/10\/DSC_9619-NEF_DxO_DeepPRIME-749-300x300.jpg 300w, https:\/\/mb2812.de\/wp-content\/uploads\/2022\/10\/DSC_9619-NEF_DxO_DeepPRIME-749-150x150.jpg 150w\" sizes=\"auto, (max-width: 551px) 100vw, 551px\" \/><\/a><figcaption class=\"wp-element-caption\"><em>Und hier ist der Zoom. Vom Hotelbalkon aus haben wir dann abends ger\u00e4tselt, welcher der Gipfel am Horizont die Schynige Platte ist<\/em><\/figcaption><\/figure>\n\n\n\n<p>Im Gegensatz zum Thunersee versteckt sich der Brienzersee hinter dem Bergkamm. Und eigentlich wollte ich einen Blick auf den See werfen. Wir haben dann den &#8218;Panoramaweg&#8216; eingeschlagen, der zu einem Aussichtspunkt namens Daube f\u00fchren soll. Ich vermutete, dass man von dort den Brienzer See sehen k\u00f6nnte. Leider liegt dieser Gipfel 100 Meter h\u00f6her wie die Bahnstation, und nachdem der Weg zun\u00e4chst eben oder sogar leicht abfallend war, konnten wir im weiteren Verlauf einen steilen Zickzackpfad zum Aussichtspunkt erkennen. Nach unseren Erlebniss mit dem Aufstieg vom See zum Bahnhof in Spiez haben wir da aufgegeben und sind &nbsp;nach etwa halber Strecke wieder umgekehrt.<\/p>\n\n\n\n<p>Ein paar Fotos haben wir gemacht.<\/p>\n\n\n\n<figure class=\"wp-block-image aligncenter size-large is-resized\"><a href=\"https:\/\/mb2812.de\/wp-content\/uploads\/2022\/10\/DSC_9624-NEF_DxO_DeepPRIME.jpg\" target=\"_blank\" rel=\" noreferrer noopener\"><img loading=\"lazy\" decoding=\"async\" width=\"768\" height=\"1024\" src=\"https:\/\/mb2812.de\/wp-content\/uploads\/2022\/10\/DSC_9624-NEF_DxO_DeepPRIME-768x1024.jpg\" alt=\"\" class=\"wp-image-11975\" style=\"width:600px\" srcset=\"https:\/\/mb2812.de\/wp-content\/uploads\/2022\/10\/DSC_9624-NEF_DxO_DeepPRIME-768x1024.jpg 768w, https:\/\/mb2812.de\/wp-content\/uploads\/2022\/10\/DSC_9624-NEF_DxO_DeepPRIME-225x300.jpg 225w, https:\/\/mb2812.de\/wp-content\/uploads\/2022\/10\/DSC_9624-NEF_DxO_DeepPRIME-1152x1536.jpg 1152w, https:\/\/mb2812.de\/wp-content\/uploads\/2022\/10\/DSC_9624-NEF_DxO_DeepPRIME-668x891.jpg 668w, https:\/\/mb2812.de\/wp-content\/uploads\/2022\/10\/DSC_9624-NEF_DxO_DeepPRIME.jpg 1440w\" sizes=\"auto, (max-width: 768px) 100vw, 768px\" \/><\/a><figcaption class=\"wp-element-caption\"><em>Hier war so ungef\u00e4hrt unser Umkehrpunkt. Unser eigentliches Ziel,\u00a0die Daube (2068 Meter) kann man links erkennen (die H\u00fctte mit Antenne daneben). Ebenfalls sieht man den Zickzackpfad hinauf mit einigen Wanderern. Der Fels rechts ist das Gumihorn (2100 Meter).<\/em><\/figcaption><\/figure>\n\n\n\n<figure class=\"wp-block-image aligncenter size-large is-resized\"><a href=\"https:\/\/mb2812.de\/wp-content\/uploads\/2022\/10\/IMG_5103.jpg\" target=\"_blank\" rel=\" noreferrer noopener\"><img loading=\"lazy\" decoding=\"async\" width=\"768\" height=\"1024\" src=\"https:\/\/mb2812.de\/wp-content\/uploads\/2022\/10\/IMG_5103-768x1024.jpg\" alt=\"\" class=\"wp-image-11979\" style=\"width:600px\" srcset=\"https:\/\/mb2812.de\/wp-content\/uploads\/2022\/10\/IMG_5103-768x1024.jpg 768w, https:\/\/mb2812.de\/wp-content\/uploads\/2022\/10\/IMG_5103-225x300.jpg 225w, https:\/\/mb2812.de\/wp-content\/uploads\/2022\/10\/IMG_5103-1152x1536.jpg 1152w, https:\/\/mb2812.de\/wp-content\/uploads\/2022\/10\/IMG_5103-668x891.jpg 668w, https:\/\/mb2812.de\/wp-content\/uploads\/2022\/10\/IMG_5103.jpg 1440w\" sizes=\"auto, (max-width: 768px) 100vw, 768px\" \/><\/a><figcaption class=\"wp-element-caption\"><em>Hinter den Tannen das L\u00fctschinental<\/em><\/figcaption><\/figure>\n\n\n\n<figure class=\"wp-block-image aligncenter size-large is-resized\"><a href=\"https:\/\/mb2812.de\/wp-content\/uploads\/2022\/10\/DSC_9628-NEF_DxO_DeepPRIME.jpg\" target=\"_blank\" rel=\" noreferrer noopener\"><img loading=\"lazy\" decoding=\"async\" width=\"1024\" height=\"819\" src=\"https:\/\/mb2812.de\/wp-content\/uploads\/2022\/10\/DSC_9628-NEF_DxO_DeepPRIME-1024x819.jpg\" alt=\"\" class=\"wp-image-12021\" style=\"width:800px\" srcset=\"https:\/\/mb2812.de\/wp-content\/uploads\/2022\/10\/DSC_9628-NEF_DxO_DeepPRIME-1024x819.jpg 1024w, https:\/\/mb2812.de\/wp-content\/uploads\/2022\/10\/DSC_9628-NEF_DxO_DeepPRIME-300x240.jpg 300w, https:\/\/mb2812.de\/wp-content\/uploads\/2022\/10\/DSC_9628-NEF_DxO_DeepPRIME-768x614.jpg 768w, https:\/\/mb2812.de\/wp-content\/uploads\/2022\/10\/DSC_9628-NEF_DxO_DeepPRIME-1536x1229.jpg 1536w, https:\/\/mb2812.de\/wp-content\/uploads\/2022\/10\/DSC_9628-NEF_DxO_DeepPRIME-668x534.jpg 668w, https:\/\/mb2812.de\/wp-content\/uploads\/2022\/10\/DSC_9628-NEF_DxO_DeepPRIME.jpg 1920w\" sizes=\"auto, (max-width: 1024px) 100vw, 1024px\" \/><\/a><figcaption class=\"wp-element-caption\"><em>Hier haben wir einen Blick auf die Strecke der Bahn mit dem Thunersee im Hintergrund<\/em><\/figcaption><\/figure>\n\n\n\n<p>Wir sind aber nicht den gleichen Weg zur\u00fcck, sondern doch ein paar Meter geklettert und oberhalb der Bahnstation zum Alpengarten und durch diesen hindurch zur Bahnstation zur\u00fcck gelaufen, es m\u00fcsste der als &#8222;Naturkino&#8220; Rundweg angepriesene Pfad gewesen sein.<\/p>\n\n\n\n<figure class=\"wp-block-image aligncenter size-large is-resized\"><a href=\"https:\/\/mb2812.de\/wp-content\/uploads\/2022\/10\/DSC_9633-NEF_DxO_DeepPRIME.jpg\" target=\"_blank\" rel=\" noreferrer noopener\"><img loading=\"lazy\" decoding=\"async\" width=\"1024\" height=\"819\" src=\"https:\/\/mb2812.de\/wp-content\/uploads\/2022\/10\/DSC_9633-NEF_DxO_DeepPRIME-1024x819.jpg\" alt=\"\" class=\"wp-image-11967\" style=\"width:800px\" srcset=\"https:\/\/mb2812.de\/wp-content\/uploads\/2022\/10\/DSC_9633-NEF_DxO_DeepPRIME-1024x819.jpg 1024w, https:\/\/mb2812.de\/wp-content\/uploads\/2022\/10\/DSC_9633-NEF_DxO_DeepPRIME-300x240.jpg 300w, https:\/\/mb2812.de\/wp-content\/uploads\/2022\/10\/DSC_9633-NEF_DxO_DeepPRIME-768x614.jpg 768w, https:\/\/mb2812.de\/wp-content\/uploads\/2022\/10\/DSC_9633-NEF_DxO_DeepPRIME-1536x1229.jpg 1536w, https:\/\/mb2812.de\/wp-content\/uploads\/2022\/10\/DSC_9633-NEF_DxO_DeepPRIME-668x534.jpg 668w, https:\/\/mb2812.de\/wp-content\/uploads\/2022\/10\/DSC_9633-NEF_DxO_DeepPRIME.jpg 1920w\" sizes=\"auto, (max-width: 1024px) 100vw, 1024px\" \/><\/a><figcaption class=\"wp-element-caption\"><em>Oberberghorn<\/em><\/figcaption><\/figure>\n\n\n\n<figure class=\"wp-block-image aligncenter size-large is-resized\"><a href=\"https:\/\/mb2812.de\/wp-content\/uploads\/2022\/10\/DSC_9634-NEF_DxO_DeepPRIME.jpg\" target=\"_blank\" rel=\" noreferrer noopener\"><img loading=\"lazy\" decoding=\"async\" width=\"1024\" height=\"819\" src=\"https:\/\/mb2812.de\/wp-content\/uploads\/2022\/10\/DSC_9634-NEF_DxO_DeepPRIME-1024x819.jpg\" alt=\"\" class=\"wp-image-11976\" style=\"width:800px\" srcset=\"https:\/\/mb2812.de\/wp-content\/uploads\/2022\/10\/DSC_9634-NEF_DxO_DeepPRIME-1024x819.jpg 1024w, https:\/\/mb2812.de\/wp-content\/uploads\/2022\/10\/DSC_9634-NEF_DxO_DeepPRIME-300x240.jpg 300w, https:\/\/mb2812.de\/wp-content\/uploads\/2022\/10\/DSC_9634-NEF_DxO_DeepPRIME-768x614.jpg 768w, https:\/\/mb2812.de\/wp-content\/uploads\/2022\/10\/DSC_9634-NEF_DxO_DeepPRIME-1536x1229.jpg 1536w, https:\/\/mb2812.de\/wp-content\/uploads\/2022\/10\/DSC_9634-NEF_DxO_DeepPRIME-668x534.jpg 668w, https:\/\/mb2812.de\/wp-content\/uploads\/2022\/10\/DSC_9634-NEF_DxO_DeepPRIME.jpg 1920w\" sizes=\"auto, (max-width: 1024px) 100vw, 1024px\" \/><\/a><figcaption class=\"wp-element-caption\"><em>Noch ein paar Gipfel, u.a. das Laucherhorn (links)<\/em><\/figcaption><\/figure>\n\n\n\n<figure class=\"wp-block-image aligncenter size-large is-resized\"><a href=\"https:\/\/mb2812.de\/wp-content\/uploads\/2022\/10\/DSC_9638-NEF_DxO_DeepPRIME.jpg\" target=\"_blank\" rel=\" noreferrer noopener\"><img loading=\"lazy\" decoding=\"async\" width=\"1024\" height=\"819\" src=\"https:\/\/mb2812.de\/wp-content\/uploads\/2022\/10\/DSC_9638-NEF_DxO_DeepPRIME-1024x819.jpg\" alt=\"\" class=\"wp-image-11968\" style=\"width:800px\" srcset=\"https:\/\/mb2812.de\/wp-content\/uploads\/2022\/10\/DSC_9638-NEF_DxO_DeepPRIME-1024x819.jpg 1024w, https:\/\/mb2812.de\/wp-content\/uploads\/2022\/10\/DSC_9638-NEF_DxO_DeepPRIME-300x240.jpg 300w, https:\/\/mb2812.de\/wp-content\/uploads\/2022\/10\/DSC_9638-NEF_DxO_DeepPRIME-768x614.jpg 768w, https:\/\/mb2812.de\/wp-content\/uploads\/2022\/10\/DSC_9638-NEF_DxO_DeepPRIME-1536x1229.jpg 1536w, https:\/\/mb2812.de\/wp-content\/uploads\/2022\/10\/DSC_9638-NEF_DxO_DeepPRIME-668x534.jpg 668w, https:\/\/mb2812.de\/wp-content\/uploads\/2022\/10\/DSC_9638-NEF_DxO_DeepPRIME.jpg 1920w\" sizes=\"auto, (max-width: 1024px) 100vw, 1024px\" \/><\/a><figcaption class=\"wp-element-caption\"><em>Nach S\u00fcden wieder das Jungfraumassiv<\/em><\/figcaption><\/figure>\n\n\n\n<figure class=\"wp-block-image aligncenter size-large is-resized\"><a href=\"https:\/\/mb2812.de\/wp-content\/uploads\/2022\/10\/IMG_3888-726.jpg\" target=\"_blank\" rel=\" noreferrer noopener\"><img loading=\"lazy\" decoding=\"async\" width=\"1024\" height=\"819\" src=\"https:\/\/mb2812.de\/wp-content\/uploads\/2022\/10\/IMG_3888-726-1024x819.jpg\" alt=\"\" class=\"wp-image-11963\" style=\"width:800px\" srcset=\"https:\/\/mb2812.de\/wp-content\/uploads\/2022\/10\/IMG_3888-726-1024x819.jpg 1024w, https:\/\/mb2812.de\/wp-content\/uploads\/2022\/10\/IMG_3888-726-300x240.jpg 300w, https:\/\/mb2812.de\/wp-content\/uploads\/2022\/10\/IMG_3888-726-768x614.jpg 768w, https:\/\/mb2812.de\/wp-content\/uploads\/2022\/10\/IMG_3888-726-1536x1229.jpg 1536w, https:\/\/mb2812.de\/wp-content\/uploads\/2022\/10\/IMG_3888-726-668x534.jpg 668w, https:\/\/mb2812.de\/wp-content\/uploads\/2022\/10\/IMG_3888-726.jpg 1920w\" sizes=\"auto, (max-width: 1024px) 100vw, 1024px\" \/><\/a><figcaption class=\"wp-element-caption\"><em>Nach all den Qualen eine Pause auf der Terrasse des Berghotels<\/em><\/figcaption><\/figure>\n\n\n\n<figure class=\"wp-block-image aligncenter size-large is-resized\"><a href=\"https:\/\/mb2812.de\/wp-content\/uploads\/2022\/10\/IMG_5180-710-727.jpg\" target=\"_blank\" rel=\" noreferrer noopener\"><img loading=\"lazy\" decoding=\"async\" width=\"1024\" height=\"819\" src=\"https:\/\/mb2812.de\/wp-content\/uploads\/2022\/10\/IMG_5180-710-727-1024x819.jpg\" alt=\"\" class=\"wp-image-11971\" style=\"width:800px\" srcset=\"https:\/\/mb2812.de\/wp-content\/uploads\/2022\/10\/IMG_5180-710-727-1024x819.jpg 1024w, https:\/\/mb2812.de\/wp-content\/uploads\/2022\/10\/IMG_5180-710-727-300x240.jpg 300w, https:\/\/mb2812.de\/wp-content\/uploads\/2022\/10\/IMG_5180-710-727-768x614.jpg 768w, https:\/\/mb2812.de\/wp-content\/uploads\/2022\/10\/IMG_5180-710-727-1536x1229.jpg 1536w, https:\/\/mb2812.de\/wp-content\/uploads\/2022\/10\/IMG_5180-710-727-668x534.jpg 668w, https:\/\/mb2812.de\/wp-content\/uploads\/2022\/10\/IMG_5180-710-727.jpg 1920w\" sizes=\"auto, (max-width: 1024px) 100vw, 1024px\" \/><\/a><figcaption class=\"wp-element-caption\"><em>Das wars dann, vor dem Gipfelpanorama wartet die Bahn f\u00fcr die R\u00fcckfahrt<\/em><\/figcaption><\/figure>\n\n\n\n<p>Die R\u00fcckfahrt ging reibungslos vonstatten, der Andrang hielt sich im Gegensatz zum Morgen in Grenzen. Von Interlaken nach Spiez brachte uns dann ein ICE4 der Deutschen Bahn.<\/p>\n\n\n\n<figure class=\"wp-block-image aligncenter size-large is-resized\"><a href=\"https:\/\/mb2812.de\/wp-content\/uploads\/2022\/10\/DSC_9666-NEF_DxO_DeepPRIME-728.jpg\" target=\"_blank\" rel=\" noreferrer noopener\"><img loading=\"lazy\" decoding=\"async\" width=\"1024\" height=\"819\" src=\"https:\/\/mb2812.de\/wp-content\/uploads\/2022\/10\/DSC_9666-NEF_DxO_DeepPRIME-728-1024x819.jpg\" alt=\"\" class=\"wp-image-11969\" style=\"width:800px\" srcset=\"https:\/\/mb2812.de\/wp-content\/uploads\/2022\/10\/DSC_9666-NEF_DxO_DeepPRIME-728-1024x819.jpg 1024w, https:\/\/mb2812.de\/wp-content\/uploads\/2022\/10\/DSC_9666-NEF_DxO_DeepPRIME-728-300x240.jpg 300w, https:\/\/mb2812.de\/wp-content\/uploads\/2022\/10\/DSC_9666-NEF_DxO_DeepPRIME-728-768x614.jpg 768w, https:\/\/mb2812.de\/wp-content\/uploads\/2022\/10\/DSC_9666-NEF_DxO_DeepPRIME-728-1536x1229.jpg 1536w, https:\/\/mb2812.de\/wp-content\/uploads\/2022\/10\/DSC_9666-NEF_DxO_DeepPRIME-728-668x534.jpg 668w, https:\/\/mb2812.de\/wp-content\/uploads\/2022\/10\/DSC_9666-NEF_DxO_DeepPRIME-728.jpg 1920w\" sizes=\"auto, (max-width: 1024px) 100vw, 1024px\" \/><\/a><figcaption class=\"wp-element-caption\"><em>Und in Spiez wieder einmal ein Foto vom Bahnhof zum See hin<\/em><\/figcaption><\/figure>\n\n\n\n<p>Um 15:30 Uhr waren wir schon in Spiez. d.h. es reichte f\u00fcr eine ausf\u00fchrliche Pause vor dem Abendessen. Mit dem Abendessen im Hotelrestaurant und einem Drink danach in der Bar ging der Tag wie \u00fcblich zu Ende.<\/p>\n","protected":false},"excerpt":{"rendered":"<p>Heute fahren wir mit der als Nostalgiebahn vermarkteten Schynige Platte Bahn. Die Schynige Platte ist ein Aussichtsberg mit Blick auf Eiger, M\u00f6nch und Jungfrau<\/p>\n","protected":false},"author":1,"featured_media":11971,"comment_status":"closed","ping_status":"closed","sticky":false,"template":"","format":"standard","meta":{"footnotes":""},"categories":[379],"tags":[47,147,51,48,53,50],"class_list":["post-11960","post","type-post","status-publish","format-standard","has-post-thumbnail","hentry","category-schweiz-2022","tag-47","tag-berner-oberland","tag-jungfrauregion","tag-schweiz","tag-schynige-platte","tag-spiez"],"_links":{"self":[{"href":"https:\/\/mb2812.de\/index.php?rest_route=\/wp\/v2\/posts\/11960","targetHints":{"allow":["GET"]}}],"collection":[{"href":"https:\/\/mb2812.de\/index.php?rest_route=\/wp\/v2\/posts"}],"about":[{"href":"https:\/\/mb2812.de\/index.php?rest_route=\/wp\/v2\/types\/post"}],"author":[{"embeddable":true,"href":"https:\/\/mb2812.de\/index.php?rest_route=\/wp\/v2\/users\/1"}],"replies":[{"embeddable":true,"href":"https:\/\/mb2812.de\/index.php?rest_route=%2Fwp%2Fv2%2Fcomments&post=11960"}],"version-history":[{"count":22,"href":"https:\/\/mb2812.de\/index.php?rest_route=\/wp\/v2\/posts\/11960\/revisions"}],"predecessor-version":[{"id":16300,"href":"https:\/\/mb2812.de\/index.php?rest_route=\/wp\/v2\/posts\/11960\/revisions\/16300"}],"wp:featuredmedia":[{"embeddable":true,"href":"https:\/\/mb2812.de\/index.php?rest_route=\/wp\/v2\/media\/11971"}],"wp:attachment":[{"href":"https:\/\/mb2812.de\/index.php?rest_route=%2Fwp%2Fv2%2Fmedia&parent=11960"}],"wp:term":[{"taxonomy":"category","embeddable":true,"href":"https:\/\/mb2812.de\/index.php?rest_route=%2Fwp%2Fv2%2Fcategories&post=11960"},{"taxonomy":"post_tag","embeddable":true,"href":"https:\/\/mb2812.de\/index.php?rest_route=%2Fwp%2Fv2%2Ftags&post=11960"}],"curies":[{"name":"wp","href":"https:\/\/api.w.org\/{rel}","templated":true}]}}