{"id":11955,"date":"2022-10-05T09:00:25","date_gmt":"2022-10-05T07:00:25","guid":{"rendered":"http:\/\/reiseblog.mb2812.de\/?p=11955"},"modified":"2025-02-03T20:28:10","modified_gmt":"2025-02-03T18:28:10","slug":"thuner-und-brienzersee","status":"publish","type":"post","link":"https:\/\/mb2812.de\/?p=11955","title":{"rendered":"Thuner- und Brienzersee"},"content":{"rendered":"\n<p>Nach den Erfahrungen mit dem kleinen Spaziergang gestern Abend stand dann nach l\u00e4ngerem \u00dcberlegen fest, was wir heute machen: Schiff fahren. Das sollte uns nicht \u00fcberanstrengen.<\/p>\n\n\n\n<p>Der Tag begann recht relaxed, denn das erste Schiff f\u00e4hrt erst um 10:30 Uhr ab Spiez, wir hatten also mehr wie genug Zeit f\u00fcr Fr\u00fchst\u00fcck, ein bisschen Pause auf dem Balkon und den Spaziergang zum See hinunter.<\/p>\n\n\n\n<figure class=\"wp-block-image aligncenter size-large is-resized\"><a href=\"https:\/\/mb2812.de\/wp-content\/uploads\/2022\/10\/IMG_3872.jpg\" target=\"_blank\" rel=\" noreferrer noopener\"><img loading=\"lazy\" decoding=\"async\" width=\"768\" height=\"1024\" src=\"https:\/\/mb2812.de\/wp-content\/uploads\/2022\/10\/IMG_3872-768x1024.jpg\" alt=\"\" class=\"wp-image-11928\" style=\"width:600px\" srcset=\"https:\/\/mb2812.de\/wp-content\/uploads\/2022\/10\/IMG_3872-768x1024.jpg 768w, https:\/\/mb2812.de\/wp-content\/uploads\/2022\/10\/IMG_3872-225x300.jpg 225w, https:\/\/mb2812.de\/wp-content\/uploads\/2022\/10\/IMG_3872-1152x1536.jpg 1152w, https:\/\/mb2812.de\/wp-content\/uploads\/2022\/10\/IMG_3872-668x891.jpg 668w, https:\/\/mb2812.de\/wp-content\/uploads\/2022\/10\/IMG_3872.jpg 1440w\" sizes=\"auto, (max-width: 768px) 100vw, 768px\" \/><\/a><figcaption class=\"wp-element-caption\"><em>Morgens ist die Sicht klar &#8211; nochmal der Niesen<\/em><\/figcaption><\/figure>\n\n\n\n<!--more-->\n\n\n\n<p>Der \u00f6ffentliche Verkehr in der Schweiz steht ja im Ruf, perfekt zu sein. Bereits gestern in Z\u00fcrich war es nicht ganz so, und heute gab es das n\u00e4chste Negativbeispiel. Der Schalter am Anleger war noch geschlossen, also entschied ich mich daf\u00fcr das Ticket im Internet zu kaufen. Bislang hatte das auch immer gut funktioniert. Die Buchung bei der BLS war auch erstmal kein Problem, man bedankte sich und buchte den doch recht stolzen Preis von 106 Franken auch gleich auf die Kreditkarte. Blo\u00df die e-Mail mit der Fahrkarte als Anhang wollte nicht eintreffen. Und kurzfristig mit jemanden zur Probleml\u00f6sung Kontakt aufnehmen war nicht m\u00f6glich, eine Telefonnummer fehlt auf der Buchungsseite, der Chatbot ist extrem umst\u00e4ndlich und ruft erst nach vielen Minuten menschliche Hilfe, die aber nat\u00fcrlich gerade besch\u00e4ftigt ist. Es sah so aus als m\u00fcsste ich die Fahrkarte nochmals kaufen, aber kurz bevor das Schiff anlegte, mindestens 10 Minuten nach der Buchung, trudelte die e-Mail dann doch noch ein. So etwas ist f\u00fcr Fahrkarten zum sofortigen Fahrtantritt nun wirklich ein absolutes No-No (der BLS Service meldete sich dann nach einer Stunde, und da ja inzwischen die Fahrkarte angekommen war konnte er sich nur noch entschuldigen und versprechen, der Sache nachzugehen).<\/p>\n\n\n\n<p>Nach der Aufregung ging es jetzt aufs Schiff, wir fanden einen Platz im Heck und in eineinhalb Stunden ging es kreuz und quer \u00fcber den See nach Interlaken.<\/p>\n\n\n\n<figure class=\"wp-block-image aligncenter size-large is-resized\"><a href=\"https:\/\/mb2812.de\/wp-content\/uploads\/2022\/10\/DSC_9498-NEF_DxO_DeepPRIME-721.jpg\" target=\"_blank\" rel=\" noreferrer noopener\"><img loading=\"lazy\" decoding=\"async\" width=\"1024\" height=\"819\" src=\"https:\/\/mb2812.de\/wp-content\/uploads\/2022\/10\/DSC_9498-NEF_DxO_DeepPRIME-721-1024x819.jpg\" alt=\"\" class=\"wp-image-11921\" style=\"width:800px\" srcset=\"https:\/\/mb2812.de\/wp-content\/uploads\/2022\/10\/DSC_9498-NEF_DxO_DeepPRIME-721-1024x819.jpg 1024w, https:\/\/mb2812.de\/wp-content\/uploads\/2022\/10\/DSC_9498-NEF_DxO_DeepPRIME-721-300x240.jpg 300w, https:\/\/mb2812.de\/wp-content\/uploads\/2022\/10\/DSC_9498-NEF_DxO_DeepPRIME-721-768x614.jpg 768w, https:\/\/mb2812.de\/wp-content\/uploads\/2022\/10\/DSC_9498-NEF_DxO_DeepPRIME-721-1536x1229.jpg 1536w, https:\/\/mb2812.de\/wp-content\/uploads\/2022\/10\/DSC_9498-NEF_DxO_DeepPRIME-721-668x534.jpg 668w, https:\/\/mb2812.de\/wp-content\/uploads\/2022\/10\/DSC_9498-NEF_DxO_DeepPRIME-721.jpg 1920w\" sizes=\"auto, (max-width: 1024px) 100vw, 1024px\" \/><\/a><figcaption class=\"wp-element-caption\"><em>Der Blutdruck sinkt wieder. Wir verlassen Spiez<\/em><\/figcaption><\/figure>\n\n\n\n<figure class=\"wp-block-image aligncenter size-large is-resized\"><a href=\"https:\/\/mb2812.de\/wp-content\/uploads\/2022\/10\/IMG_4712.jpg\" target=\"_blank\" rel=\" noreferrer noopener\"><img loading=\"lazy\" decoding=\"async\" width=\"768\" height=\"1024\" src=\"https:\/\/mb2812.de\/wp-content\/uploads\/2022\/10\/IMG_4712-768x1024.jpg\" alt=\"\" class=\"wp-image-11952\" style=\"width:600px\" srcset=\"https:\/\/mb2812.de\/wp-content\/uploads\/2022\/10\/IMG_4712-768x1024.jpg 768w, https:\/\/mb2812.de\/wp-content\/uploads\/2022\/10\/IMG_4712-225x300.jpg 225w, https:\/\/mb2812.de\/wp-content\/uploads\/2022\/10\/IMG_4712-1152x1536.jpg 1152w, https:\/\/mb2812.de\/wp-content\/uploads\/2022\/10\/IMG_4712-668x891.jpg 668w, https:\/\/mb2812.de\/wp-content\/uploads\/2022\/10\/IMG_4712.jpg 1440w\" sizes=\"auto, (max-width: 768px) 100vw, 768px\" \/><\/a><figcaption class=\"wp-element-caption\"><em>W\u00e4hrend der Bootsfahrt wird nat\u00fcrlich fleissig fotografiert<\/em><\/figcaption><\/figure>\n\n\n\n<figure class=\"wp-block-image aligncenter size-large is-resized\"><a href=\"https:\/\/mb2812.de\/wp-content\/uploads\/2022\/10\/DSC_9499-NEF_DxO_DeepPRIME.jpg\" target=\"_blank\" rel=\" noreferrer noopener\"><img loading=\"lazy\" decoding=\"async\" width=\"1024\" height=\"819\" src=\"https:\/\/mb2812.de\/wp-content\/uploads\/2022\/10\/DSC_9499-NEF_DxO_DeepPRIME-1024x819.jpg\" alt=\"\" class=\"wp-image-11947\" style=\"width:800px\" srcset=\"https:\/\/mb2812.de\/wp-content\/uploads\/2022\/10\/DSC_9499-NEF_DxO_DeepPRIME-1024x819.jpg 1024w, https:\/\/mb2812.de\/wp-content\/uploads\/2022\/10\/DSC_9499-NEF_DxO_DeepPRIME-300x240.jpg 300w, https:\/\/mb2812.de\/wp-content\/uploads\/2022\/10\/DSC_9499-NEF_DxO_DeepPRIME-768x614.jpg 768w, https:\/\/mb2812.de\/wp-content\/uploads\/2022\/10\/DSC_9499-NEF_DxO_DeepPRIME-1536x1229.jpg 1536w, https:\/\/mb2812.de\/wp-content\/uploads\/2022\/10\/DSC_9499-NEF_DxO_DeepPRIME-668x534.jpg 668w, https:\/\/mb2812.de\/wp-content\/uploads\/2022\/10\/DSC_9499-NEF_DxO_DeepPRIME.jpg 1920w\" sizes=\"auto, (max-width: 1024px) 100vw, 1024px\" \/><\/a><figcaption class=\"wp-element-caption\"><em>Das erste Motiv: Schloss Spiez von der Wasserseite<\/em><\/figcaption><\/figure>\n\n\n\n<figure class=\"wp-block-image aligncenter size-large is-resized\"><a href=\"https:\/\/mb2812.de\/wp-content\/uploads\/2022\/10\/DSC_9501-NEF_DxO_DeepPRIME.jpg\" target=\"_blank\" rel=\" noreferrer noopener\"><img loading=\"lazy\" decoding=\"async\" width=\"1024\" height=\"819\" src=\"https:\/\/mb2812.de\/wp-content\/uploads\/2022\/10\/DSC_9501-NEF_DxO_DeepPRIME-1024x819.jpg\" alt=\"\" class=\"wp-image-11930\" style=\"width:800px\" srcset=\"https:\/\/mb2812.de\/wp-content\/uploads\/2022\/10\/DSC_9501-NEF_DxO_DeepPRIME-1024x819.jpg 1024w, https:\/\/mb2812.de\/wp-content\/uploads\/2022\/10\/DSC_9501-NEF_DxO_DeepPRIME-300x240.jpg 300w, https:\/\/mb2812.de\/wp-content\/uploads\/2022\/10\/DSC_9501-NEF_DxO_DeepPRIME-768x614.jpg 768w, https:\/\/mb2812.de\/wp-content\/uploads\/2022\/10\/DSC_9501-NEF_DxO_DeepPRIME-1536x1229.jpg 1536w, https:\/\/mb2812.de\/wp-content\/uploads\/2022\/10\/DSC_9501-NEF_DxO_DeepPRIME-668x534.jpg 668w, https:\/\/mb2812.de\/wp-content\/uploads\/2022\/10\/DSC_9501-NEF_DxO_DeepPRIME.jpg 1920w\" sizes=\"auto, (max-width: 1024px) 100vw, 1024px\" \/><\/a><figcaption class=\"wp-element-caption\"><em>Um den n\u00f6rdlichen Teil des Thunersees gibt es noch H\u00fcgelland, bevor dann im S\u00fcden die Alpen beginnen. Hier das \u00f6stliche Ufer mit Oberhofen und Gunten<\/em><\/figcaption><\/figure>\n\n\n\n<figure class=\"wp-block-image aligncenter size-large is-resized\"><a href=\"https:\/\/mb2812.de\/wp-content\/uploads\/2022\/10\/DSC_9509-NEF_DxO_DeepPRIME.jpg\" target=\"_blank\" rel=\" noreferrer noopener\"><img loading=\"lazy\" decoding=\"async\" width=\"1024\" height=\"819\" src=\"https:\/\/mb2812.de\/wp-content\/uploads\/2022\/10\/DSC_9509-NEF_DxO_DeepPRIME-1024x819.jpg\" alt=\"\" class=\"wp-image-11943\" style=\"width:800px\" srcset=\"https:\/\/mb2812.de\/wp-content\/uploads\/2022\/10\/DSC_9509-NEF_DxO_DeepPRIME-1024x819.jpg 1024w, https:\/\/mb2812.de\/wp-content\/uploads\/2022\/10\/DSC_9509-NEF_DxO_DeepPRIME-300x240.jpg 300w, https:\/\/mb2812.de\/wp-content\/uploads\/2022\/10\/DSC_9509-NEF_DxO_DeepPRIME-768x614.jpg 768w, https:\/\/mb2812.de\/wp-content\/uploads\/2022\/10\/DSC_9509-NEF_DxO_DeepPRIME-1536x1229.jpg 1536w, https:\/\/mb2812.de\/wp-content\/uploads\/2022\/10\/DSC_9509-NEF_DxO_DeepPRIME-668x534.jpg 668w, https:\/\/mb2812.de\/wp-content\/uploads\/2022\/10\/DSC_9509-NEF_DxO_DeepPRIME.jpg 1920w\" sizes=\"auto, (max-width: 1024px) 100vw, 1024px\" \/><\/a><figcaption class=\"wp-element-caption\"><em>Am westlichen Ufer gibt es gleich richtige Berge, der 2332 Meter hohe Niesen dominiert hier den Blick<\/em><\/figcaption><\/figure>\n\n\n\n<figure class=\"wp-block-image aligncenter size-large is-resized\"><a href=\"https:\/\/mb2812.de\/wp-content\/uploads\/2022\/10\/DSC_9518-NEF_DxO_DeepPRIME.jpg\" target=\"_blank\" rel=\" noreferrer noopener\"><img loading=\"lazy\" decoding=\"async\" width=\"1024\" height=\"819\" src=\"https:\/\/mb2812.de\/wp-content\/uploads\/2022\/10\/DSC_9518-NEF_DxO_DeepPRIME-1024x819.jpg\" alt=\"\" class=\"wp-image-11933\" style=\"width:800px\" srcset=\"https:\/\/mb2812.de\/wp-content\/uploads\/2022\/10\/DSC_9518-NEF_DxO_DeepPRIME-1024x819.jpg 1024w, https:\/\/mb2812.de\/wp-content\/uploads\/2022\/10\/DSC_9518-NEF_DxO_DeepPRIME-300x240.jpg 300w, https:\/\/mb2812.de\/wp-content\/uploads\/2022\/10\/DSC_9518-NEF_DxO_DeepPRIME-768x614.jpg 768w, https:\/\/mb2812.de\/wp-content\/uploads\/2022\/10\/DSC_9518-NEF_DxO_DeepPRIME-1536x1229.jpg 1536w, https:\/\/mb2812.de\/wp-content\/uploads\/2022\/10\/DSC_9518-NEF_DxO_DeepPRIME-668x534.jpg 668w, https:\/\/mb2812.de\/wp-content\/uploads\/2022\/10\/DSC_9518-NEF_DxO_DeepPRIME.jpg 1920w\" sizes=\"auto, (max-width: 1024px) 100vw, 1024px\" \/><\/a><figcaption class=\"wp-element-caption\"><em>Das s\u00fcdliche Ende des Thunersees vor Interlaken<\/em><\/figcaption><\/figure>\n\n\n\n<p>In Interlaken gibt es wieder etwas Hetze. Die Schiffe aus Thun enden in Interlaken West, die Richtung Brienz fahren in Interlaken Ost ab. Dazwischen liegt der Ort&nbsp;Interlaken. Die Strecke ist zwar nicht lang, aber in 15 Minuten nicht zu Fu\u00df zu bew\u00e4ltigen, wir m\u00fcssen daf\u00fcr die Bahn nehmen. Und die Umsteigezeiten im Schweizer Taktfahrplan sind leider manchmal etwas kurz. Aber wir brauchen uns nicht zu sorgen, auch der Zug f\u00e4hrt untypisch mit mehreren Minuten Versp\u00e4tung, und nutzlos war das ganze sowieso, denn an der Anlegestelle angekommen stellen wir fest, dass der Herbstfahrplan gilt und um 12 Uhr kein Schiff f\u00e4hrt. Wir m\u00fcssen eine Stunde warten, da h\u00e4tten wir auch gem\u00fctlich zu Fu\u00df gehen k\u00f6nnen.<\/p>\n\n\n\n<figure class=\"wp-block-image aligncenter size-large is-resized\"><a href=\"https:\/\/mb2812.de\/wp-content\/uploads\/2022\/10\/IMG_4782.jpg\" target=\"_blank\" rel=\" noreferrer noopener\"><img loading=\"lazy\" decoding=\"async\" width=\"768\" height=\"1024\" src=\"https:\/\/mb2812.de\/wp-content\/uploads\/2022\/10\/IMG_4782-768x1024.jpg\" alt=\"\" class=\"wp-image-11953\" style=\"width:600px\" srcset=\"https:\/\/mb2812.de\/wp-content\/uploads\/2022\/10\/IMG_4782-768x1024.jpg 768w, https:\/\/mb2812.de\/wp-content\/uploads\/2022\/10\/IMG_4782-225x300.jpg 225w, https:\/\/mb2812.de\/wp-content\/uploads\/2022\/10\/IMG_4782-1152x1536.jpg 1152w, https:\/\/mb2812.de\/wp-content\/uploads\/2022\/10\/IMG_4782-668x891.jpg 668w, https:\/\/mb2812.de\/wp-content\/uploads\/2022\/10\/IMG_4782.jpg 1440w\" sizes=\"auto, (max-width: 768px) 100vw, 768px\" \/><\/a><figcaption class=\"wp-element-caption\"><em>Wir drehen eine kleine Runde und besichtigen die Talstation der Harder Kulm Bahn<\/em><\/figcaption><\/figure>\n\n\n\n<figure class=\"wp-block-image aligncenter size-large is-resized\"><a href=\"https:\/\/mb2812.de\/wp-content\/uploads\/2022\/10\/IMG_3877.jpg\" target=\"_blank\" rel=\" noreferrer noopener\"><img loading=\"lazy\" decoding=\"async\" width=\"1024\" height=\"819\" src=\"https:\/\/mb2812.de\/wp-content\/uploads\/2022\/10\/IMG_3877-1024x819.jpg\" alt=\"\" class=\"wp-image-11925\" style=\"width:800px\" srcset=\"https:\/\/mb2812.de\/wp-content\/uploads\/2022\/10\/IMG_3877-1024x819.jpg 1024w, https:\/\/mb2812.de\/wp-content\/uploads\/2022\/10\/IMG_3877-300x240.jpg 300w, https:\/\/mb2812.de\/wp-content\/uploads\/2022\/10\/IMG_3877-768x614.jpg 768w, https:\/\/mb2812.de\/wp-content\/uploads\/2022\/10\/IMG_3877-1536x1229.jpg 1536w, https:\/\/mb2812.de\/wp-content\/uploads\/2022\/10\/IMG_3877-668x534.jpg 668w, https:\/\/mb2812.de\/wp-content\/uploads\/2022\/10\/IMG_3877.jpg 1920w\" sizes=\"auto, (max-width: 1024px) 100vw, 1024px\" \/><\/a><figcaption class=\"wp-element-caption\"><em>P\u00fcnktlich stehen wir vorne in der Schlange und diesmal nehmen wir einen Platz in der ersten Reihe, vorne am Bug<\/em><\/figcaption><\/figure>\n\n\n\n<figure class=\"wp-block-image aligncenter size-large is-resized\"><a href=\"https:\/\/mb2812.de\/wp-content\/uploads\/2022\/10\/DSC_9526-NEF_DxO_DeepPRIME.jpg\" target=\"_blank\" rel=\" noreferrer noopener\"><img loading=\"lazy\" decoding=\"async\" width=\"1024\" height=\"819\" src=\"https:\/\/mb2812.de\/wp-content\/uploads\/2022\/10\/DSC_9526-NEF_DxO_DeepPRIME-1024x819.jpg\" alt=\"\" class=\"wp-image-11948\" style=\"width:800px\" srcset=\"https:\/\/mb2812.de\/wp-content\/uploads\/2022\/10\/DSC_9526-NEF_DxO_DeepPRIME-1024x819.jpg 1024w, https:\/\/mb2812.de\/wp-content\/uploads\/2022\/10\/DSC_9526-NEF_DxO_DeepPRIME-300x240.jpg 300w, https:\/\/mb2812.de\/wp-content\/uploads\/2022\/10\/DSC_9526-NEF_DxO_DeepPRIME-768x614.jpg 768w, https:\/\/mb2812.de\/wp-content\/uploads\/2022\/10\/DSC_9526-NEF_DxO_DeepPRIME-1536x1229.jpg 1536w, https:\/\/mb2812.de\/wp-content\/uploads\/2022\/10\/DSC_9526-NEF_DxO_DeepPRIME-668x534.jpg 668w, https:\/\/mb2812.de\/wp-content\/uploads\/2022\/10\/DSC_9526-NEF_DxO_DeepPRIME.jpg 1920w\" sizes=\"auto, (max-width: 1024px) 100vw, 1024px\" \/><\/a><figcaption class=\"wp-element-caption\"><em>Es geht los, \u00fcber die Br\u00fccke f\u00fchrt die Br\u00fcnigbahn nach Luzern, dahinter beginnt der Brienzer See.<\/em><\/figcaption><\/figure>\n\n\n\n<figure class=\"wp-block-image aligncenter size-large is-resized\"><a href=\"https:\/\/mb2812.de\/wp-content\/uploads\/2022\/10\/DSC_9524-NEF_DxO_DeepPRIME.jpg\" target=\"_blank\" rel=\" noreferrer noopener\"><img loading=\"lazy\" decoding=\"async\" width=\"1024\" height=\"819\" src=\"https:\/\/mb2812.de\/wp-content\/uploads\/2022\/10\/DSC_9524-NEF_DxO_DeepPRIME-1024x819.jpg\" alt=\"\" class=\"wp-image-11944\" style=\"width:800px\" srcset=\"https:\/\/mb2812.de\/wp-content\/uploads\/2022\/10\/DSC_9524-NEF_DxO_DeepPRIME-1024x819.jpg 1024w, https:\/\/mb2812.de\/wp-content\/uploads\/2022\/10\/DSC_9524-NEF_DxO_DeepPRIME-300x240.jpg 300w, https:\/\/mb2812.de\/wp-content\/uploads\/2022\/10\/DSC_9524-NEF_DxO_DeepPRIME-768x614.jpg 768w, https:\/\/mb2812.de\/wp-content\/uploads\/2022\/10\/DSC_9524-NEF_DxO_DeepPRIME-1536x1229.jpg 1536w, https:\/\/mb2812.de\/wp-content\/uploads\/2022\/10\/DSC_9524-NEF_DxO_DeepPRIME-668x534.jpg 668w, https:\/\/mb2812.de\/wp-content\/uploads\/2022\/10\/DSC_9524-NEF_DxO_DeepPRIME.jpg 1920w\" sizes=\"auto, (max-width: 1024px) 100vw, 1024px\" \/><\/a><figcaption class=\"wp-element-caption\"><em>Auf dem H\u00fcgel die Kirchenruine St. Peter<\/em><\/figcaption><\/figure>\n\n\n\n<figure class=\"wp-block-image aligncenter size-large is-resized\"><a href=\"https:\/\/mb2812.de\/wp-content\/uploads\/2022\/10\/DSC_9528-NEF_DxO_DeepPRIME.jpg\" target=\"_blank\" rel=\" noreferrer noopener\"><img loading=\"lazy\" decoding=\"async\" width=\"1024\" height=\"819\" src=\"https:\/\/mb2812.de\/wp-content\/uploads\/2022\/10\/DSC_9528-NEF_DxO_DeepPRIME-1024x819.jpg\" alt=\"\" class=\"wp-image-11935\" style=\"width:800px\" srcset=\"https:\/\/mb2812.de\/wp-content\/uploads\/2022\/10\/DSC_9528-NEF_DxO_DeepPRIME-1024x819.jpg 1024w, https:\/\/mb2812.de\/wp-content\/uploads\/2022\/10\/DSC_9528-NEF_DxO_DeepPRIME-300x240.jpg 300w, https:\/\/mb2812.de\/wp-content\/uploads\/2022\/10\/DSC_9528-NEF_DxO_DeepPRIME-768x614.jpg 768w, https:\/\/mb2812.de\/wp-content\/uploads\/2022\/10\/DSC_9528-NEF_DxO_DeepPRIME-1536x1229.jpg 1536w, https:\/\/mb2812.de\/wp-content\/uploads\/2022\/10\/DSC_9528-NEF_DxO_DeepPRIME-668x534.jpg 668w, https:\/\/mb2812.de\/wp-content\/uploads\/2022\/10\/DSC_9528-NEF_DxO_DeepPRIME.jpg 1920w\" sizes=\"auto, (max-width: 1024px) 100vw, 1024px\" \/><\/a><figcaption class=\"wp-element-caption\"><em>Und jetzt liegt der Brienzer See vor uns<\/em><\/figcaption><\/figure>\n\n\n\n<figure class=\"wp-block-image aligncenter size-large is-resized\"><a href=\"https:\/\/mb2812.de\/wp-content\/uploads\/2022\/10\/DSC_9538-NEF_DxO_DeepPRIME.jpg\" target=\"_blank\" rel=\" noreferrer noopener\"><img loading=\"lazy\" decoding=\"async\" width=\"1024\" height=\"819\" src=\"https:\/\/mb2812.de\/wp-content\/uploads\/2022\/10\/DSC_9538-NEF_DxO_DeepPRIME-1024x819.jpg\" alt=\"\" class=\"wp-image-11936\" style=\"width:800px\" srcset=\"https:\/\/mb2812.de\/wp-content\/uploads\/2022\/10\/DSC_9538-NEF_DxO_DeepPRIME-1024x819.jpg 1024w, https:\/\/mb2812.de\/wp-content\/uploads\/2022\/10\/DSC_9538-NEF_DxO_DeepPRIME-300x240.jpg 300w, https:\/\/mb2812.de\/wp-content\/uploads\/2022\/10\/DSC_9538-NEF_DxO_DeepPRIME-768x614.jpg 768w, https:\/\/mb2812.de\/wp-content\/uploads\/2022\/10\/DSC_9538-NEF_DxO_DeepPRIME-1536x1229.jpg 1536w, https:\/\/mb2812.de\/wp-content\/uploads\/2022\/10\/DSC_9538-NEF_DxO_DeepPRIME-668x534.jpg 668w, https:\/\/mb2812.de\/wp-content\/uploads\/2022\/10\/DSC_9538-NEF_DxO_DeepPRIME.jpg 1920w\" sizes=\"auto, (max-width: 1024px) 100vw, 1024px\" \/><\/a><figcaption class=\"wp-element-caption\"><em>Die Burgruine Ringgenberg, die Kirche wurde 1670\/71 auf dem Burgareal errichtet<\/em><\/figcaption><\/figure>\n\n\n\n<figure class=\"wp-block-image aligncenter size-large\"><a href=\"https:\/\/mb2812.de\/wp-content\/uploads\/2022\/10\/DSC_9543-NEF_DxO_DeepPRIME-722.jpg\" target=\"_blank\" rel=\" noreferrer noopener\"><img loading=\"lazy\" decoding=\"async\" width=\"1024\" height=\"819\" src=\"https:\/\/mb2812.de\/wp-content\/uploads\/2022\/10\/DSC_9543-NEF_DxO_DeepPRIME-722-1024x819.jpg\" alt=\"\" class=\"wp-image-11922\" srcset=\"https:\/\/mb2812.de\/wp-content\/uploads\/2022\/10\/DSC_9543-NEF_DxO_DeepPRIME-722-1024x819.jpg 1024w, https:\/\/mb2812.de\/wp-content\/uploads\/2022\/10\/DSC_9543-NEF_DxO_DeepPRIME-722-300x240.jpg 300w, https:\/\/mb2812.de\/wp-content\/uploads\/2022\/10\/DSC_9543-NEF_DxO_DeepPRIME-722-768x614.jpg 768w, https:\/\/mb2812.de\/wp-content\/uploads\/2022\/10\/DSC_9543-NEF_DxO_DeepPRIME-722-1536x1229.jpg 1536w, https:\/\/mb2812.de\/wp-content\/uploads\/2022\/10\/DSC_9543-NEF_DxO_DeepPRIME-722-668x534.jpg 668w, https:\/\/mb2812.de\/wp-content\/uploads\/2022\/10\/DSC_9543-NEF_DxO_DeepPRIME-722.jpg 1920w\" sizes=\"auto, (max-width: 1024px) 100vw, 1024px\" \/><\/a><figcaption class=\"wp-element-caption\"><em>Kurz hinter Ringgenberg sehen wir einen Regionalzug der Br\u00fcniglinie nach Meiringen auf seiner Fahrt entlang des Sees<\/em><\/figcaption><\/figure>\n\n\n\n<figure class=\"wp-block-image aligncenter size-large is-resized\"><a href=\"https:\/\/mb2812.de\/wp-content\/uploads\/2022\/10\/DSC_9549-NEF_DxO_DeepPRIME.jpg\" target=\"_blank\" rel=\" noreferrer noopener\"><img loading=\"lazy\" decoding=\"async\" width=\"1024\" height=\"819\" src=\"https:\/\/mb2812.de\/wp-content\/uploads\/2022\/10\/DSC_9549-NEF_DxO_DeepPRIME-1024x819.jpg\" alt=\"\" class=\"wp-image-11923\" style=\"width:800px\" srcset=\"https:\/\/mb2812.de\/wp-content\/uploads\/2022\/10\/DSC_9549-NEF_DxO_DeepPRIME-1024x819.jpg 1024w, https:\/\/mb2812.de\/wp-content\/uploads\/2022\/10\/DSC_9549-NEF_DxO_DeepPRIME-300x240.jpg 300w, https:\/\/mb2812.de\/wp-content\/uploads\/2022\/10\/DSC_9549-NEF_DxO_DeepPRIME-768x614.jpg 768w, https:\/\/mb2812.de\/wp-content\/uploads\/2022\/10\/DSC_9549-NEF_DxO_DeepPRIME-1536x1229.jpg 1536w, https:\/\/mb2812.de\/wp-content\/uploads\/2022\/10\/DSC_9549-NEF_DxO_DeepPRIME-668x534.jpg 668w, https:\/\/mb2812.de\/wp-content\/uploads\/2022\/10\/DSC_9549-NEF_DxO_DeepPRIME.jpg 1920w\" sizes=\"auto, (max-width: 1024px) 100vw, 1024px\" \/><\/a><figcaption class=\"wp-element-caption\"><em>Kurz vor Brienz geht es an Felsw\u00e4nden entlang des S\u00fcdufers, das im Schatten liegt. Auf der letzten Etappe war uns daher ziemlich kalt.<\/em><\/figcaption><\/figure>\n\n\n\n<figure class=\"wp-block-image aligncenter size-large is-resized\"><a href=\"https:\/\/mb2812.de\/wp-content\/uploads\/2022\/10\/DSC_9551-NEF_DxO_DeepPRIME.jpg\" target=\"_blank\" rel=\" noreferrer noopener\"><img loading=\"lazy\" decoding=\"async\" width=\"1024\" height=\"819\" src=\"https:\/\/mb2812.de\/wp-content\/uploads\/2022\/10\/DSC_9551-NEF_DxO_DeepPRIME-1024x819.jpg\" alt=\"\" class=\"wp-image-11937\" style=\"width:800px\" srcset=\"https:\/\/mb2812.de\/wp-content\/uploads\/2022\/10\/DSC_9551-NEF_DxO_DeepPRIME-1024x819.jpg 1024w, https:\/\/mb2812.de\/wp-content\/uploads\/2022\/10\/DSC_9551-NEF_DxO_DeepPRIME-300x240.jpg 300w, https:\/\/mb2812.de\/wp-content\/uploads\/2022\/10\/DSC_9551-NEF_DxO_DeepPRIME-768x614.jpg 768w, https:\/\/mb2812.de\/wp-content\/uploads\/2022\/10\/DSC_9551-NEF_DxO_DeepPRIME-1536x1229.jpg 1536w, https:\/\/mb2812.de\/wp-content\/uploads\/2022\/10\/DSC_9551-NEF_DxO_DeepPRIME-668x534.jpg 668w, https:\/\/mb2812.de\/wp-content\/uploads\/2022\/10\/DSC_9551-NEF_DxO_DeepPRIME.jpg 1920w\" sizes=\"auto, (max-width: 1024px) 100vw, 1024px\" \/><\/a><figcaption class=\"wp-element-caption\"><em>Brienz ist Endpunkt der Fahrt und liegt wieder in der Sonne. Wir bleiben an Bord und fahren gleich wieder zur\u00fcck, w\u00e4hrend der Pause konnten wir uns wieder aufw\u00e4rmen.<\/em><\/figcaption><\/figure>\n\n\n\n<figure class=\"wp-block-image aligncenter size-large is-resized\"><a href=\"https:\/\/mb2812.de\/wp-content\/uploads\/2022\/10\/DSC_9555.jpg\" target=\"_blank\" rel=\" noreferrer noopener\"><img loading=\"lazy\" decoding=\"async\" width=\"1024\" height=\"819\" src=\"https:\/\/mb2812.de\/wp-content\/uploads\/2022\/10\/DSC_9555-1024x819.jpg\" alt=\"\" class=\"wp-image-11949\" style=\"width:800px\" srcset=\"https:\/\/mb2812.de\/wp-content\/uploads\/2022\/10\/DSC_9555-1024x819.jpg 1024w, https:\/\/mb2812.de\/wp-content\/uploads\/2022\/10\/DSC_9555-300x240.jpg 300w, https:\/\/mb2812.de\/wp-content\/uploads\/2022\/10\/DSC_9555-768x614.jpg 768w, https:\/\/mb2812.de\/wp-content\/uploads\/2022\/10\/DSC_9555-1536x1229.jpg 1536w, https:\/\/mb2812.de\/wp-content\/uploads\/2022\/10\/DSC_9555-668x534.jpg 668w, https:\/\/mb2812.de\/wp-content\/uploads\/2022\/10\/DSC_9555.jpg 1920w\" sizes=\"auto, (max-width: 1024px) 100vw, 1024px\" \/><\/a><figcaption class=\"wp-element-caption\"><em>Das Ende des Brienzer See, der Blick geht Richtung Aaretal mit den Alpengipfeln dahinter<\/em><\/figcaption><\/figure>\n\n\n\n<figure class=\"wp-block-image aligncenter size-large is-resized\"><a href=\"https:\/\/mb2812.de\/wp-content\/uploads\/2022\/10\/DSC_9556-NEF_DxO_DeepPRIME.jpg\" target=\"_blank\" rel=\" noreferrer noopener\"><img loading=\"lazy\" decoding=\"async\" width=\"1024\" height=\"819\" src=\"https:\/\/mb2812.de\/wp-content\/uploads\/2022\/10\/DSC_9556-NEF_DxO_DeepPRIME-1024x819.jpg\" alt=\"\" class=\"wp-image-11945\" style=\"width:800px\" srcset=\"https:\/\/mb2812.de\/wp-content\/uploads\/2022\/10\/DSC_9556-NEF_DxO_DeepPRIME-1024x819.jpg 1024w, https:\/\/mb2812.de\/wp-content\/uploads\/2022\/10\/DSC_9556-NEF_DxO_DeepPRIME-300x240.jpg 300w, https:\/\/mb2812.de\/wp-content\/uploads\/2022\/10\/DSC_9556-NEF_DxO_DeepPRIME-768x614.jpg 768w, https:\/\/mb2812.de\/wp-content\/uploads\/2022\/10\/DSC_9556-NEF_DxO_DeepPRIME-1536x1229.jpg 1536w, https:\/\/mb2812.de\/wp-content\/uploads\/2022\/10\/DSC_9556-NEF_DxO_DeepPRIME-668x534.jpg 668w, https:\/\/mb2812.de\/wp-content\/uploads\/2022\/10\/DSC_9556-NEF_DxO_DeepPRIME.jpg 1920w\" sizes=\"auto, (max-width: 1024px) 100vw, 1024px\" \/><\/a><figcaption class=\"wp-element-caption\"><em>Ein paar Leute haben etwas mehr Geld wie wir \u2026<\/em><\/figcaption><\/figure>\n\n\n\n<figure class=\"wp-block-image aligncenter size-large is-resized\"><a href=\"https:\/\/mb2812.de\/wp-content\/uploads\/2022\/10\/DSC_9561-NEF_DxO_DeepPRIME-736.jpg\" target=\"_blank\" rel=\" noreferrer noopener\"><img loading=\"lazy\" decoding=\"async\" width=\"768\" height=\"1024\" src=\"https:\/\/mb2812.de\/wp-content\/uploads\/2022\/10\/DSC_9561-NEF_DxO_DeepPRIME-736-768x1024.jpg\" alt=\"\" class=\"wp-image-11950\" style=\"width:600px\" srcset=\"https:\/\/mb2812.de\/wp-content\/uploads\/2022\/10\/DSC_9561-NEF_DxO_DeepPRIME-736-768x1024.jpg 768w, https:\/\/mb2812.de\/wp-content\/uploads\/2022\/10\/DSC_9561-NEF_DxO_DeepPRIME-736-225x300.jpg 225w, https:\/\/mb2812.de\/wp-content\/uploads\/2022\/10\/DSC_9561-NEF_DxO_DeepPRIME-736-1152x1536.jpg 1152w, https:\/\/mb2812.de\/wp-content\/uploads\/2022\/10\/DSC_9561-NEF_DxO_DeepPRIME-736-668x891.jpg 668w, https:\/\/mb2812.de\/wp-content\/uploads\/2022\/10\/DSC_9561-NEF_DxO_DeepPRIME-736.jpg 1440w\" sizes=\"auto, (max-width: 768px) 100vw, 768px\" \/><\/a><figcaption class=\"wp-element-caption\"><em>Die Giesbachf\u00e4lle<\/em><\/figcaption><\/figure>\n\n\n\n<figure class=\"wp-block-image aligncenter size-large is-resized\"><a href=\"https:\/\/mb2812.de\/wp-content\/uploads\/2022\/10\/DSC_9567-NEF_DxO_DeepPRIME.jpg\" target=\"_blank\" rel=\" noreferrer noopener\"><img loading=\"lazy\" decoding=\"async\" width=\"1024\" height=\"819\" src=\"https:\/\/mb2812.de\/wp-content\/uploads\/2022\/10\/DSC_9567-NEF_DxO_DeepPRIME-1024x819.jpg\" alt=\"\" class=\"wp-image-11938\" style=\"width:800px\" srcset=\"https:\/\/mb2812.de\/wp-content\/uploads\/2022\/10\/DSC_9567-NEF_DxO_DeepPRIME-1024x819.jpg 1024w, https:\/\/mb2812.de\/wp-content\/uploads\/2022\/10\/DSC_9567-NEF_DxO_DeepPRIME-300x240.jpg 300w, https:\/\/mb2812.de\/wp-content\/uploads\/2022\/10\/DSC_9567-NEF_DxO_DeepPRIME-768x614.jpg 768w, https:\/\/mb2812.de\/wp-content\/uploads\/2022\/10\/DSC_9567-NEF_DxO_DeepPRIME-1536x1229.jpg 1536w, https:\/\/mb2812.de\/wp-content\/uploads\/2022\/10\/DSC_9567-NEF_DxO_DeepPRIME-668x534.jpg 668w, https:\/\/mb2812.de\/wp-content\/uploads\/2022\/10\/DSC_9567-NEF_DxO_DeepPRIME.jpg 1920w\" sizes=\"auto, (max-width: 1024px) 100vw, 1024px\" \/><\/a><figcaption class=\"wp-element-caption\"><em>Das zweite Schiff auf dem Brienzersee war die MS Jungfrau, hier kommt sie uns bei Iseltwald entgegen. Wir selber sind mit der MS Brienz gefahren<\/em><\/figcaption><\/figure>\n\n\n\n<figure class=\"wp-block-image aligncenter size-large is-resized\"><a href=\"https:\/\/mb2812.de\/wp-content\/uploads\/2022\/10\/DSC_9570-NEF_DxO_DeepPRIME-737.jpg\" target=\"_blank\" rel=\" noreferrer noopener\"><img loading=\"lazy\" decoding=\"async\" width=\"1024\" height=\"819\" src=\"https:\/\/mb2812.de\/wp-content\/uploads\/2022\/10\/DSC_9570-NEF_DxO_DeepPRIME-737-1024x819.jpg\" alt=\"\" class=\"wp-image-11926\" style=\"width:800px\" srcset=\"https:\/\/mb2812.de\/wp-content\/uploads\/2022\/10\/DSC_9570-NEF_DxO_DeepPRIME-737-1024x819.jpg 1024w, https:\/\/mb2812.de\/wp-content\/uploads\/2022\/10\/DSC_9570-NEF_DxO_DeepPRIME-737-300x240.jpg 300w, https:\/\/mb2812.de\/wp-content\/uploads\/2022\/10\/DSC_9570-NEF_DxO_DeepPRIME-737-768x614.jpg 768w, https:\/\/mb2812.de\/wp-content\/uploads\/2022\/10\/DSC_9570-NEF_DxO_DeepPRIME-737-1536x1229.jpg 1536w, https:\/\/mb2812.de\/wp-content\/uploads\/2022\/10\/DSC_9570-NEF_DxO_DeepPRIME-737-668x534.jpg 668w, https:\/\/mb2812.de\/wp-content\/uploads\/2022\/10\/DSC_9570-NEF_DxO_DeepPRIME-737.jpg 1920w\" sizes=\"auto, (max-width: 1024px) 100vw, 1024px\" \/><\/a><figcaption class=\"wp-element-caption\"><em>Schloss Iseltwald<\/em><\/figcaption><\/figure>\n\n\n\n<p>Zur\u00fcck in Interlaken h\u00e4tten wir zwar einen &#8222;Direktanschluss&#8220; nach Spiez, den benutzen wir aber nicht und laufen einmal durch die Stadt. Gross war der Rundgang nicht, eigentlich ging es geradeaus entlang des H\u00f6hewegs (und der Bahnhofstra\u00dfe) vom Ost- zum Westbahnhof. Entlang der Stra\u00dfe finden sich einige pr\u00e4chtige Hotelbauten aus der Belle Epoque genauso wie moderne architektonische Scheusslichkeiten.<\/p>\n\n\n\n<p>Als erstes kommte das Hotel Royal St. Georges, ein repr\u00e4sentativer, vom Neubarock beeinflusster Historismusbau, 1906\/1907 von A. Vifian gebaut:<\/p>\n\n\n\n<figure class=\"wp-block-image aligncenter size-large is-resized\"><a href=\"https:\/\/mb2812.de\/wp-content\/uploads\/2022\/10\/IMG_4906-640.jpg\" target=\"_blank\" rel=\" noreferrer noopener\"><img loading=\"lazy\" decoding=\"async\" width=\"1024\" height=\"819\" src=\"https:\/\/mb2812.de\/wp-content\/uploads\/2022\/10\/IMG_4906-640-1024x819.jpg\" alt=\"\" class=\"wp-image-11929\" style=\"width:800px\" srcset=\"https:\/\/mb2812.de\/wp-content\/uploads\/2022\/10\/IMG_4906-640-1024x819.jpg 1024w, https:\/\/mb2812.de\/wp-content\/uploads\/2022\/10\/IMG_4906-640-300x240.jpg 300w, https:\/\/mb2812.de\/wp-content\/uploads\/2022\/10\/IMG_4906-640-768x614.jpg 768w, https:\/\/mb2812.de\/wp-content\/uploads\/2022\/10\/IMG_4906-640-1536x1229.jpg 1536w, https:\/\/mb2812.de\/wp-content\/uploads\/2022\/10\/IMG_4906-640-668x534.jpg 668w, https:\/\/mb2812.de\/wp-content\/uploads\/2022\/10\/IMG_4906-640.jpg 1920w\" sizes=\"auto, (max-width: 1024px) 100vw, 1024px\" \/><\/a><\/figure>\n\n\n\n<p><\/p>\n\n\n\n<figure class=\"wp-block-image aligncenter size-large is-resized\"><a href=\"https:\/\/mb2812.de\/wp-content\/uploads\/2022\/10\/DSC_9580-NEF_DxO_DeepPRIME-643-644.jpg\" target=\"_blank\" rel=\" noreferrer noopener\"><img loading=\"lazy\" decoding=\"async\" width=\"1024\" height=\"819\" src=\"https:\/\/mb2812.de\/wp-content\/uploads\/2022\/10\/DSC_9580-NEF_DxO_DeepPRIME-643-644-1024x819.jpg\" alt=\"\" class=\"wp-image-11931\" style=\"width:800px\" srcset=\"https:\/\/mb2812.de\/wp-content\/uploads\/2022\/10\/DSC_9580-NEF_DxO_DeepPRIME-643-644-1024x819.jpg 1024w, https:\/\/mb2812.de\/wp-content\/uploads\/2022\/10\/DSC_9580-NEF_DxO_DeepPRIME-643-644-300x240.jpg 300w, https:\/\/mb2812.de\/wp-content\/uploads\/2022\/10\/DSC_9580-NEF_DxO_DeepPRIME-643-644-768x614.jpg 768w, https:\/\/mb2812.de\/wp-content\/uploads\/2022\/10\/DSC_9580-NEF_DxO_DeepPRIME-643-644-1536x1229.jpg 1536w, https:\/\/mb2812.de\/wp-content\/uploads\/2022\/10\/DSC_9580-NEF_DxO_DeepPRIME-643-644-668x534.jpg 668w, https:\/\/mb2812.de\/wp-content\/uploads\/2022\/10\/DSC_9580-NEF_DxO_DeepPRIME-643-644.jpg 1920w\" sizes=\"auto, (max-width: 1024px) 100vw, 1024px\" \/><\/a><figcaption class=\"wp-element-caption\"><em>Der Eingang <\/em><\/figcaption><\/figure>\n\n\n\n<figure class=\"wp-block-image aligncenter size-large is-resized\"><a href=\"https:\/\/mb2812.de\/wp-content\/uploads\/2022\/10\/DSC_9579-NEF_DxO_DeepPRIME-738.jpg\" target=\"_blank\" rel=\" noreferrer noopener\"><img loading=\"lazy\" decoding=\"async\" width=\"768\" height=\"1024\" src=\"https:\/\/mb2812.de\/wp-content\/uploads\/2022\/10\/DSC_9579-NEF_DxO_DeepPRIME-738-768x1024.jpg\" alt=\"\" class=\"wp-image-11939\" style=\"width:600px\" srcset=\"https:\/\/mb2812.de\/wp-content\/uploads\/2022\/10\/DSC_9579-NEF_DxO_DeepPRIME-738-768x1024.jpg 768w, https:\/\/mb2812.de\/wp-content\/uploads\/2022\/10\/DSC_9579-NEF_DxO_DeepPRIME-738-225x300.jpg 225w, https:\/\/mb2812.de\/wp-content\/uploads\/2022\/10\/DSC_9579-NEF_DxO_DeepPRIME-738-1152x1536.jpg 1152w, https:\/\/mb2812.de\/wp-content\/uploads\/2022\/10\/DSC_9579-NEF_DxO_DeepPRIME-738-668x891.jpg 668w, https:\/\/mb2812.de\/wp-content\/uploads\/2022\/10\/DSC_9579-NEF_DxO_DeepPRIME-738.jpg 1440w\" sizes=\"auto, (max-width: 768px) 100vw, 768px\" \/><\/a><figcaption class=\"wp-element-caption\"><em>Gegen\u00fcber ein kleiner japanischer Garten, dahinter die katholische Kirche<\/em><\/figcaption><\/figure>\n\n\n\n<figure class=\"wp-block-image aligncenter size-large is-resized\"><a href=\"https:\/\/mb2812.de\/wp-content\/uploads\/2022\/10\/DSC_9581-NEF_DxO_DeepPRIME-739.jpg\" target=\"_blank\" rel=\" noreferrer noopener\"><img loading=\"lazy\" decoding=\"async\" width=\"1024\" height=\"819\" src=\"https:\/\/mb2812.de\/wp-content\/uploads\/2022\/10\/DSC_9581-NEF_DxO_DeepPRIME-739-1024x819.jpg\" alt=\"\" class=\"wp-image-11940\" style=\"width:800px\" srcset=\"https:\/\/mb2812.de\/wp-content\/uploads\/2022\/10\/DSC_9581-NEF_DxO_DeepPRIME-739-1024x819.jpg 1024w, https:\/\/mb2812.de\/wp-content\/uploads\/2022\/10\/DSC_9581-NEF_DxO_DeepPRIME-739-300x240.jpg 300w, https:\/\/mb2812.de\/wp-content\/uploads\/2022\/10\/DSC_9581-NEF_DxO_DeepPRIME-739-768x614.jpg 768w, https:\/\/mb2812.de\/wp-content\/uploads\/2022\/10\/DSC_9581-NEF_DxO_DeepPRIME-739-1536x1229.jpg 1536w, https:\/\/mb2812.de\/wp-content\/uploads\/2022\/10\/DSC_9581-NEF_DxO_DeepPRIME-739-668x534.jpg 668w, https:\/\/mb2812.de\/wp-content\/uploads\/2022\/10\/DSC_9581-NEF_DxO_DeepPRIME-739.jpg 1920w\" sizes=\"auto, (max-width: 1024px) 100vw, 1024px\" \/><\/a><figcaption class=\"wp-element-caption\"><em>2002 er\u00f6ffnet: Das architektonisch nicht so ansprechende Hapimag Resort<\/em><\/figcaption><\/figure>\n\n\n\n<figure class=\"wp-block-image aligncenter size-large is-resized\"><a href=\"https:\/\/mb2812.de\/wp-content\/uploads\/2022\/10\/IMG_4920-740.jpg\" target=\"_blank\" rel=\" noreferrer noopener\"><img loading=\"lazy\" decoding=\"async\" width=\"1024\" height=\"819\" src=\"https:\/\/mb2812.de\/wp-content\/uploads\/2022\/10\/IMG_4920-740-1024x819.jpg\" alt=\"\" class=\"wp-image-11942\" style=\"width:800px\" srcset=\"https:\/\/mb2812.de\/wp-content\/uploads\/2022\/10\/IMG_4920-740-1024x819.jpg 1024w, https:\/\/mb2812.de\/wp-content\/uploads\/2022\/10\/IMG_4920-740-300x240.jpg 300w, https:\/\/mb2812.de\/wp-content\/uploads\/2022\/10\/IMG_4920-740-768x614.jpg 768w, https:\/\/mb2812.de\/wp-content\/uploads\/2022\/10\/IMG_4920-740-1536x1229.jpg 1536w, https:\/\/mb2812.de\/wp-content\/uploads\/2022\/10\/IMG_4920-740-668x534.jpg 668w, https:\/\/mb2812.de\/wp-content\/uploads\/2022\/10\/IMG_4920-740.jpg 1920w\" sizes=\"auto, (max-width: 1024px) 100vw, 1024px\" \/><\/a><figcaption class=\"wp-element-caption\"><em>&#8222;H\u00f6hematte&#8220; heisst die gro\u00dfe Wiese im Zentrum Interlakens, mit Blick auf das Jungfrau Massiv<\/em><\/figcaption><\/figure>\n\n\n\n<figure class=\"wp-block-image aligncenter size-large is-resized\"><a href=\"https:\/\/mb2812.de\/wp-content\/uploads\/2022\/10\/DSC_9585-629.jpg\" target=\"_blank\" rel=\" noreferrer noopener\"><img loading=\"lazy\" decoding=\"async\" width=\"683\" height=\"1024\" src=\"https:\/\/mb2812.de\/wp-content\/uploads\/2022\/10\/DSC_9585-629-683x1024.jpg\" alt=\"\" class=\"wp-image-11924\" style=\"width:535px\" srcset=\"https:\/\/mb2812.de\/wp-content\/uploads\/2022\/10\/DSC_9585-629-683x1024.jpg 683w, https:\/\/mb2812.de\/wp-content\/uploads\/2022\/10\/DSC_9585-629-200x300.jpg 200w, https:\/\/mb2812.de\/wp-content\/uploads\/2022\/10\/DSC_9585-629-768x1152.jpg 768w, https:\/\/mb2812.de\/wp-content\/uploads\/2022\/10\/DSC_9585-629-1024x1536.jpg 1024w, https:\/\/mb2812.de\/wp-content\/uploads\/2022\/10\/DSC_9585-629-668x1002.jpg 668w, https:\/\/mb2812.de\/wp-content\/uploads\/2022\/10\/DSC_9585-629.jpg 1280w\" sizes=\"auto, (max-width: 683px) 100vw, 683px\" \/><\/a><figcaption class=\"wp-element-caption\"><em>Das Hotel Victoria-Jungfrau. Urspr\u00fcnglich zwei getrennte Hotels, 1865\/69 er\u00f6ffnet, wurden sie 1899 zu einem Hotel verbunden. Es waren die ersten Gro\u00dfhotels in Interlaken.<\/em><\/figcaption><\/figure>\n\n\n\n<figure class=\"wp-block-image aligncenter size-large is-resized\"><a href=\"https:\/\/mb2812.de\/wp-content\/uploads\/2022\/10\/DSC_9586-NEF_DxO_DeepPRIME.jpg\" target=\"_blank\" rel=\" noreferrer noopener\"><img loading=\"lazy\" decoding=\"async\" width=\"1024\" height=\"819\" src=\"https:\/\/mb2812.de\/wp-content\/uploads\/2022\/10\/DSC_9586-NEF_DxO_DeepPRIME-1024x819.jpg\" alt=\"\" class=\"wp-image-11927\" style=\"width:800px\" srcset=\"https:\/\/mb2812.de\/wp-content\/uploads\/2022\/10\/DSC_9586-NEF_DxO_DeepPRIME-1024x819.jpg 1024w, https:\/\/mb2812.de\/wp-content\/uploads\/2022\/10\/DSC_9586-NEF_DxO_DeepPRIME-300x240.jpg 300w, https:\/\/mb2812.de\/wp-content\/uploads\/2022\/10\/DSC_9586-NEF_DxO_DeepPRIME-768x614.jpg 768w, https:\/\/mb2812.de\/wp-content\/uploads\/2022\/10\/DSC_9586-NEF_DxO_DeepPRIME-1536x1229.jpg 1536w, https:\/\/mb2812.de\/wp-content\/uploads\/2022\/10\/DSC_9586-NEF_DxO_DeepPRIME-668x534.jpg 668w, https:\/\/mb2812.de\/wp-content\/uploads\/2022\/10\/DSC_9586-NEF_DxO_DeepPRIME.jpg 1920w\" sizes=\"auto, (max-width: 1024px) 100vw, 1024px\" \/><\/a><figcaption class=\"wp-element-caption\"><em>Nochmal die H\u00f6hematte mit dem ehemaligen Hotel Savoy<\/em><\/figcaption><\/figure>\n\n\n\n<figure class=\"wp-block-image aligncenter size-large is-resized\"><a href=\"https:\/\/mb2812.de\/wp-content\/uploads\/2022\/10\/DSC_9587-NEF_DxO_DeepPRIME.jpg\" target=\"_blank\" rel=\" noreferrer noopener\"><img loading=\"lazy\" decoding=\"async\" width=\"1024\" height=\"819\" src=\"https:\/\/mb2812.de\/wp-content\/uploads\/2022\/10\/DSC_9587-NEF_DxO_DeepPRIME-1024x819.jpg\" alt=\"\" class=\"wp-image-11941\" style=\"width:800px\" srcset=\"https:\/\/mb2812.de\/wp-content\/uploads\/2022\/10\/DSC_9587-NEF_DxO_DeepPRIME-1024x819.jpg 1024w, https:\/\/mb2812.de\/wp-content\/uploads\/2022\/10\/DSC_9587-NEF_DxO_DeepPRIME-300x240.jpg 300w, https:\/\/mb2812.de\/wp-content\/uploads\/2022\/10\/DSC_9587-NEF_DxO_DeepPRIME-768x614.jpg 768w, https:\/\/mb2812.de\/wp-content\/uploads\/2022\/10\/DSC_9587-NEF_DxO_DeepPRIME-1536x1229.jpg 1536w, https:\/\/mb2812.de\/wp-content\/uploads\/2022\/10\/DSC_9587-NEF_DxO_DeepPRIME-668x534.jpg 668w, https:\/\/mb2812.de\/wp-content\/uploads\/2022\/10\/DSC_9587-NEF_DxO_DeepPRIME.jpg 1920w\" sizes=\"auto, (max-width: 1024px) 100vw, 1024px\" \/><\/a><figcaption class=\"wp-element-caption\"><em>Die Urspr\u00fcnge des Hotel Krebs datieren auf 1875<\/em><\/figcaption><\/figure>\n\n\n\n<figure class=\"wp-block-image aligncenter size-large is-resized\"><a href=\"https:\/\/mb2812.de\/wp-content\/uploads\/2022\/10\/DSC_9589-NEF_DxO_DeepPRIME-733.jpg\" target=\"_blank\" rel=\" noreferrer noopener\"><img loading=\"lazy\" decoding=\"async\" width=\"1024\" height=\"819\" src=\"https:\/\/mb2812.de\/wp-content\/uploads\/2022\/10\/DSC_9589-NEF_DxO_DeepPRIME-733-1024x819.jpg\" alt=\"\" class=\"wp-image-11951\" style=\"width:800px\" srcset=\"https:\/\/mb2812.de\/wp-content\/uploads\/2022\/10\/DSC_9589-NEF_DxO_DeepPRIME-733-1024x819.jpg 1024w, https:\/\/mb2812.de\/wp-content\/uploads\/2022\/10\/DSC_9589-NEF_DxO_DeepPRIME-733-300x240.jpg 300w, https:\/\/mb2812.de\/wp-content\/uploads\/2022\/10\/DSC_9589-NEF_DxO_DeepPRIME-733-768x614.jpg 768w, https:\/\/mb2812.de\/wp-content\/uploads\/2022\/10\/DSC_9589-NEF_DxO_DeepPRIME-733-1536x1229.jpg 1536w, https:\/\/mb2812.de\/wp-content\/uploads\/2022\/10\/DSC_9589-NEF_DxO_DeepPRIME-733-668x534.jpg 668w, https:\/\/mb2812.de\/wp-content\/uploads\/2022\/10\/DSC_9589-NEF_DxO_DeepPRIME-733.jpg 1920w\" sizes=\"auto, (max-width: 1024px) 100vw, 1024px\" \/><\/a><figcaption class=\"wp-element-caption\"><em>Zum Schluss kommen wir noch am Hotel Central vorbei, an der Aare kurz vor der Schiffsstation gelegen<\/em><\/figcaption><\/figure>\n\n\n\n<figure class=\"wp-block-image aligncenter size-large is-resized\"><a href=\"https:\/\/mb2812.de\/wp-content\/uploads\/2022\/10\/IMG_4937.jpg\" target=\"_blank\" rel=\" noreferrer noopener\"><img loading=\"lazy\" decoding=\"async\" width=\"1024\" height=\"819\" src=\"https:\/\/mb2812.de\/wp-content\/uploads\/2022\/10\/IMG_4937-1024x819.jpg\" alt=\"\" class=\"wp-image-11946\" style=\"width:800px\" srcset=\"https:\/\/mb2812.de\/wp-content\/uploads\/2022\/10\/IMG_4937-1024x819.jpg 1024w, https:\/\/mb2812.de\/wp-content\/uploads\/2022\/10\/IMG_4937-300x240.jpg 300w, https:\/\/mb2812.de\/wp-content\/uploads\/2022\/10\/IMG_4937-768x614.jpg 768w, https:\/\/mb2812.de\/wp-content\/uploads\/2022\/10\/IMG_4937-1536x1229.jpg 1536w, https:\/\/mb2812.de\/wp-content\/uploads\/2022\/10\/IMG_4937-668x534.jpg 668w, https:\/\/mb2812.de\/wp-content\/uploads\/2022\/10\/IMG_4937.jpg 1920w\" sizes=\"auto, (max-width: 1024px) 100vw, 1024px\" \/><\/a><figcaption class=\"wp-element-caption\"><em>Es bleibt noch Zeit f\u00fcr eine kleine &#8222;Erfrischung&#8220; im Pier One direkt am Anleger<\/em><\/figcaption><\/figure>\n\n\n\n<p>Dann geht es mit dem Schiff zur\u00fcck nach Spiez. Diesmal haben wir drinnen gesessen und noch einen weiteren Drink genossen. 17:30 Uhr ist es, als wir in Spiez ankommen.<\/p>\n\n\n\n<figure class=\"wp-block-image aligncenter size-large is-resized\"><a href=\"https:\/\/mb2812.de\/wp-content\/uploads\/2022\/10\/DSC_9591-NEF_DxO_DeepPRIME-731.jpg\" target=\"_blank\" rel=\" noreferrer noopener\"><img loading=\"lazy\" decoding=\"async\" width=\"1024\" height=\"819\" src=\"https:\/\/mb2812.de\/wp-content\/uploads\/2022\/10\/DSC_9591-NEF_DxO_DeepPRIME-731-1024x819.jpg\" alt=\"\" class=\"wp-image-11932\" style=\"width:800px\" srcset=\"https:\/\/mb2812.de\/wp-content\/uploads\/2022\/10\/DSC_9591-NEF_DxO_DeepPRIME-731-1024x819.jpg 1024w, https:\/\/mb2812.de\/wp-content\/uploads\/2022\/10\/DSC_9591-NEF_DxO_DeepPRIME-731-300x240.jpg 300w, https:\/\/mb2812.de\/wp-content\/uploads\/2022\/10\/DSC_9591-NEF_DxO_DeepPRIME-731-768x614.jpg 768w, https:\/\/mb2812.de\/wp-content\/uploads\/2022\/10\/DSC_9591-NEF_DxO_DeepPRIME-731-1536x1229.jpg 1536w, https:\/\/mb2812.de\/wp-content\/uploads\/2022\/10\/DSC_9591-NEF_DxO_DeepPRIME-731-668x534.jpg 668w, https:\/\/mb2812.de\/wp-content\/uploads\/2022\/10\/DSC_9591-NEF_DxO_DeepPRIME-731.jpg 1920w\" sizes=\"auto, (max-width: 1024px) 100vw, 1024px\" \/><\/a><figcaption class=\"wp-element-caption\"><em>Auf dem Thunersee waren wir sowohl morgens wie nachmittags mti der MS Bubenberg unterwegs. Hier ein Abschiedsbild am Anleger in Spiez<\/em><\/figcaption><\/figure>\n\n\n\n<p>Wir mussten dann noch den Berg hochklettern bis zum Hotel, was heute etwas besser gelang als Gestern, und es war kaum Zeit f\u00fcr eine kleine Pause, denn um 19:00 Uhr wartete schon das Abendessen auf uns. Danach waren wir zu m\u00fcde f\u00fcr einen weiteren Drink und haben den Tag gleich beendet.<\/p>\n","protected":false},"excerpt":{"rendered":"<p>Schiff fahren war heute angesagt. Zun\u00e4chst \u00fcber den Thunersee bis Interlaken, und dann \u00fcber den Brienzersee nach Brienz, und anschliessend wieder zur\u00fcck. Auf dem R\u00fcckweg gibt es auch einen kleinen Spaziergang durch Interlaken<\/p>\n","protected":false},"author":1,"featured_media":11938,"comment_status":"closed","ping_status":"closed","sticky":false,"template":"","format":"standard","meta":{"footnotes":""},"categories":[379],"tags":[47,147,52,51,48,50],"class_list":["post-11955","post","type-post","status-publish","format-standard","has-post-thumbnail","hentry","category-schweiz-2022","tag-47","tag-berner-oberland","tag-interlaken","tag-jungfrauregion","tag-schweiz","tag-spiez"],"_links":{"self":[{"href":"https:\/\/mb2812.de\/index.php?rest_route=\/wp\/v2\/posts\/11955","targetHints":{"allow":["GET"]}}],"collection":[{"href":"https:\/\/mb2812.de\/index.php?rest_route=\/wp\/v2\/posts"}],"about":[{"href":"https:\/\/mb2812.de\/index.php?rest_route=\/wp\/v2\/types\/post"}],"author":[{"embeddable":true,"href":"https:\/\/mb2812.de\/index.php?rest_route=\/wp\/v2\/users\/1"}],"replies":[{"embeddable":true,"href":"https:\/\/mb2812.de\/index.php?rest_route=%2Fwp%2Fv2%2Fcomments&post=11955"}],"version-history":[{"count":23,"href":"https:\/\/mb2812.de\/index.php?rest_route=\/wp\/v2\/posts\/11955\/revisions"}],"predecessor-version":[{"id":16294,"href":"https:\/\/mb2812.de\/index.php?rest_route=\/wp\/v2\/posts\/11955\/revisions\/16294"}],"wp:featuredmedia":[{"embeddable":true,"href":"https:\/\/mb2812.de\/index.php?rest_route=\/wp\/v2\/media\/11938"}],"wp:attachment":[{"href":"https:\/\/mb2812.de\/index.php?rest_route=%2Fwp%2Fv2%2Fmedia&parent=11955"}],"wp:term":[{"taxonomy":"category","embeddable":true,"href":"https:\/\/mb2812.de\/index.php?rest_route=%2Fwp%2Fv2%2Fcategories&post=11955"},{"taxonomy":"post_tag","embeddable":true,"href":"https:\/\/mb2812.de\/index.php?rest_route=%2Fwp%2Fv2%2Ftags&post=11955"}],"curies":[{"name":"wp","href":"https:\/\/api.w.org\/{rel}","templated":true}]}}