{"id":11885,"date":"2022-10-01T09:00:28","date_gmt":"2022-10-01T07:00:28","guid":{"rendered":"http:\/\/reiseblog.mb2812.de\/?p=11885"},"modified":"2025-02-03T19:40:16","modified_gmt":"2025-02-03T17:40:16","slug":"2022-schweiz","status":"publish","type":"post","link":"https:\/\/mb2812.de\/?p=11885","title":{"rendered":"2022 &#8211; Schweiz"},"content":{"rendered":"\n<p>Im Herbst gab es dann zum ersten Mal seit Beginn der Pandemie wieder eine Auslandsreise; wir machten da weiter, wo wir 2020 aufh\u00f6ren mussten &#8211; es ging in die Schweiz. Die Route war aber etwas anders als damals geplant, Graub\u00fcnden und der Glacier Express fielen raus, wir fuhren direkt in die Zentralschweiz mit Stationen in Spiez (4 N\u00e4chte) und Luzern (3 N\u00e4chte). Danach ging es dann \u00fcber die Alpen in den S\u00fcden, das Tessin mit 4 N\u00e4chten in Locarno.<\/p>\n\n\n\n<p>Corona hat uns trotzdem fast den Urlaub verdorben. Nicht wegen irgendwelcher Restriktionen oder Schlie\u00dfungen, sondern weil wir uns etwa eine Woche vorher noch angesteckt haben. Wirklich schlimm war es jetzt nicht, ich hatte eine \u201eleichte Erk\u00e4ltung\u201c, Stephan allerdings hatte etwas mehr mit dem Virus zu k\u00e4mpfen. Jedenfalls, am Montag (dem letzten Tag an dem wir Fahrkarten und Hotels h\u00e4tten stornieren k\u00f6nnen) waren bei etwas kreativer Z\u00e4hlung die geforderten Tage Selbstisolation rum und wir f\u00fchlten uns auch einigerma\u00dfen fit, so dass wir uns entschieden, loszufahren. Haupts\u00e4chliche Auswirkung der Infektion war eine extrem schlechte Kondition unsererseits, denn eine gute Woche lang waren wir maximal 5 Meter am St\u00fcck gelaufen. Insbesondere am Anfang des Urlaubs litten wir unter M\u00fcdigkeit sowie schneller Ersch\u00f6pfung. Wir haben uns daher bei unseren &nbsp;Aktivit\u00e4ten zur\u00fcckgehalten und sind h\u00e4ufig nachmittags fr\u00fch ins Hotel zur\u00fcck, um dort zu relaxen. Viele Sachen blieben damit auf der \u201eTo-Do-Liste\u201c f\u00fcr ein n\u00e4chstes Mal.<\/p>\n\n\n\n<ul class=\"wp-block-list\">\n<li><a href=\"http:\/\/reiseblog.mb2812.de\/?p=11906\">4. Oktober (Dienstag) &#8211; Von B\u00f6blingen nach Spiez<\/a><\/li>\n\n\n\n<li><a href=\"http:\/\/reiseblog.mb2812.de\/?p=11955\">5. Oktober (Mittwoch) &#8211; Thuner- und Brienzersee<\/a><\/li>\n\n\n\n<li><a href=\"http:\/\/reiseblog.mb2812.de\/?p=11960\">6. Oktober (Donnerstag) &#8211; Schynige Platte<\/a><\/li>\n\n\n\n<li><a href=\"http:\/\/reiseblog.mb2812.de\/?p=12030\">7. Oktober (Freitag) &#8211; Thun und Beatush\u00f6hlen<\/a><\/li>\n\n\n\n<li><a href=\"http:\/\/reiseblog.mb2812.de\/?p=12066\">8. Oktober (Samstag) &#8211; Weiter nach Luzern<\/a><\/li>\n\n\n\n<li><a href=\"http:\/\/reiseblog.mb2812.de\/?p=12096\">9. Oktober (Sonntag) &#8211; Luzern und Z\u00fcrich<\/a><\/li>\n\n\n\n<li><a href=\"http:\/\/reiseblog.mb2812.de\/?p=12149\">10. Oktober (Montag) &#8211; Pilatus<\/a><\/li>\n\n\n\n<li><a href=\"http:\/\/reiseblog.mb2812.de\/?p=12181\">11. Oktober (Dienstag) &#8211; Gotthardbahn nach Locarno<\/a><\/li>\n\n\n\n<li><a href=\"http:\/\/reiseblog.mb2812.de\/?p=12220\">12. Oktober (Mittwoch) &#8211; Cardada und Lago Maggiore<\/a><\/li>\n\n\n\n<li><a href=\"http:\/\/reiseblog.mb2812.de\/?p=12273\">13. Oktober (Donnerstag) &#8211; Lugano<\/a><\/li>\n\n\n\n<li><a href=\"http:\/\/reiseblog.mb2812.de\/?p=12313\">14. Oktober (Freitag) &#8211; Bellinzona<\/a><\/li>\n\n\n\n<li><a href=\"http:\/\/reiseblog.mb2812.de\/?p=12345\">15. Oktober (Samstag) &#8211; Zur\u00fcck nach B\u00f6blingen<\/a><\/li>\n<\/ul>\n\n\n\n<!--more-->\n\n\n\n<p>\u00dcber die Hotels lasse ich mich hier mal vorweg aus:<\/p>\n\n\n\n<p>In <strong>Spiez<\/strong> hatten wir das Hotel <strong>Eden<\/strong> gebucht, und wenn ich die Hotels in eine Reihenfolge bringen muss, landet es auf dem 3. Platz (von Dreien). Dies bedeutet nicht, das es ein schlechtes Hotel ist, aber die beiden anderen waren besser, auch unter Betrachtung des Preis\/Leistungsverh\u00e4ltnis.<\/p>\n\n\n\n<figure class=\"wp-block-image aligncenter size-large is-resized\"><a href=\"https:\/\/mb2812.de\/wp-content\/uploads\/2022\/10\/IMG_4968.jpg\" target=\"_blank\" rel=\" noreferrer noopener\"><img loading=\"lazy\" decoding=\"async\" width=\"1024\" height=\"819\" src=\"https:\/\/mb2812.de\/wp-content\/uploads\/2022\/10\/IMG_4968-1024x819.jpg\" alt=\"\" class=\"wp-image-11920\" style=\"width:800px\" srcset=\"https:\/\/mb2812.de\/wp-content\/uploads\/2022\/10\/IMG_4968-1024x819.jpg 1024w, https:\/\/mb2812.de\/wp-content\/uploads\/2022\/10\/IMG_4968-300x240.jpg 300w, https:\/\/mb2812.de\/wp-content\/uploads\/2022\/10\/IMG_4968-768x614.jpg 768w, https:\/\/mb2812.de\/wp-content\/uploads\/2022\/10\/IMG_4968-1536x1229.jpg 1536w, https:\/\/mb2812.de\/wp-content\/uploads\/2022\/10\/IMG_4968-668x534.jpg 668w, https:\/\/mb2812.de\/wp-content\/uploads\/2022\/10\/IMG_4968.jpg 1920w\" sizes=\"auto, (max-width: 1024px) 100vw, 1024px\" \/><\/a><figcaption class=\"wp-element-caption\"><em>Der Komplex des Hotels Eden, vom Bahnhof aus gesehen.<\/em><\/figcaption><\/figure>\n\n\n\n<p>Das Eden ist wohl das gr\u00f6\u00dfte Hotel in Spiez, auf halber Strecke &#8211; und auch halber H\u00f6he &#8211; zwischen Bahnhof und See gelegen, und das Beste am Hotel d\u00fcrfte der fantastische Blick auf den See und die umgebenden Berge sein. Sparsam wie wir sind, hatten wir ein Zimmer zur \u201eDorfseite\u201c ohne diesen Blick gebucht, bekamen aber ein Upgrade. Nicht nur S\u00fcdseite mit Sonne und Ausblick, sondern auch eine \u201eJunior-Suite\u201c statt des normalen Doppelzimmers.<\/p>\n\n\n\n<p>Das Hotel f\u00fchlt sich wohl in der Tradition der gro\u00dfen H\u00e4user der Belle Epoque, aber so richtig gerecht wird es diesem Anspruch nicht. Designm\u00e4\u00dfig ist es ein Mix aus nicht zueinander passenden Elementen, mal modern, mal historisch, in keiner Weise durchgehend und mit vielen Stilbr\u00fcchen drin. Zum Beispiel ein offenes Bad mit Fliesen, die man eher in einer Reha-Klinik vermutet, daneben im Schlafbereich ein \u201ahistorisches\u2019 Bett mit vielen Schn\u00f6rkeln (Jugendstil?).<\/p>\n\n\n\n<p>Einen riesigen Wellnessbereich gibt es auch im Hotel, dazu kann ich aber nichts sagen, wir kamen nicht dazu ihn zu benutzen.<\/p>\n\n\n\n<p>Hier sind ein paar Fotos vom Hotel, ein paar weitere gibt es in den einzelnen Berichten.<\/p>\n\n\n\n<figure class=\"wp-block-image aligncenter size-large is-resized\"><a href=\"https:\/\/mb2812.de\/wp-content\/uploads\/2022\/11\/IMG_3847-639.jpg\" target=\"_blank\" rel=\" noreferrer noopener\"><img loading=\"lazy\" decoding=\"async\" width=\"1024\" height=\"819\" src=\"https:\/\/mb2812.de\/wp-content\/uploads\/2022\/11\/IMG_3847-639-1024x819.jpg\" alt=\"\" class=\"wp-image-11888\" style=\"width:800px\" srcset=\"https:\/\/mb2812.de\/wp-content\/uploads\/2022\/11\/IMG_3847-639-1024x819.jpg 1024w, https:\/\/mb2812.de\/wp-content\/uploads\/2022\/11\/IMG_3847-639-300x240.jpg 300w, https:\/\/mb2812.de\/wp-content\/uploads\/2022\/11\/IMG_3847-639-768x614.jpg 768w, https:\/\/mb2812.de\/wp-content\/uploads\/2022\/11\/IMG_3847-639-1536x1229.jpg 1536w, https:\/\/mb2812.de\/wp-content\/uploads\/2022\/11\/IMG_3847-639-668x534.jpg 668w, https:\/\/mb2812.de\/wp-content\/uploads\/2022\/11\/IMG_3847-639.jpg 1920w\" sizes=\"auto, (max-width: 1024px) 100vw, 1024px\" \/><\/a><figcaption class=\"wp-element-caption\"><em>Der Schlafbereich des Zimmers sieht hier ein ganz nett aus. Wir haben auch tats\u00e4chlich gut in dem Bett geschlafen. Allgemein kam uns das Zimmer n\u00fcchtern und spartanisch vor. Teppiche, um ein bisschen Gem\u00fctlichkeit zu vermitteln, suchte man vergebens. Vor dem Bett \u00a0war eine riesige freie Fl\u00e4che, an der Wand dann ein einsamer Fernseher.<\/em><\/figcaption><\/figure>\n\n\n\n<figure class=\"wp-block-image aligncenter size-large is-resized\"><a href=\"https:\/\/mb2812.de\/wp-content\/uploads\/2022\/11\/IMG_4645-636.jpg\" target=\"_blank\" rel=\" noreferrer noopener\"><img loading=\"lazy\" decoding=\"async\" width=\"1024\" height=\"819\" src=\"https:\/\/mb2812.de\/wp-content\/uploads\/2022\/11\/IMG_4645-636-1024x819.jpg\" alt=\"\" class=\"wp-image-11897\" style=\"width:800px\" srcset=\"https:\/\/mb2812.de\/wp-content\/uploads\/2022\/11\/IMG_4645-636-1024x819.jpg 1024w, https:\/\/mb2812.de\/wp-content\/uploads\/2022\/11\/IMG_4645-636-300x240.jpg 300w, https:\/\/mb2812.de\/wp-content\/uploads\/2022\/11\/IMG_4645-636-768x614.jpg 768w, https:\/\/mb2812.de\/wp-content\/uploads\/2022\/11\/IMG_4645-636-1536x1229.jpg 1536w, https:\/\/mb2812.de\/wp-content\/uploads\/2022\/11\/IMG_4645-636-668x534.jpg 668w, https:\/\/mb2812.de\/wp-content\/uploads\/2022\/11\/IMG_4645-636.jpg 1920w\" sizes=\"auto, (max-width: 1024px) 100vw, 1024px\" \/><\/a><figcaption class=\"wp-element-caption\"><em>Da es eine Junior Suite war, fanden sich die Sitzgelegenheiten neben einer halben Wand in einem separaten Raum. Auch hier ist der Eindruck eher spartanisch. Die M\u00f6belst\u00fccke passen stilistisch jetzt nicht zum Bett, und zumindest das Sofa war extrem unbequem, ich h\u00e4tte nicht stundenlang darauf sitzend fernsehen wollen.<\/em><\/figcaption><\/figure>\n\n\n\n<figure class=\"wp-block-image aligncenter size-large is-resized\"><a href=\"https:\/\/mb2812.de\/wp-content\/uploads\/2022\/11\/IMG_3845-638.jpg\" target=\"_blank\" rel=\" noreferrer noopener\"><img loading=\"lazy\" decoding=\"async\" width=\"1024\" height=\"819\" src=\"https:\/\/mb2812.de\/wp-content\/uploads\/2022\/11\/IMG_3845-638-1024x819.jpg\" alt=\"\" class=\"wp-image-11895\" style=\"width:800px\" srcset=\"https:\/\/mb2812.de\/wp-content\/uploads\/2022\/11\/IMG_3845-638-1024x819.jpg 1024w, https:\/\/mb2812.de\/wp-content\/uploads\/2022\/11\/IMG_3845-638-300x240.jpg 300w, https:\/\/mb2812.de\/wp-content\/uploads\/2022\/11\/IMG_3845-638-768x614.jpg 768w, https:\/\/mb2812.de\/wp-content\/uploads\/2022\/11\/IMG_3845-638-1536x1229.jpg 1536w, https:\/\/mb2812.de\/wp-content\/uploads\/2022\/11\/IMG_3845-638-668x534.jpg 668w, https:\/\/mb2812.de\/wp-content\/uploads\/2022\/11\/IMG_3845-638.jpg 1920w\" sizes=\"auto, (max-width: 1024px) 100vw, 1024px\" \/><\/a><figcaption class=\"wp-element-caption\"><em>Und das ist der Badbereich. W\u00e4hrend anderswo bei &#8222;offenen&#8220; B\u00e4dern Waschtisch und Dusche irgendwie ins Zimmer integriert werden, war dies im Prinzip ein eigener Raum, lediglich die Wand zum Rest des \u00a0Zimmers (dem Schlafbereich) war nur halbhoch und ist links zu sehen. Riesiger Nachteil dieser Konstruktion ist die Tatsache, das bei Toilettenbenutzung in der Nacht auch der Schlafbereich taghell erleuchtet wird, wenn man das Licht im Bad anschaltet. Und transparente Toilettent\u00fcren sind nun wirklich nicht jedermanns Geschmack.<\/em><\/figcaption><\/figure>\n\n\n\n<figure class=\"wp-block-image aligncenter size-large is-resized\"><a href=\"https:\/\/mb2812.de\/wp-content\/uploads\/2022\/11\/IMG_4652-719.jpg\" target=\"_blank\" rel=\" noreferrer noopener\"><img loading=\"lazy\" decoding=\"async\" width=\"1024\" height=\"819\" src=\"https:\/\/mb2812.de\/wp-content\/uploads\/2022\/11\/IMG_4652-719-1024x819.jpg\" alt=\"\" class=\"wp-image-11898\" style=\"width:800px\" srcset=\"https:\/\/mb2812.de\/wp-content\/uploads\/2022\/11\/IMG_4652-719-1024x819.jpg 1024w, https:\/\/mb2812.de\/wp-content\/uploads\/2022\/11\/IMG_4652-719-300x240.jpg 300w, https:\/\/mb2812.de\/wp-content\/uploads\/2022\/11\/IMG_4652-719-768x614.jpg 768w, https:\/\/mb2812.de\/wp-content\/uploads\/2022\/11\/IMG_4652-719-1536x1229.jpg 1536w, https:\/\/mb2812.de\/wp-content\/uploads\/2022\/11\/IMG_4652-719-668x534.jpg 668w, https:\/\/mb2812.de\/wp-content\/uploads\/2022\/11\/IMG_4652-719.jpg 1920w\" sizes=\"auto, (max-width: 1024px) 100vw, 1024px\" \/><\/a><figcaption class=\"wp-element-caption\"><em>Gigantisch nat\u00fcrlich der riesige Balkon mit Ausblick auf Berge und See. Sonnenschein gab es fast den ganzen Tag, nachmittags haben wir dort gerne gesessen.<\/em><\/figcaption><\/figure>\n\n\n\n<p>Gebucht hatten wir Halbpension, darin inbegriffen ist neben dem Fr\u00fchst\u00fcck jeden Abend ein Vier-G\u00e4nge Menu. &nbsp;Das Essen war durchgehend sehr gut, vielleicht mit Ausnahme der als Zwischengang gereichten Suppe, die an einigen Tagen recht w\u00e4ssrig daherkam. Der Service wollte auch dem Niveau der Belle Epoque entsprechen, kam aber h\u00e4ufig unbeholfen und h\u00f6lzern r\u00fcber, und hatte dann und wann Aussetzer, \u00fcbrigens auch beim Fr\u00fchst\u00fcck.<\/p>\n\n\n\n<p>Auf Platz 2 der Liste folgt das <strong>Luzerner<\/strong>&nbsp;Hotel, ein <strong>Holiday Inn Express<\/strong> in Kriens Mattenhof. Das ist ein ganz anderes Hotel, ein modernes Kettenhotel mit doch vielen Business Reisenden, wenn auch jeden Abend Rundreisebusse mit amerikanischen und asiatischen Touristen vor der T\u00fcr standen. Es liegt au\u00dferhalb der Stadt in einem neuen kleinen \u201eViertel\u201c mit gemischten B\u00fcro- und Wohnhochh\u00e4usern, das auf uns keinen sehr urbanen Eindruck machte, &nbsp;was vielleicht am Regen bei der Ankunft lag. Aber: Es sind maximal 300 Meter vom Hotel bis zur Bahnstation, von der Z\u00fcge alle Viertelstunde zur Luzerner Innenstadt fahren &#8211; in gerade mal 6 Minuten. B\u00e4ckerei, Restaurant und Migros Supermarkt waren auch da, insofern gab es nichts zu klagen.<\/p>\n\n\n\n<figure class=\"wp-block-image aligncenter size-large is-resized\"><a href=\"https:\/\/mb2812.de\/wp-content\/uploads\/2022\/10\/IMG_5737.jpg\" target=\"_blank\" rel=\" noreferrer noopener\"><img loading=\"lazy\" decoding=\"async\" width=\"1024\" height=\"819\" src=\"https:\/\/mb2812.de\/wp-content\/uploads\/2022\/10\/IMG_5737-1024x819.jpg\" alt=\"\" class=\"wp-image-11999\" style=\"width:800px\" srcset=\"https:\/\/mb2812.de\/wp-content\/uploads\/2022\/10\/IMG_5737-1024x819.jpg 1024w, https:\/\/mb2812.de\/wp-content\/uploads\/2022\/10\/IMG_5737-300x240.jpg 300w, https:\/\/mb2812.de\/wp-content\/uploads\/2022\/10\/IMG_5737-768x614.jpg 768w, https:\/\/mb2812.de\/wp-content\/uploads\/2022\/10\/IMG_5737-1536x1229.jpg 1536w, https:\/\/mb2812.de\/wp-content\/uploads\/2022\/10\/IMG_5737-668x534.jpg 668w, https:\/\/mb2812.de\/wp-content\/uploads\/2022\/10\/IMG_5737.jpg 1920w\" sizes=\"auto, (max-width: 1024px) 100vw, 1024px\" \/><\/a><figcaption class=\"wp-element-caption\"><em>Ein Foto des Hotels von aussen gibt es nicht, aber hier sind wir im Zimmer angekommen und ich \u00fcberpr\u00fcfe die Aussicht<\/em><\/figcaption><\/figure>\n\n\n\n<figure class=\"wp-block-image aligncenter size-large is-resized\"><a href=\"https:\/\/mb2812.de\/wp-content\/uploads\/2022\/10\/IMG_5738-745.jpg\" target=\"_blank\" rel=\" noreferrer noopener\"><img loading=\"lazy\" decoding=\"async\" width=\"768\" height=\"1024\" src=\"https:\/\/mb2812.de\/wp-content\/uploads\/2022\/10\/IMG_5738-745-768x1024.jpg\" alt=\"\" class=\"wp-image-12001\" style=\"width:600px\" srcset=\"https:\/\/mb2812.de\/wp-content\/uploads\/2022\/10\/IMG_5738-745-768x1024.jpg 768w, https:\/\/mb2812.de\/wp-content\/uploads\/2022\/10\/IMG_5738-745-225x300.jpg 225w, https:\/\/mb2812.de\/wp-content\/uploads\/2022\/10\/IMG_5738-745-1152x1536.jpg 1152w, https:\/\/mb2812.de\/wp-content\/uploads\/2022\/10\/IMG_5738-745-668x891.jpg 668w, https:\/\/mb2812.de\/wp-content\/uploads\/2022\/10\/IMG_5738-745.jpg 1440w\" sizes=\"auto, (max-width: 768px) 100vw, 768px\" \/><\/a><figcaption class=\"wp-element-caption\"><em>Ein Blick ins Bad<\/em><\/figcaption><\/figure>\n\n\n\n<p>Das Hotel ist recht neu, innen gibt es einen gro\u00dfen und ausreichenden Fr\u00fchst\u00fcckbereich, die Bar ist nur eine die &nbsp;Rezeption erweiternde Theke und nicht die allergem\u00fctlichste, f\u00fcr ein Bier zum Abschluss des Tages aber ausreichend. Das Zimmer ist im typischen modernen Design der Kette, zwar nicht gro\u00df aber funktionell und auch gem\u00fctlich. Wir haben uns dort sehr wohlgef\u00fchlt.<\/p>\n\n\n\n<p>Und am Besten fanden wir das Hotel in <strong>Locarno<\/strong>, <strong>Hotel und Lounge Lago Maggiore<\/strong> heisst es und ist nagelneu, auf Google Streetview gab es noch Ansichten des alten Hotel Rosa. Das Hotel liegt ideal zwischen Bahnhof und See, und hier hatten wir auch das Geld f\u00fcr ein Zimmer mit Seesicht ausgegeben (es gibt ohnehin nur wenige Zimmer zur anderen Seite). Wieder hatten wir einen Balkon mit Sonne und toller Aussicht. Im Hotel findet man durchgehend ein sehr ansprechendes modernes Design.<\/p>\n\n\n\n<figure class=\"wp-block-image aligncenter size-large is-resized\"><a href=\"https:\/\/mb2812.de\/wp-content\/uploads\/2022\/10\/IMG_6423-742.jpg\" target=\"_blank\" rel=\" noreferrer noopener\"><img loading=\"lazy\" decoding=\"async\" width=\"1024\" height=\"819\" src=\"https:\/\/mb2812.de\/wp-content\/uploads\/2022\/10\/IMG_6423-742-1024x819.jpg\" alt=\"\" class=\"wp-image-11998\" style=\"width:800px\" srcset=\"https:\/\/mb2812.de\/wp-content\/uploads\/2022\/10\/IMG_6423-742-1024x819.jpg 1024w, https:\/\/mb2812.de\/wp-content\/uploads\/2022\/10\/IMG_6423-742-300x240.jpg 300w, https:\/\/mb2812.de\/wp-content\/uploads\/2022\/10\/IMG_6423-742-768x614.jpg 768w, https:\/\/mb2812.de\/wp-content\/uploads\/2022\/10\/IMG_6423-742-1536x1229.jpg 1536w, https:\/\/mb2812.de\/wp-content\/uploads\/2022\/10\/IMG_6423-742-668x534.jpg 668w, https:\/\/mb2812.de\/wp-content\/uploads\/2022\/10\/IMG_6423-742.jpg 1920w\" sizes=\"auto, (max-width: 1024px) 100vw, 1024px\" \/><\/a><figcaption class=\"wp-element-caption\"><em>Das Hotel direkt am See vom Ufer des Lago Maggiore aus gesehen<\/em><\/figcaption><\/figure>\n\n\n\n<figure class=\"wp-block-image aligncenter size-large is-resized\"><a href=\"https:\/\/mb2812.de\/wp-content\/uploads\/2022\/10\/IMG_6406-743.jpg\" target=\"_blank\" rel=\" noreferrer noopener\"><img loading=\"lazy\" decoding=\"async\" width=\"1024\" height=\"819\" src=\"https:\/\/mb2812.de\/wp-content\/uploads\/2022\/10\/IMG_6406-743-1024x819.jpg\" alt=\"\" class=\"wp-image-11997\" style=\"width:800px\" srcset=\"https:\/\/mb2812.de\/wp-content\/uploads\/2022\/10\/IMG_6406-743-1024x819.jpg 1024w, https:\/\/mb2812.de\/wp-content\/uploads\/2022\/10\/IMG_6406-743-300x240.jpg 300w, https:\/\/mb2812.de\/wp-content\/uploads\/2022\/10\/IMG_6406-743-768x614.jpg 768w, https:\/\/mb2812.de\/wp-content\/uploads\/2022\/10\/IMG_6406-743-1536x1229.jpg 1536w, https:\/\/mb2812.de\/wp-content\/uploads\/2022\/10\/IMG_6406-743-668x534.jpg 668w, https:\/\/mb2812.de\/wp-content\/uploads\/2022\/10\/IMG_6406-743.jpg 1920w\" sizes=\"auto, (max-width: 1024px) 100vw, 1024px\" \/><\/a><figcaption class=\"wp-element-caption\"><em>Das modern eingerichtete Zimmer<\/em><\/figcaption><\/figure>\n\n\n\n<figure class=\"wp-block-image aligncenter size-large is-resized\"><a href=\"https:\/\/mb2812.de\/wp-content\/uploads\/2022\/10\/IMG_6405.jpg\" target=\"_blank\" rel=\" noreferrer noopener\"><img loading=\"lazy\" decoding=\"async\" width=\"1024\" height=\"819\" src=\"https:\/\/mb2812.de\/wp-content\/uploads\/2022\/10\/IMG_6405-1024x819.jpg\" alt=\"\" class=\"wp-image-12000\" style=\"width:800px\" srcset=\"https:\/\/mb2812.de\/wp-content\/uploads\/2022\/10\/IMG_6405-1024x819.jpg 1024w, https:\/\/mb2812.de\/wp-content\/uploads\/2022\/10\/IMG_6405-300x240.jpg 300w, https:\/\/mb2812.de\/wp-content\/uploads\/2022\/10\/IMG_6405-768x614.jpg 768w, https:\/\/mb2812.de\/wp-content\/uploads\/2022\/10\/IMG_6405-1536x1229.jpg 1536w, https:\/\/mb2812.de\/wp-content\/uploads\/2022\/10\/IMG_6405-668x534.jpg 668w, https:\/\/mb2812.de\/wp-content\/uploads\/2022\/10\/IMG_6405.jpg 1920w\" sizes=\"auto, (max-width: 1024px) 100vw, 1024px\" \/><\/a><figcaption class=\"wp-element-caption\"><em>Und der Blick nach draussen auf den gro\u00dfen Balkon und den See<\/em><\/figcaption><\/figure>\n","protected":false},"excerpt":{"rendered":"<p>Der erste echte Urlaub nach der Corona Pandemie. Wir waren fast zwei Wochen in der Schweiz mit Stationen in Spiez (Berner Oberland\/Jungfrauregion), Luzern und Locarno im Tessin.<\/p>\n","protected":false},"author":1,"featured_media":16015,"comment_status":"closed","ping_status":"closed","sticky":false,"template":"","format":"standard","meta":{"footnotes":""},"categories":[379],"tags":[47,147,48,60,271,49],"class_list":["post-11885","post","type-post","status-publish","format-standard","has-post-thumbnail","hentry","category-schweiz-2022","tag-47","tag-berner-oberland","tag-schweiz","tag-tessin","tag-urlaub","tag-zentralschweiz"],"_links":{"self":[{"href":"https:\/\/mb2812.de\/index.php?rest_route=\/wp\/v2\/posts\/11885","targetHints":{"allow":["GET"]}}],"collection":[{"href":"https:\/\/mb2812.de\/index.php?rest_route=\/wp\/v2\/posts"}],"about":[{"href":"https:\/\/mb2812.de\/index.php?rest_route=\/wp\/v2\/types\/post"}],"author":[{"embeddable":true,"href":"https:\/\/mb2812.de\/index.php?rest_route=\/wp\/v2\/users\/1"}],"replies":[{"embeddable":true,"href":"https:\/\/mb2812.de\/index.php?rest_route=%2Fwp%2Fv2%2Fcomments&post=11885"}],"version-history":[{"count":32,"href":"https:\/\/mb2812.de\/index.php?rest_route=\/wp\/v2\/posts\/11885\/revisions"}],"predecessor-version":[{"id":16286,"href":"https:\/\/mb2812.de\/index.php?rest_route=\/wp\/v2\/posts\/11885\/revisions\/16286"}],"wp:featuredmedia":[{"embeddable":true,"href":"https:\/\/mb2812.de\/index.php?rest_route=\/wp\/v2\/media\/16015"}],"wp:attachment":[{"href":"https:\/\/mb2812.de\/index.php?rest_route=%2Fwp%2Fv2%2Fmedia&parent=11885"}],"wp:term":[{"taxonomy":"category","embeddable":true,"href":"https:\/\/mb2812.de\/index.php?rest_route=%2Fwp%2Fv2%2Fcategories&post=11885"},{"taxonomy":"post_tag","embeddable":true,"href":"https:\/\/mb2812.de\/index.php?rest_route=%2Fwp%2Fv2%2Ftags&post=11885"}],"curies":[{"name":"wp","href":"https:\/\/api.w.org\/{rel}","templated":true}]}}