{"id":11756,"date":"2022-05-18T17:07:29","date_gmt":"2022-05-18T15:07:29","guid":{"rendered":"http:\/\/reiseblog.mb2812.de\/?p=11756"},"modified":"2025-03-02T15:39:03","modified_gmt":"2025-03-02T13:39:03","slug":"schiffahrt-auf-dem-rhein","status":"publish","type":"post","link":"https:\/\/mb2812.de\/?p=11756","title":{"rendered":"Schiff fahren auf dem Rhein"},"content":{"rendered":"\n<p>Heute stand die Stadt Koblenz auf dem Programm. Eigentlich wollten wir vom Hotel aus entlang der Mosel in die Stadt laufen, aber Stephan vermutete es sei kein sonderlich sch\u00f6ner Weg und so nahmen wir das Auto. Die als Ziel angepeilte Tiefgarage am Schloss war auch schon voll, wir fuhren daher weiter und landeten in der Tiefgarage unter dem Josef-G\u00f6rres-Platz.<\/p>\n\n\n\n<figure class=\"wp-block-image aligncenter size-large is-resized\"><a href=\"https:\/\/mb2812.de\/wp-content\/uploads\/2022\/06\/IMG_3081.jpg\" target=\"_blank\" rel=\" noreferrer noopener\"><img loading=\"lazy\" decoding=\"async\" width=\"768\" height=\"1024\" src=\"https:\/\/mb2812.de\/wp-content\/uploads\/2022\/06\/IMG_3081-768x1024.jpg\" alt=\"\" class=\"wp-image-11787\" style=\"width:600px\" srcset=\"https:\/\/mb2812.de\/wp-content\/uploads\/2022\/06\/IMG_3081-768x1024.jpg 768w, https:\/\/mb2812.de\/wp-content\/uploads\/2022\/06\/IMG_3081-225x300.jpg 225w, https:\/\/mb2812.de\/wp-content\/uploads\/2022\/06\/IMG_3081-1152x1536.jpg 1152w, https:\/\/mb2812.de\/wp-content\/uploads\/2022\/06\/IMG_3081-668x891.jpg 668w, https:\/\/mb2812.de\/wp-content\/uploads\/2022\/06\/IMG_3081.jpg 1440w\" sizes=\"auto, (max-width: 768px) 100vw, 768px\" \/><\/a><figcaption class=\"wp-element-caption\">Ans Tageslicht gekommen, begr\u00fc\u00dft uns der Brunnen auf dem Platz mit der Historiens\u00e4ule (1992 zur 2000-Jahr-Feier gestiftet)<\/figcaption><\/figure>\n\n\n\n<!--more-->\n\n\n\n<p>Wir laufen zielstrebig nach Norden und dann sind wir auch schon am deutschen Eck; die Hauptattraktion dort ist nat\u00fcrlich das 37 Meter hohe Denkmal f\u00fcr Kaiser Wilhelm I.,1897 errrichtet. Das Reiterstandbild wurde zum Ende des 2. Weltkrieges besch\u00e4digt und sp\u00e4ter abgebaut, der verbliebene Sockel dann 1953 zu einem \u201eMahnmal der deutschen Einheit\u201c umgedeutet. Seit 1987 gab es Bem\u00fchungen, das Reiterstandbild wieder aufzustellen, aber erst 1993 &#8211; ein Mahnmal f\u00fcr die deutsche Einheit war jetzt nicht mehr n\u00f6tig &#8211; wurde dies m\u00f6glich und eine Rekonstruktion aufgestellt. Die ganze Diskussion darum war schnell vergessen und das Standbild ist jetzt wieder eine der gr\u00f6\u00dften Touristenattraktionen in Koblenz.<\/p>\n\n\n\n<figure class=\"wp-block-image aligncenter size-large is-resized\"><a href=\"https:\/\/mb2812.de\/wp-content\/uploads\/2022\/06\/IMG_2705.jpg\" target=\"_blank\" rel=\" noreferrer noopener\"><img loading=\"lazy\" decoding=\"async\" width=\"768\" height=\"1024\" src=\"https:\/\/mb2812.de\/wp-content\/uploads\/2022\/06\/IMG_2705-768x1024.jpg\" alt=\"\" class=\"wp-image-11766\" style=\"width:600px\" srcset=\"https:\/\/mb2812.de\/wp-content\/uploads\/2022\/06\/IMG_2705-768x1024.jpg 768w, https:\/\/mb2812.de\/wp-content\/uploads\/2022\/06\/IMG_2705-225x300.jpg 225w, https:\/\/mb2812.de\/wp-content\/uploads\/2022\/06\/IMG_2705-1152x1536.jpg 1152w, https:\/\/mb2812.de\/wp-content\/uploads\/2022\/06\/IMG_2705-668x891.jpg 668w, https:\/\/mb2812.de\/wp-content\/uploads\/2022\/06\/IMG_2705.jpg 1440w\" sizes=\"auto, (max-width: 768px) 100vw, 768px\" \/><\/a><\/figure>\n\n\n\n<div style=\"height:15px\" aria-hidden=\"true\" class=\"wp-block-spacer\"><\/div>\n\n\n\n<figure class=\"wp-block-image aligncenter size-large is-resized\"><a href=\"https:\/\/mb2812.de\/wp-content\/uploads\/2022\/06\/IMG_3086.jpg\" target=\"_blank\" rel=\" noreferrer noopener\"><img loading=\"lazy\" decoding=\"async\" width=\"768\" height=\"1024\" src=\"https:\/\/mb2812.de\/wp-content\/uploads\/2022\/06\/IMG_3086-768x1024.jpg\" alt=\"\" class=\"wp-image-11778\" style=\"width:600px\" srcset=\"https:\/\/mb2812.de\/wp-content\/uploads\/2022\/06\/IMG_3086-768x1024.jpg 768w, https:\/\/mb2812.de\/wp-content\/uploads\/2022\/06\/IMG_3086-225x300.jpg 225w, https:\/\/mb2812.de\/wp-content\/uploads\/2022\/06\/IMG_3086-1152x1536.jpg 1152w, https:\/\/mb2812.de\/wp-content\/uploads\/2022\/06\/IMG_3086-668x891.jpg 668w, https:\/\/mb2812.de\/wp-content\/uploads\/2022\/06\/IMG_3086.jpg 1440w\" sizes=\"auto, (max-width: 768px) 100vw, 768px\" \/><\/a><\/figure>\n\n\n\n<div style=\"height:15px\" aria-hidden=\"true\" class=\"wp-block-spacer\"><\/div>\n\n\n\n<figure class=\"wp-block-image aligncenter size-large is-resized\"><a href=\"https:\/\/mb2812.de\/wp-content\/uploads\/2022\/06\/IMG_3088.jpg\" target=\"_blank\" rel=\" noreferrer noopener\"><img loading=\"lazy\" decoding=\"async\" width=\"1024\" height=\"819\" src=\"https:\/\/mb2812.de\/wp-content\/uploads\/2022\/06\/IMG_3088-1024x819.jpg\" alt=\"\" class=\"wp-image-11779\" style=\"width:800px\" srcset=\"https:\/\/mb2812.de\/wp-content\/uploads\/2022\/06\/IMG_3088-1024x819.jpg 1024w, https:\/\/mb2812.de\/wp-content\/uploads\/2022\/06\/IMG_3088-300x240.jpg 300w, https:\/\/mb2812.de\/wp-content\/uploads\/2022\/06\/IMG_3088-768x614.jpg 768w, https:\/\/mb2812.de\/wp-content\/uploads\/2022\/06\/IMG_3088-1536x1229.jpg 1536w, https:\/\/mb2812.de\/wp-content\/uploads\/2022\/06\/IMG_3088-668x534.jpg 668w, https:\/\/mb2812.de\/wp-content\/uploads\/2022\/06\/IMG_3088.jpg 1920w\" sizes=\"auto, (max-width: 1024px) 100vw, 1024px\" \/><\/a><\/figure>\n\n\n\n<div style=\"height:15px\" aria-hidden=\"true\" class=\"wp-block-spacer\"><\/div>\n\n\n\n<figure class=\"wp-block-image aligncenter size-large\"><a href=\"https:\/\/mb2812.de\/wp-content\/uploads\/2022\/06\/IMG_3097-558.jpg\" target=\"_blank\" rel=\" noreferrer noopener\"><img loading=\"lazy\" decoding=\"async\" width=\"1024\" height=\"819\" src=\"https:\/\/mb2812.de\/wp-content\/uploads\/2022\/06\/IMG_3097-558-1024x819.jpg\" alt=\"\" class=\"wp-image-11760\" srcset=\"https:\/\/mb2812.de\/wp-content\/uploads\/2022\/06\/IMG_3097-558-1024x819.jpg 1024w, https:\/\/mb2812.de\/wp-content\/uploads\/2022\/06\/IMG_3097-558-300x240.jpg 300w, https:\/\/mb2812.de\/wp-content\/uploads\/2022\/06\/IMG_3097-558-768x614.jpg 768w, https:\/\/mb2812.de\/wp-content\/uploads\/2022\/06\/IMG_3097-558-1536x1229.jpg 1536w, https:\/\/mb2812.de\/wp-content\/uploads\/2022\/06\/IMG_3097-558-668x534.jpg 668w, https:\/\/mb2812.de\/wp-content\/uploads\/2022\/06\/IMG_3097-558.jpg 1920w\" sizes=\"auto, (max-width: 1024px) 100vw, 1024px\" \/><\/a><figcaption class=\"wp-element-caption\"><em>Dies ist der Blick rheinabw\u00e4rts aufs Deutsche Eck, die Mosel m\u00fcndet von links kommend in den Rhein. Urspr\u00fcnglich stammt der Name von der Niederlassung des Deutschen Ordens im nahegelegenen Deutschherrenhaus<\/em><\/figcaption><\/figure>\n\n\n\n<p>Am Konrad-Adenauer-Ufer s\u00fcdw\u00e4rts liegen dann die ganzen Touristenschiffe, und da ich eine gewisse Schw\u00e4che f\u00fcr so etwas habe, landeten wir f\u00fcr 10 Euro pro Person auf einem der Schiffe f\u00fcr eine einst\u00fcndige Rundfahrt.<\/p>\n\n\n\n<figure class=\"wp-block-image aligncenter size-large is-resized\"><a href=\"https:\/\/mb2812.de\/wp-content\/uploads\/2022\/06\/IMG_2735.jpg\" target=\"_blank\" rel=\" noreferrer noopener\"><img loading=\"lazy\" decoding=\"async\" width=\"1024\" height=\"819\" src=\"https:\/\/mb2812.de\/wp-content\/uploads\/2022\/06\/IMG_2735-1024x819.jpg\" alt=\"\" class=\"wp-image-11758\" style=\"width:800px\" srcset=\"https:\/\/mb2812.de\/wp-content\/uploads\/2022\/06\/IMG_2735-1024x819.jpg 1024w, https:\/\/mb2812.de\/wp-content\/uploads\/2022\/06\/IMG_2735-300x240.jpg 300w, https:\/\/mb2812.de\/wp-content\/uploads\/2022\/06\/IMG_2735-768x614.jpg 768w, https:\/\/mb2812.de\/wp-content\/uploads\/2022\/06\/IMG_2735-1536x1229.jpg 1536w, https:\/\/mb2812.de\/wp-content\/uploads\/2022\/06\/IMG_2735-668x534.jpg 668w, https:\/\/mb2812.de\/wp-content\/uploads\/2022\/06\/IMG_2735.jpg 1920w\" sizes=\"auto, (max-width: 1024px) 100vw, 1024px\" \/><\/a><figcaption class=\"wp-element-caption\"><em>Und jetzt sitzen wir auf dem Boot und warten auf die Abfahrt<\/em><\/figcaption><\/figure>\n\n\n\n<figure class=\"wp-block-image aligncenter size-large is-resized\"><a href=\"https:\/\/mb2812.de\/wp-content\/uploads\/2022\/06\/IMG_3102.jpg\" target=\"_blank\" rel=\" noreferrer noopener\"><img loading=\"lazy\" decoding=\"async\" width=\"768\" height=\"1024\" src=\"https:\/\/mb2812.de\/wp-content\/uploads\/2022\/06\/IMG_3102-768x1024.jpg\" alt=\"\" class=\"wp-image-11780\" style=\"width:600px\" srcset=\"https:\/\/mb2812.de\/wp-content\/uploads\/2022\/06\/IMG_3102-768x1024.jpg 768w, https:\/\/mb2812.de\/wp-content\/uploads\/2022\/06\/IMG_3102-225x300.jpg 225w, https:\/\/mb2812.de\/wp-content\/uploads\/2022\/06\/IMG_3102-1152x1536.jpg 1152w, https:\/\/mb2812.de\/wp-content\/uploads\/2022\/06\/IMG_3102-668x891.jpg 668w, https:\/\/mb2812.de\/wp-content\/uploads\/2022\/06\/IMG_3102.jpg 1440w\" sizes=\"auto, (max-width: 768px) 100vw, 768px\" \/><\/a><figcaption class=\"wp-element-caption\"><em>Die Zeit bis zur Abfahrt wird nich langweilig. Wir haben direkten Blick auf die &#8222;Talstation&#8220; der Seilbahn zur Festung Ehrenbreitstein<\/em><\/figcaption><\/figure>\n\n\n\n<figure class=\"wp-block-image aligncenter size-large\"><a href=\"https:\/\/mb2812.de\/wp-content\/uploads\/2022\/06\/IMG_3103.jpg\" target=\"_blank\" rel=\" noreferrer noopener\"><img loading=\"lazy\" decoding=\"async\" width=\"1024\" height=\"819\" src=\"https:\/\/mb2812.de\/wp-content\/uploads\/2022\/06\/IMG_3103-1024x819.jpg\" alt=\"\" class=\"wp-image-11781\" srcset=\"https:\/\/mb2812.de\/wp-content\/uploads\/2022\/06\/IMG_3103-1024x819.jpg 1024w, https:\/\/mb2812.de\/wp-content\/uploads\/2022\/06\/IMG_3103-300x240.jpg 300w, https:\/\/mb2812.de\/wp-content\/uploads\/2022\/06\/IMG_3103-768x614.jpg 768w, https:\/\/mb2812.de\/wp-content\/uploads\/2022\/06\/IMG_3103-1536x1229.jpg 1536w, https:\/\/mb2812.de\/wp-content\/uploads\/2022\/06\/IMG_3103-668x534.jpg 668w, https:\/\/mb2812.de\/wp-content\/uploads\/2022\/06\/IMG_3103.jpg 1920w\" sizes=\"auto, (max-width: 1024px) 100vw, 1024px\" \/><\/a><figcaption class=\"wp-element-caption\"><em>Auf gehts. Wir haben abgelegt un der Blick geht rheinaufw\u00e4rts mit diversen Schiffen am Konrad-Adenauer-Ufer, an Land ist \u00a0das vordere Geb\u00e4ude das ehemalige Hotel &#8222;Coblenzer Hof&#8220; von 1912-13, dahinter das &#8222;Preu\u00dfische Regierungsgeb\u00e4ude&#8220; von 1902-05. Beide werden vom Bundesamt f\u00fcr Ausr\u00fcstung, Informationstechnik und Nutzung der Bundeswehr genutzt.<\/em><\/figcaption><\/figure>\n\n\n\n<figure class=\"wp-block-image aligncenter size-large is-resized\"><a href=\"https:\/\/mb2812.de\/wp-content\/uploads\/2022\/06\/IMG_3107.jpg\" target=\"_blank\" rel=\" noreferrer noopener\"><img loading=\"lazy\" decoding=\"async\" width=\"1024\" height=\"819\" src=\"https:\/\/mb2812.de\/wp-content\/uploads\/2022\/06\/IMG_3107-1024x819.jpg\" alt=\"\" class=\"wp-image-11782\" style=\"width:800px\" srcset=\"https:\/\/mb2812.de\/wp-content\/uploads\/2022\/06\/IMG_3107-1024x819.jpg 1024w, https:\/\/mb2812.de\/wp-content\/uploads\/2022\/06\/IMG_3107-300x240.jpg 300w, https:\/\/mb2812.de\/wp-content\/uploads\/2022\/06\/IMG_3107-768x614.jpg 768w, https:\/\/mb2812.de\/wp-content\/uploads\/2022\/06\/IMG_3107-1536x1229.jpg 1536w, https:\/\/mb2812.de\/wp-content\/uploads\/2022\/06\/IMG_3107-668x534.jpg 668w, https:\/\/mb2812.de\/wp-content\/uploads\/2022\/06\/IMG_3107.jpg 1920w\" sizes=\"auto, (max-width: 1024px) 100vw, 1024px\" \/><\/a><figcaption class=\"wp-element-caption\"><em>Das Pegelhaus und das \u00a0&#8222;Preu\u00dfische Regierungsgeb\u00e4ude&#8220;<\/em><\/figcaption><\/figure>\n\n\n\n<figure class=\"wp-block-image aligncenter size-large is-resized\"><a href=\"https:\/\/mb2812.de\/wp-content\/uploads\/2022\/06\/IMG_3115-561-562.jpg\" target=\"_blank\" rel=\" noreferrer noopener\"><img loading=\"lazy\" decoding=\"async\" width=\"1024\" height=\"819\" src=\"https:\/\/mb2812.de\/wp-content\/uploads\/2022\/06\/IMG_3115-561-562-1024x819.jpg\" alt=\"\" class=\"wp-image-11789\" style=\"width:800px\" srcset=\"https:\/\/mb2812.de\/wp-content\/uploads\/2022\/06\/IMG_3115-561-562-1024x819.jpg 1024w, https:\/\/mb2812.de\/wp-content\/uploads\/2022\/06\/IMG_3115-561-562-300x240.jpg 300w, https:\/\/mb2812.de\/wp-content\/uploads\/2022\/06\/IMG_3115-561-562-768x614.jpg 768w, https:\/\/mb2812.de\/wp-content\/uploads\/2022\/06\/IMG_3115-561-562-1536x1229.jpg 1536w, https:\/\/mb2812.de\/wp-content\/uploads\/2022\/06\/IMG_3115-561-562-668x534.jpg 668w, https:\/\/mb2812.de\/wp-content\/uploads\/2022\/06\/IMG_3115-561-562.jpg 1920w\" sizes=\"auto, (max-width: 1024px) 100vw, 1024px\" \/><\/a><figcaption class=\"wp-element-caption\"><em>Vorbei am kurf\u00fcrstlichen Schloss<\/em><\/figcaption><\/figure>\n\n\n\n<figure class=\"wp-block-image aligncenter size-large is-resized\"><a href=\"https:\/\/mb2812.de\/wp-content\/uploads\/2022\/06\/IMG_3117.jpg\" target=\"_blank\" rel=\" noreferrer noopener\"><img loading=\"lazy\" decoding=\"async\" width=\"1024\" height=\"819\" src=\"https:\/\/mb2812.de\/wp-content\/uploads\/2022\/06\/IMG_3117-1024x819.jpg\" alt=\"\" class=\"wp-image-11770\" style=\"width:800px\" srcset=\"https:\/\/mb2812.de\/wp-content\/uploads\/2022\/06\/IMG_3117-1024x819.jpg 1024w, https:\/\/mb2812.de\/wp-content\/uploads\/2022\/06\/IMG_3117-300x240.jpg 300w, https:\/\/mb2812.de\/wp-content\/uploads\/2022\/06\/IMG_3117-768x614.jpg 768w, https:\/\/mb2812.de\/wp-content\/uploads\/2022\/06\/IMG_3117-1536x1229.jpg 1536w, https:\/\/mb2812.de\/wp-content\/uploads\/2022\/06\/IMG_3117-668x534.jpg 668w, https:\/\/mb2812.de\/wp-content\/uploads\/2022\/06\/IMG_3117.jpg 1920w\" sizes=\"auto, (max-width: 1024px) 100vw, 1024px\" \/><\/a><figcaption class=\"wp-element-caption\"><em>Entlang der Kaiserin Augusta Anlagen<\/em><\/figcaption><\/figure>\n\n\n\n<figure class=\"wp-block-image aligncenter size-large is-resized\"><a href=\"https:\/\/mb2812.de\/wp-content\/uploads\/2022\/06\/IMG_2758.jpg\"><img loading=\"lazy\" decoding=\"async\" width=\"1024\" height=\"819\" src=\"https:\/\/mb2812.de\/wp-content\/uploads\/2022\/06\/IMG_2758-1024x819.jpg\" alt=\"\" class=\"wp-image-11767\" style=\"width:800px\" srcset=\"https:\/\/mb2812.de\/wp-content\/uploads\/2022\/06\/IMG_2758-1024x819.jpg 1024w, https:\/\/mb2812.de\/wp-content\/uploads\/2022\/06\/IMG_2758-300x240.jpg 300w, https:\/\/mb2812.de\/wp-content\/uploads\/2022\/06\/IMG_2758-768x614.jpg 768w, https:\/\/mb2812.de\/wp-content\/uploads\/2022\/06\/IMG_2758-1536x1229.jpg 1536w, https:\/\/mb2812.de\/wp-content\/uploads\/2022\/06\/IMG_2758-668x534.jpg 668w, https:\/\/mb2812.de\/wp-content\/uploads\/2022\/06\/IMG_2758.jpg 1920w\" sizes=\"auto, (max-width: 1024px) 100vw, 1024px\" \/><\/a><figcaption class=\"wp-element-caption\"><em>H\u00f6he Lenn\u00e9stra\u00dfe. Die urspr\u00fcnglichen Rheinanlagen waren ein Werk von Peter Lenn\u00e9. Er pr\u00e4gte fast ein halbes Jahrhundert die Gartenkunst in Preu\u00dfen, u.a. auch die gro\u00dfen Parks in Potsdam. Vor gut zwei Wochen in Glienicke und Babelsberg war ich erst durch die dort von ihm geschaffenen Parks gelaufen.<\/em><\/figcaption><\/figure>\n\n\n\n<figure class=\"wp-block-image aligncenter size-large is-resized\"><a href=\"https:\/\/mb2812.de\/wp-content\/uploads\/2022\/06\/IMG_2761.jpg\" target=\"_blank\" rel=\" noreferrer noopener\"><img loading=\"lazy\" decoding=\"async\" width=\"1024\" height=\"819\" src=\"https:\/\/mb2812.de\/wp-content\/uploads\/2022\/06\/IMG_2761-1024x819.jpg\" alt=\"\" class=\"wp-image-11776\" style=\"width:800px\" srcset=\"https:\/\/mb2812.de\/wp-content\/uploads\/2022\/06\/IMG_2761-1024x819.jpg 1024w, https:\/\/mb2812.de\/wp-content\/uploads\/2022\/06\/IMG_2761-300x240.jpg 300w, https:\/\/mb2812.de\/wp-content\/uploads\/2022\/06\/IMG_2761-768x614.jpg 768w, https:\/\/mb2812.de\/wp-content\/uploads\/2022\/06\/IMG_2761-1536x1229.jpg 1536w, https:\/\/mb2812.de\/wp-content\/uploads\/2022\/06\/IMG_2761-668x534.jpg 668w, https:\/\/mb2812.de\/wp-content\/uploads\/2022\/06\/IMG_2761.jpg 1920w\" sizes=\"auto, (max-width: 1024px) 100vw, 1024px\" \/><\/a><figcaption class=\"wp-element-caption\"><em>Wir drehen direkt vor der Halbinsel Oberwerth<\/em><\/figcaption><\/figure>\n\n\n\n<figure class=\"wp-block-image aligncenter size-large is-resized\"><a href=\"https:\/\/mb2812.de\/wp-content\/uploads\/2022\/06\/IMG_3121.jpg\" target=\"_blank\" rel=\" noreferrer noopener\"><img loading=\"lazy\" decoding=\"async\" width=\"1024\" height=\"819\" src=\"https:\/\/mb2812.de\/wp-content\/uploads\/2022\/06\/IMG_3121-1024x819.jpg\" alt=\"\" class=\"wp-image-11771\" style=\"width:800px\" srcset=\"https:\/\/mb2812.de\/wp-content\/uploads\/2022\/06\/IMG_3121-1024x819.jpg 1024w, https:\/\/mb2812.de\/wp-content\/uploads\/2022\/06\/IMG_3121-300x240.jpg 300w, https:\/\/mb2812.de\/wp-content\/uploads\/2022\/06\/IMG_3121-768x614.jpg 768w, https:\/\/mb2812.de\/wp-content\/uploads\/2022\/06\/IMG_3121-1536x1229.jpg 1536w, https:\/\/mb2812.de\/wp-content\/uploads\/2022\/06\/IMG_3121-668x534.jpg 668w, https:\/\/mb2812.de\/wp-content\/uploads\/2022\/06\/IMG_3121.jpg 1920w\" sizes=\"auto, (max-width: 1024px) 100vw, 1024px\" \/><\/a><figcaption class=\"wp-element-caption\"><em>Auf der rechten Rheinseite jetzt Pfaffendorf. Das Geb\u00e4ude direkt hinter der km-Tafel ist die Grundschule<\/em><\/figcaption><\/figure>\n\n\n\n<figure class=\"wp-block-image aligncenter size-large is-resized\"><a href=\"https:\/\/mb2812.de\/wp-content\/uploads\/2022\/06\/IMG_3126.jpg\" target=\"_blank\" rel=\" noreferrer noopener\"><img loading=\"lazy\" decoding=\"async\" width=\"1024\" height=\"819\" src=\"https:\/\/mb2812.de\/wp-content\/uploads\/2022\/06\/IMG_3126-1024x819.jpg\" alt=\"\" class=\"wp-image-11772\" style=\"width:800px\" srcset=\"https:\/\/mb2812.de\/wp-content\/uploads\/2022\/06\/IMG_3126-1024x819.jpg 1024w, https:\/\/mb2812.de\/wp-content\/uploads\/2022\/06\/IMG_3126-300x240.jpg 300w, https:\/\/mb2812.de\/wp-content\/uploads\/2022\/06\/IMG_3126-768x614.jpg 768w, https:\/\/mb2812.de\/wp-content\/uploads\/2022\/06\/IMG_3126-1536x1229.jpg 1536w, https:\/\/mb2812.de\/wp-content\/uploads\/2022\/06\/IMG_3126-668x534.jpg 668w, https:\/\/mb2812.de\/wp-content\/uploads\/2022\/06\/IMG_3126.jpg 1920w\" sizes=\"auto, (max-width: 1024px) 100vw, 1024px\" \/><\/a><figcaption class=\"wp-element-caption\"><em>Das Ortszentrum Pfaffendorf mit der 1902\/03 erbauten Kirche St. Peter &amp; Paul<\/em><\/figcaption><\/figure>\n\n\n\n<figure class=\"wp-block-image aligncenter size-large is-resized\"><a href=\"https:\/\/mb2812.de\/wp-content\/uploads\/2022\/06\/IMG_3128-559.jpg\" target=\"_blank\" rel=\" noreferrer noopener\"><img loading=\"lazy\" decoding=\"async\" width=\"1024\" height=\"819\" src=\"https:\/\/mb2812.de\/wp-content\/uploads\/2022\/06\/IMG_3128-559-1024x819.jpg\" alt=\"\" class=\"wp-image-11761\" style=\"width:800px\" srcset=\"https:\/\/mb2812.de\/wp-content\/uploads\/2022\/06\/IMG_3128-559-1024x819.jpg 1024w, https:\/\/mb2812.de\/wp-content\/uploads\/2022\/06\/IMG_3128-559-300x240.jpg 300w, https:\/\/mb2812.de\/wp-content\/uploads\/2022\/06\/IMG_3128-559-768x614.jpg 768w, https:\/\/mb2812.de\/wp-content\/uploads\/2022\/06\/IMG_3128-559-1536x1229.jpg 1536w, https:\/\/mb2812.de\/wp-content\/uploads\/2022\/06\/IMG_3128-559-668x534.jpg 668w, https:\/\/mb2812.de\/wp-content\/uploads\/2022\/06\/IMG_3128-559.jpg 1920w\" sizes=\"auto, (max-width: 1024px) 100vw, 1024px\" \/><\/a><figcaption class=\"wp-element-caption\"><em>Und sind wir wieder an der Moselm\u00fcndung und rechts liegt die Festung Ehrenbreitstein, einmal mit Seilbahn&#8230;<\/em><\/figcaption><\/figure>\n\n\n\n<figure class=\"wp-block-image aligncenter size-large is-resized\"><a href=\"https:\/\/mb2812.de\/wp-content\/uploads\/2022\/06\/IMG_3134.jpg\" target=\"_blank\" rel=\" noreferrer noopener\"><img loading=\"lazy\" decoding=\"async\" width=\"1024\" height=\"819\" src=\"https:\/\/mb2812.de\/wp-content\/uploads\/2022\/06\/IMG_3134-1024x819.jpg\" alt=\"\" class=\"wp-image-11773\" style=\"width:800px\" srcset=\"https:\/\/mb2812.de\/wp-content\/uploads\/2022\/06\/IMG_3134-1024x819.jpg 1024w, https:\/\/mb2812.de\/wp-content\/uploads\/2022\/06\/IMG_3134-300x240.jpg 300w, https:\/\/mb2812.de\/wp-content\/uploads\/2022\/06\/IMG_3134-768x614.jpg 768w, https:\/\/mb2812.de\/wp-content\/uploads\/2022\/06\/IMG_3134-1536x1229.jpg 1536w, https:\/\/mb2812.de\/wp-content\/uploads\/2022\/06\/IMG_3134-668x534.jpg 668w, https:\/\/mb2812.de\/wp-content\/uploads\/2022\/06\/IMG_3134.jpg 1920w\" sizes=\"auto, (max-width: 1024px) 100vw, 1024px\" \/><\/a><figcaption class=\"wp-element-caption\"><em>&#8230; und einmal mit Eisenbahn<\/em><\/figcaption><\/figure>\n\n\n\n<figure class=\"wp-block-image aligncenter size-large\"><a href=\"https:\/\/mb2812.de\/wp-content\/uploads\/2022\/06\/IMG_3137-560.jpg\" target=\"_blank\" rel=\" noreferrer noopener\"><img loading=\"lazy\" decoding=\"async\" width=\"1024\" height=\"819\" src=\"https:\/\/mb2812.de\/wp-content\/uploads\/2022\/06\/IMG_3137-560-1024x819.jpg\" alt=\"\" class=\"wp-image-11762\" srcset=\"https:\/\/mb2812.de\/wp-content\/uploads\/2022\/06\/IMG_3137-560-1024x819.jpg 1024w, https:\/\/mb2812.de\/wp-content\/uploads\/2022\/06\/IMG_3137-560-300x240.jpg 300w, https:\/\/mb2812.de\/wp-content\/uploads\/2022\/06\/IMG_3137-560-768x614.jpg 768w, https:\/\/mb2812.de\/wp-content\/uploads\/2022\/06\/IMG_3137-560-1536x1229.jpg 1536w, https:\/\/mb2812.de\/wp-content\/uploads\/2022\/06\/IMG_3137-560-668x534.jpg 668w, https:\/\/mb2812.de\/wp-content\/uploads\/2022\/06\/IMG_3137-560.jpg 1920w\" sizes=\"auto, (max-width: 1024px) 100vw, 1024px\" \/><\/a><figcaption class=\"wp-element-caption\"><em>Kurze Runde auf der Mosel. Rechts am Gel\u00e4nde des Wasserstra\u00dfen- und Schifffahrtsamt Mosel-Saar-Lahn liegt das Tauchglockenschiff &#8222;Carl Straat&#8220; von 1963, dessen Nachfolger wohl k\u00fcrzlich in Betrieb genommen wurde<\/em><\/figcaption><\/figure>\n\n\n\n<figure class=\"wp-block-image aligncenter size-large is-resized\"><a href=\"https:\/\/mb2812.de\/wp-content\/uploads\/2022\/05\/IMG_2799.jpg\" target=\"_blank\" rel=\" noreferrer noopener\"><img loading=\"lazy\" decoding=\"async\" width=\"1024\" height=\"819\" src=\"https:\/\/mb2812.de\/wp-content\/uploads\/2022\/05\/IMG_2799-1024x819.jpg\" alt=\"\" class=\"wp-image-11791\" style=\"width:800px\" srcset=\"https:\/\/mb2812.de\/wp-content\/uploads\/2022\/05\/IMG_2799-1024x819.jpg 1024w, https:\/\/mb2812.de\/wp-content\/uploads\/2022\/05\/IMG_2799-300x240.jpg 300w, https:\/\/mb2812.de\/wp-content\/uploads\/2022\/05\/IMG_2799-768x614.jpg 768w, https:\/\/mb2812.de\/wp-content\/uploads\/2022\/05\/IMG_2799-1536x1229.jpg 1536w, https:\/\/mb2812.de\/wp-content\/uploads\/2022\/05\/IMG_2799-668x534.jpg 668w, https:\/\/mb2812.de\/wp-content\/uploads\/2022\/05\/IMG_2799.jpg 1920w\" sizes=\"auto, (max-width: 1024px) 100vw, 1024px\" \/><\/a><figcaption class=\"wp-element-caption\"><em>Am Peter-Altmaier-Ufer (benannt nach dem ehem.\u00a0rheinland-pf\u00e4lzischen Ministerpr\u00e4sidenten (1899-1977)) an der Mosel steht mit dem Burghaus das einzig erhalten gebliebene Geb\u00e4ude der Alten Burg, diese war eine kurf\u00fcrstliche Burg aus dem 13. Jahrhundert, rechts davon die Balduinbr\u00fccke<\/em><\/figcaption><\/figure>\n\n\n\n<figure class=\"wp-block-image aligncenter size-large is-resized\"><a href=\"https:\/\/mb2812.de\/wp-content\/uploads\/2022\/06\/IMG_3146.jpg\" target=\"_blank\" rel=\" noreferrer noopener\"><img loading=\"lazy\" decoding=\"async\" width=\"1024\" height=\"819\" src=\"https:\/\/mb2812.de\/wp-content\/uploads\/2022\/06\/IMG_3146-1024x819.jpg\" alt=\"\" class=\"wp-image-11783\" style=\"width:800px\" srcset=\"https:\/\/mb2812.de\/wp-content\/uploads\/2022\/06\/IMG_3146-1024x819.jpg 1024w, https:\/\/mb2812.de\/wp-content\/uploads\/2022\/06\/IMG_3146-300x240.jpg 300w, https:\/\/mb2812.de\/wp-content\/uploads\/2022\/06\/IMG_3146-768x614.jpg 768w, https:\/\/mb2812.de\/wp-content\/uploads\/2022\/06\/IMG_3146-1536x1229.jpg 1536w, https:\/\/mb2812.de\/wp-content\/uploads\/2022\/06\/IMG_3146-668x534.jpg 668w, https:\/\/mb2812.de\/wp-content\/uploads\/2022\/06\/IMG_3146.jpg 1920w\" sizes=\"auto, (max-width: 1024px) 100vw, 1024px\" \/><\/a><figcaption class=\"wp-element-caption\"><em>Und jetzt das deutsche Eck vom Wasser aus<\/em><\/figcaption><\/figure>\n\n\n\n<figure class=\"wp-block-image aligncenter size-large is-resized\"><a href=\"https:\/\/mb2812.de\/wp-content\/uploads\/2022\/06\/IMG_3147.jpg\" target=\"_blank\" rel=\" noreferrer noopener\"><img loading=\"lazy\" decoding=\"async\" width=\"1024\" height=\"819\" src=\"https:\/\/mb2812.de\/wp-content\/uploads\/2022\/06\/IMG_3147-1024x819.jpg\" alt=\"\" class=\"wp-image-11763\" style=\"width:800px\" srcset=\"https:\/\/mb2812.de\/wp-content\/uploads\/2022\/06\/IMG_3147-1024x819.jpg 1024w, https:\/\/mb2812.de\/wp-content\/uploads\/2022\/06\/IMG_3147-300x240.jpg 300w, https:\/\/mb2812.de\/wp-content\/uploads\/2022\/06\/IMG_3147-768x614.jpg 768w, https:\/\/mb2812.de\/wp-content\/uploads\/2022\/06\/IMG_3147-1536x1229.jpg 1536w, https:\/\/mb2812.de\/wp-content\/uploads\/2022\/06\/IMG_3147-668x534.jpg 668w, https:\/\/mb2812.de\/wp-content\/uploads\/2022\/06\/IMG_3147.jpg 1920w\" sizes=\"auto, (max-width: 1024px) 100vw, 1024px\" \/><\/a><figcaption class=\"wp-element-caption\"><em>Unterwegs nach Vallendar<\/em><\/figcaption><\/figure>\n\n\n\n<p>Der Rheinarm bei Vallendar trennt die Insel Niederwerth vom Ufer und ist nur bis zur Br\u00fccke auf diese Insel schiffbar. F\u00fcr die auf der Hinfahrt gemachten Fotos des rechten Rheinufers f\u00e4llt mir nur der Kommentar &#8222;Sch\u00f6ner Wohnen in Vallendar&#8220; ein:<\/p>\n\n\n\n<figure class=\"wp-block-image aligncenter size-large is-resized\"><a href=\"https:\/\/mb2812.de\/wp-content\/uploads\/2022\/06\/IMG_3148.jpg\" target=\"_blank\" rel=\" noreferrer noopener\"><img loading=\"lazy\" decoding=\"async\" width=\"1024\" height=\"819\" src=\"https:\/\/mb2812.de\/wp-content\/uploads\/2022\/06\/IMG_3148-1024x819.jpg\" alt=\"\" class=\"wp-image-11784\" style=\"width:800px\" srcset=\"https:\/\/mb2812.de\/wp-content\/uploads\/2022\/06\/IMG_3148-1024x819.jpg 1024w, https:\/\/mb2812.de\/wp-content\/uploads\/2022\/06\/IMG_3148-300x240.jpg 300w, https:\/\/mb2812.de\/wp-content\/uploads\/2022\/06\/IMG_3148-768x614.jpg 768w, https:\/\/mb2812.de\/wp-content\/uploads\/2022\/06\/IMG_3148-1536x1229.jpg 1536w, https:\/\/mb2812.de\/wp-content\/uploads\/2022\/06\/IMG_3148-668x534.jpg 668w, https:\/\/mb2812.de\/wp-content\/uploads\/2022\/06\/IMG_3148.jpg 1920w\" sizes=\"auto, (max-width: 1024px) 100vw, 1024px\" \/><\/a><\/figure>\n\n\n\n<div style=\"height:15px\" aria-hidden=\"true\" class=\"wp-block-spacer\"><\/div>\n\n\n\n<figure class=\"wp-block-image aligncenter size-large is-resized\"><a href=\"https:\/\/mb2812.de\/wp-content\/uploads\/2022\/06\/IMG_3149.jpg\" target=\"_blank\" rel=\" noreferrer noopener\"><img loading=\"lazy\" decoding=\"async\" width=\"768\" height=\"1024\" src=\"https:\/\/mb2812.de\/wp-content\/uploads\/2022\/06\/IMG_3149-768x1024.jpg\" alt=\"\" class=\"wp-image-11785\" style=\"width:600px\" srcset=\"https:\/\/mb2812.de\/wp-content\/uploads\/2022\/06\/IMG_3149-768x1024.jpg 768w, https:\/\/mb2812.de\/wp-content\/uploads\/2022\/06\/IMG_3149-225x300.jpg 225w, https:\/\/mb2812.de\/wp-content\/uploads\/2022\/06\/IMG_3149-1152x1536.jpg 1152w, https:\/\/mb2812.de\/wp-content\/uploads\/2022\/06\/IMG_3149-668x891.jpg 668w, https:\/\/mb2812.de\/wp-content\/uploads\/2022\/06\/IMG_3149.jpg 1440w\" sizes=\"auto, (max-width: 768px) 100vw, 768px\" \/><\/a><\/figure>\n\n\n\n<div style=\"height:15px\" aria-hidden=\"true\" class=\"wp-block-spacer\"><\/div>\n\n\n\n<figure class=\"wp-block-image aligncenter size-large\"><a href=\"https:\/\/mb2812.de\/wp-content\/uploads\/2022\/06\/IMG_3153.jpg\" target=\"_blank\" rel=\" noreferrer noopener\"><img loading=\"lazy\" decoding=\"async\" width=\"768\" height=\"1024\" src=\"https:\/\/mb2812.de\/wp-content\/uploads\/2022\/06\/IMG_3153-768x1024.jpg\" alt=\"\" class=\"wp-image-11774\" srcset=\"https:\/\/mb2812.de\/wp-content\/uploads\/2022\/06\/IMG_3153-768x1024.jpg 768w, https:\/\/mb2812.de\/wp-content\/uploads\/2022\/06\/IMG_3153-225x300.jpg 225w, https:\/\/mb2812.de\/wp-content\/uploads\/2022\/06\/IMG_3153-1152x1536.jpg 1152w, https:\/\/mb2812.de\/wp-content\/uploads\/2022\/06\/IMG_3153-668x891.jpg 668w, https:\/\/mb2812.de\/wp-content\/uploads\/2022\/06\/IMG_3153.jpg 1440w\" sizes=\"auto, (max-width: 768px) 100vw, 768px\" \/><\/a><figcaption class=\"wp-element-caption\"><em>Und es geht wieder zur\u00fcck nach Koblenz: Die Kirche St. Georg in Niederwerth stammt aus dem 15. Jahrhundert<\/em><\/figcaption><\/figure>\n\n\n\n<figure class=\"wp-block-image aligncenter size-large is-resized\"><a href=\"https:\/\/mb2812.de\/wp-content\/uploads\/2022\/06\/IMG_2879-2-556.jpg\" target=\"_blank\" rel=\" noreferrer noopener\"><img loading=\"lazy\" decoding=\"async\" width=\"1024\" height=\"819\" src=\"https:\/\/mb2812.de\/wp-content\/uploads\/2022\/06\/IMG_2879-2-556-1024x819.jpg\" alt=\"\" class=\"wp-image-11768\" style=\"width:800px\" srcset=\"https:\/\/mb2812.de\/wp-content\/uploads\/2022\/06\/IMG_2879-2-556-1024x819.jpg 1024w, https:\/\/mb2812.de\/wp-content\/uploads\/2022\/06\/IMG_2879-2-556-300x240.jpg 300w, https:\/\/mb2812.de\/wp-content\/uploads\/2022\/06\/IMG_2879-2-556-768x614.jpg 768w, https:\/\/mb2812.de\/wp-content\/uploads\/2022\/06\/IMG_2879-2-556-1536x1229.jpg 1536w, https:\/\/mb2812.de\/wp-content\/uploads\/2022\/06\/IMG_2879-2-556-668x534.jpg 668w, https:\/\/mb2812.de\/wp-content\/uploads\/2022\/06\/IMG_2879-2-556.jpg 1920w\" sizes=\"auto, (max-width: 1024px) 100vw, 1024px\" \/><\/a><figcaption class=\"wp-element-caption\"><em>Und hier die die Silhouette von Neuendorf pr\u00e4gende Kirche &#8222;St. Peter&#8220;, die auf das Jahr 1725 zur\u00fcckgeht<\/em><\/figcaption><\/figure>\n\n\n\n<figure class=\"wp-block-image aligncenter size-large\"><a href=\"https:\/\/mb2812.de\/wp-content\/uploads\/2022\/06\/IMG_3157.jpg\" target=\"_blank\" rel=\" noreferrer noopener\"><img loading=\"lazy\" decoding=\"async\" width=\"1024\" height=\"819\" src=\"https:\/\/mb2812.de\/wp-content\/uploads\/2022\/06\/IMG_3157-1024x819.jpg\" alt=\"\" class=\"wp-image-11757\" srcset=\"https:\/\/mb2812.de\/wp-content\/uploads\/2022\/06\/IMG_3157-1024x819.jpg 1024w, https:\/\/mb2812.de\/wp-content\/uploads\/2022\/06\/IMG_3157-300x240.jpg 300w, https:\/\/mb2812.de\/wp-content\/uploads\/2022\/06\/IMG_3157-768x614.jpg 768w, https:\/\/mb2812.de\/wp-content\/uploads\/2022\/06\/IMG_3157-1536x1229.jpg 1536w, https:\/\/mb2812.de\/wp-content\/uploads\/2022\/06\/IMG_3157-668x534.jpg 668w, https:\/\/mb2812.de\/wp-content\/uploads\/2022\/06\/IMG_3157.jpg 1920w\" sizes=\"auto, (max-width: 1024px) 100vw, 1024px\" \/><\/a><figcaption class=\"wp-element-caption\"><em>Unser Schiff am Anleger bereit zur n\u00e4chsten Runde<\/em><\/figcaption><\/figure>\n\n\n\n<p>Danach wollte ich eigentlich zum kurf\u00fcrstlichen Schloss gehen, aber es ist ziemlich warm und deswegen wird das Vorhaben nach einigen hundert Metern abgebrochen und wir machen uns auf zum Biergarten am Deutschen Eck.<\/p>\n\n\n\n<p>Der Deutsche Orden war seit 1216 in Koblenz ans\u00e4ssig, sein Anwesen ist der eigentliche Namensgeber des Deutschen Eck. Auf dem R\u00fcckweg werfen wir einen Blick darauf:<\/p>\n\n\n\n<figure class=\"wp-block-image aligncenter size-large is-resized\"><a href=\"https:\/\/mb2812.de\/wp-content\/uploads\/2022\/06\/IMG_3159.jpg\" target=\"_blank\" rel=\" noreferrer noopener\"><img loading=\"lazy\" decoding=\"async\" width=\"1024\" height=\"768\" src=\"https:\/\/mb2812.de\/wp-content\/uploads\/2022\/06\/IMG_3159-1024x768.jpg\" alt=\"\" class=\"wp-image-11764\" style=\"width:800px\" srcset=\"https:\/\/mb2812.de\/wp-content\/uploads\/2022\/06\/IMG_3159-1024x768.jpg 1024w, https:\/\/mb2812.de\/wp-content\/uploads\/2022\/06\/IMG_3159-300x225.jpg 300w, https:\/\/mb2812.de\/wp-content\/uploads\/2022\/06\/IMG_3159-768x576.jpg 768w, https:\/\/mb2812.de\/wp-content\/uploads\/2022\/06\/IMG_3159-1536x1152.jpg 1536w, https:\/\/mb2812.de\/wp-content\/uploads\/2022\/06\/IMG_3159-668x501.jpg 668w, https:\/\/mb2812.de\/wp-content\/uploads\/2022\/06\/IMG_3159.jpg 1920w\" sizes=\"auto, (max-width: 1024px) 100vw, 1024px\" \/><\/a><figcaption class=\"wp-element-caption\"><em>Das Deutschherrenhaus<\/em><\/figcaption><\/figure>\n\n\n\n<figure class=\"wp-block-image aligncenter size-large is-resized\"><a href=\"https:\/\/mb2812.de\/wp-content\/uploads\/2022\/06\/IMG_3161.jpg\" target=\"_blank\" rel=\" noreferrer noopener\"><img loading=\"lazy\" decoding=\"async\" width=\"1024\" height=\"819\" src=\"https:\/\/mb2812.de\/wp-content\/uploads\/2022\/06\/IMG_3161-1024x819.jpg\" alt=\"\" class=\"wp-image-11788\" style=\"width:800px\" srcset=\"https:\/\/mb2812.de\/wp-content\/uploads\/2022\/06\/IMG_3161-1024x819.jpg 1024w, https:\/\/mb2812.de\/wp-content\/uploads\/2022\/06\/IMG_3161-300x240.jpg 300w, https:\/\/mb2812.de\/wp-content\/uploads\/2022\/06\/IMG_3161-768x614.jpg 768w, https:\/\/mb2812.de\/wp-content\/uploads\/2022\/06\/IMG_3161-1536x1229.jpg 1536w, https:\/\/mb2812.de\/wp-content\/uploads\/2022\/06\/IMG_3161-668x534.jpg 668w, https:\/\/mb2812.de\/wp-content\/uploads\/2022\/06\/IMG_3161.jpg 1920w\" sizes=\"auto, (max-width: 1024px) 100vw, 1024px\" \/><\/a><figcaption class=\"wp-element-caption\"><em>Und Tsch\u00fcss! Kaiser Wilhelm I. von hinten<\/em><\/figcaption><\/figure>\n\n\n\n<figure class=\"wp-block-image aligncenter size-large is-resized\"><a href=\"https:\/\/mb2812.de\/wp-content\/uploads\/2022\/06\/IMG_2894-2.jpg\" target=\"_blank\" rel=\" noreferrer noopener\"><img loading=\"lazy\" decoding=\"async\" width=\"1024\" height=\"819\" src=\"https:\/\/mb2812.de\/wp-content\/uploads\/2022\/06\/IMG_2894-2-1024x819.jpg\" alt=\"\" class=\"wp-image-11759\" style=\"width:800px\" srcset=\"https:\/\/mb2812.de\/wp-content\/uploads\/2022\/06\/IMG_2894-2-1024x819.jpg 1024w, https:\/\/mb2812.de\/wp-content\/uploads\/2022\/06\/IMG_2894-2-300x240.jpg 300w, https:\/\/mb2812.de\/wp-content\/uploads\/2022\/06\/IMG_2894-2-768x614.jpg 768w, https:\/\/mb2812.de\/wp-content\/uploads\/2022\/06\/IMG_2894-2-1536x1229.jpg 1536w, https:\/\/mb2812.de\/wp-content\/uploads\/2022\/06\/IMG_2894-2-668x534.jpg 668w, https:\/\/mb2812.de\/wp-content\/uploads\/2022\/06\/IMG_2894-2.jpg 1920w\" sizes=\"auto, (max-width: 1024px) 100vw, 1024px\" \/><\/a><figcaption class=\"wp-element-caption\"><em>Und noch einmal von der anderen Seite: das Deutschherrenhaus mit den Ruinen der Kapelle links daneben<\/em><\/figcaption><\/figure>\n\n\n\n<p>Nach der Pause im Biergarten und der R\u00fcckfahrt steht zun\u00e4chst wieder der Wellnessbereich des Hotels auf dem Programm. Aber das Motto des Jahres ist ja nicht nur Wellness-Urlaub, sondern auch Gourmet Urlaub. Da eine Buchung im \u201eGotthard\u201c im Hotel nicht m\u00f6glich war (nach dem Erlebnissen vom Sonntag Abend war das wohl auch gut so), hatte ich mich bereits im Vorfeld umgesehen und das YOSO in Andernach ausgemacht. Dort gibt es asiatisch beeinflusste K\u00fcche, die wir wirklich sehr gut fanden. Nur den Kaffee nach dem Essen m\u00fcssen wir kritisieren, ob da eine Bohne durchs Wasser geschossen worden war ist fraglich.<\/p>\n\n\n\n<figure class=\"wp-block-image aligncenter size-large is-resized\"><a href=\"https:\/\/mb2812.de\/wp-content\/uploads\/2022\/06\/IMG_3165.jpg\" target=\"_blank\" rel=\" noreferrer noopener\"><img loading=\"lazy\" decoding=\"async\" width=\"1024\" height=\"819\" src=\"https:\/\/mb2812.de\/wp-content\/uploads\/2022\/06\/IMG_3165-1024x819.jpg\" alt=\"\" class=\"wp-image-11775\" style=\"width:800px\" srcset=\"https:\/\/mb2812.de\/wp-content\/uploads\/2022\/06\/IMG_3165-1024x819.jpg 1024w, https:\/\/mb2812.de\/wp-content\/uploads\/2022\/06\/IMG_3165-300x240.jpg 300w, https:\/\/mb2812.de\/wp-content\/uploads\/2022\/06\/IMG_3165-768x614.jpg 768w, https:\/\/mb2812.de\/wp-content\/uploads\/2022\/06\/IMG_3165-1536x1229.jpg 1536w, https:\/\/mb2812.de\/wp-content\/uploads\/2022\/06\/IMG_3165-668x534.jpg 668w, https:\/\/mb2812.de\/wp-content\/uploads\/2022\/06\/IMG_3165.jpg 1920w\" sizes=\"auto, (max-width: 1024px) 100vw, 1024px\" \/><\/a><figcaption class=\"wp-element-caption\"><em>Da sind wir: Da wir extrem p\u00fcnktlich eintrafen, k\u00f6nne wir ein DSGVO konformes Selfie machen. Der Rest des Restaurants ist noch leer.<\/em><\/figcaption><\/figure>\n\n\n\n<figure class=\"wp-block-image size-large is-resized\"><img loading=\"lazy\" decoding=\"async\" width=\"774\" height=\"1024\" src=\"https:\/\/mb2812.de\/wp-content\/uploads\/2022\/06\/IMG_3170-554-555-774x1024.jpg\" alt=\"\" class=\"wp-image-11765\" style=\"width:600px\" srcset=\"https:\/\/mb2812.de\/wp-content\/uploads\/2022\/06\/IMG_3170-554-555-774x1024.jpg 774w, https:\/\/mb2812.de\/wp-content\/uploads\/2022\/06\/IMG_3170-554-555-227x300.jpg 227w, https:\/\/mb2812.de\/wp-content\/uploads\/2022\/06\/IMG_3170-554-555-768x1016.jpg 768w, https:\/\/mb2812.de\/wp-content\/uploads\/2022\/06\/IMG_3170-554-555-1161x1536.jpg 1161w, https:\/\/mb2812.de\/wp-content\/uploads\/2022\/06\/IMG_3170-554-555-668x884.jpg 668w, https:\/\/mb2812.de\/wp-content\/uploads\/2022\/06\/IMG_3170-554-555.jpg 1451w\" sizes=\"auto, (max-width: 774px) 100vw, 774px\" \/><\/figure>\n\n\n\n<figure class=\"wp-block-image aligncenter size-large is-resized\"><a href=\"https:\/\/mb2812.de\/wp-content\/uploads\/2022\/06\/IMG_3167.jpg\" target=\"_blank\" rel=\" noreferrer noopener\"><img loading=\"lazy\" decoding=\"async\" width=\"1024\" height=\"819\" src=\"https:\/\/mb2812.de\/wp-content\/uploads\/2022\/06\/IMG_3167-1024x819.jpg\" alt=\"\" class=\"wp-image-11786\" style=\"width:800px\" srcset=\"https:\/\/mb2812.de\/wp-content\/uploads\/2022\/06\/IMG_3167-1024x819.jpg 1024w, https:\/\/mb2812.de\/wp-content\/uploads\/2022\/06\/IMG_3167-300x240.jpg 300w, https:\/\/mb2812.de\/wp-content\/uploads\/2022\/06\/IMG_3167-768x614.jpg 768w, https:\/\/mb2812.de\/wp-content\/uploads\/2022\/06\/IMG_3167-1536x1229.jpg 1536w, https:\/\/mb2812.de\/wp-content\/uploads\/2022\/06\/IMG_3167-668x534.jpg 668w, https:\/\/mb2812.de\/wp-content\/uploads\/2022\/06\/IMG_3167.jpg 1920w\" sizes=\"auto, (max-width: 1024px) 100vw, 1024px\" \/><\/a><figcaption class=\"wp-element-caption\"><em>Dies ist das Dessert<\/em><\/figcaption><\/figure>\n\n\n\n<p>Satt und zufrieden kommen wir wieder im Hotel an und wollen noch ein Drink in der Bar. Das ist schwierig, denn auf einer Leinwand zwischen Bar und Restaurant ist ein Fussballspiel zu sehen, und statt dem \u201eBaker Man\u201c gibt es lautstark den Kommentar zum Spiel. Es findet sich allerdings ein ruhiges Pl\u00e4tzchen etwas weiter weg.<\/p>\n\n\n\n<p>Und das war dann der Urlaub. Nach dem Fr\u00fchst\u00fcck am anderen Morgen checken wir aus, versichern das es uns gefallen hat und alles in Ordnung war &#8211; warum sollen wir jetzt noch Stress machen &#8211; und es geht auf den Weg nach B\u00f6blingen.<\/p>\n","protected":false},"excerpt":{"rendered":"<p>Wir wollen uns die Stadt Koblenz anschauen. Viel ist nicht draus geworden, aufgrund der Hitze bleibt es bei einem kurzen Spaziergang am Deutschen Eck, danach machen wir nur noch eine Rundfahrt auf dem Rhein<\/p>\n","protected":false},"author":1,"featured_media":11783,"comment_status":"closed","ping_status":"closed","sticky":false,"template":"","format":"standard","meta":{"footnotes":""},"categories":[27],"tags":[47,39,79,83],"class_list":["post-11756","post","type-post","status-publish","format-standard","has-post-thumbnail","hentry","category-wellnessurlaub-in-deutschland-2022","tag-47","tag-deutschland","tag-koblenz","tag-rhein"],"_links":{"self":[{"href":"https:\/\/mb2812.de\/index.php?rest_route=\/wp\/v2\/posts\/11756","targetHints":{"allow":["GET"]}}],"collection":[{"href":"https:\/\/mb2812.de\/index.php?rest_route=\/wp\/v2\/posts"}],"about":[{"href":"https:\/\/mb2812.de\/index.php?rest_route=\/wp\/v2\/types\/post"}],"author":[{"embeddable":true,"href":"https:\/\/mb2812.de\/index.php?rest_route=\/wp\/v2\/users\/1"}],"replies":[{"embeddable":true,"href":"https:\/\/mb2812.de\/index.php?rest_route=%2Fwp%2Fv2%2Fcomments&post=11756"}],"version-history":[{"count":19,"href":"https:\/\/mb2812.de\/index.php?rest_route=\/wp\/v2\/posts\/11756\/revisions"}],"predecessor-version":[{"id":16500,"href":"https:\/\/mb2812.de\/index.php?rest_route=\/wp\/v2\/posts\/11756\/revisions\/16500"}],"wp:featuredmedia":[{"embeddable":true,"href":"https:\/\/mb2812.de\/index.php?rest_route=\/wp\/v2\/media\/11783"}],"wp:attachment":[{"href":"https:\/\/mb2812.de\/index.php?rest_route=%2Fwp%2Fv2%2Fmedia&parent=11756"}],"wp:term":[{"taxonomy":"category","embeddable":true,"href":"https:\/\/mb2812.de\/index.php?rest_route=%2Fwp%2Fv2%2Fcategories&post=11756"},{"taxonomy":"post_tag","embeddable":true,"href":"https:\/\/mb2812.de\/index.php?rest_route=%2Fwp%2Fv2%2Ftags&post=11756"}],"curies":[{"name":"wp","href":"https:\/\/api.w.org\/{rel}","templated":true}]}}