{"id":11710,"date":"2022-05-17T09:00:36","date_gmt":"2022-05-17T07:00:36","guid":{"rendered":"http:\/\/reiseblog.mb2812.de\/?p=11710"},"modified":"2025-03-02T15:06:15","modified_gmt":"2025-03-02T13:06:15","slug":"ausflug-an-die-lahn","status":"publish","type":"post","link":"https:\/\/mb2812.de\/?p=11710","title":{"rendered":"Ausflug an die Lahn"},"content":{"rendered":"\n<p>Die Stadt Bad Ems irritierte mich immer wieder, vor allem aufgrund des Auto-Kennzeichens \u201eEMS\u201c, das ich irgendwie mit dem Fluss Ems verband, mit dem die Stadt nun wirklich gar nichts zu tun hat. Das sie an der Lahn liegt, habe ich dann irgendwann nachgeschlagen, und das die Stadt eines der ber\u00fchmtesten Heilb\u00e4der Deutschlands war oder ist, noch sp\u00e4ter gemerkt.<\/p>\n\n\n\n<p>Nun, Koblenz ist nicht so weit weg, und damit stand ein Besuch dieses arglistigen St\u00e4dtchens heute auf der Tagesordnung. Wir machten uns nach dem Fr\u00fchst\u00fcck auf den Weg und die Strecke ist recht schnell zur\u00fcckgelegt. Auf der Suche nach einem Parkplatz landeten wir, von Westen kommend, nahe des Kurparks in der Victoriallee, mit der Emser Therme und einer gro\u00dfen Reha-Klinik, und dort dann in der Tiefgarage der Emser Therme.<\/p>\n\n\n\n<p>Unser Rundgang startete dann nach Osten zum Kurpark hin:<\/p>\n\n\n\n<figure class=\"wp-block-image aligncenter size-large is-resized\"><a href=\"https:\/\/mb2812.de\/wp-content\/uploads\/2022\/06\/IMG_3003.jpg\" target=\"_blank\" rel=\" noreferrer noopener\"><img loading=\"lazy\" decoding=\"async\" width=\"768\" height=\"1024\" src=\"https:\/\/mb2812.de\/wp-content\/uploads\/2022\/06\/IMG_3003-768x1024.jpg\" alt=\"\" class=\"wp-image-11714\" style=\"width:600px\" srcset=\"https:\/\/mb2812.de\/wp-content\/uploads\/2022\/06\/IMG_3003-768x1024.jpg 768w, https:\/\/mb2812.de\/wp-content\/uploads\/2022\/06\/IMG_3003-225x300.jpg 225w, https:\/\/mb2812.de\/wp-content\/uploads\/2022\/06\/IMG_3003-1152x1536.jpg 1152w, https:\/\/mb2812.de\/wp-content\/uploads\/2022\/06\/IMG_3003-668x891.jpg 668w, https:\/\/mb2812.de\/wp-content\/uploads\/2022\/06\/IMG_3003.jpg 1440w\" sizes=\"auto, (max-width: 768px) 100vw, 768px\" \/><\/a><figcaption class=\"wp-element-caption\"><em>Villen an der Victoriaallee<\/em><\/figcaption><\/figure>\n\n\n\n<!--more-->\n\n\n\n<figure class=\"wp-block-image aligncenter size-large is-resized\"><a href=\"https:\/\/mb2812.de\/wp-content\/uploads\/2022\/06\/IMG_3001.jpg\" target=\"_blank\" rel=\" noreferrer noopener\"><img loading=\"lazy\" decoding=\"async\" width=\"768\" height=\"1024\" src=\"https:\/\/mb2812.de\/wp-content\/uploads\/2022\/06\/IMG_3001-768x1024.jpg\" alt=\"\" class=\"wp-image-11724\" style=\"width:600px\" srcset=\"https:\/\/mb2812.de\/wp-content\/uploads\/2022\/06\/IMG_3001-768x1024.jpg 768w, https:\/\/mb2812.de\/wp-content\/uploads\/2022\/06\/IMG_3001-225x300.jpg 225w, https:\/\/mb2812.de\/wp-content\/uploads\/2022\/06\/IMG_3001-1152x1536.jpg 1152w, https:\/\/mb2812.de\/wp-content\/uploads\/2022\/06\/IMG_3001-668x891.jpg 668w, https:\/\/mb2812.de\/wp-content\/uploads\/2022\/06\/IMG_3001.jpg 1440w\" sizes=\"auto, (max-width: 768px) 100vw, 768px\" \/><\/a><figcaption class=\"wp-element-caption\"><em>Die &#8222;Park Villa&#8220;, ein\u00a0dreigeschossiger sp\u00e4tklassizistischer Bau von 1891\/92<\/em><\/figcaption><\/figure>\n\n\n\n<figure class=\"wp-block-image aligncenter size-large is-resized\"><a href=\"https:\/\/mb2812.de\/wp-content\/uploads\/2022\/06\/IMG_3004-547.jpg\" target=\"_blank\" rel=\" noreferrer noopener\"><img loading=\"lazy\" decoding=\"async\" width=\"768\" height=\"1024\" src=\"https:\/\/mb2812.de\/wp-content\/uploads\/2022\/06\/IMG_3004-547-768x1024.jpg\" alt=\"\" class=\"wp-image-11715\" style=\"width:600px\" srcset=\"https:\/\/mb2812.de\/wp-content\/uploads\/2022\/06\/IMG_3004-547-768x1024.jpg 768w, https:\/\/mb2812.de\/wp-content\/uploads\/2022\/06\/IMG_3004-547-225x300.jpg 225w, https:\/\/mb2812.de\/wp-content\/uploads\/2022\/06\/IMG_3004-547-1152x1536.jpg 1152w, https:\/\/mb2812.de\/wp-content\/uploads\/2022\/06\/IMG_3004-547-668x891.jpg 668w, https:\/\/mb2812.de\/wp-content\/uploads\/2022\/06\/IMG_3004-547.jpg 1440w\" sizes=\"auto, (max-width: 768px) 100vw, 768px\" \/><\/a><figcaption class=\"wp-element-caption\"><em>Das &#8222;Alte Rathaus&#8220; von 1823<\/em><\/figcaption><\/figure>\n\n\n\n<figure class=\"wp-block-image aligncenter size-large is-resized\"><a href=\"https:\/\/mb2812.de\/wp-content\/uploads\/2022\/06\/IMG_3009.jpg\" target=\"_blank\" rel=\" noreferrer noopener\"><img loading=\"lazy\" decoding=\"async\" width=\"1024\" height=\"819\" src=\"https:\/\/mb2812.de\/wp-content\/uploads\/2022\/06\/IMG_3009-1024x819.jpg\" alt=\"\" class=\"wp-image-11725\" style=\"width:600px\" srcset=\"https:\/\/mb2812.de\/wp-content\/uploads\/2022\/06\/IMG_3009-1024x819.jpg 1024w, https:\/\/mb2812.de\/wp-content\/uploads\/2022\/06\/IMG_3009-300x240.jpg 300w, https:\/\/mb2812.de\/wp-content\/uploads\/2022\/06\/IMG_3009-768x614.jpg 768w, https:\/\/mb2812.de\/wp-content\/uploads\/2022\/06\/IMG_3009-1536x1229.jpg 1536w, https:\/\/mb2812.de\/wp-content\/uploads\/2022\/06\/IMG_3009-668x534.jpg 668w, https:\/\/mb2812.de\/wp-content\/uploads\/2022\/06\/IMG_3009.jpg 1920w\" sizes=\"auto, (max-width: 1024px) 100vw, 1024px\" \/><\/a><figcaption class=\"wp-element-caption\"><em>Die Malbergklinik ist eine 1950 gegr\u00fcndete Privatklinik, das Geb\u00e4ude stammt von 1825 und war fr\u00fcher das Hotel &#8222;Englischer Hof&#8220;<\/em><\/figcaption><\/figure>\n\n\n\n<figure class=\"wp-block-image aligncenter size-large is-resized\"><a href=\"https:\/\/mb2812.de\/wp-content\/uploads\/2022\/06\/IMG_3010-548.jpg\" target=\"_blank\" rel=\" noreferrer noopener\"><img loading=\"lazy\" decoding=\"async\" width=\"768\" height=\"1024\" src=\"https:\/\/mb2812.de\/wp-content\/uploads\/2022\/06\/IMG_3010-548-768x1024.jpg\" alt=\"\" class=\"wp-image-11734\" style=\"width:600px\" srcset=\"https:\/\/mb2812.de\/wp-content\/uploads\/2022\/06\/IMG_3010-548-768x1024.jpg 768w, https:\/\/mb2812.de\/wp-content\/uploads\/2022\/06\/IMG_3010-548-225x300.jpg 225w, https:\/\/mb2812.de\/wp-content\/uploads\/2022\/06\/IMG_3010-548-1152x1536.jpg 1152w, https:\/\/mb2812.de\/wp-content\/uploads\/2022\/06\/IMG_3010-548-668x891.jpg 668w, https:\/\/mb2812.de\/wp-content\/uploads\/2022\/06\/IMG_3010-548.jpg 1440w\" sizes=\"auto, (max-width: 768px) 100vw, 768px\" \/><\/a><figcaption class=\"wp-element-caption\"><em>Das &#8222;Haus Vier T\u00fcrme&#8220; im Kurpark, die\u00a0ehemalige Carlsburg, 1696 durch Feldmarschall Freiherr Johann Karl von Th\u00fcngen als Badehaus begonnen<\/em><\/figcaption><\/figure>\n\n\n\n<figure class=\"wp-block-image aligncenter size-large is-resized\"><a href=\"https:\/\/mb2812.de\/wp-content\/uploads\/2022\/06\/IMG_3011.jpg\" target=\"_blank\" rel=\" noreferrer noopener\"><img loading=\"lazy\" decoding=\"async\" width=\"768\" height=\"1024\" src=\"https:\/\/mb2812.de\/wp-content\/uploads\/2022\/06\/IMG_3011-768x1024.jpg\" alt=\"\" class=\"wp-image-11735\" style=\"width:600px\" srcset=\"https:\/\/mb2812.de\/wp-content\/uploads\/2022\/06\/IMG_3011-768x1024.jpg 768w, https:\/\/mb2812.de\/wp-content\/uploads\/2022\/06\/IMG_3011-225x300.jpg 225w, https:\/\/mb2812.de\/wp-content\/uploads\/2022\/06\/IMG_3011-1152x1536.jpg 1152w, https:\/\/mb2812.de\/wp-content\/uploads\/2022\/06\/IMG_3011-668x891.jpg 668w, https:\/\/mb2812.de\/wp-content\/uploads\/2022\/06\/IMG_3011.jpg 1440w\" sizes=\"auto, (max-width: 768px) 100vw, 768px\" \/><\/a><figcaption class=\"wp-element-caption\"><em>Das Kaiser Wilhelm Denkmal, 1892 erbaut, von Bildhauer Paul Otto aus Berlin<\/em><\/figcaption><\/figure>\n\n\n\n<figure class=\"wp-block-image aligncenter size-large is-resized\"><a href=\"https:\/\/mb2812.de\/wp-content\/uploads\/2022\/06\/IMG_3012.jpg\" target=\"_blank\" rel=\" noreferrer noopener\"><img loading=\"lazy\" decoding=\"async\" width=\"1024\" height=\"819\" src=\"https:\/\/mb2812.de\/wp-content\/uploads\/2022\/06\/IMG_3012-1024x819.jpg\" alt=\"\" class=\"wp-image-11736\" style=\"width:800px\" srcset=\"https:\/\/mb2812.de\/wp-content\/uploads\/2022\/06\/IMG_3012-1024x819.jpg 1024w, https:\/\/mb2812.de\/wp-content\/uploads\/2022\/06\/IMG_3012-300x240.jpg 300w, https:\/\/mb2812.de\/wp-content\/uploads\/2022\/06\/IMG_3012-768x614.jpg 768w, https:\/\/mb2812.de\/wp-content\/uploads\/2022\/06\/IMG_3012-1536x1229.jpg 1536w, https:\/\/mb2812.de\/wp-content\/uploads\/2022\/06\/IMG_3012-668x534.jpg 668w, https:\/\/mb2812.de\/wp-content\/uploads\/2022\/06\/IMG_3012.jpg 1920w\" sizes=\"auto, (max-width: 1024px) 100vw, 1024px\" \/><\/a><figcaption class=\"wp-element-caption\"><em>Kurpromenade Bad Ems, Blick zum Kursaal<\/em><\/figcaption><\/figure>\n\n\n\n<figure class=\"wp-block-image aligncenter size-large is-resized\"><a href=\"https:\/\/mb2812.de\/wp-content\/uploads\/2022\/06\/IMG_3015.jpg\" target=\"_blank\" rel=\" noreferrer noopener\"><img loading=\"lazy\" decoding=\"async\" width=\"1024\" height=\"819\" src=\"https:\/\/mb2812.de\/wp-content\/uploads\/2022\/06\/IMG_3015-1024x819.jpg\" alt=\"\" class=\"wp-image-11726\" style=\"width:800px\" srcset=\"https:\/\/mb2812.de\/wp-content\/uploads\/2022\/06\/IMG_3015-1024x819.jpg 1024w, https:\/\/mb2812.de\/wp-content\/uploads\/2022\/06\/IMG_3015-300x240.jpg 300w, https:\/\/mb2812.de\/wp-content\/uploads\/2022\/06\/IMG_3015-768x614.jpg 768w, https:\/\/mb2812.de\/wp-content\/uploads\/2022\/06\/IMG_3015-1536x1229.jpg 1536w, https:\/\/mb2812.de\/wp-content\/uploads\/2022\/06\/IMG_3015-668x534.jpg 668w, https:\/\/mb2812.de\/wp-content\/uploads\/2022\/06\/IMG_3015.jpg 1920w\" sizes=\"auto, (max-width: 1024px) 100vw, 1024px\" \/><\/a><figcaption class=\"wp-element-caption\"><em>Auf der anderen Seite der Lahn die Russische Kirche St. Alexandra und das K\u00fcnstlerhaus &#8222;Schloss Balmoral&#8220;<\/em><\/figcaption><\/figure>\n\n\n\n<figure class=\"wp-block-image aligncenter size-large is-resized\"><a href=\"https:\/\/mb2812.de\/wp-content\/uploads\/2022\/06\/IMG_3016.jpg\" target=\"_blank\" rel=\" noreferrer noopener\"><img loading=\"lazy\" decoding=\"async\" width=\"1024\" height=\"819\" src=\"https:\/\/mb2812.de\/wp-content\/uploads\/2022\/06\/IMG_3016-1024x819.jpg\" alt=\"\" class=\"wp-image-11727\" style=\"width:800px\" srcset=\"https:\/\/mb2812.de\/wp-content\/uploads\/2022\/06\/IMG_3016-1024x819.jpg 1024w, https:\/\/mb2812.de\/wp-content\/uploads\/2022\/06\/IMG_3016-300x240.jpg 300w, https:\/\/mb2812.de\/wp-content\/uploads\/2022\/06\/IMG_3016-768x614.jpg 768w, https:\/\/mb2812.de\/wp-content\/uploads\/2022\/06\/IMG_3016-1536x1229.jpg 1536w, https:\/\/mb2812.de\/wp-content\/uploads\/2022\/06\/IMG_3016-668x534.jpg 668w, https:\/\/mb2812.de\/wp-content\/uploads\/2022\/06\/IMG_3016.jpg 1920w\" sizes=\"auto, (max-width: 1024px) 100vw, 1024px\" \/><\/a><figcaption class=\"wp-element-caption\"><em>Im Kurpark, Blick zur R\u00f6merstra\u00dfe<\/em><\/figcaption><\/figure>\n\n\n\n<figure class=\"wp-block-image aligncenter size-large is-resized\"><a href=\"https:\/\/mb2812.de\/wp-content\/uploads\/2022\/06\/IMG_3019.jpg\" target=\"_blank\" rel=\" noreferrer noopener\"><img loading=\"lazy\" decoding=\"async\" width=\"1024\" height=\"819\" src=\"https:\/\/mb2812.de\/wp-content\/uploads\/2022\/06\/IMG_3019-1024x819.jpg\" alt=\"\" class=\"wp-image-11716\" style=\"width:800px\" srcset=\"https:\/\/mb2812.de\/wp-content\/uploads\/2022\/06\/IMG_3019-1024x819.jpg 1024w, https:\/\/mb2812.de\/wp-content\/uploads\/2022\/06\/IMG_3019-300x240.jpg 300w, https:\/\/mb2812.de\/wp-content\/uploads\/2022\/06\/IMG_3019-768x614.jpg 768w, https:\/\/mb2812.de\/wp-content\/uploads\/2022\/06\/IMG_3019-1536x1229.jpg 1536w, https:\/\/mb2812.de\/wp-content\/uploads\/2022\/06\/IMG_3019-668x534.jpg 668w, https:\/\/mb2812.de\/wp-content\/uploads\/2022\/06\/IMG_3019.jpg 1920w\" sizes=\"auto, (max-width: 1024px) 100vw, 1024px\" \/><\/a><figcaption class=\"wp-element-caption\"><em>Der &#8222;Russische Hof&#8220; von 1826\/27<\/em><\/figcaption><\/figure>\n\n\n\n<figure class=\"wp-block-image aligncenter size-large is-resized\"><a href=\"https:\/\/mb2812.de\/wp-content\/uploads\/2022\/06\/IMG_2464.jpg\" target=\"_blank\" rel=\" noreferrer noopener\"><img loading=\"lazy\" decoding=\"async\" width=\"1024\" height=\"819\" src=\"https:\/\/mb2812.de\/wp-content\/uploads\/2022\/06\/IMG_2464-1024x819.jpg\" alt=\"\" class=\"wp-image-11721\" style=\"width:800px\" srcset=\"https:\/\/mb2812.de\/wp-content\/uploads\/2022\/06\/IMG_2464-1024x819.jpg 1024w, https:\/\/mb2812.de\/wp-content\/uploads\/2022\/06\/IMG_2464-300x240.jpg 300w, https:\/\/mb2812.de\/wp-content\/uploads\/2022\/06\/IMG_2464-768x614.jpg 768w, https:\/\/mb2812.de\/wp-content\/uploads\/2022\/06\/IMG_2464-1536x1229.jpg 1536w, https:\/\/mb2812.de\/wp-content\/uploads\/2022\/06\/IMG_2464-668x534.jpg 668w, https:\/\/mb2812.de\/wp-content\/uploads\/2022\/06\/IMG_2464.jpg 1920w\" sizes=\"auto, (max-width: 1024px) 100vw, 1024px\" \/><\/a><figcaption class=\"wp-element-caption\"><em>Der Kursaal in Bad Ems. Hier befindet sich die Spielbank<\/em><\/figcaption><\/figure>\n\n\n\n<p>Wir erblickten das Schild \u201eKurwaldbahn\u201c, dabei handelt es sich um eine 1979 er\u00f6ffnete 220 Meter lange Standseilbahn, die auf die Bismarckh\u00f6he f\u00fchrt. B\u00e4hnchen interessieren mich immer, also entschieden wir uns f\u00fcr eine Mitfahrt. Dem stand allerdings ein Rentnerehepaar im Weg, das von den 4 angezeigten Minuten bis zur n\u00e4chsten Abfahrt ungef\u00e4hr 3:45 f\u00fcr den Erwerb seiner Fahrscheine brauchte. Wir schafften es in den verbleibenden Sekunden, h\u00e4tten uns aber nicht zu beeilen brauchen, denn trotz eines eindringlichen Pieptones brauchte das Paar wieder eine halbe Minute um zu bemerken, das die Handtasche der Dame noch in die T\u00fcr ragte, die dadurch nicht schlie\u00dfen konnte.<\/p>\n\n\n\n<p>Oben auf der Bismarckh\u00f6he fanden wir es f\u00fcr den Biergarten zu fr\u00fch und entschieden uns f\u00fcr denFu\u00dfweg bergab. Die erwartete Aussicht auf den Ort war zumeist durch B\u00e4ume verdeckte.<\/p>\n\n\n\n<figure class=\"wp-block-image aligncenter size-large is-resized\"><a href=\"https:\/\/mb2812.de\/wp-content\/uploads\/2022\/06\/IMG_2475.jpg\" target=\"_blank\" rel=\" noreferrer noopener\"><img loading=\"lazy\" decoding=\"async\" width=\"768\" height=\"1024\" src=\"https:\/\/mb2812.de\/wp-content\/uploads\/2022\/06\/IMG_2475-768x1024.jpg\" alt=\"\" class=\"wp-image-11730\" style=\"width:600px\" srcset=\"https:\/\/mb2812.de\/wp-content\/uploads\/2022\/06\/IMG_2475-768x1024.jpg 768w, https:\/\/mb2812.de\/wp-content\/uploads\/2022\/06\/IMG_2475-225x300.jpg 225w, https:\/\/mb2812.de\/wp-content\/uploads\/2022\/06\/IMG_2475-1152x1536.jpg 1152w, https:\/\/mb2812.de\/wp-content\/uploads\/2022\/06\/IMG_2475-668x891.jpg 668w, https:\/\/mb2812.de\/wp-content\/uploads\/2022\/06\/IMG_2475.jpg 1440w\" sizes=\"auto, (max-width: 768px) 100vw, 768px\" \/><\/a><figcaption class=\"wp-element-caption\"><em>Auf der Bismarckh\u00f6he, der Bewuchs verhindert eine gute Sicht auf den Ort<\/em><\/figcaption><\/figure>\n\n\n\n<figure class=\"wp-block-image aligncenter size-large is-resized\"><a href=\"https:\/\/mb2812.de\/wp-content\/uploads\/2022\/06\/IMG_2483.jpg\" target=\"_blank\" rel=\" noreferrer noopener\"><img loading=\"lazy\" decoding=\"async\" width=\"1024\" height=\"819\" src=\"https:\/\/mb2812.de\/wp-content\/uploads\/2022\/06\/IMG_2483-1024x819.jpg\" alt=\"\" class=\"wp-image-11744\" style=\"width:800px\" srcset=\"https:\/\/mb2812.de\/wp-content\/uploads\/2022\/06\/IMG_2483-1024x819.jpg 1024w, https:\/\/mb2812.de\/wp-content\/uploads\/2022\/06\/IMG_2483-300x240.jpg 300w, https:\/\/mb2812.de\/wp-content\/uploads\/2022\/06\/IMG_2483-768x614.jpg 768w, https:\/\/mb2812.de\/wp-content\/uploads\/2022\/06\/IMG_2483-1536x1229.jpg 1536w, https:\/\/mb2812.de\/wp-content\/uploads\/2022\/06\/IMG_2483-668x534.jpg 668w, https:\/\/mb2812.de\/wp-content\/uploads\/2022\/06\/IMG_2483.jpg 1920w\" sizes=\"auto, (max-width: 1024px) 100vw, 1024px\" \/><\/a><figcaption class=\"wp-element-caption\"><em>Bad Ems, der Bahnhof ist unten links, das Kurviertel befindet sich direkt unter uns und ist nicht sichtbar<\/em><\/figcaption><\/figure>\n\n\n\n<figure class=\"wp-block-image aligncenter size-large is-resized\"><a href=\"https:\/\/mb2812.de\/wp-content\/uploads\/2022\/06\/IMG_2487.jpg\" target=\"_blank\" rel=\" noreferrer noopener\"><img loading=\"lazy\" decoding=\"async\" width=\"768\" height=\"1024\" src=\"https:\/\/mb2812.de\/wp-content\/uploads\/2022\/06\/IMG_2487-768x1024.jpg\" alt=\"\" class=\"wp-image-11731\" style=\"width:600px\" srcset=\"https:\/\/mb2812.de\/wp-content\/uploads\/2022\/06\/IMG_2487-768x1024.jpg 768w, https:\/\/mb2812.de\/wp-content\/uploads\/2022\/06\/IMG_2487-225x300.jpg 225w, https:\/\/mb2812.de\/wp-content\/uploads\/2022\/06\/IMG_2487-1152x1536.jpg 1152w, https:\/\/mb2812.de\/wp-content\/uploads\/2022\/06\/IMG_2487-668x891.jpg 668w, https:\/\/mb2812.de\/wp-content\/uploads\/2022\/06\/IMG_2487.jpg 1440w\" sizes=\"auto, (max-width: 768px) 100vw, 768px\" \/><\/a><figcaption class=\"wp-element-caption\"><em>Der Weg abw\u00e4rts<\/em><\/figcaption><\/figure>\n\n\n\n<p>Als Attraktion fand sich auf den Karten der Limes. Dieser Grenzwall am Nordrand des r\u00f6mischen Reiches zog sich ja auch durch diese Gegend. Ein paar Meter davon hat man nachgebaurt.<\/p>\n\n\n\n<figure class=\"wp-block-image aligncenter size-large is-resized\"><a href=\"https:\/\/mb2812.de\/wp-content\/uploads\/2022\/06\/IMG_3022.jpg\" target=\"_blank\" rel=\" noreferrer noopener\"><img loading=\"lazy\" decoding=\"async\" width=\"1024\" height=\"819\" src=\"https:\/\/mb2812.de\/wp-content\/uploads\/2022\/06\/IMG_3022-1024x819.jpg\" alt=\"\" class=\"wp-image-11777\" style=\"width:800px\" srcset=\"https:\/\/mb2812.de\/wp-content\/uploads\/2022\/06\/IMG_3022-1024x819.jpg 1024w, https:\/\/mb2812.de\/wp-content\/uploads\/2022\/06\/IMG_3022-300x240.jpg 300w, https:\/\/mb2812.de\/wp-content\/uploads\/2022\/06\/IMG_3022-768x614.jpg 768w, https:\/\/mb2812.de\/wp-content\/uploads\/2022\/06\/IMG_3022-1536x1229.jpg 1536w, https:\/\/mb2812.de\/wp-content\/uploads\/2022\/06\/IMG_3022-668x534.jpg 668w, https:\/\/mb2812.de\/wp-content\/uploads\/2022\/06\/IMG_3022.jpg 1920w\" sizes=\"auto, (max-width: 1024px) 100vw, 1024px\" \/><\/a><figcaption class=\"wp-element-caption\"><em>Nachgebauter Abschnitt der Limespalisade<\/em><\/figcaption><\/figure>\n\n\n\n<figure class=\"wp-block-image aligncenter size-large is-resized\"><a href=\"https:\/\/mb2812.de\/wp-content\/uploads\/2022\/06\/IMG_3024.jpg\" target=\"_blank\" rel=\" noreferrer noopener\"><img loading=\"lazy\" decoding=\"async\" width=\"1024\" height=\"819\" src=\"https:\/\/mb2812.de\/wp-content\/uploads\/2022\/06\/IMG_3024-1024x819.jpg\" alt=\"\" class=\"wp-image-11745\" style=\"width:800px\" srcset=\"https:\/\/mb2812.de\/wp-content\/uploads\/2022\/06\/IMG_3024-1024x819.jpg 1024w, https:\/\/mb2812.de\/wp-content\/uploads\/2022\/06\/IMG_3024-300x240.jpg 300w, https:\/\/mb2812.de\/wp-content\/uploads\/2022\/06\/IMG_3024-768x614.jpg 768w, https:\/\/mb2812.de\/wp-content\/uploads\/2022\/06\/IMG_3024-1536x1229.jpg 1536w, https:\/\/mb2812.de\/wp-content\/uploads\/2022\/06\/IMG_3024-668x534.jpg 668w, https:\/\/mb2812.de\/wp-content\/uploads\/2022\/06\/IMG_3024.jpg 1920w\" sizes=\"auto, (max-width: 1024px) 100vw, 1024px\" \/><\/a><figcaption class=\"wp-element-caption\"><em>Ansicht von unten. F\u00fcr diese paar Pfl\u00f6cke brauchte man das Holz von 20 Eichenst\u00e4mmen<\/em><\/figcaption><\/figure>\n\n\n\n<figure class=\"wp-block-image aligncenter size-large is-resized\"><a href=\"https:\/\/mb2812.de\/wp-content\/uploads\/2022\/06\/IMG_3026.jpg\" target=\"_blank\" rel=\" noreferrer noopener\"><img loading=\"lazy\" decoding=\"async\" width=\"1024\" height=\"819\" src=\"https:\/\/mb2812.de\/wp-content\/uploads\/2022\/06\/IMG_3026-1024x819.jpg\" alt=\"\" class=\"wp-image-11737\" style=\"width:800px\" srcset=\"https:\/\/mb2812.de\/wp-content\/uploads\/2022\/06\/IMG_3026-1024x819.jpg 1024w, https:\/\/mb2812.de\/wp-content\/uploads\/2022\/06\/IMG_3026-300x240.jpg 300w, https:\/\/mb2812.de\/wp-content\/uploads\/2022\/06\/IMG_3026-768x614.jpg 768w, https:\/\/mb2812.de\/wp-content\/uploads\/2022\/06\/IMG_3026-1536x1229.jpg 1536w, https:\/\/mb2812.de\/wp-content\/uploads\/2022\/06\/IMG_3026-668x534.jpg 668w, https:\/\/mb2812.de\/wp-content\/uploads\/2022\/06\/IMG_3026.jpg 1920w\" sizes=\"auto, (max-width: 1024px) 100vw, 1024px\" \/><\/a><figcaption class=\"wp-element-caption\"><em>Zur\u00fcck in den Ort entlang der Stra\u00dfe Pfahlgraben<\/em><\/figcaption><\/figure>\n\n\n\n<p>Ganz grob gesehen umfasste mein Plan auch &#8222;Bergsteigen&#8220;, und zwar zu den Heinzelmannsh\u00f6hlen Richtung Concordiaturm, da soll die Aussicht auf das historische Kurviertel sehr gut sein. Aber \u201eoben\u201c waren wir dank der Kurwaldbahn ja schon gewesen, und die nach dem gestrigen Regen feuchtwarme Waschk\u00fcchenathmosph\u00e4re im Wald war jetzt nicht sehr angenehm. Wir verzichteten daher darauf und schlugen, unten angekommen, langsam den R\u00fcckweg zum Parkplatz ein.<\/p>\n\n\n\n<p>Wir befanden wir uns jetzt direkt an den Prachtbauten des Kurviertels, d.h. Kurhaus und Kursaal. Als Erstes trafen wir jedoch auf eine der Quellen, den Robert-Kampe-Sprudel, mit 57 Grad eine der heissesten Quellen in Deutschland:<\/p>\n\n\n\n<figure class=\"wp-block-image aligncenter size-large is-resized\"><a href=\"https:\/\/mb2812.de\/wp-content\/uploads\/2022\/06\/IMG_3028.jpg\" target=\"_blank\" rel=\" noreferrer noopener\"><img loading=\"lazy\" decoding=\"async\" width=\"768\" height=\"1024\" src=\"https:\/\/mb2812.de\/wp-content\/uploads\/2022\/06\/IMG_3028-768x1024.jpg\" alt=\"\" class=\"wp-image-11738\" style=\"width:600px\" srcset=\"https:\/\/mb2812.de\/wp-content\/uploads\/2022\/06\/IMG_3028-768x1024.jpg 768w, https:\/\/mb2812.de\/wp-content\/uploads\/2022\/06\/IMG_3028-225x300.jpg 225w, https:\/\/mb2812.de\/wp-content\/uploads\/2022\/06\/IMG_3028-1152x1536.jpg 1152w, https:\/\/mb2812.de\/wp-content\/uploads\/2022\/06\/IMG_3028-668x891.jpg 668w, https:\/\/mb2812.de\/wp-content\/uploads\/2022\/06\/IMG_3028.jpg 1440w\" sizes=\"auto, (max-width: 768px) 100vw, 768px\" \/><\/a><\/figure>\n\n\n\n<div style=\"height:15px\" aria-hidden=\"true\" class=\"wp-block-spacer\"><\/div>\n\n\n\n<p>Danach schlenderten wir \u00fcber die B\u00e4derleibr\u00fccke und drehten eine Runde am Bahnhof vorbei, bevor wir auf der S\u00fcdseite der Lahn weiter nach Westen gingen. Von der Br\u00fccke und dem s\u00fcdlichen Ufer hat man jetzt den besten Blick aufs Kurviertel.<\/p>\n\n\n\n<p>Das Kurhaus (auf den folgenden Fotos rechts) und der Kursaal (links) bilden das Zentrum des Kurviertels. Das Kurhaus von Bad Ems wurde im Jahr 1715 als Nassauer Badehaus errichtet und im 19. und 20. Jahrhundert restauriert und erweitert. Der Kursaal &nbsp;wurde von&nbsp;1835 bis 1849 nach Entw\u00fcrfen von Johann Gottfried Gutensohn&nbsp;erbaut. 1912\/13 wurde die Gesamtanlage grunderneuert und im Stil des Neubarock stark erweitert.<\/p>\n\n\n\n<figure class=\"wp-block-image aligncenter size-large is-resized\"><a href=\"https:\/\/mb2812.de\/wp-content\/uploads\/2022\/06\/IMG_3034.jpg\" target=\"_blank\" rel=\" noreferrer noopener\"><img loading=\"lazy\" decoding=\"async\" width=\"1024\" height=\"791\" src=\"https:\/\/mb2812.de\/wp-content\/uploads\/2022\/06\/IMG_3034-1024x791.jpg\" alt=\"\" class=\"wp-image-11739\" style=\"width:800px\" srcset=\"https:\/\/mb2812.de\/wp-content\/uploads\/2022\/06\/IMG_3034-1024x791.jpg 1024w, https:\/\/mb2812.de\/wp-content\/uploads\/2022\/06\/IMG_3034-300x232.jpg 300w, https:\/\/mb2812.de\/wp-content\/uploads\/2022\/06\/IMG_3034-768x594.jpg 768w, https:\/\/mb2812.de\/wp-content\/uploads\/2022\/06\/IMG_3034-1536x1187.jpg 1536w, https:\/\/mb2812.de\/wp-content\/uploads\/2022\/06\/IMG_3034-668x516.jpg 668w, https:\/\/mb2812.de\/wp-content\/uploads\/2022\/06\/IMG_3034.jpg 1920w\" sizes=\"auto, (max-width: 1024px) 100vw, 1024px\" \/><\/a><\/figure>\n\n\n\n<div style=\"height:15px\" aria-hidden=\"true\" class=\"wp-block-spacer\"><\/div>\n\n\n\n<figure class=\"wp-block-image aligncenter size-large is-resized\"><a href=\"https:\/\/mb2812.de\/wp-content\/uploads\/2022\/06\/IMG_3038.jpg\" target=\"_blank\" rel=\" noreferrer noopener\"><img loading=\"lazy\" decoding=\"async\" width=\"1024\" height=\"819\" src=\"https:\/\/mb2812.de\/wp-content\/uploads\/2022\/06\/IMG_3038-1024x819.jpg\" alt=\"\" class=\"wp-image-11717\" style=\"width:800px\" srcset=\"https:\/\/mb2812.de\/wp-content\/uploads\/2022\/06\/IMG_3038-1024x819.jpg 1024w, https:\/\/mb2812.de\/wp-content\/uploads\/2022\/06\/IMG_3038-300x240.jpg 300w, https:\/\/mb2812.de\/wp-content\/uploads\/2022\/06\/IMG_3038-768x614.jpg 768w, https:\/\/mb2812.de\/wp-content\/uploads\/2022\/06\/IMG_3038-1536x1229.jpg 1536w, https:\/\/mb2812.de\/wp-content\/uploads\/2022\/06\/IMG_3038-668x534.jpg 668w, https:\/\/mb2812.de\/wp-content\/uploads\/2022\/06\/IMG_3038.jpg 1920w\" sizes=\"auto, (max-width: 1024px) 100vw, 1024px\" \/><\/a><\/figure>\n\n\n\n<div style=\"height:15px\" aria-hidden=\"true\" class=\"wp-block-spacer\"><\/div>\n\n\n\n<p>\u00dcber die Kurbr\u00fccke ging es wieder auf die Nordseite und dann durch den Kurpark zum Parkplatz:<\/p>\n\n\n\n<figure class=\"wp-block-image aligncenter size-large is-resized\"><a href=\"https:\/\/mb2812.de\/wp-content\/uploads\/2022\/06\/IMG_3043.jpg\" target=\"_blank\" rel=\" noreferrer noopener\"><img loading=\"lazy\" decoding=\"async\" width=\"768\" height=\"1024\" src=\"https:\/\/mb2812.de\/wp-content\/uploads\/2022\/06\/IMG_3043-768x1024.jpg\" alt=\"\" class=\"wp-image-11712\" style=\"width:600px\" srcset=\"https:\/\/mb2812.de\/wp-content\/uploads\/2022\/06\/IMG_3043-768x1024.jpg 768w, https:\/\/mb2812.de\/wp-content\/uploads\/2022\/06\/IMG_3043-225x300.jpg 225w, https:\/\/mb2812.de\/wp-content\/uploads\/2022\/06\/IMG_3043-1152x1536.jpg 1152w, https:\/\/mb2812.de\/wp-content\/uploads\/2022\/06\/IMG_3043-668x891.jpg 668w, https:\/\/mb2812.de\/wp-content\/uploads\/2022\/06\/IMG_3043.jpg 1440w\" sizes=\"auto, (max-width: 768px) 100vw, 768px\" \/><\/a><figcaption class=\"wp-element-caption\"><em>Die Kurbr\u00fccke, auf der anderen Seite der \u00a0Lahn H\u00e4ckers Grand Hotel im Kurhaus<\/em><\/figcaption><\/figure>\n\n\n\n<figure class=\"wp-block-image aligncenter size-large is-resized\"><a href=\"https:\/\/mb2812.de\/wp-content\/uploads\/2022\/06\/IMG_3049.jpg\" target=\"_blank\" rel=\" noreferrer noopener\"><img loading=\"lazy\" decoding=\"async\" width=\"768\" height=\"1024\" src=\"https:\/\/mb2812.de\/wp-content\/uploads\/2022\/06\/IMG_3049-768x1024.jpg\" alt=\"\" class=\"wp-image-11718\" style=\"width:600px\" srcset=\"https:\/\/mb2812.de\/wp-content\/uploads\/2022\/06\/IMG_3049-768x1024.jpg 768w, https:\/\/mb2812.de\/wp-content\/uploads\/2022\/06\/IMG_3049-225x300.jpg 225w, https:\/\/mb2812.de\/wp-content\/uploads\/2022\/06\/IMG_3049-1152x1536.jpg 1152w, https:\/\/mb2812.de\/wp-content\/uploads\/2022\/06\/IMG_3049-668x891.jpg 668w, https:\/\/mb2812.de\/wp-content\/uploads\/2022\/06\/IMG_3049.jpg 1440w\" sizes=\"auto, (max-width: 768px) 100vw, 768px\" \/><\/a><figcaption class=\"wp-element-caption\"><em>Der Blick \u00fcber die Lahn geht jetzt nach S\u00fcden, dort sehen wir den Quellenturm, 1907\/08 \u00fcber der Neuquelle errichtet<\/em><\/figcaption><\/figure>\n\n\n\n<figure class=\"wp-block-image aligncenter size-large is-resized\"><a href=\"https:\/\/mb2812.de\/wp-content\/uploads\/2022\/06\/IMG_3050.jpg\" target=\"_blank\" rel=\" noreferrer noopener\"><img loading=\"lazy\" decoding=\"async\" width=\"768\" height=\"1024\" src=\"https:\/\/mb2812.de\/wp-content\/uploads\/2022\/06\/IMG_3050-768x1024.jpg\" alt=\"\" class=\"wp-image-11740\" style=\"width:600px\" srcset=\"https:\/\/mb2812.de\/wp-content\/uploads\/2022\/06\/IMG_3050-768x1024.jpg 768w, https:\/\/mb2812.de\/wp-content\/uploads\/2022\/06\/IMG_3050-225x300.jpg 225w, https:\/\/mb2812.de\/wp-content\/uploads\/2022\/06\/IMG_3050-1152x1536.jpg 1152w, https:\/\/mb2812.de\/wp-content\/uploads\/2022\/06\/IMG_3050-668x891.jpg 668w, https:\/\/mb2812.de\/wp-content\/uploads\/2022\/06\/IMG_3050.jpg 1440w\" sizes=\"auto, (max-width: 768px) 100vw, 768px\" \/><\/a><figcaption class=\"wp-element-caption\"><em>Im Kurpark<\/em><\/figcaption><\/figure>\n\n\n\n<figure class=\"wp-block-image aligncenter size-large is-resized\"><a href=\"https:\/\/mb2812.de\/wp-content\/uploads\/2022\/06\/IMG_3051.jpg\" target=\"_blank\" rel=\" noreferrer noopener\"><img loading=\"lazy\" decoding=\"async\" width=\"768\" height=\"1024\" src=\"https:\/\/mb2812.de\/wp-content\/uploads\/2022\/06\/IMG_3051-768x1024.jpg\" alt=\"\" class=\"wp-image-11741\" style=\"width:600px\" srcset=\"https:\/\/mb2812.de\/wp-content\/uploads\/2022\/06\/IMG_3051-768x1024.jpg 768w, https:\/\/mb2812.de\/wp-content\/uploads\/2022\/06\/IMG_3051-225x300.jpg 225w, https:\/\/mb2812.de\/wp-content\/uploads\/2022\/06\/IMG_3051-1152x1536.jpg 1152w, https:\/\/mb2812.de\/wp-content\/uploads\/2022\/06\/IMG_3051-668x891.jpg 668w, https:\/\/mb2812.de\/wp-content\/uploads\/2022\/06\/IMG_3051.jpg 1440w\" sizes=\"auto, (max-width: 768px) 100vw, 768px\" \/><\/a><figcaption class=\"wp-element-caption\"><em>Nochmal das &#8222;Haus Vier T\u00fcrme&#8220;<\/em><\/figcaption><\/figure>\n\n\n\n<p>Wir wollten noch eine Pause machen und ein Eis essen, aber im ausgesuchten Caf\u00e9 waren alle Sitzpl\u00e4tze im Au\u00dfenbereich besetzt, so sind wir direkt zum Auto zur\u00fcck und gleich abgehauen. Insgesamt hat dieser kleine Rundgang gerade mal 2 Stunden gedauert.<\/p>\n\n\n\n<p>Die paar Holzpf\u00e4hle des Limesnachbau hatten mein Interesse geweckt, also suchte ich bei Google nach weiteren Zeugen der r\u00f6mischen Vergangenheit in der N\u00e4he und wurde in Arzbach, wenige Kilometer entfernt, f\u00fcndig. Dort gibt es einen nachgebauten R\u00f6merturm, und dahin sind wir dann aufgebrochen. Die Fahrt endet an einem Parkplatz und dann sind es noch knapp 1 km Fu\u00dfmarsch und ca. 80 H\u00f6henmeter bis zum Turm.<\/p>\n\n\n\n<figure class=\"wp-block-image aligncenter size-large is-resized\"><a href=\"https:\/\/mb2812.de\/wp-content\/uploads\/2022\/06\/IMG_2576-549.jpg\" target=\"_blank\" rel=\" noreferrer noopener\"><img loading=\"lazy\" decoding=\"async\" width=\"1024\" height=\"819\" src=\"https:\/\/mb2812.de\/wp-content\/uploads\/2022\/06\/IMG_2576-549-1024x819.jpg\" alt=\"\" class=\"wp-image-11713\" style=\"width:800px\" srcset=\"https:\/\/mb2812.de\/wp-content\/uploads\/2022\/06\/IMG_2576-549-1024x819.jpg 1024w, https:\/\/mb2812.de\/wp-content\/uploads\/2022\/06\/IMG_2576-549-300x240.jpg 300w, https:\/\/mb2812.de\/wp-content\/uploads\/2022\/06\/IMG_2576-549-768x614.jpg 768w, https:\/\/mb2812.de\/wp-content\/uploads\/2022\/06\/IMG_2576-549-1536x1229.jpg 1536w, https:\/\/mb2812.de\/wp-content\/uploads\/2022\/06\/IMG_2576-549-668x534.jpg 668w, https:\/\/mb2812.de\/wp-content\/uploads\/2022\/06\/IMG_2576-549.jpg 1920w\" sizes=\"auto, (max-width: 1024px) 100vw, 1024px\" \/><\/a><figcaption class=\"wp-element-caption\"><em>Aufstieg zum R\u00f6merturm bei Arzbach<\/em><\/figcaption><\/figure>\n\n\n\n<figure class=\"wp-block-image aligncenter size-large is-resized\"><a href=\"https:\/\/mb2812.de\/wp-content\/uploads\/2022\/06\/IMG_2578.jpg\" target=\"_blank\" rel=\" noreferrer noopener\"><img loading=\"lazy\" decoding=\"async\" width=\"768\" height=\"1024\" src=\"https:\/\/mb2812.de\/wp-content\/uploads\/2022\/06\/IMG_2578-768x1024.jpg\" alt=\"\" class=\"wp-image-11722\" style=\"width:600px\" srcset=\"https:\/\/mb2812.de\/wp-content\/uploads\/2022\/06\/IMG_2578-768x1024.jpg 768w, https:\/\/mb2812.de\/wp-content\/uploads\/2022\/06\/IMG_2578-225x300.jpg 225w, https:\/\/mb2812.de\/wp-content\/uploads\/2022\/06\/IMG_2578-1152x1536.jpg 1152w, https:\/\/mb2812.de\/wp-content\/uploads\/2022\/06\/IMG_2578-668x891.jpg 668w, https:\/\/mb2812.de\/wp-content\/uploads\/2022\/06\/IMG_2578.jpg 1440w\" sizes=\"auto, (max-width: 768px) 100vw, 768px\" \/><\/a><figcaption class=\"wp-element-caption\"><em>Der &#8222;Stephansturm&#8220;, wie man den Nachbau von 1952\/53 auf den Fundamenten des r\u00f6mischen Wachtturm 1\/74 nennt. Er steht auf dem &#8222;Gro\u00dfen Kopf\u201c in 423 Meter H\u00f6he.<\/em><\/figcaption><\/figure>\n\n\n\n<figure class=\"wp-block-image aligncenter size-large is-resized\"><a href=\"https:\/\/mb2812.de\/wp-content\/uploads\/2022\/06\/IMG_3064.jpg\" target=\"_blank\" rel=\" noreferrer noopener\"><img loading=\"lazy\" decoding=\"async\" width=\"768\" height=\"1024\" src=\"https:\/\/mb2812.de\/wp-content\/uploads\/2022\/06\/IMG_3064-768x1024.jpg\" alt=\"\" class=\"wp-image-11746\" style=\"width:600px\" srcset=\"https:\/\/mb2812.de\/wp-content\/uploads\/2022\/06\/IMG_3064-768x1024.jpg 768w, https:\/\/mb2812.de\/wp-content\/uploads\/2022\/06\/IMG_3064-225x300.jpg 225w, https:\/\/mb2812.de\/wp-content\/uploads\/2022\/06\/IMG_3064-1152x1536.jpg 1152w, https:\/\/mb2812.de\/wp-content\/uploads\/2022\/06\/IMG_3064-668x891.jpg 668w, https:\/\/mb2812.de\/wp-content\/uploads\/2022\/06\/IMG_3064.jpg 1440w\" sizes=\"auto, (max-width: 768px) 100vw, 768px\" \/><\/a><figcaption class=\"wp-element-caption\"><em>Stephan auf dem Turm<\/em><\/figcaption><\/figure>\n\n\n\n<figure class=\"wp-block-image aligncenter size-large is-resized\"><a href=\"https:\/\/mb2812.de\/wp-content\/uploads\/2022\/06\/IMG_2590.jpg\" target=\"_blank\" rel=\" noreferrer noopener\"><img loading=\"lazy\" decoding=\"async\" width=\"1024\" height=\"819\" src=\"https:\/\/mb2812.de\/wp-content\/uploads\/2022\/06\/IMG_2590-1024x819.jpg\" alt=\"\" class=\"wp-image-11723\" style=\"width:800px\" srcset=\"https:\/\/mb2812.de\/wp-content\/uploads\/2022\/06\/IMG_2590-1024x819.jpg 1024w, https:\/\/mb2812.de\/wp-content\/uploads\/2022\/06\/IMG_2590-300x240.jpg 300w, https:\/\/mb2812.de\/wp-content\/uploads\/2022\/06\/IMG_2590-768x614.jpg 768w, https:\/\/mb2812.de\/wp-content\/uploads\/2022\/06\/IMG_2590-1536x1229.jpg 1536w, https:\/\/mb2812.de\/wp-content\/uploads\/2022\/06\/IMG_2590-668x534.jpg 668w, https:\/\/mb2812.de\/wp-content\/uploads\/2022\/06\/IMG_2590.jpg 1920w\" sizes=\"auto, (max-width: 1024px) 100vw, 1024px\" \/><\/a><figcaption class=\"wp-element-caption\">Wir machen Pause &#8230;<\/figcaption><\/figure>\n\n\n\n<figure class=\"wp-block-image aligncenter size-large is-resized\"><a href=\"https:\/\/mb2812.de\/wp-content\/uploads\/2022\/06\/IMG_2593.jpg\" target=\"_blank\" rel=\" noreferrer noopener\"><img loading=\"lazy\" decoding=\"async\" width=\"1024\" height=\"819\" src=\"https:\/\/mb2812.de\/wp-content\/uploads\/2022\/06\/IMG_2593-1024x819.jpg\" alt=\"\" class=\"wp-image-11732\" style=\"width:800px\" srcset=\"https:\/\/mb2812.de\/wp-content\/uploads\/2022\/06\/IMG_2593-1024x819.jpg 1024w, https:\/\/mb2812.de\/wp-content\/uploads\/2022\/06\/IMG_2593-300x240.jpg 300w, https:\/\/mb2812.de\/wp-content\/uploads\/2022\/06\/IMG_2593-768x614.jpg 768w, https:\/\/mb2812.de\/wp-content\/uploads\/2022\/06\/IMG_2593-1536x1229.jpg 1536w, https:\/\/mb2812.de\/wp-content\/uploads\/2022\/06\/IMG_2593-668x534.jpg 668w, https:\/\/mb2812.de\/wp-content\/uploads\/2022\/06\/IMG_2593.jpg 1920w\" sizes=\"auto, (max-width: 1024px) 100vw, 1024px\" \/><\/a><figcaption class=\"wp-element-caption\"><em>\u2026 und genie\u00dfen die Aussicht<\/em><\/figcaption><\/figure>\n\n\n\n<figure class=\"wp-block-image aligncenter size-large is-resized\"><a href=\"https:\/\/mb2812.de\/wp-content\/uploads\/2022\/06\/IMG_3066.jpg\" target=\"_blank\" rel=\" noreferrer noopener\"><img loading=\"lazy\" decoding=\"async\" width=\"1024\" height=\"819\" src=\"https:\/\/mb2812.de\/wp-content\/uploads\/2022\/06\/IMG_3066-1024x819.jpg\" alt=\"\" class=\"wp-image-11742\" style=\"width:800px\" srcset=\"https:\/\/mb2812.de\/wp-content\/uploads\/2022\/06\/IMG_3066-1024x819.jpg 1024w, https:\/\/mb2812.de\/wp-content\/uploads\/2022\/06\/IMG_3066-300x240.jpg 300w, https:\/\/mb2812.de\/wp-content\/uploads\/2022\/06\/IMG_3066-768x614.jpg 768w, https:\/\/mb2812.de\/wp-content\/uploads\/2022\/06\/IMG_3066-1536x1229.jpg 1536w, https:\/\/mb2812.de\/wp-content\/uploads\/2022\/06\/IMG_3066-668x534.jpg 668w, https:\/\/mb2812.de\/wp-content\/uploads\/2022\/06\/IMG_3066.jpg 1920w\" sizes=\"auto, (max-width: 1024px) 100vw, 1024px\" \/><\/a><figcaption class=\"wp-element-caption\"><em>Der Turm aus der Ferne von der Stra\u00dfe nach Arzbach aus<\/em><\/figcaption><\/figure>\n\n\n\n<p>Jetzt geht es zur\u00fcck zum Hotel und den Nachmittag verbringen wir wieder im Wellnessbereich des Hotels.<\/p>\n\n\n\n<p>F\u00fcrs Abendessen entscheiden wir uns, nach den guten Erfahrungen gestern Abend, in einem der \u201eD\u00f6rfer\u201c moselaufw\u00e4rts Essen zu gehen und kommen etwas weiter wie Gestern, n\u00e4mlich bis Winningen, dem ersten Ort hinter der Stadtgrenze.<\/p>\n\n\n\n<p>In der Gutssch\u00e4<span style=\"-webkit-tap-highlight-color: rgba(0, 0, 0, 0);\">nke Schaaf haben wir recht gut gegessen, auch die Weine aus Winningen scheinen recht gut zu sein.<\/span><\/p>\n\n\n\n<figure class=\"wp-block-image aligncenter size-large is-resized\"><a href=\"https:\/\/mb2812.de\/wp-content\/uploads\/2022\/06\/IMG_3072-551.jpg\" target=\"_blank\" rel=\" noreferrer noopener\"><img loading=\"lazy\" decoding=\"async\" width=\"1024\" height=\"819\" src=\"https:\/\/mb2812.de\/wp-content\/uploads\/2022\/06\/IMG_3072-551-1024x819.jpg\" alt=\"\" class=\"wp-image-11720\" style=\"width:800px\" srcset=\"https:\/\/mb2812.de\/wp-content\/uploads\/2022\/06\/IMG_3072-551-1024x819.jpg 1024w, https:\/\/mb2812.de\/wp-content\/uploads\/2022\/06\/IMG_3072-551-300x240.jpg 300w, https:\/\/mb2812.de\/wp-content\/uploads\/2022\/06\/IMG_3072-551-768x614.jpg 768w, https:\/\/mb2812.de\/wp-content\/uploads\/2022\/06\/IMG_3072-551-1536x1229.jpg 1536w, https:\/\/mb2812.de\/wp-content\/uploads\/2022\/06\/IMG_3072-551-668x534.jpg 668w, https:\/\/mb2812.de\/wp-content\/uploads\/2022\/06\/IMG_3072-551.jpg 1920w\" sizes=\"auto, (max-width: 1024px) 100vw, 1024px\" \/><\/a><figcaption class=\"wp-element-caption\"><em>Eingang zur Gutssch\u00e4nke Schaaf<\/em><\/figcaption><\/figure>\n\n\n\n<figure class=\"wp-block-image aligncenter size-large is-resized\"><a href=\"https:\/\/mb2812.de\/wp-content\/uploads\/2022\/06\/IMG_3069-550.jpg\" target=\"_blank\" rel=\" noreferrer noopener\"><img loading=\"lazy\" decoding=\"async\" width=\"1024\" height=\"819\" src=\"https:\/\/mb2812.de\/wp-content\/uploads\/2022\/06\/IMG_3069-550-1024x819.jpg\" alt=\"\" class=\"wp-image-11719\" style=\"width:800px\" srcset=\"https:\/\/mb2812.de\/wp-content\/uploads\/2022\/06\/IMG_3069-550-1024x819.jpg 1024w, https:\/\/mb2812.de\/wp-content\/uploads\/2022\/06\/IMG_3069-550-300x240.jpg 300w, https:\/\/mb2812.de\/wp-content\/uploads\/2022\/06\/IMG_3069-550-768x614.jpg 768w, https:\/\/mb2812.de\/wp-content\/uploads\/2022\/06\/IMG_3069-550-1536x1229.jpg 1536w, https:\/\/mb2812.de\/wp-content\/uploads\/2022\/06\/IMG_3069-550-668x534.jpg 668w, https:\/\/mb2812.de\/wp-content\/uploads\/2022\/06\/IMG_3069-550.jpg 1920w\" sizes=\"auto, (max-width: 1024px) 100vw, 1024px\" \/><\/a><figcaption class=\"wp-element-caption\"><em>Da sitzen wir im Hof<\/em><\/figcaption><\/figure>\n\n\n\n<figure class=\"wp-block-image aligncenter size-large is-resized\"><a href=\"https:\/\/mb2812.de\/wp-content\/uploads\/2022\/06\/IMG_3071.jpg\" target=\"_blank\" rel=\" noreferrer noopener\"><img loading=\"lazy\" decoding=\"async\" width=\"1024\" height=\"819\" src=\"https:\/\/mb2812.de\/wp-content\/uploads\/2022\/06\/IMG_3071-1024x819.jpg\" alt=\"\" class=\"wp-image-11728\" style=\"width:800px\" srcset=\"https:\/\/mb2812.de\/wp-content\/uploads\/2022\/06\/IMG_3071-1024x819.jpg 1024w, https:\/\/mb2812.de\/wp-content\/uploads\/2022\/06\/IMG_3071-300x240.jpg 300w, https:\/\/mb2812.de\/wp-content\/uploads\/2022\/06\/IMG_3071-768x614.jpg 768w, https:\/\/mb2812.de\/wp-content\/uploads\/2022\/06\/IMG_3071-1536x1229.jpg 1536w, https:\/\/mb2812.de\/wp-content\/uploads\/2022\/06\/IMG_3071-668x534.jpg 668w, https:\/\/mb2812.de\/wp-content\/uploads\/2022\/06\/IMG_3071.jpg 1920w\" sizes=\"auto, (max-width: 1024px) 100vw, 1024px\" \/><\/a><figcaption class=\"wp-element-caption\"><em>Als Vorspeise Schmalzbrot<\/em><\/figcaption><\/figure>\n\n\n\n<figure class=\"wp-block-image aligncenter size-large is-resized\"><a href=\"https:\/\/mb2812.de\/wp-content\/uploads\/2022\/06\/IMG_2676-553.jpg\" target=\"_blank\" rel=\" noreferrer noopener\"><img loading=\"lazy\" decoding=\"async\" width=\"768\" height=\"1024\" src=\"https:\/\/mb2812.de\/wp-content\/uploads\/2022\/06\/IMG_2676-553-768x1024.jpg\" alt=\"\" class=\"wp-image-11711\" style=\"width:600px\" srcset=\"https:\/\/mb2812.de\/wp-content\/uploads\/2022\/06\/IMG_2676-553-768x1024.jpg 768w, https:\/\/mb2812.de\/wp-content\/uploads\/2022\/06\/IMG_2676-553-225x300.jpg 225w, https:\/\/mb2812.de\/wp-content\/uploads\/2022\/06\/IMG_2676-553-1152x1536.jpg 1152w, https:\/\/mb2812.de\/wp-content\/uploads\/2022\/06\/IMG_2676-553-668x891.jpg 668w, https:\/\/mb2812.de\/wp-content\/uploads\/2022\/06\/IMG_2676-553.jpg 1440w\" sizes=\"auto, (max-width: 768px) 100vw, 768px\" \/><\/a><figcaption class=\"wp-element-caption\"><em>Das Haus der Gutssch\u00e4nke<\/em><\/figcaption><\/figure>\n\n\n\n<p>Danach haben wir noch eine kleine Runde durch den Ort gedreht:<\/p>\n\n\n\n<figure class=\"wp-block-image aligncenter size-large is-resized\"><a href=\"https:\/\/mb2812.de\/wp-content\/uploads\/2022\/06\/IMG_2677.jpg\" target=\"_blank\" rel=\" noreferrer noopener\"><img loading=\"lazy\" decoding=\"async\" width=\"768\" height=\"1024\" src=\"https:\/\/mb2812.de\/wp-content\/uploads\/2022\/06\/IMG_2677-768x1024.jpg\" alt=\"\" class=\"wp-image-11733\" style=\"width:600px\" srcset=\"https:\/\/mb2812.de\/wp-content\/uploads\/2022\/06\/IMG_2677-768x1024.jpg 768w, https:\/\/mb2812.de\/wp-content\/uploads\/2022\/06\/IMG_2677-225x300.jpg 225w, https:\/\/mb2812.de\/wp-content\/uploads\/2022\/06\/IMG_2677-1152x1536.jpg 1152w, https:\/\/mb2812.de\/wp-content\/uploads\/2022\/06\/IMG_2677-668x891.jpg 668w, https:\/\/mb2812.de\/wp-content\/uploads\/2022\/06\/IMG_2677.jpg 1440w\" sizes=\"auto, (max-width: 768px) 100vw, 768px\" \/><\/a><figcaption class=\"wp-element-caption\"><em>Weiter auf der F\u00e4hrstra\u00dfe, in diesem Haus wurde August Horch, der Gr\u00fcnder der Auto Marke Audi, geboren<\/em><\/figcaption><\/figure>\n\n\n\n<figure class=\"wp-block-image aligncenter size-large is-resized\"><a href=\"https:\/\/mb2812.de\/wp-content\/uploads\/2022\/06\/IMG_3074.jpg\" target=\"_blank\" rel=\" noreferrer noopener\"><img loading=\"lazy\" decoding=\"async\" width=\"768\" height=\"1024\" src=\"https:\/\/mb2812.de\/wp-content\/uploads\/2022\/06\/IMG_3074-768x1024.jpg\" alt=\"\" class=\"wp-image-11729\" style=\"width:600px\" srcset=\"https:\/\/mb2812.de\/wp-content\/uploads\/2022\/06\/IMG_3074-768x1024.jpg 768w, https:\/\/mb2812.de\/wp-content\/uploads\/2022\/06\/IMG_3074-225x300.jpg 225w, https:\/\/mb2812.de\/wp-content\/uploads\/2022\/06\/IMG_3074-1152x1536.jpg 1152w, https:\/\/mb2812.de\/wp-content\/uploads\/2022\/06\/IMG_3074-668x891.jpg 668w, https:\/\/mb2812.de\/wp-content\/uploads\/2022\/06\/IMG_3074.jpg 1440w\" sizes=\"auto, (max-width: 768px) 100vw, 768px\" \/><\/a><figcaption class=\"wp-element-caption\"><em>Die Herrenstra\u00dfe, vom Marktplatz aus gesehen<\/em><\/figcaption><\/figure>\n\n\n\n<figure class=\"wp-block-image aligncenter size-large is-resized\"><a href=\"https:\/\/mb2812.de\/wp-content\/uploads\/2022\/06\/IMG_3077.jpg\" target=\"_blank\" rel=\" noreferrer noopener\"><img loading=\"lazy\" decoding=\"async\" width=\"768\" height=\"1024\" src=\"https:\/\/mb2812.de\/wp-content\/uploads\/2022\/06\/IMG_3077-768x1024.jpg\" alt=\"\" class=\"wp-image-11743\" style=\"width:600px\" srcset=\"https:\/\/mb2812.de\/wp-content\/uploads\/2022\/06\/IMG_3077-768x1024.jpg 768w, https:\/\/mb2812.de\/wp-content\/uploads\/2022\/06\/IMG_3077-225x300.jpg 225w, https:\/\/mb2812.de\/wp-content\/uploads\/2022\/06\/IMG_3077-1152x1536.jpg 1152w, https:\/\/mb2812.de\/wp-content\/uploads\/2022\/06\/IMG_3077-668x891.jpg 668w, https:\/\/mb2812.de\/wp-content\/uploads\/2022\/06\/IMG_3077.jpg 1440w\" sizes=\"auto, (max-width: 768px) 100vw, 768px\" \/><\/a><figcaption class=\"wp-element-caption\"><em>Der Weinhexbrunnen auf dem Weinhof<\/em><\/figcaption><\/figure>\n\n\n\n<p>Noch einen Drink in der Bar und dann war der Tag zu Ende.<\/p>\n","protected":false},"excerpt":{"rendered":"<p>Ein Ausflug an die Lahn nach Bad Ems und zu \u00dcberresten des r\u00f6mischen Limes<\/p>\n","protected":false},"author":1,"featured_media":11717,"comment_status":"closed","ping_status":"closed","sticky":false,"template":"","format":"standard","meta":{"footnotes":""},"categories":[27],"tags":[47,39,79,81],"class_list":["post-11710","post","type-post","status-publish","format-standard","has-post-thumbnail","hentry","category-wellnessurlaub-in-deutschland-2022","tag-47","tag-deutschland","tag-koblenz","tag-lahn"],"_links":{"self":[{"href":"https:\/\/mb2812.de\/index.php?rest_route=\/wp\/v2\/posts\/11710","targetHints":{"allow":["GET"]}}],"collection":[{"href":"https:\/\/mb2812.de\/index.php?rest_route=\/wp\/v2\/posts"}],"about":[{"href":"https:\/\/mb2812.de\/index.php?rest_route=\/wp\/v2\/types\/post"}],"author":[{"embeddable":true,"href":"https:\/\/mb2812.de\/index.php?rest_route=\/wp\/v2\/users\/1"}],"replies":[{"embeddable":true,"href":"https:\/\/mb2812.de\/index.php?rest_route=%2Fwp%2Fv2%2Fcomments&post=11710"}],"version-history":[{"count":25,"href":"https:\/\/mb2812.de\/index.php?rest_route=\/wp\/v2\/posts\/11710\/revisions"}],"predecessor-version":[{"id":16498,"href":"https:\/\/mb2812.de\/index.php?rest_route=\/wp\/v2\/posts\/11710\/revisions\/16498"}],"wp:featuredmedia":[{"embeddable":true,"href":"https:\/\/mb2812.de\/index.php?rest_route=\/wp\/v2\/media\/11717"}],"wp:attachment":[{"href":"https:\/\/mb2812.de\/index.php?rest_route=%2Fwp%2Fv2%2Fmedia&parent=11710"}],"wp:term":[{"taxonomy":"category","embeddable":true,"href":"https:\/\/mb2812.de\/index.php?rest_route=%2Fwp%2Fv2%2Fcategories&post=11710"},{"taxonomy":"post_tag","embeddable":true,"href":"https:\/\/mb2812.de\/index.php?rest_route=%2Fwp%2Fv2%2Ftags&post=11710"}],"curies":[{"name":"wp","href":"https:\/\/api.w.org\/{rel}","templated":true}]}}