{"id":11684,"date":"2022-05-16T09:00:44","date_gmt":"2022-05-16T07:00:44","guid":{"rendered":"http:\/\/reiseblog.mb2812.de\/?p=11684"},"modified":"2025-03-02T13:12:11","modified_gmt":"2025-03-02T11:12:11","slug":"spaziergang-an-der-mosel","status":"publish","type":"post","link":"https:\/\/mb2812.de\/?p=11684","title":{"rendered":"Spaziergang an der Mosel"},"content":{"rendered":"\n<p>F\u00fcr den heutigen Montag war ab Mittag schlechtes Wetter mit Regen angesagt, daher planten wir keinen gro\u00dfen Ausflug, sondern entschieden uns Morgens f\u00fcr einen kleinen Spaziergang moselaufw\u00e4rts ins benachbarte Dorf &#8211; G\u00fcls. F\u00fcr den Nachmittag war dann die Erkundung des Wellnesbereichs vorgesehen. Nach dem Fr\u00fchst\u00fcck brachen wir also auf und kamen gerade mal 200 Meter weit. Der Uferweg endet ohne vorherige Ank\u00fcndigung am Gel\u00e4nde eines Wassersportvereins, und dort mag man es wohl nicht wenn man sich \u00fcber ihre Zufahrt zur Bundesstra\u00dfe durchschl\u00e4gt.<\/p>\n\n\n\n<figure class=\"wp-block-image aligncenter size-large is-resized\"><a href=\"https:\/\/mb2812.de\/wp-content\/uploads\/2022\/06\/IMG_2362.jpg\" target=\"_blank\" rel=\" noreferrer noopener\"><img loading=\"lazy\" decoding=\"async\" width=\"1024\" height=\"819\" src=\"https:\/\/mb2812.de\/wp-content\/uploads\/2022\/06\/IMG_2362-1024x819.jpg\" alt=\"\" class=\"wp-image-11691\" style=\"width:800px\" srcset=\"https:\/\/mb2812.de\/wp-content\/uploads\/2022\/06\/IMG_2362-1024x819.jpg 1024w, https:\/\/mb2812.de\/wp-content\/uploads\/2022\/06\/IMG_2362-300x240.jpg 300w, https:\/\/mb2812.de\/wp-content\/uploads\/2022\/06\/IMG_2362-768x614.jpg 768w, https:\/\/mb2812.de\/wp-content\/uploads\/2022\/06\/IMG_2362-1536x1229.jpg 1536w, https:\/\/mb2812.de\/wp-content\/uploads\/2022\/06\/IMG_2362-668x534.jpg 668w, https:\/\/mb2812.de\/wp-content\/uploads\/2022\/06\/IMG_2362.jpg 1920w\" sizes=\"auto, (max-width: 1024px) 100vw, 1024px\" \/><\/a><figcaption class=\"wp-element-caption\"><em>Hier war vorl\u00e4ufig Ende. Der Blick geht moselaufw\u00e4rts nach G\u00fcls mit Eisenbahnbr\u00fccke (links) und den T\u00fcrmen der St. Servatius Kirche rechts<\/em><\/figcaption><\/figure>\n\n\n\n<!--more-->\n\n\n\n<p>Wir waren sehr brav und sind daher umgekehrt und \u00fcber den Hotelparkplatz zur Bundesstra\u00dfe und dann entlang dieser Richtung G\u00fcls.<\/p>\n\n\n\n<figure class=\"wp-block-image aligncenter size-large is-resized\"><a href=\"https:\/\/mb2812.de\/wp-content\/uploads\/2022\/06\/IMG_2366.jpg\" target=\"_blank\" rel=\" noreferrer noopener\"><img loading=\"lazy\" decoding=\"async\" width=\"1024\" height=\"819\" src=\"https:\/\/mb2812.de\/wp-content\/uploads\/2022\/06\/IMG_2366-1024x819.jpg\" alt=\"\" class=\"wp-image-11685\" style=\"width:800px\" srcset=\"https:\/\/mb2812.de\/wp-content\/uploads\/2022\/06\/IMG_2366-1024x819.jpg 1024w, https:\/\/mb2812.de\/wp-content\/uploads\/2022\/06\/IMG_2366-300x240.jpg 300w, https:\/\/mb2812.de\/wp-content\/uploads\/2022\/06\/IMG_2366-768x614.jpg 768w, https:\/\/mb2812.de\/wp-content\/uploads\/2022\/06\/IMG_2366-1536x1229.jpg 1536w, https:\/\/mb2812.de\/wp-content\/uploads\/2022\/06\/IMG_2366-668x534.jpg 668w, https:\/\/mb2812.de\/wp-content\/uploads\/2022\/06\/IMG_2366.jpg 1920w\" sizes=\"auto, (max-width: 1024px) 100vw, 1024px\" \/><\/a><figcaption class=\"wp-element-caption\"><em>Unterwegs zwischen Metternich und G\u00fcls<\/em><\/figcaption><\/figure>\n\n\n\n<p>Sonderlich weit ist es bis G\u00fcls jetzt nicht, insgesamt sind wir (hin- und zur\u00fcck) etwas \u00fcber 6 km gelaufen.<\/p>\n\n\n\n<p>In G\u00fcls haben wir einen Rundgang durch den Ort gemacht mit kurzer Pause auf einer schattigen Bank vor der St. Servatiuskirche.<\/p>\n\n\n\n<figure class=\"wp-block-image aligncenter size-large is-resized\"><a href=\"https:\/\/mb2812.de\/wp-content\/uploads\/2022\/06\/IMG_2378-545.jpg\" target=\"_blank\" rel=\" noreferrer noopener\"><img loading=\"lazy\" decoding=\"async\" width=\"768\" height=\"1024\" src=\"https:\/\/mb2812.de\/wp-content\/uploads\/2022\/06\/IMG_2378-545-768x1024.jpg\" alt=\"\" class=\"wp-image-11686\" style=\"width:600px\" srcset=\"https:\/\/mb2812.de\/wp-content\/uploads\/2022\/06\/IMG_2378-545-768x1024.jpg 768w, https:\/\/mb2812.de\/wp-content\/uploads\/2022\/06\/IMG_2378-545-225x300.jpg 225w, https:\/\/mb2812.de\/wp-content\/uploads\/2022\/06\/IMG_2378-545-1152x1536.jpg 1152w, https:\/\/mb2812.de\/wp-content\/uploads\/2022\/06\/IMG_2378-545-668x891.jpg 668w, https:\/\/mb2812.de\/wp-content\/uploads\/2022\/06\/IMG_2378-545.jpg 1440w\" sizes=\"auto, (max-width: 768px) 100vw, 768px\" \/><\/a><figcaption class=\"wp-element-caption\"><em>Weingut H\u00e4hn<\/em><\/figcaption><\/figure>\n\n\n\n<figure class=\"wp-block-image aligncenter size-large is-resized\"><a href=\"https:\/\/mb2812.de\/wp-content\/uploads\/2022\/06\/IMG_2379.jpg\" target=\"_blank\" rel=\" noreferrer noopener\"><img loading=\"lazy\" decoding=\"async\" width=\"768\" height=\"1024\" src=\"https:\/\/mb2812.de\/wp-content\/uploads\/2022\/06\/IMG_2379-768x1024.jpg\" alt=\"\" class=\"wp-image-11692\" style=\"width:600px\" srcset=\"https:\/\/mb2812.de\/wp-content\/uploads\/2022\/06\/IMG_2379-768x1024.jpg 768w, https:\/\/mb2812.de\/wp-content\/uploads\/2022\/06\/IMG_2379-225x300.jpg 225w, https:\/\/mb2812.de\/wp-content\/uploads\/2022\/06\/IMG_2379-1152x1536.jpg 1152w, https:\/\/mb2812.de\/wp-content\/uploads\/2022\/06\/IMG_2379-668x891.jpg 668w, https:\/\/mb2812.de\/wp-content\/uploads\/2022\/06\/IMG_2379.jpg 1440w\" sizes=\"auto, (max-width: 768px) 100vw, 768px\" \/><\/a><figcaption class=\"wp-element-caption\"><em>Die St. Servatius Kirche<\/em><\/figcaption><\/figure>\n\n\n\n<figure class=\"wp-block-image aligncenter size-large is-resized\"><a href=\"https:\/\/mb2812.de\/wp-content\/uploads\/2022\/06\/IMG_2381.jpg\" target=\"_blank\" rel=\" noreferrer noopener\"><img loading=\"lazy\" decoding=\"async\" width=\"768\" height=\"1024\" src=\"https:\/\/mb2812.de\/wp-content\/uploads\/2022\/06\/IMG_2381-768x1024.jpg\" alt=\"\" class=\"wp-image-11687\" style=\"width:600px\" srcset=\"https:\/\/mb2812.de\/wp-content\/uploads\/2022\/06\/IMG_2381-768x1024.jpg 768w, https:\/\/mb2812.de\/wp-content\/uploads\/2022\/06\/IMG_2381-225x300.jpg 225w, https:\/\/mb2812.de\/wp-content\/uploads\/2022\/06\/IMG_2381-1152x1536.jpg 1152w, https:\/\/mb2812.de\/wp-content\/uploads\/2022\/06\/IMG_2381-668x891.jpg 668w, https:\/\/mb2812.de\/wp-content\/uploads\/2022\/06\/IMG_2381.jpg 1440w\" sizes=\"auto, (max-width: 768px) 100vw, 768px\" \/><\/a><figcaption class=\"wp-element-caption\"><em>Innen in der Kirche<\/em><\/figcaption><\/figure>\n\n\n\n<figure class=\"wp-block-image aligncenter size-large is-resized\"><a href=\"https:\/\/mb2812.de\/wp-content\/uploads\/2022\/06\/IMG_2985.jpg\" target=\"_blank\" rel=\" noreferrer noopener\"><img loading=\"lazy\" decoding=\"async\" width=\"768\" height=\"1024\" src=\"https:\/\/mb2812.de\/wp-content\/uploads\/2022\/06\/IMG_2985-768x1024.jpg\" alt=\"\" class=\"wp-image-11693\" style=\"width:600px\" srcset=\"https:\/\/mb2812.de\/wp-content\/uploads\/2022\/06\/IMG_2985-768x1024.jpg 768w, https:\/\/mb2812.de\/wp-content\/uploads\/2022\/06\/IMG_2985-225x300.jpg 225w, https:\/\/mb2812.de\/wp-content\/uploads\/2022\/06\/IMG_2985-1152x1536.jpg 1152w, https:\/\/mb2812.de\/wp-content\/uploads\/2022\/06\/IMG_2985-668x891.jpg 668w, https:\/\/mb2812.de\/wp-content\/uploads\/2022\/06\/IMG_2985.jpg 1440w\" sizes=\"auto, (max-width: 768px) 100vw, 768px\" \/><\/a><figcaption class=\"wp-element-caption\"><em>Eisheiligenstra\u00dfe<\/em><\/figcaption><\/figure>\n\n\n\n<figure class=\"wp-block-image aligncenter size-large is-resized\"><a href=\"https:\/\/mb2812.de\/wp-content\/uploads\/2022\/06\/IMG_2993.jpg\" target=\"_blank\" rel=\" noreferrer noopener\"><img loading=\"lazy\" decoding=\"async\" width=\"768\" height=\"1024\" src=\"https:\/\/mb2812.de\/wp-content\/uploads\/2022\/06\/IMG_2993-768x1024.jpg\" alt=\"\" class=\"wp-image-11689\" style=\"width:600px\" srcset=\"https:\/\/mb2812.de\/wp-content\/uploads\/2022\/06\/IMG_2993-768x1024.jpg 768w, https:\/\/mb2812.de\/wp-content\/uploads\/2022\/06\/IMG_2993-225x300.jpg 225w, https:\/\/mb2812.de\/wp-content\/uploads\/2022\/06\/IMG_2993-1152x1536.jpg 1152w, https:\/\/mb2812.de\/wp-content\/uploads\/2022\/06\/IMG_2993-668x891.jpg 668w, https:\/\/mb2812.de\/wp-content\/uploads\/2022\/06\/IMG_2993.jpg 1440w\" sizes=\"auto, (max-width: 768px) 100vw, 768px\" \/><\/a><figcaption class=\"wp-element-caption\"><em>Leicht veraltete Werbung in der Ortsmitte an der Teichstra\u00dfe<\/em><\/figcaption><\/figure>\n\n\n\n<p>Zur\u00fcck im Hotel haben wir den Nachmittag dann wie geplant im Wellnessbereich verbracht.<\/p>\n\n\n\n<figure class=\"wp-block-image aligncenter size-large is-resized\"><a href=\"https:\/\/mb2812.de\/wp-content\/uploads\/2022\/06\/IMG_2397.jpg\" target=\"_blank\" rel=\" noreferrer noopener\"><img loading=\"lazy\" decoding=\"async\" width=\"1024\" height=\"819\" src=\"https:\/\/mb2812.de\/wp-content\/uploads\/2022\/06\/IMG_2397-1024x819.jpg\" alt=\"\" class=\"wp-image-11695\" style=\"width:800px\" srcset=\"https:\/\/mb2812.de\/wp-content\/uploads\/2022\/06\/IMG_2397-1024x819.jpg 1024w, https:\/\/mb2812.de\/wp-content\/uploads\/2022\/06\/IMG_2397-300x240.jpg 300w, https:\/\/mb2812.de\/wp-content\/uploads\/2022\/06\/IMG_2397-768x614.jpg 768w, https:\/\/mb2812.de\/wp-content\/uploads\/2022\/06\/IMG_2397-1536x1229.jpg 1536w, https:\/\/mb2812.de\/wp-content\/uploads\/2022\/06\/IMG_2397-668x534.jpg 668w, https:\/\/mb2812.de\/wp-content\/uploads\/2022\/06\/IMG_2397.jpg 1920w\" sizes=\"auto, (max-width: 1024px) 100vw, 1024px\" \/><\/a><\/figure>\n\n\n\n<div style=\"height:15px\" aria-hidden=\"true\" class=\"wp-block-spacer\"><\/div>\n\n\n\n<figure class=\"wp-block-image size-large\"><img loading=\"lazy\" decoding=\"async\" width=\"1024\" height=\"819\" src=\"https:\/\/mb2812.de\/wp-content\/uploads\/2022\/06\/IMG_2401-537-1024x819.jpg\" alt=\"\" class=\"wp-image-11688\" srcset=\"https:\/\/mb2812.de\/wp-content\/uploads\/2022\/06\/IMG_2401-537-1024x819.jpg 1024w, https:\/\/mb2812.de\/wp-content\/uploads\/2022\/06\/IMG_2401-537-300x240.jpg 300w, https:\/\/mb2812.de\/wp-content\/uploads\/2022\/06\/IMG_2401-537-768x614.jpg 768w, https:\/\/mb2812.de\/wp-content\/uploads\/2022\/06\/IMG_2401-537-1536x1229.jpg 1536w, https:\/\/mb2812.de\/wp-content\/uploads\/2022\/06\/IMG_2401-537-668x534.jpg 668w, https:\/\/mb2812.de\/wp-content\/uploads\/2022\/06\/IMG_2401-537.jpg 1920w\" sizes=\"auto, (max-width: 1024px) 100vw, 1024px\" \/><\/figure>\n\n\n\n<div style=\"height:15px\" aria-hidden=\"true\" class=\"wp-block-spacer\"><\/div>\n\n\n\n<p>Der Regen kam zwar sp\u00e4ter wie angek\u00fcndigt, aber er kam und damit kam die Frage des Abendessens auf. Montags und Dienstags ist der bevorzugte Ruhetag der Restaurants. Nochmal das &#8222;Landgang&#8220; zu besuchen stand au\u00dfer Frage, wir entschieden uns daher f\u00fcr G\u00fcls, beim vormitt\u00e4glichen Rundgang sah es so aus als h\u00e4tten einige der dortigen Restaurants ge\u00f6ffnet. Da es regnete ging es nat\u00fcrlich mit dem Auto dahin und wir landeten im Hotel\/Restaurant Reker und bekamen sogar einen \u00fcberdachten Platz auf der Terrasse drau\u00dfen. Die Atmosph\u00e4re erinnerte ein bisschen an die 70er, aber das Essen war recht gut.<\/p>\n\n\n\n<p>Zur\u00fcck im Hotel waren wir wieder in der Bar und Stephan bestellte nochmals einen Bunnahabhain. Heute war ein anderer Barkeeper t\u00e4tig, der kam nach kurzer Zeit zur\u00fcck und meldete, der Bunnahabhain w\u00e4re leider ausverkauft. Stephan bestellte darauf einen Lagavullin, es wurde ihm versichert der w\u00e4re auf alle F\u00e4lle da. Zur\u00fcck kam der Barkeeper dann mit einem Talisker, auch der Lagavullin war leer. Immerhin, der Talisker ging aufs Haus.<\/p>\n\n\n\n<figure class=\"wp-block-image aligncenter size-large is-resized\"><a href=\"https:\/\/mb2812.de\/wp-content\/uploads\/2022\/06\/IMG_2431.jpg\" target=\"_blank\" rel=\" noreferrer noopener\"><img loading=\"lazy\" decoding=\"async\" width=\"1024\" height=\"819\" src=\"https:\/\/mb2812.de\/wp-content\/uploads\/2022\/06\/IMG_2431-1024x819.jpg\" alt=\"\" class=\"wp-image-11696\" style=\"width:800px\" srcset=\"https:\/\/mb2812.de\/wp-content\/uploads\/2022\/06\/IMG_2431-1024x819.jpg 1024w, https:\/\/mb2812.de\/wp-content\/uploads\/2022\/06\/IMG_2431-300x240.jpg 300w, https:\/\/mb2812.de\/wp-content\/uploads\/2022\/06\/IMG_2431-768x614.jpg 768w, https:\/\/mb2812.de\/wp-content\/uploads\/2022\/06\/IMG_2431-1536x1229.jpg 1536w, https:\/\/mb2812.de\/wp-content\/uploads\/2022\/06\/IMG_2431-668x534.jpg 668w, https:\/\/mb2812.de\/wp-content\/uploads\/2022\/06\/IMG_2431.jpg 1920w\" sizes=\"auto, (max-width: 1024px) 100vw, 1024px\" \/><\/a><figcaption class=\"wp-element-caption\"><em>Die Bar<\/em><\/figcaption><\/figure>\n\n\n\n<figure class=\"wp-block-image aligncenter size-large is-resized\"><a href=\"https:\/\/mb2812.de\/wp-content\/uploads\/2022\/06\/IMG_2998-538.jpg\" target=\"_blank\" rel=\" noreferrer noopener\"><img loading=\"lazy\" decoding=\"async\" width=\"1024\" height=\"819\" src=\"https:\/\/mb2812.de\/wp-content\/uploads\/2022\/06\/IMG_2998-538-1024x819.jpg\" alt=\"\" class=\"wp-image-11690\" style=\"width:800px\" srcset=\"https:\/\/mb2812.de\/wp-content\/uploads\/2022\/06\/IMG_2998-538-1024x819.jpg 1024w, https:\/\/mb2812.de\/wp-content\/uploads\/2022\/06\/IMG_2998-538-300x240.jpg 300w, https:\/\/mb2812.de\/wp-content\/uploads\/2022\/06\/IMG_2998-538-768x614.jpg 768w, https:\/\/mb2812.de\/wp-content\/uploads\/2022\/06\/IMG_2998-538-1536x1229.jpg 1536w, https:\/\/mb2812.de\/wp-content\/uploads\/2022\/06\/IMG_2998-538-668x534.jpg 668w, https:\/\/mb2812.de\/wp-content\/uploads\/2022\/06\/IMG_2998-538.jpg 1920w\" sizes=\"auto, (max-width: 1024px) 100vw, 1024px\" \/><\/a><figcaption class=\"wp-element-caption\"><em>Stephan und ich in der Bar, dahinter das Restaurant, heute besetzt<\/em><\/figcaption><\/figure>\n","protected":false},"excerpt":{"rendered":"<p>Am Montag gab es nur einen kleinen Spaziergang ins Nachbardorf &#8211; G\u00fcls. Nachmittag war dann der Wellnessbereich des Hotels angesagt.<\/p>\n","protected":false},"author":1,"featured_media":11685,"comment_status":"closed","ping_status":"closed","sticky":false,"template":"","format":"standard","meta":{"footnotes":""},"categories":[27],"tags":[47,39,79,80],"class_list":["post-11684","post","type-post","status-publish","format-standard","has-post-thumbnail","hentry","category-wellnessurlaub-in-deutschland-2022","tag-47","tag-deutschland","tag-koblenz","tag-mosel"],"_links":{"self":[{"href":"https:\/\/mb2812.de\/index.php?rest_route=\/wp\/v2\/posts\/11684","targetHints":{"allow":["GET"]}}],"collection":[{"href":"https:\/\/mb2812.de\/index.php?rest_route=\/wp\/v2\/posts"}],"about":[{"href":"https:\/\/mb2812.de\/index.php?rest_route=\/wp\/v2\/types\/post"}],"author":[{"embeddable":true,"href":"https:\/\/mb2812.de\/index.php?rest_route=\/wp\/v2\/users\/1"}],"replies":[{"embeddable":true,"href":"https:\/\/mb2812.de\/index.php?rest_route=%2Fwp%2Fv2%2Fcomments&post=11684"}],"version-history":[{"count":10,"href":"https:\/\/mb2812.de\/index.php?rest_route=\/wp\/v2\/posts\/11684\/revisions"}],"predecessor-version":[{"id":16495,"href":"https:\/\/mb2812.de\/index.php?rest_route=\/wp\/v2\/posts\/11684\/revisions\/16495"}],"wp:featuredmedia":[{"embeddable":true,"href":"https:\/\/mb2812.de\/index.php?rest_route=\/wp\/v2\/media\/11685"}],"wp:attachment":[{"href":"https:\/\/mb2812.de\/index.php?rest_route=%2Fwp%2Fv2%2Fmedia&parent=11684"}],"wp:term":[{"taxonomy":"category","embeddable":true,"href":"https:\/\/mb2812.de\/index.php?rest_route=%2Fwp%2Fv2%2Fcategories&post=11684"},{"taxonomy":"post_tag","embeddable":true,"href":"https:\/\/mb2812.de\/index.php?rest_route=%2Fwp%2Fv2%2Ftags&post=11684"}],"curies":[{"name":"wp","href":"https:\/\/api.w.org\/{rel}","templated":true}]}}