{"id":11630,"date":"2022-05-13T09:00:55","date_gmt":"2022-05-13T07:00:55","guid":{"rendered":"http:\/\/reiseblog.mb2812.de\/?p=11630"},"modified":"2025-03-02T12:48:26","modified_gmt":"2025-03-02T10:48:26","slug":"moselwochende-in-der-eifel","status":"publish","type":"post","link":"https:\/\/mb2812.de\/?p=11630","title":{"rendered":"Moselwochende in der Eifel"},"content":{"rendered":"\n<p>Als erstes stand das traditionelle Moselwochende unseres K\u00f6lner Freundeskreis an. Wie erw\u00e4hnt, nicht an der Mosel, sondern in der Eifel und auch arg versp\u00e4tet, eigentlich war es f\u00fcr Oktober 2021 geplant. Stephan hatte &nbsp;am <strong>Freitag<\/strong> Urlaub genommen, daher konnten wir uns fr\u00fchzeitig auf den Weg machen. Die Wartezeit bis zum Eintreffen der Anderen verbrachten wir im M\u00fchlenpark in Kommern.<\/p>\n\n\n\n<figure class=\"wp-block-image aligncenter size-large is-resized\"><a href=\"https:\/\/mb2812.de\/wp-content\/uploads\/2022\/05\/IMG_2136-534.jpg\" target=\"_blank\" rel=\" noreferrer noopener\"><img loading=\"lazy\" decoding=\"async\" width=\"1024\" height=\"819\" src=\"https:\/\/mb2812.de\/wp-content\/uploads\/2022\/05\/IMG_2136-534-1024x819.jpg\" alt=\"\" class=\"wp-image-11634\" style=\"width:800px\" srcset=\"https:\/\/mb2812.de\/wp-content\/uploads\/2022\/05\/IMG_2136-534-1024x819.jpg 1024w, https:\/\/mb2812.de\/wp-content\/uploads\/2022\/05\/IMG_2136-534-300x240.jpg 300w, https:\/\/mb2812.de\/wp-content\/uploads\/2022\/05\/IMG_2136-534-768x615.jpg 768w, https:\/\/mb2812.de\/wp-content\/uploads\/2022\/05\/IMG_2136-534-668x535.jpg 668w, https:\/\/mb2812.de\/wp-content\/uploads\/2022\/05\/IMG_2136-534.jpg 1402w\" sizes=\"auto, (max-width: 1024px) 100vw, 1024px\" \/><\/a><figcaption class=\"wp-element-caption\"><em>Im Bistro im M\u00fchlenpark Kommern<\/em><\/figcaption><\/figure>\n\n\n\n<!--more-->\n\n\n\n<p>Das Abendessen wird ja immer selbst gekocht und im Vorfeld war abgestimmt worden, das wir f\u00fcr den Salat zust\u00e4ndig waren; den Einkauf daf\u00fcr erledigten wir Im Supermarkt in Kommern und fuhren dann zum Ferienhaus, wo so langsam alle Teilnehmer eintrudelten. Das &#8222;Ferienhaus&#8220; ist wohl ein ehemaliger Bauernhof mit insgesamt drei Geb\u00e4uden, in zweien davon finden sich insgesamt 6 oder 7 Zimmer, zwei K\u00fcchen und zwei Wohnzimmer, F\u00fcr eine gro\u00dfe Gruppe (wir waren 11) genau das Richtige.<\/p>\n\n\n\n<figure class=\"wp-block-image aligncenter size-large is-resized\"><a href=\"https:\/\/mb2812.de\/wp-content\/uploads\/2022\/05\/IMG_2149-535.jpg\" target=\"_blank\" rel=\" noreferrer noopener\"><img loading=\"lazy\" decoding=\"async\" width=\"1024\" height=\"819\" src=\"https:\/\/mb2812.de\/wp-content\/uploads\/2022\/05\/IMG_2149-535-1024x819.jpg\" alt=\"\" class=\"wp-image-11636\" style=\"width:800px\" srcset=\"https:\/\/mb2812.de\/wp-content\/uploads\/2022\/05\/IMG_2149-535-1024x819.jpg 1024w, https:\/\/mb2812.de\/wp-content\/uploads\/2022\/05\/IMG_2149-535-300x240.jpg 300w, https:\/\/mb2812.de\/wp-content\/uploads\/2022\/05\/IMG_2149-535-768x614.jpg 768w, https:\/\/mb2812.de\/wp-content\/uploads\/2022\/05\/IMG_2149-535-1536x1229.jpg 1536w, https:\/\/mb2812.de\/wp-content\/uploads\/2022\/05\/IMG_2149-535-668x534.jpg 668w, https:\/\/mb2812.de\/wp-content\/uploads\/2022\/05\/IMG_2149-535.jpg 1920w\" sizes=\"auto, (max-width: 1024px) 100vw, 1024px\" \/><\/a><figcaption class=\"wp-element-caption\"><em>Innenhof mit einem der Geb\u00e4ude<\/em><\/figcaption><\/figure>\n\n\n\n<figure class=\"wp-block-image aligncenter size-large is-resized\"><a href=\"https:\/\/mb2812.de\/wp-content\/uploads\/2022\/05\/IMG_2830.jpg\" target=\"_blank\" rel=\" noreferrer noopener\"><img loading=\"lazy\" decoding=\"async\" width=\"1024\" height=\"819\" src=\"https:\/\/mb2812.de\/wp-content\/uploads\/2022\/05\/IMG_2830-1024x819.jpg\" alt=\"\" class=\"wp-image-11661\" style=\"width:800px\" srcset=\"https:\/\/mb2812.de\/wp-content\/uploads\/2022\/05\/IMG_2830-1024x819.jpg 1024w, https:\/\/mb2812.de\/wp-content\/uploads\/2022\/05\/IMG_2830-300x240.jpg 300w, https:\/\/mb2812.de\/wp-content\/uploads\/2022\/05\/IMG_2830-768x614.jpg 768w, https:\/\/mb2812.de\/wp-content\/uploads\/2022\/05\/IMG_2830-1536x1229.jpg 1536w, https:\/\/mb2812.de\/wp-content\/uploads\/2022\/05\/IMG_2830-668x534.jpg 668w, https:\/\/mb2812.de\/wp-content\/uploads\/2022\/05\/IMG_2830.jpg 1920w\" sizes=\"auto, (max-width: 1024px) 100vw, 1024px\" \/><\/a><figcaption class=\"wp-element-caption\"><em>K\u00fcche<\/em><\/figcaption><\/figure>\n\n\n\n<figure class=\"wp-block-image aligncenter size-large is-resized\"><a href=\"https:\/\/mb2812.de\/wp-content\/uploads\/2022\/05\/IMG_2145-540.jpg\" target=\"_blank\" rel=\" noreferrer noopener\"><img loading=\"lazy\" decoding=\"async\" width=\"1024\" height=\"819\" src=\"https:\/\/mb2812.de\/wp-content\/uploads\/2022\/05\/IMG_2145-540-1024x819.jpg\" alt=\"\" class=\"wp-image-11635\" style=\"width:800px\" srcset=\"https:\/\/mb2812.de\/wp-content\/uploads\/2022\/05\/IMG_2145-540-1024x819.jpg 1024w, https:\/\/mb2812.de\/wp-content\/uploads\/2022\/05\/IMG_2145-540-300x240.jpg 300w, https:\/\/mb2812.de\/wp-content\/uploads\/2022\/05\/IMG_2145-540-768x614.jpg 768w, https:\/\/mb2812.de\/wp-content\/uploads\/2022\/05\/IMG_2145-540-1536x1229.jpg 1536w, https:\/\/mb2812.de\/wp-content\/uploads\/2022\/05\/IMG_2145-540-668x534.jpg 668w, https:\/\/mb2812.de\/wp-content\/uploads\/2022\/05\/IMG_2145-540.jpg 1920w\" sizes=\"auto, (max-width: 1024px) 100vw, 1024px\" \/><\/a><figcaption class=\"wp-element-caption\"><em>Wohnzimmer<\/em><\/figcaption><\/figure>\n\n\n\n<figure class=\"wp-block-image aligncenter size-large is-resized\"><a href=\"https:\/\/mb2812.de\/wp-content\/uploads\/2022\/05\/IMG_2828.jpg\" target=\"_blank\" rel=\" noreferrer noopener\"><img loading=\"lazy\" decoding=\"async\" width=\"1024\" height=\"819\" src=\"https:\/\/mb2812.de\/wp-content\/uploads\/2022\/05\/IMG_2828-1024x819.jpg\" alt=\"\" class=\"wp-image-11660\" style=\"width:800px\" srcset=\"https:\/\/mb2812.de\/wp-content\/uploads\/2022\/05\/IMG_2828-1024x819.jpg 1024w, https:\/\/mb2812.de\/wp-content\/uploads\/2022\/05\/IMG_2828-300x240.jpg 300w, https:\/\/mb2812.de\/wp-content\/uploads\/2022\/05\/IMG_2828-768x614.jpg 768w, https:\/\/mb2812.de\/wp-content\/uploads\/2022\/05\/IMG_2828-1536x1229.jpg 1536w, https:\/\/mb2812.de\/wp-content\/uploads\/2022\/05\/IMG_2828-668x534.jpg 668w, https:\/\/mb2812.de\/wp-content\/uploads\/2022\/05\/IMG_2828.jpg 1920w\" sizes=\"auto, (max-width: 1024px) 100vw, 1024px\" \/><\/a><figcaption class=\"wp-element-caption\"><em>Flur im 1. Stock<\/em><\/figcaption><\/figure>\n\n\n\n<figure class=\"wp-block-image aligncenter size-large is-resized\"><a href=\"https:\/\/mb2812.de\/wp-content\/uploads\/2022\/05\/IMG_2826-532.jpg\" target=\"_blank\" rel=\" noreferrer noopener\"><img loading=\"lazy\" decoding=\"async\" width=\"1024\" height=\"819\" src=\"https:\/\/mb2812.de\/wp-content\/uploads\/2022\/05\/IMG_2826-532-1024x819.jpg\" alt=\"\" class=\"wp-image-11644\" style=\"width:800px\" srcset=\"https:\/\/mb2812.de\/wp-content\/uploads\/2022\/05\/IMG_2826-532-1024x819.jpg 1024w, https:\/\/mb2812.de\/wp-content\/uploads\/2022\/05\/IMG_2826-532-300x240.jpg 300w, https:\/\/mb2812.de\/wp-content\/uploads\/2022\/05\/IMG_2826-532-768x614.jpg 768w, https:\/\/mb2812.de\/wp-content\/uploads\/2022\/05\/IMG_2826-532-1536x1229.jpg 1536w, https:\/\/mb2812.de\/wp-content\/uploads\/2022\/05\/IMG_2826-532-668x534.jpg 668w, https:\/\/mb2812.de\/wp-content\/uploads\/2022\/05\/IMG_2826-532.jpg 1920w\" sizes=\"auto, (max-width: 1024px) 100vw, 1024px\" \/><\/a><figcaption class=\"wp-element-caption\"><em>eines der Zimmer<\/em><\/figcaption><\/figure>\n\n\n\n<p>Viel mehr gibt es nicht zu sagen. Kochen, Abendessen und gem\u00fctliches Beisammensein waren die weiteren Punkte des Tages.<\/p>\n\n\n\n<hr class=\"wp-block-separator has-alpha-channel-opacity\"\/>\n\n\n\n<p>Das &nbsp;Programm f\u00fcr<strong> Samstag<\/strong> sah einen Besuch im &#8222;Vogelsang IP&#8220; vor. IP steht dabei f\u00fcr Internationaler Platz. Es handelt sich um das Gel\u00e4nde der von den Nationalsozialisten von 1934-36 errichtete Ordensburg Vogelsang, die zwischen 1936 und 1939 der NSDAP als Schulungsst\u00e4tte f\u00fcr den Nachwuchs des F\u00fchrungskaders diente. Nach Ende des Krieges wurde das Gel\u00e4nde zun\u00e4chst von den britischen, ab 1950 von den belgischen Streitkr\u00e4ften benutzt. 2005 endete die milit\u00e4rische Nutzung, seit 2006 ist das Gel\u00e4nde \u00f6ffentlich zug\u00e4nglich. F\u00fcr weitere Informationen dar\u00fcber empfehle ich die Wikipedia Seiten zu den <a href=\"https:\/\/de.wikipedia.org\/wiki\/NS-Ordensburg\" target=\"_blank\" rel=\"noopener\">NS Ordensburgen<\/a> allgemein oder <a href=\"https:\/\/de.wikipedia.org\/wiki\/NS-Ordensburg_Vogelsang\" target=\"_blank\" rel=\"noopener\">Vogelsang<\/a>&nbsp;speziell, ebenso die Info-Seite der&nbsp;<a href=\"https:\/\/vogelsang-ip.de\/de\/\" target=\"_blank\" rel=\"noopener\">heutigen Nutzung<\/a>.<\/p>\n\n\n\n<p>Ich stelle hier unseren Besuch anhand einiger Fotos mit jeweils einigen kurzen Anmerkungen dar:<\/p>\n\n\n\n<figure class=\"wp-block-image aligncenter size-large is-resized\"><a href=\"https:\/\/mb2812.de\/wp-content\/uploads\/2022\/05\/IMG_2857-533.jpg\" target=\"_blank\" rel=\" noreferrer noopener\"><img loading=\"lazy\" decoding=\"async\" width=\"1024\" height=\"819\" src=\"https:\/\/mb2812.de\/wp-content\/uploads\/2022\/05\/IMG_2857-533-1024x819.jpg\" alt=\"\" class=\"wp-image-11632\" style=\"width:800px\" srcset=\"https:\/\/mb2812.de\/wp-content\/uploads\/2022\/05\/IMG_2857-533-1024x819.jpg 1024w, https:\/\/mb2812.de\/wp-content\/uploads\/2022\/05\/IMG_2857-533-300x240.jpg 300w, https:\/\/mb2812.de\/wp-content\/uploads\/2022\/05\/IMG_2857-533-768x614.jpg 768w, https:\/\/mb2812.de\/wp-content\/uploads\/2022\/05\/IMG_2857-533-1536x1229.jpg 1536w, https:\/\/mb2812.de\/wp-content\/uploads\/2022\/05\/IMG_2857-533-668x534.jpg 668w, https:\/\/mb2812.de\/wp-content\/uploads\/2022\/05\/IMG_2857-533.jpg 1920w\" sizes=\"auto, (max-width: 1024px) 100vw, 1024px\" \/><\/a><figcaption class=\"wp-element-caption\"><em>Auf dem Weg vom Parkplatz kommen wir als erstes am belgischen Kino vorbei. Vorleistungen aus der Nazizeit nutzend, bauten die Belgier hier ein Truppenkino. Von aussen sieht es v\u00f6llig unscheinbar aus, aber innen befindet sich eines der letzten original erhaltenen Gro\u00dfkinos der 50er Jahre.<\/em><\/figcaption><\/figure>\n\n\n\n<figure class=\"wp-block-image aligncenter size-large is-resized\"><a href=\"https:\/\/mb2812.de\/wp-content\/uploads\/2022\/05\/IMG_2867.jpg\" target=\"_blank\" rel=\" noreferrer noopener\"><img loading=\"lazy\" decoding=\"async\" width=\"1024\" height=\"819\" src=\"https:\/\/mb2812.de\/wp-content\/uploads\/2022\/05\/IMG_2867-1024x819.jpg\" alt=\"\" class=\"wp-image-11645\" style=\"width:800px\" srcset=\"https:\/\/mb2812.de\/wp-content\/uploads\/2022\/05\/IMG_2867-1024x819.jpg 1024w, https:\/\/mb2812.de\/wp-content\/uploads\/2022\/05\/IMG_2867-300x240.jpg 300w, https:\/\/mb2812.de\/wp-content\/uploads\/2022\/05\/IMG_2867-768x614.jpg 768w, https:\/\/mb2812.de\/wp-content\/uploads\/2022\/05\/IMG_2867-1536x1229.jpg 1536w, https:\/\/mb2812.de\/wp-content\/uploads\/2022\/05\/IMG_2867-668x534.jpg 668w, https:\/\/mb2812.de\/wp-content\/uploads\/2022\/05\/IMG_2867.jpg 1920w\" sizes=\"auto, (max-width: 1024px) 100vw, 1024px\" \/><\/a><figcaption class=\"wp-element-caption\"><em>Auf den Fundamenten des von den Nationalsozialisten geplanten &#8222;Haus des Wissens&#8220; wurde die belgische Kaserne van Dooren gebaut.<\/em><\/figcaption><\/figure>\n\n\n\n<figure class=\"wp-block-image aligncenter size-large is-resized\"><a href=\"https:\/\/mb2812.de\/wp-content\/uploads\/2022\/05\/IMG_2874-536.jpg\" target=\"_blank\" rel=\" noreferrer noopener\"><img loading=\"lazy\" decoding=\"async\" width=\"1024\" height=\"819\" src=\"https:\/\/mb2812.de\/wp-content\/uploads\/2022\/05\/IMG_2874-536-1024x819.jpg\" alt=\"\" class=\"wp-image-11646\" style=\"width:800px\" srcset=\"https:\/\/mb2812.de\/wp-content\/uploads\/2022\/05\/IMG_2874-536-1024x819.jpg 1024w, https:\/\/mb2812.de\/wp-content\/uploads\/2022\/05\/IMG_2874-536-300x240.jpg 300w, https:\/\/mb2812.de\/wp-content\/uploads\/2022\/05\/IMG_2874-536-768x614.jpg 768w, https:\/\/mb2812.de\/wp-content\/uploads\/2022\/05\/IMG_2874-536-1536x1229.jpg 1536w, https:\/\/mb2812.de\/wp-content\/uploads\/2022\/05\/IMG_2874-536-668x534.jpg 668w, https:\/\/mb2812.de\/wp-content\/uploads\/2022\/05\/IMG_2874-536.jpg 1920w\" sizes=\"auto, (max-width: 1024px) 100vw, 1024px\" \/><\/a><figcaption class=\"wp-element-caption\"><em>Als erstes kommen wir an der Burgsch\u00e4nke vorbei. Es\u00a0ist das einzige nationalsozialistische Bauwerk Vogelsangs, das au\u00dfen wie innen weitgehend im Originalzustand erhalten ist.<\/em><\/figcaption><\/figure>\n\n\n\n<figure class=\"wp-block-image aligncenter size-large is-resized\"><a href=\"https:\/\/mb2812.de\/wp-content\/uploads\/2022\/05\/IMG_2258.jpg\" target=\"_blank\" rel=\" noreferrer noopener\"><img loading=\"lazy\" decoding=\"async\" width=\"1024\" height=\"819\" src=\"https:\/\/mb2812.de\/wp-content\/uploads\/2022\/05\/IMG_2258-1024x819.jpg\" alt=\"\" class=\"wp-image-11639\" style=\"width:800px\" srcset=\"https:\/\/mb2812.de\/wp-content\/uploads\/2022\/05\/IMG_2258-1024x819.jpg 1024w, https:\/\/mb2812.de\/wp-content\/uploads\/2022\/05\/IMG_2258-300x240.jpg 300w, https:\/\/mb2812.de\/wp-content\/uploads\/2022\/05\/IMG_2258-768x614.jpg 768w, https:\/\/mb2812.de\/wp-content\/uploads\/2022\/05\/IMG_2258-1536x1229.jpg 1536w, https:\/\/mb2812.de\/wp-content\/uploads\/2022\/05\/IMG_2258-668x534.jpg 668w, https:\/\/mb2812.de\/wp-content\/uploads\/2022\/05\/IMG_2258.jpg 1920w\" sizes=\"auto, (max-width: 1024px) 100vw, 1024px\" \/><\/a><figcaption class=\"wp-element-caption\"><em>Blick durchs Fenster ins Innere der Burgsch\u00e4nke<\/em><\/figcaption><\/figure>\n\n\n\n<p>Wir hatten eine sehr informative F\u00fchrung \u00fcber das Gel\u00e4nde gebucht, diese begann im neuen&nbsp;Forum Vogelsang, dem Besucherzentrum im ehemaligen Adlerhof.<\/p>\n\n\n\n<figure class=\"wp-block-image aligncenter size-large is-resized\"><a href=\"https:\/\/mb2812.de\/wp-content\/uploads\/2022\/05\/IMG_2877.jpg\" target=\"_blank\" rel=\" noreferrer noopener\"><img loading=\"lazy\" decoding=\"async\" width=\"1024\" height=\"819\" src=\"https:\/\/mb2812.de\/wp-content\/uploads\/2022\/05\/IMG_2877-1024x819.jpg\" alt=\"\" class=\"wp-image-11662\" style=\"width:800px\" srcset=\"https:\/\/mb2812.de\/wp-content\/uploads\/2022\/05\/IMG_2877-1024x819.jpg 1024w, https:\/\/mb2812.de\/wp-content\/uploads\/2022\/05\/IMG_2877-300x240.jpg 300w, https:\/\/mb2812.de\/wp-content\/uploads\/2022\/05\/IMG_2877-768x614.jpg 768w, https:\/\/mb2812.de\/wp-content\/uploads\/2022\/05\/IMG_2877-1536x1229.jpg 1536w, https:\/\/mb2812.de\/wp-content\/uploads\/2022\/05\/IMG_2877-668x534.jpg 668w, https:\/\/mb2812.de\/wp-content\/uploads\/2022\/05\/IMG_2877.jpg 1920w\" sizes=\"auto, (max-width: 1024px) 100vw, 1024px\" \/><\/a><figcaption class=\"wp-element-caption\"><em>Blick von der Terasse vor dem Hauptgeb\u00e4ude (Gemeinschaftshaus) auf den Urftstausee<\/em><\/figcaption><\/figure>\n\n\n\n<figure class=\"wp-block-image aligncenter size-large is-resized\"><a href=\"https:\/\/mb2812.de\/wp-content\/uploads\/2022\/05\/IMG_2879.jpg\" target=\"_blank\" rel=\" noreferrer noopener\"><img loading=\"lazy\" decoding=\"async\" width=\"768\" height=\"1024\" src=\"https:\/\/mb2812.de\/wp-content\/uploads\/2022\/05\/IMG_2879-768x1024.jpg\" alt=\"\" class=\"wp-image-11647\" style=\"width:600px\" srcset=\"https:\/\/mb2812.de\/wp-content\/uploads\/2022\/05\/IMG_2879-768x1024.jpg 768w, https:\/\/mb2812.de\/wp-content\/uploads\/2022\/05\/IMG_2879-225x300.jpg 225w, https:\/\/mb2812.de\/wp-content\/uploads\/2022\/05\/IMG_2879-1152x1536.jpg 1152w, https:\/\/mb2812.de\/wp-content\/uploads\/2022\/05\/IMG_2879-668x891.jpg 668w, https:\/\/mb2812.de\/wp-content\/uploads\/2022\/05\/IMG_2879.jpg 1440w\" sizes=\"auto, (max-width: 768px) 100vw, 768px\" \/><\/a><figcaption class=\"wp-element-caption\"><em>Der Ostfl\u00fcgel des Hauptgeb\u00e4udes (Gemeinschaftshaus) mit dem Turm. Innen, im \u201eEhrensaal\u201c, fanden die Schulungen statt. Heute finden sich dort die Ausstellungen.<\/em><\/figcaption><\/figure>\n\n\n\n<figure class=\"wp-block-image aligncenter size-large is-resized\"><a href=\"https:\/\/mb2812.de\/wp-content\/uploads\/2022\/05\/IMG_2882.jpg\" target=\"_blank\" rel=\" noreferrer noopener\"><img loading=\"lazy\" decoding=\"async\" width=\"1024\" height=\"819\" src=\"https:\/\/mb2812.de\/wp-content\/uploads\/2022\/05\/IMG_2882-1024x819.jpg\" alt=\"\" class=\"wp-image-11663\" style=\"width:800px\" srcset=\"https:\/\/mb2812.de\/wp-content\/uploads\/2022\/05\/IMG_2882-1024x819.jpg 1024w, https:\/\/mb2812.de\/wp-content\/uploads\/2022\/05\/IMG_2882-300x240.jpg 300w, https:\/\/mb2812.de\/wp-content\/uploads\/2022\/05\/IMG_2882-768x614.jpg 768w, https:\/\/mb2812.de\/wp-content\/uploads\/2022\/05\/IMG_2882-1536x1229.jpg 1536w, https:\/\/mb2812.de\/wp-content\/uploads\/2022\/05\/IMG_2882-668x534.jpg 668w, https:\/\/mb2812.de\/wp-content\/uploads\/2022\/05\/IMG_2882.jpg 1920w\" sizes=\"auto, (max-width: 1024px) 100vw, 1024px\" \/><\/a><figcaption class=\"wp-element-caption\"><em>Wir gehen langsam nach unten. Die St\u00fctzmauer und dahinter der Westfl\u00fcgel des Gemeinschaftshauses ragen \u00fcber uns auf<\/em><\/figcaption><\/figure>\n\n\n\n<figure class=\"wp-block-image aligncenter size-large is-resized\"><a href=\"https:\/\/mb2812.de\/wp-content\/uploads\/2022\/05\/IMG_2888.jpg\" target=\"_blank\" rel=\" noreferrer noopener\"><img loading=\"lazy\" decoding=\"async\" width=\"1024\" height=\"819\" src=\"https:\/\/mb2812.de\/wp-content\/uploads\/2022\/05\/IMG_2888-1024x819.jpg\" alt=\"\" class=\"wp-image-11664\" style=\"width:800px\" srcset=\"https:\/\/mb2812.de\/wp-content\/uploads\/2022\/05\/IMG_2888-1024x819.jpg 1024w, https:\/\/mb2812.de\/wp-content\/uploads\/2022\/05\/IMG_2888-300x240.jpg 300w, https:\/\/mb2812.de\/wp-content\/uploads\/2022\/05\/IMG_2888-768x614.jpg 768w, https:\/\/mb2812.de\/wp-content\/uploads\/2022\/05\/IMG_2888-1536x1229.jpg 1536w, https:\/\/mb2812.de\/wp-content\/uploads\/2022\/05\/IMG_2888-668x534.jpg 668w, https:\/\/mb2812.de\/wp-content\/uploads\/2022\/05\/IMG_2888.jpg 1920w\" sizes=\"auto, (max-width: 1024px) 100vw, 1024px\" \/><\/a><figcaption class=\"wp-element-caption\"><em>Die Kameradschaftsh\u00e4user finden sich in 3 Ebenen am Hang angeordnet. im Hintergrund dar\u00fcber das Gemeinschaftshaus mit dem \u00a0Turm<\/em><\/figcaption><\/figure>\n\n\n\n<figure class=\"wp-block-image aligncenter size-large is-resized\"><a href=\"https:\/\/mb2812.de\/wp-content\/uploads\/2022\/05\/IMG_2893-542.jpg\" target=\"_blank\" rel=\" noreferrer noopener\"><img loading=\"lazy\" decoding=\"async\" width=\"1024\" height=\"819\" src=\"https:\/\/mb2812.de\/wp-content\/uploads\/2022\/05\/IMG_2893-542-1024x819.jpg\" alt=\"\" class=\"wp-image-11633\" style=\"width:800px\" srcset=\"https:\/\/mb2812.de\/wp-content\/uploads\/2022\/05\/IMG_2893-542-1024x819.jpg 1024w, https:\/\/mb2812.de\/wp-content\/uploads\/2022\/05\/IMG_2893-542-300x240.jpg 300w, https:\/\/mb2812.de\/wp-content\/uploads\/2022\/05\/IMG_2893-542-768x614.jpg 768w, https:\/\/mb2812.de\/wp-content\/uploads\/2022\/05\/IMG_2893-542-1536x1229.jpg 1536w, https:\/\/mb2812.de\/wp-content\/uploads\/2022\/05\/IMG_2893-542-668x534.jpg 668w, https:\/\/mb2812.de\/wp-content\/uploads\/2022\/05\/IMG_2893-542.jpg 1920w\" sizes=\"auto, (max-width: 1024px) 100vw, 1024px\" \/><\/a><figcaption class=\"wp-element-caption\"><em>Jetzt sind wir in einem der Kameradschaftsh\u00e4user. So sah es zuletzt bei der Nutzung durch die Belgier aus, zu nationalsozialistischen Zeiten war dies ein Aufenthaltsraum.<\/em><\/figcaption><\/figure>\n\n\n\n<figure class=\"wp-block-image aligncenter size-large is-resized\"><a href=\"https:\/\/mb2812.de\/wp-content\/uploads\/2022\/05\/IMG_2240.jpg\" target=\"_blank\" rel=\" noreferrer noopener\"><img loading=\"lazy\" decoding=\"async\" width=\"1024\" height=\"819\" src=\"https:\/\/mb2812.de\/wp-content\/uploads\/2022\/05\/IMG_2240-1024x819.jpg\" alt=\"\" class=\"wp-image-11637\" style=\"width:800px\" srcset=\"https:\/\/mb2812.de\/wp-content\/uploads\/2022\/05\/IMG_2240-1024x819.jpg 1024w, https:\/\/mb2812.de\/wp-content\/uploads\/2022\/05\/IMG_2240-300x240.jpg 300w, https:\/\/mb2812.de\/wp-content\/uploads\/2022\/05\/IMG_2240-768x614.jpg 768w, https:\/\/mb2812.de\/wp-content\/uploads\/2022\/05\/IMG_2240-1536x1229.jpg 1536w, https:\/\/mb2812.de\/wp-content\/uploads\/2022\/05\/IMG_2240-668x534.jpg 668w, https:\/\/mb2812.de\/wp-content\/uploads\/2022\/05\/IMG_2240.jpg 1920w\" sizes=\"auto, (max-width: 1024px) 100vw, 1024px\" \/><\/a><figcaption class=\"wp-element-caption\"><em>Danach folgen zwei Unterkunftsr\u00e4ume f\u00fcr je 20 Personen. Die Fotos an den W\u00e4nden verdeutlichen das Aussehen und die Einrichtung der H\u00e4user zu NS-Zeiten.<\/em><\/figcaption><\/figure>\n\n\n\n<figure class=\"wp-block-image aligncenter size-large is-resized\"><a href=\"https:\/\/mb2812.de\/wp-content\/uploads\/2022\/05\/IMG_2246.jpg\" target=\"_blank\" rel=\" noreferrer noopener\"><img loading=\"lazy\" decoding=\"async\" width=\"1024\" height=\"819\" src=\"https:\/\/mb2812.de\/wp-content\/uploads\/2022\/05\/IMG_2246-1024x819.jpg\" alt=\"\" class=\"wp-image-11638\" style=\"width:800px\" srcset=\"https:\/\/mb2812.de\/wp-content\/uploads\/2022\/05\/IMG_2246-1024x819.jpg 1024w, https:\/\/mb2812.de\/wp-content\/uploads\/2022\/05\/IMG_2246-300x240.jpg 300w, https:\/\/mb2812.de\/wp-content\/uploads\/2022\/05\/IMG_2246-768x614.jpg 768w, https:\/\/mb2812.de\/wp-content\/uploads\/2022\/05\/IMG_2246-1536x1229.jpg 1536w, https:\/\/mb2812.de\/wp-content\/uploads\/2022\/05\/IMG_2246-668x534.jpg 668w, https:\/\/mb2812.de\/wp-content\/uploads\/2022\/05\/IMG_2246.jpg 1920w\" sizes=\"auto, (max-width: 1024px) 100vw, 1024px\" \/><\/a><figcaption class=\"wp-element-caption\"><em>Eine Ebene tiefer ist der \u00a0&#8222;Thingplatz&#8220; gelegen, im Prinzip ein Amphitheater. Wir blicken hier von oben \u00fcber die \u00a0Zuschauerr\u00e4nge auf die B\u00fchne. Dahinter (und nochmals tiefer) dann die \u00a0Sportanlagen. Hinter dem Sportplatz sind die D\u00e4cher von Schwimmbad und Sporthalle sichtbar. Und dann kommt &#8211; ganz unten &#8211; die Urfttalsperre.<\/em><\/figcaption><\/figure>\n\n\n\n<figure class=\"wp-block-image aligncenter size-large is-resized\"><a href=\"https:\/\/mb2812.de\/wp-content\/uploads\/2022\/05\/IMG_2900.jpg\" target=\"_blank\" rel=\" noreferrer noopener\"><img loading=\"lazy\" decoding=\"async\" width=\"1024\" height=\"819\" src=\"https:\/\/mb2812.de\/wp-content\/uploads\/2022\/05\/IMG_2900-1024x819.jpg\" alt=\"\" class=\"wp-image-11648\" style=\"width:800px\" srcset=\"https:\/\/mb2812.de\/wp-content\/uploads\/2022\/05\/IMG_2900-1024x819.jpg 1024w, https:\/\/mb2812.de\/wp-content\/uploads\/2022\/05\/IMG_2900-300x240.jpg 300w, https:\/\/mb2812.de\/wp-content\/uploads\/2022\/05\/IMG_2900-768x614.jpg 768w, https:\/\/mb2812.de\/wp-content\/uploads\/2022\/05\/IMG_2900-1536x1229.jpg 1536w, https:\/\/mb2812.de\/wp-content\/uploads\/2022\/05\/IMG_2900-668x534.jpg 668w, https:\/\/mb2812.de\/wp-content\/uploads\/2022\/05\/IMG_2900.jpg 1920w\" sizes=\"auto, (max-width: 1024px) 100vw, 1024px\" \/><\/a><figcaption class=\"wp-element-caption\"><em>&#8222;Der Fackeltr\u00e4ger&#8220; am &#8222;Sonnwendplatz&#8220;, \u00a0an einem 6 Meter hohen Wandblock mit Feuerschale. Die Skulptur stammt von Willy Meller und ist eine der typischen Monumentalplastiken des Dritten Reiches.<\/em><\/figcaption><\/figure>\n\n\n\n<p>Die F\u00fchrung endete mit dem Aufstieg zur\u00fcck zum Gemeinschaftshaus und dann stand erst einmal eine Pause zur Erfrischung im neuen &#8222;Panoramarestaurant&#8220; an.<\/p>\n\n\n\n<p>Zweiter Programmpunkt war eine kurze Wanderung zum ehemaligen Dorf Wollseifen. Auf die deutsche Geschichte bezogen, kommen wir damit von der Zeit des Nationalsozialismus zur Zeit des kalten Krieges. Mit der Einnahme 1945 durch die Alliierten begann die langja\u0308hrige milita\u0308rische Nutzung des Gebiets um Vogelsang. Das nahegelegene Dorf Wollseifen wurde Im August 1946 zum Sperrgebiet erkla\u0308rt, die damals rund 550 Bewohner mussten das Dorf binnen drei Wochen verlassen. In den Jahren danach wurde Wollseifen als Teil des Truppenu\u0308bungsplatzes \u201eCamp Vogelsang\u201c nahezu vo\u0308llig zersto\u0308rt.<\/p>\n\n\n\n<figure class=\"wp-block-image aligncenter size-large is-resized\"><a href=\"https:\/\/mb2812.de\/wp-content\/uploads\/2022\/05\/IMG_2912.jpg\" target=\"_blank\" rel=\" noreferrer noopener\"><img loading=\"lazy\" decoding=\"async\" width=\"1024\" height=\"819\" src=\"https:\/\/mb2812.de\/wp-content\/uploads\/2022\/05\/IMG_2912-1024x819.jpg\" alt=\"\" class=\"wp-image-11649\" style=\"width:800px\" srcset=\"https:\/\/mb2812.de\/wp-content\/uploads\/2022\/05\/IMG_2912-1024x819.jpg 1024w, https:\/\/mb2812.de\/wp-content\/uploads\/2022\/05\/IMG_2912-300x240.jpg 300w, https:\/\/mb2812.de\/wp-content\/uploads\/2022\/05\/IMG_2912-768x614.jpg 768w, https:\/\/mb2812.de\/wp-content\/uploads\/2022\/05\/IMG_2912-1536x1229.jpg 1536w, https:\/\/mb2812.de\/wp-content\/uploads\/2022\/05\/IMG_2912-668x534.jpg 668w, https:\/\/mb2812.de\/wp-content\/uploads\/2022\/05\/IMG_2912.jpg 1920w\" sizes=\"auto, (max-width: 1024px) 100vw, 1024px\" \/><\/a><figcaption class=\"wp-element-caption\"><em>Auf dem Weg nach Wollseifen<\/em><\/figcaption><\/figure>\n\n\n\n<figure class=\"wp-block-image aligncenter size-large is-resized\"><a href=\"https:\/\/mb2812.de\/wp-content\/uploads\/2022\/05\/IMG_2267.jpg\" target=\"_blank\" rel=\" noreferrer noopener\"><img loading=\"lazy\" decoding=\"async\" width=\"1024\" height=\"819\" src=\"https:\/\/mb2812.de\/wp-content\/uploads\/2022\/05\/IMG_2267-1024x819.jpg\" alt=\"\" class=\"wp-image-11640\" style=\"width:800px\" srcset=\"https:\/\/mb2812.de\/wp-content\/uploads\/2022\/05\/IMG_2267-1024x819.jpg 1024w, https:\/\/mb2812.de\/wp-content\/uploads\/2022\/05\/IMG_2267-300x240.jpg 300w, https:\/\/mb2812.de\/wp-content\/uploads\/2022\/05\/IMG_2267-768x614.jpg 768w, https:\/\/mb2812.de\/wp-content\/uploads\/2022\/05\/IMG_2267-1536x1229.jpg 1536w, https:\/\/mb2812.de\/wp-content\/uploads\/2022\/05\/IMG_2267-668x534.jpg 668w, https:\/\/mb2812.de\/wp-content\/uploads\/2022\/05\/IMG_2267.jpg 1920w\" sizes=\"auto, (max-width: 1024px) 100vw, 1024px\" \/><\/a><figcaption class=\"wp-element-caption\"><em>Schafe neben dem Weg<\/em><\/figcaption><\/figure>\n\n\n\n<figure class=\"wp-block-image aligncenter size-large is-resized\"><a href=\"https:\/\/mb2812.de\/wp-content\/uploads\/2022\/05\/IMG_2926.jpg\" target=\"_blank\" rel=\" noreferrer noopener\"><img loading=\"lazy\" decoding=\"async\" width=\"1024\" height=\"819\" src=\"https:\/\/mb2812.de\/wp-content\/uploads\/2022\/05\/IMG_2926-1024x819.jpg\" alt=\"\" class=\"wp-image-11650\" style=\"width:800px\" srcset=\"https:\/\/mb2812.de\/wp-content\/uploads\/2022\/05\/IMG_2926-1024x819.jpg 1024w, https:\/\/mb2812.de\/wp-content\/uploads\/2022\/05\/IMG_2926-300x240.jpg 300w, https:\/\/mb2812.de\/wp-content\/uploads\/2022\/05\/IMG_2926-768x614.jpg 768w, https:\/\/mb2812.de\/wp-content\/uploads\/2022\/05\/IMG_2926-1536x1229.jpg 1536w, https:\/\/mb2812.de\/wp-content\/uploads\/2022\/05\/IMG_2926-668x534.jpg 668w, https:\/\/mb2812.de\/wp-content\/uploads\/2022\/05\/IMG_2926.jpg 1920w\" sizes=\"auto, (max-width: 1024px) 100vw, 1024px\" \/><\/a><figcaption class=\"wp-element-caption\"><em>Eines der wenigen noch vorhandenen Geb\u00e4ude: die Schule in Wollseifen<\/em><\/figcaption><\/figure>\n\n\n\n<figure class=\"wp-block-image aligncenter size-large is-resized\"><a href=\"https:\/\/mb2812.de\/wp-content\/uploads\/2022\/05\/IMG_2935.jpg\" target=\"_blank\" rel=\" noreferrer noopener\"><img loading=\"lazy\" decoding=\"async\" width=\"768\" height=\"1024\" src=\"https:\/\/mb2812.de\/wp-content\/uploads\/2022\/05\/IMG_2935-768x1024.jpg\" alt=\"\" class=\"wp-image-11652\" style=\"width:600px\" srcset=\"https:\/\/mb2812.de\/wp-content\/uploads\/2022\/05\/IMG_2935-768x1024.jpg 768w, https:\/\/mb2812.de\/wp-content\/uploads\/2022\/05\/IMG_2935-225x300.jpg 225w, https:\/\/mb2812.de\/wp-content\/uploads\/2022\/05\/IMG_2935-1152x1536.jpg 1152w, https:\/\/mb2812.de\/wp-content\/uploads\/2022\/05\/IMG_2935-668x891.jpg 668w, https:\/\/mb2812.de\/wp-content\/uploads\/2022\/05\/IMG_2935.jpg 1440w\" sizes=\"auto, (max-width: 768px) 100vw, 768px\" \/><\/a><figcaption class=\"wp-element-caption\"><em>St. Rochus, die Kirche von Wollseifen, wurde wiederaufgebaut<\/em><\/figcaption><\/figure>\n\n\n\n<figure class=\"wp-block-image aligncenter size-large is-resized\"><a href=\"https:\/\/mb2812.de\/wp-content\/uploads\/2022\/05\/IMG_2951.jpg\" target=\"_blank\" rel=\" noreferrer noopener\"><img loading=\"lazy\" decoding=\"async\" width=\"1024\" height=\"819\" src=\"https:\/\/mb2812.de\/wp-content\/uploads\/2022\/05\/IMG_2951-1024x819.jpg\" alt=\"\" class=\"wp-image-11653\" style=\"width:600px\" srcset=\"https:\/\/mb2812.de\/wp-content\/uploads\/2022\/05\/IMG_2951-1024x819.jpg 1024w, https:\/\/mb2812.de\/wp-content\/uploads\/2022\/05\/IMG_2951-300x240.jpg 300w, https:\/\/mb2812.de\/wp-content\/uploads\/2022\/05\/IMG_2951-768x614.jpg 768w, https:\/\/mb2812.de\/wp-content\/uploads\/2022\/05\/IMG_2951-1536x1229.jpg 1536w, https:\/\/mb2812.de\/wp-content\/uploads\/2022\/05\/IMG_2951-668x534.jpg 668w, https:\/\/mb2812.de\/wp-content\/uploads\/2022\/05\/IMG_2951.jpg 1920w\" sizes=\"auto, (max-width: 1024px) 100vw, 1024px\" \/><\/a><figcaption class=\"wp-element-caption\"><em>ein anderer Blick auf die Kirche<\/em><\/figcaption><\/figure>\n\n\n\n<figure class=\"wp-block-image aligncenter size-large is-resized\"><a href=\"https:\/\/mb2812.de\/wp-content\/uploads\/2022\/05\/IMG_2294.jpg\" target=\"_blank\" rel=\" noreferrer noopener\"><img loading=\"lazy\" decoding=\"async\" width=\"768\" height=\"1024\" src=\"https:\/\/mb2812.de\/wp-content\/uploads\/2022\/05\/IMG_2294-768x1024.jpg\" alt=\"\" class=\"wp-image-11665\" style=\"width:600px\" srcset=\"https:\/\/mb2812.de\/wp-content\/uploads\/2022\/05\/IMG_2294-768x1024.jpg 768w, https:\/\/mb2812.de\/wp-content\/uploads\/2022\/05\/IMG_2294-225x300.jpg 225w, https:\/\/mb2812.de\/wp-content\/uploads\/2022\/05\/IMG_2294-1152x1536.jpg 1152w, https:\/\/mb2812.de\/wp-content\/uploads\/2022\/05\/IMG_2294-668x891.jpg 668w, https:\/\/mb2812.de\/wp-content\/uploads\/2022\/05\/IMG_2294.jpg 1440w\" sizes=\"auto, (max-width: 768px) 100vw, 768px\" \/><\/a><figcaption class=\"wp-element-caption\"><em>in der Kirche<\/em><\/figcaption><\/figure>\n\n\n\n<figure class=\"wp-block-image aligncenter size-large is-resized\"><a href=\"https:\/\/mb2812.de\/wp-content\/uploads\/2022\/05\/IMG_2308.jpg\" target=\"_blank\" rel=\" noreferrer noopener\"><img loading=\"lazy\" decoding=\"async\" width=\"768\" height=\"1024\" src=\"https:\/\/mb2812.de\/wp-content\/uploads\/2022\/05\/IMG_2308-768x1024.jpg\" alt=\"\" class=\"wp-image-11641\" style=\"width:600px\" srcset=\"https:\/\/mb2812.de\/wp-content\/uploads\/2022\/05\/IMG_2308-768x1024.jpg 768w, https:\/\/mb2812.de\/wp-content\/uploads\/2022\/05\/IMG_2308-225x300.jpg 225w, https:\/\/mb2812.de\/wp-content\/uploads\/2022\/05\/IMG_2308-1152x1536.jpg 1152w, https:\/\/mb2812.de\/wp-content\/uploads\/2022\/05\/IMG_2308-668x891.jpg 668w, https:\/\/mb2812.de\/wp-content\/uploads\/2022\/05\/IMG_2308.jpg 1440w\" sizes=\"auto, (max-width: 768px) 100vw, 768px\" \/><\/a><figcaption class=\"wp-element-caption\"><em>Trafoh\u00e4uschen in Wollseifen<\/em><\/figcaption><\/figure>\n\n\n\n<figure class=\"wp-block-image aligncenter size-large is-resized\"><a href=\"https:\/\/mb2812.de\/wp-content\/uploads\/2022\/05\/IMG_2956.jpg\" target=\"_blank\" rel=\" noreferrer noopener\"><img loading=\"lazy\" decoding=\"async\" width=\"1024\" height=\"819\" src=\"https:\/\/mb2812.de\/wp-content\/uploads\/2022\/05\/IMG_2956-1024x819.jpg\" alt=\"\" class=\"wp-image-11655\" style=\"width:800px\" srcset=\"https:\/\/mb2812.de\/wp-content\/uploads\/2022\/05\/IMG_2956-1024x819.jpg 1024w, https:\/\/mb2812.de\/wp-content\/uploads\/2022\/05\/IMG_2956-300x240.jpg 300w, https:\/\/mb2812.de\/wp-content\/uploads\/2022\/05\/IMG_2956-768x614.jpg 768w, https:\/\/mb2812.de\/wp-content\/uploads\/2022\/05\/IMG_2956-1536x1229.jpg 1536w, https:\/\/mb2812.de\/wp-content\/uploads\/2022\/05\/IMG_2956-668x534.jpg 668w, https:\/\/mb2812.de\/wp-content\/uploads\/2022\/05\/IMG_2956.jpg 1920w\" sizes=\"auto, (max-width: 1024px) 100vw, 1024px\" \/><\/a><figcaption class=\"wp-element-caption\"><em>Ruine in Wollseifen<\/em><\/figcaption><\/figure>\n\n\n\n<figure class=\"wp-block-image aligncenter size-large is-resized\"><a href=\"https:\/\/mb2812.de\/wp-content\/uploads\/2022\/05\/IMG_2933.jpg\" target=\"_blank\" rel=\" noreferrer noopener\"><img loading=\"lazy\" decoding=\"async\" width=\"1024\" height=\"819\" src=\"https:\/\/mb2812.de\/wp-content\/uploads\/2022\/05\/IMG_2933-1024x819.jpg\" alt=\"\" class=\"wp-image-11651\" style=\"width:800px\" srcset=\"https:\/\/mb2812.de\/wp-content\/uploads\/2022\/05\/IMG_2933-1024x819.jpg 1024w, https:\/\/mb2812.de\/wp-content\/uploads\/2022\/05\/IMG_2933-300x240.jpg 300w, https:\/\/mb2812.de\/wp-content\/uploads\/2022\/05\/IMG_2933-768x614.jpg 768w, https:\/\/mb2812.de\/wp-content\/uploads\/2022\/05\/IMG_2933-1536x1229.jpg 1536w, https:\/\/mb2812.de\/wp-content\/uploads\/2022\/05\/IMG_2933-668x534.jpg 668w, https:\/\/mb2812.de\/wp-content\/uploads\/2022\/05\/IMG_2933.jpg 1920w\" sizes=\"auto, (max-width: 1024px) 100vw, 1024px\" \/><\/a><figcaption class=\"wp-element-caption\"><em>neu errichtete Bauten in Wollseifen, in denen Soldaten den Ha\u0308userkampf trainierten.<\/em><\/figcaption><\/figure>\n\n\n\n<p>Und was gab&#8217;s noch? ESC! \u00b9)<\/p>\n\n\n\n<figure class=\"wp-block-image aligncenter size-large is-resized\"><a href=\"https:\/\/mb2812.de\/wp-content\/uploads\/2022\/05\/IMG_2963-599.jpg\" target=\"_blank\" rel=\" noreferrer noopener\"><img loading=\"lazy\" decoding=\"async\" width=\"1024\" height=\"819\" src=\"https:\/\/mb2812.de\/wp-content\/uploads\/2022\/05\/IMG_2963-599-1024x819.jpg\" alt=\"\" class=\"wp-image-11861\" style=\"width:800px\" srcset=\"https:\/\/mb2812.de\/wp-content\/uploads\/2022\/05\/IMG_2963-599-1024x819.jpg 1024w, https:\/\/mb2812.de\/wp-content\/uploads\/2022\/05\/IMG_2963-599-300x240.jpg 300w, https:\/\/mb2812.de\/wp-content\/uploads\/2022\/05\/IMG_2963-599-768x614.jpg 768w, https:\/\/mb2812.de\/wp-content\/uploads\/2022\/05\/IMG_2963-599-1536x1229.jpg 1536w, https:\/\/mb2812.de\/wp-content\/uploads\/2022\/05\/IMG_2963-599-668x534.jpg 668w, https:\/\/mb2812.de\/wp-content\/uploads\/2022\/05\/IMG_2963-599.jpg 1920w\" sizes=\"auto, (max-width: 1024px) 100vw, 1024px\" \/><\/a><figcaption class=\"wp-element-caption\"><em>Stephans und meine Begeisterung hielt sich allerdings in Grenzen<\/em><\/figcaption><\/figure>\n\n\n\n<hr class=\"wp-block-separator has-alpha-channel-opacity\"\/>\n\n\n\n<p><strong>Sonntag <\/strong>hatten wir noch einen Programmpunkt, der uns wieder in die Zeit des kalten Krieges f\u00fchrte. Auch das Land Nordrhein-Westfalen besass einen Atombunker, in dem etwa 100 Politiker und Beamte einen Atomschlag \u00fcberleben sollten. Er liegt in Kall und ist mittlerweile in Privatbesitz, weitere Information finden sich auf der <a href=\"https:\/\/www.ausweichsitz-nrw.de\" target=\"_blank\" rel=\"noopener\">Webseite<\/a>.&nbsp;Wir hatten dort eine sehr interessante zweist\u00fcndige F\u00fchrung durch den Bunker.<\/p>\n\n\n\n<figure class=\"wp-block-image aligncenter size-large is-resized\"><a href=\"https:\/\/mb2812.de\/wp-content\/uploads\/2022\/05\/IMG_2966.jpg\" target=\"_blank\" rel=\" noreferrer noopener\"><img loading=\"lazy\" decoding=\"async\" width=\"1024\" height=\"819\" src=\"https:\/\/mb2812.de\/wp-content\/uploads\/2022\/05\/IMG_2966-1024x819.jpg\" alt=\"\" class=\"wp-image-11656\" style=\"width:800px\" srcset=\"https:\/\/mb2812.de\/wp-content\/uploads\/2022\/05\/IMG_2966-1024x819.jpg 1024w, https:\/\/mb2812.de\/wp-content\/uploads\/2022\/05\/IMG_2966-300x240.jpg 300w, https:\/\/mb2812.de\/wp-content\/uploads\/2022\/05\/IMG_2966-768x614.jpg 768w, https:\/\/mb2812.de\/wp-content\/uploads\/2022\/05\/IMG_2966-1536x1229.jpg 1536w, https:\/\/mb2812.de\/wp-content\/uploads\/2022\/05\/IMG_2966-668x534.jpg 668w, https:\/\/mb2812.de\/wp-content\/uploads\/2022\/05\/IMG_2966.jpg 1920w\" sizes=\"auto, (max-width: 1024px) 100vw, 1024px\" \/><\/a><figcaption class=\"wp-element-caption\"><em>Fotgrafieren ist w\u00e4hrend der F\u00fchrungen nicht gestattet, daher hier nur ein Foto des Eingangsbereiches.<\/em><\/figcaption><\/figure>\n\n\n\n<p>Nach der Bunkerbesichtigung endete das &#8222;Moselwochenende&#8220; und ging f\u00fcr Stephan und mich mit der Fahrt nach Koblenz nahtlos in den &#8222;Wellness- und Gourmeturlaub&#8220; \u00fcber.<\/p>\n\n\n\n<hr class=\"wp-block-separator has-alpha-channel-opacity\"\/>\n\n\n\n<p>\u00b9) = Eurovision Song Contest, fr\u00fcher mal &#8222;Grand Prix&#8220;<\/p>\n","protected":false},"excerpt":{"rendered":"<p>Das &#8222;Moselwochende&#8220; fand diesmal in der Eifel statt, in Kommern. Wir besichtigten die ehemalige NS Ordensburg Vogelsang und den Bunker des Landes-Nordrhein Westfalen<\/p>\n","protected":false},"author":1,"featured_media":11664,"comment_status":"closed","ping_status":"closed","sticky":false,"template":"","format":"standard","meta":{"footnotes":""},"categories":[27],"tags":[47,39,78],"class_list":["post-11630","post","type-post","status-publish","format-standard","has-post-thumbnail","hentry","category-wellnessurlaub-in-deutschland-2022","tag-47","tag-deutschland","tag-eifel"],"_links":{"self":[{"href":"https:\/\/mb2812.de\/index.php?rest_route=\/wp\/v2\/posts\/11630","targetHints":{"allow":["GET"]}}],"collection":[{"href":"https:\/\/mb2812.de\/index.php?rest_route=\/wp\/v2\/posts"}],"about":[{"href":"https:\/\/mb2812.de\/index.php?rest_route=\/wp\/v2\/types\/post"}],"author":[{"embeddable":true,"href":"https:\/\/mb2812.de\/index.php?rest_route=\/wp\/v2\/users\/1"}],"replies":[{"embeddable":true,"href":"https:\/\/mb2812.de\/index.php?rest_route=%2Fwp%2Fv2%2Fcomments&post=11630"}],"version-history":[{"count":23,"href":"https:\/\/mb2812.de\/index.php?rest_route=\/wp\/v2\/posts\/11630\/revisions"}],"predecessor-version":[{"id":16490,"href":"https:\/\/mb2812.de\/index.php?rest_route=\/wp\/v2\/posts\/11630\/revisions\/16490"}],"wp:featuredmedia":[{"embeddable":true,"href":"https:\/\/mb2812.de\/index.php?rest_route=\/wp\/v2\/media\/11664"}],"wp:attachment":[{"href":"https:\/\/mb2812.de\/index.php?rest_route=%2Fwp%2Fv2%2Fmedia&parent=11630"}],"wp:term":[{"taxonomy":"category","embeddable":true,"href":"https:\/\/mb2812.de\/index.php?rest_route=%2Fwp%2Fv2%2Fcategories&post=11630"},{"taxonomy":"post_tag","embeddable":true,"href":"https:\/\/mb2812.de\/index.php?rest_route=%2Fwp%2Fv2%2Ftags&post=11630"}],"curies":[{"name":"wp","href":"https:\/\/api.w.org\/{rel}","templated":true}]}}