{"id":11511,"date":"2022-04-24T09:00:58","date_gmt":"2022-04-24T07:00:58","guid":{"rendered":"http:\/\/reiseblog.mb2812.de\/?p=11511"},"modified":"2025-03-16T19:08:06","modified_gmt":"2025-03-16T17:08:06","slug":"berlin","status":"publish","type":"post","link":"https:\/\/mb2812.de\/?p=11511","title":{"rendered":"Berlin und Potsdam"},"content":{"rendered":"\n<p>Bei Stephan stand mal wieder eine Dienstreise an, und das verschaffte mir einen zweit\u00e4gigen City-trip nach Berlin. Los ging es am <strong>Sonntag, <\/strong>mittags machten wir uns von K\u00f6ln aus mit dem ICE auf nach Hannover, wo wir einigermassen p\u00fcnktlich so um 16:30 Uhr eintrafen und dann zu unserem Hotel marschierten. Dies war das &#8218;me and all&#8216; Hotel, die Kette hatten wir bereits bei unserem letztj\u00e4hrigen Trip nach Norddeutschland in Kiel kennengelernt und waren begeistert.<\/p>\n\n\n\n<p>Nun, in Hannover hat man dieser Begeisterung einen guten D\u00e4mpfer verpasst. Das lag zum einen am Zimmer, das wir diesmal sehr unpraktisch fanden. Durch einen hereinragenden L\u00fcftungsschacht war es am Bett ziemlich eng, w\u00e4hrend es an der T\u00fcr eine gro\u00dfe und eigentlich nutzlose Freifl\u00e4che gab. Und der ins Zimmer ragende freistehende Waschtisch viel auch nur als Hindernis auf. Und was uns in Kiel nicht aufgefallen war, da wir dort am Montag angereist waren: Sonntags ist der Service in den &#8218;me and all&#8216; Hotels wohl \u00fcberall stark eingeschr\u00e4nkt, selbst einen Drink haben wir nur ausnahmsweise bekommen, da vorher eine Veranstaltung war, wie man mir umfangreich erkl\u00e4rte. Und, machen wir die Liste voll, das Fr\u00fchst\u00fcck war auch nicht so besonders.<\/p>\n\n\n\n<figure class=\"wp-block-image aligncenter size-large is-resized\"><a href=\"https:\/\/mb2812.de\/wp-content\/uploads\/2022\/05\/IMG_1823.jpg\" target=\"_blank\" rel=\" noreferrer noopener\"><img loading=\"lazy\" decoding=\"async\" width=\"768\" height=\"1024\" src=\"https:\/\/mb2812.de\/wp-content\/uploads\/2022\/05\/IMG_1823-768x1024.jpg\" alt=\"\" class=\"wp-image-11541\" style=\"width:600px\" srcset=\"https:\/\/mb2812.de\/wp-content\/uploads\/2022\/05\/IMG_1823-768x1024.jpg 768w, https:\/\/mb2812.de\/wp-content\/uploads\/2022\/05\/IMG_1823-225x300.jpg 225w, https:\/\/mb2812.de\/wp-content\/uploads\/2022\/05\/IMG_1823-1152x1536.jpg 1152w, https:\/\/mb2812.de\/wp-content\/uploads\/2022\/05\/IMG_1823-668x891.jpg 668w, https:\/\/mb2812.de\/wp-content\/uploads\/2022\/05\/IMG_1823.jpg 1440w\" sizes=\"auto, (max-width: 768px) 100vw, 768px\" \/><\/a><figcaption class=\"wp-element-caption\"><em>Design k\u00f6nnen sie ja &#8211; der Flur<\/em><\/figcaption><\/figure>\n\n\n\n<!--more-->\n\n\n\n<figure class=\"wp-block-image aligncenter size-large is-resized\"><a href=\"https:\/\/mb2812.de\/wp-content\/uploads\/2022\/05\/IMG_1821-487.jpg\" target=\"_blank\" rel=\" noreferrer noopener\"><img loading=\"lazy\" decoding=\"async\" width=\"1024\" height=\"819\" src=\"https:\/\/mb2812.de\/wp-content\/uploads\/2022\/05\/IMG_1821-487-1024x819.jpg\" alt=\"\" class=\"wp-image-11540\" style=\"width:800px\" srcset=\"https:\/\/mb2812.de\/wp-content\/uploads\/2022\/05\/IMG_1821-487-1024x819.jpg 1024w, https:\/\/mb2812.de\/wp-content\/uploads\/2022\/05\/IMG_1821-487-300x240.jpg 300w, https:\/\/mb2812.de\/wp-content\/uploads\/2022\/05\/IMG_1821-487-768x614.jpg 768w, https:\/\/mb2812.de\/wp-content\/uploads\/2022\/05\/IMG_1821-487-1536x1229.jpg 1536w, https:\/\/mb2812.de\/wp-content\/uploads\/2022\/05\/IMG_1821-487-668x534.jpg 668w, https:\/\/mb2812.de\/wp-content\/uploads\/2022\/05\/IMG_1821-487.jpg 1920w\" sizes=\"auto, (max-width: 1024px) 100vw, 1024px\" \/><\/a><figcaption class=\"wp-element-caption\"><em>Und dies ist das Zimmer &#8211; die T\u00fcr ist hinten rechts.<\/em><\/figcaption><\/figure>\n\n\n\n<p>Nach dem Auspacken gab es den mehr oder weniger obligatorischen Spaziergang um die Zeit bis zum Abendessen zu vertreiben. Zum Maschsee war es uns diesmal zu weit, also ging es geradeaus am Rathaus vorbei zum Leineschloss\/Landtag und dann durch die Innenstadt zum reservierten Restaurant. Das hiess &#8222;Stadtmauer&#8220; und inzwischen ist dies eine kleine Kette mit insgesamt drei Fillialen, benannt nach der Lokation des ersten Restaurants. Wir hatten an der Oper nahe des Kr\u00f6pcke reserviert. Wir w\u00e4hlten Hamburger von der Karte, alles in allem nicht schlecht, aber etwas hochpreisig. Zur\u00fcck im Hotel gab es die erw\u00e4hnte halbe Service Verweigerung an der Bar und das war es dann.<\/p>\n\n\n\n<figure class=\"wp-block-image aligncenter size-large is-resized\"><a href=\"https:\/\/mb2812.de\/wp-content\/uploads\/2022\/05\/IMG_2626-478-479.jpg\" target=\"_blank\" rel=\" noreferrer noopener\"><img loading=\"lazy\" decoding=\"async\" width=\"1024\" height=\"1024\" src=\"https:\/\/mb2812.de\/wp-content\/uploads\/2022\/05\/IMG_2626-478-479-1024x1024.jpg\" alt=\"\" class=\"wp-image-11548\" style=\"width:700px\" srcset=\"https:\/\/mb2812.de\/wp-content\/uploads\/2022\/05\/IMG_2626-478-479-1024x1024.jpg 1024w, https:\/\/mb2812.de\/wp-content\/uploads\/2022\/05\/IMG_2626-478-479-300x300.jpg 300w, https:\/\/mb2812.de\/wp-content\/uploads\/2022\/05\/IMG_2626-478-479-150x150.jpg 150w, https:\/\/mb2812.de\/wp-content\/uploads\/2022\/05\/IMG_2626-478-479-768x768.jpg 768w, https:\/\/mb2812.de\/wp-content\/uploads\/2022\/05\/IMG_2626-478-479-1536x1536.jpg 1536w, https:\/\/mb2812.de\/wp-content\/uploads\/2022\/05\/IMG_2626-478-479-668x668.jpg 668w, https:\/\/mb2812.de\/wp-content\/uploads\/2022\/05\/IMG_2626-478-479.jpg 1920w\" sizes=\"auto, (max-width: 1024px) 100vw, 1024px\" \/><\/a><figcaption class=\"wp-element-caption\"><em>Das Rathaus<\/em><\/figcaption><\/figure>\n\n\n\n<figure class=\"wp-block-image aligncenter size-large is-resized\"><a href=\"https:\/\/mb2812.de\/wp-content\/uploads\/2022\/05\/IMG_1830-492.jpg\" target=\"_blank\" rel=\" noreferrer noopener\"><img loading=\"lazy\" decoding=\"async\" width=\"768\" height=\"1024\" src=\"https:\/\/mb2812.de\/wp-content\/uploads\/2022\/05\/IMG_1830-492-768x1024.jpg\" alt=\"\" class=\"wp-image-11564\" style=\"width:600px\" srcset=\"https:\/\/mb2812.de\/wp-content\/uploads\/2022\/05\/IMG_1830-492-768x1024.jpg 768w, https:\/\/mb2812.de\/wp-content\/uploads\/2022\/05\/IMG_1830-492-225x300.jpg 225w, https:\/\/mb2812.de\/wp-content\/uploads\/2022\/05\/IMG_1830-492-1152x1536.jpg 1152w, https:\/\/mb2812.de\/wp-content\/uploads\/2022\/05\/IMG_1830-492-668x891.jpg 668w, https:\/\/mb2812.de\/wp-content\/uploads\/2022\/05\/IMG_1830-492.jpg 1440w\" sizes=\"auto, (max-width: 768px) 100vw, 768px\" \/><\/a><figcaption class=\"wp-element-caption\"><em>H\u00e4user am Holzmarkt mit Oskar-Winter-Brunnen<\/em><\/figcaption><\/figure>\n\n\n\n<hr class=\"wp-block-separator has-text-color has-contrast-color has-alpha-channel-opacity has-contrast-background-color has-background is-style-wide is-style-wide--1\"\/>\n\n\n\n<p>Am <strong>Montag<\/strong> startete Stephans Dienstreise mit dem Auto nach Kiel, am sp\u00e4ten Dienstag Abend sollte es f\u00fcr ihn nach Berlin weitergehen. Ich hab das abgek\u00fcrzt und bin gleich mit dem Zug nach Berlin gefahren.<\/p>\n\n\n\n<p>Der Zug war zwar etwa 10 Minuten zu sp\u00e4t in Hannover, kam aber p\u00fcnktlich kurz nach 11 in Berlin an, und ich stand vor der Aufgabe, bis zum ab 15 Uhr m\u00f6glichen Check-In den Weg zum Hotel am Potsdamer Platz zu bew\u00e4ltigen. So ungef\u00e4hr 10 km habe ich dabei zur\u00fcckgelegt. Zun\u00e4chst mal bin ich ab Hauptbahnhof direkt nach S\u00fcden gelaufen, \u00fcber die Spree und vorbei an Bundeskanzleramt und Reichstag. Nach \u00dcberqueren der Stra\u00dfe des 17. Juni war ich dann im Gro\u00dfen Tiergarten am Floraplatz. &#8222;Du hast ja eh viel zu viel Zeit, da kannst du auch ausf\u00fchrlich fotografieren&#8220; waren meine Gedanken.<\/p>\n\n\n\n<p>Der Floraplatz entstand im 18. Jahrhundert und zun\u00e4chst stand eine Flora Statue &nbsp;in der Mitte, 1906 wurde diese durch die &#8222;Amazone zu Pferde&#8220; ersetzt. Rundherum standen acht Tierfiguren, die durch den Berliner Bildhauser Rudolf Siemering &nbsp;zun\u00e4chst f\u00fcr das George-Washington Denkmal in Philadelphia entworfen worden waren. Kaiser WIlhelm II. lie\u00df Zweitg\u00fcsse anfertigen und hier aufstellen. Nach dem zweiten Weltkrieg wurden die erhaltenen Plastiken an unterschiedlichen Orten im Gro\u00dfen Tiergarten aufgestellt, im Ramen eines Restaurierungsprojekts wurden 2020 die zwei verschollenen Figuren nachgegossen und alle an ihrem originalen Standort wieder aufgestellt.<\/p>\n\n\n\n<figure class=\"wp-block-image aligncenter size-large is-resized\"><a href=\"https:\/\/mb2812.de\/wp-content\/uploads\/2022\/05\/IMG_2651-485.jpg\" target=\"_blank\" rel=\" noreferrer noopener\"><img loading=\"lazy\" decoding=\"async\" width=\"1024\" height=\"819\" src=\"https:\/\/mb2812.de\/wp-content\/uploads\/2022\/05\/IMG_2651-485-1024x819.jpg\" alt=\"\" class=\"wp-image-11565\" style=\"width:800px\" srcset=\"https:\/\/mb2812.de\/wp-content\/uploads\/2022\/05\/IMG_2651-485-1024x819.jpg 1024w, https:\/\/mb2812.de\/wp-content\/uploads\/2022\/05\/IMG_2651-485-300x240.jpg 300w, https:\/\/mb2812.de\/wp-content\/uploads\/2022\/05\/IMG_2651-485-768x614.jpg 768w, https:\/\/mb2812.de\/wp-content\/uploads\/2022\/05\/IMG_2651-485-1536x1229.jpg 1536w, https:\/\/mb2812.de\/wp-content\/uploads\/2022\/05\/IMG_2651-485-668x534.jpg 668w, https:\/\/mb2812.de\/wp-content\/uploads\/2022\/05\/IMG_2651-485.jpg 1920w\" sizes=\"auto, (max-width: 1024px) 100vw, 1024px\" \/><\/a><figcaption class=\"wp-element-caption\"><em>&#8222;Amazone zu Pferde&#8220; von Lois Tuaillon. Auf dem Floraplatz steht eine vergr\u00f6\u00dferte Nachbildung, das Original vor der Nationalgalerie<\/em><\/figcaption><\/figure>\n\n\n\n<figure class=\"wp-block-image aligncenter size-large is-resized\"><a href=\"https:\/\/mb2812.de\/wp-content\/uploads\/2022\/05\/IMG_2652.jpg\" target=\"_blank\" rel=\" noreferrer noopener\"><img loading=\"lazy\" decoding=\"async\" width=\"1024\" height=\"819\" src=\"https:\/\/mb2812.de\/wp-content\/uploads\/2022\/05\/IMG_2652-1024x819.jpg\" alt=\"\" class=\"wp-image-11568\" style=\"width:800px\" srcset=\"https:\/\/mb2812.de\/wp-content\/uploads\/2022\/05\/IMG_2652-1024x819.jpg 1024w, https:\/\/mb2812.de\/wp-content\/uploads\/2022\/05\/IMG_2652-300x240.jpg 300w, https:\/\/mb2812.de\/wp-content\/uploads\/2022\/05\/IMG_2652-768x614.jpg 768w, https:\/\/mb2812.de\/wp-content\/uploads\/2022\/05\/IMG_2652-1536x1229.jpg 1536w, https:\/\/mb2812.de\/wp-content\/uploads\/2022\/05\/IMG_2652-668x534.jpg 668w, https:\/\/mb2812.de\/wp-content\/uploads\/2022\/05\/IMG_2652.jpg 1920w\" sizes=\"auto, (max-width: 1024px) 100vw, 1024px\" \/><\/a><figcaption class=\"wp-element-caption\"><em>Elch<\/em><\/figcaption><\/figure>\n\n\n\n<figure class=\"wp-block-image aligncenter size-large is-resized\"><a href=\"https:\/\/mb2812.de\/wp-content\/uploads\/2022\/05\/IMG_2657.jpg\"><img loading=\"lazy\" decoding=\"async\" width=\"768\" height=\"1024\" src=\"https:\/\/mb2812.de\/wp-content\/uploads\/2022\/05\/IMG_2657-768x1024.jpg\" alt=\"\" class=\"wp-image-11566\" style=\"width:600px\" srcset=\"https:\/\/mb2812.de\/wp-content\/uploads\/2022\/05\/IMG_2657-768x1024.jpg 768w, https:\/\/mb2812.de\/wp-content\/uploads\/2022\/05\/IMG_2657-225x300.jpg 225w, https:\/\/mb2812.de\/wp-content\/uploads\/2022\/05\/IMG_2657-1152x1536.jpg 1152w, https:\/\/mb2812.de\/wp-content\/uploads\/2022\/05\/IMG_2657-668x891.jpg 668w, https:\/\/mb2812.de\/wp-content\/uploads\/2022\/05\/IMG_2657.jpg 1440w\" sizes=\"auto, (max-width: 768px) 100vw, 768px\" \/><\/a><figcaption class=\"wp-element-caption\"><em>Liegender Bison<\/em><\/figcaption><\/figure>\n\n\n\n<p>Nicht allzuweit entfernt ist das Venusbassin (manchmal Goldfischteich genannt), in dessen N\u00e4he ein Denkmal f\u00fcr Beethoven, Haydn und Mozart steht. Da bin ich anschliessend dran vorbeigekommen.<\/p>\n\n\n\n<figure class=\"wp-block-image aligncenter size-large is-resized\"><a href=\"https:\/\/mb2812.de\/wp-content\/uploads\/2022\/05\/IMG_2660-488.jpg\" target=\"_blank\" rel=\" noreferrer noopener\"><img loading=\"lazy\" decoding=\"async\" width=\"768\" height=\"1024\" src=\"https:\/\/mb2812.de\/wp-content\/uploads\/2022\/05\/IMG_2660-488-768x1024.jpg\" alt=\"\" class=\"wp-image-11567\" style=\"width:600px\" srcset=\"https:\/\/mb2812.de\/wp-content\/uploads\/2022\/05\/IMG_2660-488-768x1024.jpg 768w, https:\/\/mb2812.de\/wp-content\/uploads\/2022\/05\/IMG_2660-488-225x300.jpg 225w, https:\/\/mb2812.de\/wp-content\/uploads\/2022\/05\/IMG_2660-488-1152x1536.jpg 1152w, https:\/\/mb2812.de\/wp-content\/uploads\/2022\/05\/IMG_2660-488-668x891.jpg 668w, https:\/\/mb2812.de\/wp-content\/uploads\/2022\/05\/IMG_2660-488.jpg 1440w\" sizes=\"auto, (max-width: 768px) 100vw, 768px\" \/><\/a><figcaption class=\"wp-element-caption\"><em>Beethoven-Haydn-Mozart-Denkmal (auch Komponistendenkmal genannt), 1904 von Rudolf und Wolfgang Siemering errichtet<\/em><\/figcaption><\/figure>\n\n\n\n<figure class=\"wp-block-image aligncenter size-large is-resized\"><a href=\"https:\/\/mb2812.de\/wp-content\/uploads\/2022\/05\/IMG_2668.jpg\"><img loading=\"lazy\" decoding=\"async\" width=\"768\" height=\"1024\" src=\"https:\/\/mb2812.de\/wp-content\/uploads\/2022\/05\/IMG_2668-768x1024.jpg\" alt=\"\" class=\"wp-image-11535\" style=\"width:600px\" srcset=\"https:\/\/mb2812.de\/wp-content\/uploads\/2022\/05\/IMG_2668-768x1024.jpg 768w, https:\/\/mb2812.de\/wp-content\/uploads\/2022\/05\/IMG_2668-225x300.jpg 225w, https:\/\/mb2812.de\/wp-content\/uploads\/2022\/05\/IMG_2668-1152x1536.jpg 1152w, https:\/\/mb2812.de\/wp-content\/uploads\/2022\/05\/IMG_2668-668x891.jpg 668w, https:\/\/mb2812.de\/wp-content\/uploads\/2022\/05\/IMG_2668.jpg 1440w\" sizes=\"auto, (max-width: 768px) 100vw, 768px\" \/><\/a><figcaption class=\"wp-element-caption\"><em>Halbfigur Ludwig van Beethoven<\/em><\/figcaption><\/figure>\n\n\n\n<p>Recht schnell ist man dann an der Tiergartenstra\u00dfe und auch am Potsdamer Platz, ich hatte noch massig Zeit und habe einen Umweg eingelegt, der f\u00fchrte mich als n\u00e4chstes zur Luiseninsel, dort stehen wieder einige Monumente.<\/p>\n\n\n\n<figure class=\"wp-block-image aligncenter size-large is-resized\"><a href=\"https:\/\/mb2812.de\/wp-content\/uploads\/2022\/05\/IMG_2675.jpg\" target=\"_blank\" rel=\" noreferrer noopener\"><img loading=\"lazy\" decoding=\"async\" width=\"1024\" height=\"819\" src=\"https:\/\/mb2812.de\/wp-content\/uploads\/2022\/05\/IMG_2675-1024x819.jpg\" alt=\"\" class=\"wp-image-11537\" style=\"width:800px\" srcset=\"https:\/\/mb2812.de\/wp-content\/uploads\/2022\/05\/IMG_2675-1024x819.jpg 1024w, https:\/\/mb2812.de\/wp-content\/uploads\/2022\/05\/IMG_2675-300x240.jpg 300w, https:\/\/mb2812.de\/wp-content\/uploads\/2022\/05\/IMG_2675-768x614.jpg 768w, https:\/\/mb2812.de\/wp-content\/uploads\/2022\/05\/IMG_2675-1536x1229.jpg 1536w, https:\/\/mb2812.de\/wp-content\/uploads\/2022\/05\/IMG_2675-668x534.jpg 668w, https:\/\/mb2812.de\/wp-content\/uploads\/2022\/05\/IMG_2675.jpg 1920w\" sizes=\"auto, (max-width: 1024px) 100vw, 1024px\" \/><\/a><figcaption class=\"wp-element-caption\"><em>Denkmal f\u00fcr K\u00f6nig Friedrich WIlhelm III, von Johann Friedrich Drake 1849 geschaffen, in der N\u00e4he der Luiseninsel<\/em><\/figcaption><\/figure>\n\n\n\n<figure class=\"wp-block-image aligncenter size-large is-resized\"><a href=\"https:\/\/mb2812.de\/wp-content\/uploads\/2022\/05\/IMG_2672.jpg\" target=\"_blank\" rel=\" noreferrer noopener\"><img loading=\"lazy\" decoding=\"async\" width=\"1024\" height=\"819\" src=\"https:\/\/mb2812.de\/wp-content\/uploads\/2022\/05\/IMG_2672-1024x819.jpg\" alt=\"\" class=\"wp-image-11536\" style=\"width:800px\" srcset=\"https:\/\/mb2812.de\/wp-content\/uploads\/2022\/05\/IMG_2672-1024x819.jpg 1024w, https:\/\/mb2812.de\/wp-content\/uploads\/2022\/05\/IMG_2672-300x240.jpg 300w, https:\/\/mb2812.de\/wp-content\/uploads\/2022\/05\/IMG_2672-768x614.jpg 768w, https:\/\/mb2812.de\/wp-content\/uploads\/2022\/05\/IMG_2672-1536x1229.jpg 1536w, https:\/\/mb2812.de\/wp-content\/uploads\/2022\/05\/IMG_2672-668x534.jpg 668w, https:\/\/mb2812.de\/wp-content\/uploads\/2022\/05\/IMG_2672.jpg 1920w\" sizes=\"auto, (max-width: 1024px) 100vw, 1024px\" \/><\/a><figcaption class=\"wp-element-caption\"><em>Das Denkmal f\u00fcr K\u00f6nigin Luise auf der Luiseninsel<\/em><\/figcaption><\/figure>\n\n\n\n<p>Das wars f\u00fcrs erste mit dem Tiergarten, entlang der Stauffenbergstra\u00dfe ging es weiter nach S\u00fcden vorbei an Botschaften, Hotels und dem Verteidigungsministerium bis zum Landwehrkanal. Der war jetzt nicht sonderlich fotogen, so bin ich dann die n\u00e4chste Stra\u00dfe &#8211; das war die Potsdamer Stra\u00dfe &#8211; wieder zur\u00fcckgelaufen<\/p>\n\n\n\n<figure class=\"wp-block-image aligncenter size-large is-resized\"><a href=\"https:\/\/mb2812.de\/wp-content\/uploads\/2022\/05\/IMG_2677-489.jpg\" target=\"_blank\" rel=\" noreferrer noopener\"><img loading=\"lazy\" decoding=\"async\" width=\"1024\" height=\"819\" src=\"https:\/\/mb2812.de\/wp-content\/uploads\/2022\/05\/IMG_2677-489-1024x819.jpg\" alt=\"\" class=\"wp-image-11533\" style=\"width:800px\" srcset=\"https:\/\/mb2812.de\/wp-content\/uploads\/2022\/05\/IMG_2677-489-1024x819.jpg 1024w, https:\/\/mb2812.de\/wp-content\/uploads\/2022\/05\/IMG_2677-489-300x240.jpg 300w, https:\/\/mb2812.de\/wp-content\/uploads\/2022\/05\/IMG_2677-489-768x614.jpg 768w, https:\/\/mb2812.de\/wp-content\/uploads\/2022\/05\/IMG_2677-489-1536x1229.jpg 1536w, https:\/\/mb2812.de\/wp-content\/uploads\/2022\/05\/IMG_2677-489-668x534.jpg 668w, https:\/\/mb2812.de\/wp-content\/uploads\/2022\/05\/IMG_2677-489.jpg 1920w\" sizes=\"auto, (max-width: 1024px) 100vw, 1024px\" \/><\/a><figcaption class=\"wp-element-caption\"><em>Die Neue Nationalgalerie, 1968 er\u00f6ffnet. Architekt war Mies van der Rohe<\/em><\/figcaption><\/figure>\n\n\n\n<figure class=\"wp-block-image aligncenter size-large is-resized\"><a href=\"https:\/\/mb2812.de\/wp-content\/uploads\/2022\/05\/IMG_2678.jpg\" target=\"_blank\" rel=\" noreferrer noopener\"><img loading=\"lazy\" decoding=\"async\" width=\"1024\" height=\"819\" src=\"https:\/\/mb2812.de\/wp-content\/uploads\/2022\/05\/IMG_2678-1024x819.jpg\" alt=\"\" class=\"wp-image-11538\" style=\"width:800px\" srcset=\"https:\/\/mb2812.de\/wp-content\/uploads\/2022\/05\/IMG_2678-1024x819.jpg 1024w, https:\/\/mb2812.de\/wp-content\/uploads\/2022\/05\/IMG_2678-300x240.jpg 300w, https:\/\/mb2812.de\/wp-content\/uploads\/2022\/05\/IMG_2678-768x614.jpg 768w, https:\/\/mb2812.de\/wp-content\/uploads\/2022\/05\/IMG_2678-1536x1229.jpg 1536w, https:\/\/mb2812.de\/wp-content\/uploads\/2022\/05\/IMG_2678-668x534.jpg 668w, https:\/\/mb2812.de\/wp-content\/uploads\/2022\/05\/IMG_2678.jpg 1920w\" sizes=\"auto, (max-width: 1024px) 100vw, 1024px\" \/><\/a><figcaption class=\"wp-element-caption\"><em>Die Berliner Philharmonie, links der Kammermusiksaal, von der Potsdamer Stra\u00dfe aus<\/em><\/figcaption><\/figure>\n\n\n\n<p>Vorbei am Theater am Potsdamer Platz kam ich dann endg\u00fcltig zum Potsdamer Platz und hab erstmal eine Pause gemacht mit einem Eiskaffee. Der war nicht nur eher m\u00e4\u00dfig, ich durfte ihn auch fast doppelt bezahlen, da das Kartenleseger\u00e4t genau nach der Meldung &#8222;Zahlung erfolgt&#8220; abst\u00fcrzte, bevor es der eigentlichen Kasse dies mitteilen konnte. Letzendlich fanden die beiden &#8222;jungen Damen&#8220;, dann doch heraus, wie man einen Beleg der Buchung erstellt.<\/p>\n\n\n\n<figure class=\"wp-block-image aligncenter size-large is-resized\"><a href=\"https:\/\/mb2812.de\/wp-content\/uploads\/2022\/05\/IMG_2684.jpg\" target=\"_blank\" rel=\" noreferrer noopener\"><img loading=\"lazy\" decoding=\"async\" width=\"1024\" height=\"819\" src=\"https:\/\/mb2812.de\/wp-content\/uploads\/2022\/05\/IMG_2684-1024x819.jpg\" alt=\"\" class=\"wp-image-11539\" style=\"width:800px\" srcset=\"https:\/\/mb2812.de\/wp-content\/uploads\/2022\/05\/IMG_2684-1024x819.jpg 1024w, https:\/\/mb2812.de\/wp-content\/uploads\/2022\/05\/IMG_2684-300x240.jpg 300w, https:\/\/mb2812.de\/wp-content\/uploads\/2022\/05\/IMG_2684-768x614.jpg 768w, https:\/\/mb2812.de\/wp-content\/uploads\/2022\/05\/IMG_2684-1536x1229.jpg 1536w, https:\/\/mb2812.de\/wp-content\/uploads\/2022\/05\/IMG_2684-668x534.jpg 668w, https:\/\/mb2812.de\/wp-content\/uploads\/2022\/05\/IMG_2684.jpg 1920w\" sizes=\"auto, (max-width: 1024px) 100vw, 1024px\" \/><\/a><figcaption class=\"wp-element-caption\"><em>Pause am Potsdamer Platz, der finstere Gesichtsausdruck kommt von meinem Kampf mit dem Handy, nicht von der Leistung der Teenies hinter dem Tresen<\/em><\/figcaption><\/figure>\n\n\n\n<p>Jetzt bin ich die Leipziger Stra\u00dfe entlang gelaufen, auf der s\u00fcdlichen Seite, und in H\u00f6he des Bundesrats steht man dann auch gegen\u00fcber meinem Hotel, dem Motel One. Es liegt in einem Eckgeb\u00e4ude am Eingang der Mall of Berlin.<\/p>\n\n\n\n<figure class=\"wp-block-image aligncenter size-large is-resized\"><a href=\"https:\/\/mb2812.de\/wp-content\/uploads\/2022\/04\/IMG_2688-493.jpg\" target=\"_blank\" rel=\" noreferrer noopener\"><img loading=\"lazy\" decoding=\"async\" width=\"1024\" height=\"819\" src=\"https:\/\/mb2812.de\/wp-content\/uploads\/2022\/04\/IMG_2688-493-1024x819.jpg\" alt=\"\" class=\"wp-image-11576\" style=\"width:800px\" srcset=\"https:\/\/mb2812.de\/wp-content\/uploads\/2022\/04\/IMG_2688-493-1024x819.jpg 1024w, https:\/\/mb2812.de\/wp-content\/uploads\/2022\/04\/IMG_2688-493-300x240.jpg 300w, https:\/\/mb2812.de\/wp-content\/uploads\/2022\/04\/IMG_2688-493-768x614.jpg 768w, https:\/\/mb2812.de\/wp-content\/uploads\/2022\/04\/IMG_2688-493-1536x1229.jpg 1536w, https:\/\/mb2812.de\/wp-content\/uploads\/2022\/04\/IMG_2688-493-668x534.jpg 668w, https:\/\/mb2812.de\/wp-content\/uploads\/2022\/04\/IMG_2688-493.jpg 1920w\" sizes=\"auto, (max-width: 1024px) 100vw, 1024px\" \/><\/a><figcaption class=\"wp-element-caption\"><em>Mall of Berlin mit dem Motel One im Eckgeb\u00e4ude links<\/em><\/figcaption><\/figure>\n\n\n\n<p>Das \u00dcberqueren der Stra\u00dfe war hier unm\u00f6glich, ich musste weiter bis zur n\u00e4chsten Kreuzung und hab dann als weiteren Zeitvertreib noch eine zus\u00e4tzliche Runde zum Brandenburger Tor drangeh\u00e4ngt, ohne jetzt zu fotografieren. Danach war die &nbsp;Zeit zum Einchecken gekommen und nachdem ich mich auf dem Zimmer ein bisschen erfrischt hatte, gab es eine weitere Pause in der Hotelbar. Auf der Terasse sitzt man nachmittags sch\u00f6n in der Sonne.<\/p>\n\n\n\n<figure class=\"wp-block-image aligncenter size-large is-resized\"><a href=\"https:\/\/mb2812.de\/wp-content\/uploads\/2022\/05\/IMG_2691-494.jpg\" target=\"_blank\" rel=\" noreferrer noopener\"><img loading=\"lazy\" decoding=\"async\" width=\"768\" height=\"1024\" src=\"https:\/\/mb2812.de\/wp-content\/uploads\/2022\/05\/IMG_2691-494-768x1024.jpg\" alt=\"\" class=\"wp-image-11558\" style=\"width:600px\" srcset=\"https:\/\/mb2812.de\/wp-content\/uploads\/2022\/05\/IMG_2691-494-768x1024.jpg 768w, https:\/\/mb2812.de\/wp-content\/uploads\/2022\/05\/IMG_2691-494-225x300.jpg 225w, https:\/\/mb2812.de\/wp-content\/uploads\/2022\/05\/IMG_2691-494-1152x1536.jpg 1152w, https:\/\/mb2812.de\/wp-content\/uploads\/2022\/05\/IMG_2691-494-668x891.jpg 668w, https:\/\/mb2812.de\/wp-content\/uploads\/2022\/05\/IMG_2691-494.jpg 1440w\" sizes=\"auto, (max-width: 768px) 100vw, 768px\" \/><\/a><figcaption class=\"wp-element-caption\"><em>Das Zimmer im Motel One<\/em><\/figcaption><\/figure>\n\n\n\n<figure class=\"wp-block-image aligncenter size-large is-resized\"><a href=\"https:\/\/mb2812.de\/wp-content\/uploads\/2022\/05\/IMG_2689.jpg\" target=\"_blank\" rel=\" noreferrer noopener\"><img loading=\"lazy\" decoding=\"async\" width=\"1024\" height=\"819\" src=\"https:\/\/mb2812.de\/wp-content\/uploads\/2022\/05\/IMG_2689-1024x819.jpg\" alt=\"\" class=\"wp-image-11560\" style=\"width:800px\" srcset=\"https:\/\/mb2812.de\/wp-content\/uploads\/2022\/05\/IMG_2689-1024x819.jpg 1024w, https:\/\/mb2812.de\/wp-content\/uploads\/2022\/05\/IMG_2689-300x240.jpg 300w, https:\/\/mb2812.de\/wp-content\/uploads\/2022\/05\/IMG_2689-768x614.jpg 768w, https:\/\/mb2812.de\/wp-content\/uploads\/2022\/05\/IMG_2689-1536x1229.jpg 1536w, https:\/\/mb2812.de\/wp-content\/uploads\/2022\/05\/IMG_2689-668x534.jpg 668w, https:\/\/mb2812.de\/wp-content\/uploads\/2022\/05\/IMG_2689.jpg 1920w\" sizes=\"auto, (max-width: 1024px) 100vw, 1024px\" \/><\/a><figcaption class=\"wp-element-caption\"><em>Hier der Blick zur T\u00fcr, ganz klassisch gibt es ein abgetrenntes Badezimmer<\/em><\/figcaption><\/figure>\n\n\n\n<figure class=\"wp-block-image aligncenter size-large is-resized\"><a href=\"https:\/\/mb2812.de\/wp-content\/uploads\/2022\/05\/IMG_2694.jpg\" target=\"_blank\" rel=\" noreferrer noopener\"><img loading=\"lazy\" decoding=\"async\" width=\"1024\" height=\"819\" src=\"https:\/\/mb2812.de\/wp-content\/uploads\/2022\/05\/IMG_2694-1024x819.jpg\" alt=\"\" class=\"wp-image-11561\" style=\"width:800px\" srcset=\"https:\/\/mb2812.de\/wp-content\/uploads\/2022\/05\/IMG_2694-1024x819.jpg 1024w, https:\/\/mb2812.de\/wp-content\/uploads\/2022\/05\/IMG_2694-300x240.jpg 300w, https:\/\/mb2812.de\/wp-content\/uploads\/2022\/05\/IMG_2694-768x614.jpg 768w, https:\/\/mb2812.de\/wp-content\/uploads\/2022\/05\/IMG_2694-1536x1229.jpg 1536w, https:\/\/mb2812.de\/wp-content\/uploads\/2022\/05\/IMG_2694-668x534.jpg 668w, https:\/\/mb2812.de\/wp-content\/uploads\/2022\/05\/IMG_2694.jpg 1920w\" sizes=\"auto, (max-width: 1024px) 100vw, 1024px\" \/><\/a><figcaption class=\"wp-element-caption\"><em>\u00dcber der Mall liegt der Innenhof des Geb\u00e4udekomplexes mit Terrasse des Motel One, jetzt gibt es erstmal eine richtige Pause<\/em><\/figcaption><\/figure>\n\n\n\n<p>Sp\u00e4tnachmittags ging es nochmal los, nach einem Streifzug durch die Mall in Richtung Osten, zum Alexanderplatz. Dabei kam ich durch die eigentliche Mitte Berlins s\u00fcdlich &#8222;Unter den Linden&#8220;. Ich lief entlang der Mohrenstra\u00dfe, vorbei an Deutschem Dom, Gendarmenmarkt und dem nun fertiggestellten Humboldt-Forum (Stadtschloss Nachbau). Fotografiert habe ich jetzt nicht mehr so viel.<\/p>\n\n\n\n<figure class=\"wp-block-image aligncenter size-large is-resized\"><a href=\"https:\/\/mb2812.de\/wp-content\/uploads\/2022\/05\/IMG_2697.jpg\" target=\"_blank\" rel=\" noreferrer noopener\"><img loading=\"lazy\" decoding=\"async\" width=\"1024\" height=\"819\" src=\"https:\/\/mb2812.de\/wp-content\/uploads\/2022\/05\/IMG_2697-1024x819.jpg\" alt=\"\" class=\"wp-image-11562\" style=\"width:800px\" srcset=\"https:\/\/mb2812.de\/wp-content\/uploads\/2022\/05\/IMG_2697-1024x819.jpg 1024w, https:\/\/mb2812.de\/wp-content\/uploads\/2022\/05\/IMG_2697-300x240.jpg 300w, https:\/\/mb2812.de\/wp-content\/uploads\/2022\/05\/IMG_2697-768x614.jpg 768w, https:\/\/mb2812.de\/wp-content\/uploads\/2022\/05\/IMG_2697-1536x1229.jpg 1536w, https:\/\/mb2812.de\/wp-content\/uploads\/2022\/05\/IMG_2697-668x534.jpg 668w, https:\/\/mb2812.de\/wp-content\/uploads\/2022\/05\/IMG_2697.jpg 1920w\" sizes=\"auto, (max-width: 1024px) 100vw, 1024px\" \/><\/a><figcaption class=\"wp-element-caption\"><em>Bevor die &#8222;political Correctness&#8220; ihr den Garaus macht, habe ich die Mohrenstra\u00dfe einmal fotografiert<\/em><\/figcaption><\/figure>\n\n\n\n<figure class=\"wp-block-image aligncenter size-large is-resized\"><a href=\"https:\/\/mb2812.de\/wp-content\/uploads\/2022\/05\/IMG_2699-495.jpg\" target=\"_blank\" rel=\" noreferrer noopener\"><img loading=\"lazy\" decoding=\"async\" width=\"1024\" height=\"819\" src=\"https:\/\/mb2812.de\/wp-content\/uploads\/2022\/05\/IMG_2699-495-1024x819.jpg\" alt=\"\" class=\"wp-image-11559\" style=\"width:800px\" srcset=\"https:\/\/mb2812.de\/wp-content\/uploads\/2022\/05\/IMG_2699-495-1024x819.jpg 1024w, https:\/\/mb2812.de\/wp-content\/uploads\/2022\/05\/IMG_2699-495-300x240.jpg 300w, https:\/\/mb2812.de\/wp-content\/uploads\/2022\/05\/IMG_2699-495-768x614.jpg 768w, https:\/\/mb2812.de\/wp-content\/uploads\/2022\/05\/IMG_2699-495-1536x1229.jpg 1536w, https:\/\/mb2812.de\/wp-content\/uploads\/2022\/05\/IMG_2699-495-668x534.jpg 668w, https:\/\/mb2812.de\/wp-content\/uploads\/2022\/05\/IMG_2699-495.jpg 1920w\" sizes=\"auto, (max-width: 1024px) 100vw, 1024px\" \/><\/a><figcaption class=\"wp-element-caption\"><em>Alexanderplatz mit S-Bahn Station und Fernsehturm<\/em><\/figcaption><\/figure>\n\n\n\n<p>Wegen qualmender Sohlen hab ich den R\u00fcckweg per U-Bahn erledigt und dann etwas Essbares gesucht. Der Food Court in der Mall gefiel mir irgendwie nicht, diverse Inder am Potsdamer Platz sahen nicht schlecht aus, ich bin aber noch weiter gelaufen und wollte dan nicht wieder zur\u00fccklaufen und landete so im Sony Center im &#8222;Lindenbr\u00e4u&#8220;. F\u00fcr 20 Euro gab es K\u00e4sesp\u00e4tzle und ein Kellerbier, nicht ganz g\u00fcnstig, aber eigentlich war alles ok.<\/p>\n\n\n\n<p>Zur Erholung gab es noch einen Cocktail in der Bar des Motel One.<\/p>\n\n\n\n<figure class=\"wp-block-image aligncenter size-large is-resized\"><a href=\"https:\/\/mb2812.de\/wp-content\/uploads\/2022\/05\/IMG_2703.jpg\" target=\"_blank\" rel=\" noreferrer noopener\"><img loading=\"lazy\" decoding=\"async\" width=\"1024\" height=\"819\" src=\"https:\/\/mb2812.de\/wp-content\/uploads\/2022\/05\/IMG_2703-1024x819.jpg\" alt=\"\" class=\"wp-image-11563\" style=\"width:800px\" srcset=\"https:\/\/mb2812.de\/wp-content\/uploads\/2022\/05\/IMG_2703-1024x819.jpg 1024w, https:\/\/mb2812.de\/wp-content\/uploads\/2022\/05\/IMG_2703-300x240.jpg 300w, https:\/\/mb2812.de\/wp-content\/uploads\/2022\/05\/IMG_2703-768x614.jpg 768w, https:\/\/mb2812.de\/wp-content\/uploads\/2022\/05\/IMG_2703-1536x1229.jpg 1536w, https:\/\/mb2812.de\/wp-content\/uploads\/2022\/05\/IMG_2703-668x534.jpg 668w, https:\/\/mb2812.de\/wp-content\/uploads\/2022\/05\/IMG_2703.jpg 1920w\" sizes=\"auto, (max-width: 1024px) 100vw, 1024px\" \/><\/a><figcaption class=\"wp-element-caption\"><em>Kann als Werbefoto durchgehen: Ein Mai Tai vor mir in der Bar des Motel One<\/em><\/figcaption><\/figure>\n\n\n\n<hr class=\"wp-block-separator has-alpha-channel-opacity\"\/>\n\n\n\n<p>F\u00fcr den<strong> Dienstag<\/strong> hatte ich mir Potsdam als Ziel ausgesucht. Die meisten dortigen Schl\u00f6sser kannte ich mehr oder weniger nur vom Boot aus. 2005 hatten wir den Park Sanssouci (der nun nicht vom Boot sichtbar ist) durchstreift, und bei unserem letzten Aufenthalt 2019 waren wir dann durch den Neuen Garten mit Schloss Cecilienhof bis zur Glienicker Br\u00fccke gelaufen. Da wollte ich ansetzen und hatte mir Park Babelsberg als erstes Ziel ausgesucht.<\/p>\n\n\n\n<p>Also ging es mit der S-Bahn und Umsteigen in Wannsee zum Potsdamer Hauptbahnhof und dann mit der Stra\u00dfenbahn bis zur Endstation Glienicker Br\u00fccke. Von hier an waren die Schuhsohlen wieder f\u00fcr die Bef\u00f6rderung zust\u00e4ndig. Als erstes ging es zur Glienicker Br\u00fccke \u00fcberhaupt (die Stra\u00dfenbahn h\u00e4lt n\u00e4mlich \u201eeinige\u201c Meter vorher) und dann dar\u00fcber. Dort wollte ich rechts abbiegen, am Wasser entlang durch Klein Glienicke zum Park Babelsberg. Das war nicht so einfach, es dr\u00e4ngt sich der Verdacht auf dass man am Glienicker Jagdschloss Besucher nicht mag, es gab jedenfalls nur verschlossene Tore. Ich musste also ein paar Hundert Meter die K\u00f6nigsstra\u00dfe Richtung Wannsee weiterlaufen, und konnte bei der Gelegenheit einige Blicke auf Schloss Glienicke richten, was eigentlich nicht geplant war.<\/p>\n\n\n\n<figure class=\"wp-block-image aligncenter size-large is-resized\"><a href=\"https:\/\/mb2812.de\/wp-content\/uploads\/2022\/05\/IMG_2706-496.jpg\" target=\"_blank\" rel=\" noreferrer noopener\"><img loading=\"lazy\" decoding=\"async\" width=\"1024\" height=\"819\" src=\"https:\/\/mb2812.de\/wp-content\/uploads\/2022\/05\/IMG_2706-496-1024x819.jpg\" alt=\"\" class=\"wp-image-11526\" style=\"width:800px\" srcset=\"https:\/\/mb2812.de\/wp-content\/uploads\/2022\/05\/IMG_2706-496-1024x819.jpg 1024w, https:\/\/mb2812.de\/wp-content\/uploads\/2022\/05\/IMG_2706-496-300x240.jpg 300w, https:\/\/mb2812.de\/wp-content\/uploads\/2022\/05\/IMG_2706-496-768x614.jpg 768w, https:\/\/mb2812.de\/wp-content\/uploads\/2022\/05\/IMG_2706-496-1536x1229.jpg 1536w, https:\/\/mb2812.de\/wp-content\/uploads\/2022\/05\/IMG_2706-496-668x534.jpg 668w, https:\/\/mb2812.de\/wp-content\/uploads\/2022\/05\/IMG_2706-496.jpg 1920w\" sizes=\"auto, (max-width: 1024px) 100vw, 1024px\" \/><\/a><figcaption class=\"wp-element-caption\"><em>Die Glienicker Br\u00fccke vom Berliner Ufer aus<\/em><\/figcaption><\/figure>\n\n\n\n<figure class=\"wp-block-image aligncenter size-large is-resized\"><a href=\"https:\/\/mb2812.de\/wp-content\/uploads\/2022\/05\/IMG_2713.jpg\" target=\"_blank\" rel=\" noreferrer noopener\"><img loading=\"lazy\" decoding=\"async\" width=\"768\" height=\"1024\" src=\"https:\/\/mb2812.de\/wp-content\/uploads\/2022\/05\/IMG_2713-768x1024.jpg\" alt=\"\" class=\"wp-image-11530\" style=\"width:600px\" srcset=\"https:\/\/mb2812.de\/wp-content\/uploads\/2022\/05\/IMG_2713-768x1024.jpg 768w, https:\/\/mb2812.de\/wp-content\/uploads\/2022\/05\/IMG_2713-225x300.jpg 225w, https:\/\/mb2812.de\/wp-content\/uploads\/2022\/05\/IMG_2713-1152x1536.jpg 1152w, https:\/\/mb2812.de\/wp-content\/uploads\/2022\/05\/IMG_2713-668x891.jpg 668w, https:\/\/mb2812.de\/wp-content\/uploads\/2022\/05\/IMG_2713.jpg 1440w\" sizes=\"auto, (max-width: 768px) 100vw, 768px\" \/><\/a><figcaption class=\"wp-element-caption\"><em>Das Greifentor, Eingang zum Park Glienicke mit dem \u00a0Schloss Glienicke<\/em><\/figcaption><\/figure>\n\n\n\n<figure class=\"wp-block-image aligncenter size-large is-resized\"><a href=\"https:\/\/mb2812.de\/wp-content\/uploads\/2022\/05\/IMG_2710-499.jpg\" target=\"_blank\" rel=\" noreferrer noopener\"><img loading=\"lazy\" decoding=\"async\" width=\"1024\" height=\"819\" src=\"https:\/\/mb2812.de\/wp-content\/uploads\/2022\/05\/IMG_2710-499-1024x819.jpg\" alt=\"\" class=\"wp-image-11527\" style=\"width:800px\" srcset=\"https:\/\/mb2812.de\/wp-content\/uploads\/2022\/05\/IMG_2710-499-1024x819.jpg 1024w, https:\/\/mb2812.de\/wp-content\/uploads\/2022\/05\/IMG_2710-499-300x240.jpg 300w, https:\/\/mb2812.de\/wp-content\/uploads\/2022\/05\/IMG_2710-499-768x614.jpg 768w, https:\/\/mb2812.de\/wp-content\/uploads\/2022\/05\/IMG_2710-499-1536x1229.jpg 1536w, https:\/\/mb2812.de\/wp-content\/uploads\/2022\/05\/IMG_2710-499-668x534.jpg 668w, https:\/\/mb2812.de\/wp-content\/uploads\/2022\/05\/IMG_2710-499.jpg 1920w\" sizes=\"auto, (max-width: 1024px) 100vw, 1024px\" \/><\/a><figcaption class=\"wp-element-caption\"><em>Schloss Glienicke, davor die L\u00f6wenfont\u00e4ne<\/em><\/figcaption><\/figure>\n\n\n\n<figure class=\"wp-block-image aligncenter size-large is-resized\"><a href=\"https:\/\/mb2812.de\/wp-content\/uploads\/2022\/05\/IMG_2711.jpg\" target=\"_blank\" rel=\" noreferrer noopener\"><img loading=\"lazy\" decoding=\"async\" width=\"1024\" height=\"819\" src=\"https:\/\/mb2812.de\/wp-content\/uploads\/2022\/05\/IMG_2711-1024x819.jpg\" alt=\"\" class=\"wp-image-11529\" style=\"width:800px\" srcset=\"https:\/\/mb2812.de\/wp-content\/uploads\/2022\/05\/IMG_2711-1024x819.jpg 1024w, https:\/\/mb2812.de\/wp-content\/uploads\/2022\/05\/IMG_2711-300x240.jpg 300w, https:\/\/mb2812.de\/wp-content\/uploads\/2022\/05\/IMG_2711-768x614.jpg 768w, https:\/\/mb2812.de\/wp-content\/uploads\/2022\/05\/IMG_2711-1536x1229.jpg 1536w, https:\/\/mb2812.de\/wp-content\/uploads\/2022\/05\/IMG_2711-668x534.jpg 668w, https:\/\/mb2812.de\/wp-content\/uploads\/2022\/05\/IMG_2711.jpg 1920w\" sizes=\"auto, (max-width: 1024px) 100vw, 1024px\" \/><\/a><figcaption class=\"wp-element-caption\"><em>Stibadium<\/em><\/figcaption><\/figure>\n\n\n\n<p>Gegen\u00fcber gibt es dann einen Eingang zum Parkplatz des &#8222;Sozialp\u00e4dagogischen Fortbildungsinstitut Berlin-Brandenburg&#8220;, welches seit 2007 im Jagdschloss residiert, und damit einen Zugang zum Park.<\/p>\n\n\n\n<figure class=\"wp-block-image aligncenter size-large is-resized\"><a href=\"https:\/\/mb2812.de\/wp-content\/uploads\/2022\/05\/IMG_2715.jpg\" target=\"_blank\" rel=\" noreferrer noopener\"><img loading=\"lazy\" decoding=\"async\" width=\"1024\" height=\"819\" src=\"https:\/\/mb2812.de\/wp-content\/uploads\/2022\/05\/IMG_2715-1024x819.jpg\" alt=\"\" class=\"wp-image-11531\" style=\"width:800px\" srcset=\"https:\/\/mb2812.de\/wp-content\/uploads\/2022\/05\/IMG_2715-1024x819.jpg 1024w, https:\/\/mb2812.de\/wp-content\/uploads\/2022\/05\/IMG_2715-300x240.jpg 300w, https:\/\/mb2812.de\/wp-content\/uploads\/2022\/05\/IMG_2715-768x614.jpg 768w, https:\/\/mb2812.de\/wp-content\/uploads\/2022\/05\/IMG_2715-1536x1229.jpg 1536w, https:\/\/mb2812.de\/wp-content\/uploads\/2022\/05\/IMG_2715-668x534.jpg 668w, https:\/\/mb2812.de\/wp-content\/uploads\/2022\/05\/IMG_2715.jpg 1920w\" sizes=\"auto, (max-width: 1024px) 100vw, 1024px\" \/><\/a><figcaption class=\"wp-element-caption\"><em>Der Teich im Park des Jagdschlosses Glienicke<\/em><\/figcaption><\/figure>\n\n\n\n<figure class=\"wp-block-image aligncenter size-large is-resized\"><a href=\"https:\/\/mb2812.de\/wp-content\/uploads\/2022\/05\/IMG_2717.jpg\" target=\"_blank\" rel=\" noreferrer noopener\"><img loading=\"lazy\" decoding=\"async\" width=\"1024\" height=\"819\" src=\"https:\/\/mb2812.de\/wp-content\/uploads\/2022\/05\/IMG_2717-1024x819.jpg\" alt=\"\" class=\"wp-image-11532\" style=\"width:800px\" srcset=\"https:\/\/mb2812.de\/wp-content\/uploads\/2022\/05\/IMG_2717-1024x819.jpg 1024w, https:\/\/mb2812.de\/wp-content\/uploads\/2022\/05\/IMG_2717-300x240.jpg 300w, https:\/\/mb2812.de\/wp-content\/uploads\/2022\/05\/IMG_2717-768x614.jpg 768w, https:\/\/mb2812.de\/wp-content\/uploads\/2022\/05\/IMG_2717-1536x1229.jpg 1536w, https:\/\/mb2812.de\/wp-content\/uploads\/2022\/05\/IMG_2717-668x534.jpg 668w, https:\/\/mb2812.de\/wp-content\/uploads\/2022\/05\/IMG_2717.jpg 1920w\" sizes=\"auto, (max-width: 1024px) 100vw, 1024px\" \/><\/a><figcaption class=\"wp-element-caption\"><em>Blick \u00fcber die Glienicker Lake zum Park Babelsberg mit dem Schloss<\/em><\/figcaption><\/figure>\n\n\n\n<p>Die Schlossgeb\u00e4ude selber befinden sich wieder hinter einem Zaun, man muss \u00fcber die M\u00f6venstra\u00dfe ausweichen um nach Klein Glienicke zum kommen. Heutzutage ist nicht mehr viel davon zu bemerken, aber Klein Glienicke war eine Exklave der DDR auf Westberliner Gebiet und von der Mauer umgeben. So ein bisschen DDR Atmosph\u00e4re taucht beim Gang durch den Ort allerdings noch auf.<\/p>\n\n\n\n<figure class=\"wp-block-image aligncenter size-large is-resized\"><a href=\"https:\/\/mb2812.de\/wp-content\/uploads\/2022\/05\/IMG_2719.jpg\" target=\"_blank\" rel=\" noreferrer noopener\"><img loading=\"lazy\" decoding=\"async\" width=\"768\" height=\"1024\" src=\"https:\/\/mb2812.de\/wp-content\/uploads\/2022\/05\/IMG_2719-768x1024.jpg\" alt=\"\" class=\"wp-image-11550\" style=\"width:600px\" srcset=\"https:\/\/mb2812.de\/wp-content\/uploads\/2022\/05\/IMG_2719-768x1024.jpg 768w, https:\/\/mb2812.de\/wp-content\/uploads\/2022\/05\/IMG_2719-225x300.jpg 225w, https:\/\/mb2812.de\/wp-content\/uploads\/2022\/05\/IMG_2719-1152x1536.jpg 1152w, https:\/\/mb2812.de\/wp-content\/uploads\/2022\/05\/IMG_2719-668x891.jpg 668w, https:\/\/mb2812.de\/wp-content\/uploads\/2022\/05\/IMG_2719.jpg 1440w\" sizes=\"auto, (max-width: 768px) 100vw, 768px\" \/><\/a><figcaption class=\"wp-element-caption\"><em>Das Tor zum Jagschloss in Klein Glienicke<\/em><\/figcaption><\/figure>\n\n\n\n<figure class=\"wp-block-image aligncenter size-large is-resized\"><a href=\"https:\/\/mb2812.de\/wp-content\/uploads\/2022\/05\/IMG_2720.jpg\" target=\"_blank\" rel=\" noreferrer noopener\"><img loading=\"lazy\" decoding=\"async\" width=\"768\" height=\"1024\" src=\"https:\/\/mb2812.de\/wp-content\/uploads\/2022\/05\/IMG_2720-768x1024.jpg\" alt=\"\" class=\"wp-image-11551\" style=\"width:600px\" srcset=\"https:\/\/mb2812.de\/wp-content\/uploads\/2022\/05\/IMG_2720-768x1024.jpg 768w, https:\/\/mb2812.de\/wp-content\/uploads\/2022\/05\/IMG_2720-225x300.jpg 225w, https:\/\/mb2812.de\/wp-content\/uploads\/2022\/05\/IMG_2720-1152x1536.jpg 1152w, https:\/\/mb2812.de\/wp-content\/uploads\/2022\/05\/IMG_2720-668x891.jpg 668w, https:\/\/mb2812.de\/wp-content\/uploads\/2022\/05\/IMG_2720.jpg 1440w\" sizes=\"auto, (max-width: 768px) 100vw, 768px\" \/><\/a><figcaption class=\"wp-element-caption\"><em>Aus DDR Zeiten ist der &#8222;Konsum&#8220; Schriftzug \u00fcbriggeblieben, ansonsten wurde das Geb\u00e4ude modernisiert. Zum Vergleich steht eine Schautafel mit einem historischen Foto vor dem Geb\u00e4ude<\/em><\/figcaption><\/figure>\n\n\n\n<figure class=\"wp-block-image aligncenter size-large is-resized\"><a href=\"https:\/\/mb2812.de\/wp-content\/uploads\/2022\/05\/IMG_2722.jpg\" target=\"_blank\" rel=\" noreferrer noopener\"><img loading=\"lazy\" decoding=\"async\" width=\"1024\" height=\"819\" src=\"https:\/\/mb2812.de\/wp-content\/uploads\/2022\/05\/IMG_2722-1024x819.jpg\" alt=\"\" class=\"wp-image-11552\" style=\"width:800px\" srcset=\"https:\/\/mb2812.de\/wp-content\/uploads\/2022\/05\/IMG_2722-1024x819.jpg 1024w, https:\/\/mb2812.de\/wp-content\/uploads\/2022\/05\/IMG_2722-300x240.jpg 300w, https:\/\/mb2812.de\/wp-content\/uploads\/2022\/05\/IMG_2722-768x614.jpg 768w, https:\/\/mb2812.de\/wp-content\/uploads\/2022\/05\/IMG_2722-1536x1229.jpg 1536w, https:\/\/mb2812.de\/wp-content\/uploads\/2022\/05\/IMG_2722-668x534.jpg 668w, https:\/\/mb2812.de\/wp-content\/uploads\/2022\/05\/IMG_2722.jpg 1920w\" sizes=\"auto, (max-width: 1024px) 100vw, 1024px\" \/><\/a><figcaption class=\"wp-element-caption\"><em>Die Waldm\u00fcllerstra\u00dfe in Klein Glienicke<\/em><\/figcaption><\/figure>\n\n\n\n<p>\u00dcber die Parkbr\u00fccke gehe ich jetzt wie geplant nach Babelsberg und dort zun\u00e4chst auf dem Uferweg Richtung Dampfmaschinenhaus. Nun gibt es endlich gute Blicke auf das Jagdschloss.<\/p>\n\n\n\n<figure class=\"wp-block-image aligncenter size-large is-resized\"><a href=\"https:\/\/mb2812.de\/wp-content\/uploads\/2022\/05\/IMG_2726.jpg\" target=\"_blank\" rel=\" noreferrer noopener\"><img loading=\"lazy\" decoding=\"async\" width=\"1024\" height=\"819\" src=\"https:\/\/mb2812.de\/wp-content\/uploads\/2022\/05\/IMG_2726-1024x819.jpg\" alt=\"\" class=\"wp-image-11553\" style=\"width:800px\" srcset=\"https:\/\/mb2812.de\/wp-content\/uploads\/2022\/05\/IMG_2726-1024x819.jpg 1024w, https:\/\/mb2812.de\/wp-content\/uploads\/2022\/05\/IMG_2726-300x240.jpg 300w, https:\/\/mb2812.de\/wp-content\/uploads\/2022\/05\/IMG_2726-768x614.jpg 768w, https:\/\/mb2812.de\/wp-content\/uploads\/2022\/05\/IMG_2726-1536x1229.jpg 1536w, https:\/\/mb2812.de\/wp-content\/uploads\/2022\/05\/IMG_2726-668x534.jpg 668w, https:\/\/mb2812.de\/wp-content\/uploads\/2022\/05\/IMG_2726.jpg 1920w\" sizes=\"auto, (max-width: 1024px) 100vw, 1024px\" \/><\/a><figcaption class=\"wp-element-caption\"><em>Jagschloss Glienicke vom Park Babelsberg aus<\/em><\/figcaption><\/figure>\n\n\n\n<figure class=\"wp-block-image aligncenter size-large is-resized\"><a href=\"https:\/\/mb2812.de\/wp-content\/uploads\/2022\/05\/IMG_2727.jpg\" target=\"_blank\" rel=\" noreferrer noopener\"><img loading=\"lazy\" decoding=\"async\" width=\"1024\" height=\"819\" src=\"https:\/\/mb2812.de\/wp-content\/uploads\/2022\/05\/IMG_2727-1024x819.jpg\" alt=\"\" class=\"wp-image-11554\" style=\"width:800px\" srcset=\"https:\/\/mb2812.de\/wp-content\/uploads\/2022\/05\/IMG_2727-1024x819.jpg 1024w, https:\/\/mb2812.de\/wp-content\/uploads\/2022\/05\/IMG_2727-300x240.jpg 300w, https:\/\/mb2812.de\/wp-content\/uploads\/2022\/05\/IMG_2727-768x614.jpg 768w, https:\/\/mb2812.de\/wp-content\/uploads\/2022\/05\/IMG_2727-1536x1229.jpg 1536w, https:\/\/mb2812.de\/wp-content\/uploads\/2022\/05\/IMG_2727-668x534.jpg 668w, https:\/\/mb2812.de\/wp-content\/uploads\/2022\/05\/IMG_2727.jpg 1920w\" sizes=\"auto, (max-width: 1024px) 100vw, 1024px\" \/><\/a><figcaption class=\"wp-element-caption\"><em>Das Dampfmaschinenhaus<\/em><\/figcaption><\/figure>\n\n\n\n<figure class=\"wp-block-image aligncenter size-large is-resized\"><a href=\"https:\/\/mb2812.de\/wp-content\/uploads\/2022\/05\/IMG_2737.jpg\" target=\"_blank\" rel=\" noreferrer noopener\"><img loading=\"lazy\" decoding=\"async\" width=\"768\" height=\"1024\" src=\"https:\/\/mb2812.de\/wp-content\/uploads\/2022\/05\/IMG_2737-768x1024.jpg\" alt=\"\" class=\"wp-image-11555\" style=\"width:600px\" srcset=\"https:\/\/mb2812.de\/wp-content\/uploads\/2022\/05\/IMG_2737-768x1024.jpg 768w, https:\/\/mb2812.de\/wp-content\/uploads\/2022\/05\/IMG_2737-225x300.jpg 225w, https:\/\/mb2812.de\/wp-content\/uploads\/2022\/05\/IMG_2737-1152x1536.jpg 1152w, https:\/\/mb2812.de\/wp-content\/uploads\/2022\/05\/IMG_2737-668x891.jpg 668w, https:\/\/mb2812.de\/wp-content\/uploads\/2022\/05\/IMG_2737.jpg 1440w\" sizes=\"auto, (max-width: 768px) 100vw, 768px\" \/><\/a><figcaption class=\"wp-element-caption\"><em>Blick hoch zum Schloss Babelsberg<\/em><\/figcaption><\/figure>\n\n\n\n<p>Ein paar Meter h\u00f6her liegt das Schloss Babelsberg, also verlasse ich den Uferweg am Wilhelm-Wasserfall, der sich leider fotografisch nicht umsetzen l\u00e4sst, und mache mich an den Aufstieg. Schlo\u00df Babelsberg wird dann einmal von Ost nach West umrundet:<\/p>\n\n\n\n<figure class=\"wp-block-image aligncenter size-large is-resized\"><a href=\"https:\/\/mb2812.de\/wp-content\/uploads\/2022\/05\/IMG_2741.jpg\" target=\"_blank\" rel=\" noreferrer noopener\"><img loading=\"lazy\" decoding=\"async\" width=\"1024\" height=\"819\" src=\"https:\/\/mb2812.de\/wp-content\/uploads\/2022\/05\/IMG_2741-1024x819.jpg\" alt=\"\" class=\"wp-image-11556\" style=\"width:800px\" srcset=\"https:\/\/mb2812.de\/wp-content\/uploads\/2022\/05\/IMG_2741-1024x819.jpg 1024w, https:\/\/mb2812.de\/wp-content\/uploads\/2022\/05\/IMG_2741-300x240.jpg 300w, https:\/\/mb2812.de\/wp-content\/uploads\/2022\/05\/IMG_2741-768x614.jpg 768w, https:\/\/mb2812.de\/wp-content\/uploads\/2022\/05\/IMG_2741-1536x1229.jpg 1536w, https:\/\/mb2812.de\/wp-content\/uploads\/2022\/05\/IMG_2741-668x534.jpg 668w, https:\/\/mb2812.de\/wp-content\/uploads\/2022\/05\/IMG_2741.jpg 1920w\" sizes=\"auto, (max-width: 1024px) 100vw, 1024px\" \/><\/a><figcaption class=\"wp-element-caption\"><em>Schlo\u00df Babelsberg von Osten<\/em><\/figcaption><\/figure>\n\n\n\n<figure class=\"wp-block-image aligncenter size-large is-resized\"><a href=\"https:\/\/mb2812.de\/wp-content\/uploads\/2022\/05\/IMG_2751-500.jpg\" target=\"_blank\" rel=\" noreferrer noopener\"><img loading=\"lazy\" decoding=\"async\" width=\"768\" height=\"1024\" src=\"https:\/\/mb2812.de\/wp-content\/uploads\/2022\/05\/IMG_2751-500-768x1024.jpg\" alt=\"\" class=\"wp-image-11519\" style=\"width:600px\" srcset=\"https:\/\/mb2812.de\/wp-content\/uploads\/2022\/05\/IMG_2751-500-768x1024.jpg 768w, https:\/\/mb2812.de\/wp-content\/uploads\/2022\/05\/IMG_2751-500-225x300.jpg 225w, https:\/\/mb2812.de\/wp-content\/uploads\/2022\/05\/IMG_2751-500-1152x1536.jpg 1152w, https:\/\/mb2812.de\/wp-content\/uploads\/2022\/05\/IMG_2751-500-668x891.jpg 668w, https:\/\/mb2812.de\/wp-content\/uploads\/2022\/05\/IMG_2751-500.jpg 1440w\" sizes=\"auto, (max-width: 768px) 100vw, 768px\" \/><\/a><figcaption class=\"wp-element-caption\"><em>Die Figur des Erzengel Michael am Michaelsdenkmal von 1849 hinter dem Schloss Babelsberg, das Denkmal erinnert an den Sieg preu\u00dfischer Truppen \u00fcber die badischen Aufst\u00e4ndischen im Jahre 1849.<\/em><\/figcaption><\/figure>\n\n\n\n<figure class=\"wp-block-image aligncenter size-large is-resized\"><a href=\"https:\/\/mb2812.de\/wp-content\/uploads\/2022\/05\/IMG_2742.jpg\"><img loading=\"lazy\" decoding=\"async\" width=\"768\" height=\"1024\" src=\"https:\/\/mb2812.de\/wp-content\/uploads\/2022\/05\/IMG_2742-768x1024.jpg\" alt=\"\" class=\"wp-image-11523\" style=\"width:600px\" srcset=\"https:\/\/mb2812.de\/wp-content\/uploads\/2022\/05\/IMG_2742-768x1024.jpg 768w, https:\/\/mb2812.de\/wp-content\/uploads\/2022\/05\/IMG_2742-225x300.jpg 225w, https:\/\/mb2812.de\/wp-content\/uploads\/2022\/05\/IMG_2742-1152x1536.jpg 1152w, https:\/\/mb2812.de\/wp-content\/uploads\/2022\/05\/IMG_2742-668x891.jpg 668w, https:\/\/mb2812.de\/wp-content\/uploads\/2022\/05\/IMG_2742.jpg 1440w\" sizes=\"auto, (max-width: 768px) 100vw, 768px\" \/><\/a><figcaption class=\"wp-element-caption\"><em>Eine der W\u00e4chterfiguren an der Treppe von der Voltaireterrasse zum Michaelsdenkmal<\/em><\/figcaption><\/figure>\n\n\n\n<figure class=\"wp-block-image aligncenter size-large is-resized\"><a href=\"https:\/\/mb2812.de\/wp-content\/uploads\/2022\/05\/IMG_2753-501.jpg\" target=\"_blank\" rel=\" noreferrer noopener\"><img loading=\"lazy\" decoding=\"async\" width=\"1024\" height=\"819\" src=\"https:\/\/mb2812.de\/wp-content\/uploads\/2022\/05\/IMG_2753-501-1024x819.jpg\" alt=\"\" class=\"wp-image-11520\" style=\"width:800px\" srcset=\"https:\/\/mb2812.de\/wp-content\/uploads\/2022\/05\/IMG_2753-501-1024x819.jpg 1024w, https:\/\/mb2812.de\/wp-content\/uploads\/2022\/05\/IMG_2753-501-300x240.jpg 300w, https:\/\/mb2812.de\/wp-content\/uploads\/2022\/05\/IMG_2753-501-768x614.jpg 768w, https:\/\/mb2812.de\/wp-content\/uploads\/2022\/05\/IMG_2753-501-1536x1229.jpg 1536w, https:\/\/mb2812.de\/wp-content\/uploads\/2022\/05\/IMG_2753-501-668x534.jpg 668w, https:\/\/mb2812.de\/wp-content\/uploads\/2022\/05\/IMG_2753-501.jpg 1920w\" sizes=\"auto, (max-width: 1024px) 100vw, 1024px\" \/><\/a><figcaption class=\"wp-element-caption\"><em>S\u00fcdseite des Schlosses mit der Voltaire Terasse<\/em><\/figcaption><\/figure>\n\n\n\n<figure class=\"wp-block-image aligncenter size-large is-resized\"><a href=\"https:\/\/mb2812.de\/wp-content\/uploads\/2022\/05\/IMG_2764-504-505.jpg\" target=\"_blank\" rel=\" noreferrer noopener\"><img loading=\"lazy\" decoding=\"async\" width=\"1024\" height=\"1024\" src=\"https:\/\/mb2812.de\/wp-content\/uploads\/2022\/05\/IMG_2764-504-505-1024x1024.jpg\" alt=\"\" class=\"wp-image-11521\" style=\"width:800px\" srcset=\"https:\/\/mb2812.de\/wp-content\/uploads\/2022\/05\/IMG_2764-504-505-1024x1024.jpg 1024w, https:\/\/mb2812.de\/wp-content\/uploads\/2022\/05\/IMG_2764-504-505-300x300.jpg 300w, https:\/\/mb2812.de\/wp-content\/uploads\/2022\/05\/IMG_2764-504-505-150x150.jpg 150w, https:\/\/mb2812.de\/wp-content\/uploads\/2022\/05\/IMG_2764-504-505-768x768.jpg 768w, https:\/\/mb2812.de\/wp-content\/uploads\/2022\/05\/IMG_2764-504-505-1536x1536.jpg 1536w, https:\/\/mb2812.de\/wp-content\/uploads\/2022\/05\/IMG_2764-504-505-668x668.jpg 668w, https:\/\/mb2812.de\/wp-content\/uploads\/2022\/05\/IMG_2764-504-505.jpg 1920w\" sizes=\"auto, (max-width: 1024px) 100vw, 1024px\" \/><\/a><figcaption class=\"wp-element-caption\"><em>Voltaireterrasse<\/em><\/figcaption><\/figure>\n\n\n\n<figure class=\"wp-block-image aligncenter size-large is-resized\"><a href=\"https:\/\/mb2812.de\/wp-content\/uploads\/2022\/05\/IMG_2766-497.jpg\" target=\"_blank\" rel=\" noreferrer noopener\"><img loading=\"lazy\" decoding=\"async\" width=\"1024\" height=\"819\" src=\"https:\/\/mb2812.de\/wp-content\/uploads\/2022\/05\/IMG_2766-497-1024x819.jpg\" alt=\"\" class=\"wp-image-11522\" style=\"width:800px\" srcset=\"https:\/\/mb2812.de\/wp-content\/uploads\/2022\/05\/IMG_2766-497-1024x819.jpg 1024w, https:\/\/mb2812.de\/wp-content\/uploads\/2022\/05\/IMG_2766-497-300x240.jpg 300w, https:\/\/mb2812.de\/wp-content\/uploads\/2022\/05\/IMG_2766-497-768x614.jpg 768w, https:\/\/mb2812.de\/wp-content\/uploads\/2022\/05\/IMG_2766-497-1536x1229.jpg 1536w, https:\/\/mb2812.de\/wp-content\/uploads\/2022\/05\/IMG_2766-497-668x534.jpg 668w, https:\/\/mb2812.de\/wp-content\/uploads\/2022\/05\/IMG_2766-497.jpg 1920w\" sizes=\"auto, (max-width: 1024px) 100vw, 1024px\" \/><\/a><figcaption class=\"wp-element-caption\"><em>Nordseite des Schlosses mit Vogelbaum (rechts) und St\u00e4dtebrunnen (links)<\/em><\/figcaption><\/figure>\n\n\n\n<figure class=\"wp-block-image aligncenter size-large is-resized\"><a href=\"https:\/\/mb2812.de\/wp-content\/uploads\/2022\/05\/IMG_2768.jpg\" target=\"_blank\" rel=\" noreferrer noopener\"><img loading=\"lazy\" decoding=\"async\" width=\"768\" height=\"1024\" src=\"https:\/\/mb2812.de\/wp-content\/uploads\/2022\/05\/IMG_2768-768x1024.jpg\" alt=\"\" class=\"wp-image-11525\" style=\"width:600px\" srcset=\"https:\/\/mb2812.de\/wp-content\/uploads\/2022\/05\/IMG_2768-768x1024.jpg 768w, https:\/\/mb2812.de\/wp-content\/uploads\/2022\/05\/IMG_2768-225x300.jpg 225w, https:\/\/mb2812.de\/wp-content\/uploads\/2022\/05\/IMG_2768-1152x1536.jpg 1152w, https:\/\/mb2812.de\/wp-content\/uploads\/2022\/05\/IMG_2768-668x891.jpg 668w, https:\/\/mb2812.de\/wp-content\/uploads\/2022\/05\/IMG_2768.jpg 1440w\" sizes=\"auto, (max-width: 768px) 100vw, 768px\" \/><\/a><figcaption class=\"wp-element-caption\"><em>Die S\u00e4ule im St\u00e4dtebrunnen, ein Geschenk der Stadt K\u00f6ln an Wilhelm I.<\/em><\/figcaption><\/figure>\n\n\n\n<figure class=\"wp-block-image aligncenter size-large is-resized\"><a href=\"https:\/\/mb2812.de\/wp-content\/uploads\/2022\/05\/IMG_2771.jpg\" target=\"_blank\" rel=\" noreferrer noopener\"><img loading=\"lazy\" decoding=\"async\" width=\"1024\" height=\"819\" src=\"https:\/\/mb2812.de\/wp-content\/uploads\/2022\/05\/IMG_2771-1024x819.jpg\" alt=\"\" class=\"wp-image-11544\" style=\"width:800px\" srcset=\"https:\/\/mb2812.de\/wp-content\/uploads\/2022\/05\/IMG_2771-1024x819.jpg 1024w, https:\/\/mb2812.de\/wp-content\/uploads\/2022\/05\/IMG_2771-300x240.jpg 300w, https:\/\/mb2812.de\/wp-content\/uploads\/2022\/05\/IMG_2771-768x614.jpg 768w, https:\/\/mb2812.de\/wp-content\/uploads\/2022\/05\/IMG_2771-1536x1229.jpg 1536w, https:\/\/mb2812.de\/wp-content\/uploads\/2022\/05\/IMG_2771-668x534.jpg 668w, https:\/\/mb2812.de\/wp-content\/uploads\/2022\/05\/IMG_2771.jpg 1920w\" sizes=\"auto, (max-width: 1024px) 100vw, 1024px\" \/><\/a><figcaption class=\"wp-element-caption\"><em>Der Blick vom Schloss zur Glienicker Br\u00fccke<\/em><\/figcaption><\/figure>\n\n\n\n<p>Meine Idee war, jetzt so langsam in Richtung Potsdam weiterzugehen und dabei noch an ein paar &#8222;Attraktionen&#8220; (d.h. Geb\u00e4uden) des Parks vorbeizugehen. Der Flatowturm bot sich dazu an. Zwar gibt es Eine \u00a0freigehaltene direkte Sichtachse vom Schloss zum Turm, aber keinen direkten Weg. Wie in solchen Parks \u00fcblich, waren die Wege eher un\u00fcbersichtlich und verschlungen. Irgendwie lief ich also weiter den Berg hoch und hab es tats\u00e4chlich geschafft, den h\u00f6chsten Punkt des Parks zu erreichen, laut Openstreetmap ist dies der &#8222;Gipfel&#8220; des Babelsbergs auf 77,4 Meter H\u00f6he. Um meine &#8222;Leistung&#8220; einzusch\u00e4tzen: Die Havel bei Potsdam liegt auf ca. 30 Meter H\u00f6he. Jedenfalls, dort oben hat man &#8222;zu Kaisers Zeiten&#8220; (ganz genau 1866, und ja, da gab es noch keinen Kaiser, sondern nur einen preussischen K\u00f6nig) gleich eine Siegess\u00e4ule hingestellt. Sie soll an den Sieg Preussens \u00fcber \u00d6sterreich erinnern.<\/p>\n\n\n\n<figure class=\"wp-block-image aligncenter size-large is-resized\"><a href=\"https:\/\/mb2812.de\/wp-content\/uploads\/2022\/05\/IMG_2778-506.jpg\" target=\"_blank\" rel=\" noreferrer noopener\"><img loading=\"lazy\" decoding=\"async\" width=\"1024\" height=\"819\" src=\"https:\/\/mb2812.de\/wp-content\/uploads\/2022\/05\/IMG_2778-506-1024x819.jpg\" alt=\"\" class=\"wp-image-11542\" style=\"width:800px\" srcset=\"https:\/\/mb2812.de\/wp-content\/uploads\/2022\/05\/IMG_2778-506-1024x819.jpg 1024w, https:\/\/mb2812.de\/wp-content\/uploads\/2022\/05\/IMG_2778-506-300x240.jpg 300w, https:\/\/mb2812.de\/wp-content\/uploads\/2022\/05\/IMG_2778-506-768x614.jpg 768w, https:\/\/mb2812.de\/wp-content\/uploads\/2022\/05\/IMG_2778-506-1536x1229.jpg 1536w, https:\/\/mb2812.de\/wp-content\/uploads\/2022\/05\/IMG_2778-506-668x534.jpg 668w, https:\/\/mb2812.de\/wp-content\/uploads\/2022\/05\/IMG_2778-506.jpg 1920w\" sizes=\"auto, (max-width: 1024px) 100vw, 1024px\" \/><\/a><figcaption class=\"wp-element-caption\"><em>Schloss Babelsberg nunmehr von Westen<\/em><\/figcaption><\/figure>\n\n\n\n<figure class=\"wp-block-image aligncenter size-large is-resized\"><a href=\"https:\/\/mb2812.de\/wp-content\/uploads\/2022\/05\/IMG_2780.jpg\" target=\"_blank\" rel=\" noreferrer noopener\"><img loading=\"lazy\" decoding=\"async\" width=\"1024\" height=\"819\" src=\"https:\/\/mb2812.de\/wp-content\/uploads\/2022\/05\/IMG_2780-1024x819.jpg\" alt=\"\" class=\"wp-image-11543\" style=\"width:800px\" srcset=\"https:\/\/mb2812.de\/wp-content\/uploads\/2022\/05\/IMG_2780-1024x819.jpg 1024w, https:\/\/mb2812.de\/wp-content\/uploads\/2022\/05\/IMG_2780-300x240.jpg 300w, https:\/\/mb2812.de\/wp-content\/uploads\/2022\/05\/IMG_2780-768x614.jpg 768w, https:\/\/mb2812.de\/wp-content\/uploads\/2022\/05\/IMG_2780-1536x1229.jpg 1536w, https:\/\/mb2812.de\/wp-content\/uploads\/2022\/05\/IMG_2780-668x534.jpg 668w, https:\/\/mb2812.de\/wp-content\/uploads\/2022\/05\/IMG_2780.jpg 1920w\" sizes=\"auto, (max-width: 1024px) 100vw, 1024px\" \/><\/a><figcaption class=\"wp-element-caption\"><em>Ein paar Ausblicke gibt es, hier von der F\u00fcrstenh\u00f6he, rechts das Schloss<\/em><\/figcaption><\/figure>\n\n\n\n<figure class=\"wp-block-image aligncenter size-large is-resized\"><a href=\"https:\/\/mb2812.de\/wp-content\/uploads\/2022\/05\/IMG_2784-490-491.jpg\" target=\"_blank\" rel=\" noreferrer noopener\"><img loading=\"lazy\" decoding=\"async\" width=\"734\" height=\"1024\" src=\"https:\/\/mb2812.de\/wp-content\/uploads\/2022\/05\/IMG_2784-490-491-734x1024.jpg\" alt=\"\" class=\"wp-image-11546\" style=\"width:590px\" srcset=\"https:\/\/mb2812.de\/wp-content\/uploads\/2022\/05\/IMG_2784-490-491-734x1024.jpg 734w, https:\/\/mb2812.de\/wp-content\/uploads\/2022\/05\/IMG_2784-490-491-215x300.jpg 215w, https:\/\/mb2812.de\/wp-content\/uploads\/2022\/05\/IMG_2784-490-491-768x1072.jpg 768w, https:\/\/mb2812.de\/wp-content\/uploads\/2022\/05\/IMG_2784-490-491-1101x1536.jpg 1101w, https:\/\/mb2812.de\/wp-content\/uploads\/2022\/05\/IMG_2784-490-491-668x932.jpg 668w, https:\/\/mb2812.de\/wp-content\/uploads\/2022\/05\/IMG_2784-490-491.jpg 1376w\" sizes=\"auto, (max-width: 734px) 100vw, 734px\" \/><\/a><figcaption class=\"wp-element-caption\"><em>Die Siegess\u00e4ule<\/em><\/figcaption><\/figure>\n\n\n\n<figure class=\"wp-block-image aligncenter size-large is-resized\"><a href=\"https:\/\/mb2812.de\/wp-content\/uploads\/2022\/05\/IMG_2781-482.jpg\" target=\"_blank\" rel=\" noreferrer noopener\"><img loading=\"lazy\" decoding=\"async\" width=\"768\" height=\"1024\" src=\"https:\/\/mb2812.de\/wp-content\/uploads\/2022\/05\/IMG_2781-482-768x1024.jpg\" alt=\"\" class=\"wp-image-11545\" style=\"width:600px\" srcset=\"https:\/\/mb2812.de\/wp-content\/uploads\/2022\/05\/IMG_2781-482-768x1024.jpg 768w, https:\/\/mb2812.de\/wp-content\/uploads\/2022\/05\/IMG_2781-482-225x300.jpg 225w, https:\/\/mb2812.de\/wp-content\/uploads\/2022\/05\/IMG_2781-482-1152x1536.jpg 1152w, https:\/\/mb2812.de\/wp-content\/uploads\/2022\/05\/IMG_2781-482-668x891.jpg 668w, https:\/\/mb2812.de\/wp-content\/uploads\/2022\/05\/IMG_2781-482.jpg 1440w\" sizes=\"auto, (max-width: 768px) 100vw, 768px\" \/><\/a><figcaption class=\"wp-element-caption\"><em>77 Meter hoch sind wir hier, da muss ein Beweisfoto sein &#8230;<\/em><\/figcaption><\/figure>\n\n\n\n<figure class=\"wp-block-image aligncenter size-large is-resized\"><a href=\"https:\/\/mb2812.de\/wp-content\/uploads\/2022\/05\/IMG_2787.jpg\" target=\"_blank\" rel=\" noreferrer noopener\"><img loading=\"lazy\" decoding=\"async\" width=\"768\" height=\"1024\" src=\"https:\/\/mb2812.de\/wp-content\/uploads\/2022\/05\/IMG_2787-768x1024.jpg\" alt=\"\" class=\"wp-image-11547\" style=\"width:600px\" srcset=\"https:\/\/mb2812.de\/wp-content\/uploads\/2022\/05\/IMG_2787-768x1024.jpg 768w, https:\/\/mb2812.de\/wp-content\/uploads\/2022\/05\/IMG_2787-225x300.jpg 225w, https:\/\/mb2812.de\/wp-content\/uploads\/2022\/05\/IMG_2787-1152x1536.jpg 1152w, https:\/\/mb2812.de\/wp-content\/uploads\/2022\/05\/IMG_2787-668x891.jpg 668w, https:\/\/mb2812.de\/wp-content\/uploads\/2022\/05\/IMG_2787.jpg 1440w\" sizes=\"auto, (max-width: 768px) 100vw, 768px\" \/><\/a><figcaption class=\"wp-element-caption\"><em>Ich komme dem Flatowturm n\u00e4her<\/em><\/figcaption><\/figure>\n\n\n\n<figure class=\"wp-block-image aligncenter size-large is-resized\"><a href=\"https:\/\/mb2812.de\/wp-content\/uploads\/2022\/05\/IMG_2790.jpg\" target=\"_blank\" rel=\" noreferrer noopener\"><img loading=\"lazy\" decoding=\"async\" width=\"1024\" height=\"819\" src=\"https:\/\/mb2812.de\/wp-content\/uploads\/2022\/05\/IMG_2790-1024x819.jpg\" alt=\"\" class=\"wp-image-11549\" style=\"width:800px\" srcset=\"https:\/\/mb2812.de\/wp-content\/uploads\/2022\/05\/IMG_2790-1024x819.jpg 1024w, https:\/\/mb2812.de\/wp-content\/uploads\/2022\/05\/IMG_2790-300x240.jpg 300w, https:\/\/mb2812.de\/wp-content\/uploads\/2022\/05\/IMG_2790-768x614.jpg 768w, https:\/\/mb2812.de\/wp-content\/uploads\/2022\/05\/IMG_2790-1536x1229.jpg 1536w, https:\/\/mb2812.de\/wp-content\/uploads\/2022\/05\/IMG_2790-668x534.jpg 668w, https:\/\/mb2812.de\/wp-content\/uploads\/2022\/05\/IMG_2790.jpg 1920w\" sizes=\"auto, (max-width: 1024px) 100vw, 1024px\" \/><\/a><figcaption class=\"wp-element-caption\"><em>Vorher biege ich noch nach rechts ab und besichtige die Gerichtslaube<\/em><\/figcaption><\/figure>\n\n\n\n<figure class=\"wp-block-image aligncenter size-large is-resized\"><a href=\"https:\/\/mb2812.de\/wp-content\/uploads\/2022\/05\/IMG_2795-503.jpg\" target=\"_blank\" rel=\" noreferrer noopener\"><img loading=\"lazy\" decoding=\"async\" width=\"768\" height=\"1024\" src=\"https:\/\/mb2812.de\/wp-content\/uploads\/2022\/05\/IMG_2795-503-768x1024.jpg\" alt=\"\" class=\"wp-image-11512\" style=\"width:600px\" srcset=\"https:\/\/mb2812.de\/wp-content\/uploads\/2022\/05\/IMG_2795-503-768x1024.jpg 768w, https:\/\/mb2812.de\/wp-content\/uploads\/2022\/05\/IMG_2795-503-225x300.jpg 225w, https:\/\/mb2812.de\/wp-content\/uploads\/2022\/05\/IMG_2795-503-1152x1536.jpg 1152w, https:\/\/mb2812.de\/wp-content\/uploads\/2022\/05\/IMG_2795-503-668x891.jpg 668w, https:\/\/mb2812.de\/wp-content\/uploads\/2022\/05\/IMG_2795-503.jpg 1440w\" sizes=\"auto, (max-width: 768px) 100vw, 768px\" \/><\/a><figcaption class=\"wp-element-caption\"><em>Eingang des Flatowturms<\/em><\/figcaption><\/figure>\n\n\n\n<figure class=\"wp-block-image aligncenter size-large is-resized\"><a href=\"https:\/\/mb2812.de\/wp-content\/uploads\/2022\/05\/IMG_2797-507.jpg\" target=\"_blank\" rel=\" noreferrer noopener\"><img loading=\"lazy\" decoding=\"async\" width=\"768\" height=\"1024\" src=\"https:\/\/mb2812.de\/wp-content\/uploads\/2022\/05\/IMG_2797-507-768x1024.jpg\" alt=\"\" class=\"wp-image-11513\" style=\"width:600px\" srcset=\"https:\/\/mb2812.de\/wp-content\/uploads\/2022\/05\/IMG_2797-507-768x1024.jpg 768w, https:\/\/mb2812.de\/wp-content\/uploads\/2022\/05\/IMG_2797-507-225x300.jpg 225w, https:\/\/mb2812.de\/wp-content\/uploads\/2022\/05\/IMG_2797-507-1152x1536.jpg 1152w, https:\/\/mb2812.de\/wp-content\/uploads\/2022\/05\/IMG_2797-507-668x891.jpg 668w, https:\/\/mb2812.de\/wp-content\/uploads\/2022\/05\/IMG_2797-507.jpg 1440w\" sizes=\"auto, (max-width: 768px) 100vw, 768px\" \/><\/a><figcaption class=\"wp-element-caption\"><em>Der Flatowturm<\/em><\/figcaption><\/figure>\n\n\n\n<figure class=\"wp-block-image aligncenter size-large is-resized\"><a href=\"https:\/\/mb2812.de\/wp-content\/uploads\/2022\/05\/IMG_2798.jpg\" target=\"_blank\" rel=\" noreferrer noopener\"><img loading=\"lazy\" decoding=\"async\" width=\"1024\" height=\"819\" src=\"https:\/\/mb2812.de\/wp-content\/uploads\/2022\/05\/IMG_2798-1024x819.jpg\" alt=\"\" class=\"wp-image-11514\" style=\"width:800px\" srcset=\"https:\/\/mb2812.de\/wp-content\/uploads\/2022\/05\/IMG_2798-1024x819.jpg 1024w, https:\/\/mb2812.de\/wp-content\/uploads\/2022\/05\/IMG_2798-300x240.jpg 300w, https:\/\/mb2812.de\/wp-content\/uploads\/2022\/05\/IMG_2798-768x614.jpg 768w, https:\/\/mb2812.de\/wp-content\/uploads\/2022\/05\/IMG_2798-1536x1229.jpg 1536w, https:\/\/mb2812.de\/wp-content\/uploads\/2022\/05\/IMG_2798-668x534.jpg 668w, https:\/\/mb2812.de\/wp-content\/uploads\/2022\/05\/IMG_2798.jpg 1920w\" sizes=\"auto, (max-width: 1024px) 100vw, 1024px\" \/><\/a><figcaption class=\"wp-element-caption\"><em>Vom Flatowturm aus geht es dann weiter abw\u00e4rts entlang der G\u00e4rtnereien zum Ausgang: Blick zur\u00fcck zum Flatowturm<\/em><\/figcaption><\/figure>\n\n\n\n<p>\u00dcber den Eingang &#8222;Pf\u00f6rtnerh\u00e4uschen M\u00fchlentor&#8220; verlasse ich dann den Park und laufe bis zur n\u00e4chsten Stra\u00dfenbahnhaltestelle &#8222;Alt Nowawes&#8220;. Mit der Bahn geht es zur\u00fcck zum Hauptbahnhof, und am Platz der Einheit macht die Bahn eine merkw\u00fcrdige Kurve, die darauf hindeutet, das der Weg zum Bahnhof Pirschheide nicht \u00fcber den Hauptbahnhof f\u00fchrt. Zum Gl\u00fcck ist Umsteigen problemlos, die n\u00e4chste Bahn f\u00e4hrt auf dem gegen\u00fcberliegenden Bahnsteig ab und kommt auch sofort.<\/p>\n\n\n\n<p>Hier geraten meine Pl\u00e4ne ein bisschen durcheinander. Ich hatte mir \u00fcberlegt, mit einer der \u00fcblichen Schiffstouren vorbei an den diversen Schl\u00f6ssern den Tag abzuschliessen, aber die Tour startete in Potsdam um 14:30 Uhr, und das war vor 5 Minuten. Und bis 15:30 Uhr wollte ich nicht warten, ausserdem gef\u00e4llt mir die MS Sanssouci nicht. Ich bin dann in die S- Bahn gesprungen und nach Wannsee gefahren, um dort mein Gl\u00fcck zu versuchen. Aber auch dort fahren die Boote zur halben Stunde ab, &nbsp;und 15:30 Uhr war mir zu etwas zu sp\u00e4t. Ich hab dann der BVG F\u00e4hre nach Kladow beim An- und Ablegen zugeschaut und bin nach Berlin zur\u00fcckgefahren zum Potsdamer Platz.<\/p>\n\n\n\n<figure class=\"wp-block-image aligncenter size-large is-resized\"><a href=\"https:\/\/mb2812.de\/wp-content\/uploads\/2022\/05\/IMG_2800.jpg\" target=\"_blank\" rel=\" noreferrer noopener\"><img loading=\"lazy\" decoding=\"async\" width=\"1024\" height=\"819\" src=\"https:\/\/mb2812.de\/wp-content\/uploads\/2022\/05\/IMG_2800-1024x819.jpg\" alt=\"\" class=\"wp-image-11515\" style=\"width:800px\" srcset=\"https:\/\/mb2812.de\/wp-content\/uploads\/2022\/05\/IMG_2800-1024x819.jpg 1024w, https:\/\/mb2812.de\/wp-content\/uploads\/2022\/05\/IMG_2800-300x240.jpg 300w, https:\/\/mb2812.de\/wp-content\/uploads\/2022\/05\/IMG_2800-768x614.jpg 768w, https:\/\/mb2812.de\/wp-content\/uploads\/2022\/05\/IMG_2800-1536x1229.jpg 1536w, https:\/\/mb2812.de\/wp-content\/uploads\/2022\/05\/IMG_2800-668x534.jpg 668w, https:\/\/mb2812.de\/wp-content\/uploads\/2022\/05\/IMG_2800.jpg 1920w\" sizes=\"auto, (max-width: 1024px) 100vw, 1024px\" \/><\/a><figcaption class=\"wp-element-caption\"><em>Auf dem Weg zum Anleger in Wannsee. Das Villenviertel an der Stra\u00dfe &#8222;Am Sandwerder&#8220;, die Villa Wild (vorne rechts) war 1875 die erste hier gebaute Villa, links sieht man den Sockel des Borussia Monuments.<\/em><\/figcaption><\/figure>\n\n\n\n<p>Es ging aber nicht direkt ins Hotel, ich bin noch mit der U-Bahn nach &#8222;West Berlin&#8220;, sprich dem Wittenbergplatz, gefahren und dann langsam in Richtung Osten gelaufen. Dabei gab es dann die erste richtige Pause im Biergarten am Gleisdreieck. Jahrzehntelang Brachland in der N\u00e4he der Mauer, gibt es dort jetzt Neubauten und einen Park.<\/p>\n\n\n\n<figure class=\"wp-block-image aligncenter size-large is-resized\"><a href=\"https:\/\/mb2812.de\/wp-content\/uploads\/2022\/05\/IMG_2802.jpg\" target=\"_blank\" rel=\" noreferrer noopener\"><img loading=\"lazy\" decoding=\"async\" width=\"1024\" height=\"819\" src=\"https:\/\/mb2812.de\/wp-content\/uploads\/2022\/05\/IMG_2802-1024x819.jpg\" alt=\"\" class=\"wp-image-11516\" style=\"width:800px\" srcset=\"https:\/\/mb2812.de\/wp-content\/uploads\/2022\/05\/IMG_2802-1024x819.jpg 1024w, https:\/\/mb2812.de\/wp-content\/uploads\/2022\/05\/IMG_2802-300x240.jpg 300w, https:\/\/mb2812.de\/wp-content\/uploads\/2022\/05\/IMG_2802-768x614.jpg 768w, https:\/\/mb2812.de\/wp-content\/uploads\/2022\/05\/IMG_2802-1536x1229.jpg 1536w, https:\/\/mb2812.de\/wp-content\/uploads\/2022\/05\/IMG_2802-668x534.jpg 668w, https:\/\/mb2812.de\/wp-content\/uploads\/2022\/05\/IMG_2802.jpg 1920w\" sizes=\"auto, (max-width: 1024px) 100vw, 1024px\" \/><\/a><figcaption class=\"wp-element-caption\"><em>BRLO BRWHOUSE im Park am Gleisdreieck, vorne der Biergarten<\/em><\/figcaption><\/figure>\n\n\n\n<figure class=\"wp-block-image aligncenter size-large is-resized\"><a href=\"https:\/\/mb2812.de\/wp-content\/uploads\/2022\/05\/IMG_2803.jpg\" target=\"_blank\" rel=\" noreferrer noopener\"><img loading=\"lazy\" decoding=\"async\" width=\"1024\" height=\"819\" src=\"https:\/\/mb2812.de\/wp-content\/uploads\/2022\/05\/IMG_2803-1024x819.jpg\" alt=\"\" class=\"wp-image-11517\" style=\"width:800px\" srcset=\"https:\/\/mb2812.de\/wp-content\/uploads\/2022\/05\/IMG_2803-1024x819.jpg 1024w, https:\/\/mb2812.de\/wp-content\/uploads\/2022\/05\/IMG_2803-300x240.jpg 300w, https:\/\/mb2812.de\/wp-content\/uploads\/2022\/05\/IMG_2803-768x614.jpg 768w, https:\/\/mb2812.de\/wp-content\/uploads\/2022\/05\/IMG_2803-1536x1229.jpg 1536w, https:\/\/mb2812.de\/wp-content\/uploads\/2022\/05\/IMG_2803-668x534.jpg 668w, https:\/\/mb2812.de\/wp-content\/uploads\/2022\/05\/IMG_2803.jpg 1920w\" sizes=\"auto, (max-width: 1024px) 100vw, 1024px\" \/><\/a><figcaption class=\"wp-element-caption\"><em>Im Park am Gleisdreieck, Blick auf die Hochh\u00e4user am Potsdamer Platz<\/em><\/figcaption><\/figure>\n\n\n\n<p>Das wars so ziemlich f\u00fcr den Tag. Auf dem R\u00fcckweg bin ich noch im Supermarkt der Mall vorbei, um ein paar Snacks f\u00fcr Stephan zu kaufen und habe dabei ein paar Sandwiches f\u00fcr mich mitgenommen, die ich auf dem Zimmer essen konnte, damit war das Abendessen auch geregelt. In der Lounge des Hotels habe ich mir noch ein Bier geg\u00f6nnt, bevor ich dann um 22 Uhr noch mal los bin, um mich mit dem sp\u00e4t aus Kiel kommenden Stephan zu treffen, der noch an einem nahegelegenen anderen Hotel vorbeifahren musste und ihn die letzten 500 Meter zum Motel One zu lotsen.<\/p>\n\n\n\n<figure class=\"wp-block-image aligncenter size-large is-resized\"><a href=\"https:\/\/mb2812.de\/wp-content\/uploads\/2022\/05\/IMG_2804-483.jpg\" target=\"_blank\" rel=\" noreferrer noopener\"><img loading=\"lazy\" decoding=\"async\" width=\"768\" height=\"1024\" src=\"https:\/\/mb2812.de\/wp-content\/uploads\/2022\/05\/IMG_2804-483-768x1024.jpg\" alt=\"\" class=\"wp-image-11518\" style=\"width:600px\" srcset=\"https:\/\/mb2812.de\/wp-content\/uploads\/2022\/05\/IMG_2804-483-768x1024.jpg 768w, https:\/\/mb2812.de\/wp-content\/uploads\/2022\/05\/IMG_2804-483-225x300.jpg 225w, https:\/\/mb2812.de\/wp-content\/uploads\/2022\/05\/IMG_2804-483-1152x1536.jpg 1152w, https:\/\/mb2812.de\/wp-content\/uploads\/2022\/05\/IMG_2804-483-668x891.jpg 668w, https:\/\/mb2812.de\/wp-content\/uploads\/2022\/05\/IMG_2804-483.jpg 1440w\" sizes=\"auto, (max-width: 768px) 100vw, 768px\" \/><\/a><figcaption class=\"wp-element-caption\"><em>Der Bahntower, das Logo wollte nicht ins Bild<\/em><\/figcaption><\/figure>\n\n\n\n<hr class=\"wp-block-separator has-alpha-channel-opacity\"\/>\n\n\n\n<p><strong>Mittwoch<\/strong> ging es dann nach einem sp\u00e4ten Fr\u00fchst\u00fcck mit dem Auto in einem Rutsch zur\u00fcck von Berlin nach K\u00f6ln mit Ankunft am fr\u00fchen Nachmittag.<\/p>\n","protected":false},"excerpt":{"rendered":"<p>Eine Dienstreise Stephans bescherte mir einen Citytrip nach Berlin. Sonntag fuhren wir nach Hannover, ich am Montag weiter nach Berlin und schaute mir die Stadt und &#8211; am Dienstag Tag &#8211; Potsdam an, bevor wir am Mittwoch zur\u00fcck fuhren.<\/p>\n","protected":false},"author":1,"featured_media":15971,"comment_status":"closed","ping_status":"closed","sticky":false,"template":"","format":"standard","meta":{"footnotes":""},"categories":[13,27],"tags":[47,117,71,39,75,76],"class_list":["post-11511","post","type-post","status-publish","format-standard","has-post-thumbnail","hentry","category-ausfluege","category-wellnessurlaub-in-deutschland-2022","tag-47","tag-ausfluege","tag-berlin","tag-deutschland","tag-hannover","tag-potsdam"],"_links":{"self":[{"href":"https:\/\/mb2812.de\/index.php?rest_route=\/wp\/v2\/posts\/11511","targetHints":{"allow":["GET"]}}],"collection":[{"href":"https:\/\/mb2812.de\/index.php?rest_route=\/wp\/v2\/posts"}],"about":[{"href":"https:\/\/mb2812.de\/index.php?rest_route=\/wp\/v2\/types\/post"}],"author":[{"embeddable":true,"href":"https:\/\/mb2812.de\/index.php?rest_route=\/wp\/v2\/users\/1"}],"replies":[{"embeddable":true,"href":"https:\/\/mb2812.de\/index.php?rest_route=%2Fwp%2Fv2%2Fcomments&post=11511"}],"version-history":[{"count":27,"href":"https:\/\/mb2812.de\/index.php?rest_route=\/wp\/v2\/posts\/11511\/revisions"}],"predecessor-version":[{"id":16308,"href":"https:\/\/mb2812.de\/index.php?rest_route=\/wp\/v2\/posts\/11511\/revisions\/16308"}],"wp:featuredmedia":[{"embeddable":true,"href":"https:\/\/mb2812.de\/index.php?rest_route=\/wp\/v2\/media\/15971"}],"wp:attachment":[{"href":"https:\/\/mb2812.de\/index.php?rest_route=%2Fwp%2Fv2%2Fmedia&parent=11511"}],"wp:term":[{"taxonomy":"category","embeddable":true,"href":"https:\/\/mb2812.de\/index.php?rest_route=%2Fwp%2Fv2%2Fcategories&post=11511"},{"taxonomy":"post_tag","embeddable":true,"href":"https:\/\/mb2812.de\/index.php?rest_route=%2Fwp%2Fv2%2Ftags&post=11511"}],"curies":[{"name":"wp","href":"https:\/\/api.w.org\/{rel}","templated":true}]}}