{"id":11311,"date":"2021-11-07T09:00:23","date_gmt":"2021-11-07T07:00:23","guid":{"rendered":"http:\/\/reiseblog.mb2812.de\/?p=11311"},"modified":"2025-03-09T12:12:08","modified_gmt":"2025-03-09T10:12:08","slug":"architekturspaziergang-durch-duesseldorf","status":"publish","type":"post","link":"https:\/\/mb2812.de\/?p=11311","title":{"rendered":"Architekturspaziergang durch D\u00fcsseldorf"},"content":{"rendered":"\n<p>&#8230; und sp\u00e4ter auch durch M\u00fcnster (in Westfalen).<\/p>\n\n\n\n<p>Aber ganz langsam, Rheinland first. An diesem Sonntag entschieden wir uns \u00fcber Mittag f\u00fcr einen kleinen Ausflug ins (nur f\u00fcr K\u00f6lner) verbotene n\u00f6rdliche Nachbardorf, um da mal ein bisschen herumzufotografieren. Das Ganze war als Versuch in Architekturfotografie gedacht, und die Ergebnisse stelle ich hier mal vor. Die meisten Fotos sind daher farblich nichrt original sondern bearbeitet, und das Format ist nicht f\u00fcrs Bloglayout optimiert. Draufklicken l\u00e4sst ein aber ein das Browserfenster ausf\u00fcllendes Foto erscheinen.<\/p>\n\n\n\n<p>Ausgesucht hatte ich mir als Startpunkt n\u00f6rdlich der Altstadt den Ehrenhof. Das ist ein expressionistisches Geb\u00e4ude- und Gartenensemble, 1925-26 errichtet. Damals gab es in D\u00fcsseldorf eine gro\u00dfe Ausstellung:&nbsp;&#8222;GeSoLei&#8220;. Gro\u00dfe Ausstellung f\u00fcr Gesundheit, soziale F\u00fcrsorge und Leibes\u00fcbungen D\u00fcsseldorf heisst das, es war die gr\u00f6\u00dfte Ausstellung in der Weimarer Republik.<\/p>\n\n\n\n<p>Fotografieren am Ehrenhof war dann aber nicht, Bauz\u00e4une, Abdeckplanen und Dixi-Klos beherrschten das Bild.<\/p>\n\n\n\n<p>Nun denn, wir fuhren zur vorher bei Google ausgesuchten n\u00e4chstgelegenen Tiefgarage unter der ehemaligen Eon Zentrale, in der nun das Ministerium f\u00fcr Umwelt, Landwirtschaft, Natur- und Verbraucherschutz residiert, machten uns die Treppen herauf ans Tageslicht und schauten uns um:<\/p>\n\n\n\n<figure class=\"wp-block-image aligncenter size-large is-resized\"><a href=\"https:\/\/mb2812.de\/wp-content\/uploads\/2021\/11\/DSC_9280-NEF_DxO_DeepPRIME-288-1024x723.jpg\" target=\"_blank\" rel=\" noreferrer noopener\"><img loading=\"lazy\" decoding=\"async\" width=\"1024\" height=\"723\" src=\"https:\/\/mb2812.de\/wp-content\/uploads\/2021\/11\/DSC_9280-NEF_DxO_DeepPRIME-288-1024x723.jpg\" alt=\"\" class=\"wp-image-11312\" style=\"width:800px\" srcset=\"https:\/\/mb2812.de\/wp-content\/uploads\/2021\/11\/DSC_9280-NEF_DxO_DeepPRIME-288-1024x723.jpg 1024w, https:\/\/mb2812.de\/wp-content\/uploads\/2021\/11\/DSC_9280-NEF_DxO_DeepPRIME-288-300x212.jpg 300w, https:\/\/mb2812.de\/wp-content\/uploads\/2021\/11\/DSC_9280-NEF_DxO_DeepPRIME-288-768x542.jpg 768w, https:\/\/mb2812.de\/wp-content\/uploads\/2021\/11\/DSC_9280-NEF_DxO_DeepPRIME-288-1536x1085.jpg 1536w, https:\/\/mb2812.de\/wp-content\/uploads\/2021\/11\/DSC_9280-NEF_DxO_DeepPRIME-288-668x472.jpg 668w, https:\/\/mb2812.de\/wp-content\/uploads\/2021\/11\/DSC_9280-NEF_DxO_DeepPRIME-288.jpg 1920w\" sizes=\"auto, (max-width: 1024px) 100vw, 1024px\" \/><\/a><figcaption class=\"wp-element-caption\"><em>Die R\u00fcckseite des Kunstpalastes, gegen\u00fcber der R\u00fcckseite des Ministeriums, mit dem Robert Schumann Saal<\/em><\/figcaption><\/figure>\n\n\n\n<!--more-->\n\n\n\n<figure class=\"wp-block-image aligncenter size-full is-resized\"><a href=\"http:\/\/reiseblog.mb2812.de\/wp-content\/uploads\/2021\/11\/DSC_9287-NEF_DxO_DeepPRIME-289.jpg\" rel=\"noopener\"><img loading=\"lazy\" decoding=\"async\" width=\"1920\" height=\"1445\" src=\"https:\/\/mb2812.de\/wp-content\/uploads\/2021\/11\/DSC_9287-NEF_DxO_DeepPRIME-289.jpg\" alt=\"\" class=\"wp-image-11317\" style=\"width:800px\" srcset=\"https:\/\/mb2812.de\/wp-content\/uploads\/2021\/11\/DSC_9287-NEF_DxO_DeepPRIME-289.jpg 1920w, https:\/\/mb2812.de\/wp-content\/uploads\/2021\/11\/DSC_9287-NEF_DxO_DeepPRIME-289-300x226.jpg 300w, https:\/\/mb2812.de\/wp-content\/uploads\/2021\/11\/DSC_9287-NEF_DxO_DeepPRIME-289-1024x771.jpg 1024w, https:\/\/mb2812.de\/wp-content\/uploads\/2021\/11\/DSC_9287-NEF_DxO_DeepPRIME-289-768x578.jpg 768w, https:\/\/mb2812.de\/wp-content\/uploads\/2021\/11\/DSC_9287-NEF_DxO_DeepPRIME-289-1536x1156.jpg 1536w, https:\/\/mb2812.de\/wp-content\/uploads\/2021\/11\/DSC_9287-NEF_DxO_DeepPRIME-289-668x503.jpg 668w\" sizes=\"auto, (max-width: 1920px) 100vw, 1920px\" \/><\/a><figcaption class=\"wp-element-caption\">An den Bauz\u00e4unen vorbei, kommen wir weiter n\u00f6rdlich zu einem der vielen der ERGO Versicherung geh\u00f6renden Geb\u00e4ude<\/figcaption><\/figure>\n\n\n\n<figure class=\"wp-block-image aligncenter size-full is-resized\"><a href=\"http:\/\/reiseblog.mb2812.de\/wp-content\/uploads\/2021\/11\/DSC_9295-NEF_DxO_DeepPRIME-287.jpg\" rel=\"noopener\"><img loading=\"lazy\" decoding=\"async\" width=\"1920\" height=\"1192\" src=\"https:\/\/mb2812.de\/wp-content\/uploads\/2021\/11\/DSC_9295-NEF_DxO_DeepPRIME-287.jpg\" alt=\"\" class=\"wp-image-11318\" style=\"width:800px\" srcset=\"https:\/\/mb2812.de\/wp-content\/uploads\/2021\/11\/DSC_9295-NEF_DxO_DeepPRIME-287.jpg 1920w, https:\/\/mb2812.de\/wp-content\/uploads\/2021\/11\/DSC_9295-NEF_DxO_DeepPRIME-287-300x186.jpg 300w, https:\/\/mb2812.de\/wp-content\/uploads\/2021\/11\/DSC_9295-NEF_DxO_DeepPRIME-287-1024x636.jpg 1024w, https:\/\/mb2812.de\/wp-content\/uploads\/2021\/11\/DSC_9295-NEF_DxO_DeepPRIME-287-768x477.jpg 768w, https:\/\/mb2812.de\/wp-content\/uploads\/2021\/11\/DSC_9295-NEF_DxO_DeepPRIME-287-1536x954.jpg 1536w, https:\/\/mb2812.de\/wp-content\/uploads\/2021\/11\/DSC_9295-NEF_DxO_DeepPRIME-287-668x415.jpg 668w\" sizes=\"auto, (max-width: 1920px) 100vw, 1920px\" \/><\/a><figcaption class=\"wp-element-caption\">Zeitgleich mit dem Ehrenhof wurden am Rheinufer die Rheinterrassen errichtet<\/figcaption><\/figure>\n\n\n\n<figure class=\"wp-block-image aligncenter size-full is-resized\"><a href=\"http:\/\/reiseblog.mb2812.de\/wp-content\/uploads\/2021\/11\/DSC_9298-NEF_DxO_DeepPRIME-282.jpg\" rel=\"noopener\"><img loading=\"lazy\" decoding=\"async\" width=\"1920\" height=\"1080\" src=\"https:\/\/mb2812.de\/wp-content\/uploads\/2021\/11\/DSC_9298-NEF_DxO_DeepPRIME-282.jpg\" alt=\"\" class=\"wp-image-11319\" style=\"width:800px\" srcset=\"https:\/\/mb2812.de\/wp-content\/uploads\/2021\/11\/DSC_9298-NEF_DxO_DeepPRIME-282.jpg 1920w, https:\/\/mb2812.de\/wp-content\/uploads\/2021\/11\/DSC_9298-NEF_DxO_DeepPRIME-282-300x169.jpg 300w, https:\/\/mb2812.de\/wp-content\/uploads\/2021\/11\/DSC_9298-NEF_DxO_DeepPRIME-282-1024x576.jpg 1024w, https:\/\/mb2812.de\/wp-content\/uploads\/2021\/11\/DSC_9298-NEF_DxO_DeepPRIME-282-768x432.jpg 768w, https:\/\/mb2812.de\/wp-content\/uploads\/2021\/11\/DSC_9298-NEF_DxO_DeepPRIME-282-1536x864.jpg 1536w, https:\/\/mb2812.de\/wp-content\/uploads\/2021\/11\/DSC_9298-NEF_DxO_DeepPRIME-282-668x376.jpg 668w\" sizes=\"auto, (max-width: 1920px) 100vw, 1920px\" \/><\/a><figcaption class=\"wp-element-caption\">Rheinterassen<\/figcaption><\/figure>\n\n\n\n<figure class=\"wp-block-image aligncenter size-full is-resized\"><a href=\"http:\/\/reiseblog.mb2812.de\/wp-content\/uploads\/2021\/11\/DSC_9306-Ncolor.jpg\" rel=\"noopener\"><img loading=\"lazy\" decoding=\"async\" width=\"1440\" height=\"1920\" src=\"https:\/\/mb2812.de\/wp-content\/uploads\/2021\/11\/DSC_9306-Ncolor.jpg\" alt=\"\" class=\"wp-image-11339\" style=\"width:600px\" srcset=\"https:\/\/mb2812.de\/wp-content\/uploads\/2021\/11\/DSC_9306-Ncolor.jpg 1440w, https:\/\/mb2812.de\/wp-content\/uploads\/2021\/11\/DSC_9306-Ncolor-225x300.jpg 225w, https:\/\/mb2812.de\/wp-content\/uploads\/2021\/11\/DSC_9306-Ncolor-768x1024.jpg 768w, https:\/\/mb2812.de\/wp-content\/uploads\/2021\/11\/DSC_9306-Ncolor-1152x1536.jpg 1152w, https:\/\/mb2812.de\/wp-content\/uploads\/2021\/11\/DSC_9306-Ncolor-668x891.jpg 668w\" sizes=\"auto, (max-width: 1440px) 100vw, 1440px\" \/><\/a><figcaption class=\"wp-element-caption\">Da wir jetzt am Rhein entlanglaufen, gibt es nach S\u00fcden ein &#8222;Rheinpanorama&#8220; mit Oberkasseler Br\u00fccke, Rheinkniebr\u00fccke und Rheinturm, im Gegenlicht fotografiert hebt es sich stilistisch von den anderen Fotos ab<\/figcaption><\/figure>\n\n\n\n<figure class=\"wp-block-image aligncenter size-full is-resized\"><a href=\"http:\/\/reiseblog.mb2812.de\/wp-content\/uploads\/2021\/11\/DSC_9308-NEF_DxO_DeepPRIME-283.jpg\" rel=\"noopener\"><img loading=\"lazy\" decoding=\"async\" width=\"1280\" height=\"1920\" src=\"https:\/\/mb2812.de\/wp-content\/uploads\/2021\/11\/DSC_9308-NEF_DxO_DeepPRIME-283.jpg\" alt=\"\" class=\"wp-image-11321\" style=\"width:535px\" srcset=\"https:\/\/mb2812.de\/wp-content\/uploads\/2021\/11\/DSC_9308-NEF_DxO_DeepPRIME-283.jpg 1280w, https:\/\/mb2812.de\/wp-content\/uploads\/2021\/11\/DSC_9308-NEF_DxO_DeepPRIME-283-200x300.jpg 200w, https:\/\/mb2812.de\/wp-content\/uploads\/2021\/11\/DSC_9308-NEF_DxO_DeepPRIME-283-683x1024.jpg 683w, https:\/\/mb2812.de\/wp-content\/uploads\/2021\/11\/DSC_9308-NEF_DxO_DeepPRIME-283-768x1152.jpg 768w, https:\/\/mb2812.de\/wp-content\/uploads\/2021\/11\/DSC_9308-NEF_DxO_DeepPRIME-283-1024x1536.jpg 1024w, https:\/\/mb2812.de\/wp-content\/uploads\/2021\/11\/DSC_9308-NEF_DxO_DeepPRIME-283-668x1002.jpg 668w\" sizes=\"auto, (max-width: 1280px) 100vw, 1280px\" \/><\/a><figcaption class=\"wp-element-caption\">N\u00e4chster Punkt die an der Oberkasseler Br\u00fccke gelegenen Tonhalle, die den s\u00fcdlichen Abschluss des Ehrenhof bildet, und ebenfalls 1925\/26 erbaut wurde.<\/figcaption><\/figure>\n\n\n\n<figure class=\"wp-block-image aligncenter size-full is-resized\"><a href=\"http:\/\/reiseblog.mb2812.de\/wp-content\/uploads\/2021\/11\/DSC_9311-284-285.jpg\" rel=\"noopener\"><img loading=\"lazy\" decoding=\"async\" width=\"1920\" height=\"1087\" src=\"https:\/\/mb2812.de\/wp-content\/uploads\/2021\/11\/DSC_9311-284-285.jpg\" alt=\"\" class=\"wp-image-11313\" style=\"width:800px\" srcset=\"https:\/\/mb2812.de\/wp-content\/uploads\/2021\/11\/DSC_9311-284-285.jpg 1920w, https:\/\/mb2812.de\/wp-content\/uploads\/2021\/11\/DSC_9311-284-285-300x170.jpg 300w, https:\/\/mb2812.de\/wp-content\/uploads\/2021\/11\/DSC_9311-284-285-1024x580.jpg 1024w, https:\/\/mb2812.de\/wp-content\/uploads\/2021\/11\/DSC_9311-284-285-768x435.jpg 768w, https:\/\/mb2812.de\/wp-content\/uploads\/2021\/11\/DSC_9311-284-285-1536x870.jpg 1536w, https:\/\/mb2812.de\/wp-content\/uploads\/2021\/11\/DSC_9311-284-285-668x378.jpg 668w\" sizes=\"auto, (max-width: 1920px) 100vw, 1920px\" \/><\/a><figcaption class=\"wp-element-caption\">obere Ebene<\/figcaption><\/figure>\n\n\n\n<figure class=\"wp-block-image aligncenter size-full is-resized\"><a href=\"http:\/\/reiseblog.mb2812.de\/wp-content\/uploads\/2021\/11\/DSC_9313-NEF_DxO_DeepPRIME.jpg\" rel=\"noopener\"><img loading=\"lazy\" decoding=\"async\" width=\"1920\" height=\"1108\" src=\"https:\/\/mb2812.de\/wp-content\/uploads\/2021\/11\/DSC_9313-NEF_DxO_DeepPRIME.jpg\" alt=\"\" class=\"wp-image-11314\" style=\"width:800px\" srcset=\"https:\/\/mb2812.de\/wp-content\/uploads\/2021\/11\/DSC_9313-NEF_DxO_DeepPRIME.jpg 1920w, https:\/\/mb2812.de\/wp-content\/uploads\/2021\/11\/DSC_9313-NEF_DxO_DeepPRIME-300x173.jpg 300w, https:\/\/mb2812.de\/wp-content\/uploads\/2021\/11\/DSC_9313-NEF_DxO_DeepPRIME-1024x591.jpg 1024w, https:\/\/mb2812.de\/wp-content\/uploads\/2021\/11\/DSC_9313-NEF_DxO_DeepPRIME-768x443.jpg 768w, https:\/\/mb2812.de\/wp-content\/uploads\/2021\/11\/DSC_9313-NEF_DxO_DeepPRIME-1536x886.jpg 1536w, https:\/\/mb2812.de\/wp-content\/uploads\/2021\/11\/DSC_9313-NEF_DxO_DeepPRIME-668x385.jpg 668w\" sizes=\"auto, (max-width: 1920px) 100vw, 1920px\" \/><\/a><figcaption class=\"wp-element-caption\">Mauer an der Tonhalle<\/figcaption><\/figure>\n\n\n\n<p>Wir kommen zur Altstadt, aber noch nicht zur Partymeile, am Stiftshof sieht es sehr beschaulich aus. Das ist es aber wohl nicht immer, der \u00dcbergang zum Kneipenviertel geht schnell und die daraus resultierenden Probleme sind wohl sp\u00fcrbar.<\/p>\n\n\n\n<figure class=\"wp-block-image aligncenter size-full is-resized\"><a href=\"http:\/\/reiseblog.mb2812.de\/wp-content\/uploads\/2021\/11\/DSC_9335-NEF_DxO_DeepPRIME.jpg\" rel=\"noopener\"><img loading=\"lazy\" decoding=\"async\" width=\"1424\" height=\"1920\" src=\"https:\/\/mb2812.de\/wp-content\/uploads\/2021\/11\/DSC_9335-NEF_DxO_DeepPRIME.jpg\" alt=\"\" class=\"wp-image-11322\" style=\"width:600px\" srcset=\"https:\/\/mb2812.de\/wp-content\/uploads\/2021\/11\/DSC_9335-NEF_DxO_DeepPRIME.jpg 1424w, https:\/\/mb2812.de\/wp-content\/uploads\/2021\/11\/DSC_9335-NEF_DxO_DeepPRIME-223x300.jpg 223w, https:\/\/mb2812.de\/wp-content\/uploads\/2021\/11\/DSC_9335-NEF_DxO_DeepPRIME-759x1024.jpg 759w, https:\/\/mb2812.de\/wp-content\/uploads\/2021\/11\/DSC_9335-NEF_DxO_DeepPRIME-768x1036.jpg 768w, https:\/\/mb2812.de\/wp-content\/uploads\/2021\/11\/DSC_9335-NEF_DxO_DeepPRIME-1139x1536.jpg 1139w, https:\/\/mb2812.de\/wp-content\/uploads\/2021\/11\/DSC_9335-NEF_DxO_DeepPRIME-668x901.jpg 668w\" sizes=\"auto, (max-width: 1424px) 100vw, 1424px\" \/><\/a><figcaption class=\"wp-element-caption\">Das vermutlich \u00e4lteste Bauwerk der D\u00fcsseldorfer Kernstadt, die St. Lambertus Kirche mit ihrem schiefen Turm<\/figcaption><\/figure>\n\n\n\n<figure class=\"wp-block-image aligncenter size-full is-resized\"><a href=\"http:\/\/reiseblog.mb2812.de\/wp-content\/uploads\/2021\/11\/DSC_9323-NEF_DxO_DeepPRIME-290.jpg\" rel=\"noopener\"><img loading=\"lazy\" decoding=\"async\" width=\"1920\" height=\"1395\" src=\"https:\/\/mb2812.de\/wp-content\/uploads\/2021\/11\/DSC_9323-NEF_DxO_DeepPRIME-290.jpg\" alt=\"\" class=\"wp-image-11315\" style=\"width:800px\" srcset=\"https:\/\/mb2812.de\/wp-content\/uploads\/2021\/11\/DSC_9323-NEF_DxO_DeepPRIME-290.jpg 1920w, https:\/\/mb2812.de\/wp-content\/uploads\/2021\/11\/DSC_9323-NEF_DxO_DeepPRIME-290-300x218.jpg 300w, https:\/\/mb2812.de\/wp-content\/uploads\/2021\/11\/DSC_9323-NEF_DxO_DeepPRIME-290-1024x744.jpg 1024w, https:\/\/mb2812.de\/wp-content\/uploads\/2021\/11\/DSC_9323-NEF_DxO_DeepPRIME-290-768x558.jpg 768w, https:\/\/mb2812.de\/wp-content\/uploads\/2021\/11\/DSC_9323-NEF_DxO_DeepPRIME-290-1536x1116.jpg 1536w, https:\/\/mb2812.de\/wp-content\/uploads\/2021\/11\/DSC_9323-NEF_DxO_DeepPRIME-290-668x485.jpg 668w\" sizes=\"auto, (max-width: 1920px) 100vw, 1920px\" \/><\/a><figcaption class=\"wp-element-caption\">Der Kalvarienberg an der Kirche, 1887 von Anton Josef Reiss geschaffen<\/figcaption><\/figure>\n\n\n\n<figure class=\"wp-block-image aligncenter size-full is-resized\"><a href=\"http:\/\/reiseblog.mb2812.de\/wp-content\/uploads\/2021\/11\/DSC_9339-NEF_DxO_DeepPRIME.jpg\" rel=\"noopener\"><img loading=\"lazy\" decoding=\"async\" width=\"1319\" height=\"1920\" src=\"https:\/\/mb2812.de\/wp-content\/uploads\/2021\/11\/DSC_9339-NEF_DxO_DeepPRIME.jpg\" alt=\"\" class=\"wp-image-11323\" style=\"width:535px\" srcset=\"https:\/\/mb2812.de\/wp-content\/uploads\/2021\/11\/DSC_9339-NEF_DxO_DeepPRIME.jpg 1319w, https:\/\/mb2812.de\/wp-content\/uploads\/2021\/11\/DSC_9339-NEF_DxO_DeepPRIME-206x300.jpg 206w, https:\/\/mb2812.de\/wp-content\/uploads\/2021\/11\/DSC_9339-NEF_DxO_DeepPRIME-703x1024.jpg 703w, https:\/\/mb2812.de\/wp-content\/uploads\/2021\/11\/DSC_9339-NEF_DxO_DeepPRIME-768x1118.jpg 768w, https:\/\/mb2812.de\/wp-content\/uploads\/2021\/11\/DSC_9339-NEF_DxO_DeepPRIME-1055x1536.jpg 1055w, https:\/\/mb2812.de\/wp-content\/uploads\/2021\/11\/DSC_9339-NEF_DxO_DeepPRIME-668x972.jpg 668w\" sizes=\"auto, (max-width: 1319px) 100vw, 1319px\" \/><\/a><figcaption class=\"wp-element-caption\">Noch ein Blick zur\u00fcck auf St.Lambertus<\/figcaption><\/figure>\n\n\n\n<p>Tja, und dann sind wir an der l\u00e4ngsten Theke der Welt. Mittags, wenn die meisten Lokalit\u00e4ten noch geschlossen und nur wenige Menschen unterwegs sind, hat das eine etwas eigenartige Atmosph\u00e4re.<\/p>\n\n\n\n<figure class=\"wp-block-image aligncenter size-full is-resized\"><a href=\"http:\/\/reiseblog.mb2812.de\/wp-content\/uploads\/2021\/11\/DSC_9341-NEF_DxO_DeepPRIME.jpg\" rel=\"noopener\"><img loading=\"lazy\" decoding=\"async\" width=\"1167\" height=\"1920\" src=\"https:\/\/mb2812.de\/wp-content\/uploads\/2021\/11\/DSC_9341-NEF_DxO_DeepPRIME.jpg\" alt=\"\" class=\"wp-image-11325\" style=\"width:535px\" srcset=\"https:\/\/mb2812.de\/wp-content\/uploads\/2021\/11\/DSC_9341-NEF_DxO_DeepPRIME.jpg 1167w, https:\/\/mb2812.de\/wp-content\/uploads\/2021\/11\/DSC_9341-NEF_DxO_DeepPRIME-182x300.jpg 182w, https:\/\/mb2812.de\/wp-content\/uploads\/2021\/11\/DSC_9341-NEF_DxO_DeepPRIME-622x1024.jpg 622w, https:\/\/mb2812.de\/wp-content\/uploads\/2021\/11\/DSC_9341-NEF_DxO_DeepPRIME-768x1264.jpg 768w, https:\/\/mb2812.de\/wp-content\/uploads\/2021\/11\/DSC_9341-NEF_DxO_DeepPRIME-934x1536.jpg 934w, https:\/\/mb2812.de\/wp-content\/uploads\/2021\/11\/DSC_9341-NEF_DxO_DeepPRIME-668x1099.jpg 668w\" sizes=\"auto, (max-width: 1167px) 100vw, 1167px\" \/><\/a><figcaption class=\"wp-element-caption\">M\u00fchlenstra\u00dfe<\/figcaption><\/figure>\n\n\n\n<figure class=\"wp-block-image aligncenter size-full is-resized\"><a href=\"http:\/\/reiseblog.mb2812.de\/wp-content\/uploads\/2021\/11\/DSC_9340-NEF_DxO_DeepPRIME.jpg\" rel=\"noopener\"><img loading=\"lazy\" decoding=\"async\" width=\"1920\" height=\"1562\" src=\"https:\/\/mb2812.de\/wp-content\/uploads\/2021\/11\/DSC_9340-NEF_DxO_DeepPRIME.jpg\" alt=\"\" class=\"wp-image-11324\" style=\"width:800px\" srcset=\"https:\/\/mb2812.de\/wp-content\/uploads\/2021\/11\/DSC_9340-NEF_DxO_DeepPRIME.jpg 1920w, https:\/\/mb2812.de\/wp-content\/uploads\/2021\/11\/DSC_9340-NEF_DxO_DeepPRIME-300x244.jpg 300w, https:\/\/mb2812.de\/wp-content\/uploads\/2021\/11\/DSC_9340-NEF_DxO_DeepPRIME-1024x833.jpg 1024w, https:\/\/mb2812.de\/wp-content\/uploads\/2021\/11\/DSC_9340-NEF_DxO_DeepPRIME-768x625.jpg 768w, https:\/\/mb2812.de\/wp-content\/uploads\/2021\/11\/DSC_9340-NEF_DxO_DeepPRIME-1536x1250.jpg 1536w, https:\/\/mb2812.de\/wp-content\/uploads\/2021\/11\/DSC_9340-NEF_DxO_DeepPRIME-668x543.jpg 668w\" sizes=\"auto, (max-width: 1920px) 100vw, 1920px\" \/><\/a><figcaption class=\"wp-element-caption\">&#8222;R\u00fcckseite&#8220; hab ich das genannt. Die n\u00f6rdliche D\u00fcssel und die Josef Wimmer Gasse<\/figcaption><\/figure>\n\n\n\n<figure class=\"wp-block-image aligncenter size-full is-resized\"><a href=\"http:\/\/reiseblog.mb2812.de\/wp-content\/uploads\/2021\/11\/DSC_9345-NEF_DxO_DeepPRIME-286.jpg\" rel=\"noopener\"><img loading=\"lazy\" decoding=\"async\" width=\"1293\" height=\"1920\" src=\"https:\/\/mb2812.de\/wp-content\/uploads\/2021\/11\/DSC_9345-NEF_DxO_DeepPRIME-286.jpg\" alt=\"\" class=\"wp-image-11326\" style=\"width:535px\" srcset=\"https:\/\/mb2812.de\/wp-content\/uploads\/2021\/11\/DSC_9345-NEF_DxO_DeepPRIME-286.jpg 1293w, https:\/\/mb2812.de\/wp-content\/uploads\/2021\/11\/DSC_9345-NEF_DxO_DeepPRIME-286-202x300.jpg 202w, https:\/\/mb2812.de\/wp-content\/uploads\/2021\/11\/DSC_9345-NEF_DxO_DeepPRIME-286-690x1024.jpg 690w, https:\/\/mb2812.de\/wp-content\/uploads\/2021\/11\/DSC_9345-NEF_DxO_DeepPRIME-286-768x1140.jpg 768w, https:\/\/mb2812.de\/wp-content\/uploads\/2021\/11\/DSC_9345-NEF_DxO_DeepPRIME-286-1034x1536.jpg 1034w, https:\/\/mb2812.de\/wp-content\/uploads\/2021\/11\/DSC_9345-NEF_DxO_DeepPRIME-286-668x992.jpg 668w\" sizes=\"auto, (max-width: 1293px) 100vw, 1293px\" \/><\/a><figcaption class=\"wp-element-caption\">Hier soll es gutes Essen geben, ausprobiert habe ich es noch nicht. Weinhaus Tante Anna auf der Andreasstra\u00dfe<\/figcaption><\/figure>\n\n\n\n<figure class=\"wp-block-image aligncenter size-full is-resized\"><a href=\"http:\/\/reiseblog.mb2812.de\/wp-content\/uploads\/2021\/11\/DSC_9350-NEF_DxO_DeepPRIME.jpg\" rel=\"noopener\"><img loading=\"lazy\" decoding=\"async\" width=\"1377\" height=\"1920\" src=\"https:\/\/mb2812.de\/wp-content\/uploads\/2021\/11\/DSC_9350-NEF_DxO_DeepPRIME.jpg\" alt=\"\" class=\"wp-image-11327\" style=\"width:535px\" srcset=\"https:\/\/mb2812.de\/wp-content\/uploads\/2021\/11\/DSC_9350-NEF_DxO_DeepPRIME.jpg 1377w, https:\/\/mb2812.de\/wp-content\/uploads\/2021\/11\/DSC_9350-NEF_DxO_DeepPRIME-215x300.jpg 215w, https:\/\/mb2812.de\/wp-content\/uploads\/2021\/11\/DSC_9350-NEF_DxO_DeepPRIME-734x1024.jpg 734w, https:\/\/mb2812.de\/wp-content\/uploads\/2021\/11\/DSC_9350-NEF_DxO_DeepPRIME-768x1071.jpg 768w, https:\/\/mb2812.de\/wp-content\/uploads\/2021\/11\/DSC_9350-NEF_DxO_DeepPRIME-1102x1536.jpg 1102w, https:\/\/mb2812.de\/wp-content\/uploads\/2021\/11\/DSC_9350-NEF_DxO_DeepPRIME-668x931.jpg 668w\" sizes=\"auto, (max-width: 1377px) 100vw, 1377px\" \/><\/a><figcaption class=\"wp-element-caption\">Fotografiert haben wir dies wegen der Bierreklame, die Iserlohner Brauerei ist schon seit vielen Jahren Geschichte (Schneider Wibbel Gasse) (Iserlohn ist Stephans Heimatstadt)<\/figcaption><\/figure>\n\n\n\n<figure class=\"wp-block-image aligncenter size-full is-resized\"><a href=\"http:\/\/reiseblog.mb2812.de\/wp-content\/uploads\/2021\/11\/DSC_9353-NEF_DxO_DeepPRIME.jpg\" rel=\"noopener\"><img loading=\"lazy\" decoding=\"async\" width=\"1920\" height=\"1584\" src=\"https:\/\/mb2812.de\/wp-content\/uploads\/2021\/11\/DSC_9353-NEF_DxO_DeepPRIME.jpg\" alt=\"\" class=\"wp-image-11328\" style=\"width:800px\" srcset=\"https:\/\/mb2812.de\/wp-content\/uploads\/2021\/11\/DSC_9353-NEF_DxO_DeepPRIME.jpg 1920w, https:\/\/mb2812.de\/wp-content\/uploads\/2021\/11\/DSC_9353-NEF_DxO_DeepPRIME-300x248.jpg 300w, https:\/\/mb2812.de\/wp-content\/uploads\/2021\/11\/DSC_9353-NEF_DxO_DeepPRIME-1024x845.jpg 1024w, https:\/\/mb2812.de\/wp-content\/uploads\/2021\/11\/DSC_9353-NEF_DxO_DeepPRIME-768x634.jpg 768w, https:\/\/mb2812.de\/wp-content\/uploads\/2021\/11\/DSC_9353-NEF_DxO_DeepPRIME-1536x1267.jpg 1536w, https:\/\/mb2812.de\/wp-content\/uploads\/2021\/11\/DSC_9353-NEF_DxO_DeepPRIME-668x551.jpg 668w\" sizes=\"auto, (max-width: 1920px) 100vw, 1920px\" \/><\/a><figcaption class=\"wp-element-caption\">vermutlich auf der Bolkerstra\u00dfe<\/figcaption><\/figure>\n\n\n\n<figure class=\"wp-block-image aligncenter size-full is-resized\"><a href=\"http:\/\/reiseblog.mb2812.de\/wp-content\/uploads\/2021\/11\/DSC_9356-NEF_DxO_DeepPRIME.jpg\" rel=\"noopener\"><img loading=\"lazy\" decoding=\"async\" width=\"1507\" height=\"1920\" src=\"https:\/\/mb2812.de\/wp-content\/uploads\/2021\/11\/DSC_9356-NEF_DxO_DeepPRIME.jpg\" alt=\"\" class=\"wp-image-11329\" style=\"width:600px\" srcset=\"https:\/\/mb2812.de\/wp-content\/uploads\/2021\/11\/DSC_9356-NEF_DxO_DeepPRIME.jpg 1507w, https:\/\/mb2812.de\/wp-content\/uploads\/2021\/11\/DSC_9356-NEF_DxO_DeepPRIME-235x300.jpg 235w, https:\/\/mb2812.de\/wp-content\/uploads\/2021\/11\/DSC_9356-NEF_DxO_DeepPRIME-804x1024.jpg 804w, https:\/\/mb2812.de\/wp-content\/uploads\/2021\/11\/DSC_9356-NEF_DxO_DeepPRIME-768x978.jpg 768w, https:\/\/mb2812.de\/wp-content\/uploads\/2021\/11\/DSC_9356-NEF_DxO_DeepPRIME-1206x1536.jpg 1206w, https:\/\/mb2812.de\/wp-content\/uploads\/2021\/11\/DSC_9356-NEF_DxO_DeepPRIME-668x851.jpg 668w\" sizes=\"auto, (max-width: 1507px) 100vw, 1507px\" \/><\/a><figcaption class=\"wp-element-caption\">Die Rheinstra\u00dfe wird beherrscht von der Hausbrauerei &#8222;Uerige&#8220;<\/figcaption><\/figure>\n\n\n\n<figure class=\"wp-block-image aligncenter size-full is-resized\"><a href=\"http:\/\/reiseblog.mb2812.de\/wp-content\/uploads\/2021\/11\/DSC_9358-NEF_DxO_DeepPRIME.jpg\" rel=\"noopener\"><img loading=\"lazy\" decoding=\"async\" width=\"1602\" height=\"1920\" src=\"https:\/\/mb2812.de\/wp-content\/uploads\/2021\/11\/DSC_9358-NEF_DxO_DeepPRIME.jpg\" alt=\"\" class=\"wp-image-11334\" style=\"width:600px\" srcset=\"https:\/\/mb2812.de\/wp-content\/uploads\/2021\/11\/DSC_9358-NEF_DxO_DeepPRIME.jpg 1602w, https:\/\/mb2812.de\/wp-content\/uploads\/2021\/11\/DSC_9358-NEF_DxO_DeepPRIME-250x300.jpg 250w, https:\/\/mb2812.de\/wp-content\/uploads\/2021\/11\/DSC_9358-NEF_DxO_DeepPRIME-854x1024.jpg 854w, https:\/\/mb2812.de\/wp-content\/uploads\/2021\/11\/DSC_9358-NEF_DxO_DeepPRIME-768x920.jpg 768w, https:\/\/mb2812.de\/wp-content\/uploads\/2021\/11\/DSC_9358-NEF_DxO_DeepPRIME-1282x1536.jpg 1282w, https:\/\/mb2812.de\/wp-content\/uploads\/2021\/11\/DSC_9358-NEF_DxO_DeepPRIME-668x801.jpg 668w\" sizes=\"auto, (max-width: 1602px) 100vw, 1602px\" \/><\/a><figcaption class=\"wp-element-caption\">Das Brauhaus<\/figcaption><\/figure>\n\n\n\n<p>Nach einem kurzen Besuch am Rheinufer beim &#8222;Alten Hafen&#8220; verlassen wir die Altstadt, und \u00fcber die Benrather Stra\u00dfe erreichen wir unser n\u00e4chstes Ziel: Die &#8222;K\u00f6&#8220;. Fotografisch war da f\u00fcr mich nicht viel.<\/p>\n\n\n\n<figure class=\"wp-block-image aligncenter size-full is-resized\"><a href=\"http:\/\/reiseblog.mb2812.de\/wp-content\/uploads\/2021\/11\/DSC_9363-NEF_DxO_DeepPRIME.jpg\" rel=\"noopener\"><img loading=\"lazy\" decoding=\"async\" width=\"1140\" height=\"1920\" src=\"https:\/\/mb2812.de\/wp-content\/uploads\/2021\/11\/DSC_9363-NEF_DxO_DeepPRIME.jpg\" alt=\"\" class=\"wp-image-11341\" style=\"width:535px\" srcset=\"https:\/\/mb2812.de\/wp-content\/uploads\/2021\/11\/DSC_9363-NEF_DxO_DeepPRIME.jpg 1140w, https:\/\/mb2812.de\/wp-content\/uploads\/2021\/11\/DSC_9363-NEF_DxO_DeepPRIME-178x300.jpg 178w, https:\/\/mb2812.de\/wp-content\/uploads\/2021\/11\/DSC_9363-NEF_DxO_DeepPRIME-608x1024.jpg 608w, https:\/\/mb2812.de\/wp-content\/uploads\/2021\/11\/DSC_9363-NEF_DxO_DeepPRIME-768x1293.jpg 768w, https:\/\/mb2812.de\/wp-content\/uploads\/2021\/11\/DSC_9363-NEF_DxO_DeepPRIME-912x1536.jpg 912w, https:\/\/mb2812.de\/wp-content\/uploads\/2021\/11\/DSC_9363-NEF_DxO_DeepPRIME-668x1125.jpg 668w\" sizes=\"auto, (max-width: 1140px) 100vw, 1140px\" \/><\/a><figcaption class=\"wp-element-caption\">In der Benrather Stra\u00dfe eine Seitenfront des &#8222;Commerzbank Geb\u00e4udes&#8220;<\/figcaption><\/figure>\n\n\n\n<figure class=\"wp-block-image aligncenter size-full is-resized\"><a href=\"http:\/\/reiseblog.mb2812.de\/wp-content\/uploads\/2021\/11\/DSC_9366-NEF_DxO_DeepPRIME.jpg\" rel=\"noopener\"><img loading=\"lazy\" decoding=\"async\" width=\"1920\" height=\"1447\" src=\"https:\/\/mb2812.de\/wp-content\/uploads\/2021\/11\/DSC_9366-NEF_DxO_DeepPRIME.jpg\" alt=\"\" class=\"wp-image-11330\" style=\"width:800px\" srcset=\"https:\/\/mb2812.de\/wp-content\/uploads\/2021\/11\/DSC_9366-NEF_DxO_DeepPRIME.jpg 1920w, https:\/\/mb2812.de\/wp-content\/uploads\/2021\/11\/DSC_9366-NEF_DxO_DeepPRIME-300x226.jpg 300w, https:\/\/mb2812.de\/wp-content\/uploads\/2021\/11\/DSC_9366-NEF_DxO_DeepPRIME-1024x772.jpg 1024w, https:\/\/mb2812.de\/wp-content\/uploads\/2021\/11\/DSC_9366-NEF_DxO_DeepPRIME-768x579.jpg 768w, https:\/\/mb2812.de\/wp-content\/uploads\/2021\/11\/DSC_9366-NEF_DxO_DeepPRIME-1536x1158.jpg 1536w, https:\/\/mb2812.de\/wp-content\/uploads\/2021\/11\/DSC_9366-NEF_DxO_DeepPRIME-668x503.jpg 668w\" sizes=\"auto, (max-width: 1920px) 100vw, 1920px\" \/><\/a><figcaption class=\"wp-element-caption\">Ein bisschen Einzelhandel an der K\u00f6nigsallee<\/figcaption><\/figure>\n\n\n\n<p>Weiter kommen wir zum nicht mehr existenten Jan-Wellem-Platz, an dem seit einigen Jahren der &#8222;K\u00f6 Bogen&#8220; gebaut wird. Inzwischen ist auch der von Ingenhoven geplante zweite Bauabschnitt (K\u00f6 Bogen II) mit seinem komplett gr\u00fcnen Geb\u00e4uden und 8 Kilometer Buchenhecke auf der Fassade fertiggestellt. In den L\u00e4den wird fleisig einger\u00e4umt.<\/p>\n\n\n\n<p>Dieses Geb\u00e4ude hier gibt es schon l\u00e4nger, 1960 wurde es fertiggestellt: Das Dreischeibenhaus<\/p>\n\n\n\n<figure class=\"wp-block-image aligncenter size-full is-resized\"><a href=\"http:\/\/reiseblog.mb2812.de\/wp-content\/uploads\/2021\/11\/DSC_9372-NEF_DxO_DeepPRIME.jpg\" target=\"_blank\" rel=\"noopener\"><img loading=\"lazy\" decoding=\"async\" width=\"1128\" height=\"1920\" src=\"https:\/\/mb2812.de\/wp-content\/uploads\/2021\/11\/DSC_9372-NEF_DxO_DeepPRIME.jpg\" alt=\"\" class=\"wp-image-11331\" style=\"width:535px\" srcset=\"https:\/\/mb2812.de\/wp-content\/uploads\/2021\/11\/DSC_9372-NEF_DxO_DeepPRIME.jpg 1128w, https:\/\/mb2812.de\/wp-content\/uploads\/2021\/11\/DSC_9372-NEF_DxO_DeepPRIME-176x300.jpg 176w, https:\/\/mb2812.de\/wp-content\/uploads\/2021\/11\/DSC_9372-NEF_DxO_DeepPRIME-602x1024.jpg 602w, https:\/\/mb2812.de\/wp-content\/uploads\/2021\/11\/DSC_9372-NEF_DxO_DeepPRIME-768x1307.jpg 768w, https:\/\/mb2812.de\/wp-content\/uploads\/2021\/11\/DSC_9372-NEF_DxO_DeepPRIME-902x1536.jpg 902w, https:\/\/mb2812.de\/wp-content\/uploads\/2021\/11\/DSC_9372-NEF_DxO_DeepPRIME-668x1137.jpg 668w\" sizes=\"auto, (max-width: 1128px) 100vw, 1128px\" \/><\/a><\/figure>\n\n\n\n<p><\/p>\n\n\n\n<figure class=\"wp-block-image aligncenter size-full is-resized\"><a href=\"http:\/\/reiseblog.mb2812.de\/wp-content\/uploads\/2021\/11\/DSC_9373-NEF_DxO_DeepPRIME.jpg\" target=\"_blank\" rel=\"noopener\"><img loading=\"lazy\" decoding=\"async\" width=\"1133\" height=\"1920\" src=\"https:\/\/mb2812.de\/wp-content\/uploads\/2021\/11\/DSC_9373-NEF_DxO_DeepPRIME.jpg\" alt=\"\" class=\"wp-image-11316\" style=\"width:535px\" srcset=\"https:\/\/mb2812.de\/wp-content\/uploads\/2021\/11\/DSC_9373-NEF_DxO_DeepPRIME.jpg 1133w, https:\/\/mb2812.de\/wp-content\/uploads\/2021\/11\/DSC_9373-NEF_DxO_DeepPRIME-177x300.jpg 177w, https:\/\/mb2812.de\/wp-content\/uploads\/2021\/11\/DSC_9373-NEF_DxO_DeepPRIME-604x1024.jpg 604w, https:\/\/mb2812.de\/wp-content\/uploads\/2021\/11\/DSC_9373-NEF_DxO_DeepPRIME-768x1301.jpg 768w, https:\/\/mb2812.de\/wp-content\/uploads\/2021\/11\/DSC_9373-NEF_DxO_DeepPRIME-906x1536.jpg 906w, https:\/\/mb2812.de\/wp-content\/uploads\/2021\/11\/DSC_9373-NEF_DxO_DeepPRIME-668x1132.jpg 668w\" sizes=\"auto, (max-width: 1133px) 100vw, 1133px\" \/><\/a><\/figure>\n\n\n\n<p><\/p>\n\n\n\n<p>Wir gehen ein bisschen die Schadowstra\u00dfe weiter, deren Wirkung sich durch den &#8222;K\u00f6-Bogen II&#8220; doch sehr ver\u00e4ndert. &nbsp;Wir haben dann Pause im neuer\u00f6ffneten &#8222;Hans im Gl\u00fcck&#8220; gemacht, und machen uns durch den Hofgarten zur\u00fcck Richtung Parkplatz.<\/p>\n\n\n\n<figure class=\"wp-block-image aligncenter size-full is-resized\"><a href=\"http:\/\/reiseblog.mb2812.de\/wp-content\/uploads\/2021\/11\/DSC_9393-NEF_DxO_DeepPRIME-281.jpg\" rel=\"noopener\"><img loading=\"lazy\" decoding=\"async\" width=\"1440\" height=\"1920\" src=\"https:\/\/mb2812.de\/wp-content\/uploads\/2021\/11\/DSC_9393-NEF_DxO_DeepPRIME-281.jpg\" alt=\"\" class=\"wp-image-11332\" style=\"width:600px\" srcset=\"https:\/\/mb2812.de\/wp-content\/uploads\/2021\/11\/DSC_9393-NEF_DxO_DeepPRIME-281.jpg 1440w, https:\/\/mb2812.de\/wp-content\/uploads\/2021\/11\/DSC_9393-NEF_DxO_DeepPRIME-281-225x300.jpg 225w, https:\/\/mb2812.de\/wp-content\/uploads\/2021\/11\/DSC_9393-NEF_DxO_DeepPRIME-281-768x1024.jpg 768w, https:\/\/mb2812.de\/wp-content\/uploads\/2021\/11\/DSC_9393-NEF_DxO_DeepPRIME-281-1152x1536.jpg 1152w, https:\/\/mb2812.de\/wp-content\/uploads\/2021\/11\/DSC_9393-NEF_DxO_DeepPRIME-281-668x891.jpg 668w\" sizes=\"auto, (max-width: 1440px) 100vw, 1440px\" \/><\/a><figcaption class=\"wp-element-caption\">L\u00fcftungsanlagen am von Daniel Libeskind entworfenen ersten Bauabschnitt des K\u00f6-Bogens<\/figcaption><\/figure>\n\n\n\n<figure class=\"wp-block-image aligncenter size-full is-resized\"><a href=\"http:\/\/reiseblog.mb2812.de\/wp-content\/uploads\/2021\/11\/DSC_9407-NEF_DxO_DeepPRIME-291.jpg\" rel=\"noopener\"><img loading=\"lazy\" decoding=\"async\" width=\"1920\" height=\"1358\" src=\"https:\/\/mb2812.de\/wp-content\/uploads\/2021\/11\/DSC_9407-NEF_DxO_DeepPRIME-291.jpg\" alt=\"\" class=\"wp-image-11333\" style=\"width:800px\" srcset=\"https:\/\/mb2812.de\/wp-content\/uploads\/2021\/11\/DSC_9407-NEF_DxO_DeepPRIME-291.jpg 1920w, https:\/\/mb2812.de\/wp-content\/uploads\/2021\/11\/DSC_9407-NEF_DxO_DeepPRIME-291-300x212.jpg 300w, https:\/\/mb2812.de\/wp-content\/uploads\/2021\/11\/DSC_9407-NEF_DxO_DeepPRIME-291-1024x724.jpg 1024w, https:\/\/mb2812.de\/wp-content\/uploads\/2021\/11\/DSC_9407-NEF_DxO_DeepPRIME-291-768x543.jpg 768w, https:\/\/mb2812.de\/wp-content\/uploads\/2021\/11\/DSC_9407-NEF_DxO_DeepPRIME-291-1536x1086.jpg 1536w, https:\/\/mb2812.de\/wp-content\/uploads\/2021\/11\/DSC_9407-NEF_DxO_DeepPRIME-291-668x472.jpg 668w\" sizes=\"auto, (max-width: 1920px) 100vw, 1920px\" \/><\/a><figcaption class=\"wp-element-caption\">Und noch ein Blick auf den ersten Bauabschnitt des K\u00f6 Bogens aus dem Hofgarten<\/figcaption><\/figure>\n\n\n\n<hr class=\"wp-block-separator has-alpha-channel-opacity\"\/>\n\n\n\n<p>Und am <strong>Dienstag, den 16. November,<\/strong> traf ich dann um ca. 11:30 Uhr mit dem Intercity im Hauptbahnhof in&nbsp;<strong>M\u00fcnster (Westfalen)<\/strong> ein. Die Bahn machte sich mal wieder beliebt: Im Zug gab es falsche Informationen \u00fcber den aufgrund Bauarbeiten abweichenden Zuglauf, und den &nbsp;&#8222;Komfort Check In&#8220; h\u00e4tt ich mir sparen k\u00f6nnen, die Zugbgleiterin wollte unbedingt mein Ticket sehen. Ich musste ein Telefongespr\u00e4ch unterbrechen, um es auf dem Handy vorzuzeigen.<\/p>\n\n\n\n<p>Stephan war schon da &#8211; aufgrund einer Dienstreise &#8211; und wir liefen dann ein bisschen durch die Stadt bis zu seinem Hotel am Aasee.<\/p>\n\n\n\n<p>Fotografieren war so eine Sache. Bauz\u00e4une und halbfertige Weihnachtsmarktbuden machten das fast unm\u00f6glich, das Wetter war auch alles andere als sch\u00f6n. Ein paar Fotos gibt es trotzdem.<\/p>\n\n\n\n<p>Als erstes kamen wir am Erbdrostenhof vorbei, hier residiert heutzutage der Landschaftsverband:<\/p>\n\n\n\n<figure class=\"wp-block-image aligncenter size-full is-resized\"><a href=\"http:\/\/reiseblog.mb2812.de\/wp-content\/uploads\/2021\/11\/DSC_9417.jpg\" target=\"_blank\" rel=\"noopener\"><img loading=\"lazy\" decoding=\"async\" width=\"1920\" height=\"1280\" src=\"https:\/\/mb2812.de\/wp-content\/uploads\/2021\/11\/DSC_9417.jpg\" alt=\"\" class=\"wp-image-11348\" style=\"width:800px\" srcset=\"https:\/\/mb2812.de\/wp-content\/uploads\/2021\/11\/DSC_9417.jpg 1920w, https:\/\/mb2812.de\/wp-content\/uploads\/2021\/11\/DSC_9417-300x200.jpg 300w, https:\/\/mb2812.de\/wp-content\/uploads\/2021\/11\/DSC_9417-1024x683.jpg 1024w, https:\/\/mb2812.de\/wp-content\/uploads\/2021\/11\/DSC_9417-768x512.jpg 768w, https:\/\/mb2812.de\/wp-content\/uploads\/2021\/11\/DSC_9417-1536x1024.jpg 1536w, https:\/\/mb2812.de\/wp-content\/uploads\/2021\/11\/DSC_9417-668x445.jpg 668w\" sizes=\"auto, (max-width: 1920px) 100vw, 1920px\" \/><\/a><\/figure>\n\n\n\n<p><\/p>\n\n\n\n<figure class=\"wp-block-image aligncenter size-full is-resized\"><a href=\"http:\/\/reiseblog.mb2812.de\/wp-content\/uploads\/2021\/11\/DSC_9416.jpg\"><img loading=\"lazy\" decoding=\"async\" width=\"1440\" height=\"1920\" src=\"https:\/\/mb2812.de\/wp-content\/uploads\/2021\/11\/DSC_9416.jpg\" alt=\"\" class=\"wp-image-11347\" style=\"width:600px\" srcset=\"https:\/\/mb2812.de\/wp-content\/uploads\/2021\/11\/DSC_9416.jpg 1440w, https:\/\/mb2812.de\/wp-content\/uploads\/2021\/11\/DSC_9416-225x300.jpg 225w, https:\/\/mb2812.de\/wp-content\/uploads\/2021\/11\/DSC_9416-768x1024.jpg 768w, https:\/\/mb2812.de\/wp-content\/uploads\/2021\/11\/DSC_9416-1152x1536.jpg 1152w, https:\/\/mb2812.de\/wp-content\/uploads\/2021\/11\/DSC_9416-668x891.jpg 668w\" sizes=\"auto, (max-width: 1440px) 100vw, 1440px\" \/><\/a><\/figure>\n\n\n\n<p><\/p>\n\n\n\n<figure class=\"wp-block-image aligncenter size-full is-resized\"><a href=\"http:\/\/reiseblog.mb2812.de\/wp-content\/uploads\/2021\/11\/DSC_9414-303.jpg\"><img loading=\"lazy\" decoding=\"async\" width=\"1280\" height=\"1920\" src=\"https:\/\/mb2812.de\/wp-content\/uploads\/2021\/11\/DSC_9414-303.jpg\" alt=\"\" class=\"wp-image-11346\" style=\"width:535px\" srcset=\"https:\/\/mb2812.de\/wp-content\/uploads\/2021\/11\/DSC_9414-303.jpg 1280w, https:\/\/mb2812.de\/wp-content\/uploads\/2021\/11\/DSC_9414-303-200x300.jpg 200w, https:\/\/mb2812.de\/wp-content\/uploads\/2021\/11\/DSC_9414-303-683x1024.jpg 683w, https:\/\/mb2812.de\/wp-content\/uploads\/2021\/11\/DSC_9414-303-768x1152.jpg 768w, https:\/\/mb2812.de\/wp-content\/uploads\/2021\/11\/DSC_9414-303-1024x1536.jpg 1024w, https:\/\/mb2812.de\/wp-content\/uploads\/2021\/11\/DSC_9414-303-668x1002.jpg 668w\" sizes=\"auto, (max-width: 1280px) 100vw, 1280px\" \/><\/a><\/figure>\n\n\n\n<p><\/p>\n\n\n\n<p>Vorbei am Prinzipalmarkt, an St. Lamberti und der Liebfrauen-\u00dcberwasserkirche kamen wir ins &#8222;Kuhviertel&#8220;.<\/p>\n\n\n\n<figure class=\"wp-block-image aligncenter size-full is-resized\"><a href=\"http:\/\/reiseblog.mb2812.de\/wp-content\/uploads\/2021\/11\/DSC_9422.jpg\" rel=\"noopener\"><img loading=\"lazy\" decoding=\"async\" width=\"1440\" height=\"1920\" src=\"https:\/\/mb2812.de\/wp-content\/uploads\/2021\/11\/DSC_9422.jpg\" alt=\"\" class=\"wp-image-11350\" style=\"width:600px\" srcset=\"https:\/\/mb2812.de\/wp-content\/uploads\/2021\/11\/DSC_9422.jpg 1440w, https:\/\/mb2812.de\/wp-content\/uploads\/2021\/11\/DSC_9422-225x300.jpg 225w, https:\/\/mb2812.de\/wp-content\/uploads\/2021\/11\/DSC_9422-768x1024.jpg 768w, https:\/\/mb2812.de\/wp-content\/uploads\/2021\/11\/DSC_9422-1152x1536.jpg 1152w, https:\/\/mb2812.de\/wp-content\/uploads\/2021\/11\/DSC_9422-668x891.jpg 668w\" sizes=\"auto, (max-width: 1440px) 100vw, 1440px\" \/><\/a><figcaption class=\"wp-element-caption\">Den Dom sahen wir nur aus der Ferne<\/figcaption><\/figure>\n\n\n\n<figure class=\"wp-block-image aligncenter size-full is-resized\"><a href=\"http:\/\/reiseblog.mb2812.de\/wp-content\/uploads\/2021\/11\/DSC_9423.jpg\" rel=\"noopener\"><img loading=\"lazy\" decoding=\"async\" width=\"1440\" height=\"1920\" src=\"https:\/\/mb2812.de\/wp-content\/uploads\/2021\/11\/DSC_9423.jpg\" alt=\"\" class=\"wp-image-11351\" style=\"width:600px\" srcset=\"https:\/\/mb2812.de\/wp-content\/uploads\/2021\/11\/DSC_9423.jpg 1440w, https:\/\/mb2812.de\/wp-content\/uploads\/2021\/11\/DSC_9423-225x300.jpg 225w, https:\/\/mb2812.de\/wp-content\/uploads\/2021\/11\/DSC_9423-768x1024.jpg 768w, https:\/\/mb2812.de\/wp-content\/uploads\/2021\/11\/DSC_9423-1152x1536.jpg 1152w, https:\/\/mb2812.de\/wp-content\/uploads\/2021\/11\/DSC_9423-668x891.jpg 668w\" sizes=\"auto, (max-width: 1440px) 100vw, 1440px\" \/><\/a><figcaption class=\"wp-element-caption\">Pinkus M\u00fcller<\/figcaption><\/figure>\n\n\n\n<figure class=\"wp-block-image aligncenter size-full is-resized\"><a href=\"http:\/\/reiseblog.mb2812.de\/wp-content\/uploads\/2021\/11\/DSC_9424.jpg\" target=\"_blank\" rel=\"noopener\"><img loading=\"lazy\" decoding=\"async\" width=\"1440\" height=\"1920\" src=\"https:\/\/mb2812.de\/wp-content\/uploads\/2021\/11\/DSC_9424.jpg\" alt=\"\" class=\"wp-image-11352\" style=\"width:600px\" srcset=\"https:\/\/mb2812.de\/wp-content\/uploads\/2021\/11\/DSC_9424.jpg 1440w, https:\/\/mb2812.de\/wp-content\/uploads\/2021\/11\/DSC_9424-225x300.jpg 225w, https:\/\/mb2812.de\/wp-content\/uploads\/2021\/11\/DSC_9424-768x1024.jpg 768w, https:\/\/mb2812.de\/wp-content\/uploads\/2021\/11\/DSC_9424-1152x1536.jpg 1152w, https:\/\/mb2812.de\/wp-content\/uploads\/2021\/11\/DSC_9424-668x891.jpg 668w\" sizes=\"auto, (max-width: 1440px) 100vw, 1440px\" \/><\/a><\/figure>\n\n\n\n<p><\/p>\n\n\n\n<figure class=\"wp-block-image aligncenter size-full is-resized\"><a href=\"http:\/\/reiseblog.mb2812.de\/wp-content\/uploads\/2021\/11\/DSC_9425.jpg\" rel=\"noopener\"><img loading=\"lazy\" decoding=\"async\" width=\"1440\" height=\"1920\" src=\"https:\/\/mb2812.de\/wp-content\/uploads\/2021\/11\/DSC_9425.jpg\" alt=\"\" class=\"wp-image-11353\" style=\"width:600px\" srcset=\"https:\/\/mb2812.de\/wp-content\/uploads\/2021\/11\/DSC_9425.jpg 1440w, https:\/\/mb2812.de\/wp-content\/uploads\/2021\/11\/DSC_9425-225x300.jpg 225w, https:\/\/mb2812.de\/wp-content\/uploads\/2021\/11\/DSC_9425-768x1024.jpg 768w, https:\/\/mb2812.de\/wp-content\/uploads\/2021\/11\/DSC_9425-1152x1536.jpg 1152w, https:\/\/mb2812.de\/wp-content\/uploads\/2021\/11\/DSC_9425-668x891.jpg 668w\" sizes=\"auto, (max-width: 1440px) 100vw, 1440px\" \/><\/a><figcaption class=\"wp-element-caption\">Hier ist die Bierreklame wohl aus den Zeiten als gutb\u00fcrgerliches Restaurant \u00fcbrig geblieben &#8230;<\/figcaption><\/figure>\n\n\n\n<p>Dann kamen wir zum f\u00fcrstbisch\u00f6flichen Schloss, in dem seit 1954 die Universit\u00e4t untergebracht ist. Selbstverst\u00e4ndlich versteckte es sich hinter einer Bauplane.Wir sind mal durch den Botanischen Garten der Universit\u00e4t gelaufen. Ein paar Fotos von der Orangerie und dem Teich:<\/p>\n\n\n\n<figure class=\"wp-block-image aligncenter size-full is-resized\"><a href=\"http:\/\/reiseblog.mb2812.de\/wp-content\/uploads\/2021\/11\/DSC_9427-302.jpg\" target=\"_blank\" rel=\"noopener\"><img loading=\"lazy\" decoding=\"async\" width=\"1920\" height=\"1280\" src=\"https:\/\/mb2812.de\/wp-content\/uploads\/2021\/11\/DSC_9427-302.jpg\" alt=\"\" class=\"wp-image-11354\" style=\"width:800px\" srcset=\"https:\/\/mb2812.de\/wp-content\/uploads\/2021\/11\/DSC_9427-302.jpg 1920w, https:\/\/mb2812.de\/wp-content\/uploads\/2021\/11\/DSC_9427-302-300x200.jpg 300w, https:\/\/mb2812.de\/wp-content\/uploads\/2021\/11\/DSC_9427-302-1024x683.jpg 1024w, https:\/\/mb2812.de\/wp-content\/uploads\/2021\/11\/DSC_9427-302-768x512.jpg 768w, https:\/\/mb2812.de\/wp-content\/uploads\/2021\/11\/DSC_9427-302-1536x1024.jpg 1536w, https:\/\/mb2812.de\/wp-content\/uploads\/2021\/11\/DSC_9427-302-668x445.jpg 668w\" sizes=\"auto, (max-width: 1920px) 100vw, 1920px\" \/><\/a><\/figure>\n\n\n\n<p><\/p>\n\n\n\n<figure class=\"wp-block-image aligncenter size-full is-resized\"><a href=\"http:\/\/reiseblog.mb2812.de\/wp-content\/uploads\/2021\/11\/DSC_9428-297-298.jpg\" target=\"_blank\" rel=\"noopener\"><img loading=\"lazy\" decoding=\"async\" width=\"1920\" height=\"1269\" src=\"https:\/\/mb2812.de\/wp-content\/uploads\/2021\/11\/DSC_9428-297-298.jpg\" alt=\"\" class=\"wp-image-11355\" style=\"width:800px\" srcset=\"https:\/\/mb2812.de\/wp-content\/uploads\/2021\/11\/DSC_9428-297-298.jpg 1920w, https:\/\/mb2812.de\/wp-content\/uploads\/2021\/11\/DSC_9428-297-298-300x198.jpg 300w, https:\/\/mb2812.de\/wp-content\/uploads\/2021\/11\/DSC_9428-297-298-1024x677.jpg 1024w, https:\/\/mb2812.de\/wp-content\/uploads\/2021\/11\/DSC_9428-297-298-768x508.jpg 768w, https:\/\/mb2812.de\/wp-content\/uploads\/2021\/11\/DSC_9428-297-298-1536x1015.jpg 1536w, https:\/\/mb2812.de\/wp-content\/uploads\/2021\/11\/DSC_9428-297-298-668x442.jpg 668w\" sizes=\"auto, (max-width: 1920px) 100vw, 1920px\" \/><\/a><\/figure>\n\n\n\n<p><\/p>\n\n\n\n<figure class=\"wp-block-image aligncenter size-full is-resized\"><a href=\"http:\/\/reiseblog.mb2812.de\/wp-content\/uploads\/2021\/11\/DSC_9429.jpg\" target=\"_blank\" rel=\"noopener\"><img loading=\"lazy\" decoding=\"async\" width=\"1920\" height=\"1280\" src=\"https:\/\/mb2812.de\/wp-content\/uploads\/2021\/11\/DSC_9429.jpg\" alt=\"\" class=\"wp-image-11356\" style=\"width:800px\" srcset=\"https:\/\/mb2812.de\/wp-content\/uploads\/2021\/11\/DSC_9429.jpg 1920w, https:\/\/mb2812.de\/wp-content\/uploads\/2021\/11\/DSC_9429-300x200.jpg 300w, https:\/\/mb2812.de\/wp-content\/uploads\/2021\/11\/DSC_9429-1024x683.jpg 1024w, https:\/\/mb2812.de\/wp-content\/uploads\/2021\/11\/DSC_9429-768x512.jpg 768w, https:\/\/mb2812.de\/wp-content\/uploads\/2021\/11\/DSC_9429-1536x1024.jpg 1536w, https:\/\/mb2812.de\/wp-content\/uploads\/2021\/11\/DSC_9429-668x445.jpg 668w\" sizes=\"auto, (max-width: 1920px) 100vw, 1920px\" \/><\/a><\/figure>\n\n\n\n<p><\/p>\n\n\n\n<figure class=\"wp-block-image aligncenter size-full is-resized\"><a href=\"http:\/\/reiseblog.mb2812.de\/wp-content\/uploads\/2021\/11\/DSC_9430.jpg\" target=\"_blank\" rel=\"noopener\"><img loading=\"lazy\" decoding=\"async\" width=\"1920\" height=\"1280\" src=\"https:\/\/mb2812.de\/wp-content\/uploads\/2021\/11\/DSC_9430.jpg\" alt=\"\" class=\"wp-image-11357\" style=\"width:800px\" srcset=\"https:\/\/mb2812.de\/wp-content\/uploads\/2021\/11\/DSC_9430.jpg 1920w, https:\/\/mb2812.de\/wp-content\/uploads\/2021\/11\/DSC_9430-300x200.jpg 300w, https:\/\/mb2812.de\/wp-content\/uploads\/2021\/11\/DSC_9430-1024x683.jpg 1024w, https:\/\/mb2812.de\/wp-content\/uploads\/2021\/11\/DSC_9430-768x512.jpg 768w, https:\/\/mb2812.de\/wp-content\/uploads\/2021\/11\/DSC_9430-1536x1024.jpg 1536w, https:\/\/mb2812.de\/wp-content\/uploads\/2021\/11\/DSC_9430-668x445.jpg 668w\" sizes=\"auto, (max-width: 1920px) 100vw, 1920px\" \/><\/a><\/figure>\n\n\n\n<p><\/p>\n\n\n\n<p>Vorbei am Zentralfriedhof kamen wir zu Stephans Residenz, dem M\u00f6venpick Hotel. Nach einer Pause mit Kaffee und Kuchen brachte mich Stephan zur\u00fcck zum Bahnhof.<\/p>\n\n\n\n<p>Zur\u00fcck ging es mit dem Regionalexpress. Der war teuerer wie ein Intercity, daf\u00fcr gab es weniger Komfort und ich lernte, da\u00df die Bahn es geschafft hat, die Ansage sinnloser Anschl\u00fcsse zu automatisieren. Und die S-Bahn war 15 Minuten zu sp\u00e4t, ich kam dadurch doch tats\u00e4chlich 5 Minuten fr\u00fcher wie geplant zu Hause an.<\/p>\n","protected":false},"excerpt":{"rendered":"<p>Fotos von zwei Ausfl\u00fcgen: ins benachbarte D\u00fcsseldorf und etwas weiter nach M\u00fcnster in Westfalen<\/p>\n","protected":false},"author":1,"featured_media":11313,"comment_status":"closed","ping_status":"closed","sticky":false,"template":"","format":"standard","meta":{"footnotes":""},"categories":[26],"tags":[87,39,92,100,99,93],"class_list":["post-11311","post","type-post","status-publish","format-standard","has-post-thumbnail","hentry","category-home-again-2021","tag-87","tag-deutschland","tag-duesseldorf","tag-muensterwestf","tag-rheinland","tag-westfalen"],"_links":{"self":[{"href":"https:\/\/mb2812.de\/index.php?rest_route=\/wp\/v2\/posts\/11311","targetHints":{"allow":["GET"]}}],"collection":[{"href":"https:\/\/mb2812.de\/index.php?rest_route=\/wp\/v2\/posts"}],"about":[{"href":"https:\/\/mb2812.de\/index.php?rest_route=\/wp\/v2\/types\/post"}],"author":[{"embeddable":true,"href":"https:\/\/mb2812.de\/index.php?rest_route=\/wp\/v2\/users\/1"}],"replies":[{"embeddable":true,"href":"https:\/\/mb2812.de\/index.php?rest_route=%2Fwp%2Fv2%2Fcomments&post=11311"}],"version-history":[{"count":12,"href":"https:\/\/mb2812.de\/index.php?rest_route=\/wp\/v2\/posts\/11311\/revisions"}],"predecessor-version":[{"id":16612,"href":"https:\/\/mb2812.de\/index.php?rest_route=\/wp\/v2\/posts\/11311\/revisions\/16612"}],"wp:featuredmedia":[{"embeddable":true,"href":"https:\/\/mb2812.de\/index.php?rest_route=\/wp\/v2\/media\/11313"}],"wp:attachment":[{"href":"https:\/\/mb2812.de\/index.php?rest_route=%2Fwp%2Fv2%2Fmedia&parent=11311"}],"wp:term":[{"taxonomy":"category","embeddable":true,"href":"https:\/\/mb2812.de\/index.php?rest_route=%2Fwp%2Fv2%2Fcategories&post=11311"},{"taxonomy":"post_tag","embeddable":true,"href":"https:\/\/mb2812.de\/index.php?rest_route=%2Fwp%2Fv2%2Ftags&post=11311"}],"curies":[{"name":"wp","href":"https:\/\/api.w.org\/{rel}","templated":true}]}}