{"id":11179,"date":"2021-10-07T09:00:20","date_gmt":"2021-10-07T07:00:20","guid":{"rendered":"http:\/\/reiseblog.mb2812.de\/?p=11179"},"modified":"2025-03-09T12:43:05","modified_gmt":"2025-03-09T10:43:05","slug":"hafencity-hafen-und-elbphilharmonie","status":"publish","type":"post","link":"https:\/\/mb2812.de\/?p=11179","title":{"rendered":"Hafencity, Hafen und Elbphilharmonie"},"content":{"rendered":"\n<p>Der Tag startet mit dem Fr\u00fchst\u00fcck, und da gibt es noch eine Anekdote aus dem Hotel. Gestern Abend machte man beim Check-In einen ziemlichen Aufstand bez\u00fcglich des Fr\u00fchst\u00fccks, da ja aufgrund von aufgrund Corona nur gaaaanz wenig Platz vorhanden w\u00e4re. Wir bekamen aber einen Stempel &#8222;Fr\u00fchst\u00fcckszeit 8:00 Uhr&#8220; auf den Zimmerausweis. Als wir heute morgen ankamen, war zwar jede Menge Platz im Raum, wir aber nicht auf der Liste, da man uns tats\u00e4chlich nur &#8218;Stand By&#8216; gebucht hatte. Wir durften uns dann aber doch setzen. Die Qualit\u00e4t des Fr\u00fchst\u00fccks \u00fcberraschte uns dann positiv, der Buffetbereich war aber ziemlich eng.<\/p>\n\n\n\n<p>F\u00fcr den Tag stand ein Spaziergang durch Kontorhausviertel, &nbsp;Speicherstadt und Hafen City auf dem Programm. Wir wollten den Weg zur Elbphilharmonie erkunden. Die stand als eigene Attraktion auf unserer To-Do Liste, f\u00fcr den Abend hatten wir uns Konzertkarten gebucht. Nach der Erkundung ded Weges zur Elbphilharmonie wollten wir eventuell eine Hafenrundfahrt ab den nahen Landungsbr\u00fccken machen, was dann auch so geklappt hat.<\/p>\n\n\n\n<p>Das Hotel geh\u00f6rt wohl schon zum Nordende des Kontorhausviertel. Dies besteht&nbsp;aus gro\u00dfen, bis zu zehngeschossigen B\u00fcroh\u00e4usern (damals hanseatisch &#8222;Kantor&#8220; genannt), die&nbsp;zwischen dem Ersten und Zweiten Weltkrieg gebaut wurden. Der&nbsp;zentrale Teil des Viertels liegt rund um den Burchardplatz (Quelle dieser S\u00e4tze und weitere Infos:<a href=\"https:\/\/de.wikipedia.org\/wiki\/Kontorhausviertel\" target=\"_blank\" rel=\"noopener\"> Wikipedia<\/a>).<\/p>\n\n\n\n<figure class=\"wp-block-image aligncenter size-full is-resized\"><a href=\"http:\/\/reiseblog.mb2812.de\/wp-content\/uploads\/2021\/10\/DSC_9195-NEF_DxO_DeepPRIME-231-232-233.jpg\" rel=\"noopener\"><img loading=\"lazy\" decoding=\"async\" width=\"1920\" height=\"1536\" src=\"https:\/\/mb2812.de\/wp-content\/uploads\/2021\/10\/DSC_9195-NEF_DxO_DeepPRIME-231-232-233.jpg\" alt=\"\" class=\"wp-image-11181\" style=\"width:800px\" srcset=\"https:\/\/mb2812.de\/wp-content\/uploads\/2021\/10\/DSC_9195-NEF_DxO_DeepPRIME-231-232-233.jpg 1920w, https:\/\/mb2812.de\/wp-content\/uploads\/2021\/10\/DSC_9195-NEF_DxO_DeepPRIME-231-232-233-300x240.jpg 300w, https:\/\/mb2812.de\/wp-content\/uploads\/2021\/10\/DSC_9195-NEF_DxO_DeepPRIME-231-232-233-1024x819.jpg 1024w, https:\/\/mb2812.de\/wp-content\/uploads\/2021\/10\/DSC_9195-NEF_DxO_DeepPRIME-231-232-233-768x614.jpg 768w, https:\/\/mb2812.de\/wp-content\/uploads\/2021\/10\/DSC_9195-NEF_DxO_DeepPRIME-231-232-233-1536x1229.jpg 1536w, https:\/\/mb2812.de\/wp-content\/uploads\/2021\/10\/DSC_9195-NEF_DxO_DeepPRIME-231-232-233-668x534.jpg 668w\" sizes=\"auto, (max-width: 1920px) 100vw, 1920px\" \/><\/a><figcaption class=\"wp-element-caption\">Eines der bekanntesten H\u00e4suer ist das 1922-24 von Fritz H\u00f6ger errichteten Chilehaus. Hier die S\u00fcdfassade<\/figcaption><\/figure>\n\n\n\n<!--more-->\n\n\n\n<figure class=\"wp-block-image aligncenter size-full is-resized\"><a href=\"http:\/\/reiseblog.mb2812.de\/wp-content\/uploads\/2021\/10\/DSC_9199-NEF_DxO_DeepPRIME-240-241.jpg\" rel=\"noopener\"><img loading=\"lazy\" decoding=\"async\" width=\"1920\" height=\"1536\" src=\"https:\/\/mb2812.de\/wp-content\/uploads\/2021\/10\/DSC_9199-NEF_DxO_DeepPRIME-240-241.jpg\" alt=\"\" class=\"wp-image-11182\" style=\"width:800px\" srcset=\"https:\/\/mb2812.de\/wp-content\/uploads\/2021\/10\/DSC_9199-NEF_DxO_DeepPRIME-240-241.jpg 1920w, https:\/\/mb2812.de\/wp-content\/uploads\/2021\/10\/DSC_9199-NEF_DxO_DeepPRIME-240-241-300x240.jpg 300w, https:\/\/mb2812.de\/wp-content\/uploads\/2021\/10\/DSC_9199-NEF_DxO_DeepPRIME-240-241-1024x819.jpg 1024w, https:\/\/mb2812.de\/wp-content\/uploads\/2021\/10\/DSC_9199-NEF_DxO_DeepPRIME-240-241-768x614.jpg 768w, https:\/\/mb2812.de\/wp-content\/uploads\/2021\/10\/DSC_9199-NEF_DxO_DeepPRIME-240-241-1536x1229.jpg 1536w, https:\/\/mb2812.de\/wp-content\/uploads\/2021\/10\/DSC_9199-NEF_DxO_DeepPRIME-240-241-668x534.jpg 668w\" sizes=\"auto, (max-width: 1920px) 100vw, 1920px\" \/><\/a><figcaption class=\"wp-element-caption\">Zeitgleich errichtet wurde das seit 1938 &#8222;Messberghof&#8220; genannte Geb\u00e4ude, Architekten waren Hans uund Oskar Gerson<\/figcaption><\/figure>\n\n\n\n<figure class=\"wp-block-image aligncenter size-full is-resized\"><a href=\"http:\/\/reiseblog.mb2812.de\/wp-content\/uploads\/2021\/10\/DSC_9201.jpg\" rel=\"noopener\"><img loading=\"lazy\" decoding=\"async\" width=\"1920\" height=\"1536\" src=\"https:\/\/mb2812.de\/wp-content\/uploads\/2021\/10\/DSC_9201.jpg\" alt=\"\" class=\"wp-image-11183\" style=\"width:800px\" srcset=\"https:\/\/mb2812.de\/wp-content\/uploads\/2021\/10\/DSC_9201.jpg 1920w, https:\/\/mb2812.de\/wp-content\/uploads\/2021\/10\/DSC_9201-300x240.jpg 300w, https:\/\/mb2812.de\/wp-content\/uploads\/2021\/10\/DSC_9201-1024x819.jpg 1024w, https:\/\/mb2812.de\/wp-content\/uploads\/2021\/10\/DSC_9201-768x614.jpg 768w, https:\/\/mb2812.de\/wp-content\/uploads\/2021\/10\/DSC_9201-1536x1229.jpg 1536w, https:\/\/mb2812.de\/wp-content\/uploads\/2021\/10\/DSC_9201-668x534.jpg 668w\" sizes=\"auto, (max-width: 1920px) 100vw, 1920px\" \/><\/a><figcaption class=\"wp-element-caption\">Nach dem Kontorhausviertel kommen wir in die Speicherstadt, Blick vom Wandrahmsteg \u00fcber den Zollkanal auf St. Katharinen<\/figcaption><\/figure>\n\n\n\n<figure class=\"wp-block-image aligncenter size-full is-resized\"><a href=\"http:\/\/reiseblog.mb2812.de\/wp-content\/uploads\/2021\/10\/DSC_9205-242.jpg\" rel=\"noopener\"><img loading=\"lazy\" decoding=\"async\" width=\"1920\" height=\"1536\" src=\"https:\/\/mb2812.de\/wp-content\/uploads\/2021\/10\/DSC_9205-242.jpg\" alt=\"\" class=\"wp-image-11184\" style=\"width:800px\" srcset=\"https:\/\/mb2812.de\/wp-content\/uploads\/2021\/10\/DSC_9205-242.jpg 1920w, https:\/\/mb2812.de\/wp-content\/uploads\/2021\/10\/DSC_9205-242-300x240.jpg 300w, https:\/\/mb2812.de\/wp-content\/uploads\/2021\/10\/DSC_9205-242-1024x819.jpg 1024w, https:\/\/mb2812.de\/wp-content\/uploads\/2021\/10\/DSC_9205-242-768x614.jpg 768w, https:\/\/mb2812.de\/wp-content\/uploads\/2021\/10\/DSC_9205-242-1536x1229.jpg 1536w, https:\/\/mb2812.de\/wp-content\/uploads\/2021\/10\/DSC_9205-242-668x534.jpg 668w\" sizes=\"auto, (max-width: 1920px) 100vw, 1920px\" \/><\/a><figcaption class=\"wp-element-caption\">Wandrahmfleet (rechts) und Holl\u00e4ndischbrookfleet (links)<\/figcaption><\/figure>\n\n\n\n<figure class=\"wp-block-image aligncenter size-full is-resized\"><a href=\"http:\/\/reiseblog.mb2812.de\/wp-content\/uploads\/2021\/10\/DSC_9207.jpg\" rel=\"noopener\"><img loading=\"lazy\" decoding=\"async\" width=\"1440\" height=\"1920\" src=\"https:\/\/mb2812.de\/wp-content\/uploads\/2021\/10\/DSC_9207.jpg\" alt=\"\" class=\"wp-image-11185\" style=\"width:600px\" srcset=\"https:\/\/mb2812.de\/wp-content\/uploads\/2021\/10\/DSC_9207.jpg 1440w, https:\/\/mb2812.de\/wp-content\/uploads\/2021\/10\/DSC_9207-225x300.jpg 225w, https:\/\/mb2812.de\/wp-content\/uploads\/2021\/10\/DSC_9207-768x1024.jpg 768w, https:\/\/mb2812.de\/wp-content\/uploads\/2021\/10\/DSC_9207-1152x1536.jpg 1152w, https:\/\/mb2812.de\/wp-content\/uploads\/2021\/10\/DSC_9207-668x891.jpg 668w\" sizes=\"auto, (max-width: 1440px) 100vw, 1440px\" \/><\/a><figcaption class=\"wp-element-caption\">Blick von der Holl\u00e4ndisch-Brookfleet-Br\u00fccke<\/figcaption><\/figure>\n\n\n\n<figure class=\"wp-block-image aligncenter size-full is-resized\"><a href=\"http:\/\/reiseblog.mb2812.de\/wp-content\/uploads\/2021\/10\/DSC_9208.jpg\" rel=\"noopener\"><img loading=\"lazy\" decoding=\"async\" width=\"1440\" height=\"1920\" src=\"https:\/\/mb2812.de\/wp-content\/uploads\/2021\/10\/DSC_9208.jpg\" alt=\"\" class=\"wp-image-11186\" style=\"width:600px\" srcset=\"https:\/\/mb2812.de\/wp-content\/uploads\/2021\/10\/DSC_9208.jpg 1440w, https:\/\/mb2812.de\/wp-content\/uploads\/2021\/10\/DSC_9208-225x300.jpg 225w, https:\/\/mb2812.de\/wp-content\/uploads\/2021\/10\/DSC_9208-768x1024.jpg 768w, https:\/\/mb2812.de\/wp-content\/uploads\/2021\/10\/DSC_9208-1152x1536.jpg 1152w, https:\/\/mb2812.de\/wp-content\/uploads\/2021\/10\/DSC_9208-668x891.jpg 668w\" sizes=\"auto, (max-width: 1440px) 100vw, 1440px\" \/><\/a><figcaption class=\"wp-element-caption\">Die Hollandisch-Brookfleet-Br\u00fccke<\/figcaption><\/figure>\n\n\n\n<figure class=\"wp-block-image aligncenter size-full is-resized\"><a href=\"http:\/\/reiseblog.mb2812.de\/wp-content\/uploads\/2021\/10\/DSC_9216.jpg\" rel=\"noopener\"><img loading=\"lazy\" decoding=\"async\" width=\"1920\" height=\"1536\" src=\"https:\/\/mb2812.de\/wp-content\/uploads\/2021\/10\/DSC_9216.jpg\" alt=\"\" class=\"wp-image-11187\" style=\"width:800px\" srcset=\"https:\/\/mb2812.de\/wp-content\/uploads\/2021\/10\/DSC_9216.jpg 1920w, https:\/\/mb2812.de\/wp-content\/uploads\/2021\/10\/DSC_9216-300x240.jpg 300w, https:\/\/mb2812.de\/wp-content\/uploads\/2021\/10\/DSC_9216-1024x819.jpg 1024w, https:\/\/mb2812.de\/wp-content\/uploads\/2021\/10\/DSC_9216-768x614.jpg 768w, https:\/\/mb2812.de\/wp-content\/uploads\/2021\/10\/DSC_9216-1536x1229.jpg 1536w, https:\/\/mb2812.de\/wp-content\/uploads\/2021\/10\/DSC_9216-668x534.jpg 668w\" sizes=\"auto, (max-width: 1920px) 100vw, 1920px\" \/><\/a><figcaption class=\"wp-element-caption\">Blick entlang des Holl\u00e4ndischbrookfleets<\/figcaption><\/figure>\n\n\n\n<figure class=\"wp-block-image aligncenter size-full is-resized\"><a href=\"http:\/\/reiseblog.mb2812.de\/wp-content\/uploads\/2021\/10\/IMG_1514.jpg\" rel=\"noopener\"><img loading=\"lazy\" decoding=\"async\" width=\"1920\" height=\"1536\" src=\"https:\/\/mb2812.de\/wp-content\/uploads\/2021\/10\/IMG_1514.jpg\" alt=\"\" class=\"wp-image-11196\" style=\"width:800px\" srcset=\"https:\/\/mb2812.de\/wp-content\/uploads\/2021\/10\/IMG_1514.jpg 1920w, https:\/\/mb2812.de\/wp-content\/uploads\/2021\/10\/IMG_1514-300x240.jpg 300w, https:\/\/mb2812.de\/wp-content\/uploads\/2021\/10\/IMG_1514-1024x819.jpg 1024w, https:\/\/mb2812.de\/wp-content\/uploads\/2021\/10\/IMG_1514-768x614.jpg 768w, https:\/\/mb2812.de\/wp-content\/uploads\/2021\/10\/IMG_1514-1536x1229.jpg 1536w, https:\/\/mb2812.de\/wp-content\/uploads\/2021\/10\/IMG_1514-668x534.jpg 668w\" sizes=\"auto, (max-width: 1920px) 100vw, 1920px\" \/><\/a><figcaption class=\"wp-element-caption\">Und dann kommen wir zur seit 2001 erbauten &#8222;Hafen City&#8220;. Hier sind wir auf dem \u00dcberseeboulevard. Seit 1996 vergibt der Bund deutscher Architekten Hamburg einen Architekturpreis, anl\u00e4sslich des 25j\u00e4hrigen Jubil\u00e4ums des Preises hat man gro\u00dfformatige Fotos aller ausgezeichneten Geb\u00e4ude aufgestellt.<\/figcaption><\/figure>\n\n\n\n<figure class=\"wp-block-image aligncenter size-full is-resized\"><a href=\"http:\/\/reiseblog.mb2812.de\/wp-content\/uploads\/2021\/10\/DSC_9219.jpg\" rel=\"noopener\"><img loading=\"lazy\" decoding=\"async\" width=\"1920\" height=\"1484\" src=\"https:\/\/mb2812.de\/wp-content\/uploads\/2021\/10\/DSC_9219.jpg\" alt=\"\" class=\"wp-image-11188\" style=\"width:800px\" srcset=\"https:\/\/mb2812.de\/wp-content\/uploads\/2021\/10\/DSC_9219.jpg 1920w, https:\/\/mb2812.de\/wp-content\/uploads\/2021\/10\/DSC_9219-300x232.jpg 300w, https:\/\/mb2812.de\/wp-content\/uploads\/2021\/10\/DSC_9219-1024x791.jpg 1024w, https:\/\/mb2812.de\/wp-content\/uploads\/2021\/10\/DSC_9219-768x594.jpg 768w, https:\/\/mb2812.de\/wp-content\/uploads\/2021\/10\/DSC_9219-1536x1187.jpg 1536w, https:\/\/mb2812.de\/wp-content\/uploads\/2021\/10\/DSC_9219-668x516.jpg 668w\" sizes=\"auto, (max-width: 1920px) 100vw, 1920px\" \/><\/a><figcaption class=\"wp-element-caption\">Kreuzung Singapurstra\u00dfe (in Blickrichtung) mit dem \u00dcberseeboulevard<\/figcaption><\/figure>\n\n\n\n<figure class=\"wp-block-image aligncenter size-full is-resized\"><a href=\"http:\/\/reiseblog.mb2812.de\/wp-content\/uploads\/2021\/10\/DSC_9222.jpg\" rel=\"noopener\"><img loading=\"lazy\" decoding=\"async\" width=\"1920\" height=\"1536\" src=\"https:\/\/mb2812.de\/wp-content\/uploads\/2021\/10\/DSC_9222.jpg\" alt=\"\" class=\"wp-image-11189\" style=\"width:800px\" srcset=\"https:\/\/mb2812.de\/wp-content\/uploads\/2021\/10\/DSC_9222.jpg 1920w, https:\/\/mb2812.de\/wp-content\/uploads\/2021\/10\/DSC_9222-300x240.jpg 300w, https:\/\/mb2812.de\/wp-content\/uploads\/2021\/10\/DSC_9222-1024x819.jpg 1024w, https:\/\/mb2812.de\/wp-content\/uploads\/2021\/10\/DSC_9222-768x614.jpg 768w, https:\/\/mb2812.de\/wp-content\/uploads\/2021\/10\/DSC_9222-1536x1229.jpg 1536w, https:\/\/mb2812.de\/wp-content\/uploads\/2021\/10\/DSC_9222-668x534.jpg 668w\" sizes=\"auto, (max-width: 1920px) 100vw, 1920px\" \/><\/a><figcaption class=\"wp-element-caption\">Weiter entlang des \u00dcberseeboulevards<\/figcaption><\/figure>\n\n\n\n<figure class=\"wp-block-image aligncenter size-full is-resized\"><a href=\"http:\/\/reiseblog.mb2812.de\/wp-content\/uploads\/2021\/10\/DSC_9228-262.jpg\" rel=\"noopener\"><img loading=\"lazy\" decoding=\"async\" width=\"1920\" height=\"1536\" src=\"https:\/\/mb2812.de\/wp-content\/uploads\/2021\/10\/DSC_9228-262.jpg\" alt=\"\" class=\"wp-image-11190\" style=\"width:800px\" srcset=\"https:\/\/mb2812.de\/wp-content\/uploads\/2021\/10\/DSC_9228-262.jpg 1920w, https:\/\/mb2812.de\/wp-content\/uploads\/2021\/10\/DSC_9228-262-300x240.jpg 300w, https:\/\/mb2812.de\/wp-content\/uploads\/2021\/10\/DSC_9228-262-1024x819.jpg 1024w, https:\/\/mb2812.de\/wp-content\/uploads\/2021\/10\/DSC_9228-262-768x614.jpg 768w, https:\/\/mb2812.de\/wp-content\/uploads\/2021\/10\/DSC_9228-262-1536x1229.jpg 1536w, https:\/\/mb2812.de\/wp-content\/uploads\/2021\/10\/DSC_9228-262-668x534.jpg 668w\" sizes=\"auto, (max-width: 1920px) 100vw, 1920px\" \/><\/a><figcaption class=\"wp-element-caption\">Im Sandtorhafen liegen Museumsschiffe. Im Hintergrund die Elbphilharmonie<\/figcaption><\/figure>\n\n\n\n<figure class=\"wp-block-image aligncenter size-full is-resized\"><a href=\"http:\/\/reiseblog.mb2812.de\/wp-content\/uploads\/2021\/10\/IMG_1516-260.jpg\" rel=\"noopener\"><img loading=\"lazy\" decoding=\"async\" width=\"1440\" height=\"1920\" src=\"https:\/\/mb2812.de\/wp-content\/uploads\/2021\/10\/IMG_1516-260.jpg\" alt=\"\" class=\"wp-image-11197\" style=\"width:600px\" srcset=\"https:\/\/mb2812.de\/wp-content\/uploads\/2021\/10\/IMG_1516-260.jpg 1440w, https:\/\/mb2812.de\/wp-content\/uploads\/2021\/10\/IMG_1516-260-225x300.jpg 225w, https:\/\/mb2812.de\/wp-content\/uploads\/2021\/10\/IMG_1516-260-768x1024.jpg 768w, https:\/\/mb2812.de\/wp-content\/uploads\/2021\/10\/IMG_1516-260-1152x1536.jpg 1152w, https:\/\/mb2812.de\/wp-content\/uploads\/2021\/10\/IMG_1516-260-668x891.jpg 668w\" sizes=\"auto, (max-width: 1440px) 100vw, 1440px\" \/><\/a><figcaption class=\"wp-element-caption\">Von Land aus ist es nicht ganz einfach, ein gutes Foto des gesamten Geb\u00e4udes aufzunehmen. Ich habe mich daher mit einem Detail der Backsteinfassade des unteren Geb\u00e4udeteils, des historischen Speichers, bgen\u00fcgt.<\/figcaption><\/figure>\n\n\n\n<figure class=\"wp-block-image aligncenter size-full is-resized\"><a href=\"http:\/\/reiseblog.mb2812.de\/wp-content\/uploads\/2021\/10\/DSC_9233-259.jpg\" rel=\"noopener\"><img loading=\"lazy\" decoding=\"async\" width=\"1440\" height=\"1920\" src=\"https:\/\/mb2812.de\/wp-content\/uploads\/2021\/10\/DSC_9233-259.jpg\" alt=\"\" class=\"wp-image-11191\" style=\"width:600px\" srcset=\"https:\/\/mb2812.de\/wp-content\/uploads\/2021\/10\/DSC_9233-259.jpg 1440w, https:\/\/mb2812.de\/wp-content\/uploads\/2021\/10\/DSC_9233-259-225x300.jpg 225w, https:\/\/mb2812.de\/wp-content\/uploads\/2021\/10\/DSC_9233-259-768x1024.jpg 768w, https:\/\/mb2812.de\/wp-content\/uploads\/2021\/10\/DSC_9233-259-1152x1536.jpg 1152w, https:\/\/mb2812.de\/wp-content\/uploads\/2021\/10\/DSC_9233-259-668x891.jpg 668w\" sizes=\"auto, (max-width: 1440px) 100vw, 1440px\" \/><\/a><figcaption class=\"wp-element-caption\">Dies ist die Elbphilharmonie vor der Elbe und den Musicalhallen in Steinwerder<\/figcaption><\/figure>\n\n\n\n<p>Nachdem wir also herausgefunden haben wie wir abends zur Elbphilharmonie finden, gehen wir weiter Richtung Landungsbr\u00fccken und halten Ausschau nach Hafenrundfahrten. Davon gibt es eigentlich genug, l\u00e4ngere Touren sind aber etwas seltener. Wir landen beim erstbesten Anbieter, der Barkassen Zentrale Ehlers. Die Tour ist inhaltlich recht gut, mit vielen Informationen vom K\u00e4ptn, der nach seinen Aussagen fr\u00fcher selber auf Containerschiffen t\u00e4tig war. Das Schiff ist aber eine Barkasse Bauart &#8222;Amsterdamer Grachtenrundfahrt&#8220; und da wir nur f\u00fcnf Minuten vor Abfahrt ankommen, ist das Boot &nbsp;schon voll besetzt, insbesondere die Aussenpl\u00e4tze, von denen man Fotografieren k\u00f6nnte. Innen, wo wir mit einer Schulklasse zusammengepfercht sind, st\u00f6ren die Reflexionen in den Scheiben.<\/p>\n\n\n\n<figure class=\"wp-block-image aligncenter size-full is-resized\"><a href=\"http:\/\/reiseblog.mb2812.de\/wp-content\/uploads\/2021\/10\/DSC_9234-234.jpg\" rel=\"noopener\"><img loading=\"lazy\" decoding=\"async\" width=\"1920\" height=\"1536\" src=\"https:\/\/mb2812.de\/wp-content\/uploads\/2021\/10\/DSC_9234-234.jpg\" alt=\"\" class=\"wp-image-11192\" style=\"width:800px\" srcset=\"https:\/\/mb2812.de\/wp-content\/uploads\/2021\/10\/DSC_9234-234.jpg 1920w, https:\/\/mb2812.de\/wp-content\/uploads\/2021\/10\/DSC_9234-234-300x240.jpg 300w, https:\/\/mb2812.de\/wp-content\/uploads\/2021\/10\/DSC_9234-234-1024x819.jpg 1024w, https:\/\/mb2812.de\/wp-content\/uploads\/2021\/10\/DSC_9234-234-768x614.jpg 768w, https:\/\/mb2812.de\/wp-content\/uploads\/2021\/10\/DSC_9234-234-1536x1229.jpg 1536w, https:\/\/mb2812.de\/wp-content\/uploads\/2021\/10\/DSC_9234-234-668x534.jpg 668w\" sizes=\"auto, (max-width: 1920px) 100vw, 1920px\" \/><\/a><figcaption class=\"wp-element-caption\">Daher nur ein einziges Foto von der Hafenrundfahrt: Die CMA CGM Concorde ist eines der neuesten und gr\u00f6\u00dften Containerschiffe. 2021 fertiggestellt, 400 m lang und 62 m breit. Es gibt es Platz f\u00fcr 23.000 Container<\/figcaption><\/figure>\n\n\n\n<p>Nach der Tour machen wir uns auf Richtung Jungfernstieg, unterwegs ist Pause in einer B\u00e4ckerei.<\/p>\n\n\n\n<figure class=\"wp-block-image aligncenter size-full is-resized\"><a href=\"http:\/\/reiseblog.mb2812.de\/wp-content\/uploads\/2021\/10\/DSC_9235.jpg\" rel=\"noopener\"><img loading=\"lazy\" decoding=\"async\" width=\"1920\" height=\"1536\" src=\"https:\/\/mb2812.de\/wp-content\/uploads\/2021\/10\/DSC_9235.jpg\" alt=\"\" class=\"wp-image-11193\" style=\"width:800px\" srcset=\"https:\/\/mb2812.de\/wp-content\/uploads\/2021\/10\/DSC_9235.jpg 1920w, https:\/\/mb2812.de\/wp-content\/uploads\/2021\/10\/DSC_9235-300x240.jpg 300w, https:\/\/mb2812.de\/wp-content\/uploads\/2021\/10\/DSC_9235-1024x819.jpg 1024w, https:\/\/mb2812.de\/wp-content\/uploads\/2021\/10\/DSC_9235-768x614.jpg 768w, https:\/\/mb2812.de\/wp-content\/uploads\/2021\/10\/DSC_9235-1536x1229.jpg 1536w, https:\/\/mb2812.de\/wp-content\/uploads\/2021\/10\/DSC_9235-668x534.jpg 668w\" sizes=\"auto, (max-width: 1920px) 100vw, 1920px\" \/><\/a><figcaption class=\"wp-element-caption\">Blick von der Schaartorbr\u00fccke entlang des Alsterfleets Richtung Alster<\/figcaption><\/figure>\n\n\n\n<figure class=\"wp-block-image aligncenter size-full is-resized\"><a href=\"http:\/\/reiseblog.mb2812.de\/wp-content\/uploads\/2021\/10\/IMG_3234.jpg\" rel=\"noopener\"><img loading=\"lazy\" decoding=\"async\" width=\"1920\" height=\"1536\" src=\"https:\/\/mb2812.de\/wp-content\/uploads\/2021\/10\/IMG_3234.jpg\" alt=\"\" class=\"wp-image-11213\" style=\"width:800px\" srcset=\"https:\/\/mb2812.de\/wp-content\/uploads\/2021\/10\/IMG_3234.jpg 1920w, https:\/\/mb2812.de\/wp-content\/uploads\/2021\/10\/IMG_3234-300x240.jpg 300w, https:\/\/mb2812.de\/wp-content\/uploads\/2021\/10\/IMG_3234-1024x819.jpg 1024w, https:\/\/mb2812.de\/wp-content\/uploads\/2021\/10\/IMG_3234-768x614.jpg 768w, https:\/\/mb2812.de\/wp-content\/uploads\/2021\/10\/IMG_3234-1536x1229.jpg 1536w, https:\/\/mb2812.de\/wp-content\/uploads\/2021\/10\/IMG_3234-668x534.jpg 668w\" sizes=\"auto, (max-width: 1920px) 100vw, 1920px\" \/><\/a><figcaption class=\"wp-element-caption\">Bei Elbe sind auch die Fleete (fast) trocken<\/figcaption><\/figure>\n\n\n\n<figure class=\"wp-block-image aligncenter size-full is-resized\"><a href=\"http:\/\/reiseblog.mb2812.de\/wp-content\/uploads\/2021\/10\/IMG_3245.jpg\" rel=\"noopener\"><img loading=\"lazy\" decoding=\"async\" width=\"1920\" height=\"1536\" src=\"https:\/\/mb2812.de\/wp-content\/uploads\/2021\/10\/IMG_3245.jpg\" alt=\"\" class=\"wp-image-11209\" style=\"width:800px\" srcset=\"https:\/\/mb2812.de\/wp-content\/uploads\/2021\/10\/IMG_3245.jpg 1920w, https:\/\/mb2812.de\/wp-content\/uploads\/2021\/10\/IMG_3245-300x240.jpg 300w, https:\/\/mb2812.de\/wp-content\/uploads\/2021\/10\/IMG_3245-1024x819.jpg 1024w, https:\/\/mb2812.de\/wp-content\/uploads\/2021\/10\/IMG_3245-768x614.jpg 768w, https:\/\/mb2812.de\/wp-content\/uploads\/2021\/10\/IMG_3245-1536x1229.jpg 1536w, https:\/\/mb2812.de\/wp-content\/uploads\/2021\/10\/IMG_3245-668x534.jpg 668w\" sizes=\"auto, (max-width: 1920px) 100vw, 1920px\" \/><\/a><figcaption class=\"wp-element-caption\">Am Jungfernstieg. Blick \u00fcber die Binnenalster zu den Geb\u00e4uden am Ballindamm<\/figcaption><\/figure>\n\n\n\n<figure class=\"wp-block-image aligncenter size-full is-resized\"><a href=\"http:\/\/reiseblog.mb2812.de\/wp-content\/uploads\/2021\/10\/IMG_1517-256.jpg\" rel=\"noopener\"><img loading=\"lazy\" decoding=\"async\" width=\"1920\" height=\"1536\" src=\"https:\/\/mb2812.de\/wp-content\/uploads\/2021\/10\/IMG_1517-256.jpg\" alt=\"\" class=\"wp-image-11198\" style=\"width:800px\" srcset=\"https:\/\/mb2812.de\/wp-content\/uploads\/2021\/10\/IMG_1517-256.jpg 1920w, https:\/\/mb2812.de\/wp-content\/uploads\/2021\/10\/IMG_1517-256-300x240.jpg 300w, https:\/\/mb2812.de\/wp-content\/uploads\/2021\/10\/IMG_1517-256-1024x819.jpg 1024w, https:\/\/mb2812.de\/wp-content\/uploads\/2021\/10\/IMG_1517-256-768x614.jpg 768w, https:\/\/mb2812.de\/wp-content\/uploads\/2021\/10\/IMG_1517-256-1536x1229.jpg 1536w, https:\/\/mb2812.de\/wp-content\/uploads\/2021\/10\/IMG_1517-256-668x534.jpg 668w\" sizes=\"auto, (max-width: 1920px) 100vw, 1920px\" \/><\/a><figcaption class=\"wp-element-caption\">Die kleine Alster mit den Alsterarkaden<\/figcaption><\/figure>\n\n\n\n<figure class=\"wp-block-image aligncenter size-full is-resized\"><a href=\"http:\/\/reiseblog.mb2812.de\/wp-content\/uploads\/2021\/10\/DSC_9237-254.jpg\" rel=\"noopener\"><img loading=\"lazy\" decoding=\"async\" width=\"1920\" height=\"1536\" src=\"https:\/\/mb2812.de\/wp-content\/uploads\/2021\/10\/DSC_9237-254.jpg\" alt=\"\" class=\"wp-image-11194\" style=\"width:800px\" srcset=\"https:\/\/mb2812.de\/wp-content\/uploads\/2021\/10\/DSC_9237-254.jpg 1920w, https:\/\/mb2812.de\/wp-content\/uploads\/2021\/10\/DSC_9237-254-300x240.jpg 300w, https:\/\/mb2812.de\/wp-content\/uploads\/2021\/10\/DSC_9237-254-1024x819.jpg 1024w, https:\/\/mb2812.de\/wp-content\/uploads\/2021\/10\/DSC_9237-254-768x614.jpg 768w, https:\/\/mb2812.de\/wp-content\/uploads\/2021\/10\/DSC_9237-254-1536x1229.jpg 1536w, https:\/\/mb2812.de\/wp-content\/uploads\/2021\/10\/DSC_9237-254-668x534.jpg 668w\" sizes=\"auto, (max-width: 1920px) 100vw, 1920px\" \/><\/a><figcaption class=\"wp-element-caption\">Vom Rathaus nur ein kleines Detaiil: Der Balkon \u00fcber dem Eingang<\/figcaption><\/figure>\n\n\n\n<p>Wir versuchen uns ein bisschen mit Shopping, das ist zumindest teilweise erfolgreich. Ich bekomme meine Jacke (von Jack Wolfskin, damit kann ich zuk\u00fcnftig an der K\u00fcste problemlos in der Menge untertauchen), Stephan findet wieder keine Schuhe.<\/p>\n\n\n\n<p>Nach einer etwas l\u00e4ngeren Pause im Hotel machen wir uns zielstrebig auf zur Elbphilharmonie und kommen Punkt 18:30 Uhr, der Eintrittszeit unserer Plaza Tickets, dort an.<\/p>\n\n\n\n<figure class=\"wp-block-image aligncenter size-full is-resized\"><a href=\"http:\/\/reiseblog.mb2812.de\/wp-content\/uploads\/2021\/10\/IMG_3268.jpg\" rel=\"noopener\"><img loading=\"lazy\" decoding=\"async\" width=\"1920\" height=\"1536\" src=\"https:\/\/mb2812.de\/wp-content\/uploads\/2021\/10\/IMG_3268.jpg\" alt=\"\" class=\"wp-image-11210\" style=\"width:800px\" srcset=\"https:\/\/mb2812.de\/wp-content\/uploads\/2021\/10\/IMG_3268.jpg 1920w, https:\/\/mb2812.de\/wp-content\/uploads\/2021\/10\/IMG_3268-300x240.jpg 300w, https:\/\/mb2812.de\/wp-content\/uploads\/2021\/10\/IMG_3268-1024x819.jpg 1024w, https:\/\/mb2812.de\/wp-content\/uploads\/2021\/10\/IMG_3268-768x614.jpg 768w, https:\/\/mb2812.de\/wp-content\/uploads\/2021\/10\/IMG_3268-1536x1229.jpg 1536w, https:\/\/mb2812.de\/wp-content\/uploads\/2021\/10\/IMG_3268-668x534.jpg 668w\" sizes=\"auto, (max-width: 1920px) 100vw, 1920px\" \/><\/a><figcaption class=\"wp-element-caption\">Nach einer langen Rolltreppenfahrt kommen wir in der \u201ePlaza\u201c auf dem Dach des urspr\u00fcnglichen Speichers unterhalb der darauf gebauten Philharmonie an. Eigentlich eine ziemlich n\u00fcchterne und kahle Angelegenheit. Am Interessantesten f\u00fcr uns ist die Aussenplaza mit dem Blick \u00fcber Hafen und Stadt.<\/figcaption><\/figure>\n\n\n\n<figure class=\"wp-block-image aligncenter size-full is-resized\"><a href=\"http:\/\/reiseblog.mb2812.de\/wp-content\/uploads\/2021\/10\/IMG_1526.jpg\" rel=\"noopener\"><img loading=\"lazy\" decoding=\"async\" width=\"1920\" height=\"1536\" src=\"https:\/\/mb2812.de\/wp-content\/uploads\/2021\/10\/IMG_1526.jpg\" alt=\"\" class=\"wp-image-11201\" style=\"width:800px\" srcset=\"https:\/\/mb2812.de\/wp-content\/uploads\/2021\/10\/IMG_1526.jpg 1920w, https:\/\/mb2812.de\/wp-content\/uploads\/2021\/10\/IMG_1526-300x240.jpg 300w, https:\/\/mb2812.de\/wp-content\/uploads\/2021\/10\/IMG_1526-1024x819.jpg 1024w, https:\/\/mb2812.de\/wp-content\/uploads\/2021\/10\/IMG_1526-768x614.jpg 768w, https:\/\/mb2812.de\/wp-content\/uploads\/2021\/10\/IMG_1526-1536x1229.jpg 1536w, https:\/\/mb2812.de\/wp-content\/uploads\/2021\/10\/IMG_1526-668x534.jpg 668w\" sizes=\"auto, (max-width: 1920px) 100vw, 1920px\" \/><\/a><figcaption class=\"wp-element-caption\">Blick elbabw\u00e4rts zu \u00dcberseebr\u00fccke und Landungsbr\u00fccken<\/figcaption><\/figure>\n\n\n\n<figure class=\"wp-block-image aligncenter size-full is-resized\"><a href=\"http:\/\/reiseblog.mb2812.de\/wp-content\/uploads\/2021\/10\/IMG_1522.jpg\" rel=\"noopener\"><img loading=\"lazy\" decoding=\"async\" width=\"1920\" height=\"1536\" src=\"https:\/\/mb2812.de\/wp-content\/uploads\/2021\/10\/IMG_1522.jpg\" alt=\"\" class=\"wp-image-11199\" style=\"width:800px\" srcset=\"https:\/\/mb2812.de\/wp-content\/uploads\/2021\/10\/IMG_1522.jpg 1920w, https:\/\/mb2812.de\/wp-content\/uploads\/2021\/10\/IMG_1522-300x240.jpg 300w, https:\/\/mb2812.de\/wp-content\/uploads\/2021\/10\/IMG_1522-1024x819.jpg 1024w, https:\/\/mb2812.de\/wp-content\/uploads\/2021\/10\/IMG_1522-768x614.jpg 768w, https:\/\/mb2812.de\/wp-content\/uploads\/2021\/10\/IMG_1522-1536x1229.jpg 1536w, https:\/\/mb2812.de\/wp-content\/uploads\/2021\/10\/IMG_1522-668x534.jpg 668w\" sizes=\"auto, (max-width: 1920px) 100vw, 1920px\" \/><\/a><figcaption class=\"wp-element-caption\">Die andere Elbeseite: Steinwerder mit den Musical Hallen<\/figcaption><\/figure>\n\n\n\n<figure class=\"wp-block-image aligncenter size-full is-resized\"><a href=\"http:\/\/reiseblog.mb2812.de\/wp-content\/uploads\/2021\/10\/IMG_1541.jpg\" rel=\"noopener\"><img loading=\"lazy\" decoding=\"async\" width=\"1920\" height=\"1536\" src=\"https:\/\/mb2812.de\/wp-content\/uploads\/2021\/10\/IMG_1541.jpg\" alt=\"\" class=\"wp-image-11202\" style=\"width:800px\" srcset=\"https:\/\/mb2812.de\/wp-content\/uploads\/2021\/10\/IMG_1541.jpg 1920w, https:\/\/mb2812.de\/wp-content\/uploads\/2021\/10\/IMG_1541-300x240.jpg 300w, https:\/\/mb2812.de\/wp-content\/uploads\/2021\/10\/IMG_1541-1024x819.jpg 1024w, https:\/\/mb2812.de\/wp-content\/uploads\/2021\/10\/IMG_1541-768x614.jpg 768w, https:\/\/mb2812.de\/wp-content\/uploads\/2021\/10\/IMG_1541-1536x1229.jpg 1536w, https:\/\/mb2812.de\/wp-content\/uploads\/2021\/10\/IMG_1541-668x534.jpg 668w\" sizes=\"auto, (max-width: 1920px) 100vw, 1920px\" \/><\/a><figcaption class=\"wp-element-caption\">Der Beweis das wir wirklich da waren.<\/figcaption><\/figure>\n\n\n\n<figure class=\"wp-block-image aligncenter size-full is-resized\"><a href=\"http:\/\/reiseblog.mb2812.de\/wp-content\/uploads\/2021\/10\/IMG_1546.jpg\" rel=\"noopener\"><img loading=\"lazy\" decoding=\"async\" width=\"1440\" height=\"1920\" src=\"https:\/\/mb2812.de\/wp-content\/uploads\/2021\/10\/IMG_1546.jpg\" alt=\"\" class=\"wp-image-11203\" style=\"width:600px\" srcset=\"https:\/\/mb2812.de\/wp-content\/uploads\/2021\/10\/IMG_1546.jpg 1440w, https:\/\/mb2812.de\/wp-content\/uploads\/2021\/10\/IMG_1546-225x300.jpg 225w, https:\/\/mb2812.de\/wp-content\/uploads\/2021\/10\/IMG_1546-768x1024.jpg 768w, https:\/\/mb2812.de\/wp-content\/uploads\/2021\/10\/IMG_1546-1152x1536.jpg 1152w, https:\/\/mb2812.de\/wp-content\/uploads\/2021\/10\/IMG_1546-668x891.jpg 668w\" sizes=\"auto, (max-width: 1440px) 100vw, 1440px\" \/><\/a><figcaption class=\"wp-element-caption\">Die Hafen-City mit der auf die Philharmonie zuf\u00fchrenden Stra\u00dfe \u201eAm Kaiserkai\u201c<\/figcaption><\/figure>\n\n\n\n<figure class=\"wp-block-image aligncenter size-full is-resized\"><a href=\"http:\/\/reiseblog.mb2812.de\/wp-content\/uploads\/2021\/10\/IMG_1525.jpg\" rel=\"noopener\"><img loading=\"lazy\" decoding=\"async\" width=\"1920\" height=\"1536\" src=\"https:\/\/mb2812.de\/wp-content\/uploads\/2021\/10\/IMG_1525.jpg\" alt=\"\" class=\"wp-image-11200\" style=\"width:800px\" srcset=\"https:\/\/mb2812.de\/wp-content\/uploads\/2021\/10\/IMG_1525.jpg 1920w, https:\/\/mb2812.de\/wp-content\/uploads\/2021\/10\/IMG_1525-300x240.jpg 300w, https:\/\/mb2812.de\/wp-content\/uploads\/2021\/10\/IMG_1525-1024x819.jpg 1024w, https:\/\/mb2812.de\/wp-content\/uploads\/2021\/10\/IMG_1525-768x614.jpg 768w, https:\/\/mb2812.de\/wp-content\/uploads\/2021\/10\/IMG_1525-1536x1229.jpg 1536w, https:\/\/mb2812.de\/wp-content\/uploads\/2021\/10\/IMG_1525-668x534.jpg 668w\" sizes=\"auto, (max-width: 1920px) 100vw, 1920px\" \/><\/a><figcaption class=\"wp-element-caption\">Blick Richtung S\u00fcdosten zum Hansahafen hin<\/figcaption><\/figure>\n\n\n\n<p>Es ist fast 19:00 Uhr, also belagern wir die Treppe aufw\u00e4rts zum Gro\u00dfen Saal. Bald d\u00fcrfen wir hoch.<\/p>\n\n\n\n<figure class=\"wp-block-image aligncenter size-full is-resized\"><a href=\"http:\/\/reiseblog.mb2812.de\/wp-content\/uploads\/2021\/10\/IMG_3316.jpg\" rel=\"noopener\"><img loading=\"lazy\" decoding=\"async\" width=\"1440\" height=\"1920\" src=\"https:\/\/mb2812.de\/wp-content\/uploads\/2021\/10\/IMG_3316.jpg\" alt=\"\" class=\"wp-image-11211\" style=\"width:600px\" srcset=\"https:\/\/mb2812.de\/wp-content\/uploads\/2021\/10\/IMG_3316.jpg 1440w, https:\/\/mb2812.de\/wp-content\/uploads\/2021\/10\/IMG_3316-225x300.jpg 225w, https:\/\/mb2812.de\/wp-content\/uploads\/2021\/10\/IMG_3316-768x1024.jpg 768w, https:\/\/mb2812.de\/wp-content\/uploads\/2021\/10\/IMG_3316-1152x1536.jpg 1152w, https:\/\/mb2812.de\/wp-content\/uploads\/2021\/10\/IMG_3316-668x891.jpg 668w\" sizes=\"auto, (max-width: 1440px) 100vw, 1440px\" \/><\/a><figcaption class=\"wp-element-caption\">Unsere Pl\u00e4tze sind in Ebene 16 ganz oben, wir k\u00f6nnen also alle Treppen ausprobieren<\/figcaption><\/figure>\n\n\n\n<figure class=\"wp-block-image aligncenter size-full is-resized\"><a href=\"http:\/\/reiseblog.mb2812.de\/wp-content\/uploads\/2021\/10\/IMG_3317.jpg\" rel=\"noopener\"><img loading=\"lazy\" decoding=\"async\" width=\"1920\" height=\"1536\" src=\"https:\/\/mb2812.de\/wp-content\/uploads\/2021\/10\/IMG_3317.jpg\" alt=\"\" class=\"wp-image-11212\" style=\"width:800px\" srcset=\"https:\/\/mb2812.de\/wp-content\/uploads\/2021\/10\/IMG_3317.jpg 1920w, https:\/\/mb2812.de\/wp-content\/uploads\/2021\/10\/IMG_3317-300x240.jpg 300w, https:\/\/mb2812.de\/wp-content\/uploads\/2021\/10\/IMG_3317-1024x819.jpg 1024w, https:\/\/mb2812.de\/wp-content\/uploads\/2021\/10\/IMG_3317-768x614.jpg 768w, https:\/\/mb2812.de\/wp-content\/uploads\/2021\/10\/IMG_3317-1536x1229.jpg 1536w, https:\/\/mb2812.de\/wp-content\/uploads\/2021\/10\/IMG_3317-668x534.jpg 668w\" sizes=\"auto, (max-width: 1920px) 100vw, 1920px\" \/><\/a><figcaption class=\"wp-element-caption\">Auf einigen Ebenen gibt es eine Bar. Man kann dann in der Pause an diesen Stehtischen mit dem Sekt in der Hand Smalltalk machen. Da bei uns heute das klassische Abendessen ausfallen muss, haben wir uns an einer der Bars mit K\u00e4se- und Salamiw\u00fcrfeln zu Bier und Limonade beholfen<\/figcaption><\/figure>\n\n\n\n<figure class=\"wp-block-image aligncenter size-full is-resized\"><a href=\"http:\/\/reiseblog.mb2812.de\/wp-content\/uploads\/2021\/10\/IMG_1558-235.jpg\" rel=\"noopener\"><img loading=\"lazy\" decoding=\"async\" width=\"1920\" height=\"1536\" src=\"https:\/\/mb2812.de\/wp-content\/uploads\/2021\/10\/IMG_1558-235.jpg\" alt=\"\" class=\"wp-image-11205\" style=\"width:800px\" srcset=\"https:\/\/mb2812.de\/wp-content\/uploads\/2021\/10\/IMG_1558-235.jpg 1920w, https:\/\/mb2812.de\/wp-content\/uploads\/2021\/10\/IMG_1558-235-300x240.jpg 300w, https:\/\/mb2812.de\/wp-content\/uploads\/2021\/10\/IMG_1558-235-1024x819.jpg 1024w, https:\/\/mb2812.de\/wp-content\/uploads\/2021\/10\/IMG_1558-235-768x614.jpg 768w, https:\/\/mb2812.de\/wp-content\/uploads\/2021\/10\/IMG_1558-235-1536x1229.jpg 1536w, https:\/\/mb2812.de\/wp-content\/uploads\/2021\/10\/IMG_1558-235-668x534.jpg 668w\" sizes=\"auto, (max-width: 1920px) 100vw, 1920px\" \/><\/a><figcaption class=\"wp-element-caption\">Jetzt sind wir im Gro\u00dfen Saal, wie gesagt unsere Pl\u00e4tze waren ganz oben<\/figcaption><\/figure>\n\n\n\n<figure class=\"wp-block-image aligncenter size-full is-resized\"><a href=\"http:\/\/reiseblog.mb2812.de\/wp-content\/uploads\/2021\/10\/IMG_1562-263.jpg\" rel=\"noopener\"><img loading=\"lazy\" decoding=\"async\" width=\"1920\" height=\"1536\" src=\"https:\/\/mb2812.de\/wp-content\/uploads\/2021\/10\/IMG_1562-263.jpg\" alt=\"\" class=\"wp-image-11206\" style=\"width:800px\" srcset=\"https:\/\/mb2812.de\/wp-content\/uploads\/2021\/10\/IMG_1562-263.jpg 1920w, https:\/\/mb2812.de\/wp-content\/uploads\/2021\/10\/IMG_1562-263-300x240.jpg 300w, https:\/\/mb2812.de\/wp-content\/uploads\/2021\/10\/IMG_1562-263-1024x819.jpg 1024w, https:\/\/mb2812.de\/wp-content\/uploads\/2021\/10\/IMG_1562-263-768x614.jpg 768w, https:\/\/mb2812.de\/wp-content\/uploads\/2021\/10\/IMG_1562-263-1536x1229.jpg 1536w, https:\/\/mb2812.de\/wp-content\/uploads\/2021\/10\/IMG_1562-263-668x534.jpg 668w\" sizes=\"auto, (max-width: 1920px) 100vw, 1920px\" \/><\/a><figcaption class=\"wp-element-caption\">Blick in den Saal kurz vor Konzertbeginn. Corona bedingt werden nur zwei Drittel der Pl\u00e4tze vergeben, es blieben aber noch ein paar weitere leer. Es spielten die<a href=\"https:\/\/www.lgt.com\/de\/ueber-uns\/sponsoring\/lgt-young-soloists\/\"> LGT Young Soloists<\/a>, ein von einer Liechtensteiner Privatbank gesponsortes Nachwuchsorchester.<\/figcaption><\/figure>\n\n\n\n<p>Nach dem Konzert haben wir auf der Aussenplaza nochmal die Philharmonie umrundet, dann ging es zur\u00fcck zum Hotel.<\/p>\n\n\n\n<figure class=\"wp-block-image aligncenter size-full is-resized\"><a href=\"http:\/\/reiseblog.mb2812.de\/wp-content\/uploads\/2021\/10\/IMG_1575.jpg\"><img loading=\"lazy\" decoding=\"async\" width=\"1440\" height=\"1920\" src=\"https:\/\/mb2812.de\/wp-content\/uploads\/2021\/10\/IMG_1575.jpg\" alt=\"\" class=\"wp-image-11207\" style=\"width:600px\" srcset=\"https:\/\/mb2812.de\/wp-content\/uploads\/2021\/10\/IMG_1575.jpg 1440w, https:\/\/mb2812.de\/wp-content\/uploads\/2021\/10\/IMG_1575-225x300.jpg 225w, https:\/\/mb2812.de\/wp-content\/uploads\/2021\/10\/IMG_1575-768x1024.jpg 768w, https:\/\/mb2812.de\/wp-content\/uploads\/2021\/10\/IMG_1575-1152x1536.jpg 1152w, https:\/\/mb2812.de\/wp-content\/uploads\/2021\/10\/IMG_1575-668x891.jpg 668w\" sizes=\"auto, (max-width: 1440px) 100vw, 1440px\" \/><\/a><figcaption class=\"wp-element-caption\">Hier nochmal \u00dcberseebr\u00fccke und Landungsbr\u00fccken<\/figcaption><\/figure>\n\n\n\n<figure class=\"wp-block-image aligncenter size-full is-resized\"><a href=\"http:\/\/reiseblog.mb2812.de\/wp-content\/uploads\/2021\/10\/IMG_1585.jpg\" rel=\"noopener\"><img loading=\"lazy\" decoding=\"async\" width=\"1440\" height=\"1920\" src=\"https:\/\/mb2812.de\/wp-content\/uploads\/2021\/10\/IMG_1585.jpg\" alt=\"\" class=\"wp-image-11208\" style=\"width:600px\" srcset=\"https:\/\/mb2812.de\/wp-content\/uploads\/2021\/10\/IMG_1585.jpg 1440w, https:\/\/mb2812.de\/wp-content\/uploads\/2021\/10\/IMG_1585-225x300.jpg 225w, https:\/\/mb2812.de\/wp-content\/uploads\/2021\/10\/IMG_1585-768x1024.jpg 768w, https:\/\/mb2812.de\/wp-content\/uploads\/2021\/10\/IMG_1585-1152x1536.jpg 1152w, https:\/\/mb2812.de\/wp-content\/uploads\/2021\/10\/IMG_1585-668x891.jpg 668w\" sizes=\"auto, (max-width: 1440px) 100vw, 1440px\" \/><\/a><figcaption class=\"wp-element-caption\">Und zum Abschied der n\u00e4chtliche Blick zur\u00fcck von der Mahatma-Gandhi-Br\u00fccke \u00fcber den Sandtorhafen<\/figcaption><\/figure>\n","protected":false},"excerpt":{"rendered":"<p>Morgens starten wir eine gro\u00dfe Runde durch Hamburg &#8211; Kontorhausviertel, Hafencity, Landungsbr\u00fccken, Jungfernstieg, usw. Auch eine Hafenrundfahrt ist mit dabei. Abends geht es in die Elbphilharmonie zu einem Konzert.<\/p>\n","protected":false},"author":1,"featured_media":11210,"comment_status":"closed","ping_status":"closed","sticky":false,"template":"","format":"standard","meta":{"footnotes":""},"categories":[26],"tags":[87,39,91],"class_list":["post-11179","post","type-post","status-publish","format-standard","has-post-thumbnail","hentry","category-home-again-2021","tag-87","tag-deutschland","tag-hamburg"],"_links":{"self":[{"href":"https:\/\/mb2812.de\/index.php?rest_route=\/wp\/v2\/posts\/11179","targetHints":{"allow":["GET"]}}],"collection":[{"href":"https:\/\/mb2812.de\/index.php?rest_route=\/wp\/v2\/posts"}],"about":[{"href":"https:\/\/mb2812.de\/index.php?rest_route=\/wp\/v2\/types\/post"}],"author":[{"embeddable":true,"href":"https:\/\/mb2812.de\/index.php?rest_route=\/wp\/v2\/users\/1"}],"replies":[{"embeddable":true,"href":"https:\/\/mb2812.de\/index.php?rest_route=%2Fwp%2Fv2%2Fcomments&post=11179"}],"version-history":[{"count":16,"href":"https:\/\/mb2812.de\/index.php?rest_route=\/wp\/v2\/posts\/11179\/revisions"}],"predecessor-version":[{"id":16628,"href":"https:\/\/mb2812.de\/index.php?rest_route=\/wp\/v2\/posts\/11179\/revisions\/16628"}],"wp:featuredmedia":[{"embeddable":true,"href":"https:\/\/mb2812.de\/index.php?rest_route=\/wp\/v2\/media\/11210"}],"wp:attachment":[{"href":"https:\/\/mb2812.de\/index.php?rest_route=%2Fwp%2Fv2%2Fmedia&parent=11179"}],"wp:term":[{"taxonomy":"category","embeddable":true,"href":"https:\/\/mb2812.de\/index.php?rest_route=%2Fwp%2Fv2%2Fcategories&post=11179"},{"taxonomy":"post_tag","embeddable":true,"href":"https:\/\/mb2812.de\/index.php?rest_route=%2Fwp%2Fv2%2Ftags&post=11179"}],"curies":[{"name":"wp","href":"https:\/\/api.w.org\/{rel}","templated":true}]}}