{"id":11060,"date":"2021-10-05T09:00:00","date_gmt":"2021-10-05T07:00:00","guid":{"rendered":"http:\/\/reiseblog.mb2812.de\/?p=11060"},"modified":"2025-03-09T12:33:16","modified_gmt":"2025-03-09T10:33:16","slug":"zu-fuss-entlang-der-foerde","status":"publish","type":"post","link":"https:\/\/mb2812.de\/?p=11060","title":{"rendered":"Zu Fu\u00df entlang der F\u00f6rde"},"content":{"rendered":"\n<p>Im Gegensatz zu Stephan habe ich keine gro\u00dfe Beziehung zu Kiel, Anfang der 80er war ich bei meinen \u201aTramper-Monats-Ticket\u2018 Touren dort um mir mal die Stra\u00dfenbahn anzusehen. Und seitdem nicht mehr. Stephan im Gegensatz verbrachte einige Zeit in Kiel, er war w\u00e4hrend seiner Bundeswehrzeit im Marinest\u00fctzpunkt in Wik stationiert. Und seit letztem Jahr kommt er dienstlich h\u00e4ufiger nach Kiel, aber viel von der Stadt gesehen hat er dabei auch nicht. Und so kam die Idee auf, sich das Ganze mal in Ruhe anzuschauen.<\/p>\n\n\n\n<figure class=\"wp-block-image aligncenter size-full is-resized alignnone\"><a href=\"http:\/\/reiseblog.mb2812.de\/wp-content\/uploads\/2021\/10\/Scan84-132_edit-301.jpg\" rel=\"noopener\"><img loading=\"lazy\" decoding=\"async\" width=\"1920\" height=\"1536\" src=\"https:\/\/mb2812.de\/wp-content\/uploads\/2021\/10\/Scan84-132_edit-301.jpg\" alt=\"\" class=\"wp-image-11129\" style=\"width:800px\" srcset=\"https:\/\/mb2812.de\/wp-content\/uploads\/2021\/10\/Scan84-132_edit-301.jpg 1920w, https:\/\/mb2812.de\/wp-content\/uploads\/2021\/10\/Scan84-132_edit-301-300x240.jpg 300w, https:\/\/mb2812.de\/wp-content\/uploads\/2021\/10\/Scan84-132_edit-301-1024x819.jpg 1024w, https:\/\/mb2812.de\/wp-content\/uploads\/2021\/10\/Scan84-132_edit-301-768x614.jpg 768w, https:\/\/mb2812.de\/wp-content\/uploads\/2021\/10\/Scan84-132_edit-301-1536x1229.jpg 1536w, https:\/\/mb2812.de\/wp-content\/uploads\/2021\/10\/Scan84-132_edit-301-668x534.jpg 668w\" sizes=\"auto, (max-width: 1920px) 100vw, 1920px\" \/><\/a><figcaption class=\"wp-element-caption\">Zun\u00e4chst ein Throwback. So sah es bei meinem letzten Besuch in Kiel im Herbst 1984 aus. Die Stra\u00dfenbahnendstelle in Wik am Kanal. Wir sind hier auch auf unserer Wanderung vorbeigekommen, auf ein Vergleichsfoto habe ich allerdings verzichtet. Bis auf die H\u00e4user im Hintergrund auf der Holtenauer Seite des Kanals hat sich alles ver\u00e4ndert.<\/figcaption><\/figure>\n\n\n\n<p>F\u00fcr den ersten Tag hatten wir uns eine Wanderung entlang der F\u00f6rde bis zum Nord Ostsee Kanal vorgenommen, eine Strecke, die Stephan h\u00e4ufig abgelaufen war &#8211; zu Fu\u00df vom St\u00fctzpunkt in die Stadt.<\/p>\n\n\n\n<figure class=\"wp-block-image aligncenter size-full is-resized\"><a href=\"http:\/\/reiseblog.mb2812.de\/wp-content\/uploads\/2021\/10\/DSC_9125-225.jpg\" rel=\"noopener\"><img loading=\"lazy\" decoding=\"async\" width=\"1920\" height=\"1536\" src=\"https:\/\/mb2812.de\/wp-content\/uploads\/2021\/10\/DSC_9125-225.jpg\" alt=\"\" class=\"wp-image-11063\" style=\"width:800px\" srcset=\"https:\/\/mb2812.de\/wp-content\/uploads\/2021\/10\/DSC_9125-225.jpg 1920w, https:\/\/mb2812.de\/wp-content\/uploads\/2021\/10\/DSC_9125-225-300x240.jpg 300w, https:\/\/mb2812.de\/wp-content\/uploads\/2021\/10\/DSC_9125-225-1024x819.jpg 1024w, https:\/\/mb2812.de\/wp-content\/uploads\/2021\/10\/DSC_9125-225-768x614.jpg 768w, https:\/\/mb2812.de\/wp-content\/uploads\/2021\/10\/DSC_9125-225-1536x1229.jpg 1536w, https:\/\/mb2812.de\/wp-content\/uploads\/2021\/10\/DSC_9125-225-668x534.jpg 668w\" sizes=\"auto, (max-width: 1920px) 100vw, 1920px\" \/><\/a><figcaption class=\"wp-element-caption\">Die Lage des Hotels ist nicht so die romantischste. Blick vom S\u00fcdende der Kieler F\u00f6rde, der H\u00f6rn, entlang der Kaistra\u00dfe. Das Hotel ist das zweite Geb\u00e4ude.<\/figcaption><\/figure>\n\n\n\n<!--more-->\n\n\n\n<figure class=\"wp-block-image aligncenter size-full is-resized\"><a href=\"http:\/\/reiseblog.mb2812.de\/wp-content\/uploads\/2021\/10\/DSC_9128.jpg\" rel=\"noopener\"><img loading=\"lazy\" decoding=\"async\" width=\"1920\" height=\"1536\" src=\"https:\/\/mb2812.de\/wp-content\/uploads\/2021\/10\/DSC_9128.jpg\" alt=\"\" class=\"wp-image-11064\" style=\"width:800px\" srcset=\"https:\/\/mb2812.de\/wp-content\/uploads\/2021\/10\/DSC_9128.jpg 1920w, https:\/\/mb2812.de\/wp-content\/uploads\/2021\/10\/DSC_9128-300x240.jpg 300w, https:\/\/mb2812.de\/wp-content\/uploads\/2021\/10\/DSC_9128-1024x819.jpg 1024w, https:\/\/mb2812.de\/wp-content\/uploads\/2021\/10\/DSC_9128-768x614.jpg 768w, https:\/\/mb2812.de\/wp-content\/uploads\/2021\/10\/DSC_9128-1536x1229.jpg 1536w, https:\/\/mb2812.de\/wp-content\/uploads\/2021\/10\/DSC_9128-668x534.jpg 668w\" sizes=\"auto, (max-width: 1920px) 100vw, 1920px\" \/><\/a><figcaption class=\"wp-element-caption\">In der Ferne sieht man das maritime Kiel mit den beiden gro\u00dfen F\u00e4hrschiffen. Hier die Stena Line nach G\u00f6teborg, Colour Line f\u00e4hrt vom anderen Ufer aus nach Oslo<\/figcaption><\/figure>\n\n\n\n<figure class=\"wp-block-image aligncenter size-full is-resized\"><a href=\"http:\/\/reiseblog.mb2812.de\/wp-content\/uploads\/2021\/10\/DSC_9129-230.jpg\" rel=\"noopener\"><img loading=\"lazy\" decoding=\"async\" width=\"1920\" height=\"1536\" src=\"https:\/\/mb2812.de\/wp-content\/uploads\/2021\/10\/DSC_9129-230.jpg\" alt=\"\" class=\"wp-image-11065\" style=\"width:800px\" srcset=\"https:\/\/mb2812.de\/wp-content\/uploads\/2021\/10\/DSC_9129-230.jpg 1920w, https:\/\/mb2812.de\/wp-content\/uploads\/2021\/10\/DSC_9129-230-300x240.jpg 300w, https:\/\/mb2812.de\/wp-content\/uploads\/2021\/10\/DSC_9129-230-1024x819.jpg 1024w, https:\/\/mb2812.de\/wp-content\/uploads\/2021\/10\/DSC_9129-230-768x614.jpg 768w, https:\/\/mb2812.de\/wp-content\/uploads\/2021\/10\/DSC_9129-230-1536x1229.jpg 1536w, https:\/\/mb2812.de\/wp-content\/uploads\/2021\/10\/DSC_9129-230-668x534.jpg 668w\" sizes=\"auto, (max-width: 1920px) 100vw, 1920px\" \/><\/a><figcaption class=\"wp-element-caption\">Wir gehen auf der Westseite der F\u00f6rde nordw\u00e4rts, fr\u00fcher v\u00f6llig unm\u00f6glich, hier war Industriegebiet. Gegen\u00fcber der Hauptbahnhof<\/figcaption><\/figure>\n\n\n\n<figure class=\"wp-block-image aligncenter size-full is-resized\"><a href=\"http:\/\/reiseblog.mb2812.de\/wp-content\/uploads\/2021\/10\/DSC_9132.jpg\" rel=\"noopener\"><img loading=\"lazy\" decoding=\"async\" width=\"1920\" height=\"1536\" src=\"https:\/\/mb2812.de\/wp-content\/uploads\/2021\/10\/DSC_9132.jpg\" alt=\"\" class=\"wp-image-11066\" style=\"width:800px\" srcset=\"https:\/\/mb2812.de\/wp-content\/uploads\/2021\/10\/DSC_9132.jpg 1920w, https:\/\/mb2812.de\/wp-content\/uploads\/2021\/10\/DSC_9132-300x240.jpg 300w, https:\/\/mb2812.de\/wp-content\/uploads\/2021\/10\/DSC_9132-1024x819.jpg 1024w, https:\/\/mb2812.de\/wp-content\/uploads\/2021\/10\/DSC_9132-768x614.jpg 768w, https:\/\/mb2812.de\/wp-content\/uploads\/2021\/10\/DSC_9132-1536x1229.jpg 1536w, https:\/\/mb2812.de\/wp-content\/uploads\/2021\/10\/DSC_9132-668x534.jpg 668w\" sizes=\"auto, (max-width: 1920px) 100vw, 1920px\" \/><\/a><figcaption class=\"wp-element-caption\">Direkt gegen\u00fcber des Hauptbahnhofs sorgt der Germaniahafen f\u00fcr einen kleinen Umweg, bevor wir \u00fcber die H\u00f6rnbr\u00fccke wieder die Seite wechseln<\/figcaption><\/figure>\n\n\n\n<figure class=\"wp-block-image aligncenter size-full is-resized\"><a href=\"http:\/\/reiseblog.mb2812.de\/wp-content\/uploads\/2021\/10\/DSC_9133.jpg\" rel=\"noopener\"><img loading=\"lazy\" decoding=\"async\" width=\"1920\" height=\"1536\" src=\"https:\/\/mb2812.de\/wp-content\/uploads\/2021\/10\/DSC_9133.jpg\" alt=\"\" class=\"wp-image-11067\" style=\"width:800px\" srcset=\"https:\/\/mb2812.de\/wp-content\/uploads\/2021\/10\/DSC_9133.jpg 1920w, https:\/\/mb2812.de\/wp-content\/uploads\/2021\/10\/DSC_9133-300x240.jpg 300w, https:\/\/mb2812.de\/wp-content\/uploads\/2021\/10\/DSC_9133-1024x819.jpg 1024w, https:\/\/mb2812.de\/wp-content\/uploads\/2021\/10\/DSC_9133-768x614.jpg 768w, https:\/\/mb2812.de\/wp-content\/uploads\/2021\/10\/DSC_9133-1536x1229.jpg 1536w, https:\/\/mb2812.de\/wp-content\/uploads\/2021\/10\/DSC_9133-668x534.jpg 668w\" sizes=\"auto, (max-width: 1920px) 100vw, 1920px\" \/><\/a><figcaption class=\"wp-element-caption\">Von der Br\u00fccke hat man einen Blick auf die Stena Germanica, eines der F\u00e4hrschiffe auf der G\u00f6teborg Route<\/figcaption><\/figure>\n\n\n\n<p>Wir laufen also die Westseite der F\u00f6rde entlang, so nah wie m\u00f6glich am Wasser. Dabei kommen wir an vielem Interessanten vorbei, einiges davon fotografieren wir.<\/p>\n\n\n\n<figure class=\"wp-block-image aligncenter size-full is-resized\"><a href=\"http:\/\/reiseblog.mb2812.de\/wp-content\/uploads\/2021\/10\/IMG_1429.jpg\" rel=\"noopener\"><img loading=\"lazy\" decoding=\"async\" width=\"1440\" height=\"1920\" src=\"https:\/\/mb2812.de\/wp-content\/uploads\/2021\/10\/IMG_1429.jpg\" alt=\"\" class=\"wp-image-11085\" style=\"width:600px\" srcset=\"https:\/\/mb2812.de\/wp-content\/uploads\/2021\/10\/IMG_1429.jpg 1440w, https:\/\/mb2812.de\/wp-content\/uploads\/2021\/10\/IMG_1429-225x300.jpg 225w, https:\/\/mb2812.de\/wp-content\/uploads\/2021\/10\/IMG_1429-768x1024.jpg 768w, https:\/\/mb2812.de\/wp-content\/uploads\/2021\/10\/IMG_1429-1152x1536.jpg 1152w, https:\/\/mb2812.de\/wp-content\/uploads\/2021\/10\/IMG_1429-668x891.jpg 668w\" sizes=\"auto, (max-width: 1440px) 100vw, 1440px\" \/><\/a><figcaption class=\"wp-element-caption\">Durch den Zaun haben wir einen Blick auf die F\u00e4hre von vorne<\/figcaption><\/figure>\n\n\n\n<figure class=\"wp-block-image aligncenter size-full is-resized\"><a href=\"http:\/\/reiseblog.mb2812.de\/wp-content\/uploads\/2021\/10\/DSC_9134.jpg\" rel=\"noopener\"><img loading=\"lazy\" decoding=\"async\" width=\"1440\" height=\"1920\" src=\"https:\/\/mb2812.de\/wp-content\/uploads\/2021\/10\/DSC_9134.jpg\" alt=\"\" class=\"wp-image-11068\" style=\"width:600px\" srcset=\"https:\/\/mb2812.de\/wp-content\/uploads\/2021\/10\/DSC_9134.jpg 1440w, https:\/\/mb2812.de\/wp-content\/uploads\/2021\/10\/DSC_9134-225x300.jpg 225w, https:\/\/mb2812.de\/wp-content\/uploads\/2021\/10\/DSC_9134-768x1024.jpg 768w, https:\/\/mb2812.de\/wp-content\/uploads\/2021\/10\/DSC_9134-1152x1536.jpg 1152w, https:\/\/mb2812.de\/wp-content\/uploads\/2021\/10\/DSC_9134-668x891.jpg 668w\" sizes=\"auto, (max-width: 1440px) 100vw, 1440px\" \/><\/a><figcaption class=\"wp-element-caption\">Eines der historischen Speichergeb\u00e4ude, 1925\/26 erbaut<\/figcaption><\/figure>\n\n\n\n<figure class=\"wp-block-image aligncenter size-full is-resized\"><a href=\"http:\/\/reiseblog.mb2812.de\/wp-content\/uploads\/2021\/10\/DSC_9139-227.jpg\" rel=\"noopener\"><img loading=\"lazy\" decoding=\"async\" width=\"1920\" height=\"1536\" src=\"https:\/\/mb2812.de\/wp-content\/uploads\/2021\/10\/DSC_9139-227.jpg\" alt=\"\" class=\"wp-image-11069\" style=\"width:800px\" srcset=\"https:\/\/mb2812.de\/wp-content\/uploads\/2021\/10\/DSC_9139-227.jpg 1920w, https:\/\/mb2812.de\/wp-content\/uploads\/2021\/10\/DSC_9139-227-300x240.jpg 300w, https:\/\/mb2812.de\/wp-content\/uploads\/2021\/10\/DSC_9139-227-1024x819.jpg 1024w, https:\/\/mb2812.de\/wp-content\/uploads\/2021\/10\/DSC_9139-227-768x614.jpg 768w, https:\/\/mb2812.de\/wp-content\/uploads\/2021\/10\/DSC_9139-227-1536x1229.jpg 1536w, https:\/\/mb2812.de\/wp-content\/uploads\/2021\/10\/DSC_9139-227-668x534.jpg 668w\" sizes=\"auto, (max-width: 1920px) 100vw, 1920px\" \/><\/a><figcaption class=\"wp-element-caption\">Kurz vor dem Ostseekai, dem Kreuzfahrtterminal, haben wir dann einen Blick auf die Werft an der F\u00f6rdeostseite<\/figcaption><\/figure>\n\n\n\n<figure class=\"wp-block-image aligncenter size-full is-resized\"><a href=\"http:\/\/reiseblog.mb2812.de\/wp-content\/uploads\/2021\/10\/IMG_2656.jpg\" rel=\"noopener\"><img loading=\"lazy\" decoding=\"async\" width=\"1920\" height=\"1536\" src=\"https:\/\/mb2812.de\/wp-content\/uploads\/2021\/10\/IMG_2656.jpg\" alt=\"\" class=\"wp-image-11100\" style=\"width:800px\" srcset=\"https:\/\/mb2812.de\/wp-content\/uploads\/2021\/10\/IMG_2656.jpg 1920w, https:\/\/mb2812.de\/wp-content\/uploads\/2021\/10\/IMG_2656-300x240.jpg 300w, https:\/\/mb2812.de\/wp-content\/uploads\/2021\/10\/IMG_2656-1024x819.jpg 1024w, https:\/\/mb2812.de\/wp-content\/uploads\/2021\/10\/IMG_2656-768x614.jpg 768w, https:\/\/mb2812.de\/wp-content\/uploads\/2021\/10\/IMG_2656-1536x1229.jpg 1536w, https:\/\/mb2812.de\/wp-content\/uploads\/2021\/10\/IMG_2656-668x534.jpg 668w\" sizes=\"auto, (max-width: 1920px) 100vw, 1920px\" \/><\/a><figcaption class=\"wp-element-caption\">Auf unserer Seite befindet sich das Schiffahrtsmuseum, diverse Museumsschiffe sind hier an den Anlegern vert\u00e4ut, z.B. das Seenotrettungsboot Hindenburg von 1944 und der Tonnenleger Bussard von 1906<\/figcaption><\/figure>\n\n\n\n<figure class=\"wp-block-image aligncenter size-full is-resized\"><a href=\"http:\/\/reiseblog.mb2812.de\/wp-content\/uploads\/2021\/10\/DSC_9140.jpg\"><img loading=\"lazy\" decoding=\"async\" width=\"1920\" height=\"1536\" src=\"https:\/\/mb2812.de\/wp-content\/uploads\/2021\/10\/DSC_9140.jpg\" alt=\"\" class=\"wp-image-11116\" style=\"width:800px\" srcset=\"https:\/\/mb2812.de\/wp-content\/uploads\/2021\/10\/DSC_9140.jpg 1920w, https:\/\/mb2812.de\/wp-content\/uploads\/2021\/10\/DSC_9140-300x240.jpg 300w, https:\/\/mb2812.de\/wp-content\/uploads\/2021\/10\/DSC_9140-1024x819.jpg 1024w, https:\/\/mb2812.de\/wp-content\/uploads\/2021\/10\/DSC_9140-768x614.jpg 768w, https:\/\/mb2812.de\/wp-content\/uploads\/2021\/10\/DSC_9140-1536x1229.jpg 1536w, https:\/\/mb2812.de\/wp-content\/uploads\/2021\/10\/DSC_9140-668x534.jpg 668w\" sizes=\"auto, (max-width: 1920px) 100vw, 1920px\" \/><\/a><figcaption class=\"wp-element-caption\">An der Anlegestelle &#8218;Reventloubr\u00fccke&#8216;. Das Gr\u00fcn mit den konstrastfarbenen M\u00fcllbeh\u00e4ltern hei\u00dft dann auch passend \u201aReventlouwiese\u2018<\/figcaption><\/figure>\n\n\n\n<figure class=\"wp-block-image aligncenter size-full is-resized\"><a href=\"http:\/\/reiseblog.mb2812.de\/wp-content\/uploads\/2021\/10\/DSC_9142.jpg\"><img loading=\"lazy\" decoding=\"async\" width=\"1920\" height=\"1536\" src=\"https:\/\/mb2812.de\/wp-content\/uploads\/2021\/10\/DSC_9142.jpg\" alt=\"\" class=\"wp-image-11070\" style=\"width:800px\" srcset=\"https:\/\/mb2812.de\/wp-content\/uploads\/2021\/10\/DSC_9142.jpg 1920w, https:\/\/mb2812.de\/wp-content\/uploads\/2021\/10\/DSC_9142-300x240.jpg 300w, https:\/\/mb2812.de\/wp-content\/uploads\/2021\/10\/DSC_9142-1024x819.jpg 1024w, https:\/\/mb2812.de\/wp-content\/uploads\/2021\/10\/DSC_9142-768x614.jpg 768w, https:\/\/mb2812.de\/wp-content\/uploads\/2021\/10\/DSC_9142-1536x1229.jpg 1536w, https:\/\/mb2812.de\/wp-content\/uploads\/2021\/10\/DSC_9142-668x534.jpg 668w\" sizes=\"auto, (max-width: 1920px) 100vw, 1920px\" \/><\/a><figcaption class=\"wp-element-caption\">Das erst im September aufgestellte Denkmal f\u00fcr den Erfinder des Kreiselkompasses, Hermann Ansch\u00fctz-Kaempfe, und Albert Einstein, der ein Patentgutachten dar\u00fcber erstellt hatte, vor dem &#8218;Haus Weltclub&#8216;<\/figcaption><\/figure>\n\n\n\n<figure class=\"wp-block-image aligncenter size-full is-resized\"><a href=\"http:\/\/reiseblog.mb2812.de\/wp-content\/uploads\/2021\/10\/IMG_2667.jpg\" rel=\"noopener\"><img loading=\"lazy\" decoding=\"async\" width=\"1920\" height=\"1536\" src=\"https:\/\/mb2812.de\/wp-content\/uploads\/2021\/10\/IMG_2667.jpg\" alt=\"\" class=\"wp-image-11101\" style=\"width:800px\" srcset=\"https:\/\/mb2812.de\/wp-content\/uploads\/2021\/10\/IMG_2667.jpg 1920w, https:\/\/mb2812.de\/wp-content\/uploads\/2021\/10\/IMG_2667-300x240.jpg 300w, https:\/\/mb2812.de\/wp-content\/uploads\/2021\/10\/IMG_2667-1024x819.jpg 1024w, https:\/\/mb2812.de\/wp-content\/uploads\/2021\/10\/IMG_2667-768x614.jpg 768w, https:\/\/mb2812.de\/wp-content\/uploads\/2021\/10\/IMG_2667-1536x1229.jpg 1536w, https:\/\/mb2812.de\/wp-content\/uploads\/2021\/10\/IMG_2667-668x534.jpg 668w\" sizes=\"auto, (max-width: 1920px) 100vw, 1920px\" \/><\/a><figcaption class=\"wp-element-caption\">Der Steg mit der &#8222;Seebar&#8220; im Seebad D\u00fcsternbrook<\/figcaption><\/figure>\n\n\n\n<figure class=\"wp-block-image aligncenter size-full is-resized\"><a href=\"http:\/\/reiseblog.mb2812.de\/wp-content\/uploads\/2021\/10\/DSC_9144.jpg\" rel=\"noopener\"><img loading=\"lazy\" decoding=\"async\" width=\"1920\" height=\"1536\" src=\"https:\/\/mb2812.de\/wp-content\/uploads\/2021\/10\/DSC_9144.jpg\" alt=\"\" class=\"wp-image-11071\" style=\"width:800px\" srcset=\"https:\/\/mb2812.de\/wp-content\/uploads\/2021\/10\/DSC_9144.jpg 1920w, https:\/\/mb2812.de\/wp-content\/uploads\/2021\/10\/DSC_9144-300x240.jpg 300w, https:\/\/mb2812.de\/wp-content\/uploads\/2021\/10\/DSC_9144-1024x819.jpg 1024w, https:\/\/mb2812.de\/wp-content\/uploads\/2021\/10\/DSC_9144-768x614.jpg 768w, https:\/\/mb2812.de\/wp-content\/uploads\/2021\/10\/DSC_9144-1536x1229.jpg 1536w, https:\/\/mb2812.de\/wp-content\/uploads\/2021\/10\/DSC_9144-668x534.jpg 668w\" sizes=\"auto, (max-width: 1920px) 100vw, 1920px\" \/><\/a><figcaption class=\"wp-element-caption\">Jetzt gibt es Sicht auf den Marinest\u00fctzpunkt Kiel, die (f\u00fcr sehr viel Geld) frisch renovierte &#8222;Gorch Fock&#8220; liegt dort seit dem Vortag und zieht auch einige Schaulustige an.<\/figcaption><\/figure>\n\n\n\n<figure class=\"wp-block-image aligncenter size-full is-resized\"><a href=\"http:\/\/reiseblog.mb2812.de\/wp-content\/uploads\/2021\/10\/DSC_9148.jpg\" rel=\"noopener\"><img loading=\"lazy\" decoding=\"async\" width=\"1920\" height=\"1536\" src=\"https:\/\/mb2812.de\/wp-content\/uploads\/2021\/10\/DSC_9148.jpg\" alt=\"\" class=\"wp-image-11112\" style=\"width:800px\" srcset=\"https:\/\/mb2812.de\/wp-content\/uploads\/2021\/10\/DSC_9148.jpg 1920w, https:\/\/mb2812.de\/wp-content\/uploads\/2021\/10\/DSC_9148-300x240.jpg 300w, https:\/\/mb2812.de\/wp-content\/uploads\/2021\/10\/DSC_9148-1024x819.jpg 1024w, https:\/\/mb2812.de\/wp-content\/uploads\/2021\/10\/DSC_9148-768x614.jpg 768w, https:\/\/mb2812.de\/wp-content\/uploads\/2021\/10\/DSC_9148-1536x1229.jpg 1536w, https:\/\/mb2812.de\/wp-content\/uploads\/2021\/10\/DSC_9148-668x534.jpg 668w\" sizes=\"auto, (max-width: 1920px) 100vw, 1920px\" \/><\/a><figcaption class=\"wp-element-caption\">Nochmal die Gorch Fock<\/figcaption><\/figure>\n\n\n\n<figure class=\"wp-block-image aligncenter size-full is-resized\"><a href=\"http:\/\/reiseblog.mb2812.de\/wp-content\/uploads\/2021\/10\/DSC_9150.jpg\" rel=\"noopener\"><img loading=\"lazy\" decoding=\"async\" width=\"1440\" height=\"1920\" src=\"https:\/\/mb2812.de\/wp-content\/uploads\/2021\/10\/DSC_9150.jpg\" alt=\"\" class=\"wp-image-11072\" style=\"width:600px\" srcset=\"https:\/\/mb2812.de\/wp-content\/uploads\/2021\/10\/DSC_9150.jpg 1440w, https:\/\/mb2812.de\/wp-content\/uploads\/2021\/10\/DSC_9150-225x300.jpg 225w, https:\/\/mb2812.de\/wp-content\/uploads\/2021\/10\/DSC_9150-768x1024.jpg 768w, https:\/\/mb2812.de\/wp-content\/uploads\/2021\/10\/DSC_9150-1152x1536.jpg 1152w, https:\/\/mb2812.de\/wp-content\/uploads\/2021\/10\/DSC_9150-668x891.jpg 668w\" sizes=\"auto, (max-width: 1440px) 100vw, 1440px\" \/><\/a><figcaption class=\"wp-element-caption\">Wasser- und Schifffahrtsdirektion war einmal, inzwischen heisst die Beh\u00f6rde &#8218;Generaldirektion Wasserstra\u00dfen und Schifffahrt&#8216;. Das B\u00fcrogeb\u00e4ude steht gegen\u00fcber dem Eingang des Marinest\u00fctzpunktes<\/figcaption><\/figure>\n\n\n\n<p>Vorbei am Marinest\u00fctzpunkt, wo wir durch den Zaun auch Stephans ehemaliges Unterkunftsgeb\u00e4ude ausmachen k\u00f6nnen, gehen wir weiter nordw\u00e4rts zum Kanal.<\/p>\n\n\n\n<figure class=\"wp-block-image aligncenter size-full is-resized\"><a href=\"http:\/\/reiseblog.mb2812.de\/wp-content\/uploads\/2021\/10\/IMG_2686.jpg\" rel=\"noopener\"><img loading=\"lazy\" decoding=\"async\" width=\"1920\" height=\"1536\" src=\"https:\/\/mb2812.de\/wp-content\/uploads\/2021\/10\/IMG_2686.jpg\" alt=\"\" class=\"wp-image-11102\" style=\"width:800px\" srcset=\"https:\/\/mb2812.de\/wp-content\/uploads\/2021\/10\/IMG_2686.jpg 1920w, https:\/\/mb2812.de\/wp-content\/uploads\/2021\/10\/IMG_2686-300x240.jpg 300w, https:\/\/mb2812.de\/wp-content\/uploads\/2021\/10\/IMG_2686-1024x819.jpg 1024w, https:\/\/mb2812.de\/wp-content\/uploads\/2021\/10\/IMG_2686-768x614.jpg 768w, https:\/\/mb2812.de\/wp-content\/uploads\/2021\/10\/IMG_2686-1536x1229.jpg 1536w, https:\/\/mb2812.de\/wp-content\/uploads\/2021\/10\/IMG_2686-668x534.jpg 668w\" sizes=\"auto, (max-width: 1920px) 100vw, 1920px\" \/><\/a><figcaption class=\"wp-element-caption\">F\u00fcr einen Euro kann man eine Treppe hochsteigen und ein bisschen Schleuse gucken<\/figcaption><\/figure>\n\n\n\n<figure class=\"wp-block-image aligncenter size-full is-resized\"><a href=\"http:\/\/reiseblog.mb2812.de\/wp-content\/uploads\/2021\/10\/DSC_9153-228.jpg\" rel=\"noopener\"><img loading=\"lazy\" decoding=\"async\" width=\"1920\" height=\"1536\" src=\"https:\/\/mb2812.de\/wp-content\/uploads\/2021\/10\/DSC_9153-228.jpg\" alt=\"\" class=\"wp-image-11073\" style=\"width:800px\" srcset=\"https:\/\/mb2812.de\/wp-content\/uploads\/2021\/10\/DSC_9153-228.jpg 1920w, https:\/\/mb2812.de\/wp-content\/uploads\/2021\/10\/DSC_9153-228-300x240.jpg 300w, https:\/\/mb2812.de\/wp-content\/uploads\/2021\/10\/DSC_9153-228-1024x819.jpg 1024w, https:\/\/mb2812.de\/wp-content\/uploads\/2021\/10\/DSC_9153-228-768x614.jpg 768w, https:\/\/mb2812.de\/wp-content\/uploads\/2021\/10\/DSC_9153-228-1536x1229.jpg 1536w, https:\/\/mb2812.de\/wp-content\/uploads\/2021\/10\/DSC_9153-228-668x534.jpg 668w\" sizes=\"auto, (max-width: 1920px) 100vw, 1920px\" \/><\/a><figcaption class=\"wp-element-caption\">Die s\u00fcdliche der beiden gro\u00dfen Schleusenkammern, die Schiffe kommen von der Nordsee und warten darauf, das sich das Tor zur Kieler F\u00f6rde und Ostsee \u00f6ffnet<\/figcaption><\/figure>\n\n\n\n<figure class=\"wp-block-image aligncenter size-full is-resized\"><a href=\"http:\/\/reiseblog.mb2812.de\/wp-content\/uploads\/2021\/10\/DSC_9154.jpg\" rel=\"noopener\"><img loading=\"lazy\" decoding=\"async\" width=\"1920\" height=\"1536\" src=\"https:\/\/mb2812.de\/wp-content\/uploads\/2021\/10\/DSC_9154.jpg\" alt=\"\" class=\"wp-image-11074\" style=\"width:800px\" srcset=\"https:\/\/mb2812.de\/wp-content\/uploads\/2021\/10\/DSC_9154.jpg 1920w, https:\/\/mb2812.de\/wp-content\/uploads\/2021\/10\/DSC_9154-300x240.jpg 300w, https:\/\/mb2812.de\/wp-content\/uploads\/2021\/10\/DSC_9154-1024x819.jpg 1024w, https:\/\/mb2812.de\/wp-content\/uploads\/2021\/10\/DSC_9154-768x614.jpg 768w, https:\/\/mb2812.de\/wp-content\/uploads\/2021\/10\/DSC_9154-1536x1229.jpg 1536w, https:\/\/mb2812.de\/wp-content\/uploads\/2021\/10\/DSC_9154-668x534.jpg 668w\" sizes=\"auto, (max-width: 1920px) 100vw, 1920px\" \/><\/a><figcaption class=\"wp-element-caption\">Etwas mehr herangezoomt<\/figcaption><\/figure>\n\n\n\n<p>Wir kommen an der ehemaligen Strassenbahnendstelle vorbei, an der gar nichts mehr so aussieht wie 1984, und fahren dann mit der F\u00e4hre, die es immer noch gibt, \u00fcber den Kanal.<\/p>\n\n\n\n<figure class=\"wp-block-image aligncenter size-full is-resized\"><a href=\"http:\/\/reiseblog.mb2812.de\/wp-content\/uploads\/2021\/10\/IMG_2704.jpg\" rel=\"noopener\"><img loading=\"lazy\" decoding=\"async\" width=\"1920\" height=\"1536\" src=\"https:\/\/mb2812.de\/wp-content\/uploads\/2021\/10\/IMG_2704.jpg\" alt=\"\" class=\"wp-image-11103\" style=\"width:800px\" srcset=\"https:\/\/mb2812.de\/wp-content\/uploads\/2021\/10\/IMG_2704.jpg 1920w, https:\/\/mb2812.de\/wp-content\/uploads\/2021\/10\/IMG_2704-300x240.jpg 300w, https:\/\/mb2812.de\/wp-content\/uploads\/2021\/10\/IMG_2704-1024x819.jpg 1024w, https:\/\/mb2812.de\/wp-content\/uploads\/2021\/10\/IMG_2704-768x614.jpg 768w, https:\/\/mb2812.de\/wp-content\/uploads\/2021\/10\/IMG_2704-1536x1229.jpg 1536w, https:\/\/mb2812.de\/wp-content\/uploads\/2021\/10\/IMG_2704-668x534.jpg 668w\" sizes=\"auto, (max-width: 1920px) 100vw, 1920px\" \/><\/a><figcaption class=\"wp-element-caption\">Auf der F\u00e4hre<\/figcaption><\/figure>\n\n\n\n<figure class=\"wp-block-image aligncenter size-full is-resized\"><a href=\"http:\/\/reiseblog.mb2812.de\/wp-content\/uploads\/2021\/10\/IMG_2706.jpg\" rel=\"noopener\"><img loading=\"lazy\" decoding=\"async\" width=\"1440\" height=\"1920\" src=\"https:\/\/mb2812.de\/wp-content\/uploads\/2021\/10\/IMG_2706.jpg\" alt=\"\" class=\"wp-image-11104\" style=\"width:600px\" srcset=\"https:\/\/mb2812.de\/wp-content\/uploads\/2021\/10\/IMG_2706.jpg 1440w, https:\/\/mb2812.de\/wp-content\/uploads\/2021\/10\/IMG_2706-225x300.jpg 225w, https:\/\/mb2812.de\/wp-content\/uploads\/2021\/10\/IMG_2706-768x1024.jpg 768w, https:\/\/mb2812.de\/wp-content\/uploads\/2021\/10\/IMG_2706-1152x1536.jpg 1152w, https:\/\/mb2812.de\/wp-content\/uploads\/2021\/10\/IMG_2706-668x891.jpg 668w\" sizes=\"auto, (max-width: 1440px) 100vw, 1440px\" \/><\/a><figcaption class=\"wp-element-caption\">In Holtenau geht es beschaulicher zu. Die Kanalstra\u00dfe<\/figcaption><\/figure>\n\n\n\n<figure class=\"wp-block-image aligncenter size-full is-resized\"><a href=\"http:\/\/reiseblog.mb2812.de\/wp-content\/uploads\/2021\/10\/IMG_2708.jpg\" rel=\"noopener\"><img loading=\"lazy\" decoding=\"async\" width=\"1920\" height=\"1536\" src=\"https:\/\/mb2812.de\/wp-content\/uploads\/2021\/10\/IMG_2708.jpg\" alt=\"\" class=\"wp-image-11105\" style=\"width:800px\" srcset=\"https:\/\/mb2812.de\/wp-content\/uploads\/2021\/10\/IMG_2708.jpg 1920w, https:\/\/mb2812.de\/wp-content\/uploads\/2021\/10\/IMG_2708-300x240.jpg 300w, https:\/\/mb2812.de\/wp-content\/uploads\/2021\/10\/IMG_2708-1024x819.jpg 1024w, https:\/\/mb2812.de\/wp-content\/uploads\/2021\/10\/IMG_2708-768x614.jpg 768w, https:\/\/mb2812.de\/wp-content\/uploads\/2021\/10\/IMG_2708-1536x1229.jpg 1536w, https:\/\/mb2812.de\/wp-content\/uploads\/2021\/10\/IMG_2708-668x534.jpg 668w\" sizes=\"auto, (max-width: 1920px) 100vw, 1920px\" \/><\/a><figcaption class=\"wp-element-caption\">Das Gew\u00e4sser n\u00f6rdlich der Kanalschleusen<\/figcaption><\/figure>\n\n\n\n<figure class=\"wp-block-image aligncenter size-full is-resized\"><a href=\"http:\/\/reiseblog.mb2812.de\/wp-content\/uploads\/2021\/10\/DSC_9157.jpg\" rel=\"noopener\"><img loading=\"lazy\" decoding=\"async\" width=\"1920\" height=\"1536\" src=\"https:\/\/mb2812.de\/wp-content\/uploads\/2021\/10\/DSC_9157.jpg\" alt=\"\" class=\"wp-image-11075\" style=\"width:800px\" srcset=\"https:\/\/mb2812.de\/wp-content\/uploads\/2021\/10\/DSC_9157.jpg 1920w, https:\/\/mb2812.de\/wp-content\/uploads\/2021\/10\/DSC_9157-300x240.jpg 300w, https:\/\/mb2812.de\/wp-content\/uploads\/2021\/10\/DSC_9157-1024x819.jpg 1024w, https:\/\/mb2812.de\/wp-content\/uploads\/2021\/10\/DSC_9157-768x614.jpg 768w, https:\/\/mb2812.de\/wp-content\/uploads\/2021\/10\/DSC_9157-1536x1229.jpg 1536w, https:\/\/mb2812.de\/wp-content\/uploads\/2021\/10\/DSC_9157-668x534.jpg 668w\" sizes=\"auto, (max-width: 1920px) 100vw, 1920px\" \/><\/a><figcaption class=\"wp-element-caption\">Blick auf die F\u00f6rde mit einen in den Kanal einfahrenden Frachtschiff<\/figcaption><\/figure>\n\n\n\n<figure class=\"wp-block-image aligncenter size-full is-resized\"><a href=\"http:\/\/reiseblog.mb2812.de\/wp-content\/uploads\/2021\/10\/DSC_9160.jpg\" rel=\"noopener\"><img loading=\"lazy\" decoding=\"async\" width=\"1440\" height=\"1920\" src=\"https:\/\/mb2812.de\/wp-content\/uploads\/2021\/10\/DSC_9160.jpg\" alt=\"\" class=\"wp-image-11076\" style=\"width:600px\" srcset=\"https:\/\/mb2812.de\/wp-content\/uploads\/2021\/10\/DSC_9160.jpg 1440w, https:\/\/mb2812.de\/wp-content\/uploads\/2021\/10\/DSC_9160-225x300.jpg 225w, https:\/\/mb2812.de\/wp-content\/uploads\/2021\/10\/DSC_9160-768x1024.jpg 768w, https:\/\/mb2812.de\/wp-content\/uploads\/2021\/10\/DSC_9160-1152x1536.jpg 1152w, https:\/\/mb2812.de\/wp-content\/uploads\/2021\/10\/DSC_9160-668x891.jpg 668w\" sizes=\"auto, (max-width: 1440px) 100vw, 1440px\" \/><\/a><figcaption class=\"wp-element-caption\">N\u00f6rdlicher Umkehrpunkt unseres Ausfluges. Der Leuchtturm in Kiel Holtenau von 1895<\/figcaption><\/figure>\n\n\n\n<p>Nach einer Pause in einem Caf\u00e9 am Tiessenkai geht es per Bus zur\u00fcck in die Stadt. Wir laufen einmal durchs Einkaufszentrum Sophienhof und dann zur\u00fcck zum Hotel.<\/p>\n\n\n\n<p>Von der Innenstadt habe ich jetzt au\u00dfer dem kurzen Marsch durchs Shopping Center noch nichts gesehen und finde, das dies ge\u00e4ndert werden muss. Zum Gl\u00fcck endet der aufgekommene Regen, und so entschlie\u00dfen wir noch uns zu einem kleinen Abendspaziergang.<\/p>\n\n\n\n<figure class=\"wp-block-image aligncenter size-full is-resized\"><a href=\"http:\/\/reiseblog.mb2812.de\/wp-content\/uploads\/2021\/10\/IMG_1430.jpg\" rel=\"noopener\"><img loading=\"lazy\" decoding=\"async\" width=\"1920\" height=\"1536\" src=\"https:\/\/mb2812.de\/wp-content\/uploads\/2021\/10\/IMG_1430.jpg\" alt=\"\" class=\"wp-image-11086\" style=\"width:800px\" srcset=\"https:\/\/mb2812.de\/wp-content\/uploads\/2021\/10\/IMG_1430.jpg 1920w, https:\/\/mb2812.de\/wp-content\/uploads\/2021\/10\/IMG_1430-300x240.jpg 300w, https:\/\/mb2812.de\/wp-content\/uploads\/2021\/10\/IMG_1430-1024x819.jpg 1024w, https:\/\/mb2812.de\/wp-content\/uploads\/2021\/10\/IMG_1430-768x614.jpg 768w, https:\/\/mb2812.de\/wp-content\/uploads\/2021\/10\/IMG_1430-1536x1229.jpg 1536w, https:\/\/mb2812.de\/wp-content\/uploads\/2021\/10\/IMG_1430-668x534.jpg 668w\" sizes=\"auto, (max-width: 1920px) 100vw, 1920px\" \/><\/a><figcaption class=\"wp-element-caption\">Das Einkaufszentrum &#8222;Sophienhof&#8220; gegen\u00fcber des Kieler Hauptbahnhofs. Es hat in gewisser Weise meine Meinung \u00fcber Kiel gepr\u00e4gt, sah es doch Anfang der 80er hier ziemlich trostlos aus, da mit dem Abriss der alten Bebauung f\u00fcr dieses Center besch\u00e4ftigt war.<\/figcaption><\/figure>\n\n\n\n<figure class=\"wp-block-image aligncenter size-full is-resized\"><a href=\"http:\/\/reiseblog.mb2812.de\/wp-content\/uploads\/2021\/10\/IMG_1431.jpg\" rel=\"noopener\"><img loading=\"lazy\" decoding=\"async\" width=\"1920\" height=\"1536\" src=\"https:\/\/mb2812.de\/wp-content\/uploads\/2021\/10\/IMG_1431.jpg\" alt=\"\" class=\"wp-image-11087\" style=\"width:600px\" srcset=\"https:\/\/mb2812.de\/wp-content\/uploads\/2021\/10\/IMG_1431.jpg 1920w, https:\/\/mb2812.de\/wp-content\/uploads\/2021\/10\/IMG_1431-300x240.jpg 300w, https:\/\/mb2812.de\/wp-content\/uploads\/2021\/10\/IMG_1431-1024x819.jpg 1024w, https:\/\/mb2812.de\/wp-content\/uploads\/2021\/10\/IMG_1431-768x614.jpg 768w, https:\/\/mb2812.de\/wp-content\/uploads\/2021\/10\/IMG_1431-1536x1229.jpg 1536w, https:\/\/mb2812.de\/wp-content\/uploads\/2021\/10\/IMG_1431-668x534.jpg 668w\" sizes=\"auto, (max-width: 1920px) 100vw, 1920px\" \/><\/a><figcaption class=\"wp-element-caption\">Die Fu\u00dfg\u00e4ngerzone in Kiel: Der Holstenplatz<\/figcaption><\/figure>\n\n\n\n<figure class=\"wp-block-image aligncenter size-full is-resized\"><a href=\"http:\/\/reiseblog.mb2812.de\/wp-content\/uploads\/2021\/10\/IMG_1432.jpg\" rel=\"noopener\"><img loading=\"lazy\" decoding=\"async\" width=\"1920\" height=\"1536\" src=\"https:\/\/mb2812.de\/wp-content\/uploads\/2021\/10\/IMG_1432.jpg\" alt=\"\" class=\"wp-image-11088\" style=\"width:600px\" srcset=\"https:\/\/mb2812.de\/wp-content\/uploads\/2021\/10\/IMG_1432.jpg 1920w, https:\/\/mb2812.de\/wp-content\/uploads\/2021\/10\/IMG_1432-300x240.jpg 300w, https:\/\/mb2812.de\/wp-content\/uploads\/2021\/10\/IMG_1432-1024x819.jpg 1024w, https:\/\/mb2812.de\/wp-content\/uploads\/2021\/10\/IMG_1432-768x614.jpg 768w, https:\/\/mb2812.de\/wp-content\/uploads\/2021\/10\/IMG_1432-1536x1229.jpg 1536w, https:\/\/mb2812.de\/wp-content\/uploads\/2021\/10\/IMG_1432-668x534.jpg 668w\" sizes=\"auto, (max-width: 1920px) 100vw, 1920px\" \/><\/a><figcaption class=\"wp-element-caption\">Blick von der Holstenbr\u00fccke in die Holstenstra\u00dfe Richtung Bahnhof<\/figcaption><\/figure>\n\n\n\n<figure class=\"wp-block-image aligncenter size-full is-resized\"><a href=\"http:\/\/reiseblog.mb2812.de\/wp-content\/uploads\/2021\/10\/IMG_1433-236.jpg\" rel=\"noopener\"><img loading=\"lazy\" decoding=\"async\" width=\"1920\" height=\"1536\" src=\"https:\/\/mb2812.de\/wp-content\/uploads\/2021\/10\/IMG_1433-236.jpg\" alt=\"\" class=\"wp-image-11089\" style=\"width:800px\" srcset=\"https:\/\/mb2812.de\/wp-content\/uploads\/2021\/10\/IMG_1433-236.jpg 1920w, https:\/\/mb2812.de\/wp-content\/uploads\/2021\/10\/IMG_1433-236-300x240.jpg 300w, https:\/\/mb2812.de\/wp-content\/uploads\/2021\/10\/IMG_1433-236-1024x819.jpg 1024w, https:\/\/mb2812.de\/wp-content\/uploads\/2021\/10\/IMG_1433-236-768x614.jpg 768w, https:\/\/mb2812.de\/wp-content\/uploads\/2021\/10\/IMG_1433-236-1536x1229.jpg 1536w, https:\/\/mb2812.de\/wp-content\/uploads\/2021\/10\/IMG_1433-236-668x534.jpg 668w\" sizes=\"auto, (max-width: 1920px) 100vw, 1920px\" \/><\/a><figcaption class=\"wp-element-caption\">Das 1927 erbaute Geb\u00e4ude der Ahlmann Bank, heute eine Filiale der Deutschen Bank<\/figcaption><\/figure>\n\n\n\n<figure class=\"wp-block-image aligncenter size-full is-resized\"><a href=\"http:\/\/reiseblog.mb2812.de\/wp-content\/uploads\/2021\/10\/IMG_2726.jpg\" rel=\"noopener\"><img loading=\"lazy\" decoding=\"async\" width=\"1920\" height=\"1536\" src=\"https:\/\/mb2812.de\/wp-content\/uploads\/2021\/10\/IMG_2726.jpg\" alt=\"\" class=\"wp-image-11106\" style=\"width:800px\" srcset=\"https:\/\/mb2812.de\/wp-content\/uploads\/2021\/10\/IMG_2726.jpg 1920w, https:\/\/mb2812.de\/wp-content\/uploads\/2021\/10\/IMG_2726-300x240.jpg 300w, https:\/\/mb2812.de\/wp-content\/uploads\/2021\/10\/IMG_2726-1024x819.jpg 1024w, https:\/\/mb2812.de\/wp-content\/uploads\/2021\/10\/IMG_2726-768x614.jpg 768w, https:\/\/mb2812.de\/wp-content\/uploads\/2021\/10\/IMG_2726-1536x1229.jpg 1536w, https:\/\/mb2812.de\/wp-content\/uploads\/2021\/10\/IMG_2726-668x534.jpg 668w\" sizes=\"auto, (max-width: 1920px) 100vw, 1920px\" \/><\/a><figcaption class=\"wp-element-caption\">Der Rathausplatz mit Rathaus und Opernhaus (rechts)<\/figcaption><\/figure>\n\n\n\n<figure class=\"wp-block-image aligncenter size-full is-resized\"><a href=\"http:\/\/reiseblog.mb2812.de\/wp-content\/uploads\/2021\/10\/IMG_1438.jpg\" rel=\"noopener\"><img loading=\"lazy\" decoding=\"async\" width=\"1440\" height=\"1920\" src=\"https:\/\/mb2812.de\/wp-content\/uploads\/2021\/10\/IMG_1438.jpg\" alt=\"\" class=\"wp-image-11090\" style=\"width:600px\" srcset=\"https:\/\/mb2812.de\/wp-content\/uploads\/2021\/10\/IMG_1438.jpg 1440w, https:\/\/mb2812.de\/wp-content\/uploads\/2021\/10\/IMG_1438-225x300.jpg 225w, https:\/\/mb2812.de\/wp-content\/uploads\/2021\/10\/IMG_1438-768x1024.jpg 768w, https:\/\/mb2812.de\/wp-content\/uploads\/2021\/10\/IMG_1438-1152x1536.jpg 1152w, https:\/\/mb2812.de\/wp-content\/uploads\/2021\/10\/IMG_1438-668x891.jpg 668w\" sizes=\"auto, (max-width: 1440px) 100vw, 1440px\" \/><\/a><figcaption class=\"wp-element-caption\">Der Schwerttr\u00e4ger von Adolf Bruett auf dem Rathausplatz, 1912 geschaffen<\/figcaption><\/figure>\n\n\n\n<figure class=\"wp-block-image aligncenter size-full is-resized\"><a href=\"http:\/\/reiseblog.mb2812.de\/wp-content\/uploads\/2021\/10\/IMG_1443.jpg\" rel=\"noopener\"><img loading=\"lazy\" decoding=\"async\" width=\"1920\" height=\"1536\" src=\"https:\/\/mb2812.de\/wp-content\/uploads\/2021\/10\/IMG_1443.jpg\" alt=\"\" class=\"wp-image-11091\" style=\"width:800px\" srcset=\"https:\/\/mb2812.de\/wp-content\/uploads\/2021\/10\/IMG_1443.jpg 1920w, https:\/\/mb2812.de\/wp-content\/uploads\/2021\/10\/IMG_1443-300x240.jpg 300w, https:\/\/mb2812.de\/wp-content\/uploads\/2021\/10\/IMG_1443-1024x819.jpg 1024w, https:\/\/mb2812.de\/wp-content\/uploads\/2021\/10\/IMG_1443-768x614.jpg 768w, https:\/\/mb2812.de\/wp-content\/uploads\/2021\/10\/IMG_1443-1536x1229.jpg 1536w, https:\/\/mb2812.de\/wp-content\/uploads\/2021\/10\/IMG_1443-668x534.jpg 668w\" sizes=\"auto, (max-width: 1920px) 100vw, 1920px\" \/><\/a><figcaption class=\"wp-element-caption\">Im Horishimapark<\/figcaption><\/figure>\n\n\n\n<figure class=\"wp-block-image aligncenter size-full is-resized\"><a href=\"http:\/\/reiseblog.mb2812.de\/wp-content\/uploads\/2021\/10\/IMG_2740.jpg\" rel=\"noopener\"><img loading=\"lazy\" decoding=\"async\" width=\"1920\" height=\"1536\" src=\"https:\/\/mb2812.de\/wp-content\/uploads\/2021\/10\/IMG_2740.jpg\" alt=\"\" class=\"wp-image-11107\" style=\"width:759px\" srcset=\"https:\/\/mb2812.de\/wp-content\/uploads\/2021\/10\/IMG_2740.jpg 1920w, https:\/\/mb2812.de\/wp-content\/uploads\/2021\/10\/IMG_2740-300x240.jpg 300w, https:\/\/mb2812.de\/wp-content\/uploads\/2021\/10\/IMG_2740-1024x819.jpg 1024w, https:\/\/mb2812.de\/wp-content\/uploads\/2021\/10\/IMG_2740-768x614.jpg 768w, https:\/\/mb2812.de\/wp-content\/uploads\/2021\/10\/IMG_2740-1536x1229.jpg 1536w, https:\/\/mb2812.de\/wp-content\/uploads\/2021\/10\/IMG_2740-668x534.jpg 668w\" sizes=\"auto, (max-width: 1920px) 100vw, 1920px\" \/><\/a><figcaption class=\"wp-element-caption\">Blick \u00fcber den &#8222;Kleiner Kiel&#8220; genannten Teich mit Font\u00e4ne<\/figcaption><\/figure>\n\n\n\n<figure class=\"wp-block-image aligncenter size-full is-resized\"><a href=\"http:\/\/reiseblog.mb2812.de\/wp-content\/uploads\/2021\/10\/IMG_1447.jpg\" rel=\"noopener\"><img loading=\"lazy\" decoding=\"async\" width=\"1920\" height=\"1536\" src=\"https:\/\/mb2812.de\/wp-content\/uploads\/2021\/10\/IMG_1447.jpg\" alt=\"\" class=\"wp-image-11092\" style=\"width:800px\" srcset=\"https:\/\/mb2812.de\/wp-content\/uploads\/2021\/10\/IMG_1447.jpg 1920w, https:\/\/mb2812.de\/wp-content\/uploads\/2021\/10\/IMG_1447-300x240.jpg 300w, https:\/\/mb2812.de\/wp-content\/uploads\/2021\/10\/IMG_1447-1024x819.jpg 1024w, https:\/\/mb2812.de\/wp-content\/uploads\/2021\/10\/IMG_1447-768x614.jpg 768w, https:\/\/mb2812.de\/wp-content\/uploads\/2021\/10\/IMG_1447-1536x1229.jpg 1536w, https:\/\/mb2812.de\/wp-content\/uploads\/2021\/10\/IMG_1447-668x534.jpg 668w\" sizes=\"auto, (max-width: 1920px) 100vw, 1920px\" \/><\/a><figcaption class=\"wp-element-caption\">Der Eingang zur Schalterhalle der Sparkasse Kiel neben dem historischen Hauptgeb\u00e4ude sah f\u00fcr uns stark nach 70er Jahre aus, stammt aber tats\u00e4chlich aus 1996.<\/figcaption><\/figure>\n\n\n\n<figure class=\"wp-block-image aligncenter size-full is-resized\"><a href=\"http:\/\/reiseblog.mb2812.de\/wp-content\/uploads\/2021\/10\/IMG_1450.jpg\" rel=\"noopener\"><img loading=\"lazy\" decoding=\"async\" width=\"1920\" height=\"1440\" src=\"https:\/\/mb2812.de\/wp-content\/uploads\/2021\/10\/IMG_1450.jpg\" alt=\"\" class=\"wp-image-11114\" style=\"width:800px\" srcset=\"https:\/\/mb2812.de\/wp-content\/uploads\/2021\/10\/IMG_1450.jpg 1920w, https:\/\/mb2812.de\/wp-content\/uploads\/2021\/10\/IMG_1450-300x225.jpg 300w, https:\/\/mb2812.de\/wp-content\/uploads\/2021\/10\/IMG_1450-1024x768.jpg 1024w, https:\/\/mb2812.de\/wp-content\/uploads\/2021\/10\/IMG_1450-768x576.jpg 768w, https:\/\/mb2812.de\/wp-content\/uploads\/2021\/10\/IMG_1450-1536x1152.jpg 1536w, https:\/\/mb2812.de\/wp-content\/uploads\/2021\/10\/IMG_1450-668x501.jpg 668w\" sizes=\"auto, (max-width: 1920px) 100vw, 1920px\" \/><\/a><figcaption class=\"wp-element-caption\">Jetzt der Blick \u00fcber den &#8218;Kleinen Kiel&#8216; in die andere Richtung zum Rathaus hin<\/figcaption><\/figure>\n\n\n\n<p>Wir kommen in die Altstadt und versuchen uns ein bisschen an Shopping. Schuhe und eine Winterjacke stehen auf dem Programm, wir finden aber nichts. Auch die Restaurants, die wir hier sehen, gefallen uns nicht so richtig, also beschlie\u00dfen wir, nochmals im Hotel zu essen und machen uns auf den R\u00fcckweg.<\/p>\n\n\n\n<figure class=\"wp-block-image aligncenter size-full is-resized\"><a href=\"http:\/\/reiseblog.mb2812.de\/wp-content\/uploads\/2021\/10\/IMG_1455-238.jpg\" rel=\"noopener\"><img loading=\"lazy\" decoding=\"async\" width=\"1440\" height=\"1920\" src=\"https:\/\/mb2812.de\/wp-content\/uploads\/2021\/10\/IMG_1455-238.jpg\" alt=\"\" class=\"wp-image-11093\" style=\"width:600px\" srcset=\"https:\/\/mb2812.de\/wp-content\/uploads\/2021\/10\/IMG_1455-238.jpg 1440w, https:\/\/mb2812.de\/wp-content\/uploads\/2021\/10\/IMG_1455-238-225x300.jpg 225w, https:\/\/mb2812.de\/wp-content\/uploads\/2021\/10\/IMG_1455-238-768x1024.jpg 768w, https:\/\/mb2812.de\/wp-content\/uploads\/2021\/10\/IMG_1455-238-1152x1536.jpg 1152w, https:\/\/mb2812.de\/wp-content\/uploads\/2021\/10\/IMG_1455-238-668x891.jpg 668w\" sizes=\"auto, (max-width: 1440px) 100vw, 1440px\" \/><\/a><figcaption class=\"wp-element-caption\">Wir kommen am \u00e4ltesten Geb\u00e4ude Kiels vorbei, das ist die St. Nikolai Kirche. Ab 1242 gebaut und mehrfach umgestaltet, wurde sie im 2. Weltkrieg stark besch\u00e4digt. Der Wiederaufbau erfolgte 1950. Hier die Hauptt\u00fcr.<\/figcaption><\/figure>\n\n\n\n<figure class=\"wp-block-image aligncenter size-full is-resized\"><a href=\"http:\/\/reiseblog.mb2812.de\/wp-content\/uploads\/2021\/10\/IMG_1459.jpg\" rel=\"noopener\"><img loading=\"lazy\" decoding=\"async\" width=\"1440\" height=\"1920\" src=\"https:\/\/mb2812.de\/wp-content\/uploads\/2021\/10\/IMG_1459.jpg\" alt=\"\" class=\"wp-image-11094\" style=\"width:600px\" srcset=\"https:\/\/mb2812.de\/wp-content\/uploads\/2021\/10\/IMG_1459.jpg 1440w, https:\/\/mb2812.de\/wp-content\/uploads\/2021\/10\/IMG_1459-225x300.jpg 225w, https:\/\/mb2812.de\/wp-content\/uploads\/2021\/10\/IMG_1459-768x1024.jpg 768w, https:\/\/mb2812.de\/wp-content\/uploads\/2021\/10\/IMG_1459-1152x1536.jpg 1152w, https:\/\/mb2812.de\/wp-content\/uploads\/2021\/10\/IMG_1459-668x891.jpg 668w\" sizes=\"auto, (max-width: 1440px) 100vw, 1440px\" \/><\/a><figcaption class=\"wp-element-caption\">Die zun\u00e4chst namenlose uns dann &#8222;Geistk\u00e4mpfer&#8220; genannte Skulptur von Ernst Barlach steht jetzt an der Kirche<\/figcaption><\/figure>\n\n\n\n<figure class=\"wp-block-image aligncenter size-full is-resized\"><a href=\"http:\/\/reiseblog.mb2812.de\/wp-content\/uploads\/2021\/10\/IMG_1461.jpg\" rel=\"noopener\"><img loading=\"lazy\" decoding=\"async\" width=\"1920\" height=\"1536\" src=\"https:\/\/mb2812.de\/wp-content\/uploads\/2021\/10\/IMG_1461.jpg\" alt=\"\" class=\"wp-image-11095\" style=\"width:800px\" srcset=\"https:\/\/mb2812.de\/wp-content\/uploads\/2021\/10\/IMG_1461.jpg 1920w, https:\/\/mb2812.de\/wp-content\/uploads\/2021\/10\/IMG_1461-300x240.jpg 300w, https:\/\/mb2812.de\/wp-content\/uploads\/2021\/10\/IMG_1461-1024x819.jpg 1024w, https:\/\/mb2812.de\/wp-content\/uploads\/2021\/10\/IMG_1461-768x614.jpg 768w, https:\/\/mb2812.de\/wp-content\/uploads\/2021\/10\/IMG_1461-1536x1229.jpg 1536w, https:\/\/mb2812.de\/wp-content\/uploads\/2021\/10\/IMG_1461-668x534.jpg 668w\" sizes=\"auto, (max-width: 1920px) 100vw, 1920px\" \/><\/a><figcaption class=\"wp-element-caption\">Auf dem R\u00fcckweg kommen wir noch am neuen Rathaus vorbei<\/figcaption><\/figure>\n\n\n\n<figure class=\"wp-block-image aligncenter size-full is-resized\"><a href=\"http:\/\/reiseblog.mb2812.de\/wp-content\/uploads\/2021\/10\/IMG_2787.jpg\" rel=\"noopener\"><img loading=\"lazy\" decoding=\"async\" width=\"1920\" height=\"1536\" src=\"https:\/\/mb2812.de\/wp-content\/uploads\/2021\/10\/IMG_2787.jpg\" alt=\"\" class=\"wp-image-11108\" style=\"width:800px\" srcset=\"https:\/\/mb2812.de\/wp-content\/uploads\/2021\/10\/IMG_2787.jpg 1920w, https:\/\/mb2812.de\/wp-content\/uploads\/2021\/10\/IMG_2787-300x240.jpg 300w, https:\/\/mb2812.de\/wp-content\/uploads\/2021\/10\/IMG_2787-1024x819.jpg 1024w, https:\/\/mb2812.de\/wp-content\/uploads\/2021\/10\/IMG_2787-768x614.jpg 768w, https:\/\/mb2812.de\/wp-content\/uploads\/2021\/10\/IMG_2787-1536x1229.jpg 1536w, https:\/\/mb2812.de\/wp-content\/uploads\/2021\/10\/IMG_2787-668x534.jpg 668w\" sizes=\"auto, (max-width: 1920px) 100vw, 1920px\" \/><\/a><figcaption class=\"wp-element-caption\">Und der Tag endet &nbsp;wieder in der Hotelbar<\/figcaption><\/figure>\n","protected":false},"excerpt":{"rendered":"<p>Vom Hotel aus laufen wir entlang de F\u00f6rde nach Norden, bis zum Nord-Ostsee Kanal und Holtenau. Zur\u00fcck geht es mit dem Bus und dann drehen wir am Abend noch eine Runde durch die Kieler Innenstadt<\/p>\n","protected":false},"author":1,"featured_media":11089,"comment_status":"closed","ping_status":"closed","sticky":false,"template":"","format":"standard","meta":{"footnotes":""},"categories":[26],"tags":[87,39,90],"class_list":["post-11060","post","type-post","status-publish","format-standard","has-post-thumbnail","hentry","category-home-again-2021","tag-87","tag-deutschland","tag-kiel"],"_links":{"self":[{"href":"https:\/\/mb2812.de\/index.php?rest_route=\/wp\/v2\/posts\/11060","targetHints":{"allow":["GET"]}}],"collection":[{"href":"https:\/\/mb2812.de\/index.php?rest_route=\/wp\/v2\/posts"}],"about":[{"href":"https:\/\/mb2812.de\/index.php?rest_route=\/wp\/v2\/types\/post"}],"author":[{"embeddable":true,"href":"https:\/\/mb2812.de\/index.php?rest_route=\/wp\/v2\/users\/1"}],"replies":[{"embeddable":true,"href":"https:\/\/mb2812.de\/index.php?rest_route=%2Fwp%2Fv2%2Fcomments&post=11060"}],"version-history":[{"count":29,"href":"https:\/\/mb2812.de\/index.php?rest_route=\/wp\/v2\/posts\/11060\/revisions"}],"predecessor-version":[{"id":16625,"href":"https:\/\/mb2812.de\/index.php?rest_route=\/wp\/v2\/posts\/11060\/revisions\/16625"}],"wp:featuredmedia":[{"embeddable":true,"href":"https:\/\/mb2812.de\/index.php?rest_route=\/wp\/v2\/media\/11089"}],"wp:attachment":[{"href":"https:\/\/mb2812.de\/index.php?rest_route=%2Fwp%2Fv2%2Fmedia&parent=11060"}],"wp:term":[{"taxonomy":"category","embeddable":true,"href":"https:\/\/mb2812.de\/index.php?rest_route=%2Fwp%2Fv2%2Fcategories&post=11060"},{"taxonomy":"post_tag","embeddable":true,"href":"https:\/\/mb2812.de\/index.php?rest_route=%2Fwp%2Fv2%2Ftags&post=11060"}],"curies":[{"name":"wp","href":"https:\/\/api.w.org\/{rel}","templated":true}]}}