{"id":10998,"date":"2021-08-21T09:00:24","date_gmt":"2021-08-21T07:00:24","guid":{"rendered":"http:\/\/reiseblog.mb2812.de\/?p=10998"},"modified":"2025-03-16T19:06:09","modified_gmt":"2025-03-16T17:06:09","slug":"zechen-und-schloesser","status":"publish","type":"post","link":"https:\/\/mb2812.de\/?p=10998","title":{"rendered":"Zechen und Schl\u00f6sser"},"content":{"rendered":"\n<p>Kurzfristig ge\u00e4nderte Pl\u00e4ne liessen uns am Freitag mit einer \u00dcbernachtung in Dortmund &#8222;stranden&#8220;, die (Vereins-)Veranstaltung, an der wir am Samstag teilnehmen sollten, war abgesagt worden. Wir nutzten den Tag f\u00fcr einen kleinen Ausflug zur Grenze zwischen Ruhrgebiet und M\u00fcnsterland. Daher der Titel &#8211; Zechen (im Ruhrgebiet) und Schl\u00f6sser (im M\u00fcnsterland).<\/p>\n\n\n\n<p>Aber der Reihe nach.<\/p>\n\n\n\n<p>Zun\u00e4chst ging es nach L\u00fcnen Brambauer, der Stadtteil geh\u00f6rt siedlungsm\u00e4ssig eher zu Dortmund, geh\u00f6rte er doch bis 1928 zum Amt Eving des Landkreises Dortmund. Dies ist so ungef\u00e4hr die n\u00f6rdliche Grenze des klassischen Ruhrgebiets, die Zeche Minister Achenbach pr\u00e4gte den Ortsteil. Erhalten sind Geb\u00e4ude und der F\u00f6rderturm des Schachtes 4, hier hat man in den erhaltenen Werkstatt- und Maschinenhallen das Technologiezentrum L\u00fcnTec eingerichtet. Wahrzeichen ist das&nbsp;zum &#8222;Colani-Ei&#8220; umgestaltete F\u00f6rderger\u00fcst.<\/p>\n\n\n\n<p>Hier ein paar Fotos:<\/p>\n\n\n\n<figure class=\"wp-block-image aligncenter size-full is-resized\"><a href=\"http:\/\/reiseblog.mb2812.de\/wp-content\/uploads\/2021\/08\/IMG_2108.jpg\" rel=\"noopener\"><img loading=\"lazy\" decoding=\"async\" width=\"1440\" height=\"1920\" src=\"https:\/\/mb2812.de\/wp-content\/uploads\/2021\/08\/IMG_2108.jpg\" alt=\"\" class=\"wp-image-11005\" style=\"width:600px\" srcset=\"https:\/\/mb2812.de\/wp-content\/uploads\/2021\/08\/IMG_2108.jpg 1440w, https:\/\/mb2812.de\/wp-content\/uploads\/2021\/08\/IMG_2108-225x300.jpg 225w, https:\/\/mb2812.de\/wp-content\/uploads\/2021\/08\/IMG_2108-768x1024.jpg 768w, https:\/\/mb2812.de\/wp-content\/uploads\/2021\/08\/IMG_2108-1152x1536.jpg 1152w, https:\/\/mb2812.de\/wp-content\/uploads\/2021\/08\/IMG_2108-668x891.jpg 668w\" sizes=\"auto, (max-width: 1440px) 100vw, 1440px\" \/><\/a><figcaption class=\"wp-element-caption\">Alles Wissenswerte steht auf der Informationstafel des Regionalverbandes Ruhr<\/figcaption><\/figure>\n\n\n\n<figure class=\"wp-block-image aligncenter size-full is-resized\"><a href=\"http:\/\/reiseblog.mb2812.de\/wp-content\/uploads\/2021\/08\/DSC_9041-NEF_DxO_DeepPRIME-189.jpg\" rel=\"noopener\"><img loading=\"lazy\" decoding=\"async\" width=\"1440\" height=\"1920\" src=\"https:\/\/mb2812.de\/wp-content\/uploads\/2021\/08\/DSC_9041-NEF_DxO_DeepPRIME-189.jpg\" alt=\"\" class=\"wp-image-11000\" style=\"width:600px\" srcset=\"https:\/\/mb2812.de\/wp-content\/uploads\/2021\/08\/DSC_9041-NEF_DxO_DeepPRIME-189.jpg 1440w, https:\/\/mb2812.de\/wp-content\/uploads\/2021\/08\/DSC_9041-NEF_DxO_DeepPRIME-189-225x300.jpg 225w, https:\/\/mb2812.de\/wp-content\/uploads\/2021\/08\/DSC_9041-NEF_DxO_DeepPRIME-189-768x1024.jpg 768w, https:\/\/mb2812.de\/wp-content\/uploads\/2021\/08\/DSC_9041-NEF_DxO_DeepPRIME-189-1152x1536.jpg 1152w, https:\/\/mb2812.de\/wp-content\/uploads\/2021\/08\/DSC_9041-NEF_DxO_DeepPRIME-189-668x891.jpg 668w\" sizes=\"auto, (max-width: 1440px) 100vw, 1440px\" \/><\/a><figcaption class=\"wp-element-caption\">Das Colani Ei auf dem F\u00f6rderturm<\/figcaption><\/figure>\n\n\n\n<!--more-->\n\n\n\n<figure class=\"wp-block-image aligncenter size-full is-resized\"><a href=\"http:\/\/reiseblog.mb2812.de\/wp-content\/uploads\/2021\/08\/DSC_9054-NEF_DxO_DeepPRIME-190.jpg\" rel=\"noopener\"><img loading=\"lazy\" decoding=\"async\" width=\"1440\" height=\"1920\" src=\"https:\/\/mb2812.de\/wp-content\/uploads\/2021\/08\/DSC_9054-NEF_DxO_DeepPRIME-190.jpg\" alt=\"\" class=\"wp-image-11001\" style=\"width:600px\" srcset=\"https:\/\/mb2812.de\/wp-content\/uploads\/2021\/08\/DSC_9054-NEF_DxO_DeepPRIME-190.jpg 1440w, https:\/\/mb2812.de\/wp-content\/uploads\/2021\/08\/DSC_9054-NEF_DxO_DeepPRIME-190-225x300.jpg 225w, https:\/\/mb2812.de\/wp-content\/uploads\/2021\/08\/DSC_9054-NEF_DxO_DeepPRIME-190-768x1024.jpg 768w, https:\/\/mb2812.de\/wp-content\/uploads\/2021\/08\/DSC_9054-NEF_DxO_DeepPRIME-190-1152x1536.jpg 1152w, https:\/\/mb2812.de\/wp-content\/uploads\/2021\/08\/DSC_9054-NEF_DxO_DeepPRIME-190-668x891.jpg 668w\" sizes=\"auto, (max-width: 1440px) 100vw, 1440px\" \/><\/a><figcaption class=\"wp-element-caption\">Ansicht von der anderen Seiter<\/figcaption><\/figure>\n\n\n\n<figure class=\"wp-block-image aligncenter size-full is-resized\"><a href=\"http:\/\/reiseblog.mb2812.de\/wp-content\/uploads\/2021\/08\/IMG_2100.jpg\" rel=\"noopener\"><img loading=\"lazy\" decoding=\"async\" width=\"1920\" height=\"1536\" src=\"https:\/\/mb2812.de\/wp-content\/uploads\/2021\/08\/IMG_2100.jpg\" alt=\"\" class=\"wp-image-11008\" style=\"width:800px\" srcset=\"https:\/\/mb2812.de\/wp-content\/uploads\/2021\/08\/IMG_2100.jpg 1920w, https:\/\/mb2812.de\/wp-content\/uploads\/2021\/08\/IMG_2100-300x240.jpg 300w, https:\/\/mb2812.de\/wp-content\/uploads\/2021\/08\/IMG_2100-1024x819.jpg 1024w, https:\/\/mb2812.de\/wp-content\/uploads\/2021\/08\/IMG_2100-768x614.jpg 768w, https:\/\/mb2812.de\/wp-content\/uploads\/2021\/08\/IMG_2100-1536x1229.jpg 1536w, https:\/\/mb2812.de\/wp-content\/uploads\/2021\/08\/IMG_2100-668x534.jpg 668w\" sizes=\"auto, (max-width: 1920px) 100vw, 1920px\" \/><\/a><figcaption class=\"wp-element-caption\">Die ehemaligen Zechenhallen<\/figcaption><\/figure>\n\n\n\n<figure class=\"wp-block-image aligncenter size-full is-resized\"><a href=\"http:\/\/reiseblog.mb2812.de\/wp-content\/uploads\/2021\/08\/DSC_9056-NEF_DxO_DeepPRIME-191.jpg\" rel=\"noopener\"><img loading=\"lazy\" decoding=\"async\" width=\"1440\" height=\"1920\" src=\"https:\/\/mb2812.de\/wp-content\/uploads\/2021\/08\/DSC_9056-NEF_DxO_DeepPRIME-191.jpg\" alt=\"\" class=\"wp-image-11007\" style=\"width:600px\" srcset=\"https:\/\/mb2812.de\/wp-content\/uploads\/2021\/08\/DSC_9056-NEF_DxO_DeepPRIME-191.jpg 1440w, https:\/\/mb2812.de\/wp-content\/uploads\/2021\/08\/DSC_9056-NEF_DxO_DeepPRIME-191-225x300.jpg 225w, https:\/\/mb2812.de\/wp-content\/uploads\/2021\/08\/DSC_9056-NEF_DxO_DeepPRIME-191-768x1024.jpg 768w, https:\/\/mb2812.de\/wp-content\/uploads\/2021\/08\/DSC_9056-NEF_DxO_DeepPRIME-191-1152x1536.jpg 1152w, https:\/\/mb2812.de\/wp-content\/uploads\/2021\/08\/DSC_9056-NEF_DxO_DeepPRIME-191-668x891.jpg 668w\" sizes=\"auto, (max-width: 1440px) 100vw, 1440px\" \/><\/a><figcaption class=\"wp-element-caption\">An der Front prangt gro\u00df der Name der Zeche<\/figcaption><\/figure>\n\n\n\n<figure class=\"wp-block-image aligncenter size-full is-resized\"><a href=\"http:\/\/reiseblog.mb2812.de\/wp-content\/uploads\/2021\/08\/DSC_9055-NEF_DxO_DeepPRIME.jpg\" rel=\"noopener\"><img loading=\"lazy\" decoding=\"async\" width=\"1920\" height=\"1536\" src=\"https:\/\/mb2812.de\/wp-content\/uploads\/2021\/08\/DSC_9055-NEF_DxO_DeepPRIME.jpg\" alt=\"\" class=\"wp-image-10999\" style=\"width:800px\" srcset=\"https:\/\/mb2812.de\/wp-content\/uploads\/2021\/08\/DSC_9055-NEF_DxO_DeepPRIME.jpg 1920w, https:\/\/mb2812.de\/wp-content\/uploads\/2021\/08\/DSC_9055-NEF_DxO_DeepPRIME-300x240.jpg 300w, https:\/\/mb2812.de\/wp-content\/uploads\/2021\/08\/DSC_9055-NEF_DxO_DeepPRIME-1024x819.jpg 1024w, https:\/\/mb2812.de\/wp-content\/uploads\/2021\/08\/DSC_9055-NEF_DxO_DeepPRIME-768x614.jpg 768w, https:\/\/mb2812.de\/wp-content\/uploads\/2021\/08\/DSC_9055-NEF_DxO_DeepPRIME-1536x1229.jpg 1536w, https:\/\/mb2812.de\/wp-content\/uploads\/2021\/08\/DSC_9055-NEF_DxO_DeepPRIME-668x534.jpg 668w\" sizes=\"auto, (max-width: 1920px) 100vw, 1920px\" \/><\/a><figcaption class=\"wp-element-caption\">Uhrenturm auf dem Torgeb\u00e4ude am ehemaligen Zecheneingang<\/figcaption><\/figure>\n\n\n\n<p>Nachdem Besuch in Brambauer ging es ein paar Kilometer weiter ins Zentrum der Stadt L\u00fcnen, das es jahrzehntelang geschafft hatte, mich nicht zu interessieren. Geparkt haben wir im Parkhaus &#8222;Am Markt&#8220; und sind dann &nbsp;einmal durch die Innenstadt gelaufen.<\/p>\n\n\n\n<figure class=\"wp-block-image aligncenter size-full is-resized\"><a href=\"http:\/\/reiseblog.mb2812.de\/wp-content\/uploads\/2021\/08\/DSC_9058-NEF_DxO_DeepPRIME.jpg\" rel=\"noopener\"><img loading=\"lazy\" decoding=\"async\" width=\"1440\" height=\"1920\" src=\"https:\/\/mb2812.de\/wp-content\/uploads\/2021\/08\/DSC_9058-NEF_DxO_DeepPRIME.jpg\" alt=\"\" class=\"wp-image-11002\" style=\"width:600px\" srcset=\"https:\/\/mb2812.de\/wp-content\/uploads\/2021\/08\/DSC_9058-NEF_DxO_DeepPRIME.jpg 1440w, https:\/\/mb2812.de\/wp-content\/uploads\/2021\/08\/DSC_9058-NEF_DxO_DeepPRIME-225x300.jpg 225w, https:\/\/mb2812.de\/wp-content\/uploads\/2021\/08\/DSC_9058-NEF_DxO_DeepPRIME-768x1024.jpg 768w, https:\/\/mb2812.de\/wp-content\/uploads\/2021\/08\/DSC_9058-NEF_DxO_DeepPRIME-1152x1536.jpg 1152w, https:\/\/mb2812.de\/wp-content\/uploads\/2021\/08\/DSC_9058-NEF_DxO_DeepPRIME-668x891.jpg 668w\" sizes=\"auto, (max-width: 1440px) 100vw, 1440px\" \/><\/a><figcaption class=\"wp-element-caption\">Als erstes stehen wir vor dem 1960 gebauten Rathaus, davor der Brunnen mit der Plastik &#8222;Windspiel&#8220;<\/figcaption><\/figure>\n\n\n\n<figure class=\"wp-block-image aligncenter size-full is-resized\"><a href=\"http:\/\/reiseblog.mb2812.de\/wp-content\/uploads\/2021\/08\/DSC_9061-NEF_DxO_DeepPRIME.jpg\" rel=\"noopener\"><img loading=\"lazy\" decoding=\"async\" width=\"1920\" height=\"1536\" src=\"https:\/\/mb2812.de\/wp-content\/uploads\/2021\/08\/DSC_9061-NEF_DxO_DeepPRIME.jpg\" alt=\"\" class=\"wp-image-11003\" style=\"width:800px\" srcset=\"https:\/\/mb2812.de\/wp-content\/uploads\/2021\/08\/DSC_9061-NEF_DxO_DeepPRIME.jpg 1920w, https:\/\/mb2812.de\/wp-content\/uploads\/2021\/08\/DSC_9061-NEF_DxO_DeepPRIME-300x240.jpg 300w, https:\/\/mb2812.de\/wp-content\/uploads\/2021\/08\/DSC_9061-NEF_DxO_DeepPRIME-1024x819.jpg 1024w, https:\/\/mb2812.de\/wp-content\/uploads\/2021\/08\/DSC_9061-NEF_DxO_DeepPRIME-768x614.jpg 768w, https:\/\/mb2812.de\/wp-content\/uploads\/2021\/08\/DSC_9061-NEF_DxO_DeepPRIME-1536x1229.jpg 1536w, https:\/\/mb2812.de\/wp-content\/uploads\/2021\/08\/DSC_9061-NEF_DxO_DeepPRIME-668x534.jpg 668w\" sizes=\"auto, (max-width: 1920px) 100vw, 1920px\" \/><\/a><figcaption class=\"wp-element-caption\">Er\u00f6ffnet wurde das Rathaus vom damaligen Regierenden B\u00fcrgermeister von Berlin, Willy Brandt. Der Platz davor ist daher nach ihm benannt. Samstags ist Wochenmarkt.<\/figcaption><\/figure>\n\n\n\n<figure class=\"wp-block-image aligncenter size-full is-resized\"><a href=\"http:\/\/reiseblog.mb2812.de\/wp-content\/uploads\/2021\/08\/DSC_9065-NEF_DxO_DeepPRIME.jpg\" rel=\"noopener\"><img loading=\"lazy\" decoding=\"async\" width=\"1920\" height=\"1536\" src=\"https:\/\/mb2812.de\/wp-content\/uploads\/2021\/08\/DSC_9065-NEF_DxO_DeepPRIME.jpg\" alt=\"\" class=\"wp-image-11004\" style=\"width:800px\" srcset=\"https:\/\/mb2812.de\/wp-content\/uploads\/2021\/08\/DSC_9065-NEF_DxO_DeepPRIME.jpg 1920w, https:\/\/mb2812.de\/wp-content\/uploads\/2021\/08\/DSC_9065-NEF_DxO_DeepPRIME-300x240.jpg 300w, https:\/\/mb2812.de\/wp-content\/uploads\/2021\/08\/DSC_9065-NEF_DxO_DeepPRIME-1024x819.jpg 1024w, https:\/\/mb2812.de\/wp-content\/uploads\/2021\/08\/DSC_9065-NEF_DxO_DeepPRIME-768x614.jpg 768w, https:\/\/mb2812.de\/wp-content\/uploads\/2021\/08\/DSC_9065-NEF_DxO_DeepPRIME-1536x1229.jpg 1536w, https:\/\/mb2812.de\/wp-content\/uploads\/2021\/08\/DSC_9065-NEF_DxO_DeepPRIME-668x534.jpg 668w\" sizes=\"auto, (max-width: 1920px) 100vw, 1920px\" \/><\/a><figcaption class=\"wp-element-caption\">Am Roggenmarkt. Laut Giebelinschrift wurde dieses Haus 1609 erbaut, das Restaurant darin ist wohl schon lange geschlossen<\/figcaption><\/figure>\n\n\n\n<figure class=\"wp-block-image aligncenter size-full is-resized\"><a href=\"http:\/\/reiseblog.mb2812.de\/wp-content\/uploads\/2021\/08\/DSC_9067-NEF_DxO_DeepPRIME-192.jpg\" rel=\"noopener\"><img loading=\"lazy\" decoding=\"async\" width=\"1280\" height=\"1920\" src=\"https:\/\/mb2812.de\/wp-content\/uploads\/2021\/08\/DSC_9067-NEF_DxO_DeepPRIME-192.jpg\" alt=\"\" class=\"wp-image-11017\" style=\"width:535px\" srcset=\"https:\/\/mb2812.de\/wp-content\/uploads\/2021\/08\/DSC_9067-NEF_DxO_DeepPRIME-192.jpg 1280w, https:\/\/mb2812.de\/wp-content\/uploads\/2021\/08\/DSC_9067-NEF_DxO_DeepPRIME-192-200x300.jpg 200w, https:\/\/mb2812.de\/wp-content\/uploads\/2021\/08\/DSC_9067-NEF_DxO_DeepPRIME-192-683x1024.jpg 683w, https:\/\/mb2812.de\/wp-content\/uploads\/2021\/08\/DSC_9067-NEF_DxO_DeepPRIME-192-768x1152.jpg 768w, https:\/\/mb2812.de\/wp-content\/uploads\/2021\/08\/DSC_9067-NEF_DxO_DeepPRIME-192-1024x1536.jpg 1024w, https:\/\/mb2812.de\/wp-content\/uploads\/2021\/08\/DSC_9067-NEF_DxO_DeepPRIME-192-668x1002.jpg 668w\" sizes=\"auto, (max-width: 1280px) 100vw, 1280px\" \/><\/a><figcaption class=\"wp-element-caption\">der 1988 geschaffene Brunnen vor der St. Georg Kirche<\/figcaption><\/figure>\n\n\n\n<figure class=\"wp-block-image aligncenter size-full is-resized\"><a href=\"http:\/\/reiseblog.mb2812.de\/wp-content\/uploads\/2021\/08\/DSC_9069-NEF_DxO_DeepPRIME.jpg\" rel=\"noopener\"><img loading=\"lazy\" decoding=\"async\" width=\"1440\" height=\"1920\" src=\"https:\/\/mb2812.de\/wp-content\/uploads\/2021\/08\/DSC_9069-NEF_DxO_DeepPRIME.jpg\" alt=\"\" class=\"wp-image-11016\" style=\"width:600px\" srcset=\"https:\/\/mb2812.de\/wp-content\/uploads\/2021\/08\/DSC_9069-NEF_DxO_DeepPRIME.jpg 1440w, https:\/\/mb2812.de\/wp-content\/uploads\/2021\/08\/DSC_9069-NEF_DxO_DeepPRIME-225x300.jpg 225w, https:\/\/mb2812.de\/wp-content\/uploads\/2021\/08\/DSC_9069-NEF_DxO_DeepPRIME-768x1024.jpg 768w, https:\/\/mb2812.de\/wp-content\/uploads\/2021\/08\/DSC_9069-NEF_DxO_DeepPRIME-1152x1536.jpg 1152w, https:\/\/mb2812.de\/wp-content\/uploads\/2021\/08\/DSC_9069-NEF_DxO_DeepPRIME-668x891.jpg 668w\" sizes=\"auto, (max-width: 1440px) 100vw, 1440px\" \/><\/a><figcaption class=\"wp-element-caption\">Ziemlich stolz ist man in L\u00fcnen auf die Persil Uhr. Das Original von 1928 hielt nur bis 1942,1983 kam dann diese Nachbildung. Nicht nur das Hotel hat sich danach benannt, auch die zentrale Bushaltestelle heisst &#8222;L\u00fcnen, Persiluhr&#8220;<\/figcaption><\/figure>\n\n\n\n<figure class=\"wp-block-image aligncenter size-full is-resized\"><a href=\"http:\/\/reiseblog.mb2812.de\/wp-content\/uploads\/2021\/08\/DSC_9071-NEF_DxO_DeepPRIME-193.jpg\" rel=\"noopener\"><img loading=\"lazy\" decoding=\"async\" width=\"1440\" height=\"1920\" src=\"https:\/\/mb2812.de\/wp-content\/uploads\/2021\/08\/DSC_9071-NEF_DxO_DeepPRIME-193.jpg\" alt=\"\" class=\"wp-image-11015\" style=\"width:600px\" srcset=\"https:\/\/mb2812.de\/wp-content\/uploads\/2021\/08\/DSC_9071-NEF_DxO_DeepPRIME-193.jpg 1440w, https:\/\/mb2812.de\/wp-content\/uploads\/2021\/08\/DSC_9071-NEF_DxO_DeepPRIME-193-225x300.jpg 225w, https:\/\/mb2812.de\/wp-content\/uploads\/2021\/08\/DSC_9071-NEF_DxO_DeepPRIME-193-768x1024.jpg 768w, https:\/\/mb2812.de\/wp-content\/uploads\/2021\/08\/DSC_9071-NEF_DxO_DeepPRIME-193-1152x1536.jpg 1152w, https:\/\/mb2812.de\/wp-content\/uploads\/2021\/08\/DSC_9071-NEF_DxO_DeepPRIME-193-668x891.jpg 668w\" sizes=\"auto, (max-width: 1440px) 100vw, 1440px\" \/><\/a><figcaption class=\"wp-element-caption\">Die St. Marien Kirche, 1894 &#8211; 1896 erbaut<\/figcaption><\/figure>\n\n\n\n<figure class=\"wp-block-image aligncenter size-full is-resized\"><a href=\"http:\/\/reiseblog.mb2812.de\/wp-content\/uploads\/2021\/08\/DSC_9074-NEF_DxO_DeepPRIME.jpg\" rel=\"noopener\"><img loading=\"lazy\" decoding=\"async\" width=\"1920\" height=\"1536\" src=\"https:\/\/mb2812.de\/wp-content\/uploads\/2021\/08\/DSC_9074-NEF_DxO_DeepPRIME.jpg\" alt=\"\" class=\"wp-image-11014\" style=\"width:800px\" srcset=\"https:\/\/mb2812.de\/wp-content\/uploads\/2021\/08\/DSC_9074-NEF_DxO_DeepPRIME.jpg 1920w, https:\/\/mb2812.de\/wp-content\/uploads\/2021\/08\/DSC_9074-NEF_DxO_DeepPRIME-300x240.jpg 300w, https:\/\/mb2812.de\/wp-content\/uploads\/2021\/08\/DSC_9074-NEF_DxO_DeepPRIME-1024x819.jpg 1024w, https:\/\/mb2812.de\/wp-content\/uploads\/2021\/08\/DSC_9074-NEF_DxO_DeepPRIME-768x614.jpg 768w, https:\/\/mb2812.de\/wp-content\/uploads\/2021\/08\/DSC_9074-NEF_DxO_DeepPRIME-1536x1229.jpg 1536w, https:\/\/mb2812.de\/wp-content\/uploads\/2021\/08\/DSC_9074-NEF_DxO_DeepPRIME-668x534.jpg 668w\" sizes=\"auto, (max-width: 1920px) 100vw, 1920px\" \/><\/a><figcaption class=\"wp-element-caption\">Der Rundgang endet so langsam, jenseits der Lippe kommt das Rathaus wieder in Sicht. Im Vordergrund &#8222;Drei Klangspiralen&#8220; von Christof Schl\u00e4ger (1989).<\/figcaption><\/figure>\n\n\n\n<figure class=\"wp-block-image aligncenter size-full is-resized\"><a href=\"http:\/\/reiseblog.mb2812.de\/wp-content\/uploads\/2021\/08\/DSC_9076-NEF_DxO_DeepPRIME.jpg\" rel=\"noopener\"><img loading=\"lazy\" decoding=\"async\" width=\"1920\" height=\"1536\" src=\"https:\/\/mb2812.de\/wp-content\/uploads\/2021\/08\/DSC_9076-NEF_DxO_DeepPRIME.jpg\" alt=\"\" class=\"wp-image-11012\" style=\"width:800px\" srcset=\"https:\/\/mb2812.de\/wp-content\/uploads\/2021\/08\/DSC_9076-NEF_DxO_DeepPRIME.jpg 1920w, https:\/\/mb2812.de\/wp-content\/uploads\/2021\/08\/DSC_9076-NEF_DxO_DeepPRIME-300x240.jpg 300w, https:\/\/mb2812.de\/wp-content\/uploads\/2021\/08\/DSC_9076-NEF_DxO_DeepPRIME-1024x819.jpg 1024w, https:\/\/mb2812.de\/wp-content\/uploads\/2021\/08\/DSC_9076-NEF_DxO_DeepPRIME-768x614.jpg 768w, https:\/\/mb2812.de\/wp-content\/uploads\/2021\/08\/DSC_9076-NEF_DxO_DeepPRIME-1536x1229.jpg 1536w, https:\/\/mb2812.de\/wp-content\/uploads\/2021\/08\/DSC_9076-NEF_DxO_DeepPRIME-668x534.jpg 668w\" sizes=\"auto, (max-width: 1920px) 100vw, 1920px\" \/><\/a><figcaption class=\"wp-element-caption\">Blick von der Lippebr\u00fccke, links der Turm der St. Marien Kirche<\/figcaption><\/figure>\n\n\n\n<p>Und wieder fahren wir ein paar Kilometer mit dem Auto Richtung Norden, Cappenberg heisst der n\u00e4chste Ort und dort gibt es dann das ersteSchloss, das wir heute besichtigen. <\/p>\n\n\n\n<figure class=\"wp-block-image aligncenter size-full is-resized\"><a href=\"http:\/\/reiseblog.mb2812.de\/wp-content\/uploads\/2021\/08\/DSC_9078-NEF_DxO_DeepPRIME.jpg\" target=\"_blank\" rel=\"noopener\"><img loading=\"lazy\" decoding=\"async\" width=\"1280\" height=\"1920\" src=\"https:\/\/mb2812.de\/wp-content\/uploads\/2021\/08\/DSC_9078-NEF_DxO_DeepPRIME.jpg\" alt=\"\" class=\"wp-image-11013\" style=\"width:535px\" srcset=\"https:\/\/mb2812.de\/wp-content\/uploads\/2021\/08\/DSC_9078-NEF_DxO_DeepPRIME.jpg 1280w, https:\/\/mb2812.de\/wp-content\/uploads\/2021\/08\/DSC_9078-NEF_DxO_DeepPRIME-200x300.jpg 200w, https:\/\/mb2812.de\/wp-content\/uploads\/2021\/08\/DSC_9078-NEF_DxO_DeepPRIME-683x1024.jpg 683w, https:\/\/mb2812.de\/wp-content\/uploads\/2021\/08\/DSC_9078-NEF_DxO_DeepPRIME-768x1152.jpg 768w, https:\/\/mb2812.de\/wp-content\/uploads\/2021\/08\/DSC_9078-NEF_DxO_DeepPRIME-1024x1536.jpg 1024w, https:\/\/mb2812.de\/wp-content\/uploads\/2021\/08\/DSC_9078-NEF_DxO_DeepPRIME-668x1002.jpg 668w\" sizes=\"auto, (max-width: 1280px) 100vw, 1280px\" \/><\/a><figcaption class=\"wp-element-caption\">Der Landschaftsverband weiss Alles dar\u00fcber<\/figcaption><\/figure>\n\n\n\n<p>So einen sch\u00f6nen Blick auf das Schloss wie auf dem historischen Gem\u00e4lde oben hatten wir nicht. F\u00fcrs Publikum ist nur der Innenhof des Schlosses freigegeben, in den umgebenden Park kommt man nicht. Entlang der Stra\u00dfe w\u00e4re es ein weiter Weg gewesen, und ohnehin zweifelhaft ob es irgendwo einen Durchblick durch die Hecke gegeben h\u00e4tte.<\/p>\n\n\n\n<p>Wir begn\u00fcgen uns also mit einem kurzen Spaziergang durch den Innenhof. Sowohl die Stiftskirche wie auch das Schloss selber werden derzeit renoviert und verbergen sich hinter Planen und Ger\u00fcsten, insofern ist die fotografische Ausbeute etwas mager.<\/p>\n\n\n\n<figure class=\"wp-block-image aligncenter size-full is-resized\"><a href=\"http:\/\/reiseblog.mb2812.de\/wp-content\/uploads\/2021\/08\/DSC_9079-NEF_DxO_DeepPRIME-198.jpg\" rel=\"noopener\"><img loading=\"lazy\" decoding=\"async\" width=\"1920\" height=\"1536\" src=\"https:\/\/mb2812.de\/wp-content\/uploads\/2021\/08\/DSC_9079-NEF_DxO_DeepPRIME-198.jpg\" alt=\"\" class=\"wp-image-11020\" style=\"width:800px\" srcset=\"https:\/\/mb2812.de\/wp-content\/uploads\/2021\/08\/DSC_9079-NEF_DxO_DeepPRIME-198.jpg 1920w, https:\/\/mb2812.de\/wp-content\/uploads\/2021\/08\/DSC_9079-NEF_DxO_DeepPRIME-198-300x240.jpg 300w, https:\/\/mb2812.de\/wp-content\/uploads\/2021\/08\/DSC_9079-NEF_DxO_DeepPRIME-198-1024x819.jpg 1024w, https:\/\/mb2812.de\/wp-content\/uploads\/2021\/08\/DSC_9079-NEF_DxO_DeepPRIME-198-768x614.jpg 768w, https:\/\/mb2812.de\/wp-content\/uploads\/2021\/08\/DSC_9079-NEF_DxO_DeepPRIME-198-1536x1229.jpg 1536w, https:\/\/mb2812.de\/wp-content\/uploads\/2021\/08\/DSC_9079-NEF_DxO_DeepPRIME-198-668x534.jpg 668w\" sizes=\"auto, (max-width: 1920px) 100vw, 1920px\" \/><\/a><figcaption class=\"wp-element-caption\">Blick zur\u00fcck durchs Tor auf die Stra\u00dfe in den Ort<\/figcaption><\/figure>\n\n\n\n<figure class=\"wp-block-image aligncenter size-full is-resized\"><a href=\"http:\/\/reiseblog.mb2812.de\/wp-content\/uploads\/2021\/08\/DSC_9081-NEF_DxO_DeepPRIME.jpg\" rel=\"noopener\"><img loading=\"lazy\" decoding=\"async\" width=\"1920\" height=\"1536\" src=\"https:\/\/mb2812.de\/wp-content\/uploads\/2021\/08\/DSC_9081-NEF_DxO_DeepPRIME.jpg\" alt=\"\" class=\"wp-image-11029\" style=\"width:800px\" srcset=\"https:\/\/mb2812.de\/wp-content\/uploads\/2021\/08\/DSC_9081-NEF_DxO_DeepPRIME.jpg 1920w, https:\/\/mb2812.de\/wp-content\/uploads\/2021\/08\/DSC_9081-NEF_DxO_DeepPRIME-300x240.jpg 300w, https:\/\/mb2812.de\/wp-content\/uploads\/2021\/08\/DSC_9081-NEF_DxO_DeepPRIME-1024x819.jpg 1024w, https:\/\/mb2812.de\/wp-content\/uploads\/2021\/08\/DSC_9081-NEF_DxO_DeepPRIME-768x614.jpg 768w, https:\/\/mb2812.de\/wp-content\/uploads\/2021\/08\/DSC_9081-NEF_DxO_DeepPRIME-1536x1229.jpg 1536w, https:\/\/mb2812.de\/wp-content\/uploads\/2021\/08\/DSC_9081-NEF_DxO_DeepPRIME-668x534.jpg 668w\" sizes=\"auto, (max-width: 1920px) 100vw, 1920px\" \/><\/a><figcaption class=\"wp-element-caption\">Ein Geb\u00e4ude in der N\u00e4he des Tores<\/figcaption><\/figure>\n\n\n\n<figure class=\"wp-block-image aligncenter size-full is-resized\"><a href=\"http:\/\/reiseblog.mb2812.de\/wp-content\/uploads\/2021\/08\/DSC_9084-NEF_DxO_DeepPRIME.jpg\" rel=\"noopener\"><img loading=\"lazy\" decoding=\"async\" width=\"1920\" height=\"1536\" src=\"https:\/\/mb2812.de\/wp-content\/uploads\/2021\/08\/DSC_9084-NEF_DxO_DeepPRIME.jpg\" alt=\"\" class=\"wp-image-11019\" style=\"width:800px\" srcset=\"https:\/\/mb2812.de\/wp-content\/uploads\/2021\/08\/DSC_9084-NEF_DxO_DeepPRIME.jpg 1920w, https:\/\/mb2812.de\/wp-content\/uploads\/2021\/08\/DSC_9084-NEF_DxO_DeepPRIME-300x240.jpg 300w, https:\/\/mb2812.de\/wp-content\/uploads\/2021\/08\/DSC_9084-NEF_DxO_DeepPRIME-1024x819.jpg 1024w, https:\/\/mb2812.de\/wp-content\/uploads\/2021\/08\/DSC_9084-NEF_DxO_DeepPRIME-768x614.jpg 768w, https:\/\/mb2812.de\/wp-content\/uploads\/2021\/08\/DSC_9084-NEF_DxO_DeepPRIME-1536x1229.jpg 1536w, https:\/\/mb2812.de\/wp-content\/uploads\/2021\/08\/DSC_9084-NEF_DxO_DeepPRIME-668x534.jpg 668w\" sizes=\"auto, (max-width: 1920px) 100vw, 1920px\" \/><\/a><figcaption class=\"wp-element-caption\">Rechts der Eingang des Wasserturms, den man besteigen kann<\/figcaption><\/figure>\n\n\n\n<figure class=\"wp-block-image aligncenter size-full is-resized\"><a href=\"http:\/\/reiseblog.mb2812.de\/wp-content\/uploads\/2021\/08\/IMG_2165.jpg\" rel=\"noopener\"><img loading=\"lazy\" decoding=\"async\" width=\"1920\" height=\"1536\" src=\"https:\/\/mb2812.de\/wp-content\/uploads\/2021\/08\/IMG_2165.jpg\" alt=\"\" class=\"wp-image-11028\" style=\"width:800px\" srcset=\"https:\/\/mb2812.de\/wp-content\/uploads\/2021\/08\/IMG_2165.jpg 1920w, https:\/\/mb2812.de\/wp-content\/uploads\/2021\/08\/IMG_2165-300x240.jpg 300w, https:\/\/mb2812.de\/wp-content\/uploads\/2021\/08\/IMG_2165-1024x819.jpg 1024w, https:\/\/mb2812.de\/wp-content\/uploads\/2021\/08\/IMG_2165-768x614.jpg 768w, https:\/\/mb2812.de\/wp-content\/uploads\/2021\/08\/IMG_2165-1536x1229.jpg 1536w, https:\/\/mb2812.de\/wp-content\/uploads\/2021\/08\/IMG_2165-668x534.jpg 668w\" sizes=\"auto, (max-width: 1920px) 100vw, 1920px\" \/><\/a><figcaption class=\"wp-element-caption\">Tor zum Schlosspark<\/figcaption><\/figure>\n\n\n\n<figure class=\"wp-block-image aligncenter size-full is-resized\"><a href=\"http:\/\/reiseblog.mb2812.de\/wp-content\/uploads\/2021\/08\/DSC_9088-NEF_DxO_DeepPRIME.jpg\" rel=\"noopener\"><img loading=\"lazy\" decoding=\"async\" width=\"1920\" height=\"1536\" src=\"https:\/\/mb2812.de\/wp-content\/uploads\/2021\/08\/DSC_9088-NEF_DxO_DeepPRIME.jpg\" alt=\"\" class=\"wp-image-11021\" style=\"width:800px\" srcset=\"https:\/\/mb2812.de\/wp-content\/uploads\/2021\/08\/DSC_9088-NEF_DxO_DeepPRIME.jpg 1920w, https:\/\/mb2812.de\/wp-content\/uploads\/2021\/08\/DSC_9088-NEF_DxO_DeepPRIME-300x240.jpg 300w, https:\/\/mb2812.de\/wp-content\/uploads\/2021\/08\/DSC_9088-NEF_DxO_DeepPRIME-1024x819.jpg 1024w, https:\/\/mb2812.de\/wp-content\/uploads\/2021\/08\/DSC_9088-NEF_DxO_DeepPRIME-768x614.jpg 768w, https:\/\/mb2812.de\/wp-content\/uploads\/2021\/08\/DSC_9088-NEF_DxO_DeepPRIME-1536x1229.jpg 1536w, https:\/\/mb2812.de\/wp-content\/uploads\/2021\/08\/DSC_9088-NEF_DxO_DeepPRIME-668x534.jpg 668w\" sizes=\"auto, (max-width: 1920px) 100vw, 1920px\" \/><\/a><figcaption class=\"wp-element-caption\">Das war dann unser Besuch. Zum Schluss noch einmal die beiden Torh\u00e4user, diesmal von aussen fotografiert<\/figcaption><\/figure>\n\n\n\n<p>Und es geht weiter nordw\u00e4rts, nach Nordkirchen, zum dortigen Schloss. Es geh\u00f6rt dem nordrhein-westf\u00e4lischen Finanzministerium, hier werden die h\u00f6heren Finanzbeamten ausgebildet.<\/p>\n\n\n\n<figure class=\"wp-block-image aligncenter size-full is-resized\"><a href=\"http:\/\/reiseblog.mb2812.de\/wp-content\/uploads\/2021\/08\/DSC_9089-NEF_DxO_DeepPRIME.jpg\" rel=\"noopener\"><img loading=\"lazy\" decoding=\"async\" width=\"1440\" height=\"1920\" src=\"https:\/\/mb2812.de\/wp-content\/uploads\/2021\/08\/DSC_9089-NEF_DxO_DeepPRIME.jpg\" alt=\"\" class=\"wp-image-11022\" style=\"width:600px\" srcset=\"https:\/\/mb2812.de\/wp-content\/uploads\/2021\/08\/DSC_9089-NEF_DxO_DeepPRIME.jpg 1440w, https:\/\/mb2812.de\/wp-content\/uploads\/2021\/08\/DSC_9089-NEF_DxO_DeepPRIME-225x300.jpg 225w, https:\/\/mb2812.de\/wp-content\/uploads\/2021\/08\/DSC_9089-NEF_DxO_DeepPRIME-768x1024.jpg 768w, https:\/\/mb2812.de\/wp-content\/uploads\/2021\/08\/DSC_9089-NEF_DxO_DeepPRIME-1152x1536.jpg 1152w, https:\/\/mb2812.de\/wp-content\/uploads\/2021\/08\/DSC_9089-NEF_DxO_DeepPRIME-668x891.jpg 668w\" sizes=\"auto, (max-width: 1440px) 100vw, 1440px\" \/><\/a><figcaption class=\"wp-element-caption\">Infotafel am Eingang des Parks<\/figcaption><\/figure>\n\n\n\n<p>Der Besuch war jetzt auch nicht sonderlich erfolgreich. Urs\u00e4chlich daf\u00fcr war das &#8222;Sommerkonzert des Landes NRW&#8220;, &nbsp;f\u00fcr das der gesamte Schlosshof abgesperrt war. Wir konnten nur ausserhalb der Wassergr\u00e4ben einmal rund ums Schloss herumlaufen.<\/p>\n\n\n\n<figure class=\"wp-block-image aligncenter size-full is-resized\"><a href=\"http:\/\/reiseblog.mb2812.de\/wp-content\/uploads\/2021\/08\/DSC_9090-NEF_DxO_DeepPRIME.jpg\" rel=\"noopener\"><img loading=\"lazy\" decoding=\"async\" width=\"1920\" height=\"1536\" src=\"https:\/\/mb2812.de\/wp-content\/uploads\/2021\/08\/DSC_9090-NEF_DxO_DeepPRIME.jpg\" alt=\"\" class=\"wp-image-11026\" style=\"width:800px\" srcset=\"https:\/\/mb2812.de\/wp-content\/uploads\/2021\/08\/DSC_9090-NEF_DxO_DeepPRIME.jpg 1920w, https:\/\/mb2812.de\/wp-content\/uploads\/2021\/08\/DSC_9090-NEF_DxO_DeepPRIME-300x240.jpg 300w, https:\/\/mb2812.de\/wp-content\/uploads\/2021\/08\/DSC_9090-NEF_DxO_DeepPRIME-1024x819.jpg 1024w, https:\/\/mb2812.de\/wp-content\/uploads\/2021\/08\/DSC_9090-NEF_DxO_DeepPRIME-768x614.jpg 768w, https:\/\/mb2812.de\/wp-content\/uploads\/2021\/08\/DSC_9090-NEF_DxO_DeepPRIME-1536x1229.jpg 1536w, https:\/\/mb2812.de\/wp-content\/uploads\/2021\/08\/DSC_9090-NEF_DxO_DeepPRIME-668x534.jpg 668w\" sizes=\"auto, (max-width: 1920px) 100vw, 1920px\" \/><\/a><figcaption class=\"wp-element-caption\">Blick von Norden \u00fcber die Venusinsel auf das Schlossgeb\u00e4ude<\/figcaption><\/figure>\n\n\n\n<figure class=\"wp-block-image aligncenter size-full is-resized\"><a href=\"http:\/\/reiseblog.mb2812.de\/wp-content\/uploads\/2021\/08\/DSC_9094-NEF_DxO_DeepPRIME-194.jpg\" rel=\"noopener\"><img loading=\"lazy\" decoding=\"async\" width=\"1920\" height=\"1536\" src=\"https:\/\/mb2812.de\/wp-content\/uploads\/2021\/08\/DSC_9094-NEF_DxO_DeepPRIME-194.jpg\" alt=\"\" class=\"wp-image-11027\" style=\"width:800px\" srcset=\"https:\/\/mb2812.de\/wp-content\/uploads\/2021\/08\/DSC_9094-NEF_DxO_DeepPRIME-194.jpg 1920w, https:\/\/mb2812.de\/wp-content\/uploads\/2021\/08\/DSC_9094-NEF_DxO_DeepPRIME-194-300x240.jpg 300w, https:\/\/mb2812.de\/wp-content\/uploads\/2021\/08\/DSC_9094-NEF_DxO_DeepPRIME-194-1024x819.jpg 1024w, https:\/\/mb2812.de\/wp-content\/uploads\/2021\/08\/DSC_9094-NEF_DxO_DeepPRIME-194-768x614.jpg 768w, https:\/\/mb2812.de\/wp-content\/uploads\/2021\/08\/DSC_9094-NEF_DxO_DeepPRIME-194-1536x1229.jpg 1536w, https:\/\/mb2812.de\/wp-content\/uploads\/2021\/08\/DSC_9094-NEF_DxO_DeepPRIME-194-668x534.jpg 668w\" sizes=\"auto, (max-width: 1920px) 100vw, 1920px\" \/><\/a><figcaption class=\"wp-element-caption\">Entlang des Wassergrabens<\/figcaption><\/figure>\n\n\n\n<figure class=\"wp-block-image aligncenter size-full is-resized\"><a href=\"http:\/\/reiseblog.mb2812.de\/wp-content\/uploads\/2021\/08\/DSC_9098-NEF_DxO_DeepPRIME.jpg\" target=\"_blank\" rel=\"noopener\"><img loading=\"lazy\" decoding=\"async\" width=\"1440\" height=\"1920\" src=\"https:\/\/mb2812.de\/wp-content\/uploads\/2021\/08\/DSC_9098-NEF_DxO_DeepPRIME.jpg\" alt=\"\" class=\"wp-image-11023\" style=\"width:600px\" srcset=\"https:\/\/mb2812.de\/wp-content\/uploads\/2021\/08\/DSC_9098-NEF_DxO_DeepPRIME.jpg 1440w, https:\/\/mb2812.de\/wp-content\/uploads\/2021\/08\/DSC_9098-NEF_DxO_DeepPRIME-225x300.jpg 225w, https:\/\/mb2812.de\/wp-content\/uploads\/2021\/08\/DSC_9098-NEF_DxO_DeepPRIME-768x1024.jpg 768w, https:\/\/mb2812.de\/wp-content\/uploads\/2021\/08\/DSC_9098-NEF_DxO_DeepPRIME-1152x1536.jpg 1152w, https:\/\/mb2812.de\/wp-content\/uploads\/2021\/08\/DSC_9098-NEF_DxO_DeepPRIME-668x891.jpg 668w\" sizes=\"auto, (max-width: 1440px) 100vw, 1440px\" \/><\/a><\/figure>\n\n\n\n<p><\/p>\n\n\n\n<figure class=\"wp-block-image aligncenter size-full is-resized\"><a href=\"http:\/\/reiseblog.mb2812.de\/wp-content\/uploads\/2021\/08\/DSC_9101-NEF_DxO_DeepPRIME-196.jpg\" rel=\"noopener\"><img loading=\"lazy\" decoding=\"async\" width=\"1920\" height=\"1536\" src=\"https:\/\/mb2812.de\/wp-content\/uploads\/2021\/08\/DSC_9101-NEF_DxO_DeepPRIME-196.jpg\" alt=\"\" class=\"wp-image-11025\" style=\"width:800px\" srcset=\"https:\/\/mb2812.de\/wp-content\/uploads\/2021\/08\/DSC_9101-NEF_DxO_DeepPRIME-196.jpg 1920w, https:\/\/mb2812.de\/wp-content\/uploads\/2021\/08\/DSC_9101-NEF_DxO_DeepPRIME-196-300x240.jpg 300w, https:\/\/mb2812.de\/wp-content\/uploads\/2021\/08\/DSC_9101-NEF_DxO_DeepPRIME-196-1024x819.jpg 1024w, https:\/\/mb2812.de\/wp-content\/uploads\/2021\/08\/DSC_9101-NEF_DxO_DeepPRIME-196-768x614.jpg 768w, https:\/\/mb2812.de\/wp-content\/uploads\/2021\/08\/DSC_9101-NEF_DxO_DeepPRIME-196-1536x1229.jpg 1536w, https:\/\/mb2812.de\/wp-content\/uploads\/2021\/08\/DSC_9101-NEF_DxO_DeepPRIME-196-668x534.jpg 668w\" sizes=\"auto, (max-width: 1920px) 100vw, 1920px\" \/><\/a><figcaption class=\"wp-element-caption\">Blick von der Seite auf das Schlossgeb\u00e4ude<\/figcaption><\/figure>\n\n\n\n<figure class=\"wp-block-image aligncenter size-full is-resized\"><a href=\"http:\/\/reiseblog.mb2812.de\/wp-content\/uploads\/2021\/08\/DSC_9099-NEF_DxO_DeepPRIME.jpg\" rel=\"noopener\"><img loading=\"lazy\" decoding=\"async\" width=\"1920\" height=\"1536\" src=\"https:\/\/mb2812.de\/wp-content\/uploads\/2021\/08\/DSC_9099-NEF_DxO_DeepPRIME.jpg\" alt=\"\" class=\"wp-image-11024\" style=\"width:800px\" srcset=\"https:\/\/mb2812.de\/wp-content\/uploads\/2021\/08\/DSC_9099-NEF_DxO_DeepPRIME.jpg 1920w, https:\/\/mb2812.de\/wp-content\/uploads\/2021\/08\/DSC_9099-NEF_DxO_DeepPRIME-300x240.jpg 300w, https:\/\/mb2812.de\/wp-content\/uploads\/2021\/08\/DSC_9099-NEF_DxO_DeepPRIME-1024x819.jpg 1024w, https:\/\/mb2812.de\/wp-content\/uploads\/2021\/08\/DSC_9099-NEF_DxO_DeepPRIME-768x614.jpg 768w, https:\/\/mb2812.de\/wp-content\/uploads\/2021\/08\/DSC_9099-NEF_DxO_DeepPRIME-1536x1229.jpg 1536w, https:\/\/mb2812.de\/wp-content\/uploads\/2021\/08\/DSC_9099-NEF_DxO_DeepPRIME-668x534.jpg 668w\" sizes=\"auto, (max-width: 1920px) 100vw, 1920px\" \/><\/a><figcaption class=\"wp-element-caption\">Die Nordfront des Schlosses<\/figcaption><\/figure>\n\n\n\n<figure class=\"wp-block-image aligncenter size-full is-resized\"><a href=\"http:\/\/reiseblog.mb2812.de\/wp-content\/uploads\/2021\/08\/DSC_9105-NEF_DxO_DeepPRIME.jpg\" rel=\"noopener\"><img loading=\"lazy\" decoding=\"async\" width=\"1920\" height=\"1536\" src=\"https:\/\/mb2812.de\/wp-content\/uploads\/2021\/08\/DSC_9105-NEF_DxO_DeepPRIME.jpg\" alt=\"\" class=\"wp-image-11032\" style=\"width:800px\" srcset=\"https:\/\/mb2812.de\/wp-content\/uploads\/2021\/08\/DSC_9105-NEF_DxO_DeepPRIME.jpg 1920w, https:\/\/mb2812.de\/wp-content\/uploads\/2021\/08\/DSC_9105-NEF_DxO_DeepPRIME-300x240.jpg 300w, https:\/\/mb2812.de\/wp-content\/uploads\/2021\/08\/DSC_9105-NEF_DxO_DeepPRIME-1024x819.jpg 1024w, https:\/\/mb2812.de\/wp-content\/uploads\/2021\/08\/DSC_9105-NEF_DxO_DeepPRIME-768x614.jpg 768w, https:\/\/mb2812.de\/wp-content\/uploads\/2021\/08\/DSC_9105-NEF_DxO_DeepPRIME-1536x1229.jpg 1536w, https:\/\/mb2812.de\/wp-content\/uploads\/2021\/08\/DSC_9105-NEF_DxO_DeepPRIME-668x534.jpg 668w\" sizes=\"auto, (max-width: 1920px) 100vw, 1920px\" \/><\/a><figcaption class=\"wp-element-caption\">Hier blicken wir nach Norden auf eine der Br\u00fccken zum eigentlichen Schloss, die Geb\u00e4ude des Schlosses rechts<\/figcaption><\/figure>\n\n\n\n<figure class=\"wp-block-image aligncenter size-full is-resized\"><a href=\"http:\/\/reiseblog.mb2812.de\/wp-content\/uploads\/2021\/08\/DSC_9110-NEF_DxO_DeepPRIME.jpg\" rel=\"noopener\"><img loading=\"lazy\" decoding=\"async\" width=\"1440\" height=\"1920\" src=\"https:\/\/mb2812.de\/wp-content\/uploads\/2021\/08\/DSC_9110-NEF_DxO_DeepPRIME.jpg\" alt=\"\" class=\"wp-image-11033\" style=\"width:600px\" srcset=\"https:\/\/mb2812.de\/wp-content\/uploads\/2021\/08\/DSC_9110-NEF_DxO_DeepPRIME.jpg 1440w, https:\/\/mb2812.de\/wp-content\/uploads\/2021\/08\/DSC_9110-NEF_DxO_DeepPRIME-225x300.jpg 225w, https:\/\/mb2812.de\/wp-content\/uploads\/2021\/08\/DSC_9110-NEF_DxO_DeepPRIME-768x1024.jpg 768w, https:\/\/mb2812.de\/wp-content\/uploads\/2021\/08\/DSC_9110-NEF_DxO_DeepPRIME-1152x1536.jpg 1152w, https:\/\/mb2812.de\/wp-content\/uploads\/2021\/08\/DSC_9110-NEF_DxO_DeepPRIME-668x891.jpg 668w\" sizes=\"auto, (max-width: 1440px) 100vw, 1440px\" \/><\/a><figcaption class=\"wp-element-caption\">Nachdem wir einmal um das Schloss herumgelaufen waren, konnten wir zum Schluss noch die Font\u00e4ne im See bewundern<\/figcaption><\/figure>\n\n\n\n<figure class=\"wp-block-image aligncenter size-full is-resized\"><a href=\"http:\/\/reiseblog.mb2812.de\/wp-content\/uploads\/2021\/08\/DSC_9119-NEF_DxO_DeepPRIME-195.jpg\" rel=\"noopener\"><img loading=\"lazy\" decoding=\"async\" width=\"1440\" height=\"1920\" src=\"https:\/\/mb2812.de\/wp-content\/uploads\/2021\/08\/DSC_9119-NEF_DxO_DeepPRIME-195.jpg\" alt=\"\" class=\"wp-image-11031\" style=\"width:600px\" srcset=\"https:\/\/mb2812.de\/wp-content\/uploads\/2021\/08\/DSC_9119-NEF_DxO_DeepPRIME-195.jpg 1440w, https:\/\/mb2812.de\/wp-content\/uploads\/2021\/08\/DSC_9119-NEF_DxO_DeepPRIME-195-225x300.jpg 225w, https:\/\/mb2812.de\/wp-content\/uploads\/2021\/08\/DSC_9119-NEF_DxO_DeepPRIME-195-768x1024.jpg 768w, https:\/\/mb2812.de\/wp-content\/uploads\/2021\/08\/DSC_9119-NEF_DxO_DeepPRIME-195-1152x1536.jpg 1152w, https:\/\/mb2812.de\/wp-content\/uploads\/2021\/08\/DSC_9119-NEF_DxO_DeepPRIME-195-668x891.jpg 668w\" sizes=\"auto, (max-width: 1440px) 100vw, 1440px\" \/><\/a><figcaption class=\"wp-element-caption\">Font\u00e4ne, Venusinsel und Schloss<\/figcaption><\/figure>\n\n\n\n<p>Eigentlich war jetzt Zeit f\u00fcr Kaffee und Kuchen, aber die Gastronomie im Schloss nat\u00fcrlich unerreichbar, wir mussten also anderswo suchen. In Nordkirchen selber &nbsp;haben wir nicht angehalten, und weiter weg ist man auf Touristen nicht mehr eingestellt. Wir fanden auf Google einen Landgasthof mit Biergarten an der Stever, der hatte allerdings erst ab 15:00 Uhr ge\u00f6ffnet, und wir waren schon eine halbe Stunde vorher da. Wir mussten weiter suchen, und fanden dann den Gasthof &#8222;Am Forsthaus&#8220; am Dortmund-Ems Kanal kurz vor Olfen.<\/p>\n\n\n\n<p>Nach der Erfrischungspause haben wir noch den Damm erklommen und einen kurzen Blick auf den Kanal geworfen:<\/p>\n\n\n\n<figure class=\"wp-block-image aligncenter size-full is-resized\"><a href=\"http:\/\/reiseblog.mb2812.de\/wp-content\/uploads\/2021\/08\/IMG_1217.jpg\" target=\"_blank\" rel=\"noopener\"><img loading=\"lazy\" decoding=\"async\" width=\"1920\" height=\"1536\" src=\"https:\/\/mb2812.de\/wp-content\/uploads\/2021\/08\/IMG_1217.jpg\" alt=\"\" class=\"wp-image-11035\" style=\"width:800px\" srcset=\"https:\/\/mb2812.de\/wp-content\/uploads\/2021\/08\/IMG_1217.jpg 1920w, https:\/\/mb2812.de\/wp-content\/uploads\/2021\/08\/IMG_1217-300x240.jpg 300w, https:\/\/mb2812.de\/wp-content\/uploads\/2021\/08\/IMG_1217-1024x819.jpg 1024w, https:\/\/mb2812.de\/wp-content\/uploads\/2021\/08\/IMG_1217-768x614.jpg 768w, https:\/\/mb2812.de\/wp-content\/uploads\/2021\/08\/IMG_1217-1536x1229.jpg 1536w, https:\/\/mb2812.de\/wp-content\/uploads\/2021\/08\/IMG_1217-668x534.jpg 668w\" sizes=\"auto, (max-width: 1920px) 100vw, 1920px\" \/><\/a><\/figure>\n\n\n\n<p><\/p>\n\n\n\n<figure class=\"wp-block-image aligncenter size-full is-resized\"><a href=\"http:\/\/reiseblog.mb2812.de\/wp-content\/uploads\/2021\/08\/IMG_1214.jpg\" target=\"_blank\" rel=\"noopener\"><img loading=\"lazy\" decoding=\"async\" width=\"1920\" height=\"1536\" src=\"https:\/\/mb2812.de\/wp-content\/uploads\/2021\/08\/IMG_1214.jpg\" alt=\"\" class=\"wp-image-11034\" style=\"width:800px\" srcset=\"https:\/\/mb2812.de\/wp-content\/uploads\/2021\/08\/IMG_1214.jpg 1920w, https:\/\/mb2812.de\/wp-content\/uploads\/2021\/08\/IMG_1214-300x240.jpg 300w, https:\/\/mb2812.de\/wp-content\/uploads\/2021\/08\/IMG_1214-1024x819.jpg 1024w, https:\/\/mb2812.de\/wp-content\/uploads\/2021\/08\/IMG_1214-768x614.jpg 768w, https:\/\/mb2812.de\/wp-content\/uploads\/2021\/08\/IMG_1214-1536x1229.jpg 1536w, https:\/\/mb2812.de\/wp-content\/uploads\/2021\/08\/IMG_1214-668x534.jpg 668w\" sizes=\"auto, (max-width: 1920px) 100vw, 1920px\" \/><\/a><\/figure>\n\n\n\n<p><\/p>\n\n\n\n<p>Damit war der Ausflug dann zu Ende, es ging \u00fcber Datteln und Waltrop zur Autobahn und zur\u00fcck nach K\u00f6ln.<\/p>\n","protected":false},"excerpt":{"rendered":"<p>Ein Ausflug ins Grenzgebiet zwischen Ruhrgebiet und M\u00fcnsterland. In L\u00fcnen (Brambauer) die Zeche Minister Achenbach, und im Kontrast dazu Schl\u00f6sser in Cappenberg und Nordkirchen.<\/p>\n","protected":false},"author":1,"featured_media":11024,"comment_status":"closed","ping_status":"closed","sticky":false,"template":"","format":"standard","meta":{"footnotes":""},"categories":[13,26],"tags":[87,117,39,391,392,94,93],"class_list":["post-10998","post","type-post","status-publish","format-standard","has-post-thumbnail","hentry","category-ausfluege","category-home-again-2021","tag-87","tag-ausfluege","tag-deutschland","tag-luenen","tag-nordkirchen","tag-ruhrgebiet","tag-westfalen"],"_links":{"self":[{"href":"https:\/\/mb2812.de\/index.php?rest_route=\/wp\/v2\/posts\/10998","targetHints":{"allow":["GET"]}}],"collection":[{"href":"https:\/\/mb2812.de\/index.php?rest_route=\/wp\/v2\/posts"}],"about":[{"href":"https:\/\/mb2812.de\/index.php?rest_route=\/wp\/v2\/types\/post"}],"author":[{"embeddable":true,"href":"https:\/\/mb2812.de\/index.php?rest_route=\/wp\/v2\/users\/1"}],"replies":[{"embeddable":true,"href":"https:\/\/mb2812.de\/index.php?rest_route=%2Fwp%2Fv2%2Fcomments&post=10998"}],"version-history":[{"count":15,"href":"https:\/\/mb2812.de\/index.php?rest_route=\/wp\/v2\/posts\/10998\/revisions"}],"predecessor-version":[{"id":16621,"href":"https:\/\/mb2812.de\/index.php?rest_route=\/wp\/v2\/posts\/10998\/revisions\/16621"}],"wp:featuredmedia":[{"embeddable":true,"href":"https:\/\/mb2812.de\/index.php?rest_route=\/wp\/v2\/media\/11024"}],"wp:attachment":[{"href":"https:\/\/mb2812.de\/index.php?rest_route=%2Fwp%2Fv2%2Fmedia&parent=10998"}],"wp:term":[{"taxonomy":"category","embeddable":true,"href":"https:\/\/mb2812.de\/index.php?rest_route=%2Fwp%2Fv2%2Fcategories&post=10998"},{"taxonomy":"post_tag","embeddable":true,"href":"https:\/\/mb2812.de\/index.php?rest_route=%2Fwp%2Fv2%2Ftags&post=10998"}],"curies":[{"name":"wp","href":"https:\/\/api.w.org\/{rel}","templated":true}]}}