{"id":10981,"date":"2021-07-11T09:00:20","date_gmt":"2021-07-11T07:00:20","guid":{"rendered":"http:\/\/reiseblog.mb2812.de\/?p=10981"},"modified":"2025-03-16T19:07:36","modified_gmt":"2025-03-16T17:07:36","slug":"2021-auch-zuhause","status":"publish","type":"post","link":"https:\/\/mb2812.de\/?p=10981","title":{"rendered":"2021 &#8211; Auch Zuhause"},"content":{"rendered":"\n<p>Tja, auch 2021 sieht es nicht viel anders aus wie im Vorjahr. Der einzige Unterschied: Wir haben erst gar keinen Urlaub geplant. Damit geht es wieder f\u00fcr etwas Tapetenwechsel nach B\u00f6blingen, und wir klappern die lange vernachl\u00e4ssigten kleineren touristischen Highlights der Umgebung ab. Davon gibt es eine ganze Menge, und in den zwei Wochen des ersten Aufenthalts haben wir einige davon geschafft.<\/p>\n\n\n\n<p>Der erste Urlaub war recht sp\u00e4t, wir wollten sowieso etwas sp\u00e4ter als im letzten Jahr fahren, und dann kam mein zweiter Impftermin in die Quere, der nat\u00fcrlich mitten im zun\u00e4chst geplanten Zeitraum lag. Deswegen wurde der Aufenthalt nochmal zwei Wochen nach hinten verschoben, und es wurde Mitte Juli.<\/p>\n\n\n\n<!--more-->\n\n\n\n<figure class=\"wp-block-image aligncenter size-large is-resized\"><a href=\"https:\/\/mb2812.de\/wp-content\/uploads\/2021\/07\/IMG_1027.jpg\" target=\"_blank\" rel=\" noreferrer noopener\"><img loading=\"lazy\" decoding=\"async\" width=\"768\" height=\"1024\" src=\"https:\/\/mb2812.de\/wp-content\/uploads\/2021\/07\/IMG_1027-768x1024.jpg\" alt=\"\" class=\"wp-image-11869\" style=\"width:600px\" srcset=\"https:\/\/mb2812.de\/wp-content\/uploads\/2021\/07\/IMG_1027-768x1024.jpg 768w, https:\/\/mb2812.de\/wp-content\/uploads\/2021\/07\/IMG_1027-225x300.jpg 225w, https:\/\/mb2812.de\/wp-content\/uploads\/2021\/07\/IMG_1027-1152x1536.jpg 1152w, https:\/\/mb2812.de\/wp-content\/uploads\/2021\/07\/IMG_1027-668x891.jpg 668w, https:\/\/mb2812.de\/wp-content\/uploads\/2021\/07\/IMG_1027.jpg 1440w\" sizes=\"auto, (max-width: 768px) 100vw, 768px\" \/><\/a><figcaption class=\"wp-element-caption\"><em>Anstatt des in den Social Media beliebten Pflasterfotos ein ganzer &#8222;Covid-Arm&#8220;. Das \u201eSpiegel Selfie\u201c war die einzige M\u00f6glichkeit f\u00fcr mich, die ganze Entz\u00fcndung mal in Ruhe zu betrachten. Donnerstags gepikst, nervte der Arm das erste Wochenende.<\/em><\/figcaption><\/figure>\n\n\n\n<p>Die erste Woche war ein bisschen regnerisch, da waren wir nur am Montag unterwegs. Bei sch\u00f6nem Wetter standen dann ab dem zweiten Sonntag noch vier Ausfl\u00fcge auf dem Programm:<\/p>\n\n\n\n<ul class=\"wp-block-list\">\n<li><a href=\"http:\/\/reiseblog.mb2812.de\/?p=10838\">12. Juli: Die Grabkapelle auf dem W\u00fcrttemberg<\/a><\/li>\n\n\n\n<li><a href=\"http:\/\/reiseblog.mb2812.de\/?p=10890\">18. Juli: Villa Berg in Stuttgar<\/a>t<\/li>\n\n\n\n<li><a href=\"http:\/\/reiseblog.mb2812.de\/?p=10861\">19. Juli: Die Wasserf\u00e4lle bei Bad Urach<\/a><\/li>\n\n\n\n<li><a href=\"http:\/\/reiseblog.mb2812.de\/?p=10924\">21. Juli: Der Sch\u00f6nbuchturm bei Herrenberg<\/a><\/li>\n\n\n\n<li><a href=\"http:\/\/reiseblog.mb2812.de\/?p=10926\">22. Juli: Wurmlinger Kapelle<\/a><\/li>\n<\/ul>\n\n\n\n<p>Und einen Ausflug in meiner urspr\u00fcnglichen Heimat gibt es zu berichten:<\/p>\n\n\n\n<ul class=\"wp-block-list\">\n<li><a href=\"http:\/\/reiseblog.mb2812.de\/?p=10998\">21. August: Zechen und Schl\u00f6sser<\/a><\/li>\n<\/ul>\n\n\n\n<p>Herbsturlaub gab es dann auch, wie im vergangenen Jahr im Oktober. Nachdem sich das Leben inzwischen etwas normalisiert hatte, trauten wir uns, etwas weiter zu verreisen, es ging auf eine St\u00e4dtereise in den Norden nach Kiel und Hamburg.<\/p>\n\n\n\n<p>Ausschlaggebend daf\u00fcr war eine Freundin, die (mit Wohnsitz K\u00f6ln) in ihrem Urlaub Hotels in K\u00f6ln und D\u00fcsseldorf gebucht hatte, und zwar sogenannte Designer Hotels. Die Idee mit den Designer Hotels fanden wir ganz gut, aber direkt vor der eigenen Haust\u00fcr wollten wir nicht \u00fcbernachten, und nachdem Stephan k\u00fcrzlich dienstlich in Kiel und Hamburg unterwegs war, entschieden wir uns, die St\u00e4dte mal etwas gr\u00fcndlicher anzuschauen.<\/p>\n\n\n\n<ul class=\"wp-block-list\">\n<li><a href=\"http:\/\/reiseblog.mb2812.de\/?p=11058\">04. Oktober &#8211; Anreise nach Kiel<\/a><\/li>\n\n\n\n<li><a href=\"http:\/\/reiseblog.mb2812.de\/?p=11060\">05. Oktober &#8211; Zu Fu\u00df entlang der F\u00f6rde<\/a><\/li>\n\n\n\n<li><a href=\"http:\/\/reiseblog.mb2812.de\/?p=11132\">06. Oktober &#8211; Laboe und nach Hamburg<\/a><\/li>\n\n\n\n<li><a href=\"http:\/\/reiseblog.mb2812.de\/?p=11179\">07. Oktober &#8211; Hafen City<\/a><\/li>\n\n\n\n<li><a href=\"http:\/\/reiseblog.mb2812.de\/?p=11224\">08. Oktober &#8211; Rund um die Alster<\/a><\/li>\n\n\n\n<li><a href=\"http:\/\/reiseblog.mb2812.de\/?p=11257\">09. Oktober &#8211; Zur\u00fcck nach B\u00f6blingen<\/a><\/li>\n<\/ul>\n\n\n\n<p>Und noch was:<\/p>\n\n\n\n<ul class=\"wp-block-list\">\n<li><a href=\"http:\/\/reiseblog.mb2812.de\/?p=11311\">7. November &#8211; Architekturspaziergang durch D\u00fcsseldorf<\/a><\/li>\n<\/ul>\n","protected":false},"excerpt":{"rendered":"<p>2021 gab es zun\u00e4chst nur Urlaub in B\u00f6blingen mit ein paar Ausfl\u00fcgen. Im Herbst (Oktober) gab es dannn tats\u00e4chlich &#8222;echten&#8220; Urlaub, eine Woche in Kiel und Hamburg.<\/p>\n","protected":false},"author":1,"featured_media":15982,"comment_status":"closed","ping_status":"closed","sticky":true,"template":"","format":"standard","meta":{"footnotes":""},"categories":[13,26],"tags":[87,117,88,39,91,90,271],"class_list":["post-10981","post","type-post","status-publish","format-standard","has-post-thumbnail","hentry","category-ausfluege","category-home-again-2021","tag-87","tag-ausfluege","tag-baden-wuerttemberg","tag-deutschland","tag-hamburg","tag-kiel","tag-urlaub"],"_links":{"self":[{"href":"https:\/\/mb2812.de\/index.php?rest_route=\/wp\/v2\/posts\/10981","targetHints":{"allow":["GET"]}}],"collection":[{"href":"https:\/\/mb2812.de\/index.php?rest_route=\/wp\/v2\/posts"}],"about":[{"href":"https:\/\/mb2812.de\/index.php?rest_route=\/wp\/v2\/types\/post"}],"author":[{"embeddable":true,"href":"https:\/\/mb2812.de\/index.php?rest_route=\/wp\/v2\/users\/1"}],"replies":[{"embeddable":true,"href":"https:\/\/mb2812.de\/index.php?rest_route=%2Fwp%2Fv2%2Fcomments&post=10981"}],"version-history":[{"count":11,"href":"https:\/\/mb2812.de\/index.php?rest_route=\/wp\/v2\/posts\/10981\/revisions"}],"predecessor-version":[{"id":15984,"href":"https:\/\/mb2812.de\/index.php?rest_route=\/wp\/v2\/posts\/10981\/revisions\/15984"}],"wp:featuredmedia":[{"embeddable":true,"href":"https:\/\/mb2812.de\/index.php?rest_route=\/wp\/v2\/media\/15982"}],"wp:attachment":[{"href":"https:\/\/mb2812.de\/index.php?rest_route=%2Fwp%2Fv2%2Fmedia&parent=10981"}],"wp:term":[{"taxonomy":"category","embeddable":true,"href":"https:\/\/mb2812.de\/index.php?rest_route=%2Fwp%2Fv2%2Fcategories&post=10981"},{"taxonomy":"post_tag","embeddable":true,"href":"https:\/\/mb2812.de\/index.php?rest_route=%2Fwp%2Fv2%2Ftags&post=10981"}],"curies":[{"name":"wp","href":"https:\/\/api.w.org\/{rel}","templated":true}]}}