{"id":10926,"date":"2021-07-21T09:00:51","date_gmt":"2021-07-21T07:00:51","guid":{"rendered":"http:\/\/reiseblog.mb2812.de\/?p=10926"},"modified":"2025-03-09T12:23:56","modified_gmt":"2025-03-09T10:23:56","slug":"wurmlinger-kapelle","status":"publish","type":"post","link":"https:\/\/mb2812.de\/?p=10926","title":{"rendered":"Wurmlinger Kapelle"},"content":{"rendered":"\n<p>Ein beliebtes Ausflugsziel im Ammertal zwischen Herrenberg und T\u00fcbingen ist die Wurmlinger Kapelle bei Wurmlingen, auf dem &#8222;Kapellenberg&#8220; 130 Meter \u00fcber dem Tal gelegen. Eine erste Kapelle gab es dort 1050, die heutige barocke Kapelle wurde 1685 geweiht.<\/p>\n\n\n\n<p>Heute war diese Kapelle unser Ziel. Hin ging der Weg \u00fcber Herrenberg, bereits von Weitem sieht man die Kapelle auf dem H\u00fcgel. Der eigentliche Weg vom Parkplatz zur Kapelle ist nicht sonderlich lang (daf\u00fcr aber steil), aber die \u00f6rtlichen Tourismus F\u00f6rderer haben einen Wanderweg eingerichtet, der im Zickzack zur Kapelle f\u00fchrt und insgesamt f\u00fcnfeinhalb Kilometer lang ist. Den sind wir abgelaufen:<\/p>\n\n\n\n<figure class=\"wp-block-image aligncenter size-full is-resized\"><a href=\"http:\/\/reiseblog.mb2812.de\/wp-content\/uploads\/2021\/07\/DSC_8993-NEF_DxO_DeepPRIME.jpg\" rel=\"noopener\"><img loading=\"lazy\" decoding=\"async\" width=\"1920\" height=\"1536\" src=\"https:\/\/mb2812.de\/wp-content\/uploads\/2021\/07\/DSC_8993-NEF_DxO_DeepPRIME.jpg\" alt=\"\" class=\"wp-image-10961\" style=\"width:800px\" srcset=\"https:\/\/mb2812.de\/wp-content\/uploads\/2021\/07\/DSC_8993-NEF_DxO_DeepPRIME.jpg 1920w, https:\/\/mb2812.de\/wp-content\/uploads\/2021\/07\/DSC_8993-NEF_DxO_DeepPRIME-300x240.jpg 300w, https:\/\/mb2812.de\/wp-content\/uploads\/2021\/07\/DSC_8993-NEF_DxO_DeepPRIME-1024x819.jpg 1024w, https:\/\/mb2812.de\/wp-content\/uploads\/2021\/07\/DSC_8993-NEF_DxO_DeepPRIME-768x614.jpg 768w, https:\/\/mb2812.de\/wp-content\/uploads\/2021\/07\/DSC_8993-NEF_DxO_DeepPRIME-1536x1229.jpg 1536w, https:\/\/mb2812.de\/wp-content\/uploads\/2021\/07\/DSC_8993-NEF_DxO_DeepPRIME-668x534.jpg 668w\" sizes=\"auto, (max-width: 1920px) 100vw, 1920px\" \/><\/a><figcaption class=\"wp-element-caption\">Ankunft auf dem Parkplatz<\/figcaption><\/figure>\n\n\n\n<!--more-->\n\n\n\n<figure class=\"wp-block-image aligncenter size-full is-resized\"><a href=\"http:\/\/reiseblog.mb2812.de\/wp-content\/uploads\/2021\/07\/IMG_1803-170.jpg\" rel=\"noopener\"><img loading=\"lazy\" decoding=\"async\" width=\"1920\" height=\"1536\" src=\"https:\/\/mb2812.de\/wp-content\/uploads\/2021\/07\/IMG_1803-170.jpg\" alt=\"\" class=\"wp-image-10959\" style=\"width:800px\" srcset=\"https:\/\/mb2812.de\/wp-content\/uploads\/2021\/07\/IMG_1803-170.jpg 1920w, https:\/\/mb2812.de\/wp-content\/uploads\/2021\/07\/IMG_1803-170-300x240.jpg 300w, https:\/\/mb2812.de\/wp-content\/uploads\/2021\/07\/IMG_1803-170-1024x819.jpg 1024w, https:\/\/mb2812.de\/wp-content\/uploads\/2021\/07\/IMG_1803-170-768x614.jpg 768w, https:\/\/mb2812.de\/wp-content\/uploads\/2021\/07\/IMG_1803-170-1536x1229.jpg 1536w, https:\/\/mb2812.de\/wp-content\/uploads\/2021\/07\/IMG_1803-170-668x534.jpg 668w\" sizes=\"auto, (max-width: 1920px) 100vw, 1920px\" \/><\/a><figcaption class=\"wp-element-caption\">Plan des &#8218;Kappellenwegle&#8216;<\/figcaption><\/figure>\n\n\n\n<figure class=\"wp-block-image aligncenter size-full is-resized\"><a href=\"http:\/\/reiseblog.mb2812.de\/wp-content\/uploads\/2021\/07\/DSC_8997-NEF_DxO_DeepPRIME.jpg\" rel=\"noopener\"><img loading=\"lazy\" decoding=\"async\" width=\"1920\" height=\"1536\" src=\"https:\/\/mb2812.de\/wp-content\/uploads\/2021\/07\/DSC_8997-NEF_DxO_DeepPRIME.jpg\" alt=\"\" class=\"wp-image-10951\" style=\"width:800px\" srcset=\"https:\/\/mb2812.de\/wp-content\/uploads\/2021\/07\/DSC_8997-NEF_DxO_DeepPRIME.jpg 1920w, https:\/\/mb2812.de\/wp-content\/uploads\/2021\/07\/DSC_8997-NEF_DxO_DeepPRIME-300x240.jpg 300w, https:\/\/mb2812.de\/wp-content\/uploads\/2021\/07\/DSC_8997-NEF_DxO_DeepPRIME-1024x819.jpg 1024w, https:\/\/mb2812.de\/wp-content\/uploads\/2021\/07\/DSC_8997-NEF_DxO_DeepPRIME-768x614.jpg 768w, https:\/\/mb2812.de\/wp-content\/uploads\/2021\/07\/DSC_8997-NEF_DxO_DeepPRIME-1536x1229.jpg 1536w, https:\/\/mb2812.de\/wp-content\/uploads\/2021\/07\/DSC_8997-NEF_DxO_DeepPRIME-668x534.jpg 668w\" sizes=\"auto, (max-width: 1920px) 100vw, 1920px\" \/><\/a><figcaption class=\"wp-element-caption\">Bereits vom Parkplatz aus sieht man die Kapelle oben auf dem H\u00fcgel<\/figcaption><\/figure>\n\n\n\n<figure class=\"wp-block-image aligncenter size-full is-resized\"><a href=\"http:\/\/reiseblog.mb2812.de\/wp-content\/uploads\/2021\/07\/IMG_1815.jpg\" rel=\"noopener\"><img loading=\"lazy\" decoding=\"async\" width=\"1439\" height=\"1920\" src=\"https:\/\/mb2812.de\/wp-content\/uploads\/2021\/07\/IMG_1815.jpg\" alt=\"\" class=\"wp-image-10960\" style=\"width:600px\" srcset=\"https:\/\/mb2812.de\/wp-content\/uploads\/2021\/07\/IMG_1815.jpg 1439w, https:\/\/mb2812.de\/wp-content\/uploads\/2021\/07\/IMG_1815-225x300.jpg 225w, https:\/\/mb2812.de\/wp-content\/uploads\/2021\/07\/IMG_1815-767x1024.jpg 767w, https:\/\/mb2812.de\/wp-content\/uploads\/2021\/07\/IMG_1815-768x1025.jpg 768w, https:\/\/mb2812.de\/wp-content\/uploads\/2021\/07\/IMG_1815-1151x1536.jpg 1151w, https:\/\/mb2812.de\/wp-content\/uploads\/2021\/07\/IMG_1815-668x891.jpg 668w\" sizes=\"auto, (max-width: 1439px) 100vw, 1439px\" \/><\/a><figcaption class=\"wp-element-caption\">Wir sind unterwegs<\/figcaption><\/figure>\n\n\n\n<figure class=\"wp-block-image aligncenter size-full is-resized\"><a href=\"http:\/\/reiseblog.mb2812.de\/wp-content\/uploads\/2021\/07\/DSC_9000-NEF_DxO_DeepPRIME.jpg\" rel=\"noopener\"><img loading=\"lazy\" decoding=\"async\" width=\"1920\" height=\"1536\" src=\"https:\/\/mb2812.de\/wp-content\/uploads\/2021\/07\/DSC_9000-NEF_DxO_DeepPRIME.jpg\" alt=\"\" class=\"wp-image-10962\" style=\"width:800px\" srcset=\"https:\/\/mb2812.de\/wp-content\/uploads\/2021\/07\/DSC_9000-NEF_DxO_DeepPRIME.jpg 1920w, https:\/\/mb2812.de\/wp-content\/uploads\/2021\/07\/DSC_9000-NEF_DxO_DeepPRIME-300x240.jpg 300w, https:\/\/mb2812.de\/wp-content\/uploads\/2021\/07\/DSC_9000-NEF_DxO_DeepPRIME-1024x819.jpg 1024w, https:\/\/mb2812.de\/wp-content\/uploads\/2021\/07\/DSC_9000-NEF_DxO_DeepPRIME-768x614.jpg 768w, https:\/\/mb2812.de\/wp-content\/uploads\/2021\/07\/DSC_9000-NEF_DxO_DeepPRIME-1536x1229.jpg 1536w, https:\/\/mb2812.de\/wp-content\/uploads\/2021\/07\/DSC_9000-NEF_DxO_DeepPRIME-668x534.jpg 668w\" sizes=\"auto, (max-width: 1920px) 100vw, 1920px\" \/><\/a><figcaption class=\"wp-element-caption\">Obstb\u00e4ume<\/figcaption><\/figure>\n\n\n\n<figure class=\"wp-block-image aligncenter size-full is-resized\"><a href=\"http:\/\/reiseblog.mb2812.de\/wp-content\/uploads\/2021\/07\/DSC_9003-NEF_DxO_DeepPRIME.jpg\" rel=\"noopener\"><img loading=\"lazy\" decoding=\"async\" width=\"1280\" height=\"1920\" src=\"https:\/\/mb2812.de\/wp-content\/uploads\/2021\/07\/DSC_9003-NEF_DxO_DeepPRIME.jpg\" alt=\"\" class=\"wp-image-10963\" style=\"width:535px\" srcset=\"https:\/\/mb2812.de\/wp-content\/uploads\/2021\/07\/DSC_9003-NEF_DxO_DeepPRIME.jpg 1280w, https:\/\/mb2812.de\/wp-content\/uploads\/2021\/07\/DSC_9003-NEF_DxO_DeepPRIME-200x300.jpg 200w, https:\/\/mb2812.de\/wp-content\/uploads\/2021\/07\/DSC_9003-NEF_DxO_DeepPRIME-683x1024.jpg 683w, https:\/\/mb2812.de\/wp-content\/uploads\/2021\/07\/DSC_9003-NEF_DxO_DeepPRIME-768x1152.jpg 768w, https:\/\/mb2812.de\/wp-content\/uploads\/2021\/07\/DSC_9003-NEF_DxO_DeepPRIME-1024x1536.jpg 1024w, https:\/\/mb2812.de\/wp-content\/uploads\/2021\/07\/DSC_9003-NEF_DxO_DeepPRIME-668x1002.jpg 668w\" sizes=\"auto, (max-width: 1280px) 100vw, 1280px\" \/><\/a><figcaption class=\"wp-element-caption\">Kreuz am Wegrand<\/figcaption><\/figure>\n\n\n\n<figure class=\"wp-block-image aligncenter size-full is-resized\"><a href=\"http:\/\/reiseblog.mb2812.de\/wp-content\/uploads\/2021\/07\/DSC_9004-NEF_DxO_DeepPRIME.jpg\" rel=\"noopener\"><img loading=\"lazy\" decoding=\"async\" width=\"1440\" height=\"1920\" src=\"https:\/\/mb2812.de\/wp-content\/uploads\/2021\/07\/DSC_9004-NEF_DxO_DeepPRIME.jpg\" alt=\"\" class=\"wp-image-10964\" style=\"width:600px\" srcset=\"https:\/\/mb2812.de\/wp-content\/uploads\/2021\/07\/DSC_9004-NEF_DxO_DeepPRIME.jpg 1440w, https:\/\/mb2812.de\/wp-content\/uploads\/2021\/07\/DSC_9004-NEF_DxO_DeepPRIME-225x300.jpg 225w, https:\/\/mb2812.de\/wp-content\/uploads\/2021\/07\/DSC_9004-NEF_DxO_DeepPRIME-768x1024.jpg 768w, https:\/\/mb2812.de\/wp-content\/uploads\/2021\/07\/DSC_9004-NEF_DxO_DeepPRIME-1152x1536.jpg 1152w, https:\/\/mb2812.de\/wp-content\/uploads\/2021\/07\/DSC_9004-NEF_DxO_DeepPRIME-668x891.jpg 668w\" sizes=\"auto, (max-width: 1440px) 100vw, 1440px\" \/><\/a><figcaption class=\"wp-element-caption\">535Die erste gr\u00f6\u00dfere Steigung f\u00fchrt einen Hohlweg hinauf<\/figcaption><\/figure>\n\n\n\n<figure class=\"wp-block-image aligncenter size-full is-resized\"><a href=\"http:\/\/reiseblog.mb2812.de\/wp-content\/uploads\/2021\/07\/DSC_9007-NEF_DxO_DeepPRIME.jpg\" rel=\"noopener\"><img loading=\"lazy\" decoding=\"async\" width=\"1440\" height=\"1920\" src=\"https:\/\/mb2812.de\/wp-content\/uploads\/2021\/07\/DSC_9007-NEF_DxO_DeepPRIME.jpg\" alt=\"\" class=\"wp-image-10965\" style=\"width:600px\" srcset=\"https:\/\/mb2812.de\/wp-content\/uploads\/2021\/07\/DSC_9007-NEF_DxO_DeepPRIME.jpg 1440w, https:\/\/mb2812.de\/wp-content\/uploads\/2021\/07\/DSC_9007-NEF_DxO_DeepPRIME-225x300.jpg 225w, https:\/\/mb2812.de\/wp-content\/uploads\/2021\/07\/DSC_9007-NEF_DxO_DeepPRIME-768x1024.jpg 768w, https:\/\/mb2812.de\/wp-content\/uploads\/2021\/07\/DSC_9007-NEF_DxO_DeepPRIME-1152x1536.jpg 1152w, https:\/\/mb2812.de\/wp-content\/uploads\/2021\/07\/DSC_9007-NEF_DxO_DeepPRIME-668x891.jpg 668w\" sizes=\"auto, (max-width: 1440px) 100vw, 1440px\" \/><\/a><figcaption class=\"wp-element-caption\">Immer wieder sieht man die Kapelle oben<\/figcaption><\/figure>\n\n\n\n<figure class=\"wp-block-image aligncenter size-full is-resized\"><a href=\"http:\/\/reiseblog.mb2812.de\/wp-content\/uploads\/2021\/07\/IMG_1829.jpg\" rel=\"noopener\"><img loading=\"lazy\" decoding=\"async\" width=\"1920\" height=\"1536\" src=\"https:\/\/mb2812.de\/wp-content\/uploads\/2021\/07\/IMG_1829.jpg\" alt=\"\" class=\"wp-image-10973\" style=\"width:800px\" srcset=\"https:\/\/mb2812.de\/wp-content\/uploads\/2021\/07\/IMG_1829.jpg 1920w, https:\/\/mb2812.de\/wp-content\/uploads\/2021\/07\/IMG_1829-300x240.jpg 300w, https:\/\/mb2812.de\/wp-content\/uploads\/2021\/07\/IMG_1829-1024x819.jpg 1024w, https:\/\/mb2812.de\/wp-content\/uploads\/2021\/07\/IMG_1829-768x614.jpg 768w, https:\/\/mb2812.de\/wp-content\/uploads\/2021\/07\/IMG_1829-1536x1229.jpg 1536w, https:\/\/mb2812.de\/wp-content\/uploads\/2021\/07\/IMG_1829-668x534.jpg 668w\" sizes=\"auto, (max-width: 1920px) 100vw, 1920px\" \/><\/a><figcaption class=\"wp-element-caption\">Blick \u00fcber das Neckartal mit Hirschau im Vordergrund und hinten die H\u00f6henz\u00fcge der schw\u00e4bischen Alb<\/figcaption><\/figure>\n\n\n\n<figure class=\"wp-block-image aligncenter size-full is-resized\"><a href=\"http:\/\/reiseblog.mb2812.de\/wp-content\/uploads\/2021\/07\/DSC_9010-NEF_DxO_DeepPRIME.jpg\" rel=\"noopener\"><img loading=\"lazy\" decoding=\"async\" width=\"1920\" height=\"1536\" src=\"https:\/\/mb2812.de\/wp-content\/uploads\/2021\/07\/DSC_9010-NEF_DxO_DeepPRIME.jpg\" alt=\"\" class=\"wp-image-10966\" style=\"width:800px\" srcset=\"https:\/\/mb2812.de\/wp-content\/uploads\/2021\/07\/DSC_9010-NEF_DxO_DeepPRIME.jpg 1920w, https:\/\/mb2812.de\/wp-content\/uploads\/2021\/07\/DSC_9010-NEF_DxO_DeepPRIME-300x240.jpg 300w, https:\/\/mb2812.de\/wp-content\/uploads\/2021\/07\/DSC_9010-NEF_DxO_DeepPRIME-1024x819.jpg 1024w, https:\/\/mb2812.de\/wp-content\/uploads\/2021\/07\/DSC_9010-NEF_DxO_DeepPRIME-768x614.jpg 768w, https:\/\/mb2812.de\/wp-content\/uploads\/2021\/07\/DSC_9010-NEF_DxO_DeepPRIME-1536x1229.jpg 1536w, https:\/\/mb2812.de\/wp-content\/uploads\/2021\/07\/DSC_9010-NEF_DxO_DeepPRIME-668x534.jpg 668w\" sizes=\"auto, (max-width: 1920px) 100vw, 1920px\" \/><\/a><figcaption class=\"wp-element-caption\">Jetzt geht es durch Weinberge<\/figcaption><\/figure>\n\n\n\n<figure class=\"wp-block-image aligncenter size-full is-resized\"><a href=\"http:\/\/reiseblog.mb2812.de\/wp-content\/uploads\/2021\/07\/DSC_9012-NEF_DxO_DeepPRIME.jpg\" rel=\"noopener\"><img loading=\"lazy\" decoding=\"async\" width=\"1920\" height=\"1536\" src=\"https:\/\/mb2812.de\/wp-content\/uploads\/2021\/07\/DSC_9012-NEF_DxO_DeepPRIME.jpg\" alt=\"\" class=\"wp-image-10953\" style=\"width:800px\" srcset=\"https:\/\/mb2812.de\/wp-content\/uploads\/2021\/07\/DSC_9012-NEF_DxO_DeepPRIME.jpg 1920w, https:\/\/mb2812.de\/wp-content\/uploads\/2021\/07\/DSC_9012-NEF_DxO_DeepPRIME-300x240.jpg 300w, https:\/\/mb2812.de\/wp-content\/uploads\/2021\/07\/DSC_9012-NEF_DxO_DeepPRIME-1024x819.jpg 1024w, https:\/\/mb2812.de\/wp-content\/uploads\/2021\/07\/DSC_9012-NEF_DxO_DeepPRIME-768x614.jpg 768w, https:\/\/mb2812.de\/wp-content\/uploads\/2021\/07\/DSC_9012-NEF_DxO_DeepPRIME-1536x1229.jpg 1536w, https:\/\/mb2812.de\/wp-content\/uploads\/2021\/07\/DSC_9012-NEF_DxO_DeepPRIME-668x534.jpg 668w\" sizes=\"auto, (max-width: 1920px) 100vw, 1920px\" \/><\/a><figcaption class=\"wp-element-caption\">Auch hier\u00fcber thront die Kapelle<\/figcaption><\/figure>\n\n\n\n<figure class=\"wp-block-image aligncenter size-full is-resized\"><a href=\"http:\/\/reiseblog.mb2812.de\/wp-content\/uploads\/2021\/07\/DSC_9018-NEF_DxO_DeepPRIME.jpg\" rel=\"noopener\"><img loading=\"lazy\" decoding=\"async\" width=\"1440\" height=\"1920\" src=\"https:\/\/mb2812.de\/wp-content\/uploads\/2021\/07\/DSC_9018-NEF_DxO_DeepPRIME.jpg\" alt=\"\" class=\"wp-image-10967\" style=\"width:600px\" srcset=\"https:\/\/mb2812.de\/wp-content\/uploads\/2021\/07\/DSC_9018-NEF_DxO_DeepPRIME.jpg 1440w, https:\/\/mb2812.de\/wp-content\/uploads\/2021\/07\/DSC_9018-NEF_DxO_DeepPRIME-225x300.jpg 225w, https:\/\/mb2812.de\/wp-content\/uploads\/2021\/07\/DSC_9018-NEF_DxO_DeepPRIME-768x1024.jpg 768w, https:\/\/mb2812.de\/wp-content\/uploads\/2021\/07\/DSC_9018-NEF_DxO_DeepPRIME-1152x1536.jpg 1152w, https:\/\/mb2812.de\/wp-content\/uploads\/2021\/07\/DSC_9018-NEF_DxO_DeepPRIME-668x891.jpg 668w\" sizes=\"auto, (max-width: 1440px) 100vw, 1440px\" \/><\/a><figcaption class=\"wp-element-caption\">Ein weiteres Kreuz<\/figcaption><\/figure>\n\n\n\n<figure class=\"wp-block-image aligncenter size-full is-resized\"><a href=\"http:\/\/reiseblog.mb2812.de\/wp-content\/uploads\/2021\/07\/IMG_1852.jpg\" rel=\"noopener\"><img loading=\"lazy\" decoding=\"async\" width=\"1920\" height=\"1536\" src=\"https:\/\/mb2812.de\/wp-content\/uploads\/2021\/07\/IMG_1852.jpg\" alt=\"\" class=\"wp-image-10971\" style=\"width:800px\" srcset=\"https:\/\/mb2812.de\/wp-content\/uploads\/2021\/07\/IMG_1852.jpg 1920w, https:\/\/mb2812.de\/wp-content\/uploads\/2021\/07\/IMG_1852-300x240.jpg 300w, https:\/\/mb2812.de\/wp-content\/uploads\/2021\/07\/IMG_1852-1024x819.jpg 1024w, https:\/\/mb2812.de\/wp-content\/uploads\/2021\/07\/IMG_1852-768x614.jpg 768w, https:\/\/mb2812.de\/wp-content\/uploads\/2021\/07\/IMG_1852-1536x1229.jpg 1536w, https:\/\/mb2812.de\/wp-content\/uploads\/2021\/07\/IMG_1852-668x534.jpg 668w\" sizes=\"auto, (max-width: 1920px) 100vw, 1920px\" \/><\/a><figcaption class=\"wp-element-caption\">Jetzt geht die Sicht ins Ammertal<\/figcaption><\/figure>\n\n\n\n<figure class=\"wp-block-image aligncenter size-full is-resized\"><a href=\"http:\/\/reiseblog.mb2812.de\/wp-content\/uploads\/2021\/07\/DSC_9023-NEF_DxO_DeepPRIME.jpg\" rel=\"noopener\"><img loading=\"lazy\" decoding=\"async\" width=\"1920\" height=\"1536\" src=\"https:\/\/mb2812.de\/wp-content\/uploads\/2021\/07\/DSC_9023-NEF_DxO_DeepPRIME.jpg\" alt=\"\" class=\"wp-image-10954\" style=\"width:800px\" srcset=\"https:\/\/mb2812.de\/wp-content\/uploads\/2021\/07\/DSC_9023-NEF_DxO_DeepPRIME.jpg 1920w, https:\/\/mb2812.de\/wp-content\/uploads\/2021\/07\/DSC_9023-NEF_DxO_DeepPRIME-300x240.jpg 300w, https:\/\/mb2812.de\/wp-content\/uploads\/2021\/07\/DSC_9023-NEF_DxO_DeepPRIME-1024x819.jpg 1024w, https:\/\/mb2812.de\/wp-content\/uploads\/2021\/07\/DSC_9023-NEF_DxO_DeepPRIME-768x614.jpg 768w, https:\/\/mb2812.de\/wp-content\/uploads\/2021\/07\/DSC_9023-NEF_DxO_DeepPRIME-1536x1229.jpg 1536w, https:\/\/mb2812.de\/wp-content\/uploads\/2021\/07\/DSC_9023-NEF_DxO_DeepPRIME-668x534.jpg 668w\" sizes=\"auto, (max-width: 1920px) 100vw, 1920px\" \/><\/a><figcaption class=\"wp-element-caption\">Das Ammertal mit Entringen und der Burg Hohenentringen &#8211; da oben waren wir letztes Jahr von Bebenhausen aus hingewandert<\/figcaption><\/figure>\n\n\n\n<figure class=\"wp-block-image aligncenter size-full is-resized\"><a href=\"http:\/\/reiseblog.mb2812.de\/wp-content\/uploads\/2021\/07\/DSC_9025-NEF_DxO_DeepPRIME.jpg\" rel=\"noopener\"><img loading=\"lazy\" decoding=\"async\" width=\"1920\" height=\"1536\" src=\"https:\/\/mb2812.de\/wp-content\/uploads\/2021\/07\/DSC_9025-NEF_DxO_DeepPRIME.jpg\" alt=\"\" class=\"wp-image-10969\" style=\"width:800px\" srcset=\"https:\/\/mb2812.de\/wp-content\/uploads\/2021\/07\/DSC_9025-NEF_DxO_DeepPRIME.jpg 1920w, https:\/\/mb2812.de\/wp-content\/uploads\/2021\/07\/DSC_9025-NEF_DxO_DeepPRIME-300x240.jpg 300w, https:\/\/mb2812.de\/wp-content\/uploads\/2021\/07\/DSC_9025-NEF_DxO_DeepPRIME-1024x819.jpg 1024w, https:\/\/mb2812.de\/wp-content\/uploads\/2021\/07\/DSC_9025-NEF_DxO_DeepPRIME-768x614.jpg 768w, https:\/\/mb2812.de\/wp-content\/uploads\/2021\/07\/DSC_9025-NEF_DxO_DeepPRIME-1536x1229.jpg 1536w, https:\/\/mb2812.de\/wp-content\/uploads\/2021\/07\/DSC_9025-NEF_DxO_DeepPRIME-668x534.jpg 668w\" sizes=\"auto, (max-width: 1920px) 100vw, 1920px\" \/><\/a><figcaption class=\"wp-element-caption\">Etwas gr\u00f6sser der Ort und das Schloss<\/figcaption><\/figure>\n\n\n\n<figure class=\"wp-block-image aligncenter size-full is-resized\"><a href=\"http:\/\/reiseblog.mb2812.de\/wp-content\/uploads\/2021\/07\/DSC_9027-NEF_DxO_DeepPRIME.jpg\" rel=\"noopener\"><img loading=\"lazy\" decoding=\"async\" width=\"1920\" height=\"1536\" src=\"https:\/\/mb2812.de\/wp-content\/uploads\/2021\/07\/DSC_9027-NEF_DxO_DeepPRIME.jpg\" alt=\"\" class=\"wp-image-10955\" style=\"width:800px\" srcset=\"https:\/\/mb2812.de\/wp-content\/uploads\/2021\/07\/DSC_9027-NEF_DxO_DeepPRIME.jpg 1920w, https:\/\/mb2812.de\/wp-content\/uploads\/2021\/07\/DSC_9027-NEF_DxO_DeepPRIME-300x240.jpg 300w, https:\/\/mb2812.de\/wp-content\/uploads\/2021\/07\/DSC_9027-NEF_DxO_DeepPRIME-1024x819.jpg 1024w, https:\/\/mb2812.de\/wp-content\/uploads\/2021\/07\/DSC_9027-NEF_DxO_DeepPRIME-768x614.jpg 768w, https:\/\/mb2812.de\/wp-content\/uploads\/2021\/07\/DSC_9027-NEF_DxO_DeepPRIME-1536x1229.jpg 1536w, https:\/\/mb2812.de\/wp-content\/uploads\/2021\/07\/DSC_9027-NEF_DxO_DeepPRIME-668x534.jpg 668w\" sizes=\"auto, (max-width: 1920px) 100vw, 1920px\" \/><\/a><figcaption class=\"wp-element-caption\">Und nochmal geht der Blick in die andere Richtung zum Neckartal: Im Dunst erkennt man die Burg Hohenzollern<\/figcaption><\/figure>\n\n\n\n<figure class=\"wp-block-image aligncenter size-full is-resized\"><a href=\"http:\/\/reiseblog.mb2812.de\/wp-content\/uploads\/2021\/07\/DSC_9028-NEF_DxO_DeepPRIME.jpg\" rel=\"noopener\"><img loading=\"lazy\" decoding=\"async\" width=\"1440\" height=\"1920\" src=\"https:\/\/mb2812.de\/wp-content\/uploads\/2021\/07\/DSC_9028-NEF_DxO_DeepPRIME.jpg\" alt=\"\" class=\"wp-image-10956\" style=\"width:600px\" srcset=\"https:\/\/mb2812.de\/wp-content\/uploads\/2021\/07\/DSC_9028-NEF_DxO_DeepPRIME.jpg 1440w, https:\/\/mb2812.de\/wp-content\/uploads\/2021\/07\/DSC_9028-NEF_DxO_DeepPRIME-225x300.jpg 225w, https:\/\/mb2812.de\/wp-content\/uploads\/2021\/07\/DSC_9028-NEF_DxO_DeepPRIME-768x1024.jpg 768w, https:\/\/mb2812.de\/wp-content\/uploads\/2021\/07\/DSC_9028-NEF_DxO_DeepPRIME-1152x1536.jpg 1152w, https:\/\/mb2812.de\/wp-content\/uploads\/2021\/07\/DSC_9028-NEF_DxO_DeepPRIME-668x891.jpg 668w\" sizes=\"auto, (max-width: 1440px) 100vw, 1440px\" \/><\/a><figcaption class=\"wp-element-caption\">Die Kapelle vom Eingangstor aus<\/figcaption><\/figure>\n\n\n\n<figure class=\"wp-block-image aligncenter size-full is-resized\"><a href=\"http:\/\/reiseblog.mb2812.de\/wp-content\/uploads\/2021\/07\/DSC_9035-NEF_DxO_DeepPRIME-164.jpg\" rel=\"noopener\"><img loading=\"lazy\" decoding=\"async\" width=\"1920\" height=\"1536\" src=\"https:\/\/mb2812.de\/wp-content\/uploads\/2021\/07\/DSC_9035-NEF_DxO_DeepPRIME-164.jpg\" alt=\"\" class=\"wp-image-10957\" style=\"width:800px\" srcset=\"https:\/\/mb2812.de\/wp-content\/uploads\/2021\/07\/DSC_9035-NEF_DxO_DeepPRIME-164.jpg 1920w, https:\/\/mb2812.de\/wp-content\/uploads\/2021\/07\/DSC_9035-NEF_DxO_DeepPRIME-164-300x240.jpg 300w, https:\/\/mb2812.de\/wp-content\/uploads\/2021\/07\/DSC_9035-NEF_DxO_DeepPRIME-164-1024x819.jpg 1024w, https:\/\/mb2812.de\/wp-content\/uploads\/2021\/07\/DSC_9035-NEF_DxO_DeepPRIME-164-768x614.jpg 768w, https:\/\/mb2812.de\/wp-content\/uploads\/2021\/07\/DSC_9035-NEF_DxO_DeepPRIME-164-1536x1229.jpg 1536w, https:\/\/mb2812.de\/wp-content\/uploads\/2021\/07\/DSC_9035-NEF_DxO_DeepPRIME-164-668x534.jpg 668w\" sizes=\"auto, (max-width: 1920px) 100vw, 1920px\" \/><\/a><figcaption class=\"wp-element-caption\">Die Kapelle<\/figcaption><\/figure>\n\n\n\n<figure class=\"wp-block-image aligncenter size-full is-resized\"><a href=\"http:\/\/reiseblog.mb2812.de\/wp-content\/uploads\/2021\/07\/IMG_1872.jpg\" rel=\"noopener\"><img loading=\"lazy\" decoding=\"async\" width=\"1440\" height=\"1920\" src=\"https:\/\/mb2812.de\/wp-content\/uploads\/2021\/07\/IMG_1872.jpg\" alt=\"\" class=\"wp-image-10972\" style=\"width:600px\" srcset=\"https:\/\/mb2812.de\/wp-content\/uploads\/2021\/07\/IMG_1872.jpg 1440w, https:\/\/mb2812.de\/wp-content\/uploads\/2021\/07\/IMG_1872-225x300.jpg 225w, https:\/\/mb2812.de\/wp-content\/uploads\/2021\/07\/IMG_1872-768x1024.jpg 768w, https:\/\/mb2812.de\/wp-content\/uploads\/2021\/07\/IMG_1872-1152x1536.jpg 1152w, https:\/\/mb2812.de\/wp-content\/uploads\/2021\/07\/IMG_1872-668x891.jpg 668w\" sizes=\"auto, (max-width: 1440px) 100vw, 1440px\" \/><\/a><figcaption class=\"wp-element-caption\">Der Abstieg ist zun\u00e4chst recht steil<\/figcaption><\/figure>\n\n\n\n<figure class=\"wp-block-image aligncenter size-full is-resized\"><a href=\"http:\/\/reiseblog.mb2812.de\/wp-content\/uploads\/2021\/07\/DSC_9039-NEF_DxO_DeepPRIME.jpg\" rel=\"noopener\"><img loading=\"lazy\" decoding=\"async\" width=\"1920\" height=\"1536\" src=\"https:\/\/mb2812.de\/wp-content\/uploads\/2021\/07\/DSC_9039-NEF_DxO_DeepPRIME.jpg\" alt=\"\" class=\"wp-image-10958\" style=\"width:800px\" srcset=\"https:\/\/mb2812.de\/wp-content\/uploads\/2021\/07\/DSC_9039-NEF_DxO_DeepPRIME.jpg 1920w, https:\/\/mb2812.de\/wp-content\/uploads\/2021\/07\/DSC_9039-NEF_DxO_DeepPRIME-300x240.jpg 300w, https:\/\/mb2812.de\/wp-content\/uploads\/2021\/07\/DSC_9039-NEF_DxO_DeepPRIME-1024x819.jpg 1024w, https:\/\/mb2812.de\/wp-content\/uploads\/2021\/07\/DSC_9039-NEF_DxO_DeepPRIME-768x614.jpg 768w, https:\/\/mb2812.de\/wp-content\/uploads\/2021\/07\/DSC_9039-NEF_DxO_DeepPRIME-1536x1229.jpg 1536w, https:\/\/mb2812.de\/wp-content\/uploads\/2021\/07\/DSC_9039-NEF_DxO_DeepPRIME-668x534.jpg 668w\" sizes=\"auto, (max-width: 1920px) 100vw, 1920px\" \/><\/a><figcaption class=\"wp-element-caption\">Letzter Blick auf die Kapelle<\/figcaption><\/figure>\n\n\n\n<figure class=\"wp-block-image aligncenter size-full is-resized\"><a href=\"http:\/\/reiseblog.mb2812.de\/wp-content\/uploads\/2021\/07\/DSC_9040-NEF_DxO_DeepPRIME.jpg\" rel=\"noopener\"><img loading=\"lazy\" decoding=\"async\" width=\"1920\" height=\"1536\" src=\"https:\/\/mb2812.de\/wp-content\/uploads\/2021\/07\/DSC_9040-NEF_DxO_DeepPRIME.jpg\" alt=\"\" class=\"wp-image-10970\" style=\"width:800px\" srcset=\"https:\/\/mb2812.de\/wp-content\/uploads\/2021\/07\/DSC_9040-NEF_DxO_DeepPRIME.jpg 1920w, https:\/\/mb2812.de\/wp-content\/uploads\/2021\/07\/DSC_9040-NEF_DxO_DeepPRIME-300x240.jpg 300w, https:\/\/mb2812.de\/wp-content\/uploads\/2021\/07\/DSC_9040-NEF_DxO_DeepPRIME-1024x819.jpg 1024w, https:\/\/mb2812.de\/wp-content\/uploads\/2021\/07\/DSC_9040-NEF_DxO_DeepPRIME-768x614.jpg 768w, https:\/\/mb2812.de\/wp-content\/uploads\/2021\/07\/DSC_9040-NEF_DxO_DeepPRIME-1536x1229.jpg 1536w, https:\/\/mb2812.de\/wp-content\/uploads\/2021\/07\/DSC_9040-NEF_DxO_DeepPRIME-668x534.jpg 668w\" sizes=\"auto, (max-width: 1920px) 100vw, 1920px\" \/><\/a><figcaption class=\"wp-element-caption\">Und zum Ende der Wanderung gibt es noch einen Blick auf den Ort Wurmlingen<\/figcaption><\/figure>\n\n\n\n<p>Das Ganze war ein eher kleinerer Ausflug, ca. 2 Stunden (von 12 bis 14 Uhr) hat die Wanderung gedauert. Und nachdem an&nbsp;Gastronomie nicht viel zu finden war (der Kiosk am Parkplatz war geschlossen), haben &nbsp;sofort den R\u00fcckweg angetreten, diesmal \u00fcber T\u00fcbingen, und Kaffee und Kuchen gab es dann Zuhause.<\/p>\n","protected":false},"excerpt":{"rendered":"<p>Die Wurmlinger Kapelle ist ein beliebtes Ausflugsziel im Ammertal zwischen Herrenberg und T\u00fcbingen. Sie liegt 130 Meter \u00fcber dem Tal auf dem &#8222;Kapellenberg&#8220;<\/p>\n","protected":false},"author":1,"featured_media":10967,"comment_status":"closed","ping_status":"closed","sticky":false,"template":"","format":"standard","meta":{"footnotes":""},"categories":[26],"tags":[87,88,39,96],"class_list":["post-10926","post","type-post","status-publish","format-standard","has-post-thumbnail","hentry","category-home-again-2021","tag-87","tag-baden-wuerttemberg","tag-deutschland","tag-schoenbuch"],"_links":{"self":[{"href":"https:\/\/mb2812.de\/index.php?rest_route=\/wp\/v2\/posts\/10926","targetHints":{"allow":["GET"]}}],"collection":[{"href":"https:\/\/mb2812.de\/index.php?rest_route=\/wp\/v2\/posts"}],"about":[{"href":"https:\/\/mb2812.de\/index.php?rest_route=\/wp\/v2\/types\/post"}],"author":[{"embeddable":true,"href":"https:\/\/mb2812.de\/index.php?rest_route=\/wp\/v2\/users\/1"}],"replies":[{"embeddable":true,"href":"https:\/\/mb2812.de\/index.php?rest_route=%2Fwp%2Fv2%2Fcomments&post=10926"}],"version-history":[{"count":10,"href":"https:\/\/mb2812.de\/index.php?rest_route=\/wp\/v2\/posts\/10926\/revisions"}],"predecessor-version":[{"id":16619,"href":"https:\/\/mb2812.de\/index.php?rest_route=\/wp\/v2\/posts\/10926\/revisions\/16619"}],"wp:featuredmedia":[{"embeddable":true,"href":"https:\/\/mb2812.de\/index.php?rest_route=\/wp\/v2\/media\/10967"}],"wp:attachment":[{"href":"https:\/\/mb2812.de\/index.php?rest_route=%2Fwp%2Fv2%2Fmedia&parent=10926"}],"wp:term":[{"taxonomy":"category","embeddable":true,"href":"https:\/\/mb2812.de\/index.php?rest_route=%2Fwp%2Fv2%2Fcategories&post=10926"},{"taxonomy":"post_tag","embeddable":true,"href":"https:\/\/mb2812.de\/index.php?rest_route=%2Fwp%2Fv2%2Ftags&post=10926"}],"curies":[{"name":"wp","href":"https:\/\/api.w.org\/{rel}","templated":true}]}}