{"id":10890,"date":"2021-07-18T09:00:46","date_gmt":"2021-07-18T07:00:46","guid":{"rendered":"http:\/\/reiseblog.mb2812.de\/?p=10890"},"modified":"2025-03-07T13:02:42","modified_gmt":"2025-03-07T11:02:42","slug":"villa-berg","status":"publish","type":"post","link":"https:\/\/mb2812.de\/?p=10890","title":{"rendered":"Villa Berg"},"content":{"rendered":"\n<p>Am Sonntag hatte sich das schlechte Wetter komplett verzogen und wir starteten den n\u00e4chsten Ausflug, in den Stuttgarter Talkessel zur Villa Berg.<\/p>\n\n\n\n<p>Zun\u00e4chst mal zur Villa Berg. Sie wurde\u00a01845\u20131853 von Christian Friedrich von Leins im Stil der italienischen Hochrenaissance erbaut, und ist umgeben von einem  Landschaftspark, dem Park Villa Berg.\u00a0Nach starken Zerst\u00f6rungen im Zweiten Weltkrieg ging sie in den Besitz des S\u00fcddeutschen Rundfunks\u00a0\u00fcber, der sie wiederaufbaute und f\u00fcr Konzerte nutzte. Seit 2005 steht die Villa leer. Das Schicksal der Villa war lange zeit ungewiss, sie pr\u00e4sentiert sich heute in verwahrlostem Zustand. 2015 kaufte schlie\u00dflich die Stadt Stuttgart die Villa, sie soll\u00a0in ein Haus f\u00fcr Musik und Mehr verwandelt werden, vielleicht geht es demn\u00e4chst tats\u00e4chlich los.<sup id=\"cite_ref-10\" class=\"reference\"><\/sup><\/p>\n\n\n\n<p>Wir parkten in der Tiefgarage an der Staatsgalerie und als erstes haben wir die Architektur der Stuttgarter &#8218;Museumsmeile&#8216; besichtigt:<\/p>\n\n\n\n<figure class=\"wp-block-image aligncenter size-large is-resized\"><a href=\"https:\/\/mb2812.de\/wp-content\/uploads\/2021\/07\/IMG_1052.jpg\" target=\"_blank\" rel=\" noreferrer noopener\"><img loading=\"lazy\" decoding=\"async\" width=\"1024\" height=\"819\" src=\"https:\/\/mb2812.de\/wp-content\/uploads\/2021\/07\/IMG_1052-1024x819.jpg\" alt=\"\" class=\"wp-image-10894\" style=\"width:800px\" srcset=\"https:\/\/mb2812.de\/wp-content\/uploads\/2021\/07\/IMG_1052-1024x819.jpg 1024w, https:\/\/mb2812.de\/wp-content\/uploads\/2021\/07\/IMG_1052-300x240.jpg 300w, https:\/\/mb2812.de\/wp-content\/uploads\/2021\/07\/IMG_1052-768x614.jpg 768w, https:\/\/mb2812.de\/wp-content\/uploads\/2021\/07\/IMG_1052-1536x1229.jpg 1536w, https:\/\/mb2812.de\/wp-content\/uploads\/2021\/07\/IMG_1052-668x534.jpg 668w, https:\/\/mb2812.de\/wp-content\/uploads\/2021\/07\/IMG_1052.jpg 1920w\" sizes=\"auto, (max-width: 1024px) 100vw, 1024px\" \/><\/a><figcaption class=\"wp-element-caption\"><em>Vor der Staatsgalerie<\/em><\/figcaption><\/figure>\n\n\n\n<!--more-->\n\n\n\n<figure class=\"wp-block-image aligncenter size-large is-resized\"><a href=\"https:\/\/mb2812.de\/wp-content\/uploads\/2021\/07\/IMG_1054-157.jpg\" target=\"_blank\" rel=\" noreferrer noopener\"><img loading=\"lazy\" decoding=\"async\" width=\"768\" height=\"1024\" src=\"https:\/\/mb2812.de\/wp-content\/uploads\/2021\/07\/IMG_1054-157-768x1024.jpg\" alt=\"\" class=\"wp-image-10895\" style=\"width:600px\" srcset=\"https:\/\/mb2812.de\/wp-content\/uploads\/2021\/07\/IMG_1054-157-768x1024.jpg 768w, https:\/\/mb2812.de\/wp-content\/uploads\/2021\/07\/IMG_1054-157-225x300.jpg 225w, https:\/\/mb2812.de\/wp-content\/uploads\/2021\/07\/IMG_1054-157-1152x1536.jpg 1152w, https:\/\/mb2812.de\/wp-content\/uploads\/2021\/07\/IMG_1054-157-668x891.jpg 668w, https:\/\/mb2812.de\/wp-content\/uploads\/2021\/07\/IMG_1054-157.jpg 1440w\" sizes=\"auto, (max-width: 768px) 100vw, 768px\" \/><\/a><figcaption class=\"wp-element-caption\"><em>In dem kleinen Hof zwischen Kammertheater und Haus der Geschichte<\/em><\/figcaption><\/figure>\n\n\n\n<figure class=\"wp-block-image aligncenter size-large is-resized\"><a href=\"https:\/\/mb2812.de\/wp-content\/uploads\/2021\/07\/IMG_1425.jpg\" target=\"_blank\" rel=\" noreferrer noopener\"><img loading=\"lazy\" decoding=\"async\" width=\"1024\" height=\"819\" src=\"https:\/\/mb2812.de\/wp-content\/uploads\/2021\/07\/IMG_1425-1024x819.jpg\" alt=\"\" class=\"wp-image-10898\" style=\"width:800px\" srcset=\"https:\/\/mb2812.de\/wp-content\/uploads\/2021\/07\/IMG_1425-1024x819.jpg 1024w, https:\/\/mb2812.de\/wp-content\/uploads\/2021\/07\/IMG_1425-300x240.jpg 300w, https:\/\/mb2812.de\/wp-content\/uploads\/2021\/07\/IMG_1425-768x614.jpg 768w, https:\/\/mb2812.de\/wp-content\/uploads\/2021\/07\/IMG_1425-1536x1229.jpg 1536w, https:\/\/mb2812.de\/wp-content\/uploads\/2021\/07\/IMG_1425-668x534.jpg 668w, https:\/\/mb2812.de\/wp-content\/uploads\/2021\/07\/IMG_1425.jpg 1920w\" sizes=\"auto, (max-width: 1024px) 100vw, 1024px\" \/><\/a><figcaption class=\"wp-element-caption\"><em>Das Hauptgeb\u00e4ude der staatlichen Hochschule f\u00fcr Musik Stuttgart<\/em><\/figcaption><\/figure>\n\n\n\n<figure class=\"wp-block-image aligncenter size-large is-resized\"><a href=\"https:\/\/mb2812.de\/wp-content\/uploads\/2021\/07\/IMG_1432.jpg\" target=\"_blank\" rel=\" noreferrer noopener\"><img loading=\"lazy\" decoding=\"async\" width=\"768\" height=\"1024\" src=\"https:\/\/mb2812.de\/wp-content\/uploads\/2021\/07\/IMG_1432-768x1024.jpg\" alt=\"\" class=\"wp-image-10908\" style=\"width:600px\" srcset=\"https:\/\/mb2812.de\/wp-content\/uploads\/2021\/07\/IMG_1432-768x1024.jpg 768w, https:\/\/mb2812.de\/wp-content\/uploads\/2021\/07\/IMG_1432-225x300.jpg 225w, https:\/\/mb2812.de\/wp-content\/uploads\/2021\/07\/IMG_1432-1152x1536.jpg 1152w, https:\/\/mb2812.de\/wp-content\/uploads\/2021\/07\/IMG_1432-668x891.jpg 668w, https:\/\/mb2812.de\/wp-content\/uploads\/2021\/07\/IMG_1432.jpg 1440w\" sizes=\"auto, (max-width: 768px) 100vw, 768px\" \/><\/a><figcaption class=\"wp-element-caption\"><em>Der Eingang befindet sich auf der Urbanstra\u00dfe<\/em><\/figcaption><\/figure>\n\n\n\n<p>Danach versuchten wir, von der Urbanstra\u00dfe zur\u00fcck zur B14 zu kommen, diese zu \u00fcberqueren und durch den Schlossgarten weiter Richtung Bad Canstatt zu gehen. Durch die &#8222;Stuttgart 21&#8220; Baustelle war dies ein bischen schwierig.<\/p>\n\n\n\n<figure class=\"wp-block-image aligncenter size-large is-resized\"><a href=\"https:\/\/mb2812.de\/wp-content\/uploads\/2021\/07\/IMG_1061.jpg\" target=\"_blank\" rel=\" noreferrer noopener\"><img loading=\"lazy\" decoding=\"async\" width=\"1024\" height=\"819\" src=\"https:\/\/mb2812.de\/wp-content\/uploads\/2021\/07\/IMG_1061-1024x819.jpg\" alt=\"\" class=\"wp-image-10904\" style=\"width:800px\" srcset=\"https:\/\/mb2812.de\/wp-content\/uploads\/2021\/07\/IMG_1061-1024x819.jpg 1024w, https:\/\/mb2812.de\/wp-content\/uploads\/2021\/07\/IMG_1061-300x240.jpg 300w, https:\/\/mb2812.de\/wp-content\/uploads\/2021\/07\/IMG_1061-768x614.jpg 768w, https:\/\/mb2812.de\/wp-content\/uploads\/2021\/07\/IMG_1061-1536x1229.jpg 1536w, https:\/\/mb2812.de\/wp-content\/uploads\/2021\/07\/IMG_1061-668x534.jpg 668w, https:\/\/mb2812.de\/wp-content\/uploads\/2021\/07\/IMG_1061.jpg 1920w\" sizes=\"auto, (max-width: 1024px) 100vw, 1024px\" \/><\/a><figcaption class=\"wp-element-caption\"><em>Die S21 Baustelle &#8211; Planetarium und Hauptbahnhof<\/em><\/figcaption><\/figure>\n\n\n\n<figure class=\"wp-block-image aligncenter size-large is-resized\"><a href=\"https:\/\/mb2812.de\/wp-content\/uploads\/2021\/07\/IMG_1064.jpg\" target=\"_blank\" rel=\" noreferrer noopener\"><img loading=\"lazy\" decoding=\"async\" width=\"768\" height=\"1024\" src=\"https:\/\/mb2812.de\/wp-content\/uploads\/2021\/07\/IMG_1064-768x1024.jpg\" alt=\"\" class=\"wp-image-10905\" style=\"width:600px\" srcset=\"https:\/\/mb2812.de\/wp-content\/uploads\/2021\/07\/IMG_1064-768x1024.jpg 768w, https:\/\/mb2812.de\/wp-content\/uploads\/2021\/07\/IMG_1064-225x300.jpg 225w, https:\/\/mb2812.de\/wp-content\/uploads\/2021\/07\/IMG_1064-1152x1536.jpg 1152w, https:\/\/mb2812.de\/wp-content\/uploads\/2021\/07\/IMG_1064-668x891.jpg 668w, https:\/\/mb2812.de\/wp-content\/uploads\/2021\/07\/IMG_1064.jpg 1440w\" sizes=\"auto, (max-width: 768px) 100vw, 768px\" \/><\/a><figcaption class=\"wp-element-caption\"><em>Denkmal des Komponisten Franz Liszt (von Adolf Fremd, 1903)<\/em><\/figcaption><\/figure>\n\n\n\n<figure class=\"wp-block-image aligncenter size-large is-resized\"><a href=\"https:\/\/mb2812.de\/wp-content\/uploads\/2021\/07\/IMG_1065.jpg\" target=\"_blank\" rel=\" noreferrer noopener\"><img loading=\"lazy\" decoding=\"async\" width=\"1024\" height=\"819\" src=\"https:\/\/mb2812.de\/wp-content\/uploads\/2021\/07\/IMG_1065-1024x819.jpg\" alt=\"\" class=\"wp-image-10896\" style=\"width:800px\" srcset=\"https:\/\/mb2812.de\/wp-content\/uploads\/2021\/07\/IMG_1065-1024x819.jpg 1024w, https:\/\/mb2812.de\/wp-content\/uploads\/2021\/07\/IMG_1065-300x240.jpg 300w, https:\/\/mb2812.de\/wp-content\/uploads\/2021\/07\/IMG_1065-768x614.jpg 768w, https:\/\/mb2812.de\/wp-content\/uploads\/2021\/07\/IMG_1065-1536x1229.jpg 1536w, https:\/\/mb2812.de\/wp-content\/uploads\/2021\/07\/IMG_1065-668x534.jpg 668w, https:\/\/mb2812.de\/wp-content\/uploads\/2021\/07\/IMG_1065.jpg 1920w\" sizes=\"auto, (max-width: 1024px) 100vw, 1024px\" \/><\/a><figcaption class=\"wp-element-caption\"><em>Brunnen im Mittleren Schlossgarten<\/em><\/figcaption><\/figure>\n\n\n\n<figure class=\"wp-block-image aligncenter size-large is-resized\"><a href=\"https:\/\/mb2812.de\/wp-content\/uploads\/2021\/07\/IMG_1448.jpg\" target=\"_blank\" rel=\" noreferrer noopener\"><img loading=\"lazy\" decoding=\"async\" width=\"1024\" height=\"819\" src=\"https:\/\/mb2812.de\/wp-content\/uploads\/2021\/07\/IMG_1448-1024x819.jpg\" alt=\"\" class=\"wp-image-10892\" style=\"width:800px\" srcset=\"https:\/\/mb2812.de\/wp-content\/uploads\/2021\/07\/IMG_1448-1024x819.jpg 1024w, https:\/\/mb2812.de\/wp-content\/uploads\/2021\/07\/IMG_1448-300x240.jpg 300w, https:\/\/mb2812.de\/wp-content\/uploads\/2021\/07\/IMG_1448-768x614.jpg 768w, https:\/\/mb2812.de\/wp-content\/uploads\/2021\/07\/IMG_1448-1536x1229.jpg 1536w, https:\/\/mb2812.de\/wp-content\/uploads\/2021\/07\/IMG_1448-668x534.jpg 668w, https:\/\/mb2812.de\/wp-content\/uploads\/2021\/07\/IMG_1448.jpg 1920w\" sizes=\"auto, (max-width: 1024px) 100vw, 1024px\" \/><\/a><figcaption class=\"wp-element-caption\"><em>Jetzt sind wir im unteren Schlossgarten<\/em><\/figcaption><\/figure>\n\n\n\n<p>Kurz vor den &#8218;Mineralsprudlern&#8216; an der Stadtbahnhaltestelle Mineralb\u00e4der bogen wir dann ab durch den Stadtteil Berg in Richtung auf den Park der Villa.<\/p>\n\n\n\n<figure class=\"wp-block-image aligncenter size-large is-resized\"><a href=\"https:\/\/mb2812.de\/wp-content\/uploads\/2021\/07\/IMG_1453.jpg\" target=\"_blank\" rel=\" noreferrer noopener\"><img loading=\"lazy\" decoding=\"async\" width=\"768\" height=\"1024\" src=\"https:\/\/mb2812.de\/wp-content\/uploads\/2021\/07\/IMG_1453-768x1024.jpg\" alt=\"\" class=\"wp-image-10899\" style=\"width:600px\" srcset=\"https:\/\/mb2812.de\/wp-content\/uploads\/2021\/07\/IMG_1453-768x1024.jpg 768w, https:\/\/mb2812.de\/wp-content\/uploads\/2021\/07\/IMG_1453-225x300.jpg 225w, https:\/\/mb2812.de\/wp-content\/uploads\/2021\/07\/IMG_1453-1152x1536.jpg 1152w, https:\/\/mb2812.de\/wp-content\/uploads\/2021\/07\/IMG_1453-668x891.jpg 668w, https:\/\/mb2812.de\/wp-content\/uploads\/2021\/07\/IMG_1453.jpg 1440w\" sizes=\"auto, (max-width: 768px) 100vw, 768px\" \/><\/a><figcaption class=\"wp-element-caption\"><em>Durch den Stadtteil Berg &#8211; am Anfang der Karl-Schurz-Stra\u00dfe<\/em><\/figcaption><\/figure>\n\n\n\n<figure class=\"wp-block-image aligncenter size-large is-resized\"><a href=\"https:\/\/mb2812.de\/wp-content\/uploads\/2021\/07\/IMG_1457.jpg\" target=\"_blank\" rel=\" noreferrer noopener\"><img loading=\"lazy\" decoding=\"async\" width=\"767\" height=\"1024\" src=\"https:\/\/mb2812.de\/wp-content\/uploads\/2021\/07\/IMG_1457-767x1024.jpg\" alt=\"\" class=\"wp-image-10909\" style=\"width:600px\" srcset=\"https:\/\/mb2812.de\/wp-content\/uploads\/2021\/07\/IMG_1457-767x1024.jpg 767w, https:\/\/mb2812.de\/wp-content\/uploads\/2021\/07\/IMG_1457-225x300.jpg 225w, https:\/\/mb2812.de\/wp-content\/uploads\/2021\/07\/IMG_1457-768x1025.jpg 768w, https:\/\/mb2812.de\/wp-content\/uploads\/2021\/07\/IMG_1457-1151x1536.jpg 1151w, https:\/\/mb2812.de\/wp-content\/uploads\/2021\/07\/IMG_1457-668x891.jpg 668w, https:\/\/mb2812.de\/wp-content\/uploads\/2021\/07\/IMG_1457.jpg 1439w\" sizes=\"auto, (max-width: 767px) 100vw, 767px\" \/><\/a><figcaption class=\"wp-element-caption\"><em>Im Park der Villa Berg<\/em><\/figcaption><\/figure>\n\n\n\n<p>Einmal rundum durch den Park kommen wir dann zur Villa selber, der Zustand ist wie erwartet.<\/p>\n\n\n\n<figure class=\"wp-block-image aligncenter size-large is-resized\"><a href=\"https:\/\/mb2812.de\/wp-content\/uploads\/2021\/07\/IMG_1079-158.jpg\" target=\"_blank\" rel=\" noreferrer noopener\"><img loading=\"lazy\" decoding=\"async\" width=\"1024\" height=\"819\" src=\"https:\/\/mb2812.de\/wp-content\/uploads\/2021\/07\/IMG_1079-158-1024x819.jpg\" alt=\"\" class=\"wp-image-10912\" style=\"width:800px\" srcset=\"https:\/\/mb2812.de\/wp-content\/uploads\/2021\/07\/IMG_1079-158-1024x819.jpg 1024w, https:\/\/mb2812.de\/wp-content\/uploads\/2021\/07\/IMG_1079-158-300x240.jpg 300w, https:\/\/mb2812.de\/wp-content\/uploads\/2021\/07\/IMG_1079-158-768x614.jpg 768w, https:\/\/mb2812.de\/wp-content\/uploads\/2021\/07\/IMG_1079-158-1536x1229.jpg 1536w, https:\/\/mb2812.de\/wp-content\/uploads\/2021\/07\/IMG_1079-158-668x534.jpg 668w, https:\/\/mb2812.de\/wp-content\/uploads\/2021\/07\/IMG_1079-158.jpg 1920w\" sizes=\"auto, (max-width: 1024px) 100vw, 1024px\" \/><\/a><figcaption class=\"wp-element-caption\"><em>Die Ostseite der Villa Berg. Der SWR hat in den vernagelten Fenstern eine &#8218;Outdoorausstellung&#8216; mit Portraits vieler K\u00fcnstler, die zwischen 1951 und 2004 hier aufgetreten sind, angebracht. Hier Rita Pavone, Harald Schmidt hinter dem Nymphenbrunnen und Dunja Rajter<\/em><\/figcaption><\/figure>\n\n\n\n<figure class=\"wp-block-image aligncenter size-large is-resized\"><a href=\"https:\/\/mb2812.de\/wp-content\/uploads\/2021\/07\/IMG_1082.jpg\" target=\"_blank\" rel=\" noreferrer noopener\"><img loading=\"lazy\" decoding=\"async\" width=\"1024\" height=\"819\" src=\"https:\/\/mb2812.de\/wp-content\/uploads\/2021\/07\/IMG_1082-1024x819.jpg\" alt=\"\" class=\"wp-image-10916\" style=\"width:800px\" srcset=\"https:\/\/mb2812.de\/wp-content\/uploads\/2021\/07\/IMG_1082-1024x819.jpg 1024w, https:\/\/mb2812.de\/wp-content\/uploads\/2021\/07\/IMG_1082-300x240.jpg 300w, https:\/\/mb2812.de\/wp-content\/uploads\/2021\/07\/IMG_1082-768x614.jpg 768w, https:\/\/mb2812.de\/wp-content\/uploads\/2021\/07\/IMG_1082-1536x1229.jpg 1536w, https:\/\/mb2812.de\/wp-content\/uploads\/2021\/07\/IMG_1082-668x534.jpg 668w, https:\/\/mb2812.de\/wp-content\/uploads\/2021\/07\/IMG_1082.jpg 1920w\" sizes=\"auto, (max-width: 1024px) 100vw, 1024px\" \/><\/a><figcaption class=\"wp-element-caption\"><em>Die Westseite, oben finden sich Fotos der &#8218;Fantastischen Vier um eine (mir) unbekannte Dame herum, unten sind es Janie Marden, Karel Gott und Wolfgang Nidecken<\/em><\/figcaption><\/figure>\n\n\n\n<figure class=\"wp-block-image aligncenter size-large is-resized\"><a href=\"https:\/\/mb2812.de\/wp-content\/uploads\/2021\/07\/IMG_1081-159.jpg\" target=\"_blank\" rel=\" noreferrer noopener\"><img loading=\"lazy\" decoding=\"async\" width=\"1024\" height=\"819\" src=\"https:\/\/mb2812.de\/wp-content\/uploads\/2021\/07\/IMG_1081-159-1024x819.jpg\" alt=\"\" class=\"wp-image-10915\" style=\"width:800px\" srcset=\"https:\/\/mb2812.de\/wp-content\/uploads\/2021\/07\/IMG_1081-159-1024x819.jpg 1024w, https:\/\/mb2812.de\/wp-content\/uploads\/2021\/07\/IMG_1081-159-300x240.jpg 300w, https:\/\/mb2812.de\/wp-content\/uploads\/2021\/07\/IMG_1081-159-768x614.jpg 768w, https:\/\/mb2812.de\/wp-content\/uploads\/2021\/07\/IMG_1081-159-1536x1229.jpg 1536w, https:\/\/mb2812.de\/wp-content\/uploads\/2021\/07\/IMG_1081-159-668x534.jpg 668w, https:\/\/mb2812.de\/wp-content\/uploads\/2021\/07\/IMG_1081-159.jpg 1920w\" sizes=\"auto, (max-width: 1024px) 100vw, 1024px\" \/><\/a><figcaption class=\"wp-element-caption\"><em>Die Brunnenanlage vor der S\u00fcdseite ist verfallen und abgesperrt<\/em><\/figcaption><\/figure>\n\n\n\n<p>Das war unser Besuch an der Villa Berg, vor dem R\u00fcckweg in die Stadt gab es eine Pause, im &#8222;Buschpilot&#8220;.<\/p>\n\n\n\n<figure class=\"wp-block-image aligncenter size-large is-resized\"><a href=\"https:\/\/mb2812.de\/wp-content\/uploads\/2021\/07\/IMG_1475.jpg\" target=\"_blank\" rel=\" noreferrer noopener\"><img loading=\"lazy\" decoding=\"async\" width=\"1024\" height=\"819\" src=\"https:\/\/mb2812.de\/wp-content\/uploads\/2021\/07\/IMG_1475-1024x819.jpg\" alt=\"\" class=\"wp-image-10900\" style=\"width:800px\" srcset=\"https:\/\/mb2812.de\/wp-content\/uploads\/2021\/07\/IMG_1475-1024x819.jpg 1024w, https:\/\/mb2812.de\/wp-content\/uploads\/2021\/07\/IMG_1475-300x240.jpg 300w, https:\/\/mb2812.de\/wp-content\/uploads\/2021\/07\/IMG_1475-768x614.jpg 768w, https:\/\/mb2812.de\/wp-content\/uploads\/2021\/07\/IMG_1475-1536x1229.jpg 1536w, https:\/\/mb2812.de\/wp-content\/uploads\/2021\/07\/IMG_1475-668x534.jpg 668w, https:\/\/mb2812.de\/wp-content\/uploads\/2021\/07\/IMG_1475.jpg 1920w\" sizes=\"auto, (max-width: 1024px) 100vw, 1024px\" \/><\/a><figcaption class=\"wp-element-caption\"><em>Jetzt ist Pause angesagt, im &#8218;Buschpilot&#8216;<\/em><\/figcaption><\/figure>\n\n\n\n<figure class=\"wp-block-image aligncenter size-large is-resized\"><a href=\"https:\/\/mb2812.de\/wp-content\/uploads\/2021\/07\/IMG_1087.jpg\" target=\"_blank\" rel=\" noreferrer noopener\"><img loading=\"lazy\" decoding=\"async\" width=\"1024\" height=\"819\" src=\"https:\/\/mb2812.de\/wp-content\/uploads\/2021\/07\/IMG_1087-1024x819.jpg\" alt=\"\" class=\"wp-image-10897\" style=\"width:800px\" srcset=\"https:\/\/mb2812.de\/wp-content\/uploads\/2021\/07\/IMG_1087-1024x819.jpg 1024w, https:\/\/mb2812.de\/wp-content\/uploads\/2021\/07\/IMG_1087-300x240.jpg 300w, https:\/\/mb2812.de\/wp-content\/uploads\/2021\/07\/IMG_1087-768x614.jpg 768w, https:\/\/mb2812.de\/wp-content\/uploads\/2021\/07\/IMG_1087-1536x1229.jpg 1536w, https:\/\/mb2812.de\/wp-content\/uploads\/2021\/07\/IMG_1087-668x534.jpg 668w, https:\/\/mb2812.de\/wp-content\/uploads\/2021\/07\/IMG_1087.jpg 1920w\" sizes=\"auto, (max-width: 1024px) 100vw, 1024px\" \/><\/a><figcaption class=\"wp-element-caption\"><em>Ich hatte K\u00e4sew\u00fcrfel, Stephan Antipasti<\/em><\/figcaption><\/figure>\n\n\n\n<p>Danach wieder durch den Schlossgarten zur\u00fcck, im Gegensatz zum Hinweg n\u00e4her an den Bahnanlagen und der Platanenallee, und wir sind auch \u00fcber den Ferdinand-Leitner-Steg und den oberen Schlo\u00dfgarten zu unserem Parkplatz zur\u00fcck.<\/p>\n\n\n\n<figure class=\"wp-block-image aligncenter size-large is-resized\"><a href=\"https:\/\/mb2812.de\/wp-content\/uploads\/2021\/07\/IMG_1478.jpg\" target=\"_blank\" rel=\" noreferrer noopener\"><img loading=\"lazy\" decoding=\"async\" width=\"1024\" height=\"819\" src=\"https:\/\/mb2812.de\/wp-content\/uploads\/2021\/07\/IMG_1478-1024x819.jpg\" alt=\"\" class=\"wp-image-10893\" style=\"width:800px\" srcset=\"https:\/\/mb2812.de\/wp-content\/uploads\/2021\/07\/IMG_1478-1024x819.jpg 1024w, https:\/\/mb2812.de\/wp-content\/uploads\/2021\/07\/IMG_1478-300x240.jpg 300w, https:\/\/mb2812.de\/wp-content\/uploads\/2021\/07\/IMG_1478-768x614.jpg 768w, https:\/\/mb2812.de\/wp-content\/uploads\/2021\/07\/IMG_1478-1536x1229.jpg 1536w, https:\/\/mb2812.de\/wp-content\/uploads\/2021\/07\/IMG_1478-668x534.jpg 668w, https:\/\/mb2812.de\/wp-content\/uploads\/2021\/07\/IMG_1478.jpg 1920w\" sizes=\"auto, (max-width: 1024px) 100vw, 1024px\" \/><\/a><figcaption class=\"wp-element-caption\"><em>Auf dem R\u00fcckweg wieder im Schlossgarten am Bumerangsee<\/em><\/figcaption><\/figure>\n\n\n\n<figure class=\"wp-block-image aligncenter size-large is-resized\"><a href=\"https:\/\/mb2812.de\/wp-content\/uploads\/2021\/07\/IMG_1490.jpg\" target=\"_blank\" rel=\" noreferrer noopener\"><img loading=\"lazy\" decoding=\"async\" width=\"767\" height=\"1024\" src=\"https:\/\/mb2812.de\/wp-content\/uploads\/2021\/07\/IMG_1490-767x1024.jpg\" alt=\"\" class=\"wp-image-10903\" style=\"width:600px;height:auto\" srcset=\"https:\/\/mb2812.de\/wp-content\/uploads\/2021\/07\/IMG_1490-767x1024.jpg 767w, https:\/\/mb2812.de\/wp-content\/uploads\/2021\/07\/IMG_1490-225x300.jpg 225w, https:\/\/mb2812.de\/wp-content\/uploads\/2021\/07\/IMG_1490-768x1025.jpg 768w, https:\/\/mb2812.de\/wp-content\/uploads\/2021\/07\/IMG_1490-1151x1536.jpg 1151w, https:\/\/mb2812.de\/wp-content\/uploads\/2021\/07\/IMG_1490-668x891.jpg 668w, https:\/\/mb2812.de\/wp-content\/uploads\/2021\/07\/IMG_1490.jpg 1439w\" sizes=\"auto, (max-width: 767px) 100vw, 767px\" \/><\/a><figcaption class=\"wp-element-caption\"><em>Neben der Platanenallee an der Bahn<\/em><\/figcaption><\/figure>\n\n\n\n<figure class=\"wp-block-image aligncenter size-large is-resized\"><a href=\"https:\/\/mb2812.de\/wp-content\/uploads\/2021\/07\/IMG_1506.jpg\" target=\"_blank\" rel=\" noreferrer noopener\"><img loading=\"lazy\" decoding=\"async\" width=\"1024\" height=\"819\" src=\"https:\/\/mb2812.de\/wp-content\/uploads\/2021\/07\/IMG_1506-1024x819.jpg\" alt=\"\" class=\"wp-image-10914\" style=\"width:800px\" srcset=\"https:\/\/mb2812.de\/wp-content\/uploads\/2021\/07\/IMG_1506-1024x819.jpg 1024w, https:\/\/mb2812.de\/wp-content\/uploads\/2021\/07\/IMG_1506-300x240.jpg 300w, https:\/\/mb2812.de\/wp-content\/uploads\/2021\/07\/IMG_1506-768x614.jpg 768w, https:\/\/mb2812.de\/wp-content\/uploads\/2021\/07\/IMG_1506-1536x1229.jpg 1536w, https:\/\/mb2812.de\/wp-content\/uploads\/2021\/07\/IMG_1506-668x534.jpg 668w, https:\/\/mb2812.de\/wp-content\/uploads\/2021\/07\/IMG_1506.jpg 1920w\" sizes=\"auto, (max-width: 1024px) 100vw, 1024px\" \/><\/a><figcaption class=\"wp-element-caption\"><em>&#8222;Die Rossb\u00e4ndiger&#8220;, zwei gro\u00dfe Skulpturen am Anfang der Allee (1844-47, Ludwig von Hofer)<\/em><\/figcaption><\/figure>\n\n\n\n<figure class=\"wp-block-image aligncenter size-large is-resized\"><a href=\"https:\/\/mb2812.de\/wp-content\/uploads\/2021\/07\/IMG_1516.jpg\" target=\"_blank\" rel=\" noreferrer noopener\"><img loading=\"lazy\" decoding=\"async\" width=\"767\" height=\"1024\" src=\"https:\/\/mb2812.de\/wp-content\/uploads\/2021\/07\/IMG_1516-767x1024.jpg\" alt=\"\" class=\"wp-image-10917\" style=\"width:600px\" srcset=\"https:\/\/mb2812.de\/wp-content\/uploads\/2021\/07\/IMG_1516-767x1024.jpg 767w, https:\/\/mb2812.de\/wp-content\/uploads\/2021\/07\/IMG_1516-225x300.jpg 225w, https:\/\/mb2812.de\/wp-content\/uploads\/2021\/07\/IMG_1516-768x1025.jpg 768w, https:\/\/mb2812.de\/wp-content\/uploads\/2021\/07\/IMG_1516-1151x1536.jpg 1151w, https:\/\/mb2812.de\/wp-content\/uploads\/2021\/07\/IMG_1516-668x891.jpg 668w, https:\/\/mb2812.de\/wp-content\/uploads\/2021\/07\/IMG_1516.jpg 1439w\" sizes=\"auto, (max-width: 767px) 100vw, 767px\" \/><\/a><figcaption class=\"wp-element-caption\"><em>Im Oberen Schlossgarten vor dem Schauspielhaus steht &#8222;Bewegung II&#8220; von Wander Bertoni, 1961 geschaffen<\/em><\/figcaption><\/figure>\n\n\n\n<figure class=\"wp-block-image aligncenter size-large is-resized\"><a href=\"https:\/\/mb2812.de\/wp-content\/uploads\/2021\/07\/IMG_1097-160.jpg\" target=\"_blank\" rel=\" noreferrer noopener\"><img loading=\"lazy\" decoding=\"async\" width=\"1024\" height=\"819\" src=\"https:\/\/mb2812.de\/wp-content\/uploads\/2021\/07\/IMG_1097-160-1024x819.jpg\" alt=\"\" class=\"wp-image-10913\" style=\"width:600px\" srcset=\"https:\/\/mb2812.de\/wp-content\/uploads\/2021\/07\/IMG_1097-160-1024x819.jpg 1024w, https:\/\/mb2812.de\/wp-content\/uploads\/2021\/07\/IMG_1097-160-300x240.jpg 300w, https:\/\/mb2812.de\/wp-content\/uploads\/2021\/07\/IMG_1097-160-768x614.jpg 768w, https:\/\/mb2812.de\/wp-content\/uploads\/2021\/07\/IMG_1097-160-1536x1229.jpg 1536w, https:\/\/mb2812.de\/wp-content\/uploads\/2021\/07\/IMG_1097-160-668x534.jpg 668w, https:\/\/mb2812.de\/wp-content\/uploads\/2021\/07\/IMG_1097-160.jpg 1920w\" sizes=\"auto, (max-width: 1024px) 100vw, 1024px\" \/><\/a><figcaption class=\"wp-element-caption\"><em>Der Eckensee<\/em><\/figcaption><\/figure>\n\n\n\n<p>Das wars, mit dem Auto ging es wieder nach B\u00f6blingen zur\u00fcck.<\/p>\n","protected":false},"excerpt":{"rendered":"<p>Die Villa Berg, 1845-53 erbaut, steht seit 2003 leer, \u00fcber ihre Zukunft wird immer noch diskutiert. Sie war das Ziel unseres Ausflugs nach Stuttgart.<\/p>\n","protected":false},"author":1,"featured_media":10916,"comment_status":"closed","ping_status":"closed","sticky":false,"template":"","format":"standard","meta":{"footnotes":""},"categories":[26],"tags":[87,88,39,89],"class_list":["post-10890","post","type-post","status-publish","format-standard","has-post-thumbnail","hentry","category-home-again-2021","tag-87","tag-baden-wuerttemberg","tag-deutschland","tag-stuttgart"],"_links":{"self":[{"href":"https:\/\/mb2812.de\/index.php?rest_route=\/wp\/v2\/posts\/10890","targetHints":{"allow":["GET"]}}],"collection":[{"href":"https:\/\/mb2812.de\/index.php?rest_route=\/wp\/v2\/posts"}],"about":[{"href":"https:\/\/mb2812.de\/index.php?rest_route=\/wp\/v2\/types\/post"}],"author":[{"embeddable":true,"href":"https:\/\/mb2812.de\/index.php?rest_route=\/wp\/v2\/users\/1"}],"replies":[{"embeddable":true,"href":"https:\/\/mb2812.de\/index.php?rest_route=%2Fwp%2Fv2%2Fcomments&post=10890"}],"version-history":[{"count":10,"href":"https:\/\/mb2812.de\/index.php?rest_route=\/wp\/v2\/posts\/10890\/revisions"}],"predecessor-version":[{"id":16537,"href":"https:\/\/mb2812.de\/index.php?rest_route=\/wp\/v2\/posts\/10890\/revisions\/16537"}],"wp:featuredmedia":[{"embeddable":true,"href":"https:\/\/mb2812.de\/index.php?rest_route=\/wp\/v2\/media\/10916"}],"wp:attachment":[{"href":"https:\/\/mb2812.de\/index.php?rest_route=%2Fwp%2Fv2%2Fmedia&parent=10890"}],"wp:term":[{"taxonomy":"category","embeddable":true,"href":"https:\/\/mb2812.de\/index.php?rest_route=%2Fwp%2Fv2%2Fcategories&post=10890"},{"taxonomy":"post_tag","embeddable":true,"href":"https:\/\/mb2812.de\/index.php?rest_route=%2Fwp%2Fv2%2Ftags&post=10890"}],"curies":[{"name":"wp","href":"https:\/\/api.w.org\/{rel}","templated":true}]}}