{"id":10549,"date":"2020-10-10T09:00:33","date_gmt":"2020-10-10T07:00:33","guid":{"rendered":"http:\/\/reiseblog.mb2812.de\/?p=10549"},"modified":"2025-04-13T10:05:06","modified_gmt":"2025-04-13T08:05:06","slug":"wandern-im-hoennetal","status":"publish","type":"post","link":"https:\/\/mb2812.de\/?p=10549","title":{"rendered":"Wandern im H\u00f6nnetal"},"content":{"rendered":"\n<p>Anfang Oktober fand, im Prinzip als Veranstaltung einer der Vereine in denen wir Mitglied sind, ein Wanderwochende im Sauerland, ganauer gesagt im H\u00f6nnetal, statt. Eigentlich sollte es etwas anders gestaltet werden, aber Corona und ein paar andere Gr\u00fcnde f\u00fchrten zu einer doch sehr \u00fcberschaubaren Teilnehmerzahl (5 Personen), so das es ein paar Wanderungen mit Blick auf Sagen und Bergbau im Sauerland wurden.<\/p>\n\n\n\n<!--more-->\n\n\n\n<p>Wir trafen uns <strong>Samstag<\/strong> vormittag in Binolen, wo der Standort f\u00fcrs Wochenende sein sollte in <a href=\"https:\/\/www.haus-recke.de\" target=\"_blank\" rel=\"noopener\">Haus Recke<\/a>. Dann fuhren wir mit nur einem PKW zu Wolfgang (Organisator und Reisef\u00fchrer), bei ihm Zuhause gab es einen kleinen Imbiss und dann ging die erste Wanderung los. Wie man es immer macht, die erste Tour am ersten Tag ist die h\u00e4rteste, so das man an den n\u00e4chsten Tagen ziemlich tot ist und nur noch kleine Ausfl\u00fcge macht. Die Tour f\u00fchrte von Ihmert bis Binolen \u00fcber Fr\u00f6nsberg und den Balver Wald, und mit knapp 20 km L\u00e4nge und zwei Anstiegen war sie als Einstieg f\u00fcr nicht sonderlich fitte Einwohner von K\u00f6ln nicht so geeignet. Steigungen kennen wir in K\u00f6ln n\u00e4mlich nicht (ausser vielleicht auf den Rampen der Rheinbr\u00fccken). &nbsp;Meine Idee, mich nach einer kleinen Wanderung nachmittags im Biergarten von Haus Recke bei einem Weizenbier zu erholen, fiel jedenfalls buchst\u00e4blich ins Wasser. Erstens brauchten wir f\u00fcr die Strecke sowieso ziemlich lange, Abmarsch war um 12:30 Uhr, erst gegen 18:00 waren wir in Binolen. Und zum Ende hin wurde das Wetter sehr schlecht, es regnete in Str\u00f6men.<\/p>\n\n\n\n<p>Nach einer kurzen Erholung auf dem Zimmer war dann auch schon Zeit f\u00fcrs Abendessen.<\/p>\n\n\n\n<figure class=\"wp-block-image aligncenter size-full is-resized\"><a href=\"http:\/\/reiseblog.mb2812.de\/wp-content\/uploads\/2020\/10\/Elevation.jpg\" rel=\"noopener\"><img loading=\"lazy\" decoding=\"async\" width=\"1920\" height=\"744\" src=\"https:\/\/mb2812.de\/wp-content\/uploads\/2020\/10\/Elevation.jpg\" alt=\"\" class=\"wp-image-10583\" style=\"width:800px\" srcset=\"https:\/\/mb2812.de\/wp-content\/uploads\/2020\/10\/Elevation.jpg 1920w, https:\/\/mb2812.de\/wp-content\/uploads\/2020\/10\/Elevation-300x116.jpg 300w, https:\/\/mb2812.de\/wp-content\/uploads\/2020\/10\/Elevation-1024x397.jpg 1024w, https:\/\/mb2812.de\/wp-content\/uploads\/2020\/10\/Elevation-768x298.jpg 768w, https:\/\/mb2812.de\/wp-content\/uploads\/2020\/10\/Elevation-1536x595.jpg 1536w, https:\/\/mb2812.de\/wp-content\/uploads\/2020\/10\/Elevation-668x259.jpg 668w\" sizes=\"auto, (max-width: 1920px) 100vw, 1920px\" \/><\/a><figcaption class=\"wp-element-caption\">Das H\u00f6henprofil der Wanderung. Ihmert liegt auf 370 m, aber erst ging es bergab zum Ortskern, der erste Anstieg f\u00fchrte dann auf ca. 450 m bei Fr\u00f6nsberg. Das Stephanopeler Tal liegt bei 320 m und darauf folgte der zweite, lange Anstieg in den Balver Wald bis auf 540 m. Ins H\u00f6nnetal ging es dann stetig und steil bergab bis auf 200 m.<\/figcaption><\/figure>\n\n\n\n<figure class=\"wp-block-image aligncenter size-full is-resized\"><a href=\"http:\/\/reiseblog.mb2812.de\/wp-content\/uploads\/2021\/01\/IMG_8203.jpg\" rel=\"noopener\"><img loading=\"lazy\" decoding=\"async\" width=\"1920\" height=\"1536\" src=\"https:\/\/mb2812.de\/wp-content\/uploads\/2021\/01\/IMG_8203.jpg\" alt=\"\" class=\"wp-image-10561\" style=\"width:800px\" srcset=\"https:\/\/mb2812.de\/wp-content\/uploads\/2021\/01\/IMG_8203.jpg 1920w, https:\/\/mb2812.de\/wp-content\/uploads\/2021\/01\/IMG_8203-300x240.jpg 300w, https:\/\/mb2812.de\/wp-content\/uploads\/2021\/01\/IMG_8203-1024x819.jpg 1024w, https:\/\/mb2812.de\/wp-content\/uploads\/2021\/01\/IMG_8203-768x614.jpg 768w, https:\/\/mb2812.de\/wp-content\/uploads\/2021\/01\/IMG_8203-1536x1229.jpg 1536w, https:\/\/mb2812.de\/wp-content\/uploads\/2021\/01\/IMG_8203-668x534.jpg 668w\" sizes=\"auto, (max-width: 1920px) 100vw, 1920px\" \/><\/a><figcaption class=\"wp-element-caption\">Ein paar H\u00f6henmeter haben wir gewonnen und blicken auf Ihmert zur\u00fcck<\/figcaption><\/figure>\n\n\n\n<figure class=\"wp-block-image aligncenter size-full is-resized\"><a href=\"http:\/\/reiseblog.mb2812.de\/wp-content\/uploads\/2021\/01\/IMG_8207.jpg\" rel=\"noopener\"><img loading=\"lazy\" decoding=\"async\" width=\"1440\" height=\"1920\" src=\"https:\/\/mb2812.de\/wp-content\/uploads\/2021\/01\/IMG_8207.jpg\" alt=\"\" class=\"wp-image-10550\" style=\"width:600px\" srcset=\"https:\/\/mb2812.de\/wp-content\/uploads\/2021\/01\/IMG_8207.jpg 1440w, https:\/\/mb2812.de\/wp-content\/uploads\/2021\/01\/IMG_8207-225x300.jpg 225w, https:\/\/mb2812.de\/wp-content\/uploads\/2021\/01\/IMG_8207-768x1024.jpg 768w, https:\/\/mb2812.de\/wp-content\/uploads\/2021\/01\/IMG_8207-1152x1536.jpg 1152w, https:\/\/mb2812.de\/wp-content\/uploads\/2021\/01\/IMG_8207-668x891.jpg 668w\" sizes=\"auto, (max-width: 1440px) 100vw, 1440px\" \/><\/a><figcaption class=\"wp-element-caption\">Die meisten Wege sind gut ausgebaut<\/figcaption><\/figure>\n\n\n\n<figure class=\"wp-block-image aligncenter size-full is-resized\"><a href=\"http:\/\/reiseblog.mb2812.de\/wp-content\/uploads\/2021\/01\/IMG_3832.jpg\" rel=\"noopener\"><img loading=\"lazy\" decoding=\"async\" width=\"1920\" height=\"1536\" src=\"https:\/\/mb2812.de\/wp-content\/uploads\/2021\/01\/IMG_3832.jpg\" alt=\"\" class=\"wp-image-10558\" style=\"width:800px\" srcset=\"https:\/\/mb2812.de\/wp-content\/uploads\/2021\/01\/IMG_3832.jpg 1920w, https:\/\/mb2812.de\/wp-content\/uploads\/2021\/01\/IMG_3832-300x240.jpg 300w, https:\/\/mb2812.de\/wp-content\/uploads\/2021\/01\/IMG_3832-1024x819.jpg 1024w, https:\/\/mb2812.de\/wp-content\/uploads\/2021\/01\/IMG_3832-768x614.jpg 768w, https:\/\/mb2812.de\/wp-content\/uploads\/2021\/01\/IMG_3832-1536x1229.jpg 1536w, https:\/\/mb2812.de\/wp-content\/uploads\/2021\/01\/IMG_3832-668x534.jpg 668w\" sizes=\"auto, (max-width: 1920px) 100vw, 1920px\" \/><\/a><figcaption class=\"wp-element-caption\">Hier sind wir bei Fr\u00f6nsberg, die LWL Klinik liegt rechts. Der Blick reicht tats\u00e4chlich bis ins M\u00fcnsterland. Eigentlich wurde das Foto gemacht, um herauszufinden welches Kraftwerk in der Ferne (die Dampffahne links der beiden H\u00e4usern ist schwach zu erkennen) zu sehen ist. Momentan meinen wir, es w\u00e4re das Kohlekraftwerk in L\u00fcnen, 42 km entfernt.<\/figcaption><\/figure>\n\n\n\n<figure class=\"wp-block-image aligncenter size-full is-resized\"><a href=\"http:\/\/reiseblog.mb2812.de\/wp-content\/uploads\/2020\/10\/IMG_8225.jpg\" rel=\"noopener\"><img loading=\"lazy\" decoding=\"async\" width=\"1920\" height=\"1536\" src=\"https:\/\/mb2812.de\/wp-content\/uploads\/2020\/10\/IMG_8225.jpg\" alt=\"\" class=\"wp-image-10585\" style=\"width:800px\" srcset=\"https:\/\/mb2812.de\/wp-content\/uploads\/2020\/10\/IMG_8225.jpg 1920w, https:\/\/mb2812.de\/wp-content\/uploads\/2020\/10\/IMG_8225-300x240.jpg 300w, https:\/\/mb2812.de\/wp-content\/uploads\/2020\/10\/IMG_8225-1024x819.jpg 1024w, https:\/\/mb2812.de\/wp-content\/uploads\/2020\/10\/IMG_8225-768x614.jpg 768w, https:\/\/mb2812.de\/wp-content\/uploads\/2020\/10\/IMG_8225-1536x1229.jpg 1536w, https:\/\/mb2812.de\/wp-content\/uploads\/2020\/10\/IMG_8225-668x534.jpg 668w\" sizes=\"auto, (max-width: 1920px) 100vw, 1920px\" \/><\/a><figcaption class=\"wp-element-caption\">Unsere Wanderung f\u00fchrt ab Fr\u00f6nsberg zu\u00e4chst entlang der <a href=\"https:\/\/www.sauerland-waldroute.de\" target=\"_blank\" rel=\"noopener\">Sauerland Waldroute<\/a>. Viele Sagen spielen in dieser Gegend. Unsere erste Rast ist an einem entsprechenden Marker bei Fr\u00f6nsberg<\/figcaption><\/figure>\n\n\n\n<figure class=\"wp-block-image aligncenter size-full is-resized\"><a href=\"http:\/\/reiseblog.mb2812.de\/wp-content\/uploads\/2021\/01\/IMG_8233.jpg\" rel=\"noopener\"><img loading=\"lazy\" decoding=\"async\" width=\"1440\" height=\"1920\" src=\"https:\/\/mb2812.de\/wp-content\/uploads\/2021\/01\/IMG_8233.jpg\" alt=\"\" class=\"wp-image-10566\" style=\"width:600px\" srcset=\"https:\/\/mb2812.de\/wp-content\/uploads\/2021\/01\/IMG_8233.jpg 1440w, https:\/\/mb2812.de\/wp-content\/uploads\/2021\/01\/IMG_8233-225x300.jpg 225w, https:\/\/mb2812.de\/wp-content\/uploads\/2021\/01\/IMG_8233-768x1024.jpg 768w, https:\/\/mb2812.de\/wp-content\/uploads\/2021\/01\/IMG_8233-1152x1536.jpg 1152w, https:\/\/mb2812.de\/wp-content\/uploads\/2021\/01\/IMG_8233-668x891.jpg 668w\" sizes=\"auto, (max-width: 1440px) 100vw, 1440px\" \/><\/a><figcaption class=\"wp-element-caption\">Weiter gehts<\/figcaption><\/figure>\n\n\n\n<figure class=\"wp-block-image aligncenter size-full is-resized\"><a href=\"http:\/\/reiseblog.mb2812.de\/wp-content\/uploads\/2021\/01\/IMG_8280.jpg\" rel=\"noopener\"><img loading=\"lazy\" decoding=\"async\" width=\"1920\" height=\"1536\" src=\"https:\/\/mb2812.de\/wp-content\/uploads\/2021\/01\/IMG_8280.jpg\" alt=\"\" class=\"wp-image-10551\" style=\"width:800px\" srcset=\"https:\/\/mb2812.de\/wp-content\/uploads\/2021\/01\/IMG_8280.jpg 1920w, https:\/\/mb2812.de\/wp-content\/uploads\/2021\/01\/IMG_8280-300x240.jpg 300w, https:\/\/mb2812.de\/wp-content\/uploads\/2021\/01\/IMG_8280-1024x819.jpg 1024w, https:\/\/mb2812.de\/wp-content\/uploads\/2021\/01\/IMG_8280-768x614.jpg 768w, https:\/\/mb2812.de\/wp-content\/uploads\/2021\/01\/IMG_8280-1536x1229.jpg 1536w, https:\/\/mb2812.de\/wp-content\/uploads\/2021\/01\/IMG_8280-668x534.jpg 668w\" sizes=\"auto, (max-width: 1920px) 100vw, 1920px\" \/><\/a><figcaption class=\"wp-element-caption\">Der Zustand des Waldes ist nicht der Beste. Es bleibt nichts anderes \u00fcbrig als die toten B\u00e4ume zu f\u00e4llen<\/figcaption><\/figure>\n\n\n\n<figure class=\"wp-block-image aligncenter size-full is-resized\"><a href=\"http:\/\/reiseblog.mb2812.de\/wp-content\/uploads\/2021\/01\/IMG_8249.jpg\" rel=\"noopener\"><img loading=\"lazy\" decoding=\"async\" width=\"1920\" height=\"1536\" src=\"https:\/\/mb2812.de\/wp-content\/uploads\/2021\/01\/IMG_8249.jpg\" alt=\"\" class=\"wp-image-10553\" style=\"width:800px\" srcset=\"https:\/\/mb2812.de\/wp-content\/uploads\/2021\/01\/IMG_8249.jpg 1920w, https:\/\/mb2812.de\/wp-content\/uploads\/2021\/01\/IMG_8249-300x240.jpg 300w, https:\/\/mb2812.de\/wp-content\/uploads\/2021\/01\/IMG_8249-1024x819.jpg 1024w, https:\/\/mb2812.de\/wp-content\/uploads\/2021\/01\/IMG_8249-768x614.jpg 768w, https:\/\/mb2812.de\/wp-content\/uploads\/2021\/01\/IMG_8249-1536x1229.jpg 1536w, https:\/\/mb2812.de\/wp-content\/uploads\/2021\/01\/IMG_8249-668x534.jpg 668w\" sizes=\"auto, (max-width: 1920px) 100vw, 1920px\" \/><\/a><figcaption class=\"wp-element-caption\">Bei den nun aufkommenden d\u00fcsteren Wolken und der desolaten Umgebung kann man sich vorstellen, das einem in wenigen Minuten eine Ork Armee begegnet<\/figcaption><\/figure>\n\n\n\n<figure class=\"wp-block-image aligncenter size-full is-resized\"><a href=\"http:\/\/reiseblog.mb2812.de\/wp-content\/uploads\/2021\/01\/IMG_8295.jpg\" rel=\"noopener\"><img loading=\"lazy\" decoding=\"async\" width=\"1920\" height=\"1536\" src=\"https:\/\/mb2812.de\/wp-content\/uploads\/2021\/01\/IMG_8295.jpg\" alt=\"\" class=\"wp-image-10562\" style=\"width:800px\" srcset=\"https:\/\/mb2812.de\/wp-content\/uploads\/2021\/01\/IMG_8295.jpg 1920w, https:\/\/mb2812.de\/wp-content\/uploads\/2021\/01\/IMG_8295-300x240.jpg 300w, https:\/\/mb2812.de\/wp-content\/uploads\/2021\/01\/IMG_8295-1024x819.jpg 1024w, https:\/\/mb2812.de\/wp-content\/uploads\/2021\/01\/IMG_8295-768x614.jpg 768w, https:\/\/mb2812.de\/wp-content\/uploads\/2021\/01\/IMG_8295-1536x1229.jpg 1536w, https:\/\/mb2812.de\/wp-content\/uploads\/2021\/01\/IMG_8295-668x534.jpg 668w\" sizes=\"auto, (max-width: 1920px) 100vw, 1920px\" \/><\/a><figcaption class=\"wp-element-caption\">Wo geht&#8217;s lang?<\/figcaption><\/figure>\n\n\n\n<figure class=\"wp-block-image aligncenter size-full is-resized\"><a href=\"http:\/\/reiseblog.mb2812.de\/wp-content\/uploads\/2021\/01\/IMG_8325-1233-1428.jpg\" rel=\"noopener\"><img loading=\"lazy\" decoding=\"async\" width=\"1440\" height=\"1920\" src=\"https:\/\/mb2812.de\/wp-content\/uploads\/2021\/01\/IMG_8325-1233-1428.jpg\" alt=\"\" class=\"wp-image-10567\" style=\"width:600px\" srcset=\"https:\/\/mb2812.de\/wp-content\/uploads\/2021\/01\/IMG_8325-1233-1428.jpg 1440w, https:\/\/mb2812.de\/wp-content\/uploads\/2021\/01\/IMG_8325-1233-1428-225x300.jpg 225w, https:\/\/mb2812.de\/wp-content\/uploads\/2021\/01\/IMG_8325-1233-1428-768x1024.jpg 768w, https:\/\/mb2812.de\/wp-content\/uploads\/2021\/01\/IMG_8325-1233-1428-1152x1536.jpg 1152w, https:\/\/mb2812.de\/wp-content\/uploads\/2021\/01\/IMG_8325-1233-1428-668x891.jpg 668w\" sizes=\"auto, (max-width: 1440px) 100vw, 1440px\" \/><\/a><figcaption class=\"wp-element-caption\">Das Ziel ist erreicht: Haus Recke in Binolen<\/figcaption><\/figure>\n\n\n\n<p>Am <strong>Sonntag<\/strong> gab es dann nur ein kleines Programm. Insbesondere ohne allzu viele zu bew\u00e4ltigende H\u00f6henmeter. Wir wanderten ab Binolen h\u00f6nneaufw\u00e4rts bis kurz vor Balve. Dort gibt es die Luisenh\u00fctte Wocklum.<\/p>\n\n\n\n<figure class=\"wp-block-image aligncenter size-full is-resized\"><a href=\"http:\/\/reiseblog.mb2812.de\/wp-content\/uploads\/2021\/01\/IMG_8337.jpg\" rel=\"noopener\"><img loading=\"lazy\" decoding=\"async\" width=\"1440\" height=\"1920\" src=\"https:\/\/mb2812.de\/wp-content\/uploads\/2021\/01\/IMG_8337.jpg\" alt=\"\" class=\"wp-image-10568\" style=\"width:600px\" srcset=\"https:\/\/mb2812.de\/wp-content\/uploads\/2021\/01\/IMG_8337.jpg 1440w, https:\/\/mb2812.de\/wp-content\/uploads\/2021\/01\/IMG_8337-225x300.jpg 225w, https:\/\/mb2812.de\/wp-content\/uploads\/2021\/01\/IMG_8337-768x1024.jpg 768w, https:\/\/mb2812.de\/wp-content\/uploads\/2021\/01\/IMG_8337-1152x1536.jpg 1152w, https:\/\/mb2812.de\/wp-content\/uploads\/2021\/01\/IMG_8337-668x891.jpg 668w\" sizes=\"auto, (max-width: 1440px) 100vw, 1440px\" \/><\/a><figcaption class=\"wp-element-caption\">Die Anfang des 19. Jahrhunderts gebaute H\u00f6nnebr\u00fccke in Volkringhausen<\/figcaption><\/figure>\n\n\n\n<p>Bei der Luisenh\u00fctte handelt es sich um ein 1748 gegr\u00fcndetes vorindustrielles H\u00fcttenwerk mit Hochofen und Eisengie\u00dferei. 1865 wurde sie stillgelegt.<\/p>\n\n\n\n<figure class=\"wp-block-image aligncenter size-full is-resized\"><a href=\"http:\/\/reiseblog.mb2812.de\/wp-content\/uploads\/2021\/01\/IMG_8378-1429.jpg\" rel=\"noopener\"><img loading=\"lazy\" decoding=\"async\" width=\"1920\" height=\"1536\" src=\"https:\/\/mb2812.de\/wp-content\/uploads\/2021\/01\/IMG_8378-1429.jpg\" alt=\"\" class=\"wp-image-10554\" style=\"width:800px\" srcset=\"https:\/\/mb2812.de\/wp-content\/uploads\/2021\/01\/IMG_8378-1429.jpg 1920w, https:\/\/mb2812.de\/wp-content\/uploads\/2021\/01\/IMG_8378-1429-300x240.jpg 300w, https:\/\/mb2812.de\/wp-content\/uploads\/2021\/01\/IMG_8378-1429-1024x819.jpg 1024w, https:\/\/mb2812.de\/wp-content\/uploads\/2021\/01\/IMG_8378-1429-768x614.jpg 768w, https:\/\/mb2812.de\/wp-content\/uploads\/2021\/01\/IMG_8378-1429-1536x1229.jpg 1536w, https:\/\/mb2812.de\/wp-content\/uploads\/2021\/01\/IMG_8378-1429-668x534.jpg 668w\" sizes=\"auto, (max-width: 1920px) 100vw, 1920px\" \/><\/a><figcaption class=\"wp-element-caption\">Ansicht der Luisenh\u00fctte Wocklum<\/figcaption><\/figure>\n\n\n\n<figure class=\"wp-block-image aligncenter size-full is-resized\"><a href=\"http:\/\/reiseblog.mb2812.de\/wp-content\/uploads\/2020\/10\/IMG_8350.jpg\" rel=\"noopener\"><img loading=\"lazy\" decoding=\"async\" width=\"1440\" height=\"1920\" src=\"https:\/\/mb2812.de\/wp-content\/uploads\/2020\/10\/IMG_8350.jpg\" alt=\"\" class=\"wp-image-10597\" style=\"width:600px\" srcset=\"https:\/\/mb2812.de\/wp-content\/uploads\/2020\/10\/IMG_8350.jpg 1440w, https:\/\/mb2812.de\/wp-content\/uploads\/2020\/10\/IMG_8350-225x300.jpg 225w, https:\/\/mb2812.de\/wp-content\/uploads\/2020\/10\/IMG_8350-768x1024.jpg 768w, https:\/\/mb2812.de\/wp-content\/uploads\/2020\/10\/IMG_8350-1152x1536.jpg 1152w, https:\/\/mb2812.de\/wp-content\/uploads\/2020\/10\/IMG_8350-668x891.jpg 668w\" sizes=\"auto, (max-width: 1440px) 100vw, 1440px\" \/><\/a><figcaption class=\"wp-element-caption\">Im Inneren<\/figcaption><\/figure>\n\n\n\n<figure class=\"wp-block-image aligncenter size-full is-resized\"><a href=\"http:\/\/reiseblog.mb2812.de\/wp-content\/uploads\/2021\/01\/IMG_8367.jpg\" rel=\"noopener\"><img loading=\"lazy\" decoding=\"async\" width=\"1440\" height=\"1920\" src=\"https:\/\/mb2812.de\/wp-content\/uploads\/2021\/01\/IMG_8367.jpg\" alt=\"\" class=\"wp-image-10569\" style=\"width:600px\" srcset=\"https:\/\/mb2812.de\/wp-content\/uploads\/2021\/01\/IMG_8367.jpg 1440w, https:\/\/mb2812.de\/wp-content\/uploads\/2021\/01\/IMG_8367-225x300.jpg 225w, https:\/\/mb2812.de\/wp-content\/uploads\/2021\/01\/IMG_8367-768x1024.jpg 768w, https:\/\/mb2812.de\/wp-content\/uploads\/2021\/01\/IMG_8367-1152x1536.jpg 1152w, https:\/\/mb2812.de\/wp-content\/uploads\/2021\/01\/IMG_8367-668x891.jpg 668w\" sizes=\"auto, (max-width: 1440px) 100vw, 1440px\" \/><\/a><figcaption class=\"wp-element-caption\">Im Inneren<\/figcaption><\/figure>\n\n\n\n<p>Ebenfalls gibt es dort das kleine Museum f\u00fcr Vor- und Fr\u00fchgeschichte der Stadt Balve.<\/p>\n\n\n\n<p>Der R\u00fcckweg f\u00fchrte uns zun\u00e4chst zum Wocklumer Schloss.<\/p>\n\n\n\n<figure class=\"wp-block-image aligncenter size-full is-resized\"><a href=\"http:\/\/reiseblog.mb2812.de\/wp-content\/uploads\/2021\/01\/IMG_8397-1430.jpg\" target=\"_blank\" rel=\"noopener\"><img loading=\"lazy\" decoding=\"async\" width=\"1920\" height=\"1536\" src=\"https:\/\/mb2812.de\/wp-content\/uploads\/2021\/01\/IMG_8397-1430.jpg\" alt=\"\" class=\"wp-image-10563\" style=\"width:800px\" srcset=\"https:\/\/mb2812.de\/wp-content\/uploads\/2021\/01\/IMG_8397-1430.jpg 1920w, https:\/\/mb2812.de\/wp-content\/uploads\/2021\/01\/IMG_8397-1430-300x240.jpg 300w, https:\/\/mb2812.de\/wp-content\/uploads\/2021\/01\/IMG_8397-1430-1024x819.jpg 1024w, https:\/\/mb2812.de\/wp-content\/uploads\/2021\/01\/IMG_8397-1430-768x614.jpg 768w, https:\/\/mb2812.de\/wp-content\/uploads\/2021\/01\/IMG_8397-1430-1536x1229.jpg 1536w, https:\/\/mb2812.de\/wp-content\/uploads\/2021\/01\/IMG_8397-1430-668x534.jpg 668w\" sizes=\"auto, (max-width: 1920px) 100vw, 1920px\" \/><\/a><\/figure>\n\n\n\n<p><\/p>\n\n\n\n<figure class=\"wp-block-image aligncenter size-full is-resized\"><a href=\"http:\/\/reiseblog.mb2812.de\/wp-content\/uploads\/2021\/01\/IMG_8400-1431.jpg\" target=\"_blank\" rel=\"noopener\"><img loading=\"lazy\" decoding=\"async\" width=\"1920\" height=\"1536\" src=\"https:\/\/mb2812.de\/wp-content\/uploads\/2021\/01\/IMG_8400-1431.jpg\" alt=\"\" class=\"wp-image-10555\" style=\"width:800px\" srcset=\"https:\/\/mb2812.de\/wp-content\/uploads\/2021\/01\/IMG_8400-1431.jpg 1920w, https:\/\/mb2812.de\/wp-content\/uploads\/2021\/01\/IMG_8400-1431-300x240.jpg 300w, https:\/\/mb2812.de\/wp-content\/uploads\/2021\/01\/IMG_8400-1431-1024x819.jpg 1024w, https:\/\/mb2812.de\/wp-content\/uploads\/2021\/01\/IMG_8400-1431-768x614.jpg 768w, https:\/\/mb2812.de\/wp-content\/uploads\/2021\/01\/IMG_8400-1431-1536x1229.jpg 1536w, https:\/\/mb2812.de\/wp-content\/uploads\/2021\/01\/IMG_8400-1431-668x534.jpg 668w\" sizes=\"auto, (max-width: 1920px) 100vw, 1920px\" \/><\/a><\/figure>\n\n\n\n<p><\/p>\n\n\n\n<p>Der weitere Weg war etwas von Irrungen und Wirrungen gekennzeichnet, gab es doch auf einmal einen Schlagbaum quer \u00fcber den Weg und dahinter einen Abgrund, der Steinbruch hatte irgenwann einmal den Wanderweg gefressen. Bei der Umleitung orientierten wir uns an Openstreetmap, auf dem dort eingezeichneten Weg kamen wir an keinem Verbotsschild vorbei, landeten aber trotzdem auf dem Betriebsgel\u00e4nde des Steinbruchs. Am Sonntag hat uns dort aber keiner bemerkt. Durchs Tor erreichten wir unbehelligt die Hauptstra\u00dfe und wanderten wieder zur\u00fcck bis Binolen. F\u00fcnfeinhalb Stunden (mit Pausen und Besichtigung der H\u00fctte) dauerte diese insgesamt ca. 16 km lange Wanderung.<\/p>\n\n\n\n<figure class=\"wp-block-image aligncenter size-full is-resized\"><a href=\"http:\/\/reiseblog.mb2812.de\/wp-content\/uploads\/2021\/01\/IMG_8407.jpg\" rel=\"noopener\"><img loading=\"lazy\" decoding=\"async\" width=\"1440\" height=\"1920\" src=\"https:\/\/mb2812.de\/wp-content\/uploads\/2021\/01\/IMG_8407.jpg\" alt=\"\" class=\"wp-image-10552\" style=\"width:600px\" srcset=\"https:\/\/mb2812.de\/wp-content\/uploads\/2021\/01\/IMG_8407.jpg 1440w, https:\/\/mb2812.de\/wp-content\/uploads\/2021\/01\/IMG_8407-225x300.jpg 225w, https:\/\/mb2812.de\/wp-content\/uploads\/2021\/01\/IMG_8407-768x1024.jpg 768w, https:\/\/mb2812.de\/wp-content\/uploads\/2021\/01\/IMG_8407-1152x1536.jpg 1152w, https:\/\/mb2812.de\/wp-content\/uploads\/2021\/01\/IMG_8407-668x891.jpg 668w\" sizes=\"auto, (max-width: 1440px) 100vw, 1440px\" \/><\/a><figcaption class=\"wp-element-caption\">Am Rande des Steinbruchs<\/figcaption><\/figure>\n\n\n\n<figure class=\"wp-block-image aligncenter size-full is-resized\"><a href=\"http:\/\/reiseblog.mb2812.de\/wp-content\/uploads\/2021\/01\/IMG_8412.jpg\" rel=\"noopener\"><img loading=\"lazy\" decoding=\"async\" width=\"1920\" height=\"1536\" src=\"https:\/\/mb2812.de\/wp-content\/uploads\/2021\/01\/IMG_8412.jpg\" alt=\"\" class=\"wp-image-10556\" style=\"width:800px\" srcset=\"https:\/\/mb2812.de\/wp-content\/uploads\/2021\/01\/IMG_8412.jpg 1920w, https:\/\/mb2812.de\/wp-content\/uploads\/2021\/01\/IMG_8412-300x240.jpg 300w, https:\/\/mb2812.de\/wp-content\/uploads\/2021\/01\/IMG_8412-1024x819.jpg 1024w, https:\/\/mb2812.de\/wp-content\/uploads\/2021\/01\/IMG_8412-768x614.jpg 768w, https:\/\/mb2812.de\/wp-content\/uploads\/2021\/01\/IMG_8412-1536x1229.jpg 1536w, https:\/\/mb2812.de\/wp-content\/uploads\/2021\/01\/IMG_8412-668x534.jpg 668w\" sizes=\"auto, (max-width: 1920px) 100vw, 1920px\" \/><\/a><figcaption class=\"wp-element-caption\">Blick vom Wanderweg auf die H\u00f6nnetalstra\u00dfe, die B515<\/figcaption><\/figure>\n\n\n\n<p><strong>Montag <\/strong>Morgen gab es dann noch eine Wanderung entlang der H\u00f6nne in n\u00f6rdlicher Richtung. &nbsp;Auf dem direkt neben der H\u00f6nne verlaufenden Weg in Richtung des ehemaligen Haltepunktes Klusenstein bis direkt unterhalb der Burg, dann den Berg hinauf zur Feldhofh\u00f6hle, entlang des Bremkebachs und wieder zur\u00fcck nach Binolen. Knapp 9 km waren es, drei Stunden haben wir daf\u00fcr gebraucht.<\/p>\n\n\n\n<figure class=\"wp-block-image aligncenter size-full is-resized\"><a href=\"http:\/\/reiseblog.mb2812.de\/wp-content\/uploads\/2020\/10\/IMG_8443-1432.jpg\" rel=\"noopener\"><img loading=\"lazy\" decoding=\"async\" width=\"1440\" height=\"1920\" src=\"https:\/\/mb2812.de\/wp-content\/uploads\/2020\/10\/IMG_8443-1432.jpg\" alt=\"\" class=\"wp-image-10576\" style=\"width:600px\" srcset=\"https:\/\/mb2812.de\/wp-content\/uploads\/2020\/10\/IMG_8443-1432.jpg 1440w, https:\/\/mb2812.de\/wp-content\/uploads\/2020\/10\/IMG_8443-1432-225x300.jpg 225w, https:\/\/mb2812.de\/wp-content\/uploads\/2020\/10\/IMG_8443-1432-768x1024.jpg 768w, https:\/\/mb2812.de\/wp-content\/uploads\/2020\/10\/IMG_8443-1432-1152x1536.jpg 1152w, https:\/\/mb2812.de\/wp-content\/uploads\/2020\/10\/IMG_8443-1432-668x891.jpg 668w\" sizes=\"auto, (max-width: 1440px) 100vw, 1440px\" \/><\/a><figcaption class=\"wp-element-caption\">Die Klusensteiner M\u00fchle neben der H\u00f6nne<\/figcaption><\/figure>\n\n\n\n<figure class=\"wp-block-image aligncenter size-full is-resized\"><a href=\"http:\/\/reiseblog.mb2812.de\/wp-content\/uploads\/2021\/01\/IMG_8470.jpg\" rel=\"noopener\"><img loading=\"lazy\" decoding=\"async\" width=\"1440\" height=\"1920\" src=\"https:\/\/mb2812.de\/wp-content\/uploads\/2021\/01\/IMG_8470.jpg\" alt=\"\" class=\"wp-image-10570\" style=\"width:600px\" srcset=\"https:\/\/mb2812.de\/wp-content\/uploads\/2021\/01\/IMG_8470.jpg 1440w, https:\/\/mb2812.de\/wp-content\/uploads\/2021\/01\/IMG_8470-225x300.jpg 225w, https:\/\/mb2812.de\/wp-content\/uploads\/2021\/01\/IMG_8470-768x1024.jpg 768w, https:\/\/mb2812.de\/wp-content\/uploads\/2021\/01\/IMG_8470-1152x1536.jpg 1152w, https:\/\/mb2812.de\/wp-content\/uploads\/2021\/01\/IMG_8470-668x891.jpg 668w\" sizes=\"auto, (max-width: 1440px) 100vw, 1440px\" \/><\/a><figcaption class=\"wp-element-caption\">Bergauf<\/figcaption><\/figure>\n\n\n\n<figure class=\"wp-block-image aligncenter size-full is-resized\"><a href=\"http:\/\/reiseblog.mb2812.de\/wp-content\/uploads\/2021\/01\/IMG_8476.jpg\" rel=\"noopener\"><img loading=\"lazy\" decoding=\"async\" width=\"1920\" height=\"1536\" src=\"https:\/\/mb2812.de\/wp-content\/uploads\/2021\/01\/IMG_8476.jpg\" alt=\"\" class=\"wp-image-10565\" style=\"width:800px\" srcset=\"https:\/\/mb2812.de\/wp-content\/uploads\/2021\/01\/IMG_8476.jpg 1920w, https:\/\/mb2812.de\/wp-content\/uploads\/2021\/01\/IMG_8476-300x240.jpg 300w, https:\/\/mb2812.de\/wp-content\/uploads\/2021\/01\/IMG_8476-1024x819.jpg 1024w, https:\/\/mb2812.de\/wp-content\/uploads\/2021\/01\/IMG_8476-768x614.jpg 768w, https:\/\/mb2812.de\/wp-content\/uploads\/2021\/01\/IMG_8476-1536x1229.jpg 1536w, https:\/\/mb2812.de\/wp-content\/uploads\/2021\/01\/IMG_8476-668x534.jpg 668w\" sizes=\"auto, (max-width: 1920px) 100vw, 1920px\" \/><\/a><figcaption class=\"wp-element-caption\">Der Weg f\u00fchrt direkt an der Feldhofh\u00f6hle vorbei<\/figcaption><\/figure>\n\n\n\n<figure class=\"wp-block-image aligncenter size-full\"><a href=\"http:\/\/reiseblog.mb2812.de\/wp-content\/uploads\/2021\/01\/IMG_3856.jpg\" rel=\"noopener\"><img loading=\"lazy\" decoding=\"async\" width=\"1920\" height=\"1536\" src=\"https:\/\/mb2812.de\/wp-content\/uploads\/2021\/01\/IMG_3856.jpg\" alt=\"\" class=\"wp-image-10560\" srcset=\"https:\/\/mb2812.de\/wp-content\/uploads\/2021\/01\/IMG_3856.jpg 1920w, https:\/\/mb2812.de\/wp-content\/uploads\/2021\/01\/IMG_3856-300x240.jpg 300w, https:\/\/mb2812.de\/wp-content\/uploads\/2021\/01\/IMG_3856-1024x819.jpg 1024w, https:\/\/mb2812.de\/wp-content\/uploads\/2021\/01\/IMG_3856-768x614.jpg 768w, https:\/\/mb2812.de\/wp-content\/uploads\/2021\/01\/IMG_3856-1536x1229.jpg 1536w, https:\/\/mb2812.de\/wp-content\/uploads\/2021\/01\/IMG_3856-668x534.jpg 668w\" sizes=\"auto, (max-width: 1920px) 100vw, 1920px\" \/><\/a><figcaption class=\"wp-element-caption\">Eingang der Feldhofh\u00f6hle<\/figcaption><\/figure>\n\n\n\n<figure class=\"wp-block-image aligncenter size-full is-resized\"><a href=\"http:\/\/reiseblog.mb2812.de\/wp-content\/uploads\/2021\/01\/IMG_3849.jpg\" rel=\"noopener\"><img loading=\"lazy\" decoding=\"async\" width=\"1440\" height=\"1920\" src=\"https:\/\/mb2812.de\/wp-content\/uploads\/2021\/01\/IMG_3849.jpg\" alt=\"\" class=\"wp-image-10559\" style=\"width:600px\" srcset=\"https:\/\/mb2812.de\/wp-content\/uploads\/2021\/01\/IMG_3849.jpg 1440w, https:\/\/mb2812.de\/wp-content\/uploads\/2021\/01\/IMG_3849-225x300.jpg 225w, https:\/\/mb2812.de\/wp-content\/uploads\/2021\/01\/IMG_3849-768x1024.jpg 768w, https:\/\/mb2812.de\/wp-content\/uploads\/2021\/01\/IMG_3849-1152x1536.jpg 1152w, https:\/\/mb2812.de\/wp-content\/uploads\/2021\/01\/IMG_3849-668x891.jpg 668w\" sizes=\"auto, (max-width: 1440px) 100vw, 1440px\" \/><\/a><figcaption class=\"wp-element-caption\">Kurz unterhalb der Feldhofh\u00f6hle gibt es eine Aussichtsstelle mit Blick auf Bahn und Burg Klusenstein<\/figcaption><\/figure>\n\n\n\n<figure class=\"wp-block-image aligncenter size-full is-resized\"><a href=\"http:\/\/reiseblog.mb2812.de\/wp-content\/uploads\/2020\/10\/IMG_8488.jpg\" rel=\"noopener\"><img loading=\"lazy\" decoding=\"async\" width=\"1920\" height=\"1536\" src=\"https:\/\/mb2812.de\/wp-content\/uploads\/2020\/10\/IMG_8488.jpg\" alt=\"\" class=\"wp-image-10572\" style=\"width:800px\" srcset=\"https:\/\/mb2812.de\/wp-content\/uploads\/2020\/10\/IMG_8488.jpg 1920w, https:\/\/mb2812.de\/wp-content\/uploads\/2020\/10\/IMG_8488-300x240.jpg 300w, https:\/\/mb2812.de\/wp-content\/uploads\/2020\/10\/IMG_8488-1024x819.jpg 1024w, https:\/\/mb2812.de\/wp-content\/uploads\/2020\/10\/IMG_8488-768x614.jpg 768w, https:\/\/mb2812.de\/wp-content\/uploads\/2020\/10\/IMG_8488-1536x1229.jpg 1536w, https:\/\/mb2812.de\/wp-content\/uploads\/2020\/10\/IMG_8488-668x534.jpg 668w\" sizes=\"auto, (max-width: 1920px) 100vw, 1920px\" \/><\/a><figcaption class=\"wp-element-caption\">Im Bremkebachtal<\/figcaption><\/figure>\n\n\n\n<figure class=\"wp-block-image aligncenter size-full is-resized\"><a href=\"http:\/\/reiseblog.mb2812.de\/wp-content\/uploads\/2020\/10\/IMG_8495.jpg\" rel=\"noopener\"><img loading=\"lazy\" decoding=\"async\" width=\"1440\" height=\"1920\" src=\"https:\/\/mb2812.de\/wp-content\/uploads\/2020\/10\/IMG_8495.jpg\" alt=\"\" class=\"wp-image-10577\" style=\"width:600px\" srcset=\"https:\/\/mb2812.de\/wp-content\/uploads\/2020\/10\/IMG_8495.jpg 1440w, https:\/\/mb2812.de\/wp-content\/uploads\/2020\/10\/IMG_8495-225x300.jpg 225w, https:\/\/mb2812.de\/wp-content\/uploads\/2020\/10\/IMG_8495-768x1024.jpg 768w, https:\/\/mb2812.de\/wp-content\/uploads\/2020\/10\/IMG_8495-1152x1536.jpg 1152w, https:\/\/mb2812.de\/wp-content\/uploads\/2020\/10\/IMG_8495-668x891.jpg 668w\" sizes=\"auto, (max-width: 1440px) 100vw, 1440px\" \/><\/a><figcaption class=\"wp-element-caption\">Zum Schluss noch ein Foto von mir auf den schmalen Wegen<\/figcaption><\/figure>\n\n\n\n<p>Um 13 Uhr endete das Wochenende und wir machten uns auf den langen Weg nach B\u00f6blingen, wo wir am Sp\u00e4tnachmittag ankamen.<\/p>\n","protected":false},"excerpt":{"rendered":"<p>Wir namen an einem Wanderwochende im H\u00f6nnetal im Sauerland teil. <\/p>\n","protected":false},"author":1,"featured_media":10562,"comment_status":"closed","ping_status":"closed","sticky":false,"template":"","format":"standard","meta":{"footnotes":""},"categories":[25],"tags":[239,39,242,436,93],"class_list":["post-10549","post","type-post","status-publish","format-standard","has-post-thumbnail","hentry","category-corona-2020","tag-239","tag-deutschland","tag-hoennetal","tag-sauerland","tag-westfalen"],"_links":{"self":[{"href":"https:\/\/mb2812.de\/index.php?rest_route=\/wp\/v2\/posts\/10549","targetHints":{"allow":["GET"]}}],"collection":[{"href":"https:\/\/mb2812.de\/index.php?rest_route=\/wp\/v2\/posts"}],"about":[{"href":"https:\/\/mb2812.de\/index.php?rest_route=\/wp\/v2\/types\/post"}],"author":[{"embeddable":true,"href":"https:\/\/mb2812.de\/index.php?rest_route=\/wp\/v2\/users\/1"}],"replies":[{"embeddable":true,"href":"https:\/\/mb2812.de\/index.php?rest_route=%2Fwp%2Fv2%2Fcomments&post=10549"}],"version-history":[{"count":16,"href":"https:\/\/mb2812.de\/index.php?rest_route=\/wp\/v2\/posts\/10549\/revisions"}],"predecessor-version":[{"id":16638,"href":"https:\/\/mb2812.de\/index.php?rest_route=\/wp\/v2\/posts\/10549\/revisions\/16638"}],"wp:featuredmedia":[{"embeddable":true,"href":"https:\/\/mb2812.de\/index.php?rest_route=\/wp\/v2\/media\/10562"}],"wp:attachment":[{"href":"https:\/\/mb2812.de\/index.php?rest_route=%2Fwp%2Fv2%2Fmedia&parent=10549"}],"wp:term":[{"taxonomy":"category","embeddable":true,"href":"https:\/\/mb2812.de\/index.php?rest_route=%2Fwp%2Fv2%2Fcategories&post=10549"},{"taxonomy":"post_tag","embeddable":true,"href":"https:\/\/mb2812.de\/index.php?rest_route=%2Fwp%2Fv2%2Ftags&post=10549"}],"curies":[{"name":"wp","href":"https:\/\/api.w.org\/{rel}","templated":true}]}}