{"id":10436,"date":"2020-05-12T09:00:51","date_gmt":"2020-05-12T07:00:51","guid":{"rendered":"http:\/\/reiseblog.mb2812.de\/?p=10436"},"modified":"2025-02-04T22:25:09","modified_gmt":"2025-02-04T20:25:09","slug":"klostertour-im-sueden","status":"publish","type":"post","link":"https:\/\/mb2812.de\/?p=10436","title":{"rendered":"Klostertour im S\u00fcden"},"content":{"rendered":"\n<p>Einen gro\u00dfen Ausflug gab es in den zwei Wochen, wir sind an den Bodensee gefahren. Eine &#8222;Klostertour&#8220; wurde es eher zuf\u00e4llig, wir fuhren \u00fcber Landstra\u00dfen und da f\u00fchrt einer der m\u00f6glichen Wege durch Beuron. Wir trafen die Entscheidung hier einen Zwischenstop zum machen. Eine Besichtigung des Klosters war nat\u00fcrlich nur sehr eingeschr\u00e4nkt m\u00f6glich, im Prinzip konnten wir nur die Klosterkirche besuchen.<\/p>\n\n\n\n<p>Danach ging es nach \u00dcberlingen, und nachdem es im Ort nichts zu tun gab (keine Caf\u00e9s, keine Restaurants, keine Schifffahrten &#8230;) machten wir vom Parkplatz eine Wanderung am See entlang Richtung Unteruhldingen bis zum Kloster Birnau und wieder zur\u00fcck.<\/p>\n\n\n\n<p>Zun\u00e4chst die Fotos vom Stop in Beuron:<\/p>\n\n\n\n<figure class=\"wp-block-image aligncenter size-large is-resized\"><a href=\"https:\/\/mb2812.de\/wp-content\/uploads\/2020\/12\/IMG_20200512_111213-1.jpg\" target=\"_blank\" rel=\" noreferrer noopener\"><img loading=\"lazy\" decoding=\"async\" width=\"1024\" height=\"819\" src=\"https:\/\/mb2812.de\/wp-content\/uploads\/2020\/12\/IMG_20200512_111213-1-1024x819.jpg\" alt=\"\" class=\"wp-image-10481\" style=\"width:800px\" srcset=\"https:\/\/mb2812.de\/wp-content\/uploads\/2020\/12\/IMG_20200512_111213-1-1024x819.jpg 1024w, https:\/\/mb2812.de\/wp-content\/uploads\/2020\/12\/IMG_20200512_111213-1-300x240.jpg 300w, https:\/\/mb2812.de\/wp-content\/uploads\/2020\/12\/IMG_20200512_111213-1-768x614.jpg 768w, https:\/\/mb2812.de\/wp-content\/uploads\/2020\/12\/IMG_20200512_111213-1-1536x1229.jpg 1536w, https:\/\/mb2812.de\/wp-content\/uploads\/2020\/12\/IMG_20200512_111213-1-668x534.jpg 668w, https:\/\/mb2812.de\/wp-content\/uploads\/2020\/12\/IMG_20200512_111213-1.jpg 1920w\" sizes=\"auto, (max-width: 1024px) 100vw, 1024px\" \/><\/a><figcaption class=\"wp-element-caption\"><em>Die Kreidefelsen im Donautal vom Klosterparkplatz aus<\/em><\/figcaption><\/figure>\n\n\n\n<!--more-->\n\n\n\n<figure class=\"wp-block-image aligncenter size-large is-resized\"><a href=\"https:\/\/mb2812.de\/wp-content\/uploads\/2020\/12\/IMG_20200512_111435-1.jpg\" target=\"_blank\" rel=\" noreferrer noopener\"><img loading=\"lazy\" decoding=\"async\" width=\"768\" height=\"1024\" src=\"https:\/\/mb2812.de\/wp-content\/uploads\/2020\/12\/IMG_20200512_111435-1-768x1024.jpg\" alt=\"\" class=\"wp-image-10492\" style=\"width:600px\" srcset=\"https:\/\/mb2812.de\/wp-content\/uploads\/2020\/12\/IMG_20200512_111435-1-768x1024.jpg 768w, https:\/\/mb2812.de\/wp-content\/uploads\/2020\/12\/IMG_20200512_111435-1-225x300.jpg 225w, https:\/\/mb2812.de\/wp-content\/uploads\/2020\/12\/IMG_20200512_111435-1-1152x1536.jpg 1152w, https:\/\/mb2812.de\/wp-content\/uploads\/2020\/12\/IMG_20200512_111435-1-668x891.jpg 668w, https:\/\/mb2812.de\/wp-content\/uploads\/2020\/12\/IMG_20200512_111435-1.jpg 1440w\" sizes=\"auto, (max-width: 768px) 100vw, 768px\" \/><\/a><figcaption class=\"wp-element-caption\"><em>Durch Beuron f\u00fchrt ein Jakobspilgerweg (Via Beuronensis), eine 2011 geschaffene Pilgerfigur am Parkplatz weist den Weg zum Kloster<\/em><\/figcaption><\/figure>\n\n\n\n<figure class=\"wp-block-image aligncenter size-large is-resized\"><a href=\"https:\/\/mb2812.de\/wp-content\/uploads\/2020\/05\/IMG_20200512_111514.jpg\" target=\"_blank\" rel=\" noreferrer noopener\"><img loading=\"lazy\" decoding=\"async\" width=\"1024\" height=\"819\" src=\"https:\/\/mb2812.de\/wp-content\/uploads\/2020\/05\/IMG_20200512_111514-1024x819.jpg\" alt=\"\" class=\"wp-image-10509\" style=\"width:800px\" srcset=\"https:\/\/mb2812.de\/wp-content\/uploads\/2020\/05\/IMG_20200512_111514-1024x819.jpg 1024w, https:\/\/mb2812.de\/wp-content\/uploads\/2020\/05\/IMG_20200512_111514-300x240.jpg 300w, https:\/\/mb2812.de\/wp-content\/uploads\/2020\/05\/IMG_20200512_111514-768x614.jpg 768w, https:\/\/mb2812.de\/wp-content\/uploads\/2020\/05\/IMG_20200512_111514-1536x1229.jpg 1536w, https:\/\/mb2812.de\/wp-content\/uploads\/2020\/05\/IMG_20200512_111514-668x534.jpg 668w, https:\/\/mb2812.de\/wp-content\/uploads\/2020\/05\/IMG_20200512_111514.jpg 1920w\" sizes=\"auto, (max-width: 1024px) 100vw, 1024px\" \/><\/a><figcaption class=\"wp-element-caption\"><em>Das Kloster Beuron selber verbirgt sich hinter hohen Mauern<\/em><\/figcaption><\/figure>\n\n\n\n<figure class=\"wp-block-image aligncenter size-large is-resized\"><a href=\"https:\/\/mb2812.de\/wp-content\/uploads\/2020\/12\/IMG_20200512_111640-1248-1.jpg\" target=\"_blank\" rel=\" noreferrer noopener\"><img loading=\"lazy\" decoding=\"async\" width=\"1024\" height=\"819\" src=\"https:\/\/mb2812.de\/wp-content\/uploads\/2020\/12\/IMG_20200512_111640-1248-1-1024x819.jpg\" alt=\"\" class=\"wp-image-10499\" style=\"width:800px\" srcset=\"https:\/\/mb2812.de\/wp-content\/uploads\/2020\/12\/IMG_20200512_111640-1248-1-1024x819.jpg 1024w, https:\/\/mb2812.de\/wp-content\/uploads\/2020\/12\/IMG_20200512_111640-1248-1-300x240.jpg 300w, https:\/\/mb2812.de\/wp-content\/uploads\/2020\/12\/IMG_20200512_111640-1248-1-768x614.jpg 768w, https:\/\/mb2812.de\/wp-content\/uploads\/2020\/12\/IMG_20200512_111640-1248-1-1536x1229.jpg 1536w, https:\/\/mb2812.de\/wp-content\/uploads\/2020\/12\/IMG_20200512_111640-1248-1-668x534.jpg 668w, https:\/\/mb2812.de\/wp-content\/uploads\/2020\/12\/IMG_20200512_111640-1248-1.jpg 1920w\" sizes=\"auto, (max-width: 1024px) 100vw, 1024px\" \/><\/a><figcaption class=\"wp-element-caption\"><em>Die Klosterkirche St. Martin von der Stra\u00dfe aus gesehen<\/em><\/figcaption><\/figure>\n\n\n\n<figure class=\"wp-block-image aligncenter size-large is-resized\"><a href=\"https:\/\/mb2812.de\/wp-content\/uploads\/2020\/12\/IMG_20200512_111957-1249-1.jpg\" target=\"_blank\" rel=\" noreferrer noopener\"><img loading=\"lazy\" decoding=\"async\" width=\"768\" height=\"1024\" src=\"https:\/\/mb2812.de\/wp-content\/uploads\/2020\/12\/IMG_20200512_111957-1249-1-768x1024.jpg\" alt=\"\" class=\"wp-image-10475\" style=\"width:600px\" srcset=\"https:\/\/mb2812.de\/wp-content\/uploads\/2020\/12\/IMG_20200512_111957-1249-1-768x1024.jpg 768w, https:\/\/mb2812.de\/wp-content\/uploads\/2020\/12\/IMG_20200512_111957-1249-1-225x300.jpg 225w, https:\/\/mb2812.de\/wp-content\/uploads\/2020\/12\/IMG_20200512_111957-1249-1-1152x1536.jpg 1152w, https:\/\/mb2812.de\/wp-content\/uploads\/2020\/12\/IMG_20200512_111957-1249-1-668x891.jpg 668w, https:\/\/mb2812.de\/wp-content\/uploads\/2020\/12\/IMG_20200512_111957-1249-1.jpg 1440w\" sizes=\"auto, (max-width: 768px) 100vw, 768px\" \/><\/a><figcaption class=\"wp-element-caption\"><em>Dies ist dann die Infrastruktur in Beuron<\/em><\/figcaption><\/figure>\n\n\n\n<figure class=\"wp-block-image aligncenter size-large is-resized\"><a href=\"https:\/\/mb2812.de\/wp-content\/uploads\/2020\/12\/IMG_20200512_112050-1.jpg\" target=\"_blank\" rel=\" noreferrer noopener\"><img loading=\"lazy\" decoding=\"async\" width=\"768\" height=\"1024\" src=\"https:\/\/mb2812.de\/wp-content\/uploads\/2020\/12\/IMG_20200512_112050-1-768x1024.jpg\" alt=\"\" class=\"wp-image-10482\" style=\"width:600px\" srcset=\"https:\/\/mb2812.de\/wp-content\/uploads\/2020\/12\/IMG_20200512_112050-1-768x1024.jpg 768w, https:\/\/mb2812.de\/wp-content\/uploads\/2020\/12\/IMG_20200512_112050-1-225x300.jpg 225w, https:\/\/mb2812.de\/wp-content\/uploads\/2020\/12\/IMG_20200512_112050-1-1152x1536.jpg 1152w, https:\/\/mb2812.de\/wp-content\/uploads\/2020\/12\/IMG_20200512_112050-1-668x891.jpg 668w, https:\/\/mb2812.de\/wp-content\/uploads\/2020\/12\/IMG_20200512_112050-1.jpg 1440w\" sizes=\"auto, (max-width: 768px) 100vw, 768px\" \/><\/a><figcaption class=\"wp-element-caption\"><em>Statue des Heiligen Benedikt von Nursia vor dem Kloster<\/em><\/figcaption><\/figure>\n\n\n\n<figure class=\"wp-block-image aligncenter size-large is-resized\"><a href=\"https:\/\/mb2812.de\/wp-content\/uploads\/2020\/12\/IMG_20200512_112503.jpg\" target=\"_blank\" rel=\" noreferrer noopener\"><img loading=\"lazy\" decoding=\"async\" width=\"768\" height=\"1024\" src=\"https:\/\/mb2812.de\/wp-content\/uploads\/2020\/12\/IMG_20200512_112503-768x1024.jpg\" alt=\"\" class=\"wp-image-10500\" style=\"width:600px\" srcset=\"https:\/\/mb2812.de\/wp-content\/uploads\/2020\/12\/IMG_20200512_112503-768x1024.jpg 768w, https:\/\/mb2812.de\/wp-content\/uploads\/2020\/12\/IMG_20200512_112503-225x300.jpg 225w, https:\/\/mb2812.de\/wp-content\/uploads\/2020\/12\/IMG_20200512_112503-1152x1536.jpg 1152w, https:\/\/mb2812.de\/wp-content\/uploads\/2020\/12\/IMG_20200512_112503-668x891.jpg 668w, https:\/\/mb2812.de\/wp-content\/uploads\/2020\/12\/IMG_20200512_112503.jpg 1440w\" sizes=\"auto, (max-width: 768px) 100vw, 768px\" \/><\/a><figcaption class=\"wp-element-caption\"><em>Und schon sind wir am Kloster vorbei und \u00fcberqueren die Bahnbr\u00fccke und blicken auf den Bahnhof. Ein Zug h\u00e4lt hier nur alle zwei Stunden, und soviel Zeit zum Warten hatten wir nicht.<\/em><\/figcaption><\/figure>\n\n\n\n<p>Eine Wanderung rund ums Kloster f\u00fchrt uns zun\u00e4chst zur Donau und dann zur\u00fcck zum Parkplatz und der historischen Holzbr\u00fccke \u00fcber die Donau.<\/p>\n\n\n\n<figure class=\"wp-block-image aligncenter size-large is-resized\"><a href=\"https:\/\/mb2812.de\/wp-content\/uploads\/2020\/12\/IMG_20200512_112651-1253.jpg\" target=\"_blank\" rel=\" noreferrer noopener\"><img loading=\"lazy\" decoding=\"async\" width=\"768\" height=\"1024\" src=\"https:\/\/mb2812.de\/wp-content\/uploads\/2020\/12\/IMG_20200512_112651-1253-768x1024.jpg\" alt=\"\" class=\"wp-image-10501\" style=\"width:600px\" srcset=\"https:\/\/mb2812.de\/wp-content\/uploads\/2020\/12\/IMG_20200512_112651-1253-768x1024.jpg 768w, https:\/\/mb2812.de\/wp-content\/uploads\/2020\/12\/IMG_20200512_112651-1253-225x300.jpg 225w, https:\/\/mb2812.de\/wp-content\/uploads\/2020\/12\/IMG_20200512_112651-1253-1152x1536.jpg 1152w, https:\/\/mb2812.de\/wp-content\/uploads\/2020\/12\/IMG_20200512_112651-1253-668x891.jpg 668w, https:\/\/mb2812.de\/wp-content\/uploads\/2020\/12\/IMG_20200512_112651-1253.jpg 1440w\" sizes=\"auto, (max-width: 768px) 100vw, 768px\" \/><\/a><figcaption class=\"wp-element-caption\"><em>Wir folgen dabei zum Teil dem &#8222;Arche Pfad&#8220;, welcher der biblischen Legende eine neue Deutung gibt &#8211; Noah als Begr\u00fcnder des Artenschutzes<\/em><\/figcaption><\/figure>\n\n\n\n<figure class=\"wp-block-image aligncenter size-large is-resized\"><a href=\"https:\/\/mb2812.de\/wp-content\/uploads\/2020\/12\/IMG_20200512_113936-1.jpg\" target=\"_blank\" rel=\" noreferrer noopener\"><img loading=\"lazy\" decoding=\"async\" width=\"768\" height=\"1024\" src=\"https:\/\/mb2812.de\/wp-content\/uploads\/2020\/12\/IMG_20200512_113936-1-768x1024.jpg\" alt=\"\" class=\"wp-image-10476\" style=\"width:600px\" srcset=\"https:\/\/mb2812.de\/wp-content\/uploads\/2020\/12\/IMG_20200512_113936-1-768x1024.jpg 768w, https:\/\/mb2812.de\/wp-content\/uploads\/2020\/12\/IMG_20200512_113936-1-225x300.jpg 225w, https:\/\/mb2812.de\/wp-content\/uploads\/2020\/12\/IMG_20200512_113936-1-1152x1536.jpg 1152w, https:\/\/mb2812.de\/wp-content\/uploads\/2020\/12\/IMG_20200512_113936-1-668x891.jpg 668w, https:\/\/mb2812.de\/wp-content\/uploads\/2020\/12\/IMG_20200512_113936-1.jpg 1440w\" sizes=\"auto, (max-width: 768px) 100vw, 768px\" \/><\/a><figcaption class=\"wp-element-caption\"><em>An der Donau<\/em><\/figcaption><\/figure>\n\n\n\n<figure class=\"wp-block-image aligncenter size-large is-resized\"><a href=\"https:\/\/mb2812.de\/wp-content\/uploads\/2020\/12\/IMG_20200512_114317-1.jpg\" target=\"_blank\" rel=\" noreferrer noopener\"><img loading=\"lazy\" decoding=\"async\" width=\"1024\" height=\"768\" src=\"https:\/\/mb2812.de\/wp-content\/uploads\/2020\/12\/IMG_20200512_114317-1-1024x768.jpg\" alt=\"\" class=\"wp-image-10483\" style=\"width:800px\" srcset=\"https:\/\/mb2812.de\/wp-content\/uploads\/2020\/12\/IMG_20200512_114317-1-1024x768.jpg 1024w, https:\/\/mb2812.de\/wp-content\/uploads\/2020\/12\/IMG_20200512_114317-1-300x225.jpg 300w, https:\/\/mb2812.de\/wp-content\/uploads\/2020\/12\/IMG_20200512_114317-1-768x576.jpg 768w, https:\/\/mb2812.de\/wp-content\/uploads\/2020\/12\/IMG_20200512_114317-1-1536x1152.jpg 1536w, https:\/\/mb2812.de\/wp-content\/uploads\/2020\/12\/IMG_20200512_114317-1-668x501.jpg 668w, https:\/\/mb2812.de\/wp-content\/uploads\/2020\/12\/IMG_20200512_114317-1.jpg 1920w\" sizes=\"auto, (max-width: 1024px) 100vw, 1024px\" \/><\/a><figcaption class=\"wp-element-caption\"><em>R\u00fcckansicht des Klosters von der Donau her<\/em><\/figcaption><\/figure>\n\n\n\n<figure class=\"wp-block-image aligncenter size-large is-resized\"><a href=\"https:\/\/mb2812.de\/wp-content\/uploads\/2020\/12\/IMG_20200512_114430-1252-1.jpg\" target=\"_blank\" rel=\" noreferrer noopener\"><img loading=\"lazy\" decoding=\"async\" width=\"1024\" height=\"819\" src=\"https:\/\/mb2812.de\/wp-content\/uploads\/2020\/12\/IMG_20200512_114430-1252-1-1024x819.jpg\" alt=\"\" class=\"wp-image-10487\" style=\"width:800px\" srcset=\"https:\/\/mb2812.de\/wp-content\/uploads\/2020\/12\/IMG_20200512_114430-1252-1-1024x819.jpg 1024w, https:\/\/mb2812.de\/wp-content\/uploads\/2020\/12\/IMG_20200512_114430-1252-1-300x240.jpg 300w, https:\/\/mb2812.de\/wp-content\/uploads\/2020\/12\/IMG_20200512_114430-1252-1-768x614.jpg 768w, https:\/\/mb2812.de\/wp-content\/uploads\/2020\/12\/IMG_20200512_114430-1252-1-1536x1229.jpg 1536w, https:\/\/mb2812.de\/wp-content\/uploads\/2020\/12\/IMG_20200512_114430-1252-1-668x534.jpg 668w, https:\/\/mb2812.de\/wp-content\/uploads\/2020\/12\/IMG_20200512_114430-1252-1.jpg 1920w\" sizes=\"auto, (max-width: 1024px) 100vw, 1024px\" \/><\/a><figcaption class=\"wp-element-caption\"><em>Unterwegs &#8230;<\/em><\/figcaption><\/figure>\n\n\n\n<figure class=\"wp-block-image aligncenter size-large is-resized\"><a href=\"https:\/\/mb2812.de\/wp-content\/uploads\/2020\/12\/IMG_2931-1254.jpg\" target=\"_blank\" rel=\" noreferrer noopener\"><img loading=\"lazy\" decoding=\"async\" width=\"1024\" height=\"819\" src=\"https:\/\/mb2812.de\/wp-content\/uploads\/2020\/12\/IMG_2931-1254-1024x819.jpg\" alt=\"\" class=\"wp-image-10488\" style=\"width:800px\" srcset=\"https:\/\/mb2812.de\/wp-content\/uploads\/2020\/12\/IMG_2931-1254-1024x819.jpg 1024w, https:\/\/mb2812.de\/wp-content\/uploads\/2020\/12\/IMG_2931-1254-300x240.jpg 300w, https:\/\/mb2812.de\/wp-content\/uploads\/2020\/12\/IMG_2931-1254-768x614.jpg 768w, https:\/\/mb2812.de\/wp-content\/uploads\/2020\/12\/IMG_2931-1254-1536x1229.jpg 1536w, https:\/\/mb2812.de\/wp-content\/uploads\/2020\/12\/IMG_2931-1254-668x534.jpg 668w, https:\/\/mb2812.de\/wp-content\/uploads\/2020\/12\/IMG_2931-1254.jpg 1920w\" sizes=\"auto, (max-width: 1024px) 100vw, 1024px\" \/><\/a><figcaption class=\"wp-element-caption\"><em>Von hier hat man einen besseren Blick aufs Kloster, es liegt allerdings fotografisch ung\u00fcnstig im Gegenlicht und eigentlich br\u00e4uchte man ein Teleobjektiv, mit dem das iPhone nat\u00fcrlich nicht dienen kann &#8230;<\/em><\/figcaption><\/figure>\n\n\n\n<figure class=\"wp-block-image aligncenter size-large is-resized\"><a href=\"https:\/\/mb2812.de\/wp-content\/uploads\/2020\/12\/IMG_20200512_115523.jpg\"><img loading=\"lazy\" decoding=\"async\" width=\"768\" height=\"1024\" src=\"https:\/\/mb2812.de\/wp-content\/uploads\/2020\/12\/IMG_20200512_115523-768x1024.jpg\" alt=\"\" class=\"wp-image-10493\" style=\"width:600px\" srcset=\"https:\/\/mb2812.de\/wp-content\/uploads\/2020\/12\/IMG_20200512_115523-768x1024.jpg 768w, https:\/\/mb2812.de\/wp-content\/uploads\/2020\/12\/IMG_20200512_115523-225x300.jpg 225w, https:\/\/mb2812.de\/wp-content\/uploads\/2020\/12\/IMG_20200512_115523-1152x1536.jpg 1152w, https:\/\/mb2812.de\/wp-content\/uploads\/2020\/12\/IMG_20200512_115523-668x891.jpg 668w, https:\/\/mb2812.de\/wp-content\/uploads\/2020\/12\/IMG_20200512_115523.jpg 1440w\" sizes=\"auto, (max-width: 768px) 100vw, 768px\" \/><\/a><figcaption class=\"wp-element-caption\"><em>Kommen wir zur historischen Holzbr\u00fccke \u00fcber die Donau, 1801 erbaut. Bis 1975 lief der gesamte Verkehr \u00fcber diese Br\u00fccke<\/em><\/figcaption><\/figure>\n\n\n\n<figure class=\"wp-block-image aligncenter size-large is-resized\"><a href=\"https:\/\/mb2812.de\/wp-content\/uploads\/2020\/12\/IMG_20200512_115757-1255.jpg\" target=\"_blank\" rel=\" noreferrer noopener\"><img loading=\"lazy\" decoding=\"async\" width=\"768\" height=\"1024\" src=\"https:\/\/mb2812.de\/wp-content\/uploads\/2020\/12\/IMG_20200512_115757-1255-768x1024.jpg\" alt=\"\" class=\"wp-image-10489\" style=\"width:600px\" srcset=\"https:\/\/mb2812.de\/wp-content\/uploads\/2020\/12\/IMG_20200512_115757-1255-768x1024.jpg 768w, https:\/\/mb2812.de\/wp-content\/uploads\/2020\/12\/IMG_20200512_115757-1255-225x300.jpg 225w, https:\/\/mb2812.de\/wp-content\/uploads\/2020\/12\/IMG_20200512_115757-1255-1152x1536.jpg 1152w, https:\/\/mb2812.de\/wp-content\/uploads\/2020\/12\/IMG_20200512_115757-1255-668x891.jpg 668w, https:\/\/mb2812.de\/wp-content\/uploads\/2020\/12\/IMG_20200512_115757-1255.jpg 1440w\" sizes=\"auto, (max-width: 768px) 100vw, 768px\" \/><\/a><figcaption class=\"wp-element-caption\"><em>Auf der Br\u00fccke<\/em><\/figcaption><\/figure>\n\n\n\n<p>Die Kirche kann ab 12 Uhr besichtigt werden:<\/p>\n\n\n\n<figure class=\"wp-block-image aligncenter size-large is-resized\"><a href=\"https:\/\/mb2812.de\/wp-content\/uploads\/2020\/12\/IMG_20200512_120658.jpg\"><img loading=\"lazy\" decoding=\"async\" width=\"768\" height=\"1024\" src=\"https:\/\/mb2812.de\/wp-content\/uploads\/2020\/12\/IMG_20200512_120658-768x1024.jpg\" alt=\"\" class=\"wp-image-10497\" style=\"width:600px\" srcset=\"https:\/\/mb2812.de\/wp-content\/uploads\/2020\/12\/IMG_20200512_120658-768x1024.jpg 768w, https:\/\/mb2812.de\/wp-content\/uploads\/2020\/12\/IMG_20200512_120658-225x300.jpg 225w, https:\/\/mb2812.de\/wp-content\/uploads\/2020\/12\/IMG_20200512_120658-1152x1536.jpg 1152w, https:\/\/mb2812.de\/wp-content\/uploads\/2020\/12\/IMG_20200512_120658-668x891.jpg 668w, https:\/\/mb2812.de\/wp-content\/uploads\/2020\/12\/IMG_20200512_120658.jpg 1440w\" sizes=\"auto, (max-width: 768px) 100vw, 768px\" \/><\/a><figcaption class=\"wp-element-caption\"><em>Der Westgiebel der St. Martin Klosterkirche<\/em><\/figcaption><\/figure>\n\n\n\n<figure class=\"wp-block-image aligncenter size-large is-resized\"><a href=\"https:\/\/mb2812.de\/wp-content\/uploads\/2020\/12\/IMG_2934.jpg\" target=\"_blank\" rel=\" noreferrer noopener\"><img loading=\"lazy\" decoding=\"async\" width=\"768\" height=\"1024\" src=\"https:\/\/mb2812.de\/wp-content\/uploads\/2020\/12\/IMG_2934-768x1024.jpg\" alt=\"\" class=\"wp-image-10491\" style=\"width:600px\" srcset=\"https:\/\/mb2812.de\/wp-content\/uploads\/2020\/12\/IMG_2934-768x1024.jpg 768w, https:\/\/mb2812.de\/wp-content\/uploads\/2020\/12\/IMG_2934-225x300.jpg 225w, https:\/\/mb2812.de\/wp-content\/uploads\/2020\/12\/IMG_2934-1152x1536.jpg 1152w, https:\/\/mb2812.de\/wp-content\/uploads\/2020\/12\/IMG_2934-668x891.jpg 668w, https:\/\/mb2812.de\/wp-content\/uploads\/2020\/12\/IMG_2934.jpg 1440w\" sizes=\"auto, (max-width: 768px) 100vw, 768px\" \/><\/a><figcaption class=\"wp-element-caption\"><em>Hauptschiff und Altarraum der Kirche<\/em><\/figcaption><\/figure>\n\n\n\n<figure class=\"wp-block-image aligncenter size-large is-resized\"><a href=\"https:\/\/mb2812.de\/wp-content\/uploads\/2020\/12\/IMG_20200512_121220.jpg\" target=\"_blank\" rel=\" noreferrer noopener\"><img loading=\"lazy\" decoding=\"async\" width=\"768\" height=\"1024\" src=\"https:\/\/mb2812.de\/wp-content\/uploads\/2020\/12\/IMG_20200512_121220-768x1024.jpg\" alt=\"\" class=\"wp-image-10502\" style=\"width:600px\" srcset=\"https:\/\/mb2812.de\/wp-content\/uploads\/2020\/12\/IMG_20200512_121220-768x1024.jpg 768w, https:\/\/mb2812.de\/wp-content\/uploads\/2020\/12\/IMG_20200512_121220-225x300.jpg 225w, https:\/\/mb2812.de\/wp-content\/uploads\/2020\/12\/IMG_20200512_121220-1152x1536.jpg 1152w, https:\/\/mb2812.de\/wp-content\/uploads\/2020\/12\/IMG_20200512_121220-668x891.jpg 668w, https:\/\/mb2812.de\/wp-content\/uploads\/2020\/12\/IMG_20200512_121220.jpg 1440w\" sizes=\"auto, (max-width: 768px) 100vw, 768px\" \/><\/a><figcaption class=\"wp-element-caption\"><em>Die Gnadenkapelle<\/em><\/figcaption><\/figure>\n\n\n\n<p>Immerhin, der Klostershop war ge\u00f6ffnet, sodas wir dort ein bisschen st\u00f6bern konnten, und dann ging es auf die zweite Etappe zum Bodensee nach \u00dcberlingen. Wir parkten so ca. 1 km vom Ortskern entfernt in Seen\u00e4he und machten uns gleich auf den Weg zum Kloster Birnau. Der Weg ist recht nett immer am Ufer des Bodensees entlang.<\/p>\n\n\n\n<figure class=\"wp-block-image aligncenter size-large is-resized\"><a href=\"https:\/\/mb2812.de\/wp-content\/uploads\/2020\/12\/IMG_20200512_132447-1256.jpg\" target=\"_blank\" rel=\" noreferrer noopener\"><img loading=\"lazy\" decoding=\"async\" width=\"1024\" height=\"819\" src=\"https:\/\/mb2812.de\/wp-content\/uploads\/2020\/12\/IMG_20200512_132447-1256-1024x819.jpg\" alt=\"\" class=\"wp-image-10505\" style=\"width:800px\" srcset=\"https:\/\/mb2812.de\/wp-content\/uploads\/2020\/12\/IMG_20200512_132447-1256-1024x819.jpg 1024w, https:\/\/mb2812.de\/wp-content\/uploads\/2020\/12\/IMG_20200512_132447-1256-300x240.jpg 300w, https:\/\/mb2812.de\/wp-content\/uploads\/2020\/12\/IMG_20200512_132447-1256-768x614.jpg 768w, https:\/\/mb2812.de\/wp-content\/uploads\/2020\/12\/IMG_20200512_132447-1256-1536x1229.jpg 1536w, https:\/\/mb2812.de\/wp-content\/uploads\/2020\/12\/IMG_20200512_132447-1256-668x534.jpg 668w, https:\/\/mb2812.de\/wp-content\/uploads\/2020\/12\/IMG_20200512_132447-1256.jpg 1920w\" sizes=\"auto, (max-width: 1024px) 100vw, 1024px\" \/><\/a><figcaption class=\"wp-element-caption\"><em>Am Bodensee<\/em><\/figcaption><\/figure>\n\n\n\n<figure class=\"wp-block-image aligncenter size-large is-resized\"><a href=\"https:\/\/mb2812.de\/wp-content\/uploads\/2020\/12\/IMG_20200512_142006.jpg\" target=\"_blank\" rel=\" noreferrer noopener\"><img loading=\"lazy\" decoding=\"async\" width=\"1024\" height=\"819\" src=\"https:\/\/mb2812.de\/wp-content\/uploads\/2020\/12\/IMG_20200512_142006-1024x819.jpg\" alt=\"\" class=\"wp-image-10477\" style=\"width:800px\" srcset=\"https:\/\/mb2812.de\/wp-content\/uploads\/2020\/12\/IMG_20200512_142006-1024x819.jpg 1024w, https:\/\/mb2812.de\/wp-content\/uploads\/2020\/12\/IMG_20200512_142006-300x240.jpg 300w, https:\/\/mb2812.de\/wp-content\/uploads\/2020\/12\/IMG_20200512_142006-768x614.jpg 768w, https:\/\/mb2812.de\/wp-content\/uploads\/2020\/12\/IMG_20200512_142006-1536x1229.jpg 1536w, https:\/\/mb2812.de\/wp-content\/uploads\/2020\/12\/IMG_20200512_142006-668x534.jpg 668w, https:\/\/mb2812.de\/wp-content\/uploads\/2020\/12\/IMG_20200512_142006.jpg 1920w\" sizes=\"auto, (max-width: 1024px) 100vw, 1024px\" \/><\/a><figcaption class=\"wp-element-caption\"><em>Das Kloster liegt auf einem kleinen H\u00fcgel, davor die Bodenseeg\u00fcrtelbahn<\/em><\/figcaption><\/figure>\n\n\n\n<figure class=\"wp-block-image aligncenter size-large is-resized\"><a href=\"https:\/\/mb2812.de\/wp-content\/uploads\/2020\/12\/IMG_2942.jpg\" target=\"_blank\" rel=\" noreferrer noopener\"><img loading=\"lazy\" decoding=\"async\" width=\"1024\" height=\"819\" src=\"https:\/\/mb2812.de\/wp-content\/uploads\/2020\/12\/IMG_2942-1024x819.jpg\" alt=\"\" class=\"wp-image-10473\" style=\"width:800px\" srcset=\"https:\/\/mb2812.de\/wp-content\/uploads\/2020\/12\/IMG_2942-1024x819.jpg 1024w, https:\/\/mb2812.de\/wp-content\/uploads\/2020\/12\/IMG_2942-300x240.jpg 300w, https:\/\/mb2812.de\/wp-content\/uploads\/2020\/12\/IMG_2942-768x614.jpg 768w, https:\/\/mb2812.de\/wp-content\/uploads\/2020\/12\/IMG_2942-1536x1229.jpg 1536w, https:\/\/mb2812.de\/wp-content\/uploads\/2020\/12\/IMG_2942-668x534.jpg 668w, https:\/\/mb2812.de\/wp-content\/uploads\/2020\/12\/IMG_2942.jpg 1920w\" sizes=\"auto, (max-width: 1024px) 100vw, 1024px\" \/><\/a><figcaption class=\"wp-element-caption\"><em>Wir erklimmen den H\u00fcgel<\/em><\/figcaption><\/figure>\n\n\n\n<figure class=\"wp-block-image aligncenter size-large is-resized\"><a href=\"https:\/\/mb2812.de\/wp-content\/uploads\/2020\/12\/IMG_2948-1152.jpg\" target=\"_blank\" rel=\" noreferrer noopener\"><img loading=\"lazy\" decoding=\"async\" width=\"1024\" height=\"819\" src=\"https:\/\/mb2812.de\/wp-content\/uploads\/2020\/12\/IMG_2948-1152-1024x819.jpg\" alt=\"\" class=\"wp-image-10478\" style=\"width:800px\" srcset=\"https:\/\/mb2812.de\/wp-content\/uploads\/2020\/12\/IMG_2948-1152-1024x819.jpg 1024w, https:\/\/mb2812.de\/wp-content\/uploads\/2020\/12\/IMG_2948-1152-300x240.jpg 300w, https:\/\/mb2812.de\/wp-content\/uploads\/2020\/12\/IMG_2948-1152-768x614.jpg 768w, https:\/\/mb2812.de\/wp-content\/uploads\/2020\/12\/IMG_2948-1152-1536x1229.jpg 1536w, https:\/\/mb2812.de\/wp-content\/uploads\/2020\/12\/IMG_2948-1152-668x534.jpg 668w, https:\/\/mb2812.de\/wp-content\/uploads\/2020\/12\/IMG_2948-1152.jpg 1920w\" sizes=\"auto, (max-width: 1024px) 100vw, 1024px\" \/><\/a><figcaption class=\"wp-element-caption\"><em>Das Klostergeb\u00e4ude aus der N\u00e4he<\/em><\/figcaption><\/figure>\n\n\n\n<figure class=\"wp-block-image aligncenter size-large is-resized\"><a href=\"https:\/\/mb2812.de\/wp-content\/uploads\/2020\/12\/IMG_2952-1257.jpg\" target=\"_blank\" rel=\" noreferrer noopener\"><img loading=\"lazy\" decoding=\"async\" width=\"640\" height=\"1024\" src=\"https:\/\/mb2812.de\/wp-content\/uploads\/2020\/12\/IMG_2952-1257-640x1024.jpg\" alt=\"\" class=\"wp-image-10479\" style=\"width:535px\" srcset=\"https:\/\/mb2812.de\/wp-content\/uploads\/2020\/12\/IMG_2952-1257-640x1024.jpg 640w, https:\/\/mb2812.de\/wp-content\/uploads\/2020\/12\/IMG_2952-1257-188x300.jpg 188w, https:\/\/mb2812.de\/wp-content\/uploads\/2020\/12\/IMG_2952-1257-768x1229.jpg 768w, https:\/\/mb2812.de\/wp-content\/uploads\/2020\/12\/IMG_2952-1257-960x1536.jpg 960w, https:\/\/mb2812.de\/wp-content\/uploads\/2020\/12\/IMG_2952-1257-668x1069.jpg 668w, https:\/\/mb2812.de\/wp-content\/uploads\/2020\/12\/IMG_2952-1257.jpg 1200w\" sizes=\"auto, (max-width: 640px) 100vw, 640px\" \/><\/a><figcaption class=\"wp-element-caption\"><em>Auch hier ist die Klosterkirche pr\u00e4chtig ausgestattet. Leider ist Fotografieren verboten, damit gibt es nur noch ein Foto des Eingangs unter dem Turm<\/em><\/figcaption><\/figure>\n\n\n\n<figure class=\"wp-block-image aligncenter size-large is-resized\"><a href=\"https:\/\/mb2812.de\/wp-content\/uploads\/2020\/12\/IMG_2954-1.jpg\" target=\"_blank\" rel=\" noreferrer noopener\"><img loading=\"lazy\" decoding=\"async\" width=\"1024\" height=\"819\" src=\"https:\/\/mb2812.de\/wp-content\/uploads\/2020\/12\/IMG_2954-1-1024x819.jpg\" alt=\"\" class=\"wp-image-10474\" style=\"width:800px\" srcset=\"https:\/\/mb2812.de\/wp-content\/uploads\/2020\/12\/IMG_2954-1-1024x819.jpg 1024w, https:\/\/mb2812.de\/wp-content\/uploads\/2020\/12\/IMG_2954-1-300x240.jpg 300w, https:\/\/mb2812.de\/wp-content\/uploads\/2020\/12\/IMG_2954-1-768x614.jpg 768w, https:\/\/mb2812.de\/wp-content\/uploads\/2020\/12\/IMG_2954-1-1536x1229.jpg 1536w, https:\/\/mb2812.de\/wp-content\/uploads\/2020\/12\/IMG_2954-1-668x534.jpg 668w, https:\/\/mb2812.de\/wp-content\/uploads\/2020\/12\/IMG_2954-1.jpg 1920w\" sizes=\"auto, (max-width: 1024px) 100vw, 1024px\" \/><\/a><figcaption class=\"wp-element-caption\"><em>Ein Blick vom H\u00fcgel auf dem Bodensee. Diesmal tut uns die Bahn den Gefallen und schickt einen Zug vorbei.<\/em><\/figcaption><\/figure>\n\n\n\n<p>Wir machen noch eine Pause mit einem Eis aus dem nahegelegenen und ge\u00f6ffneten Kiosk und zur\u00fcck nach \u00dcberlingen geht es auf dem gleichen Weg wie hin. Da die Parkzeit fast vorbei ist, schenken wir uns den \u00dcberlinger Ortskern und machen uns auf die R\u00fcckfahrt nach B\u00f6blingen, im Gegensatz zur Hinfahrt \u00fcber die Autobahn.<\/p>\n","protected":false},"excerpt":{"rendered":"<p>Ein gr\u00f6\u00dferer Ausflug ab B\u00f6blingen an den Bodensee bis zum Kloster Birnau, unterwegs stoppten wir am Kloster Beuron<\/p>\n","protected":false},"author":1,"featured_media":10478,"comment_status":"closed","ping_status":"closed","sticky":false,"template":"","format":"standard","meta":{"footnotes":""},"categories":[25],"tags":[239,88,203,39],"class_list":["post-10436","post","type-post","status-publish","format-standard","has-post-thumbnail","hentry","category-corona-2020","tag-239","tag-baden-wuerttemberg","tag-bodensee","tag-deutschland"],"_links":{"self":[{"href":"https:\/\/mb2812.de\/index.php?rest_route=\/wp\/v2\/posts\/10436","targetHints":{"allow":["GET"]}}],"collection":[{"href":"https:\/\/mb2812.de\/index.php?rest_route=\/wp\/v2\/posts"}],"about":[{"href":"https:\/\/mb2812.de\/index.php?rest_route=\/wp\/v2\/types\/post"}],"author":[{"embeddable":true,"href":"https:\/\/mb2812.de\/index.php?rest_route=\/wp\/v2\/users\/1"}],"replies":[{"embeddable":true,"href":"https:\/\/mb2812.de\/index.php?rest_route=%2Fwp%2Fv2%2Fcomments&post=10436"}],"version-history":[{"count":16,"href":"https:\/\/mb2812.de\/index.php?rest_route=\/wp\/v2\/posts\/10436\/revisions"}],"predecessor-version":[{"id":16319,"href":"https:\/\/mb2812.de\/index.php?rest_route=\/wp\/v2\/posts\/10436\/revisions\/16319"}],"wp:featuredmedia":[{"embeddable":true,"href":"https:\/\/mb2812.de\/index.php?rest_route=\/wp\/v2\/media\/10478"}],"wp:attachment":[{"href":"https:\/\/mb2812.de\/index.php?rest_route=%2Fwp%2Fv2%2Fmedia&parent=10436"}],"wp:term":[{"taxonomy":"category","embeddable":true,"href":"https:\/\/mb2812.de\/index.php?rest_route=%2Fwp%2Fv2%2Fcategories&post=10436"},{"taxonomy":"post_tag","embeddable":true,"href":"https:\/\/mb2812.de\/index.php?rest_route=%2Fwp%2Fv2%2Ftags&post=10436"}],"curies":[{"name":"wp","href":"https:\/\/api.w.org\/{rel}","templated":true}]}}