{"id":10404,"date":"2020-05-01T09:00:18","date_gmt":"2020-05-01T07:00:18","guid":{"rendered":"http:\/\/reiseblog.mb2812.de\/?p=10404"},"modified":"2025-02-04T22:01:12","modified_gmt":"2025-02-04T20:01:12","slug":"boeblingen","status":"publish","type":"post","link":"https:\/\/mb2812.de\/?p=10404","title":{"rendered":"B\u00f6blingen"},"content":{"rendered":"\n<p>Urlaub auf anderen Kontinenten hatten 2020 sowieso nicht vorgesehen, wir wollten in der N\u00e4he bleiben. Den ersten Urlaub hatten wir dabei f\u00fcr Mai geplant, &#8222;Bergbahnfahren in der Schweiz&#8220; war das Motto. Von Anfang M\u00e4rz datiert ein Spreadsheet, das in etwa zeigt was wir vorhatten:<\/p>\n\n\n\n<figure class=\"wp-block-image aligncenter size-large is-resized\"><a href=\"https:\/\/mb2812.de\/wp-content\/uploads\/2020\/12\/v20plan.jpg\" target=\"_blank\" rel=\" noreferrer noopener\"><img loading=\"lazy\" decoding=\"async\" width=\"822\" height=\"1024\" src=\"https:\/\/mb2812.de\/wp-content\/uploads\/2020\/12\/v20plan-822x1024.jpg\" alt=\"\" class=\"wp-image-10405\" style=\"width:500px\" srcset=\"https:\/\/mb2812.de\/wp-content\/uploads\/2020\/12\/v20plan-822x1024.jpg 822w, https:\/\/mb2812.de\/wp-content\/uploads\/2020\/12\/v20plan-241x300.jpg 241w, https:\/\/mb2812.de\/wp-content\/uploads\/2020\/12\/v20plan-768x957.jpg 768w, https:\/\/mb2812.de\/wp-content\/uploads\/2020\/12\/v20plan-668x832.jpg 668w, https:\/\/mb2812.de\/wp-content\/uploads\/2020\/12\/v20plan.jpg 862w\" sizes=\"auto, (max-width: 822px) 100vw, 822px\" \/><\/a><\/figure>\n\n\n\n<!--more-->\n\n\n\n<p>Das war aber nicht der letzte Stand, denn wie \u00fcblich war die Planung nicht so einfach. Anfang Mai ist kein guter Reisezeitraum in den Schweizer Bergregionen, zwischen Winter- und Sommersaison hat ein gro\u00dfer Teil der Hotels f\u00fcr gut einen Monat geschlossen (Und im \u00fcbrigen im November vor Beginn der Wintersaison dann nochmals). Insofern war die Auswahl schwierig, und bevor ich damit fertig war und mit dem Buchen anfangen konnte, war auch schon der erste Lockdown da. Da brauchten wir wenigstens nichts zu stornieren. Losgefahren sind wir nat\u00fcrlich trotzdem, zwei ruhige Wochen in B\u00f6blingen mit einigen Ausfl\u00fcgen waren jetzt vorgesehen.<\/p>\n\n\n\n<p>Es gab nat\u00fcrlich ein paar Spazierg\u00e4nge durch B\u00f6blingen, daher stelle ich diese Stadt hier mal anhand einiger nicht repr\u00e4sentativer Fotos vor (Und um es vorwegzunehmen, es gibt sp\u00e4ter noch ein paar mehr, denn auch unser zweiter Urlaub im Herbst f\u00fchrte uns nach B\u00f6blingen statt auf eine niederl\u00e4ndische Insel).<\/p>\n\n\n\n<figure class=\"wp-block-image aligncenter size-large is-resized\"><a href=\"https:\/\/mb2812.de\/wp-content\/uploads\/2020\/12\/IMG_2865-1.jpg\" target=\"_blank\" rel=\" noreferrer noopener\"><img loading=\"lazy\" decoding=\"async\" width=\"1024\" height=\"819\" src=\"https:\/\/mb2812.de\/wp-content\/uploads\/2020\/12\/IMG_2865-1-1024x819.jpg\" alt=\"\" class=\"wp-image-10494\" style=\"width:800px\" srcset=\"https:\/\/mb2812.de\/wp-content\/uploads\/2020\/12\/IMG_2865-1-1024x819.jpg 1024w, https:\/\/mb2812.de\/wp-content\/uploads\/2020\/12\/IMG_2865-1-300x240.jpg 300w, https:\/\/mb2812.de\/wp-content\/uploads\/2020\/12\/IMG_2865-1-768x614.jpg 768w, https:\/\/mb2812.de\/wp-content\/uploads\/2020\/12\/IMG_2865-1-1536x1229.jpg 1536w, https:\/\/mb2812.de\/wp-content\/uploads\/2020\/12\/IMG_2865-1-668x534.jpg 668w, https:\/\/mb2812.de\/wp-content\/uploads\/2020\/12\/IMG_2865-1.jpg 1920w\" sizes=\"auto, (max-width: 1024px) 100vw, 1024px\" \/><\/a><figcaption class=\"wp-element-caption\"><em>Zwischen Eisen- und Autobahn entsteht in B\u00f6blingen ein neues Stadtviertel, &#8222;Flugfeld&#8220; genannt. Der Name kommt vom ersten Stuttgarter Flughafen, der sich bis 1945 hier befand. Dies ist der Blick vom Ende des neu angelegten Flugfeldsees Richtung Westen.<\/em><\/figcaption><\/figure>\n\n\n\n<figure class=\"wp-block-image aligncenter size-large is-resized\"><a href=\"https:\/\/mb2812.de\/wp-content\/uploads\/2020\/12\/IMG_20200503_135758-1.jpg\" target=\"_blank\" rel=\" noreferrer noopener\"><img loading=\"lazy\" decoding=\"async\" width=\"768\" height=\"1024\" src=\"https:\/\/mb2812.de\/wp-content\/uploads\/2020\/12\/IMG_20200503_135758-1-768x1024.jpg\" alt=\"\" class=\"wp-image-10496\" style=\"width:600px\" srcset=\"https:\/\/mb2812.de\/wp-content\/uploads\/2020\/12\/IMG_20200503_135758-1-768x1024.jpg 768w, https:\/\/mb2812.de\/wp-content\/uploads\/2020\/12\/IMG_20200503_135758-1-225x300.jpg 225w, https:\/\/mb2812.de\/wp-content\/uploads\/2020\/12\/IMG_20200503_135758-1-1152x1536.jpg 1152w, https:\/\/mb2812.de\/wp-content\/uploads\/2020\/12\/IMG_20200503_135758-1-668x891.jpg 668w, https:\/\/mb2812.de\/wp-content\/uploads\/2020\/12\/IMG_20200503_135758-1.jpg 1440w\" sizes=\"auto, (max-width: 768px) 100vw, 768px\" \/><\/a><figcaption class=\"wp-element-caption\"><em>Die Br\u00fccke \u00fcber den See<\/em><\/figcaption><\/figure>\n\n\n\n<figure class=\"wp-block-image aligncenter size-large is-resized\"><a href=\"https:\/\/mb2812.de\/wp-content\/uploads\/2020\/12\/IMG_20200503_134211-1.jpg\" target=\"_blank\" rel=\" noreferrer noopener\"><img loading=\"lazy\" decoding=\"async\" width=\"768\" height=\"1024\" src=\"https:\/\/mb2812.de\/wp-content\/uploads\/2020\/12\/IMG_20200503_134211-1-768x1024.jpg\" alt=\"\" class=\"wp-image-10495\" style=\"width:600px\" srcset=\"https:\/\/mb2812.de\/wp-content\/uploads\/2020\/12\/IMG_20200503_134211-1-768x1024.jpg 768w, https:\/\/mb2812.de\/wp-content\/uploads\/2020\/12\/IMG_20200503_134211-1-225x300.jpg 225w, https:\/\/mb2812.de\/wp-content\/uploads\/2020\/12\/IMG_20200503_134211-1-1152x1536.jpg 1152w, https:\/\/mb2812.de\/wp-content\/uploads\/2020\/12\/IMG_20200503_134211-1-668x891.jpg 668w, https:\/\/mb2812.de\/wp-content\/uploads\/2020\/12\/IMG_20200503_134211-1.jpg 1440w\" sizes=\"auto, (max-width: 768px) 100vw, 768px\" \/><\/a><figcaption class=\"wp-element-caption\"><em>Die Wohnbebauung passt stylistisch in jedes Neubauviertel Deutschlands des letzen Jahrzehnts<\/em><\/figcaption><\/figure>\n\n\n\n<figure class=\"wp-block-image aligncenter size-large is-resized\"><a href=\"https:\/\/mb2812.de\/wp-content\/uploads\/2020\/12\/IMG_2899-1.jpg\"><img loading=\"lazy\" decoding=\"async\" width=\"1024\" height=\"819\" src=\"https:\/\/mb2812.de\/wp-content\/uploads\/2020\/12\/IMG_2899-1-1024x819.jpg\" alt=\"\" class=\"wp-image-10484\" style=\"width:800px\" srcset=\"https:\/\/mb2812.de\/wp-content\/uploads\/2020\/12\/IMG_2899-1-1024x819.jpg 1024w, https:\/\/mb2812.de\/wp-content\/uploads\/2020\/12\/IMG_2899-1-300x240.jpg 300w, https:\/\/mb2812.de\/wp-content\/uploads\/2020\/12\/IMG_2899-1-768x614.jpg 768w, https:\/\/mb2812.de\/wp-content\/uploads\/2020\/12\/IMG_2899-1-1536x1229.jpg 1536w, https:\/\/mb2812.de\/wp-content\/uploads\/2020\/12\/IMG_2899-1-668x534.jpg 668w, https:\/\/mb2812.de\/wp-content\/uploads\/2020\/12\/IMG_2899-1.jpg 1920w\" sizes=\"auto, (max-width: 1024px) 100vw, 1024px\" \/><\/a><figcaption class=\"wp-element-caption\"><em>Und hier das &#8222;alte&#8220; B\u00f6blingen. Der &#8222;untere See&#8220; in der Innenstadt mit der Stadthalle rechts und den T\u00fcrmen von Rathaus und Stadtkirche links<\/em><\/figcaption><\/figure>\n\n\n\n<p>Einmal ging es etwas weiter weg in den Sch\u00f6nbuch, das gro\u00dfe Waldgebiet zwischen B\u00f6blingen und T\u00fcbingen. Ab Bebenhausen gab es eine kurze Wanderung:<\/p>\n\n\n\n<figure class=\"wp-block-image aligncenter size-large is-resized\"><a href=\"https:\/\/mb2812.de\/wp-content\/uploads\/2020\/12\/IMG_20200507_134630-1.jpg\" target=\"_blank\" rel=\" noreferrer noopener\"><img loading=\"lazy\" decoding=\"async\" width=\"1024\" height=\"819\" src=\"https:\/\/mb2812.de\/wp-content\/uploads\/2020\/12\/IMG_20200507_134630-1-1024x819.jpg\" alt=\"\" class=\"wp-image-10503\" style=\"width:800px\" srcset=\"https:\/\/mb2812.de\/wp-content\/uploads\/2020\/12\/IMG_20200507_134630-1-1024x819.jpg 1024w, https:\/\/mb2812.de\/wp-content\/uploads\/2020\/12\/IMG_20200507_134630-1-300x240.jpg 300w, https:\/\/mb2812.de\/wp-content\/uploads\/2020\/12\/IMG_20200507_134630-1-768x614.jpg 768w, https:\/\/mb2812.de\/wp-content\/uploads\/2020\/12\/IMG_20200507_134630-1-1536x1229.jpg 1536w, https:\/\/mb2812.de\/wp-content\/uploads\/2020\/12\/IMG_20200507_134630-1-668x534.jpg 668w, https:\/\/mb2812.de\/wp-content\/uploads\/2020\/12\/IMG_20200507_134630-1.jpg 1920w\" sizes=\"auto, (max-width: 1024px) 100vw, 1024px\" \/><\/a><figcaption class=\"wp-element-caption\"><em>Auf geht&#8217;s &#8211; der Weg ist zun\u00e4chst eben<\/em><\/figcaption><\/figure>\n\n\n\n<figure class=\"wp-block-image aligncenter size-large is-resized\"><a href=\"https:\/\/mb2812.de\/wp-content\/uploads\/2020\/12\/IMG_2887-1.jpg\" target=\"_blank\" rel=\" noreferrer noopener\"><img loading=\"lazy\" decoding=\"async\" width=\"1024\" height=\"819\" src=\"https:\/\/mb2812.de\/wp-content\/uploads\/2020\/12\/IMG_2887-1-1024x819.jpg\" alt=\"\" class=\"wp-image-10485\" style=\"width:800px\" srcset=\"https:\/\/mb2812.de\/wp-content\/uploads\/2020\/12\/IMG_2887-1-1024x819.jpg 1024w, https:\/\/mb2812.de\/wp-content\/uploads\/2020\/12\/IMG_2887-1-300x240.jpg 300w, https:\/\/mb2812.de\/wp-content\/uploads\/2020\/12\/IMG_2887-1-768x614.jpg 768w, https:\/\/mb2812.de\/wp-content\/uploads\/2020\/12\/IMG_2887-1-1536x1229.jpg 1536w, https:\/\/mb2812.de\/wp-content\/uploads\/2020\/12\/IMG_2887-1-668x534.jpg 668w, https:\/\/mb2812.de\/wp-content\/uploads\/2020\/12\/IMG_2887-1.jpg 1920w\" sizes=\"auto, (max-width: 1024px) 100vw, 1024px\" \/><\/a><figcaption class=\"wp-element-caption\"><em>Im Goldersbach war nicht viel Wasser<\/em><\/figcaption><\/figure>\n\n\n\n<figure class=\"wp-block-image aligncenter size-large is-resized\"><a href=\"https:\/\/mb2812.de\/wp-content\/uploads\/2020\/12\/IMG_2889-1.jpg\" target=\"_blank\" rel=\" noreferrer noopener\"><img loading=\"lazy\" decoding=\"async\" width=\"768\" height=\"1024\" src=\"https:\/\/mb2812.de\/wp-content\/uploads\/2020\/12\/IMG_2889-1-768x1024.jpg\" alt=\"\" class=\"wp-image-10490\" style=\"width:600px\" srcset=\"https:\/\/mb2812.de\/wp-content\/uploads\/2020\/12\/IMG_2889-1-768x1024.jpg 768w, https:\/\/mb2812.de\/wp-content\/uploads\/2020\/12\/IMG_2889-1-225x300.jpg 225w, https:\/\/mb2812.de\/wp-content\/uploads\/2020\/12\/IMG_2889-1-1152x1536.jpg 1152w, https:\/\/mb2812.de\/wp-content\/uploads\/2020\/12\/IMG_2889-1-668x891.jpg 668w, https:\/\/mb2812.de\/wp-content\/uploads\/2020\/12\/IMG_2889-1.jpg 1440w\" sizes=\"auto, (max-width: 768px) 100vw, 768px\" \/><\/a><figcaption class=\"wp-element-caption\"><em>Irgendwann nahmen wir dann eine Abzweigung nach links Richtung T\u00fcbingen, den Berg hoch<\/em><\/figcaption><\/figure>\n\n\n\n<figure class=\"wp-block-image aligncenter size-large is-resized\"><a href=\"https:\/\/mb2812.de\/wp-content\/uploads\/2020\/12\/IMG_20200507_141856-1.jpg\" target=\"_blank\" rel=\" noreferrer noopener\"><img loading=\"lazy\" decoding=\"async\" width=\"768\" height=\"1024\" src=\"https:\/\/mb2812.de\/wp-content\/uploads\/2020\/12\/IMG_20200507_141856-1-768x1024.jpg\" alt=\"\" class=\"wp-image-10498\" style=\"width:600px\" srcset=\"https:\/\/mb2812.de\/wp-content\/uploads\/2020\/12\/IMG_20200507_141856-1-768x1024.jpg 768w, https:\/\/mb2812.de\/wp-content\/uploads\/2020\/12\/IMG_20200507_141856-1-225x300.jpg 225w, https:\/\/mb2812.de\/wp-content\/uploads\/2020\/12\/IMG_20200507_141856-1-1152x1536.jpg 1152w, https:\/\/mb2812.de\/wp-content\/uploads\/2020\/12\/IMG_20200507_141856-1-668x891.jpg 668w, https:\/\/mb2812.de\/wp-content\/uploads\/2020\/12\/IMG_20200507_141856-1.jpg 1440w\" sizes=\"auto, (max-width: 768px) 100vw, 768px\" \/><\/a><figcaption class=\"wp-element-caption\"><em>Unterwegs &#8230;<\/em><\/figcaption><\/figure>\n\n\n\n<figure class=\"wp-block-image aligncenter size-large is-resized\"><a href=\"https:\/\/mb2812.de\/wp-content\/uploads\/2020\/12\/IMG_20200507_143115-1.jpg\" target=\"_blank\" rel=\" noreferrer noopener\"><img loading=\"lazy\" decoding=\"async\" width=\"768\" height=\"1024\" src=\"https:\/\/mb2812.de\/wp-content\/uploads\/2020\/12\/IMG_20200507_143115-1-768x1024.jpg\" alt=\"\" class=\"wp-image-10504\" style=\"width:600px\" srcset=\"https:\/\/mb2812.de\/wp-content\/uploads\/2020\/12\/IMG_20200507_143115-1-768x1024.jpg 768w, https:\/\/mb2812.de\/wp-content\/uploads\/2020\/12\/IMG_20200507_143115-1-225x300.jpg 225w, https:\/\/mb2812.de\/wp-content\/uploads\/2020\/12\/IMG_20200507_143115-1-1152x1536.jpg 1152w, https:\/\/mb2812.de\/wp-content\/uploads\/2020\/12\/IMG_20200507_143115-1-668x891.jpg 668w, https:\/\/mb2812.de\/wp-content\/uploads\/2020\/12\/IMG_20200507_143115-1.jpg 1440w\" sizes=\"auto, (max-width: 768px) 100vw, 768px\" \/><\/a><figcaption class=\"wp-element-caption\"><em>Wir sind oben angekommen &#8211; Pause am Heuberger Tor<\/em><\/figcaption><\/figure>\n\n\n\n<p>Hier oben am Heuberger Tor hat man eine gute Sicht \u00fcber die schw\u00e4bische Alb, sogar Burg Hohenzollern kann man am Horizont schwach erkennen.<\/p>\n\n\n\n<figure class=\"wp-block-image aligncenter size-large is-resized\"><a href=\"https:\/\/mb2812.de\/wp-content\/uploads\/2020\/12\/IMG_20200507_143642.jpg\" target=\"_blank\" rel=\" noreferrer noopener\"><img loading=\"lazy\" decoding=\"async\" width=\"1024\" height=\"819\" src=\"https:\/\/mb2812.de\/wp-content\/uploads\/2020\/12\/IMG_20200507_143642-1024x819.jpg\" alt=\"\" class=\"wp-image-10480\" style=\"width:800px\" srcset=\"https:\/\/mb2812.de\/wp-content\/uploads\/2020\/12\/IMG_20200507_143642-1024x819.jpg 1024w, https:\/\/mb2812.de\/wp-content\/uploads\/2020\/12\/IMG_20200507_143642-300x240.jpg 300w, https:\/\/mb2812.de\/wp-content\/uploads\/2020\/12\/IMG_20200507_143642-768x614.jpg 768w, https:\/\/mb2812.de\/wp-content\/uploads\/2020\/12\/IMG_20200507_143642-1536x1229.jpg 1536w, https:\/\/mb2812.de\/wp-content\/uploads\/2020\/12\/IMG_20200507_143642-668x534.jpg 668w, https:\/\/mb2812.de\/wp-content\/uploads\/2020\/12\/IMG_20200507_143642.jpg 1920w\" sizes=\"auto, (max-width: 1024px) 100vw, 1024px\" \/><\/a><figcaption class=\"wp-element-caption\"><em>Die Aussicht<\/em><\/figcaption><\/figure>\n\n\n\n<figure class=\"wp-block-image aligncenter size-large is-resized\"><a href=\"https:\/\/mb2812.de\/wp-content\/uploads\/2020\/12\/IMG_20200507_144035-1.jpg\" target=\"_blank\" rel=\" noreferrer noopener\"><img loading=\"lazy\" decoding=\"async\" width=\"768\" height=\"1024\" src=\"https:\/\/mb2812.de\/wp-content\/uploads\/2020\/12\/IMG_20200507_144035-1-768x1024.jpg\" alt=\"\" class=\"wp-image-10486\" style=\"width:600px\" srcset=\"https:\/\/mb2812.de\/wp-content\/uploads\/2020\/12\/IMG_20200507_144035-1-768x1024.jpg 768w, https:\/\/mb2812.de\/wp-content\/uploads\/2020\/12\/IMG_20200507_144035-1-225x300.jpg 225w, https:\/\/mb2812.de\/wp-content\/uploads\/2020\/12\/IMG_20200507_144035-1-1152x1536.jpg 1152w, https:\/\/mb2812.de\/wp-content\/uploads\/2020\/12\/IMG_20200507_144035-1-668x891.jpg 668w, https:\/\/mb2812.de\/wp-content\/uploads\/2020\/12\/IMG_20200507_144035-1.jpg 1440w\" sizes=\"auto, (max-width: 768px) 100vw, 768px\" \/><\/a><figcaption class=\"wp-element-caption\"><em>Bergrunter ging es auf anderen Wegen<\/em><\/figcaption><\/figure>\n\n\n\n<p>Einen gr\u00f6\u00dferen Ausflug gab es in den zwei Wochen &#8211; zum Bodensee. Die Fotos davon finden sich im n\u00e4chsten Beitrag.<\/p>\n","protected":false},"excerpt":{"rendered":"<p>Anstelle des geplanten Schweizurlaubs gab es kurze Ausfl\u00fcge ab B\u00f6blingen<\/p>\n","protected":false},"author":1,"featured_media":10484,"comment_status":"closed","ping_status":"closed","sticky":false,"template":"","format":"standard","meta":{"footnotes":""},"categories":[25],"tags":[239,88,98,39],"class_list":["post-10404","post","type-post","status-publish","format-standard","has-post-thumbnail","hentry","category-corona-2020","tag-239","tag-baden-wuerttemberg","tag-boeblingen","tag-deutschland"],"_links":{"self":[{"href":"https:\/\/mb2812.de\/index.php?rest_route=\/wp\/v2\/posts\/10404","targetHints":{"allow":["GET"]}}],"collection":[{"href":"https:\/\/mb2812.de\/index.php?rest_route=\/wp\/v2\/posts"}],"about":[{"href":"https:\/\/mb2812.de\/index.php?rest_route=\/wp\/v2\/types\/post"}],"author":[{"embeddable":true,"href":"https:\/\/mb2812.de\/index.php?rest_route=\/wp\/v2\/users\/1"}],"replies":[{"embeddable":true,"href":"https:\/\/mb2812.de\/index.php?rest_route=%2Fwp%2Fv2%2Fcomments&post=10404"}],"version-history":[{"count":15,"href":"https:\/\/mb2812.de\/index.php?rest_route=\/wp\/v2\/posts\/10404\/revisions"}],"predecessor-version":[{"id":16314,"href":"https:\/\/mb2812.de\/index.php?rest_route=\/wp\/v2\/posts\/10404\/revisions\/16314"}],"wp:featuredmedia":[{"embeddable":true,"href":"https:\/\/mb2812.de\/index.php?rest_route=\/wp\/v2\/media\/10484"}],"wp:attachment":[{"href":"https:\/\/mb2812.de\/index.php?rest_route=%2Fwp%2Fv2%2Fmedia&parent=10404"}],"wp:term":[{"taxonomy":"category","embeddable":true,"href":"https:\/\/mb2812.de\/index.php?rest_route=%2Fwp%2Fv2%2Fcategories&post=10404"},{"taxonomy":"post_tag","embeddable":true,"href":"https:\/\/mb2812.de\/index.php?rest_route=%2Fwp%2Fv2%2Ftags&post=10404"}],"curies":[{"name":"wp","href":"https:\/\/api.w.org\/{rel}","templated":true}]}}