{"id":10365,"date":"2020-10-16T09:00:29","date_gmt":"2020-10-16T07:00:29","guid":{"rendered":"http:\/\/reiseblog.mb2812.de\/?p=10365"},"modified":"2025-03-09T15:44:23","modified_gmt":"2025-03-09T13:44:23","slug":"moselwochenende","status":"publish","type":"post","link":"https:\/\/mb2812.de\/?p=10365","title":{"rendered":"Moselwochenende"},"content":{"rendered":"\n<p>Nach den Wanderungen im H\u00f6nnetal kamen wir dann am Montag Abend m\u00fcde und zerschunden &nbsp;in B\u00f6blingen an und faulenzten die n\u00e4chsten Tage erstmal.<\/p>\n\n\n\n<p>Am Wochenende drauf stand das &#8222;Moselwochenende&#8220; auf dem Programm. In K\u00f6ln sind wir in einem losen Freundeskreis, der aus den Anf\u00e4ngen dieser Gruppe abgeleitet inzwischen &#8222;Moselgruppe&#8220; heisst. Einige der Leute begannen vor vielen Jahren, im Herbst ein Wochenende an der Mosel zu verbringen. Inzwischen treffen wir uns \u00fcblicherweise einmal im Monat zum Abendessen in einer der vielen K\u00f6lner Kneipen, aber nach wie vor geht es Ende Oktober an die Mosel. Das ganze ist eine eher bodenst\u00e4ndige Veranstaltung, die Verpflegung bringen wir \u00fcblicherweise selber mit und Samstags gibt es eine gemeinsame Wanderung.<\/p>\n\n\n\n<p>Geplant wurde dies schon beim letzten Wochenende vor einem Jahr, und von der Pandemie wusste damals nat\u00fcrlich noch keiner. Darum ging es jetzt in der Woche hoch her, zum einen weil es lange dauerte bis klar war das wir \u00fcberhaupt dort hinfahren und an \u00fcbernachten d\u00fcrfen, und danach gab es dann noch moralische Diskussionen, ob man das Treffen in der aktuellen Sitation \u00fcberhaupt vertreten k\u00f6nne.<\/p>\n\n\n\n<!--more-->\n\n\n\n<p>Jedenfalls, Donnerstag Abend war immer noch nicht &nbsp;ganz klar, ob \u00fcberhaupt, und wenn ja wer&#8230;. Mit den Vorbereitungen konnten wir aber nicht l\u00e4nger warten. Das n\u00e4chste Foto ging an die Chatgruppe mit der Bemerkung &#8222;Wir braten grade die Frikadellen. Ihr k\u00f6nnt sie Morgen Abend essen, oder sie wandern ins Tiefk\u00fchlfach&#8220;.<\/p>\n\n\n\n<figure class=\"wp-block-image aligncenter size-full is-resized\"><a href=\"http:\/\/reiseblog.mb2812.de\/wp-content\/uploads\/2020\/10\/IMG_3875.jpg\" rel=\"noopener noreferrer\"><img loading=\"lazy\" decoding=\"async\" width=\"1440\" height=\"1920\" src=\"https:\/\/mb2812.de\/wp-content\/uploads\/2020\/10\/IMG_3875.jpg\" alt=\"\" class=\"wp-image-10388\" style=\"width:600px\" srcset=\"https:\/\/mb2812.de\/wp-content\/uploads\/2020\/10\/IMG_3875.jpg 1440w, https:\/\/mb2812.de\/wp-content\/uploads\/2020\/10\/IMG_3875-225x300.jpg 225w, https:\/\/mb2812.de\/wp-content\/uploads\/2020\/10\/IMG_3875-768x1024.jpg 768w, https:\/\/mb2812.de\/wp-content\/uploads\/2020\/10\/IMG_3875-1152x1536.jpg 1152w, https:\/\/mb2812.de\/wp-content\/uploads\/2020\/10\/IMG_3875-668x891.jpg 668w\" sizes=\"auto, (max-width: 1440px) 100vw, 1440px\" \/><\/a><figcaption class=\"wp-element-caption\">Stephan und 1 Kilo Hackfleisch<\/figcaption><\/figure>\n\n\n\n<p>Nachdem der Staub sich gelegt hatte, waren es dann 8 von 12 Pesonen, die zur Mosel gefahren sind, und auch wir machten uns Freitag am sp\u00e4ten Vormittag auf den Weg. Nach etwa drei Stunden Fahrt waren wir am Ziel, dem <a href=\"https:\/\/www.hallenbach.de\" target=\"_blank\" rel=\"noopener\">Weingut Hallenbach<\/a> in Zell an der Mosel.<\/p>\n\n\n\n<figure class=\"wp-block-image aligncenter size-full is-resized\"><a href=\"http:\/\/reiseblog.mb2812.de\/wp-content\/uploads\/2020\/11\/DSC_3344.jpg\" rel=\"noopener noreferrer\"><img loading=\"lazy\" decoding=\"async\" width=\"1440\" height=\"1920\" src=\"https:\/\/mb2812.de\/wp-content\/uploads\/2020\/11\/DSC_3344.jpg\" alt=\"\" class=\"wp-image-10366\" style=\"width:600px\" srcset=\"https:\/\/mb2812.de\/wp-content\/uploads\/2020\/11\/DSC_3344.jpg 1440w, https:\/\/mb2812.de\/wp-content\/uploads\/2020\/11\/DSC_3344-225x300.jpg 225w, https:\/\/mb2812.de\/wp-content\/uploads\/2020\/11\/DSC_3344-768x1024.jpg 768w, https:\/\/mb2812.de\/wp-content\/uploads\/2020\/11\/DSC_3344-1152x1536.jpg 1152w, https:\/\/mb2812.de\/wp-content\/uploads\/2020\/11\/DSC_3344-668x891.jpg 668w\" sizes=\"auto, (max-width: 1440px) 100vw, 1440px\" \/><\/a><figcaption class=\"wp-element-caption\">Ein Archivfoto von einem fr\u00fcheren Aufenthalt: Das Weingut<\/figcaption><\/figure>\n\n\n\n<figure class=\"wp-block-image aligncenter size-full is-resized\"><a href=\"http:\/\/reiseblog.mb2812.de\/wp-content\/uploads\/2020\/10\/IMG_8548-1244.jpg\" rel=\"noopener\"><img loading=\"lazy\" decoding=\"async\" width=\"1920\" height=\"1536\" src=\"https:\/\/mb2812.de\/wp-content\/uploads\/2020\/10\/IMG_8548-1244.jpg\" alt=\"\" class=\"wp-image-10390\" style=\"width:800px\" srcset=\"https:\/\/mb2812.de\/wp-content\/uploads\/2020\/10\/IMG_8548-1244.jpg 1920w, https:\/\/mb2812.de\/wp-content\/uploads\/2020\/10\/IMG_8548-1244-300x240.jpg 300w, https:\/\/mb2812.de\/wp-content\/uploads\/2020\/10\/IMG_8548-1244-1024x819.jpg 1024w, https:\/\/mb2812.de\/wp-content\/uploads\/2020\/10\/IMG_8548-1244-768x614.jpg 768w, https:\/\/mb2812.de\/wp-content\/uploads\/2020\/10\/IMG_8548-1244-1536x1229.jpg 1536w, https:\/\/mb2812.de\/wp-content\/uploads\/2020\/10\/IMG_8548-1244-668x534.jpg 668w\" sizes=\"auto, (max-width: 1920px) 100vw, 1920px\" \/><\/a><figcaption class=\"wp-element-caption\">So sah unsern Zimmer aus<\/figcaption><\/figure>\n\n\n\n<p>Die anderen trudelten dann im Laufe des Nachmittags ein, und nach einem ersten Umtrunk in der &#8222;Weinverkaufsgarage&#8220; gab es dann einen gem\u00fctlichen Abend in der Probierstube, neben unseren Frikadellen waren diverse Salate, Antipasti und nat\u00fcrlich Hallenbachs Weine mit dabei.<\/p>\n\n\n\n<p>Am Samstag stand dann die Wanderung auf dem Programm. Der Zeller Hamm ist eine der gr\u00f6\u00dften Moselschleifen, und im Prinzip sind wir einmal drumherum gewandert, eine Strecke von ca. 16 bis 17 Kilometern. Das Weingut liegt am s\u00fcdlichen Ende der Schleife, wir sind linksrum durch die Weinberge Richtung Norden bis zur engsten Stelle an der Marienburg gewandert, dann hinunter nach Bullay. Nach einer Rast sollte es mit dem Bus zur\u00fcck nach Zell gehen, Stephan und ich sind auch diese Strecke noch gelaufen.<\/p>\n\n\n\n<figure class=\"wp-block-image aligncenter size-full is-resized\"><a href=\"http:\/\/reiseblog.mb2812.de\/wp-content\/uploads\/2020\/10\/moselwanderung.jpg\" rel=\"noopener\"><img loading=\"lazy\" decoding=\"async\" width=\"1920\" height=\"1536\" src=\"https:\/\/mb2812.de\/wp-content\/uploads\/2020\/10\/moselwanderung.jpg\" alt=\"\" class=\"wp-image-10580\" style=\"width:800px\" srcset=\"https:\/\/mb2812.de\/wp-content\/uploads\/2020\/10\/moselwanderung.jpg 1920w, https:\/\/mb2812.de\/wp-content\/uploads\/2020\/10\/moselwanderung-300x240.jpg 300w, https:\/\/mb2812.de\/wp-content\/uploads\/2020\/10\/moselwanderung-1024x819.jpg 1024w, https:\/\/mb2812.de\/wp-content\/uploads\/2020\/10\/moselwanderung-768x614.jpg 768w, https:\/\/mb2812.de\/wp-content\/uploads\/2020\/10\/moselwanderung-1536x1229.jpg 1536w, https:\/\/mb2812.de\/wp-content\/uploads\/2020\/10\/moselwanderung-668x534.jpg 668w\" sizes=\"auto, (max-width: 1920px) 100vw, 1920px\" \/><\/a><figcaption class=\"wp-element-caption\">Die Wanderstrecke bildlich Ausgangs- und Endpunkt war Zell an der Mosel, unten rechts gelegen. Kartendaten \u00a9 OpenStreetMap-Mitwirkende, Lizenz: <a href=\"http:\/\/www.openstreetmap.org\/copyright\">www.openstreetmap.org\/copyright<\/a><\/figcaption><\/figure>\n\n\n\n<figure class=\"wp-block-image aligncenter size-full is-resized\"><a href=\"http:\/\/reiseblog.mb2812.de\/wp-content\/uploads\/2020\/10\/IMG_3889.jpg\" rel=\"noopener\"><img loading=\"lazy\" decoding=\"async\" width=\"1920\" height=\"1536\" src=\"https:\/\/mb2812.de\/wp-content\/uploads\/2020\/10\/IMG_3889.jpg\" alt=\"\" class=\"wp-image-10389\" style=\"width:800px\" srcset=\"https:\/\/mb2812.de\/wp-content\/uploads\/2020\/10\/IMG_3889.jpg 1920w, https:\/\/mb2812.de\/wp-content\/uploads\/2020\/10\/IMG_3889-300x240.jpg 300w, https:\/\/mb2812.de\/wp-content\/uploads\/2020\/10\/IMG_3889-1024x819.jpg 1024w, https:\/\/mb2812.de\/wp-content\/uploads\/2020\/10\/IMG_3889-768x614.jpg 768w, https:\/\/mb2812.de\/wp-content\/uploads\/2020\/10\/IMG_3889-1536x1229.jpg 1536w, https:\/\/mb2812.de\/wp-content\/uploads\/2020\/10\/IMG_3889-668x534.jpg 668w\" sizes=\"auto, (max-width: 1920px) 100vw, 1920px\" \/><\/a><figcaption class=\"wp-element-caption\">Morgens vor dem Weingut. Blick moselabw\u00e4rts mit Zell rechts und Kaimt links<\/figcaption><\/figure>\n\n\n\n<figure class=\"wp-block-image aligncenter size-full is-resized\"><a href=\"http:\/\/reiseblog.mb2812.de\/wp-content\/uploads\/2020\/10\/IMG_8588-1241.jpg\" rel=\"noopener\"><img loading=\"lazy\" decoding=\"async\" width=\"1920\" height=\"1536\" src=\"https:\/\/mb2812.de\/wp-content\/uploads\/2020\/10\/IMG_8588-1241.jpg\" alt=\"\" class=\"wp-image-10391\" style=\"width:800px\" srcset=\"https:\/\/mb2812.de\/wp-content\/uploads\/2020\/10\/IMG_8588-1241.jpg 1920w, https:\/\/mb2812.de\/wp-content\/uploads\/2020\/10\/IMG_8588-1241-300x240.jpg 300w, https:\/\/mb2812.de\/wp-content\/uploads\/2020\/10\/IMG_8588-1241-1024x819.jpg 1024w, https:\/\/mb2812.de\/wp-content\/uploads\/2020\/10\/IMG_8588-1241-768x614.jpg 768w, https:\/\/mb2812.de\/wp-content\/uploads\/2020\/10\/IMG_8588-1241-1536x1229.jpg 1536w, https:\/\/mb2812.de\/wp-content\/uploads\/2020\/10\/IMG_8588-1241-668x534.jpg 668w\" sizes=\"auto, (max-width: 1920px) 100vw, 1920px\" \/><\/a><figcaption class=\"wp-element-caption\">Blick aufs gegen\u00fcberliegende Ufer. Auf dem Berg liegt der Ortsteil Barl mit Krankenhaus und Einkaufszentrum. Wir sind um diesen Berg herumgewandert.<\/figcaption><\/figure>\n\n\n\n<figure class=\"wp-block-image aligncenter size-full is-resized\"><a href=\"http:\/\/reiseblog.mb2812.de\/wp-content\/uploads\/2020\/10\/IMG_8591.jpg\" rel=\"noopener\"><img loading=\"lazy\" decoding=\"async\" width=\"1920\" height=\"1536\" src=\"https:\/\/mb2812.de\/wp-content\/uploads\/2020\/10\/IMG_8591.jpg\" alt=\"\" class=\"wp-image-10392\" style=\"width:800px\" srcset=\"https:\/\/mb2812.de\/wp-content\/uploads\/2020\/10\/IMG_8591.jpg 1920w, https:\/\/mb2812.de\/wp-content\/uploads\/2020\/10\/IMG_8591-300x240.jpg 300w, https:\/\/mb2812.de\/wp-content\/uploads\/2020\/10\/IMG_8591-1024x819.jpg 1024w, https:\/\/mb2812.de\/wp-content\/uploads\/2020\/10\/IMG_8591-768x614.jpg 768w, https:\/\/mb2812.de\/wp-content\/uploads\/2020\/10\/IMG_8591-1536x1229.jpg 1536w, https:\/\/mb2812.de\/wp-content\/uploads\/2020\/10\/IMG_8591-668x534.jpg 668w\" sizes=\"auto, (max-width: 1920px) 100vw, 1920px\" \/><\/a><figcaption class=\"wp-element-caption\">Die Moselbr\u00fccke in Zell<\/figcaption><\/figure>\n\n\n\n<figure class=\"wp-block-image aligncenter size-full is-resized\"><a href=\"http:\/\/reiseblog.mb2812.de\/wp-content\/uploads\/2020\/10\/IMG_8592.jpg\" rel=\"noopener noreferrer\"><img loading=\"lazy\" decoding=\"async\" width=\"1440\" height=\"1920\" src=\"https:\/\/mb2812.de\/wp-content\/uploads\/2020\/10\/IMG_8592.jpg\" alt=\"\" class=\"wp-image-10393\" style=\"width:600px\" srcset=\"https:\/\/mb2812.de\/wp-content\/uploads\/2020\/10\/IMG_8592.jpg 1440w, https:\/\/mb2812.de\/wp-content\/uploads\/2020\/10\/IMG_8592-225x300.jpg 225w, https:\/\/mb2812.de\/wp-content\/uploads\/2020\/10\/IMG_8592-768x1024.jpg 768w, https:\/\/mb2812.de\/wp-content\/uploads\/2020\/10\/IMG_8592-1152x1536.jpg 1152w, https:\/\/mb2812.de\/wp-content\/uploads\/2020\/10\/IMG_8592-668x891.jpg 668w\" sizes=\"auto, (max-width: 1440px) 100vw, 1440px\" \/><\/a><figcaption class=\"wp-element-caption\">Im Kreisverkehr residiert die Zeller Schwarze Katz<\/figcaption><\/figure>\n\n\n\n<figure class=\"wp-block-image aligncenter size-full is-resized\"><a href=\"http:\/\/reiseblog.mb2812.de\/wp-content\/uploads\/2020\/11\/IMG_8594.jpg\" rel=\"noopener\"><img loading=\"lazy\" decoding=\"async\" width=\"1920\" height=\"1536\" src=\"https:\/\/mb2812.de\/wp-content\/uploads\/2020\/11\/IMG_8594.jpg\" alt=\"\" class=\"wp-image-10377\" style=\"width:800px\" srcset=\"https:\/\/mb2812.de\/wp-content\/uploads\/2020\/11\/IMG_8594.jpg 1920w, https:\/\/mb2812.de\/wp-content\/uploads\/2020\/11\/IMG_8594-300x240.jpg 300w, https:\/\/mb2812.de\/wp-content\/uploads\/2020\/11\/IMG_8594-1024x819.jpg 1024w, https:\/\/mb2812.de\/wp-content\/uploads\/2020\/11\/IMG_8594-768x614.jpg 768w, https:\/\/mb2812.de\/wp-content\/uploads\/2020\/11\/IMG_8594-1536x1229.jpg 1536w, https:\/\/mb2812.de\/wp-content\/uploads\/2020\/11\/IMG_8594-668x534.jpg 668w\" sizes=\"auto, (max-width: 1920px) 100vw, 1920px\" \/><\/a><figcaption class=\"wp-element-caption\">Ein Ausflugsboot f\u00e4hrt moselaufw\u00e4rts<\/figcaption><\/figure>\n\n\n\n<figure class=\"wp-block-image aligncenter size-full is-resized\"><a href=\"http:\/\/reiseblog.mb2812.de\/wp-content\/uploads\/2020\/11\/IMG_8600.jpg\" rel=\"noopener\"><img loading=\"lazy\" decoding=\"async\" width=\"1920\" height=\"1536\" src=\"https:\/\/mb2812.de\/wp-content\/uploads\/2020\/11\/IMG_8600.jpg\" alt=\"\" class=\"wp-image-10378\" style=\"width:800px\" srcset=\"https:\/\/mb2812.de\/wp-content\/uploads\/2020\/11\/IMG_8600.jpg 1920w, https:\/\/mb2812.de\/wp-content\/uploads\/2020\/11\/IMG_8600-300x240.jpg 300w, https:\/\/mb2812.de\/wp-content\/uploads\/2020\/11\/IMG_8600-1024x819.jpg 1024w, https:\/\/mb2812.de\/wp-content\/uploads\/2020\/11\/IMG_8600-768x614.jpg 768w, https:\/\/mb2812.de\/wp-content\/uploads\/2020\/11\/IMG_8600-1536x1229.jpg 1536w, https:\/\/mb2812.de\/wp-content\/uploads\/2020\/11\/IMG_8600-668x534.jpg 668w\" sizes=\"auto, (max-width: 1920px) 100vw, 1920px\" \/><\/a><figcaption class=\"wp-element-caption\">Dieser uralte Bus diente als Campmobil und man sah ihn h\u00e4ufiger seine Runden durch Zell drehen<\/figcaption><\/figure>\n\n\n\n<figure class=\"wp-block-image aligncenter size-full is-resized\"><a href=\"http:\/\/reiseblog.mb2812.de\/wp-content\/uploads\/2020\/11\/IMG_3891.jpg\" rel=\"noopener\"><img loading=\"lazy\" decoding=\"async\" width=\"1920\" height=\"1536\" src=\"https:\/\/mb2812.de\/wp-content\/uploads\/2020\/11\/IMG_3891.jpg\" alt=\"\" class=\"wp-image-10367\" style=\"width:800px\" srcset=\"https:\/\/mb2812.de\/wp-content\/uploads\/2020\/11\/IMG_3891.jpg 1920w, https:\/\/mb2812.de\/wp-content\/uploads\/2020\/11\/IMG_3891-300x240.jpg 300w, https:\/\/mb2812.de\/wp-content\/uploads\/2020\/11\/IMG_3891-1024x819.jpg 1024w, https:\/\/mb2812.de\/wp-content\/uploads\/2020\/11\/IMG_3891-768x614.jpg 768w, https:\/\/mb2812.de\/wp-content\/uploads\/2020\/11\/IMG_3891-1536x1229.jpg 1536w, https:\/\/mb2812.de\/wp-content\/uploads\/2020\/11\/IMG_3891-668x534.jpg 668w\" sizes=\"auto, (max-width: 1920px) 100vw, 1920px\" \/><\/a><figcaption class=\"wp-element-caption\">Und da sind sie, die Weinreben<\/figcaption><\/figure>\n\n\n\n<figure class=\"wp-block-image aligncenter size-full is-resized\"><a href=\"http:\/\/reiseblog.mb2812.de\/wp-content\/uploads\/2020\/11\/IMG_3901.jpg\" rel=\"noopener\"><img loading=\"lazy\" decoding=\"async\" width=\"1920\" height=\"1536\" src=\"https:\/\/mb2812.de\/wp-content\/uploads\/2020\/11\/IMG_3901.jpg\" alt=\"\" class=\"wp-image-10368\" style=\"width:800px\" srcset=\"https:\/\/mb2812.de\/wp-content\/uploads\/2020\/11\/IMG_3901.jpg 1920w, https:\/\/mb2812.de\/wp-content\/uploads\/2020\/11\/IMG_3901-300x240.jpg 300w, https:\/\/mb2812.de\/wp-content\/uploads\/2020\/11\/IMG_3901-1024x819.jpg 1024w, https:\/\/mb2812.de\/wp-content\/uploads\/2020\/11\/IMG_3901-768x614.jpg 768w, https:\/\/mb2812.de\/wp-content\/uploads\/2020\/11\/IMG_3901-1536x1229.jpg 1536w, https:\/\/mb2812.de\/wp-content\/uploads\/2020\/11\/IMG_3901-668x534.jpg 668w\" sizes=\"auto, (max-width: 1920px) 100vw, 1920px\" \/><\/a><figcaption class=\"wp-element-caption\">Wir haben ein paar H\u00f6henmeter gewonnen. Blick auf die Mosel<\/figcaption><\/figure>\n\n\n\n<figure class=\"wp-block-image aligncenter size-full is-resized\"><a href=\"http:\/\/reiseblog.mb2812.de\/wp-content\/uploads\/2020\/11\/IMG_3902.jpg\" rel=\"noopener\"><img loading=\"lazy\" decoding=\"async\" width=\"1920\" height=\"1536\" src=\"https:\/\/mb2812.de\/wp-content\/uploads\/2020\/11\/IMG_3902.jpg\" alt=\"\" class=\"wp-image-10369\" style=\"width:800px\" srcset=\"https:\/\/mb2812.de\/wp-content\/uploads\/2020\/11\/IMG_3902.jpg 1920w, https:\/\/mb2812.de\/wp-content\/uploads\/2020\/11\/IMG_3902-300x240.jpg 300w, https:\/\/mb2812.de\/wp-content\/uploads\/2020\/11\/IMG_3902-1024x819.jpg 1024w, https:\/\/mb2812.de\/wp-content\/uploads\/2020\/11\/IMG_3902-768x614.jpg 768w, https:\/\/mb2812.de\/wp-content\/uploads\/2020\/11\/IMG_3902-1536x1229.jpg 1536w, https:\/\/mb2812.de\/wp-content\/uploads\/2020\/11\/IMG_3902-668x534.jpg 668w\" sizes=\"auto, (max-width: 1920px) 100vw, 1920px\" \/><\/a><figcaption class=\"wp-element-caption\">Als n\u00e4chstes kommt auf der anderen Moselseite der Ort Briedel<\/figcaption><\/figure>\n\n\n\n<figure class=\"wp-block-image aligncenter size-full is-resized\"><a href=\"http:\/\/reiseblog.mb2812.de\/wp-content\/uploads\/2020\/11\/IMG_3903.jpg\" rel=\"noopener noreferrer\"><img loading=\"lazy\" decoding=\"async\" width=\"1920\" height=\"1536\" src=\"https:\/\/mb2812.de\/wp-content\/uploads\/2020\/11\/IMG_3903.jpg\" alt=\"\" class=\"wp-image-10370\" style=\"width:800px\" srcset=\"https:\/\/mb2812.de\/wp-content\/uploads\/2020\/11\/IMG_3903.jpg 1920w, https:\/\/mb2812.de\/wp-content\/uploads\/2020\/11\/IMG_3903-300x240.jpg 300w, https:\/\/mb2812.de\/wp-content\/uploads\/2020\/11\/IMG_3903-1024x819.jpg 1024w, https:\/\/mb2812.de\/wp-content\/uploads\/2020\/11\/IMG_3903-768x614.jpg 768w, https:\/\/mb2812.de\/wp-content\/uploads\/2020\/11\/IMG_3903-1536x1229.jpg 1536w, https:\/\/mb2812.de\/wp-content\/uploads\/2020\/11\/IMG_3903-668x534.jpg 668w\" sizes=\"auto, (max-width: 1920px) 100vw, 1920px\" \/><\/a><figcaption class=\"wp-element-caption\">Sch\u00fcler der Integrierten Gesamtschule Zell haben 2018 diese Skulptur gestaltet: Sie l\u00e4sst sich als Bilderrahmenf\u00fcr den Ortes Briedel nutzen<\/figcaption><\/figure>\n\n\n\n<figure class=\"wp-block-image aligncenter size-full is-resized\"><a href=\"http:\/\/reiseblog.mb2812.de\/wp-content\/uploads\/2020\/11\/IMG_3907.jpg\" rel=\"noopener\"><img loading=\"lazy\" decoding=\"async\" width=\"1920\" height=\"1536\" src=\"https:\/\/mb2812.de\/wp-content\/uploads\/2020\/11\/IMG_3907.jpg\" alt=\"\" class=\"wp-image-10372\" style=\"width:800px\" srcset=\"https:\/\/mb2812.de\/wp-content\/uploads\/2020\/11\/IMG_3907.jpg 1920w, https:\/\/mb2812.de\/wp-content\/uploads\/2020\/11\/IMG_3907-300x240.jpg 300w, https:\/\/mb2812.de\/wp-content\/uploads\/2020\/11\/IMG_3907-1024x819.jpg 1024w, https:\/\/mb2812.de\/wp-content\/uploads\/2020\/11\/IMG_3907-768x614.jpg 768w, https:\/\/mb2812.de\/wp-content\/uploads\/2020\/11\/IMG_3907-1536x1229.jpg 1536w, https:\/\/mb2812.de\/wp-content\/uploads\/2020\/11\/IMG_3907-668x534.jpg 668w\" sizes=\"auto, (max-width: 1920px) 100vw, 1920px\" \/><\/a><figcaption class=\"wp-element-caption\">Wir laufen jetzt eine kurze Strecke auf dem Moselsteig<\/figcaption><\/figure>\n\n\n\n<figure class=\"wp-block-image aligncenter size-full is-resized\"><a href=\"http:\/\/reiseblog.mb2812.de\/wp-content\/uploads\/2020\/11\/IMG_3904.jpg\" rel=\"noopener\"><img loading=\"lazy\" decoding=\"async\" width=\"1920\" height=\"1536\" src=\"https:\/\/mb2812.de\/wp-content\/uploads\/2020\/11\/IMG_3904.jpg\" alt=\"\" class=\"wp-image-10371\" style=\"width:800px\" srcset=\"https:\/\/mb2812.de\/wp-content\/uploads\/2020\/11\/IMG_3904.jpg 1920w, https:\/\/mb2812.de\/wp-content\/uploads\/2020\/11\/IMG_3904-300x240.jpg 300w, https:\/\/mb2812.de\/wp-content\/uploads\/2020\/11\/IMG_3904-1024x819.jpg 1024w, https:\/\/mb2812.de\/wp-content\/uploads\/2020\/11\/IMG_3904-768x614.jpg 768w, https:\/\/mb2812.de\/wp-content\/uploads\/2020\/11\/IMG_3904-1536x1229.jpg 1536w, https:\/\/mb2812.de\/wp-content\/uploads\/2020\/11\/IMG_3904-668x534.jpg 668w\" sizes=\"auto, (max-width: 1920px) 100vw, 1920px\" \/><\/a><figcaption class=\"wp-element-caption\">Und dann haben wir den Ausblick auf die engste Stelle der Moselschleife. Links der Ort P\u00fcnderich, auf dem R\u00fccken die Marienburg und rechts Bullay<\/figcaption><\/figure>\n\n\n\n<figure class=\"wp-block-image aligncenter size-full is-resized\"><a href=\"http:\/\/reiseblog.mb2812.de\/wp-content\/uploads\/2020\/11\/IMG_8648.jpg\" rel=\"noopener\"><img loading=\"lazy\" decoding=\"async\" width=\"1920\" height=\"1536\" src=\"https:\/\/mb2812.de\/wp-content\/uploads\/2020\/11\/IMG_8648.jpg\" alt=\"\" class=\"wp-image-10379\" style=\"width:800px\" srcset=\"https:\/\/mb2812.de\/wp-content\/uploads\/2020\/11\/IMG_8648.jpg 1920w, https:\/\/mb2812.de\/wp-content\/uploads\/2020\/11\/IMG_8648-300x240.jpg 300w, https:\/\/mb2812.de\/wp-content\/uploads\/2020\/11\/IMG_8648-1024x819.jpg 1024w, https:\/\/mb2812.de\/wp-content\/uploads\/2020\/11\/IMG_8648-768x614.jpg 768w, https:\/\/mb2812.de\/wp-content\/uploads\/2020\/11\/IMG_8648-1536x1229.jpg 1536w, https:\/\/mb2812.de\/wp-content\/uploads\/2020\/11\/IMG_8648-668x534.jpg 668w\" sizes=\"auto, (max-width: 1920px) 100vw, 1920px\" \/><\/a><figcaption class=\"wp-element-caption\">Das Ganze nochmal, nicht ganz so weitwinklig<\/figcaption><\/figure>\n\n\n\n<figure class=\"wp-block-image aligncenter size-full is-resized\"><a href=\"http:\/\/reiseblog.mb2812.de\/wp-content\/uploads\/2020\/11\/IMG_8664.jpg\" rel=\"noopener noreferrer\"><img loading=\"lazy\" decoding=\"async\" width=\"1440\" height=\"1920\" src=\"https:\/\/mb2812.de\/wp-content\/uploads\/2020\/11\/IMG_8664.jpg\" alt=\"\" class=\"wp-image-10380\" style=\"width:600px\" srcset=\"https:\/\/mb2812.de\/wp-content\/uploads\/2020\/11\/IMG_8664.jpg 1440w, https:\/\/mb2812.de\/wp-content\/uploads\/2020\/11\/IMG_8664-225x300.jpg 225w, https:\/\/mb2812.de\/wp-content\/uploads\/2020\/11\/IMG_8664-768x1024.jpg 768w, https:\/\/mb2812.de\/wp-content\/uploads\/2020\/11\/IMG_8664-1152x1536.jpg 1152w, https:\/\/mb2812.de\/wp-content\/uploads\/2020\/11\/IMG_8664-668x891.jpg 668w\" sizes=\"auto, (max-width: 1440px) 100vw, 1440px\" \/><\/a><figcaption class=\"wp-element-caption\">F\u00fcr ein Radrennen hatte man &#8222;zweisprachige&#8220; Hinweise zur Streckenbew\u00e4ltigung auf den Asphalt gespr\u00fcht<\/figcaption><\/figure>\n\n\n\n<figure class=\"wp-block-image aligncenter size-full is-resized\"><a href=\"http:\/\/reiseblog.mb2812.de\/wp-content\/uploads\/2020\/11\/IMG_8673-1238.jpg\" rel=\"noopener noreferrer\"><img loading=\"lazy\" decoding=\"async\" width=\"1440\" height=\"1920\" src=\"https:\/\/mb2812.de\/wp-content\/uploads\/2020\/11\/IMG_8673-1238.jpg\" alt=\"\" class=\"wp-image-10381\" style=\"width:600px\" srcset=\"https:\/\/mb2812.de\/wp-content\/uploads\/2020\/11\/IMG_8673-1238.jpg 1440w, https:\/\/mb2812.de\/wp-content\/uploads\/2020\/11\/IMG_8673-1238-225x300.jpg 225w, https:\/\/mb2812.de\/wp-content\/uploads\/2020\/11\/IMG_8673-1238-768x1024.jpg 768w, https:\/\/mb2812.de\/wp-content\/uploads\/2020\/11\/IMG_8673-1238-1152x1536.jpg 1152w, https:\/\/mb2812.de\/wp-content\/uploads\/2020\/11\/IMG_8673-1238-668x891.jpg 668w\" sizes=\"auto, (max-width: 1440px) 100vw, 1440px\" \/><\/a><figcaption class=\"wp-element-caption\">Die Marienburg mit wechselhafter Geschichte, fr\u00fcher ein Kloster, jetzt eine Jugendbildungsst\u00e4tte des Bistum Trier<\/figcaption><\/figure>\n\n\n\n<figure class=\"wp-block-image aligncenter size-full is-resized\"><a href=\"http:\/\/reiseblog.mb2812.de\/wp-content\/uploads\/2020\/11\/IMG_3912.jpg\" rel=\"noopener noreferrer\"><img loading=\"lazy\" decoding=\"async\" width=\"1440\" height=\"1920\" src=\"https:\/\/mb2812.de\/wp-content\/uploads\/2020\/11\/IMG_3912.jpg\" alt=\"\" class=\"wp-image-10373\" style=\"width:600px\" srcset=\"https:\/\/mb2812.de\/wp-content\/uploads\/2020\/11\/IMG_3912.jpg 1440w, https:\/\/mb2812.de\/wp-content\/uploads\/2020\/11\/IMG_3912-225x300.jpg 225w, https:\/\/mb2812.de\/wp-content\/uploads\/2020\/11\/IMG_3912-768x1024.jpg 768w, https:\/\/mb2812.de\/wp-content\/uploads\/2020\/11\/IMG_3912-1152x1536.jpg 1152w, https:\/\/mb2812.de\/wp-content\/uploads\/2020\/11\/IMG_3912-668x891.jpg 668w\" sizes=\"auto, (max-width: 1440px) 100vw, 1440px\" \/><\/a><figcaption class=\"wp-element-caption\">Der Prinzenkopfturm wenige Hundert Meter weiter, Stephan steht oben<\/figcaption><\/figure>\n\n\n\n<figure class=\"wp-block-image aligncenter size-full is-resized\"><a href=\"http:\/\/reiseblog.mb2812.de\/wp-content\/uploads\/2020\/11\/IMG_3914.jpg\" rel=\"noopener\"><img loading=\"lazy\" decoding=\"async\" width=\"1920\" height=\"1536\" src=\"https:\/\/mb2812.de\/wp-content\/uploads\/2020\/11\/IMG_3914.jpg\" alt=\"\" class=\"wp-image-10374\" style=\"width:800px\" srcset=\"https:\/\/mb2812.de\/wp-content\/uploads\/2020\/11\/IMG_3914.jpg 1920w, https:\/\/mb2812.de\/wp-content\/uploads\/2020\/11\/IMG_3914-300x240.jpg 300w, https:\/\/mb2812.de\/wp-content\/uploads\/2020\/11\/IMG_3914-1024x819.jpg 1024w, https:\/\/mb2812.de\/wp-content\/uploads\/2020\/11\/IMG_3914-768x614.jpg 768w, https:\/\/mb2812.de\/wp-content\/uploads\/2020\/11\/IMG_3914-1536x1229.jpg 1536w, https:\/\/mb2812.de\/wp-content\/uploads\/2020\/11\/IMG_3914-668x534.jpg 668w\" sizes=\"auto, (max-width: 1920px) 100vw, 1920px\" \/><\/a><figcaption class=\"wp-element-caption\">Blick auf P\u00fcnderich<\/figcaption><\/figure>\n\n\n\n<figure class=\"wp-block-image aligncenter size-full is-resized\"><a href=\"http:\/\/reiseblog.mb2812.de\/wp-content\/uploads\/2020\/11\/IMG_8682.jpg\" rel=\"noopener\"><img loading=\"lazy\" decoding=\"async\" width=\"1920\" height=\"1536\" src=\"https:\/\/mb2812.de\/wp-content\/uploads\/2020\/11\/IMG_8682.jpg\" alt=\"\" class=\"wp-image-10382\" style=\"width:800px\" srcset=\"https:\/\/mb2812.de\/wp-content\/uploads\/2020\/11\/IMG_8682.jpg 1920w, https:\/\/mb2812.de\/wp-content\/uploads\/2020\/11\/IMG_8682-300x240.jpg 300w, https:\/\/mb2812.de\/wp-content\/uploads\/2020\/11\/IMG_8682-1024x819.jpg 1024w, https:\/\/mb2812.de\/wp-content\/uploads\/2020\/11\/IMG_8682-768x614.jpg 768w, https:\/\/mb2812.de\/wp-content\/uploads\/2020\/11\/IMG_8682-1536x1229.jpg 1536w, https:\/\/mb2812.de\/wp-content\/uploads\/2020\/11\/IMG_8682-668x534.jpg 668w\" sizes=\"auto, (max-width: 1920px) 100vw, 1920px\" \/><\/a><figcaption class=\"wp-element-caption\">Blick Moselaufw\u00e4rts mit dem P\u00fcndericher Hangviadukt. Ein G\u00fcterzug f\u00e4hrt Richtung Trier<\/figcaption><\/figure>\n\n\n\n<figure class=\"wp-block-image aligncenter size-full is-resized\"><a href=\"http:\/\/reiseblog.mb2812.de\/wp-content\/uploads\/2020\/11\/IMG_8699.jpg\" rel=\"noopener\"><img loading=\"lazy\" decoding=\"async\" width=\"1920\" height=\"1536\" src=\"https:\/\/mb2812.de\/wp-content\/uploads\/2020\/11\/IMG_8699.jpg\" alt=\"\" class=\"wp-image-10383\" style=\"width:800px\" srcset=\"https:\/\/mb2812.de\/wp-content\/uploads\/2020\/11\/IMG_8699.jpg 1920w, https:\/\/mb2812.de\/wp-content\/uploads\/2020\/11\/IMG_8699-300x240.jpg 300w, https:\/\/mb2812.de\/wp-content\/uploads\/2020\/11\/IMG_8699-1024x819.jpg 1024w, https:\/\/mb2812.de\/wp-content\/uploads\/2020\/11\/IMG_8699-768x614.jpg 768w, https:\/\/mb2812.de\/wp-content\/uploads\/2020\/11\/IMG_8699-1536x1229.jpg 1536w, https:\/\/mb2812.de\/wp-content\/uploads\/2020\/11\/IMG_8699-668x534.jpg 668w\" sizes=\"auto, (max-width: 1920px) 100vw, 1920px\" \/><\/a><figcaption class=\"wp-element-caption\">Und dies ist die andere Seite &#8211; Bullay. Die Bahn f\u00e4hrt \u00fcber die Br\u00fccke und dann durch den Prinzenkopftunnel. \u00dcber die untere Etage der Br\u00fccke mussten wir auch laufen, da die F\u00e4hre Alf &#8211; Bullay au\u00dfer Betrieb war.<\/figcaption><\/figure>\n\n\n\n<figure class=\"wp-block-image aligncenter size-full is-resized\"><a href=\"http:\/\/reiseblog.mb2812.de\/wp-content\/uploads\/2020\/11\/IMG_8701.jpg\" rel=\"noopener\"><img loading=\"lazy\" decoding=\"async\" width=\"1920\" height=\"1536\" src=\"https:\/\/mb2812.de\/wp-content\/uploads\/2020\/11\/IMG_8701.jpg\" alt=\"\" class=\"wp-image-10384\" style=\"width:800px\" srcset=\"https:\/\/mb2812.de\/wp-content\/uploads\/2020\/11\/IMG_8701.jpg 1920w, https:\/\/mb2812.de\/wp-content\/uploads\/2020\/11\/IMG_8701-300x240.jpg 300w, https:\/\/mb2812.de\/wp-content\/uploads\/2020\/11\/IMG_8701-1024x819.jpg 1024w, https:\/\/mb2812.de\/wp-content\/uploads\/2020\/11\/IMG_8701-768x614.jpg 768w, https:\/\/mb2812.de\/wp-content\/uploads\/2020\/11\/IMG_8701-1536x1229.jpg 1536w, https:\/\/mb2812.de\/wp-content\/uploads\/2020\/11\/IMG_8701-668x534.jpg 668w\" sizes=\"auto, (max-width: 1920px) 100vw, 1920px\" \/><\/a><figcaption class=\"wp-element-caption\">Beim Abstieg gibt es noch ein bisschen interessante Architektur zu bewundern<\/figcaption><\/figure>\n\n\n\n<figure class=\"wp-block-image aligncenter size-full is-resized\"><a href=\"http:\/\/reiseblog.mb2812.de\/wp-content\/uploads\/2020\/11\/IMG_3918-1243.jpg\" rel=\"noopener\"><img loading=\"lazy\" decoding=\"async\" width=\"1920\" height=\"1536\" src=\"https:\/\/mb2812.de\/wp-content\/uploads\/2020\/11\/IMG_3918-1243.jpg\" alt=\"\" class=\"wp-image-10375\" style=\"width:800px\" srcset=\"https:\/\/mb2812.de\/wp-content\/uploads\/2020\/11\/IMG_3918-1243.jpg 1920w, https:\/\/mb2812.de\/wp-content\/uploads\/2020\/11\/IMG_3918-1243-300x240.jpg 300w, https:\/\/mb2812.de\/wp-content\/uploads\/2020\/11\/IMG_3918-1243-1024x819.jpg 1024w, https:\/\/mb2812.de\/wp-content\/uploads\/2020\/11\/IMG_3918-1243-768x614.jpg 768w, https:\/\/mb2812.de\/wp-content\/uploads\/2020\/11\/IMG_3918-1243-1536x1229.jpg 1536w, https:\/\/mb2812.de\/wp-content\/uploads\/2020\/11\/IMG_3918-1243-668x534.jpg 668w\" sizes=\"auto, (max-width: 1920px) 100vw, 1920px\" \/><\/a><figcaption class=\"wp-element-caption\">Vor allem das Gartenhaus ist bemerkenswert<\/figcaption><\/figure>\n\n\n\n<figure class=\"wp-block-image aligncenter size-full is-resized\"><a href=\"http:\/\/reiseblog.mb2812.de\/wp-content\/uploads\/2020\/11\/IMG_8704.jpg\" rel=\"noopener noreferrer\"><img loading=\"lazy\" decoding=\"async\" width=\"1440\" height=\"1920\" src=\"https:\/\/mb2812.de\/wp-content\/uploads\/2020\/11\/IMG_8704.jpg\" alt=\"\" class=\"wp-image-10385\" style=\"width:800px\" srcset=\"https:\/\/mb2812.de\/wp-content\/uploads\/2020\/11\/IMG_8704.jpg 1440w, https:\/\/mb2812.de\/wp-content\/uploads\/2020\/11\/IMG_8704-225x300.jpg 225w, https:\/\/mb2812.de\/wp-content\/uploads\/2020\/11\/IMG_8704-768x1024.jpg 768w, https:\/\/mb2812.de\/wp-content\/uploads\/2020\/11\/IMG_8704-1152x1536.jpg 1152w, https:\/\/mb2812.de\/wp-content\/uploads\/2020\/11\/IMG_8704-668x891.jpg 668w\" sizes=\"auto, (max-width: 1440px) 100vw, 1440px\" \/><\/a><figcaption class=\"wp-element-caption\">Nach der Pause machen Stephan und ich uns auf, die restlichen 6 Kilometer entlang der Mosel abzulaufen. Hier sehen wir die Marienburg von der anderen Seite.<\/figcaption><\/figure>\n\n\n\n<p>Tja, nach einer kurzen Erholungspause war der Abend dann die Wiederholung von Gestern. Ein gem\u00fctliches Beisammensein in der Probierstube, Essen war auch noch genug von Gestern \u00fcbrig.<\/p>\n\n\n\n<p>Am Sonntag machten wir uns dann nach Fr\u00fchst\u00fcck und Verabschiedung auf in die Heimat, nicht nach K\u00f6ln wie urspr\u00fcnglich geplant, sondern nach B\u00f6blingen f\u00fcr den Hauptteil des Urlaubs.<\/p>\n\n\n\n<figure class=\"wp-block-image aligncenter size-full is-resized\"><a href=\"http:\/\/reiseblog.mb2812.de\/wp-content\/uploads\/2020\/10\/IMG_3919-1245.jpg\" rel=\"noopener\"><img loading=\"lazy\" decoding=\"async\" width=\"1920\" height=\"1536\" src=\"https:\/\/mb2812.de\/wp-content\/uploads\/2020\/10\/IMG_3919-1245.jpg\" alt=\"\" class=\"wp-image-10469\" style=\"width:800px\" srcset=\"https:\/\/mb2812.de\/wp-content\/uploads\/2020\/10\/IMG_3919-1245.jpg 1920w, https:\/\/mb2812.de\/wp-content\/uploads\/2020\/10\/IMG_3919-1245-300x240.jpg 300w, https:\/\/mb2812.de\/wp-content\/uploads\/2020\/10\/IMG_3919-1245-1024x819.jpg 1024w, https:\/\/mb2812.de\/wp-content\/uploads\/2020\/10\/IMG_3919-1245-768x614.jpg 768w, https:\/\/mb2812.de\/wp-content\/uploads\/2020\/10\/IMG_3919-1245-1536x1229.jpg 1536w, https:\/\/mb2812.de\/wp-content\/uploads\/2020\/10\/IMG_3919-1245-668x534.jpg 668w\" sizes=\"auto, (max-width: 1920px) 100vw, 1920px\" \/><\/a><figcaption class=\"wp-element-caption\">Wir waren die Ersten am Fr\u00fchst\u00fcckstisch<\/figcaption><\/figure>\n\n\n\n<p>&nbsp;<\/p>\n","protected":false},"excerpt":{"rendered":"<p>Nahezu jedes Jahr machen wir im Herbst an einem Wochenende einen Ausflug mit Freunden an die Mosel. So auch dieses Jahr, am Samstag gab es eine Wanderung um den &#8222;Zeller Hamm&#8220; an.<\/p>\n","protected":false},"author":1,"featured_media":10369,"comment_status":"closed","ping_status":"closed","sticky":false,"template":"","format":"standard","meta":{"footnotes":""},"categories":[25],"tags":[239,39,80,241],"class_list":["post-10365","post","type-post","status-publish","format-standard","has-post-thumbnail","hentry","category-corona-2020","tag-239","tag-deutschland","tag-mosel","tag-rheinland-pfalz"],"_links":{"self":[{"href":"https:\/\/mb2812.de\/index.php?rest_route=\/wp\/v2\/posts\/10365","targetHints":{"allow":["GET"]}}],"collection":[{"href":"https:\/\/mb2812.de\/index.php?rest_route=\/wp\/v2\/posts"}],"about":[{"href":"https:\/\/mb2812.de\/index.php?rest_route=\/wp\/v2\/types\/post"}],"author":[{"embeddable":true,"href":"https:\/\/mb2812.de\/index.php?rest_route=\/wp\/v2\/users\/1"}],"replies":[{"embeddable":true,"href":"https:\/\/mb2812.de\/index.php?rest_route=%2Fwp%2Fv2%2Fcomments&post=10365"}],"version-history":[{"count":16,"href":"https:\/\/mb2812.de\/index.php?rest_route=\/wp\/v2\/posts\/10365\/revisions"}],"predecessor-version":[{"id":16642,"href":"https:\/\/mb2812.de\/index.php?rest_route=\/wp\/v2\/posts\/10365\/revisions\/16642"}],"wp:featuredmedia":[{"embeddable":true,"href":"https:\/\/mb2812.de\/index.php?rest_route=\/wp\/v2\/media\/10369"}],"wp:attachment":[{"href":"https:\/\/mb2812.de\/index.php?rest_route=%2Fwp%2Fv2%2Fmedia&parent=10365"}],"wp:term":[{"taxonomy":"category","embeddable":true,"href":"https:\/\/mb2812.de\/index.php?rest_route=%2Fwp%2Fv2%2Fcategories&post=10365"},{"taxonomy":"post_tag","embeddable":true,"href":"https:\/\/mb2812.de\/index.php?rest_route=%2Fwp%2Fv2%2Ftags&post=10365"}],"curies":[{"name":"wp","href":"https:\/\/api.w.org\/{rel}","templated":true}]}}